{"id":13127,"date":"2022-09-06T11:09:02","date_gmt":"2022-09-06T15:09:02","guid":{"rendered":"https:\/\/immigrantquebec.com\/fr\/?p=13127"},"modified":"2022-09-06T11:10:25","modified_gmt":"2022-09-06T15:10:25","slug":"passerelle-sectorielle-une-entrevue-gagnante","status":"publish","type":"post","link":"https:\/\/immigrantquebec.com\/fr\/conseils-d-experts\/passerelle-sectorielle-une-entrevue-gagnante\/","title":{"rendered":"Passerelle sectorielle\u00a0: une entrevue gagnante"},"content":{"rendered":"<p style=\"font-weight: 400;\"><em>Un repr\u00e9sentant d\u2019entreprise et une candidate en recherche d\u2019emploi reviennent sur leur rencontre dans le cadre du programme Passerelle sectorielle, propos\u00e9 par la Chambre de commerce du Montr\u00e9al m\u00e9tropolitain (CCMM).<\/em><\/p>\n<h3 style=\"font-weight: 400;\"><strong>Pouvez-vous nous d\u00e9crire votre parcours au Qu\u00e9bec\u2009?<\/strong><\/h3>\n<p style=\"font-weight: 400;\"><strong>Ana<\/strong>\u00a0: Originaire du Salvador, j\u2019ai quitt\u00e9 mon pays natal depuis longtemps. D\u2019abord pour le Mexique, puis la France, la Chine et enfin le Canada depuis quatre ans. Les premiers mois ont \u00e9t\u00e9 consacr\u00e9s \u00e0 l\u2019installation avec la famille, puis j\u2019ai commenc\u00e9 \u00e0 chercher un emploi en janvier 2020, trois mois avant la pand\u00e9mie. Connaissant peu de gens, il m\u2019\u00e9tait difficile de trouver des liens, mais une amie m\u2019a dit qu\u2019elle avait \u00e9t\u00e9 aid\u00e9e par la Chambre de commerce du Montr\u00e9al m\u00e9tropolitain [CCMM]. J\u2019ai donc pris contact avec eux et j\u2019ai rencontr\u00e9 des conseill\u00e8res du programme <em>Passerelle sectorielle.<\/em><\/p>\n<p style=\"font-weight: 400;\"><strong>R\u00e9my<\/strong>\u00a0: Je suis fran\u00e7ais, venu au Qu\u00e9bec en 2015 et de mani\u00e8re alternative jusqu\u2019\u00e0 2017 pour le Executive MBA \u00e0 l\u2019Universit\u00e9 McGill. Mon secteur d\u2019activit\u00e9 est le transport maritime, et j\u2019ai travaill\u00e9 en France, mais \u00e9galement au Danemark, au Nigeria et en C\u00f4te d\u2019Ivoire. Je me suis install\u00e9 \u00e0 Montr\u00e9al juste avant la naissance de mon fils puisque c\u2019est ici que j\u2019ai rencontr\u00e9 sa m\u00e8re. \u00c0 ce moment-l\u00e0, je n\u2019avais qu\u2019un visa \u00e9tudiant. En novembre 2018, j\u2019ai d\u00e9but\u00e9 le programme de jumelage professionnelle de la CCMM<em>,<\/em> d\u00e8s l\u2019obtention de mon visa de travail. Mon activit\u00e9 professionnelle est le commerce international, avec comme comp\u00e9tence principale la finance, ce qui n\u00e9cessitait une \u00e9quivalence avec le m\u00e9tier de comptable professionnel agr\u00e9\u00e9 (CPA). J\u2019ai envoy\u00e9 beaucoup de CV. Une seule entreprise (Hapag Lloyd) m\u2019a fait passer une entrevue et j\u2019ai \u00e9t\u00e9 pris chez eux dans un poste de management ne n\u00e9cessitant pas cette \u00e9quivalence.<\/p>\n<h3 style=\"font-weight: 400;\"><strong>Comment vous \u00eates-vous rencontr\u00e9s\u2009? <\/strong><\/h3>\n<p style=\"font-weight: 400;\"><strong>Ana<\/strong>\u00a0: Les conseill\u00e8res de Passerelle sectorielle m\u2019ont orient\u00e9e vers une activit\u00e9 de vente au d\u00e9tail. Ayant une exp\u00e9rience dans l\u2019administration, vente et business, travailler quelques mois en tant que vendeuse au poste qui m\u2019avait \u00e9t\u00e9 propos\u00e9 \u00e9tait id\u00e9al. Je pouvais me familiariser avec la culture d\u2019entreprise et glisser progressivement vers un poste qui correspondait davantage \u00e0 ce \u00e0 quoi j\u2019aspirais. Pourtant cela ne s\u2019est pas pass\u00e9 exactement comme pr\u00e9vu, puisque les offres d\u2019\u00e9volution n\u2019\u00e9taient pas satisfaisantes. J\u2019ai pr\u00e9f\u00e9r\u00e9 \u00eatre transparente avec ma conseill\u00e8re en l\u2019informant que je ne pouvais pas accepter la proposition sous cette forme. Elle l\u2019a tr\u00e8s bien compris et m\u2019a orient\u00e9e vers une activit\u00e9 de commerce international. J\u2019ai rencontr\u00e9 beaucoup de repr\u00e9sentants d\u2019entreprises, dont R\u00e9my, qui a un parcours d\u2019immigrant qui m\u2019a beaucoup plu. Nous sommes rest\u00e9s en contact, il a transf\u00e9r\u00e9 mon CV \u00e0 son entreprise et me voil\u00e0 aujourd\u2019hui y travaillant \u00e9galement.<\/p>\n<p style=\"font-weight: 400;\"><strong>R\u00e9my<\/strong>\u00a0: <span>Quant \u00e0 moi, j&rsquo;avais b\u00e9n\u00e9fici\u00e9 des services de la CCMM lorsque j&rsquo;\u00e9tais en recherche d&#8217;emploi. Je suis revenu par la suite pour partager mon exp\u00e9rience aupr\u00e8s d&rsquo;autres immigrants, et enfin pour mon entreprise dans le cadre du programme Passerelle sectorielle.<\/span><\/p>\n<h3 style=\"font-weight: 400;\"><strong>Comment se passent l\u2019accueil et l\u2019int\u00e9gration des personnes immigrants dans votre organisation\u2009?<\/strong><\/h3>\n<p style=\"font-weight: 400;\"><strong>Ana<\/strong>\u00a0: Sinc\u00e8rement je ne sais pas s\u2019il y a vraiment une diff\u00e9rence entre les nouveaux arrivants immigrants et les locaux. Apr\u00e8s mon arriv\u00e9e, deux nouvelles personnes ont \u00e9t\u00e9 embauch\u00e9es, un Fran\u00e7ais et un Canadien anglophone. Ils ont \u00e9t\u00e9 accueillis de fa\u00e7on identique. Personnellement, arriv\u00e9e en pleine pand\u00e9mie et m\u00eame si tout \u00e9tait virtuel, cela n\u2019a pas emp\u00each\u00e9 les rencontres. J\u2019ai eu droit \u00e0 un parcours dans chaque d\u00e9partement de l\u2019entreprise afin de rencontrer les personnes cl\u00e9s. Elles savaient que je ne venais pas du milieu de l\u2019industrie, mais ils ont r\u00e9pondu patiemment \u00e0 toutes mes questions et \u00e9taient contents de m\u2019accueillir. Il y a certainement des points \u00e0 am\u00e9liorer tels qu\u2019organiser des activit\u00e9s pour se familiariser avec la culture de l\u2019entreprise ou se conna\u00eetre les uns les autres. Ou peut-\u00eatre b\u00e9n\u00e9ficier d\u2019un peu plus d\u2019encadrement\u2009?<\/p>\n<p style=\"font-weight: 400;\"><strong>R\u00e9my<\/strong>\u00a0<span>: <\/span>En fait, ce qui est compliqu\u00e9 aujourd\u2019hui, c\u2019est l\u2019accueil post-pand\u00e9mie. Pour moi, l\u2019int\u00e9gration d\u2019Ana n\u2019a pas \u00e9t\u00e9 parfaite. Chez nous, on rencontre les VP des \u00e9quipes, on apprend ce que font les diff\u00e9rents services et comment ils sont interreli\u00e9s, on comprend leurs enjeux. Une agence comme la n\u00f4tre a comme vocation de servir le client, via les op\u00e9rations et le service qu\u2019on lui offre. On a un lien qui doit \u00eatre fort en interne et en externe pour pouvoir subvenir \u00e0 ses demandes et c\u2019est ce qui est compliqu\u00e9 avec la conjoncture.<\/p>\n<p style=\"font-weight: 400;\">Par contre, je ne pense pas qu\u2019il y ait de diff\u00e9rence au niveau de l\u2019accueil des immigrants versus les autres. De plus, l\u2019entreprise offre un support pendant un mois pour accompagner l\u2019installation.<\/p>\n<h3 style=\"font-weight: 400;\"><strong>Pour finir, quels conseils donneriez-vous \u00e0 un nouvel arrivant, particuli\u00e8rement au sujet de l\u2019int\u00e9gration professionnelle\u2009?<\/strong><\/h3>\n<p style=\"font-weight: 400;\"><strong>R\u00e9my<\/strong>\u00a0<span>: <\/span>Il faut se mettre dans un mode quasiment de chasse et ne pas craindre de mettre en avant son exp\u00e9rience pr\u00e9c\u00e9dente qui pourrait \u00eatre transposable ailleurs.<\/p>\n<p style=\"font-weight: 400;\">J\u2019ai ainsi conseill\u00e9 une dame de 50\u00a0ans, qui se trouvait trop \u00e2g\u00e9e pour \u00eatre embauch\u00e9e, de souligner qu\u2019elle est une personne de la g\u00e9n\u00e9ration fid\u00e8le \u00e0 son poste\u00a0: \u00ab\u2009Je vais rester avec vous jusqu\u2019au bout\u2009\u00bb.<\/p>\n<p style=\"font-weight: 400;\">S\u2019il faut mettre ses comp\u00e9tences en avant, il faut aussi prendre un pas de recul par rapport \u00e0 son exp\u00e9rience pr\u00e9c\u00e9dente afin de cr\u00e9er de la cr\u00e9dibilit\u00e9. On peut se r\u00e9aliser et \u00e9voluer rapidement ici. Il faut se demander ce que l\u2019on peut apporter \u00e0 l\u2019entreprise et inversement. Les deux ou trois premi\u00e8res ann\u00e9es peuvent \u00eatre difficiles, mais une fois qu\u2019on a pass\u00e9 la barri\u00e8re de la s\u00e9lection on est capable en tant qu\u2019immigrants d\u2019apporter une richesse par rapport au march\u00e9 du Qu\u00e9bec et d\u2019y trouver sa place.<\/p>\n<p style=\"font-weight: 400;\"><strong>Ana<\/strong>\u00a0: Je suis compl\u00e8tement d\u2019accord avec R\u00e9my, et ajouterais que trouver un travail est un travail en soi. Les choses ne tombent pas d\u2019elles-m\u00eames. Pensez \u00e0 actualiser votre profil LinkedIn, n\u2019h\u00e9sitez pas \u00e0 solliciter votre entourage. Sachez qu\u2019au Canada les m\u00e9thodes et la mentalit\u00e9 sont diff\u00e9rentes. Ici, les organismes guident et motivent les nouveaux arrivants. Il ne faut pas avoir honte de faire appel \u00e0 eux, y compris si vous avez des postes de direction. D\u2019autant que parfois, on a une id\u00e9e de ce que l\u2019on veut faire, et la porte ne s\u2019ouvre pas forc\u00e9ment o\u00f9 on veut. On peut alors changer de m\u00e9tier sans jugement et se r\u00e9inventer. Les gens sont pr\u00eats \u00e0 investir en vous. C\u2019est un autre pays, une autre fa\u00e7on de voir les choses\u2026<\/p>\n<p style=\"font-weight: 400;\"><em><strong>A propos de Passerelle sectorielle<\/strong><\/em><\/p>\n<p style=\"font-weight: 400;\"><em>Le programme Passerelle sectorielle, organis\u00e9 par la Chambre de commerce du Montr\u00e9al m\u00e9tropolitain avec la participation financi\u00e8re du gouvernement du Qu\u00e9bec, est une solution virtuelle et gratuite de jumelage professionnel entre les talents issus de groupes sous-repr\u00e9sent\u00e9s sur le march\u00e9 du travail<\/em><em><span>* <\/span><\/em><em>et les entreprises de Montr\u00e9al. Le programme s\u2019adresse aux r\u00e9sidents du territoire de l\u2019\u00eele de Montr\u00e9al, citoyens canadiens n\u00e9s \u00e0 l\u2019\u00e9tranger, r\u00e9sidents permanents, travailleurs \u00e9trangers temporaires ou ayant le statut de personnes prot\u00e9g\u00e9es, tels les r\u00e9fugi\u00e9s<\/em><em>.<\/em><\/p>\n<p style=\"font-weight: 400;\"><em><span>*<\/span><\/em><em>Professionnels sous-repr\u00e9sent\u00e9s sur le march\u00e9 du travail en raison de leur \u00e2ge, de leur appartenance \u00e0 un groupe racis\u00e9 ou \u00e0 un peuple autochtone, d\u2019une situation de handicap, de leur diversit\u00e9 de genre ou de leur orientation sexuelle<\/em>.<\/p>\n<p style=\"font-weight: 400;\"><span><a href=\"https:\/\/www.ccmm.ca\/fr\/services-acclr\/passerelle-sectorielle\/\" target=\"_blank\" rel=\"noopener\">D\u00e9couvrez le programme<\/a><\/span><\/p>\n","protected":false},"excerpt":{"rendered":"<p>Un repr\u00e9sentant d\u2019entreprise et une candidate en recherche d\u2019emploi reviennent sur leur rencontre dans le cadre de Passerelle sectorielle.<\/p>\n","protected":false},"author":3552,"featured_media":13128,"comment_status":"closed","ping_status":"closed","sticky":false,"template":"","format":"standard","meta":{"_acf_changed":false,"_genesis_hide_title":false,"_genesis_hide_breadcrumbs":false,"_genesis_hide_singular_image":false,"_genesis_hide_footer_widgets":false,"_genesis_custom_body_class":"","_genesis_custom_post_class":"","_genesis_layout":"","footnotes":""},"categories":[103],"tags":[],"class_list":{"0":"post-13127","1":"post","2":"type-post","3":"status-publish","4":"format-standard","5":"has-post-thumbnail","7":"category-conseils-d-experts","8":"entry"},"acf":[],"yoast_head":"<!-- This site is optimized with the Yoast SEO plugin v27.5 - https:\/\/yoast.com\/product\/yoast-seo-wordpress\/ -->\n<title>Passerelle sectorielle\u00a0: une entrevue gagnante - Immigrant Qu\u00e9bec<\/title>\n<meta name=\"description\" content=\"Un repr\u00e9sentant d\u2019entreprise et une candidate en recherche d\u2019emploi reviennent sur leur rencontre dans le cadre de Passerelle sectorielle.\" \/>\n<meta name=\"robots\" content=\"index, follow, max-snippet:-1, max-image-preview:large, max-video-preview:-1\" \/>\n<link rel=\"canonical\" href=\"https:\/\/immigrantquebec.com\/fr\/conseils-d-experts\/passerelle-sectorielle-une-entrevue-gagnante\/\" \/>\n<meta property=\"og:locale\" content=\"fr_FR\" \/>\n<meta property=\"og:type\" content=\"article\" \/>\n<meta property=\"og:title\" content=\"Passerelle sectorielle\u00a0: une entrevue gagnante - Immigrant Qu\u00e9bec\" \/>\n<meta property=\"og:description\" content=\"Un repr\u00e9sentant d\u2019entreprise et une candidate en recherche d\u2019emploi reviennent sur leur rencontre dans le cadre de Passerelle sectorielle.\" \/>\n<meta property=\"og:url\" content=\"https:\/\/immigrantquebec.com\/fr\/conseils-d-experts\/passerelle-sectorielle-une-entrevue-gagnante\/\" \/>\n<meta property=\"og:site_name\" content=\"Immigrant Qu\u00e9bec\" \/>\n<meta property=\"article:publisher\" content=\"https:\/\/www.facebook.com\/immigrantquebec\" \/>\n<meta property=\"article:published_time\" content=\"2022-09-06T15:09:02+00:00\" \/>\n<meta property=\"article:modified_time\" content=\"2022-09-06T15:10:25+00:00\" \/>\n<meta property=\"og:image\" content=\"https:\/\/immigrantquebec.com\/fr\/wp-content\/uploads\/2022\/09\/PS-Visuel-Articleblogue2-ImmQc-950x400-1.jpg\" \/>\n\t<meta property=\"og:image:width\" content=\"950\" \/>\n\t<meta property=\"og:image:height\" content=\"400\" \/>\n\t<meta property=\"og:image:type\" content=\"image\/jpeg\" \/>\n<meta name=\"author\" content=\"Chambre de commerce du Montr\u00e9al m\u00e9tropolitain\" \/>\n<meta name=\"twitter:label1\" content=\"\u00c9crit par\" \/>\n\t<meta name=\"twitter:data1\" content=\"Chambre de commerce du Montr\u00e9al m\u00e9tropolitain\" \/>\n\t<meta name=\"twitter:label2\" content=\"Dur\u00e9e de lecture estim\u00e9e\" \/>\n\t<meta name=\"twitter:data2\" content=\"6 minutes\" \/>\n<script type=\"application\/ld+json\" class=\"yoast-schema-graph\">{\"@context\":\"https:\\\/\\\/schema.org\",\"@graph\":[{\"@type\":\"Article\",\"@id\":\"https:\\\/\\\/immigrantquebec.com\\\/fr\\\/conseils-d-experts\\\/passerelle-sectorielle-une-entrevue-gagnante\\\/#article\",\"isPartOf\":{\"@id\":\"https:\\\/\\\/immigrantquebec.com\\\/fr\\\/conseils-d-experts\\\/passerelle-sectorielle-une-entrevue-gagnante\\\/\"},\"author\":{\"name\":\"Chambre de commerce du Montr\u00e9al m\u00e9tropolitain\",\"@id\":\"https:\\\/\\\/immigrantquebec.com\\\/fr\\\/#\\\/schema\\\/person\\\/ad49bd40e6f2d9d1781f0845421cb47d\"},\"headline\":\"Passerelle sectorielle\u00a0: une entrevue gagnante\",\"datePublished\":\"2022-09-06T15:09:02+00:00\",\"dateModified\":\"2022-09-06T15:10:25+00:00\",\"mainEntityOfPage\":{\"@id\":\"https:\\\/\\\/immigrantquebec.com\\\/fr\\\/conseils-d-experts\\\/passerelle-sectorielle-une-entrevue-gagnante\\\/\"},\"wordCount\":1361,\"publisher\":{\"@id\":\"https:\\\/\\\/immigrantquebec.com\\\/fr\\\/#organization\"},\"image\":{\"@id\":\"https:\\\/\\\/immigrantquebec.com\\\/fr\\\/conseils-d-experts\\\/passerelle-sectorielle-une-entrevue-gagnante\\\/#primaryimage\"},\"thumbnailUrl\":\"https:\\\/\\\/immigrantquebec.com\\\/fr\\\/wp-content\\\/uploads\\\/2022\\\/09\\\/PS-Visuel-Articleblogue2-ImmQc-950x400-1.jpg\",\"articleSection\":[\"Conseils d'experts\"],\"inLanguage\":\"fr-FR\"},{\"@type\":\"WebPage\",\"@id\":\"https:\\\/\\\/immigrantquebec.com\\\/fr\\\/conseils-d-experts\\\/passerelle-sectorielle-une-entrevue-gagnante\\\/\",\"url\":\"https:\\\/\\\/immigrantquebec.com\\\/fr\\\/conseils-d-experts\\\/passerelle-sectorielle-une-entrevue-gagnante\\\/\",\"name\":\"Passerelle sectorielle\u00a0: une entrevue gagnante - Immigrant Qu\u00e9bec\",\"isPartOf\":{\"@id\":\"https:\\\/\\\/immigrantquebec.com\\\/fr\\\/#website\"},\"primaryImageOfPage\":{\"@id\":\"https:\\\/\\\/immigrantquebec.com\\\/fr\\\/conseils-d-experts\\\/passerelle-sectorielle-une-entrevue-gagnante\\\/#primaryimage\"},\"image\":{\"@id\":\"https:\\\/\\\/immigrantquebec.com\\\/fr\\\/conseils-d-experts\\\/passerelle-sectorielle-une-entrevue-gagnante\\\/#primaryimage\"},\"thumbnailUrl\":\"https:\\\/\\\/immigrantquebec.com\\\/fr\\\/wp-content\\\/uploads\\\/2022\\\/09\\\/PS-Visuel-Articleblogue2-ImmQc-950x400-1.jpg\",\"datePublished\":\"2022-09-06T15:09:02+00:00\",\"dateModified\":\"2022-09-06T15:10:25+00:00\",\"description\":\"Un repr\u00e9sentant d\u2019entreprise et une candidate en recherche d\u2019emploi reviennent sur leur rencontre dans le cadre de Passerelle sectorielle.\",\"breadcrumb\":{\"@id\":\"https:\\\/\\\/immigrantquebec.com\\\/fr\\\/conseils-d-experts\\\/passerelle-sectorielle-une-entrevue-gagnante\\\/#breadcrumb\"},\"inLanguage\":\"fr-FR\",\"potentialAction\":[{\"@type\":\"ReadAction\",\"target\":[\"https:\\\/\\\/immigrantquebec.com\\\/fr\\\/conseils-d-experts\\\/passerelle-sectorielle-une-entrevue-gagnante\\\/\"]}]},{\"@type\":\"ImageObject\",\"inLanguage\":\"fr-FR\",\"@id\":\"https:\\\/\\\/immigrantquebec.com\\\/fr\\\/conseils-d-experts\\\/passerelle-sectorielle-une-entrevue-gagnante\\\/#primaryimage\",\"url\":\"https:\\\/\\\/immigrantquebec.com\\\/fr\\\/wp-content\\\/uploads\\\/2022\\\/09\\\/PS-Visuel-Articleblogue2-ImmQc-950x400-1.jpg\",\"contentUrl\":\"https:\\\/\\\/immigrantquebec.com\\\/fr\\\/wp-content\\\/uploads\\\/2022\\\/09\\\/PS-Visuel-Articleblogue2-ImmQc-950x400-1.jpg\",\"width\":950,\"height\":400},{\"@type\":\"BreadcrumbList\",\"@id\":\"https:\\\/\\\/immigrantquebec.com\\\/fr\\\/conseils-d-experts\\\/passerelle-sectorielle-une-entrevue-gagnante\\\/#breadcrumb\",\"itemListElement\":[{\"@type\":\"ListItem\",\"position\":1,\"name\":\"Accueil\",\"item\":\"https:\\\/\\\/immigrantquebec.com\\\/fr\\\/\"},{\"@type\":\"ListItem\",\"position\":2,\"name\":\"Conseils d'experts\",\"item\":\"https:\\\/\\\/immigrantquebec.com\\\/fr\\\/conseils-d-experts\\\/\"},{\"@type\":\"ListItem\",\"position\":3,\"name\":\"Passerelle sectorielle\u00a0: une entrevue gagnante\"}]},{\"@type\":\"WebSite\",\"@id\":\"https:\\\/\\\/immigrantquebec.com\\\/fr\\\/#website\",\"url\":\"https:\\\/\\\/immigrantquebec.com\\\/fr\\\/\",\"name\":\"Immigrant Qu\u00e9bec\",\"description\":\"Immigrer, vivre, travailler et \u00e9tudier au Qu\u00e9bec, Canada\",\"publisher\":{\"@id\":\"https:\\\/\\\/immigrantquebec.com\\\/fr\\\/#organization\"},\"potentialAction\":[{\"@type\":\"SearchAction\",\"target\":{\"@type\":\"EntryPoint\",\"urlTemplate\":\"https:\\\/\\\/immigrantquebec.com\\\/fr\\\/?s={search_term_string}\"},\"query-input\":{\"@type\":\"PropertyValueSpecification\",\"valueRequired\":true,\"valueName\":\"search_term_string\"}}],\"inLanguage\":\"fr-FR\"},{\"@type\":\"Organization\",\"@id\":\"https:\\\/\\\/immigrantquebec.com\\\/fr\\\/#organization\",\"name\":\"Immigrant Qu\u00e9bec\",\"url\":\"https:\\\/\\\/immigrantquebec.com\\\/fr\\\/\",\"logo\":{\"@type\":\"ImageObject\",\"inLanguage\":\"fr-FR\",\"@id\":\"https:\\\/\\\/immigrantquebec.com\\\/fr\\\/#\\\/schema\\\/logo\\\/image\\\/\",\"url\":\"https:\\\/\\\/immigrantquebec.com\\\/fr\\\/wp-content\\\/uploads\\\/2024\\\/03\\\/LogoIQ-2024-RVB.png\",\"contentUrl\":\"https:\\\/\\\/immigrantquebec.com\\\/fr\\\/wp-content\\\/uploads\\\/2024\\\/03\\\/LogoIQ-2024-RVB.png\",\"width\":2500,\"height\":1137,\"caption\":\"Immigrant Qu\u00e9bec\"},\"image\":{\"@id\":\"https:\\\/\\\/immigrantquebec.com\\\/fr\\\/#\\\/schema\\\/logo\\\/image\\\/\"},\"sameAs\":[\"https:\\\/\\\/www.facebook.com\\\/immigrantquebec\",\"https:\\\/\\\/x.com\\\/ImmigrantQuebec\",\"https:\\\/\\\/www.instagram.com\\\/immigrantquebec\",\"https:\\\/\\\/www.youtube.com\\\/user\\\/ImmigrantQc\"]},{\"@type\":\"Person\",\"@id\":\"https:\\\/\\\/immigrantquebec.com\\\/fr\\\/#\\\/schema\\\/person\\\/ad49bd40e6f2d9d1781f0845421cb47d\",\"name\":\"Chambre de commerce du Montr\u00e9al m\u00e9tropolitain\",\"image\":{\"@type\":\"ImageObject\",\"inLanguage\":\"fr-FR\",\"@id\":\"https:\\\/\\\/immigrantquebec.com\\\/fr\\\/wp-content\\\/uploads\\\/2022\\\/05\\\/logo-ccmm-96x96.png\",\"url\":\"https:\\\/\\\/immigrantquebec.com\\\/fr\\\/wp-content\\\/uploads\\\/2022\\\/05\\\/logo-ccmm-96x96.png\",\"contentUrl\":\"https:\\\/\\\/immigrantquebec.com\\\/fr\\\/wp-content\\\/uploads\\\/2022\\\/05\\\/logo-ccmm-96x96.png\",\"caption\":\"Chambre de commerce du Montr\u00e9al m\u00e9tropolitain\"},\"description\":\"La Chambre de commerce du Montr\u00e9al m\u00e9tropolitain compte\u00a08000\u00a0membres. Sa mission est de repr\u00e9senter les int\u00e9r\u00eats du milieu des affaires de la r\u00e9gion de Montr\u00e9al et d\u2019offrir une gamme int\u00e9gr\u00e9e de services aux entreprises.\",\"sameAs\":[\"https:\\\/\\\/immigrantquebec.com\\\/fr\\\/identifier\\\/chambre-de-commerce-du-montreal-metropolitain-2\\\/\"],\"url\":\"https:\\\/\\\/immigrantquebec.com\\\/fr\\\/author\\\/ccmm\\\/\"}]}<\/script>\n<!-- \/ Yoast SEO plugin. -->","yoast_head_json":{"title":"Passerelle sectorielle\u00a0: une entrevue gagnante - Immigrant Qu\u00e9bec","description":"Un repr\u00e9sentant d\u2019entreprise et une candidate en recherche d\u2019emploi reviennent sur leur rencontre dans le cadre de Passerelle sectorielle.","robots":{"index":"index","follow":"follow","max-snippet":"max-snippet:-1","max-image-preview":"max-image-preview:large","max-video-preview":"max-video-preview:-1"},"canonical":"https:\/\/immigrantquebec.com\/fr\/conseils-d-experts\/passerelle-sectorielle-une-entrevue-gagnante\/","og_locale":"fr_FR","og_type":"article","og_title":"Passerelle sectorielle\u00a0: une entrevue gagnante - Immigrant Qu\u00e9bec","og_description":"Un repr\u00e9sentant d\u2019entreprise et une candidate en recherche d\u2019emploi reviennent sur leur rencontre dans le cadre de Passerelle sectorielle.","og_url":"https:\/\/immigrantquebec.com\/fr\/conseils-d-experts\/passerelle-sectorielle-une-entrevue-gagnante\/","og_site_name":"Immigrant Qu\u00e9bec","article_publisher":"https:\/\/www.facebook.com\/immigrantquebec","article_published_time":"2022-09-06T15:09:02+00:00","article_modified_time":"2022-09-06T15:10:25+00:00","og_image":[{"width":950,"height":400,"url":"https:\/\/immigrantquebec.com\/fr\/wp-content\/uploads\/2022\/09\/PS-Visuel-Articleblogue2-ImmQc-950x400-1.jpg","type":"image\/jpeg"}],"author":"Chambre de commerce du Montr\u00e9al m\u00e9tropolitain","twitter_misc":{"\u00c9crit par":"Chambre de commerce du Montr\u00e9al m\u00e9tropolitain","Dur\u00e9e de lecture estim\u00e9e":"6 minutes"},"schema":{"@context":"https:\/\/schema.org","@graph":[{"@type":"Article","@id":"https:\/\/immigrantquebec.com\/fr\/conseils-d-experts\/passerelle-sectorielle-une-entrevue-gagnante\/#article","isPartOf":{"@id":"https:\/\/immigrantquebec.com\/fr\/conseils-d-experts\/passerelle-sectorielle-une-entrevue-gagnante\/"},"author":{"name":"Chambre de commerce du Montr\u00e9al m\u00e9tropolitain","@id":"https:\/\/immigrantquebec.com\/fr\/#\/schema\/person\/ad49bd40e6f2d9d1781f0845421cb47d"},"headline":"Passerelle sectorielle\u00a0: une entrevue gagnante","datePublished":"2022-09-06T15:09:02+00:00","dateModified":"2022-09-06T15:10:25+00:00","mainEntityOfPage":{"@id":"https:\/\/immigrantquebec.com\/fr\/conseils-d-experts\/passerelle-sectorielle-une-entrevue-gagnante\/"},"wordCount":1361,"publisher":{"@id":"https:\/\/immigrantquebec.com\/fr\/#organization"},"image":{"@id":"https:\/\/immigrantquebec.com\/fr\/conseils-d-experts\/passerelle-sectorielle-une-entrevue-gagnante\/#primaryimage"},"thumbnailUrl":"https:\/\/immigrantquebec.com\/fr\/wp-content\/uploads\/2022\/09\/PS-Visuel-Articleblogue2-ImmQc-950x400-1.jpg","articleSection":["Conseils d'experts"],"inLanguage":"fr-FR"},{"@type":"WebPage","@id":"https:\/\/immigrantquebec.com\/fr\/conseils-d-experts\/passerelle-sectorielle-une-entrevue-gagnante\/","url":"https:\/\/immigrantquebec.com\/fr\/conseils-d-experts\/passerelle-sectorielle-une-entrevue-gagnante\/","name":"Passerelle sectorielle\u00a0: une entrevue gagnante - Immigrant Qu\u00e9bec","isPartOf":{"@id":"https:\/\/immigrantquebec.com\/fr\/#website"},"primaryImageOfPage":{"@id":"https:\/\/immigrantquebec.com\/fr\/conseils-d-experts\/passerelle-sectorielle-une-entrevue-gagnante\/#primaryimage"},"image":{"@id":"https:\/\/immigrantquebec.com\/fr\/conseils-d-experts\/passerelle-sectorielle-une-entrevue-gagnante\/#primaryimage"},"thumbnailUrl":"https:\/\/immigrantquebec.com\/fr\/wp-content\/uploads\/2022\/09\/PS-Visuel-Articleblogue2-ImmQc-950x400-1.jpg","datePublished":"2022-09-06T15:09:02+00:00","dateModified":"2022-09-06T15:10:25+00:00","description":"Un repr\u00e9sentant d\u2019entreprise et une candidate en recherche d\u2019emploi reviennent sur leur rencontre dans le cadre de Passerelle sectorielle.","breadcrumb":{"@id":"https:\/\/immigrantquebec.com\/fr\/conseils-d-experts\/passerelle-sectorielle-une-entrevue-gagnante\/#breadcrumb"},"inLanguage":"fr-FR","potentialAction":[{"@type":"ReadAction","target":["https:\/\/immigrantquebec.com\/fr\/conseils-d-experts\/passerelle-sectorielle-une-entrevue-gagnante\/"]}]},{"@type":"ImageObject","inLanguage":"fr-FR","@id":"https:\/\/immigrantquebec.com\/fr\/conseils-d-experts\/passerelle-sectorielle-une-entrevue-gagnante\/#primaryimage","url":"https:\/\/immigrantquebec.com\/fr\/wp-content\/uploads\/2022\/09\/PS-Visuel-Articleblogue2-ImmQc-950x400-1.jpg","contentUrl":"https:\/\/immigrantquebec.com\/fr\/wp-content\/uploads\/2022\/09\/PS-Visuel-Articleblogue2-ImmQc-950x400-1.jpg","width":950,"height":400},{"@type":"BreadcrumbList","@id":"https:\/\/immigrantquebec.com\/fr\/conseils-d-experts\/passerelle-sectorielle-une-entrevue-gagnante\/#breadcrumb","itemListElement":[{"@type":"ListItem","position":1,"name":"Accueil","item":"https:\/\/immigrantquebec.com\/fr\/"},{"@type":"ListItem","position":2,"name":"Conseils d'experts","item":"https:\/\/immigrantquebec.com\/fr\/conseils-d-experts\/"},{"@type":"ListItem","position":3,"name":"Passerelle sectorielle\u00a0: une entrevue gagnante"}]},{"@type":"WebSite","@id":"https:\/\/immigrantquebec.com\/fr\/#website","url":"https:\/\/immigrantquebec.com\/fr\/","name":"Immigrant Qu\u00e9bec","description":"Immigrer, vivre, travailler et \u00e9tudier au Qu\u00e9bec, Canada","publisher":{"@id":"https:\/\/immigrantquebec.com\/fr\/#organization"},"potentialAction":[{"@type":"SearchAction","target":{"@type":"EntryPoint","urlTemplate":"https:\/\/immigrantquebec.com\/fr\/?s={search_term_string}"},"query-input":{"@type":"PropertyValueSpecification","valueRequired":true,"valueName":"search_term_string"}}],"inLanguage":"fr-FR"},{"@type":"Organization","@id":"https:\/\/immigrantquebec.com\/fr\/#organization","name":"Immigrant Qu\u00e9bec","url":"https:\/\/immigrantquebec.com\/fr\/","logo":{"@type":"ImageObject","inLanguage":"fr-FR","@id":"https:\/\/immigrantquebec.com\/fr\/#\/schema\/logo\/image\/","url":"https:\/\/immigrantquebec.com\/fr\/wp-content\/uploads\/2024\/03\/LogoIQ-2024-RVB.png","contentUrl":"https:\/\/immigrantquebec.com\/fr\/wp-content\/uploads\/2024\/03\/LogoIQ-2024-RVB.png","width":2500,"height":1137,"caption":"Immigrant Qu\u00e9bec"},"image":{"@id":"https:\/\/immigrantquebec.com\/fr\/#\/schema\/logo\/image\/"},"sameAs":["https:\/\/www.facebook.com\/immigrantquebec","https:\/\/x.com\/ImmigrantQuebec","https:\/\/www.instagram.com\/immigrantquebec","https:\/\/www.youtube.com\/user\/ImmigrantQc"]},{"@type":"Person","@id":"https:\/\/immigrantquebec.com\/fr\/#\/schema\/person\/ad49bd40e6f2d9d1781f0845421cb47d","name":"Chambre de commerce du Montr\u00e9al m\u00e9tropolitain","image":{"@type":"ImageObject","inLanguage":"fr-FR","@id":"https:\/\/immigrantquebec.com\/fr\/wp-content\/uploads\/2022\/05\/logo-ccmm-96x96.png","url":"https:\/\/immigrantquebec.com\/fr\/wp-content\/uploads\/2022\/05\/logo-ccmm-96x96.png","contentUrl":"https:\/\/immigrantquebec.com\/fr\/wp-content\/uploads\/2022\/05\/logo-ccmm-96x96.png","caption":"Chambre de commerce du Montr\u00e9al m\u00e9tropolitain"},"description":"La Chambre de commerce du Montr\u00e9al m\u00e9tropolitain compte\u00a08000\u00a0membres. Sa mission est de repr\u00e9senter les int\u00e9r\u00eats du milieu des affaires de la r\u00e9gion de Montr\u00e9al et d\u2019offrir une gamme int\u00e9gr\u00e9e de services aux entreprises.","sameAs":["https:\/\/immigrantquebec.com\/fr\/identifier\/chambre-de-commerce-du-montreal-metropolitain-2\/"],"url":"https:\/\/immigrantquebec.com\/fr\/author\/ccmm\/"}]}},"_links":{"self":[{"href":"https:\/\/immigrantquebec.com\/fr\/wp-json\/wp\/v2\/posts\/13127","targetHints":{"allow":["GET"]}}],"collection":[{"href":"https:\/\/immigrantquebec.com\/fr\/wp-json\/wp\/v2\/posts"}],"about":[{"href":"https:\/\/immigrantquebec.com\/fr\/wp-json\/wp\/v2\/types\/post"}],"author":[{"embeddable":true,"href":"https:\/\/immigrantquebec.com\/fr\/wp-json\/wp\/v2\/users\/3552"}],"replies":[{"embeddable":true,"href":"https:\/\/immigrantquebec.com\/fr\/wp-json\/wp\/v2\/comments?post=13127"}],"version-history":[{"count":0,"href":"https:\/\/immigrantquebec.com\/fr\/wp-json\/wp\/v2\/posts\/13127\/revisions"}],"wp:featuredmedia":[{"embeddable":true,"href":"https:\/\/immigrantquebec.com\/fr\/wp-json\/wp\/v2\/media\/13128"}],"wp:attachment":[{"href":"https:\/\/immigrantquebec.com\/fr\/wp-json\/wp\/v2\/media?parent=13127"}],"wp:term":[{"taxonomy":"category","embeddable":true,"href":"https:\/\/immigrantquebec.com\/fr\/wp-json\/wp\/v2\/categories?post=13127"},{"taxonomy":"post_tag","embeddable":true,"href":"https:\/\/immigrantquebec.com\/fr\/wp-json\/wp\/v2\/tags?post=13127"}],"curies":[{"name":"wp","href":"https:\/\/api.w.org\/{rel}","templated":true}]}}