{"id":13660,"date":"2023-02-21T11:55:36","date_gmt":"2023-02-21T15:55:36","guid":{"rendered":"https:\/\/immigrantquebec.com\/fr\/?p=13660"},"modified":"2023-02-24T11:23:04","modified_gmt":"2023-02-24T15:23:04","slug":"semaine-de-relache-nos-conseils-pour-en-profiter-en-famille","status":"publish","type":"post","link":"https:\/\/immigrantquebec.com\/fr\/conseils-d-experts\/semaine-de-relache-nos-conseils-pour-en-profiter-en-famille\/","title":{"rendered":"Semaine de rel\u00e2che : nos conseils pour en profiter en famille\u2009!"},"content":{"rendered":"<p style=\"font-weight: 400;\"><em>\u00c9quivalent du Spring Break am\u00e9ricain et des vacances de P\u00e2ques en France, la semaine de rel\u00e2che qu\u00e9b\u00e9coise est une occasion en or de cumuler de pr\u00e9cieux moments en famille ou de d\u00e9couvrir la province dans ses habits d\u2019hiver. Pour plusieurs nouveaux arrivants, planifier des activit\u00e9s dans un environnement encore m\u00e9connu peut repr\u00e9senter un d\u00e9fi. La bonne nouvelle, c\u2019est qu\u2019il y a l\u2019embarras du choix\u2009!<\/em><\/p>\n<p style=\"font-weight: 400;\"><a href=\"https:\/\/ici.radio-canada.ca\/ohdio\/premiere\/emissions\/Ecoutez-l-estrie\/segments\/chronique\/107708\/la-relache-scolaire-ses-origines-michel-harnois-societe-histoire-sherbrooke\" target=\"_blank\" rel=\"noopener\">Instaur\u00e9e \u00e0 la fin des ann\u00e9es\u00a070<\/a>, la semaine de rel\u00e2che est une tradition qu\u00e9b\u00e9coise visant \u00e0 offrir aux \u00e9l\u00e8ves et aux enseignants une tr\u00eave d\u2019\u00e9cole. Les jeunes Qu\u00e9b\u00e9cois b\u00e9n\u00e9ficient d\u2019un nombre limit\u00e9 de jours de vacances\u00a0: deux semaines \u00e0 No\u00ebl, une semaine pendant la rel\u00e2che et deux mois en \u00e9t\u00e9 environ. Cela donne une r\u00e9elle importance \u00e0 ce cong\u00e9, salutaire au milieu de l\u2019hiver.<\/p>\n<p style=\"font-weight: 400;\">H\u00e9las, tous les parents n\u2019ont pas la possibilit\u00e9 de poser des cong\u00e9s pendant la rel\u00e2che, ce qui peut devenir un casse-t\u00eate organisationnel pour occuper les enfants. Deux options s\u2019offrent g\u00e9n\u00e9ralement \u00e0 eux\u00a0:<\/p>\n<ul>\n<li>Premi\u00e8re option\u00a0: offrir aux enfants un service de garde, ou les inscrire \u00e0 des activit\u00e9s encadr\u00e9es en journ\u00e9e\u2009;<\/li>\n<li>Deuxi\u00e8me option\u00a0: les garder et de les occuper soi-m\u00eame, lorsqu\u2019on n\u2019est pas parvenu \u00e0 une solution dans la premi\u00e8re option, o\u00f9 les prix ne sont pas \u00e0 la port\u00e9e de tous et o\u00f9 la concurrence est f\u00e9roce.<\/li>\n<\/ul>\n<p style=\"font-weight: 400;\">Certaines familles dont les enfants sont au primaire ou au secondaire en profitent d\u2019ailleurs pour reporter \u00e0 la rel\u00e2che leurs cong\u00e9s des f\u00eates de fin d\u2019ann\u00e9e et se rendre disponibles \u00e0 leur prog\u00e9niture \u2014 quitte \u00e0 en profiter pour planifier des vacances au soleil.<\/p>\n<p style=\"font-weight: 400;\">En clair, une semaine de rel\u00e2che, \u00e7a se pr\u00e9pare\u2009!<\/p>\n<p style=\"font-weight: 400;\">Les dates de ce cong\u00e9 peuvent varier selon les \u00e9tablissements scolaires, mais elles sont g\u00e9n\u00e9ralement concentr\u00e9es autour de la fin du mois de f\u00e9vrier et de la premi\u00e8re semaine de mars.<\/p>\n<p style=\"font-weight: 400;\">Aux personnes de \u00ab\u2009l\u2019option\u00a02\u2009\u00bb qui n\u2019ont pas pr\u00e9vu de partir au Mexique, voici quelques suggestions d\u2019activit\u00e9s familiales pour maximiser les plaisirs\u2009!<\/p>\n<p style=\"font-weight: 400;\"><strong>Plein air et activit\u00e9s sportives<\/strong><\/p>\n<p style=\"font-weight: 400;\">Plusieurs familles qu\u00e9b\u00e9coises le diront\u00a0: il n\u2019y a rien de mieux que de pratiquer des activit\u00e9s ext\u00e9rieures pour profiter pleinement de ce cong\u00e9 hivernal\u2009!<\/p>\n<p style=\"font-weight: 400;\"><strong>Patin sur glace<\/strong>. Que ce soit en plein c\u0153ur de la ville, dans une petite municipalit\u00e9 ou sur un parcours am\u00e9nag\u00e9 en for\u00eat, il est possible d\u2019enfiler ses patins presque partout, et dans certains cas, gratuitement. Pensons aux patinoires du <a href=\"https:\/\/www.patinoireduvieuxport.com\/?utm_source=%5Badw%5D&amp;utm_medium=conv_sales&amp;utm_campaign=RM_H2022-2023_SVPM-0013_VIEUX-PORT_%5Badw%5D_%5BCA%5D_ALL_N%2FA_FR_conv_sales_sea-gen_c772_i123_branding_Patinoire&amp;utm_content=sea-gen&amp;utm_term=Patinoire&amp;gclid=CjwKCAiA85efBhBbEiwAD7oLQLjz7-Dy8WG7GHw6m-wvP40pclgcT_KRXkt2wDzlUrA5reAWxwIWKhoCrPYQAvD_BwE\" target=\"_blank\" rel=\"noopener\">Vieux Port de Montr\u00e9al<\/a>ou de la <a href=\"https:\/\/www.ville.quebec.qc.ca\/citoyens\/loisirs_sports\/installations_sportives\/patinoires_exterieures\/patinoires_exterieures_fiche.aspx?entID=161\" target=\"_blank\" rel=\"noopener\">Place D\u2019Youville<\/a>, \u00e0 Qu\u00e9bec, ou encore, aux 15\u00a0km de sentiers glac\u00e9s du <a href=\"https:\/\/www.domaineenchanteur.com\/\" target=\"_blank\" rel=\"noopener\">Domaine Enchanteur<\/a>, \u00e0 Notre-Dame-du-Mont-Carmel.<\/p>\n<p style=\"font-weight: 400;\"><strong>Ski et cie. <\/strong>Il suffit d\u2019arpenter les pistes pour constater le regain de popularit\u00e9 que conna\u00eet le ski de fond depuis la pand\u00e9mie\u2009! On peut aussi bien s\u2019y adonner dans les parcs urbains (accessibles en transport en commun) que parcourir des sentiers bucoliques hors des grands centres. Les amateurs de vitesse, quant \u00e0 eux, pourront enfiler leurs skis alpins ou leur planche \u00e0 neige pour d\u00e9valer les pentes des <a href=\"https:\/\/maneige.ski\/\" target=\"_blank\" rel=\"noopener\">nombreux monts de ski situ\u00e9s aux quatre coins de la province<\/a>.<\/p>\n<p style=\"font-weight: 400;\"><strong>Tra\u00eeneau \u00e0 chiens.<\/strong> M\u00eame si plusieurs l\u2019associent au folklore qu\u00e9b\u00e9cois, le tra\u00eeneau \u00e0 chien est surtout pratiqu\u00e9 par des touristes europ\u00e9ens\u2009! N\u2019emp\u00eache qu\u2019il s\u2019agit d\u2019un bon moyen de profiter de la nature et de s\u2019offrir une s\u00e9ance de zooth\u00e9rapie, et ce, dans la plupart des r\u00e9gions du Qu\u00e9bec.<\/p>\n<p style=\"font-weight: 400;\"><strong>Glissade sur tube ou sur luge.<\/strong> Cette activit\u00e9 est parfaite pour les enfants\u2026 et pour les adultes qui aiment retomber en enfance\u2009! On peut s\u2019en donner \u00e0 c\u0153ur joie sur plusieurs buttes enneig\u00e9es en r\u00e9gion ou en ville, ou opter pour une exp\u00e9rience inoubliable dans un centre de glissade hivernale comme celles du <a href=\"https:\/\/www.gpat.ca\/activites-cote-boisee-hiver\/glissade-sur-tube\/\" target=\"_blank\" rel=\"noopener\">Groupe Plein air Terrebonne<\/a> (qui offre aussi des pistes de ski alpin pour d\u00e9butants, du ski de fond et des sentiers de fat bikes) les\u00a0<a href=\"https:\/\/glissade.ca\/\" target=\"_blank\" rel=\"noopener\">Glissades du Domaine des Pays d\u2019en Haut<\/a>, les <a href=\"https:\/\/experiencematha.ca\/\" target=\"_blank\" rel=\"noopener\">Super Glissades de Saint-Jean-de-Matha<\/a> ou le <a href=\"https:\/\/www.valcartier.com\/fr\/activite\/centre-de-jeux-d-hiver\/glissades-tubes\/\" target=\"_blank\" rel=\"noopener\">Village vacances Valcartier<\/a>. Pour la glissade sur luge, on peut se rendre au <a href=\"https:\/\/www.lemassif.com\/fr\/activities-events\/activity-finder\/la-luge?gclid=CjwKCAiA85efBhBbEiwAD7oLQHFqup6hM3sCm3NgW_1YFyrS7Yv2bzsaDZ1Qr7hbxPoWeiAGQexsoRoCT2MQAvD_BwE\" target=\"_blank\" rel=\"noopener\">Massif de Charlevoix<\/a> ou au <a href=\"https:\/\/www.domaineduradar.com\/luge-autrichienne\/\" target=\"_blank\" rel=\"noopener\">Domaine du Radar dans Chaudi\u00e8re-Appalaches<\/a><span>, entre autres<\/span>. Cette activit\u00e9 \u00e9tant plus sportive, les enfants doivent g\u00e9n\u00e9ralement \u00eatre \u00e2g\u00e9s de plus de 10\u00a0ans.<\/p>\n<p style=\"font-weight: 400;\"><strong>Parcs nationaux de la S\u00e9paq.<\/strong> Ces aires prot\u00e9g\u00e9es ont tant \u00e0 offrir\u2009! On peut y pratiquer de la randonn\u00e9e, du ski de fond ou de la raquette, notamment. L\u2019acc\u00e8s est payant pour les adultes, mais gratuit pour les 17\u00a0ans et moins (incluant la location d\u2019\u00e9quipement, \u00e9galement gratuite pour ce groupe d\u2019\u00e2ge). Il est possible de se procurer la <a href=\"https:\/\/www.sepaq.com\/fr\/reservation\/parcs-nationaux\/carte-annuelle\" target=\"_blank\" rel=\"noopener\">carte annuelle de la S\u00e9paq\u00a0<\/a>: si on pr\u00e9voit visiter plusieurs parcs nationaux au cours de l\u2019ann\u00e9e (notamment \u00e0 la belle saison), elle sera vite rentabilis\u00e9e\u2009!<\/p>\n<p style=\"font-weight: 400;\"><strong>Mus\u00e9es, expos et immersions <\/strong><\/p>\n<p style=\"font-weight: 400;\">Pour faire rel\u00e2che d\u2019\u00e9cole sans marquer une pause d\u2019apprentissages, la visite d\u2019un mus\u00e9e ou d\u2019une exposition est tout indiqu\u00e9e\u2009! Des suggestions\u2009? La <a href=\"https:\/\/pacmusee.qc.ca\/fr\/\" target=\"_blank\" rel=\"noopener\">Cit\u00e9e d\u2019arch\u00e9ologie et d\u2019histoire de Montr\u00e9al \u00e0 Pointe-\u00e0-Calli\u00e8res<\/a>, le <a href=\"https:\/\/www.mcq.org\/fr\/\" target=\"_blank\" rel=\"noopener\">Mus\u00e9e de la civilisation de Qu\u00e9bec<\/a>, le <a href=\"https:\/\/www.centredessciencesdemontreal.com\/\" target=\"_blank\" rel=\"noopener\">Centre des sciences de Montr\u00e9al<\/a>, le <a href=\"https:\/\/espacepourlavie.ca\/biodome\" target=\"_blank\" rel=\"noopener\">Biod\u00f4me de Montr\u00e9al<\/a> ou l\u2019<a href=\"https:\/\/www.astrolab.qc.ca\/\" target=\"_blank\" rel=\"noopener\">ASTROLab du Parc national du Mont-M\u00e9gantic<\/a> (balade nocturne aux flambeaux incluse), pour ne donner que quelques exemples. Certains mus\u00e9es offrent un acc\u00e8s gratuit certains jours (le premier dimanche du mois, par exemple) ainsi que des ateliers, des spectacles de contes et d\u2019autres activit\u00e9s th\u00e9matiques destin\u00e9es aux enfants.<\/p>\n<p style=\"font-weight: 400;\"><strong>Ateliers\u00a0\u00e9ducatifs et ludiques<\/strong><\/p>\n<p style=\"font-weight: 400;\">Un cours de p\u00e2tisserie adress\u00e9 aux familles, un atelier de confection de savons, la fabrication (et la d\u00e9gustation\u2009!) de chocolat artisanal\u2026 De nombreuses activit\u00e9s ax\u00e9es sur l\u2019apprentissage, l\u2019exp\u00e9rimentation et le plaisir sont propos\u00e9es, en particulier pendant la semaine de rel\u00e2che.<\/p>\n<p style=\"font-weight: 400;\">Voici quelques pistes pour en trouver\u00a0:<\/p>\n<ul>\n<li>effectuer une recherche g\u00e9n\u00e9rale sur internet ou sur les r\u00e9seaux sociaux (\u00e9v\u00e9nements locaux, groupes communautaires ou associations qui offrent des activit\u00e9s familiales),<\/li>\n<li>\u00e9plucher les sites Web des biblioth\u00e8ques municipales et des centres culturels, ou encore<\/li>\n<li>rep\u00e9rer des publicit\u00e9s dans les commerces locaux,<\/li>\n<li>etc.<\/li>\n<\/ul>\n<p style=\"font-weight: 400;\"><strong>Festival de lumi\u00e8res<\/strong><\/p>\n<p style=\"font-weight: 400;\">Chaque ann\u00e9e autour de la semaine de rel\u00e2che se tient le festival <a href=\"https:\/\/www.montrealenlumiere.com\/\" target=\"_blank\" rel=\"noopener\">Montr\u00e9al en lumi\u00e8re<\/a>. Au programme\u00a0: activit\u00e9s ext\u00e9rieures, \u00e9v\u00e9nements artistiques ou culturels, spectacles, et plus\u2009! \u00c0 mettre \u00e0 l\u2019agenda\u2009!<\/p>\n<p style=\"font-weight: 400;\"><strong>Les r\u00e9servations aussi, \u00e7a se planifie\u2009!<\/strong><\/p>\n<p style=\"font-weight: 400;\">Si on souhaite partir quelques jours, il est pr\u00e9f\u00e9rable de planifier, autant pour les activit\u00e9s, les h\u00e9bergements que le transport, le cas \u00e9ch\u00e9ant. La popularit\u00e9 de cette semaine de vacances peut entra\u00eener une forte demande et engendrer une hausse des tarifs pendant cette p\u00e9riode.<\/p>\n<p style=\"font-weight: 400;\">Pour \u00e9viter les mauvaises surprises, on recommande de comparer les options, puis de r\u00e9server avant de se rendre sur place. Certaines r\u00e9gions ou municipalit\u00e9s du Qu\u00e9bec interdisent ou restreignent les locations Airbnb, d\u2019o\u00f9 l\u2019importance de consulter le site officiel de la municipalit\u00e9 cibl\u00e9e, de m\u00eame que celui du tourisme r\u00e9gional, afin d\u2019obtenir des informations \u00e0 jour au sujet des r\u00e9glementations en vigueur.<\/p>\n<p><em>Photo : Kostiantyn Li<\/em><\/p>\n","protected":false},"excerpt":{"rendered":"<p>La rel\u00e2che qu\u00e9b\u00e9coise est une occasion en or de cumuler de pr\u00e9cieux moments en famille ou de d\u00e9couvrir la province dans ses habits d\u2019hiver.<\/p>\n","protected":false},"author":3556,"featured_media":13662,"comment_status":"closed","ping_status":"closed","sticky":false,"template":"","format":"standard","meta":{"_acf_changed":false,"_genesis_hide_title":false,"_genesis_hide_breadcrumbs":false,"_genesis_hide_singular_image":false,"_genesis_hide_footer_widgets":false,"_genesis_custom_body_class":"","_genesis_custom_post_class":"","_genesis_layout":"","footnotes":""},"categories":[103],"tags":[],"class_list":{"0":"post-13660","1":"post","2":"type-post","3":"status-publish","4":"format-standard","5":"has-post-thumbnail","7":"category-conseils-d-experts","8":"entry"},"acf":[],"yoast_head":"<!-- This site is optimized with the Yoast SEO plugin v27.5 - https:\/\/yoast.com\/product\/yoast-seo-wordpress\/ -->\n<title>Semaine de rel\u00e2che : nos conseils pour en profiter en famille\u2009! - Immigrant Qu\u00e9bec<\/title>\n<meta name=\"description\" content=\"La rel\u00e2che qu\u00e9b\u00e9coise est une occasion en or de cumuler de pr\u00e9cieux moments en famille ou de d\u00e9couvrir la province dans ses habits d\u2019hiver.\" \/>\n<meta name=\"robots\" content=\"index, follow, max-snippet:-1, max-image-preview:large, max-video-preview:-1\" \/>\n<link rel=\"canonical\" href=\"https:\/\/immigrantquebec.com\/fr\/conseils-d-experts\/semaine-de-relache-nos-conseils-pour-en-profiter-en-famille\/\" \/>\n<meta property=\"og:locale\" content=\"fr_FR\" \/>\n<meta property=\"og:type\" content=\"article\" \/>\n<meta property=\"og:title\" content=\"Semaine de rel\u00e2che : nos conseils pour en profiter en famille\u2009! - Immigrant Qu\u00e9bec\" \/>\n<meta property=\"og:description\" content=\"La rel\u00e2che qu\u00e9b\u00e9coise est une occasion en or de cumuler de pr\u00e9cieux moments en famille ou de d\u00e9couvrir la province dans ses habits d\u2019hiver.\" \/>\n<meta property=\"og:url\" content=\"https:\/\/immigrantquebec.com\/fr\/conseils-d-experts\/semaine-de-relache-nos-conseils-pour-en-profiter-en-famille\/\" \/>\n<meta property=\"og:site_name\" content=\"Immigrant Qu\u00e9bec\" \/>\n<meta property=\"article:publisher\" content=\"https:\/\/www.facebook.com\/immigrantquebec\" \/>\n<meta property=\"article:published_time\" content=\"2023-02-21T15:55:36+00:00\" \/>\n<meta property=\"article:modified_time\" content=\"2023-02-24T15:23:04+00:00\" \/>\n<meta property=\"og:image\" content=\"https:\/\/immigrantquebec.com\/fr\/wp-content\/uploads\/2023\/02\/kostiantyn-li-d_37QBuIWZQ-unsplash.jpg\" \/>\n\t<meta property=\"og:image:width\" content=\"950\" \/>\n\t<meta property=\"og:image:height\" content=\"400\" \/>\n\t<meta property=\"og:image:type\" content=\"image\/jpeg\" \/>\n<meta name=\"author\" content=\"Rapha\u00eble St-Laurent Pelletier\" \/>\n<meta name=\"twitter:label1\" content=\"\u00c9crit par\" \/>\n\t<meta name=\"twitter:data1\" content=\"Rapha\u00eble St-Laurent Pelletier\" \/>\n\t<meta name=\"twitter:label2\" content=\"Dur\u00e9e de lecture estim\u00e9e\" \/>\n\t<meta name=\"twitter:data2\" content=\"6 minutes\" \/>\n<script type=\"application\/ld+json\" class=\"yoast-schema-graph\">{\"@context\":\"https:\\\/\\\/schema.org\",\"@graph\":[{\"@type\":\"Article\",\"@id\":\"https:\\\/\\\/immigrantquebec.com\\\/fr\\\/conseils-d-experts\\\/semaine-de-relache-nos-conseils-pour-en-profiter-en-famille\\\/#article\",\"isPartOf\":{\"@id\":\"https:\\\/\\\/immigrantquebec.com\\\/fr\\\/conseils-d-experts\\\/semaine-de-relache-nos-conseils-pour-en-profiter-en-famille\\\/\"},\"author\":{\"name\":\"Rapha\u00eble St-Laurent Pelletier\",\"@id\":\"https:\\\/\\\/immigrantquebec.com\\\/fr\\\/#\\\/schema\\\/person\\\/ae5d42023e6322419b2e04dd7fbb1752\"},\"headline\":\"Semaine de rel\u00e2che : nos conseils pour en profiter en famille\u2009!\",\"datePublished\":\"2023-02-21T15:55:36+00:00\",\"dateModified\":\"2023-02-24T15:23:04+00:00\",\"mainEntityOfPage\":{\"@id\":\"https:\\\/\\\/immigrantquebec.com\\\/fr\\\/conseils-d-experts\\\/semaine-de-relache-nos-conseils-pour-en-profiter-en-famille\\\/\"},\"wordCount\":1284,\"publisher\":{\"@id\":\"https:\\\/\\\/immigrantquebec.com\\\/fr\\\/#organization\"},\"image\":{\"@id\":\"https:\\\/\\\/immigrantquebec.com\\\/fr\\\/conseils-d-experts\\\/semaine-de-relache-nos-conseils-pour-en-profiter-en-famille\\\/#primaryimage\"},\"thumbnailUrl\":\"https:\\\/\\\/immigrantquebec.com\\\/fr\\\/wp-content\\\/uploads\\\/2023\\\/02\\\/kostiantyn-li-d_37QBuIWZQ-unsplash.jpg\",\"articleSection\":[\"Conseils d'experts\"],\"inLanguage\":\"fr-FR\"},{\"@type\":\"WebPage\",\"@id\":\"https:\\\/\\\/immigrantquebec.com\\\/fr\\\/conseils-d-experts\\\/semaine-de-relache-nos-conseils-pour-en-profiter-en-famille\\\/\",\"url\":\"https:\\\/\\\/immigrantquebec.com\\\/fr\\\/conseils-d-experts\\\/semaine-de-relache-nos-conseils-pour-en-profiter-en-famille\\\/\",\"name\":\"Semaine de rel\u00e2che : nos conseils pour en profiter en famille\u2009! - Immigrant Qu\u00e9bec\",\"isPartOf\":{\"@id\":\"https:\\\/\\\/immigrantquebec.com\\\/fr\\\/#website\"},\"primaryImageOfPage\":{\"@id\":\"https:\\\/\\\/immigrantquebec.com\\\/fr\\\/conseils-d-experts\\\/semaine-de-relache-nos-conseils-pour-en-profiter-en-famille\\\/#primaryimage\"},\"image\":{\"@id\":\"https:\\\/\\\/immigrantquebec.com\\\/fr\\\/conseils-d-experts\\\/semaine-de-relache-nos-conseils-pour-en-profiter-en-famille\\\/#primaryimage\"},\"thumbnailUrl\":\"https:\\\/\\\/immigrantquebec.com\\\/fr\\\/wp-content\\\/uploads\\\/2023\\\/02\\\/kostiantyn-li-d_37QBuIWZQ-unsplash.jpg\",\"datePublished\":\"2023-02-21T15:55:36+00:00\",\"dateModified\":\"2023-02-24T15:23:04+00:00\",\"description\":\"La rel\u00e2che qu\u00e9b\u00e9coise est une occasion en or de cumuler de pr\u00e9cieux moments en famille ou de d\u00e9couvrir la province dans ses habits d\u2019hiver.\",\"breadcrumb\":{\"@id\":\"https:\\\/\\\/immigrantquebec.com\\\/fr\\\/conseils-d-experts\\\/semaine-de-relache-nos-conseils-pour-en-profiter-en-famille\\\/#breadcrumb\"},\"inLanguage\":\"fr-FR\",\"potentialAction\":[{\"@type\":\"ReadAction\",\"target\":[\"https:\\\/\\\/immigrantquebec.com\\\/fr\\\/conseils-d-experts\\\/semaine-de-relache-nos-conseils-pour-en-profiter-en-famille\\\/\"]}]},{\"@type\":\"ImageObject\",\"inLanguage\":\"fr-FR\",\"@id\":\"https:\\\/\\\/immigrantquebec.com\\\/fr\\\/conseils-d-experts\\\/semaine-de-relache-nos-conseils-pour-en-profiter-en-famille\\\/#primaryimage\",\"url\":\"https:\\\/\\\/immigrantquebec.com\\\/fr\\\/wp-content\\\/uploads\\\/2023\\\/02\\\/kostiantyn-li-d_37QBuIWZQ-unsplash.jpg\",\"contentUrl\":\"https:\\\/\\\/immigrantquebec.com\\\/fr\\\/wp-content\\\/uploads\\\/2023\\\/02\\\/kostiantyn-li-d_37QBuIWZQ-unsplash.jpg\",\"width\":950,\"height\":400},{\"@type\":\"BreadcrumbList\",\"@id\":\"https:\\\/\\\/immigrantquebec.com\\\/fr\\\/conseils-d-experts\\\/semaine-de-relache-nos-conseils-pour-en-profiter-en-famille\\\/#breadcrumb\",\"itemListElement\":[{\"@type\":\"ListItem\",\"position\":1,\"name\":\"Accueil\",\"item\":\"https:\\\/\\\/immigrantquebec.com\\\/fr\\\/\"},{\"@type\":\"ListItem\",\"position\":2,\"name\":\"Conseils d'experts\",\"item\":\"https:\\\/\\\/immigrantquebec.com\\\/fr\\\/conseils-d-experts\\\/\"},{\"@type\":\"ListItem\",\"position\":3,\"name\":\"Semaine de rel\u00e2che : nos conseils pour en profiter en famille\u2009!\"}]},{\"@type\":\"WebSite\",\"@id\":\"https:\\\/\\\/immigrantquebec.com\\\/fr\\\/#website\",\"url\":\"https:\\\/\\\/immigrantquebec.com\\\/fr\\\/\",\"name\":\"Immigrant Qu\u00e9bec\",\"description\":\"Immigrer, vivre, travailler et \u00e9tudier au Qu\u00e9bec, Canada\",\"publisher\":{\"@id\":\"https:\\\/\\\/immigrantquebec.com\\\/fr\\\/#organization\"},\"potentialAction\":[{\"@type\":\"SearchAction\",\"target\":{\"@type\":\"EntryPoint\",\"urlTemplate\":\"https:\\\/\\\/immigrantquebec.com\\\/fr\\\/?s={search_term_string}\"},\"query-input\":{\"@type\":\"PropertyValueSpecification\",\"valueRequired\":true,\"valueName\":\"search_term_string\"}}],\"inLanguage\":\"fr-FR\"},{\"@type\":\"Organization\",\"@id\":\"https:\\\/\\\/immigrantquebec.com\\\/fr\\\/#organization\",\"name\":\"Immigrant Qu\u00e9bec\",\"url\":\"https:\\\/\\\/immigrantquebec.com\\\/fr\\\/\",\"logo\":{\"@type\":\"ImageObject\",\"inLanguage\":\"fr-FR\",\"@id\":\"https:\\\/\\\/immigrantquebec.com\\\/fr\\\/#\\\/schema\\\/logo\\\/image\\\/\",\"url\":\"https:\\\/\\\/immigrantquebec.com\\\/fr\\\/wp-content\\\/uploads\\\/2024\\\/03\\\/LogoIQ-2024-RVB.png\",\"contentUrl\":\"https:\\\/\\\/immigrantquebec.com\\\/fr\\\/wp-content\\\/uploads\\\/2024\\\/03\\\/LogoIQ-2024-RVB.png\",\"width\":2500,\"height\":1137,\"caption\":\"Immigrant Qu\u00e9bec\"},\"image\":{\"@id\":\"https:\\\/\\\/immigrantquebec.com\\\/fr\\\/#\\\/schema\\\/logo\\\/image\\\/\"},\"sameAs\":[\"https:\\\/\\\/www.facebook.com\\\/immigrantquebec\",\"https:\\\/\\\/x.com\\\/ImmigrantQuebec\",\"https:\\\/\\\/www.instagram.com\\\/immigrantquebec\",\"https:\\\/\\\/www.youtube.com\\\/user\\\/ImmigrantQc\"]},{\"@type\":\"Person\",\"@id\":\"https:\\\/\\\/immigrantquebec.com\\\/fr\\\/#\\\/schema\\\/person\\\/ae5d42023e6322419b2e04dd7fbb1752\",\"name\":\"Rapha\u00eble St-Laurent Pelletier\",\"image\":{\"@type\":\"ImageObject\",\"inLanguage\":\"fr-FR\",\"@id\":\"https:\\\/\\\/immigrantquebec.com\\\/fr\\\/wp-content\\\/uploads\\\/2023\\\/02\\\/Photo-Raph-Bio-web-96x96.jpg\",\"url\":\"https:\\\/\\\/immigrantquebec.com\\\/fr\\\/wp-content\\\/uploads\\\/2023\\\/02\\\/Photo-Raph-Bio-web-96x96.jpg\",\"contentUrl\":\"https:\\\/\\\/immigrantquebec.com\\\/fr\\\/wp-content\\\/uploads\\\/2023\\\/02\\\/Photo-Raph-Bio-web-96x96.jpg\",\"caption\":\"Rapha\u00eble St-Laurent Pelletier\"},\"description\":\"Dipl\u00f4m\u00e9e en r\u00e9daction professionnelle et en \u00e9tudes litt\u00e9raires \u00e0 l\u2019Universit\u00e9 Laval, Rapha\u00eble cumule plus de 10\u00a0ans d\u2019exp\u00e9rience en r\u00e9daction pour diff\u00e9rents magazines et pour le Web. Elle manifeste un vif int\u00e9r\u00eat pour les arts et la culture, qui comblent en grande partie ses temps libres!\",\"url\":\"https:\\\/\\\/immigrantquebec.com\\\/fr\\\/author\\\/raphaele-slp\\\/\"}]}<\/script>\n<!-- \/ Yoast SEO plugin. -->","yoast_head_json":{"title":"Semaine de rel\u00e2che : nos conseils pour en profiter en famille\u2009! - Immigrant Qu\u00e9bec","description":"La rel\u00e2che qu\u00e9b\u00e9coise est une occasion en or de cumuler de pr\u00e9cieux moments en famille ou de d\u00e9couvrir la province dans ses habits d\u2019hiver.","robots":{"index":"index","follow":"follow","max-snippet":"max-snippet:-1","max-image-preview":"max-image-preview:large","max-video-preview":"max-video-preview:-1"},"canonical":"https:\/\/immigrantquebec.com\/fr\/conseils-d-experts\/semaine-de-relache-nos-conseils-pour-en-profiter-en-famille\/","og_locale":"fr_FR","og_type":"article","og_title":"Semaine de rel\u00e2che : nos conseils pour en profiter en famille\u2009! - Immigrant Qu\u00e9bec","og_description":"La rel\u00e2che qu\u00e9b\u00e9coise est une occasion en or de cumuler de pr\u00e9cieux moments en famille ou de d\u00e9couvrir la province dans ses habits d\u2019hiver.","og_url":"https:\/\/immigrantquebec.com\/fr\/conseils-d-experts\/semaine-de-relache-nos-conseils-pour-en-profiter-en-famille\/","og_site_name":"Immigrant Qu\u00e9bec","article_publisher":"https:\/\/www.facebook.com\/immigrantquebec","article_published_time":"2023-02-21T15:55:36+00:00","article_modified_time":"2023-02-24T15:23:04+00:00","og_image":[{"width":950,"height":400,"url":"https:\/\/immigrantquebec.com\/fr\/wp-content\/uploads\/2023\/02\/kostiantyn-li-d_37QBuIWZQ-unsplash.jpg","type":"image\/jpeg"}],"author":"Rapha\u00eble St-Laurent Pelletier","twitter_misc":{"\u00c9crit par":"Rapha\u00eble St-Laurent Pelletier","Dur\u00e9e de lecture estim\u00e9e":"6 minutes"},"schema":{"@context":"https:\/\/schema.org","@graph":[{"@type":"Article","@id":"https:\/\/immigrantquebec.com\/fr\/conseils-d-experts\/semaine-de-relache-nos-conseils-pour-en-profiter-en-famille\/#article","isPartOf":{"@id":"https:\/\/immigrantquebec.com\/fr\/conseils-d-experts\/semaine-de-relache-nos-conseils-pour-en-profiter-en-famille\/"},"author":{"name":"Rapha\u00eble St-Laurent Pelletier","@id":"https:\/\/immigrantquebec.com\/fr\/#\/schema\/person\/ae5d42023e6322419b2e04dd7fbb1752"},"headline":"Semaine de rel\u00e2che : nos conseils pour en profiter en famille\u2009!","datePublished":"2023-02-21T15:55:36+00:00","dateModified":"2023-02-24T15:23:04+00:00","mainEntityOfPage":{"@id":"https:\/\/immigrantquebec.com\/fr\/conseils-d-experts\/semaine-de-relache-nos-conseils-pour-en-profiter-en-famille\/"},"wordCount":1284,"publisher":{"@id":"https:\/\/immigrantquebec.com\/fr\/#organization"},"image":{"@id":"https:\/\/immigrantquebec.com\/fr\/conseils-d-experts\/semaine-de-relache-nos-conseils-pour-en-profiter-en-famille\/#primaryimage"},"thumbnailUrl":"https:\/\/immigrantquebec.com\/fr\/wp-content\/uploads\/2023\/02\/kostiantyn-li-d_37QBuIWZQ-unsplash.jpg","articleSection":["Conseils d'experts"],"inLanguage":"fr-FR"},{"@type":"WebPage","@id":"https:\/\/immigrantquebec.com\/fr\/conseils-d-experts\/semaine-de-relache-nos-conseils-pour-en-profiter-en-famille\/","url":"https:\/\/immigrantquebec.com\/fr\/conseils-d-experts\/semaine-de-relache-nos-conseils-pour-en-profiter-en-famille\/","name":"Semaine de rel\u00e2che : nos conseils pour en profiter en famille\u2009! - Immigrant Qu\u00e9bec","isPartOf":{"@id":"https:\/\/immigrantquebec.com\/fr\/#website"},"primaryImageOfPage":{"@id":"https:\/\/immigrantquebec.com\/fr\/conseils-d-experts\/semaine-de-relache-nos-conseils-pour-en-profiter-en-famille\/#primaryimage"},"image":{"@id":"https:\/\/immigrantquebec.com\/fr\/conseils-d-experts\/semaine-de-relache-nos-conseils-pour-en-profiter-en-famille\/#primaryimage"},"thumbnailUrl":"https:\/\/immigrantquebec.com\/fr\/wp-content\/uploads\/2023\/02\/kostiantyn-li-d_37QBuIWZQ-unsplash.jpg","datePublished":"2023-02-21T15:55:36+00:00","dateModified":"2023-02-24T15:23:04+00:00","description":"La rel\u00e2che qu\u00e9b\u00e9coise est une occasion en or de cumuler de pr\u00e9cieux moments en famille ou de d\u00e9couvrir la province dans ses habits d\u2019hiver.","breadcrumb":{"@id":"https:\/\/immigrantquebec.com\/fr\/conseils-d-experts\/semaine-de-relache-nos-conseils-pour-en-profiter-en-famille\/#breadcrumb"},"inLanguage":"fr-FR","potentialAction":[{"@type":"ReadAction","target":["https:\/\/immigrantquebec.com\/fr\/conseils-d-experts\/semaine-de-relache-nos-conseils-pour-en-profiter-en-famille\/"]}]},{"@type":"ImageObject","inLanguage":"fr-FR","@id":"https:\/\/immigrantquebec.com\/fr\/conseils-d-experts\/semaine-de-relache-nos-conseils-pour-en-profiter-en-famille\/#primaryimage","url":"https:\/\/immigrantquebec.com\/fr\/wp-content\/uploads\/2023\/02\/kostiantyn-li-d_37QBuIWZQ-unsplash.jpg","contentUrl":"https:\/\/immigrantquebec.com\/fr\/wp-content\/uploads\/2023\/02\/kostiantyn-li-d_37QBuIWZQ-unsplash.jpg","width":950,"height":400},{"@type":"BreadcrumbList","@id":"https:\/\/immigrantquebec.com\/fr\/conseils-d-experts\/semaine-de-relache-nos-conseils-pour-en-profiter-en-famille\/#breadcrumb","itemListElement":[{"@type":"ListItem","position":1,"name":"Accueil","item":"https:\/\/immigrantquebec.com\/fr\/"},{"@type":"ListItem","position":2,"name":"Conseils d'experts","item":"https:\/\/immigrantquebec.com\/fr\/conseils-d-experts\/"},{"@type":"ListItem","position":3,"name":"Semaine de rel\u00e2che : nos conseils pour en profiter en famille\u2009!"}]},{"@type":"WebSite","@id":"https:\/\/immigrantquebec.com\/fr\/#website","url":"https:\/\/immigrantquebec.com\/fr\/","name":"Immigrant Qu\u00e9bec","description":"Immigrer, vivre, travailler et \u00e9tudier au Qu\u00e9bec, Canada","publisher":{"@id":"https:\/\/immigrantquebec.com\/fr\/#organization"},"potentialAction":[{"@type":"SearchAction","target":{"@type":"EntryPoint","urlTemplate":"https:\/\/immigrantquebec.com\/fr\/?s={search_term_string}"},"query-input":{"@type":"PropertyValueSpecification","valueRequired":true,"valueName":"search_term_string"}}],"inLanguage":"fr-FR"},{"@type":"Organization","@id":"https:\/\/immigrantquebec.com\/fr\/#organization","name":"Immigrant Qu\u00e9bec","url":"https:\/\/immigrantquebec.com\/fr\/","logo":{"@type":"ImageObject","inLanguage":"fr-FR","@id":"https:\/\/immigrantquebec.com\/fr\/#\/schema\/logo\/image\/","url":"https:\/\/immigrantquebec.com\/fr\/wp-content\/uploads\/2024\/03\/LogoIQ-2024-RVB.png","contentUrl":"https:\/\/immigrantquebec.com\/fr\/wp-content\/uploads\/2024\/03\/LogoIQ-2024-RVB.png","width":2500,"height":1137,"caption":"Immigrant Qu\u00e9bec"},"image":{"@id":"https:\/\/immigrantquebec.com\/fr\/#\/schema\/logo\/image\/"},"sameAs":["https:\/\/www.facebook.com\/immigrantquebec","https:\/\/x.com\/ImmigrantQuebec","https:\/\/www.instagram.com\/immigrantquebec","https:\/\/www.youtube.com\/user\/ImmigrantQc"]},{"@type":"Person","@id":"https:\/\/immigrantquebec.com\/fr\/#\/schema\/person\/ae5d42023e6322419b2e04dd7fbb1752","name":"Rapha\u00eble St-Laurent Pelletier","image":{"@type":"ImageObject","inLanguage":"fr-FR","@id":"https:\/\/immigrantquebec.com\/fr\/wp-content\/uploads\/2023\/02\/Photo-Raph-Bio-web-96x96.jpg","url":"https:\/\/immigrantquebec.com\/fr\/wp-content\/uploads\/2023\/02\/Photo-Raph-Bio-web-96x96.jpg","contentUrl":"https:\/\/immigrantquebec.com\/fr\/wp-content\/uploads\/2023\/02\/Photo-Raph-Bio-web-96x96.jpg","caption":"Rapha\u00eble St-Laurent Pelletier"},"description":"Dipl\u00f4m\u00e9e en r\u00e9daction professionnelle et en \u00e9tudes litt\u00e9raires \u00e0 l\u2019Universit\u00e9 Laval, Rapha\u00eble cumule plus de 10\u00a0ans d\u2019exp\u00e9rience en r\u00e9daction pour diff\u00e9rents magazines et pour le Web. Elle manifeste un vif int\u00e9r\u00eat pour les arts et la culture, qui comblent en grande partie ses temps libres!","url":"https:\/\/immigrantquebec.com\/fr\/author\/raphaele-slp\/"}]}},"_links":{"self":[{"href":"https:\/\/immigrantquebec.com\/fr\/wp-json\/wp\/v2\/posts\/13660","targetHints":{"allow":["GET"]}}],"collection":[{"href":"https:\/\/immigrantquebec.com\/fr\/wp-json\/wp\/v2\/posts"}],"about":[{"href":"https:\/\/immigrantquebec.com\/fr\/wp-json\/wp\/v2\/types\/post"}],"author":[{"embeddable":true,"href":"https:\/\/immigrantquebec.com\/fr\/wp-json\/wp\/v2\/users\/3556"}],"replies":[{"embeddable":true,"href":"https:\/\/immigrantquebec.com\/fr\/wp-json\/wp\/v2\/comments?post=13660"}],"version-history":[{"count":0,"href":"https:\/\/immigrantquebec.com\/fr\/wp-json\/wp\/v2\/posts\/13660\/revisions"}],"wp:featuredmedia":[{"embeddable":true,"href":"https:\/\/immigrantquebec.com\/fr\/wp-json\/wp\/v2\/media\/13662"}],"wp:attachment":[{"href":"https:\/\/immigrantquebec.com\/fr\/wp-json\/wp\/v2\/media?parent=13660"}],"wp:term":[{"taxonomy":"category","embeddable":true,"href":"https:\/\/immigrantquebec.com\/fr\/wp-json\/wp\/v2\/categories?post=13660"},{"taxonomy":"post_tag","embeddable":true,"href":"https:\/\/immigrantquebec.com\/fr\/wp-json\/wp\/v2\/tags?post=13660"}],"curies":[{"name":"wp","href":"https:\/\/api.w.org\/{rel}","templated":true}]}}