{"id":13990,"date":"2023-04-14T11:44:08","date_gmt":"2023-04-14T15:44:08","guid":{"rendered":"https:\/\/immigrantquebec.com\/fr\/?p=13990"},"modified":"2023-04-14T12:09:50","modified_gmt":"2023-04-14T16:09:50","slug":"a-savoir-avant-de-vous-lancer-dans-la-course-saisonniere-au-logement","status":"publish","type":"post","link":"https:\/\/immigrantquebec.com\/fr\/conseils-d-experts\/a-savoir-avant-de-vous-lancer-dans-la-course-saisonniere-au-logement\/","title":{"rendered":"\u00c0 savoir avant de vous lancer dans la course saisonni\u00e8re au logement"},"content":{"rendered":"<p style=\"font-weight: 400;\"><em>La belle saison arrive et, avec elle, le ballet des d\u00e9m\u00e9nagements. Au Qu\u00e9bec, le d\u00e9m\u00e9nagement du 1<sup>er<\/sup>\u00a0juillet est une tradition bien \u00e9tablie. Si vous envisagez de d\u00e9m\u00e9nager ou d\u2019emm\u00e9nager pour la premi\u00e8re fois, voici quelques conseils pour vous y retrouver dans la jungle du logement locatif.<\/em><\/p>\n<p style=\"font-weight: 400;\">C\u2019est d\u00e9cid\u00e9\u2009! Cette ann\u00e9e, on d\u00e9m\u00e9nage\u2009! Plus grand, plus petit, plus proche du bureau, moins bruyant, en solo, en couple ou avec un enfant en route\u00a0: les raisons sont nombreuses, et les v\u00f4tres sont forc\u00e9ment les bonnes.<\/p>\n<p style=\"font-weight: 400;\">Seulement voil\u00e0, le march\u00e9 n\u2019est plus ce qu\u2019il \u00e9tait il y a quelques ann\u00e9es encore. Les logements vacants se rar\u00e9fient et les prix explosent, au point que se loger est devenu une source d\u2019angoisse pour de nombreux Qu\u00e9b\u00e9cois. D\u2019autant que le ph\u00e9nom\u00e8ne touche toutes les r\u00e9gions de la province, et n\u2019est en aucun cas cantonn\u00e9 aux quartiers centraux de Montr\u00e9al.<\/p>\n<p style=\"font-weight: 400;\">Pour les nouveaux arrivants comme pour les autres, on fait le point sur les terminologies \u00e0 conna\u00eetre, et sur certains droits des locataires au Qu\u00e9bec.<\/p>\n<p style=\"font-weight: 400;\"><strong>Appartement ou condo\u2009?<\/strong> La diff\u00e9rence a peu d\u2019importance pour le locataire, c\u2019est la nature du propri\u00e9taire qui change. Le condo est lou\u00e9 par le propri\u00e9taire du condo, l\u2019appartement est lou\u00e9 par le propri\u00e9taire de tous les logements de la b\u00e2tisse.<\/p>\n<p style=\"font-weight: 400;\"><strong>Le nombre de pi\u00e8ces<\/strong> \u2013 Au Qu\u00e9bec, on compte toutes les pi\u00e8ces pour une unit\u00e9 et la salle de bain pour \u00bd pi\u00e8ce. Ainsi un 3 \u00bd est un logement avec une cuisine, une salle de s\u00e9jour, une chambre et une salle de bain. Un 4 \u00bd ajoutera une chambre de plus, etc. Attention, une chambre n\u2019est pas toujours ferm\u00e9e. Une configuration classique d\u2019un 4 \u00bd se pr\u00e9sente comme deux pi\u00e8ces en enfilade sans cloison (g\u00e9n\u00e9ralement sur rue), un salon-cuisine (g\u00e9n\u00e9ralement sur cour), eux aussi en enfilade, et la salle de bain. Un tel appartement de 3\u00a0pi\u00e8ces \u00e0 vivre hors cuisine ne propose ainsi qu\u2019une seule \u00ab\u2009chambre\u2009\u00bb, en r\u00e9alit\u00e9.<\/p>\n<p style=\"font-weight: 400;\">Les toilettes sont presque toujours dans la salle de bain. Quand, \u00e0 la fin d\u2019un repas, votre amie \u00ab\u2009va \u00e0 la salle de bain\u2009\u00bb, elle ne part pas prendre une douche, elle va aux toilettes.<\/p>\n<div><span>Bien que le syst\u00e8me m\u00e9trique soit en vigueur au Canada, la superficie en pieds carr\u00e9s est encore largement utilis\u00e9e dans le pays. Un m\u00e8tre carr\u00e9 vaut 10,76 pieds carr\u00e9s.<\/span><\/div>\n<p style=\"font-weight: 400;\"><strong>Chercher un nouveau nid douillet<\/strong> \u2014 Internet est votre meilleur ami avec des sites comme louer.ca, duproprio.com, kijiji, logiquebec.com, mais aussi Marketplace et les nombreux groupes Facebook sp\u00e9cialis\u00e9s dans la recherche de logements. Le bouche \u00e0 oreille ou les petites annonces dans les entreprises sont \u00e9galement une bonne option.<\/p>\n<p style=\"font-weight: 400;\">Le temps o\u00f9 les panneaux <em>\u00c0 louer<\/em> fleurissaient partout au printemps semble \u00eatre un peu r\u00e9volu. Mais vous pourriez tr\u00e8s bien trouver votre futur chez vous au d\u00e9tour d\u2019une marche dans votre quartier de pr\u00e9dilection.<\/p>\n<div><span>Enfin, Centris.ca, le site de mise en vente de propri\u00e9t\u00e9 au Canada, propose \u00e9galement des locations. Vous pouvez mandater un courtier immobilier pour chercher pour vous.<\/span><\/div>\n<p style=\"font-weight: 400;\"><strong>Le bail<\/strong> \u2013 Le Tribunal administratif du logement (TAL) r\u00e9git les droits et obligations des locateurs et locataires.\u00a0Il propose \u00e9galement un mod\u00e8le de bail (que l\u2019on trouve dans les pharmacies ou chez Bureau en gros). C\u2019est un tr\u00e8s bon outil pour les deux parties et un propri\u00e9taire s\u00e9rieux va s\u2019en pr\u00e9valoir.\u00a0<span style=\"font-weight: 400;\">Le bail d\u00e9taille les conditions de location ainsi que les inclusions s\u2019il y en a (\u00e9lectro-m\u00e9nager, meubles, \u00e9nergie, etc.).<\/span><\/p>\n<p style=\"font-weight: 400;\">Vous pouvez \u00eatre locataire, colocataire ou sous-locataire. Cette 3<sup>e<\/sup>\u00a0cat\u00e9gorie est pr\u00e9vue et l\u00e9gale sous certaines conditions. C\u2019est heureux, car votre bail vous engage jusqu\u2019\u00e0 la date pr\u00e9vue au contrat (g\u00e9n\u00e9ralement le 30\u00a0juin de l\u2019ann\u00e9e en cours), et la cession de bail est la meilleure fa\u00e7on de d\u00e9m\u00e9nager en cours d\u2019ann\u00e9e. Vous et votre propri\u00e9taire devez notamment signer un formulaire de cession de bail \u00e0 un tierce partie. S\u2019il a des motifs s\u00e9rieux, le propri\u00e9taire peut refuser un candidat \u00e0 la reprise du bail, mais il ne peut pas s\u2019opposer \u00e0 la cession en tant que telle.<\/p>\n<p style=\"font-weight: 400;\">Si vous \u00eates colocataire, prenez garde \u00e0 <a href=\"https:\/\/www.tal.gouv.qc.ca\/fr\/signature-d-un-bail\/colocation\" target=\"_blank\" rel=\"noopener\">ne pas \u00eatre solidaire des autres colocataires<\/a>, en cas de non-paiement du loyer.<\/p>\n<p style=\"font-weight: 400;\"><strong>Sous-location de courte dur\u00e9e<\/strong> \u2014 Attention \u00e0 cette cat\u00e9gorie, fut un temps populaire pour rentabiliser son logement le temps de longues vacances, par exemple. Vous ne pouvez pas sous-louer votre logement sur une plateforme type Airbnb sans l\u2019accord de votre propri\u00e9taire, et dans les conditions \u00e9dict\u00e9es par la municipalit\u00e9 et la province. Or, ces conditions se sont durcies fortement en 2023, et Airbnb s\u2019est par exemple engag\u00e9e \u00e0 supprimer toutes les locations ill\u00e9gales de la province.<\/p>\n<p style=\"font-weight: 400;\"><strong>Swap<\/strong> \u2014 Pratique de plus en plus courante dans le contexte d\u2019explosion des loyers, l\u2019\u00e9change d\u2019appartements (ou swap, en anglais) est parfaitement l\u00e9gal, m\u00eame s\u2019il est encadr\u00e9 au m\u00eame titre qu\u2019une cession de bail (puisqu\u2019il revient en fait \u00e0 une double cession de bail, entre deux locataires). C\u2019est un bon moyen de changer de logement en gardant le loyer sous contr\u00f4le, mais il faut naturellement avoir un logement \u00e0 \u00e9changer\u2026<\/p>\n<p style=\"font-weight: 400;\"><strong>Ni charges, ni d\u00e9p\u00f4t de garantie<\/strong> \u2014 Votre bail d\u00e9taille ce qui est inclus ou exclu (meuble, \u00e9nergie, internet, etc.) et le loyer s\u2019entend charges incluses (au Qu\u00e9bec, elles restent de la responsabilit\u00e9 du propri\u00e9taire en totalit\u00e9). De m\u00eame, le propri\u00e9taire ne peut vous r\u00e9clamer de d\u00e9p\u00f4t de garantie.<\/p>\n<p style=\"font-weight: 400;\">Le mode de paiement du loyer est pr\u00e9cis\u00e9 dans le bail. M\u00eame si la remise de ch\u00e8ques postdat\u00e9s n\u2019est plus autoris\u00e9e, il est admis que les parties peuvent, d\u2019un commun accord, choisir ce mode de paiement.<\/p>\n<p style=\"font-weight: 400;\"><strong>Enqu\u00eate de cr\u00e9dit<\/strong> \u2013 Le propri\u00e9taire peut se pr\u00e9valoir d\u2019une enqu\u00eate de cr\u00e9dit vous concernant, avec votre accord (vous devez signer un document), pour \u00e9valuer votre capacit\u00e9 de paiement. Des organismes sp\u00e9cialis\u00e9s vont ainsi v\u00e9rifier votre cote de cr\u00e9dit, vos \u00e9ventuels d\u00e9fauts de paiement aupr\u00e8s de vos anciens propri\u00e9taires et aupr\u00e8s du TAL. Seuls les noms, adresse et date de naissance suffisent. Le num\u00e9ro d\u2019assurance sociale n\u2019est donc pas n\u00e9cessaire. C\u2019est un service payant pour le propri\u00e9taire, et non pas pour le locataire ! Le propri\u00e9taire d\u00e9cide ensuite s\u2019il loue ou non le logement.<\/p>\n<p><span style=\"font-weight: 400;\">Pour les nouveaux arrivants, qui n\u2019ont pas d\u2019ant\u00e9c\u00e9dents de cr\u00e9dit, vous devrez prouver votre capacit\u00e9 de paiement et rassurer votre futur propri\u00e9taire.<\/span><\/p>\n<div><b><span>Fin de bail\u00a0<\/span><\/b>\u2013 Vous pourrez quitter votre logement \u00e0 l\u2019issue de votre bail pourvu d\u2019en avoir inform\u00e9 le propri\u00e9taire trois mois avant par courrier enregistr\u00e9. Si vous voulez quitter avant, n\u00e9gociez avec votre propri\u00e9taire ou proposez-lui une cession de bail ou un sous-locataire. <a href=\"https:\/\/www.tal.gouv.qc.ca\/fr\/cession-d-un-bail-ou-sous-location\/contrat-de-cession-de-bail-et-avis-de-sous-location\" target=\"_blank\" rel=\"noopener\">Plus de d\u00e9tails ici<\/a>.<\/div>\n<div>\n<p style=\"font-weight: 400;\"><strong>\u00c9viction<\/strong> \u2013 Le locataire est prot\u00e9g\u00e9 par un droit au maintien dans les lieux, inscrit dans le Code civil. Mais un propri\u00e9taire peut, en principe, \u00e9vincer un locataire dans deux cas (hors probl\u00e8me imputable au locataire, comme le d\u00e9faut de paiement du loyer)\u00a0:<\/p>\n<ul>\n<li>la reprise du logement pour lui-m\u00eame ou un ascendant\/descendant de premier degr\u00e9, et<\/li>\n<li>la subdivision, l\u2019agrandissement substantiel ou le changement d\u2019affectation du logement.<\/li>\n<\/ul>\n<\/div>\n<p style=\"font-weight: 400;\"><strong>Le choix de votre logement<\/strong> \u2013 Dans la province, les visites s\u2019intensifient \u00e0 la sortie de l\u2019hiver, d\u00e9j\u00e0 vite oubli\u00e9. Mais il se rappellera vite \u00e0 vous. Les appartements en demi-sous-sol sont souvent moins chers, plus frais l\u2019\u00e9t\u00e9, mais tr\u00e8s sombres l\u2019hiver, avec presque 16\u00a0heures de nuit pas jour. De plus, la neige s\u2019accumulera devant les fen\u00eatres au ras du sol. L\u2019hiver est long et difficile, surtout avec peu de lumi\u00e8re.<\/p>\n<p style=\"font-weight: 400;\"><strong>L\u2019isolation<\/strong> est un d\u00e9faut majeur de nombreux logements de la province. Au bruit de vos voisins qui vous \u00ab\u2009marchent sur la t\u00eate\u2009\u00bb, vous pourriez bien ajouter une facture astronomique d\u2019Hydro-Qu\u00e9bec. Notre conseil\u00a0: v\u00e9rifiez les portes et fen\u00eatres (privil\u00e9giez le double vitrage thermos)\u00a0<span>et v\u00e9rifiez <a href=\"https:\/\/session.hydroquebec.com\/portail\/fr\/web\/clientele\/estimation-consommation\" target=\"_blank\" rel=\"noopener\">l\u2019estimation du co\u00fbt d\u2019\u00e9lectricit\u00e9 annuel sur le site d\u2019Hydro-Qu\u00e9bec<\/a>.\u00a0<\/span>De quelques centaines de dollars par an, la facture pourrait monter \u00e0 plusieurs milliers de dollars en cas de passoire thermique. N\u2019oubliez jamais que les hivers sont longs et rigoureux.<\/p>\n<p style=\"font-weight: 400;\"><strong>Le loyer<\/strong> \u2013 Les loyers ont beaucoup augment\u00e9 durant ces derni\u00e8res ann\u00e9es, un ph\u00e9nom\u00e8ne notamment du \u00e0 la raret\u00e9 des logements sur le march\u00e9, coupl\u00e9e \u00e0 l\u2019explosion des prix d&rsquo;achat. Le TAL permet de conna\u00eetre le loyer pay\u00e9 par le pr\u00e9c\u00e9dent locataire sur les douze derniers mois.<\/p>\n<p style=\"font-weight: 400;\">L\u2019augmentation du loyer est annuelle, g\u00e9n\u00e9ralement bas\u00e9e sur un taux sugg\u00e9r\u00e9 par le TAL. Le propri\u00e9taire doit adresser une lettre au moins trois mois avant, avec la proposition de nouveau loyer (soit g\u00e9n\u00e9ralement avant le 31 mars).\u00a0Vous pouvez bien s\u00fbr contester cette augmentation si elle vous para\u00eet abusive, et lui faire une contre-proposition\u2009; vous pourriez alors entamer un bras de fer avec votre propri\u00e9taire.<\/p>\n<p style=\"font-weight: 400;\"><strong>Animaux domestiques<\/strong> \u2013 C\u2019est le hic au Qu\u00e9bec. Certains propri\u00e9taires sont \u00ab\u2009allergiques\u2009\u00bb aux chiens ou chats, souvent pour de mauvaises raisons. Le meilleur moyen est de n\u00e9gocier avec le propri\u00e9taire la pr\u00e9sence de minou propre et op\u00e9r\u00e9 ou pitou calme et peu \u00ab\u2009japeur\u2009\u00bb. Ne le cachez pas, car c\u2019est un \u00e9l\u00e9ment contractuel indiqu\u00e9 au bail.\u00a0<span>Dans ce cas, proposez de faire une seconde visite avec votre compagnon \u00e0 quatre pattes.<\/span><\/p>\n<p style=\"font-weight: 400;\"><strong>Tabac et cannabis<\/strong> \u2013 Le propri\u00e9taire peut vous interdire de fumer dans le logement, et si l\u2019interdiction est inscrite au r\u00e8glement int\u00e9rieur, elle s\u2019impose \u00e0 vous de fait. Pareil pour le cannabis\u2009! Malgr\u00e9 sa l\u00e9galisation, le propri\u00e9taire peut vous l\u2019interdire.<\/p>\n<p style=\"font-weight: 400;\">Notez \u00e9galement que, pour le tabac comme pour le cannabis, m\u00eame si le locataire poss\u00e8de le droit de fumer dans son logement, il demeure soumis \u00e0 l\u2019obligation de ne pas troubler la jouissance des autres occupants de l\u2019immeuble.<\/p>\n<p><span style=\"font-weight: 400;\">\u00ab\u2009Tout locataire qui occasionne des troubles de jouissance aux autres locataires peut s\u2019exposer \u00e0 certains recours par son locateur devant le Tribunal administratif du logement, y compris possiblement un recours en r\u00e9siliation de son bail.\u2009\u00bb (TAL)<\/span><\/p>\n<p style=\"font-weight: 400;\"><strong>Assurance <\/strong>\u2014 M\u00eame si votre propri\u00e9taire a assur\u00e9 le logement, nous vous conseillons de prendre une assurance pour assurer vos effets personnels, et b\u00e9n\u00e9ficier d\u2019une assurance responsabilit\u00e9 civile de 1 ou 2\u00a0millions de dollars en cas de probl\u00e8me.<\/p>\n<p style=\"font-weight: 400;\"><strong>R\u00e8glement int\u00e9rieur<\/strong> \u2013 Au moment de la signature du bail, le propri\u00e9taire devra vous remettre un exemplaire du r\u00e8glement int\u00e9rieur de la copropri\u00e9t\u00e9 qui pr\u00e9cise les obligations et interdictions, et notamment le droit (ou pas) au BBQ sur le balcon.<\/p>\n<p style=\"font-weight: 400;\"><strong>Le d\u00e9m\u00e9nagement<\/strong> \u2013 Vous l\u2019aurez compris, comme tout le monde d\u00e9m\u00e9nage au m\u00eame moment, il est essentiel de r\u00e9server son d\u00e9m\u00e9nageur ou son camion de location le plus t\u00f4t possible. Il existe \u00e0 Montr\u00e9al des solutions originales comme les d\u00e9m\u00e9nageurs \u00e0 v\u00e9lo.<\/p>\n<p style=\"font-weight: 400;\">Sinon, il vous reste la solution de \u00ab\u2009la gang\u2009\u00bb d\u2019amis \u00e0 r\u00e9compenser avec bi\u00e8res et pizzas \u00e0 la fin de la journ\u00e9e.<\/p>\n<p style=\"font-weight: 400;\">V\u00e9rifiez aupr\u00e8s de votre propri\u00e9taire si la copropri\u00e9t\u00e9 exige une d\u00e9claration pr\u00e9alable pour votre d\u00e9m\u00e9nagement (pour prot\u00e9ger les parties communes ou l\u2019ascenseur).<\/p>\n<p style=\"font-weight: 400;\"><em>Photo : Getty\/Unsplash+<\/em><\/p>\n","protected":false},"excerpt":{"rendered":"<p>Si vous envisagez de d\u00e9m\u00e9nager ou d\u2019emm\u00e9nager pour la premi\u00e8re fois, voici quelques conseils pour vous y retrouver !<\/p>\n","protected":false},"author":3559,"featured_media":13991,"comment_status":"closed","ping_status":"closed","sticky":false,"template":"","format":"standard","meta":{"_acf_changed":false,"_genesis_hide_title":false,"_genesis_hide_breadcrumbs":false,"_genesis_hide_singular_image":false,"_genesis_hide_footer_widgets":false,"_genesis_custom_body_class":"","_genesis_custom_post_class":"","_genesis_layout":"","footnotes":""},"categories":[103],"tags":[],"class_list":["post-13990","post","type-post","status-publish","format-standard","has-post-thumbnail","category-conseils-d-experts","entry"],"acf":[],"yoast_head":"<!-- This site is optimized with the Yoast SEO plugin v28.3 - https:\/\/yoast.com\/product\/yoast-seo-wordpress\/ -->\n<title>\u00c0 savoir avant de vous lancer dans la course saisonni\u00e8re au logement - Immigrant Qu\u00e9bec<\/title>\n<meta name=\"description\" content=\"Si vous envisagez de d\u00e9m\u00e9nager ou d\u2019emm\u00e9nager pour la premi\u00e8re fois, voici quelques conseils pour vous y retrouver !\" \/>\n<meta name=\"robots\" content=\"index, follow, max-snippet:-1, max-image-preview:large, max-video-preview:-1\" \/>\n<link rel=\"canonical\" href=\"https:\/\/immigrantquebec.com\/fr\/conseils-d-experts\/a-savoir-avant-de-vous-lancer-dans-la-course-saisonniere-au-logement\/\" \/>\n<meta property=\"og:locale\" content=\"fr_FR\" \/>\n<meta property=\"og:type\" content=\"article\" \/>\n<meta property=\"og:title\" content=\"\u00c0 savoir avant de vous lancer dans la course saisonni\u00e8re au logement - Immigrant Qu\u00e9bec\" \/>\n<meta property=\"og:description\" content=\"Si vous envisagez de d\u00e9m\u00e9nager ou d\u2019emm\u00e9nager pour la premi\u00e8re fois, voici quelques conseils pour vous y retrouver !\" \/>\n<meta property=\"og:url\" content=\"https:\/\/immigrantquebec.com\/fr\/conseils-d-experts\/a-savoir-avant-de-vous-lancer-dans-la-course-saisonniere-au-logement\/\" \/>\n<meta property=\"og:site_name\" content=\"Immigrant Qu\u00e9bec\" \/>\n<meta property=\"article:publisher\" content=\"https:\/\/www.facebook.com\/immigrantquebec\" \/>\n<meta property=\"article:published_time\" content=\"2023-04-14T15:44:08+00:00\" \/>\n<meta property=\"article:modified_time\" content=\"2023-04-14T16:09:50+00:00\" \/>\n<meta property=\"og:image\" content=\"https:\/\/immigrantquebec.com\/fr\/wp-content\/uploads\/2023\/04\/getty-images-5mxmIYj3YhY-unsplash.jpg\" \/>\n\t<meta property=\"og:image:width\" content=\"950\" \/>\n\t<meta property=\"og:image:height\" content=\"400\" \/>\n\t<meta property=\"og:image:type\" content=\"image\/jpeg\" \/>\n<meta name=\"author\" content=\"Nathalie Simon-Clerc\" \/>\n<meta name=\"twitter:label1\" content=\"\u00c9crit par\" \/>\n\t<meta name=\"twitter:data1\" content=\"Nathalie Simon-Clerc\" \/>\n\t<meta name=\"twitter:label2\" content=\"Dur\u00e9e de lecture estim\u00e9e\" \/>\n\t<meta name=\"twitter:data2\" content=\"9 minutes\" \/>\n<script type=\"application\/ld+json\" class=\"yoast-schema-graph\">{\"@context\":\"https:\\\/\\\/schema.org\",\"@graph\":[{\"@type\":\"Article\",\"@id\":\"https:\\\/\\\/immigrantquebec.com\\\/fr\\\/conseils-d-experts\\\/a-savoir-avant-de-vous-lancer-dans-la-course-saisonniere-au-logement\\\/#article\",\"isPartOf\":{\"@id\":\"https:\\\/\\\/immigrantquebec.com\\\/fr\\\/conseils-d-experts\\\/a-savoir-avant-de-vous-lancer-dans-la-course-saisonniere-au-logement\\\/\"},\"author\":{\"name\":\"Nathalie Simon-Clerc\",\"@id\":\"https:\\\/\\\/immigrantquebec.com\\\/fr\\\/#\\\/schema\\\/person\\\/bfa9029e2486a877d5e1260cc3dd8fb6\"},\"headline\":\"\u00c0 savoir avant de vous lancer dans la course saisonni\u00e8re au logement\",\"datePublished\":\"2023-04-14T15:44:08+00:00\",\"dateModified\":\"2023-04-14T16:09:50+00:00\",\"mainEntityOfPage\":{\"@id\":\"https:\\\/\\\/immigrantquebec.com\\\/fr\\\/conseils-d-experts\\\/a-savoir-avant-de-vous-lancer-dans-la-course-saisonniere-au-logement\\\/\"},\"wordCount\":2012,\"publisher\":{\"@id\":\"https:\\\/\\\/immigrantquebec.com\\\/fr\\\/#organization\"},\"image\":{\"@id\":\"https:\\\/\\\/immigrantquebec.com\\\/fr\\\/conseils-d-experts\\\/a-savoir-avant-de-vous-lancer-dans-la-course-saisonniere-au-logement\\\/#primaryimage\"},\"thumbnailUrl\":\"https:\\\/\\\/immigrantquebec.com\\\/fr\\\/wp-content\\\/uploads\\\/2023\\\/04\\\/getty-images-5mxmIYj3YhY-unsplash.jpg\",\"articleSection\":[\"Conseils d'experts\"],\"inLanguage\":\"fr-FR\"},{\"@type\":\"WebPage\",\"@id\":\"https:\\\/\\\/immigrantquebec.com\\\/fr\\\/conseils-d-experts\\\/a-savoir-avant-de-vous-lancer-dans-la-course-saisonniere-au-logement\\\/\",\"url\":\"https:\\\/\\\/immigrantquebec.com\\\/fr\\\/conseils-d-experts\\\/a-savoir-avant-de-vous-lancer-dans-la-course-saisonniere-au-logement\\\/\",\"name\":\"\u00c0 savoir avant de vous lancer dans la course saisonni\u00e8re au logement - Immigrant Qu\u00e9bec\",\"isPartOf\":{\"@id\":\"https:\\\/\\\/immigrantquebec.com\\\/fr\\\/#website\"},\"primaryImageOfPage\":{\"@id\":\"https:\\\/\\\/immigrantquebec.com\\\/fr\\\/conseils-d-experts\\\/a-savoir-avant-de-vous-lancer-dans-la-course-saisonniere-au-logement\\\/#primaryimage\"},\"image\":{\"@id\":\"https:\\\/\\\/immigrantquebec.com\\\/fr\\\/conseils-d-experts\\\/a-savoir-avant-de-vous-lancer-dans-la-course-saisonniere-au-logement\\\/#primaryimage\"},\"thumbnailUrl\":\"https:\\\/\\\/immigrantquebec.com\\\/fr\\\/wp-content\\\/uploads\\\/2023\\\/04\\\/getty-images-5mxmIYj3YhY-unsplash.jpg\",\"datePublished\":\"2023-04-14T15:44:08+00:00\",\"dateModified\":\"2023-04-14T16:09:50+00:00\",\"description\":\"Si vous envisagez de d\u00e9m\u00e9nager ou d\u2019emm\u00e9nager pour la premi\u00e8re fois, voici quelques conseils pour vous y retrouver !\",\"breadcrumb\":{\"@id\":\"https:\\\/\\\/immigrantquebec.com\\\/fr\\\/conseils-d-experts\\\/a-savoir-avant-de-vous-lancer-dans-la-course-saisonniere-au-logement\\\/#breadcrumb\"},\"inLanguage\":\"fr-FR\",\"potentialAction\":[{\"@type\":\"ReadAction\",\"target\":[\"https:\\\/\\\/immigrantquebec.com\\\/fr\\\/conseils-d-experts\\\/a-savoir-avant-de-vous-lancer-dans-la-course-saisonniere-au-logement\\\/\"]}]},{\"@type\":\"ImageObject\",\"inLanguage\":\"fr-FR\",\"@id\":\"https:\\\/\\\/immigrantquebec.com\\\/fr\\\/conseils-d-experts\\\/a-savoir-avant-de-vous-lancer-dans-la-course-saisonniere-au-logement\\\/#primaryimage\",\"url\":\"https:\\\/\\\/immigrantquebec.com\\\/fr\\\/wp-content\\\/uploads\\\/2023\\\/04\\\/getty-images-5mxmIYj3YhY-unsplash.jpg\",\"contentUrl\":\"https:\\\/\\\/immigrantquebec.com\\\/fr\\\/wp-content\\\/uploads\\\/2023\\\/04\\\/getty-images-5mxmIYj3YhY-unsplash.jpg\",\"width\":950,\"height\":400},{\"@type\":\"BreadcrumbList\",\"@id\":\"https:\\\/\\\/immigrantquebec.com\\\/fr\\\/conseils-d-experts\\\/a-savoir-avant-de-vous-lancer-dans-la-course-saisonniere-au-logement\\\/#breadcrumb\",\"itemListElement\":[{\"@type\":\"ListItem\",\"position\":1,\"name\":\"Accueil\",\"item\":\"https:\\\/\\\/immigrantquebec.com\\\/fr\\\/\"},{\"@type\":\"ListItem\",\"position\":2,\"name\":\"Conseils d'experts\",\"item\":\"https:\\\/\\\/immigrantquebec.com\\\/fr\\\/conseils-d-experts\\\/\"},{\"@type\":\"ListItem\",\"position\":3,\"name\":\"\u00c0 savoir avant de vous lancer dans la course saisonni\u00e8re au logement\"}]},{\"@type\":\"WebSite\",\"@id\":\"https:\\\/\\\/immigrantquebec.com\\\/fr\\\/#website\",\"url\":\"https:\\\/\\\/immigrantquebec.com\\\/fr\\\/\",\"name\":\"Immigrant Qu\u00e9bec\",\"description\":\"Immigrer, vivre, travailler et \u00e9tudier au Qu\u00e9bec, Canada\",\"publisher\":{\"@id\":\"https:\\\/\\\/immigrantquebec.com\\\/fr\\\/#organization\"},\"potentialAction\":[{\"@type\":\"SearchAction\",\"target\":{\"@type\":\"EntryPoint\",\"urlTemplate\":\"https:\\\/\\\/immigrantquebec.com\\\/fr\\\/?s={search_term_string}\"},\"query-input\":{\"@type\":\"PropertyValueSpecification\",\"valueRequired\":true,\"valueName\":\"search_term_string\"}}],\"inLanguage\":\"fr-FR\"},{\"@type\":\"Organization\",\"@id\":\"https:\\\/\\\/immigrantquebec.com\\\/fr\\\/#organization\",\"name\":\"Immigrant Qu\u00e9bec\",\"url\":\"https:\\\/\\\/immigrantquebec.com\\\/fr\\\/\",\"logo\":{\"@type\":\"ImageObject\",\"inLanguage\":\"fr-FR\",\"@id\":\"https:\\\/\\\/immigrantquebec.com\\\/fr\\\/#\\\/schema\\\/logo\\\/image\\\/\",\"url\":\"https:\\\/\\\/immigrantquebec.com\\\/fr\\\/wp-content\\\/uploads\\\/2026\\\/07\\\/cropped-LogoIQ-20ans-RVB.png\",\"contentUrl\":\"https:\\\/\\\/immigrantquebec.com\\\/fr\\\/wp-content\\\/uploads\\\/2026\\\/07\\\/cropped-LogoIQ-20ans-RVB.png\",\"width\":1379,\"height\":442,\"caption\":\"Immigrant Qu\u00e9bec\"},\"image\":{\"@id\":\"https:\\\/\\\/immigrantquebec.com\\\/fr\\\/#\\\/schema\\\/logo\\\/image\\\/\"},\"sameAs\":[\"https:\\\/\\\/www.facebook.com\\\/immigrantquebec\",\"https:\\\/\\\/x.com\\\/ImmigrantQuebec\",\"https:\\\/\\\/www.instagram.com\\\/immigrantquebec\",\"https:\\\/\\\/www.youtube.com\\\/user\\\/ImmigrantQc\"]},{\"@type\":\"Person\",\"@id\":\"https:\\\/\\\/immigrantquebec.com\\\/fr\\\/#\\\/schema\\\/person\\\/bfa9029e2486a877d5e1260cc3dd8fb6\",\"name\":\"Nathalie Simon-Clerc\",\"image\":{\"@type\":\"ImageObject\",\"inLanguage\":\"fr-FR\",\"@id\":\"https:\\\/\\\/secure.gravatar.com\\\/avatar\\\/16ff667327a6ef7f7f2270c80e846ae445cac8375ce9fc5ba0e154eaf6d7e2b4?s=96&d=mm&r=g\",\"url\":\"https:\\\/\\\/secure.gravatar.com\\\/avatar\\\/16ff667327a6ef7f7f2270c80e846ae445cac8375ce9fc5ba0e154eaf6d7e2b4?s=96&d=mm&r=g\",\"contentUrl\":\"https:\\\/\\\/secure.gravatar.com\\\/avatar\\\/16ff667327a6ef7f7f2270c80e846ae445cac8375ce9fc5ba0e154eaf6d7e2b4?s=96&d=mm&r=g\",\"caption\":\"Nathalie Simon-Clerc\"},\"description\":\"Journaliste dans l\u2019\u00e2me, Nathalie vit au Qu\u00e9bec depuis plus de 20 ans. Dipl\u00f4m\u00e9e en journalisme de l\u2019Universit\u00e9 de Montr\u00e9al et en administration des affaires de l\u2019Universit\u00e9 Paris-Dauphine, elle exerce depuis plus de 10 ans dans le domaine des m\u00e9dias et de la communication au Qu\u00e9bec.\",\"url\":\"https:\\\/\\\/immigrantquebec.com\\\/fr\\\/author\\\/nathalie-sc\\\/\"}]}<\/script>\n<!-- \/ Yoast SEO plugin. -->","yoast_head_json":{"title":"\u00c0 savoir avant de vous lancer dans la course saisonni\u00e8re au logement - Immigrant Qu\u00e9bec","description":"Si vous envisagez de d\u00e9m\u00e9nager ou d\u2019emm\u00e9nager pour la premi\u00e8re fois, voici quelques conseils pour vous y retrouver !","robots":{"index":"index","follow":"follow","max-snippet":"max-snippet:-1","max-image-preview":"max-image-preview:large","max-video-preview":"max-video-preview:-1"},"canonical":"https:\/\/immigrantquebec.com\/fr\/conseils-d-experts\/a-savoir-avant-de-vous-lancer-dans-la-course-saisonniere-au-logement\/","og_locale":"fr_FR","og_type":"article","og_title":"\u00c0 savoir avant de vous lancer dans la course saisonni\u00e8re au logement - Immigrant Qu\u00e9bec","og_description":"Si vous envisagez de d\u00e9m\u00e9nager ou d\u2019emm\u00e9nager pour la premi\u00e8re fois, voici quelques conseils pour vous y retrouver !","og_url":"https:\/\/immigrantquebec.com\/fr\/conseils-d-experts\/a-savoir-avant-de-vous-lancer-dans-la-course-saisonniere-au-logement\/","og_site_name":"Immigrant Qu\u00e9bec","article_publisher":"https:\/\/www.facebook.com\/immigrantquebec","article_published_time":"2023-04-14T15:44:08+00:00","article_modified_time":"2023-04-14T16:09:50+00:00","og_image":[{"width":950,"height":400,"url":"https:\/\/immigrantquebec.com\/fr\/wp-content\/uploads\/2023\/04\/getty-images-5mxmIYj3YhY-unsplash.jpg","type":"image\/jpeg"}],"author":"Nathalie Simon-Clerc","twitter_misc":{"\u00c9crit par":"Nathalie Simon-Clerc","Dur\u00e9e de lecture estim\u00e9e":"9 minutes"},"schema":{"@context":"https:\/\/schema.org","@graph":[{"@type":"Article","@id":"https:\/\/immigrantquebec.com\/fr\/conseils-d-experts\/a-savoir-avant-de-vous-lancer-dans-la-course-saisonniere-au-logement\/#article","isPartOf":{"@id":"https:\/\/immigrantquebec.com\/fr\/conseils-d-experts\/a-savoir-avant-de-vous-lancer-dans-la-course-saisonniere-au-logement\/"},"author":{"name":"Nathalie Simon-Clerc","@id":"https:\/\/immigrantquebec.com\/fr\/#\/schema\/person\/bfa9029e2486a877d5e1260cc3dd8fb6"},"headline":"\u00c0 savoir avant de vous lancer dans la course saisonni\u00e8re au logement","datePublished":"2023-04-14T15:44:08+00:00","dateModified":"2023-04-14T16:09:50+00:00","mainEntityOfPage":{"@id":"https:\/\/immigrantquebec.com\/fr\/conseils-d-experts\/a-savoir-avant-de-vous-lancer-dans-la-course-saisonniere-au-logement\/"},"wordCount":2012,"publisher":{"@id":"https:\/\/immigrantquebec.com\/fr\/#organization"},"image":{"@id":"https:\/\/immigrantquebec.com\/fr\/conseils-d-experts\/a-savoir-avant-de-vous-lancer-dans-la-course-saisonniere-au-logement\/#primaryimage"},"thumbnailUrl":"https:\/\/immigrantquebec.com\/fr\/wp-content\/uploads\/2023\/04\/getty-images-5mxmIYj3YhY-unsplash.jpg","articleSection":["Conseils d'experts"],"inLanguage":"fr-FR"},{"@type":"WebPage","@id":"https:\/\/immigrantquebec.com\/fr\/conseils-d-experts\/a-savoir-avant-de-vous-lancer-dans-la-course-saisonniere-au-logement\/","url":"https:\/\/immigrantquebec.com\/fr\/conseils-d-experts\/a-savoir-avant-de-vous-lancer-dans-la-course-saisonniere-au-logement\/","name":"\u00c0 savoir avant de vous lancer dans la course saisonni\u00e8re au logement - Immigrant Qu\u00e9bec","isPartOf":{"@id":"https:\/\/immigrantquebec.com\/fr\/#website"},"primaryImageOfPage":{"@id":"https:\/\/immigrantquebec.com\/fr\/conseils-d-experts\/a-savoir-avant-de-vous-lancer-dans-la-course-saisonniere-au-logement\/#primaryimage"},"image":{"@id":"https:\/\/immigrantquebec.com\/fr\/conseils-d-experts\/a-savoir-avant-de-vous-lancer-dans-la-course-saisonniere-au-logement\/#primaryimage"},"thumbnailUrl":"https:\/\/immigrantquebec.com\/fr\/wp-content\/uploads\/2023\/04\/getty-images-5mxmIYj3YhY-unsplash.jpg","datePublished":"2023-04-14T15:44:08+00:00","dateModified":"2023-04-14T16:09:50+00:00","description":"Si vous envisagez de d\u00e9m\u00e9nager ou d\u2019emm\u00e9nager pour la premi\u00e8re fois, voici quelques conseils pour vous y retrouver !","breadcrumb":{"@id":"https:\/\/immigrantquebec.com\/fr\/conseils-d-experts\/a-savoir-avant-de-vous-lancer-dans-la-course-saisonniere-au-logement\/#breadcrumb"},"inLanguage":"fr-FR","potentialAction":[{"@type":"ReadAction","target":["https:\/\/immigrantquebec.com\/fr\/conseils-d-experts\/a-savoir-avant-de-vous-lancer-dans-la-course-saisonniere-au-logement\/"]}]},{"@type":"ImageObject","inLanguage":"fr-FR","@id":"https:\/\/immigrantquebec.com\/fr\/conseils-d-experts\/a-savoir-avant-de-vous-lancer-dans-la-course-saisonniere-au-logement\/#primaryimage","url":"https:\/\/immigrantquebec.com\/fr\/wp-content\/uploads\/2023\/04\/getty-images-5mxmIYj3YhY-unsplash.jpg","contentUrl":"https:\/\/immigrantquebec.com\/fr\/wp-content\/uploads\/2023\/04\/getty-images-5mxmIYj3YhY-unsplash.jpg","width":950,"height":400},{"@type":"BreadcrumbList","@id":"https:\/\/immigrantquebec.com\/fr\/conseils-d-experts\/a-savoir-avant-de-vous-lancer-dans-la-course-saisonniere-au-logement\/#breadcrumb","itemListElement":[{"@type":"ListItem","position":1,"name":"Accueil","item":"https:\/\/immigrantquebec.com\/fr\/"},{"@type":"ListItem","position":2,"name":"Conseils d'experts","item":"https:\/\/immigrantquebec.com\/fr\/conseils-d-experts\/"},{"@type":"ListItem","position":3,"name":"\u00c0 savoir avant de vous lancer dans la course saisonni\u00e8re au logement"}]},{"@type":"WebSite","@id":"https:\/\/immigrantquebec.com\/fr\/#website","url":"https:\/\/immigrantquebec.com\/fr\/","name":"Immigrant Qu\u00e9bec","description":"Immigrer, vivre, travailler et \u00e9tudier au Qu\u00e9bec, Canada","publisher":{"@id":"https:\/\/immigrantquebec.com\/fr\/#organization"},"potentialAction":[{"@type":"SearchAction","target":{"@type":"EntryPoint","urlTemplate":"https:\/\/immigrantquebec.com\/fr\/?s={search_term_string}"},"query-input":{"@type":"PropertyValueSpecification","valueRequired":true,"valueName":"search_term_string"}}],"inLanguage":"fr-FR"},{"@type":"Organization","@id":"https:\/\/immigrantquebec.com\/fr\/#organization","name":"Immigrant Qu\u00e9bec","url":"https:\/\/immigrantquebec.com\/fr\/","logo":{"@type":"ImageObject","inLanguage":"fr-FR","@id":"https:\/\/immigrantquebec.com\/fr\/#\/schema\/logo\/image\/","url":"https:\/\/immigrantquebec.com\/fr\/wp-content\/uploads\/2026\/07\/cropped-LogoIQ-20ans-RVB.png","contentUrl":"https:\/\/immigrantquebec.com\/fr\/wp-content\/uploads\/2026\/07\/cropped-LogoIQ-20ans-RVB.png","width":1379,"height":442,"caption":"Immigrant Qu\u00e9bec"},"image":{"@id":"https:\/\/immigrantquebec.com\/fr\/#\/schema\/logo\/image\/"},"sameAs":["https:\/\/www.facebook.com\/immigrantquebec","https:\/\/x.com\/ImmigrantQuebec","https:\/\/www.instagram.com\/immigrantquebec","https:\/\/www.youtube.com\/user\/ImmigrantQc"]},{"@type":"Person","@id":"https:\/\/immigrantquebec.com\/fr\/#\/schema\/person\/bfa9029e2486a877d5e1260cc3dd8fb6","name":"Nathalie Simon-Clerc","image":{"@type":"ImageObject","inLanguage":"fr-FR","@id":"https:\/\/secure.gravatar.com\/avatar\/16ff667327a6ef7f7f2270c80e846ae445cac8375ce9fc5ba0e154eaf6d7e2b4?s=96&d=mm&r=g","url":"https:\/\/secure.gravatar.com\/avatar\/16ff667327a6ef7f7f2270c80e846ae445cac8375ce9fc5ba0e154eaf6d7e2b4?s=96&d=mm&r=g","contentUrl":"https:\/\/secure.gravatar.com\/avatar\/16ff667327a6ef7f7f2270c80e846ae445cac8375ce9fc5ba0e154eaf6d7e2b4?s=96&d=mm&r=g","caption":"Nathalie Simon-Clerc"},"description":"Journaliste dans l\u2019\u00e2me, Nathalie vit au Qu\u00e9bec depuis plus de 20 ans. Dipl\u00f4m\u00e9e en journalisme de l\u2019Universit\u00e9 de Montr\u00e9al et en administration des affaires de l\u2019Universit\u00e9 Paris-Dauphine, elle exerce depuis plus de 10 ans dans le domaine des m\u00e9dias et de la communication au Qu\u00e9bec.","url":"https:\/\/immigrantquebec.com\/fr\/author\/nathalie-sc\/"}]}},"_links":{"self":[{"href":"https:\/\/immigrantquebec.com\/fr\/wp-json\/wp\/v2\/posts\/13990","targetHints":{"allow":["GET"]}}],"collection":[{"href":"https:\/\/immigrantquebec.com\/fr\/wp-json\/wp\/v2\/posts"}],"about":[{"href":"https:\/\/immigrantquebec.com\/fr\/wp-json\/wp\/v2\/types\/post"}],"author":[{"embeddable":true,"href":"https:\/\/immigrantquebec.com\/fr\/wp-json\/wp\/v2\/users\/3559"}],"replies":[{"embeddable":true,"href":"https:\/\/immigrantquebec.com\/fr\/wp-json\/wp\/v2\/comments?post=13990"}],"version-history":[{"count":0,"href":"https:\/\/immigrantquebec.com\/fr\/wp-json\/wp\/v2\/posts\/13990\/revisions"}],"wp:featuredmedia":[{"embeddable":true,"href":"https:\/\/immigrantquebec.com\/fr\/wp-json\/wp\/v2\/media\/13991"}],"wp:attachment":[{"href":"https:\/\/immigrantquebec.com\/fr\/wp-json\/wp\/v2\/media?parent=13990"}],"wp:term":[{"taxonomy":"category","embeddable":true,"href":"https:\/\/immigrantquebec.com\/fr\/wp-json\/wp\/v2\/categories?post=13990"},{"taxonomy":"post_tag","embeddable":true,"href":"https:\/\/immigrantquebec.com\/fr\/wp-json\/wp\/v2\/tags?post=13990"}],"curies":[{"name":"wp","href":"https:\/\/api.w.org\/{rel}","templated":true}]}}