{"id":14322,"date":"2023-06-19T16:40:33","date_gmt":"2023-06-19T20:40:33","guid":{"rendered":"https:\/\/immigrantquebec.com\/fr\/?p=14322"},"modified":"2023-06-19T16:40:57","modified_gmt":"2023-06-19T20:40:57","slug":"visages-du-quebec-lovejoyce-la-voix-de-lespoir","status":"publish","type":"post","link":"https:\/\/immigrantquebec.com\/fr\/conseils-d-experts\/visages-du-quebec-lovejoyce-la-voix-de-lespoir\/","title":{"rendered":"Visages du Qu\u00e9bec : Lovejoyce, la voix de l\u2019espoir"},"content":{"rendered":"<p style=\"font-weight: 400;\"><strong><span><\/span><\/strong><em><span>Originaire du Togo, Lovejoyce Amavi a d\u00fb quitter subitement son pays en 2016. C\u2019est un long chemin qui l\u2019a conduit au Qu\u00e9bec en 2017 et une porte d\u2019entr\u00e9e un peu particuli\u00e8re, <a href=\"https:\/\/immigrantquebec.com\/fr\/actualites\/accord-canada-usa-entente-tiers-pays-surs\/\" target=\"_blank\" rel=\"noopener\">aujourd\u2019hui close<\/a>\u00a0: celle du chemin Roxham. Son p\u00e9riple, il en a fait un livre, Je n\u2019ai pas choisi de partir\u00a0: une histoire du Chemin Roxham. Il est devenu le visage m\u00e9diatique et la voix de ce chemin. Lovejoyce Amavi n\u2019avait pas choisi de partir, mais il s\u2019est donn\u00e9 toutes les chances pour rester et s\u2019int\u00e9grer pleinement.<\/span><\/em><\/p>\n<p style=\"font-weight: 400;\"><span>Au Togo, Lovejoyce, dipl\u00f4m\u00e9 en communication, avait une belle carri\u00e8re, notamment comme consultant aupr\u00e8s de la Pr\u00e9sidence de la R\u00e9publique, mais en 2016 le vent tourne et les pers\u00e9cutions politiques pleuvent. Apr\u00e8s s\u2019\u00eatre r\u00e9fugi\u00e9 en C\u00f4te d\u2019Ivoire, il part d\u2019abord pour les \u00c9tats-Unis, mais pr\u00e9f\u00e8re se tourner vers le Qu\u00e9bec, terre francophone comme la sienne. Il se souvient parfaitement de cette arriv\u00e9e \u00e0 la fronti\u00e8re de Saint-Bernard-de-la-Colle, le 9\u00a0ao\u00fbt 2017, seul, pour demander l\u2019asile. C\u2019\u00e9tait la veille de ses 37\u00a0ans. \u00ab\u2009Je n\u2019avais pas le choix de cette entr\u00e9e irr\u00e9guli\u00e8re, mais l\u2019accueil re\u00e7u des agents de la douane et des hommes de la GRC [Gendarmerie royale du Canada] d\u00e9montrait une certaine ouverture, une compassion par rapport \u00e0 notre situation.\u2009\u00bb <\/span><\/p>\n<p style=\"font-weight: 400;\"><span>Il a toutefois conscience d\u2019une chose. \u00ab\u2009Quand on arrive au bout du chemin Roxham, en fait la route ne fait que commencer\u00a0et il faut savoir se prendre en main\u2009\u00bb.<\/span><\/p>\n<h2 style=\"font-weight: 400;\"><strong><span>Le b\u00e9n\u00e9volat comme cl\u00e9 d\u2019int\u00e9gration<\/span><\/strong><\/h2>\n<p style=\"font-weight: 400;\"><span>Dans sa main il a juste son papier brun de demandeur d\u2019asile, une liasse de documents pour appuyer sa demande et le t\u00e9l\u00e9phone d\u2019une amie togolaise. C\u2019est elle qui va l\u2019aider dans ses premi\u00e8res d\u00e9marches\u00a0: recherche de logement, ouverture de compte en banque pour recevoir l\u2019aide sociale, etc. \u00ab\u2009Dans un processus d\u2019immigration, le plus important c\u2019est l\u2019inclusion\u2009\u00bb, affirme-t-il. Au Togo, Lovejoyce a laiss\u00e9 sa femme et ses 3\u00a0filles qui ont alors 11, 4 et 2\u00a0ans. Pour ne pas y penser, il s\u2019engage imm\u00e9diatement aupr\u00e8s des autres. \u00ab\u2009Il faudrait exiger le b\u00e9n\u00e9volat de toutes les personnes immigrantes parce que l\u2019exp\u00e9rience est des plus b\u00e9n\u00e9fiques\u2009\u00bb, affirme-t-il convaincu.\u00a0<\/span><\/p>\n<p style=\"font-weight: 400;\"><span>C\u2019est ainsi que le <a href=\"https:\/\/www.benevolatrivesud.qc.ca\/\">Centre de B\u00e9n\u00e9volat de la Rive-Sud<\/a> le r\u00e9f\u00e8re \u00e0 <a href=\"https:\/\/www.maisonlereveil.ca\/\">La Maison Le R\u00e9veil<\/a> \u00e0 Longueuil, consacr\u00e9e \u00e0 la cause des a\u00een\u00e9s\u2009; dans le m\u00eame temps, il est aussi b\u00e9n\u00e9vole <\/span>responsable des communications pour <span><a href=\"https:\/\/cancer.ca\/fr\/get-involved\/our-events\/relay-for-life\">le Relais pour la Vie<\/a><\/span> de Longueuil dans la lutte contre le cancer. \u00ab\u2009\u00c7a m\u2019a permis de comprendre les enjeux de ma soci\u00e9t\u00e9 d\u2019accueil, de pouvoir apporter ma contribution, me sentir impliqu\u00e9 dans la communaut\u00e9 de Longueuil o\u00f9 je vis, mais aussi, d\u2019un point de vue professionnel, de d\u00e9couvrir les m\u00e9dias locaux et mettre \u00e0 profit mes connaissances en communication\u2009\u00bb.<\/p>\n<p style=\"font-weight: 400;\">En un peu plus d\u2019un an, Lovejoyce est sur tous les fronts. Devenu adjoint \u00e0 la direction de La Maison Le R\u00e9veil, il a aussi cr\u00e9\u00e9 la campagne <em>Engagez-vous pour nos a\u00een\u00e9s<\/em>, et mis sur pied une \u00e9mission de t\u00e9l\u00e9vision pour promouvoir le travail des organisations aupr\u00e8s a\u00een\u00e9s. \u00ab\u2009Ces implications m\u2019ont sauv\u00e9 de la d\u00e9pression, pr\u00e9cise-t-il. Se rendre utile aide \u00e0 garder la t\u00eate froide.\u2009\u00bb<\/p>\n<h2 style=\"font-weight: 400;\"><strong><span>Terre d\u2019accueil, terre d\u2019\u00e9cueils<\/span><\/strong><\/h2>\n<p style=\"font-weight: 400;\"><span>Quand il parle du Qu\u00e9bec, Lovejoyce aime \u00e0 pr\u00e9ciser que \u00ab\u2009c\u2019est plus qu\u2019une terre d\u2019asile, c\u2019est une terre d\u2019accueil\u2009\u00bb, un espace distinct du reste de l\u2019Am\u00e9rique du Nord. \u00ab\u2009Ce qui est int\u00e9ressant avec les Qu\u00e9b\u00e9cois, c\u2019est que la conscience de leur vuln\u00e9rabilit\u00e9 dans une Am\u00e9rique du Nord anglophone fait qu\u2019ils ont une conscience de la vuln\u00e9rabilit\u00e9 des autres\u2009\u00bb.<\/span><\/p>\n<p style=\"font-weight: 400;\"><span>Pourtant tout n\u2019est pas toujours bleu harmonie au pays de la fleur de lys. Lovejoyce pointe la confusion des discours publics entre int\u00e9gration et assimilation. \u00ab\u2009L\u2019important c\u2019est que tout le monde travaille en fran\u00e7ais, mais la langue parl\u00e9e \u00e0 la maison, \u00e7a reste de la sph\u00e8re priv\u00e9e\u2009!\u2009\u00bb, juge-t-il. <\/span><\/p>\n<p style=\"font-weight: 400;\"><span>Il se m\u00e9fie aussi du racisme sournois et insidieux, au final plus difficile \u00e0 combattre que le racisme frontal, et qui lui fait constater que \u00ab\u2009l\u2019ascenseur social ne s\u2019ouvre pas pour les personnes racis\u00e9es\u2009\u00bb. Ces questions le rendent d\u2019autant plus sensible quand il imagine ses filles ici avec lui et de l\u2019importance qu\u2019il y aura \u00e0 leur rappeler leurs racines. \u00ab\u2009Ici, j\u2019ai la possibilit\u00e9 d\u2019envoyer \u00e0 mes filles des poup\u00e9es noires ce qui est rare en Afrique, raconte-t-il. Ma petite derni\u00e8re s\u2019en plaint en me disant qu\u2019elle n\u2019est pas noire, parce qu\u2019elle est claire de peau, et je lui dis\u00a0: \u201cOui, tu es noire, et il faut que tu te le mettes dans la t\u00eate avant d\u2019arriver ici\u2009!\u201d. Il sait que ses filles vont s\u2019adapter tr\u00e8s vite. L\u2019important reste de ne pas se perdre, car un arbre sans racine n\u2019offre aucune prise si la temp\u00eate gronde un jour.<\/span><\/p>\n<p style=\"font-weight: 400;\"><span>Pour l\u2019instant, seule son imagination d\u00e9file et l\u2019attente est de mise. Le dossier de rapprochement familial a \u00e9t\u00e9 d\u00e9pos\u00e9 il y a plus d\u2019un an.<\/span><\/p>\n<h2 style=\"font-weight: 400;\"><strong><span>Avancer un jour apr\u00e8s l\u2019autre<\/span><\/strong><\/h2>\n<p style=\"font-weight: 400;\"><span>Au Togo, ses filles ont d\u00e9sormais 16, 9 et 7\u00a0ans, la petite derni\u00e8re affirme parfois qu\u2019elle ne l\u2019a jamais connu. \u201cIl faut toujours que je trouve les mots pour leur redire que ce n\u2019\u00e9tait pas un choix, et que la situation s\u2019est impos\u00e9e \u00e0 moi\u201d, confie-t-il. Cette s\u00e9paration Lovejoyce l\u2019int\u00e8gre comme un sacrifice. Il a re\u00e7u la r\u00e9sidence permanente en 2021, sa h\u00e2te, d\u00e9sormais, est de poursuivre vers la citoyennet\u00e9. \u201cJe pense que le jour o\u00f9 j\u2019aurai ma nationalit\u00e9 canadienne ce sera une nouvelle naissance pour moi, et j\u2019arr\u00eaterai de me retourner vers le pays o\u00f9 j\u2019ai pass\u00e9 37\u00a0ans\u201d confesse-t-il. Quitter son pays natal, arriver \u201cpar effraction\u201d dans un autre pays, se chercher, s\u2019int\u00e9grer, dans cette route sem\u00e9e d\u2019emb\u00fbches et de d\u00e9fis\u2026 Lovejoyce dit du chemin Roxham qu\u2019il a \u00e9t\u00e9 comme \u201cle chemin de Damas\u201d, celui par lequel trouver sa voie, une porte de sortie. Loin de se sentir accompli, <a href=\"https:\/\/lovejoyceamavi.com\/\" target=\"_blank\" rel=\"noopener\">Lovejoyce Amavi<\/a> poursuit sa route, un jour apr\u00e8s l\u2019autre. La voie qu\u2019il avait prise est d\u00e9sormais ferm\u00e9e, mais sa voix \u00e0 lui reste synonyme d\u2019espoir.<\/span><\/p>\n<p style=\"font-weight: 400;\"><em><span>Photo\u00a0: Jacob Richemond<\/span><\/em><\/p>\n","protected":false},"excerpt":{"rendered":"<p>Lovejoyce a d\u00fb quitter subitement son pays en 2016. Le d\u00e9but d&rsquo;un long chemin vers la r\u00e9unification de sa famille, rest\u00e9e au Togo.<\/p>\n","protected":false},"author":3465,"featured_media":14323,"comment_status":"closed","ping_status":"closed","sticky":false,"template":"","format":"standard","meta":{"_acf_changed":false,"_genesis_hide_title":false,"_genesis_hide_breadcrumbs":false,"_genesis_hide_singular_image":false,"_genesis_hide_footer_widgets":false,"_genesis_custom_body_class":"","_genesis_custom_post_class":"","_genesis_layout":"","footnotes":""},"categories":[103],"tags":[],"class_list":{"0":"post-14322","1":"post","2":"type-post","3":"status-publish","4":"format-standard","5":"has-post-thumbnail","7":"category-conseils-d-experts","8":"entry"},"acf":[],"yoast_head":"<!-- This site is optimized with the Yoast SEO plugin v27.5 - https:\/\/yoast.com\/product\/yoast-seo-wordpress\/ -->\n<title>Visages du Qu\u00e9bec : Lovejoyce, la voix de l\u2019espoir - Immigrant Qu\u00e9bec<\/title>\n<meta name=\"description\" content=\"Lovejoyce a d\u00fb quitter subitement son pays en 2016. Le d\u00e9but d&#039;un long chemin vers la r\u00e9unification de sa famille, rest\u00e9e au Togo.\" \/>\n<meta name=\"robots\" content=\"index, follow, max-snippet:-1, max-image-preview:large, max-video-preview:-1\" \/>\n<link rel=\"canonical\" href=\"https:\/\/immigrantquebec.com\/fr\/conseils-d-experts\/visages-du-quebec-lovejoyce-la-voix-de-lespoir\/\" \/>\n<meta property=\"og:locale\" content=\"fr_FR\" \/>\n<meta property=\"og:type\" content=\"article\" \/>\n<meta property=\"og:title\" content=\"Visages du Qu\u00e9bec : Lovejoyce, la voix de l\u2019espoir - Immigrant Qu\u00e9bec\" \/>\n<meta property=\"og:description\" content=\"Lovejoyce a d\u00fb quitter subitement son pays en 2016. Le d\u00e9but d&#039;un long chemin vers la r\u00e9unification de sa famille, rest\u00e9e au Togo.\" \/>\n<meta property=\"og:url\" content=\"https:\/\/immigrantquebec.com\/fr\/conseils-d-experts\/visages-du-quebec-lovejoyce-la-voix-de-lespoir\/\" \/>\n<meta property=\"og:site_name\" content=\"Immigrant Qu\u00e9bec\" \/>\n<meta property=\"article:publisher\" content=\"https:\/\/www.facebook.com\/immigrantquebec\" \/>\n<meta property=\"article:published_time\" content=\"2023-06-19T20:40:33+00:00\" \/>\n<meta property=\"article:modified_time\" content=\"2023-06-19T20:40:57+00:00\" \/>\n<meta property=\"og:image\" content=\"https:\/\/immigrantquebec.com\/fr\/wp-content\/uploads\/2023\/06\/photo-4-\u00a9-Jacob-Richemond-web.jpg\" \/>\n\t<meta property=\"og:image:width\" content=\"950\" \/>\n\t<meta property=\"og:image:height\" content=\"401\" \/>\n\t<meta property=\"og:image:type\" content=\"image\/jpeg\" \/>\n<meta name=\"author\" content=\"Armelle Pieroni-Christin\" \/>\n<meta name=\"twitter:label1\" content=\"\u00c9crit par\" \/>\n\t<meta name=\"twitter:data1\" content=\"Armelle Pieroni-Christin\" \/>\n\t<meta name=\"twitter:label2\" content=\"Dur\u00e9e de lecture estim\u00e9e\" \/>\n\t<meta name=\"twitter:data2\" content=\"6 minutes\" \/>\n<script type=\"application\/ld+json\" class=\"yoast-schema-graph\">{\"@context\":\"https:\\\/\\\/schema.org\",\"@graph\":[{\"@type\":\"Article\",\"@id\":\"https:\\\/\\\/immigrantquebec.com\\\/fr\\\/conseils-d-experts\\\/visages-du-quebec-lovejoyce-la-voix-de-lespoir\\\/#article\",\"isPartOf\":{\"@id\":\"https:\\\/\\\/immigrantquebec.com\\\/fr\\\/conseils-d-experts\\\/visages-du-quebec-lovejoyce-la-voix-de-lespoir\\\/\"},\"author\":{\"name\":\"Armelle Pieroni-Christin\",\"@id\":\"https:\\\/\\\/immigrantquebec.com\\\/fr\\\/#\\\/schema\\\/person\\\/96e18142f08da45d2e18aa25081cdddb\"},\"headline\":\"Visages du Qu\u00e9bec : Lovejoyce, la voix de l\u2019espoir\",\"datePublished\":\"2023-06-19T20:40:33+00:00\",\"dateModified\":\"2023-06-19T20:40:57+00:00\",\"mainEntityOfPage\":{\"@id\":\"https:\\\/\\\/immigrantquebec.com\\\/fr\\\/conseils-d-experts\\\/visages-du-quebec-lovejoyce-la-voix-de-lespoir\\\/\"},\"wordCount\":1144,\"publisher\":{\"@id\":\"https:\\\/\\\/immigrantquebec.com\\\/fr\\\/#organization\"},\"image\":{\"@id\":\"https:\\\/\\\/immigrantquebec.com\\\/fr\\\/conseils-d-experts\\\/visages-du-quebec-lovejoyce-la-voix-de-lespoir\\\/#primaryimage\"},\"thumbnailUrl\":\"https:\\\/\\\/immigrantquebec.com\\\/fr\\\/wp-content\\\/uploads\\\/2023\\\/06\\\/photo-4-\u00a9-Jacob-Richemond-web.jpg\",\"articleSection\":[\"Conseils d'experts\"],\"inLanguage\":\"fr-FR\"},{\"@type\":\"WebPage\",\"@id\":\"https:\\\/\\\/immigrantquebec.com\\\/fr\\\/conseils-d-experts\\\/visages-du-quebec-lovejoyce-la-voix-de-lespoir\\\/\",\"url\":\"https:\\\/\\\/immigrantquebec.com\\\/fr\\\/conseils-d-experts\\\/visages-du-quebec-lovejoyce-la-voix-de-lespoir\\\/\",\"name\":\"Visages du Qu\u00e9bec : Lovejoyce, la voix de l\u2019espoir - Immigrant Qu\u00e9bec\",\"isPartOf\":{\"@id\":\"https:\\\/\\\/immigrantquebec.com\\\/fr\\\/#website\"},\"primaryImageOfPage\":{\"@id\":\"https:\\\/\\\/immigrantquebec.com\\\/fr\\\/conseils-d-experts\\\/visages-du-quebec-lovejoyce-la-voix-de-lespoir\\\/#primaryimage\"},\"image\":{\"@id\":\"https:\\\/\\\/immigrantquebec.com\\\/fr\\\/conseils-d-experts\\\/visages-du-quebec-lovejoyce-la-voix-de-lespoir\\\/#primaryimage\"},\"thumbnailUrl\":\"https:\\\/\\\/immigrantquebec.com\\\/fr\\\/wp-content\\\/uploads\\\/2023\\\/06\\\/photo-4-\u00a9-Jacob-Richemond-web.jpg\",\"datePublished\":\"2023-06-19T20:40:33+00:00\",\"dateModified\":\"2023-06-19T20:40:57+00:00\",\"description\":\"Lovejoyce a d\u00fb quitter subitement son pays en 2016. Le d\u00e9but d'un long chemin vers la r\u00e9unification de sa famille, rest\u00e9e au Togo.\",\"breadcrumb\":{\"@id\":\"https:\\\/\\\/immigrantquebec.com\\\/fr\\\/conseils-d-experts\\\/visages-du-quebec-lovejoyce-la-voix-de-lespoir\\\/#breadcrumb\"},\"inLanguage\":\"fr-FR\",\"potentialAction\":[{\"@type\":\"ReadAction\",\"target\":[\"https:\\\/\\\/immigrantquebec.com\\\/fr\\\/conseils-d-experts\\\/visages-du-quebec-lovejoyce-la-voix-de-lespoir\\\/\"]}]},{\"@type\":\"ImageObject\",\"inLanguage\":\"fr-FR\",\"@id\":\"https:\\\/\\\/immigrantquebec.com\\\/fr\\\/conseils-d-experts\\\/visages-du-quebec-lovejoyce-la-voix-de-lespoir\\\/#primaryimage\",\"url\":\"https:\\\/\\\/immigrantquebec.com\\\/fr\\\/wp-content\\\/uploads\\\/2023\\\/06\\\/photo-4-\u00a9-Jacob-Richemond-web.jpg\",\"contentUrl\":\"https:\\\/\\\/immigrantquebec.com\\\/fr\\\/wp-content\\\/uploads\\\/2023\\\/06\\\/photo-4-\u00a9-Jacob-Richemond-web.jpg\",\"width\":950,\"height\":401},{\"@type\":\"BreadcrumbList\",\"@id\":\"https:\\\/\\\/immigrantquebec.com\\\/fr\\\/conseils-d-experts\\\/visages-du-quebec-lovejoyce-la-voix-de-lespoir\\\/#breadcrumb\",\"itemListElement\":[{\"@type\":\"ListItem\",\"position\":1,\"name\":\"Accueil\",\"item\":\"https:\\\/\\\/immigrantquebec.com\\\/fr\\\/\"},{\"@type\":\"ListItem\",\"position\":2,\"name\":\"Conseils d'experts\",\"item\":\"https:\\\/\\\/immigrantquebec.com\\\/fr\\\/conseils-d-experts\\\/\"},{\"@type\":\"ListItem\",\"position\":3,\"name\":\"Visages du Qu\u00e9bec : Lovejoyce, la voix de l\u2019espoir\"}]},{\"@type\":\"WebSite\",\"@id\":\"https:\\\/\\\/immigrantquebec.com\\\/fr\\\/#website\",\"url\":\"https:\\\/\\\/immigrantquebec.com\\\/fr\\\/\",\"name\":\"Immigrant Qu\u00e9bec\",\"description\":\"Immigrer, vivre, travailler et \u00e9tudier au Qu\u00e9bec, Canada\",\"publisher\":{\"@id\":\"https:\\\/\\\/immigrantquebec.com\\\/fr\\\/#organization\"},\"potentialAction\":[{\"@type\":\"SearchAction\",\"target\":{\"@type\":\"EntryPoint\",\"urlTemplate\":\"https:\\\/\\\/immigrantquebec.com\\\/fr\\\/?s={search_term_string}\"},\"query-input\":{\"@type\":\"PropertyValueSpecification\",\"valueRequired\":true,\"valueName\":\"search_term_string\"}}],\"inLanguage\":\"fr-FR\"},{\"@type\":\"Organization\",\"@id\":\"https:\\\/\\\/immigrantquebec.com\\\/fr\\\/#organization\",\"name\":\"Immigrant Qu\u00e9bec\",\"url\":\"https:\\\/\\\/immigrantquebec.com\\\/fr\\\/\",\"logo\":{\"@type\":\"ImageObject\",\"inLanguage\":\"fr-FR\",\"@id\":\"https:\\\/\\\/immigrantquebec.com\\\/fr\\\/#\\\/schema\\\/logo\\\/image\\\/\",\"url\":\"https:\\\/\\\/immigrantquebec.com\\\/fr\\\/wp-content\\\/uploads\\\/2024\\\/03\\\/LogoIQ-2024-RVB.png\",\"contentUrl\":\"https:\\\/\\\/immigrantquebec.com\\\/fr\\\/wp-content\\\/uploads\\\/2024\\\/03\\\/LogoIQ-2024-RVB.png\",\"width\":2500,\"height\":1137,\"caption\":\"Immigrant Qu\u00e9bec\"},\"image\":{\"@id\":\"https:\\\/\\\/immigrantquebec.com\\\/fr\\\/#\\\/schema\\\/logo\\\/image\\\/\"},\"sameAs\":[\"https:\\\/\\\/www.facebook.com\\\/immigrantquebec\",\"https:\\\/\\\/x.com\\\/ImmigrantQuebec\",\"https:\\\/\\\/www.instagram.com\\\/immigrantquebec\",\"https:\\\/\\\/www.youtube.com\\\/user\\\/ImmigrantQc\"]},{\"@type\":\"Person\",\"@id\":\"https:\\\/\\\/immigrantquebec.com\\\/fr\\\/#\\\/schema\\\/person\\\/96e18142f08da45d2e18aa25081cdddb\",\"name\":\"Armelle Pieroni-Christin\",\"image\":{\"@type\":\"ImageObject\",\"inLanguage\":\"fr-FR\",\"@id\":\"https:\\\/\\\/immigrantquebec.com\\\/fr\\\/wp-content\\\/uploads\\\/2022\\\/03\\\/Armelle-Pieroni-Christin-96x96.jpg\",\"url\":\"https:\\\/\\\/immigrantquebec.com\\\/fr\\\/wp-content\\\/uploads\\\/2022\\\/03\\\/Armelle-Pieroni-Christin-96x96.jpg\",\"contentUrl\":\"https:\\\/\\\/immigrantquebec.com\\\/fr\\\/wp-content\\\/uploads\\\/2022\\\/03\\\/Armelle-Pieroni-Christin-96x96.jpg\",\"caption\":\"Armelle Pieroni-Christin\"},\"description\":\"Apr\u00e8s avoir travaill\u00e9 10 ans comme journaliste plurim\u00e9dia pour la Ville de Paris, l'amour du Qu\u00e9bec a eu raison de cette r\u00e9dactrice-jur\u00e9e litt\u00e9raire, install\u00e9e en famille \u00e0 Montr\u00e9al depuis ao\u00fbt 2018. Ses passions ? La litt\u00e9rature, bien s\u00fbr, les voyages, les rencontres et tout ce qui a trait \u00e0 la Belle Province, naturellement !\",\"url\":\"https:\\\/\\\/immigrantquebec.com\\\/fr\\\/author\\\/armelle-p-c\\\/\"}]}<\/script>\n<!-- \/ Yoast SEO plugin. -->","yoast_head_json":{"title":"Visages du Qu\u00e9bec : Lovejoyce, la voix de l\u2019espoir - Immigrant Qu\u00e9bec","description":"Lovejoyce a d\u00fb quitter subitement son pays en 2016. Le d\u00e9but d'un long chemin vers la r\u00e9unification de sa famille, rest\u00e9e au Togo.","robots":{"index":"index","follow":"follow","max-snippet":"max-snippet:-1","max-image-preview":"max-image-preview:large","max-video-preview":"max-video-preview:-1"},"canonical":"https:\/\/immigrantquebec.com\/fr\/conseils-d-experts\/visages-du-quebec-lovejoyce-la-voix-de-lespoir\/","og_locale":"fr_FR","og_type":"article","og_title":"Visages du Qu\u00e9bec : Lovejoyce, la voix de l\u2019espoir - Immigrant Qu\u00e9bec","og_description":"Lovejoyce a d\u00fb quitter subitement son pays en 2016. Le d\u00e9but d'un long chemin vers la r\u00e9unification de sa famille, rest\u00e9e au Togo.","og_url":"https:\/\/immigrantquebec.com\/fr\/conseils-d-experts\/visages-du-quebec-lovejoyce-la-voix-de-lespoir\/","og_site_name":"Immigrant Qu\u00e9bec","article_publisher":"https:\/\/www.facebook.com\/immigrantquebec","article_published_time":"2023-06-19T20:40:33+00:00","article_modified_time":"2023-06-19T20:40:57+00:00","og_image":[{"width":950,"height":401,"url":"https:\/\/immigrantquebec.com\/fr\/wp-content\/uploads\/2023\/06\/photo-4-\u00a9-Jacob-Richemond-web.jpg","type":"image\/jpeg"}],"author":"Armelle Pieroni-Christin","twitter_misc":{"\u00c9crit par":"Armelle Pieroni-Christin","Dur\u00e9e de lecture estim\u00e9e":"6 minutes"},"schema":{"@context":"https:\/\/schema.org","@graph":[{"@type":"Article","@id":"https:\/\/immigrantquebec.com\/fr\/conseils-d-experts\/visages-du-quebec-lovejoyce-la-voix-de-lespoir\/#article","isPartOf":{"@id":"https:\/\/immigrantquebec.com\/fr\/conseils-d-experts\/visages-du-quebec-lovejoyce-la-voix-de-lespoir\/"},"author":{"name":"Armelle Pieroni-Christin","@id":"https:\/\/immigrantquebec.com\/fr\/#\/schema\/person\/96e18142f08da45d2e18aa25081cdddb"},"headline":"Visages du Qu\u00e9bec : Lovejoyce, la voix de l\u2019espoir","datePublished":"2023-06-19T20:40:33+00:00","dateModified":"2023-06-19T20:40:57+00:00","mainEntityOfPage":{"@id":"https:\/\/immigrantquebec.com\/fr\/conseils-d-experts\/visages-du-quebec-lovejoyce-la-voix-de-lespoir\/"},"wordCount":1144,"publisher":{"@id":"https:\/\/immigrantquebec.com\/fr\/#organization"},"image":{"@id":"https:\/\/immigrantquebec.com\/fr\/conseils-d-experts\/visages-du-quebec-lovejoyce-la-voix-de-lespoir\/#primaryimage"},"thumbnailUrl":"https:\/\/immigrantquebec.com\/fr\/wp-content\/uploads\/2023\/06\/photo-4-\u00a9-Jacob-Richemond-web.jpg","articleSection":["Conseils d'experts"],"inLanguage":"fr-FR"},{"@type":"WebPage","@id":"https:\/\/immigrantquebec.com\/fr\/conseils-d-experts\/visages-du-quebec-lovejoyce-la-voix-de-lespoir\/","url":"https:\/\/immigrantquebec.com\/fr\/conseils-d-experts\/visages-du-quebec-lovejoyce-la-voix-de-lespoir\/","name":"Visages du Qu\u00e9bec : Lovejoyce, la voix de l\u2019espoir - Immigrant Qu\u00e9bec","isPartOf":{"@id":"https:\/\/immigrantquebec.com\/fr\/#website"},"primaryImageOfPage":{"@id":"https:\/\/immigrantquebec.com\/fr\/conseils-d-experts\/visages-du-quebec-lovejoyce-la-voix-de-lespoir\/#primaryimage"},"image":{"@id":"https:\/\/immigrantquebec.com\/fr\/conseils-d-experts\/visages-du-quebec-lovejoyce-la-voix-de-lespoir\/#primaryimage"},"thumbnailUrl":"https:\/\/immigrantquebec.com\/fr\/wp-content\/uploads\/2023\/06\/photo-4-\u00a9-Jacob-Richemond-web.jpg","datePublished":"2023-06-19T20:40:33+00:00","dateModified":"2023-06-19T20:40:57+00:00","description":"Lovejoyce a d\u00fb quitter subitement son pays en 2016. Le d\u00e9but d'un long chemin vers la r\u00e9unification de sa famille, rest\u00e9e au Togo.","breadcrumb":{"@id":"https:\/\/immigrantquebec.com\/fr\/conseils-d-experts\/visages-du-quebec-lovejoyce-la-voix-de-lespoir\/#breadcrumb"},"inLanguage":"fr-FR","potentialAction":[{"@type":"ReadAction","target":["https:\/\/immigrantquebec.com\/fr\/conseils-d-experts\/visages-du-quebec-lovejoyce-la-voix-de-lespoir\/"]}]},{"@type":"ImageObject","inLanguage":"fr-FR","@id":"https:\/\/immigrantquebec.com\/fr\/conseils-d-experts\/visages-du-quebec-lovejoyce-la-voix-de-lespoir\/#primaryimage","url":"https:\/\/immigrantquebec.com\/fr\/wp-content\/uploads\/2023\/06\/photo-4-\u00a9-Jacob-Richemond-web.jpg","contentUrl":"https:\/\/immigrantquebec.com\/fr\/wp-content\/uploads\/2023\/06\/photo-4-\u00a9-Jacob-Richemond-web.jpg","width":950,"height":401},{"@type":"BreadcrumbList","@id":"https:\/\/immigrantquebec.com\/fr\/conseils-d-experts\/visages-du-quebec-lovejoyce-la-voix-de-lespoir\/#breadcrumb","itemListElement":[{"@type":"ListItem","position":1,"name":"Accueil","item":"https:\/\/immigrantquebec.com\/fr\/"},{"@type":"ListItem","position":2,"name":"Conseils d'experts","item":"https:\/\/immigrantquebec.com\/fr\/conseils-d-experts\/"},{"@type":"ListItem","position":3,"name":"Visages du Qu\u00e9bec : Lovejoyce, la voix de l\u2019espoir"}]},{"@type":"WebSite","@id":"https:\/\/immigrantquebec.com\/fr\/#website","url":"https:\/\/immigrantquebec.com\/fr\/","name":"Immigrant Qu\u00e9bec","description":"Immigrer, vivre, travailler et \u00e9tudier au Qu\u00e9bec, Canada","publisher":{"@id":"https:\/\/immigrantquebec.com\/fr\/#organization"},"potentialAction":[{"@type":"SearchAction","target":{"@type":"EntryPoint","urlTemplate":"https:\/\/immigrantquebec.com\/fr\/?s={search_term_string}"},"query-input":{"@type":"PropertyValueSpecification","valueRequired":true,"valueName":"search_term_string"}}],"inLanguage":"fr-FR"},{"@type":"Organization","@id":"https:\/\/immigrantquebec.com\/fr\/#organization","name":"Immigrant Qu\u00e9bec","url":"https:\/\/immigrantquebec.com\/fr\/","logo":{"@type":"ImageObject","inLanguage":"fr-FR","@id":"https:\/\/immigrantquebec.com\/fr\/#\/schema\/logo\/image\/","url":"https:\/\/immigrantquebec.com\/fr\/wp-content\/uploads\/2024\/03\/LogoIQ-2024-RVB.png","contentUrl":"https:\/\/immigrantquebec.com\/fr\/wp-content\/uploads\/2024\/03\/LogoIQ-2024-RVB.png","width":2500,"height":1137,"caption":"Immigrant Qu\u00e9bec"},"image":{"@id":"https:\/\/immigrantquebec.com\/fr\/#\/schema\/logo\/image\/"},"sameAs":["https:\/\/www.facebook.com\/immigrantquebec","https:\/\/x.com\/ImmigrantQuebec","https:\/\/www.instagram.com\/immigrantquebec","https:\/\/www.youtube.com\/user\/ImmigrantQc"]},{"@type":"Person","@id":"https:\/\/immigrantquebec.com\/fr\/#\/schema\/person\/96e18142f08da45d2e18aa25081cdddb","name":"Armelle Pieroni-Christin","image":{"@type":"ImageObject","inLanguage":"fr-FR","@id":"https:\/\/immigrantquebec.com\/fr\/wp-content\/uploads\/2022\/03\/Armelle-Pieroni-Christin-96x96.jpg","url":"https:\/\/immigrantquebec.com\/fr\/wp-content\/uploads\/2022\/03\/Armelle-Pieroni-Christin-96x96.jpg","contentUrl":"https:\/\/immigrantquebec.com\/fr\/wp-content\/uploads\/2022\/03\/Armelle-Pieroni-Christin-96x96.jpg","caption":"Armelle Pieroni-Christin"},"description":"Apr\u00e8s avoir travaill\u00e9 10 ans comme journaliste plurim\u00e9dia pour la Ville de Paris, l'amour du Qu\u00e9bec a eu raison de cette r\u00e9dactrice-jur\u00e9e litt\u00e9raire, install\u00e9e en famille \u00e0 Montr\u00e9al depuis ao\u00fbt 2018. Ses passions ? La litt\u00e9rature, bien s\u00fbr, les voyages, les rencontres et tout ce qui a trait \u00e0 la Belle Province, naturellement !","url":"https:\/\/immigrantquebec.com\/fr\/author\/armelle-p-c\/"}]}},"_links":{"self":[{"href":"https:\/\/immigrantquebec.com\/fr\/wp-json\/wp\/v2\/posts\/14322","targetHints":{"allow":["GET"]}}],"collection":[{"href":"https:\/\/immigrantquebec.com\/fr\/wp-json\/wp\/v2\/posts"}],"about":[{"href":"https:\/\/immigrantquebec.com\/fr\/wp-json\/wp\/v2\/types\/post"}],"author":[{"embeddable":true,"href":"https:\/\/immigrantquebec.com\/fr\/wp-json\/wp\/v2\/users\/3465"}],"replies":[{"embeddable":true,"href":"https:\/\/immigrantquebec.com\/fr\/wp-json\/wp\/v2\/comments?post=14322"}],"version-history":[{"count":0,"href":"https:\/\/immigrantquebec.com\/fr\/wp-json\/wp\/v2\/posts\/14322\/revisions"}],"wp:featuredmedia":[{"embeddable":true,"href":"https:\/\/immigrantquebec.com\/fr\/wp-json\/wp\/v2\/media\/14323"}],"wp:attachment":[{"href":"https:\/\/immigrantquebec.com\/fr\/wp-json\/wp\/v2\/media?parent=14322"}],"wp:term":[{"taxonomy":"category","embeddable":true,"href":"https:\/\/immigrantquebec.com\/fr\/wp-json\/wp\/v2\/categories?post=14322"},{"taxonomy":"post_tag","embeddable":true,"href":"https:\/\/immigrantquebec.com\/fr\/wp-json\/wp\/v2\/tags?post=14322"}],"curies":[{"name":"wp","href":"https:\/\/api.w.org\/{rel}","templated":true}]}}