{"id":14592,"date":"2023-11-03T13:43:00","date_gmt":"2023-11-03T17:43:00","guid":{"rendered":"https:\/\/immigrantquebec.com\/fr\/?p=14592"},"modified":"2023-11-06T12:48:31","modified_gmt":"2023-11-06T16:48:31","slug":"planification-de-limmigration-2024-2025-le-seuil-de-50-000-personnes-admises-est-maintenu","status":"publish","type":"post","link":"https:\/\/immigrantquebec.com\/fr\/actualites\/planification-de-limmigration-2024-2025-le-seuil-de-50-000-personnes-admises-est-maintenu\/","title":{"rendered":"Planification de l\u2019immigration\u00a02024-2025\u00a0: Maintien du seuil de 50\u2009000\u00a0personnes admises"},"content":{"rendered":"<p style=\"font-weight: 400;\"><em><span>Apr\u00e8s des semaines de consultation publique, nombreux \u00e9taient ceux qui attendaient avec impatience les d\u00e9tails de la planification strat\u00e9gique de l\u2019immigration au Qu\u00e9bec, pour la p\u00e9riode\u00a02024-2027. Mais personne ne s\u2019attendait aux annonces finalement rendues publiques le 1<sup>er<\/sup>\u00a0novembre 2023. \u00a0<\/span><\/em><\/p>\n<p style=\"font-weight: 400;\"><span>Les deux sc\u00e9narii envisag\u00e9s par le gouvernement semblaient bien d\u00e9limit\u00e9s, les garanties face \u00e0 une augmentation des seuils d\u2019immigration solides et l\u2019ouverture palpable. Les autorit\u00e9s auront finalement fait preuve d\u2019une grande prudence, non seulement dans les mesures act\u00e9es, mais aussi sur la p\u00e9riode concern\u00e9e, raccourcie de deux ans.<\/span><\/p>\n<h2 style=\"font-weight: 400;\"><strong><span>Le plan en d\u00e9tail<\/span><\/strong><\/h2>\n<p style=\"font-weight: 400;\"><span>Parmi les 50\u2009000\u00a0personnes accueillies annuellement, en 2024 et en 2025, Qu\u00e9bec pr\u00e9voit 30\u2009650\u00a0nouveaux r\u00e9sidents permanents, 1\u2009250\u00a0gens d\u2019affaires en 2024 (et 450 en 2025). Quant au regroupement familial, 10\u2009400\u00a0personnes pourront en b\u00e9n\u00e9ficier. 7\u2009200 r\u00e9fugi\u00e9s seront admis chaque ann\u00e9e.<\/span><\/p>\n<p style=\"font-weight: 400;\"><span>Les r\u00e9sidents permanents admis par le biais du volet<strong><em>Dipl\u00f4m\u00e9s du Qu\u00e9bec <\/em><\/strong>du<strong> Programme de l\u2019exp\u00e9rience qu\u00e9b\u00e9coise <\/strong>(PEQ) seront exclus du calcul, et seront donc accueillis en continu. En effet, les dipl\u00f4m\u00e9s ont obtenu un dipl\u00f4me qu\u00e9b\u00e9cois, parlent le fran\u00e7ais et sont d\u00e9j\u00e0 int\u00e9gr\u00e9s dans la soci\u00e9t\u00e9, s\u2019inscrivant ainsi \u00ab\u2009en tous points dans les orientations du plan gouvernemental\u2009\u00bb. Ils devront cependant avoir obtenu un dipl\u00f4me en fran\u00e7ais pendant au moins trois ans au secondaire et au postsecondaire. Certains estiment ainsi que le total de personnes admises pourrait en r\u00e9alit\u00e9 atteindre de 56\u2009500 \u00e0 60\u2009000 personnes.<\/span><\/p>\n<p style=\"font-weight: 400;\"><span>Ensuite, toujours dans une volont\u00e9 de renforcer la pr\u00e9sence du fran\u00e7ais dans la province, le gouvernement vise que la <strong>proportion de francophones augmente\u00a0entre 2024 et 2025, de 89\u00a0% \u00e0 93\u00a0%<\/strong> pour les requ\u00e9rants principaux dans les programmes d\u2019immigration \u00e9conomique, hormis les dipl\u00f4m\u00e9s.<\/span><\/p>\n<p style=\"font-weight: 400;\"><span>Les <strong>travailleurs \u00e9trangers temporaires<\/strong> devront prouver qu\u2019ils ont une connaissance du fran\u00e7ais de niveau\u00a04 \u00e0 l\u2019oral au minimum lorsqu\u2019ils voudront renouveler leur permis de travail. Les employeurs devront, quant \u00e0 eux, r\u00e9pondre \u00e0 des exigences pour soutenir l\u2019apprentissage du fran\u00e7ais par leurs employ\u00e9s. <strong>Cette mesure ne s\u2019appliquera pas aux travailleurs agricoles<\/strong>.<\/span><\/p>\n<p style=\"font-weight: 400;\"><span>Enfin, Qu\u00e9bec souhaiterait qu\u2019une telle exigence du fran\u00e7ais soit demand\u00e9e par IRCC aux personnes immigrantes relevant du <strong>Programme de mobilit\u00e9 internationale<\/strong> (PMI).<\/span><\/p>\n<h2 style=\"font-weight: 400;\"><strong><span>L\u2019aboutissement de plusieurs semaines de consultation <\/span><\/strong><\/h2>\n<p style=\"font-weight: 400;\"><span>Qu\u00e9bec avait organis\u00e9 des consultations publiques pour r\u00e9fl\u00e9chir collectivement \u00e0 la Planification de l\u2019immigration\u00a02024-2027. Elles ont engendr\u00e9 la publication et le d\u00e9p\u00f4t de 79\u00a0m\u00e9moires de la part de plusieurs acteurs des milieux, \u00e9conomiques, politiques et communautaires.<\/span><\/p>\n<p style=\"font-weight: 400;\"><span>Les r\u00e9flexions \u00e9taient men\u00e9es \u00e0 la lumi\u00e8re de deux sc\u00e9narii, propos\u00e9s par le gouvernement. <a href=\"https:\/\/immigrantquebec.com\/fr\/actualites\/consultations-immigration-apercu-memoires\/\" target=\"_blank\" rel=\"noopener\">Un des deux sc\u00e9narii semblait avoir la nette pr\u00e9f\u00e9rence de la soci\u00e9t\u00e9 civile<\/a>. Mais en optant pour une solution hybride inattendue, en conservant les seuils actuels du Sc\u00e9nario\u00a01 et l\u2019admission, en continu et hors quota, des PEQ Dipl\u00f4m\u00e9s du Qu\u00e9bec (Sc\u00e9nario\u00a02), la solution retenue pour deux ans au lieu de quatre s\u2019inscrit clairement dans une posture attentiste qui en aura pris plus d\u2019un au d\u00e9pourvu.<\/span><\/p>\n<p style=\"font-weight: 400;\"><span><a href=\"https:\/\/www.quebec.ca\/nouvelles\/actualites\/details\/planification-de-limmigration-du-quebec-pour-les-annees-2024-et-2025-de-nouveaux-seuils-dimmigration-qui-repondent-aux-objectifs-linguistiques-et-economiques-du-gouvernement-du-quebec-51703\" target=\"_blank\" rel=\"noopener\">Pour acc\u00e9der au communiqu\u00e9<\/a><\/span><\/p>\n<p><em>Photo : Adrien Olichon<\/em><\/p>\n","protected":false},"excerpt":{"rendered":"<p>Apr\u00e8s des semaines de consultation publique, nombreux \u00e9taient ceux qui attendaient les d\u00e9tails de la planification de l\u2019immigration au Qu\u00e9bec.<\/p>\n","protected":false},"author":3463,"featured_media":14594,"comment_status":"closed","ping_status":"closed","sticky":false,"template":"","format":"standard","meta":{"_acf_changed":false,"_genesis_hide_title":false,"_genesis_hide_breadcrumbs":false,"_genesis_hide_singular_image":false,"_genesis_hide_footer_widgets":false,"_genesis_custom_body_class":"","_genesis_custom_post_class":"","_genesis_layout":"","footnotes":""},"categories":[1],"tags":[],"class_list":{"0":"post-14592","1":"post","2":"type-post","3":"status-publish","4":"format-standard","5":"has-post-thumbnail","7":"category-actualites","8":"entry"},"acf":[],"yoast_head":"<!-- This site is optimized with the Yoast SEO plugin v27.5 - https:\/\/yoast.com\/product\/yoast-seo-wordpress\/ -->\n<title>Planification de l\u2019immigration\u00a02024-2025\u00a0: Maintien du seuil de 50\u2009000\u00a0personnes admises - Immigrant Qu\u00e9bec<\/title>\n<meta name=\"description\" content=\"Apr\u00e8s des semaines de consultation publique, nombreux \u00e9taient ceux qui attendaient les d\u00e9tails de la planification de l\u2019immigration au Qu\u00e9bec.\" \/>\n<meta name=\"robots\" content=\"index, follow, max-snippet:-1, max-image-preview:large, max-video-preview:-1\" \/>\n<link rel=\"canonical\" href=\"https:\/\/immigrantquebec.com\/fr\/actualites\/planification-de-limmigration-2024-2025-le-seuil-de-50-000-personnes-admises-est-maintenu\/\" \/>\n<meta property=\"og:locale\" content=\"fr_FR\" \/>\n<meta property=\"og:type\" content=\"article\" \/>\n<meta property=\"og:title\" content=\"Planification de l\u2019immigration\u00a02024-2025\u00a0: Maintien du seuil de 50\u2009000\u00a0personnes admises - Immigrant Qu\u00e9bec\" \/>\n<meta property=\"og:description\" content=\"Apr\u00e8s des semaines de consultation publique, nombreux \u00e9taient ceux qui attendaient les d\u00e9tails de la planification de l\u2019immigration au Qu\u00e9bec.\" \/>\n<meta property=\"og:url\" content=\"https:\/\/immigrantquebec.com\/fr\/actualites\/planification-de-limmigration-2024-2025-le-seuil-de-50-000-personnes-admises-est-maintenu\/\" \/>\n<meta property=\"og:site_name\" content=\"Immigrant Qu\u00e9bec\" \/>\n<meta property=\"article:publisher\" content=\"https:\/\/www.facebook.com\/immigrantquebec\" \/>\n<meta property=\"article:published_time\" content=\"2023-11-03T17:43:00+00:00\" \/>\n<meta property=\"article:modified_time\" content=\"2023-11-06T16:48:31+00:00\" \/>\n<meta property=\"og:image\" content=\"https:\/\/immigrantquebec.com\/fr\/wp-content\/uploads\/2023\/11\/adrien-olichon-fa89SGC9l0M-unsplash.jpg\" \/>\n\t<meta property=\"og:image:width\" content=\"950\" \/>\n\t<meta property=\"og:image:height\" content=\"400\" \/>\n\t<meta property=\"og:image:type\" content=\"image\/jpeg\" \/>\n<meta name=\"author\" content=\"Marine Caleb\" \/>\n<meta name=\"twitter:label1\" content=\"\u00c9crit par\" \/>\n\t<meta name=\"twitter:data1\" content=\"Marine Caleb\" \/>\n\t<meta name=\"twitter:label2\" content=\"Dur\u00e9e de lecture estim\u00e9e\" \/>\n\t<meta name=\"twitter:data2\" content=\"3 minutes\" \/>\n<script type=\"application\/ld+json\" class=\"yoast-schema-graph\">{\"@context\":\"https:\\\/\\\/schema.org\",\"@graph\":[{\"@type\":\"Article\",\"@id\":\"https:\\\/\\\/immigrantquebec.com\\\/fr\\\/actualites\\\/planification-de-limmigration-2024-2025-le-seuil-de-50-000-personnes-admises-est-maintenu\\\/#article\",\"isPartOf\":{\"@id\":\"https:\\\/\\\/immigrantquebec.com\\\/fr\\\/actualites\\\/planification-de-limmigration-2024-2025-le-seuil-de-50-000-personnes-admises-est-maintenu\\\/\"},\"author\":{\"name\":\"Marine Caleb\",\"@id\":\"https:\\\/\\\/immigrantquebec.com\\\/fr\\\/#\\\/schema\\\/person\\\/5a0a7750c5af0c69575b9d0398abcc4f\"},\"headline\":\"Planification de l\u2019immigration\u00a02024-2025\u00a0: Maintien du seuil de 50\u2009000\u00a0personnes admises\",\"datePublished\":\"2023-11-03T17:43:00+00:00\",\"dateModified\":\"2023-11-06T16:48:31+00:00\",\"mainEntityOfPage\":{\"@id\":\"https:\\\/\\\/immigrantquebec.com\\\/fr\\\/actualites\\\/planification-de-limmigration-2024-2025-le-seuil-de-50-000-personnes-admises-est-maintenu\\\/\"},\"wordCount\":555,\"publisher\":{\"@id\":\"https:\\\/\\\/immigrantquebec.com\\\/fr\\\/#organization\"},\"image\":{\"@id\":\"https:\\\/\\\/immigrantquebec.com\\\/fr\\\/actualites\\\/planification-de-limmigration-2024-2025-le-seuil-de-50-000-personnes-admises-est-maintenu\\\/#primaryimage\"},\"thumbnailUrl\":\"https:\\\/\\\/immigrantquebec.com\\\/fr\\\/wp-content\\\/uploads\\\/2023\\\/11\\\/adrien-olichon-fa89SGC9l0M-unsplash.jpg\",\"articleSection\":[\"Actualit\u00e9s\"],\"inLanguage\":\"fr-FR\"},{\"@type\":\"WebPage\",\"@id\":\"https:\\\/\\\/immigrantquebec.com\\\/fr\\\/actualites\\\/planification-de-limmigration-2024-2025-le-seuil-de-50-000-personnes-admises-est-maintenu\\\/\",\"url\":\"https:\\\/\\\/immigrantquebec.com\\\/fr\\\/actualites\\\/planification-de-limmigration-2024-2025-le-seuil-de-50-000-personnes-admises-est-maintenu\\\/\",\"name\":\"Planification de l\u2019immigration\u00a02024-2025\u00a0: Maintien du seuil de 50\u2009000\u00a0personnes admises - Immigrant Qu\u00e9bec\",\"isPartOf\":{\"@id\":\"https:\\\/\\\/immigrantquebec.com\\\/fr\\\/#website\"},\"primaryImageOfPage\":{\"@id\":\"https:\\\/\\\/immigrantquebec.com\\\/fr\\\/actualites\\\/planification-de-limmigration-2024-2025-le-seuil-de-50-000-personnes-admises-est-maintenu\\\/#primaryimage\"},\"image\":{\"@id\":\"https:\\\/\\\/immigrantquebec.com\\\/fr\\\/actualites\\\/planification-de-limmigration-2024-2025-le-seuil-de-50-000-personnes-admises-est-maintenu\\\/#primaryimage\"},\"thumbnailUrl\":\"https:\\\/\\\/immigrantquebec.com\\\/fr\\\/wp-content\\\/uploads\\\/2023\\\/11\\\/adrien-olichon-fa89SGC9l0M-unsplash.jpg\",\"datePublished\":\"2023-11-03T17:43:00+00:00\",\"dateModified\":\"2023-11-06T16:48:31+00:00\",\"description\":\"Apr\u00e8s des semaines de consultation publique, nombreux \u00e9taient ceux qui attendaient les d\u00e9tails de la planification de l\u2019immigration au Qu\u00e9bec.\",\"breadcrumb\":{\"@id\":\"https:\\\/\\\/immigrantquebec.com\\\/fr\\\/actualites\\\/planification-de-limmigration-2024-2025-le-seuil-de-50-000-personnes-admises-est-maintenu\\\/#breadcrumb\"},\"inLanguage\":\"fr-FR\",\"potentialAction\":[{\"@type\":\"ReadAction\",\"target\":[\"https:\\\/\\\/immigrantquebec.com\\\/fr\\\/actualites\\\/planification-de-limmigration-2024-2025-le-seuil-de-50-000-personnes-admises-est-maintenu\\\/\"]}]},{\"@type\":\"ImageObject\",\"inLanguage\":\"fr-FR\",\"@id\":\"https:\\\/\\\/immigrantquebec.com\\\/fr\\\/actualites\\\/planification-de-limmigration-2024-2025-le-seuil-de-50-000-personnes-admises-est-maintenu\\\/#primaryimage\",\"url\":\"https:\\\/\\\/immigrantquebec.com\\\/fr\\\/wp-content\\\/uploads\\\/2023\\\/11\\\/adrien-olichon-fa89SGC9l0M-unsplash.jpg\",\"contentUrl\":\"https:\\\/\\\/immigrantquebec.com\\\/fr\\\/wp-content\\\/uploads\\\/2023\\\/11\\\/adrien-olichon-fa89SGC9l0M-unsplash.jpg\",\"width\":950,\"height\":400},{\"@type\":\"BreadcrumbList\",\"@id\":\"https:\\\/\\\/immigrantquebec.com\\\/fr\\\/actualites\\\/planification-de-limmigration-2024-2025-le-seuil-de-50-000-personnes-admises-est-maintenu\\\/#breadcrumb\",\"itemListElement\":[{\"@type\":\"ListItem\",\"position\":1,\"name\":\"Accueil\",\"item\":\"https:\\\/\\\/immigrantquebec.com\\\/fr\\\/\"},{\"@type\":\"ListItem\",\"position\":2,\"name\":\"Actualit\u00e9s\",\"item\":\"https:\\\/\\\/immigrantquebec.com\\\/fr\\\/actualites\\\/\"},{\"@type\":\"ListItem\",\"position\":3,\"name\":\"Planification de l\u2019immigration\u00a02024-2025\u00a0: Maintien du seuil de 50\u2009000\u00a0personnes admises\"}]},{\"@type\":\"WebSite\",\"@id\":\"https:\\\/\\\/immigrantquebec.com\\\/fr\\\/#website\",\"url\":\"https:\\\/\\\/immigrantquebec.com\\\/fr\\\/\",\"name\":\"Immigrant Qu\u00e9bec\",\"description\":\"Immigrer, vivre, travailler et \u00e9tudier au Qu\u00e9bec, Canada\",\"publisher\":{\"@id\":\"https:\\\/\\\/immigrantquebec.com\\\/fr\\\/#organization\"},\"potentialAction\":[{\"@type\":\"SearchAction\",\"target\":{\"@type\":\"EntryPoint\",\"urlTemplate\":\"https:\\\/\\\/immigrantquebec.com\\\/fr\\\/?s={search_term_string}\"},\"query-input\":{\"@type\":\"PropertyValueSpecification\",\"valueRequired\":true,\"valueName\":\"search_term_string\"}}],\"inLanguage\":\"fr-FR\"},{\"@type\":\"Organization\",\"@id\":\"https:\\\/\\\/immigrantquebec.com\\\/fr\\\/#organization\",\"name\":\"Immigrant Qu\u00e9bec\",\"url\":\"https:\\\/\\\/immigrantquebec.com\\\/fr\\\/\",\"logo\":{\"@type\":\"ImageObject\",\"inLanguage\":\"fr-FR\",\"@id\":\"https:\\\/\\\/immigrantquebec.com\\\/fr\\\/#\\\/schema\\\/logo\\\/image\\\/\",\"url\":\"https:\\\/\\\/immigrantquebec.com\\\/fr\\\/wp-content\\\/uploads\\\/2024\\\/03\\\/LogoIQ-2024-RVB.png\",\"contentUrl\":\"https:\\\/\\\/immigrantquebec.com\\\/fr\\\/wp-content\\\/uploads\\\/2024\\\/03\\\/LogoIQ-2024-RVB.png\",\"width\":2500,\"height\":1137,\"caption\":\"Immigrant Qu\u00e9bec\"},\"image\":{\"@id\":\"https:\\\/\\\/immigrantquebec.com\\\/fr\\\/#\\\/schema\\\/logo\\\/image\\\/\"},\"sameAs\":[\"https:\\\/\\\/www.facebook.com\\\/immigrantquebec\",\"https:\\\/\\\/x.com\\\/ImmigrantQuebec\",\"https:\\\/\\\/www.instagram.com\\\/immigrantquebec\",\"https:\\\/\\\/www.youtube.com\\\/user\\\/ImmigrantQc\"]},{\"@type\":\"Person\",\"@id\":\"https:\\\/\\\/immigrantquebec.com\\\/fr\\\/#\\\/schema\\\/person\\\/5a0a7750c5af0c69575b9d0398abcc4f\",\"name\":\"Marine Caleb\",\"image\":{\"@type\":\"ImageObject\",\"inLanguage\":\"fr-FR\",\"@id\":\"https:\\\/\\\/secure.gravatar.com\\\/avatar\\\/c7fbf7b4b0f62478765bdb817f4da11e6db63026d8595ad858b78f38425200cc?s=96&d=mm&r=g\",\"url\":\"https:\\\/\\\/secure.gravatar.com\\\/avatar\\\/c7fbf7b4b0f62478765bdb817f4da11e6db63026d8595ad858b78f38425200cc?s=96&d=mm&r=g\",\"contentUrl\":\"https:\\\/\\\/secure.gravatar.com\\\/avatar\\\/c7fbf7b4b0f62478765bdb817f4da11e6db63026d8595ad858b78f38425200cc?s=96&d=mm&r=g\",\"caption\":\"Marine Caleb\"},\"description\":\"Journaliste ind\u00e9pendante, Marine Caleb vit entre Marseille et Tripoli au Liban. Elle se sp\u00e9cialise dans la migration et les droits des femmes et \u00e9crit pour divers m\u00e9dias canadiens, fran\u00e7ais et du Swana.\u00a0Ayant v\u00e9cu de nombreuses ann\u00e9es au Qu\u00e9bec, elle dirige le magazine des journalistes du Qu\u00e9bec, Le Trente.\",\"url\":\"https:\\\/\\\/immigrantquebec.com\\\/fr\\\/author\\\/marine-c\\\/\"}]}<\/script>\n<!-- \/ Yoast SEO plugin. -->","yoast_head_json":{"title":"Planification de l\u2019immigration\u00a02024-2025\u00a0: Maintien du seuil de 50\u2009000\u00a0personnes admises - Immigrant Qu\u00e9bec","description":"Apr\u00e8s des semaines de consultation publique, nombreux \u00e9taient ceux qui attendaient les d\u00e9tails de la planification de l\u2019immigration au Qu\u00e9bec.","robots":{"index":"index","follow":"follow","max-snippet":"max-snippet:-1","max-image-preview":"max-image-preview:large","max-video-preview":"max-video-preview:-1"},"canonical":"https:\/\/immigrantquebec.com\/fr\/actualites\/planification-de-limmigration-2024-2025-le-seuil-de-50-000-personnes-admises-est-maintenu\/","og_locale":"fr_FR","og_type":"article","og_title":"Planification de l\u2019immigration\u00a02024-2025\u00a0: Maintien du seuil de 50\u2009000\u00a0personnes admises - Immigrant Qu\u00e9bec","og_description":"Apr\u00e8s des semaines de consultation publique, nombreux \u00e9taient ceux qui attendaient les d\u00e9tails de la planification de l\u2019immigration au Qu\u00e9bec.","og_url":"https:\/\/immigrantquebec.com\/fr\/actualites\/planification-de-limmigration-2024-2025-le-seuil-de-50-000-personnes-admises-est-maintenu\/","og_site_name":"Immigrant Qu\u00e9bec","article_publisher":"https:\/\/www.facebook.com\/immigrantquebec","article_published_time":"2023-11-03T17:43:00+00:00","article_modified_time":"2023-11-06T16:48:31+00:00","og_image":[{"width":950,"height":400,"url":"https:\/\/immigrantquebec.com\/fr\/wp-content\/uploads\/2023\/11\/adrien-olichon-fa89SGC9l0M-unsplash.jpg","type":"image\/jpeg"}],"author":"Marine Caleb","twitter_misc":{"\u00c9crit par":"Marine Caleb","Dur\u00e9e de lecture estim\u00e9e":"3 minutes"},"schema":{"@context":"https:\/\/schema.org","@graph":[{"@type":"Article","@id":"https:\/\/immigrantquebec.com\/fr\/actualites\/planification-de-limmigration-2024-2025-le-seuil-de-50-000-personnes-admises-est-maintenu\/#article","isPartOf":{"@id":"https:\/\/immigrantquebec.com\/fr\/actualites\/planification-de-limmigration-2024-2025-le-seuil-de-50-000-personnes-admises-est-maintenu\/"},"author":{"name":"Marine Caleb","@id":"https:\/\/immigrantquebec.com\/fr\/#\/schema\/person\/5a0a7750c5af0c69575b9d0398abcc4f"},"headline":"Planification de l\u2019immigration\u00a02024-2025\u00a0: Maintien du seuil de 50\u2009000\u00a0personnes admises","datePublished":"2023-11-03T17:43:00+00:00","dateModified":"2023-11-06T16:48:31+00:00","mainEntityOfPage":{"@id":"https:\/\/immigrantquebec.com\/fr\/actualites\/planification-de-limmigration-2024-2025-le-seuil-de-50-000-personnes-admises-est-maintenu\/"},"wordCount":555,"publisher":{"@id":"https:\/\/immigrantquebec.com\/fr\/#organization"},"image":{"@id":"https:\/\/immigrantquebec.com\/fr\/actualites\/planification-de-limmigration-2024-2025-le-seuil-de-50-000-personnes-admises-est-maintenu\/#primaryimage"},"thumbnailUrl":"https:\/\/immigrantquebec.com\/fr\/wp-content\/uploads\/2023\/11\/adrien-olichon-fa89SGC9l0M-unsplash.jpg","articleSection":["Actualit\u00e9s"],"inLanguage":"fr-FR"},{"@type":"WebPage","@id":"https:\/\/immigrantquebec.com\/fr\/actualites\/planification-de-limmigration-2024-2025-le-seuil-de-50-000-personnes-admises-est-maintenu\/","url":"https:\/\/immigrantquebec.com\/fr\/actualites\/planification-de-limmigration-2024-2025-le-seuil-de-50-000-personnes-admises-est-maintenu\/","name":"Planification de l\u2019immigration\u00a02024-2025\u00a0: Maintien du seuil de 50\u2009000\u00a0personnes admises - Immigrant Qu\u00e9bec","isPartOf":{"@id":"https:\/\/immigrantquebec.com\/fr\/#website"},"primaryImageOfPage":{"@id":"https:\/\/immigrantquebec.com\/fr\/actualites\/planification-de-limmigration-2024-2025-le-seuil-de-50-000-personnes-admises-est-maintenu\/#primaryimage"},"image":{"@id":"https:\/\/immigrantquebec.com\/fr\/actualites\/planification-de-limmigration-2024-2025-le-seuil-de-50-000-personnes-admises-est-maintenu\/#primaryimage"},"thumbnailUrl":"https:\/\/immigrantquebec.com\/fr\/wp-content\/uploads\/2023\/11\/adrien-olichon-fa89SGC9l0M-unsplash.jpg","datePublished":"2023-11-03T17:43:00+00:00","dateModified":"2023-11-06T16:48:31+00:00","description":"Apr\u00e8s des semaines de consultation publique, nombreux \u00e9taient ceux qui attendaient les d\u00e9tails de la planification de l\u2019immigration au Qu\u00e9bec.","breadcrumb":{"@id":"https:\/\/immigrantquebec.com\/fr\/actualites\/planification-de-limmigration-2024-2025-le-seuil-de-50-000-personnes-admises-est-maintenu\/#breadcrumb"},"inLanguage":"fr-FR","potentialAction":[{"@type":"ReadAction","target":["https:\/\/immigrantquebec.com\/fr\/actualites\/planification-de-limmigration-2024-2025-le-seuil-de-50-000-personnes-admises-est-maintenu\/"]}]},{"@type":"ImageObject","inLanguage":"fr-FR","@id":"https:\/\/immigrantquebec.com\/fr\/actualites\/planification-de-limmigration-2024-2025-le-seuil-de-50-000-personnes-admises-est-maintenu\/#primaryimage","url":"https:\/\/immigrantquebec.com\/fr\/wp-content\/uploads\/2023\/11\/adrien-olichon-fa89SGC9l0M-unsplash.jpg","contentUrl":"https:\/\/immigrantquebec.com\/fr\/wp-content\/uploads\/2023\/11\/adrien-olichon-fa89SGC9l0M-unsplash.jpg","width":950,"height":400},{"@type":"BreadcrumbList","@id":"https:\/\/immigrantquebec.com\/fr\/actualites\/planification-de-limmigration-2024-2025-le-seuil-de-50-000-personnes-admises-est-maintenu\/#breadcrumb","itemListElement":[{"@type":"ListItem","position":1,"name":"Accueil","item":"https:\/\/immigrantquebec.com\/fr\/"},{"@type":"ListItem","position":2,"name":"Actualit\u00e9s","item":"https:\/\/immigrantquebec.com\/fr\/actualites\/"},{"@type":"ListItem","position":3,"name":"Planification de l\u2019immigration\u00a02024-2025\u00a0: Maintien du seuil de 50\u2009000\u00a0personnes admises"}]},{"@type":"WebSite","@id":"https:\/\/immigrantquebec.com\/fr\/#website","url":"https:\/\/immigrantquebec.com\/fr\/","name":"Immigrant Qu\u00e9bec","description":"Immigrer, vivre, travailler et \u00e9tudier au Qu\u00e9bec, Canada","publisher":{"@id":"https:\/\/immigrantquebec.com\/fr\/#organization"},"potentialAction":[{"@type":"SearchAction","target":{"@type":"EntryPoint","urlTemplate":"https:\/\/immigrantquebec.com\/fr\/?s={search_term_string}"},"query-input":{"@type":"PropertyValueSpecification","valueRequired":true,"valueName":"search_term_string"}}],"inLanguage":"fr-FR"},{"@type":"Organization","@id":"https:\/\/immigrantquebec.com\/fr\/#organization","name":"Immigrant Qu\u00e9bec","url":"https:\/\/immigrantquebec.com\/fr\/","logo":{"@type":"ImageObject","inLanguage":"fr-FR","@id":"https:\/\/immigrantquebec.com\/fr\/#\/schema\/logo\/image\/","url":"https:\/\/immigrantquebec.com\/fr\/wp-content\/uploads\/2024\/03\/LogoIQ-2024-RVB.png","contentUrl":"https:\/\/immigrantquebec.com\/fr\/wp-content\/uploads\/2024\/03\/LogoIQ-2024-RVB.png","width":2500,"height":1137,"caption":"Immigrant Qu\u00e9bec"},"image":{"@id":"https:\/\/immigrantquebec.com\/fr\/#\/schema\/logo\/image\/"},"sameAs":["https:\/\/www.facebook.com\/immigrantquebec","https:\/\/x.com\/ImmigrantQuebec","https:\/\/www.instagram.com\/immigrantquebec","https:\/\/www.youtube.com\/user\/ImmigrantQc"]},{"@type":"Person","@id":"https:\/\/immigrantquebec.com\/fr\/#\/schema\/person\/5a0a7750c5af0c69575b9d0398abcc4f","name":"Marine Caleb","image":{"@type":"ImageObject","inLanguage":"fr-FR","@id":"https:\/\/secure.gravatar.com\/avatar\/c7fbf7b4b0f62478765bdb817f4da11e6db63026d8595ad858b78f38425200cc?s=96&d=mm&r=g","url":"https:\/\/secure.gravatar.com\/avatar\/c7fbf7b4b0f62478765bdb817f4da11e6db63026d8595ad858b78f38425200cc?s=96&d=mm&r=g","contentUrl":"https:\/\/secure.gravatar.com\/avatar\/c7fbf7b4b0f62478765bdb817f4da11e6db63026d8595ad858b78f38425200cc?s=96&d=mm&r=g","caption":"Marine Caleb"},"description":"Journaliste ind\u00e9pendante, Marine Caleb vit entre Marseille et Tripoli au Liban. Elle se sp\u00e9cialise dans la migration et les droits des femmes et \u00e9crit pour divers m\u00e9dias canadiens, fran\u00e7ais et du Swana.\u00a0Ayant v\u00e9cu de nombreuses ann\u00e9es au Qu\u00e9bec, elle dirige le magazine des journalistes du Qu\u00e9bec, Le Trente.","url":"https:\/\/immigrantquebec.com\/fr\/author\/marine-c\/"}]}},"_links":{"self":[{"href":"https:\/\/immigrantquebec.com\/fr\/wp-json\/wp\/v2\/posts\/14592","targetHints":{"allow":["GET"]}}],"collection":[{"href":"https:\/\/immigrantquebec.com\/fr\/wp-json\/wp\/v2\/posts"}],"about":[{"href":"https:\/\/immigrantquebec.com\/fr\/wp-json\/wp\/v2\/types\/post"}],"author":[{"embeddable":true,"href":"https:\/\/immigrantquebec.com\/fr\/wp-json\/wp\/v2\/users\/3463"}],"replies":[{"embeddable":true,"href":"https:\/\/immigrantquebec.com\/fr\/wp-json\/wp\/v2\/comments?post=14592"}],"version-history":[{"count":0,"href":"https:\/\/immigrantquebec.com\/fr\/wp-json\/wp\/v2\/posts\/14592\/revisions"}],"wp:featuredmedia":[{"embeddable":true,"href":"https:\/\/immigrantquebec.com\/fr\/wp-json\/wp\/v2\/media\/14594"}],"wp:attachment":[{"href":"https:\/\/immigrantquebec.com\/fr\/wp-json\/wp\/v2\/media?parent=14592"}],"wp:term":[{"taxonomy":"category","embeddable":true,"href":"https:\/\/immigrantquebec.com\/fr\/wp-json\/wp\/v2\/categories?post=14592"},{"taxonomy":"post_tag","embeddable":true,"href":"https:\/\/immigrantquebec.com\/fr\/wp-json\/wp\/v2\/tags?post=14592"}],"curies":[{"name":"wp","href":"https:\/\/api.w.org\/{rel}","templated":true}]}}