{"id":14600,"date":"2023-11-07T16:36:27","date_gmt":"2023-11-07T20:36:27","guid":{"rendered":"https:\/\/immigrantquebec.com\/fr\/?p=14600"},"modified":"2023-11-07T16:36:27","modified_gmt":"2023-11-07T20:36:27","slug":"bulletin-de-limmigration-novembre-2023","status":"publish","type":"post","link":"https:\/\/immigrantquebec.com\/fr\/actualites\/bulletin-de-limmigration-novembre-2023\/","title":{"rendered":"Bulletin de l\u2019immigration \u2014 Novembre 2023"},"content":{"rendered":"<p style=\"font-weight: 400;\"><span>Ce mois-ci, les nouvelles concernent\u00a0: <\/span><\/p>\n<h2 style=\"font-weight: 400;\"><strong><span>Immigration<\/span><\/strong><\/h2>\n<ul>\n<li style=\"font-weight: 400;\"><span>Planification strat\u00e9gique\u00a02024-2025\u00a0: les annonces du MIFI<\/span><\/li>\n<li style=\"font-weight: 400;\"><span>Derniers jours pour s\u2019inscrire aux Journ\u00e9es Qu\u00e9bec France<\/span><\/li>\n<li style=\"font-weight: 400;\"><span>IRCC pr\u00e9sente ses mesures pour transformer l\u2019immigration au f\u00e9d\u00e9ral<\/span><\/li>\n<li style=\"font-weight: 400;\"><span>Vers une stabilisation du nombre de personnes admises au Canada<\/span><\/li>\n<li style=\"font-weight: 400;\"><span>Un nouveau programme pilote pour les travailleurs philippins<\/span><\/li>\n<li style=\"font-weight: 400;\"><span>IRCC r\u00e9pond sur les d\u00e9lais de traitement des demandes de r\u00e9sidence permanente<\/span><span>\u00a0<\/span><\/li>\n<\/ul>\n<h2 style=\"font-weight: 400;\"><strong><span>Emploi<\/span><\/strong><\/h2>\n<ul>\n<li style=\"font-weight: 400;\"><span>Une \u00e9tude sur les enjeux d\u2019int\u00e9gration des travailleurs \u00e9trangers dans la construction<\/span><\/li>\n<li style=\"font-weight: 400;\"><span>Des modifications au Plan d\u2019action pour les employeurs et la main-d\u2019\u0153uvre du PTET<\/span><\/li>\n<\/ul>\n<h2 style=\"font-weight: 400;\"><strong><span>Int\u00e9gration<\/span><\/strong><\/h2>\n<ul>\n<li style=\"font-weight: 400;\"><span>Les finalistes du prix Maurice-Pollack annonc\u00e9s<\/span><\/li>\n<li style=\"font-weight: 400;\"><span>Une 10<sup>e<\/sup>\u00a0direction r\u00e9gionale ouvre ses portes<\/span><\/li>\n<li style=\"font-weight: 400;\"><span>2,2\u00a0M$ \u00e0 un organisme pour l\u2019int\u00e9gration dans plusieurs villes du Qu\u00e9bec<\/span><\/li>\n<li style=\"font-weight: 400;\"><span>Patrimoine Canada c\u00e9l\u00e8bre le Mois du patrimoine allemand<\/span><\/li>\n<\/ul>\n<h2 style=\"font-weight: 400;\"><strong><span>\u00c9tudes<\/span><\/strong><\/h2>\n<ul>\n<li style=\"font-weight: 400;\"><span>Des nouveaut\u00e9s pour prot\u00e9ger les \u00e9tudiants \u00e9trangers<\/span><\/li>\n<li style=\"font-weight: 400;\"><span>Hausse des frais universitaires pour les \u00e9tudiants hors Qu\u00e9bec<\/span><\/li>\n<\/ul>\n<h2 style=\"font-weight: 400;\"><strong><span>Asile et refuge<\/span><\/strong><\/h2>\n<ul>\n<li style=\"font-weight: 400;\"><span>Un soutien aux personnes migrantes venant des Am\u00e9riques<\/span><\/li>\n<li style=\"font-weight: 400;\"><span>Le Canada a atteint son objectif d\u2019accueillir 40\u2009000\u00a0Afghans vuln\u00e9rables<\/span><\/li>\n<\/ul>\n<h2 style=\"font-weight: 400;\"><strong><span>F\u00e9d\u00e9ral \/ International<\/span><\/strong><\/h2>\n<ul>\n<li style=\"font-weight: 400;\"><span>Ottawa conseille \u00e0 ses ressortissants au Liban de quitter le pays<\/span><\/li>\n<li style=\"font-weight: 400;\"><span>1,8\u00a0M$ aux communaut\u00e9s francophones des Prairies<\/span><\/li>\n<li><span>Immigration\u00a0: une augmentation record dans les pays de l\u2019OCDE<\/span><\/li>\n<\/ul>\n<p>Bonne lecture !<\/p>\n<p><em>Photo : Kelly Sikkema<\/em><\/p>\n<p><span>\n<div\n    class='wp-block-pdfp-pdf-poster  alignnone'\n    id='block-2'\n    data-attributes='{&quot;uniqueId&quot;:&quot;pdfp1&quot;,&quot;file&quot;:&quot;https:\\\/\\\/immigrantquebec.com\\\/fr\\\/wp-content\\\/uploads\\\/2023\\\/11\\\/Novembre-2023-BDI-IQ_V2.pdf&quot;,&quot;title&quot;:&quot;Bulletin IQ \\u2013 Novembre 2023&quot;,&quot;height&quot;:&quot;842px&quot;,&quot;width&quot;:&quot;100%&quot;,&quot;print&quot;:false,&quot;fullscreenButton&quot;:&quot;1&quot;,&quot;fullscreenButtonText&quot;:&quot;View Fullscreen&quot;,&quot;newWindow&quot;:false,&quot;showName&quot;:false,&quot;downloadButton&quot;:false,&quot;downloadButtonText&quot;:&quot;Download File&quot;,&quot;protect&quot;:false,&quot;onlyPDF&quot;:false,&quot;defaultBrowser&quot;:false,&quot;thumbMenu&quot;:false,&quot;initialPage&quot;:0,&quot;sidebarOpen&quot;:false,&quot;lastVersion&quot;:false,&quot;hrScroll&quot;:0,&quot;alert&quot;:false,&quot;btnStyles&quot;:{&quot;background&quot;:&quot;#1e73be&quot;,&quot;color&quot;:&quot;#fff&quot;,&quot;fontSize&quot;:&quot;1rem&quot;,&quot;padding&quot;:{&quot;top&quot;:10,&quot;right&quot;:20,&quot;bottom&quot;:10,&quot;left&quot;:10}},&quot;popupOptions&quot;:{&quot;enabled&quot;:0,&quot;text&quot;:&quot;Open PDF&quot;,&quot;triggerType&quot;:&quot;button&quot;,&quot;image&quot;:&quot;&quot;,&quot;imageHeight&quot;:&quot;200px&quot;,&quot;imageWidth&quot;:&quot;300px&quot;,&quot;imagePdfIcon&quot;:true,&quot;triggerAlignment&quot;:&quot;center&quot;,&quot;btnStyle&quot;:{&quot;background&quot;:&quot;#1e73be&quot;,&quot;color&quot;:&quot;#fff&quot;,&quot;fontSize&quot;:&quot;1rem&quot;,&quot;padding&quot;:{&quot;top&quot;:10,&quot;right&quot;:20,&quot;bottom&quot;:10,&quot;left&quot;:10}}},&quot;actionsPosition&quot;:&quot;top&quot;,&quot;socialShare&quot;:{&quot;enabled&quot;:false,&quot;facebook&quot;:false,&quot;twitter&quot;:false,&quot;linkedin&quot;:false,&quot;pinterest&quot;:false,&quot;position&quot;:&quot;top&quot;},&quot;adobeEmbedder&quot;:false,&quot;align&quot;:&quot;none&quot;,&quot;alignment&quot;:&quot;left&quot;,&quot;titleFontSize&quot;:&quot;16px&quot;,&quot;isHideRightToolbar&quot;:false,&quot;additional&quot;:{&quot;ID&quot;:&quot;&quot;,&quot;Class&quot;:&quot;&quot;,&quot;CSS&quot;:&quot;&quot;},&quot;adobeOptions&quot;:{&quot;showDownloadPDF&quot;:true,&quot;showPrintPDF&quot;:true,&quot;showAnnotationTools&quot;:true,&quot;showFullScreen&quot;:false,&quot;embedMode&quot;:&quot;SIZED_CONTAINER&quot;},&quot;popupBtnStyle&quot;:{&quot;background&quot;:&quot;#2271b1&quot;,&quot;color&quot;:&quot;#fff&quot;,&quot;padding&quot;:{&quot;top&quot;:10,&quot;right&quot;:20,&quot;bottom&quot;:10,&quot;left&quot;:10}},&quot;popupBtnText&quot;:&quot;Open Document&quot;,&quot;CSS&quot;:&quot;&quot;,&quot;isPremium&quot;:false}'\n    style=\"text-align: left\">\n            <div class=\"pdfp_loading_placeholder\" style=\"height: 842px; width: 100%; display: flex; align-items: center; justify-content: center; background: #f5f5f5; border: 1px solid #ddd;\">\n             <p>Loading Viewer...<\/p>\n        <\/div>\n    <\/div>\n<\/span><\/p>\n","protected":false},"excerpt":{"rendered":"<p>On parle de seuils d&rsquo;immigration, de nouveaut\u00e9s pour les \u00e9tudiants hors Qu\u00e9bec, d&rsquo;enjeux d&rsquo;int\u00e9gration et m\u00eame de patrimoine allemand.<\/p>\n","protected":false},"author":3459,"featured_media":14604,"comment_status":"closed","ping_status":"closed","sticky":false,"template":"","format":"standard","meta":{"_acf_changed":false,"_genesis_hide_title":false,"_genesis_hide_breadcrumbs":false,"_genesis_hide_singular_image":false,"_genesis_hide_footer_widgets":false,"_genesis_custom_body_class":"","_genesis_custom_post_class":"","_genesis_layout":"","footnotes":""},"categories":[1,264],"tags":[],"class_list":{"0":"post-14600","1":"post","2":"type-post","3":"status-publish","4":"format-standard","5":"has-post-thumbnail","7":"category-actualites","8":"category-bulletins-de-limmigration","9":"entry"},"acf":[],"yoast_head":"<!-- This site is optimized with the Yoast SEO plugin v27.5 - https:\/\/yoast.com\/product\/yoast-seo-wordpress\/ -->\n<title>Bulletin de l\u2019immigration \u2014 Novembre 2023 - Immigrant Qu\u00e9bec<\/title>\n<meta name=\"description\" content=\"On parle de seuils d&#039;immigration, de nouveaut\u00e9s pour les \u00e9tudiants hors Qu\u00e9bec, d&#039;enjeux d&#039;int\u00e9gration et m\u00eame de patrimoine allemand.\" \/>\n<meta name=\"robots\" content=\"index, follow, max-snippet:-1, max-image-preview:large, max-video-preview:-1\" \/>\n<link rel=\"canonical\" href=\"https:\/\/immigrantquebec.com\/fr\/actualites\/bulletin-de-limmigration-novembre-2023\/\" \/>\n<meta property=\"og:locale\" content=\"fr_FR\" \/>\n<meta property=\"og:type\" content=\"article\" \/>\n<meta property=\"og:title\" content=\"Bulletin de l\u2019immigration \u2014 Novembre 2023 - Immigrant Qu\u00e9bec\" \/>\n<meta property=\"og:description\" content=\"On parle de seuils d&#039;immigration, de nouveaut\u00e9s pour les \u00e9tudiants hors Qu\u00e9bec, d&#039;enjeux d&#039;int\u00e9gration et m\u00eame de patrimoine allemand.\" \/>\n<meta property=\"og:url\" content=\"https:\/\/immigrantquebec.com\/fr\/actualites\/bulletin-de-limmigration-novembre-2023\/\" \/>\n<meta property=\"og:site_name\" content=\"Immigrant Qu\u00e9bec\" \/>\n<meta property=\"article:publisher\" content=\"https:\/\/www.facebook.com\/immigrantquebec\" \/>\n<meta property=\"article:published_time\" content=\"2023-11-07T20:36:27+00:00\" \/>\n<meta property=\"og:image\" content=\"https:\/\/immigrantquebec.com\/fr\/wp-content\/uploads\/2023\/11\/kelly-sikkema-1_RZL8BGBM-unsplash.jpg\" \/>\n\t<meta property=\"og:image:width\" content=\"950\" \/>\n\t<meta property=\"og:image:height\" content=\"400\" \/>\n\t<meta property=\"og:image:type\" content=\"image\/jpeg\" \/>\n<meta name=\"author\" content=\"Basile Moratille\" \/>\n<meta name=\"twitter:label1\" content=\"\u00c9crit par\" \/>\n\t<meta name=\"twitter:data1\" content=\"Basile Moratille\" \/>\n\t<meta name=\"twitter:label2\" content=\"Dur\u00e9e de lecture estim\u00e9e\" \/>\n\t<meta name=\"twitter:data2\" content=\"2 minutes\" \/>\n<script type=\"application\/ld+json\" class=\"yoast-schema-graph\">{\"@context\":\"https:\\\/\\\/schema.org\",\"@graph\":[{\"@type\":\"Article\",\"@id\":\"https:\\\/\\\/immigrantquebec.com\\\/fr\\\/actualites\\\/bulletin-de-limmigration-novembre-2023\\\/#article\",\"isPartOf\":{\"@id\":\"https:\\\/\\\/immigrantquebec.com\\\/fr\\\/actualites\\\/bulletin-de-limmigration-novembre-2023\\\/\"},\"author\":{\"name\":\"Basile Moratille\",\"@id\":\"https:\\\/\\\/immigrantquebec.com\\\/fr\\\/#\\\/schema\\\/person\\\/eed5ca7ba2c1007e602ee9b9b87fb4b8\"},\"headline\":\"Bulletin de l\u2019immigration \u2014 Novembre 2023\",\"datePublished\":\"2023-11-07T20:36:27+00:00\",\"mainEntityOfPage\":{\"@id\":\"https:\\\/\\\/immigrantquebec.com\\\/fr\\\/actualites\\\/bulletin-de-limmigration-novembre-2023\\\/\"},\"wordCount\":227,\"publisher\":{\"@id\":\"https:\\\/\\\/immigrantquebec.com\\\/fr\\\/#organization\"},\"image\":{\"@id\":\"https:\\\/\\\/immigrantquebec.com\\\/fr\\\/actualites\\\/bulletin-de-limmigration-novembre-2023\\\/#primaryimage\"},\"thumbnailUrl\":\"https:\\\/\\\/immigrantquebec.com\\\/fr\\\/wp-content\\\/uploads\\\/2023\\\/11\\\/kelly-sikkema-1_RZL8BGBM-unsplash.jpg\",\"articleSection\":[\"Actualit\u00e9s\",\"Bulletins de l'immigration\"],\"inLanguage\":\"fr-FR\"},{\"@type\":\"WebPage\",\"@id\":\"https:\\\/\\\/immigrantquebec.com\\\/fr\\\/actualites\\\/bulletin-de-limmigration-novembre-2023\\\/\",\"url\":\"https:\\\/\\\/immigrantquebec.com\\\/fr\\\/actualites\\\/bulletin-de-limmigration-novembre-2023\\\/\",\"name\":\"Bulletin de l\u2019immigration \u2014 Novembre 2023 - Immigrant Qu\u00e9bec\",\"isPartOf\":{\"@id\":\"https:\\\/\\\/immigrantquebec.com\\\/fr\\\/#website\"},\"primaryImageOfPage\":{\"@id\":\"https:\\\/\\\/immigrantquebec.com\\\/fr\\\/actualites\\\/bulletin-de-limmigration-novembre-2023\\\/#primaryimage\"},\"image\":{\"@id\":\"https:\\\/\\\/immigrantquebec.com\\\/fr\\\/actualites\\\/bulletin-de-limmigration-novembre-2023\\\/#primaryimage\"},\"thumbnailUrl\":\"https:\\\/\\\/immigrantquebec.com\\\/fr\\\/wp-content\\\/uploads\\\/2023\\\/11\\\/kelly-sikkema-1_RZL8BGBM-unsplash.jpg\",\"datePublished\":\"2023-11-07T20:36:27+00:00\",\"description\":\"On parle de seuils d'immigration, de nouveaut\u00e9s pour les \u00e9tudiants hors Qu\u00e9bec, d'enjeux d'int\u00e9gration et m\u00eame de patrimoine allemand.\",\"breadcrumb\":{\"@id\":\"https:\\\/\\\/immigrantquebec.com\\\/fr\\\/actualites\\\/bulletin-de-limmigration-novembre-2023\\\/#breadcrumb\"},\"inLanguage\":\"fr-FR\",\"potentialAction\":[{\"@type\":\"ReadAction\",\"target\":[\"https:\\\/\\\/immigrantquebec.com\\\/fr\\\/actualites\\\/bulletin-de-limmigration-novembre-2023\\\/\"]}]},{\"@type\":\"ImageObject\",\"inLanguage\":\"fr-FR\",\"@id\":\"https:\\\/\\\/immigrantquebec.com\\\/fr\\\/actualites\\\/bulletin-de-limmigration-novembre-2023\\\/#primaryimage\",\"url\":\"https:\\\/\\\/immigrantquebec.com\\\/fr\\\/wp-content\\\/uploads\\\/2023\\\/11\\\/kelly-sikkema-1_RZL8BGBM-unsplash.jpg\",\"contentUrl\":\"https:\\\/\\\/immigrantquebec.com\\\/fr\\\/wp-content\\\/uploads\\\/2023\\\/11\\\/kelly-sikkema-1_RZL8BGBM-unsplash.jpg\",\"width\":950,\"height\":400},{\"@type\":\"BreadcrumbList\",\"@id\":\"https:\\\/\\\/immigrantquebec.com\\\/fr\\\/actualites\\\/bulletin-de-limmigration-novembre-2023\\\/#breadcrumb\",\"itemListElement\":[{\"@type\":\"ListItem\",\"position\":1,\"name\":\"Accueil\",\"item\":\"https:\\\/\\\/immigrantquebec.com\\\/fr\\\/\"},{\"@type\":\"ListItem\",\"position\":2,\"name\":\"Actualit\u00e9s\",\"item\":\"https:\\\/\\\/immigrantquebec.com\\\/fr\\\/actualites\\\/\"},{\"@type\":\"ListItem\",\"position\":3,\"name\":\"Bulletin de l\u2019immigration \u2014 Novembre 2023\"}]},{\"@type\":\"WebSite\",\"@id\":\"https:\\\/\\\/immigrantquebec.com\\\/fr\\\/#website\",\"url\":\"https:\\\/\\\/immigrantquebec.com\\\/fr\\\/\",\"name\":\"Immigrant Qu\u00e9bec\",\"description\":\"Immigrer, vivre, travailler et \u00e9tudier au Qu\u00e9bec, Canada\",\"publisher\":{\"@id\":\"https:\\\/\\\/immigrantquebec.com\\\/fr\\\/#organization\"},\"potentialAction\":[{\"@type\":\"SearchAction\",\"target\":{\"@type\":\"EntryPoint\",\"urlTemplate\":\"https:\\\/\\\/immigrantquebec.com\\\/fr\\\/?s={search_term_string}\"},\"query-input\":{\"@type\":\"PropertyValueSpecification\",\"valueRequired\":true,\"valueName\":\"search_term_string\"}}],\"inLanguage\":\"fr-FR\"},{\"@type\":\"Organization\",\"@id\":\"https:\\\/\\\/immigrantquebec.com\\\/fr\\\/#organization\",\"name\":\"Immigrant Qu\u00e9bec\",\"url\":\"https:\\\/\\\/immigrantquebec.com\\\/fr\\\/\",\"logo\":{\"@type\":\"ImageObject\",\"inLanguage\":\"fr-FR\",\"@id\":\"https:\\\/\\\/immigrantquebec.com\\\/fr\\\/#\\\/schema\\\/logo\\\/image\\\/\",\"url\":\"https:\\\/\\\/immigrantquebec.com\\\/fr\\\/wp-content\\\/uploads\\\/2024\\\/03\\\/LogoIQ-2024-RVB.png\",\"contentUrl\":\"https:\\\/\\\/immigrantquebec.com\\\/fr\\\/wp-content\\\/uploads\\\/2024\\\/03\\\/LogoIQ-2024-RVB.png\",\"width\":2500,\"height\":1137,\"caption\":\"Immigrant Qu\u00e9bec\"},\"image\":{\"@id\":\"https:\\\/\\\/immigrantquebec.com\\\/fr\\\/#\\\/schema\\\/logo\\\/image\\\/\"},\"sameAs\":[\"https:\\\/\\\/www.facebook.com\\\/immigrantquebec\",\"https:\\\/\\\/x.com\\\/ImmigrantQuebec\",\"https:\\\/\\\/www.instagram.com\\\/immigrantquebec\",\"https:\\\/\\\/www.youtube.com\\\/user\\\/ImmigrantQc\"]},{\"@type\":\"Person\",\"@id\":\"https:\\\/\\\/immigrantquebec.com\\\/fr\\\/#\\\/schema\\\/person\\\/eed5ca7ba2c1007e602ee9b9b87fb4b8\",\"name\":\"Basile Moratille\",\"image\":{\"@type\":\"ImageObject\",\"inLanguage\":\"fr-FR\",\"@id\":\"https:\\\/\\\/secure.gravatar.com\\\/avatar\\\/639aa731bb7134a1e944526697fe0549d67ab17e00987171296fb5362fc909e9?s=96&d=mm&r=g\",\"url\":\"https:\\\/\\\/secure.gravatar.com\\\/avatar\\\/639aa731bb7134a1e944526697fe0549d67ab17e00987171296fb5362fc909e9?s=96&d=mm&r=g\",\"contentUrl\":\"https:\\\/\\\/secure.gravatar.com\\\/avatar\\\/639aa731bb7134a1e944526697fe0549d67ab17e00987171296fb5362fc909e9?s=96&d=mm&r=g\",\"caption\":\"Basile Moratille\"},\"description\":\"Directeur des contenus et des publications, Immigrant Qu\u00e9bec.\",\"url\":\"https:\\\/\\\/immigrantquebec.com\\\/fr\\\/author\\\/basile-moratilleimmigrantquebec-com\\\/\"}]}<\/script>\n<!-- \/ Yoast SEO plugin. -->","yoast_head_json":{"title":"Bulletin de l\u2019immigration \u2014 Novembre 2023 - Immigrant Qu\u00e9bec","description":"On parle de seuils d'immigration, de nouveaut\u00e9s pour les \u00e9tudiants hors Qu\u00e9bec, d'enjeux d'int\u00e9gration et m\u00eame de patrimoine allemand.","robots":{"index":"index","follow":"follow","max-snippet":"max-snippet:-1","max-image-preview":"max-image-preview:large","max-video-preview":"max-video-preview:-1"},"canonical":"https:\/\/immigrantquebec.com\/fr\/actualites\/bulletin-de-limmigration-novembre-2023\/","og_locale":"fr_FR","og_type":"article","og_title":"Bulletin de l\u2019immigration \u2014 Novembre 2023 - Immigrant Qu\u00e9bec","og_description":"On parle de seuils d'immigration, de nouveaut\u00e9s pour les \u00e9tudiants hors Qu\u00e9bec, d'enjeux d'int\u00e9gration et m\u00eame de patrimoine allemand.","og_url":"https:\/\/immigrantquebec.com\/fr\/actualites\/bulletin-de-limmigration-novembre-2023\/","og_site_name":"Immigrant Qu\u00e9bec","article_publisher":"https:\/\/www.facebook.com\/immigrantquebec","article_published_time":"2023-11-07T20:36:27+00:00","og_image":[{"width":950,"height":400,"url":"https:\/\/immigrantquebec.com\/fr\/wp-content\/uploads\/2023\/11\/kelly-sikkema-1_RZL8BGBM-unsplash.jpg","type":"image\/jpeg"}],"author":"Basile Moratille","twitter_misc":{"\u00c9crit par":"Basile Moratille","Dur\u00e9e de lecture estim\u00e9e":"2 minutes"},"schema":{"@context":"https:\/\/schema.org","@graph":[{"@type":"Article","@id":"https:\/\/immigrantquebec.com\/fr\/actualites\/bulletin-de-limmigration-novembre-2023\/#article","isPartOf":{"@id":"https:\/\/immigrantquebec.com\/fr\/actualites\/bulletin-de-limmigration-novembre-2023\/"},"author":{"name":"Basile Moratille","@id":"https:\/\/immigrantquebec.com\/fr\/#\/schema\/person\/eed5ca7ba2c1007e602ee9b9b87fb4b8"},"headline":"Bulletin de l\u2019immigration \u2014 Novembre 2023","datePublished":"2023-11-07T20:36:27+00:00","mainEntityOfPage":{"@id":"https:\/\/immigrantquebec.com\/fr\/actualites\/bulletin-de-limmigration-novembre-2023\/"},"wordCount":227,"publisher":{"@id":"https:\/\/immigrantquebec.com\/fr\/#organization"},"image":{"@id":"https:\/\/immigrantquebec.com\/fr\/actualites\/bulletin-de-limmigration-novembre-2023\/#primaryimage"},"thumbnailUrl":"https:\/\/immigrantquebec.com\/fr\/wp-content\/uploads\/2023\/11\/kelly-sikkema-1_RZL8BGBM-unsplash.jpg","articleSection":["Actualit\u00e9s","Bulletins de l'immigration"],"inLanguage":"fr-FR"},{"@type":"WebPage","@id":"https:\/\/immigrantquebec.com\/fr\/actualites\/bulletin-de-limmigration-novembre-2023\/","url":"https:\/\/immigrantquebec.com\/fr\/actualites\/bulletin-de-limmigration-novembre-2023\/","name":"Bulletin de l\u2019immigration \u2014 Novembre 2023 - Immigrant Qu\u00e9bec","isPartOf":{"@id":"https:\/\/immigrantquebec.com\/fr\/#website"},"primaryImageOfPage":{"@id":"https:\/\/immigrantquebec.com\/fr\/actualites\/bulletin-de-limmigration-novembre-2023\/#primaryimage"},"image":{"@id":"https:\/\/immigrantquebec.com\/fr\/actualites\/bulletin-de-limmigration-novembre-2023\/#primaryimage"},"thumbnailUrl":"https:\/\/immigrantquebec.com\/fr\/wp-content\/uploads\/2023\/11\/kelly-sikkema-1_RZL8BGBM-unsplash.jpg","datePublished":"2023-11-07T20:36:27+00:00","description":"On parle de seuils d'immigration, de nouveaut\u00e9s pour les \u00e9tudiants hors Qu\u00e9bec, d'enjeux d'int\u00e9gration et m\u00eame de patrimoine allemand.","breadcrumb":{"@id":"https:\/\/immigrantquebec.com\/fr\/actualites\/bulletin-de-limmigration-novembre-2023\/#breadcrumb"},"inLanguage":"fr-FR","potentialAction":[{"@type":"ReadAction","target":["https:\/\/immigrantquebec.com\/fr\/actualites\/bulletin-de-limmigration-novembre-2023\/"]}]},{"@type":"ImageObject","inLanguage":"fr-FR","@id":"https:\/\/immigrantquebec.com\/fr\/actualites\/bulletin-de-limmigration-novembre-2023\/#primaryimage","url":"https:\/\/immigrantquebec.com\/fr\/wp-content\/uploads\/2023\/11\/kelly-sikkema-1_RZL8BGBM-unsplash.jpg","contentUrl":"https:\/\/immigrantquebec.com\/fr\/wp-content\/uploads\/2023\/11\/kelly-sikkema-1_RZL8BGBM-unsplash.jpg","width":950,"height":400},{"@type":"BreadcrumbList","@id":"https:\/\/immigrantquebec.com\/fr\/actualites\/bulletin-de-limmigration-novembre-2023\/#breadcrumb","itemListElement":[{"@type":"ListItem","position":1,"name":"Accueil","item":"https:\/\/immigrantquebec.com\/fr\/"},{"@type":"ListItem","position":2,"name":"Actualit\u00e9s","item":"https:\/\/immigrantquebec.com\/fr\/actualites\/"},{"@type":"ListItem","position":3,"name":"Bulletin de l\u2019immigration \u2014 Novembre 2023"}]},{"@type":"WebSite","@id":"https:\/\/immigrantquebec.com\/fr\/#website","url":"https:\/\/immigrantquebec.com\/fr\/","name":"Immigrant Qu\u00e9bec","description":"Immigrer, vivre, travailler et \u00e9tudier au Qu\u00e9bec, Canada","publisher":{"@id":"https:\/\/immigrantquebec.com\/fr\/#organization"},"potentialAction":[{"@type":"SearchAction","target":{"@type":"EntryPoint","urlTemplate":"https:\/\/immigrantquebec.com\/fr\/?s={search_term_string}"},"query-input":{"@type":"PropertyValueSpecification","valueRequired":true,"valueName":"search_term_string"}}],"inLanguage":"fr-FR"},{"@type":"Organization","@id":"https:\/\/immigrantquebec.com\/fr\/#organization","name":"Immigrant Qu\u00e9bec","url":"https:\/\/immigrantquebec.com\/fr\/","logo":{"@type":"ImageObject","inLanguage":"fr-FR","@id":"https:\/\/immigrantquebec.com\/fr\/#\/schema\/logo\/image\/","url":"https:\/\/immigrantquebec.com\/fr\/wp-content\/uploads\/2024\/03\/LogoIQ-2024-RVB.png","contentUrl":"https:\/\/immigrantquebec.com\/fr\/wp-content\/uploads\/2024\/03\/LogoIQ-2024-RVB.png","width":2500,"height":1137,"caption":"Immigrant Qu\u00e9bec"},"image":{"@id":"https:\/\/immigrantquebec.com\/fr\/#\/schema\/logo\/image\/"},"sameAs":["https:\/\/www.facebook.com\/immigrantquebec","https:\/\/x.com\/ImmigrantQuebec","https:\/\/www.instagram.com\/immigrantquebec","https:\/\/www.youtube.com\/user\/ImmigrantQc"]},{"@type":"Person","@id":"https:\/\/immigrantquebec.com\/fr\/#\/schema\/person\/eed5ca7ba2c1007e602ee9b9b87fb4b8","name":"Basile Moratille","image":{"@type":"ImageObject","inLanguage":"fr-FR","@id":"https:\/\/secure.gravatar.com\/avatar\/639aa731bb7134a1e944526697fe0549d67ab17e00987171296fb5362fc909e9?s=96&d=mm&r=g","url":"https:\/\/secure.gravatar.com\/avatar\/639aa731bb7134a1e944526697fe0549d67ab17e00987171296fb5362fc909e9?s=96&d=mm&r=g","contentUrl":"https:\/\/secure.gravatar.com\/avatar\/639aa731bb7134a1e944526697fe0549d67ab17e00987171296fb5362fc909e9?s=96&d=mm&r=g","caption":"Basile Moratille"},"description":"Directeur des contenus et des publications, Immigrant Qu\u00e9bec.","url":"https:\/\/immigrantquebec.com\/fr\/author\/basile-moratilleimmigrantquebec-com\/"}]}},"_links":{"self":[{"href":"https:\/\/immigrantquebec.com\/fr\/wp-json\/wp\/v2\/posts\/14600","targetHints":{"allow":["GET"]}}],"collection":[{"href":"https:\/\/immigrantquebec.com\/fr\/wp-json\/wp\/v2\/posts"}],"about":[{"href":"https:\/\/immigrantquebec.com\/fr\/wp-json\/wp\/v2\/types\/post"}],"author":[{"embeddable":true,"href":"https:\/\/immigrantquebec.com\/fr\/wp-json\/wp\/v2\/users\/3459"}],"replies":[{"embeddable":true,"href":"https:\/\/immigrantquebec.com\/fr\/wp-json\/wp\/v2\/comments?post=14600"}],"version-history":[{"count":0,"href":"https:\/\/immigrantquebec.com\/fr\/wp-json\/wp\/v2\/posts\/14600\/revisions"}],"wp:featuredmedia":[{"embeddable":true,"href":"https:\/\/immigrantquebec.com\/fr\/wp-json\/wp\/v2\/media\/14604"}],"wp:attachment":[{"href":"https:\/\/immigrantquebec.com\/fr\/wp-json\/wp\/v2\/media?parent=14600"}],"wp:term":[{"taxonomy":"category","embeddable":true,"href":"https:\/\/immigrantquebec.com\/fr\/wp-json\/wp\/v2\/categories?post=14600"},{"taxonomy":"post_tag","embeddable":true,"href":"https:\/\/immigrantquebec.com\/fr\/wp-json\/wp\/v2\/tags?post=14600"}],"curies":[{"name":"wp","href":"https:\/\/api.w.org\/{rel}","templated":true}]}}