{"id":14721,"date":"2023-12-19T10:18:36","date_gmt":"2023-12-19T14:18:36","guid":{"rendered":"https:\/\/immigrantquebec.com\/fr\/?p=14721"},"modified":"2023-12-15T15:32:34","modified_gmt":"2023-12-15T19:32:34","slug":"le-mifi-depose-son-plan-strategique-2023-2027","status":"publish","type":"post","link":"https:\/\/immigrantquebec.com\/fr\/actualites\/le-mifi-depose-son-plan-strategique-2023-2027\/","title":{"rendered":"Le MIFI d\u00e9pose son plan strat\u00e9gique 2023-2027"},"content":{"rendered":"<p style=\"font-weight: 400;\"><span>Le 11\u00a0d\u00e9cembre 2023, la ministre de l\u2019Immigration, de la Francisation et de l\u2019Int\u00e9gration (MIFI) Christine Fr\u00e9chette a d\u00e9pos\u00e9 le <\/span><span><a href=\"https:\/\/cdn-contenu.quebec.ca\/cdn-contenu\/adm\/min\/immigration\/publications-adm\/plan-strategique\/PL_strategique_2023-2027_integral_MIFI.pdf\" target=\"_blank\" rel=\"noopener\">Plan strat\u00e9gique\u00a02023-2027<\/a><\/span><span>. <\/span><\/p>\n<p style=\"font-weight: 400;\"><span>Ce plan de 40\u00a0pages d\u00e9termine les enjeux, orientations et indicateurs pour tenir les cibles d\u2019immigration annonc\u00e9es en novembre. C\u2019est aussi l\u2019occasion de faire le bilan des activit\u00e9s. Ce sont 645,8\u00a0millions de dollars qui ont ainsi \u00e9t\u00e9 d\u00e9pens\u00e9s en 2022-2023. <\/span><\/p>\n<h2 style=\"font-weight: 400;\"><strong><span>Attirer, s\u00e9lectionner et int\u00e9grer<\/span><\/strong><\/h2>\n<p style=\"font-weight: 400;\"><span>Divis\u00e9 en quatre enjeux, le plan entend s\u2019attaquer d\u2019abord \u00e0 l\u2019attractivit\u00e9, la s\u00e9lection et l\u2019int\u00e9gration des personnes immigrantes, en tenant compte des besoins sp\u00e9cifiques des r\u00e9gions, et plus largement des besoins des entreprises en main-d\u2019\u0153uvre. <\/span><\/p>\n<p style=\"font-weight: 400;\"><span>Le gouvernement entend positionner le Qu\u00e9bec dans la comp\u00e9tition internationale pour attirer des travailleurs. Les personnes qui r\u00e9pondent \u00e0 ces besoins continueront donc \u00e0 \u00eatre favoris\u00e9es et int\u00e9gr\u00e9es de mani\u00e8re permanente. Pour ce faire, la reconnaissance des comp\u00e9tences sera toujours en chantier pour \u00eatre simplifi\u00e9e et les employeurs seront soutenus pour recruter.<\/span><\/p>\n<h2 style=\"font-weight: 400;\"><strong><span>Le fran\u00e7ais<\/span><\/strong><\/h2>\n<p style=\"font-weight: 400;\"><span>Second enjeu, la langue fran\u00e7aise. On parle ici d\u2019int\u00e9gration des personnes immigrantes dans leur collectivit\u00e9, francisation, r\u00e9gionalisation, etc. \u00c0 travers son service Francisation Qu\u00e9bec, le MIFI compte mieux arrimer les projets de vie des personnes immigrantes et les besoins en r\u00e9gions pour favoriser la r\u00e9gionalisation. Le MIFI estime que 22,7\u00a0% des personnes immigrantes se trouvaient hors de la Communaut\u00e9 m\u00e9tropolitaine de Montr\u00e9al en 2022 et 2023. Il cible un taux de 25\u00a0% pour 2026-2027. <\/span><\/p>\n<p style=\"font-weight: 400;\"><span>L\u2019int\u00e9gration passe par le fran\u00e7ais, et l\u2019accompagnement \u00e0 la francisation continue d\u2019\u00eatre une priorit\u00e9 pour les prochaines ann\u00e9es. Le minist\u00e8re entend bien augmenter ses cibles de personnes accompagn\u00e9es et suivant des cours de fran\u00e7ais. De plus, les collectivit\u00e9s continueront d\u2019\u00eatre un pilier dans l\u2019int\u00e9gration.<\/span><\/p>\n<p style=\"font-weight: 400;\"><span>L\u2019offre de cours de fran\u00e7ais sera diversifi\u00e9e avec cours en ligne pour les personnes \u00e0 l\u2019\u00e9tranger, par exemple. De plus, il compte augmenter le nombre de personnes qui suit des cours de fran\u00e7ais, passant de 64\u2009200\u00a0personnes en 2022-2023 \u00e0 75\u2009000 pour 2026-2027.<\/span><\/p>\n<h2 style=\"font-weight: 400;\"><strong><span>Les services gouvernementaux<\/span><\/strong><\/h2>\n<p style=\"font-weight: 400;\"><span>Le troisi\u00e8me enjeu concerne davantage l\u2019offre de services gouvernementaux. Le minist\u00e8re compte simplifier leur acc\u00e8s gr\u00e2ce \u00e0 une porte d\u2019entr\u00e9e unique, un meilleur accompagnement vers les services adapt\u00e9s et la mise en place de continuum de services. <\/span><\/p>\n<h2 style=\"font-weight: 400;\"><strong><span>Mieux r\u00e9pondre aux besoins<\/span><\/strong><\/h2>\n<p style=\"font-weight: 400;\"><span>Enfin, le dernier enjeu touche l\u2019organisation et la r\u00e9ponse aux besoins des personnes immigrantes, \u00e0 commencer par celle port\u00e9e par le propre personnel du minist\u00e8re de l\u2019Immigration, qui se trouve en premi\u00e8re ligne pour servir cette client\u00e8le. Un environnement de solidarit\u00e9 et de loyaut\u00e9 et une possibilit\u00e9 d\u2019\u00e9volution seront offerts au personnel. La culture organisationnelle du MIFI sera pens\u00e9e pour valoriser les comp\u00e9tences des employ\u00e9s. <\/span><\/p>\n<p style=\"font-weight: 400;\"><span>Et puis, le MIFI compte faire \u00e9voluer ses services en ligne en fonction des besoins des personnes immigrantes, des entreprises et des collectivit\u00e9s. <\/span><\/p>\n<p style=\"font-weight: 400;\"><span><a href=\"https:\/\/www.quebec.ca\/nouvelles\/actualites\/details\/depot-plan-strategique-2023-2027-mifi-52680\" target=\"_blank\" rel=\"noopener\">Pour acc\u00e9der au communiqu\u00e9 du MIFI<\/a>.<\/span><\/p>\n<p><em>Photo : Charles Deluvio<\/em><\/p>\n","protected":false},"excerpt":{"rendered":"<p>Ce plan de 40\u00a0pages d\u00e9termine les enjeux, orientations et indicateurs pour tenir les cibles d\u2019immigration annonc\u00e9es en novembre 2023.<\/p>\n","protected":false},"author":3463,"featured_media":14722,"comment_status":"closed","ping_status":"closed","sticky":false,"template":"","format":"standard","meta":{"_acf_changed":false,"_genesis_hide_title":false,"_genesis_hide_breadcrumbs":false,"_genesis_hide_singular_image":false,"_genesis_hide_footer_widgets":false,"_genesis_custom_body_class":"","_genesis_custom_post_class":"","_genesis_layout":"","footnotes":""},"categories":[1],"tags":[],"class_list":{"0":"post-14721","1":"post","2":"type-post","3":"status-publish","4":"format-standard","5":"has-post-thumbnail","7":"category-actualites","8":"entry"},"acf":[],"yoast_head":"<!-- This site is optimized with the Yoast SEO plugin v27.5 - https:\/\/yoast.com\/product\/yoast-seo-wordpress\/ -->\n<title>Le MIFI d\u00e9pose son plan strat\u00e9gique 2023-2027 - Immigrant Qu\u00e9bec<\/title>\n<meta name=\"description\" content=\"Ce plan de 40\u00a0pages d\u00e9termine les enjeux, orientations et indicateurs pour tenir les cibles d\u2019immigration annonc\u00e9es en novembre 2023.\" \/>\n<meta name=\"robots\" content=\"index, follow, max-snippet:-1, max-image-preview:large, max-video-preview:-1\" \/>\n<link rel=\"canonical\" href=\"https:\/\/immigrantquebec.com\/fr\/actualites\/le-mifi-depose-son-plan-strategique-2023-2027\/\" \/>\n<meta property=\"og:locale\" content=\"fr_FR\" \/>\n<meta property=\"og:type\" content=\"article\" \/>\n<meta property=\"og:title\" content=\"Le MIFI d\u00e9pose son plan strat\u00e9gique 2023-2027 - Immigrant Qu\u00e9bec\" \/>\n<meta property=\"og:description\" content=\"Ce plan de 40\u00a0pages d\u00e9termine les enjeux, orientations et indicateurs pour tenir les cibles d\u2019immigration annonc\u00e9es en novembre 2023.\" \/>\n<meta property=\"og:url\" content=\"https:\/\/immigrantquebec.com\/fr\/actualites\/le-mifi-depose-son-plan-strategique-2023-2027\/\" \/>\n<meta property=\"og:site_name\" content=\"Immigrant Qu\u00e9bec\" \/>\n<meta property=\"article:publisher\" content=\"https:\/\/www.facebook.com\/immigrantquebec\" \/>\n<meta property=\"article:published_time\" content=\"2023-12-19T14:18:36+00:00\" \/>\n<meta property=\"og:image\" content=\"https:\/\/immigrantquebec.com\/fr\/wp-content\/uploads\/2023\/12\/charlesdeluvio-OWkXt1ikC5g-unsplash.jpg\" \/>\n\t<meta property=\"og:image:width\" content=\"950\" \/>\n\t<meta property=\"og:image:height\" content=\"400\" \/>\n\t<meta property=\"og:image:type\" content=\"image\/jpeg\" \/>\n<meta name=\"author\" content=\"Marine Caleb\" \/>\n<meta name=\"twitter:label1\" content=\"\u00c9crit par\" \/>\n\t<meta name=\"twitter:data1\" content=\"Marine Caleb\" \/>\n\t<meta name=\"twitter:label2\" content=\"Dur\u00e9e de lecture estim\u00e9e\" \/>\n\t<meta name=\"twitter:data2\" content=\"3 minutes\" \/>\n<script type=\"application\/ld+json\" class=\"yoast-schema-graph\">{\"@context\":\"https:\\\/\\\/schema.org\",\"@graph\":[{\"@type\":\"Article\",\"@id\":\"https:\\\/\\\/immigrantquebec.com\\\/fr\\\/actualites\\\/le-mifi-depose-son-plan-strategique-2023-2027\\\/#article\",\"isPartOf\":{\"@id\":\"https:\\\/\\\/immigrantquebec.com\\\/fr\\\/actualites\\\/le-mifi-depose-son-plan-strategique-2023-2027\\\/\"},\"author\":{\"name\":\"Marine Caleb\",\"@id\":\"https:\\\/\\\/immigrantquebec.com\\\/fr\\\/#\\\/schema\\\/person\\\/5a0a7750c5af0c69575b9d0398abcc4f\"},\"headline\":\"Le MIFI d\u00e9pose son plan strat\u00e9gique 2023-2027\",\"datePublished\":\"2023-12-19T14:18:36+00:00\",\"mainEntityOfPage\":{\"@id\":\"https:\\\/\\\/immigrantquebec.com\\\/fr\\\/actualites\\\/le-mifi-depose-son-plan-strategique-2023-2027\\\/\"},\"wordCount\":534,\"publisher\":{\"@id\":\"https:\\\/\\\/immigrantquebec.com\\\/fr\\\/#organization\"},\"image\":{\"@id\":\"https:\\\/\\\/immigrantquebec.com\\\/fr\\\/actualites\\\/le-mifi-depose-son-plan-strategique-2023-2027\\\/#primaryimage\"},\"thumbnailUrl\":\"https:\\\/\\\/immigrantquebec.com\\\/fr\\\/wp-content\\\/uploads\\\/2023\\\/12\\\/charlesdeluvio-OWkXt1ikC5g-unsplash.jpg\",\"articleSection\":[\"Actualit\u00e9s\"],\"inLanguage\":\"fr-FR\"},{\"@type\":\"WebPage\",\"@id\":\"https:\\\/\\\/immigrantquebec.com\\\/fr\\\/actualites\\\/le-mifi-depose-son-plan-strategique-2023-2027\\\/\",\"url\":\"https:\\\/\\\/immigrantquebec.com\\\/fr\\\/actualites\\\/le-mifi-depose-son-plan-strategique-2023-2027\\\/\",\"name\":\"Le MIFI d\u00e9pose son plan strat\u00e9gique 2023-2027 - Immigrant Qu\u00e9bec\",\"isPartOf\":{\"@id\":\"https:\\\/\\\/immigrantquebec.com\\\/fr\\\/#website\"},\"primaryImageOfPage\":{\"@id\":\"https:\\\/\\\/immigrantquebec.com\\\/fr\\\/actualites\\\/le-mifi-depose-son-plan-strategique-2023-2027\\\/#primaryimage\"},\"image\":{\"@id\":\"https:\\\/\\\/immigrantquebec.com\\\/fr\\\/actualites\\\/le-mifi-depose-son-plan-strategique-2023-2027\\\/#primaryimage\"},\"thumbnailUrl\":\"https:\\\/\\\/immigrantquebec.com\\\/fr\\\/wp-content\\\/uploads\\\/2023\\\/12\\\/charlesdeluvio-OWkXt1ikC5g-unsplash.jpg\",\"datePublished\":\"2023-12-19T14:18:36+00:00\",\"description\":\"Ce plan de 40\u00a0pages d\u00e9termine les enjeux, orientations et indicateurs pour tenir les cibles d\u2019immigration annonc\u00e9es en novembre 2023.\",\"breadcrumb\":{\"@id\":\"https:\\\/\\\/immigrantquebec.com\\\/fr\\\/actualites\\\/le-mifi-depose-son-plan-strategique-2023-2027\\\/#breadcrumb\"},\"inLanguage\":\"fr-FR\",\"potentialAction\":[{\"@type\":\"ReadAction\",\"target\":[\"https:\\\/\\\/immigrantquebec.com\\\/fr\\\/actualites\\\/le-mifi-depose-son-plan-strategique-2023-2027\\\/\"]}]},{\"@type\":\"ImageObject\",\"inLanguage\":\"fr-FR\",\"@id\":\"https:\\\/\\\/immigrantquebec.com\\\/fr\\\/actualites\\\/le-mifi-depose-son-plan-strategique-2023-2027\\\/#primaryimage\",\"url\":\"https:\\\/\\\/immigrantquebec.com\\\/fr\\\/wp-content\\\/uploads\\\/2023\\\/12\\\/charlesdeluvio-OWkXt1ikC5g-unsplash.jpg\",\"contentUrl\":\"https:\\\/\\\/immigrantquebec.com\\\/fr\\\/wp-content\\\/uploads\\\/2023\\\/12\\\/charlesdeluvio-OWkXt1ikC5g-unsplash.jpg\",\"width\":950,\"height\":400},{\"@type\":\"BreadcrumbList\",\"@id\":\"https:\\\/\\\/immigrantquebec.com\\\/fr\\\/actualites\\\/le-mifi-depose-son-plan-strategique-2023-2027\\\/#breadcrumb\",\"itemListElement\":[{\"@type\":\"ListItem\",\"position\":1,\"name\":\"Accueil\",\"item\":\"https:\\\/\\\/immigrantquebec.com\\\/fr\\\/\"},{\"@type\":\"ListItem\",\"position\":2,\"name\":\"Actualit\u00e9s\",\"item\":\"https:\\\/\\\/immigrantquebec.com\\\/fr\\\/actualites\\\/\"},{\"@type\":\"ListItem\",\"position\":3,\"name\":\"Le MIFI d\u00e9pose son plan strat\u00e9gique 2023-2027\"}]},{\"@type\":\"WebSite\",\"@id\":\"https:\\\/\\\/immigrantquebec.com\\\/fr\\\/#website\",\"url\":\"https:\\\/\\\/immigrantquebec.com\\\/fr\\\/\",\"name\":\"Immigrant Qu\u00e9bec\",\"description\":\"Immigrer, vivre, travailler et \u00e9tudier au Qu\u00e9bec, Canada\",\"publisher\":{\"@id\":\"https:\\\/\\\/immigrantquebec.com\\\/fr\\\/#organization\"},\"potentialAction\":[{\"@type\":\"SearchAction\",\"target\":{\"@type\":\"EntryPoint\",\"urlTemplate\":\"https:\\\/\\\/immigrantquebec.com\\\/fr\\\/?s={search_term_string}\"},\"query-input\":{\"@type\":\"PropertyValueSpecification\",\"valueRequired\":true,\"valueName\":\"search_term_string\"}}],\"inLanguage\":\"fr-FR\"},{\"@type\":\"Organization\",\"@id\":\"https:\\\/\\\/immigrantquebec.com\\\/fr\\\/#organization\",\"name\":\"Immigrant Qu\u00e9bec\",\"url\":\"https:\\\/\\\/immigrantquebec.com\\\/fr\\\/\",\"logo\":{\"@type\":\"ImageObject\",\"inLanguage\":\"fr-FR\",\"@id\":\"https:\\\/\\\/immigrantquebec.com\\\/fr\\\/#\\\/schema\\\/logo\\\/image\\\/\",\"url\":\"https:\\\/\\\/immigrantquebec.com\\\/fr\\\/wp-content\\\/uploads\\\/2024\\\/03\\\/LogoIQ-2024-RVB.png\",\"contentUrl\":\"https:\\\/\\\/immigrantquebec.com\\\/fr\\\/wp-content\\\/uploads\\\/2024\\\/03\\\/LogoIQ-2024-RVB.png\",\"width\":2500,\"height\":1137,\"caption\":\"Immigrant Qu\u00e9bec\"},\"image\":{\"@id\":\"https:\\\/\\\/immigrantquebec.com\\\/fr\\\/#\\\/schema\\\/logo\\\/image\\\/\"},\"sameAs\":[\"https:\\\/\\\/www.facebook.com\\\/immigrantquebec\",\"https:\\\/\\\/x.com\\\/ImmigrantQuebec\",\"https:\\\/\\\/www.instagram.com\\\/immigrantquebec\",\"https:\\\/\\\/www.youtube.com\\\/user\\\/ImmigrantQc\"]},{\"@type\":\"Person\",\"@id\":\"https:\\\/\\\/immigrantquebec.com\\\/fr\\\/#\\\/schema\\\/person\\\/5a0a7750c5af0c69575b9d0398abcc4f\",\"name\":\"Marine Caleb\",\"image\":{\"@type\":\"ImageObject\",\"inLanguage\":\"fr-FR\",\"@id\":\"https:\\\/\\\/secure.gravatar.com\\\/avatar\\\/c7fbf7b4b0f62478765bdb817f4da11e6db63026d8595ad858b78f38425200cc?s=96&d=mm&r=g\",\"url\":\"https:\\\/\\\/secure.gravatar.com\\\/avatar\\\/c7fbf7b4b0f62478765bdb817f4da11e6db63026d8595ad858b78f38425200cc?s=96&d=mm&r=g\",\"contentUrl\":\"https:\\\/\\\/secure.gravatar.com\\\/avatar\\\/c7fbf7b4b0f62478765bdb817f4da11e6db63026d8595ad858b78f38425200cc?s=96&d=mm&r=g\",\"caption\":\"Marine Caleb\"},\"description\":\"Journaliste ind\u00e9pendante, Marine Caleb vit entre Marseille et Tripoli au Liban. Elle se sp\u00e9cialise dans la migration et les droits des femmes et \u00e9crit pour divers m\u00e9dias canadiens, fran\u00e7ais et du Swana.\u00a0Ayant v\u00e9cu de nombreuses ann\u00e9es au Qu\u00e9bec, elle dirige le magazine des journalistes du Qu\u00e9bec, Le Trente.\",\"url\":\"https:\\\/\\\/immigrantquebec.com\\\/fr\\\/author\\\/marine-c\\\/\"}]}<\/script>\n<!-- \/ Yoast SEO plugin. -->","yoast_head_json":{"title":"Le MIFI d\u00e9pose son plan strat\u00e9gique 2023-2027 - Immigrant Qu\u00e9bec","description":"Ce plan de 40\u00a0pages d\u00e9termine les enjeux, orientations et indicateurs pour tenir les cibles d\u2019immigration annonc\u00e9es en novembre 2023.","robots":{"index":"index","follow":"follow","max-snippet":"max-snippet:-1","max-image-preview":"max-image-preview:large","max-video-preview":"max-video-preview:-1"},"canonical":"https:\/\/immigrantquebec.com\/fr\/actualites\/le-mifi-depose-son-plan-strategique-2023-2027\/","og_locale":"fr_FR","og_type":"article","og_title":"Le MIFI d\u00e9pose son plan strat\u00e9gique 2023-2027 - Immigrant Qu\u00e9bec","og_description":"Ce plan de 40\u00a0pages d\u00e9termine les enjeux, orientations et indicateurs pour tenir les cibles d\u2019immigration annonc\u00e9es en novembre 2023.","og_url":"https:\/\/immigrantquebec.com\/fr\/actualites\/le-mifi-depose-son-plan-strategique-2023-2027\/","og_site_name":"Immigrant Qu\u00e9bec","article_publisher":"https:\/\/www.facebook.com\/immigrantquebec","article_published_time":"2023-12-19T14:18:36+00:00","og_image":[{"width":950,"height":400,"url":"https:\/\/immigrantquebec.com\/fr\/wp-content\/uploads\/2023\/12\/charlesdeluvio-OWkXt1ikC5g-unsplash.jpg","type":"image\/jpeg"}],"author":"Marine Caleb","twitter_misc":{"\u00c9crit par":"Marine Caleb","Dur\u00e9e de lecture estim\u00e9e":"3 minutes"},"schema":{"@context":"https:\/\/schema.org","@graph":[{"@type":"Article","@id":"https:\/\/immigrantquebec.com\/fr\/actualites\/le-mifi-depose-son-plan-strategique-2023-2027\/#article","isPartOf":{"@id":"https:\/\/immigrantquebec.com\/fr\/actualites\/le-mifi-depose-son-plan-strategique-2023-2027\/"},"author":{"name":"Marine Caleb","@id":"https:\/\/immigrantquebec.com\/fr\/#\/schema\/person\/5a0a7750c5af0c69575b9d0398abcc4f"},"headline":"Le MIFI d\u00e9pose son plan strat\u00e9gique 2023-2027","datePublished":"2023-12-19T14:18:36+00:00","mainEntityOfPage":{"@id":"https:\/\/immigrantquebec.com\/fr\/actualites\/le-mifi-depose-son-plan-strategique-2023-2027\/"},"wordCount":534,"publisher":{"@id":"https:\/\/immigrantquebec.com\/fr\/#organization"},"image":{"@id":"https:\/\/immigrantquebec.com\/fr\/actualites\/le-mifi-depose-son-plan-strategique-2023-2027\/#primaryimage"},"thumbnailUrl":"https:\/\/immigrantquebec.com\/fr\/wp-content\/uploads\/2023\/12\/charlesdeluvio-OWkXt1ikC5g-unsplash.jpg","articleSection":["Actualit\u00e9s"],"inLanguage":"fr-FR"},{"@type":"WebPage","@id":"https:\/\/immigrantquebec.com\/fr\/actualites\/le-mifi-depose-son-plan-strategique-2023-2027\/","url":"https:\/\/immigrantquebec.com\/fr\/actualites\/le-mifi-depose-son-plan-strategique-2023-2027\/","name":"Le MIFI d\u00e9pose son plan strat\u00e9gique 2023-2027 - Immigrant Qu\u00e9bec","isPartOf":{"@id":"https:\/\/immigrantquebec.com\/fr\/#website"},"primaryImageOfPage":{"@id":"https:\/\/immigrantquebec.com\/fr\/actualites\/le-mifi-depose-son-plan-strategique-2023-2027\/#primaryimage"},"image":{"@id":"https:\/\/immigrantquebec.com\/fr\/actualites\/le-mifi-depose-son-plan-strategique-2023-2027\/#primaryimage"},"thumbnailUrl":"https:\/\/immigrantquebec.com\/fr\/wp-content\/uploads\/2023\/12\/charlesdeluvio-OWkXt1ikC5g-unsplash.jpg","datePublished":"2023-12-19T14:18:36+00:00","description":"Ce plan de 40\u00a0pages d\u00e9termine les enjeux, orientations et indicateurs pour tenir les cibles d\u2019immigration annonc\u00e9es en novembre 2023.","breadcrumb":{"@id":"https:\/\/immigrantquebec.com\/fr\/actualites\/le-mifi-depose-son-plan-strategique-2023-2027\/#breadcrumb"},"inLanguage":"fr-FR","potentialAction":[{"@type":"ReadAction","target":["https:\/\/immigrantquebec.com\/fr\/actualites\/le-mifi-depose-son-plan-strategique-2023-2027\/"]}]},{"@type":"ImageObject","inLanguage":"fr-FR","@id":"https:\/\/immigrantquebec.com\/fr\/actualites\/le-mifi-depose-son-plan-strategique-2023-2027\/#primaryimage","url":"https:\/\/immigrantquebec.com\/fr\/wp-content\/uploads\/2023\/12\/charlesdeluvio-OWkXt1ikC5g-unsplash.jpg","contentUrl":"https:\/\/immigrantquebec.com\/fr\/wp-content\/uploads\/2023\/12\/charlesdeluvio-OWkXt1ikC5g-unsplash.jpg","width":950,"height":400},{"@type":"BreadcrumbList","@id":"https:\/\/immigrantquebec.com\/fr\/actualites\/le-mifi-depose-son-plan-strategique-2023-2027\/#breadcrumb","itemListElement":[{"@type":"ListItem","position":1,"name":"Accueil","item":"https:\/\/immigrantquebec.com\/fr\/"},{"@type":"ListItem","position":2,"name":"Actualit\u00e9s","item":"https:\/\/immigrantquebec.com\/fr\/actualites\/"},{"@type":"ListItem","position":3,"name":"Le MIFI d\u00e9pose son plan strat\u00e9gique 2023-2027"}]},{"@type":"WebSite","@id":"https:\/\/immigrantquebec.com\/fr\/#website","url":"https:\/\/immigrantquebec.com\/fr\/","name":"Immigrant Qu\u00e9bec","description":"Immigrer, vivre, travailler et \u00e9tudier au Qu\u00e9bec, Canada","publisher":{"@id":"https:\/\/immigrantquebec.com\/fr\/#organization"},"potentialAction":[{"@type":"SearchAction","target":{"@type":"EntryPoint","urlTemplate":"https:\/\/immigrantquebec.com\/fr\/?s={search_term_string}"},"query-input":{"@type":"PropertyValueSpecification","valueRequired":true,"valueName":"search_term_string"}}],"inLanguage":"fr-FR"},{"@type":"Organization","@id":"https:\/\/immigrantquebec.com\/fr\/#organization","name":"Immigrant Qu\u00e9bec","url":"https:\/\/immigrantquebec.com\/fr\/","logo":{"@type":"ImageObject","inLanguage":"fr-FR","@id":"https:\/\/immigrantquebec.com\/fr\/#\/schema\/logo\/image\/","url":"https:\/\/immigrantquebec.com\/fr\/wp-content\/uploads\/2024\/03\/LogoIQ-2024-RVB.png","contentUrl":"https:\/\/immigrantquebec.com\/fr\/wp-content\/uploads\/2024\/03\/LogoIQ-2024-RVB.png","width":2500,"height":1137,"caption":"Immigrant Qu\u00e9bec"},"image":{"@id":"https:\/\/immigrantquebec.com\/fr\/#\/schema\/logo\/image\/"},"sameAs":["https:\/\/www.facebook.com\/immigrantquebec","https:\/\/x.com\/ImmigrantQuebec","https:\/\/www.instagram.com\/immigrantquebec","https:\/\/www.youtube.com\/user\/ImmigrantQc"]},{"@type":"Person","@id":"https:\/\/immigrantquebec.com\/fr\/#\/schema\/person\/5a0a7750c5af0c69575b9d0398abcc4f","name":"Marine Caleb","image":{"@type":"ImageObject","inLanguage":"fr-FR","@id":"https:\/\/secure.gravatar.com\/avatar\/c7fbf7b4b0f62478765bdb817f4da11e6db63026d8595ad858b78f38425200cc?s=96&d=mm&r=g","url":"https:\/\/secure.gravatar.com\/avatar\/c7fbf7b4b0f62478765bdb817f4da11e6db63026d8595ad858b78f38425200cc?s=96&d=mm&r=g","contentUrl":"https:\/\/secure.gravatar.com\/avatar\/c7fbf7b4b0f62478765bdb817f4da11e6db63026d8595ad858b78f38425200cc?s=96&d=mm&r=g","caption":"Marine Caleb"},"description":"Journaliste ind\u00e9pendante, Marine Caleb vit entre Marseille et Tripoli au Liban. Elle se sp\u00e9cialise dans la migration et les droits des femmes et \u00e9crit pour divers m\u00e9dias canadiens, fran\u00e7ais et du Swana.\u00a0Ayant v\u00e9cu de nombreuses ann\u00e9es au Qu\u00e9bec, elle dirige le magazine des journalistes du Qu\u00e9bec, Le Trente.","url":"https:\/\/immigrantquebec.com\/fr\/author\/marine-c\/"}]}},"_links":{"self":[{"href":"https:\/\/immigrantquebec.com\/fr\/wp-json\/wp\/v2\/posts\/14721","targetHints":{"allow":["GET"]}}],"collection":[{"href":"https:\/\/immigrantquebec.com\/fr\/wp-json\/wp\/v2\/posts"}],"about":[{"href":"https:\/\/immigrantquebec.com\/fr\/wp-json\/wp\/v2\/types\/post"}],"author":[{"embeddable":true,"href":"https:\/\/immigrantquebec.com\/fr\/wp-json\/wp\/v2\/users\/3463"}],"replies":[{"embeddable":true,"href":"https:\/\/immigrantquebec.com\/fr\/wp-json\/wp\/v2\/comments?post=14721"}],"version-history":[{"count":0,"href":"https:\/\/immigrantquebec.com\/fr\/wp-json\/wp\/v2\/posts\/14721\/revisions"}],"wp:featuredmedia":[{"embeddable":true,"href":"https:\/\/immigrantquebec.com\/fr\/wp-json\/wp\/v2\/media\/14722"}],"wp:attachment":[{"href":"https:\/\/immigrantquebec.com\/fr\/wp-json\/wp\/v2\/media?parent=14721"}],"wp:term":[{"taxonomy":"category","embeddable":true,"href":"https:\/\/immigrantquebec.com\/fr\/wp-json\/wp\/v2\/categories?post=14721"},{"taxonomy":"post_tag","embeddable":true,"href":"https:\/\/immigrantquebec.com\/fr\/wp-json\/wp\/v2\/tags?post=14721"}],"curies":[{"name":"wp","href":"https:\/\/api.w.org\/{rel}","templated":true}]}}