{"id":14914,"date":"2024-02-08T12:19:23","date_gmt":"2024-02-08T16:19:23","guid":{"rendered":"https:\/\/immigrantquebec.com\/fr\/?p=14914"},"modified":"2024-02-13T11:10:13","modified_gmt":"2024-02-13T15:10:13","slug":"enfants-demandeurs-asile-admissibles-garderies-subventionnees","status":"publish","type":"post","link":"https:\/\/immigrantquebec.com\/fr\/actualites\/enfants-demandeurs-asile-admissibles-garderies-subventionnees\/","title":{"rendered":"Les enfants des demandeurs d\u2019asile \u00e0 nouveau admissibles aux services de garde subventionn\u00e9s"},"content":{"rendered":"<p style=\"font-weight: 400;\"><span>Dans un jugement rendu le 7\u00a0f\u00e9vrier 2024, la Cour d\u2019appel du Qu\u00e9bec a lev\u00e9 l\u2019interdiction faite aux demandeurs d\u2019asile de b\u00e9n\u00e9ficier du r\u00e9seau de garderies subventionn\u00e9es pour leurs enfants. Celle-ci a \u00e9t\u00e9 jug\u00e9e discriminatoire et contraire au droit \u00e0 l\u2019\u00e9galit\u00e9 prot\u00e9g\u00e9 par l\u2019article\u00a015 de la <em>Charte canadienne des droits et libert\u00e9s de la personne<\/em>.<\/span><\/p>\n<h2><strong>On estimait que les demandeurs d\u2019asile ne venaient pas travailler au Qu\u00e9bec, mais s\u2019y r\u00e9fugier<\/strong><\/h2>\n<p style=\"font-weight: 400;\"><span>Cette interdiction remontait \u00e0 2018, et r\u00e9sultait d\u2019une r\u00e9interpr\u00e9tation, par le pr\u00e9c\u00e9dent gouvernement, du R\u00e8glement sur la contribution r\u00e9duite de la <em>Loi sur les services de garde \u00e9ducatifs \u00e0 l\u2019enfance<\/em>, qui ouvre l\u2019acc\u00e8s aux garderies subventionn\u00e9es \u00e0 toute personne qui \u00ab\u2009s\u00e9journe au Qu\u00e9bec principalement pour travailler\u2009\u00bb.<\/span><\/p>\n<p style=\"font-weight: 400;\"><span>Or, ce droit avait alors \u00e9t\u00e9 retir\u00e9 aux enfants de demandeurs d\u2019asile, au motif que leurs parents ne s\u00e9journaient pas au Qu\u00e9bec pour travailler, mais pour y trouver refuge.<\/span><\/p>\n<p style=\"font-weight: 400;\"><span>Le jugement de la Cour d\u2019appel confirme donc la d\u00e9cision initiale de la Cour sup\u00e9rieure, rendue le 25\u00a0mai 2022 et port\u00e9e en appel par l\u2019administration provinciale actuelle.<\/span><\/p>\n<p style=\"font-weight: 400;\"><span>Pour m\u00e9moire, le tarif journalier en service de garde subventionn\u00e9 s\u2019\u00e9l\u00e8ve, depuis le 1er\u00a0janvier 2024, \u00e0 9,10\u00a0$ CAN, contre 45-65\u00a0$ CAN dans le priv\u00e9 non subventionn\u00e9.<\/span><\/p>\n<h2><strong>Sujet br\u00fblant<\/strong><\/h2>\n<p style=\"font-weight: 400;\"><span>Est-il seulement besoin de le rappeler, ce jugement intervient alors que le sujet des demandeurs d\u2019asile, qui est de comp\u00e9tence f\u00e9d\u00e9rale, atteint son point de fusion entre Qu\u00e9bec et Ottawa, au point de <\/span><span><a href=\"https:\/\/www.lapresse.ca\/actualites\/politique\/2024-02-06\/pouvoirs-en-immigration\/christine-frechette-n-exclut-pas-un-referendum.php\" target=\"_blank\" rel=\"noopener\">r\u00e9veiller le spectre d\u2019un r\u00e9f\u00e9rendum pour transf\u00e9rer \u00e0 Qu\u00e9bec les pleins pouvoirs en mati\u00e8re d\u2019immigration<\/a><\/span><span>. En 2023, le Qu\u00e9bec a accueilli 65\u2009500\u00a0demandeurs d\u2019asile sur les 144\u2009035\u00a0re\u00e7us par l\u2019Agence des services frontaliers du Canada.<\/span><\/p>\n<p style=\"font-weight: 400;\"><span>Sur les 470\u00a0millions de dollars que le gouvernement r\u00e9clame au f\u00e9d\u00e9ral pour l\u2019aider \u00e0 couvrir les frais d\u2019accueil des demandeurs d\u2019asile sur les seules ann\u00e9es\u00a02021 et 2022, Ottawa vient d\u2019octroyer \u00e0 Qu\u00e9bec une enveloppe de 100\u00a0millions destin\u00e9e \u00e0 aider \u00e0 loger ces personnes particuli\u00e8rement vuln\u00e9rables. Apr\u00e8s le logement, la d\u00e9cision de la Cour d\u2019appel ne manquera pas d\u2019ouvrir le dossier de l\u2019\u00e9ducation.<\/span><\/p>\n<p style=\"font-weight: 400;\"><span><strong><a href=\"https:\/\/citoyens.soquij.qc.ca\/php\/decision.php?ID=5AD0A3AD60E0FC0CFD48058540F586BF&amp;captchaToken=03AFcWeA7zajWs66XU4OpRjQV_a7MalgSIJCzMUy7zmxhPtZujp_Vrxix4QWQ99pxz2JjLb73FvquZ00F-ebn7ZRSy2R0DXUoTSMz0FvvAReYaEmlD7R_fxUfIiRtmgkXnpBieFWV1jq29kIJkMZPTAEPVFU-JUIywlNuWpS0hiOnZS59v9UeCqhwgZF0YZho1t6aakdLnNX8gP5twg1rnEViifZFNnaTX7yPEhDHBLOGuf86dM1qT72ZqaYdujJDrihMMZzk10NncGMrTXbu7kLuLnqNoEtVQtTV0ypjoAPl_XPTA_4fSEfoLXqh9AcqrDQe3_tIkOi9HMougC8o6nlE8wkXz75Mciop5aAeJadRRO7MuPKU925opNl51PjDdJJ1ag3oLzqN43Uj0uOiwZ2poezQSy2DLnPR93A2exw2LEoPZnIEApWJEKTnfEFdykyG2EYn7PovU_FvEHnJDeZO3ndsT-Lyg16HYw8038yQLE8K_4iwL2FVgq1RHEEQpPea4lHq9ID9fGhoFakA-fXs7axNxJz5C9JietETP8qBro5qaDEAsBjCdfFZP1VuooMH93n9eR5yQtz959TdV6gxkNBVX8eFDTS8VOkGF-b9g72dQmBp_WEirlLTCK1p7rI5JDqIe8JgpdjlQw0mbdH47rv92bqGJYuAmm2acDTH_pFe2NLsqc9U\" target=\"_blank\" rel=\"noopener\">Acc\u00e9der au jugement de la Cour d\u2019appel du Qu\u00e9bec du 7 f\u00e9vrier 2024<\/a><\/strong>.<\/span><\/p>\n<p><em>Mise \u00e0 jour &#8211; 8 f\u00e9vrier 2024<\/em><\/p>\n<h2><strong>Un nouveau financement du f\u00e9d\u00e9ral en vertu de l&rsquo;Accord Canada-Qu\u00e9bec<\/strong><\/h2>\n<p>Cons\u00e9quence ou non des \u00e9pisodes des derniers jours, Ottawa a annonc\u00e9, le 8 f\u00e9vrier 2024, le versement \u00e0 Qu\u00e9bec d&rsquo;une subvention de 775,1 millions de dollars en vertu de l&rsquo;Accord Canada-Qu\u00e9bec, pour l&rsquo;exercice 2023-2024.<\/p>\n<p>Cette somme est destin\u00e9e \u00e0 couvrir \u00ab\u00a0les co\u00fbts et les services d&rsquo;accueil et d&rsquo;int\u00e9gration linguistique, culturelle et \u00e9conomique pour les nouveaux arrivants\u00a0\u00bb. Elle s&rsquo;ajoute \u00e0 l&rsquo;enveloppe de 4,4 milliards de dollars allou\u00e9s par le f\u00e9d\u00e9ral depuis 2015 en vertu de l&rsquo;Accord.<\/p>\n<p><strong><a href=\"https:\/\/www.canada.ca\/fr\/immigration-refugies-citoyennete\/nouvelles\/2024\/02\/le-gouvernement-du-canada-annonce-un-financement-en-vertu-de-laccord-canada-quebec.html\" target=\"_blank\" rel=\"noopener\">Acc\u00e9der au communiqu\u00e9 d&rsquo;IRCC du 8 f\u00e9vrier 2024<\/a><\/strong>.<\/p>\n<p style=\"font-weight: 400;\"><em><span>Photo\u00a0:<\/span><\/em> <em><span>Levi Meir Clancy<\/span><\/em><\/p>\n","protected":false},"excerpt":{"rendered":"<p>On estimait depuis 2018 que les demandeurs d\u2019asile ne venaient pas au Qu\u00e9bec pour travailler, mais pour y trouver refuge.<\/p>\n","protected":false},"author":3459,"featured_media":14915,"comment_status":"closed","ping_status":"closed","sticky":false,"template":"","format":"standard","meta":{"_acf_changed":false,"_genesis_hide_title":false,"_genesis_hide_breadcrumbs":false,"_genesis_hide_singular_image":false,"_genesis_hide_footer_widgets":false,"_genesis_custom_body_class":"","_genesis_custom_post_class":"","_genesis_layout":"","footnotes":""},"categories":[1],"tags":[],"class_list":{"0":"post-14914","1":"post","2":"type-post","3":"status-publish","4":"format-standard","5":"has-post-thumbnail","7":"category-actualites","8":"entry"},"acf":[],"yoast_head":"<!-- This site is optimized with the Yoast SEO plugin v27.5 - https:\/\/yoast.com\/product\/yoast-seo-wordpress\/ -->\n<title>Les enfants des demandeurs d\u2019asile \u00e0 nouveau admissibles aux services de garde subventionn\u00e9s - Immigrant Qu\u00e9bec<\/title>\n<meta name=\"description\" content=\"On estimait depuis 2018 que les demandeurs d\u2019asile ne venaient pas au Qu\u00e9bec pour travailler, mais pour y trouver refuge.\" \/>\n<meta name=\"robots\" content=\"index, follow, max-snippet:-1, max-image-preview:large, max-video-preview:-1\" \/>\n<link rel=\"canonical\" href=\"https:\/\/immigrantquebec.com\/fr\/actualites\/enfants-demandeurs-asile-admissibles-garderies-subventionnees\/\" \/>\n<meta property=\"og:locale\" content=\"fr_FR\" \/>\n<meta property=\"og:type\" content=\"article\" \/>\n<meta property=\"og:title\" content=\"Les enfants des demandeurs d\u2019asile \u00e0 nouveau admissibles aux services de garde subventionn\u00e9s - Immigrant Qu\u00e9bec\" \/>\n<meta property=\"og:description\" content=\"On estimait depuis 2018 que les demandeurs d\u2019asile ne venaient pas au Qu\u00e9bec pour travailler, mais pour y trouver refuge.\" \/>\n<meta property=\"og:url\" content=\"https:\/\/immigrantquebec.com\/fr\/actualites\/enfants-demandeurs-asile-admissibles-garderies-subventionnees\/\" \/>\n<meta property=\"og:site_name\" content=\"Immigrant Qu\u00e9bec\" \/>\n<meta property=\"article:publisher\" content=\"https:\/\/www.facebook.com\/immigrantquebec\" \/>\n<meta property=\"article:published_time\" content=\"2024-02-08T16:19:23+00:00\" \/>\n<meta property=\"article:modified_time\" content=\"2024-02-13T15:10:13+00:00\" \/>\n<meta property=\"og:image\" content=\"https:\/\/immigrantquebec.com\/fr\/wp-content\/uploads\/2024\/02\/levi-meir-clancy-LkEZf0IlDIQ-unsplash.png\" \/>\n\t<meta property=\"og:image:width\" content=\"950\" \/>\n\t<meta property=\"og:image:height\" content=\"400\" \/>\n\t<meta property=\"og:image:type\" content=\"image\/png\" \/>\n<meta name=\"author\" content=\"Basile Moratille\" \/>\n<meta name=\"twitter:label1\" content=\"\u00c9crit par\" \/>\n\t<meta name=\"twitter:data1\" content=\"Basile Moratille\" \/>\n\t<meta name=\"twitter:label2\" content=\"Dur\u00e9e de lecture estim\u00e9e\" \/>\n\t<meta name=\"twitter:data2\" content=\"3 minutes\" \/>\n<script type=\"application\/ld+json\" class=\"yoast-schema-graph\">{\"@context\":\"https:\\\/\\\/schema.org\",\"@graph\":[{\"@type\":\"Article\",\"@id\":\"https:\\\/\\\/immigrantquebec.com\\\/fr\\\/actualites\\\/enfants-demandeurs-asile-admissibles-garderies-subventionnees\\\/#article\",\"isPartOf\":{\"@id\":\"https:\\\/\\\/immigrantquebec.com\\\/fr\\\/actualites\\\/enfants-demandeurs-asile-admissibles-garderies-subventionnees\\\/\"},\"author\":{\"name\":\"Basile Moratille\",\"@id\":\"https:\\\/\\\/immigrantquebec.com\\\/fr\\\/#\\\/schema\\\/person\\\/eed5ca7ba2c1007e602ee9b9b87fb4b8\"},\"headline\":\"Les enfants des demandeurs d\u2019asile \u00e0 nouveau admissibles aux services de garde subventionn\u00e9s\",\"datePublished\":\"2024-02-08T16:19:23+00:00\",\"dateModified\":\"2024-02-13T15:10:13+00:00\",\"mainEntityOfPage\":{\"@id\":\"https:\\\/\\\/immigrantquebec.com\\\/fr\\\/actualites\\\/enfants-demandeurs-asile-admissibles-garderies-subventionnees\\\/\"},\"wordCount\":535,\"publisher\":{\"@id\":\"https:\\\/\\\/immigrantquebec.com\\\/fr\\\/#organization\"},\"image\":{\"@id\":\"https:\\\/\\\/immigrantquebec.com\\\/fr\\\/actualites\\\/enfants-demandeurs-asile-admissibles-garderies-subventionnees\\\/#primaryimage\"},\"thumbnailUrl\":\"https:\\\/\\\/immigrantquebec.com\\\/fr\\\/wp-content\\\/uploads\\\/2024\\\/02\\\/levi-meir-clancy-LkEZf0IlDIQ-unsplash.png\",\"articleSection\":[\"Actualit\u00e9s\"],\"inLanguage\":\"fr-FR\"},{\"@type\":\"WebPage\",\"@id\":\"https:\\\/\\\/immigrantquebec.com\\\/fr\\\/actualites\\\/enfants-demandeurs-asile-admissibles-garderies-subventionnees\\\/\",\"url\":\"https:\\\/\\\/immigrantquebec.com\\\/fr\\\/actualites\\\/enfants-demandeurs-asile-admissibles-garderies-subventionnees\\\/\",\"name\":\"Les enfants des demandeurs d\u2019asile \u00e0 nouveau admissibles aux services de garde subventionn\u00e9s - Immigrant Qu\u00e9bec\",\"isPartOf\":{\"@id\":\"https:\\\/\\\/immigrantquebec.com\\\/fr\\\/#website\"},\"primaryImageOfPage\":{\"@id\":\"https:\\\/\\\/immigrantquebec.com\\\/fr\\\/actualites\\\/enfants-demandeurs-asile-admissibles-garderies-subventionnees\\\/#primaryimage\"},\"image\":{\"@id\":\"https:\\\/\\\/immigrantquebec.com\\\/fr\\\/actualites\\\/enfants-demandeurs-asile-admissibles-garderies-subventionnees\\\/#primaryimage\"},\"thumbnailUrl\":\"https:\\\/\\\/immigrantquebec.com\\\/fr\\\/wp-content\\\/uploads\\\/2024\\\/02\\\/levi-meir-clancy-LkEZf0IlDIQ-unsplash.png\",\"datePublished\":\"2024-02-08T16:19:23+00:00\",\"dateModified\":\"2024-02-13T15:10:13+00:00\",\"description\":\"On estimait depuis 2018 que les demandeurs d\u2019asile ne venaient pas au Qu\u00e9bec pour travailler, mais pour y trouver refuge.\",\"breadcrumb\":{\"@id\":\"https:\\\/\\\/immigrantquebec.com\\\/fr\\\/actualites\\\/enfants-demandeurs-asile-admissibles-garderies-subventionnees\\\/#breadcrumb\"},\"inLanguage\":\"fr-FR\",\"potentialAction\":[{\"@type\":\"ReadAction\",\"target\":[\"https:\\\/\\\/immigrantquebec.com\\\/fr\\\/actualites\\\/enfants-demandeurs-asile-admissibles-garderies-subventionnees\\\/\"]}]},{\"@type\":\"ImageObject\",\"inLanguage\":\"fr-FR\",\"@id\":\"https:\\\/\\\/immigrantquebec.com\\\/fr\\\/actualites\\\/enfants-demandeurs-asile-admissibles-garderies-subventionnees\\\/#primaryimage\",\"url\":\"https:\\\/\\\/immigrantquebec.com\\\/fr\\\/wp-content\\\/uploads\\\/2024\\\/02\\\/levi-meir-clancy-LkEZf0IlDIQ-unsplash.png\",\"contentUrl\":\"https:\\\/\\\/immigrantquebec.com\\\/fr\\\/wp-content\\\/uploads\\\/2024\\\/02\\\/levi-meir-clancy-LkEZf0IlDIQ-unsplash.png\",\"width\":950,\"height\":400},{\"@type\":\"BreadcrumbList\",\"@id\":\"https:\\\/\\\/immigrantquebec.com\\\/fr\\\/actualites\\\/enfants-demandeurs-asile-admissibles-garderies-subventionnees\\\/#breadcrumb\",\"itemListElement\":[{\"@type\":\"ListItem\",\"position\":1,\"name\":\"Accueil\",\"item\":\"https:\\\/\\\/immigrantquebec.com\\\/fr\\\/\"},{\"@type\":\"ListItem\",\"position\":2,\"name\":\"Actualit\u00e9s\",\"item\":\"https:\\\/\\\/immigrantquebec.com\\\/fr\\\/actualites\\\/\"},{\"@type\":\"ListItem\",\"position\":3,\"name\":\"Les enfants des demandeurs d\u2019asile \u00e0 nouveau admissibles aux services de garde subventionn\u00e9s\"}]},{\"@type\":\"WebSite\",\"@id\":\"https:\\\/\\\/immigrantquebec.com\\\/fr\\\/#website\",\"url\":\"https:\\\/\\\/immigrantquebec.com\\\/fr\\\/\",\"name\":\"Immigrant Qu\u00e9bec\",\"description\":\"Immigrer, vivre, travailler et \u00e9tudier au Qu\u00e9bec, Canada\",\"publisher\":{\"@id\":\"https:\\\/\\\/immigrantquebec.com\\\/fr\\\/#organization\"},\"potentialAction\":[{\"@type\":\"SearchAction\",\"target\":{\"@type\":\"EntryPoint\",\"urlTemplate\":\"https:\\\/\\\/immigrantquebec.com\\\/fr\\\/?s={search_term_string}\"},\"query-input\":{\"@type\":\"PropertyValueSpecification\",\"valueRequired\":true,\"valueName\":\"search_term_string\"}}],\"inLanguage\":\"fr-FR\"},{\"@type\":\"Organization\",\"@id\":\"https:\\\/\\\/immigrantquebec.com\\\/fr\\\/#organization\",\"name\":\"Immigrant Qu\u00e9bec\",\"url\":\"https:\\\/\\\/immigrantquebec.com\\\/fr\\\/\",\"logo\":{\"@type\":\"ImageObject\",\"inLanguage\":\"fr-FR\",\"@id\":\"https:\\\/\\\/immigrantquebec.com\\\/fr\\\/#\\\/schema\\\/logo\\\/image\\\/\",\"url\":\"https:\\\/\\\/immigrantquebec.com\\\/fr\\\/wp-content\\\/uploads\\\/2024\\\/03\\\/LogoIQ-2024-RVB.png\",\"contentUrl\":\"https:\\\/\\\/immigrantquebec.com\\\/fr\\\/wp-content\\\/uploads\\\/2024\\\/03\\\/LogoIQ-2024-RVB.png\",\"width\":2500,\"height\":1137,\"caption\":\"Immigrant Qu\u00e9bec\"},\"image\":{\"@id\":\"https:\\\/\\\/immigrantquebec.com\\\/fr\\\/#\\\/schema\\\/logo\\\/image\\\/\"},\"sameAs\":[\"https:\\\/\\\/www.facebook.com\\\/immigrantquebec\",\"https:\\\/\\\/x.com\\\/ImmigrantQuebec\",\"https:\\\/\\\/www.instagram.com\\\/immigrantquebec\",\"https:\\\/\\\/www.youtube.com\\\/user\\\/ImmigrantQc\"]},{\"@type\":\"Person\",\"@id\":\"https:\\\/\\\/immigrantquebec.com\\\/fr\\\/#\\\/schema\\\/person\\\/eed5ca7ba2c1007e602ee9b9b87fb4b8\",\"name\":\"Basile Moratille\",\"image\":{\"@type\":\"ImageObject\",\"inLanguage\":\"fr-FR\",\"@id\":\"https:\\\/\\\/secure.gravatar.com\\\/avatar\\\/639aa731bb7134a1e944526697fe0549d67ab17e00987171296fb5362fc909e9?s=96&d=mm&r=g\",\"url\":\"https:\\\/\\\/secure.gravatar.com\\\/avatar\\\/639aa731bb7134a1e944526697fe0549d67ab17e00987171296fb5362fc909e9?s=96&d=mm&r=g\",\"contentUrl\":\"https:\\\/\\\/secure.gravatar.com\\\/avatar\\\/639aa731bb7134a1e944526697fe0549d67ab17e00987171296fb5362fc909e9?s=96&d=mm&r=g\",\"caption\":\"Basile Moratille\"},\"description\":\"Directeur des contenus et des publications, Immigrant Qu\u00e9bec.\",\"url\":\"https:\\\/\\\/immigrantquebec.com\\\/fr\\\/author\\\/basile-moratilleimmigrantquebec-com\\\/\"}]}<\/script>\n<!-- \/ Yoast SEO plugin. -->","yoast_head_json":{"title":"Les enfants des demandeurs d\u2019asile \u00e0 nouveau admissibles aux services de garde subventionn\u00e9s - Immigrant Qu\u00e9bec","description":"On estimait depuis 2018 que les demandeurs d\u2019asile ne venaient pas au Qu\u00e9bec pour travailler, mais pour y trouver refuge.","robots":{"index":"index","follow":"follow","max-snippet":"max-snippet:-1","max-image-preview":"max-image-preview:large","max-video-preview":"max-video-preview:-1"},"canonical":"https:\/\/immigrantquebec.com\/fr\/actualites\/enfants-demandeurs-asile-admissibles-garderies-subventionnees\/","og_locale":"fr_FR","og_type":"article","og_title":"Les enfants des demandeurs d\u2019asile \u00e0 nouveau admissibles aux services de garde subventionn\u00e9s - Immigrant Qu\u00e9bec","og_description":"On estimait depuis 2018 que les demandeurs d\u2019asile ne venaient pas au Qu\u00e9bec pour travailler, mais pour y trouver refuge.","og_url":"https:\/\/immigrantquebec.com\/fr\/actualites\/enfants-demandeurs-asile-admissibles-garderies-subventionnees\/","og_site_name":"Immigrant Qu\u00e9bec","article_publisher":"https:\/\/www.facebook.com\/immigrantquebec","article_published_time":"2024-02-08T16:19:23+00:00","article_modified_time":"2024-02-13T15:10:13+00:00","og_image":[{"width":950,"height":400,"url":"https:\/\/immigrantquebec.com\/fr\/wp-content\/uploads\/2024\/02\/levi-meir-clancy-LkEZf0IlDIQ-unsplash.png","type":"image\/png"}],"author":"Basile Moratille","twitter_misc":{"\u00c9crit par":"Basile Moratille","Dur\u00e9e de lecture estim\u00e9e":"3 minutes"},"schema":{"@context":"https:\/\/schema.org","@graph":[{"@type":"Article","@id":"https:\/\/immigrantquebec.com\/fr\/actualites\/enfants-demandeurs-asile-admissibles-garderies-subventionnees\/#article","isPartOf":{"@id":"https:\/\/immigrantquebec.com\/fr\/actualites\/enfants-demandeurs-asile-admissibles-garderies-subventionnees\/"},"author":{"name":"Basile Moratille","@id":"https:\/\/immigrantquebec.com\/fr\/#\/schema\/person\/eed5ca7ba2c1007e602ee9b9b87fb4b8"},"headline":"Les enfants des demandeurs d\u2019asile \u00e0 nouveau admissibles aux services de garde subventionn\u00e9s","datePublished":"2024-02-08T16:19:23+00:00","dateModified":"2024-02-13T15:10:13+00:00","mainEntityOfPage":{"@id":"https:\/\/immigrantquebec.com\/fr\/actualites\/enfants-demandeurs-asile-admissibles-garderies-subventionnees\/"},"wordCount":535,"publisher":{"@id":"https:\/\/immigrantquebec.com\/fr\/#organization"},"image":{"@id":"https:\/\/immigrantquebec.com\/fr\/actualites\/enfants-demandeurs-asile-admissibles-garderies-subventionnees\/#primaryimage"},"thumbnailUrl":"https:\/\/immigrantquebec.com\/fr\/wp-content\/uploads\/2024\/02\/levi-meir-clancy-LkEZf0IlDIQ-unsplash.png","articleSection":["Actualit\u00e9s"],"inLanguage":"fr-FR"},{"@type":"WebPage","@id":"https:\/\/immigrantquebec.com\/fr\/actualites\/enfants-demandeurs-asile-admissibles-garderies-subventionnees\/","url":"https:\/\/immigrantquebec.com\/fr\/actualites\/enfants-demandeurs-asile-admissibles-garderies-subventionnees\/","name":"Les enfants des demandeurs d\u2019asile \u00e0 nouveau admissibles aux services de garde subventionn\u00e9s - Immigrant Qu\u00e9bec","isPartOf":{"@id":"https:\/\/immigrantquebec.com\/fr\/#website"},"primaryImageOfPage":{"@id":"https:\/\/immigrantquebec.com\/fr\/actualites\/enfants-demandeurs-asile-admissibles-garderies-subventionnees\/#primaryimage"},"image":{"@id":"https:\/\/immigrantquebec.com\/fr\/actualites\/enfants-demandeurs-asile-admissibles-garderies-subventionnees\/#primaryimage"},"thumbnailUrl":"https:\/\/immigrantquebec.com\/fr\/wp-content\/uploads\/2024\/02\/levi-meir-clancy-LkEZf0IlDIQ-unsplash.png","datePublished":"2024-02-08T16:19:23+00:00","dateModified":"2024-02-13T15:10:13+00:00","description":"On estimait depuis 2018 que les demandeurs d\u2019asile ne venaient pas au Qu\u00e9bec pour travailler, mais pour y trouver refuge.","breadcrumb":{"@id":"https:\/\/immigrantquebec.com\/fr\/actualites\/enfants-demandeurs-asile-admissibles-garderies-subventionnees\/#breadcrumb"},"inLanguage":"fr-FR","potentialAction":[{"@type":"ReadAction","target":["https:\/\/immigrantquebec.com\/fr\/actualites\/enfants-demandeurs-asile-admissibles-garderies-subventionnees\/"]}]},{"@type":"ImageObject","inLanguage":"fr-FR","@id":"https:\/\/immigrantquebec.com\/fr\/actualites\/enfants-demandeurs-asile-admissibles-garderies-subventionnees\/#primaryimage","url":"https:\/\/immigrantquebec.com\/fr\/wp-content\/uploads\/2024\/02\/levi-meir-clancy-LkEZf0IlDIQ-unsplash.png","contentUrl":"https:\/\/immigrantquebec.com\/fr\/wp-content\/uploads\/2024\/02\/levi-meir-clancy-LkEZf0IlDIQ-unsplash.png","width":950,"height":400},{"@type":"BreadcrumbList","@id":"https:\/\/immigrantquebec.com\/fr\/actualites\/enfants-demandeurs-asile-admissibles-garderies-subventionnees\/#breadcrumb","itemListElement":[{"@type":"ListItem","position":1,"name":"Accueil","item":"https:\/\/immigrantquebec.com\/fr\/"},{"@type":"ListItem","position":2,"name":"Actualit\u00e9s","item":"https:\/\/immigrantquebec.com\/fr\/actualites\/"},{"@type":"ListItem","position":3,"name":"Les enfants des demandeurs d\u2019asile \u00e0 nouveau admissibles aux services de garde subventionn\u00e9s"}]},{"@type":"WebSite","@id":"https:\/\/immigrantquebec.com\/fr\/#website","url":"https:\/\/immigrantquebec.com\/fr\/","name":"Immigrant Qu\u00e9bec","description":"Immigrer, vivre, travailler et \u00e9tudier au Qu\u00e9bec, Canada","publisher":{"@id":"https:\/\/immigrantquebec.com\/fr\/#organization"},"potentialAction":[{"@type":"SearchAction","target":{"@type":"EntryPoint","urlTemplate":"https:\/\/immigrantquebec.com\/fr\/?s={search_term_string}"},"query-input":{"@type":"PropertyValueSpecification","valueRequired":true,"valueName":"search_term_string"}}],"inLanguage":"fr-FR"},{"@type":"Organization","@id":"https:\/\/immigrantquebec.com\/fr\/#organization","name":"Immigrant Qu\u00e9bec","url":"https:\/\/immigrantquebec.com\/fr\/","logo":{"@type":"ImageObject","inLanguage":"fr-FR","@id":"https:\/\/immigrantquebec.com\/fr\/#\/schema\/logo\/image\/","url":"https:\/\/immigrantquebec.com\/fr\/wp-content\/uploads\/2024\/03\/LogoIQ-2024-RVB.png","contentUrl":"https:\/\/immigrantquebec.com\/fr\/wp-content\/uploads\/2024\/03\/LogoIQ-2024-RVB.png","width":2500,"height":1137,"caption":"Immigrant Qu\u00e9bec"},"image":{"@id":"https:\/\/immigrantquebec.com\/fr\/#\/schema\/logo\/image\/"},"sameAs":["https:\/\/www.facebook.com\/immigrantquebec","https:\/\/x.com\/ImmigrantQuebec","https:\/\/www.instagram.com\/immigrantquebec","https:\/\/www.youtube.com\/user\/ImmigrantQc"]},{"@type":"Person","@id":"https:\/\/immigrantquebec.com\/fr\/#\/schema\/person\/eed5ca7ba2c1007e602ee9b9b87fb4b8","name":"Basile Moratille","image":{"@type":"ImageObject","inLanguage":"fr-FR","@id":"https:\/\/secure.gravatar.com\/avatar\/639aa731bb7134a1e944526697fe0549d67ab17e00987171296fb5362fc909e9?s=96&d=mm&r=g","url":"https:\/\/secure.gravatar.com\/avatar\/639aa731bb7134a1e944526697fe0549d67ab17e00987171296fb5362fc909e9?s=96&d=mm&r=g","contentUrl":"https:\/\/secure.gravatar.com\/avatar\/639aa731bb7134a1e944526697fe0549d67ab17e00987171296fb5362fc909e9?s=96&d=mm&r=g","caption":"Basile Moratille"},"description":"Directeur des contenus et des publications, Immigrant Qu\u00e9bec.","url":"https:\/\/immigrantquebec.com\/fr\/author\/basile-moratilleimmigrantquebec-com\/"}]}},"_links":{"self":[{"href":"https:\/\/immigrantquebec.com\/fr\/wp-json\/wp\/v2\/posts\/14914","targetHints":{"allow":["GET"]}}],"collection":[{"href":"https:\/\/immigrantquebec.com\/fr\/wp-json\/wp\/v2\/posts"}],"about":[{"href":"https:\/\/immigrantquebec.com\/fr\/wp-json\/wp\/v2\/types\/post"}],"author":[{"embeddable":true,"href":"https:\/\/immigrantquebec.com\/fr\/wp-json\/wp\/v2\/users\/3459"}],"replies":[{"embeddable":true,"href":"https:\/\/immigrantquebec.com\/fr\/wp-json\/wp\/v2\/comments?post=14914"}],"version-history":[{"count":0,"href":"https:\/\/immigrantquebec.com\/fr\/wp-json\/wp\/v2\/posts\/14914\/revisions"}],"wp:featuredmedia":[{"embeddable":true,"href":"https:\/\/immigrantquebec.com\/fr\/wp-json\/wp\/v2\/media\/14915"}],"wp:attachment":[{"href":"https:\/\/immigrantquebec.com\/fr\/wp-json\/wp\/v2\/media?parent=14914"}],"wp:term":[{"taxonomy":"category","embeddable":true,"href":"https:\/\/immigrantquebec.com\/fr\/wp-json\/wp\/v2\/categories?post=14914"},{"taxonomy":"post_tag","embeddable":true,"href":"https:\/\/immigrantquebec.com\/fr\/wp-json\/wp\/v2\/tags?post=14914"}],"curies":[{"name":"wp","href":"https:\/\/api.w.org\/{rel}","templated":true}]}}