{"id":14958,"date":"2024-02-21T15:22:07","date_gmt":"2024-02-21T19:22:07","guid":{"rendered":"https:\/\/immigrantquebec.com\/fr\/?p=14958"},"modified":"2024-02-27T15:23:02","modified_gmt":"2024-02-27T19:23:02","slug":"quebec-demande-1-milliard-a-ottawa-pour-les-demandeurs-dasile","status":"publish","type":"post","link":"https:\/\/immigrantquebec.com\/fr\/actualites\/quebec-demande-1-milliard-a-ottawa-pour-les-demandeurs-dasile\/","title":{"rendered":"Qu\u00e9bec demande 1\u00a0milliard \u00e0 Ottawa pour les demandeurs d\u2019asile"},"content":{"rendered":"<p style=\"font-weight: 400;\"><span>Dans un communiqu\u00e9 du 20\u00a0f\u00e9vrier 2024, la ministre l\u2019Immigration, \u00e0 la Francisation et \u00e0 l\u2019Int\u00e9gration, Christine Fr\u00e9chette, et ses coll\u00e8gues Jean-Fran\u00e7ois Roberge de la Langue fran\u00e7aise et des Relations canadiennes, Bernard Drainville de l\u2019\u00c9ducation et Chantal Rouleau de la Solidarit\u00e9 sociale et \u00e0 l\u2019Action communautaire, ont lanc\u00e9 un ultime appel au gouvernement f\u00e9d\u00e9ral sur la question des demandeurs d\u2019asile, dont l\u2019afflux sans pr\u00e9c\u00e9dent pose de s\u00e9rieux enjeux d\u2019accueil et d\u2019installation.<\/span><\/p>\n<p style=\"font-weight: 400;\"><span>De fait, les ministres ont rappel\u00e9 que, selon leurs chiffres, 55 % des demandeurs d\u2019asile du Canada vivaient au Qu\u00e9bec (un chiffre contest\u00e9 par le f\u00e9d\u00e9ral) au 31 d\u00e9cembre 2023. 45 % des demandeurs accueillis en 2023 ont \u00e9t\u00e9 trait\u00e9s au Qu\u00e9bec, contre 44 % en Ontario.<\/span><\/p>\n<p style=\"font-weight: 400;\"><span>\u00c0 l\u2019appui de son appel \u00e0 l\u2019aide du f\u00e9d\u00e9ral, Qu\u00e9bec invoque l\u2019Accord Canada-Qu\u00e9bec, qui stipule que les demandes d\u2019asile doivent \u00eatre trait\u00e9es et support\u00e9es par le gouvernement f\u00e9d\u00e9ral. <\/span><\/p>\n<p style=\"font-weight: 400;\"><span>Plus pr\u00e9cis\u00e9ment, les demandes exprim\u00e9es par Qu\u00e9bec sont\u00a0: <\/span><\/p>\n<ul>\n<li><span>Une meilleure r\u00e9partition des populations demandant l\u2019asile dans le territoire canadien, <\/span><\/li>\n<li><span>Un resserrement de la politique d\u2019octroi des visas pour freiner les demandes, <\/span><\/li>\n<li><span>Le blocage des groupes criminels qui entrent sur le territoire,<\/span><\/li>\n<li><span>Le paiement des sommes d\u00e9bours\u00e9es par Qu\u00e9bec pour l\u2019accueil des demandeurs d\u2019asile entre 2021 et 2023, qui s\u2019\u00e9l\u00e8vent \u00e0 1,056\u00a0milliard de dollars (dont 576,9\u00a0millions sur la seule ann\u00e9e\u00a02023, incluant le versement de l\u2019aide de dernier recours, pour 370\u00a0millions en 2023). <\/span><\/li>\n<\/ul>\n<p style=\"font-weight: 400;\"><span>Le Premier ministre Justin Trudeau n\u2019a pas encore r\u00e9pondu \u00e0 cet appel, mais s\u2019est voulu rassurant sur le fait que le Canada poss\u00e8de \u00ab\u2009un syst\u00e8me d\u2019immigration fonctionnel, rigoureux\u2009\u00bb. Pour autant, le gouvernement f\u00e9d\u00e9ral avait annonc\u00e9 le 31\u00a0janvier 2024 une enveloppe de 100\u00a0millions pour aider \u00e0 l\u2019h\u00e9bergement des demandeurs d\u2019asile au Qu\u00e9bec, suivi <a href=\"https:\/\/www.canada.ca\/fr\/immigration-refugies-citoyennete\/nouvelles\/2024\/02\/le-gouvernement-du-canada-annonce-un-financement-en-vertu-de-laccord-canada-quebec.html\" target=\"_blank\" rel=\"noopener\">le 8\u00a0f\u00e9vrier 2024<\/a> d&rsquo;une somme de 775 millions pour l\u2019accueil des nouveaux arrivants dans le cadre de l&rsquo;Accord Canada-Qu\u00e9bec, une somme valoris\u00e9e de 48 millions par rapport \u00e0 2022-2023 second budget, toutes deux jug\u00e9es insuffisantes par les autorit\u00e9s provinciales.<\/span><\/p>\n<p style=\"font-weight: 400;\"><span><a href=\"https:\/\/www.quebec.ca\/nouvelles\/actualites\/details\/demandeurs-dasile-le-gouvernement-federal-na-plus-le-choix-dagir-dit-quebec-53861\" target=\"_blank\" rel=\"noopener\">Acc\u00e9der au communiqu\u00e9 sur le site du MIFI<\/a>.<\/span><\/p>\n<p><em>Photo : Getty\/Unsplash+<\/em><\/p>\n","protected":false},"excerpt":{"rendered":"<p>Une nouvelle fois, le gouvernement interpelle le f\u00e9d\u00e9ral sur la difficile gestion des nombreux demandeurs d&rsquo;asile qui arrivent au Qu\u00e9bec.<\/p>\n","protected":false},"author":3463,"featured_media":14960,"comment_status":"closed","ping_status":"closed","sticky":false,"template":"","format":"standard","meta":{"_acf_changed":false,"_genesis_hide_title":false,"_genesis_hide_breadcrumbs":false,"_genesis_hide_singular_image":false,"_genesis_hide_footer_widgets":false,"_genesis_custom_body_class":"","_genesis_custom_post_class":"","_genesis_layout":"","footnotes":""},"categories":[1],"tags":[],"class_list":{"0":"post-14958","1":"post","2":"type-post","3":"status-publish","4":"format-standard","5":"has-post-thumbnail","7":"category-actualites","8":"entry"},"acf":[],"yoast_head":"<!-- This site is optimized with the Yoast SEO plugin v27.5 - https:\/\/yoast.com\/product\/yoast-seo-wordpress\/ -->\n<title>Qu\u00e9bec demande 1\u00a0milliard \u00e0 Ottawa pour les demandeurs d\u2019asile - Immigrant Qu\u00e9bec<\/title>\n<meta name=\"description\" content=\"Une nouvelle fois, le gouvernement interpelle le f\u00e9d\u00e9ral sur la difficile gestion des nombreux demandeurs d&#039;asile qui arrivent au Qu\u00e9bec.\" \/>\n<meta name=\"robots\" content=\"index, follow, max-snippet:-1, max-image-preview:large, max-video-preview:-1\" \/>\n<link rel=\"canonical\" href=\"https:\/\/immigrantquebec.com\/fr\/actualites\/quebec-demande-1-milliard-a-ottawa-pour-les-demandeurs-dasile\/\" \/>\n<meta property=\"og:locale\" content=\"fr_FR\" \/>\n<meta property=\"og:type\" content=\"article\" \/>\n<meta property=\"og:title\" content=\"Qu\u00e9bec demande 1\u00a0milliard \u00e0 Ottawa pour les demandeurs d\u2019asile - Immigrant Qu\u00e9bec\" \/>\n<meta property=\"og:description\" content=\"Une nouvelle fois, le gouvernement interpelle le f\u00e9d\u00e9ral sur la difficile gestion des nombreux demandeurs d&#039;asile qui arrivent au Qu\u00e9bec.\" \/>\n<meta property=\"og:url\" content=\"https:\/\/immigrantquebec.com\/fr\/actualites\/quebec-demande-1-milliard-a-ottawa-pour-les-demandeurs-dasile\/\" \/>\n<meta property=\"og:site_name\" content=\"Immigrant Qu\u00e9bec\" \/>\n<meta property=\"article:publisher\" content=\"https:\/\/www.facebook.com\/immigrantquebec\" \/>\n<meta property=\"article:published_time\" content=\"2024-02-21T19:22:07+00:00\" \/>\n<meta property=\"article:modified_time\" content=\"2024-02-27T19:23:02+00:00\" \/>\n<meta property=\"og:image\" content=\"https:\/\/immigrantquebec.com\/fr\/wp-content\/uploads\/2024\/02\/getty-images-wZ7PelbGP9c-unsplash.jpg\" \/>\n\t<meta property=\"og:image:width\" content=\"950\" \/>\n\t<meta property=\"og:image:height\" content=\"400\" \/>\n\t<meta property=\"og:image:type\" content=\"image\/jpeg\" \/>\n<meta name=\"author\" content=\"Marine Caleb\" \/>\n<meta name=\"twitter:label1\" content=\"\u00c9crit par\" \/>\n\t<meta name=\"twitter:data1\" content=\"Marine Caleb\" \/>\n\t<meta name=\"twitter:label2\" content=\"Dur\u00e9e de lecture estim\u00e9e\" \/>\n\t<meta name=\"twitter:data2\" content=\"2 minutes\" \/>\n<script type=\"application\/ld+json\" class=\"yoast-schema-graph\">{\"@context\":\"https:\\\/\\\/schema.org\",\"@graph\":[{\"@type\":\"Article\",\"@id\":\"https:\\\/\\\/immigrantquebec.com\\\/fr\\\/actualites\\\/quebec-demande-1-milliard-a-ottawa-pour-les-demandeurs-dasile\\\/#article\",\"isPartOf\":{\"@id\":\"https:\\\/\\\/immigrantquebec.com\\\/fr\\\/actualites\\\/quebec-demande-1-milliard-a-ottawa-pour-les-demandeurs-dasile\\\/\"},\"author\":{\"name\":\"Marine Caleb\",\"@id\":\"https:\\\/\\\/immigrantquebec.com\\\/fr\\\/#\\\/schema\\\/person\\\/5a0a7750c5af0c69575b9d0398abcc4f\"},\"headline\":\"Qu\u00e9bec demande 1\u00a0milliard \u00e0 Ottawa pour les demandeurs d\u2019asile\",\"datePublished\":\"2024-02-21T19:22:07+00:00\",\"dateModified\":\"2024-02-27T19:23:02+00:00\",\"mainEntityOfPage\":{\"@id\":\"https:\\\/\\\/immigrantquebec.com\\\/fr\\\/actualites\\\/quebec-demande-1-milliard-a-ottawa-pour-les-demandeurs-dasile\\\/\"},\"wordCount\":387,\"publisher\":{\"@id\":\"https:\\\/\\\/immigrantquebec.com\\\/fr\\\/#organization\"},\"image\":{\"@id\":\"https:\\\/\\\/immigrantquebec.com\\\/fr\\\/actualites\\\/quebec-demande-1-milliard-a-ottawa-pour-les-demandeurs-dasile\\\/#primaryimage\"},\"thumbnailUrl\":\"https:\\\/\\\/immigrantquebec.com\\\/fr\\\/wp-content\\\/uploads\\\/2024\\\/02\\\/getty-images-wZ7PelbGP9c-unsplash.jpg\",\"articleSection\":[\"Actualit\u00e9s\"],\"inLanguage\":\"fr-FR\"},{\"@type\":\"WebPage\",\"@id\":\"https:\\\/\\\/immigrantquebec.com\\\/fr\\\/actualites\\\/quebec-demande-1-milliard-a-ottawa-pour-les-demandeurs-dasile\\\/\",\"url\":\"https:\\\/\\\/immigrantquebec.com\\\/fr\\\/actualites\\\/quebec-demande-1-milliard-a-ottawa-pour-les-demandeurs-dasile\\\/\",\"name\":\"Qu\u00e9bec demande 1\u00a0milliard \u00e0 Ottawa pour les demandeurs d\u2019asile - Immigrant Qu\u00e9bec\",\"isPartOf\":{\"@id\":\"https:\\\/\\\/immigrantquebec.com\\\/fr\\\/#website\"},\"primaryImageOfPage\":{\"@id\":\"https:\\\/\\\/immigrantquebec.com\\\/fr\\\/actualites\\\/quebec-demande-1-milliard-a-ottawa-pour-les-demandeurs-dasile\\\/#primaryimage\"},\"image\":{\"@id\":\"https:\\\/\\\/immigrantquebec.com\\\/fr\\\/actualites\\\/quebec-demande-1-milliard-a-ottawa-pour-les-demandeurs-dasile\\\/#primaryimage\"},\"thumbnailUrl\":\"https:\\\/\\\/immigrantquebec.com\\\/fr\\\/wp-content\\\/uploads\\\/2024\\\/02\\\/getty-images-wZ7PelbGP9c-unsplash.jpg\",\"datePublished\":\"2024-02-21T19:22:07+00:00\",\"dateModified\":\"2024-02-27T19:23:02+00:00\",\"description\":\"Une nouvelle fois, le gouvernement interpelle le f\u00e9d\u00e9ral sur la difficile gestion des nombreux demandeurs d'asile qui arrivent au Qu\u00e9bec.\",\"breadcrumb\":{\"@id\":\"https:\\\/\\\/immigrantquebec.com\\\/fr\\\/actualites\\\/quebec-demande-1-milliard-a-ottawa-pour-les-demandeurs-dasile\\\/#breadcrumb\"},\"inLanguage\":\"fr-FR\",\"potentialAction\":[{\"@type\":\"ReadAction\",\"target\":[\"https:\\\/\\\/immigrantquebec.com\\\/fr\\\/actualites\\\/quebec-demande-1-milliard-a-ottawa-pour-les-demandeurs-dasile\\\/\"]}]},{\"@type\":\"ImageObject\",\"inLanguage\":\"fr-FR\",\"@id\":\"https:\\\/\\\/immigrantquebec.com\\\/fr\\\/actualites\\\/quebec-demande-1-milliard-a-ottawa-pour-les-demandeurs-dasile\\\/#primaryimage\",\"url\":\"https:\\\/\\\/immigrantquebec.com\\\/fr\\\/wp-content\\\/uploads\\\/2024\\\/02\\\/getty-images-wZ7PelbGP9c-unsplash.jpg\",\"contentUrl\":\"https:\\\/\\\/immigrantquebec.com\\\/fr\\\/wp-content\\\/uploads\\\/2024\\\/02\\\/getty-images-wZ7PelbGP9c-unsplash.jpg\",\"width\":950,\"height\":400},{\"@type\":\"BreadcrumbList\",\"@id\":\"https:\\\/\\\/immigrantquebec.com\\\/fr\\\/actualites\\\/quebec-demande-1-milliard-a-ottawa-pour-les-demandeurs-dasile\\\/#breadcrumb\",\"itemListElement\":[{\"@type\":\"ListItem\",\"position\":1,\"name\":\"Accueil\",\"item\":\"https:\\\/\\\/immigrantquebec.com\\\/fr\\\/\"},{\"@type\":\"ListItem\",\"position\":2,\"name\":\"Actualit\u00e9s\",\"item\":\"https:\\\/\\\/immigrantquebec.com\\\/fr\\\/actualites\\\/\"},{\"@type\":\"ListItem\",\"position\":3,\"name\":\"Qu\u00e9bec demande 1\u00a0milliard \u00e0 Ottawa pour les demandeurs d\u2019asile\"}]},{\"@type\":\"WebSite\",\"@id\":\"https:\\\/\\\/immigrantquebec.com\\\/fr\\\/#website\",\"url\":\"https:\\\/\\\/immigrantquebec.com\\\/fr\\\/\",\"name\":\"Immigrant Qu\u00e9bec\",\"description\":\"Immigrer, vivre, travailler et \u00e9tudier au Qu\u00e9bec, Canada\",\"publisher\":{\"@id\":\"https:\\\/\\\/immigrantquebec.com\\\/fr\\\/#organization\"},\"potentialAction\":[{\"@type\":\"SearchAction\",\"target\":{\"@type\":\"EntryPoint\",\"urlTemplate\":\"https:\\\/\\\/immigrantquebec.com\\\/fr\\\/?s={search_term_string}\"},\"query-input\":{\"@type\":\"PropertyValueSpecification\",\"valueRequired\":true,\"valueName\":\"search_term_string\"}}],\"inLanguage\":\"fr-FR\"},{\"@type\":\"Organization\",\"@id\":\"https:\\\/\\\/immigrantquebec.com\\\/fr\\\/#organization\",\"name\":\"Immigrant Qu\u00e9bec\",\"url\":\"https:\\\/\\\/immigrantquebec.com\\\/fr\\\/\",\"logo\":{\"@type\":\"ImageObject\",\"inLanguage\":\"fr-FR\",\"@id\":\"https:\\\/\\\/immigrantquebec.com\\\/fr\\\/#\\\/schema\\\/logo\\\/image\\\/\",\"url\":\"https:\\\/\\\/immigrantquebec.com\\\/fr\\\/wp-content\\\/uploads\\\/2024\\\/03\\\/LogoIQ-2024-RVB.png\",\"contentUrl\":\"https:\\\/\\\/immigrantquebec.com\\\/fr\\\/wp-content\\\/uploads\\\/2024\\\/03\\\/LogoIQ-2024-RVB.png\",\"width\":2500,\"height\":1137,\"caption\":\"Immigrant Qu\u00e9bec\"},\"image\":{\"@id\":\"https:\\\/\\\/immigrantquebec.com\\\/fr\\\/#\\\/schema\\\/logo\\\/image\\\/\"},\"sameAs\":[\"https:\\\/\\\/www.facebook.com\\\/immigrantquebec\",\"https:\\\/\\\/x.com\\\/ImmigrantQuebec\",\"https:\\\/\\\/www.instagram.com\\\/immigrantquebec\",\"https:\\\/\\\/www.youtube.com\\\/user\\\/ImmigrantQc\"]},{\"@type\":\"Person\",\"@id\":\"https:\\\/\\\/immigrantquebec.com\\\/fr\\\/#\\\/schema\\\/person\\\/5a0a7750c5af0c69575b9d0398abcc4f\",\"name\":\"Marine Caleb\",\"image\":{\"@type\":\"ImageObject\",\"inLanguage\":\"fr-FR\",\"@id\":\"https:\\\/\\\/secure.gravatar.com\\\/avatar\\\/c7fbf7b4b0f62478765bdb817f4da11e6db63026d8595ad858b78f38425200cc?s=96&d=mm&r=g\",\"url\":\"https:\\\/\\\/secure.gravatar.com\\\/avatar\\\/c7fbf7b4b0f62478765bdb817f4da11e6db63026d8595ad858b78f38425200cc?s=96&d=mm&r=g\",\"contentUrl\":\"https:\\\/\\\/secure.gravatar.com\\\/avatar\\\/c7fbf7b4b0f62478765bdb817f4da11e6db63026d8595ad858b78f38425200cc?s=96&d=mm&r=g\",\"caption\":\"Marine Caleb\"},\"description\":\"Journaliste ind\u00e9pendante, Marine Caleb vit entre Marseille et Tripoli au Liban. Elle se sp\u00e9cialise dans la migration et les droits des femmes et \u00e9crit pour divers m\u00e9dias canadiens, fran\u00e7ais et du Swana.\u00a0Ayant v\u00e9cu de nombreuses ann\u00e9es au Qu\u00e9bec, elle dirige le magazine des journalistes du Qu\u00e9bec, Le Trente.\",\"url\":\"https:\\\/\\\/immigrantquebec.com\\\/fr\\\/author\\\/marine-c\\\/\"}]}<\/script>\n<!-- \/ Yoast SEO plugin. -->","yoast_head_json":{"title":"Qu\u00e9bec demande 1\u00a0milliard \u00e0 Ottawa pour les demandeurs d\u2019asile - Immigrant Qu\u00e9bec","description":"Une nouvelle fois, le gouvernement interpelle le f\u00e9d\u00e9ral sur la difficile gestion des nombreux demandeurs d'asile qui arrivent au Qu\u00e9bec.","robots":{"index":"index","follow":"follow","max-snippet":"max-snippet:-1","max-image-preview":"max-image-preview:large","max-video-preview":"max-video-preview:-1"},"canonical":"https:\/\/immigrantquebec.com\/fr\/actualites\/quebec-demande-1-milliard-a-ottawa-pour-les-demandeurs-dasile\/","og_locale":"fr_FR","og_type":"article","og_title":"Qu\u00e9bec demande 1\u00a0milliard \u00e0 Ottawa pour les demandeurs d\u2019asile - Immigrant Qu\u00e9bec","og_description":"Une nouvelle fois, le gouvernement interpelle le f\u00e9d\u00e9ral sur la difficile gestion des nombreux demandeurs d'asile qui arrivent au Qu\u00e9bec.","og_url":"https:\/\/immigrantquebec.com\/fr\/actualites\/quebec-demande-1-milliard-a-ottawa-pour-les-demandeurs-dasile\/","og_site_name":"Immigrant Qu\u00e9bec","article_publisher":"https:\/\/www.facebook.com\/immigrantquebec","article_published_time":"2024-02-21T19:22:07+00:00","article_modified_time":"2024-02-27T19:23:02+00:00","og_image":[{"width":950,"height":400,"url":"https:\/\/immigrantquebec.com\/fr\/wp-content\/uploads\/2024\/02\/getty-images-wZ7PelbGP9c-unsplash.jpg","type":"image\/jpeg"}],"author":"Marine Caleb","twitter_misc":{"\u00c9crit par":"Marine Caleb","Dur\u00e9e de lecture estim\u00e9e":"2 minutes"},"schema":{"@context":"https:\/\/schema.org","@graph":[{"@type":"Article","@id":"https:\/\/immigrantquebec.com\/fr\/actualites\/quebec-demande-1-milliard-a-ottawa-pour-les-demandeurs-dasile\/#article","isPartOf":{"@id":"https:\/\/immigrantquebec.com\/fr\/actualites\/quebec-demande-1-milliard-a-ottawa-pour-les-demandeurs-dasile\/"},"author":{"name":"Marine Caleb","@id":"https:\/\/immigrantquebec.com\/fr\/#\/schema\/person\/5a0a7750c5af0c69575b9d0398abcc4f"},"headline":"Qu\u00e9bec demande 1\u00a0milliard \u00e0 Ottawa pour les demandeurs d\u2019asile","datePublished":"2024-02-21T19:22:07+00:00","dateModified":"2024-02-27T19:23:02+00:00","mainEntityOfPage":{"@id":"https:\/\/immigrantquebec.com\/fr\/actualites\/quebec-demande-1-milliard-a-ottawa-pour-les-demandeurs-dasile\/"},"wordCount":387,"publisher":{"@id":"https:\/\/immigrantquebec.com\/fr\/#organization"},"image":{"@id":"https:\/\/immigrantquebec.com\/fr\/actualites\/quebec-demande-1-milliard-a-ottawa-pour-les-demandeurs-dasile\/#primaryimage"},"thumbnailUrl":"https:\/\/immigrantquebec.com\/fr\/wp-content\/uploads\/2024\/02\/getty-images-wZ7PelbGP9c-unsplash.jpg","articleSection":["Actualit\u00e9s"],"inLanguage":"fr-FR"},{"@type":"WebPage","@id":"https:\/\/immigrantquebec.com\/fr\/actualites\/quebec-demande-1-milliard-a-ottawa-pour-les-demandeurs-dasile\/","url":"https:\/\/immigrantquebec.com\/fr\/actualites\/quebec-demande-1-milliard-a-ottawa-pour-les-demandeurs-dasile\/","name":"Qu\u00e9bec demande 1\u00a0milliard \u00e0 Ottawa pour les demandeurs d\u2019asile - Immigrant Qu\u00e9bec","isPartOf":{"@id":"https:\/\/immigrantquebec.com\/fr\/#website"},"primaryImageOfPage":{"@id":"https:\/\/immigrantquebec.com\/fr\/actualites\/quebec-demande-1-milliard-a-ottawa-pour-les-demandeurs-dasile\/#primaryimage"},"image":{"@id":"https:\/\/immigrantquebec.com\/fr\/actualites\/quebec-demande-1-milliard-a-ottawa-pour-les-demandeurs-dasile\/#primaryimage"},"thumbnailUrl":"https:\/\/immigrantquebec.com\/fr\/wp-content\/uploads\/2024\/02\/getty-images-wZ7PelbGP9c-unsplash.jpg","datePublished":"2024-02-21T19:22:07+00:00","dateModified":"2024-02-27T19:23:02+00:00","description":"Une nouvelle fois, le gouvernement interpelle le f\u00e9d\u00e9ral sur la difficile gestion des nombreux demandeurs d'asile qui arrivent au Qu\u00e9bec.","breadcrumb":{"@id":"https:\/\/immigrantquebec.com\/fr\/actualites\/quebec-demande-1-milliard-a-ottawa-pour-les-demandeurs-dasile\/#breadcrumb"},"inLanguage":"fr-FR","potentialAction":[{"@type":"ReadAction","target":["https:\/\/immigrantquebec.com\/fr\/actualites\/quebec-demande-1-milliard-a-ottawa-pour-les-demandeurs-dasile\/"]}]},{"@type":"ImageObject","inLanguage":"fr-FR","@id":"https:\/\/immigrantquebec.com\/fr\/actualites\/quebec-demande-1-milliard-a-ottawa-pour-les-demandeurs-dasile\/#primaryimage","url":"https:\/\/immigrantquebec.com\/fr\/wp-content\/uploads\/2024\/02\/getty-images-wZ7PelbGP9c-unsplash.jpg","contentUrl":"https:\/\/immigrantquebec.com\/fr\/wp-content\/uploads\/2024\/02\/getty-images-wZ7PelbGP9c-unsplash.jpg","width":950,"height":400},{"@type":"BreadcrumbList","@id":"https:\/\/immigrantquebec.com\/fr\/actualites\/quebec-demande-1-milliard-a-ottawa-pour-les-demandeurs-dasile\/#breadcrumb","itemListElement":[{"@type":"ListItem","position":1,"name":"Accueil","item":"https:\/\/immigrantquebec.com\/fr\/"},{"@type":"ListItem","position":2,"name":"Actualit\u00e9s","item":"https:\/\/immigrantquebec.com\/fr\/actualites\/"},{"@type":"ListItem","position":3,"name":"Qu\u00e9bec demande 1\u00a0milliard \u00e0 Ottawa pour les demandeurs d\u2019asile"}]},{"@type":"WebSite","@id":"https:\/\/immigrantquebec.com\/fr\/#website","url":"https:\/\/immigrantquebec.com\/fr\/","name":"Immigrant Qu\u00e9bec","description":"Immigrer, vivre, travailler et \u00e9tudier au Qu\u00e9bec, Canada","publisher":{"@id":"https:\/\/immigrantquebec.com\/fr\/#organization"},"potentialAction":[{"@type":"SearchAction","target":{"@type":"EntryPoint","urlTemplate":"https:\/\/immigrantquebec.com\/fr\/?s={search_term_string}"},"query-input":{"@type":"PropertyValueSpecification","valueRequired":true,"valueName":"search_term_string"}}],"inLanguage":"fr-FR"},{"@type":"Organization","@id":"https:\/\/immigrantquebec.com\/fr\/#organization","name":"Immigrant Qu\u00e9bec","url":"https:\/\/immigrantquebec.com\/fr\/","logo":{"@type":"ImageObject","inLanguage":"fr-FR","@id":"https:\/\/immigrantquebec.com\/fr\/#\/schema\/logo\/image\/","url":"https:\/\/immigrantquebec.com\/fr\/wp-content\/uploads\/2024\/03\/LogoIQ-2024-RVB.png","contentUrl":"https:\/\/immigrantquebec.com\/fr\/wp-content\/uploads\/2024\/03\/LogoIQ-2024-RVB.png","width":2500,"height":1137,"caption":"Immigrant Qu\u00e9bec"},"image":{"@id":"https:\/\/immigrantquebec.com\/fr\/#\/schema\/logo\/image\/"},"sameAs":["https:\/\/www.facebook.com\/immigrantquebec","https:\/\/x.com\/ImmigrantQuebec","https:\/\/www.instagram.com\/immigrantquebec","https:\/\/www.youtube.com\/user\/ImmigrantQc"]},{"@type":"Person","@id":"https:\/\/immigrantquebec.com\/fr\/#\/schema\/person\/5a0a7750c5af0c69575b9d0398abcc4f","name":"Marine Caleb","image":{"@type":"ImageObject","inLanguage":"fr-FR","@id":"https:\/\/secure.gravatar.com\/avatar\/c7fbf7b4b0f62478765bdb817f4da11e6db63026d8595ad858b78f38425200cc?s=96&d=mm&r=g","url":"https:\/\/secure.gravatar.com\/avatar\/c7fbf7b4b0f62478765bdb817f4da11e6db63026d8595ad858b78f38425200cc?s=96&d=mm&r=g","contentUrl":"https:\/\/secure.gravatar.com\/avatar\/c7fbf7b4b0f62478765bdb817f4da11e6db63026d8595ad858b78f38425200cc?s=96&d=mm&r=g","caption":"Marine Caleb"},"description":"Journaliste ind\u00e9pendante, Marine Caleb vit entre Marseille et Tripoli au Liban. Elle se sp\u00e9cialise dans la migration et les droits des femmes et \u00e9crit pour divers m\u00e9dias canadiens, fran\u00e7ais et du Swana.\u00a0Ayant v\u00e9cu de nombreuses ann\u00e9es au Qu\u00e9bec, elle dirige le magazine des journalistes du Qu\u00e9bec, Le Trente.","url":"https:\/\/immigrantquebec.com\/fr\/author\/marine-c\/"}]}},"_links":{"self":[{"href":"https:\/\/immigrantquebec.com\/fr\/wp-json\/wp\/v2\/posts\/14958","targetHints":{"allow":["GET"]}}],"collection":[{"href":"https:\/\/immigrantquebec.com\/fr\/wp-json\/wp\/v2\/posts"}],"about":[{"href":"https:\/\/immigrantquebec.com\/fr\/wp-json\/wp\/v2\/types\/post"}],"author":[{"embeddable":true,"href":"https:\/\/immigrantquebec.com\/fr\/wp-json\/wp\/v2\/users\/3463"}],"replies":[{"embeddable":true,"href":"https:\/\/immigrantquebec.com\/fr\/wp-json\/wp\/v2\/comments?post=14958"}],"version-history":[{"count":0,"href":"https:\/\/immigrantquebec.com\/fr\/wp-json\/wp\/v2\/posts\/14958\/revisions"}],"wp:featuredmedia":[{"embeddable":true,"href":"https:\/\/immigrantquebec.com\/fr\/wp-json\/wp\/v2\/media\/14960"}],"wp:attachment":[{"href":"https:\/\/immigrantquebec.com\/fr\/wp-json\/wp\/v2\/media?parent=14958"}],"wp:term":[{"taxonomy":"category","embeddable":true,"href":"https:\/\/immigrantquebec.com\/fr\/wp-json\/wp\/v2\/categories?post=14958"},{"taxonomy":"post_tag","embeddable":true,"href":"https:\/\/immigrantquebec.com\/fr\/wp-json\/wp\/v2\/tags?post=14958"}],"curies":[{"name":"wp","href":"https:\/\/api.w.org\/{rel}","templated":true}]}}