{"id":15951,"date":"2024-08-16T10:22:21","date_gmt":"2024-08-16T14:22:21","guid":{"rendered":"https:\/\/immigrantquebec.com\/fr\/?p=15951"},"modified":"2024-08-16T10:22:53","modified_gmt":"2024-08-16T14:22:53","slug":"salon-immigration-integration-quebec-automne-2024-inscription","status":"publish","type":"post","link":"https:\/\/immigrantquebec.com\/fr\/actualites\/salon-immigration-integration-quebec-automne-2024-inscription\/","title":{"rendered":"Inscrivez-vous \u00e0 l\u2019\u00e9dition Automne 2024  du Salon de l\u2019immigration et de l\u2019int\u00e9gration au Qu\u00e9bec\u2009!"},"content":{"rendered":"\t\t<div data-elementor-type=\"wp-post\" data-elementor-id=\"15951\" class=\"elementor elementor-15951\" data-elementor-post-type=\"post\">\n\t\t\t\t\t\t<section class=\"elementor-section elementor-top-section elementor-element elementor-element-a6834d3 elementor-section-boxed elementor-section-height-default elementor-section-height-default\" data-id=\"a6834d3\" data-element_type=\"section\" data-e-type=\"section\">\n\t\t\t\t\t\t<div class=\"elementor-container elementor-column-gap-default\">\n\t\t\t\t\t<div class=\"elementor-column elementor-col-100 elementor-top-column elementor-element elementor-element-da415cb\" data-id=\"da415cb\" data-element_type=\"column\" data-e-type=\"column\">\n\t\t\t<div class=\"elementor-widget-wrap elementor-element-populated\">\n\t\t\t\t\t\t<div class=\"elementor-element elementor-element-e4851a6 elementor-widget elementor-widget-text-editor\" data-id=\"e4851a6\" data-element_type=\"widget\" data-e-type=\"widget\" data-widget_type=\"text-editor.default\">\n\t\t\t\t\t\t\t\t\t<p style=\"font-weight: 400;\">L\u2019immigration au Qu\u00e9bec en 2024 est en pleine transformation, refl\u00e9tant une diversit\u00e9 in\u00e9dite. La part de r\u00e9sidents temporaires atteint des sommets, r\u00e9v\u00e9lant une diversification croissante des parcours\u00a0: \u00e9tudiants, travailleurs, familles, et demandeurs d\u2019asile, chacun avec ses propres questions.<\/p><p style=\"font-weight: 400;\">Le Salon de l\u2019Immigration et de l\u2019int\u00e9gration au Qu\u00e9bec, pour sa 14e\u00a0\u00e9dition, la premi\u00e8re organis\u00e9e ainsi \u00e0 l\u2019automne apr\u00e8s le traditionnel rendez-vous du printemps, est un \u00e9v\u00e9nement cl\u00e9 qui permet aux nouveaux arrivants de trouver toutes les ressources indispensables pour vivre, travailler, \u00e9tudier, \u00e0 Montr\u00e9al ou en r\u00e9gion.<\/p><p style=\"font-weight: 400;\">Organis\u00e9 par Immigrant Qu\u00e9bec, cet \u00e9v\u00e9nement gratuit a pour mission de cr\u00e9er un lien fort entre les personnes immigrantes ou en projet d\u2019immigration, les entreprises, et les repr\u00e9sentants de la soci\u00e9t\u00e9 civile. Cette \u00e9dition rassemblera \u00e9galement de nombreux partenaires de premier plan tels que Desjardins, le gouvernement du Qu\u00e9bec, la Table de concertation des organismes au service des personnes r\u00e9fugi\u00e9es et immigrantes, l\u2019Association r\u00e9gionale de d\u00e9veloppement \u00e9conomique du Centre-du-Qu\u00e9bec (ARDECQ), le Regroupement des organismes en francisation du Qu\u00e9bec et Fizz. Enfin, des activit\u00e9s gratuites offriront aux participants des outils pour la recherche d\u2019emploi, des entretiens avec des entreprises, un portrait professionnel, et des conseils pour adapter leur CV et optimiser leur profil LinkedIn.<\/p><p style=\"font-weight: 400;\">Les inscriptions pour la prochaine \u00e9dition du Salon de l\u2019Immigration sont d\u00e9sormais ouvertes. Les 18 et 19\u00a0novembre 2024, r\u00e9servez votre place gratuitement et venez rencontrer plus de 270\u00a0exposants pr\u00eats \u00e0 vous accompagner dans votre projet d\u2019immigration et d\u2019installation au Qu\u00e9bec\u2009!<\/p><p><span style=\"font-weight: 400;\">Restez inform\u00e9s des derni\u00e8res actualit\u00e9s en suivant <strong>notre nouvelle <\/strong><\/span><span style=\"font-weight: 400;\"><a href=\"https:\/\/www.facebook.com\/salonimmigration\/\" target=\"_blank\" rel=\"noopener\"><strong>page \u00e9v\u00e9nement Facebook<\/strong><\/a><\/span><span style=\"font-weight: 400;\"> d\u00e9di\u00e9e au Salon de l\u2019immigration<\/span><span style=\"font-weight: 400;\">\u2009<\/span><span style=\"font-weight: 400;\">!<\/span><\/p>\t\t\t\t\t\t\t\t<\/div>\n\t\t\t\t\t<\/div>\n\t\t<\/div>\n\t\t\t\t\t<\/div>\n\t\t<\/section>\n\t\t\t\t<section class=\"elementor-section elementor-top-section elementor-element elementor-element-ef9ec35 elementor-section-boxed elementor-section-height-default elementor-section-height-default\" data-id=\"ef9ec35\" data-element_type=\"section\" data-e-type=\"section\">\n\t\t\t\t\t\t<div class=\"elementor-container elementor-column-gap-default\">\n\t\t\t\t\t<div class=\"elementor-column elementor-col-100 elementor-top-column elementor-element elementor-element-e67dc7f\" data-id=\"e67dc7f\" data-element_type=\"column\" data-e-type=\"column\">\n\t\t\t<div class=\"elementor-widget-wrap elementor-element-populated\">\n\t\t\t\t\t\t<div class=\"elementor-element elementor-element-61008dd elementor-widget elementor-widget-image\" data-id=\"61008dd\" data-element_type=\"widget\" data-e-type=\"widget\" data-widget_type=\"image.default\">\n\t\t\t\t\t\t\t\t\t\t\t\t\t\t\t\t<a href=\"https:\/\/salonimmigration.com\">\n\t\t\t\t\t\t\t<img fetchpriority=\"high\" decoding=\"async\" width=\"702\" height=\"351\" src=\"https:\/\/immigrantquebec.com\/fr\/wp-content\/uploads\/2024\/08\/SIIQ-A.2024-Format-web-950-x-400-768x384.png\" class=\"attachment-medium_large size-medium_large wp-image-15953\" alt=\"\" srcset=\"https:\/\/immigrantquebec.com\/fr\/wp-content\/uploads\/2024\/08\/SIIQ-A.2024-Format-web-950-x-400-768x384.png 768w, https:\/\/immigrantquebec.com\/fr\/wp-content\/uploads\/2024\/08\/SIIQ-A.2024-Format-web-950-x-400-300x150.png 300w, https:\/\/immigrantquebec.com\/fr\/wp-content\/uploads\/2024\/08\/SIIQ-A.2024-Format-web-950-x-400-1024x512.png 1024w, https:\/\/immigrantquebec.com\/fr\/wp-content\/uploads\/2024\/08\/SIIQ-A.2024-Format-web-950-x-400-1536x768.png 1536w, https:\/\/immigrantquebec.com\/fr\/wp-content\/uploads\/2024\/08\/SIIQ-A.2024-Format-web-950-x-400-2048x1024.png 2048w\" sizes=\"(max-width: 702px) 100vw, 702px\" \/>\t\t\t\t\t\t\t\t<\/a>\n\t\t\t\t\t\t\t\t\t\t\t\t\t\t\t<\/div>\n\t\t\t\t\t<\/div>\n\t\t<\/div>\n\t\t\t\t\t<\/div>\n\t\t<\/section>\n\t\t\t\t<section class=\"elementor-section elementor-top-section elementor-element elementor-element-dae25f5 elementor-section-boxed elementor-section-height-default elementor-section-height-default\" data-id=\"dae25f5\" data-element_type=\"section\" data-e-type=\"section\">\n\t\t\t\t\t\t<div class=\"elementor-container elementor-column-gap-default\">\n\t\t\t\t\t<div class=\"elementor-column elementor-col-100 elementor-top-column elementor-element elementor-element-07b69ac\" data-id=\"07b69ac\" data-element_type=\"column\" data-e-type=\"column\">\n\t\t\t<div class=\"elementor-widget-wrap elementor-element-populated\">\n\t\t\t\t\t\t<div class=\"elementor-element elementor-element-1a7fc55 elementor-widget elementor-widget-spacer\" data-id=\"1a7fc55\" data-element_type=\"widget\" data-e-type=\"widget\" data-widget_type=\"spacer.default\">\n\t\t\t\t\t\t\t<div class=\"elementor-spacer\">\n\t\t\t<div class=\"elementor-spacer-inner\"><\/div>\n\t\t<\/div>\n\t\t\t\t\t\t<\/div>\n\t\t\t\t\t<\/div>\n\t\t<\/div>\n\t\t\t\t\t<\/div>\n\t\t<\/section>\n\t\t\t\t<section class=\"elementor-section elementor-top-section elementor-element elementor-element-f476d35 elementor-section-boxed elementor-section-height-default elementor-section-height-default\" data-id=\"f476d35\" data-element_type=\"section\" data-e-type=\"section\">\n\t\t\t\t\t\t<div class=\"elementor-container elementor-column-gap-default\">\n\t\t\t\t\t<div class=\"elementor-column elementor-col-100 elementor-top-column elementor-element elementor-element-e2a6794\" data-id=\"e2a6794\" data-element_type=\"column\" data-e-type=\"column\">\n\t\t\t<div class=\"elementor-widget-wrap elementor-element-populated\">\n\t\t\t\t\t\t<div class=\"elementor-element elementor-element-fb31137 elementor-widget elementor-widget-text-editor\" data-id=\"fb31137\" data-element_type=\"widget\" data-e-type=\"widget\" data-widget_type=\"text-editor.default\">\n\t\t\t\t\t\t\t\t\t<p style=\"font-weight: 400;\"><strong>INFORMATIONS PRATIQUES<\/strong><\/p><p style=\"font-weight: 400;\"><strong>Dates\u00a0<\/strong>: Pour cette \u00e9dition, l\u2019ouverture au public change et s\u2019adapte \u00e0 vos emplois du temps. Nous vous accueillerons<strong> le lundi\u00a018\u00a0novembre 2024, de 12\u00a0h \u00e0 20\u00a0h<\/strong>, afin de permettre \u00e0 ceux qui travaillent de nous rejoindre plus facilement, et<strong> le mardi\u00a019\u00a0novembre 2024,<\/strong> <strong>de 10\u00a0h \u00e0 18\u00a0h<\/strong>.<\/p><p style=\"font-weight: 400;\"><strong>Lieu<\/strong>\u00a0: Palais des congr\u00e8s de Montr\u00e9al, 1001 place Jean-Paul-Riopelle, Salle\u00a0210.<\/p><p style=\"font-weight: 400;\"><strong>M\u00e9tro Place-d\u2019Armes<\/strong> (ligne orange).<\/p><p style=\"font-weight: 400;\"><strong>Inscription\u00a0<\/strong>: pour participer, <a href=\"https:\/\/salonimmigration.com\/billetterie\/\" target=\"_blank\" rel=\"noopener\">inscrivez-vous gratuitement ici<\/a>.<\/p><p style=\"font-weight: 400;\"><strong>Programmation du Salon\u00a0:<\/strong><span style=\"font-weight: 400;\"> pour pr\u00e9parer votre visite, rendez-vous sur le site du <\/span><span style=\"font-weight: 400;\"><a href=\"https:\/\/salonimmigration.com\/\" target=\"_blank\" rel=\"noopener\">Salon de l\u2019immigration<\/a><\/span><span style=\"font-weight: 400;\">.<\/span><\/p>\t\t\t\t\t\t\t\t<\/div>\n\t\t\t\t\t<\/div>\n\t\t<\/div>\n\t\t\t\t\t<\/div>\n\t\t<\/section>\n\t\t\t\t<section class=\"elementor-section elementor-top-section elementor-element elementor-element-383f3fe elementor-section-boxed elementor-section-height-default elementor-section-height-default\" data-id=\"383f3fe\" data-element_type=\"section\" data-e-type=\"section\">\n\t\t\t\t\t\t<div class=\"elementor-container elementor-column-gap-default\">\n\t\t\t\t\t<div class=\"elementor-column elementor-col-100 elementor-top-column elementor-element elementor-element-45e0807\" data-id=\"45e0807\" data-element_type=\"column\" data-e-type=\"column\">\n\t\t\t<div class=\"elementor-widget-wrap elementor-element-populated\">\n\t\t\t\t\t\t<div class=\"elementor-element elementor-element-f435737 elementor-widget elementor-widget-text-editor\" data-id=\"f435737\" data-element_type=\"widget\" data-e-type=\"widget\" data-widget_type=\"text-editor.default\">\n\t\t\t\t\t\t\t\t\t<p><em>Photo : Immigrant Qu\u00e9bec<\/em><\/p>\t\t\t\t\t\t\t\t<\/div>\n\t\t\t\t\t<\/div>\n\t\t<\/div>\n\t\t\t\t\t<\/div>\n\t\t<\/section>\n\t\t\t\t<\/div>\n\t\t","protected":false},"excerpt":{"rendered":"<p>Pour la premi\u00e8re fois, le Salon de l&rsquo;immigration et de l&rsquo;int\u00e9gration au Qu\u00e9bec vous donne rendez-vous \u00e0 l&rsquo;automne, \u00e0 Montr\u00e9al !<\/p>\n","protected":false},"author":3563,"featured_media":15952,"comment_status":"closed","ping_status":"closed","sticky":false,"template":"","format":"standard","meta":{"_acf_changed":false,"_genesis_hide_title":false,"_genesis_hide_breadcrumbs":false,"_genesis_hide_singular_image":false,"_genesis_hide_footer_widgets":false,"_genesis_custom_body_class":"","_genesis_custom_post_class":"","_genesis_layout":"","footnotes":""},"categories":[1],"tags":[],"class_list":{"0":"post-15951","1":"post","2":"type-post","3":"status-publish","4":"format-standard","5":"has-post-thumbnail","7":"category-actualites","8":"entry"},"acf":[],"yoast_head":"<!-- This site is optimized with the Yoast SEO plugin v27.5 - https:\/\/yoast.com\/product\/yoast-seo-wordpress\/ -->\n<title>Inscrivez-vous \u00e0 l\u2019\u00e9dition Automne 2024 du Salon de l\u2019immigration et de l\u2019int\u00e9gration au Qu\u00e9bec\u2009! - Immigrant Qu\u00e9bec<\/title>\n<meta name=\"description\" content=\"Pour la premi\u00e8re fois, le Salon de l&#039;immigration et de l&#039;int\u00e9gration au Qu\u00e9bec vous donne rendez-vous \u00e0 l&#039;automne, \u00e0 Montr\u00e9al !\" \/>\n<meta name=\"robots\" content=\"index, follow, max-snippet:-1, max-image-preview:large, max-video-preview:-1\" \/>\n<link rel=\"canonical\" href=\"https:\/\/immigrantquebec.com\/fr\/actualites\/salon-immigration-integration-quebec-automne-2024-inscription\/\" \/>\n<meta property=\"og:locale\" content=\"fr_FR\" \/>\n<meta property=\"og:type\" content=\"article\" \/>\n<meta property=\"og:title\" content=\"Inscrivez-vous \u00e0 l\u2019\u00e9dition Automne 2024 du Salon de l\u2019immigration et de l\u2019int\u00e9gration au Qu\u00e9bec\u2009! - Immigrant Qu\u00e9bec\" \/>\n<meta property=\"og:description\" content=\"Pour la premi\u00e8re fois, le Salon de l&#039;immigration et de l&#039;int\u00e9gration au Qu\u00e9bec vous donne rendez-vous \u00e0 l&#039;automne, \u00e0 Montr\u00e9al !\" \/>\n<meta property=\"og:url\" content=\"https:\/\/immigrantquebec.com\/fr\/actualites\/salon-immigration-integration-quebec-automne-2024-inscription\/\" \/>\n<meta property=\"og:site_name\" content=\"Immigrant Qu\u00e9bec\" \/>\n<meta property=\"article:publisher\" content=\"https:\/\/www.facebook.com\/immigrantquebec\" \/>\n<meta property=\"article:published_time\" content=\"2024-08-16T14:22:21+00:00\" \/>\n<meta property=\"article:modified_time\" content=\"2024-08-16T14:22:53+00:00\" \/>\n<meta property=\"og:image\" content=\"https:\/\/immigrantquebec.com\/fr\/wp-content\/uploads\/2024\/08\/Image-950-x-400.png\" \/>\n\t<meta property=\"og:image:width\" content=\"950\" \/>\n\t<meta property=\"og:image:height\" content=\"400\" \/>\n\t<meta property=\"og:image:type\" content=\"image\/png\" \/>\n<meta name=\"author\" content=\"Immigrant Qu\u00e9bec\" \/>\n<meta name=\"twitter:label1\" content=\"\u00c9crit par\" \/>\n\t<meta name=\"twitter:data1\" content=\"Immigrant Qu\u00e9bec\" \/>\n\t<meta name=\"twitter:label2\" content=\"Dur\u00e9e de lecture estim\u00e9e\" \/>\n\t<meta name=\"twitter:data2\" content=\"3 minutes\" \/>\n<script type=\"application\/ld+json\" class=\"yoast-schema-graph\">{\"@context\":\"https:\\\/\\\/schema.org\",\"@graph\":[{\"@type\":\"Article\",\"@id\":\"https:\\\/\\\/immigrantquebec.com\\\/fr\\\/actualites\\\/salon-immigration-integration-quebec-automne-2024-inscription\\\/#article\",\"isPartOf\":{\"@id\":\"https:\\\/\\\/immigrantquebec.com\\\/fr\\\/actualites\\\/salon-immigration-integration-quebec-automne-2024-inscription\\\/\"},\"author\":{\"name\":\"Immigrant Qu\u00e9bec\",\"@id\":\"https:\\\/\\\/immigrantquebec.com\\\/fr\\\/#\\\/schema\\\/person\\\/cfbd43e9446da3b57aa5d592a1a44ae3\"},\"headline\":\"Inscrivez-vous \u00e0 l\u2019\u00e9dition Automne 2024 du Salon de l\u2019immigration et de l\u2019int\u00e9gration au Qu\u00e9bec\u2009!\",\"datePublished\":\"2024-08-16T14:22:21+00:00\",\"dateModified\":\"2024-08-16T14:22:53+00:00\",\"mainEntityOfPage\":{\"@id\":\"https:\\\/\\\/immigrantquebec.com\\\/fr\\\/actualites\\\/salon-immigration-integration-quebec-automne-2024-inscription\\\/\"},\"wordCount\":406,\"publisher\":{\"@id\":\"https:\\\/\\\/immigrantquebec.com\\\/fr\\\/#organization\"},\"image\":{\"@id\":\"https:\\\/\\\/immigrantquebec.com\\\/fr\\\/actualites\\\/salon-immigration-integration-quebec-automne-2024-inscription\\\/#primaryimage\"},\"thumbnailUrl\":\"https:\\\/\\\/immigrantquebec.com\\\/fr\\\/wp-content\\\/uploads\\\/2024\\\/08\\\/Image-950-x-400.png\",\"articleSection\":[\"Actualit\u00e9s\"],\"inLanguage\":\"fr-FR\"},{\"@type\":\"WebPage\",\"@id\":\"https:\\\/\\\/immigrantquebec.com\\\/fr\\\/actualites\\\/salon-immigration-integration-quebec-automne-2024-inscription\\\/\",\"url\":\"https:\\\/\\\/immigrantquebec.com\\\/fr\\\/actualites\\\/salon-immigration-integration-quebec-automne-2024-inscription\\\/\",\"name\":\"Inscrivez-vous \u00e0 l\u2019\u00e9dition Automne 2024 du Salon de l\u2019immigration et de l\u2019int\u00e9gration au Qu\u00e9bec\u2009! - Immigrant Qu\u00e9bec\",\"isPartOf\":{\"@id\":\"https:\\\/\\\/immigrantquebec.com\\\/fr\\\/#website\"},\"primaryImageOfPage\":{\"@id\":\"https:\\\/\\\/immigrantquebec.com\\\/fr\\\/actualites\\\/salon-immigration-integration-quebec-automne-2024-inscription\\\/#primaryimage\"},\"image\":{\"@id\":\"https:\\\/\\\/immigrantquebec.com\\\/fr\\\/actualites\\\/salon-immigration-integration-quebec-automne-2024-inscription\\\/#primaryimage\"},\"thumbnailUrl\":\"https:\\\/\\\/immigrantquebec.com\\\/fr\\\/wp-content\\\/uploads\\\/2024\\\/08\\\/Image-950-x-400.png\",\"datePublished\":\"2024-08-16T14:22:21+00:00\",\"dateModified\":\"2024-08-16T14:22:53+00:00\",\"description\":\"Pour la premi\u00e8re fois, le Salon de l'immigration et de l'int\u00e9gration au Qu\u00e9bec vous donne rendez-vous \u00e0 l'automne, \u00e0 Montr\u00e9al !\",\"breadcrumb\":{\"@id\":\"https:\\\/\\\/immigrantquebec.com\\\/fr\\\/actualites\\\/salon-immigration-integration-quebec-automne-2024-inscription\\\/#breadcrumb\"},\"inLanguage\":\"fr-FR\",\"potentialAction\":[{\"@type\":\"ReadAction\",\"target\":[\"https:\\\/\\\/immigrantquebec.com\\\/fr\\\/actualites\\\/salon-immigration-integration-quebec-automne-2024-inscription\\\/\"]}]},{\"@type\":\"ImageObject\",\"inLanguage\":\"fr-FR\",\"@id\":\"https:\\\/\\\/immigrantquebec.com\\\/fr\\\/actualites\\\/salon-immigration-integration-quebec-automne-2024-inscription\\\/#primaryimage\",\"url\":\"https:\\\/\\\/immigrantquebec.com\\\/fr\\\/wp-content\\\/uploads\\\/2024\\\/08\\\/Image-950-x-400.png\",\"contentUrl\":\"https:\\\/\\\/immigrantquebec.com\\\/fr\\\/wp-content\\\/uploads\\\/2024\\\/08\\\/Image-950-x-400.png\",\"width\":950,\"height\":400},{\"@type\":\"BreadcrumbList\",\"@id\":\"https:\\\/\\\/immigrantquebec.com\\\/fr\\\/actualites\\\/salon-immigration-integration-quebec-automne-2024-inscription\\\/#breadcrumb\",\"itemListElement\":[{\"@type\":\"ListItem\",\"position\":1,\"name\":\"Accueil\",\"item\":\"https:\\\/\\\/immigrantquebec.com\\\/fr\\\/\"},{\"@type\":\"ListItem\",\"position\":2,\"name\":\"Actualit\u00e9s\",\"item\":\"https:\\\/\\\/immigrantquebec.com\\\/fr\\\/actualites\\\/\"},{\"@type\":\"ListItem\",\"position\":3,\"name\":\"Inscrivez-vous \u00e0 l\u2019\u00e9dition Automne 2024 du Salon de l\u2019immigration et de l\u2019int\u00e9gration au Qu\u00e9bec\u2009!\"}]},{\"@type\":\"WebSite\",\"@id\":\"https:\\\/\\\/immigrantquebec.com\\\/fr\\\/#website\",\"url\":\"https:\\\/\\\/immigrantquebec.com\\\/fr\\\/\",\"name\":\"Immigrant Qu\u00e9bec\",\"description\":\"Immigrer, vivre, travailler et \u00e9tudier au Qu\u00e9bec, Canada\",\"publisher\":{\"@id\":\"https:\\\/\\\/immigrantquebec.com\\\/fr\\\/#organization\"},\"potentialAction\":[{\"@type\":\"SearchAction\",\"target\":{\"@type\":\"EntryPoint\",\"urlTemplate\":\"https:\\\/\\\/immigrantquebec.com\\\/fr\\\/?s={search_term_string}\"},\"query-input\":{\"@type\":\"PropertyValueSpecification\",\"valueRequired\":true,\"valueName\":\"search_term_string\"}}],\"inLanguage\":\"fr-FR\"},{\"@type\":\"Organization\",\"@id\":\"https:\\\/\\\/immigrantquebec.com\\\/fr\\\/#organization\",\"name\":\"Immigrant Qu\u00e9bec\",\"url\":\"https:\\\/\\\/immigrantquebec.com\\\/fr\\\/\",\"logo\":{\"@type\":\"ImageObject\",\"inLanguage\":\"fr-FR\",\"@id\":\"https:\\\/\\\/immigrantquebec.com\\\/fr\\\/#\\\/schema\\\/logo\\\/image\\\/\",\"url\":\"https:\\\/\\\/immigrantquebec.com\\\/fr\\\/wp-content\\\/uploads\\\/2024\\\/03\\\/LogoIQ-2024-RVB.png\",\"contentUrl\":\"https:\\\/\\\/immigrantquebec.com\\\/fr\\\/wp-content\\\/uploads\\\/2024\\\/03\\\/LogoIQ-2024-RVB.png\",\"width\":2500,\"height\":1137,\"caption\":\"Immigrant Qu\u00e9bec\"},\"image\":{\"@id\":\"https:\\\/\\\/immigrantquebec.com\\\/fr\\\/#\\\/schema\\\/logo\\\/image\\\/\"},\"sameAs\":[\"https:\\\/\\\/www.facebook.com\\\/immigrantquebec\",\"https:\\\/\\\/x.com\\\/ImmigrantQuebec\",\"https:\\\/\\\/www.instagram.com\\\/immigrantquebec\",\"https:\\\/\\\/www.youtube.com\\\/user\\\/ImmigrantQc\"]},{\"@type\":\"Person\",\"@id\":\"https:\\\/\\\/immigrantquebec.com\\\/fr\\\/#\\\/schema\\\/person\\\/cfbd43e9446da3b57aa5d592a1a44ae3\",\"name\":\"Immigrant Qu\u00e9bec\",\"image\":{\"@type\":\"ImageObject\",\"inLanguage\":\"fr-FR\",\"@id\":\"https:\\\/\\\/immigrantquebec.com\\\/fr\\\/wp-content\\\/uploads\\\/2022\\\/03\\\/LOGO-512X512-96x96.png\",\"url\":\"https:\\\/\\\/immigrantquebec.com\\\/fr\\\/wp-content\\\/uploads\\\/2022\\\/03\\\/LOGO-512X512-96x96.png\",\"contentUrl\":\"https:\\\/\\\/immigrantquebec.com\\\/fr\\\/wp-content\\\/uploads\\\/2022\\\/03\\\/LOGO-512X512-96x96.png\",\"caption\":\"Immigrant Qu\u00e9bec\"},\"description\":\"Nous d\u00e9veloppons des exp\u00e9riences et des outils innovants qui aident les personnes immigrantes \u00e0 faire des choix \u00e9clair\u00e9s dans leur projet d\u2019immigration et d\u2019int\u00e9gration au Qu\u00e9bec. \u00c0 l\u2019\u00e9chelle de la province, nous f\u00e9d\u00e9rons les communaut\u00e9s immigrantes et les acteurs publics et priv\u00e9s concern\u00e9s par l\u2019immigration dans une d\u00e9marche constructive de \u00ab travailler ensemble \u00bb pour un Qu\u00e9bec plus prosp\u00e8re et plus inclusif.\",\"url\":\"https:\\\/\\\/immigrantquebec.com\\\/fr\\\/author\\\/immigrant-quebec\\\/\"}]}<\/script>\n<!-- \/ Yoast SEO plugin. -->","yoast_head_json":{"title":"Inscrivez-vous \u00e0 l\u2019\u00e9dition Automne 2024 du Salon de l\u2019immigration et de l\u2019int\u00e9gration au Qu\u00e9bec\u2009! - Immigrant Qu\u00e9bec","description":"Pour la premi\u00e8re fois, le Salon de l'immigration et de l'int\u00e9gration au Qu\u00e9bec vous donne rendez-vous \u00e0 l'automne, \u00e0 Montr\u00e9al !","robots":{"index":"index","follow":"follow","max-snippet":"max-snippet:-1","max-image-preview":"max-image-preview:large","max-video-preview":"max-video-preview:-1"},"canonical":"https:\/\/immigrantquebec.com\/fr\/actualites\/salon-immigration-integration-quebec-automne-2024-inscription\/","og_locale":"fr_FR","og_type":"article","og_title":"Inscrivez-vous \u00e0 l\u2019\u00e9dition Automne 2024 du Salon de l\u2019immigration et de l\u2019int\u00e9gration au Qu\u00e9bec\u2009! - Immigrant Qu\u00e9bec","og_description":"Pour la premi\u00e8re fois, le Salon de l'immigration et de l'int\u00e9gration au Qu\u00e9bec vous donne rendez-vous \u00e0 l'automne, \u00e0 Montr\u00e9al !","og_url":"https:\/\/immigrantquebec.com\/fr\/actualites\/salon-immigration-integration-quebec-automne-2024-inscription\/","og_site_name":"Immigrant Qu\u00e9bec","article_publisher":"https:\/\/www.facebook.com\/immigrantquebec","article_published_time":"2024-08-16T14:22:21+00:00","article_modified_time":"2024-08-16T14:22:53+00:00","og_image":[{"width":950,"height":400,"url":"https:\/\/immigrantquebec.com\/fr\/wp-content\/uploads\/2024\/08\/Image-950-x-400.png","type":"image\/png"}],"author":"Immigrant Qu\u00e9bec","twitter_misc":{"\u00c9crit par":"Immigrant Qu\u00e9bec","Dur\u00e9e de lecture estim\u00e9e":"3 minutes"},"schema":{"@context":"https:\/\/schema.org","@graph":[{"@type":"Article","@id":"https:\/\/immigrantquebec.com\/fr\/actualites\/salon-immigration-integration-quebec-automne-2024-inscription\/#article","isPartOf":{"@id":"https:\/\/immigrantquebec.com\/fr\/actualites\/salon-immigration-integration-quebec-automne-2024-inscription\/"},"author":{"name":"Immigrant Qu\u00e9bec","@id":"https:\/\/immigrantquebec.com\/fr\/#\/schema\/person\/cfbd43e9446da3b57aa5d592a1a44ae3"},"headline":"Inscrivez-vous \u00e0 l\u2019\u00e9dition Automne 2024 du Salon de l\u2019immigration et de l\u2019int\u00e9gration au Qu\u00e9bec\u2009!","datePublished":"2024-08-16T14:22:21+00:00","dateModified":"2024-08-16T14:22:53+00:00","mainEntityOfPage":{"@id":"https:\/\/immigrantquebec.com\/fr\/actualites\/salon-immigration-integration-quebec-automne-2024-inscription\/"},"wordCount":406,"publisher":{"@id":"https:\/\/immigrantquebec.com\/fr\/#organization"},"image":{"@id":"https:\/\/immigrantquebec.com\/fr\/actualites\/salon-immigration-integration-quebec-automne-2024-inscription\/#primaryimage"},"thumbnailUrl":"https:\/\/immigrantquebec.com\/fr\/wp-content\/uploads\/2024\/08\/Image-950-x-400.png","articleSection":["Actualit\u00e9s"],"inLanguage":"fr-FR"},{"@type":"WebPage","@id":"https:\/\/immigrantquebec.com\/fr\/actualites\/salon-immigration-integration-quebec-automne-2024-inscription\/","url":"https:\/\/immigrantquebec.com\/fr\/actualites\/salon-immigration-integration-quebec-automne-2024-inscription\/","name":"Inscrivez-vous \u00e0 l\u2019\u00e9dition Automne 2024 du Salon de l\u2019immigration et de l\u2019int\u00e9gration au Qu\u00e9bec\u2009! - Immigrant Qu\u00e9bec","isPartOf":{"@id":"https:\/\/immigrantquebec.com\/fr\/#website"},"primaryImageOfPage":{"@id":"https:\/\/immigrantquebec.com\/fr\/actualites\/salon-immigration-integration-quebec-automne-2024-inscription\/#primaryimage"},"image":{"@id":"https:\/\/immigrantquebec.com\/fr\/actualites\/salon-immigration-integration-quebec-automne-2024-inscription\/#primaryimage"},"thumbnailUrl":"https:\/\/immigrantquebec.com\/fr\/wp-content\/uploads\/2024\/08\/Image-950-x-400.png","datePublished":"2024-08-16T14:22:21+00:00","dateModified":"2024-08-16T14:22:53+00:00","description":"Pour la premi\u00e8re fois, le Salon de l'immigration et de l'int\u00e9gration au Qu\u00e9bec vous donne rendez-vous \u00e0 l'automne, \u00e0 Montr\u00e9al !","breadcrumb":{"@id":"https:\/\/immigrantquebec.com\/fr\/actualites\/salon-immigration-integration-quebec-automne-2024-inscription\/#breadcrumb"},"inLanguage":"fr-FR","potentialAction":[{"@type":"ReadAction","target":["https:\/\/immigrantquebec.com\/fr\/actualites\/salon-immigration-integration-quebec-automne-2024-inscription\/"]}]},{"@type":"ImageObject","inLanguage":"fr-FR","@id":"https:\/\/immigrantquebec.com\/fr\/actualites\/salon-immigration-integration-quebec-automne-2024-inscription\/#primaryimage","url":"https:\/\/immigrantquebec.com\/fr\/wp-content\/uploads\/2024\/08\/Image-950-x-400.png","contentUrl":"https:\/\/immigrantquebec.com\/fr\/wp-content\/uploads\/2024\/08\/Image-950-x-400.png","width":950,"height":400},{"@type":"BreadcrumbList","@id":"https:\/\/immigrantquebec.com\/fr\/actualites\/salon-immigration-integration-quebec-automne-2024-inscription\/#breadcrumb","itemListElement":[{"@type":"ListItem","position":1,"name":"Accueil","item":"https:\/\/immigrantquebec.com\/fr\/"},{"@type":"ListItem","position":2,"name":"Actualit\u00e9s","item":"https:\/\/immigrantquebec.com\/fr\/actualites\/"},{"@type":"ListItem","position":3,"name":"Inscrivez-vous \u00e0 l\u2019\u00e9dition Automne 2024 du Salon de l\u2019immigration et de l\u2019int\u00e9gration au Qu\u00e9bec\u2009!"}]},{"@type":"WebSite","@id":"https:\/\/immigrantquebec.com\/fr\/#website","url":"https:\/\/immigrantquebec.com\/fr\/","name":"Immigrant Qu\u00e9bec","description":"Immigrer, vivre, travailler et \u00e9tudier au Qu\u00e9bec, Canada","publisher":{"@id":"https:\/\/immigrantquebec.com\/fr\/#organization"},"potentialAction":[{"@type":"SearchAction","target":{"@type":"EntryPoint","urlTemplate":"https:\/\/immigrantquebec.com\/fr\/?s={search_term_string}"},"query-input":{"@type":"PropertyValueSpecification","valueRequired":true,"valueName":"search_term_string"}}],"inLanguage":"fr-FR"},{"@type":"Organization","@id":"https:\/\/immigrantquebec.com\/fr\/#organization","name":"Immigrant Qu\u00e9bec","url":"https:\/\/immigrantquebec.com\/fr\/","logo":{"@type":"ImageObject","inLanguage":"fr-FR","@id":"https:\/\/immigrantquebec.com\/fr\/#\/schema\/logo\/image\/","url":"https:\/\/immigrantquebec.com\/fr\/wp-content\/uploads\/2024\/03\/LogoIQ-2024-RVB.png","contentUrl":"https:\/\/immigrantquebec.com\/fr\/wp-content\/uploads\/2024\/03\/LogoIQ-2024-RVB.png","width":2500,"height":1137,"caption":"Immigrant Qu\u00e9bec"},"image":{"@id":"https:\/\/immigrantquebec.com\/fr\/#\/schema\/logo\/image\/"},"sameAs":["https:\/\/www.facebook.com\/immigrantquebec","https:\/\/x.com\/ImmigrantQuebec","https:\/\/www.instagram.com\/immigrantquebec","https:\/\/www.youtube.com\/user\/ImmigrantQc"]},{"@type":"Person","@id":"https:\/\/immigrantquebec.com\/fr\/#\/schema\/person\/cfbd43e9446da3b57aa5d592a1a44ae3","name":"Immigrant Qu\u00e9bec","image":{"@type":"ImageObject","inLanguage":"fr-FR","@id":"https:\/\/immigrantquebec.com\/fr\/wp-content\/uploads\/2022\/03\/LOGO-512X512-96x96.png","url":"https:\/\/immigrantquebec.com\/fr\/wp-content\/uploads\/2022\/03\/LOGO-512X512-96x96.png","contentUrl":"https:\/\/immigrantquebec.com\/fr\/wp-content\/uploads\/2022\/03\/LOGO-512X512-96x96.png","caption":"Immigrant Qu\u00e9bec"},"description":"Nous d\u00e9veloppons des exp\u00e9riences et des outils innovants qui aident les personnes immigrantes \u00e0 faire des choix \u00e9clair\u00e9s dans leur projet d\u2019immigration et d\u2019int\u00e9gration au Qu\u00e9bec. \u00c0 l\u2019\u00e9chelle de la province, nous f\u00e9d\u00e9rons les communaut\u00e9s immigrantes et les acteurs publics et priv\u00e9s concern\u00e9s par l\u2019immigration dans une d\u00e9marche constructive de \u00ab travailler ensemble \u00bb pour un Qu\u00e9bec plus prosp\u00e8re et plus inclusif.","url":"https:\/\/immigrantquebec.com\/fr\/author\/immigrant-quebec\/"}]}},"_links":{"self":[{"href":"https:\/\/immigrantquebec.com\/fr\/wp-json\/wp\/v2\/posts\/15951","targetHints":{"allow":["GET"]}}],"collection":[{"href":"https:\/\/immigrantquebec.com\/fr\/wp-json\/wp\/v2\/posts"}],"about":[{"href":"https:\/\/immigrantquebec.com\/fr\/wp-json\/wp\/v2\/types\/post"}],"author":[{"embeddable":true,"href":"https:\/\/immigrantquebec.com\/fr\/wp-json\/wp\/v2\/users\/3563"}],"replies":[{"embeddable":true,"href":"https:\/\/immigrantquebec.com\/fr\/wp-json\/wp\/v2\/comments?post=15951"}],"version-history":[{"count":0,"href":"https:\/\/immigrantquebec.com\/fr\/wp-json\/wp\/v2\/posts\/15951\/revisions"}],"wp:featuredmedia":[{"embeddable":true,"href":"https:\/\/immigrantquebec.com\/fr\/wp-json\/wp\/v2\/media\/15952"}],"wp:attachment":[{"href":"https:\/\/immigrantquebec.com\/fr\/wp-json\/wp\/v2\/media?parent=15951"}],"wp:term":[{"taxonomy":"category","embeddable":true,"href":"https:\/\/immigrantquebec.com\/fr\/wp-json\/wp\/v2\/categories?post=15951"},{"taxonomy":"post_tag","embeddable":true,"href":"https:\/\/immigrantquebec.com\/fr\/wp-json\/wp\/v2\/tags?post=15951"}],"curies":[{"name":"wp","href":"https:\/\/api.w.org\/{rel}","templated":true}]}}