{"id":15974,"date":"2024-08-21T15:13:59","date_gmt":"2024-08-21T19:13:59","guid":{"rendered":"https:\/\/immigrantquebec.com\/fr\/?p=15974"},"modified":"2024-09-04T11:34:55","modified_gmt":"2024-09-04T15:34:55","slug":"le-point-sur-le-gel-partiel-du-ptet-a-montreal","status":"publish","type":"post","link":"https:\/\/immigrantquebec.com\/fr\/actualites\/le-point-sur-le-gel-partiel-du-ptet-a-montreal\/","title":{"rendered":"Le point sur le gel partiel du Programme des travailleurs \u00e9trangers temporaires \u00e0 Montr\u00e9al"},"content":{"rendered":"\t\t<div data-elementor-type=\"wp-post\" data-elementor-id=\"15974\" class=\"elementor elementor-15974\" data-elementor-post-type=\"post\">\n\t\t\t\t\t\t<section class=\"elementor-section elementor-top-section elementor-element elementor-element-d3cddda elementor-section-boxed elementor-section-height-default elementor-section-height-default\" data-id=\"d3cddda\" data-element_type=\"section\" data-e-type=\"section\">\n\t\t\t\t\t\t<div class=\"elementor-container elementor-column-gap-default\">\n\t\t\t\t\t<div class=\"elementor-column elementor-col-100 elementor-top-column elementor-element elementor-element-08e04e1\" data-id=\"08e04e1\" data-element_type=\"column\" data-e-type=\"column\">\n\t\t\t<div class=\"elementor-widget-wrap elementor-element-populated\">\n\t\t\t\t\t\t<div class=\"elementor-element elementor-element-d74f5e1 elementor-widget elementor-widget-text-editor\" data-id=\"d74f5e1\" data-element_type=\"widget\" data-e-type=\"widget\" data-widget_type=\"text-editor.default\">\n\t\t\t\t\t\t\t\t\t<div><i><span>Lors d\u2019une conf\u00e9rence presse, donn\u00e9e le 20&nbsp;ao\u00fbt 2024, le premier ministre du Qu\u00e9bec, Fran\u00e7ois Legault, second\u00e9 de la ministre de l\u2019Immigration, de la Francisation et de l\u2019Int\u00e9gration, Christine Fr\u00e9chette, a annonc\u00e9 le gel pour six mois d\u2019une partie du programme des travailleurs \u00e9trangers temporaires (PTET), en vigueur d\u00e8s le 3&nbsp;septembre 2024. Quels sont les d\u00e9tails de la mesure\u2009? \u00c0 qui s\u2019adresse-t-elle, exactement\u2009? Et quelles solutions s\u2019offrent aux personnes qui sont ou seront concern\u00e9es au cours des six prochains mois\u2009? Faisons le point, alors que l&rsquo;impact de la nouvelle a de nombreuses r\u00e9percussions tant sur les travailleurs que sur les entreprises.<\/span><\/i><\/div>\t\t\t\t\t\t\t\t<\/div>\n\t\t\t\t\t<\/div>\n\t\t<\/div>\n\t\t\t\t\t<\/div>\n\t\t<\/section>\n\t\t\t\t<section class=\"elementor-section elementor-top-section elementor-element elementor-element-e0d032f elementor-section-boxed elementor-section-height-default elementor-section-height-default\" data-id=\"e0d032f\" data-element_type=\"section\" data-e-type=\"section\">\n\t\t\t\t\t\t<div class=\"elementor-container elementor-column-gap-default\">\n\t\t\t\t\t<div class=\"elementor-column elementor-col-100 elementor-top-column elementor-element elementor-element-9cd4271\" data-id=\"9cd4271\" data-element_type=\"column\" data-e-type=\"column\">\n\t\t\t<div class=\"elementor-widget-wrap elementor-element-populated\">\n\t\t\t\t\t\t<div class=\"elementor-element elementor-element-3c8f49e elementor-widget elementor-widget-text-editor\" data-id=\"3c8f49e\" data-element_type=\"widget\" data-e-type=\"widget\" data-widget_type=\"text-editor.default\">\n\t\t\t\t\t\t\t\t\t<h2 style=\"font-weight: 400;\"><strong><span>La r\u00e8gle et les exceptions<\/span><\/strong><\/h2><p style=\"font-weight: 400;\"><span>La mesure pr\u00e9voit la suspension d\u2019une partie du Programme des travailleurs \u00e9trangers temporaires (PTET), \u00e0 compter du 3\u00a0septembre 2024 et pour une dur\u00e9e de six mois.<\/span><\/p><p style=\"font-weight: 400;\"><span>Sont concern\u00e9es par le gel du programme les personnes qui\u00a0:<\/span><\/p><ul><li>Pr\u00e9sentent une <b>premi\u00e8re demande<\/b>\u00a0de permis ou <b>renouvellent <\/b>un permis, toujours dans le cadre du PTET, <a href=\"https:\/\/immigrantquebec.com\/fr\/actualites\/ptet-liste-professions-traitement-simplifie-quebec\/\" target=\"_blank\" rel=\"noopener\">traitement simplifi\u00e9<\/a> compris, \u00e0 partir du 3 septembre (les demandes envoy\u00e9es avant cette date seront re\u00e7ues et trait\u00e9es)\u2009;<\/li><li>Sont <b>employ\u00e9es par une entreprise bas\u00e9e sur l\u2019\u00eele de Montr\u00e9al<\/b> (attention, ce n\u2019est pas le lieu de r\u00e9sidence du TET qui est retenu, mais bien d\u2019\u00e9tablissement de l\u2019entreprise)\u2009;<\/li><li><span>Sont consid\u00e9r\u00e9s comme des travailleurs <strong>\u00e0 bas salaire<\/strong>, c&rsquo;est-\u00e0-dire dont le revenu brut annuel est inf\u00e9rieur au salaire m\u00e9dian en vigueur dans la province : 57\u2009000 $ CAN brut annuels, ou 27,47 $ CAN de l\u2019heure.<\/span><\/li><\/ul><p style=\"font-weight: 400;\"><span>Les demandes d\u2019\u00c9valuation de l\u2019impact sur le march\u00e9 du travail (EIMT)\/Certificat d\u2019acceptation du Qu\u00e9bec (CAQ) pr\u00e9sent\u00e9es au nom des personnes qui cumulent ces crit\u00e8res ne seront donc pas re\u00e7ues par le MIFI.<\/span><\/p><p><span style=\"font-weight: 400;\">Le seront-elles \u00e0 l\u2019\u00e9ch\u00e9ance de la mesure\u2009? On aurait tendance \u00e0 croire que non\u00a0: selon le communiqu\u00e9, c\u2019est bien la r\u00e9ception de ces demandes qui est suspendue, non pas leur traitement. On sera donc avis\u00e9 de s\u2019\u00e9pargner l\u2019envoi de demandes litigieuses.<\/span><\/p><p><span>Parmi les exceptions, les secteurs strat\u00e9giques habituels seront \u00e9pargn\u00e9s, et seront re\u00e7ues les demandes dans les domaines de la sant\u00e9, de l\u2019\u00e9ducation (<strong>hors garderies<\/strong>, pour une raison qu&rsquo;on ignore), de la construction, de l\u2019agriculture et de la transformation alimentaire.<\/span><\/p>\t\t\t\t\t\t\t\t<\/div>\n\t\t\t\t\t<\/div>\n\t\t<\/div>\n\t\t\t\t\t<\/div>\n\t\t<\/section>\n\t\t\t\t<section class=\"elementor-section elementor-top-section elementor-element elementor-element-efd0101 elementor-section-boxed elementor-section-height-default elementor-section-height-default\" data-id=\"efd0101\" data-element_type=\"section\" data-e-type=\"section\">\n\t\t\t\t\t\t<div class=\"elementor-container elementor-column-gap-default\">\n\t\t\t\t\t<div class=\"elementor-column elementor-col-100 elementor-top-column elementor-element elementor-element-211c436\" data-id=\"211c436\" data-element_type=\"column\" data-e-type=\"column\">\n\t\t\t<div class=\"elementor-widget-wrap elementor-element-populated\">\n\t\t\t\t\t\t<div class=\"elementor-element elementor-element-bd6dffd elementor-widget elementor-widget-text-editor\" data-id=\"bd6dffd\" data-element_type=\"widget\" data-e-type=\"widget\" data-widget_type=\"text-editor.default\">\n\t\t\t\t\t\t\t\t\t<h2 style=\"font-weight: 400;\"><strong><span>Qui est concern\u00e9 par cette mesure, dans les faits\u2009?<\/span><\/strong><\/h2><p style=\"font-weight: 400;\"><span>Si vous gagnez plus de 27,47\u00a0$ CAN de l\u2019heure OU que votre employeur n\u2019est pas \u00e9tabli \u00e0 Montr\u00e9al, vous n\u2019\u00eates tout simplement pas concern\u00e9 par la mesure.<\/span><\/p><p><span style=\"font-weight: 400;\">Pour autant, cette mesure, qui ne touche en apparence que les personnes relevant du PTET, aura un impact beaucoup plus large que l\u2019annonce le laisse penser. Elle va affecter plusieurs cat\u00e9gories de temporaires, directement ou indirectement.<\/span><\/p>\t\t\t\t\t\t\t\t<\/div>\n\t\t\t\t\t<\/div>\n\t\t<\/div>\n\t\t\t\t\t<\/div>\n\t\t<\/section>\n\t\t\t\t<section class=\"elementor-section elementor-top-section elementor-element elementor-element-760fdaf elementor-section-boxed elementor-section-height-default elementor-section-height-default\" data-id=\"760fdaf\" data-element_type=\"section\" data-e-type=\"section\">\n\t\t\t\t\t\t<div class=\"elementor-container elementor-column-gap-default\">\n\t\t\t\t\t<div class=\"elementor-column elementor-col-100 elementor-top-column elementor-element elementor-element-6af8c78\" data-id=\"6af8c78\" data-element_type=\"column\" data-e-type=\"column\">\n\t\t\t<div class=\"elementor-widget-wrap elementor-element-populated\">\n\t\t\t\t\t\t<div class=\"elementor-element elementor-element-8da7277 elementor-widget elementor-widget-text-editor\" data-id=\"8da7277\" data-element_type=\"widget\" data-e-type=\"widget\" data-widget_type=\"text-editor.default\">\n\t\t\t\t\t\t\t\t\t<h3 style=\"font-weight: 400;\">Les candidats \u00e0 un permis de travail temporaire qui r\u00e9sident encore \u00e0 l\u2019\u00e9tranger<\/h3><p><span style=\"font-weight: 400;\">Bien s\u00fbr, on pense d\u2019abord aux personnes en premi\u00e8re demande qui ne r\u00e9sident pas encore au Qu\u00e9bec et qui re\u00e7oivent une offre d\u2019embauche d\u2019une entreprise bas\u00e9e \u00e0 Montr\u00e9al. Ce sont notamment les candidats qui ont soumis une d\u00e9claration d\u2019int\u00e9r\u00eat sur Arrima ou qui se pr\u00e9sentent aux Journ\u00e9es Qu\u00e9bec.<\/span><\/p>\t\t\t\t\t\t\t\t<\/div>\n\t\t\t\t\t<\/div>\n\t\t<\/div>\n\t\t\t\t\t<\/div>\n\t\t<\/section>\n\t\t\t\t<section class=\"elementor-section elementor-top-section elementor-element elementor-element-f86cf73 elementor-section-boxed elementor-section-height-default elementor-section-height-default\" data-id=\"f86cf73\" data-element_type=\"section\" data-e-type=\"section\">\n\t\t\t\t\t\t<div class=\"elementor-container elementor-column-gap-default\">\n\t\t\t\t\t<div class=\"elementor-column elementor-col-100 elementor-top-column elementor-element elementor-element-edd35d9\" data-id=\"edd35d9\" data-element_type=\"column\" data-e-type=\"column\">\n\t\t\t<div class=\"elementor-widget-wrap elementor-element-populated\">\n\t\t\t\t\t\t<div class=\"elementor-element elementor-element-70ae8b5 elementor-widget elementor-widget-text-editor\" data-id=\"70ae8b5\" data-element_type=\"widget\" data-e-type=\"widget\" data-widget_type=\"text-editor.default\">\n\t\t\t\t\t\t\t\t\t<h3 style=\"font-weight: 400;\">Les PTET qui doivent renouveler un permis de travail ferm\u00e9<\/h3><p style=\"font-weight: 400;\"><span>L\u2019autre cat\u00e9gorie \u00e0 laquelle on pense, bien s\u00fbr, ce sont les travailleurs \u00e9trangers temporaires en permis ferm\u00e9 et qui vont devoir renouveler un permis de travail au cours des prochains mois. S\u2019ils ne sont pas d\u00e9j\u00e0 d\u00e9tenteurs d\u2019un Certificat de s\u00e9lection du Qu\u00e9bec (CSQ) valide, ils ne pourront pas b\u00e9n\u00e9ficier <a href=\"https:\/\/www.canada.ca\/fr\/immigration-refugies-citoyennete\/organisation\/publications-guides\/bulletins-guides-operationnels\/residents-temporaires\/travailleurs-etrangers\/cas-quebec\/renouvellement-prolongation-certains-titulaires-selection-quebec-dispenses-etude-impact.html#Criteres\">du code de dispense d\u2019EIMT associ\u00e9 au permis\u00a0A73 ferm\u00e9<\/a>, leur permettant de renouveler leur permis au f\u00e9d\u00e9ral seulement.<\/span><\/p><p><span style=\"font-weight: 400;\">Mais la mesure va aussi concerner un nombre important de personnes qui rel\u00e8vent du Programme de mobilit\u00e9 internationale (PMI), en particulier celles dont le permis ne peut pas \u00eatre renouvel\u00e9 qui qui arrivera \u00e0 expiration au cours des prochains mois.<\/span><\/p>\t\t\t\t\t\t\t\t<\/div>\n\t\t\t\t\t<\/div>\n\t\t<\/div>\n\t\t\t\t\t<\/div>\n\t\t<\/section>\n\t\t\t\t<section class=\"elementor-section elementor-top-section elementor-element elementor-element-f0f25a1 elementor-section-boxed elementor-section-height-default elementor-section-height-default\" data-id=\"f0f25a1\" data-element_type=\"section\" data-e-type=\"section\">\n\t\t\t\t\t\t<div class=\"elementor-container elementor-column-gap-default\">\n\t\t\t\t\t<div class=\"elementor-column elementor-col-100 elementor-top-column elementor-element elementor-element-187fde7\" data-id=\"187fde7\" data-element_type=\"column\" data-e-type=\"column\">\n\t\t\t<div class=\"elementor-widget-wrap elementor-element-populated\">\n\t\t\t\t\t\t<div class=\"elementor-element elementor-element-e8b04b7 elementor-widget elementor-widget-text-editor\" data-id=\"e8b04b7\" data-element_type=\"widget\" data-e-type=\"widget\" data-widget_type=\"text-editor.default\">\n\t\t\t\t\t\t\t\t\t<h3 style=\"font-weight: 400;\">Les personnes du programme Exp\u00e9rience internationale Canada (EIC) qui souhaitent rester au Qu\u00e9bec avec un permis de travail ferm\u00e9<\/h3><p><span style=\"font-weight: 400;\">Les personnes dont le permis de travail ouvert (PVT) ou ferm\u00e9 (Jeunes professionnels, Stage coop international) va expirer au cours des prochains mois ne seront pas en mesure de basculer vers un permis de travail ferm\u00e9 avec leur employeur.<\/span><\/p>\t\t\t\t\t\t\t\t<\/div>\n\t\t\t\t\t<\/div>\n\t\t<\/div>\n\t\t\t\t\t<\/div>\n\t\t<\/section>\n\t\t\t\t<section class=\"elementor-section elementor-top-section elementor-element elementor-element-5fec868 elementor-section-boxed elementor-section-height-default elementor-section-height-default\" data-id=\"5fec868\" data-element_type=\"section\" data-e-type=\"section\">\n\t\t\t\t\t\t<div class=\"elementor-container elementor-column-gap-default\">\n\t\t\t\t\t<div class=\"elementor-column elementor-col-100 elementor-top-column elementor-element elementor-element-2b15154\" data-id=\"2b15154\" data-element_type=\"column\" data-e-type=\"column\">\n\t\t\t<div class=\"elementor-widget-wrap elementor-element-populated\">\n\t\t\t\t\t\t<div class=\"elementor-element elementor-element-a4344dd elementor-widget elementor-widget-text-editor\" data-id=\"a4344dd\" data-element_type=\"widget\" data-e-type=\"widget\" data-widget_type=\"text-editor.default\">\n\t\t\t\t\t\t\t\t\t<h3 style=\"font-weight: 400;\">Les dipl\u00f4m\u00e9s du Qu\u00e9bec en Permis de travail postdipl\u00f4me (PTPD)<\/h3><p><span style=\"font-weight: 400;\">M\u00eame chose, les personnes dont le PTPD (permis de travail ouvert) arrive \u00e0 expiration, qui n\u2019ont pas entam\u00e9 de d\u00e9marche vers la r\u00e9sidence permanente\/obtenu leur CSQ, et qui souhaitent poursuivre leur travail en basculant en permis ferm\u00e9 se retrouveront potentiellement coinc\u00e9es.<\/span><\/p>\t\t\t\t\t\t\t\t<\/div>\n\t\t\t\t\t<\/div>\n\t\t<\/div>\n\t\t\t\t\t<\/div>\n\t\t<\/section>\n\t\t\t\t<section class=\"elementor-section elementor-top-section elementor-element elementor-element-7315550 elementor-section-boxed elementor-section-height-default elementor-section-height-default\" data-id=\"7315550\" data-element_type=\"section\" data-e-type=\"section\">\n\t\t\t\t\t\t<div class=\"elementor-container elementor-column-gap-default\">\n\t\t\t\t\t<div class=\"elementor-column elementor-col-100 elementor-top-column elementor-element elementor-element-1bf6c6a\" data-id=\"1bf6c6a\" data-element_type=\"column\" data-e-type=\"column\">\n\t\t\t<div class=\"elementor-widget-wrap elementor-element-populated\">\n\t\t\t\t\t\t<div class=\"elementor-element elementor-element-206b4f3 elementor-widget elementor-widget-text-editor\" data-id=\"206b4f3\" data-element_type=\"widget\" data-e-type=\"widget\" data-widget_type=\"text-editor.default\">\n\t\t\t\t\t\t\t\t\t<div><span>Pour finir, il faut aussi compter avec les \u00ab\u2009victimes collat\u00e9rales\u2009\u00bb de la mesure, \u00e0 savoir les membres de la famille du TET ou qui titulaires d&rsquo;un permis non renouvelable relevant du PMI.<\/span><\/div>\t\t\t\t\t\t\t\t<\/div>\n\t\t\t\t\t<\/div>\n\t\t<\/div>\n\t\t\t\t\t<\/div>\n\t\t<\/section>\n\t\t\t\t<section class=\"elementor-section elementor-top-section elementor-element elementor-element-eb2ce04 elementor-section-boxed elementor-section-height-default elementor-section-height-default\" data-id=\"eb2ce04\" data-element_type=\"section\" data-e-type=\"section\">\n\t\t\t\t\t\t<div class=\"elementor-container elementor-column-gap-default\">\n\t\t\t\t\t<div class=\"elementor-column elementor-col-100 elementor-top-column elementor-element elementor-element-77e1e1b\" data-id=\"77e1e1b\" data-element_type=\"column\" data-e-type=\"column\">\n\t\t\t<div class=\"elementor-widget-wrap elementor-element-populated\">\n\t\t\t\t\t\t<div class=\"elementor-element elementor-element-f53ebd3 elementor-widget elementor-widget-text-editor\" data-id=\"f53ebd3\" data-element_type=\"widget\" data-e-type=\"widget\" data-widget_type=\"text-editor.default\">\n\t\t\t\t\t\t\t\t\t<h3 style=\"font-weight: 400;\">Les conjoints et \u00e9poux accompagnants en permis ouverts au titre du PMI<\/h3><p><span style=\"font-weight: 400;\">Les permis de travail ouverts octroy\u00e9s aux \u00e9poux et conjoints qui accompagnent le travailleur \u00e9tranger temporaire ne valent que si le permis du demandeur principal est valide. Si celui-ci ne peut renouveler son permis de travail ferm\u00e9, le permis du conjoint perd sa validit\u00e9 en m\u00eame temps que celui du demandeur principal.<\/span><\/p>\t\t\t\t\t\t\t\t<\/div>\n\t\t\t\t\t<\/div>\n\t\t<\/div>\n\t\t\t\t\t<\/div>\n\t\t<\/section>\n\t\t\t\t<section class=\"elementor-section elementor-top-section elementor-element elementor-element-fbbdfc5 elementor-section-boxed elementor-section-height-default elementor-section-height-default\" data-id=\"fbbdfc5\" data-element_type=\"section\" data-e-type=\"section\">\n\t\t\t\t\t\t<div class=\"elementor-container elementor-column-gap-default\">\n\t\t\t\t\t<div class=\"elementor-column elementor-col-100 elementor-top-column elementor-element elementor-element-b75761e\" data-id=\"b75761e\" data-element_type=\"column\" data-e-type=\"column\">\n\t\t\t<div class=\"elementor-widget-wrap elementor-element-populated\">\n\t\t\t\t\t\t<section class=\"elementor-section elementor-inner-section elementor-element elementor-element-475565b elementor-section-boxed elementor-section-height-default elementor-section-height-default\" data-id=\"475565b\" data-element_type=\"section\" data-e-type=\"section\">\n\t\t\t\t\t\t<div class=\"elementor-container elementor-column-gap-default\">\n\t\t\t\t\t<div class=\"elementor-column elementor-col-50 elementor-inner-column elementor-element elementor-element-f224443\" data-id=\"f224443\" data-element_type=\"column\" data-e-type=\"column\">\n\t\t\t<div class=\"elementor-widget-wrap elementor-element-populated\">\n\t\t\t\t\t\t<div class=\"elementor-element elementor-element-86f3b91 elementor-widget elementor-widget-text-editor\" data-id=\"86f3b91\" data-element_type=\"widget\" data-e-type=\"widget\" data-widget_type=\"text-editor.default\">\n\t\t\t\t\t\t\t\t\t<h3 style=\"font-weight: 400;\">Les enfants accompagnants en permis d\u2019\u00e9tudes<\/h3><p><span style=\"font-weight: 400;\">M\u00eame effet domino pour les enfants accompagnant un travailleur sous PTET qui perd son statut\u00a0: la validit\u00e9 des permis d\u2019\u00e9tudes, obligatoires pour les enfants de 6\u00a0ans ou plus inscrits \u00e0 l\u2019\u00e9cole, est, elle aussi, remise en cause.<\/span><\/p>\t\t\t\t\t\t\t\t<\/div>\n\t\t\t\t\t<\/div>\n\t\t<\/div>\n\t\t\t\t<div class=\"elementor-column elementor-col-50 elementor-inner-column elementor-element elementor-element-fefbb2f\" data-id=\"fefbb2f\" data-element_type=\"column\" data-e-type=\"column\">\n\t\t\t<div class=\"elementor-widget-wrap elementor-element-populated\">\n\t\t\t\t\t\t<div class=\"elementor-element elementor-element-c64aad5 elementor-blockquote--skin-border elementor-widget elementor-widget-blockquote\" data-id=\"c64aad5\" data-element_type=\"widget\" data-e-type=\"widget\" data-widget_type=\"blockquote.default\">\n\t\t\t\t\t\t\t<blockquote class=\"elementor-blockquote\">\n\t\t\t<p class=\"elementor-blockquote__content\">\n\t\t\t\tDe fait, le Qu\u00e9bec dispose d\u2019un pouvoir, certes a posteriori, mais non n\u00e9gligeable sur les r\u00e9sidents temporaires relevant du Programme f\u00e9d\u00e9ral de mobilit\u00e9 internationale (PMI).\t\t\t<\/p>\n\t\t\t\t\t<\/blockquote>\n\t\t\t\t\t\t<\/div>\n\t\t\t\t\t<\/div>\n\t\t<\/div>\n\t\t\t\t\t<\/div>\n\t\t<\/section>\n\t\t\t\t\t<\/div>\n\t\t<\/div>\n\t\t\t\t\t<\/div>\n\t\t<\/section>\n\t\t\t\t<section class=\"elementor-section elementor-top-section elementor-element elementor-element-c775a34 elementor-section-boxed elementor-section-height-default elementor-section-height-default\" data-id=\"c775a34\" data-element_type=\"section\" data-e-type=\"section\">\n\t\t\t\t\t\t<div class=\"elementor-container elementor-column-gap-default\">\n\t\t\t\t\t<div class=\"elementor-column elementor-col-100 elementor-top-column elementor-element elementor-element-96bb837\" data-id=\"96bb837\" data-element_type=\"column\" data-e-type=\"column\">\n\t\t\t<div class=\"elementor-widget-wrap elementor-element-populated\">\n\t\t\t\t\t\t<div class=\"elementor-element elementor-element-b61b115 elementor-widget elementor-widget-text-editor\" data-id=\"b61b115\" data-element_type=\"widget\" data-e-type=\"widget\" data-widget_type=\"text-editor.default\">\n\t\t\t\t\t\t\t\t\t<h2 style=\"font-weight: 400;\"><strong><span>Vous \u00eates concern\u00e9\u2009? Quelles sont vos options\u2009?<\/span><\/strong><\/h2><p style=\"font-weight: 400;\"><span>Votre meilleure option sera naturellement de sortir de l\u2019une des conditions nomm\u00e9es pr\u00e9c\u00e9demment, relatives \u00e0 la date d\u2019entr\u00e9e en vigueur, \u00e0 votre employeur ou encore \u00e0 votre statut d\u2019immigration.<\/span><\/p><p style=\"font-weight: 400;\"><span>Si votre permis expire dans les six mois et que vous et votre employeur le pouvez, <strong>pr\u00e9sentez une demande d\u2019EIMT\/CAQ avant le 3\u00a0septembre 2024<\/strong>, en premi\u00e8re demande ou en renouvellement, m\u00eame s\u2019il reste du temps sur votre permis actuel.<\/span><\/p><p style=\"font-weight: 400;\"><span>Si vous \u00eates sous le seuil des 57\u2009000\u00a0$ CAN, vous pourrez partir en chasse d\u2019un <strong>emploi plus payant<\/strong>. Mais si vous \u00eates en permis ferm\u00e9 sous le r\u00e9gime du PTET, vous ne pourrez malheureusement pas n\u00e9gocier une augmentation de salaire avec votre employeur, m\u00eame si ce dernier est d\u2019accord, sans <strong>pr\u00e9senter une nouvelle demande d\u2019EIMT\/CAQ<\/strong>. Le passage \u00e0 \u00ab\u2009haut salaire\u2009\u00bb modifie \u00e9galement les obligations de l\u2019employeur \u00e0 l\u2019\u00e9gard du travailleur \u00e9tranger.<\/span><\/p><p style=\"font-weight: 400;\"><span>Sur la question de la territorialit\u00e9, vous pourrez, le moment venu, <strong>chercher un nouvel employeur \u00e9tabli en dehors de l\u2019\u00eele de Montr\u00e9al<\/strong> et qui sera pr\u00eat \u00e0 vous proposer un travail dans le cadre du PTET, y compris apr\u00e8s le 3\u00a0septembre. Mais, selon les cas, vous devrez peut-\u00eatre vous pr\u00e9parer \u00e0 d\u00e9m\u00e9nager.<\/span><\/p><p><span style=\"font-weight: 400;\">Enfin, on rappelle que les travailleurs \u00e9trangers temporaires <strong>titulaires d\u2019un CSQ <\/strong><a href=\"https:\/\/immigrantquebec.com\/fr\/conseils-d-experts\/qui-sont-les-travailleurs-derriere-le-fameux-programme-de-mobilite-internationale\/\" target=\"_blank\" rel=\"noopener\">pourraient \u00eatre admissibles \u00e0 un permis de travail ouvert<\/a> au titre du Programme de mobilit\u00e9 internationale (PMI), synonyme d&rsquo;exemption de d\u00e9marches au provincial.<\/span><\/p>\t\t\t\t\t\t\t\t<\/div>\n\t\t\t\t\t<\/div>\n\t\t<\/div>\n\t\t\t\t\t<\/div>\n\t\t<\/section>\n\t\t\t\t<section class=\"elementor-section elementor-top-section elementor-element elementor-element-837749a elementor-section-boxed elementor-section-height-default elementor-section-height-default\" data-id=\"837749a\" data-element_type=\"section\" data-e-type=\"section\">\n\t\t\t\t\t\t<div class=\"elementor-container elementor-column-gap-default\">\n\t\t\t\t\t<div class=\"elementor-column elementor-col-100 elementor-top-column elementor-element elementor-element-7eecf47\" data-id=\"7eecf47\" data-element_type=\"column\" data-e-type=\"column\">\n\t\t\t<div class=\"elementor-widget-wrap elementor-element-populated\">\n\t\t\t\t\t\t<div class=\"elementor-element elementor-element-1eec5f0 elementor-blockquote--skin-boxed elementor-widget elementor-widget-blockquote\" data-id=\"1eec5f0\" data-element_type=\"widget\" data-e-type=\"widget\" data-widget_type=\"blockquote.default\">\n\t\t\t\t\t\t\t<blockquote class=\"elementor-blockquote\">\n\t\t\t<p class=\"elementor-blockquote__content\">\n\t\t\t\tDans tous les cas, pensez que vous devez imp\u00e9rativement maintenir un statut au Canada.<br><br>Dans toute la mesure du possible, ne laissez pas expirer votre statut. Anticipez !\t\t\t<\/p>\n\t\t\t\t\t<\/blockquote>\n\t\t\t\t\t\t<\/div>\n\t\t\t\t\t<\/div>\n\t\t<\/div>\n\t\t\t\t\t<\/div>\n\t\t<\/section>\n\t\t\t\t<section class=\"elementor-section elementor-top-section elementor-element elementor-element-a9ee7cc elementor-section-boxed elementor-section-height-default elementor-section-height-default\" data-id=\"a9ee7cc\" data-element_type=\"section\" data-e-type=\"section\">\n\t\t\t\t\t\t<div class=\"elementor-container elementor-column-gap-default\">\n\t\t\t\t\t<div class=\"elementor-column elementor-col-100 elementor-top-column elementor-element elementor-element-0a94cc7\" data-id=\"0a94cc7\" data-element_type=\"column\" data-e-type=\"column\">\n\t\t\t<div class=\"elementor-widget-wrap elementor-element-populated\">\n\t\t\t\t\t\t<div class=\"elementor-element elementor-element-a577101 elementor-widget elementor-widget-text-editor\" data-id=\"a577101\" data-element_type=\"widget\" data-e-type=\"widget\" data-widget_type=\"text-editor.default\">\n\t\t\t\t\t\t\t\t\t<div><span lang=\"FR\"><a href=\"https:\/\/www.quebec.ca\/nouvelles\/actualites\/details\/immigration-temporaire-quebec-limite-laugmentation-du-nombre-de-residents-non-permanents-57781\"><span lang=\"FR-CA\">Pour acc\u00e9der au communiqu\u00e9 du cabinet du premier ministre<\/span><\/a>.<\/span><\/div>\t\t\t\t\t\t\t\t<\/div>\n\t\t\t\t\t<\/div>\n\t\t<\/div>\n\t\t\t\t\t<\/div>\n\t\t<\/section>\n\t\t\t\t<section class=\"elementor-section elementor-top-section elementor-element elementor-element-44df539 elementor-section-boxed elementor-section-height-default elementor-section-height-default\" data-id=\"44df539\" data-element_type=\"section\" data-e-type=\"section\">\n\t\t\t\t\t\t<div class=\"elementor-container elementor-column-gap-default\">\n\t\t\t\t\t<div class=\"elementor-column elementor-col-100 elementor-top-column elementor-element elementor-element-a8c0f6c\" data-id=\"a8c0f6c\" data-element_type=\"column\" data-e-type=\"column\">\n\t\t\t<div class=\"elementor-widget-wrap elementor-element-populated\">\n\t\t\t\t\t\t<div class=\"elementor-element elementor-element-a5549b9 elementor-widget elementor-widget-text-editor\" data-id=\"a5549b9\" data-element_type=\"widget\" data-e-type=\"widget\" data-widget_type=\"text-editor.default\">\n\t\t\t\t\t\t\t\t\t<p><em>Photo : Kevin Grieve<\/em><\/p>\t\t\t\t\t\t\t\t<\/div>\n\t\t\t\t\t<\/div>\n\t\t<\/div>\n\t\t\t\t\t<\/div>\n\t\t<\/section>\n\t\t\t\t<\/div>\n\t\t","protected":false},"excerpt":{"rendered":"<p>La suspension du PTET sur l&rsquo;\u00eele de Montr\u00e9al a de nombreuses r\u00e9percussions tant sur les travailleurs que sur les entreprises.<\/p>\n","protected":false},"author":3463,"featured_media":15994,"comment_status":"closed","ping_status":"closed","sticky":false,"template":"","format":"standard","meta":{"_acf_changed":false,"_genesis_hide_title":false,"_genesis_hide_breadcrumbs":false,"_genesis_hide_singular_image":false,"_genesis_hide_footer_widgets":false,"_genesis_custom_body_class":"","_genesis_custom_post_class":"","_genesis_layout":"","footnotes":""},"categories":[1],"tags":[],"class_list":{"0":"post-15974","1":"post","2":"type-post","3":"status-publish","4":"format-standard","5":"has-post-thumbnail","7":"category-actualites","8":"entry"},"acf":[],"yoast_head":"<!-- This site is optimized with the Yoast SEO plugin v27.5 - https:\/\/yoast.com\/product\/yoast-seo-wordpress\/ -->\n<title>Le point sur le gel partiel du Programme des travailleurs \u00e9trangers temporaires \u00e0 Montr\u00e9al - Immigrant Qu\u00e9bec<\/title>\n<meta name=\"description\" content=\"La suspension du PTET sur l&#039;\u00eele de Montr\u00e9al a de nombreuses r\u00e9percussions tant sur les travailleurs que sur les entreprises.\" \/>\n<meta name=\"robots\" content=\"index, follow, max-snippet:-1, max-image-preview:large, max-video-preview:-1\" \/>\n<link rel=\"canonical\" href=\"https:\/\/immigrantquebec.com\/fr\/actualites\/le-point-sur-le-gel-partiel-du-ptet-a-montreal\/\" \/>\n<meta property=\"og:locale\" content=\"fr_FR\" \/>\n<meta property=\"og:type\" content=\"article\" \/>\n<meta property=\"og:title\" content=\"Le point sur le gel partiel du Programme des travailleurs \u00e9trangers temporaires \u00e0 Montr\u00e9al - Immigrant Qu\u00e9bec\" \/>\n<meta property=\"og:description\" content=\"La suspension du PTET sur l&#039;\u00eele de Montr\u00e9al a de nombreuses r\u00e9percussions tant sur les travailleurs que sur les entreprises.\" \/>\n<meta property=\"og:url\" content=\"https:\/\/immigrantquebec.com\/fr\/actualites\/le-point-sur-le-gel-partiel-du-ptet-a-montreal\/\" \/>\n<meta property=\"og:site_name\" content=\"Immigrant Qu\u00e9bec\" \/>\n<meta property=\"article:publisher\" content=\"https:\/\/www.facebook.com\/immigrantquebec\" \/>\n<meta property=\"article:published_time\" content=\"2024-08-21T19:13:59+00:00\" \/>\n<meta property=\"article:modified_time\" content=\"2024-09-04T15:34:55+00:00\" \/>\n<meta property=\"og:image\" content=\"https:\/\/immigrantquebec.com\/fr\/wp-content\/uploads\/2024\/08\/kevin-grieve-rIxvO9yqoSo-unsplash-950.jpg\" \/>\n\t<meta property=\"og:image:width\" content=\"950\" \/>\n\t<meta property=\"og:image:height\" content=\"400\" \/>\n\t<meta property=\"og:image:type\" content=\"image\/jpeg\" \/>\n<meta name=\"author\" content=\"Marine Caleb\" \/>\n<meta name=\"twitter:label1\" content=\"\u00c9crit par\" \/>\n\t<meta name=\"twitter:data1\" content=\"Marine Caleb\" \/>\n\t<meta name=\"twitter:label2\" content=\"Dur\u00e9e de lecture estim\u00e9e\" \/>\n\t<meta name=\"twitter:data2\" content=\"6 minutes\" \/>\n<script type=\"application\/ld+json\" class=\"yoast-schema-graph\">{\"@context\":\"https:\\\/\\\/schema.org\",\"@graph\":[{\"@type\":\"Article\",\"@id\":\"https:\\\/\\\/immigrantquebec.com\\\/fr\\\/actualites\\\/le-point-sur-le-gel-partiel-du-ptet-a-montreal\\\/#article\",\"isPartOf\":{\"@id\":\"https:\\\/\\\/immigrantquebec.com\\\/fr\\\/actualites\\\/le-point-sur-le-gel-partiel-du-ptet-a-montreal\\\/\"},\"author\":{\"name\":\"Marine Caleb\",\"@id\":\"https:\\\/\\\/immigrantquebec.com\\\/fr\\\/#\\\/schema\\\/person\\\/5a0a7750c5af0c69575b9d0398abcc4f\"},\"headline\":\"Le point sur le gel partiel du Programme des travailleurs \u00e9trangers temporaires \u00e0 Montr\u00e9al\",\"datePublished\":\"2024-08-21T19:13:59+00:00\",\"dateModified\":\"2024-09-04T15:34:55+00:00\",\"mainEntityOfPage\":{\"@id\":\"https:\\\/\\\/immigrantquebec.com\\\/fr\\\/actualites\\\/le-point-sur-le-gel-partiel-du-ptet-a-montreal\\\/\"},\"wordCount\":1294,\"publisher\":{\"@id\":\"https:\\\/\\\/immigrantquebec.com\\\/fr\\\/#organization\"},\"image\":{\"@id\":\"https:\\\/\\\/immigrantquebec.com\\\/fr\\\/actualites\\\/le-point-sur-le-gel-partiel-du-ptet-a-montreal\\\/#primaryimage\"},\"thumbnailUrl\":\"https:\\\/\\\/immigrantquebec.com\\\/fr\\\/wp-content\\\/uploads\\\/2024\\\/08\\\/kevin-grieve-rIxvO9yqoSo-unsplash-950.jpg\",\"articleSection\":[\"Actualit\u00e9s\"],\"inLanguage\":\"fr-FR\"},{\"@type\":\"WebPage\",\"@id\":\"https:\\\/\\\/immigrantquebec.com\\\/fr\\\/actualites\\\/le-point-sur-le-gel-partiel-du-ptet-a-montreal\\\/\",\"url\":\"https:\\\/\\\/immigrantquebec.com\\\/fr\\\/actualites\\\/le-point-sur-le-gel-partiel-du-ptet-a-montreal\\\/\",\"name\":\"Le point sur le gel partiel du Programme des travailleurs \u00e9trangers temporaires \u00e0 Montr\u00e9al - Immigrant Qu\u00e9bec\",\"isPartOf\":{\"@id\":\"https:\\\/\\\/immigrantquebec.com\\\/fr\\\/#website\"},\"primaryImageOfPage\":{\"@id\":\"https:\\\/\\\/immigrantquebec.com\\\/fr\\\/actualites\\\/le-point-sur-le-gel-partiel-du-ptet-a-montreal\\\/#primaryimage\"},\"image\":{\"@id\":\"https:\\\/\\\/immigrantquebec.com\\\/fr\\\/actualites\\\/le-point-sur-le-gel-partiel-du-ptet-a-montreal\\\/#primaryimage\"},\"thumbnailUrl\":\"https:\\\/\\\/immigrantquebec.com\\\/fr\\\/wp-content\\\/uploads\\\/2024\\\/08\\\/kevin-grieve-rIxvO9yqoSo-unsplash-950.jpg\",\"datePublished\":\"2024-08-21T19:13:59+00:00\",\"dateModified\":\"2024-09-04T15:34:55+00:00\",\"description\":\"La suspension du PTET sur l'\u00eele de Montr\u00e9al a de nombreuses r\u00e9percussions tant sur les travailleurs que sur les entreprises.\",\"breadcrumb\":{\"@id\":\"https:\\\/\\\/immigrantquebec.com\\\/fr\\\/actualites\\\/le-point-sur-le-gel-partiel-du-ptet-a-montreal\\\/#breadcrumb\"},\"inLanguage\":\"fr-FR\",\"potentialAction\":[{\"@type\":\"ReadAction\",\"target\":[\"https:\\\/\\\/immigrantquebec.com\\\/fr\\\/actualites\\\/le-point-sur-le-gel-partiel-du-ptet-a-montreal\\\/\"]}]},{\"@type\":\"ImageObject\",\"inLanguage\":\"fr-FR\",\"@id\":\"https:\\\/\\\/immigrantquebec.com\\\/fr\\\/actualites\\\/le-point-sur-le-gel-partiel-du-ptet-a-montreal\\\/#primaryimage\",\"url\":\"https:\\\/\\\/immigrantquebec.com\\\/fr\\\/wp-content\\\/uploads\\\/2024\\\/08\\\/kevin-grieve-rIxvO9yqoSo-unsplash-950.jpg\",\"contentUrl\":\"https:\\\/\\\/immigrantquebec.com\\\/fr\\\/wp-content\\\/uploads\\\/2024\\\/08\\\/kevin-grieve-rIxvO9yqoSo-unsplash-950.jpg\",\"width\":950,\"height\":400},{\"@type\":\"BreadcrumbList\",\"@id\":\"https:\\\/\\\/immigrantquebec.com\\\/fr\\\/actualites\\\/le-point-sur-le-gel-partiel-du-ptet-a-montreal\\\/#breadcrumb\",\"itemListElement\":[{\"@type\":\"ListItem\",\"position\":1,\"name\":\"Accueil\",\"item\":\"https:\\\/\\\/immigrantquebec.com\\\/fr\\\/\"},{\"@type\":\"ListItem\",\"position\":2,\"name\":\"Actualit\u00e9s\",\"item\":\"https:\\\/\\\/immigrantquebec.com\\\/fr\\\/actualites\\\/\"},{\"@type\":\"ListItem\",\"position\":3,\"name\":\"Le point sur le gel partiel du Programme des travailleurs \u00e9trangers temporaires \u00e0 Montr\u00e9al\"}]},{\"@type\":\"WebSite\",\"@id\":\"https:\\\/\\\/immigrantquebec.com\\\/fr\\\/#website\",\"url\":\"https:\\\/\\\/immigrantquebec.com\\\/fr\\\/\",\"name\":\"Immigrant Qu\u00e9bec\",\"description\":\"Immigrer, vivre, travailler et \u00e9tudier au Qu\u00e9bec, Canada\",\"publisher\":{\"@id\":\"https:\\\/\\\/immigrantquebec.com\\\/fr\\\/#organization\"},\"potentialAction\":[{\"@type\":\"SearchAction\",\"target\":{\"@type\":\"EntryPoint\",\"urlTemplate\":\"https:\\\/\\\/immigrantquebec.com\\\/fr\\\/?s={search_term_string}\"},\"query-input\":{\"@type\":\"PropertyValueSpecification\",\"valueRequired\":true,\"valueName\":\"search_term_string\"}}],\"inLanguage\":\"fr-FR\"},{\"@type\":\"Organization\",\"@id\":\"https:\\\/\\\/immigrantquebec.com\\\/fr\\\/#organization\",\"name\":\"Immigrant Qu\u00e9bec\",\"url\":\"https:\\\/\\\/immigrantquebec.com\\\/fr\\\/\",\"logo\":{\"@type\":\"ImageObject\",\"inLanguage\":\"fr-FR\",\"@id\":\"https:\\\/\\\/immigrantquebec.com\\\/fr\\\/#\\\/schema\\\/logo\\\/image\\\/\",\"url\":\"https:\\\/\\\/immigrantquebec.com\\\/fr\\\/wp-content\\\/uploads\\\/2024\\\/03\\\/LogoIQ-2024-RVB.png\",\"contentUrl\":\"https:\\\/\\\/immigrantquebec.com\\\/fr\\\/wp-content\\\/uploads\\\/2024\\\/03\\\/LogoIQ-2024-RVB.png\",\"width\":2500,\"height\":1137,\"caption\":\"Immigrant Qu\u00e9bec\"},\"image\":{\"@id\":\"https:\\\/\\\/immigrantquebec.com\\\/fr\\\/#\\\/schema\\\/logo\\\/image\\\/\"},\"sameAs\":[\"https:\\\/\\\/www.facebook.com\\\/immigrantquebec\",\"https:\\\/\\\/x.com\\\/ImmigrantQuebec\",\"https:\\\/\\\/www.instagram.com\\\/immigrantquebec\",\"https:\\\/\\\/www.youtube.com\\\/user\\\/ImmigrantQc\"]},{\"@type\":\"Person\",\"@id\":\"https:\\\/\\\/immigrantquebec.com\\\/fr\\\/#\\\/schema\\\/person\\\/5a0a7750c5af0c69575b9d0398abcc4f\",\"name\":\"Marine Caleb\",\"image\":{\"@type\":\"ImageObject\",\"inLanguage\":\"fr-FR\",\"@id\":\"https:\\\/\\\/secure.gravatar.com\\\/avatar\\\/c7fbf7b4b0f62478765bdb817f4da11e6db63026d8595ad858b78f38425200cc?s=96&d=mm&r=g\",\"url\":\"https:\\\/\\\/secure.gravatar.com\\\/avatar\\\/c7fbf7b4b0f62478765bdb817f4da11e6db63026d8595ad858b78f38425200cc?s=96&d=mm&r=g\",\"contentUrl\":\"https:\\\/\\\/secure.gravatar.com\\\/avatar\\\/c7fbf7b4b0f62478765bdb817f4da11e6db63026d8595ad858b78f38425200cc?s=96&d=mm&r=g\",\"caption\":\"Marine Caleb\"},\"description\":\"Journaliste ind\u00e9pendante, Marine Caleb vit entre Marseille et Tripoli au Liban. Elle se sp\u00e9cialise dans la migration et les droits des femmes et \u00e9crit pour divers m\u00e9dias canadiens, fran\u00e7ais et du Swana.\u00a0Ayant v\u00e9cu de nombreuses ann\u00e9es au Qu\u00e9bec, elle dirige le magazine des journalistes du Qu\u00e9bec, Le Trente.\",\"url\":\"https:\\\/\\\/immigrantquebec.com\\\/fr\\\/author\\\/marine-c\\\/\"}]}<\/script>\n<!-- \/ Yoast SEO plugin. -->","yoast_head_json":{"title":"Le point sur le gel partiel du Programme des travailleurs \u00e9trangers temporaires \u00e0 Montr\u00e9al - Immigrant Qu\u00e9bec","description":"La suspension du PTET sur l'\u00eele de Montr\u00e9al a de nombreuses r\u00e9percussions tant sur les travailleurs que sur les entreprises.","robots":{"index":"index","follow":"follow","max-snippet":"max-snippet:-1","max-image-preview":"max-image-preview:large","max-video-preview":"max-video-preview:-1"},"canonical":"https:\/\/immigrantquebec.com\/fr\/actualites\/le-point-sur-le-gel-partiel-du-ptet-a-montreal\/","og_locale":"fr_FR","og_type":"article","og_title":"Le point sur le gel partiel du Programme des travailleurs \u00e9trangers temporaires \u00e0 Montr\u00e9al - Immigrant Qu\u00e9bec","og_description":"La suspension du PTET sur l'\u00eele de Montr\u00e9al a de nombreuses r\u00e9percussions tant sur les travailleurs que sur les entreprises.","og_url":"https:\/\/immigrantquebec.com\/fr\/actualites\/le-point-sur-le-gel-partiel-du-ptet-a-montreal\/","og_site_name":"Immigrant Qu\u00e9bec","article_publisher":"https:\/\/www.facebook.com\/immigrantquebec","article_published_time":"2024-08-21T19:13:59+00:00","article_modified_time":"2024-09-04T15:34:55+00:00","og_image":[{"width":950,"height":400,"url":"https:\/\/immigrantquebec.com\/fr\/wp-content\/uploads\/2024\/08\/kevin-grieve-rIxvO9yqoSo-unsplash-950.jpg","type":"image\/jpeg"}],"author":"Marine Caleb","twitter_misc":{"\u00c9crit par":"Marine Caleb","Dur\u00e9e de lecture estim\u00e9e":"6 minutes"},"schema":{"@context":"https:\/\/schema.org","@graph":[{"@type":"Article","@id":"https:\/\/immigrantquebec.com\/fr\/actualites\/le-point-sur-le-gel-partiel-du-ptet-a-montreal\/#article","isPartOf":{"@id":"https:\/\/immigrantquebec.com\/fr\/actualites\/le-point-sur-le-gel-partiel-du-ptet-a-montreal\/"},"author":{"name":"Marine Caleb","@id":"https:\/\/immigrantquebec.com\/fr\/#\/schema\/person\/5a0a7750c5af0c69575b9d0398abcc4f"},"headline":"Le point sur le gel partiel du Programme des travailleurs \u00e9trangers temporaires \u00e0 Montr\u00e9al","datePublished":"2024-08-21T19:13:59+00:00","dateModified":"2024-09-04T15:34:55+00:00","mainEntityOfPage":{"@id":"https:\/\/immigrantquebec.com\/fr\/actualites\/le-point-sur-le-gel-partiel-du-ptet-a-montreal\/"},"wordCount":1294,"publisher":{"@id":"https:\/\/immigrantquebec.com\/fr\/#organization"},"image":{"@id":"https:\/\/immigrantquebec.com\/fr\/actualites\/le-point-sur-le-gel-partiel-du-ptet-a-montreal\/#primaryimage"},"thumbnailUrl":"https:\/\/immigrantquebec.com\/fr\/wp-content\/uploads\/2024\/08\/kevin-grieve-rIxvO9yqoSo-unsplash-950.jpg","articleSection":["Actualit\u00e9s"],"inLanguage":"fr-FR"},{"@type":"WebPage","@id":"https:\/\/immigrantquebec.com\/fr\/actualites\/le-point-sur-le-gel-partiel-du-ptet-a-montreal\/","url":"https:\/\/immigrantquebec.com\/fr\/actualites\/le-point-sur-le-gel-partiel-du-ptet-a-montreal\/","name":"Le point sur le gel partiel du Programme des travailleurs \u00e9trangers temporaires \u00e0 Montr\u00e9al - Immigrant Qu\u00e9bec","isPartOf":{"@id":"https:\/\/immigrantquebec.com\/fr\/#website"},"primaryImageOfPage":{"@id":"https:\/\/immigrantquebec.com\/fr\/actualites\/le-point-sur-le-gel-partiel-du-ptet-a-montreal\/#primaryimage"},"image":{"@id":"https:\/\/immigrantquebec.com\/fr\/actualites\/le-point-sur-le-gel-partiel-du-ptet-a-montreal\/#primaryimage"},"thumbnailUrl":"https:\/\/immigrantquebec.com\/fr\/wp-content\/uploads\/2024\/08\/kevin-grieve-rIxvO9yqoSo-unsplash-950.jpg","datePublished":"2024-08-21T19:13:59+00:00","dateModified":"2024-09-04T15:34:55+00:00","description":"La suspension du PTET sur l'\u00eele de Montr\u00e9al a de nombreuses r\u00e9percussions tant sur les travailleurs que sur les entreprises.","breadcrumb":{"@id":"https:\/\/immigrantquebec.com\/fr\/actualites\/le-point-sur-le-gel-partiel-du-ptet-a-montreal\/#breadcrumb"},"inLanguage":"fr-FR","potentialAction":[{"@type":"ReadAction","target":["https:\/\/immigrantquebec.com\/fr\/actualites\/le-point-sur-le-gel-partiel-du-ptet-a-montreal\/"]}]},{"@type":"ImageObject","inLanguage":"fr-FR","@id":"https:\/\/immigrantquebec.com\/fr\/actualites\/le-point-sur-le-gel-partiel-du-ptet-a-montreal\/#primaryimage","url":"https:\/\/immigrantquebec.com\/fr\/wp-content\/uploads\/2024\/08\/kevin-grieve-rIxvO9yqoSo-unsplash-950.jpg","contentUrl":"https:\/\/immigrantquebec.com\/fr\/wp-content\/uploads\/2024\/08\/kevin-grieve-rIxvO9yqoSo-unsplash-950.jpg","width":950,"height":400},{"@type":"BreadcrumbList","@id":"https:\/\/immigrantquebec.com\/fr\/actualites\/le-point-sur-le-gel-partiel-du-ptet-a-montreal\/#breadcrumb","itemListElement":[{"@type":"ListItem","position":1,"name":"Accueil","item":"https:\/\/immigrantquebec.com\/fr\/"},{"@type":"ListItem","position":2,"name":"Actualit\u00e9s","item":"https:\/\/immigrantquebec.com\/fr\/actualites\/"},{"@type":"ListItem","position":3,"name":"Le point sur le gel partiel du Programme des travailleurs \u00e9trangers temporaires \u00e0 Montr\u00e9al"}]},{"@type":"WebSite","@id":"https:\/\/immigrantquebec.com\/fr\/#website","url":"https:\/\/immigrantquebec.com\/fr\/","name":"Immigrant Qu\u00e9bec","description":"Immigrer, vivre, travailler et \u00e9tudier au Qu\u00e9bec, Canada","publisher":{"@id":"https:\/\/immigrantquebec.com\/fr\/#organization"},"potentialAction":[{"@type":"SearchAction","target":{"@type":"EntryPoint","urlTemplate":"https:\/\/immigrantquebec.com\/fr\/?s={search_term_string}"},"query-input":{"@type":"PropertyValueSpecification","valueRequired":true,"valueName":"search_term_string"}}],"inLanguage":"fr-FR"},{"@type":"Organization","@id":"https:\/\/immigrantquebec.com\/fr\/#organization","name":"Immigrant Qu\u00e9bec","url":"https:\/\/immigrantquebec.com\/fr\/","logo":{"@type":"ImageObject","inLanguage":"fr-FR","@id":"https:\/\/immigrantquebec.com\/fr\/#\/schema\/logo\/image\/","url":"https:\/\/immigrantquebec.com\/fr\/wp-content\/uploads\/2024\/03\/LogoIQ-2024-RVB.png","contentUrl":"https:\/\/immigrantquebec.com\/fr\/wp-content\/uploads\/2024\/03\/LogoIQ-2024-RVB.png","width":2500,"height":1137,"caption":"Immigrant Qu\u00e9bec"},"image":{"@id":"https:\/\/immigrantquebec.com\/fr\/#\/schema\/logo\/image\/"},"sameAs":["https:\/\/www.facebook.com\/immigrantquebec","https:\/\/x.com\/ImmigrantQuebec","https:\/\/www.instagram.com\/immigrantquebec","https:\/\/www.youtube.com\/user\/ImmigrantQc"]},{"@type":"Person","@id":"https:\/\/immigrantquebec.com\/fr\/#\/schema\/person\/5a0a7750c5af0c69575b9d0398abcc4f","name":"Marine Caleb","image":{"@type":"ImageObject","inLanguage":"fr-FR","@id":"https:\/\/secure.gravatar.com\/avatar\/c7fbf7b4b0f62478765bdb817f4da11e6db63026d8595ad858b78f38425200cc?s=96&d=mm&r=g","url":"https:\/\/secure.gravatar.com\/avatar\/c7fbf7b4b0f62478765bdb817f4da11e6db63026d8595ad858b78f38425200cc?s=96&d=mm&r=g","contentUrl":"https:\/\/secure.gravatar.com\/avatar\/c7fbf7b4b0f62478765bdb817f4da11e6db63026d8595ad858b78f38425200cc?s=96&d=mm&r=g","caption":"Marine Caleb"},"description":"Journaliste ind\u00e9pendante, Marine Caleb vit entre Marseille et Tripoli au Liban. Elle se sp\u00e9cialise dans la migration et les droits des femmes et \u00e9crit pour divers m\u00e9dias canadiens, fran\u00e7ais et du Swana.\u00a0Ayant v\u00e9cu de nombreuses ann\u00e9es au Qu\u00e9bec, elle dirige le magazine des journalistes du Qu\u00e9bec, Le Trente.","url":"https:\/\/immigrantquebec.com\/fr\/author\/marine-c\/"}]}},"_links":{"self":[{"href":"https:\/\/immigrantquebec.com\/fr\/wp-json\/wp\/v2\/posts\/15974","targetHints":{"allow":["GET"]}}],"collection":[{"href":"https:\/\/immigrantquebec.com\/fr\/wp-json\/wp\/v2\/posts"}],"about":[{"href":"https:\/\/immigrantquebec.com\/fr\/wp-json\/wp\/v2\/types\/post"}],"author":[{"embeddable":true,"href":"https:\/\/immigrantquebec.com\/fr\/wp-json\/wp\/v2\/users\/3463"}],"replies":[{"embeddable":true,"href":"https:\/\/immigrantquebec.com\/fr\/wp-json\/wp\/v2\/comments?post=15974"}],"version-history":[{"count":0,"href":"https:\/\/immigrantquebec.com\/fr\/wp-json\/wp\/v2\/posts\/15974\/revisions"}],"wp:featuredmedia":[{"embeddable":true,"href":"https:\/\/immigrantquebec.com\/fr\/wp-json\/wp\/v2\/media\/15994"}],"wp:attachment":[{"href":"https:\/\/immigrantquebec.com\/fr\/wp-json\/wp\/v2\/media?parent=15974"}],"wp:term":[{"taxonomy":"category","embeddable":true,"href":"https:\/\/immigrantquebec.com\/fr\/wp-json\/wp\/v2\/categories?post=15974"},{"taxonomy":"post_tag","embeddable":true,"href":"https:\/\/immigrantquebec.com\/fr\/wp-json\/wp\/v2\/tags?post=15974"}],"curies":[{"name":"wp","href":"https:\/\/api.w.org\/{rel}","templated":true}]}}