{"id":16011,"date":"2024-08-26T15:44:44","date_gmt":"2024-08-26T19:44:44","guid":{"rendered":"https:\/\/immigrantquebec.com\/fr\/?p=16011"},"modified":"2024-09-30T09:01:14","modified_gmt":"2024-09-30T13:01:14","slug":"federal-des-paroles-aux-actes-pour-reduire-la-part-de-limmigration-temporaire","status":"publish","type":"post","link":"https:\/\/immigrantquebec.com\/fr\/actualites\/federal-des-paroles-aux-actes-pour-reduire-la-part-de-limmigration-temporaire\/","title":{"rendered":"F\u00e9d\u00e9ral : Des paroles aux actes pour r\u00e9duire la part de l\u2019immigration temporaire"},"content":{"rendered":"\t\t<div data-elementor-type=\"wp-post\" data-elementor-id=\"16011\" class=\"elementor elementor-16011\" data-elementor-post-type=\"post\">\n\t\t\t\t\t\t<section class=\"elementor-section elementor-top-section elementor-element elementor-element-6c879238 elementor-section-boxed elementor-section-height-default elementor-section-height-default\" data-id=\"6c879238\" data-element_type=\"section\" data-e-type=\"section\">\n\t\t\t\t\t\t<div class=\"elementor-container elementor-column-gap-default\">\n\t\t\t\t\t<div class=\"elementor-column elementor-col-100 elementor-top-column elementor-element elementor-element-762d2d1c\" data-id=\"762d2d1c\" data-element_type=\"column\" data-e-type=\"column\">\n\t\t\t<div class=\"elementor-widget-wrap elementor-element-populated\">\n\t\t\t\t\t\t<div class=\"elementor-element elementor-element-4328f817 elementor-widget elementor-widget-text-editor\" data-id=\"4328f817\" data-element_type=\"widget\" data-e-type=\"widget\" data-widget_type=\"text-editor.default\">\n\t\t\t\t\t\t\t\t\t<p style=\"font-weight: 400;\"><span>Le 26\u00a0ao\u00fbt 2024 \u00e0 Gatineau, le ministre de l\u2019Emploi et du D\u00e9veloppement social Randy Boissonnault a annonc\u00e9 des mesures pour r\u00e9duire le nombre de travailleurs \u00e9trangers temporaires. <\/span><\/p><p style=\"font-weight: 400;\"><span>Le but\u00a0: r\u00e9duire l\u2019acc\u00e8s au Programme des travailleurs \u00e9trangers temporaires (PTET) et favoriser l\u2019embauche de citoyens et r\u00e9sidents permanents du Canada. Pour rappel, le nombre de r\u00e9sidents temporaires devra passer de 6,2\u00a0% de la population \u00e0 5\u00a0% dans les trois prochaines ann\u00e9es.<\/span><\/p><p style=\"font-weight: 400;\"><span>Cette d\u00e9claration intervient apr\u00e8s l\u2019annonce du 6\u00a0ao\u00fbt dernier pour r\u00e9duire la \u00ab\u2009fraude\u2009\u00bb et les abus au PTET et ainsi r\u00e9duire le recours aux travailleurs \u00e9trangers temporaires (TET). Elle arrive aussi quelques jours apr\u00e8s l\u2019annonce de Qu\u00e9bec <a href=\"https:\/\/immigrantquebec.com\/fr\/actualites\/le-point-sur-le-gel-partiel-du-ptet-a-montreal\/\" target=\"_blank\" rel=\"noopener\">du moratoire de six mois<\/a> sur le PTET \u00e0 Montr\u00e9al pour les postes \u00e0 bas salaire.<\/span><\/p><h2 style=\"font-weight: 400;\"><strong><span>Le d\u00e9tail des annonces d\u2019EDSC<\/span><\/strong><\/h2><p style=\"font-weight: 400;\"><span>Ainsi, d\u00e8s le 26\u00a0septembre 2024\u00a0et dans le cadre du volet des postes \u00e0 bas salaire du PTET\u00a0: <\/span><\/p><ul><li><span>L\u2019EIMT sera refus\u00e9e dans les zones m\u00e9tropolitaines de recensement o\u00f9 le taux de ch\u00f4mage est de 6 % ou plus. Comme annonc\u00e9, cela ne concerne pas les secteurs de la s\u00e9curit\u00e9 alimentaire (agriculture primaire, transformation des aliments et transformation du poisson), la construction ou la sant\u00e9\u2009;<\/span><\/li><li><span>Les employeurs ne pourront embaucher des TET qu\u2019\u00e0 hauteur de 10\u00a0% de leur effectif total. Encore une fois, les m\u00eames secteurs seront exempt\u00e9s\u2009;<\/span><\/li><li><span>Les TET ne pourront \u00eatre embauch\u00e9s que pendant un an et non plus deux ans. <\/span><\/li><\/ul><p style=\"font-weight: 400;\"><span>Pour l\u2019instant donc, Ottawa n\u2019a pas fait part de mesure pour interdire l\u2019usage du PTET dans certains secteurs d\u2019activit\u00e9, mais va \u00e9tudier la question. Nulle mention non plus (pour le moment) d\u2019un durcissement de l\u2019admissibilit\u00e9 des employeurs au programme. <\/span><\/p><h2 style=\"font-weight: 400;\"><strong><span>Des ajustements \u00e0 venir<\/span><\/strong><\/h2><p style=\"font-weight: 400;\"><span>Le ministre Boissonnault assure que le gouvernement pourra apporter \u00ab\u2009au besoin d\u2019autres rajustements au Programme au cours des prochains mois\u2009\u00bb. Un examen pouss\u00e9 du programme sera amorc\u00e9 dans les 90\u00a0jours notamment pour analyser le volet des postes \u00e0 haut salaire, les demandes d\u2019EIMT en cours, etc.<\/span><\/p><p style=\"font-weight: 400;\"><span>Le gouvernement s\u2019attend \u00e0 r\u00e9duire le PTET de 65\u2009000\u00a0personnes, et esp\u00e8re ainsi favoriser l\u2019embauche des jeunes ou des nouveaux citoyens, mais aussi encourager la formation professionnelle pour les personnes d\u00e9j\u00e0 employ\u00e9es.<\/span><\/p><p><span style=\"font-weight: 400;\"><a href=\"https:\/\/www.canada.ca\/fr\/emploi-developpement-social\/nouvelles\/2024\/08\/le-ministre-boissonnault-agit-pour-reduire-le-nombre-de-travailleurs-etrangers-temporaires-au-canada.html\" target=\"_blank\" rel=\"noopener\"><span>Pour acc\u00e9der au communiqu\u00e9 d\u2019EDSC<\/span><\/a>.<\/span><\/p><p><em>Photo : Markus Spiske<\/em><\/p>\t\t\t\t\t\t\t\t<\/div>\n\t\t\t\t\t<\/div>\n\t\t<\/div>\n\t\t\t\t\t<\/div>\n\t\t<\/section>\n\t\t\t\t<\/div>\n\t\t","protected":false},"excerpt":{"rendered":"<p>Sauf exceptions, sont vis\u00e9s les postes \u00e0 bas salaire dans le cadre du Programme des travailleurs \u00e9trangers temporaires (PTET).<\/p>\n","protected":false},"author":3463,"featured_media":16013,"comment_status":"closed","ping_status":"closed","sticky":false,"template":"","format":"standard","meta":{"_acf_changed":false,"_genesis_hide_title":false,"_genesis_hide_breadcrumbs":false,"_genesis_hide_singular_image":false,"_genesis_hide_footer_widgets":false,"_genesis_custom_body_class":"","_genesis_custom_post_class":"","_genesis_layout":"","footnotes":""},"categories":[1],"tags":[],"class_list":{"0":"post-16011","1":"post","2":"type-post","3":"status-publish","4":"format-standard","5":"has-post-thumbnail","7":"category-actualites","8":"entry"},"acf":[],"yoast_head":"<!-- This site is optimized with the Yoast SEO plugin v27.5 - https:\/\/yoast.com\/product\/yoast-seo-wordpress\/ -->\n<title>F\u00e9d\u00e9ral : Des paroles aux actes pour r\u00e9duire la part de l\u2019immigration temporaire - Immigrant Qu\u00e9bec<\/title>\n<meta name=\"description\" content=\"Sauf exceptions, sont vis\u00e9s les postes \u00e0 bas salaire dans le cadre du Programme des travailleurs \u00e9trangers temporaires (PTET).\" \/>\n<meta name=\"robots\" content=\"index, follow, max-snippet:-1, max-image-preview:large, max-video-preview:-1\" \/>\n<link rel=\"canonical\" href=\"https:\/\/immigrantquebec.com\/fr\/actualites\/federal-des-paroles-aux-actes-pour-reduire-la-part-de-limmigration-temporaire\/\" \/>\n<meta property=\"og:locale\" content=\"fr_FR\" \/>\n<meta property=\"og:type\" content=\"article\" \/>\n<meta property=\"og:title\" content=\"F\u00e9d\u00e9ral : Des paroles aux actes pour r\u00e9duire la part de l\u2019immigration temporaire - Immigrant Qu\u00e9bec\" \/>\n<meta property=\"og:description\" content=\"Sauf exceptions, sont vis\u00e9s les postes \u00e0 bas salaire dans le cadre du Programme des travailleurs \u00e9trangers temporaires (PTET).\" \/>\n<meta property=\"og:url\" content=\"https:\/\/immigrantquebec.com\/fr\/actualites\/federal-des-paroles-aux-actes-pour-reduire-la-part-de-limmigration-temporaire\/\" \/>\n<meta property=\"og:site_name\" content=\"Immigrant Qu\u00e9bec\" \/>\n<meta property=\"article:publisher\" content=\"https:\/\/www.facebook.com\/immigrantquebec\" \/>\n<meta property=\"article:published_time\" content=\"2024-08-26T19:44:44+00:00\" \/>\n<meta property=\"article:modified_time\" content=\"2024-09-30T13:01:14+00:00\" \/>\n<meta property=\"og:image\" content=\"https:\/\/immigrantquebec.com\/fr\/wp-content\/uploads\/2024\/08\/markus-spiske-4j5npcuUxKM-unsplash-950.jpg\" \/>\n\t<meta property=\"og:image:width\" content=\"950\" \/>\n\t<meta property=\"og:image:height\" content=\"400\" \/>\n\t<meta property=\"og:image:type\" content=\"image\/jpeg\" \/>\n<meta name=\"author\" content=\"Marine Caleb\" \/>\n<meta name=\"twitter:label1\" content=\"\u00c9crit par\" \/>\n\t<meta name=\"twitter:data1\" content=\"Marine Caleb\" \/>\n\t<meta name=\"twitter:label2\" content=\"Dur\u00e9e de lecture estim\u00e9e\" \/>\n\t<meta name=\"twitter:data2\" content=\"2 minutes\" \/>\n<script type=\"application\/ld+json\" class=\"yoast-schema-graph\">{\"@context\":\"https:\\\/\\\/schema.org\",\"@graph\":[{\"@type\":\"Article\",\"@id\":\"https:\\\/\\\/immigrantquebec.com\\\/fr\\\/actualites\\\/federal-des-paroles-aux-actes-pour-reduire-la-part-de-limmigration-temporaire\\\/#article\",\"isPartOf\":{\"@id\":\"https:\\\/\\\/immigrantquebec.com\\\/fr\\\/actualites\\\/federal-des-paroles-aux-actes-pour-reduire-la-part-de-limmigration-temporaire\\\/\"},\"author\":{\"name\":\"Marine Caleb\",\"@id\":\"https:\\\/\\\/immigrantquebec.com\\\/fr\\\/#\\\/schema\\\/person\\\/5a0a7750c5af0c69575b9d0398abcc4f\"},\"headline\":\"F\u00e9d\u00e9ral : Des paroles aux actes pour r\u00e9duire la part de l\u2019immigration temporaire\",\"datePublished\":\"2024-08-26T19:44:44+00:00\",\"dateModified\":\"2024-09-30T13:01:14+00:00\",\"mainEntityOfPage\":{\"@id\":\"https:\\\/\\\/immigrantquebec.com\\\/fr\\\/actualites\\\/federal-des-paroles-aux-actes-pour-reduire-la-part-de-limmigration-temporaire\\\/\"},\"wordCount\":405,\"publisher\":{\"@id\":\"https:\\\/\\\/immigrantquebec.com\\\/fr\\\/#organization\"},\"image\":{\"@id\":\"https:\\\/\\\/immigrantquebec.com\\\/fr\\\/actualites\\\/federal-des-paroles-aux-actes-pour-reduire-la-part-de-limmigration-temporaire\\\/#primaryimage\"},\"thumbnailUrl\":\"https:\\\/\\\/immigrantquebec.com\\\/fr\\\/wp-content\\\/uploads\\\/2024\\\/08\\\/markus-spiske-4j5npcuUxKM-unsplash-950.jpg\",\"articleSection\":[\"Actualit\u00e9s\"],\"inLanguage\":\"fr-FR\"},{\"@type\":\"WebPage\",\"@id\":\"https:\\\/\\\/immigrantquebec.com\\\/fr\\\/actualites\\\/federal-des-paroles-aux-actes-pour-reduire-la-part-de-limmigration-temporaire\\\/\",\"url\":\"https:\\\/\\\/immigrantquebec.com\\\/fr\\\/actualites\\\/federal-des-paroles-aux-actes-pour-reduire-la-part-de-limmigration-temporaire\\\/\",\"name\":\"F\u00e9d\u00e9ral : Des paroles aux actes pour r\u00e9duire la part de l\u2019immigration temporaire - Immigrant Qu\u00e9bec\",\"isPartOf\":{\"@id\":\"https:\\\/\\\/immigrantquebec.com\\\/fr\\\/#website\"},\"primaryImageOfPage\":{\"@id\":\"https:\\\/\\\/immigrantquebec.com\\\/fr\\\/actualites\\\/federal-des-paroles-aux-actes-pour-reduire-la-part-de-limmigration-temporaire\\\/#primaryimage\"},\"image\":{\"@id\":\"https:\\\/\\\/immigrantquebec.com\\\/fr\\\/actualites\\\/federal-des-paroles-aux-actes-pour-reduire-la-part-de-limmigration-temporaire\\\/#primaryimage\"},\"thumbnailUrl\":\"https:\\\/\\\/immigrantquebec.com\\\/fr\\\/wp-content\\\/uploads\\\/2024\\\/08\\\/markus-spiske-4j5npcuUxKM-unsplash-950.jpg\",\"datePublished\":\"2024-08-26T19:44:44+00:00\",\"dateModified\":\"2024-09-30T13:01:14+00:00\",\"description\":\"Sauf exceptions, sont vis\u00e9s les postes \u00e0 bas salaire dans le cadre du Programme des travailleurs \u00e9trangers temporaires (PTET).\",\"breadcrumb\":{\"@id\":\"https:\\\/\\\/immigrantquebec.com\\\/fr\\\/actualites\\\/federal-des-paroles-aux-actes-pour-reduire-la-part-de-limmigration-temporaire\\\/#breadcrumb\"},\"inLanguage\":\"fr-FR\",\"potentialAction\":[{\"@type\":\"ReadAction\",\"target\":[\"https:\\\/\\\/immigrantquebec.com\\\/fr\\\/actualites\\\/federal-des-paroles-aux-actes-pour-reduire-la-part-de-limmigration-temporaire\\\/\"]}]},{\"@type\":\"ImageObject\",\"inLanguage\":\"fr-FR\",\"@id\":\"https:\\\/\\\/immigrantquebec.com\\\/fr\\\/actualites\\\/federal-des-paroles-aux-actes-pour-reduire-la-part-de-limmigration-temporaire\\\/#primaryimage\",\"url\":\"https:\\\/\\\/immigrantquebec.com\\\/fr\\\/wp-content\\\/uploads\\\/2024\\\/08\\\/markus-spiske-4j5npcuUxKM-unsplash-950.jpg\",\"contentUrl\":\"https:\\\/\\\/immigrantquebec.com\\\/fr\\\/wp-content\\\/uploads\\\/2024\\\/08\\\/markus-spiske-4j5npcuUxKM-unsplash-950.jpg\",\"width\":950,\"height\":400},{\"@type\":\"BreadcrumbList\",\"@id\":\"https:\\\/\\\/immigrantquebec.com\\\/fr\\\/actualites\\\/federal-des-paroles-aux-actes-pour-reduire-la-part-de-limmigration-temporaire\\\/#breadcrumb\",\"itemListElement\":[{\"@type\":\"ListItem\",\"position\":1,\"name\":\"Accueil\",\"item\":\"https:\\\/\\\/immigrantquebec.com\\\/fr\\\/\"},{\"@type\":\"ListItem\",\"position\":2,\"name\":\"Actualit\u00e9s\",\"item\":\"https:\\\/\\\/immigrantquebec.com\\\/fr\\\/actualites\\\/\"},{\"@type\":\"ListItem\",\"position\":3,\"name\":\"F\u00e9d\u00e9ral : Des paroles aux actes pour r\u00e9duire la part de l\u2019immigration temporaire\"}]},{\"@type\":\"WebSite\",\"@id\":\"https:\\\/\\\/immigrantquebec.com\\\/fr\\\/#website\",\"url\":\"https:\\\/\\\/immigrantquebec.com\\\/fr\\\/\",\"name\":\"Immigrant Qu\u00e9bec\",\"description\":\"Immigrer, vivre, travailler et \u00e9tudier au Qu\u00e9bec, Canada\",\"publisher\":{\"@id\":\"https:\\\/\\\/immigrantquebec.com\\\/fr\\\/#organization\"},\"potentialAction\":[{\"@type\":\"SearchAction\",\"target\":{\"@type\":\"EntryPoint\",\"urlTemplate\":\"https:\\\/\\\/immigrantquebec.com\\\/fr\\\/?s={search_term_string}\"},\"query-input\":{\"@type\":\"PropertyValueSpecification\",\"valueRequired\":true,\"valueName\":\"search_term_string\"}}],\"inLanguage\":\"fr-FR\"},{\"@type\":\"Organization\",\"@id\":\"https:\\\/\\\/immigrantquebec.com\\\/fr\\\/#organization\",\"name\":\"Immigrant Qu\u00e9bec\",\"url\":\"https:\\\/\\\/immigrantquebec.com\\\/fr\\\/\",\"logo\":{\"@type\":\"ImageObject\",\"inLanguage\":\"fr-FR\",\"@id\":\"https:\\\/\\\/immigrantquebec.com\\\/fr\\\/#\\\/schema\\\/logo\\\/image\\\/\",\"url\":\"https:\\\/\\\/immigrantquebec.com\\\/fr\\\/wp-content\\\/uploads\\\/2024\\\/03\\\/LogoIQ-2024-RVB.png\",\"contentUrl\":\"https:\\\/\\\/immigrantquebec.com\\\/fr\\\/wp-content\\\/uploads\\\/2024\\\/03\\\/LogoIQ-2024-RVB.png\",\"width\":2500,\"height\":1137,\"caption\":\"Immigrant Qu\u00e9bec\"},\"image\":{\"@id\":\"https:\\\/\\\/immigrantquebec.com\\\/fr\\\/#\\\/schema\\\/logo\\\/image\\\/\"},\"sameAs\":[\"https:\\\/\\\/www.facebook.com\\\/immigrantquebec\",\"https:\\\/\\\/x.com\\\/ImmigrantQuebec\",\"https:\\\/\\\/www.instagram.com\\\/immigrantquebec\",\"https:\\\/\\\/www.youtube.com\\\/user\\\/ImmigrantQc\"]},{\"@type\":\"Person\",\"@id\":\"https:\\\/\\\/immigrantquebec.com\\\/fr\\\/#\\\/schema\\\/person\\\/5a0a7750c5af0c69575b9d0398abcc4f\",\"name\":\"Marine Caleb\",\"image\":{\"@type\":\"ImageObject\",\"inLanguage\":\"fr-FR\",\"@id\":\"https:\\\/\\\/secure.gravatar.com\\\/avatar\\\/c7fbf7b4b0f62478765bdb817f4da11e6db63026d8595ad858b78f38425200cc?s=96&d=mm&r=g\",\"url\":\"https:\\\/\\\/secure.gravatar.com\\\/avatar\\\/c7fbf7b4b0f62478765bdb817f4da11e6db63026d8595ad858b78f38425200cc?s=96&d=mm&r=g\",\"contentUrl\":\"https:\\\/\\\/secure.gravatar.com\\\/avatar\\\/c7fbf7b4b0f62478765bdb817f4da11e6db63026d8595ad858b78f38425200cc?s=96&d=mm&r=g\",\"caption\":\"Marine Caleb\"},\"description\":\"Journaliste ind\u00e9pendante, Marine Caleb vit entre Marseille et Tripoli au Liban. Elle se sp\u00e9cialise dans la migration et les droits des femmes et \u00e9crit pour divers m\u00e9dias canadiens, fran\u00e7ais et du Swana.\u00a0Ayant v\u00e9cu de nombreuses ann\u00e9es au Qu\u00e9bec, elle dirige le magazine des journalistes du Qu\u00e9bec, Le Trente.\",\"url\":\"https:\\\/\\\/immigrantquebec.com\\\/fr\\\/author\\\/marine-c\\\/\"}]}<\/script>\n<!-- \/ Yoast SEO plugin. -->","yoast_head_json":{"title":"F\u00e9d\u00e9ral : Des paroles aux actes pour r\u00e9duire la part de l\u2019immigration temporaire - Immigrant Qu\u00e9bec","description":"Sauf exceptions, sont vis\u00e9s les postes \u00e0 bas salaire dans le cadre du Programme des travailleurs \u00e9trangers temporaires (PTET).","robots":{"index":"index","follow":"follow","max-snippet":"max-snippet:-1","max-image-preview":"max-image-preview:large","max-video-preview":"max-video-preview:-1"},"canonical":"https:\/\/immigrantquebec.com\/fr\/actualites\/federal-des-paroles-aux-actes-pour-reduire-la-part-de-limmigration-temporaire\/","og_locale":"fr_FR","og_type":"article","og_title":"F\u00e9d\u00e9ral : Des paroles aux actes pour r\u00e9duire la part de l\u2019immigration temporaire - Immigrant Qu\u00e9bec","og_description":"Sauf exceptions, sont vis\u00e9s les postes \u00e0 bas salaire dans le cadre du Programme des travailleurs \u00e9trangers temporaires (PTET).","og_url":"https:\/\/immigrantquebec.com\/fr\/actualites\/federal-des-paroles-aux-actes-pour-reduire-la-part-de-limmigration-temporaire\/","og_site_name":"Immigrant Qu\u00e9bec","article_publisher":"https:\/\/www.facebook.com\/immigrantquebec","article_published_time":"2024-08-26T19:44:44+00:00","article_modified_time":"2024-09-30T13:01:14+00:00","og_image":[{"width":950,"height":400,"url":"https:\/\/immigrantquebec.com\/fr\/wp-content\/uploads\/2024\/08\/markus-spiske-4j5npcuUxKM-unsplash-950.jpg","type":"image\/jpeg"}],"author":"Marine Caleb","twitter_misc":{"\u00c9crit par":"Marine Caleb","Dur\u00e9e de lecture estim\u00e9e":"2 minutes"},"schema":{"@context":"https:\/\/schema.org","@graph":[{"@type":"Article","@id":"https:\/\/immigrantquebec.com\/fr\/actualites\/federal-des-paroles-aux-actes-pour-reduire-la-part-de-limmigration-temporaire\/#article","isPartOf":{"@id":"https:\/\/immigrantquebec.com\/fr\/actualites\/federal-des-paroles-aux-actes-pour-reduire-la-part-de-limmigration-temporaire\/"},"author":{"name":"Marine Caleb","@id":"https:\/\/immigrantquebec.com\/fr\/#\/schema\/person\/5a0a7750c5af0c69575b9d0398abcc4f"},"headline":"F\u00e9d\u00e9ral : Des paroles aux actes pour r\u00e9duire la part de l\u2019immigration temporaire","datePublished":"2024-08-26T19:44:44+00:00","dateModified":"2024-09-30T13:01:14+00:00","mainEntityOfPage":{"@id":"https:\/\/immigrantquebec.com\/fr\/actualites\/federal-des-paroles-aux-actes-pour-reduire-la-part-de-limmigration-temporaire\/"},"wordCount":405,"publisher":{"@id":"https:\/\/immigrantquebec.com\/fr\/#organization"},"image":{"@id":"https:\/\/immigrantquebec.com\/fr\/actualites\/federal-des-paroles-aux-actes-pour-reduire-la-part-de-limmigration-temporaire\/#primaryimage"},"thumbnailUrl":"https:\/\/immigrantquebec.com\/fr\/wp-content\/uploads\/2024\/08\/markus-spiske-4j5npcuUxKM-unsplash-950.jpg","articleSection":["Actualit\u00e9s"],"inLanguage":"fr-FR"},{"@type":"WebPage","@id":"https:\/\/immigrantquebec.com\/fr\/actualites\/federal-des-paroles-aux-actes-pour-reduire-la-part-de-limmigration-temporaire\/","url":"https:\/\/immigrantquebec.com\/fr\/actualites\/federal-des-paroles-aux-actes-pour-reduire-la-part-de-limmigration-temporaire\/","name":"F\u00e9d\u00e9ral : Des paroles aux actes pour r\u00e9duire la part de l\u2019immigration temporaire - Immigrant Qu\u00e9bec","isPartOf":{"@id":"https:\/\/immigrantquebec.com\/fr\/#website"},"primaryImageOfPage":{"@id":"https:\/\/immigrantquebec.com\/fr\/actualites\/federal-des-paroles-aux-actes-pour-reduire-la-part-de-limmigration-temporaire\/#primaryimage"},"image":{"@id":"https:\/\/immigrantquebec.com\/fr\/actualites\/federal-des-paroles-aux-actes-pour-reduire-la-part-de-limmigration-temporaire\/#primaryimage"},"thumbnailUrl":"https:\/\/immigrantquebec.com\/fr\/wp-content\/uploads\/2024\/08\/markus-spiske-4j5npcuUxKM-unsplash-950.jpg","datePublished":"2024-08-26T19:44:44+00:00","dateModified":"2024-09-30T13:01:14+00:00","description":"Sauf exceptions, sont vis\u00e9s les postes \u00e0 bas salaire dans le cadre du Programme des travailleurs \u00e9trangers temporaires (PTET).","breadcrumb":{"@id":"https:\/\/immigrantquebec.com\/fr\/actualites\/federal-des-paroles-aux-actes-pour-reduire-la-part-de-limmigration-temporaire\/#breadcrumb"},"inLanguage":"fr-FR","potentialAction":[{"@type":"ReadAction","target":["https:\/\/immigrantquebec.com\/fr\/actualites\/federal-des-paroles-aux-actes-pour-reduire-la-part-de-limmigration-temporaire\/"]}]},{"@type":"ImageObject","inLanguage":"fr-FR","@id":"https:\/\/immigrantquebec.com\/fr\/actualites\/federal-des-paroles-aux-actes-pour-reduire-la-part-de-limmigration-temporaire\/#primaryimage","url":"https:\/\/immigrantquebec.com\/fr\/wp-content\/uploads\/2024\/08\/markus-spiske-4j5npcuUxKM-unsplash-950.jpg","contentUrl":"https:\/\/immigrantquebec.com\/fr\/wp-content\/uploads\/2024\/08\/markus-spiske-4j5npcuUxKM-unsplash-950.jpg","width":950,"height":400},{"@type":"BreadcrumbList","@id":"https:\/\/immigrantquebec.com\/fr\/actualites\/federal-des-paroles-aux-actes-pour-reduire-la-part-de-limmigration-temporaire\/#breadcrumb","itemListElement":[{"@type":"ListItem","position":1,"name":"Accueil","item":"https:\/\/immigrantquebec.com\/fr\/"},{"@type":"ListItem","position":2,"name":"Actualit\u00e9s","item":"https:\/\/immigrantquebec.com\/fr\/actualites\/"},{"@type":"ListItem","position":3,"name":"F\u00e9d\u00e9ral : Des paroles aux actes pour r\u00e9duire la part de l\u2019immigration temporaire"}]},{"@type":"WebSite","@id":"https:\/\/immigrantquebec.com\/fr\/#website","url":"https:\/\/immigrantquebec.com\/fr\/","name":"Immigrant Qu\u00e9bec","description":"Immigrer, vivre, travailler et \u00e9tudier au Qu\u00e9bec, Canada","publisher":{"@id":"https:\/\/immigrantquebec.com\/fr\/#organization"},"potentialAction":[{"@type":"SearchAction","target":{"@type":"EntryPoint","urlTemplate":"https:\/\/immigrantquebec.com\/fr\/?s={search_term_string}"},"query-input":{"@type":"PropertyValueSpecification","valueRequired":true,"valueName":"search_term_string"}}],"inLanguage":"fr-FR"},{"@type":"Organization","@id":"https:\/\/immigrantquebec.com\/fr\/#organization","name":"Immigrant Qu\u00e9bec","url":"https:\/\/immigrantquebec.com\/fr\/","logo":{"@type":"ImageObject","inLanguage":"fr-FR","@id":"https:\/\/immigrantquebec.com\/fr\/#\/schema\/logo\/image\/","url":"https:\/\/immigrantquebec.com\/fr\/wp-content\/uploads\/2024\/03\/LogoIQ-2024-RVB.png","contentUrl":"https:\/\/immigrantquebec.com\/fr\/wp-content\/uploads\/2024\/03\/LogoIQ-2024-RVB.png","width":2500,"height":1137,"caption":"Immigrant Qu\u00e9bec"},"image":{"@id":"https:\/\/immigrantquebec.com\/fr\/#\/schema\/logo\/image\/"},"sameAs":["https:\/\/www.facebook.com\/immigrantquebec","https:\/\/x.com\/ImmigrantQuebec","https:\/\/www.instagram.com\/immigrantquebec","https:\/\/www.youtube.com\/user\/ImmigrantQc"]},{"@type":"Person","@id":"https:\/\/immigrantquebec.com\/fr\/#\/schema\/person\/5a0a7750c5af0c69575b9d0398abcc4f","name":"Marine Caleb","image":{"@type":"ImageObject","inLanguage":"fr-FR","@id":"https:\/\/secure.gravatar.com\/avatar\/c7fbf7b4b0f62478765bdb817f4da11e6db63026d8595ad858b78f38425200cc?s=96&d=mm&r=g","url":"https:\/\/secure.gravatar.com\/avatar\/c7fbf7b4b0f62478765bdb817f4da11e6db63026d8595ad858b78f38425200cc?s=96&d=mm&r=g","contentUrl":"https:\/\/secure.gravatar.com\/avatar\/c7fbf7b4b0f62478765bdb817f4da11e6db63026d8595ad858b78f38425200cc?s=96&d=mm&r=g","caption":"Marine Caleb"},"description":"Journaliste ind\u00e9pendante, Marine Caleb vit entre Marseille et Tripoli au Liban. Elle se sp\u00e9cialise dans la migration et les droits des femmes et \u00e9crit pour divers m\u00e9dias canadiens, fran\u00e7ais et du Swana.\u00a0Ayant v\u00e9cu de nombreuses ann\u00e9es au Qu\u00e9bec, elle dirige le magazine des journalistes du Qu\u00e9bec, Le Trente.","url":"https:\/\/immigrantquebec.com\/fr\/author\/marine-c\/"}]}},"_links":{"self":[{"href":"https:\/\/immigrantquebec.com\/fr\/wp-json\/wp\/v2\/posts\/16011","targetHints":{"allow":["GET"]}}],"collection":[{"href":"https:\/\/immigrantquebec.com\/fr\/wp-json\/wp\/v2\/posts"}],"about":[{"href":"https:\/\/immigrantquebec.com\/fr\/wp-json\/wp\/v2\/types\/post"}],"author":[{"embeddable":true,"href":"https:\/\/immigrantquebec.com\/fr\/wp-json\/wp\/v2\/users\/3463"}],"replies":[{"embeddable":true,"href":"https:\/\/immigrantquebec.com\/fr\/wp-json\/wp\/v2\/comments?post=16011"}],"version-history":[{"count":0,"href":"https:\/\/immigrantquebec.com\/fr\/wp-json\/wp\/v2\/posts\/16011\/revisions"}],"wp:featuredmedia":[{"embeddable":true,"href":"https:\/\/immigrantquebec.com\/fr\/wp-json\/wp\/v2\/media\/16013"}],"wp:attachment":[{"href":"https:\/\/immigrantquebec.com\/fr\/wp-json\/wp\/v2\/media?parent=16011"}],"wp:term":[{"taxonomy":"category","embeddable":true,"href":"https:\/\/immigrantquebec.com\/fr\/wp-json\/wp\/v2\/categories?post=16011"},{"taxonomy":"post_tag","embeddable":true,"href":"https:\/\/immigrantquebec.com\/fr\/wp-json\/wp\/v2\/tags?post=16011"}],"curies":[{"name":"wp","href":"https:\/\/api.w.org\/{rel}","templated":true}]}}