{"id":16398,"date":"2024-10-10T09:23:18","date_gmt":"2024-10-10T13:23:18","guid":{"rendered":"https:\/\/immigrantquebec.com\/fr\/?p=16398"},"modified":"2024-10-10T09:23:18","modified_gmt":"2024-10-10T13:23:18","slug":"travailleurs-etrangers-en-regions-isolees-ndeye-arame-la-resilience-dans-ladversite","status":"publish","type":"post","link":"https:\/\/immigrantquebec.com\/fr\/conseils-d-experts\/travailleurs-etrangers-en-regions-isolees-ndeye-arame-la-resilience-dans-ladversite\/","title":{"rendered":"Travailleurs \u00e9trangers en r\u00e9gions isol\u00e9es : Ndeye Arame, la r\u00e9silience dans l\u2019adversit\u00e9"},"content":{"rendered":"\t\t<div data-elementor-type=\"wp-post\" data-elementor-id=\"16398\" class=\"elementor elementor-16398\" data-elementor-post-type=\"post\">\n\t\t\t\t\t\t<section class=\"elementor-section elementor-top-section elementor-element elementor-element-be4deec elementor-section-boxed elementor-section-height-default elementor-section-height-default\" data-id=\"be4deec\" data-element_type=\"section\" data-e-type=\"section\">\n\t\t\t\t\t\t<div class=\"elementor-container elementor-column-gap-default\">\n\t\t\t\t\t<div class=\"elementor-column elementor-col-100 elementor-top-column elementor-element elementor-element-30a0fd5\" data-id=\"30a0fd5\" data-element_type=\"column\" data-e-type=\"column\">\n\t\t\t<div class=\"elementor-widget-wrap elementor-element-populated\">\n\t\t\t\t\t\t<div class=\"elementor-element elementor-element-ed3f24d elementor-widget elementor-widget-text-editor\" data-id=\"ed3f24d\" data-element_type=\"widget\" data-e-type=\"widget\" data-widget_type=\"text-editor.default\">\n\t\t\t\t\t\t\t\t\t<div><span>Faire le choix de quitter sa famille, sa propre fille, pour aller travailler dans une r\u00e9gion isol\u00e9e du Qu\u00e9bec est un pari en soi. C\u2019est l\u2019aventure qu\u2019a tent\u00e9e Ndeye Arame, originaire du S\u00e9n\u00e9gal. Si elle occupe aujourd\u2019hui deux emplois \u00e0 Sept-\u00celes gr\u00e2ce \u00e0 un Permis de travail ouvert pour travailleur vuln\u00e9rable (PTOTV), son exp\u00e9rience n\u2019a rien du long fleuve tranquille.<\/span><\/div>\t\t\t\t\t\t\t\t<\/div>\n\t\t\t\t\t<\/div>\n\t\t<\/div>\n\t\t\t\t\t<\/div>\n\t\t<\/section>\n\t\t\t\t<section class=\"elementor-section elementor-top-section elementor-element elementor-element-58592c9 elementor-section-boxed elementor-section-height-default elementor-section-height-default\" data-id=\"58592c9\" data-element_type=\"section\" data-e-type=\"section\">\n\t\t\t\t\t\t<div class=\"elementor-container elementor-column-gap-default\">\n\t\t\t\t\t<div class=\"elementor-column elementor-col-100 elementor-top-column elementor-element elementor-element-8fae600\" data-id=\"8fae600\" data-element_type=\"column\" data-e-type=\"column\">\n\t\t\t<div class=\"elementor-widget-wrap elementor-element-populated\">\n\t\t\t\t\t\t<div class=\"elementor-element elementor-element-ba0f147 elementor-blockquote--skin-quotation elementor-widget elementor-widget-blockquote\" data-id=\"ba0f147\" data-element_type=\"widget\" data-e-type=\"widget\" data-widget_type=\"blockquote.default\">\n\t\t\t\t\t\t\t<blockquote class=\"elementor-blockquote\">\n\t\t\t<p class=\"elementor-blockquote__content\">\n\t\t\t\t\u00ab\u2009Arriv\u00e9e \u00e0 Sept-\u00celes \u00e0 la fin du mois de septembre 2023 avec un permis de travail ferm\u00e9, elle a vu son projet tourner au vinaigre. Elle a subi des abus de la part de son employeur, qui voulait lui faire signer un contrat proposant un salaire moins \u00e9lev\u00e9 et lui donnait des t\u00e2ches diff\u00e9rentes de ce qui \u00e9tait pr\u00e9vu initialement, entre autres. Peu de temps apr\u00e8s, ce dernier l\u2019a cong\u00e9di\u00e9e. \u201cD\u2019habitude, on dit que quand on vient ici, c\u2019est la lune de miel. Malheureusement, je ne l\u2019ai toujours pas v\u00e9cue\u201d, se d\u00e9sole-t-elle.\u2009\u00bb\t\t\t<\/p>\n\t\t\t\t\t<\/blockquote>\n\t\t\t\t\t\t<\/div>\n\t\t\t\t\t<\/div>\n\t\t<\/div>\n\t\t\t\t\t<\/div>\n\t\t<\/section>\n\t\t\t\t<section class=\"elementor-section elementor-top-section elementor-element elementor-element-60ef5fe elementor-section-boxed elementor-section-height-default elementor-section-height-default\" data-id=\"60ef5fe\" data-element_type=\"section\" data-e-type=\"section\">\n\t\t\t\t\t\t<div class=\"elementor-container elementor-column-gap-default\">\n\t\t\t\t\t<div class=\"elementor-column elementor-col-100 elementor-top-column elementor-element elementor-element-264fd4b\" data-id=\"264fd4b\" data-element_type=\"column\" data-e-type=\"column\">\n\t\t\t<div class=\"elementor-widget-wrap elementor-element-populated\">\n\t\t\t\t\t\t<div class=\"elementor-element elementor-element-12fd715 elementor-widget elementor-widget-text-editor\" data-id=\"12fd715\" data-element_type=\"widget\" data-e-type=\"widget\" data-widget_type=\"text-editor.default\">\n\t\t\t\t\t\t\t\t\t<div><span>Retrouvez l\u2019article complet\u00a0<\/span><span lang=\"FR-CA\" style=\"font-family: var( --e-global-typography-text-font-family ), Sans-serif; font-size: 1.8rem;\"><a href=\"https:\/\/www.infotetquebec.com\/ndeye-arame-un-modele-de-perseverance\/\" style=\"font-family: var( --e-global-typography-text-font-family ), Sans-serif; font-size: 1.8rem;\">sur le site d\u2019InfoTET<\/a><\/span><span style=\"font-family: var( --e-global-typography-text-font-family ), Sans-serif; font-size: 1.8rem;\">.<\/span><\/div><div><\/div>\t\t\t\t\t\t\t\t<\/div>\n\t\t\t\t\t<\/div>\n\t\t<\/div>\n\t\t\t\t\t<\/div>\n\t\t<\/section>\n\t\t\t\t<section class=\"elementor-section elementor-top-section elementor-element elementor-element-6fad55f elementor-section-boxed elementor-section-height-default elementor-section-height-default\" data-id=\"6fad55f\" data-element_type=\"section\" data-e-type=\"section\">\n\t\t\t\t\t\t<div class=\"elementor-container elementor-column-gap-default\">\n\t\t\t\t\t<div class=\"elementor-column elementor-col-100 elementor-top-column elementor-element elementor-element-dd071b2\" data-id=\"dd071b2\" data-element_type=\"column\" data-e-type=\"column\">\n\t\t\t<div class=\"elementor-widget-wrap elementor-element-populated\">\n\t\t\t\t\t\t<div class=\"elementor-element elementor-element-64fa94b elementor-widget elementor-widget-text-editor\" data-id=\"64fa94b\" data-element_type=\"widget\" data-e-type=\"widget\" data-widget_type=\"text-editor.default\">\n\t\t\t\t\t\t\t\t\t<div><i><span>Photo\u00a0: Marie-Anne Day\u00e9<\/span><\/i><\/div>\t\t\t\t\t\t\t\t<\/div>\n\t\t\t\t\t<\/div>\n\t\t<\/div>\n\t\t\t\t\t<\/div>\n\t\t<\/section>\n\t\t\t\t<section class=\"elementor-section elementor-top-section elementor-element elementor-element-c774009 elementor-section-boxed elementor-section-height-default elementor-section-height-default\" data-id=\"c774009\" data-element_type=\"section\" data-e-type=\"section\">\n\t\t\t\t\t\t<div class=\"elementor-container elementor-column-gap-default\">\n\t\t\t\t\t<div class=\"elementor-column elementor-col-100 elementor-top-column elementor-element elementor-element-bbec2a8\" data-id=\"bbec2a8\" data-element_type=\"column\" data-e-type=\"column\">\n\t\t\t<div class=\"elementor-widget-wrap elementor-element-populated\">\n\t\t\t\t\t\t<div class=\"elementor-element elementor-element-0dd6b28 elementor-widget elementor-widget-text-editor\" data-id=\"0dd6b28\" data-element_type=\"widget\" data-e-type=\"widget\" data-widget_type=\"text-editor.default\">\n\t\t\t\t\t\t\t\t\t<div><i><span>InfoTET est un site d\u2019information destin\u00e9 aux travailleurs \u00e9trangers temporaires (TET) du Qu\u00e9bec. Il est \u00e9galement la vitrine de promotion et de valorisation des projets et activit\u00e9s port\u00e9es par les organismes qu\u00e9b\u00e9cois dans le cadre du Projet de soutien aux travailleurs migrants, financ\u00e9 par le gouvernement du Canada et pilot\u00e9 par Immigrant Qu\u00e9bec.<\/span><\/i><\/div>\t\t\t\t\t\t\t\t<\/div>\n\t\t\t\t\t<\/div>\n\t\t<\/div>\n\t\t\t\t\t<\/div>\n\t\t<\/section>\n\t\t\t\t<\/div>\n\t\t","protected":false},"excerpt":{"rendered":"<p>Originaire du S\u00e9n\u00e9gal, Ndeye Arame est arriv\u00e9e \u00e0 Sept-\u00celes en septembre 2023. Un \u00e9ternit\u00e9 pour celle qui veut croire en sa bonne \u00e9toile.<\/p>\n","protected":false},"author":3459,"featured_media":16399,"comment_status":"closed","ping_status":"closed","sticky":false,"template":"","format":"standard","meta":{"_acf_changed":false,"_genesis_hide_title":false,"_genesis_hide_breadcrumbs":false,"_genesis_hide_singular_image":false,"_genesis_hide_footer_widgets":false,"_genesis_custom_body_class":"","_genesis_custom_post_class":"","_genesis_layout":"","footnotes":""},"categories":[103],"tags":[],"class_list":{"0":"post-16398","1":"post","2":"type-post","3":"status-publish","4":"format-standard","5":"has-post-thumbnail","7":"category-conseils-d-experts","8":"entry"},"acf":[],"yoast_head":"<!-- This site is optimized with the Yoast SEO plugin v27.5 - https:\/\/yoast.com\/product\/yoast-seo-wordpress\/ -->\n<title>Travailleurs \u00e9trangers en r\u00e9gions isol\u00e9es : Ndeye Arame, la r\u00e9silience dans l\u2019adversit\u00e9 - Immigrant Qu\u00e9bec<\/title>\n<meta name=\"description\" content=\"Originaire du S\u00e9n\u00e9gal, Ndeye Arame est arriv\u00e9e \u00e0 Sept-\u00celes en septembre 2023. Un \u00e9ternit\u00e9 pour celle qui veut croire en sa bonne \u00e9toile.\" \/>\n<meta name=\"robots\" content=\"index, follow, max-snippet:-1, max-image-preview:large, max-video-preview:-1\" \/>\n<link rel=\"canonical\" href=\"https:\/\/immigrantquebec.com\/fr\/conseils-d-experts\/travailleurs-etrangers-en-regions-isolees-ndeye-arame-la-resilience-dans-ladversite\/\" \/>\n<meta property=\"og:locale\" content=\"fr_FR\" \/>\n<meta property=\"og:type\" content=\"article\" \/>\n<meta property=\"og:title\" content=\"Travailleurs \u00e9trangers en r\u00e9gions isol\u00e9es : Ndeye Arame, la r\u00e9silience dans l\u2019adversit\u00e9 - Immigrant Qu\u00e9bec\" \/>\n<meta property=\"og:description\" content=\"Originaire du S\u00e9n\u00e9gal, Ndeye Arame est arriv\u00e9e \u00e0 Sept-\u00celes en septembre 2023. Un \u00e9ternit\u00e9 pour celle qui veut croire en sa bonne \u00e9toile.\" \/>\n<meta property=\"og:url\" content=\"https:\/\/immigrantquebec.com\/fr\/conseils-d-experts\/travailleurs-etrangers-en-regions-isolees-ndeye-arame-la-resilience-dans-ladversite\/\" \/>\n<meta property=\"og:site_name\" content=\"Immigrant Qu\u00e9bec\" \/>\n<meta property=\"article:publisher\" content=\"https:\/\/www.facebook.com\/immigrantquebec\" \/>\n<meta property=\"article:published_time\" content=\"2024-10-10T13:23:18+00:00\" \/>\n<meta property=\"og:image\" content=\"https:\/\/immigrantquebec.com\/fr\/wp-content\/uploads\/2024\/10\/Arame_Sept-Iles_Marie-AnneDaye1-scaled-950.jpg\" \/>\n\t<meta property=\"og:image:width\" content=\"950\" \/>\n\t<meta property=\"og:image:height\" content=\"400\" \/>\n\t<meta property=\"og:image:type\" content=\"image\/jpeg\" \/>\n<meta name=\"author\" content=\"Basile Moratille\" \/>\n<meta name=\"twitter:label1\" content=\"\u00c9crit par\" \/>\n\t<meta name=\"twitter:data1\" content=\"Basile Moratille\" \/>\n\t<meta name=\"twitter:label2\" content=\"Dur\u00e9e de lecture estim\u00e9e\" \/>\n\t<meta name=\"twitter:data2\" content=\"1 minute\" \/>\n<script type=\"application\/ld+json\" class=\"yoast-schema-graph\">{\"@context\":\"https:\\\/\\\/schema.org\",\"@graph\":[{\"@type\":\"Article\",\"@id\":\"https:\\\/\\\/immigrantquebec.com\\\/fr\\\/conseils-d-experts\\\/travailleurs-etrangers-en-regions-isolees-ndeye-arame-la-resilience-dans-ladversite\\\/#article\",\"isPartOf\":{\"@id\":\"https:\\\/\\\/immigrantquebec.com\\\/fr\\\/conseils-d-experts\\\/travailleurs-etrangers-en-regions-isolees-ndeye-arame-la-resilience-dans-ladversite\\\/\"},\"author\":{\"name\":\"Basile Moratille\",\"@id\":\"https:\\\/\\\/immigrantquebec.com\\\/fr\\\/#\\\/schema\\\/person\\\/eed5ca7ba2c1007e602ee9b9b87fb4b8\"},\"headline\":\"Travailleurs \u00e9trangers en r\u00e9gions isol\u00e9es : Ndeye Arame, la r\u00e9silience dans l\u2019adversit\u00e9\",\"datePublished\":\"2024-10-10T13:23:18+00:00\",\"mainEntityOfPage\":{\"@id\":\"https:\\\/\\\/immigrantquebec.com\\\/fr\\\/conseils-d-experts\\\/travailleurs-etrangers-en-regions-isolees-ndeye-arame-la-resilience-dans-ladversite\\\/\"},\"wordCount\":263,\"publisher\":{\"@id\":\"https:\\\/\\\/immigrantquebec.com\\\/fr\\\/#organization\"},\"image\":{\"@id\":\"https:\\\/\\\/immigrantquebec.com\\\/fr\\\/conseils-d-experts\\\/travailleurs-etrangers-en-regions-isolees-ndeye-arame-la-resilience-dans-ladversite\\\/#primaryimage\"},\"thumbnailUrl\":\"https:\\\/\\\/immigrantquebec.com\\\/fr\\\/wp-content\\\/uploads\\\/2024\\\/10\\\/Arame_Sept-Iles_Marie-AnneDaye1-scaled-950.jpg\",\"articleSection\":[\"Conseils d'experts\"],\"inLanguage\":\"fr-FR\"},{\"@type\":\"WebPage\",\"@id\":\"https:\\\/\\\/immigrantquebec.com\\\/fr\\\/conseils-d-experts\\\/travailleurs-etrangers-en-regions-isolees-ndeye-arame-la-resilience-dans-ladversite\\\/\",\"url\":\"https:\\\/\\\/immigrantquebec.com\\\/fr\\\/conseils-d-experts\\\/travailleurs-etrangers-en-regions-isolees-ndeye-arame-la-resilience-dans-ladversite\\\/\",\"name\":\"Travailleurs \u00e9trangers en r\u00e9gions isol\u00e9es : Ndeye Arame, la r\u00e9silience dans l\u2019adversit\u00e9 - Immigrant Qu\u00e9bec\",\"isPartOf\":{\"@id\":\"https:\\\/\\\/immigrantquebec.com\\\/fr\\\/#website\"},\"primaryImageOfPage\":{\"@id\":\"https:\\\/\\\/immigrantquebec.com\\\/fr\\\/conseils-d-experts\\\/travailleurs-etrangers-en-regions-isolees-ndeye-arame-la-resilience-dans-ladversite\\\/#primaryimage\"},\"image\":{\"@id\":\"https:\\\/\\\/immigrantquebec.com\\\/fr\\\/conseils-d-experts\\\/travailleurs-etrangers-en-regions-isolees-ndeye-arame-la-resilience-dans-ladversite\\\/#primaryimage\"},\"thumbnailUrl\":\"https:\\\/\\\/immigrantquebec.com\\\/fr\\\/wp-content\\\/uploads\\\/2024\\\/10\\\/Arame_Sept-Iles_Marie-AnneDaye1-scaled-950.jpg\",\"datePublished\":\"2024-10-10T13:23:18+00:00\",\"description\":\"Originaire du S\u00e9n\u00e9gal, Ndeye Arame est arriv\u00e9e \u00e0 Sept-\u00celes en septembre 2023. Un \u00e9ternit\u00e9 pour celle qui veut croire en sa bonne \u00e9toile.\",\"breadcrumb\":{\"@id\":\"https:\\\/\\\/immigrantquebec.com\\\/fr\\\/conseils-d-experts\\\/travailleurs-etrangers-en-regions-isolees-ndeye-arame-la-resilience-dans-ladversite\\\/#breadcrumb\"},\"inLanguage\":\"fr-FR\",\"potentialAction\":[{\"@type\":\"ReadAction\",\"target\":[\"https:\\\/\\\/immigrantquebec.com\\\/fr\\\/conseils-d-experts\\\/travailleurs-etrangers-en-regions-isolees-ndeye-arame-la-resilience-dans-ladversite\\\/\"]}]},{\"@type\":\"ImageObject\",\"inLanguage\":\"fr-FR\",\"@id\":\"https:\\\/\\\/immigrantquebec.com\\\/fr\\\/conseils-d-experts\\\/travailleurs-etrangers-en-regions-isolees-ndeye-arame-la-resilience-dans-ladversite\\\/#primaryimage\",\"url\":\"https:\\\/\\\/immigrantquebec.com\\\/fr\\\/wp-content\\\/uploads\\\/2024\\\/10\\\/Arame_Sept-Iles_Marie-AnneDaye1-scaled-950.jpg\",\"contentUrl\":\"https:\\\/\\\/immigrantquebec.com\\\/fr\\\/wp-content\\\/uploads\\\/2024\\\/10\\\/Arame_Sept-Iles_Marie-AnneDaye1-scaled-950.jpg\",\"width\":950,\"height\":400},{\"@type\":\"BreadcrumbList\",\"@id\":\"https:\\\/\\\/immigrantquebec.com\\\/fr\\\/conseils-d-experts\\\/travailleurs-etrangers-en-regions-isolees-ndeye-arame-la-resilience-dans-ladversite\\\/#breadcrumb\",\"itemListElement\":[{\"@type\":\"ListItem\",\"position\":1,\"name\":\"Accueil\",\"item\":\"https:\\\/\\\/immigrantquebec.com\\\/fr\\\/\"},{\"@type\":\"ListItem\",\"position\":2,\"name\":\"Conseils d'experts\",\"item\":\"https:\\\/\\\/immigrantquebec.com\\\/fr\\\/conseils-d-experts\\\/\"},{\"@type\":\"ListItem\",\"position\":3,\"name\":\"Travailleurs \u00e9trangers en r\u00e9gions isol\u00e9es : Ndeye Arame, la r\u00e9silience dans l\u2019adversit\u00e9\"}]},{\"@type\":\"WebSite\",\"@id\":\"https:\\\/\\\/immigrantquebec.com\\\/fr\\\/#website\",\"url\":\"https:\\\/\\\/immigrantquebec.com\\\/fr\\\/\",\"name\":\"Immigrant Qu\u00e9bec\",\"description\":\"Immigrer, vivre, travailler et \u00e9tudier au Qu\u00e9bec, Canada\",\"publisher\":{\"@id\":\"https:\\\/\\\/immigrantquebec.com\\\/fr\\\/#organization\"},\"potentialAction\":[{\"@type\":\"SearchAction\",\"target\":{\"@type\":\"EntryPoint\",\"urlTemplate\":\"https:\\\/\\\/immigrantquebec.com\\\/fr\\\/?s={search_term_string}\"},\"query-input\":{\"@type\":\"PropertyValueSpecification\",\"valueRequired\":true,\"valueName\":\"search_term_string\"}}],\"inLanguage\":\"fr-FR\"},{\"@type\":\"Organization\",\"@id\":\"https:\\\/\\\/immigrantquebec.com\\\/fr\\\/#organization\",\"name\":\"Immigrant Qu\u00e9bec\",\"url\":\"https:\\\/\\\/immigrantquebec.com\\\/fr\\\/\",\"logo\":{\"@type\":\"ImageObject\",\"inLanguage\":\"fr-FR\",\"@id\":\"https:\\\/\\\/immigrantquebec.com\\\/fr\\\/#\\\/schema\\\/logo\\\/image\\\/\",\"url\":\"https:\\\/\\\/immigrantquebec.com\\\/fr\\\/wp-content\\\/uploads\\\/2024\\\/03\\\/LogoIQ-2024-RVB.png\",\"contentUrl\":\"https:\\\/\\\/immigrantquebec.com\\\/fr\\\/wp-content\\\/uploads\\\/2024\\\/03\\\/LogoIQ-2024-RVB.png\",\"width\":2500,\"height\":1137,\"caption\":\"Immigrant Qu\u00e9bec\"},\"image\":{\"@id\":\"https:\\\/\\\/immigrantquebec.com\\\/fr\\\/#\\\/schema\\\/logo\\\/image\\\/\"},\"sameAs\":[\"https:\\\/\\\/www.facebook.com\\\/immigrantquebec\",\"https:\\\/\\\/x.com\\\/ImmigrantQuebec\",\"https:\\\/\\\/www.instagram.com\\\/immigrantquebec\",\"https:\\\/\\\/www.youtube.com\\\/user\\\/ImmigrantQc\"]},{\"@type\":\"Person\",\"@id\":\"https:\\\/\\\/immigrantquebec.com\\\/fr\\\/#\\\/schema\\\/person\\\/eed5ca7ba2c1007e602ee9b9b87fb4b8\",\"name\":\"Basile Moratille\",\"image\":{\"@type\":\"ImageObject\",\"inLanguage\":\"fr-FR\",\"@id\":\"https:\\\/\\\/secure.gravatar.com\\\/avatar\\\/639aa731bb7134a1e944526697fe0549d67ab17e00987171296fb5362fc909e9?s=96&d=mm&r=g\",\"url\":\"https:\\\/\\\/secure.gravatar.com\\\/avatar\\\/639aa731bb7134a1e944526697fe0549d67ab17e00987171296fb5362fc909e9?s=96&d=mm&r=g\",\"contentUrl\":\"https:\\\/\\\/secure.gravatar.com\\\/avatar\\\/639aa731bb7134a1e944526697fe0549d67ab17e00987171296fb5362fc909e9?s=96&d=mm&r=g\",\"caption\":\"Basile Moratille\"},\"description\":\"Directeur des contenus et des publications, Immigrant Qu\u00e9bec.\",\"url\":\"https:\\\/\\\/immigrantquebec.com\\\/fr\\\/author\\\/basile-moratilleimmigrantquebec-com\\\/\"}]}<\/script>\n<!-- \/ Yoast SEO plugin. -->","yoast_head_json":{"title":"Travailleurs \u00e9trangers en r\u00e9gions isol\u00e9es : Ndeye Arame, la r\u00e9silience dans l\u2019adversit\u00e9 - Immigrant Qu\u00e9bec","description":"Originaire du S\u00e9n\u00e9gal, Ndeye Arame est arriv\u00e9e \u00e0 Sept-\u00celes en septembre 2023. Un \u00e9ternit\u00e9 pour celle qui veut croire en sa bonne \u00e9toile.","robots":{"index":"index","follow":"follow","max-snippet":"max-snippet:-1","max-image-preview":"max-image-preview:large","max-video-preview":"max-video-preview:-1"},"canonical":"https:\/\/immigrantquebec.com\/fr\/conseils-d-experts\/travailleurs-etrangers-en-regions-isolees-ndeye-arame-la-resilience-dans-ladversite\/","og_locale":"fr_FR","og_type":"article","og_title":"Travailleurs \u00e9trangers en r\u00e9gions isol\u00e9es : Ndeye Arame, la r\u00e9silience dans l\u2019adversit\u00e9 - Immigrant Qu\u00e9bec","og_description":"Originaire du S\u00e9n\u00e9gal, Ndeye Arame est arriv\u00e9e \u00e0 Sept-\u00celes en septembre 2023. Un \u00e9ternit\u00e9 pour celle qui veut croire en sa bonne \u00e9toile.","og_url":"https:\/\/immigrantquebec.com\/fr\/conseils-d-experts\/travailleurs-etrangers-en-regions-isolees-ndeye-arame-la-resilience-dans-ladversite\/","og_site_name":"Immigrant Qu\u00e9bec","article_publisher":"https:\/\/www.facebook.com\/immigrantquebec","article_published_time":"2024-10-10T13:23:18+00:00","og_image":[{"width":950,"height":400,"url":"https:\/\/immigrantquebec.com\/fr\/wp-content\/uploads\/2024\/10\/Arame_Sept-Iles_Marie-AnneDaye1-scaled-950.jpg","type":"image\/jpeg"}],"author":"Basile Moratille","twitter_misc":{"\u00c9crit par":"Basile Moratille","Dur\u00e9e de lecture estim\u00e9e":"1 minute"},"schema":{"@context":"https:\/\/schema.org","@graph":[{"@type":"Article","@id":"https:\/\/immigrantquebec.com\/fr\/conseils-d-experts\/travailleurs-etrangers-en-regions-isolees-ndeye-arame-la-resilience-dans-ladversite\/#article","isPartOf":{"@id":"https:\/\/immigrantquebec.com\/fr\/conseils-d-experts\/travailleurs-etrangers-en-regions-isolees-ndeye-arame-la-resilience-dans-ladversite\/"},"author":{"name":"Basile Moratille","@id":"https:\/\/immigrantquebec.com\/fr\/#\/schema\/person\/eed5ca7ba2c1007e602ee9b9b87fb4b8"},"headline":"Travailleurs \u00e9trangers en r\u00e9gions isol\u00e9es : Ndeye Arame, la r\u00e9silience dans l\u2019adversit\u00e9","datePublished":"2024-10-10T13:23:18+00:00","mainEntityOfPage":{"@id":"https:\/\/immigrantquebec.com\/fr\/conseils-d-experts\/travailleurs-etrangers-en-regions-isolees-ndeye-arame-la-resilience-dans-ladversite\/"},"wordCount":263,"publisher":{"@id":"https:\/\/immigrantquebec.com\/fr\/#organization"},"image":{"@id":"https:\/\/immigrantquebec.com\/fr\/conseils-d-experts\/travailleurs-etrangers-en-regions-isolees-ndeye-arame-la-resilience-dans-ladversite\/#primaryimage"},"thumbnailUrl":"https:\/\/immigrantquebec.com\/fr\/wp-content\/uploads\/2024\/10\/Arame_Sept-Iles_Marie-AnneDaye1-scaled-950.jpg","articleSection":["Conseils d'experts"],"inLanguage":"fr-FR"},{"@type":"WebPage","@id":"https:\/\/immigrantquebec.com\/fr\/conseils-d-experts\/travailleurs-etrangers-en-regions-isolees-ndeye-arame-la-resilience-dans-ladversite\/","url":"https:\/\/immigrantquebec.com\/fr\/conseils-d-experts\/travailleurs-etrangers-en-regions-isolees-ndeye-arame-la-resilience-dans-ladversite\/","name":"Travailleurs \u00e9trangers en r\u00e9gions isol\u00e9es : Ndeye Arame, la r\u00e9silience dans l\u2019adversit\u00e9 - Immigrant Qu\u00e9bec","isPartOf":{"@id":"https:\/\/immigrantquebec.com\/fr\/#website"},"primaryImageOfPage":{"@id":"https:\/\/immigrantquebec.com\/fr\/conseils-d-experts\/travailleurs-etrangers-en-regions-isolees-ndeye-arame-la-resilience-dans-ladversite\/#primaryimage"},"image":{"@id":"https:\/\/immigrantquebec.com\/fr\/conseils-d-experts\/travailleurs-etrangers-en-regions-isolees-ndeye-arame-la-resilience-dans-ladversite\/#primaryimage"},"thumbnailUrl":"https:\/\/immigrantquebec.com\/fr\/wp-content\/uploads\/2024\/10\/Arame_Sept-Iles_Marie-AnneDaye1-scaled-950.jpg","datePublished":"2024-10-10T13:23:18+00:00","description":"Originaire du S\u00e9n\u00e9gal, Ndeye Arame est arriv\u00e9e \u00e0 Sept-\u00celes en septembre 2023. Un \u00e9ternit\u00e9 pour celle qui veut croire en sa bonne \u00e9toile.","breadcrumb":{"@id":"https:\/\/immigrantquebec.com\/fr\/conseils-d-experts\/travailleurs-etrangers-en-regions-isolees-ndeye-arame-la-resilience-dans-ladversite\/#breadcrumb"},"inLanguage":"fr-FR","potentialAction":[{"@type":"ReadAction","target":["https:\/\/immigrantquebec.com\/fr\/conseils-d-experts\/travailleurs-etrangers-en-regions-isolees-ndeye-arame-la-resilience-dans-ladversite\/"]}]},{"@type":"ImageObject","inLanguage":"fr-FR","@id":"https:\/\/immigrantquebec.com\/fr\/conseils-d-experts\/travailleurs-etrangers-en-regions-isolees-ndeye-arame-la-resilience-dans-ladversite\/#primaryimage","url":"https:\/\/immigrantquebec.com\/fr\/wp-content\/uploads\/2024\/10\/Arame_Sept-Iles_Marie-AnneDaye1-scaled-950.jpg","contentUrl":"https:\/\/immigrantquebec.com\/fr\/wp-content\/uploads\/2024\/10\/Arame_Sept-Iles_Marie-AnneDaye1-scaled-950.jpg","width":950,"height":400},{"@type":"BreadcrumbList","@id":"https:\/\/immigrantquebec.com\/fr\/conseils-d-experts\/travailleurs-etrangers-en-regions-isolees-ndeye-arame-la-resilience-dans-ladversite\/#breadcrumb","itemListElement":[{"@type":"ListItem","position":1,"name":"Accueil","item":"https:\/\/immigrantquebec.com\/fr\/"},{"@type":"ListItem","position":2,"name":"Conseils d'experts","item":"https:\/\/immigrantquebec.com\/fr\/conseils-d-experts\/"},{"@type":"ListItem","position":3,"name":"Travailleurs \u00e9trangers en r\u00e9gions isol\u00e9es : Ndeye Arame, la r\u00e9silience dans l\u2019adversit\u00e9"}]},{"@type":"WebSite","@id":"https:\/\/immigrantquebec.com\/fr\/#website","url":"https:\/\/immigrantquebec.com\/fr\/","name":"Immigrant Qu\u00e9bec","description":"Immigrer, vivre, travailler et \u00e9tudier au Qu\u00e9bec, Canada","publisher":{"@id":"https:\/\/immigrantquebec.com\/fr\/#organization"},"potentialAction":[{"@type":"SearchAction","target":{"@type":"EntryPoint","urlTemplate":"https:\/\/immigrantquebec.com\/fr\/?s={search_term_string}"},"query-input":{"@type":"PropertyValueSpecification","valueRequired":true,"valueName":"search_term_string"}}],"inLanguage":"fr-FR"},{"@type":"Organization","@id":"https:\/\/immigrantquebec.com\/fr\/#organization","name":"Immigrant Qu\u00e9bec","url":"https:\/\/immigrantquebec.com\/fr\/","logo":{"@type":"ImageObject","inLanguage":"fr-FR","@id":"https:\/\/immigrantquebec.com\/fr\/#\/schema\/logo\/image\/","url":"https:\/\/immigrantquebec.com\/fr\/wp-content\/uploads\/2024\/03\/LogoIQ-2024-RVB.png","contentUrl":"https:\/\/immigrantquebec.com\/fr\/wp-content\/uploads\/2024\/03\/LogoIQ-2024-RVB.png","width":2500,"height":1137,"caption":"Immigrant Qu\u00e9bec"},"image":{"@id":"https:\/\/immigrantquebec.com\/fr\/#\/schema\/logo\/image\/"},"sameAs":["https:\/\/www.facebook.com\/immigrantquebec","https:\/\/x.com\/ImmigrantQuebec","https:\/\/www.instagram.com\/immigrantquebec","https:\/\/www.youtube.com\/user\/ImmigrantQc"]},{"@type":"Person","@id":"https:\/\/immigrantquebec.com\/fr\/#\/schema\/person\/eed5ca7ba2c1007e602ee9b9b87fb4b8","name":"Basile Moratille","image":{"@type":"ImageObject","inLanguage":"fr-FR","@id":"https:\/\/secure.gravatar.com\/avatar\/639aa731bb7134a1e944526697fe0549d67ab17e00987171296fb5362fc909e9?s=96&d=mm&r=g","url":"https:\/\/secure.gravatar.com\/avatar\/639aa731bb7134a1e944526697fe0549d67ab17e00987171296fb5362fc909e9?s=96&d=mm&r=g","contentUrl":"https:\/\/secure.gravatar.com\/avatar\/639aa731bb7134a1e944526697fe0549d67ab17e00987171296fb5362fc909e9?s=96&d=mm&r=g","caption":"Basile Moratille"},"description":"Directeur des contenus et des publications, Immigrant Qu\u00e9bec.","url":"https:\/\/immigrantquebec.com\/fr\/author\/basile-moratilleimmigrantquebec-com\/"}]}},"_links":{"self":[{"href":"https:\/\/immigrantquebec.com\/fr\/wp-json\/wp\/v2\/posts\/16398","targetHints":{"allow":["GET"]}}],"collection":[{"href":"https:\/\/immigrantquebec.com\/fr\/wp-json\/wp\/v2\/posts"}],"about":[{"href":"https:\/\/immigrantquebec.com\/fr\/wp-json\/wp\/v2\/types\/post"}],"author":[{"embeddable":true,"href":"https:\/\/immigrantquebec.com\/fr\/wp-json\/wp\/v2\/users\/3459"}],"replies":[{"embeddable":true,"href":"https:\/\/immigrantquebec.com\/fr\/wp-json\/wp\/v2\/comments?post=16398"}],"version-history":[{"count":0,"href":"https:\/\/immigrantquebec.com\/fr\/wp-json\/wp\/v2\/posts\/16398\/revisions"}],"wp:featuredmedia":[{"embeddable":true,"href":"https:\/\/immigrantquebec.com\/fr\/wp-json\/wp\/v2\/media\/16399"}],"wp:attachment":[{"href":"https:\/\/immigrantquebec.com\/fr\/wp-json\/wp\/v2\/media?parent=16398"}],"wp:term":[{"taxonomy":"category","embeddable":true,"href":"https:\/\/immigrantquebec.com\/fr\/wp-json\/wp\/v2\/categories?post=16398"},{"taxonomy":"post_tag","embeddable":true,"href":"https:\/\/immigrantquebec.com\/fr\/wp-json\/wp\/v2\/tags?post=16398"}],"curies":[{"name":"wp","href":"https:\/\/api.w.org\/{rel}","templated":true}]}}