{"id":16662,"date":"2024-11-28T17:44:39","date_gmt":"2024-11-28T22:44:39","guid":{"rendered":"https:\/\/immigrantquebec.com\/fr\/?p=16662"},"modified":"2024-12-24T10:56:53","modified_gmt":"2024-12-24T15:56:53","slug":"les-journees-quebec-suspendues-pour-au-moins-six-mois","status":"publish","type":"post","link":"https:\/\/immigrantquebec.com\/fr\/actualites\/les-journees-quebec-suspendues-pour-au-moins-six-mois\/","title":{"rendered":"Les Journ\u00e9es Qu\u00e9bec suspendues pour au moins six mois"},"content":{"rendered":"\t\t<div data-elementor-type=\"wp-post\" data-elementor-id=\"16662\" class=\"elementor elementor-16662\" data-elementor-post-type=\"post\">\n\t\t\t\t\t\t<section class=\"elementor-section elementor-top-section elementor-element elementor-element-6ac2015 elementor-section-boxed elementor-section-height-default elementor-section-height-default\" data-id=\"6ac2015\" data-element_type=\"section\" data-e-type=\"section\">\n\t\t\t\t\t\t<div class=\"elementor-container elementor-column-gap-default\">\n\t\t\t\t\t<div class=\"elementor-column elementor-col-100 elementor-top-column elementor-element elementor-element-f42a0fa\" data-id=\"f42a0fa\" data-element_type=\"column\" data-e-type=\"column\">\n\t\t\t<div class=\"elementor-widget-wrap elementor-element-populated\">\n\t\t\t\t\t\t<div class=\"elementor-element elementor-element-fff41e1 elementor-widget elementor-widget-text-editor\" data-id=\"fff41e1\" data-element_type=\"widget\" data-e-type=\"widget\" data-widget_type=\"text-editor.default\">\n\t\t\t\t\t\t\t\t\t<div><em>Dans une d\u00e9claration du 27\u00a0novembre 2024, le ministre de l\u2019Immigration, de la Francisation et de l\u2019Int\u00e9gration, Jean-Fran\u00e7ois Roberge, a impos\u00e9 un <a href=\"https:\/\/www.quebec.ca\/entreprises-et-travailleurs-autonomes\/administrer-gerer\/embauche-gestion-personnel\/recruter\/embaucher-immigrant\/journees-quebec\" target=\"_blank\" rel=\"noopener\">moratoire au moins jusqu\u2019au 30\u00a0juin 2025 sur les Journ\u00e9es Qu\u00e9bec<\/a> (JQ), les tr\u00e8s populaires campagnes de recrutement \u00e0 l\u2019international.<\/em><\/div>\t\t\t\t\t\t\t\t<\/div>\n\t\t\t\t\t<\/div>\n\t\t<\/div>\n\t\t\t\t\t<\/div>\n\t\t<\/section>\n\t\t\t\t<section class=\"elementor-section elementor-top-section elementor-element elementor-element-29710fa elementor-section-boxed elementor-section-height-default elementor-section-height-default\" data-id=\"29710fa\" data-element_type=\"section\" data-e-type=\"section\">\n\t\t\t\t\t\t<div class=\"elementor-container elementor-column-gap-default\">\n\t\t\t\t\t<div class=\"elementor-column elementor-col-100 elementor-top-column elementor-element elementor-element-220146b\" data-id=\"220146b\" data-element_type=\"column\" data-e-type=\"column\">\n\t\t\t<div class=\"elementor-widget-wrap elementor-element-populated\">\n\t\t\t\t\t\t<div class=\"elementor-element elementor-element-5dbc1ea elementor-widget elementor-widget-text-editor\" data-id=\"5dbc1ea\" data-element_type=\"widget\" data-e-type=\"widget\" data-widget_type=\"text-editor.default\">\n\t\t\t\t\t\t\t\t\t<h2 style=\"font-weight: 400;\"><strong>Une d\u00e9cision pressentie depuis le gel partiel du PTET<\/strong><\/h2><p style=\"font-weight: 400;\">Cette d\u00e9cision \u00e9tait logiquement pressentie depuis l\u2019annonce, fin ao\u00fbt, du <a href=\"https:\/\/immigrantquebec.com\/fr\/actualites\/le-point-sur-le-gel-partiel-du-ptet-a-montreal\/\" target=\"_blank\" rel=\"noopener\">moratoire sur le volet bas salaire du PTET<\/a> \u00e0 Montr\u00e9al, suivi par le <a href=\"https:\/\/immigrantquebec.com\/fr\/actualites\/federal-des-paroles-aux-actes-pour-reduire-la-part-de-limmigration-temporaire\/\" target=\"_blank\" rel=\"noopener\">gel des EIMT<\/a>, toujours bas salaire, dans les RMR dont le taux de ch\u00f4mage affiche 6\u00a0% et plus \u2014 et bien s\u00fbr <a href=\"https:\/\/immigrantquebec.com\/fr\/actualites\/ptet-rehaussement-de-20-du-salaire-median-dans-le-calcul-des-volets-bas-haut-salaires\/\" target=\"_blank\" rel=\"noopener\">la hausse de 20\u00a0% du salaire m\u00e9dian<\/a> utilis\u00e9 dans le calcul des volets bas\/haut salaires, qui disqualifie beaucoup d\u2019emplois traditionnellement combl\u00e9s par les JQ.<\/p><p style=\"font-weight: 400;\">Comme le souligne le ministre, il peut sembler incoh\u00e9rent de geler l\u2019immigration d\u2019un c\u00f4t\u00e9 et de financer des missions de recrutement de travailleurs \u00e9trangers de l\u2019autre. M\u00eame si ces travailleurs sont recrut\u00e9s selon les nouvelles normes \u00e9thiques auxquelles se conforme le gouvernement, et dans des secteurs prioritaires et exempt\u00e9s des mesures de resserrement.<\/p><p><span style=\"font-weight: 400;\">Les <a href=\"https:\/\/www.quebec.ca\/entreprises-et-travailleurs-autonomes\/administrer-gerer\/embauche-gestion-personnel\/recruter\/embaucher-immigrant\/journees-quebec\/candidats\/programmation\/france\" target=\"_blank\" rel=\"noopener\">Journ\u00e9es Qu\u00e9bec France<\/a>, qui auront lieu \u00e0 Paris du 30\u00a0novembre au 1<sup>er<\/sup>\u00a0d\u00e9cembre 2024, sont toutefois maintenues.<\/span><\/p>\t\t\t\t\t\t\t\t<\/div>\n\t\t\t\t\t<\/div>\n\t\t<\/div>\n\t\t\t\t\t<\/div>\n\t\t<\/section>\n\t\t\t\t<section class=\"elementor-section elementor-top-section elementor-element elementor-element-cb4a6f0 elementor-section-boxed elementor-section-height-default elementor-section-height-default\" data-id=\"cb4a6f0\" data-element_type=\"section\" data-e-type=\"section\">\n\t\t\t\t\t\t<div class=\"elementor-container elementor-column-gap-default\">\n\t\t\t\t\t<div class=\"elementor-column elementor-col-100 elementor-top-column elementor-element elementor-element-50bc076\" data-id=\"50bc076\" data-element_type=\"column\" data-e-type=\"column\">\n\t\t\t<div class=\"elementor-widget-wrap elementor-element-populated\">\n\t\t\t\t\t\t<div class=\"elementor-element elementor-element-757a363 elementor-widget elementor-widget-text-editor\" data-id=\"757a363\" data-element_type=\"widget\" data-e-type=\"widget\" data-widget_type=\"text-editor.default\">\n\t\t\t\t\t\t\t\t\t<h2><b><span>L\u2019avenir des JQ dans la balance<\/span><\/b><\/h2>\t\t\t\t\t\t\t\t<\/div>\n\t\t\t\t\t<\/div>\n\t\t<\/div>\n\t\t\t\t\t<\/div>\n\t\t<\/section>\n\t\t\t\t<section class=\"elementor-section elementor-top-section elementor-element elementor-element-ed5dbc4 elementor-section-boxed elementor-section-height-default elementor-section-height-default\" data-id=\"ed5dbc4\" data-element_type=\"section\" data-e-type=\"section\">\n\t\t\t\t\t\t<div class=\"elementor-container elementor-column-gap-default\">\n\t\t\t\t\t<div class=\"elementor-column elementor-col-100 elementor-top-column elementor-element elementor-element-9e491e2\" data-id=\"9e491e2\" data-element_type=\"column\" data-e-type=\"column\">\n\t\t\t<div class=\"elementor-widget-wrap elementor-element-populated\">\n\t\t\t\t\t\t<section class=\"elementor-section elementor-inner-section elementor-element elementor-element-724ac90 elementor-section-boxed elementor-section-height-default elementor-section-height-default\" data-id=\"724ac90\" data-element_type=\"section\" data-e-type=\"section\">\n\t\t\t\t\t\t<div class=\"elementor-container elementor-column-gap-default\">\n\t\t\t\t\t<div class=\"elementor-column elementor-col-50 elementor-inner-column elementor-element elementor-element-8b50c5c\" data-id=\"8b50c5c\" data-element_type=\"column\" data-e-type=\"column\">\n\t\t\t<div class=\"elementor-widget-wrap elementor-element-populated\">\n\t\t\t\t\t\t<div class=\"elementor-element elementor-element-382388e elementor-widget elementor-widget-text-editor\" data-id=\"382388e\" data-element_type=\"widget\" data-e-type=\"widget\" data-widget_type=\"text-editor.default\">\n\t\t\t\t\t\t\t\t\t<div><div><p style=\"font-weight: 400;\">Si le gel des missions au premier semestre\u00a02025 (et potentiellement sur le reste de l\u2019ann\u00e9e) aura naturellement un impact sur la planification en recrutement de plusieurs entreprises qu\u00e9b\u00e9coises, c\u2019est surtout l\u2019avenir des JQ telles qu\u2019on les conna\u00eet qui est aujourd\u2019hui en question.<\/p><span style=\"font-weight: 400;\">Il a d\u2019ailleurs, \u00e0 l\u2019occasion de son annonce, pr\u00e9cis\u00e9 que le gouvernement <a href=\"https:\/\/ici.radio-canada.ca\/nouvelle\/2123001\/suspension-missions-recrutement-caq-penurie-employes?depuisRecherche=true\" target=\"_blank\" rel=\"noopener\">ne renouvellerait pas les conventions<\/a> avec les partenaires non gouvernementaux (PNG) traditionnellement impliqu\u00e9s dans l\u2019organisation des Journ\u00e9es Qu\u00e9bec, \u00e0 savoir Montr\u00e9al International, Qu\u00e9bec International et Drummond \u00e9conomique, au moins jusqu\u2019\u00e0 ce que le gouvernement ait statu\u00e9 sur les \u00e9ventuelles conditions de leur retour.<\/span><\/div><\/div>\t\t\t\t\t\t\t\t<\/div>\n\t\t\t\t\t<\/div>\n\t\t<\/div>\n\t\t\t\t<div class=\"elementor-column elementor-col-50 elementor-inner-column elementor-element elementor-element-21f98fd\" data-id=\"21f98fd\" data-element_type=\"column\" data-e-type=\"column\">\n\t\t\t<div class=\"elementor-widget-wrap elementor-element-populated\">\n\t\t\t\t\t\t<div class=\"elementor-element elementor-element-e1539c6 elementor-blockquote--skin-quotation elementor-widget elementor-widget-blockquote\" data-id=\"e1539c6\" data-element_type=\"widget\" data-e-type=\"widget\" data-widget_type=\"blockquote.default\">\n\t\t\t\t\t\t\t<blockquote class=\"elementor-blockquote\">\n\t\t\t<p class=\"elementor-blockquote__content\">\n\t\t\t\t\u00ab\u2009Il est fort probable que les Journ\u00e9es Qu\u00e9bec reviennent, mais \u00e7a va d\u00e9pendre des consultations [dans le cadre de la planification pluriannuelle de l\u2019immigration, pr\u00e9vue pour l\u2019automne 2026, NDLR]. \u00c7a pourrait aussi ne pas revenir. \u00c7a pourrait revenir sous une autre forme\u2009\u00bb.\t\t\t<\/p>\n\t\t\t\t\t\t\t<div class=\"e-q-footer\">\n\t\t\t\t\t\t\t\t\t\t\t<cite class=\"elementor-blockquote__author\">Jean-Fran\u00e7ois Roberge<\/cite>\n\t\t\t\t\t\t\t\t\t\t\t\t\t\t<\/div>\n\t\t\t\t\t<\/blockquote>\n\t\t\t\t\t\t<\/div>\n\t\t\t\t\t<\/div>\n\t\t<\/div>\n\t\t\t\t\t<\/div>\n\t\t<\/section>\n\t\t\t\t\t<\/div>\n\t\t<\/div>\n\t\t\t\t\t<\/div>\n\t\t<\/section>\n\t\t\t\t<section class=\"elementor-section elementor-top-section elementor-element elementor-element-b658652 elementor-section-boxed elementor-section-height-default elementor-section-height-default\" data-id=\"b658652\" data-element_type=\"section\" data-e-type=\"section\">\n\t\t\t\t\t\t<div class=\"elementor-container elementor-column-gap-default\">\n\t\t\t\t\t<div class=\"elementor-column elementor-col-100 elementor-top-column elementor-element elementor-element-fa28fca\" data-id=\"fa28fca\" data-element_type=\"column\" data-e-type=\"column\">\n\t\t\t<div class=\"elementor-widget-wrap elementor-element-populated\">\n\t\t\t\t\t\t<div class=\"elementor-element elementor-element-afbc5bf elementor-widget elementor-widget-text-editor\" data-id=\"afbc5bf\" data-element_type=\"widget\" data-e-type=\"widget\" data-widget_type=\"text-editor.default\">\n\t\t\t\t\t\t\t\t\t<p style=\"font-weight: 400;\"><em>Photo\u00a0: Evangeline Shaw<\/em><\/p>\t\t\t\t\t\t\t\t<\/div>\n\t\t\t\t\t<\/div>\n\t\t<\/div>\n\t\t\t\t\t<\/div>\n\t\t<\/section>\n\t\t\t\t<\/div>\n\t\t","protected":false},"excerpt":{"rendered":"<p>Les populaires campagnes de recrutement internationales seront remises \u00e0 plat en vue de la prochaine planification pluriannuelle, fin 2026.<\/p>\n","protected":false},"author":3459,"featured_media":16663,"comment_status":"closed","ping_status":"closed","sticky":false,"template":"","format":"standard","meta":{"_acf_changed":false,"_genesis_hide_title":false,"_genesis_hide_breadcrumbs":false,"_genesis_hide_singular_image":false,"_genesis_hide_footer_widgets":false,"_genesis_custom_body_class":"","_genesis_custom_post_class":"","_genesis_layout":"","footnotes":""},"categories":[1],"tags":[],"class_list":{"0":"post-16662","1":"post","2":"type-post","3":"status-publish","4":"format-standard","5":"has-post-thumbnail","7":"category-actualites","8":"entry"},"acf":[],"yoast_head":"<!-- This site is optimized with the Yoast SEO plugin v27.5 - https:\/\/yoast.com\/product\/yoast-seo-wordpress\/ -->\n<title>Les Journ\u00e9es Qu\u00e9bec suspendues pour au moins six mois - Immigrant Qu\u00e9bec<\/title>\n<meta name=\"description\" content=\"Les populaires campagnes de recrutement internationales seront remises \u00e0 plat en vue de la prochaine planification pluriannuelle, fin 2026.\" \/>\n<meta name=\"robots\" content=\"index, follow, max-snippet:-1, max-image-preview:large, max-video-preview:-1\" \/>\n<link rel=\"canonical\" href=\"https:\/\/immigrantquebec.com\/fr\/actualites\/les-journees-quebec-suspendues-pour-au-moins-six-mois\/\" \/>\n<meta property=\"og:locale\" content=\"fr_FR\" \/>\n<meta property=\"og:type\" content=\"article\" \/>\n<meta property=\"og:title\" content=\"Les Journ\u00e9es Qu\u00e9bec suspendues pour au moins six mois - Immigrant Qu\u00e9bec\" \/>\n<meta property=\"og:description\" content=\"Les populaires campagnes de recrutement internationales seront remises \u00e0 plat en vue de la prochaine planification pluriannuelle, fin 2026.\" \/>\n<meta property=\"og:url\" content=\"https:\/\/immigrantquebec.com\/fr\/actualites\/les-journees-quebec-suspendues-pour-au-moins-six-mois\/\" \/>\n<meta property=\"og:site_name\" content=\"Immigrant Qu\u00e9bec\" \/>\n<meta property=\"article:publisher\" content=\"https:\/\/www.facebook.com\/immigrantquebec\" \/>\n<meta property=\"article:published_time\" content=\"2024-11-28T22:44:39+00:00\" \/>\n<meta property=\"article:modified_time\" content=\"2024-12-24T15:56:53+00:00\" \/>\n<meta property=\"og:image\" content=\"https:\/\/immigrantquebec.com\/fr\/wp-content\/uploads\/2024\/11\/evangeline-shaw-VLkoOabAxqw-unsplash-950.jpg\" \/>\n\t<meta property=\"og:image:width\" content=\"950\" \/>\n\t<meta property=\"og:image:height\" content=\"400\" \/>\n\t<meta property=\"og:image:type\" content=\"image\/jpeg\" \/>\n<meta name=\"author\" content=\"Basile Moratille\" \/>\n<meta name=\"twitter:label1\" content=\"\u00c9crit par\" \/>\n\t<meta name=\"twitter:data1\" content=\"Basile Moratille\" \/>\n\t<meta name=\"twitter:label2\" content=\"Dur\u00e9e de lecture estim\u00e9e\" \/>\n\t<meta name=\"twitter:data2\" content=\"2 minutes\" \/>\n<script type=\"application\/ld+json\" class=\"yoast-schema-graph\">{\"@context\":\"https:\\\/\\\/schema.org\",\"@graph\":[{\"@type\":\"Article\",\"@id\":\"https:\\\/\\\/immigrantquebec.com\\\/fr\\\/actualites\\\/les-journees-quebec-suspendues-pour-au-moins-six-mois\\\/#article\",\"isPartOf\":{\"@id\":\"https:\\\/\\\/immigrantquebec.com\\\/fr\\\/actualites\\\/les-journees-quebec-suspendues-pour-au-moins-six-mois\\\/\"},\"author\":{\"name\":\"Basile Moratille\",\"@id\":\"https:\\\/\\\/immigrantquebec.com\\\/fr\\\/#\\\/schema\\\/person\\\/eed5ca7ba2c1007e602ee9b9b87fb4b8\"},\"headline\":\"Les Journ\u00e9es Qu\u00e9bec suspendues pour au moins six mois\",\"datePublished\":\"2024-11-28T22:44:39+00:00\",\"dateModified\":\"2024-12-24T15:56:53+00:00\",\"mainEntityOfPage\":{\"@id\":\"https:\\\/\\\/immigrantquebec.com\\\/fr\\\/actualites\\\/les-journees-quebec-suspendues-pour-au-moins-six-mois\\\/\"},\"wordCount\":396,\"publisher\":{\"@id\":\"https:\\\/\\\/immigrantquebec.com\\\/fr\\\/#organization\"},\"image\":{\"@id\":\"https:\\\/\\\/immigrantquebec.com\\\/fr\\\/actualites\\\/les-journees-quebec-suspendues-pour-au-moins-six-mois\\\/#primaryimage\"},\"thumbnailUrl\":\"https:\\\/\\\/immigrantquebec.com\\\/fr\\\/wp-content\\\/uploads\\\/2024\\\/11\\\/evangeline-shaw-VLkoOabAxqw-unsplash-950.jpg\",\"articleSection\":[\"Actualit\u00e9s\"],\"inLanguage\":\"fr-FR\"},{\"@type\":\"WebPage\",\"@id\":\"https:\\\/\\\/immigrantquebec.com\\\/fr\\\/actualites\\\/les-journees-quebec-suspendues-pour-au-moins-six-mois\\\/\",\"url\":\"https:\\\/\\\/immigrantquebec.com\\\/fr\\\/actualites\\\/les-journees-quebec-suspendues-pour-au-moins-six-mois\\\/\",\"name\":\"Les Journ\u00e9es Qu\u00e9bec suspendues pour au moins six mois - Immigrant Qu\u00e9bec\",\"isPartOf\":{\"@id\":\"https:\\\/\\\/immigrantquebec.com\\\/fr\\\/#website\"},\"primaryImageOfPage\":{\"@id\":\"https:\\\/\\\/immigrantquebec.com\\\/fr\\\/actualites\\\/les-journees-quebec-suspendues-pour-au-moins-six-mois\\\/#primaryimage\"},\"image\":{\"@id\":\"https:\\\/\\\/immigrantquebec.com\\\/fr\\\/actualites\\\/les-journees-quebec-suspendues-pour-au-moins-six-mois\\\/#primaryimage\"},\"thumbnailUrl\":\"https:\\\/\\\/immigrantquebec.com\\\/fr\\\/wp-content\\\/uploads\\\/2024\\\/11\\\/evangeline-shaw-VLkoOabAxqw-unsplash-950.jpg\",\"datePublished\":\"2024-11-28T22:44:39+00:00\",\"dateModified\":\"2024-12-24T15:56:53+00:00\",\"description\":\"Les populaires campagnes de recrutement internationales seront remises \u00e0 plat en vue de la prochaine planification pluriannuelle, fin 2026.\",\"breadcrumb\":{\"@id\":\"https:\\\/\\\/immigrantquebec.com\\\/fr\\\/actualites\\\/les-journees-quebec-suspendues-pour-au-moins-six-mois\\\/#breadcrumb\"},\"inLanguage\":\"fr-FR\",\"potentialAction\":[{\"@type\":\"ReadAction\",\"target\":[\"https:\\\/\\\/immigrantquebec.com\\\/fr\\\/actualites\\\/les-journees-quebec-suspendues-pour-au-moins-six-mois\\\/\"]}]},{\"@type\":\"ImageObject\",\"inLanguage\":\"fr-FR\",\"@id\":\"https:\\\/\\\/immigrantquebec.com\\\/fr\\\/actualites\\\/les-journees-quebec-suspendues-pour-au-moins-six-mois\\\/#primaryimage\",\"url\":\"https:\\\/\\\/immigrantquebec.com\\\/fr\\\/wp-content\\\/uploads\\\/2024\\\/11\\\/evangeline-shaw-VLkoOabAxqw-unsplash-950.jpg\",\"contentUrl\":\"https:\\\/\\\/immigrantquebec.com\\\/fr\\\/wp-content\\\/uploads\\\/2024\\\/11\\\/evangeline-shaw-VLkoOabAxqw-unsplash-950.jpg\",\"width\":950,\"height\":400},{\"@type\":\"BreadcrumbList\",\"@id\":\"https:\\\/\\\/immigrantquebec.com\\\/fr\\\/actualites\\\/les-journees-quebec-suspendues-pour-au-moins-six-mois\\\/#breadcrumb\",\"itemListElement\":[{\"@type\":\"ListItem\",\"position\":1,\"name\":\"Accueil\",\"item\":\"https:\\\/\\\/immigrantquebec.com\\\/fr\\\/\"},{\"@type\":\"ListItem\",\"position\":2,\"name\":\"Actualit\u00e9s\",\"item\":\"https:\\\/\\\/immigrantquebec.com\\\/fr\\\/actualites\\\/\"},{\"@type\":\"ListItem\",\"position\":3,\"name\":\"Les Journ\u00e9es Qu\u00e9bec suspendues pour au moins six mois\"}]},{\"@type\":\"WebSite\",\"@id\":\"https:\\\/\\\/immigrantquebec.com\\\/fr\\\/#website\",\"url\":\"https:\\\/\\\/immigrantquebec.com\\\/fr\\\/\",\"name\":\"Immigrant Qu\u00e9bec\",\"description\":\"Immigrer, vivre, travailler et \u00e9tudier au Qu\u00e9bec, Canada\",\"publisher\":{\"@id\":\"https:\\\/\\\/immigrantquebec.com\\\/fr\\\/#organization\"},\"potentialAction\":[{\"@type\":\"SearchAction\",\"target\":{\"@type\":\"EntryPoint\",\"urlTemplate\":\"https:\\\/\\\/immigrantquebec.com\\\/fr\\\/?s={search_term_string}\"},\"query-input\":{\"@type\":\"PropertyValueSpecification\",\"valueRequired\":true,\"valueName\":\"search_term_string\"}}],\"inLanguage\":\"fr-FR\"},{\"@type\":\"Organization\",\"@id\":\"https:\\\/\\\/immigrantquebec.com\\\/fr\\\/#organization\",\"name\":\"Immigrant Qu\u00e9bec\",\"url\":\"https:\\\/\\\/immigrantquebec.com\\\/fr\\\/\",\"logo\":{\"@type\":\"ImageObject\",\"inLanguage\":\"fr-FR\",\"@id\":\"https:\\\/\\\/immigrantquebec.com\\\/fr\\\/#\\\/schema\\\/logo\\\/image\\\/\",\"url\":\"https:\\\/\\\/immigrantquebec.com\\\/fr\\\/wp-content\\\/uploads\\\/2024\\\/03\\\/LogoIQ-2024-RVB.png\",\"contentUrl\":\"https:\\\/\\\/immigrantquebec.com\\\/fr\\\/wp-content\\\/uploads\\\/2024\\\/03\\\/LogoIQ-2024-RVB.png\",\"width\":2500,\"height\":1137,\"caption\":\"Immigrant Qu\u00e9bec\"},\"image\":{\"@id\":\"https:\\\/\\\/immigrantquebec.com\\\/fr\\\/#\\\/schema\\\/logo\\\/image\\\/\"},\"sameAs\":[\"https:\\\/\\\/www.facebook.com\\\/immigrantquebec\",\"https:\\\/\\\/x.com\\\/ImmigrantQuebec\",\"https:\\\/\\\/www.instagram.com\\\/immigrantquebec\",\"https:\\\/\\\/www.youtube.com\\\/user\\\/ImmigrantQc\"]},{\"@type\":\"Person\",\"@id\":\"https:\\\/\\\/immigrantquebec.com\\\/fr\\\/#\\\/schema\\\/person\\\/eed5ca7ba2c1007e602ee9b9b87fb4b8\",\"name\":\"Basile Moratille\",\"image\":{\"@type\":\"ImageObject\",\"inLanguage\":\"fr-FR\",\"@id\":\"https:\\\/\\\/secure.gravatar.com\\\/avatar\\\/639aa731bb7134a1e944526697fe0549d67ab17e00987171296fb5362fc909e9?s=96&d=mm&r=g\",\"url\":\"https:\\\/\\\/secure.gravatar.com\\\/avatar\\\/639aa731bb7134a1e944526697fe0549d67ab17e00987171296fb5362fc909e9?s=96&d=mm&r=g\",\"contentUrl\":\"https:\\\/\\\/secure.gravatar.com\\\/avatar\\\/639aa731bb7134a1e944526697fe0549d67ab17e00987171296fb5362fc909e9?s=96&d=mm&r=g\",\"caption\":\"Basile Moratille\"},\"description\":\"Directeur des contenus et des publications, Immigrant Qu\u00e9bec.\",\"url\":\"https:\\\/\\\/immigrantquebec.com\\\/fr\\\/author\\\/basile-moratilleimmigrantquebec-com\\\/\"}]}<\/script>\n<!-- \/ Yoast SEO plugin. -->","yoast_head_json":{"title":"Les Journ\u00e9es Qu\u00e9bec suspendues pour au moins six mois - Immigrant Qu\u00e9bec","description":"Les populaires campagnes de recrutement internationales seront remises \u00e0 plat en vue de la prochaine planification pluriannuelle, fin 2026.","robots":{"index":"index","follow":"follow","max-snippet":"max-snippet:-1","max-image-preview":"max-image-preview:large","max-video-preview":"max-video-preview:-1"},"canonical":"https:\/\/immigrantquebec.com\/fr\/actualites\/les-journees-quebec-suspendues-pour-au-moins-six-mois\/","og_locale":"fr_FR","og_type":"article","og_title":"Les Journ\u00e9es Qu\u00e9bec suspendues pour au moins six mois - Immigrant Qu\u00e9bec","og_description":"Les populaires campagnes de recrutement internationales seront remises \u00e0 plat en vue de la prochaine planification pluriannuelle, fin 2026.","og_url":"https:\/\/immigrantquebec.com\/fr\/actualites\/les-journees-quebec-suspendues-pour-au-moins-six-mois\/","og_site_name":"Immigrant Qu\u00e9bec","article_publisher":"https:\/\/www.facebook.com\/immigrantquebec","article_published_time":"2024-11-28T22:44:39+00:00","article_modified_time":"2024-12-24T15:56:53+00:00","og_image":[{"width":950,"height":400,"url":"https:\/\/immigrantquebec.com\/fr\/wp-content\/uploads\/2024\/11\/evangeline-shaw-VLkoOabAxqw-unsplash-950.jpg","type":"image\/jpeg"}],"author":"Basile Moratille","twitter_misc":{"\u00c9crit par":"Basile Moratille","Dur\u00e9e de lecture estim\u00e9e":"2 minutes"},"schema":{"@context":"https:\/\/schema.org","@graph":[{"@type":"Article","@id":"https:\/\/immigrantquebec.com\/fr\/actualites\/les-journees-quebec-suspendues-pour-au-moins-six-mois\/#article","isPartOf":{"@id":"https:\/\/immigrantquebec.com\/fr\/actualites\/les-journees-quebec-suspendues-pour-au-moins-six-mois\/"},"author":{"name":"Basile Moratille","@id":"https:\/\/immigrantquebec.com\/fr\/#\/schema\/person\/eed5ca7ba2c1007e602ee9b9b87fb4b8"},"headline":"Les Journ\u00e9es Qu\u00e9bec suspendues pour au moins six mois","datePublished":"2024-11-28T22:44:39+00:00","dateModified":"2024-12-24T15:56:53+00:00","mainEntityOfPage":{"@id":"https:\/\/immigrantquebec.com\/fr\/actualites\/les-journees-quebec-suspendues-pour-au-moins-six-mois\/"},"wordCount":396,"publisher":{"@id":"https:\/\/immigrantquebec.com\/fr\/#organization"},"image":{"@id":"https:\/\/immigrantquebec.com\/fr\/actualites\/les-journees-quebec-suspendues-pour-au-moins-six-mois\/#primaryimage"},"thumbnailUrl":"https:\/\/immigrantquebec.com\/fr\/wp-content\/uploads\/2024\/11\/evangeline-shaw-VLkoOabAxqw-unsplash-950.jpg","articleSection":["Actualit\u00e9s"],"inLanguage":"fr-FR"},{"@type":"WebPage","@id":"https:\/\/immigrantquebec.com\/fr\/actualites\/les-journees-quebec-suspendues-pour-au-moins-six-mois\/","url":"https:\/\/immigrantquebec.com\/fr\/actualites\/les-journees-quebec-suspendues-pour-au-moins-six-mois\/","name":"Les Journ\u00e9es Qu\u00e9bec suspendues pour au moins six mois - Immigrant Qu\u00e9bec","isPartOf":{"@id":"https:\/\/immigrantquebec.com\/fr\/#website"},"primaryImageOfPage":{"@id":"https:\/\/immigrantquebec.com\/fr\/actualites\/les-journees-quebec-suspendues-pour-au-moins-six-mois\/#primaryimage"},"image":{"@id":"https:\/\/immigrantquebec.com\/fr\/actualites\/les-journees-quebec-suspendues-pour-au-moins-six-mois\/#primaryimage"},"thumbnailUrl":"https:\/\/immigrantquebec.com\/fr\/wp-content\/uploads\/2024\/11\/evangeline-shaw-VLkoOabAxqw-unsplash-950.jpg","datePublished":"2024-11-28T22:44:39+00:00","dateModified":"2024-12-24T15:56:53+00:00","description":"Les populaires campagnes de recrutement internationales seront remises \u00e0 plat en vue de la prochaine planification pluriannuelle, fin 2026.","breadcrumb":{"@id":"https:\/\/immigrantquebec.com\/fr\/actualites\/les-journees-quebec-suspendues-pour-au-moins-six-mois\/#breadcrumb"},"inLanguage":"fr-FR","potentialAction":[{"@type":"ReadAction","target":["https:\/\/immigrantquebec.com\/fr\/actualites\/les-journees-quebec-suspendues-pour-au-moins-six-mois\/"]}]},{"@type":"ImageObject","inLanguage":"fr-FR","@id":"https:\/\/immigrantquebec.com\/fr\/actualites\/les-journees-quebec-suspendues-pour-au-moins-six-mois\/#primaryimage","url":"https:\/\/immigrantquebec.com\/fr\/wp-content\/uploads\/2024\/11\/evangeline-shaw-VLkoOabAxqw-unsplash-950.jpg","contentUrl":"https:\/\/immigrantquebec.com\/fr\/wp-content\/uploads\/2024\/11\/evangeline-shaw-VLkoOabAxqw-unsplash-950.jpg","width":950,"height":400},{"@type":"BreadcrumbList","@id":"https:\/\/immigrantquebec.com\/fr\/actualites\/les-journees-quebec-suspendues-pour-au-moins-six-mois\/#breadcrumb","itemListElement":[{"@type":"ListItem","position":1,"name":"Accueil","item":"https:\/\/immigrantquebec.com\/fr\/"},{"@type":"ListItem","position":2,"name":"Actualit\u00e9s","item":"https:\/\/immigrantquebec.com\/fr\/actualites\/"},{"@type":"ListItem","position":3,"name":"Les Journ\u00e9es Qu\u00e9bec suspendues pour au moins six mois"}]},{"@type":"WebSite","@id":"https:\/\/immigrantquebec.com\/fr\/#website","url":"https:\/\/immigrantquebec.com\/fr\/","name":"Immigrant Qu\u00e9bec","description":"Immigrer, vivre, travailler et \u00e9tudier au Qu\u00e9bec, Canada","publisher":{"@id":"https:\/\/immigrantquebec.com\/fr\/#organization"},"potentialAction":[{"@type":"SearchAction","target":{"@type":"EntryPoint","urlTemplate":"https:\/\/immigrantquebec.com\/fr\/?s={search_term_string}"},"query-input":{"@type":"PropertyValueSpecification","valueRequired":true,"valueName":"search_term_string"}}],"inLanguage":"fr-FR"},{"@type":"Organization","@id":"https:\/\/immigrantquebec.com\/fr\/#organization","name":"Immigrant Qu\u00e9bec","url":"https:\/\/immigrantquebec.com\/fr\/","logo":{"@type":"ImageObject","inLanguage":"fr-FR","@id":"https:\/\/immigrantquebec.com\/fr\/#\/schema\/logo\/image\/","url":"https:\/\/immigrantquebec.com\/fr\/wp-content\/uploads\/2024\/03\/LogoIQ-2024-RVB.png","contentUrl":"https:\/\/immigrantquebec.com\/fr\/wp-content\/uploads\/2024\/03\/LogoIQ-2024-RVB.png","width":2500,"height":1137,"caption":"Immigrant Qu\u00e9bec"},"image":{"@id":"https:\/\/immigrantquebec.com\/fr\/#\/schema\/logo\/image\/"},"sameAs":["https:\/\/www.facebook.com\/immigrantquebec","https:\/\/x.com\/ImmigrantQuebec","https:\/\/www.instagram.com\/immigrantquebec","https:\/\/www.youtube.com\/user\/ImmigrantQc"]},{"@type":"Person","@id":"https:\/\/immigrantquebec.com\/fr\/#\/schema\/person\/eed5ca7ba2c1007e602ee9b9b87fb4b8","name":"Basile Moratille","image":{"@type":"ImageObject","inLanguage":"fr-FR","@id":"https:\/\/secure.gravatar.com\/avatar\/639aa731bb7134a1e944526697fe0549d67ab17e00987171296fb5362fc909e9?s=96&d=mm&r=g","url":"https:\/\/secure.gravatar.com\/avatar\/639aa731bb7134a1e944526697fe0549d67ab17e00987171296fb5362fc909e9?s=96&d=mm&r=g","contentUrl":"https:\/\/secure.gravatar.com\/avatar\/639aa731bb7134a1e944526697fe0549d67ab17e00987171296fb5362fc909e9?s=96&d=mm&r=g","caption":"Basile Moratille"},"description":"Directeur des contenus et des publications, Immigrant Qu\u00e9bec.","url":"https:\/\/immigrantquebec.com\/fr\/author\/basile-moratilleimmigrantquebec-com\/"}]}},"_links":{"self":[{"href":"https:\/\/immigrantquebec.com\/fr\/wp-json\/wp\/v2\/posts\/16662","targetHints":{"allow":["GET"]}}],"collection":[{"href":"https:\/\/immigrantquebec.com\/fr\/wp-json\/wp\/v2\/posts"}],"about":[{"href":"https:\/\/immigrantquebec.com\/fr\/wp-json\/wp\/v2\/types\/post"}],"author":[{"embeddable":true,"href":"https:\/\/immigrantquebec.com\/fr\/wp-json\/wp\/v2\/users\/3459"}],"replies":[{"embeddable":true,"href":"https:\/\/immigrantquebec.com\/fr\/wp-json\/wp\/v2\/comments?post=16662"}],"version-history":[{"count":0,"href":"https:\/\/immigrantquebec.com\/fr\/wp-json\/wp\/v2\/posts\/16662\/revisions"}],"wp:featuredmedia":[{"embeddable":true,"href":"https:\/\/immigrantquebec.com\/fr\/wp-json\/wp\/v2\/media\/16663"}],"wp:attachment":[{"href":"https:\/\/immigrantquebec.com\/fr\/wp-json\/wp\/v2\/media?parent=16662"}],"wp:term":[{"taxonomy":"category","embeddable":true,"href":"https:\/\/immigrantquebec.com\/fr\/wp-json\/wp\/v2\/categories?post=16662"},{"taxonomy":"post_tag","embeddable":true,"href":"https:\/\/immigrantquebec.com\/fr\/wp-json\/wp\/v2\/tags?post=16662"}],"curies":[{"name":"wp","href":"https:\/\/api.w.org\/{rel}","templated":true}]}}