{"id":16837,"date":"2024-12-24T10:34:19","date_gmt":"2024-12-24T15:34:19","guid":{"rendered":"https:\/\/immigrantquebec.com\/fr\/?p=16837"},"modified":"2024-12-20T16:10:33","modified_gmt":"2024-12-20T21:10:33","slug":"terroir-6-aliments-quebecois-a-re-decouvrir-pour-les-fetes","status":"publish","type":"post","link":"https:\/\/immigrantquebec.com\/fr\/conseils-d-experts\/terroir-6-aliments-quebecois-a-re-decouvrir-pour-les-fetes\/","title":{"rendered":"Terroir : 6 aliments qu\u00e9b\u00e9cois \u00e0 (re) d\u00e9couvrir pour les f\u00eates"},"content":{"rendered":"\t\t<div data-elementor-type=\"wp-post\" data-elementor-id=\"16837\" class=\"elementor elementor-16837\" data-elementor-post-type=\"post\">\n\t\t\t\t\t\t<section class=\"elementor-section elementor-top-section elementor-element elementor-element-5e8849e elementor-section-boxed elementor-section-height-default elementor-section-height-default\" data-id=\"5e8849e\" data-element_type=\"section\" data-e-type=\"section\">\n\t\t\t\t\t\t<div class=\"elementor-container elementor-column-gap-default\">\n\t\t\t\t\t<div class=\"elementor-column elementor-col-100 elementor-top-column elementor-element elementor-element-d90ede1\" data-id=\"d90ede1\" data-element_type=\"column\" data-e-type=\"column\">\n\t\t\t<div class=\"elementor-widget-wrap elementor-element-populated\">\n\t\t\t\t\t\t<div class=\"elementor-element elementor-element-743fc6c elementor-widget elementor-widget-text-editor\" data-id=\"743fc6c\" data-element_type=\"widget\" data-e-type=\"widget\" data-widget_type=\"text-editor.default\">\n\t\t\t\t\t\t\t\t\t<div><i><span lang=\"fr\">Si on conna\u00eet surtout son sirop d\u2019\u00e9rable, le Qu\u00e9bec offre de nombreux autres d\u00e9licieux produits. Voici donc quelques plantes et fruits d\u2019ici pour ajouter une touche bor\u00e9ale \u00e0 votre cuisine.<\/span><\/i><\/div>\t\t\t\t\t\t\t\t<\/div>\n\t\t\t\t\t<\/div>\n\t\t<\/div>\n\t\t\t\t\t<\/div>\n\t\t<\/section>\n\t\t\t\t<section class=\"elementor-section elementor-top-section elementor-element elementor-element-1fd2ec5 elementor-section-boxed elementor-section-height-default elementor-section-height-default\" data-id=\"1fd2ec5\" data-element_type=\"section\" data-e-type=\"section\">\n\t\t\t\t\t\t<div class=\"elementor-container elementor-column-gap-default\">\n\t\t\t\t\t<div class=\"elementor-column elementor-col-100 elementor-top-column elementor-element elementor-element-ca852b1\" data-id=\"ca852b1\" data-element_type=\"column\" data-e-type=\"column\">\n\t\t\t<div class=\"elementor-widget-wrap elementor-element-populated\">\n\t\t\t\t\t\t<div class=\"elementor-element elementor-element-493e5ca elementor-widget elementor-widget-text-editor\" data-id=\"493e5ca\" data-element_type=\"widget\" data-e-type=\"widget\" data-widget_type=\"text-editor.default\">\n\t\t\t\t\t\t\t\t\t<h2><strong>Le th\u00e9 du Labrador<\/strong><\/h2>\t\t\t\t\t\t\t\t<\/div>\n\t\t\t\t\t<\/div>\n\t\t<\/div>\n\t\t\t\t\t<\/div>\n\t\t<\/section>\n\t\t\t\t<section class=\"elementor-section elementor-top-section elementor-element elementor-element-afef59a elementor-section-boxed elementor-section-height-default elementor-section-height-default\" data-id=\"afef59a\" data-element_type=\"section\" data-e-type=\"section\">\n\t\t\t\t\t\t<div class=\"elementor-container elementor-column-gap-default\">\n\t\t\t\t\t<div class=\"elementor-column elementor-col-100 elementor-top-column elementor-element elementor-element-c922988\" data-id=\"c922988\" data-element_type=\"column\" data-e-type=\"column\">\n\t\t\t<div class=\"elementor-widget-wrap elementor-element-populated\">\n\t\t\t\t\t\t<section class=\"elementor-section elementor-inner-section elementor-element elementor-element-8114d1b elementor-section-boxed elementor-section-height-default elementor-section-height-default\" data-id=\"8114d1b\" data-element_type=\"section\" data-e-type=\"section\">\n\t\t\t\t\t\t<div class=\"elementor-container elementor-column-gap-default\">\n\t\t\t\t\t<div class=\"elementor-column elementor-col-50 elementor-inner-column elementor-element elementor-element-f50c3e9\" data-id=\"f50c3e9\" data-element_type=\"column\" data-e-type=\"column\">\n\t\t\t<div class=\"elementor-widget-wrap elementor-element-populated\">\n\t\t\t\t\t\t<div class=\"elementor-element elementor-element-1e30d4d elementor-widget elementor-widget-image\" data-id=\"1e30d4d\" data-element_type=\"widget\" data-e-type=\"widget\" data-widget_type=\"image.default\">\n\t\t\t\t\t\t\t\t\t\t\t\t\t\t\t<img fetchpriority=\"high\" decoding=\"async\" width=\"702\" height=\"702\" src=\"https:\/\/immigrantquebec.com\/fr\/wp-content\/uploads\/2024\/12\/sebastien-marchand-44uN6OnLroM-unsplash-the-du-labrador.jpg\" class=\"attachment-large size-large wp-image-16839\" alt=\"\" srcset=\"https:\/\/immigrantquebec.com\/fr\/wp-content\/uploads\/2024\/12\/sebastien-marchand-44uN6OnLroM-unsplash-the-du-labrador.jpg 1000w, https:\/\/immigrantquebec.com\/fr\/wp-content\/uploads\/2024\/12\/sebastien-marchand-44uN6OnLroM-unsplash-the-du-labrador-200x200.jpg 200w, https:\/\/immigrantquebec.com\/fr\/wp-content\/uploads\/2024\/12\/sebastien-marchand-44uN6OnLroM-unsplash-the-du-labrador-768x768.jpg 768w, https:\/\/immigrantquebec.com\/fr\/wp-content\/uploads\/2024\/12\/sebastien-marchand-44uN6OnLroM-unsplash-the-du-labrador-120x120.jpg 120w, https:\/\/immigrantquebec.com\/fr\/wp-content\/uploads\/2024\/12\/sebastien-marchand-44uN6OnLroM-unsplash-the-du-labrador-24x24.jpg 24w, https:\/\/immigrantquebec.com\/fr\/wp-content\/uploads\/2024\/12\/sebastien-marchand-44uN6OnLroM-unsplash-the-du-labrador-48x48.jpg 48w, https:\/\/immigrantquebec.com\/fr\/wp-content\/uploads\/2024\/12\/sebastien-marchand-44uN6OnLroM-unsplash-the-du-labrador-96x96.jpg 96w, https:\/\/immigrantquebec.com\/fr\/wp-content\/uploads\/2024\/12\/sebastien-marchand-44uN6OnLroM-unsplash-the-du-labrador-150x150.jpg 150w, https:\/\/immigrantquebec.com\/fr\/wp-content\/uploads\/2024\/12\/sebastien-marchand-44uN6OnLroM-unsplash-the-du-labrador-300x300.jpg 300w, https:\/\/immigrantquebec.com\/fr\/wp-content\/uploads\/2024\/12\/sebastien-marchand-44uN6OnLroM-unsplash-the-du-labrador-350x350.jpg 350w\" sizes=\"(max-width: 702px) 100vw, 702px\" \/>\t\t\t\t\t\t\t\t\t\t\t\t\t\t\t<\/div>\n\t\t\t\t\t<\/div>\n\t\t<\/div>\n\t\t\t\t<div class=\"elementor-column elementor-col-50 elementor-inner-column elementor-element elementor-element-ed10129\" data-id=\"ed10129\" data-element_type=\"column\" data-e-type=\"column\">\n\t\t\t<div class=\"elementor-widget-wrap elementor-element-populated\">\n\t\t\t\t\t\t<div class=\"elementor-element elementor-element-89d5d5c elementor-widget elementor-widget-text-editor\" data-id=\"89d5d5c\" data-element_type=\"widget\" data-e-type=\"widget\" data-widget_type=\"text-editor.default\">\n\t\t\t\t\t\t\t\t\t<div><span lang=\"fr\">Cette plante indig\u00e8ne aussi appel\u00e9e \u00ab\u2009bois de savane\u2009\u00bb n\u2019a de th\u00e9 que le nom, car elle ne contient pas de th\u00e9ine. Consomm\u00e9 principalement en tisane, le th\u00e9 du Labrador a un go\u00fbt tr\u00e8s l\u00e9ger et d\u00e9licat. Encore peu connu jusqu\u2019\u00e0 il y a une dizaine d\u2019ann\u00e9es, il s\u2019est fait une place dans les cuisines et de plus en plus de chefs l\u2019utilisent dans leurs recettes : en huile ou en bouillon, pour y pocher un poisson,<\/span><\/div><div><\/div>\t\t\t\t\t\t\t\t<\/div>\n\t\t\t\t\t<\/div>\n\t\t<\/div>\n\t\t\t\t\t<\/div>\n\t\t<\/section>\n\t\t\t\t\t<\/div>\n\t\t<\/div>\n\t\t\t\t\t<\/div>\n\t\t<\/section>\n\t\t\t\t<section class=\"elementor-section elementor-top-section elementor-element elementor-element-66dea16 elementor-section-boxed elementor-section-height-default elementor-section-height-default\" data-id=\"66dea16\" data-element_type=\"section\" data-e-type=\"section\">\n\t\t\t\t\t\t<div class=\"elementor-container elementor-column-gap-default\">\n\t\t\t\t\t<div class=\"elementor-column elementor-col-100 elementor-top-column elementor-element elementor-element-6c014cd\" data-id=\"6c014cd\" data-element_type=\"column\" data-e-type=\"column\">\n\t\t\t<div class=\"elementor-widget-wrap elementor-element-populated\">\n\t\t\t\t\t\t<div class=\"elementor-element elementor-element-c985e7b elementor-widget elementor-widget-text-editor\" data-id=\"c985e7b\" data-element_type=\"widget\" data-e-type=\"widget\" data-widget_type=\"text-editor.default\">\n\t\t\t\t\t\t\t\t\t<p><span lang=\"fr\">en mac\u00e9ration dans un <i>punch<\/i> aux fruits, dans une soupe ou encore comme assaisonnement. Enfin, ses propri\u00e9t\u00e9s digestives en font un breuvage id\u00e9al de fin de repas. \u00c0 bon entendeur\u2026<\/span><\/p>\t\t\t\t\t\t\t\t<\/div>\n\t\t\t\t\t<\/div>\n\t\t<\/div>\n\t\t\t\t\t<\/div>\n\t\t<\/section>\n\t\t\t\t<section class=\"elementor-section elementor-top-section elementor-element elementor-element-d2605c6 elementor-section-boxed elementor-section-height-default elementor-section-height-default\" data-id=\"d2605c6\" data-element_type=\"section\" data-e-type=\"section\">\n\t\t\t\t\t\t<div class=\"elementor-container elementor-column-gap-default\">\n\t\t\t\t\t<div class=\"elementor-column elementor-col-100 elementor-top-column elementor-element elementor-element-a31a380\" data-id=\"a31a380\" data-element_type=\"column\" data-e-type=\"column\">\n\t\t\t<div class=\"elementor-widget-wrap elementor-element-populated\">\n\t\t\t\t\t\t<div class=\"elementor-element elementor-element-c396d24 elementor-widget elementor-widget-text-editor\" data-id=\"c396d24\" data-element_type=\"widget\" data-e-type=\"widget\" data-widget_type=\"text-editor.default\">\n\t\t\t\t\t\t\t\t\t<h2><b><span lang=\"fr\">L\u2019argouse<\/span><\/b><\/h2>\t\t\t\t\t\t\t\t<\/div>\n\t\t\t\t\t<\/div>\n\t\t<\/div>\n\t\t\t\t\t<\/div>\n\t\t<\/section>\n\t\t\t\t<section class=\"elementor-section elementor-top-section elementor-element elementor-element-e05d21f elementor-section-boxed elementor-section-height-default elementor-section-height-default\" data-id=\"e05d21f\" data-element_type=\"section\" data-e-type=\"section\">\n\t\t\t\t\t\t<div class=\"elementor-container elementor-column-gap-default\">\n\t\t\t\t\t<div class=\"elementor-column elementor-col-100 elementor-top-column elementor-element elementor-element-b3cbf4e\" data-id=\"b3cbf4e\" data-element_type=\"column\" data-e-type=\"column\">\n\t\t\t<div class=\"elementor-widget-wrap elementor-element-populated\">\n\t\t\t\t\t\t<section class=\"elementor-section elementor-inner-section elementor-element elementor-element-b8a0f68 elementor-section-boxed elementor-section-height-default elementor-section-height-default\" data-id=\"b8a0f68\" data-element_type=\"section\" data-e-type=\"section\">\n\t\t\t\t\t\t<div class=\"elementor-container elementor-column-gap-default\">\n\t\t\t\t\t<div class=\"elementor-column elementor-col-50 elementor-inner-column elementor-element elementor-element-467efd2\" data-id=\"467efd2\" data-element_type=\"column\" data-e-type=\"column\">\n\t\t\t<div class=\"elementor-widget-wrap elementor-element-populated\">\n\t\t\t\t\t\t<div class=\"elementor-element elementor-element-7cfe292 elementor-widget elementor-widget-text-editor\" data-id=\"7cfe292\" data-element_type=\"widget\" data-e-type=\"widget\" data-widget_type=\"text-editor.default\">\n\t\t\t\t\t\t\t\t\t<p><span lang=\"fr\"><span lang=\"fr\">Il s\u2019agit du fruit de l\u2019argousier, un arbuste assez r\u00e9sistant aux temp\u00e9ratures extr\u00eames et de plus en plus cultiv\u00e9 au Qu\u00e9bec. Ces petites baies oblongues et orang\u00e9es, au go\u00fbt acidul\u00e9 et s\u00fbr, se r\u00e9coltent au mois d\u2019ao\u00fbt. Elles sont ensuite utilis\u00e9es pour faire des jus, smoothies, sorbets, tisanes, confitures, gel\u00e9es ou encore huiles.<\/span><\/span><\/p>\t\t\t\t\t\t\t\t<\/div>\n\t\t\t\t\t<\/div>\n\t\t<\/div>\n\t\t\t\t<div class=\"elementor-column elementor-col-50 elementor-inner-column elementor-element elementor-element-e468920\" data-id=\"e468920\" data-element_type=\"column\" data-e-type=\"column\">\n\t\t\t<div class=\"elementor-widget-wrap elementor-element-populated\">\n\t\t\t\t\t\t<div class=\"elementor-element elementor-element-61f22ce elementor-widget__width-initial elementor-widget elementor-widget-image\" data-id=\"61f22ce\" data-element_type=\"widget\" data-e-type=\"widget\" data-widget_type=\"image.default\">\n\t\t\t\t\t\t\t\t\t\t\t\t\t\t\t<img decoding=\"async\" width=\"702\" height=\"702\" src=\"https:\/\/immigrantquebec.com\/fr\/wp-content\/uploads\/2024\/12\/markus-spiske-NlwB18KqL90-unsplash-argouse.jpg\" class=\"attachment-large size-large wp-image-16840\" alt=\"\" srcset=\"https:\/\/immigrantquebec.com\/fr\/wp-content\/uploads\/2024\/12\/markus-spiske-NlwB18KqL90-unsplash-argouse.jpg 1000w, https:\/\/immigrantquebec.com\/fr\/wp-content\/uploads\/2024\/12\/markus-spiske-NlwB18KqL90-unsplash-argouse-200x200.jpg 200w, https:\/\/immigrantquebec.com\/fr\/wp-content\/uploads\/2024\/12\/markus-spiske-NlwB18KqL90-unsplash-argouse-768x768.jpg 768w, https:\/\/immigrantquebec.com\/fr\/wp-content\/uploads\/2024\/12\/markus-spiske-NlwB18KqL90-unsplash-argouse-120x120.jpg 120w, https:\/\/immigrantquebec.com\/fr\/wp-content\/uploads\/2024\/12\/markus-spiske-NlwB18KqL90-unsplash-argouse-24x24.jpg 24w, https:\/\/immigrantquebec.com\/fr\/wp-content\/uploads\/2024\/12\/markus-spiske-NlwB18KqL90-unsplash-argouse-48x48.jpg 48w, https:\/\/immigrantquebec.com\/fr\/wp-content\/uploads\/2024\/12\/markus-spiske-NlwB18KqL90-unsplash-argouse-96x96.jpg 96w, https:\/\/immigrantquebec.com\/fr\/wp-content\/uploads\/2024\/12\/markus-spiske-NlwB18KqL90-unsplash-argouse-150x150.jpg 150w, https:\/\/immigrantquebec.com\/fr\/wp-content\/uploads\/2024\/12\/markus-spiske-NlwB18KqL90-unsplash-argouse-300x300.jpg 300w, https:\/\/immigrantquebec.com\/fr\/wp-content\/uploads\/2024\/12\/markus-spiske-NlwB18KqL90-unsplash-argouse-350x350.jpg 350w\" sizes=\"(max-width: 702px) 100vw, 702px\" \/>\t\t\t\t\t\t\t\t\t\t\t\t\t\t\t<\/div>\n\t\t\t\t\t<\/div>\n\t\t<\/div>\n\t\t\t\t\t<\/div>\n\t\t<\/section>\n\t\t\t\t\t<\/div>\n\t\t<\/div>\n\t\t\t\t\t<\/div>\n\t\t<\/section>\n\t\t\t\t<section class=\"elementor-section elementor-top-section elementor-element elementor-element-5a8dc4a elementor-section-boxed elementor-section-height-default elementor-section-height-default\" data-id=\"5a8dc4a\" data-element_type=\"section\" data-e-type=\"section\">\n\t\t\t\t\t\t<div class=\"elementor-container elementor-column-gap-default\">\n\t\t\t\t\t<div class=\"elementor-column elementor-col-100 elementor-top-column elementor-element elementor-element-269177f\" data-id=\"269177f\" data-element_type=\"column\" data-e-type=\"column\">\n\t\t\t<div class=\"elementor-widget-wrap elementor-element-populated\">\n\t\t\t\t\t\t<div class=\"elementor-element elementor-element-089fdb3 elementor-widget elementor-widget-text-editor\" data-id=\"089fdb3\" data-element_type=\"widget\" data-e-type=\"widget\" data-widget_type=\"text-editor.default\">\n\t\t\t\t\t\t\t\t\t<div><span lang=\"fr\">L\u2019argouse pourrait bien devenir notre nouvelle source de pr\u00e9dilection pour la vitamine C : tr\u00e8s riche en antioxydants, la baie est 30 fois plus concentr\u00e9e en vitamine C que l\u2019orange. Une vraie capsule d\u2019\u00e9nergie.<\/span><\/div>\t\t\t\t\t\t\t\t<\/div>\n\t\t\t\t\t<\/div>\n\t\t<\/div>\n\t\t\t\t\t<\/div>\n\t\t<\/section>\n\t\t\t\t<section class=\"elementor-section elementor-top-section elementor-element elementor-element-dcfa3ca elementor-section-boxed elementor-section-height-default elementor-section-height-default\" data-id=\"dcfa3ca\" data-element_type=\"section\" data-e-type=\"section\">\n\t\t\t\t\t\t<div class=\"elementor-container elementor-column-gap-default\">\n\t\t\t\t\t<div class=\"elementor-column elementor-col-100 elementor-top-column elementor-element elementor-element-9662839\" data-id=\"9662839\" data-element_type=\"column\" data-e-type=\"column\">\n\t\t\t<div class=\"elementor-widget-wrap elementor-element-populated\">\n\t\t\t\t\t\t<div class=\"elementor-element elementor-element-6ca2464 elementor-widget elementor-widget-text-editor\" data-id=\"6ca2464\" data-element_type=\"widget\" data-e-type=\"widget\" data-widget_type=\"text-editor.default\">\n\t\t\t\t\t\t\t\t\t<h2><b><span lang=\"fr\">Le m\u00e9lilot<\/span><\/b><\/h2>\t\t\t\t\t\t\t\t<\/div>\n\t\t\t\t\t<\/div>\n\t\t<\/div>\n\t\t\t\t\t<\/div>\n\t\t<\/section>\n\t\t\t\t<section class=\"elementor-section elementor-top-section elementor-element elementor-element-d1bf5d5 elementor-section-boxed elementor-section-height-default elementor-section-height-default\" data-id=\"d1bf5d5\" data-element_type=\"section\" data-e-type=\"section\">\n\t\t\t\t\t\t<div class=\"elementor-container elementor-column-gap-default\">\n\t\t\t\t\t<div class=\"elementor-column elementor-col-100 elementor-top-column elementor-element elementor-element-a6dc007\" data-id=\"a6dc007\" data-element_type=\"column\" data-e-type=\"column\">\n\t\t\t<div class=\"elementor-widget-wrap elementor-element-populated\">\n\t\t\t\t\t\t<section class=\"elementor-section elementor-inner-section elementor-element elementor-element-aa6a8ac elementor-section-boxed elementor-section-height-default elementor-section-height-default\" data-id=\"aa6a8ac\" data-element_type=\"section\" data-e-type=\"section\">\n\t\t\t\t\t\t<div class=\"elementor-container elementor-column-gap-default\">\n\t\t\t\t\t<div class=\"elementor-column elementor-col-50 elementor-inner-column elementor-element elementor-element-1f3fd70\" data-id=\"1f3fd70\" data-element_type=\"column\" data-e-type=\"column\">\n\t\t\t<div class=\"elementor-widget-wrap elementor-element-populated\">\n\t\t\t\t\t\t<div class=\"elementor-element elementor-element-efebc6a elementor-widget elementor-widget-image\" data-id=\"efebc6a\" data-element_type=\"widget\" data-e-type=\"widget\" data-widget_type=\"image.default\">\n\t\t\t\t\t\t\t\t\t\t\t\t\t\t\t<img decoding=\"async\" width=\"702\" height=\"702\" src=\"https:\/\/immigrantquebec.com\/fr\/wp-content\/uploads\/2024\/12\/lucasvphotos-4ThZFHUhCKE-unsplash-melilot.jpg\" class=\"attachment-large size-large wp-image-16841\" alt=\"\" srcset=\"https:\/\/immigrantquebec.com\/fr\/wp-content\/uploads\/2024\/12\/lucasvphotos-4ThZFHUhCKE-unsplash-melilot.jpg 1000w, https:\/\/immigrantquebec.com\/fr\/wp-content\/uploads\/2024\/12\/lucasvphotos-4ThZFHUhCKE-unsplash-melilot-200x200.jpg 200w, https:\/\/immigrantquebec.com\/fr\/wp-content\/uploads\/2024\/12\/lucasvphotos-4ThZFHUhCKE-unsplash-melilot-768x768.jpg 768w, https:\/\/immigrantquebec.com\/fr\/wp-content\/uploads\/2024\/12\/lucasvphotos-4ThZFHUhCKE-unsplash-melilot-120x120.jpg 120w, https:\/\/immigrantquebec.com\/fr\/wp-content\/uploads\/2024\/12\/lucasvphotos-4ThZFHUhCKE-unsplash-melilot-24x24.jpg 24w, https:\/\/immigrantquebec.com\/fr\/wp-content\/uploads\/2024\/12\/lucasvphotos-4ThZFHUhCKE-unsplash-melilot-48x48.jpg 48w, https:\/\/immigrantquebec.com\/fr\/wp-content\/uploads\/2024\/12\/lucasvphotos-4ThZFHUhCKE-unsplash-melilot-96x96.jpg 96w, https:\/\/immigrantquebec.com\/fr\/wp-content\/uploads\/2024\/12\/lucasvphotos-4ThZFHUhCKE-unsplash-melilot-150x150.jpg 150w, https:\/\/immigrantquebec.com\/fr\/wp-content\/uploads\/2024\/12\/lucasvphotos-4ThZFHUhCKE-unsplash-melilot-300x300.jpg 300w, https:\/\/immigrantquebec.com\/fr\/wp-content\/uploads\/2024\/12\/lucasvphotos-4ThZFHUhCKE-unsplash-melilot-350x350.jpg 350w\" sizes=\"(max-width: 702px) 100vw, 702px\" \/>\t\t\t\t\t\t\t\t\t\t\t\t\t\t\t<\/div>\n\t\t\t\t\t<\/div>\n\t\t<\/div>\n\t\t\t\t<div class=\"elementor-column elementor-col-50 elementor-inner-column elementor-element elementor-element-ff5185c\" data-id=\"ff5185c\" data-element_type=\"column\" data-e-type=\"column\">\n\t\t\t<div class=\"elementor-widget-wrap elementor-element-populated\">\n\t\t\t\t\t\t<div class=\"elementor-element elementor-element-0fe1cf2 elementor-widget elementor-widget-text-editor\" data-id=\"0fe1cf2\" data-element_type=\"widget\" data-e-type=\"widget\" data-widget_type=\"text-editor.default\">\n\t\t\t\t\t\t\t\t\t<div><span lang=\"fr\">On l\u2019appelle \u00ab\u2009vanille bor\u00e9ale\u2009\u00bb\u00a0: cette plante qu\u2019on trouve au bord des chemins a en effet des saveurs de vanille et d\u2019amande, qui rappellent la f\u00e8ve tonka. C\u2019est surtout lorsqu\u2019elle est s\u00e9ch\u00e9e que ses ar\u00f4mes se lib\u00e8rent. On l\u2019utilise sous forme de poudre ou d\u2019essence liquide pour remplacer la vanille dans les desserts ou les cocktails, ou pour ajouter une touche locale aux recettes. <\/span><\/div>\t\t\t\t\t\t\t\t<\/div>\n\t\t\t\t\t<\/div>\n\t\t<\/div>\n\t\t\t\t\t<\/div>\n\t\t<\/section>\n\t\t\t\t\t<\/div>\n\t\t<\/div>\n\t\t\t\t\t<\/div>\n\t\t<\/section>\n\t\t\t\t<section class=\"elementor-section elementor-top-section elementor-element elementor-element-b00774b elementor-section-boxed elementor-section-height-default elementor-section-height-default\" data-id=\"b00774b\" data-element_type=\"section\" data-e-type=\"section\">\n\t\t\t\t\t\t<div class=\"elementor-container elementor-column-gap-default\">\n\t\t\t\t\t<div class=\"elementor-column elementor-col-100 elementor-top-column elementor-element elementor-element-e0954d9\" data-id=\"e0954d9\" data-element_type=\"column\" data-e-type=\"column\">\n\t\t\t<div class=\"elementor-widget-wrap elementor-element-populated\">\n\t\t\t\t\t\t<div class=\"elementor-element elementor-element-fa209a1 elementor-widget elementor-widget-text-editor\" data-id=\"fa209a1\" data-element_type=\"widget\" data-e-type=\"widget\" data-widget_type=\"text-editor.default\">\n\t\t\t\t\t\t\t\t\t<div><span lang=\"fr\">Ses ar\u00f4mes s\u2019associent bien aux desserts laitiers (g\u00e2teau au fromage), aux fruits (framboise, poire), aux desserts au chocolat ou au sirop d\u2019\u00e9rable, mais \u00e9galement \u00e0 certains fruits de mer (noix de Saint-Jacques, p\u00e9toncle ou homard).<\/span><\/div>\t\t\t\t\t\t\t\t<\/div>\n\t\t\t\t\t<\/div>\n\t\t<\/div>\n\t\t\t\t\t<\/div>\n\t\t<\/section>\n\t\t\t\t<section class=\"elementor-section elementor-top-section elementor-element elementor-element-eea3131 elementor-section-boxed elementor-section-height-default elementor-section-height-default\" data-id=\"eea3131\" data-element_type=\"section\" data-e-type=\"section\">\n\t\t\t\t\t\t<div class=\"elementor-container elementor-column-gap-default\">\n\t\t\t\t\t<div class=\"elementor-column elementor-col-100 elementor-top-column elementor-element elementor-element-336b041\" data-id=\"336b041\" data-element_type=\"column\" data-e-type=\"column\">\n\t\t\t<div class=\"elementor-widget-wrap elementor-element-populated\">\n\t\t\t\t\t\t<div class=\"elementor-element elementor-element-a047aeb elementor-widget elementor-widget-text-editor\" data-id=\"a047aeb\" data-element_type=\"widget\" data-e-type=\"widget\" data-widget_type=\"text-editor.default\">\n\t\t\t\t\t\t\t\t\t<h2 style=\"font-weight: 400;\"><strong><span>La gourgane<\/span><\/strong><\/h2>\t\t\t\t\t\t\t\t<\/div>\n\t\t\t\t\t<\/div>\n\t\t<\/div>\n\t\t\t\t\t<\/div>\n\t\t<\/section>\n\t\t\t\t<section class=\"elementor-section elementor-top-section elementor-element elementor-element-9fd5205 elementor-section-boxed elementor-section-height-default elementor-section-height-default\" data-id=\"9fd5205\" data-element_type=\"section\" data-e-type=\"section\">\n\t\t\t\t\t\t<div class=\"elementor-container elementor-column-gap-default\">\n\t\t\t\t\t<div class=\"elementor-column elementor-col-100 elementor-top-column elementor-element elementor-element-40819dd\" data-id=\"40819dd\" data-element_type=\"column\" data-e-type=\"column\">\n\t\t\t<div class=\"elementor-widget-wrap elementor-element-populated\">\n\t\t\t\t\t\t<section class=\"elementor-section elementor-inner-section elementor-element elementor-element-a81c1a1 elementor-section-boxed elementor-section-height-default elementor-section-height-default\" data-id=\"a81c1a1\" data-element_type=\"section\" data-e-type=\"section\">\n\t\t\t\t\t\t<div class=\"elementor-container elementor-column-gap-default\">\n\t\t\t\t\t<div class=\"elementor-column elementor-col-50 elementor-inner-column elementor-element elementor-element-98f76ee\" data-id=\"98f76ee\" data-element_type=\"column\" data-e-type=\"column\">\n\t\t\t<div class=\"elementor-widget-wrap elementor-element-populated\">\n\t\t\t\t\t\t<div class=\"elementor-element elementor-element-cee7b7b elementor-widget elementor-widget-text-editor\" data-id=\"cee7b7b\" data-element_type=\"widget\" data-e-type=\"widget\" data-widget_type=\"text-editor.default\">\n\t\t\t\t\t\t\t\t\t<div><span lang=\"fr\">Longtemps boud\u00e9e au profit du haricot ou de la pomme de terre, cette l\u00e9gumineuse revient tranquillement dans les assiettes \u2014 un festival de la gourgane a d\u2019ailleurs lieu depuis 1974 au Lac-Saint-Jean. C\u2019est qu\u2019elle a plein d\u2019atouts : elle est tr\u00e8s nourrissante et riche en prot\u00e9ines, et sa farine ne contient pas de gluten \u2014 id\u00e9ale pour les personnes c\u0153liaques.<\/span><\/div>\t\t\t\t\t\t\t\t<\/div>\n\t\t\t\t\t<\/div>\n\t\t<\/div>\n\t\t\t\t<div class=\"elementor-column elementor-col-50 elementor-inner-column elementor-element elementor-element-d3d1054\" data-id=\"d3d1054\" data-element_type=\"column\" data-e-type=\"column\">\n\t\t\t<div class=\"elementor-widget-wrap elementor-element-populated\">\n\t\t\t\t\t\t<div class=\"elementor-element elementor-element-9e7a6ac elementor-widget elementor-widget-image\" data-id=\"9e7a6ac\" data-element_type=\"widget\" data-e-type=\"widget\" data-widget_type=\"image.default\">\n\t\t\t\t\t\t\t\t\t\t\t\t\t\t\t<img loading=\"lazy\" decoding=\"async\" width=\"702\" height=\"702\" src=\"https:\/\/immigrantquebec.com\/fr\/wp-content\/uploads\/2024\/12\/nataliya-melnychuk-opPmm5A3yNc-unsplash-gourgane.jpg\" class=\"attachment-large size-large wp-image-16842\" alt=\"\" srcset=\"https:\/\/immigrantquebec.com\/fr\/wp-content\/uploads\/2024\/12\/nataliya-melnychuk-opPmm5A3yNc-unsplash-gourgane.jpg 1000w, https:\/\/immigrantquebec.com\/fr\/wp-content\/uploads\/2024\/12\/nataliya-melnychuk-opPmm5A3yNc-unsplash-gourgane-200x200.jpg 200w, https:\/\/immigrantquebec.com\/fr\/wp-content\/uploads\/2024\/12\/nataliya-melnychuk-opPmm5A3yNc-unsplash-gourgane-768x768.jpg 768w, https:\/\/immigrantquebec.com\/fr\/wp-content\/uploads\/2024\/12\/nataliya-melnychuk-opPmm5A3yNc-unsplash-gourgane-120x120.jpg 120w, https:\/\/immigrantquebec.com\/fr\/wp-content\/uploads\/2024\/12\/nataliya-melnychuk-opPmm5A3yNc-unsplash-gourgane-24x24.jpg 24w, https:\/\/immigrantquebec.com\/fr\/wp-content\/uploads\/2024\/12\/nataliya-melnychuk-opPmm5A3yNc-unsplash-gourgane-48x48.jpg 48w, https:\/\/immigrantquebec.com\/fr\/wp-content\/uploads\/2024\/12\/nataliya-melnychuk-opPmm5A3yNc-unsplash-gourgane-96x96.jpg 96w, https:\/\/immigrantquebec.com\/fr\/wp-content\/uploads\/2024\/12\/nataliya-melnychuk-opPmm5A3yNc-unsplash-gourgane-150x150.jpg 150w, https:\/\/immigrantquebec.com\/fr\/wp-content\/uploads\/2024\/12\/nataliya-melnychuk-opPmm5A3yNc-unsplash-gourgane-300x300.jpg 300w, https:\/\/immigrantquebec.com\/fr\/wp-content\/uploads\/2024\/12\/nataliya-melnychuk-opPmm5A3yNc-unsplash-gourgane-350x350.jpg 350w\" sizes=\"(max-width: 702px) 100vw, 702px\" \/>\t\t\t\t\t\t\t\t\t\t\t\t\t\t\t<\/div>\n\t\t\t\t\t<\/div>\n\t\t<\/div>\n\t\t\t\t\t<\/div>\n\t\t<\/section>\n\t\t\t\t\t<\/div>\n\t\t<\/div>\n\t\t\t\t\t<\/div>\n\t\t<\/section>\n\t\t\t\t<section class=\"elementor-section elementor-top-section elementor-element elementor-element-bc2b1b8 elementor-section-boxed elementor-section-height-default elementor-section-height-default\" data-id=\"bc2b1b8\" data-element_type=\"section\" data-e-type=\"section\">\n\t\t\t\t\t\t<div class=\"elementor-container elementor-column-gap-default\">\n\t\t\t\t\t<div class=\"elementor-column elementor-col-100 elementor-top-column elementor-element elementor-element-da79175\" data-id=\"da79175\" data-element_type=\"column\" data-e-type=\"column\">\n\t\t\t<div class=\"elementor-widget-wrap elementor-element-populated\">\n\t\t\t\t\t\t<div class=\"elementor-element elementor-element-663eb8a elementor-widget elementor-widget-text-editor\" data-id=\"663eb8a\" data-element_type=\"widget\" data-e-type=\"widget\" data-widget_type=\"text-editor.default\">\n\t\t\t\t\t\t\t\t\t<p><span lang=\"fr\">La \u00ab\u2009f\u00e8ve des marais\u2009\u00bb est mise \u00e0 l\u2019honneur dans la soupe aux gourganes, plat embl\u00e9matique de Charlevoix et du Lac-Saint-Jean, qui m\u00eale dans un bouillon gourganes, lard, orge et l\u00e9gumes en d\u00e9s. <\/span><span lang=\"fr\">La gourgane se mange aussi froide, comme dans le succotash, un plat d\u2019origine autochtone qui ressemble \u00e0 une salade de ma\u00efs sucr\u00e9, poivron rouge et gourgane.<\/span><\/p>\t\t\t\t\t\t\t\t<\/div>\n\t\t\t\t\t<\/div>\n\t\t<\/div>\n\t\t\t\t\t<\/div>\n\t\t<\/section>\n\t\t\t\t<section class=\"elementor-section elementor-top-section elementor-element elementor-element-ebb682f elementor-section-boxed elementor-section-height-default elementor-section-height-default\" data-id=\"ebb682f\" data-element_type=\"section\" data-e-type=\"section\">\n\t\t\t\t\t\t<div class=\"elementor-container elementor-column-gap-default\">\n\t\t\t\t\t<div class=\"elementor-column elementor-col-100 elementor-top-column elementor-element elementor-element-019ce11\" data-id=\"019ce11\" data-element_type=\"column\" data-e-type=\"column\">\n\t\t\t<div class=\"elementor-widget-wrap elementor-element-populated\">\n\t\t\t\t\t\t<div class=\"elementor-element elementor-element-1af10bf elementor-widget elementor-widget-text-editor\" data-id=\"1af10bf\" data-element_type=\"widget\" data-e-type=\"widget\" data-widget_type=\"text-editor.default\">\n\t\t\t\t\t\t\t\t\t<h2><b><span lang=\"fr\">La canneberge<\/span><\/b><\/h2>\t\t\t\t\t\t\t\t<\/div>\n\t\t\t\t\t<\/div>\n\t\t<\/div>\n\t\t\t\t\t<\/div>\n\t\t<\/section>\n\t\t\t\t<section class=\"elementor-section elementor-top-section elementor-element elementor-element-bc42e3d elementor-section-boxed elementor-section-height-default elementor-section-height-default\" data-id=\"bc42e3d\" data-element_type=\"section\" data-e-type=\"section\">\n\t\t\t\t\t\t<div class=\"elementor-container elementor-column-gap-default\">\n\t\t\t\t\t<div class=\"elementor-column elementor-col-100 elementor-top-column elementor-element elementor-element-acd2b36\" data-id=\"acd2b36\" data-element_type=\"column\" data-e-type=\"column\">\n\t\t\t<div class=\"elementor-widget-wrap elementor-element-populated\">\n\t\t\t\t\t\t<section class=\"elementor-section elementor-inner-section elementor-element elementor-element-7662799 elementor-section-boxed elementor-section-height-default elementor-section-height-default\" data-id=\"7662799\" data-element_type=\"section\" data-e-type=\"section\">\n\t\t\t\t\t\t<div class=\"elementor-container elementor-column-gap-default\">\n\t\t\t\t\t<div class=\"elementor-column elementor-col-50 elementor-inner-column elementor-element elementor-element-6be7ad9\" data-id=\"6be7ad9\" data-element_type=\"column\" data-e-type=\"column\">\n\t\t\t<div class=\"elementor-widget-wrap elementor-element-populated\">\n\t\t\t\t\t\t<div class=\"elementor-element elementor-element-598abef elementor-widget elementor-widget-image\" data-id=\"598abef\" data-element_type=\"widget\" data-e-type=\"widget\" data-widget_type=\"image.default\">\n\t\t\t\t\t\t\t\t\t\t\t\t\t\t\t<img loading=\"lazy\" decoding=\"async\" width=\"702\" height=\"702\" src=\"https:\/\/immigrantquebec.com\/fr\/wp-content\/uploads\/2024\/12\/henk-van-der-steege-FxzTFGxTk78-unsplash-canneberges.jpg\" class=\"attachment-large size-large wp-image-16843\" alt=\"\" srcset=\"https:\/\/immigrantquebec.com\/fr\/wp-content\/uploads\/2024\/12\/henk-van-der-steege-FxzTFGxTk78-unsplash-canneberges.jpg 1000w, https:\/\/immigrantquebec.com\/fr\/wp-content\/uploads\/2024\/12\/henk-van-der-steege-FxzTFGxTk78-unsplash-canneberges-200x200.jpg 200w, https:\/\/immigrantquebec.com\/fr\/wp-content\/uploads\/2024\/12\/henk-van-der-steege-FxzTFGxTk78-unsplash-canneberges-768x768.jpg 768w, https:\/\/immigrantquebec.com\/fr\/wp-content\/uploads\/2024\/12\/henk-van-der-steege-FxzTFGxTk78-unsplash-canneberges-120x120.jpg 120w, https:\/\/immigrantquebec.com\/fr\/wp-content\/uploads\/2024\/12\/henk-van-der-steege-FxzTFGxTk78-unsplash-canneberges-24x24.jpg 24w, https:\/\/immigrantquebec.com\/fr\/wp-content\/uploads\/2024\/12\/henk-van-der-steege-FxzTFGxTk78-unsplash-canneberges-48x48.jpg 48w, https:\/\/immigrantquebec.com\/fr\/wp-content\/uploads\/2024\/12\/henk-van-der-steege-FxzTFGxTk78-unsplash-canneberges-96x96.jpg 96w, https:\/\/immigrantquebec.com\/fr\/wp-content\/uploads\/2024\/12\/henk-van-der-steege-FxzTFGxTk78-unsplash-canneberges-150x150.jpg 150w, https:\/\/immigrantquebec.com\/fr\/wp-content\/uploads\/2024\/12\/henk-van-der-steege-FxzTFGxTk78-unsplash-canneberges-300x300.jpg 300w, https:\/\/immigrantquebec.com\/fr\/wp-content\/uploads\/2024\/12\/henk-van-der-steege-FxzTFGxTk78-unsplash-canneberges-350x350.jpg 350w\" sizes=\"(max-width: 702px) 100vw, 702px\" \/>\t\t\t\t\t\t\t\t\t\t\t\t\t\t\t<\/div>\n\t\t\t\t\t<\/div>\n\t\t<\/div>\n\t\t\t\t<div class=\"elementor-column elementor-col-50 elementor-inner-column elementor-element elementor-element-6c95296\" data-id=\"6c95296\" data-element_type=\"column\" data-e-type=\"column\">\n\t\t\t<div class=\"elementor-widget-wrap elementor-element-populated\">\n\t\t\t\t\t\t<div class=\"elementor-element elementor-element-b7aedfe elementor-widget elementor-widget-text-editor\" data-id=\"b7aedfe\" data-element_type=\"widget\" data-e-type=\"widget\" data-widget_type=\"text-editor.default\">\n\t\t\t\t\t\t\t\t\t<div><span lang=\"fr\">Le Qu\u00e9bec est la principale province canadienne productrice de canneberges, et il figure dans les trois premiers producteurs \u00e0 l\u2019\u00e9chelle mondiale. Ce petit fruit rouge est de plus en plus utilis\u00e9 dans la boulangerie et les p\u00e2tisseries, notamment pour remplacer les raisins secs. Aussi appel\u00e9e \u00ab\u2009atoca\u2009\u00bb chez les Iroquois, la canneberge a un go\u00fbt acidul\u00e9 et astringent. <\/span><\/div>\t\t\t\t\t\t\t\t<\/div>\n\t\t\t\t\t<\/div>\n\t\t<\/div>\n\t\t\t\t\t<\/div>\n\t\t<\/section>\n\t\t\t\t\t<\/div>\n\t\t<\/div>\n\t\t\t\t\t<\/div>\n\t\t<\/section>\n\t\t\t\t<section class=\"elementor-section elementor-top-section elementor-element elementor-element-51edbcb elementor-section-boxed elementor-section-height-default elementor-section-height-default\" data-id=\"51edbcb\" data-element_type=\"section\" data-e-type=\"section\">\n\t\t\t\t\t\t<div class=\"elementor-container elementor-column-gap-default\">\n\t\t\t\t\t<div class=\"elementor-column elementor-col-100 elementor-top-column elementor-element elementor-element-6dd2a00\" data-id=\"6dd2a00\" data-element_type=\"column\" data-e-type=\"column\">\n\t\t\t<div class=\"elementor-widget-wrap elementor-element-populated\">\n\t\t\t\t\t\t<div class=\"elementor-element elementor-element-5059beb elementor-widget elementor-widget-text-editor\" data-id=\"5059beb\" data-element_type=\"widget\" data-e-type=\"widget\" data-widget_type=\"text-editor.default\">\n\t\t\t\t\t\t\t\t\t<div><span lang=\"fr\">Elle est g\u00e9n\u00e9ralement associ\u00e9e \u00e0 des mets sucr\u00e9s pour adoucir son go\u00fbt \u00e2pre, mais elle se marie aussi tr\u00e8s bien avec les plats sal\u00e9s tels que les salades, le riz ou les viandes \u2014 comme la dinde de l\u2019Action de gr\u00e2ce\u2009!<\/span><\/div>\t\t\t\t\t\t\t\t<\/div>\n\t\t\t\t\t<\/div>\n\t\t<\/div>\n\t\t\t\t\t<\/div>\n\t\t<\/section>\n\t\t\t\t<section class=\"elementor-section elementor-top-section elementor-element elementor-element-bd4f96d elementor-section-boxed elementor-section-height-default elementor-section-height-default\" data-id=\"bd4f96d\" data-element_type=\"section\" data-e-type=\"section\">\n\t\t\t\t\t\t<div class=\"elementor-container elementor-column-gap-default\">\n\t\t\t\t\t<div class=\"elementor-column elementor-col-100 elementor-top-column elementor-element elementor-element-c0d3940\" data-id=\"c0d3940\" data-element_type=\"column\" data-e-type=\"column\">\n\t\t\t<div class=\"elementor-widget-wrap elementor-element-populated\">\n\t\t\t\t\t\t<div class=\"elementor-element elementor-element-2529e7e elementor-widget elementor-widget-text-editor\" data-id=\"2529e7e\" data-element_type=\"widget\" data-e-type=\"widget\" data-widget_type=\"text-editor.default\">\n\t\t\t\t\t\t\t\t\t<h2><b><span lang=\"fr\">Le th\u00e9 des bois<\/span><\/b><\/h2>\t\t\t\t\t\t\t\t<\/div>\n\t\t\t\t\t<\/div>\n\t\t<\/div>\n\t\t\t\t\t<\/div>\n\t\t<\/section>\n\t\t\t\t<section class=\"elementor-section elementor-top-section elementor-element elementor-element-b2b2294 elementor-section-boxed elementor-section-height-default elementor-section-height-default\" data-id=\"b2b2294\" data-element_type=\"section\" data-e-type=\"section\">\n\t\t\t\t\t\t<div class=\"elementor-container elementor-column-gap-default\">\n\t\t\t\t\t<div class=\"elementor-column elementor-col-100 elementor-top-column elementor-element elementor-element-f62232e\" data-id=\"f62232e\" data-element_type=\"column\" data-e-type=\"column\">\n\t\t\t<div class=\"elementor-widget-wrap elementor-element-populated\">\n\t\t\t\t\t\t<section class=\"elementor-section elementor-inner-section elementor-element elementor-element-5f1287c elementor-section-boxed elementor-section-height-default elementor-section-height-default\" data-id=\"5f1287c\" data-element_type=\"section\" data-e-type=\"section\">\n\t\t\t\t\t\t<div class=\"elementor-container elementor-column-gap-default\">\n\t\t\t\t\t<div class=\"elementor-column elementor-col-50 elementor-inner-column elementor-element elementor-element-b2cd63a\" data-id=\"b2cd63a\" data-element_type=\"column\" data-e-type=\"column\">\n\t\t\t<div class=\"elementor-widget-wrap elementor-element-populated\">\n\t\t\t\t\t\t<div class=\"elementor-element elementor-element-14efdfd elementor-widget elementor-widget-text-editor\" data-id=\"14efdfd\" data-element_type=\"widget\" data-e-type=\"widget\" data-widget_type=\"text-editor.default\">\n\t\t\t\t\t\t\t\t\t<div><span lang=\"fr\">De son vrai nom \u00ab\u2009gaulth\u00e9rie couch\u00e9e\u2009\u00bb, le th\u00e9 des bois peut \u00eatre r\u00e9colt\u00e9 toute l\u2019ann\u00e9e dans les sous-bois. Cette plante indig\u00e8ne d\u2019Am\u00e9rique du Nord produit des fleurs blanches en \u00e9t\u00e9 puis des petites baies rouges en automne, \u00e0 d\u00e9guster fra\u00eeches, s\u00e9ch\u00e9es, ou encore sous forme de confitures, gel\u00e9es et sirops. Les feuilles s\u2019ajoutent quant \u00e0 elle aux salades, desserts, marinades ou sauces, ou peuvent \u00eatre infus\u00e9es en tisane. <\/span><\/div>\t\t\t\t\t\t\t\t<\/div>\n\t\t\t\t\t<\/div>\n\t\t<\/div>\n\t\t\t\t<div class=\"elementor-column elementor-col-50 elementor-inner-column elementor-element elementor-element-a7cffd8\" data-id=\"a7cffd8\" data-element_type=\"column\" data-e-type=\"column\">\n\t\t\t<div class=\"elementor-widget-wrap elementor-element-populated\">\n\t\t\t\t\t\t<div class=\"elementor-element elementor-element-9c77d39 elementor-widget elementor-widget-image\" data-id=\"9c77d39\" data-element_type=\"widget\" data-e-type=\"widget\" data-widget_type=\"image.default\">\n\t\t\t\t\t\t\t\t\t\t\t\t\t\t\t<img loading=\"lazy\" decoding=\"async\" width=\"702\" height=\"702\" src=\"https:\/\/immigrantquebec.com\/fr\/wp-content\/uploads\/2024\/12\/getty-images-uqipQ5tjjmo-unsplash-the-des-bois.jpg\" class=\"attachment-large size-large wp-image-16844\" alt=\"\" srcset=\"https:\/\/immigrantquebec.com\/fr\/wp-content\/uploads\/2024\/12\/getty-images-uqipQ5tjjmo-unsplash-the-des-bois.jpg 1000w, https:\/\/immigrantquebec.com\/fr\/wp-content\/uploads\/2024\/12\/getty-images-uqipQ5tjjmo-unsplash-the-des-bois-200x200.jpg 200w, https:\/\/immigrantquebec.com\/fr\/wp-content\/uploads\/2024\/12\/getty-images-uqipQ5tjjmo-unsplash-the-des-bois-768x768.jpg 768w, https:\/\/immigrantquebec.com\/fr\/wp-content\/uploads\/2024\/12\/getty-images-uqipQ5tjjmo-unsplash-the-des-bois-120x120.jpg 120w, https:\/\/immigrantquebec.com\/fr\/wp-content\/uploads\/2024\/12\/getty-images-uqipQ5tjjmo-unsplash-the-des-bois-24x24.jpg 24w, https:\/\/immigrantquebec.com\/fr\/wp-content\/uploads\/2024\/12\/getty-images-uqipQ5tjjmo-unsplash-the-des-bois-48x48.jpg 48w, https:\/\/immigrantquebec.com\/fr\/wp-content\/uploads\/2024\/12\/getty-images-uqipQ5tjjmo-unsplash-the-des-bois-96x96.jpg 96w, https:\/\/immigrantquebec.com\/fr\/wp-content\/uploads\/2024\/12\/getty-images-uqipQ5tjjmo-unsplash-the-des-bois-150x150.jpg 150w, https:\/\/immigrantquebec.com\/fr\/wp-content\/uploads\/2024\/12\/getty-images-uqipQ5tjjmo-unsplash-the-des-bois-300x300.jpg 300w, https:\/\/immigrantquebec.com\/fr\/wp-content\/uploads\/2024\/12\/getty-images-uqipQ5tjjmo-unsplash-the-des-bois-350x350.jpg 350w\" sizes=\"(max-width: 702px) 100vw, 702px\" \/>\t\t\t\t\t\t\t\t\t\t\t\t\t\t\t<\/div>\n\t\t\t\t\t<\/div>\n\t\t<\/div>\n\t\t\t\t\t<\/div>\n\t\t<\/section>\n\t\t\t\t\t<\/div>\n\t\t<\/div>\n\t\t\t\t\t<\/div>\n\t\t<\/section>\n\t\t\t\t<section class=\"elementor-section elementor-top-section elementor-element elementor-element-d1eb412 elementor-section-boxed elementor-section-height-default elementor-section-height-default\" data-id=\"d1eb412\" data-element_type=\"section\" data-e-type=\"section\">\n\t\t\t\t\t\t<div class=\"elementor-container elementor-column-gap-default\">\n\t\t\t\t\t<div class=\"elementor-column elementor-col-100 elementor-top-column elementor-element elementor-element-7412196\" data-id=\"7412196\" data-element_type=\"column\" data-e-type=\"column\">\n\t\t\t<div class=\"elementor-widget-wrap elementor-element-populated\">\n\t\t\t\t\t\t<div class=\"elementor-element elementor-element-2f18bde elementor-widget elementor-widget-text-editor\" data-id=\"2f18bde\" data-element_type=\"widget\" data-e-type=\"widget\" data-widget_type=\"text-editor.default\">\n\t\t\t\t\t\t\t\t\t<div><span lang=\"fr\">Le go\u00fbt de cette plante, frais et l\u00e9g\u00e8rement \u00e9pic\u00e9, n\u2019est pas sans rappeler la menthe poivr\u00e9e. C\u2019est d\u2019ailleurs l\u2019huile essentielle extraite des feuilles du th\u00e9 des bois qu\u2019on utilise dans la bi\u00e8re de racinette\u2026<\/span><\/div>\t\t\t\t\t\t\t\t<\/div>\n\t\t\t\t\t<\/div>\n\t\t<\/div>\n\t\t\t\t\t<\/div>\n\t\t<\/section>\n\t\t\t\t<section class=\"elementor-section elementor-top-section elementor-element elementor-element-63468f3 elementor-section-boxed elementor-section-height-default elementor-section-height-default\" data-id=\"63468f3\" data-element_type=\"section\" data-e-type=\"section\">\n\t\t\t\t\t\t<div class=\"elementor-container elementor-column-gap-default\">\n\t\t\t\t\t<div class=\"elementor-column elementor-col-100 elementor-top-column elementor-element elementor-element-a25d35c\" data-id=\"a25d35c\" data-element_type=\"column\" data-e-type=\"column\">\n\t\t\t<div class=\"elementor-widget-wrap elementor-element-populated\">\n\t\t\t\t\t\t<div class=\"elementor-element elementor-element-0f5a598 elementor-widget elementor-widget-text-editor\" data-id=\"0f5a598\" data-element_type=\"widget\" data-e-type=\"widget\" data-widget_type=\"text-editor.default\">\n\t\t\t\t\t\t\t\t\t<p><em>Photos : Mariah Hewines, Unsplash<\/em><\/p>\t\t\t\t\t\t\t\t<\/div>\n\t\t\t\t\t<\/div>\n\t\t<\/div>\n\t\t\t\t\t<\/div>\n\t\t<\/section>\n\t\t\t\t<\/div>\n\t\t","protected":false},"excerpt":{"rendered":"<p>Le terroir du Qu\u00e9bec est \u00e0 l&rsquo;image de son histoire et de son vaste territoire : gorg\u00e9 de surprises offertes par la nature.<\/p>\n","protected":false},"author":3469,"featured_media":16848,"comment_status":"closed","ping_status":"closed","sticky":false,"template":"","format":"standard","meta":{"_acf_changed":false,"_genesis_hide_title":false,"_genesis_hide_breadcrumbs":false,"_genesis_hide_singular_image":false,"_genesis_hide_footer_widgets":false,"_genesis_custom_body_class":"","_genesis_custom_post_class":"","_genesis_layout":"","footnotes":""},"categories":[103],"tags":[],"class_list":{"0":"post-16837","1":"post","2":"type-post","3":"status-publish","4":"format-standard","5":"has-post-thumbnail","7":"category-conseils-d-experts","8":"entry"},"acf":[],"yoast_head":"<!-- This site is optimized with the Yoast SEO plugin v27.5 - https:\/\/yoast.com\/product\/yoast-seo-wordpress\/ -->\n<title>Terroir : 6 aliments qu\u00e9b\u00e9cois \u00e0 (re) d\u00e9couvrir pour les f\u00eates - Immigrant Qu\u00e9bec<\/title>\n<meta name=\"description\" content=\"Le terroir du Qu\u00e9bec est \u00e0 l&#039;image de son histoire et de son vaste territoire : gorg\u00e9 de surprises offertes par la nature.\" \/>\n<meta name=\"robots\" content=\"index, follow, max-snippet:-1, max-image-preview:large, max-video-preview:-1\" \/>\n<link rel=\"canonical\" href=\"https:\/\/immigrantquebec.com\/fr\/conseils-d-experts\/terroir-6-aliments-quebecois-a-re-decouvrir-pour-les-fetes\/\" \/>\n<meta property=\"og:locale\" content=\"fr_FR\" \/>\n<meta property=\"og:type\" content=\"article\" \/>\n<meta property=\"og:title\" content=\"Terroir : 6 aliments qu\u00e9b\u00e9cois \u00e0 (re) d\u00e9couvrir pour les f\u00eates - Immigrant Qu\u00e9bec\" \/>\n<meta property=\"og:description\" content=\"Le terroir du Qu\u00e9bec est \u00e0 l&#039;image de son histoire et de son vaste territoire : gorg\u00e9 de surprises offertes par la nature.\" \/>\n<meta property=\"og:url\" content=\"https:\/\/immigrantquebec.com\/fr\/conseils-d-experts\/terroir-6-aliments-quebecois-a-re-decouvrir-pour-les-fetes\/\" \/>\n<meta property=\"og:site_name\" content=\"Immigrant Qu\u00e9bec\" \/>\n<meta property=\"article:publisher\" content=\"https:\/\/www.facebook.com\/immigrantquebec\" \/>\n<meta property=\"article:published_time\" content=\"2024-12-24T15:34:19+00:00\" \/>\n<meta property=\"og:image\" content=\"https:\/\/immigrantquebec.com\/fr\/wp-content\/uploads\/2024\/12\/mariah-hewines-3iemD8YTiQA-unsplash-950.jpg\" \/>\n\t<meta property=\"og:image:width\" content=\"950\" \/>\n\t<meta property=\"og:image:height\" content=\"400\" \/>\n\t<meta property=\"og:image:type\" content=\"image\/jpeg\" \/>\n<meta name=\"author\" content=\"Marie P\u00e2ris\" \/>\n<meta name=\"twitter:label1\" content=\"\u00c9crit par\" \/>\n\t<meta name=\"twitter:data1\" content=\"Marie P\u00e2ris\" \/>\n\t<meta name=\"twitter:label2\" content=\"Dur\u00e9e de lecture estim\u00e9e\" \/>\n\t<meta name=\"twitter:data2\" content=\"5 minutes\" \/>\n<script type=\"application\/ld+json\" class=\"yoast-schema-graph\">{\"@context\":\"https:\\\/\\\/schema.org\",\"@graph\":[{\"@type\":\"Article\",\"@id\":\"https:\\\/\\\/immigrantquebec.com\\\/fr\\\/conseils-d-experts\\\/terroir-6-aliments-quebecois-a-re-decouvrir-pour-les-fetes\\\/#article\",\"isPartOf\":{\"@id\":\"https:\\\/\\\/immigrantquebec.com\\\/fr\\\/conseils-d-experts\\\/terroir-6-aliments-quebecois-a-re-decouvrir-pour-les-fetes\\\/\"},\"author\":{\"name\":\"Marie P\u00e2ris\",\"@id\":\"https:\\\/\\\/immigrantquebec.com\\\/fr\\\/#\\\/schema\\\/person\\\/a2eb948f50df215529d59ad155d309ad\"},\"headline\":\"Terroir : 6 aliments qu\u00e9b\u00e9cois \u00e0 (re) d\u00e9couvrir pour les f\u00eates\",\"datePublished\":\"2024-12-24T15:34:19+00:00\",\"mainEntityOfPage\":{\"@id\":\"https:\\\/\\\/immigrantquebec.com\\\/fr\\\/conseils-d-experts\\\/terroir-6-aliments-quebecois-a-re-decouvrir-pour-les-fetes\\\/\"},\"wordCount\":772,\"publisher\":{\"@id\":\"https:\\\/\\\/immigrantquebec.com\\\/fr\\\/#organization\"},\"image\":{\"@id\":\"https:\\\/\\\/immigrantquebec.com\\\/fr\\\/conseils-d-experts\\\/terroir-6-aliments-quebecois-a-re-decouvrir-pour-les-fetes\\\/#primaryimage\"},\"thumbnailUrl\":\"https:\\\/\\\/immigrantquebec.com\\\/fr\\\/wp-content\\\/uploads\\\/2024\\\/12\\\/mariah-hewines-3iemD8YTiQA-unsplash-950.jpg\",\"articleSection\":[\"Conseils d'experts\"],\"inLanguage\":\"fr-FR\"},{\"@type\":\"WebPage\",\"@id\":\"https:\\\/\\\/immigrantquebec.com\\\/fr\\\/conseils-d-experts\\\/terroir-6-aliments-quebecois-a-re-decouvrir-pour-les-fetes\\\/\",\"url\":\"https:\\\/\\\/immigrantquebec.com\\\/fr\\\/conseils-d-experts\\\/terroir-6-aliments-quebecois-a-re-decouvrir-pour-les-fetes\\\/\",\"name\":\"Terroir : 6 aliments qu\u00e9b\u00e9cois \u00e0 (re) d\u00e9couvrir pour les f\u00eates - Immigrant Qu\u00e9bec\",\"isPartOf\":{\"@id\":\"https:\\\/\\\/immigrantquebec.com\\\/fr\\\/#website\"},\"primaryImageOfPage\":{\"@id\":\"https:\\\/\\\/immigrantquebec.com\\\/fr\\\/conseils-d-experts\\\/terroir-6-aliments-quebecois-a-re-decouvrir-pour-les-fetes\\\/#primaryimage\"},\"image\":{\"@id\":\"https:\\\/\\\/immigrantquebec.com\\\/fr\\\/conseils-d-experts\\\/terroir-6-aliments-quebecois-a-re-decouvrir-pour-les-fetes\\\/#primaryimage\"},\"thumbnailUrl\":\"https:\\\/\\\/immigrantquebec.com\\\/fr\\\/wp-content\\\/uploads\\\/2024\\\/12\\\/mariah-hewines-3iemD8YTiQA-unsplash-950.jpg\",\"datePublished\":\"2024-12-24T15:34:19+00:00\",\"description\":\"Le terroir du Qu\u00e9bec est \u00e0 l'image de son histoire et de son vaste territoire : gorg\u00e9 de surprises offertes par la nature.\",\"breadcrumb\":{\"@id\":\"https:\\\/\\\/immigrantquebec.com\\\/fr\\\/conseils-d-experts\\\/terroir-6-aliments-quebecois-a-re-decouvrir-pour-les-fetes\\\/#breadcrumb\"},\"inLanguage\":\"fr-FR\",\"potentialAction\":[{\"@type\":\"ReadAction\",\"target\":[\"https:\\\/\\\/immigrantquebec.com\\\/fr\\\/conseils-d-experts\\\/terroir-6-aliments-quebecois-a-re-decouvrir-pour-les-fetes\\\/\"]}]},{\"@type\":\"ImageObject\",\"inLanguage\":\"fr-FR\",\"@id\":\"https:\\\/\\\/immigrantquebec.com\\\/fr\\\/conseils-d-experts\\\/terroir-6-aliments-quebecois-a-re-decouvrir-pour-les-fetes\\\/#primaryimage\",\"url\":\"https:\\\/\\\/immigrantquebec.com\\\/fr\\\/wp-content\\\/uploads\\\/2024\\\/12\\\/mariah-hewines-3iemD8YTiQA-unsplash-950.jpg\",\"contentUrl\":\"https:\\\/\\\/immigrantquebec.com\\\/fr\\\/wp-content\\\/uploads\\\/2024\\\/12\\\/mariah-hewines-3iemD8YTiQA-unsplash-950.jpg\",\"width\":950,\"height\":400},{\"@type\":\"BreadcrumbList\",\"@id\":\"https:\\\/\\\/immigrantquebec.com\\\/fr\\\/conseils-d-experts\\\/terroir-6-aliments-quebecois-a-re-decouvrir-pour-les-fetes\\\/#breadcrumb\",\"itemListElement\":[{\"@type\":\"ListItem\",\"position\":1,\"name\":\"Accueil\",\"item\":\"https:\\\/\\\/immigrantquebec.com\\\/fr\\\/\"},{\"@type\":\"ListItem\",\"position\":2,\"name\":\"Conseils d'experts\",\"item\":\"https:\\\/\\\/immigrantquebec.com\\\/fr\\\/conseils-d-experts\\\/\"},{\"@type\":\"ListItem\",\"position\":3,\"name\":\"Terroir : 6 aliments qu\u00e9b\u00e9cois \u00e0 (re) d\u00e9couvrir pour les f\u00eates\"}]},{\"@type\":\"WebSite\",\"@id\":\"https:\\\/\\\/immigrantquebec.com\\\/fr\\\/#website\",\"url\":\"https:\\\/\\\/immigrantquebec.com\\\/fr\\\/\",\"name\":\"Immigrant Qu\u00e9bec\",\"description\":\"Immigrer, vivre, travailler et \u00e9tudier au Qu\u00e9bec, Canada\",\"publisher\":{\"@id\":\"https:\\\/\\\/immigrantquebec.com\\\/fr\\\/#organization\"},\"potentialAction\":[{\"@type\":\"SearchAction\",\"target\":{\"@type\":\"EntryPoint\",\"urlTemplate\":\"https:\\\/\\\/immigrantquebec.com\\\/fr\\\/?s={search_term_string}\"},\"query-input\":{\"@type\":\"PropertyValueSpecification\",\"valueRequired\":true,\"valueName\":\"search_term_string\"}}],\"inLanguage\":\"fr-FR\"},{\"@type\":\"Organization\",\"@id\":\"https:\\\/\\\/immigrantquebec.com\\\/fr\\\/#organization\",\"name\":\"Immigrant Qu\u00e9bec\",\"url\":\"https:\\\/\\\/immigrantquebec.com\\\/fr\\\/\",\"logo\":{\"@type\":\"ImageObject\",\"inLanguage\":\"fr-FR\",\"@id\":\"https:\\\/\\\/immigrantquebec.com\\\/fr\\\/#\\\/schema\\\/logo\\\/image\\\/\",\"url\":\"https:\\\/\\\/immigrantquebec.com\\\/fr\\\/wp-content\\\/uploads\\\/2024\\\/03\\\/LogoIQ-2024-RVB.png\",\"contentUrl\":\"https:\\\/\\\/immigrantquebec.com\\\/fr\\\/wp-content\\\/uploads\\\/2024\\\/03\\\/LogoIQ-2024-RVB.png\",\"width\":2500,\"height\":1137,\"caption\":\"Immigrant Qu\u00e9bec\"},\"image\":{\"@id\":\"https:\\\/\\\/immigrantquebec.com\\\/fr\\\/#\\\/schema\\\/logo\\\/image\\\/\"},\"sameAs\":[\"https:\\\/\\\/www.facebook.com\\\/immigrantquebec\",\"https:\\\/\\\/x.com\\\/ImmigrantQuebec\",\"https:\\\/\\\/www.instagram.com\\\/immigrantquebec\",\"https:\\\/\\\/www.youtube.com\\\/user\\\/ImmigrantQc\"]},{\"@type\":\"Person\",\"@id\":\"https:\\\/\\\/immigrantquebec.com\\\/fr\\\/#\\\/schema\\\/person\\\/a2eb948f50df215529d59ad155d309ad\",\"name\":\"Marie P\u00e2ris\",\"image\":{\"@type\":\"ImageObject\",\"inLanguage\":\"fr-FR\",\"@id\":\"https:\\\/\\\/immigrantquebec.com\\\/fr\\\/wp-content\\\/uploads\\\/2022\\\/03\\\/SEBM-6878.jpg\",\"url\":\"https:\\\/\\\/immigrantquebec.com\\\/fr\\\/wp-content\\\/uploads\\\/2022\\\/03\\\/SEBM-6878.jpg\",\"contentUrl\":\"https:\\\/\\\/immigrantquebec.com\\\/fr\\\/wp-content\\\/uploads\\\/2022\\\/03\\\/SEBM-6878.jpg\",\"caption\":\"Marie P\u00e2ris\"},\"description\":\"Dipl\u00f4m\u00e9e de l\u2019\u00c9cole sup\u00e9rieure de journalisme de Lille (France) et form\u00e9e en journalisme international \u00e0 l'Universit\u00e9 Laval \u00e0 Qu\u00e9bec, Marie est install\u00e9e \u00e0 Montr\u00e9al depuis 2013. Elle\u00a0sp\u00e9cialise notamment dans la culture, la gastronomie et les questions de soci\u00e9t\u00e9.\u00a0En plus de travailler sur des sujets transatlantiques pour Immigrant Qu\u00e9bec, elle \u00e9crit pour plusieurs m\u00e9dias \u00e0 l'\u00e9tranger et au Qu\u00e9bec (Tastet, Le Devoir, Revue JEU...)\",\"url\":\"https:\\\/\\\/immigrantquebec.com\\\/fr\\\/author\\\/marie-p\\\/\"}]}<\/script>\n<!-- \/ Yoast SEO plugin. -->","yoast_head_json":{"title":"Terroir : 6 aliments qu\u00e9b\u00e9cois \u00e0 (re) d\u00e9couvrir pour les f\u00eates - Immigrant Qu\u00e9bec","description":"Le terroir du Qu\u00e9bec est \u00e0 l'image de son histoire et de son vaste territoire : gorg\u00e9 de surprises offertes par la nature.","robots":{"index":"index","follow":"follow","max-snippet":"max-snippet:-1","max-image-preview":"max-image-preview:large","max-video-preview":"max-video-preview:-1"},"canonical":"https:\/\/immigrantquebec.com\/fr\/conseils-d-experts\/terroir-6-aliments-quebecois-a-re-decouvrir-pour-les-fetes\/","og_locale":"fr_FR","og_type":"article","og_title":"Terroir : 6 aliments qu\u00e9b\u00e9cois \u00e0 (re) d\u00e9couvrir pour les f\u00eates - Immigrant Qu\u00e9bec","og_description":"Le terroir du Qu\u00e9bec est \u00e0 l'image de son histoire et de son vaste territoire : gorg\u00e9 de surprises offertes par la nature.","og_url":"https:\/\/immigrantquebec.com\/fr\/conseils-d-experts\/terroir-6-aliments-quebecois-a-re-decouvrir-pour-les-fetes\/","og_site_name":"Immigrant Qu\u00e9bec","article_publisher":"https:\/\/www.facebook.com\/immigrantquebec","article_published_time":"2024-12-24T15:34:19+00:00","og_image":[{"width":950,"height":400,"url":"https:\/\/immigrantquebec.com\/fr\/wp-content\/uploads\/2024\/12\/mariah-hewines-3iemD8YTiQA-unsplash-950.jpg","type":"image\/jpeg"}],"author":"Marie P\u00e2ris","twitter_misc":{"\u00c9crit par":"Marie P\u00e2ris","Dur\u00e9e de lecture estim\u00e9e":"5 minutes"},"schema":{"@context":"https:\/\/schema.org","@graph":[{"@type":"Article","@id":"https:\/\/immigrantquebec.com\/fr\/conseils-d-experts\/terroir-6-aliments-quebecois-a-re-decouvrir-pour-les-fetes\/#article","isPartOf":{"@id":"https:\/\/immigrantquebec.com\/fr\/conseils-d-experts\/terroir-6-aliments-quebecois-a-re-decouvrir-pour-les-fetes\/"},"author":{"name":"Marie P\u00e2ris","@id":"https:\/\/immigrantquebec.com\/fr\/#\/schema\/person\/a2eb948f50df215529d59ad155d309ad"},"headline":"Terroir : 6 aliments qu\u00e9b\u00e9cois \u00e0 (re) d\u00e9couvrir pour les f\u00eates","datePublished":"2024-12-24T15:34:19+00:00","mainEntityOfPage":{"@id":"https:\/\/immigrantquebec.com\/fr\/conseils-d-experts\/terroir-6-aliments-quebecois-a-re-decouvrir-pour-les-fetes\/"},"wordCount":772,"publisher":{"@id":"https:\/\/immigrantquebec.com\/fr\/#organization"},"image":{"@id":"https:\/\/immigrantquebec.com\/fr\/conseils-d-experts\/terroir-6-aliments-quebecois-a-re-decouvrir-pour-les-fetes\/#primaryimage"},"thumbnailUrl":"https:\/\/immigrantquebec.com\/fr\/wp-content\/uploads\/2024\/12\/mariah-hewines-3iemD8YTiQA-unsplash-950.jpg","articleSection":["Conseils d'experts"],"inLanguage":"fr-FR"},{"@type":"WebPage","@id":"https:\/\/immigrantquebec.com\/fr\/conseils-d-experts\/terroir-6-aliments-quebecois-a-re-decouvrir-pour-les-fetes\/","url":"https:\/\/immigrantquebec.com\/fr\/conseils-d-experts\/terroir-6-aliments-quebecois-a-re-decouvrir-pour-les-fetes\/","name":"Terroir : 6 aliments qu\u00e9b\u00e9cois \u00e0 (re) d\u00e9couvrir pour les f\u00eates - Immigrant Qu\u00e9bec","isPartOf":{"@id":"https:\/\/immigrantquebec.com\/fr\/#website"},"primaryImageOfPage":{"@id":"https:\/\/immigrantquebec.com\/fr\/conseils-d-experts\/terroir-6-aliments-quebecois-a-re-decouvrir-pour-les-fetes\/#primaryimage"},"image":{"@id":"https:\/\/immigrantquebec.com\/fr\/conseils-d-experts\/terroir-6-aliments-quebecois-a-re-decouvrir-pour-les-fetes\/#primaryimage"},"thumbnailUrl":"https:\/\/immigrantquebec.com\/fr\/wp-content\/uploads\/2024\/12\/mariah-hewines-3iemD8YTiQA-unsplash-950.jpg","datePublished":"2024-12-24T15:34:19+00:00","description":"Le terroir du Qu\u00e9bec est \u00e0 l'image de son histoire et de son vaste territoire : gorg\u00e9 de surprises offertes par la nature.","breadcrumb":{"@id":"https:\/\/immigrantquebec.com\/fr\/conseils-d-experts\/terroir-6-aliments-quebecois-a-re-decouvrir-pour-les-fetes\/#breadcrumb"},"inLanguage":"fr-FR","potentialAction":[{"@type":"ReadAction","target":["https:\/\/immigrantquebec.com\/fr\/conseils-d-experts\/terroir-6-aliments-quebecois-a-re-decouvrir-pour-les-fetes\/"]}]},{"@type":"ImageObject","inLanguage":"fr-FR","@id":"https:\/\/immigrantquebec.com\/fr\/conseils-d-experts\/terroir-6-aliments-quebecois-a-re-decouvrir-pour-les-fetes\/#primaryimage","url":"https:\/\/immigrantquebec.com\/fr\/wp-content\/uploads\/2024\/12\/mariah-hewines-3iemD8YTiQA-unsplash-950.jpg","contentUrl":"https:\/\/immigrantquebec.com\/fr\/wp-content\/uploads\/2024\/12\/mariah-hewines-3iemD8YTiQA-unsplash-950.jpg","width":950,"height":400},{"@type":"BreadcrumbList","@id":"https:\/\/immigrantquebec.com\/fr\/conseils-d-experts\/terroir-6-aliments-quebecois-a-re-decouvrir-pour-les-fetes\/#breadcrumb","itemListElement":[{"@type":"ListItem","position":1,"name":"Accueil","item":"https:\/\/immigrantquebec.com\/fr\/"},{"@type":"ListItem","position":2,"name":"Conseils d'experts","item":"https:\/\/immigrantquebec.com\/fr\/conseils-d-experts\/"},{"@type":"ListItem","position":3,"name":"Terroir : 6 aliments qu\u00e9b\u00e9cois \u00e0 (re) d\u00e9couvrir pour les f\u00eates"}]},{"@type":"WebSite","@id":"https:\/\/immigrantquebec.com\/fr\/#website","url":"https:\/\/immigrantquebec.com\/fr\/","name":"Immigrant Qu\u00e9bec","description":"Immigrer, vivre, travailler et \u00e9tudier au Qu\u00e9bec, Canada","publisher":{"@id":"https:\/\/immigrantquebec.com\/fr\/#organization"},"potentialAction":[{"@type":"SearchAction","target":{"@type":"EntryPoint","urlTemplate":"https:\/\/immigrantquebec.com\/fr\/?s={search_term_string}"},"query-input":{"@type":"PropertyValueSpecification","valueRequired":true,"valueName":"search_term_string"}}],"inLanguage":"fr-FR"},{"@type":"Organization","@id":"https:\/\/immigrantquebec.com\/fr\/#organization","name":"Immigrant Qu\u00e9bec","url":"https:\/\/immigrantquebec.com\/fr\/","logo":{"@type":"ImageObject","inLanguage":"fr-FR","@id":"https:\/\/immigrantquebec.com\/fr\/#\/schema\/logo\/image\/","url":"https:\/\/immigrantquebec.com\/fr\/wp-content\/uploads\/2024\/03\/LogoIQ-2024-RVB.png","contentUrl":"https:\/\/immigrantquebec.com\/fr\/wp-content\/uploads\/2024\/03\/LogoIQ-2024-RVB.png","width":2500,"height":1137,"caption":"Immigrant Qu\u00e9bec"},"image":{"@id":"https:\/\/immigrantquebec.com\/fr\/#\/schema\/logo\/image\/"},"sameAs":["https:\/\/www.facebook.com\/immigrantquebec","https:\/\/x.com\/ImmigrantQuebec","https:\/\/www.instagram.com\/immigrantquebec","https:\/\/www.youtube.com\/user\/ImmigrantQc"]},{"@type":"Person","@id":"https:\/\/immigrantquebec.com\/fr\/#\/schema\/person\/a2eb948f50df215529d59ad155d309ad","name":"Marie P\u00e2ris","image":{"@type":"ImageObject","inLanguage":"fr-FR","@id":"https:\/\/immigrantquebec.com\/fr\/wp-content\/uploads\/2022\/03\/SEBM-6878.jpg","url":"https:\/\/immigrantquebec.com\/fr\/wp-content\/uploads\/2022\/03\/SEBM-6878.jpg","contentUrl":"https:\/\/immigrantquebec.com\/fr\/wp-content\/uploads\/2022\/03\/SEBM-6878.jpg","caption":"Marie P\u00e2ris"},"description":"Dipl\u00f4m\u00e9e de l\u2019\u00c9cole sup\u00e9rieure de journalisme de Lille (France) et form\u00e9e en journalisme international \u00e0 l'Universit\u00e9 Laval \u00e0 Qu\u00e9bec, Marie est install\u00e9e \u00e0 Montr\u00e9al depuis 2013. Elle\u00a0sp\u00e9cialise notamment dans la culture, la gastronomie et les questions de soci\u00e9t\u00e9.\u00a0En plus de travailler sur des sujets transatlantiques pour Immigrant Qu\u00e9bec, elle \u00e9crit pour plusieurs m\u00e9dias \u00e0 l'\u00e9tranger et au Qu\u00e9bec (Tastet, Le Devoir, Revue JEU...)","url":"https:\/\/immigrantquebec.com\/fr\/author\/marie-p\/"}]}},"_links":{"self":[{"href":"https:\/\/immigrantquebec.com\/fr\/wp-json\/wp\/v2\/posts\/16837","targetHints":{"allow":["GET"]}}],"collection":[{"href":"https:\/\/immigrantquebec.com\/fr\/wp-json\/wp\/v2\/posts"}],"about":[{"href":"https:\/\/immigrantquebec.com\/fr\/wp-json\/wp\/v2\/types\/post"}],"author":[{"embeddable":true,"href":"https:\/\/immigrantquebec.com\/fr\/wp-json\/wp\/v2\/users\/3469"}],"replies":[{"embeddable":true,"href":"https:\/\/immigrantquebec.com\/fr\/wp-json\/wp\/v2\/comments?post=16837"}],"version-history":[{"count":0,"href":"https:\/\/immigrantquebec.com\/fr\/wp-json\/wp\/v2\/posts\/16837\/revisions"}],"wp:featuredmedia":[{"embeddable":true,"href":"https:\/\/immigrantquebec.com\/fr\/wp-json\/wp\/v2\/media\/16848"}],"wp:attachment":[{"href":"https:\/\/immigrantquebec.com\/fr\/wp-json\/wp\/v2\/media?parent=16837"}],"wp:term":[{"taxonomy":"category","embeddable":true,"href":"https:\/\/immigrantquebec.com\/fr\/wp-json\/wp\/v2\/categories?post=16837"},{"taxonomy":"post_tag","embeddable":true,"href":"https:\/\/immigrantquebec.com\/fr\/wp-json\/wp\/v2\/tags?post=16837"}],"curies":[{"name":"wp","href":"https:\/\/api.w.org\/{rel}","templated":true}]}}