{"id":17335,"date":"2025-02-05T09:59:21","date_gmt":"2025-02-05T14:59:21","guid":{"rendered":"https:\/\/immigrantquebec.com\/fr\/?p=17335"},"modified":"2025-02-13T16:35:08","modified_gmt":"2025-02-13T21:35:08","slug":"bulletin-de-limmigration-fevrier-2025","status":"publish","type":"post","link":"https:\/\/immigrantquebec.com\/fr\/actualites\/bulletin-de-limmigration-fevrier-2025\/","title":{"rendered":"Bulletin de l\u2019immigration \u2014 F\u00e9vrier 2025"},"content":{"rendered":"\t\t<div data-elementor-type=\"wp-post\" data-elementor-id=\"17335\" class=\"elementor elementor-17335\" data-elementor-post-type=\"post\">\n\t\t\t\t\t\t<section class=\"elementor-section elementor-top-section elementor-element elementor-element-123f2faf elementor-reverse-mobile elementor-hidden-mobile elementor-section-boxed elementor-section-height-default elementor-section-height-default\" data-id=\"123f2faf\" data-element_type=\"section\" data-e-type=\"section\" id=\"bdi-header\" data-settings=\"{&quot;background_background&quot;:&quot;classic&quot;,&quot;sticky&quot;:&quot;top&quot;,&quot;animation&quot;:&quot;none&quot;,&quot;sticky_on&quot;:[&quot;desktop&quot;,&quot;tablet&quot;,&quot;mobile&quot;],&quot;sticky_offset&quot;:0,&quot;sticky_effects_offset&quot;:0,&quot;sticky_anchor_link_offset&quot;:0}\">\n\t\t\t\t\t\t<div class=\"elementor-container elementor-column-gap-default\">\n\t\t\t\t\t<div class=\"elementor-column elementor-col-25 elementor-top-column elementor-element elementor-element-24a2c2c7\" data-id=\"24a2c2c7\" data-element_type=\"column\" data-e-type=\"column\">\n\t\t\t<div class=\"elementor-widget-wrap elementor-element-populated\">\n\t\t\t\t\t\t<div class=\"elementor-element elementor-element-7b462371 elementor-widget-mobile__width-initial elementor-widget elementor-widget-image\" data-id=\"7b462371\" data-element_type=\"widget\" data-e-type=\"widget\" data-widget_type=\"image.default\">\n\t\t\t\t\t\t\t\t\t\t\t\t\t\t\t<img fetchpriority=\"high\" decoding=\"async\" width=\"2500\" height=\"1137\" src=\"https:\/\/immigrantquebec.com\/fr\/wp-content\/uploads\/2025\/02\/LogoIQ-2024-BLANC.png\" class=\"attachment-full size-full wp-image-17289\" alt=\"\" srcset=\"https:\/\/immigrantquebec.com\/fr\/wp-content\/uploads\/2025\/02\/LogoIQ-2024-BLANC.png 2500w, https:\/\/immigrantquebec.com\/fr\/wp-content\/uploads\/2025\/02\/LogoIQ-2024-BLANC-300x136.png 300w, https:\/\/immigrantquebec.com\/fr\/wp-content\/uploads\/2025\/02\/LogoIQ-2024-BLANC-1024x466.png 1024w, https:\/\/immigrantquebec.com\/fr\/wp-content\/uploads\/2025\/02\/LogoIQ-2024-BLANC-768x349.png 768w, https:\/\/immigrantquebec.com\/fr\/wp-content\/uploads\/2025\/02\/LogoIQ-2024-BLANC-1536x699.png 1536w, https:\/\/immigrantquebec.com\/fr\/wp-content\/uploads\/2025\/02\/LogoIQ-2024-BLANC-2048x931.png 2048w\" sizes=\"(max-width: 2500px) 100vw, 2500px\" \/>\t\t\t\t\t\t\t\t\t\t\t\t\t\t\t<\/div>\n\t\t\t\t<div class=\"elementor-element elementor-element-318f8236 elementor-nav-menu--stretch elementor-nav-menu__text-align-center elementor-widget-mobile__width-initial elementor-nav-menu--toggle elementor-nav-menu--burger elementor-widget elementor-widget-nav-menu\" data-id=\"318f8236\" data-element_type=\"widget\" data-e-type=\"widget\" data-settings=\"{&quot;layout&quot;:&quot;dropdown&quot;,&quot;full_width&quot;:&quot;stretch&quot;,&quot;submenu_icon&quot;:{&quot;value&quot;:&quot;&lt;svg aria-hidden=\\&quot;true\\&quot; class=\\&quot;e-font-icon-svg e-fas-caret-down\\&quot; viewBox=\\&quot;0 0 320 512\\&quot; xmlns=\\&quot;http:\\\/\\\/www.w3.org\\\/2000\\\/svg\\&quot;&gt;&lt;path d=\\&quot;M31.3 192h257.3c17.8 0 26.7 21.5 14.1 34.1L174.1 354.8c-7.8 7.8-20.5 7.8-28.3 0L17.2 226.1C4.6 213.5 13.5 192 31.3 192z\\&quot;&gt;&lt;\\\/path&gt;&lt;\\\/svg&gt;&quot;,&quot;library&quot;:&quot;fa-solid&quot;},&quot;toggle&quot;:&quot;burger&quot;}\" data-widget_type=\"nav-menu.default\">\n\t\t\t\t\t\t\t<div class=\"elementor-menu-toggle\" role=\"button\" tabindex=\"0\" aria-label=\"Permuter le menu\" aria-expanded=\"false\">\n\t\t\t<svg aria-hidden=\"true\" role=\"presentation\" class=\"elementor-menu-toggle__icon--open e-font-icon-svg e-eicon-menu-bar\" viewBox=\"0 0 1000 1000\" xmlns=\"http:\/\/www.w3.org\/2000\/svg\"><path d=\"M104 333H896C929 333 958 304 958 271S929 208 896 208H104C71 208 42 237 42 271S71 333 104 333ZM104 583H896C929 583 958 554 958 521S929 458 896 458H104C71 458 42 487 42 521S71 583 104 583ZM104 833H896C929 833 958 804 958 771S929 708 896 708H104C71 708 42 737 42 771S71 833 104 833Z\"><\/path><\/svg><svg aria-hidden=\"true\" role=\"presentation\" class=\"elementor-menu-toggle__icon--close e-font-icon-svg e-eicon-close\" viewBox=\"0 0 1000 1000\" xmlns=\"http:\/\/www.w3.org\/2000\/svg\"><path d=\"M742 167L500 408 258 167C246 154 233 150 217 150 196 150 179 158 167 167 154 179 150 196 150 212 150 229 154 242 171 254L408 500 167 742C138 771 138 800 167 829 196 858 225 858 254 829L496 587 738 829C750 842 767 846 783 846 800 846 817 842 829 829 842 817 846 804 846 783 846 767 842 750 829 737L588 500 833 258C863 229 863 200 833 171 804 137 775 137 742 167Z\"><\/path><\/svg>\t\t<\/div>\n\t\t\t\t\t<nav class=\"elementor-nav-menu--dropdown elementor-nav-menu__container\" aria-hidden=\"true\">\n\t\t\t\t<ul id=\"menu-2-318f8236\" class=\"elementor-nav-menu\"><li class=\"menu-item menu-item-type-post_type menu-item-object-page menu-item-home menu-item-17206\"><a class=\"elementor-item\" href=\"https:\/\/immigrantquebec.com\/fr\/\" tabindex=\"-1\">Accueil<\/a><\/li>\n<li class=\"menu-item menu-item-type-taxonomy menu-item-object-category menu-item-17203\"><a class=\"elementor-item\" href=\"https:\/\/immigrantquebec.com\/fr\/actualites\/\" tabindex=\"-1\">Actualit\u00e9s<\/a><\/li>\n<li class=\"menu-item menu-item-type-taxonomy menu-item-object-category menu-item-17205\"><a class=\"elementor-item\" href=\"https:\/\/immigrantquebec.com\/fr\/bulletins-de-limmigration\/\" tabindex=\"-1\">Bulletins de l&rsquo;immigration<\/a><\/li>\n<li class=\"menu-item menu-item-type-taxonomy menu-item-object-category menu-item-17204\"><a class=\"elementor-item\" href=\"https:\/\/immigrantquebec.com\/fr\/conseils-d-experts\/\" tabindex=\"-1\">Conseils d&rsquo;experts<\/a><\/li>\n<li class=\"menu-item menu-item-type-post_type menu-item-object-page menu-item-17208\"><a class=\"elementor-item\" href=\"https:\/\/immigrantquebec.com\/fr\/guides\/\" tabindex=\"-1\">Guides<\/a><\/li>\n<li class=\"menu-item menu-item-type-post_type menu-item-object-page menu-item-17207\"><a class=\"elementor-item\" href=\"https:\/\/immigrantquebec.com\/fr\/evenements\/\" tabindex=\"-1\">\u00c9v\u00e9nements<\/a><\/li>\n<\/ul>\t\t\t<\/nav>\n\t\t\t\t\t\t<\/div>\n\t\t\t\t\t<\/div>\n\t\t<\/div>\n\t\t\t\t<div class=\"elementor-column elementor-col-25 elementor-top-column elementor-element elementor-element-76eca78\" data-id=\"76eca78\" data-element_type=\"column\" data-e-type=\"column\">\n\t\t\t<div class=\"elementor-widget-wrap elementor-element-populated\">\n\t\t\t\t\t\t<div class=\"elementor-element elementor-element-5492fd6 elementor-widget elementor-widget-heading\" data-id=\"5492fd6\" data-element_type=\"widget\" data-e-type=\"widget\" data-widget_type=\"heading.default\">\n\t\t\t\t\t<h1 class=\"elementor-heading-title elementor-size-default\">Bulletin de l'immigration<\/h1>\t\t\t\t<\/div>\n\t\t\t\t<div class=\"elementor-element elementor-element-33a02ea6 elementor-widget-tablet__width-initial elementor-widget elementor-widget-text-editor\" data-id=\"33a02ea6\" data-element_type=\"widget\" data-e-type=\"widget\" data-widget_type=\"text-editor.default\">\n\t\t\t\t\t\t\t\t\t<p class=\"p1\">L\u2019essentiel de l\u2019actualit\u00e9 de l\u2019immigration au Qu\u00e9bec<\/p>\t\t\t\t\t\t\t\t<\/div>\n\t\t\t\t\t<\/div>\n\t\t<\/div>\n\t\t\t\t<div class=\"elementor-column elementor-col-25 elementor-top-column elementor-element elementor-element-2dff5d7d\" data-id=\"2dff5d7d\" data-element_type=\"column\" data-e-type=\"column\">\n\t\t\t<div class=\"elementor-widget-wrap elementor-element-populated\">\n\t\t\t\t\t\t<div class=\"elementor-element elementor-element-5e43a070 elementor-widget elementor-widget-text-editor\" data-id=\"5e43a070\" data-element_type=\"widget\" data-e-type=\"widget\" data-widget_type=\"text-editor.default\">\n\t\t\t\t\t\t\t\t\tf\u00e9vrier 2025\t\t\t\t\t\t\t\t<\/div>\n\t\t\t\t\t<\/div>\n\t\t<\/div>\n\t\t\t\t<div class=\"elementor-column elementor-col-25 elementor-top-column elementor-element elementor-element-6d569348\" data-id=\"6d569348\" data-element_type=\"column\" data-e-type=\"column\">\n\t\t\t<div class=\"elementor-widget-wrap elementor-element-populated\">\n\t\t\t\t\t\t<div class=\"elementor-element elementor-element-29aeddc7 elementor-widget__width-initial elementor-widget-mobile__width-initial elementor-widget elementor-widget-text-editor\" data-id=\"29aeddc7\" data-element_type=\"widget\" data-e-type=\"widget\" data-widget_type=\"text-editor.default\">\n\t\t\t\t\t\t\t\t\t<p>#26<\/p>\t\t\t\t\t\t\t\t<\/div>\n\t\t\t\t\t<\/div>\n\t\t<\/div>\n\t\t\t\t\t<\/div>\n\t\t<\/section>\n\t\t\t\t<section class=\"elementor-section elementor-top-section elementor-element elementor-element-6e2ae26 elementor-section-height-min-height elementor-hidden-desktop elementor-hidden-tablet elementor-section-boxed elementor-section-height-default elementor-section-items-middle\" data-id=\"6e2ae26\" data-element_type=\"section\" data-e-type=\"section\" data-settings=\"{&quot;background_background&quot;:&quot;classic&quot;,&quot;sticky&quot;:&quot;top&quot;,&quot;sticky_on&quot;:[&quot;mobile&quot;],&quot;sticky_offset&quot;:0,&quot;sticky_effects_offset&quot;:0,&quot;sticky_anchor_link_offset&quot;:0}\">\n\t\t\t\t\t\t<div class=\"elementor-container elementor-column-gap-no\">\n\t\t\t\t\t<div class=\"elementor-column elementor-col-50 elementor-top-column elementor-element elementor-element-463bfafe\" data-id=\"463bfafe\" data-element_type=\"column\" data-e-type=\"column\">\n\t\t\t<div class=\"elementor-widget-wrap elementor-element-populated\">\n\t\t\t\t\t\t<div class=\"elementor-element elementor-element-63256666 elementor-widget elementor-widget-heading\" data-id=\"63256666\" data-element_type=\"widget\" data-e-type=\"widget\" data-widget_type=\"heading.default\">\n\t\t\t\t\t<h1 class=\"elementor-heading-title elementor-size-default\">Bulletin de l'immigration<\/h1>\t\t\t\t<\/div>\n\t\t\t\t\t<\/div>\n\t\t<\/div>\n\t\t\t\t<div class=\"elementor-column elementor-col-50 elementor-top-column elementor-element elementor-element-6d2928c6\" data-id=\"6d2928c6\" data-element_type=\"column\" data-e-type=\"column\">\n\t\t\t<div class=\"elementor-widget-wrap elementor-element-populated\">\n\t\t\t\t\t\t<div class=\"elementor-element elementor-element-43d3eb77 elementor-widget elementor-widget-text-editor\" data-id=\"43d3eb77\" data-element_type=\"widget\" data-e-type=\"widget\" data-widget_type=\"text-editor.default\">\n\t\t\t\t\t\t\t\t\tf\u00e9vrier 2025\t\t\t\t\t\t\t\t<\/div>\n\t\t\t\t\t<\/div>\n\t\t<\/div>\n\t\t\t\t\t<\/div>\n\t\t<\/section>\n\t\t\t\t<section class=\"elementor-section elementor-top-section elementor-element elementor-element-3f13a77 elementor-reverse-mobile elementor-section-boxed elementor-section-height-default elementor-section-height-default\" data-id=\"3f13a77\" data-element_type=\"section\" data-e-type=\"section\" id=\"bdi-edito\">\n\t\t\t\t\t\t<div class=\"elementor-container elementor-column-gap-default\">\n\t\t\t\t\t<div class=\"elementor-column elementor-col-100 elementor-top-column elementor-element elementor-element-24f0b632\" data-id=\"24f0b632\" data-element_type=\"column\" data-e-type=\"column\">\n\t\t\t<div class=\"elementor-widget-wrap elementor-element-populated\">\n\t\t\t\t\t\t<div class=\"elementor-element elementor-element-73822530 elementor-widget__width-initial elementor-fixed elementor-view-default elementor-widget elementor-widget-icon\" data-id=\"73822530\" data-element_type=\"widget\" data-e-type=\"widget\" data-settings=\"{&quot;_position&quot;:&quot;fixed&quot;}\" data-widget_type=\"icon.default\">\n\t\t\t\t\t\t\t<div class=\"elementor-icon-wrapper\">\n\t\t\t<a class=\"elementor-icon\" href=\"https:\/\/immigrantquebec.com\/fr\/bulletins-de-limmigration\/\">\n\t\t\t<svg aria-hidden=\"true\" class=\"e-font-icon-svg e-fas-arrow-alt-circle-left\" viewBox=\"0 0 512 512\" xmlns=\"http:\/\/www.w3.org\/2000\/svg\"><path d=\"M256 504C119 504 8 393 8 256S119 8 256 8s248 111 248 248-111 248-248 248zm116-292H256v-70.9c0-10.7-13-16.1-20.5-8.5L121.2 247.5c-4.7 4.7-4.7 12.2 0 16.9l114.3 114.9c7.6 7.6 20.5 2.2 20.5-8.5V300h116c6.6 0 12-5.4 12-12v-64c0-6.6-5.4-12-12-12z\"><\/path><\/svg>\t\t\t<\/a>\n\t\t<\/div>\n\t\t\t\t\t\t<\/div>\n\t\t\t\t<div class=\"elementor-element elementor-element-4d176f7e elementor-widget__width-initial elementor-fixed elementor-view-default elementor-widget elementor-widget-icon\" data-id=\"4d176f7e\" data-element_type=\"widget\" data-e-type=\"widget\" data-settings=\"{&quot;_position&quot;:&quot;fixed&quot;}\" data-widget_type=\"icon.default\">\n\t\t\t\t\t\t\t<div class=\"elementor-icon-wrapper\">\n\t\t\t<a class=\"elementor-icon\" href=\"#bdi-sommaire\">\n\t\t\t<svg aria-hidden=\"true\" class=\"e-font-icon-svg e-fas-sort-amount-up\" viewBox=\"0 0 512 512\" xmlns=\"http:\/\/www.w3.org\/2000\/svg\"><path d=\"M304 416h-64a16 16 0 0 0-16 16v32a16 16 0 0 0 16 16h64a16 16 0 0 0 16-16v-32a16 16 0 0 0-16-16zM16 160h48v304a16 16 0 0 0 16 16h32a16 16 0 0 0 16-16V160h48c14.21 0 21.38-17.24 11.31-27.31l-80-96a16 16 0 0 0-22.62 0l-80 96C-5.35 142.74 1.77 160 16 160zm416 0H240a16 16 0 0 0-16 16v32a16 16 0 0 0 16 16h192a16 16 0 0 0 16-16v-32a16 16 0 0 0-16-16zm-64 128H240a16 16 0 0 0-16 16v32a16 16 0 0 0 16 16h128a16 16 0 0 0 16-16v-32a16 16 0 0 0-16-16zM496 32H240a16 16 0 0 0-16 16v32a16 16 0 0 0 16 16h256a16 16 0 0 0 16-16V48a16 16 0 0 0-16-16z\"><\/path><\/svg>\t\t\t<\/a>\n\t\t<\/div>\n\t\t\t\t\t\t<\/div>\n\t\t\t\t<div class=\"elementor-element elementor-element-2c791d9 elementor-widget elementor-widget-theme-post-featured-image elementor-widget-image\" data-id=\"2c791d9\" data-element_type=\"widget\" data-e-type=\"widget\" data-widget_type=\"theme-post-featured-image.default\">\n\t\t\t\t\t\t\t\t\t\t\t\t\t\t\t<img decoding=\"async\" width=\"950\" height=\"400\" src=\"https:\/\/immigrantquebec.com\/fr\/wp-content\/uploads\/2025\/02\/BDI-fev-2025-MEAVANT.jpg\" class=\"attachment-full size-full wp-image-17354\" alt=\"\" srcset=\"https:\/\/immigrantquebec.com\/fr\/wp-content\/uploads\/2025\/02\/BDI-fev-2025-MEAVANT.jpg 950w, https:\/\/immigrantquebec.com\/fr\/wp-content\/uploads\/2025\/02\/BDI-fev-2025-MEAVANT-300x126.jpg 300w, https:\/\/immigrantquebec.com\/fr\/wp-content\/uploads\/2025\/02\/BDI-fev-2025-MEAVANT-768x323.jpg 768w\" sizes=\"(max-width: 950px) 100vw, 950px\" \/>\t\t\t\t\t\t\t\t\t\t\t\t\t\t\t<\/div>\n\t\t\t\t<div class=\"elementor-element elementor-element-5f7bd07b elementor-widget elementor-widget-heading\" data-id=\"5f7bd07b\" data-element_type=\"widget\" data-e-type=\"widget\" data-widget_type=\"heading.default\">\n\t\t\t\t\t<span class=\"elementor-heading-title elementor-size-default\">\u00e9dito<\/span>\t\t\t\t<\/div>\n\t\t\t\t<div class=\"elementor-element elementor-element-2fda5906 elementor-widget elementor-widget-text-editor\" data-id=\"2fda5906\" data-element_type=\"widget\" data-e-type=\"widget\" data-widget_type=\"text-editor.default\">\n\t\t\t\t\t\t\t\t\t<p style=\"font-weight: 400;\">Il y a un an, le Canada et le Qu\u00e9bec entamaient un virage en mati\u00e8re d\u2019immigration, destin\u00e9 \u00e0 diminuer la part de r\u00e9sidents temporaires pr\u00e9sents et \u00e0 instaurer davantage de contr\u00f4le sur les flux entrants, \u00e9conomiques, migratoires ou de vill\u00e9giature\u00a0: \u00e9tudiants \u00e9trangers, travailleurs temporaires, famille accompagnante, demandeurs d\u2019asile. Depuis, le paysage r\u00e9glementaire a bien chang\u00e9, et a poursuivi sa petite r\u00e9volution au mois de janvier.<\/p><p style=\"font-weight: 400;\"><\/p><div><span>Le permis de travail ouvert est rendu moins accessible, les travailleurs temporaires ne sont plus admissibles aux services publics en employabilit\u00e9 et les plafonds\u00a02025 du nombre de permis d\u2019\u00e9tudes d\u00e9livr\u00e9s par IRCC sont en baisse par rapport \u00e0 2024. Pendant ce temps, on investit dans la s\u00e9curit\u00e9 aux fronti\u00e8res avec les \u00c9tats-Unis. S\u2019il est encore trop t\u00f4t pour mesurer les effets de la d\u00e9mission du gouvernement du Canada, concomitamment \u00e0 l\u2019arriv\u00e9e de la nouvelle administration am\u00e9ricaine, on observe tout de m\u00eame depuis trois mois des changements \u00e0 la fronti\u00e8re, en mati\u00e8re ressources d\u00e9ploy\u00e9es sur le terrain, mais aussi d\u2019\u00e9change d\u2019informations sur les ressortissants \u00e9trangers.<\/span><\/div><div><\/div><p style=\"font-weight: 400;\"><\/p><p class=\"p1\"><span style=\"font-weight: 400;\">Au Qu\u00e9bec, on a salu\u00e9 le retour des RMR de Gatineau et de Trois-Rivi\u00e8res sous la barre des 6\u00a0% de ch\u00f4mage \u2014 synonyme pour les entreprises de recevabilit\u00e9 de leurs demandes d\u2019EIMT pour les travailleurs \u00e0 bas salaire. Mais alors que les perspectives d\u00e9mographiques \u00e0 moyen terme ne jouent pas en faveur de la province, les autorit\u00e9s souhaitent repenser un pan du contrat social entre le Qu\u00e9bec et ses immigrants \u00e0 travers un nouveau mod\u00e8le d\u2019int\u00e9gration aux valeurs traditionnelles.<\/span><\/p>\t\t\t\t\t\t\t\t<\/div>\n\t\t\t\t<section class=\"elementor-section elementor-inner-section elementor-element elementor-element-776b7a72 elementor-section-boxed elementor-section-height-default elementor-section-height-default\" data-id=\"776b7a72\" data-element_type=\"section\" data-e-type=\"section\" data-settings=\"{&quot;background_background&quot;:&quot;classic&quot;}\">\n\t\t\t\t\t\t<div class=\"elementor-container elementor-column-gap-default\">\n\t\t\t\t\t<div class=\"elementor-column elementor-col-20 elementor-inner-column elementor-element elementor-element-7fc64507\" data-id=\"7fc64507\" data-element_type=\"column\" data-e-type=\"column\">\n\t\t\t<div class=\"elementor-widget-wrap elementor-element-populated\">\n\t\t\t\t\t\t<div class=\"elementor-element elementor-element-51bcae03 elementor-widget elementor-widget-heading\" data-id=\"51bcae03\" data-element_type=\"widget\" data-e-type=\"widget\" data-widget_type=\"heading.default\">\n\t\t\t\t\t<h2 class=\"elementor-heading-title elementor-size-default\">R\u00e9daction<\/h2>\t\t\t\t<\/div>\n\t\t\t\t\t<\/div>\n\t\t<\/div>\n\t\t\t\t<div class=\"elementor-column elementor-col-20 elementor-inner-column elementor-element elementor-element-51861b3b\" data-id=\"51861b3b\" data-element_type=\"column\" data-e-type=\"column\">\n\t\t\t<div class=\"elementor-widget-wrap elementor-element-populated\">\n\t\t\t\t\t\t<div class=\"elementor-element elementor-element-3cef626e elementor-widget__width-initial elementor-widget elementor-widget-text-editor\" data-id=\"3cef626e\" data-element_type=\"widget\" data-e-type=\"widget\" data-widget_type=\"text-editor.default\">\n\t\t\t\t\t\t\t\t\t<p class=\"p2\">Direction<br \/><strong>Christophe Berthet<\/strong><\/p><p class=\"p2\">Coordination \u00e9ditoriale<br \/><strong>Basile Moratille<\/strong><\/p><p class=\"p2\">R\u00e9daction<br \/><strong>Marine Caleb<\/strong><br \/><strong>Basile Moratille<\/strong><\/p>\t\t\t\t\t\t\t\t<\/div>\n\t\t\t\t\t<\/div>\n\t\t<\/div>\n\t\t\t\t<div class=\"elementor-column elementor-col-20 elementor-inner-column elementor-element elementor-element-6460fc94\" data-id=\"6460fc94\" data-element_type=\"column\" data-e-type=\"column\">\n\t\t\t<div class=\"elementor-widget-wrap elementor-element-populated\">\n\t\t\t\t\t\t<div class=\"elementor-element elementor-element-529c7cff elementor-widget__width-initial elementor-widget elementor-widget-text-editor\" data-id=\"529c7cff\" data-element_type=\"widget\" data-e-type=\"widget\" data-widget_type=\"text-editor.default\">\n\t\t\t\t\t\t\t\t\t<p class=\"p2\">Conception Web<br \/><strong>Soufian Ajlani<\/strong><\/p><p class=\"p2\">Photo<br \/><strong>Unsplash, Shutterstock,<\/strong><br \/><strong>Immigrant Qu\u00e9bec<\/strong><\/p>\t\t\t\t\t\t\t\t<\/div>\n\t\t\t\t\t<\/div>\n\t\t<\/div>\n\t\t\t\t<div class=\"elementor-column elementor-col-20 elementor-inner-column elementor-element elementor-element-25f6c046\" data-id=\"25f6c046\" data-element_type=\"column\" data-e-type=\"column\">\n\t\t\t<div class=\"elementor-widget-wrap elementor-element-populated\">\n\t\t\t\t\t\t<div class=\"elementor-element elementor-element-12b8a079 elementor-widget__width-initial elementor-widget elementor-widget-text-editor\" data-id=\"12b8a079\" data-element_type=\"widget\" data-e-type=\"widget\" data-widget_type=\"text-editor.default\">\n\t\t\t\t\t\t\t\t\t<p class=\"p2\">\u00c9dit\u00e9 par<br \/><strong>Immigrant Qu\u00e9bec<\/strong><\/p><p class=\"p2\">115 rue Prince-Arthur Est<br \/>Montr\u00e9al H2X 1B5<br \/>(Qu\u00e9bec) Canada<\/p><p class=\"p3\">-&gt; <a href=\"http:\/\/immigrantquebec.com\">immigrantquebec.com<\/a><\/p><p class=\"p2\"><\/p>\t\t\t\t\t\t\t\t<\/div>\n\t\t\t\t\t<\/div>\n\t\t<\/div>\n\t\t\t\t<div class=\"elementor-column elementor-col-20 elementor-inner-column elementor-element elementor-element-7767f8b1\" data-id=\"7767f8b1\" data-element_type=\"column\" data-e-type=\"column\">\n\t\t\t<div class=\"elementor-widget-wrap elementor-element-populated\">\n\t\t\t\t\t\t<div class=\"elementor-element elementor-element-73d6fff2 elementor-widget__width-initial elementor-widget elementor-widget-text-editor\" data-id=\"73d6fff2\" data-element_type=\"widget\" data-e-type=\"widget\" data-widget_type=\"text-editor.default\">\n\t\t\t\t\t\t\t\t\t<p>Les textes contenus dans ce recueil n\u2019ont aucune valeur contractuelle. La reproduction totale ou partielle des textes est interdite sans accord pr\u00e9alable de l\u2019\u00e9diteur.<\/p>\t\t\t\t\t\t\t\t<\/div>\n\t\t\t\t\t<\/div>\n\t\t<\/div>\n\t\t\t\t\t<\/div>\n\t\t<\/section>\n\t\t\t\t\t<\/div>\n\t\t<\/div>\n\t\t\t\t\t<\/div>\n\t\t<\/section>\n\t\t\t\t<section class=\"elementor-section elementor-top-section elementor-element elementor-element-58f0858d elementor-section-boxed elementor-section-height-default elementor-section-height-default\" data-id=\"58f0858d\" data-element_type=\"section\" data-e-type=\"section\" id=\"bdi-sommaire\">\n\t\t\t\t\t\t<div class=\"elementor-container elementor-column-gap-default\">\n\t\t\t\t\t<div class=\"elementor-column elementor-col-100 elementor-top-column elementor-element elementor-element-4268dca8\" data-id=\"4268dca8\" data-element_type=\"column\" data-e-type=\"column\">\n\t\t\t<div class=\"elementor-widget-wrap elementor-element-populated\">\n\t\t\t\t\t\t<div class=\"elementor-element elementor-element-3fad2f1a elementor-widget elementor-widget-heading\" data-id=\"3fad2f1a\" data-element_type=\"widget\" data-e-type=\"widget\" data-widget_type=\"heading.default\">\n\t\t\t\t\t<h2 class=\"elementor-heading-title elementor-size-default\">SOMMAIRE<\/h2>\t\t\t\t<\/div>\n\t\t\t\t<section class=\"elementor-section elementor-inner-section elementor-element elementor-element-b652e18 elementor-section-boxed elementor-section-height-default elementor-section-height-default\" data-id=\"b652e18\" data-element_type=\"section\" data-e-type=\"section\">\n\t\t\t\t\t\t<div class=\"elementor-container elementor-column-gap-default\">\n\t\t\t\t\t<div class=\"elementor-column elementor-col-50 elementor-inner-column elementor-element elementor-element-280e196c\" data-id=\"280e196c\" data-element_type=\"column\" data-e-type=\"column\">\n\t\t\t<div class=\"elementor-widget-wrap elementor-element-populated\">\n\t\t\t\t\t\t<div class=\"elementor-element elementor-element-7a4965d1 elementor-toc--minimized-on-tablet elementor-widget elementor-widget-table-of-contents\" data-id=\"7a4965d1\" data-element_type=\"widget\" data-e-type=\"widget\" id=\"bdi-som-1\" data-settings=\"{&quot;no_headings_message&quot;:&quot;Aucun titre n\\u2019a \\u00e9t\\u00e9 trouv\\u00e9 sur cette page.&quot;,&quot;headings_by_tags&quot;:[&quot;h3&quot;,&quot;h4&quot;],&quot;container&quot;:&quot;#bdi-immigration&quot;,&quot;collapse_subitems&quot;:&quot;yes&quot;,&quot;marker_view&quot;:&quot;numbers&quot;,&quot;minimize_box&quot;:&quot;yes&quot;,&quot;minimized_on&quot;:&quot;tablet&quot;,&quot;hierarchical_view&quot;:&quot;yes&quot;,&quot;min_height&quot;:{&quot;unit&quot;:&quot;px&quot;,&quot;size&quot;:&quot;&quot;,&quot;sizes&quot;:[]},&quot;min_height_tablet&quot;:{&quot;unit&quot;:&quot;px&quot;,&quot;size&quot;:&quot;&quot;,&quot;sizes&quot;:[]},&quot;min_height_mobile&quot;:{&quot;unit&quot;:&quot;px&quot;,&quot;size&quot;:&quot;&quot;,&quot;sizes&quot;:[]}}\" data-widget_type=\"table-of-contents.default\">\n\t\t\t\t\t\t\t\t\t<div class=\"elementor-toc__header\">\n\t\t\t\t\t\t<h3 class=\"elementor-toc__header-title\">\n\t\t\t\tImmigration\t\t\t<\/h3>\n\t\t\t\t\t\t\t\t\t\t<div class=\"elementor-toc__toggle-button elementor-toc__toggle-button--expand\" role=\"button\" tabindex=\"0\" aria-controls=\"elementor-toc__7a4965d1\" aria-expanded=\"true\" aria-label=\"Ouvrir la table des mati\u00e8res\"><svg aria-hidden=\"true\" class=\"e-font-icon-svg e-fas-angle-double-down\" viewBox=\"0 0 320 512\" xmlns=\"http:\/\/www.w3.org\/2000\/svg\"><path d=\"M143 256.3L7 120.3c-9.4-9.4-9.4-24.6 0-33.9l22.6-22.6c9.4-9.4 24.6-9.4 33.9 0l96.4 96.4 96.4-96.4c9.4-9.4 24.6-9.4 33.9 0L313 86.3c9.4 9.4 9.4 24.6 0 33.9l-136 136c-9.4 9.5-24.6 9.5-34 .1zm34 192l136-136c9.4-9.4 9.4-24.6 0-33.9l-22.6-22.6c-9.4-9.4-24.6-9.4-33.9 0L160 352.1l-96.4-96.4c-9.4-9.4-24.6-9.4-33.9 0L7 278.3c-9.4 9.4-9.4 24.6 0 33.9l136 136c9.4 9.5 24.6 9.5 34 .1z\"><\/path><\/svg><\/div>\n\t\t\t\t<div class=\"elementor-toc__toggle-button elementor-toc__toggle-button--collapse\" role=\"button\" tabindex=\"0\" aria-controls=\"elementor-toc__7a4965d1\" aria-expanded=\"true\" aria-label=\"Fermer la table des mati\u00e8res\"><svg aria-hidden=\"true\" class=\"e-font-icon-svg e-fas-angle-double-up\" viewBox=\"0 0 320 512\" xmlns=\"http:\/\/www.w3.org\/2000\/svg\"><path d=\"M177 255.7l136 136c9.4 9.4 9.4 24.6 0 33.9l-22.6 22.6c-9.4 9.4-24.6 9.4-33.9 0L160 351.9l-96.4 96.4c-9.4 9.4-24.6 9.4-33.9 0L7 425.7c-9.4-9.4-9.4-24.6 0-33.9l136-136c9.4-9.5 24.6-9.5 34-.1zm-34-192L7 199.7c-9.4 9.4-9.4 24.6 0 33.9l22.6 22.6c9.4 9.4 24.6 9.4 33.9 0l96.4-96.4 96.4 96.4c9.4 9.4 24.6 9.4 33.9 0l22.6-22.6c9.4-9.4 9.4-24.6 0-33.9l-136-136c-9.2-9.4-24.4-9.4-33.8 0z\"><\/path><\/svg><\/div>\n\t\t\t\t\t<\/div>\n\t\t\t\t<div id=\"elementor-toc__7a4965d1\" class=\"elementor-toc__body elementor-toc__list-items--collapsible\">\n\t\t\t<div class=\"elementor-toc__spinner-container\">\n\t\t\t\t<svg class=\"elementor-toc__spinner eicon-animation-spin e-font-icon-svg e-eicon-loading\" aria-hidden=\"true\" viewBox=\"0 0 1000 1000\" xmlns=\"http:\/\/www.w3.org\/2000\/svg\"><path d=\"M500 975V858C696 858 858 696 858 500S696 142 500 142 142 304 142 500H25C25 237 238 25 500 25S975 237 975 500 763 975 500 975Z\"><\/path><\/svg>\t\t\t<\/div>\n\t\t<\/div>\n\t\t\t\t\t\t<\/div>\n\t\t\t\t\t<\/div>\n\t\t<\/div>\n\t\t\t\t<div class=\"elementor-column elementor-col-50 elementor-inner-column elementor-element elementor-element-724ffee5\" data-id=\"724ffee5\" data-element_type=\"column\" data-e-type=\"column\">\n\t\t\t<div class=\"elementor-widget-wrap elementor-element-populated\">\n\t\t\t\t\t\t<div class=\"elementor-element elementor-element-110ddeb elementor-toc--minimized-on-tablet elementor-widget elementor-widget-table-of-contents\" data-id=\"110ddeb\" data-element_type=\"widget\" data-e-type=\"widget\" id=\"bdi-som-2\" data-settings=\"{&quot;headings_by_tags&quot;:[&quot;h3&quot;,&quot;h4&quot;],&quot;container&quot;:&quot;#bdi-integration&quot;,&quot;no_headings_message&quot;:&quot;Aucun titre n\\u2019a \\u00e9t\\u00e9 trouv\\u00e9 sur cette page.&quot;,&quot;marker_view&quot;:&quot;numbers&quot;,&quot;minimize_box&quot;:&quot;yes&quot;,&quot;minimized_on&quot;:&quot;tablet&quot;,&quot;hierarchical_view&quot;:&quot;yes&quot;,&quot;min_height&quot;:{&quot;unit&quot;:&quot;px&quot;,&quot;size&quot;:&quot;&quot;,&quot;sizes&quot;:[]},&quot;min_height_tablet&quot;:{&quot;unit&quot;:&quot;px&quot;,&quot;size&quot;:&quot;&quot;,&quot;sizes&quot;:[]},&quot;min_height_mobile&quot;:{&quot;unit&quot;:&quot;px&quot;,&quot;size&quot;:&quot;&quot;,&quot;sizes&quot;:[]}}\" data-widget_type=\"table-of-contents.default\">\n\t\t\t\t\t\t\t\t\t<div class=\"elementor-toc__header\">\n\t\t\t\t\t\t<h3 class=\"elementor-toc__header-title\">\n\t\t\t\tInt\u00e9gration\t\t\t<\/h3>\n\t\t\t\t\t\t\t\t\t\t<div class=\"elementor-toc__toggle-button elementor-toc__toggle-button--expand\" role=\"button\" tabindex=\"0\" aria-controls=\"elementor-toc__110ddeb\" aria-expanded=\"true\" aria-label=\"Ouvrir la table des mati\u00e8res\"><svg aria-hidden=\"true\" class=\"e-font-icon-svg e-fas-angle-double-down\" viewBox=\"0 0 320 512\" xmlns=\"http:\/\/www.w3.org\/2000\/svg\"><path d=\"M143 256.3L7 120.3c-9.4-9.4-9.4-24.6 0-33.9l22.6-22.6c9.4-9.4 24.6-9.4 33.9 0l96.4 96.4 96.4-96.4c9.4-9.4 24.6-9.4 33.9 0L313 86.3c9.4 9.4 9.4 24.6 0 33.9l-136 136c-9.4 9.5-24.6 9.5-34 .1zm34 192l136-136c9.4-9.4 9.4-24.6 0-33.9l-22.6-22.6c-9.4-9.4-24.6-9.4-33.9 0L160 352.1l-96.4-96.4c-9.4-9.4-24.6-9.4-33.9 0L7 278.3c-9.4 9.4-9.4 24.6 0 33.9l136 136c9.4 9.5 24.6 9.5 34 .1z\"><\/path><\/svg><\/div>\n\t\t\t\t<div class=\"elementor-toc__toggle-button elementor-toc__toggle-button--collapse\" role=\"button\" tabindex=\"0\" aria-controls=\"elementor-toc__110ddeb\" aria-expanded=\"true\" aria-label=\"Fermer la table des mati\u00e8res\"><svg aria-hidden=\"true\" class=\"e-font-icon-svg e-fas-angle-double-up\" viewBox=\"0 0 320 512\" xmlns=\"http:\/\/www.w3.org\/2000\/svg\"><path d=\"M177 255.7l136 136c9.4 9.4 9.4 24.6 0 33.9l-22.6 22.6c-9.4 9.4-24.6 9.4-33.9 0L160 351.9l-96.4 96.4c-9.4 9.4-24.6 9.4-33.9 0L7 425.7c-9.4-9.4-9.4-24.6 0-33.9l136-136c9.4-9.5 24.6-9.5 34-.1zm-34-192L7 199.7c-9.4 9.4-9.4 24.6 0 33.9l22.6 22.6c9.4 9.4 24.6 9.4 33.9 0l96.4-96.4 96.4 96.4c9.4 9.4 24.6 9.4 33.9 0l22.6-22.6c9.4-9.4 9.4-24.6 0-33.9l-136-136c-9.2-9.4-24.4-9.4-33.8 0z\"><\/path><\/svg><\/div>\n\t\t\t\t\t<\/div>\n\t\t\t\t<div id=\"elementor-toc__110ddeb\" class=\"elementor-toc__body\">\n\t\t\t<div class=\"elementor-toc__spinner-container\">\n\t\t\t\t<svg class=\"elementor-toc__spinner eicon-animation-spin e-font-icon-svg e-eicon-loading\" aria-hidden=\"true\" viewBox=\"0 0 1000 1000\" xmlns=\"http:\/\/www.w3.org\/2000\/svg\"><path d=\"M500 975V858C696 858 858 696 858 500S696 142 500 142 142 304 142 500H25C25 237 238 25 500 25S975 237 975 500 763 975 500 975Z\"><\/path><\/svg>\t\t\t<\/div>\n\t\t<\/div>\n\t\t\t\t\t\t<\/div>\n\t\t\t\t\t<\/div>\n\t\t<\/div>\n\t\t\t\t\t<\/div>\n\t\t<\/section>\n\t\t\t\t<section class=\"elementor-section elementor-inner-section elementor-element elementor-element-79897e7e elementor-section-boxed elementor-section-height-default elementor-section-height-default\" data-id=\"79897e7e\" data-element_type=\"section\" data-e-type=\"section\">\n\t\t\t\t\t\t<div class=\"elementor-container elementor-column-gap-default\">\n\t\t\t\t\t<div class=\"elementor-column elementor-col-50 elementor-inner-column elementor-element elementor-element-69dc0036\" data-id=\"69dc0036\" data-element_type=\"column\" data-e-type=\"column\">\n\t\t\t<div class=\"elementor-widget-wrap elementor-element-populated\">\n\t\t\t\t\t\t<div class=\"elementor-element elementor-element-44aca410 elementor-toc--minimized-on-tablet elementor-widget elementor-widget-table-of-contents\" data-id=\"44aca410\" data-element_type=\"widget\" data-e-type=\"widget\" id=\"bdi-som-3\" data-settings=\"{&quot;no_headings_message&quot;:&quot;Aucun titre n\\u2019a \\u00e9t\\u00e9 trouv\\u00e9 sur cette page.&quot;,&quot;headings_by_tags&quot;:[&quot;h3&quot;,&quot;h4&quot;],&quot;container&quot;:&quot;#bdi-emploi&quot;,&quot;marker_view&quot;:&quot;numbers&quot;,&quot;minimize_box&quot;:&quot;yes&quot;,&quot;minimized_on&quot;:&quot;tablet&quot;,&quot;hierarchical_view&quot;:&quot;yes&quot;,&quot;min_height&quot;:{&quot;unit&quot;:&quot;px&quot;,&quot;size&quot;:&quot;&quot;,&quot;sizes&quot;:[]},&quot;min_height_tablet&quot;:{&quot;unit&quot;:&quot;px&quot;,&quot;size&quot;:&quot;&quot;,&quot;sizes&quot;:[]},&quot;min_height_mobile&quot;:{&quot;unit&quot;:&quot;px&quot;,&quot;size&quot;:&quot;&quot;,&quot;sizes&quot;:[]}}\" data-widget_type=\"table-of-contents.default\">\n\t\t\t\t\t\t\t\t\t<div class=\"elementor-toc__header\">\n\t\t\t\t\t\t<h3 class=\"elementor-toc__header-title\">\n\t\t\t\tEmploi\t\t\t<\/h3>\n\t\t\t\t\t\t\t\t\t\t<div class=\"elementor-toc__toggle-button elementor-toc__toggle-button--expand\" role=\"button\" tabindex=\"0\" aria-controls=\"elementor-toc__44aca410\" aria-expanded=\"true\" aria-label=\"Ouvrir la table des mati\u00e8res\"><svg aria-hidden=\"true\" class=\"e-font-icon-svg e-fas-angle-double-down\" viewBox=\"0 0 320 512\" xmlns=\"http:\/\/www.w3.org\/2000\/svg\"><path d=\"M143 256.3L7 120.3c-9.4-9.4-9.4-24.6 0-33.9l22.6-22.6c9.4-9.4 24.6-9.4 33.9 0l96.4 96.4 96.4-96.4c9.4-9.4 24.6-9.4 33.9 0L313 86.3c9.4 9.4 9.4 24.6 0 33.9l-136 136c-9.4 9.5-24.6 9.5-34 .1zm34 192l136-136c9.4-9.4 9.4-24.6 0-33.9l-22.6-22.6c-9.4-9.4-24.6-9.4-33.9 0L160 352.1l-96.4-96.4c-9.4-9.4-24.6-9.4-33.9 0L7 278.3c-9.4 9.4-9.4 24.6 0 33.9l136 136c9.4 9.5 24.6 9.5 34 .1z\"><\/path><\/svg><\/div>\n\t\t\t\t<div class=\"elementor-toc__toggle-button elementor-toc__toggle-button--collapse\" role=\"button\" tabindex=\"0\" aria-controls=\"elementor-toc__44aca410\" aria-expanded=\"true\" aria-label=\"Fermer la table des mati\u00e8res\"><svg aria-hidden=\"true\" class=\"e-font-icon-svg e-fas-angle-double-up\" viewBox=\"0 0 320 512\" xmlns=\"http:\/\/www.w3.org\/2000\/svg\"><path d=\"M177 255.7l136 136c9.4 9.4 9.4 24.6 0 33.9l-22.6 22.6c-9.4 9.4-24.6 9.4-33.9 0L160 351.9l-96.4 96.4c-9.4 9.4-24.6 9.4-33.9 0L7 425.7c-9.4-9.4-9.4-24.6 0-33.9l136-136c9.4-9.5 24.6-9.5 34-.1zm-34-192L7 199.7c-9.4 9.4-9.4 24.6 0 33.9l22.6 22.6c9.4 9.4 24.6 9.4 33.9 0l96.4-96.4 96.4 96.4c9.4 9.4 24.6 9.4 33.9 0l22.6-22.6c9.4-9.4 9.4-24.6 0-33.9l-136-136c-9.2-9.4-24.4-9.4-33.8 0z\"><\/path><\/svg><\/div>\n\t\t\t\t\t<\/div>\n\t\t\t\t<div id=\"elementor-toc__44aca410\" class=\"elementor-toc__body\">\n\t\t\t<div class=\"elementor-toc__spinner-container\">\n\t\t\t\t<svg class=\"elementor-toc__spinner eicon-animation-spin e-font-icon-svg e-eicon-loading\" aria-hidden=\"true\" viewBox=\"0 0 1000 1000\" xmlns=\"http:\/\/www.w3.org\/2000\/svg\"><path d=\"M500 975V858C696 858 858 696 858 500S696 142 500 142 142 304 142 500H25C25 237 238 25 500 25S975 237 975 500 763 975 500 975Z\"><\/path><\/svg>\t\t\t<\/div>\n\t\t<\/div>\n\t\t\t\t\t\t<\/div>\n\t\t\t\t\t<\/div>\n\t\t<\/div>\n\t\t\t\t<div class=\"elementor-column elementor-col-50 elementor-inner-column elementor-element elementor-element-67b606e4\" data-id=\"67b606e4\" data-element_type=\"column\" data-e-type=\"column\">\n\t\t\t<div class=\"elementor-widget-wrap elementor-element-populated\">\n\t\t\t\t\t\t<div class=\"elementor-element elementor-element-29b7a1b7 elementor-toc--minimized-on-tablet elementor-widget elementor-widget-table-of-contents\" data-id=\"29b7a1b7\" data-element_type=\"widget\" data-e-type=\"widget\" id=\"bdi-som-4\" data-settings=\"{&quot;headings_by_tags&quot;:[&quot;h3&quot;,&quot;h4&quot;],&quot;container&quot;:&quot;#bdi-etudes&quot;,&quot;no_headings_message&quot;:&quot;Aucun titre n\\u2019a \\u00e9t\\u00e9 trouv\\u00e9 sur cette page.&quot;,&quot;marker_view&quot;:&quot;numbers&quot;,&quot;minimize_box&quot;:&quot;yes&quot;,&quot;minimized_on&quot;:&quot;tablet&quot;,&quot;hierarchical_view&quot;:&quot;yes&quot;,&quot;min_height&quot;:{&quot;unit&quot;:&quot;px&quot;,&quot;size&quot;:&quot;&quot;,&quot;sizes&quot;:[]},&quot;min_height_tablet&quot;:{&quot;unit&quot;:&quot;px&quot;,&quot;size&quot;:&quot;&quot;,&quot;sizes&quot;:[]},&quot;min_height_mobile&quot;:{&quot;unit&quot;:&quot;px&quot;,&quot;size&quot;:&quot;&quot;,&quot;sizes&quot;:[]}}\" data-widget_type=\"table-of-contents.default\">\n\t\t\t\t\t\t\t\t\t<div class=\"elementor-toc__header\">\n\t\t\t\t\t\t<h3 class=\"elementor-toc__header-title\">\n\t\t\t\t\u00c9tudes\t\t\t<\/h3>\n\t\t\t\t\t\t\t\t\t\t<div class=\"elementor-toc__toggle-button elementor-toc__toggle-button--expand\" role=\"button\" tabindex=\"0\" aria-controls=\"elementor-toc__29b7a1b7\" aria-expanded=\"true\" aria-label=\"Ouvrir la table des mati\u00e8res\"><svg aria-hidden=\"true\" class=\"e-font-icon-svg e-fas-angle-double-down\" viewBox=\"0 0 320 512\" xmlns=\"http:\/\/www.w3.org\/2000\/svg\"><path d=\"M143 256.3L7 120.3c-9.4-9.4-9.4-24.6 0-33.9l22.6-22.6c9.4-9.4 24.6-9.4 33.9 0l96.4 96.4 96.4-96.4c9.4-9.4 24.6-9.4 33.9 0L313 86.3c9.4 9.4 9.4 24.6 0 33.9l-136 136c-9.4 9.5-24.6 9.5-34 .1zm34 192l136-136c9.4-9.4 9.4-24.6 0-33.9l-22.6-22.6c-9.4-9.4-24.6-9.4-33.9 0L160 352.1l-96.4-96.4c-9.4-9.4-24.6-9.4-33.9 0L7 278.3c-9.4 9.4-9.4 24.6 0 33.9l136 136c9.4 9.5 24.6 9.5 34 .1z\"><\/path><\/svg><\/div>\n\t\t\t\t<div class=\"elementor-toc__toggle-button elementor-toc__toggle-button--collapse\" role=\"button\" tabindex=\"0\" aria-controls=\"elementor-toc__29b7a1b7\" aria-expanded=\"true\" aria-label=\"Fermer la table des mati\u00e8res\"><svg aria-hidden=\"true\" class=\"e-font-icon-svg e-fas-angle-double-up\" viewBox=\"0 0 320 512\" xmlns=\"http:\/\/www.w3.org\/2000\/svg\"><path d=\"M177 255.7l136 136c9.4 9.4 9.4 24.6 0 33.9l-22.6 22.6c-9.4 9.4-24.6 9.4-33.9 0L160 351.9l-96.4 96.4c-9.4 9.4-24.6 9.4-33.9 0L7 425.7c-9.4-9.4-9.4-24.6 0-33.9l136-136c9.4-9.5 24.6-9.5 34-.1zm-34-192L7 199.7c-9.4 9.4-9.4 24.6 0 33.9l22.6 22.6c9.4 9.4 24.6 9.4 33.9 0l96.4-96.4 96.4 96.4c9.4 9.4 24.6 9.4 33.9 0l22.6-22.6c9.4-9.4 9.4-24.6 0-33.9l-136-136c-9.2-9.4-24.4-9.4-33.8 0z\"><\/path><\/svg><\/div>\n\t\t\t\t\t<\/div>\n\t\t\t\t<div id=\"elementor-toc__29b7a1b7\" class=\"elementor-toc__body\">\n\t\t\t<div class=\"elementor-toc__spinner-container\">\n\t\t\t\t<svg class=\"elementor-toc__spinner eicon-animation-spin e-font-icon-svg e-eicon-loading\" aria-hidden=\"true\" viewBox=\"0 0 1000 1000\" xmlns=\"http:\/\/www.w3.org\/2000\/svg\"><path d=\"M500 975V858C696 858 858 696 858 500S696 142 500 142 142 304 142 500H25C25 237 238 25 500 25S975 237 975 500 763 975 500 975Z\"><\/path><\/svg>\t\t\t<\/div>\n\t\t<\/div>\n\t\t\t\t\t\t<\/div>\n\t\t\t\t\t<\/div>\n\t\t<\/div>\n\t\t\t\t\t<\/div>\n\t\t<\/section>\n\t\t\t\t<section class=\"elementor-section elementor-inner-section elementor-element elementor-element-6ef89f72 elementor-section-boxed elementor-section-height-default elementor-section-height-default\" data-id=\"6ef89f72\" data-element_type=\"section\" data-e-type=\"section\">\n\t\t\t\t\t\t<div class=\"elementor-container elementor-column-gap-default\">\n\t\t\t\t\t<div class=\"elementor-column elementor-col-50 elementor-inner-column elementor-element elementor-element-1069ccd0\" data-id=\"1069ccd0\" data-element_type=\"column\" data-e-type=\"column\">\n\t\t\t<div class=\"elementor-widget-wrap elementor-element-populated\">\n\t\t\t\t\t\t<div class=\"elementor-element elementor-element-1ba69c4c elementor-toc--minimized-on-tablet elementor-widget elementor-widget-table-of-contents\" data-id=\"1ba69c4c\" data-element_type=\"widget\" data-e-type=\"widget\" id=\"bdi-som-5\" data-settings=\"{&quot;no_headings_message&quot;:&quot;Aucun titre n\\u2019a \\u00e9t\\u00e9 trouv\\u00e9 sur cette page.&quot;,&quot;headings_by_tags&quot;:[&quot;h3&quot;,&quot;h4&quot;],&quot;container&quot;:&quot;#bdi-federal&quot;,&quot;marker_view&quot;:&quot;numbers&quot;,&quot;minimize_box&quot;:&quot;yes&quot;,&quot;minimized_on&quot;:&quot;tablet&quot;,&quot;hierarchical_view&quot;:&quot;yes&quot;,&quot;min_height&quot;:{&quot;unit&quot;:&quot;px&quot;,&quot;size&quot;:&quot;&quot;,&quot;sizes&quot;:[]},&quot;min_height_tablet&quot;:{&quot;unit&quot;:&quot;px&quot;,&quot;size&quot;:&quot;&quot;,&quot;sizes&quot;:[]},&quot;min_height_mobile&quot;:{&quot;unit&quot;:&quot;px&quot;,&quot;size&quot;:&quot;&quot;,&quot;sizes&quot;:[]}}\" data-widget_type=\"table-of-contents.default\">\n\t\t\t\t\t\t\t\t\t<div class=\"elementor-toc__header\">\n\t\t\t\t\t\t<h3 class=\"elementor-toc__header-title\">\n\t\t\t\tF\u00e9d\u00e9ral\t\t\t<\/h3>\n\t\t\t\t\t\t\t\t\t\t<div class=\"elementor-toc__toggle-button elementor-toc__toggle-button--expand\" role=\"button\" tabindex=\"0\" aria-controls=\"elementor-toc__1ba69c4c\" aria-expanded=\"true\" aria-label=\"Ouvrir la table des mati\u00e8res\"><svg aria-hidden=\"true\" class=\"e-font-icon-svg e-fas-angle-double-down\" viewBox=\"0 0 320 512\" xmlns=\"http:\/\/www.w3.org\/2000\/svg\"><path d=\"M143 256.3L7 120.3c-9.4-9.4-9.4-24.6 0-33.9l22.6-22.6c9.4-9.4 24.6-9.4 33.9 0l96.4 96.4 96.4-96.4c9.4-9.4 24.6-9.4 33.9 0L313 86.3c9.4 9.4 9.4 24.6 0 33.9l-136 136c-9.4 9.5-24.6 9.5-34 .1zm34 192l136-136c9.4-9.4 9.4-24.6 0-33.9l-22.6-22.6c-9.4-9.4-24.6-9.4-33.9 0L160 352.1l-96.4-96.4c-9.4-9.4-24.6-9.4-33.9 0L7 278.3c-9.4 9.4-9.4 24.6 0 33.9l136 136c9.4 9.5 24.6 9.5 34 .1z\"><\/path><\/svg><\/div>\n\t\t\t\t<div class=\"elementor-toc__toggle-button elementor-toc__toggle-button--collapse\" role=\"button\" tabindex=\"0\" aria-controls=\"elementor-toc__1ba69c4c\" aria-expanded=\"true\" aria-label=\"Fermer la table des mati\u00e8res\"><svg aria-hidden=\"true\" class=\"e-font-icon-svg e-fas-angle-double-up\" viewBox=\"0 0 320 512\" xmlns=\"http:\/\/www.w3.org\/2000\/svg\"><path d=\"M177 255.7l136 136c9.4 9.4 9.4 24.6 0 33.9l-22.6 22.6c-9.4 9.4-24.6 9.4-33.9 0L160 351.9l-96.4 96.4c-9.4 9.4-24.6 9.4-33.9 0L7 425.7c-9.4-9.4-9.4-24.6 0-33.9l136-136c9.4-9.5 24.6-9.5 34-.1zm-34-192L7 199.7c-9.4 9.4-9.4 24.6 0 33.9l22.6 22.6c9.4 9.4 24.6 9.4 33.9 0l96.4-96.4 96.4 96.4c9.4 9.4 24.6 9.4 33.9 0l22.6-22.6c9.4-9.4 9.4-24.6 0-33.9l-136-136c-9.2-9.4-24.4-9.4-33.8 0z\"><\/path><\/svg><\/div>\n\t\t\t\t\t<\/div>\n\t\t\t\t<div id=\"elementor-toc__1ba69c4c\" class=\"elementor-toc__body\">\n\t\t\t<div class=\"elementor-toc__spinner-container\">\n\t\t\t\t<svg class=\"elementor-toc__spinner eicon-animation-spin e-font-icon-svg e-eicon-loading\" aria-hidden=\"true\" viewBox=\"0 0 1000 1000\" xmlns=\"http:\/\/www.w3.org\/2000\/svg\"><path d=\"M500 975V858C696 858 858 696 858 500S696 142 500 142 142 304 142 500H25C25 237 238 25 500 25S975 237 975 500 763 975 500 975Z\"><\/path><\/svg>\t\t\t<\/div>\n\t\t<\/div>\n\t\t\t\t\t\t<\/div>\n\t\t\t\t\t<\/div>\n\t\t<\/div>\n\t\t\t\t<div class=\"elementor-column elementor-col-50 elementor-inner-column elementor-element elementor-element-32c80de7\" data-id=\"32c80de7\" data-element_type=\"column\" data-e-type=\"column\">\n\t\t\t<div class=\"elementor-widget-wrap\">\n\t\t\t\t\t\t\t<\/div>\n\t\t<\/div>\n\t\t\t\t\t<\/div>\n\t\t<\/section>\n\t\t\t\t\t<\/div>\n\t\t<\/div>\n\t\t\t\t\t<\/div>\n\t\t<\/section>\n\t\t\t\t<section class=\"elementor-section elementor-top-section elementor-element elementor-element-43620871 elementor-section-boxed elementor-section-height-default elementor-section-height-default\" data-id=\"43620871\" data-element_type=\"section\" data-e-type=\"section\" id=\"bdi-immigration\" data-settings=\"{&quot;background_background&quot;:&quot;classic&quot;,&quot;shape_divider_top&quot;:&quot;wave-brush&quot;}\">\n\t\t\t\t\t<div class=\"elementor-shape elementor-shape-top\" aria-hidden=\"true\" data-negative=\"false\">\n\t\t\t<svg xmlns=\"http:\/\/www.w3.org\/2000\/svg\" viewBox=\"0 0 283.5 27.8\" preserveAspectRatio=\"none\">\n\t<path class=\"elementor-shape-fill\" d=\"M283.5,9.7c0,0-7.3,4.3-14,4.6c-6.8,0.3-12.6,0-20.9-1.5c-11.3-2-33.1-10.1-44.7-5.7\ts-12.1,4.6-18,7.4c-6.6,3.2-20,9.6-36.6,9.3C131.6,23.5,99.5,7.2,86.3,8c-1.4,0.1-6.6,0.8-10.5,2c-3.8,1.2-9.4,3.8-17,4.7\tc-3.2,0.4-8.3,1.1-14.2,0.9c-1.5-0.1-6.3-0.4-12-1.6c-5.7-1.2-11-3.1-15.8-3.7C6.5,9.2,0,10.8,0,10.8V0h283.5V9.7z M260.8,11.3\tc-0.7-1-2-0.4-4.3-0.4c-2.3,0-6.1-1.2-5.8-1.1c0.3,0.1,3.1,1.5,6,1.9C259.7,12.2,261.4,12.3,260.8,11.3z M242.4,8.6\tc0,0-2.4-0.2-5.6-0.9c-3.2-0.8-10.3-2.8-15.1-3.5c-8.2-1.1-15.8,0-15.1,0.1c0.8,0.1,9.6-0.6,17.6,1.1c3.3,0.7,9.3,2.2,12.4,2.7\tC239.9,8.7,242.4,8.6,242.4,8.6z M185.2,8.5c1.7-0.7-13.3,4.7-18.5,6.1c-2.1,0.6-6.2,1.6-10,2c-3.9,0.4-8.9,0.4-8.8,0.5\tc0,0.2,5.8,0.8,11.2,0c5.4-0.8,5.2-1.1,7.6-1.6C170.5,14.7,183.5,9.2,185.2,8.5z M199.1,6.9c0.2,0-0.8-0.4-4.8,1.1\tc-4,1.5-6.7,3.5-6.9,3.7c-0.2,0.1,3.5-1.8,6.6-3C197,7.5,199,6.9,199.1,6.9z M283,6c-0.1,0.1-1.9,1.1-4.8,2.5s-6.9,2.8-6.7,2.7\tc0.2,0,3.5-0.6,7.4-2.5C282.8,6.8,283.1,5.9,283,6z M31.3,11.6c0.1-0.2-1.9-0.2-4.5-1.2s-5.4-1.6-7.8-2C15,7.6,7.3,8.5,7.7,8.6\tC8,8.7,15.9,8.3,20.2,9.3c2.2,0.5,2.4,0.5,5.7,1.6S31.2,11.9,31.3,11.6z M73,9.2c0.4-0.1,3.5-1.6,8.4-2.6c4.9-1.1,8.9-0.5,8.9-0.8\tc0-0.3-1-0.9-6.2-0.3S72.6,9.3,73,9.2z M71.6,6.7C71.8,6.8,75,5.4,77.3,5c2.3-0.3,1.9-0.5,1.9-0.6c0-0.1-1.1-0.2-2.7,0.2\tC74.8,5.1,71.4,6.6,71.6,6.7z M93.6,4.4c0.1,0.2,3.5,0.8,5.6,1.8c2.1,1,1.8,0.6,1.9,0.5c0.1-0.1-0.8-0.8-2.4-1.3\tC97.1,4.8,93.5,4.2,93.6,4.4z M65.4,11.1c-0.1,0.3,0.3,0.5,1.9-0.2s2.6-1.3,2.2-1.2s-0.9,0.4-2.5,0.8C65.3,10.9,65.5,10.8,65.4,11.1\tz M34.5,12.4c-0.2,0,2.1,0.8,3.3,0.9c1.2,0.1,2,0.1,2-0.2c0-0.3-0.1-0.5-1.6-0.4C36.6,12.8,34.7,12.4,34.5,12.4z M152.2,21.1\tc-0.1,0.1-2.4-0.3-7.5-0.3c-5,0-13.6-2.4-17.2-3.5c-3.6-1.1,10,3.9,16.5,4.1C150.5,21.6,152.3,21,152.2,21.1z\"\/>\n\t<path class=\"elementor-shape-fill\" d=\"M269.6,18c-0.1-0.1-4.6,0.3-7.2,0c-7.3-0.7-17-3.2-16.6-2.9c0.4,0.3,13.7,3.1,17,3.3\tC267.7,18.8,269.7,18,269.6,18z\"\/>\n\t<path class=\"elementor-shape-fill\" d=\"M227.4,9.8c-0.2-0.1-4.5-1-9.5-1.2c-5-0.2-12.7,0.6-12.3,0.5c0.3-0.1,5.9-1.8,13.3-1.2\tS227.6,9.9,227.4,9.8z\"\/>\n\t<path class=\"elementor-shape-fill\" d=\"M204.5,13.4c-0.1-0.1,2-1,3.2-1.1c1.2-0.1,2,0,2,0.3c0,0.3-0.1,0.5-1.6,0.4\tC206.4,12.9,204.6,13.5,204.5,13.4z\"\/>\n\t<path class=\"elementor-shape-fill\" d=\"M201,10.6c0-0.1-4.4,1.2-6.3,2.2c-1.9,0.9-6.2,3.1-6.1,3.1c0.1,0.1,4.2-1.6,6.3-2.6\tS201,10.7,201,10.6z\"\/>\n\t<path class=\"elementor-shape-fill\" d=\"M154.5,26.7c-0.1-0.1-4.6,0.3-7.2,0c-7.3-0.7-17-3.2-16.6-2.9c0.4,0.3,13.7,3.1,17,3.3\tC152.6,27.5,154.6,26.8,154.5,26.7z\"\/>\n\t<path class=\"elementor-shape-fill\" d=\"M41.9,19.3c0,0,1.2-0.3,2.9-0.1c1.7,0.2,5.8,0.9,8.2,0.7c4.2-0.4,7.4-2.7,7-2.6\tc-0.4,0-4.3,2.2-8.6,1.9c-1.8-0.1-5.1-0.5-6.7-0.4S41.9,19.3,41.9,19.3z\"\/>\n\t<path class=\"elementor-shape-fill\" d=\"M75.5,12.6c0.2,0.1,2-0.8,4.3-1.1c2.3-0.2,2.1-0.3,2.1-0.5c0-0.1-1.8-0.4-3.4,0\tC76.9,11.5,75.3,12.5,75.5,12.6z\"\/>\n\t<path class=\"elementor-shape-fill\" d=\"M15.6,13.2c0-0.1,4.3,0,6.7,0.5c2.4,0.5,5,1.9,5,2c0,0.1-2.7-0.8-5.1-1.4\tC19.9,13.7,15.7,13.3,15.6,13.2z\"\/>\n<\/svg>\t\t<\/div>\n\t\t\t\t\t<div class=\"elementor-container elementor-column-gap-default\">\n\t\t\t\t\t<div class=\"elementor-column elementor-col-100 elementor-top-column elementor-element elementor-element-27772984\" data-id=\"27772984\" data-element_type=\"column\" data-e-type=\"column\">\n\t\t\t<div class=\"elementor-widget-wrap elementor-element-populated\">\n\t\t\t\t\t\t<section class=\"elementor-section elementor-inner-section elementor-element elementor-element-46b43e2a elementor-section-full_width elementor-section-height-default elementor-section-height-default\" data-id=\"46b43e2a\" data-element_type=\"section\" data-e-type=\"section\">\n\t\t\t\t\t\t<div class=\"elementor-container elementor-column-gap-no\">\n\t\t\t\t\t<div class=\"elementor-column elementor-col-100 elementor-inner-column elementor-element elementor-element-dea34f3\" data-id=\"dea34f3\" data-element_type=\"column\" data-e-type=\"column\">\n\t\t\t<div class=\"elementor-widget-wrap elementor-element-populated\">\n\t\t\t\t\t\t<div class=\"elementor-element elementor-element-6a03b31b elementor-widget elementor-widget-heading\" data-id=\"6a03b31b\" data-element_type=\"widget\" data-e-type=\"widget\" data-widget_type=\"heading.default\">\n\t\t\t\t\t<h2 class=\"elementor-heading-title elementor-size-default\">IMMIGRATION<\/h2>\t\t\t\t<\/div>\n\t\t\t\t<div class=\"elementor-element elementor-element-250155e9 elementor-position-inline-start elementor-view-stacked elementor-shape-circle elementor-mobile-position-block-start elementor-widget elementor-widget-icon-box\" data-id=\"250155e9\" data-element_type=\"widget\" data-e-type=\"widget\" id=\"bdi-titre-imm-1\" data-widget_type=\"icon-box.default\">\n\t\t\t\t\t\t\t<div class=\"elementor-icon-box-wrapper\">\n\n\t\t\t\t\t\t<div class=\"elementor-icon-box-icon\">\n\t\t\t\t<span  class=\"elementor-icon\">\n\t\t\t\t<svg aria-hidden=\"true\" class=\"e-font-icon-svg e-fas-angle-double-right\" viewBox=\"0 0 448 512\" xmlns=\"http:\/\/www.w3.org\/2000\/svg\"><path d=\"M224.3 273l-136 136c-9.4 9.4-24.6 9.4-33.9 0l-22.6-22.6c-9.4-9.4-9.4-24.6 0-33.9l96.4-96.4-96.4-96.4c-9.4-9.4-9.4-24.6 0-33.9L54.3 103c9.4-9.4 24.6-9.4 33.9 0l136 136c9.5 9.4 9.5 24.6.1 34zm192-34l-136-136c-9.4-9.4-24.6-9.4-33.9 0l-22.6 22.6c-9.4 9.4-9.4 24.6 0 33.9l96.4 96.4-96.4 96.4c-9.4 9.4-9.4 24.6 0 33.9l22.6 22.6c9.4 9.4 24.6 9.4 33.9 0l136-136c9.4-9.2 9.4-24.4 0-33.8z\"><\/path><\/svg>\t\t\t\t<\/span>\n\t\t\t<\/div>\n\t\t\t\n\t\t\t\t\t\t<div class=\"elementor-icon-box-content\">\n\n\t\t\t\t\t\t\t\t\t<h3 class=\"elementor-icon-box-title\">\n\t\t\t\t\t\t<span  >\n\t\t\t\t\t\t\tChangements pour le permis de travail ouvert aux membres de la famille accompagnante des r\u00e9sidents temporaires\t\t\t\t\t\t<\/span>\n\t\t\t\t\t<\/h3>\n\t\t\t\t\n\t\t\t\t\t\t\t\t\t<p class=\"elementor-icon-box-description\">\n\t\t\t\t\t\tDepuis le 21 janvier 2025, seuls les \u00e9poux ou les conjoints de fait de certains \u00e9tudiants \u00e9trangers et travailleurs \u00e9trangers pourront demander un permis de travail ouvert (PTO) familial. Cette d\u00e9claration a \u00e9t\u00e9 faite le 14 janvier 2025 par Immigration, R\u00e9fugi\u00e9s et Citoyennet\u00e9 Canada (IRCC).\t\t\t\t\t<\/p>\n\t\t\t\t\n\t\t\t<\/div>\n\t\t\t\n\t\t<\/div>\n\t\t\t\t\t\t<\/div>\n\t\t\t\t<div class=\"elementor-element elementor-element-1c0cc8ff elementor-widget elementor-widget-image\" data-id=\"1c0cc8ff\" data-element_type=\"widget\" data-e-type=\"widget\" data-widget_type=\"image.default\">\n\t\t\t\t\t\t\t\t\t\t\t\t\t\t\t<img decoding=\"async\" width=\"950\" height=\"459\" src=\"https:\/\/immigrantquebec.com\/fr\/wp-content\/uploads\/2025\/02\/5-benjamin-manley-QkflfhJn1KA-unsplash-950.jpg\" class=\"attachment-full size-full wp-image-17291\" alt=\"\" srcset=\"https:\/\/immigrantquebec.com\/fr\/wp-content\/uploads\/2025\/02\/5-benjamin-manley-QkflfhJn1KA-unsplash-950.jpg 950w, https:\/\/immigrantquebec.com\/fr\/wp-content\/uploads\/2025\/02\/5-benjamin-manley-QkflfhJn1KA-unsplash-950-300x145.jpg 300w, https:\/\/immigrantquebec.com\/fr\/wp-content\/uploads\/2025\/02\/5-benjamin-manley-QkflfhJn1KA-unsplash-950-768x371.jpg 768w\" sizes=\"(max-width: 950px) 100vw, 950px\" \/>\t\t\t\t\t\t\t\t\t\t\t\t\t\t\t<\/div>\n\t\t\t\t\t<\/div>\n\t\t<\/div>\n\t\t\t\t\t<\/div>\n\t\t<\/section>\n\t\t\t\t<section class=\"elementor-section elementor-inner-section elementor-element elementor-element-88d5501 elementor-section-boxed elementor-section-height-default elementor-section-height-default\" data-id=\"88d5501\" data-element_type=\"section\" data-e-type=\"section\">\n\t\t\t\t\t\t<div class=\"elementor-container elementor-column-gap-default\">\n\t\t\t\t\t<div class=\"elementor-column elementor-col-50 elementor-inner-column elementor-element elementor-element-a0da759\" data-id=\"a0da759\" data-element_type=\"column\" data-e-type=\"column\">\n\t\t\t<div class=\"elementor-widget-wrap elementor-element-populated\">\n\t\t\t\t\t\t<div class=\"elementor-element elementor-element-6be7b3c6 elementor-widget__width-initial elementor-widget elementor-widget-text-editor\" data-id=\"6be7b3c6\" data-element_type=\"widget\" data-e-type=\"widget\" data-widget_type=\"text-editor.default\">\n\t\t\t\t\t\t\t\t\t<p><span style=\"font-family: Roboto, sans-serif; white-space: pre-wrap;\">Ainsi, pour pouvoir rattacher son \u00e9poux ou conjoint de fait, <strong>l\u2019\u00e9tudiant \u00e9tranger<\/strong> devra \u00eatre inscrit dans un programme de ma\u00eetrise d&rsquo;une dur\u00e9e minimale de 16 mois, au doctorat ou \u00e0 <span style=\"text-decoration: underline;\"><a href=\"https:\/\/www.canada.ca\/fr\/immigration-refugies-citoyennete\/services\/etudier-canada\/travail\/aider-son-conjoint-son-partenaire-trouver-emploi-canada.html\">certains programmes professionnels admissibles<\/a><\/span>.<\/span><span style=\"font-family: Roboto, sans-serif; white-space: pre-wrap;\"> <\/span><\/p><p><span style=\"font-family: Roboto, sans-serif; white-space: pre-wrap;\">Quant au <strong>travailleur \u00e9tranger temporaire<\/strong>, il devra \u00eatre couvert par un accord de libre-\u00e9change, ou bien encore avoir <\/span>re\u00e7u un permis de travail dans le cadre d\u2019une \u00ab\u2009<strong>voie d\u2019acc\u00e8s \u00e0 la r\u00e9sidence permanente<\/strong>\u2009\u00bb<span style=\"font-family: Roboto, sans-serif; white-space: pre-wrap;\"> \/ avoir entam\u00e9 les d\u00e9marches vers la r\u00e9sidence permanente s&rsquo;il souhaite rattacher son conjoint.<\/span><\/p><p><span style=\"font-family: Roboto, sans-serif; white-space: pre-wrap;\">Dans le cas contraire, il devra avoir<\/span><span style=\"font-family: Roboto, sans-serif; white-space: pre-wrap;\"> un permis de 16 mois au moins au moment o\u00f9 son \u00e9poux pr\u00e9sente sa demande et occuper un emploi :<\/span><\/p><ul><li><span style=\"font-family: Roboto, sans-serif; white-space: pre-wrap;\">de cat\u00e9gorie FEER 0 ou 1 de la Classification nationale des professions, ou<\/span><\/li><li><span style=\"font-family: Roboto, sans-serif; white-space: pre-wrap;\">de cat\u00e9gories FEER 2 ou 3, parmi les emplois s\u00e9lectionn\u00e9s par IRCC. <\/span><\/li><\/ul>\t\t\t\t\t\t\t\t<\/div>\n\t\t\t\t\t<\/div>\n\t\t<\/div>\n\t\t\t\t<div class=\"elementor-column elementor-col-50 elementor-inner-column elementor-element elementor-element-7b02418d\" data-id=\"7b02418d\" data-element_type=\"column\" data-e-type=\"column\" data-settings=\"{&quot;background_background&quot;:&quot;classic&quot;}\">\n\t\t\t<div class=\"elementor-widget-wrap elementor-element-populated\">\n\t\t\t\t\t\t<div class=\"elementor-element elementor-element-1d38be7a elementor-widget-divider--view-line elementor-widget elementor-widget-divider\" data-id=\"1d38be7a\" data-element_type=\"widget\" data-e-type=\"widget\" data-widget_type=\"divider.default\">\n\t\t\t\t\t\t\t<div class=\"elementor-divider\">\n\t\t\t<span class=\"elementor-divider-separator\">\n\t\t\t\t\t\t<\/span>\n\t\t<\/div>\n\t\t\t\t\t\t<\/div>\n\t\t\t\t<div class=\"elementor-element elementor-element-230b86b9 elementor-widget elementor-widget-text-editor\" data-id=\"230b86b9\" data-element_type=\"widget\" data-e-type=\"widget\" data-widget_type=\"text-editor.default\">\n\t\t\t\t\t\t\t\t\t<p><span style=\"caret-color: #000000; color: #000000; font-weight: 400;\"><strong>\u00ab\u2009Voie d\u2019acc\u00e8s \u00e0 la r\u00e9sidence permanente\u2009\u00bb<\/strong> : E<\/span><span style=\"caret-color: #000000; color: #000000; font-weight: 400;\">ssentiellement, les personnes s\u00e9lectionn\u00e9es par le Qu\u00e9bec qui peuvent se pr\u00e9valoir d\u2019un permis de travail en vertu d\u2019un CSQ valide.<\/span><span style=\"caret-color: #000000; color: #000000; font-weight: 400;\"><\/span><\/p>\t\t\t\t\t\t\t\t<\/div>\n\t\t\t\t\t<\/div>\n\t\t<\/div>\n\t\t\t\t\t<\/div>\n\t\t<\/section>\n\t\t\t\t<section class=\"elementor-section elementor-inner-section elementor-element elementor-element-41f0b6fc elementor-section-boxed elementor-section-height-default elementor-section-height-default\" data-id=\"41f0b6fc\" data-element_type=\"section\" data-e-type=\"section\">\n\t\t\t\t\t\t<div class=\"elementor-container elementor-column-gap-default\">\n\t\t\t\t\t<div class=\"elementor-column elementor-col-100 elementor-inner-column elementor-element elementor-element-7bd40e9c\" data-id=\"7bd40e9c\" data-element_type=\"column\" data-e-type=\"column\">\n\t\t\t<div class=\"elementor-widget-wrap elementor-element-populated\">\n\t\t\t\t\t\t<div class=\"elementor-element elementor-element-12c8dfa8 elementor-align-start elementor-icon-list--layout-traditional elementor-list-item-link-full_width elementor-widget elementor-widget-icon-list\" data-id=\"12c8dfa8\" data-element_type=\"widget\" data-e-type=\"widget\" data-widget_type=\"icon-list.default\">\n\t\t\t\t\t\t\t<ul class=\"elementor-icon-list-items\">\n\t\t\t\t\t\t\t<li class=\"elementor-icon-list-item\">\n\t\t\t\t\t\t\t\t\t\t\t<a href=\"https:\/\/www.canada.ca\/fr\/immigration-refugies-citoyennete\/nouvelles\/avis\/changements-apportes-permis-travail-ouverts-membres-famille-residents-temporaires.html\">\n\n\t\t\t\t\t\t\t\t\t\t\t\t<span class=\"elementor-icon-list-icon\">\n\t\t\t\t\t\t\t<svg aria-hidden=\"true\" class=\"e-font-icon-svg e-fas-external-link-alt\" viewBox=\"0 0 512 512\" xmlns=\"http:\/\/www.w3.org\/2000\/svg\"><path d=\"M432,320H400a16,16,0,0,0-16,16V448H64V128H208a16,16,0,0,0,16-16V80a16,16,0,0,0-16-16H48A48,48,0,0,0,0,112V464a48,48,0,0,0,48,48H400a48,48,0,0,0,48-48V336A16,16,0,0,0,432,320ZM488,0h-128c-21.37,0-32.05,25.91-17,41l35.73,35.73L135,320.37a24,24,0,0,0,0,34L157.67,377a24,24,0,0,0,34,0L435.28,133.32,471,169c15,15,41,4.5,41-17V24A24,24,0,0,0,488,0Z\"><\/path><\/svg>\t\t\t\t\t\t<\/span>\n\t\t\t\t\t\t\t\t\t\t<span class=\"elementor-icon-list-text\">Communiqu\u00e9 d'IRCC<\/span>\n\t\t\t\t\t\t\t\t\t\t\t<\/a>\n\t\t\t\t\t\t\t\t\t<\/li>\n\t\t\t\t\t\t<\/ul>\n\t\t\t\t\t\t<\/div>\n\t\t\t\t<div class=\"elementor-element elementor-element-7f510a44 elementor-icon-list--layout-traditional elementor-list-item-link-full_width elementor-widget elementor-widget-icon-list\" data-id=\"7f510a44\" data-element_type=\"widget\" data-e-type=\"widget\" data-widget_type=\"icon-list.default\">\n\t\t\t\t\t\t\t<ul class=\"elementor-icon-list-items\">\n\t\t\t\t\t\t\t<li class=\"elementor-icon-list-item\">\n\t\t\t\t\t\t\t\t\t\t\t<a href=\"https:\/\/immigrantquebec.com\/fr\/actualites\/fin-du-permis-ouvert-elargi-pour-les-conjoints-de-travailleurs-et-detudiants\/\">\n\n\t\t\t\t\t\t\t\t\t\t\t\t<span class=\"elementor-icon-list-icon\">\n\t\t\t\t\t\t\t<svg aria-hidden=\"true\" class=\"e-font-icon-svg e-fas-external-link-alt\" viewBox=\"0 0 512 512\" xmlns=\"http:\/\/www.w3.org\/2000\/svg\"><path d=\"M432,320H400a16,16,0,0,0-16,16V448H64V128H208a16,16,0,0,0,16-16V80a16,16,0,0,0-16-16H48A48,48,0,0,0,0,112V464a48,48,0,0,0,48,48H400a48,48,0,0,0,48-48V336A16,16,0,0,0,432,320ZM488,0h-128c-21.37,0-32.05,25.91-17,41l35.73,35.73L135,320.37a24,24,0,0,0,0,34L157.67,377a24,24,0,0,0,34,0L435.28,133.32,471,169c15,15,41,4.5,41-17V24A24,24,0,0,0,488,0Z\"><\/path><\/svg>\t\t\t\t\t\t<\/span>\n\t\t\t\t\t\t\t\t\t\t<span class=\"elementor-icon-list-text\">Fin du permis ouvert \u00e9largi pour les conjoint de travailleurs et d'\u00e9tudiant (IQ)<\/span>\n\t\t\t\t\t\t\t\t\t\t\t<\/a>\n\t\t\t\t\t\t\t\t\t<\/li>\n\t\t\t\t\t\t<\/ul>\n\t\t\t\t\t\t<\/div>\n\t\t\t\t<div class=\"elementor-element elementor-element-20d0b5ba elementor-icon-list--layout-traditional elementor-list-item-link-full_width elementor-widget elementor-widget-icon-list\" data-id=\"20d0b5ba\" data-element_type=\"widget\" data-e-type=\"widget\" data-widget_type=\"icon-list.default\">\n\t\t\t\t\t\t\t<ul class=\"elementor-icon-list-items\">\n\t\t\t\t\t\t\t<li class=\"elementor-icon-list-item\">\n\t\t\t\t\t\t\t\t\t\t\t<a href=\"https:\/\/immigrantquebec.com\/fr\/actualites\/mise-a-jour-pour-les-permis-ouverts-des-conjoints-de-travailleurs\/\">\n\n\t\t\t\t\t\t\t\t\t\t\t\t<span class=\"elementor-icon-list-icon\">\n\t\t\t\t\t\t\t<svg aria-hidden=\"true\" class=\"e-font-icon-svg e-fas-external-link-alt\" viewBox=\"0 0 512 512\" xmlns=\"http:\/\/www.w3.org\/2000\/svg\"><path d=\"M432,320H400a16,16,0,0,0-16,16V448H64V128H208a16,16,0,0,0,16-16V80a16,16,0,0,0-16-16H48A48,48,0,0,0,0,112V464a48,48,0,0,0,48,48H400a48,48,0,0,0,48-48V336A16,16,0,0,0,432,320ZM488,0h-128c-21.37,0-32.05,25.91-17,41l35.73,35.73L135,320.37a24,24,0,0,0,0,34L157.67,377a24,24,0,0,0,34,0L435.28,133.32,471,169c15,15,41,4.5,41-17V24A24,24,0,0,0,488,0Z\"><\/path><\/svg>\t\t\t\t\t\t<\/span>\n\t\t\t\t\t\t\t\t\t\t<span class=\"elementor-icon-list-text\">Mise \u00e0 jour pour les permis ouverts des conjoints de travailleurs (IQ)<\/span>\n\t\t\t\t\t\t\t\t\t\t\t<\/a>\n\t\t\t\t\t\t\t\t\t<\/li>\n\t\t\t\t\t\t<\/ul>\n\t\t\t\t\t\t<\/div>\n\t\t\t\t\t<\/div>\n\t\t<\/div>\n\t\t\t\t\t<\/div>\n\t\t<\/section>\n\t\t\t\t<section class=\"elementor-section elementor-inner-section elementor-element elementor-element-36f062b0 elementor-section-full_width elementor-section-height-default elementor-section-height-default\" data-id=\"36f062b0\" data-element_type=\"section\" data-e-type=\"section\">\n\t\t\t\t\t\t<div class=\"elementor-container elementor-column-gap-no\">\n\t\t\t\t\t<div class=\"elementor-column elementor-col-100 elementor-inner-column elementor-element elementor-element-5743f0f3\" data-id=\"5743f0f3\" data-element_type=\"column\" data-e-type=\"column\">\n\t\t\t<div class=\"elementor-widget-wrap elementor-element-populated\">\n\t\t\t\t\t\t<div class=\"elementor-element elementor-element-3d9f1935 elementor-widget-divider--view-line elementor-widget elementor-widget-divider\" data-id=\"3d9f1935\" data-element_type=\"widget\" data-e-type=\"widget\" data-widget_type=\"divider.default\">\n\t\t\t\t\t\t\t<div class=\"elementor-divider\">\n\t\t\t<span class=\"elementor-divider-separator\">\n\t\t\t\t\t\t<\/span>\n\t\t<\/div>\n\t\t\t\t\t\t<\/div>\n\t\t\t\t<div class=\"elementor-element elementor-element-4e5e66f6 elementor-position-inline-start elementor-view-stacked elementor-shape-circle elementor-mobile-position-block-start elementor-widget elementor-widget-icon-box\" data-id=\"4e5e66f6\" data-element_type=\"widget\" data-e-type=\"widget\" id=\"bdi-titre-imm-2\" data-widget_type=\"icon-box.default\">\n\t\t\t\t\t\t\t<div class=\"elementor-icon-box-wrapper\">\n\n\t\t\t\t\t\t<div class=\"elementor-icon-box-icon\">\n\t\t\t\t<span  class=\"elementor-icon\">\n\t\t\t\t<svg aria-hidden=\"true\" class=\"e-font-icon-svg e-fas-angle-double-right\" viewBox=\"0 0 448 512\" xmlns=\"http:\/\/www.w3.org\/2000\/svg\"><path d=\"M224.3 273l-136 136c-9.4 9.4-24.6 9.4-33.9 0l-22.6-22.6c-9.4-9.4-9.4-24.6 0-33.9l96.4-96.4-96.4-96.4c-9.4-9.4-9.4-24.6 0-33.9L54.3 103c9.4-9.4 24.6-9.4 33.9 0l136 136c9.5 9.4 9.5 24.6.1 34zm192-34l-136-136c-9.4-9.4-24.6-9.4-33.9 0l-22.6 22.6c-9.4 9.4-9.4 24.6 0 33.9l96.4 96.4-96.4 96.4c-9.4 9.4-9.4 24.6 0 33.9l22.6 22.6c9.4 9.4 24.6 9.4 33.9 0l136-136c9.4-9.2 9.4-24.4 0-33.8z\"><\/path><\/svg>\t\t\t\t<\/span>\n\t\t\t<\/div>\n\t\t\t\n\t\t\t\t\t\t<div class=\"elementor-icon-box-content\">\n\n\t\t\t\t\t\t\t\t\t<h3 class=\"elementor-icon-box-title\">\n\t\t\t\t\t\t<span  >\n\t\t\t\t\t\t\tDes s\u00e9ances d\u2019information et de sensibilisation sur le PTET\t\t\t\t\t\t<\/span>\n\t\t\t\t\t<\/h3>\n\t\t\t\t\n\t\t\t\t\t\t\t\t\t<p class=\"elementor-icon-box-description\">\n\t\t\t\t\t\tL\u2019Ordre des conseillers en ressources humaines agr\u00e9\u00e9s a rappel\u00e9 l\u2019existence de sessions d\u2019information sur le programme des travailleurs \u00e9trangers temporaires (PTET) aux employeurs.\u200b\t\t\t\t\t<\/p>\n\t\t\t\t\n\t\t\t<\/div>\n\t\t\t\n\t\t<\/div>\n\t\t\t\t\t\t<\/div>\n\t\t\t\t\t<\/div>\n\t\t<\/div>\n\t\t\t\t\t<\/div>\n\t\t<\/section>\n\t\t\t\t<section class=\"elementor-section elementor-inner-section elementor-element elementor-element-7276922 elementor-section-boxed elementor-section-height-default elementor-section-height-default\" data-id=\"7276922\" data-element_type=\"section\" data-e-type=\"section\">\n\t\t\t\t\t\t<div class=\"elementor-container elementor-column-gap-default\">\n\t\t\t\t\t<div class=\"elementor-column elementor-col-50 elementor-inner-column elementor-element elementor-element-1bf3bbee\" data-id=\"1bf3bbee\" data-element_type=\"column\" data-e-type=\"column\">\n\t\t\t<div class=\"elementor-widget-wrap elementor-element-populated\">\n\t\t\t\t\t\t<div class=\"elementor-element elementor-element-380c9db8 elementor-widget elementor-widget-image\" data-id=\"380c9db8\" data-element_type=\"widget\" data-e-type=\"widget\" data-widget_type=\"image.default\">\n\t\t\t\t\t\t\t\t\t\t\t\t\t\t\t<img loading=\"lazy\" decoding=\"async\" width=\"702\" height=\"527\" src=\"https:\/\/immigrantquebec.com\/fr\/wp-content\/uploads\/2025\/02\/7-roman-kraft-WUvBROPOsuo-unsplash-950.jpg\" class=\"attachment-large size-large wp-image-17292\" alt=\"\" srcset=\"https:\/\/immigrantquebec.com\/fr\/wp-content\/uploads\/2025\/02\/7-roman-kraft-WUvBROPOsuo-unsplash-950.jpg 950w, https:\/\/immigrantquebec.com\/fr\/wp-content\/uploads\/2025\/02\/7-roman-kraft-WUvBROPOsuo-unsplash-950-266x200.jpg 266w, https:\/\/immigrantquebec.com\/fr\/wp-content\/uploads\/2025\/02\/7-roman-kraft-WUvBROPOsuo-unsplash-950-768x576.jpg 768w\" sizes=\"(max-width: 702px) 100vw, 702px\" \/>\t\t\t\t\t\t\t\t\t\t\t\t\t\t\t<\/div>\n\t\t\t\t\t<\/div>\n\t\t<\/div>\n\t\t\t\t<div class=\"elementor-column elementor-col-50 elementor-inner-column elementor-element elementor-element-159b2bb5\" data-id=\"159b2bb5\" data-element_type=\"column\" data-e-type=\"column\">\n\t\t\t<div class=\"elementor-widget-wrap elementor-element-populated\">\n\t\t\t\t\t\t<div class=\"elementor-element elementor-element-377ece32 elementor-widget__width-initial elementor-widget elementor-widget-text-editor\" data-id=\"377ece32\" data-element_type=\"widget\" data-e-type=\"widget\" data-widget_type=\"text-editor.default\">\n\t\t\t\t\t\t\t\t\t<p style=\"font-weight: 400;\"><span>Pendant une heure, un accompagnement en anglais et en fran\u00e7ais est propos\u00e9 sur un certain nombre de th\u00e8mes pour les employeurs int\u00e9ress\u00e9s par l\u2019embauche ou ayant d\u00e9j\u00e0 embauch\u00e9 des TET. <\/span><\/p><p style=\"font-weight: 400;\"><span>Seront abord\u00e9s la demande d\u2019EIMT, les conditions \u00e0 remplir pour le PTET, les droits et responsabilit\u00e9s des employeurs envers les travailleurs, \u00e0 quoi correspond l\u2019inspection de conformit\u00e9 et quelles sont les cons\u00e9quences en cas de non-conformit\u00e9 (p\u00e9nalit\u00e9s, bannissements). Il leur sera aussi pr\u00e9sent\u00e9 un aide-m\u00e9moire.<\/span><\/p><p style=\"font-family: Roboto, sans-serif;\">Les prochaines s\u00e9ances disponibles en fran\u00e7ais auront lieu le 20\u00a0f\u00e9vrier 2025 et le 20\u00a0mars 2025.\u00a0<\/p><p style=\"font-family: Roboto, sans-serif;\">Plusieurs ressources ont \u00e9t\u00e9 mises en place par Service Canada pour aider les employeurs.<\/p>\t\t\t\t\t\t\t\t<\/div>\n\t\t\t\t<div class=\"elementor-element elementor-element-24875662 elementor-align-end elementor-icon-list--layout-traditional elementor-list-item-link-full_width elementor-widget elementor-widget-icon-list\" data-id=\"24875662\" data-element_type=\"widget\" data-e-type=\"widget\" data-widget_type=\"icon-list.default\">\n\t\t\t\t\t\t\t<ul class=\"elementor-icon-list-items\">\n\t\t\t\t\t\t\t<li class=\"elementor-icon-list-item\">\n\t\t\t\t\t\t\t\t\t\t\t<a href=\"https:\/\/carrefourrh.org\/nouvelles\/2025\/01\/travailleurs-etrangers-temporaires-information\">\n\n\t\t\t\t\t\t\t\t\t\t\t\t<span class=\"elementor-icon-list-icon\">\n\t\t\t\t\t\t\t<svg aria-hidden=\"true\" class=\"e-font-icon-svg e-fas-external-link-alt\" viewBox=\"0 0 512 512\" xmlns=\"http:\/\/www.w3.org\/2000\/svg\"><path d=\"M432,320H400a16,16,0,0,0-16,16V448H64V128H208a16,16,0,0,0,16-16V80a16,16,0,0,0-16-16H48A48,48,0,0,0,0,112V464a48,48,0,0,0,48,48H400a48,48,0,0,0,48-48V336A16,16,0,0,0,432,320ZM488,0h-128c-21.37,0-32.05,25.91-17,41l35.73,35.73L135,320.37a24,24,0,0,0,0,34L157.67,377a24,24,0,0,0,34,0L435.28,133.32,471,169c15,15,41,4.5,41-17V24A24,24,0,0,0,488,0Z\"><\/path><\/svg>\t\t\t\t\t\t<\/span>\n\t\t\t\t\t\t\t\t\t\t<span class=\"elementor-icon-list-text\">Communiqu\u00e9 de Carrefour RH<\/span>\n\t\t\t\t\t\t\t\t\t\t\t<\/a>\n\t\t\t\t\t\t\t\t\t<\/li>\n\t\t\t\t\t\t<\/ul>\n\t\t\t\t\t\t<\/div>\n\t\t\t\t<div class=\"elementor-element elementor-element-76e6bd46 elementor-align-end elementor-icon-list--layout-traditional elementor-list-item-link-full_width elementor-widget elementor-widget-icon-list\" data-id=\"76e6bd46\" data-element_type=\"widget\" data-e-type=\"widget\" data-widget_type=\"icon-list.default\">\n\t\t\t\t\t\t\t<ul class=\"elementor-icon-list-items\">\n\t\t\t\t\t\t\t<li class=\"elementor-icon-list-item\">\n\t\t\t\t\t\t\t\t\t\t\t<a href=\"https:\/\/www.canada.ca\/fr\/emploi-developpement-social\/services\/travailleurs-etrangers\/conformite-employeurs\/seances-information.html\">\n\n\t\t\t\t\t\t\t\t\t\t\t\t<span class=\"elementor-icon-list-icon\">\n\t\t\t\t\t\t\t<svg aria-hidden=\"true\" class=\"e-font-icon-svg e-fas-external-link-alt\" viewBox=\"0 0 512 512\" xmlns=\"http:\/\/www.w3.org\/2000\/svg\"><path d=\"M432,320H400a16,16,0,0,0-16,16V448H64V128H208a16,16,0,0,0,16-16V80a16,16,0,0,0-16-16H48A48,48,0,0,0,0,112V464a48,48,0,0,0,48,48H400a48,48,0,0,0,48-48V336A16,16,0,0,0,432,320ZM488,0h-128c-21.37,0-32.05,25.91-17,41l35.73,35.73L135,320.37a24,24,0,0,0,0,34L157.67,377a24,24,0,0,0,34,0L435.28,133.32,471,169c15,15,41,4.5,41-17V24A24,24,0,0,0,488,0Z\"><\/path><\/svg>\t\t\t\t\t\t<\/span>\n\t\t\t\t\t\t\t\t\t\t<span class=\"elementor-icon-list-text\">Page d'indormation Emploi et D\u00e9veloppement social Canada (EDSC)<\/span>\n\t\t\t\t\t\t\t\t\t\t\t<\/a>\n\t\t\t\t\t\t\t\t\t<\/li>\n\t\t\t\t\t\t<\/ul>\n\t\t\t\t\t\t<\/div>\n\t\t\t\t\t<\/div>\n\t\t<\/div>\n\t\t\t\t\t<\/div>\n\t\t<\/section>\n\t\t\t\t<div class=\"elementor-element elementor-element-1fa289d0 elementor-widget-divider--view-line elementor-widget elementor-widget-divider\" data-id=\"1fa289d0\" data-element_type=\"widget\" data-e-type=\"widget\" data-widget_type=\"divider.default\">\n\t\t\t\t\t\t\t<div class=\"elementor-divider\">\n\t\t\t<span class=\"elementor-divider-separator\">\n\t\t\t\t\t\t<\/span>\n\t\t<\/div>\n\t\t\t\t\t\t<\/div>\n\t\t\t\t<div class=\"elementor-element elementor-element-10c87779 elementor-position-inline-start elementor-view-stacked elementor-shape-circle elementor-mobile-position-block-start elementor-widget elementor-widget-icon-box\" data-id=\"10c87779\" data-element_type=\"widget\" data-e-type=\"widget\" id=\"bdi-titre-imm-3\" data-widget_type=\"icon-box.default\">\n\t\t\t\t\t\t\t<div class=\"elementor-icon-box-wrapper\">\n\n\t\t\t\t\t\t<div class=\"elementor-icon-box-icon\">\n\t\t\t\t<span  class=\"elementor-icon\">\n\t\t\t\t<svg aria-hidden=\"true\" class=\"e-font-icon-svg e-fas-angle-double-right\" viewBox=\"0 0 448 512\" xmlns=\"http:\/\/www.w3.org\/2000\/svg\"><path d=\"M224.3 273l-136 136c-9.4 9.4-24.6 9.4-33.9 0l-22.6-22.6c-9.4-9.4-9.4-24.6 0-33.9l96.4-96.4-96.4-96.4c-9.4-9.4-9.4-24.6 0-33.9L54.3 103c9.4-9.4 24.6-9.4 33.9 0l136 136c9.5 9.4 9.5 24.6.1 34zm192-34l-136-136c-9.4-9.4-24.6-9.4-33.9 0l-22.6 22.6c-9.4 9.4-9.4 24.6 0 33.9l96.4 96.4-96.4 96.4c-9.4 9.4-9.4 24.6 0 33.9l22.6 22.6c9.4 9.4 24.6 9.4 33.9 0l136-136c9.4-9.2 9.4-24.4 0-33.8z\"><\/path><\/svg>\t\t\t\t<\/span>\n\t\t\t<\/div>\n\t\t\t\n\t\t\t\t\t\t<div class=\"elementor-icon-box-content\">\n\n\t\t\t\t\t\t\t\t\t<h3 class=\"elementor-icon-box-title\">\n\t\t\t\t\t\t<span  >\n\t\t\t\t\t\t\tLe poids d\u00e9mographique du Qu\u00e9bec au Canada va baisser d\u2019ici 2050\t\t\t\t\t\t<\/span>\n\t\t\t\t\t<\/h3>\n\t\t\t\t\n\t\t\t\t\t\t\t\t\t<p class=\"elementor-icon-box-description\">\n\t\t\t\t\t\tSelon des donn\u00e9es de Statistique Canada, la croissance d\u00e9mographique ne suffira pas \u00e0 augmenter la part de Qu\u00e9b\u00e9cois, qui repr\u00e9senteront alors moins d\u2019un Canadien sur cinq. L\u2019Ontario restera la province la plus habit\u00e9e.\t\t\t\t\t<\/p>\n\t\t\t\t\n\t\t\t<\/div>\n\t\t\t\n\t\t<\/div>\n\t\t\t\t\t\t<\/div>\n\t\t\t\t<section class=\"elementor-section elementor-inner-section elementor-element elementor-element-49c60af5 elementor-reverse-mobile elementor-section-boxed elementor-section-height-default elementor-section-height-default\" data-id=\"49c60af5\" data-element_type=\"section\" data-e-type=\"section\">\n\t\t\t\t\t\t<div class=\"elementor-container elementor-column-gap-default\">\n\t\t\t\t\t<div class=\"elementor-column elementor-col-50 elementor-inner-column elementor-element elementor-element-414d90fc\" data-id=\"414d90fc\" data-element_type=\"column\" data-e-type=\"column\">\n\t\t\t<div class=\"elementor-widget-wrap elementor-element-populated\">\n\t\t\t\t\t\t<div class=\"elementor-element elementor-element-288af862 elementor-widget elementor-widget-text-editor\" data-id=\"288af862\" data-element_type=\"widget\" data-e-type=\"widget\" data-widget_type=\"text-editor.default\">\n\t\t\t\t\t\t\t\t\t<p style=\"font-weight: 400;\"><span>Selon l\u2019institution, la population canadienne pourrait atteindre 50\u00a0millions d\u2019habitants en 25\u00a0ans, m\u00eame si des changements en mati\u00e8re de naissances ou d\u2019immigration pourraient influencer cette \u00e9volution.<\/span><\/p><p><span style=\"font-weight: 400;\">Mais le Qu\u00e9bec ne repr\u00e9sentera que 19,8\u00a0% de la population en 2049, alors qu\u2019elle repr\u00e9sente 22\u00a0% actuellement. Une baisse qui est due \u00e0 de faibles perspectives d\u2019immigration, au vieillissement de la population coupl\u00e9e \u00e0 la baisse des naissances. <\/span><\/p><p><span style=\"font-weight: 400;\">Le nombre de d\u00e9c\u00e8s a d\u2019ailleurs surpass\u00e9 celui des naissances en 2024.<\/span><\/p>\t\t\t\t\t\t\t\t<\/div>\n\t\t\t\t<div class=\"elementor-element elementor-element-681b91f9 elementor-icon-list--layout-traditional elementor-list-item-link-full_width elementor-widget elementor-widget-icon-list\" data-id=\"681b91f9\" data-element_type=\"widget\" data-e-type=\"widget\" data-widget_type=\"icon-list.default\">\n\t\t\t\t\t\t\t<ul class=\"elementor-icon-list-items\">\n\t\t\t\t\t\t\t<li class=\"elementor-icon-list-item\">\n\t\t\t\t\t\t\t\t\t\t\t<a href=\"https:\/\/www150.statcan.gc.ca\/n1\/pub\/91-520-x\/91-520-x2025001-fra.htm\">\n\n\t\t\t\t\t\t\t\t\t\t\t\t<span class=\"elementor-icon-list-icon\">\n\t\t\t\t\t\t\t<svg aria-hidden=\"true\" class=\"e-font-icon-svg e-fas-external-link-alt\" viewBox=\"0 0 512 512\" xmlns=\"http:\/\/www.w3.org\/2000\/svg\"><path d=\"M432,320H400a16,16,0,0,0-16,16V448H64V128H208a16,16,0,0,0,16-16V80a16,16,0,0,0-16-16H48A48,48,0,0,0,0,112V464a48,48,0,0,0,48,48H400a48,48,0,0,0,48-48V336A16,16,0,0,0,432,320ZM488,0h-128c-21.37,0-32.05,25.91-17,41l35.73,35.73L135,320.37a24,24,0,0,0,0,34L157.67,377a24,24,0,0,0,34,0L435.28,133.32,471,169c15,15,41,4.5,41-17V24A24,24,0,0,0,488,0Z\"><\/path><\/svg>\t\t\t\t\t\t<\/span>\n\t\t\t\t\t\t\t\t\t\t<span class=\"elementor-icon-list-text\">Rapport de Statistique Canada<\/span>\n\t\t\t\t\t\t\t\t\t\t\t<\/a>\n\t\t\t\t\t\t\t\t\t<\/li>\n\t\t\t\t\t\t<\/ul>\n\t\t\t\t\t\t<\/div>\n\t\t\t\t\t<\/div>\n\t\t<\/div>\n\t\t\t\t<div class=\"elementor-column elementor-col-50 elementor-inner-column elementor-element elementor-element-743a2176\" data-id=\"743a2176\" data-element_type=\"column\" data-e-type=\"column\">\n\t\t\t<div class=\"elementor-widget-wrap elementor-element-populated\">\n\t\t\t\t\t\t<div class=\"elementor-element elementor-element-2628ebdd elementor-widget elementor-widget-image\" data-id=\"2628ebdd\" data-element_type=\"widget\" data-e-type=\"widget\" data-widget_type=\"image.default\">\n\t\t\t\t\t\t\t\t\t\t\t\t\t\t\t<img loading=\"lazy\" decoding=\"async\" width=\"702\" height=\"468\" src=\"https:\/\/immigrantquebec.com\/fr\/wp-content\/uploads\/2025\/02\/19-curated-lifestyle-bjGnuhOcpfk-unsplash-950.jpg\" class=\"attachment-large size-large wp-image-17293\" alt=\"\" srcset=\"https:\/\/immigrantquebec.com\/fr\/wp-content\/uploads\/2025\/02\/19-curated-lifestyle-bjGnuhOcpfk-unsplash-950.jpg 950w, https:\/\/immigrantquebec.com\/fr\/wp-content\/uploads\/2025\/02\/19-curated-lifestyle-bjGnuhOcpfk-unsplash-950-300x200.jpg 300w, https:\/\/immigrantquebec.com\/fr\/wp-content\/uploads\/2025\/02\/19-curated-lifestyle-bjGnuhOcpfk-unsplash-950-768x513.jpg 768w\" sizes=\"(max-width: 702px) 100vw, 702px\" \/>\t\t\t\t\t\t\t\t\t\t\t\t\t\t\t<\/div>\n\t\t\t\t\t<\/div>\n\t\t<\/div>\n\t\t\t\t\t<\/div>\n\t\t<\/section>\n\t\t\t\t<section class=\"elementor-section elementor-inner-section elementor-element elementor-element-299e68e5 elementor-section-full_width elementor-section-height-default elementor-section-height-default\" data-id=\"299e68e5\" data-element_type=\"section\" data-e-type=\"section\">\n\t\t\t\t\t\t<div class=\"elementor-container elementor-column-gap-no\">\n\t\t\t\t\t<div class=\"elementor-column elementor-col-100 elementor-inner-column elementor-element elementor-element-37b3d6b5\" data-id=\"37b3d6b5\" data-element_type=\"column\" data-e-type=\"column\">\n\t\t\t<div class=\"elementor-widget-wrap elementor-element-populated\">\n\t\t\t\t\t\t<div class=\"elementor-element elementor-element-180bf60e elementor-widget-divider--view-line elementor-widget elementor-widget-divider\" data-id=\"180bf60e\" data-element_type=\"widget\" data-e-type=\"widget\" data-widget_type=\"divider.default\">\n\t\t\t\t\t\t\t<div class=\"elementor-divider\">\n\t\t\t<span class=\"elementor-divider-separator\">\n\t\t\t\t\t\t<\/span>\n\t\t<\/div>\n\t\t\t\t\t\t<\/div>\n\t\t\t\t<div class=\"elementor-element elementor-element-298aaa4f elementor-position-inline-start elementor-view-stacked elementor-shape-circle elementor-mobile-position-block-start elementor-widget elementor-widget-icon-box\" data-id=\"298aaa4f\" data-element_type=\"widget\" data-e-type=\"widget\" id=\"bdi-titre-imm-4\" data-widget_type=\"icon-box.default\">\n\t\t\t\t\t\t\t<div class=\"elementor-icon-box-wrapper\">\n\n\t\t\t\t\t\t<div class=\"elementor-icon-box-icon\">\n\t\t\t\t<span  class=\"elementor-icon\">\n\t\t\t\t<svg aria-hidden=\"true\" class=\"e-font-icon-svg e-fas-angle-double-right\" viewBox=\"0 0 448 512\" xmlns=\"http:\/\/www.w3.org\/2000\/svg\"><path d=\"M224.3 273l-136 136c-9.4 9.4-24.6 9.4-33.9 0l-22.6-22.6c-9.4-9.4-9.4-24.6 0-33.9l96.4-96.4-96.4-96.4c-9.4-9.4-9.4-24.6 0-33.9L54.3 103c9.4-9.4 24.6-9.4 33.9 0l136 136c9.5 9.4 9.5 24.6.1 34zm192-34l-136-136c-9.4-9.4-24.6-9.4-33.9 0l-22.6 22.6c-9.4 9.4-9.4 24.6 0 33.9l96.4 96.4-96.4 96.4c-9.4 9.4-9.4 24.6 0 33.9l22.6 22.6c9.4 9.4 24.6 9.4 33.9 0l136-136c9.4-9.2 9.4-24.4 0-33.8z\"><\/path><\/svg>\t\t\t\t<\/span>\n\t\t\t<\/div>\n\t\t\t\n\t\t\t\t\t\t<div class=\"elementor-icon-box-content\">\n\n\t\t\t\t\t\t\t\t\t<h3 class=\"elementor-icon-box-title\">\n\t\t\t\t\t\t<span  >\n\t\t\t\t\t\t\tLa population augmente dans la plupart des r\u00e9gions gr\u00e2ce aux migrations\t\t\t\t\t\t<\/span>\n\t\t\t\t\t<\/h3>\n\t\t\t\t\n\t\t\t\t\t\t\t\t\t<p class=\"elementor-icon-box-description\">\n\t\t\t\t\t\tPresque toutes les r\u00e9gions du Qu\u00e9bec ont vu leur population augmenter entre juillet 2023 et juillet 2024.\t\t\t\t\t<\/p>\n\t\t\t\t\n\t\t\t<\/div>\n\t\t\t\n\t\t<\/div>\n\t\t\t\t\t\t<\/div>\n\t\t\t\t<div class=\"elementor-element elementor-element-44121139 elementor-widget elementor-widget-image\" data-id=\"44121139\" data-element_type=\"widget\" data-e-type=\"widget\" data-widget_type=\"image.default\">\n\t\t\t\t\t\t\t\t\t\t\t\t\t\t\t<img loading=\"lazy\" decoding=\"async\" width=\"950\" height=\"400\" src=\"https:\/\/immigrantquebec.com\/fr\/wp-content\/uploads\/2025\/02\/getty-images-tjnsz37MIZg-unsplash-950.jpg\" class=\"attachment-full size-full wp-image-17294\" alt=\"\" srcset=\"https:\/\/immigrantquebec.com\/fr\/wp-content\/uploads\/2025\/02\/getty-images-tjnsz37MIZg-unsplash-950.jpg 950w, https:\/\/immigrantquebec.com\/fr\/wp-content\/uploads\/2025\/02\/getty-images-tjnsz37MIZg-unsplash-950-300x126.jpg 300w, https:\/\/immigrantquebec.com\/fr\/wp-content\/uploads\/2025\/02\/getty-images-tjnsz37MIZg-unsplash-950-768x323.jpg 768w\" sizes=\"(max-width: 950px) 100vw, 950px\" \/>\t\t\t\t\t\t\t\t\t\t\t\t\t\t\t<\/div>\n\t\t\t\t<div class=\"elementor-element elementor-element-48b1ab2f elementor-widget elementor-widget-text-editor\" data-id=\"48b1ab2f\" data-element_type=\"widget\" data-e-type=\"widget\" data-widget_type=\"text-editor.default\">\n\t\t\t\t\t\t\t\t\t<p style=\"font-weight: 400;\"><span>La majorit\u00e9 a vu sa croissance s\u2019acc\u00e9l\u00e9rer, voire atteindre des records. Et cela est surtout d\u00fb aux migrations, notamment temporaires. Cela survient alors que la province a enregistr\u00e9 plus de d\u00e9c\u00e8s que de naissances et que sa population naturelle a perdu 1\u2009150\u00a0personnes. <\/span><\/p><p style=\"font-weight: 400;\"><span>C\u2019est bien s\u00fbr Montr\u00e9al qui affiche la plus forte croissance pour l\u2019ann\u00e9e derni\u00e8re, avec 4,2\u00a0% de croissance, comparativement \u00e0 2,3\u00a0% dans l\u2019ensemble du Qu\u00e9bec. La croissance atteint 2,4\u00a0% pour la Capitale-Nationale, suivie de l\u2019Outaouais, de Laval et de la Mauricie avec 2\u00a0%. <\/span><\/p><p><span style=\"font-weight: 400;\">De la m\u00eame mani\u00e8re, les gains migratoires internationaux ont \u00e9t\u00e9 les plus \u00e9lev\u00e9s dans ces m\u00eames r\u00e9gions.<\/span><\/p>\t\t\t\t\t\t\t\t<\/div>\n\t\t\t\t\t<\/div>\n\t\t<\/div>\n\t\t\t\t\t<\/div>\n\t\t<\/section>\n\t\t\t\t<section class=\"elementor-section elementor-inner-section elementor-element elementor-element-33d2ee4c elementor-section-boxed elementor-section-height-default elementor-section-height-default\" data-id=\"33d2ee4c\" data-element_type=\"section\" data-e-type=\"section\">\n\t\t\t\t\t\t<div class=\"elementor-container elementor-column-gap-default\">\n\t\t\t\t\t<div class=\"elementor-column elementor-col-100 elementor-inner-column elementor-element elementor-element-6cb2b296\" data-id=\"6cb2b296\" data-element_type=\"column\" data-e-type=\"column\">\n\t\t\t<div class=\"elementor-widget-wrap elementor-element-populated\">\n\t\t\t\t\t\t<div class=\"elementor-element elementor-element-1148d621 elementor-align-start elementor-icon-list--layout-traditional elementor-list-item-link-full_width elementor-widget elementor-widget-icon-list\" data-id=\"1148d621\" data-element_type=\"widget\" data-e-type=\"widget\" data-widget_type=\"icon-list.default\">\n\t\t\t\t\t\t\t<ul class=\"elementor-icon-list-items\">\n\t\t\t\t\t\t\t<li class=\"elementor-icon-list-item\">\n\t\t\t\t\t\t\t\t\t\t\t<a href=\"https:\/\/statistique.quebec.ca\/fr\/communique\/bilan-demographique-regions-quebec-croissance-acceleree-migrations-internationales\">\n\n\t\t\t\t\t\t\t\t\t\t\t\t<span class=\"elementor-icon-list-icon\">\n\t\t\t\t\t\t\t<svg aria-hidden=\"true\" class=\"e-font-icon-svg e-fas-external-link-alt\" viewBox=\"0 0 512 512\" xmlns=\"http:\/\/www.w3.org\/2000\/svg\"><path d=\"M432,320H400a16,16,0,0,0-16,16V448H64V128H208a16,16,0,0,0,16-16V80a16,16,0,0,0-16-16H48A48,48,0,0,0,0,112V464a48,48,0,0,0,48,48H400a48,48,0,0,0,48-48V336A16,16,0,0,0,432,320ZM488,0h-128c-21.37,0-32.05,25.91-17,41l35.73,35.73L135,320.37a24,24,0,0,0,0,34L157.67,377a24,24,0,0,0,34,0L435.28,133.32,471,169c15,15,41,4.5,41-17V24A24,24,0,0,0,488,0Z\"><\/path><\/svg>\t\t\t\t\t\t<\/span>\n\t\t\t\t\t\t\t\t\t\t<span class=\"elementor-icon-list-text\">Rapport de l'Institut de la statistique du Qu\u00e9bec<\/span>\n\t\t\t\t\t\t\t\t\t\t\t<\/a>\n\t\t\t\t\t\t\t\t\t<\/li>\n\t\t\t\t\t\t<\/ul>\n\t\t\t\t\t\t<\/div>\n\t\t\t\t\t<\/div>\n\t\t<\/div>\n\t\t\t\t\t<\/div>\n\t\t<\/section>\n\t\t\t\t<div class=\"elementor-element elementor-element-21b540df elementor-widget-divider--view-line elementor-widget elementor-widget-divider\" data-id=\"21b540df\" data-element_type=\"widget\" data-e-type=\"widget\" data-widget_type=\"divider.default\">\n\t\t\t\t\t\t\t<div class=\"elementor-divider\">\n\t\t\t<span class=\"elementor-divider-separator\">\n\t\t\t\t\t\t<\/span>\n\t\t<\/div>\n\t\t\t\t\t\t<\/div>\n\t\t\t\t<div class=\"elementor-element elementor-element-7755db16 elementor-position-inline-start elementor-view-stacked elementor-shape-circle elementor-mobile-position-block-start elementor-widget elementor-widget-icon-box\" data-id=\"7755db16\" data-element_type=\"widget\" data-e-type=\"widget\" id=\"bdi-titre-imm-5\" data-widget_type=\"icon-box.default\">\n\t\t\t\t\t\t\t<div class=\"elementor-icon-box-wrapper\">\n\n\t\t\t\t\t\t<div class=\"elementor-icon-box-icon\">\n\t\t\t\t<span  class=\"elementor-icon\">\n\t\t\t\t<svg aria-hidden=\"true\" class=\"e-font-icon-svg e-fas-angle-double-right\" viewBox=\"0 0 448 512\" xmlns=\"http:\/\/www.w3.org\/2000\/svg\"><path d=\"M224.3 273l-136 136c-9.4 9.4-24.6 9.4-33.9 0l-22.6-22.6c-9.4-9.4-9.4-24.6 0-33.9l96.4-96.4-96.4-96.4c-9.4-9.4-9.4-24.6 0-33.9L54.3 103c9.4-9.4 24.6-9.4 33.9 0l136 136c9.5 9.4 9.5 24.6.1 34zm192-34l-136-136c-9.4-9.4-24.6-9.4-33.9 0l-22.6 22.6c-9.4 9.4-9.4 24.6 0 33.9l96.4 96.4-96.4 96.4c-9.4 9.4-9.4 24.6 0 33.9l22.6 22.6c9.4 9.4 24.6 9.4 33.9 0l136-136c9.4-9.2 9.4-24.4 0-33.8z\"><\/path><\/svg>\t\t\t\t<\/span>\n\t\t\t<\/div>\n\t\t\t\n\t\t\t\t\t\t<div class=\"elementor-icon-box-content\">\n\n\t\t\t\t\t\t\t\t\t<h3 class=\"elementor-icon-box-title\">\n\t\t\t\t\t\t<span  >\n\t\t\t\t\t\t\tLe Canada poursuit ses efforts pour prot\u00e9ger la fronti\u00e8re et le syst\u00e8me d\u2019immigration\t\t\t\t\t\t<\/span>\n\t\t\t\t\t<\/h3>\n\t\t\t\t\n\t\t\t\t\t\t\t\t\t<p class=\"elementor-icon-box-description\">\n\t\t\t\t\t\tLe 15 janvier 2025, IRCC a partag\u00e9 ses efforts pour renforcer la s\u00e9curit\u00e9 \u00e0 la fronti\u00e8re avec les \u00c9tats-Unis.\t\t\t\t\t<\/p>\n\t\t\t\t\n\t\t\t<\/div>\n\t\t\t\n\t\t<\/div>\n\t\t\t\t\t\t<\/div>\n\t\t\t\t<section class=\"elementor-section elementor-inner-section elementor-element elementor-element-6340792 elementor-section-boxed elementor-section-height-default elementor-section-height-default\" data-id=\"6340792\" data-element_type=\"section\" data-e-type=\"section\">\n\t\t\t\t\t\t<div class=\"elementor-container elementor-column-gap-default\">\n\t\t\t\t\t<div class=\"elementor-column elementor-col-50 elementor-inner-column elementor-element elementor-element-437ad2c0\" data-id=\"437ad2c0\" data-element_type=\"column\" data-e-type=\"column\">\n\t\t\t<div class=\"elementor-widget-wrap elementor-element-populated\">\n\t\t\t\t\t\t<div class=\"elementor-element elementor-element-7dcdd2fa elementor-widget elementor-widget-image\" data-id=\"7dcdd2fa\" data-element_type=\"widget\" data-e-type=\"widget\" data-widget_type=\"image.default\">\n\t\t\t\t\t\t\t\t\t\t\t\t\t\t\t<img loading=\"lazy\" decoding=\"async\" width=\"702\" height=\"395\" src=\"https:\/\/immigrantquebec.com\/fr\/wp-content\/uploads\/2025\/02\/11-andre-bandarra-fphgt7nYS_Q-unsplash-950.jpg\" class=\"attachment-large size-large wp-image-17295\" alt=\"\" srcset=\"https:\/\/immigrantquebec.com\/fr\/wp-content\/uploads\/2025\/02\/11-andre-bandarra-fphgt7nYS_Q-unsplash-950.jpg 950w, https:\/\/immigrantquebec.com\/fr\/wp-content\/uploads\/2025\/02\/11-andre-bandarra-fphgt7nYS_Q-unsplash-950-300x169.jpg 300w, https:\/\/immigrantquebec.com\/fr\/wp-content\/uploads\/2025\/02\/11-andre-bandarra-fphgt7nYS_Q-unsplash-950-768x433.jpg 768w\" sizes=\"(max-width: 702px) 100vw, 702px\" \/>\t\t\t\t\t\t\t\t\t\t\t\t\t\t\t<\/div>\n\t\t\t\t\t<\/div>\n\t\t<\/div>\n\t\t\t\t<div class=\"elementor-column elementor-col-50 elementor-inner-column elementor-element elementor-element-4c59d649\" data-id=\"4c59d649\" data-element_type=\"column\" data-e-type=\"column\" data-settings=\"{&quot;background_background&quot;:&quot;classic&quot;}\">\n\t\t\t<div class=\"elementor-widget-wrap elementor-element-populated\">\n\t\t\t\t\t\t<div class=\"elementor-element elementor-element-a8750e9 elementor-widget-divider--view-line elementor-widget elementor-widget-divider\" data-id=\"a8750e9\" data-element_type=\"widget\" data-e-type=\"widget\" data-widget_type=\"divider.default\">\n\t\t\t\t\t\t\t<div class=\"elementor-divider\">\n\t\t\t<span class=\"elementor-divider-separator\">\n\t\t\t\t\t\t<\/span>\n\t\t<\/div>\n\t\t\t\t\t\t<\/div>\n\t\t\t\t<div class=\"elementor-element elementor-element-2240a387 elementor-widget elementor-widget-text-editor\" data-id=\"2240a387\" data-element_type=\"widget\" data-e-type=\"widget\" data-widget_type=\"text-editor.default\">\n\t\t\t\t\t\t\t\t\t<div><span lang=\"FR\">De son c\u00f4t\u00e9, la Gendarmerie royale du Canada (GRC) a muscl\u00e9 sa capacit\u00e9 d\u2019intervention \u00e0 la fronti\u00e8re, avec la mise en service de deux h\u00e9licopt\u00e8res Black Hawk.<\/span><\/div>\t\t\t\t\t\t\t\t<\/div>\n\t\t\t\t\t<\/div>\n\t\t<\/div>\n\t\t\t\t\t<\/div>\n\t\t<\/section>\n\t\t\t\t<div class=\"elementor-element elementor-element-496237f2 elementor-widget elementor-widget-text-editor\" data-id=\"496237f2\" data-element_type=\"widget\" data-e-type=\"widget\" data-widget_type=\"text-editor.default\">\n\t\t\t\t\t\t\t\t\t<p style=\"font-weight: 400;\"><span>En d\u00e9cembre 2024, Ottawa a mis en place le Plan frontalier du Canada et mis fin \u00e0 la pratique du tour du poteau.<\/span><\/p><p style=\"font-weight: 400;\"><span>L\u2019objectif est de r\u00e9duire les volumes \u00e0 la fronti\u00e8re, dont les passages ill\u00e9gaux, et d\u2019augmenter l\u2019\u00e9change d\u2019information avec les Am\u00e9ricains. Il s\u2019agit de rassurer la nouvelle administration f\u00e9d\u00e9rale, qui menace toujours d\u2019imposer des tarifs sur les exportations canadiennes.<\/span><\/p><p><span style=\"font-weight: 400;\">IRCC indique avoir d\u00e9ploy\u00e9 60\u00a0drones et vouloir utiliser de nouvelles technologies et des tours de surveillance aux fronti\u00e8res. Le minist\u00e8re annonce vouloir aussi augmenter de 25\u00a0% le nombre de renvois de personnes cette ann\u00e9e.<\/span><\/p>\t\t\t\t\t\t\t\t<\/div>\n\t\t\t\t<section class=\"elementor-section elementor-inner-section elementor-element elementor-element-73fe2e49 elementor-section-boxed elementor-section-height-default elementor-section-height-default\" data-id=\"73fe2e49\" data-element_type=\"section\" data-e-type=\"section\">\n\t\t\t\t\t\t<div class=\"elementor-container elementor-column-gap-default\">\n\t\t\t\t\t<div class=\"elementor-column elementor-col-100 elementor-inner-column elementor-element elementor-element-2a251c5a\" data-id=\"2a251c5a\" data-element_type=\"column\" data-e-type=\"column\">\n\t\t\t<div class=\"elementor-widget-wrap elementor-element-populated\">\n\t\t\t\t\t\t<div class=\"elementor-element elementor-element-75d74e91 elementor-align-start elementor-icon-list--layout-traditional elementor-list-item-link-full_width elementor-widget elementor-widget-icon-list\" data-id=\"75d74e91\" data-element_type=\"widget\" data-e-type=\"widget\" data-widget_type=\"icon-list.default\">\n\t\t\t\t\t\t\t<ul class=\"elementor-icon-list-items\">\n\t\t\t\t\t\t\t<li class=\"elementor-icon-list-item\">\n\t\t\t\t\t\t\t\t\t\t\t<a href=\"https:\/\/www.canada.ca\/fr\/immigration-refugies-citoyennete\/nouvelles\/2025\/01\/le-canada-continue-de-renforcer-la-securite-a-la-frontiere-et-lintegrite-du-systeme-dimmigration.html\">\n\n\t\t\t\t\t\t\t\t\t\t\t\t<span class=\"elementor-icon-list-icon\">\n\t\t\t\t\t\t\t<svg aria-hidden=\"true\" class=\"e-font-icon-svg e-fas-external-link-alt\" viewBox=\"0 0 512 512\" xmlns=\"http:\/\/www.w3.org\/2000\/svg\"><path d=\"M432,320H400a16,16,0,0,0-16,16V448H64V128H208a16,16,0,0,0,16-16V80a16,16,0,0,0-16-16H48A48,48,0,0,0,0,112V464a48,48,0,0,0,48,48H400a48,48,0,0,0,48-48V336A16,16,0,0,0,432,320ZM488,0h-128c-21.37,0-32.05,25.91-17,41l35.73,35.73L135,320.37a24,24,0,0,0,0,34L157.67,377a24,24,0,0,0,34,0L435.28,133.32,471,169c15,15,41,4.5,41-17V24A24,24,0,0,0,488,0Z\"><\/path><\/svg>\t\t\t\t\t\t<\/span>\n\t\t\t\t\t\t\t\t\t\t<span class=\"elementor-icon-list-text\">Communiqu\u00e9 #1 d'IRCC<\/span>\n\t\t\t\t\t\t\t\t\t\t\t<\/a>\n\t\t\t\t\t\t\t\t\t<\/li>\n\t\t\t\t\t\t<\/ul>\n\t\t\t\t\t\t<\/div>\n\t\t\t\t<div class=\"elementor-element elementor-element-67881bef elementor-align-start elementor-icon-list--layout-traditional elementor-list-item-link-full_width elementor-widget elementor-widget-icon-list\" data-id=\"67881bef\" data-element_type=\"widget\" data-e-type=\"widget\" data-widget_type=\"icon-list.default\">\n\t\t\t\t\t\t\t<ul class=\"elementor-icon-list-items\">\n\t\t\t\t\t\t\t<li class=\"elementor-icon-list-item\">\n\t\t\t\t\t\t\t\t\t\t\t<a href=\"https:\/\/www.canada.ca\/fr\/immigration-refugies-citoyennete\/nouvelles\/2025\/01\/mesures-visant-a-renforcer-la-securite-aux-frontieres-et-le-systeme-dimmigration-du-canada.html\">\n\n\t\t\t\t\t\t\t\t\t\t\t\t<span class=\"elementor-icon-list-icon\">\n\t\t\t\t\t\t\t<svg aria-hidden=\"true\" class=\"e-font-icon-svg e-fas-external-link-alt\" viewBox=\"0 0 512 512\" xmlns=\"http:\/\/www.w3.org\/2000\/svg\"><path d=\"M432,320H400a16,16,0,0,0-16,16V448H64V128H208a16,16,0,0,0,16-16V80a16,16,0,0,0-16-16H48A48,48,0,0,0,0,112V464a48,48,0,0,0,48,48H400a48,48,0,0,0,48-48V336A16,16,0,0,0,432,320ZM488,0h-128c-21.37,0-32.05,25.91-17,41l35.73,35.73L135,320.37a24,24,0,0,0,0,34L157.67,377a24,24,0,0,0,34,0L435.28,133.32,471,169c15,15,41,4.5,41-17V24A24,24,0,0,0,488,0Z\"><\/path><\/svg>\t\t\t\t\t\t<\/span>\n\t\t\t\t\t\t\t\t\t\t<span class=\"elementor-icon-list-text\">Communiqu\u00e9 #2 d'IRCC<\/span>\n\t\t\t\t\t\t\t\t\t\t\t<\/a>\n\t\t\t\t\t\t\t\t\t<\/li>\n\t\t\t\t\t\t<\/ul>\n\t\t\t\t\t\t<\/div>\n\t\t\t\t\t<\/div>\n\t\t<\/div>\n\t\t\t\t\t<\/div>\n\t\t<\/section>\n\t\t\t\t<div class=\"elementor-element elementor-element-3933e6a2 elementor-widget-divider--view-line elementor-widget elementor-widget-divider\" data-id=\"3933e6a2\" data-element_type=\"widget\" data-e-type=\"widget\" data-widget_type=\"divider.default\">\n\t\t\t\t\t\t\t<div class=\"elementor-divider\">\n\t\t\t<span class=\"elementor-divider-separator\">\n\t\t\t\t\t\t<\/span>\n\t\t<\/div>\n\t\t\t\t\t\t<\/div>\n\t\t\t\t<div class=\"elementor-element elementor-element-55908399 elementor-position-inline-start elementor-view-stacked elementor-shape-circle elementor-mobile-position-block-start elementor-widget elementor-widget-icon-box\" data-id=\"55908399\" data-element_type=\"widget\" data-e-type=\"widget\" id=\"bdi-titre-imm-6\" data-widget_type=\"icon-box.default\">\n\t\t\t\t\t\t\t<div class=\"elementor-icon-box-wrapper\">\n\n\t\t\t\t\t\t<div class=\"elementor-icon-box-icon\">\n\t\t\t\t<span  class=\"elementor-icon\">\n\t\t\t\t<svg aria-hidden=\"true\" class=\"e-font-icon-svg e-fas-angle-double-right\" viewBox=\"0 0 448 512\" xmlns=\"http:\/\/www.w3.org\/2000\/svg\"><path d=\"M224.3 273l-136 136c-9.4 9.4-24.6 9.4-33.9 0l-22.6-22.6c-9.4-9.4-9.4-24.6 0-33.9l96.4-96.4-96.4-96.4c-9.4-9.4-9.4-24.6 0-33.9L54.3 103c9.4-9.4 24.6-9.4 33.9 0l136 136c9.5 9.4 9.5 24.6.1 34zm192-34l-136-136c-9.4-9.4-24.6-9.4-33.9 0l-22.6 22.6c-9.4 9.4-9.4 24.6 0 33.9l96.4 96.4-96.4 96.4c-9.4 9.4-9.4 24.6 0 33.9l22.6 22.6c9.4 9.4 24.6 9.4 33.9 0l136-136c9.4-9.2 9.4-24.4 0-33.8z\"><\/path><\/svg>\t\t\t\t<\/span>\n\t\t\t<\/div>\n\t\t\t\n\t\t\t\t\t\t<div class=\"elementor-icon-box-content\">\n\n\t\t\t\t\t\t\t\t\t<h3 class=\"elementor-icon-box-title\">\n\t\t\t\t\t\t<span  >\n\t\t\t\t\t\t\tProposition de nouvelles r\u00e8gles et sanctions pour les consultants en immigration et en citoyennet\u00e9\t\t\t\t\t\t<\/span>\n\t\t\t\t\t<\/h3>\n\t\t\t\t\n\t\t\t\t\t\t\t\t\t<p class=\"elementor-icon-box-description\">\n\t\t\t\t\t\tLe 17 janvier 2025, IRCC a pr\u00e9sent\u00e9 un projet de r\u00e8glement pour encadrer la pratique des consultants en immigration et en citoyennet\u00e9.\t\t\t\t\t<\/p>\n\t\t\t\t\n\t\t\t<\/div>\n\t\t\t\n\t\t<\/div>\n\t\t\t\t\t\t<\/div>\n\t\t\t\t<section class=\"elementor-section elementor-inner-section elementor-element elementor-element-475755e9 elementor-reverse-mobile elementor-section-boxed elementor-section-height-default elementor-section-height-default\" data-id=\"475755e9\" data-element_type=\"section\" data-e-type=\"section\">\n\t\t\t\t\t\t<div class=\"elementor-container elementor-column-gap-default\">\n\t\t\t\t\t<div class=\"elementor-column elementor-col-50 elementor-inner-column elementor-element elementor-element-77490d50\" data-id=\"77490d50\" data-element_type=\"column\" data-e-type=\"column\">\n\t\t\t<div class=\"elementor-widget-wrap elementor-element-populated\">\n\t\t\t\t\t\t<div class=\"elementor-element elementor-element-5a519dc elementor-widget elementor-widget-text-editor\" data-id=\"5a519dc\" data-element_type=\"widget\" data-e-type=\"widget\" data-widget_type=\"text-editor.default\">\n\t\t\t\t\t\t\t\t\t<p style=\"font-weight: 400;\"><span>Premi\u00e8rement, le r\u00e8glement concerne surtout le Coll\u00e8ge des consultants, dont les pouvoirs, de m\u00eame que les pouvoirs du ministre, seront expliqu\u00e9s. Il est pr\u00e9vu qu\u2019un fonds d\u2019indemnisation soit cr\u00e9\u00e9 pour les victimes de pratiques non \u00e9thiques de consultants.<\/span><\/p><p><span style=\"font-weight: 400;\">Dans un autre document, IRCC pr\u00e9cise vouloir sanctionner les consultants r\u00e9mun\u00e9r\u00e9s qui enfreignent la loi. Les amendes pourront aller jusqu\u2019\u00e0 1,5\u00a0million de dollars et les personnes ayant commis une infraction verront leur nom affich\u00e9 sur une liste avec leur d\u00e9lit. Un poste de r\u00e9viseur est \u00e0 pourvoir pour examiner les demandes d\u2019examen de consultants reconnus coupables.<\/span><\/p><p><span>Les intervenants peuvent consulter la proposition dans la Gazette du Canada et faire leurs retours avant sa mise en place.<\/span><\/p>\t\t\t\t\t\t\t\t<\/div>\n\t\t\t\t\t<\/div>\n\t\t<\/div>\n\t\t\t\t<div class=\"elementor-column elementor-col-50 elementor-inner-column elementor-element elementor-element-cac19c5\" data-id=\"cac19c5\" data-element_type=\"column\" data-e-type=\"column\">\n\t\t\t<div class=\"elementor-widget-wrap elementor-element-populated\">\n\t\t\t\t\t\t<div class=\"elementor-element elementor-element-313269c7 elementor-widget elementor-widget-image\" data-id=\"313269c7\" data-element_type=\"widget\" data-e-type=\"widget\" data-widget_type=\"image.default\">\n\t\t\t\t\t\t\t\t\t\t\t\t\t\t\t<img loading=\"lazy\" decoding=\"async\" width=\"702\" height=\"468\" src=\"https:\/\/immigrantquebec.com\/fr\/wp-content\/uploads\/2025\/02\/14-getty-images-W9S1U2O6juY-unsplash-950.jpg\" class=\"attachment-large size-large wp-image-17296\" alt=\"\" srcset=\"https:\/\/immigrantquebec.com\/fr\/wp-content\/uploads\/2025\/02\/14-getty-images-W9S1U2O6juY-unsplash-950.jpg 950w, https:\/\/immigrantquebec.com\/fr\/wp-content\/uploads\/2025\/02\/14-getty-images-W9S1U2O6juY-unsplash-950-300x200.jpg 300w, https:\/\/immigrantquebec.com\/fr\/wp-content\/uploads\/2025\/02\/14-getty-images-W9S1U2O6juY-unsplash-950-768x512.jpg 768w\" sizes=\"(max-width: 702px) 100vw, 702px\" \/>\t\t\t\t\t\t\t\t\t\t\t\t\t\t\t<\/div>\n\t\t\t\t\t<\/div>\n\t\t<\/div>\n\t\t\t\t\t<\/div>\n\t\t<\/section>\n\t\t\t\t<section class=\"elementor-section elementor-inner-section elementor-element elementor-element-6273da63 elementor-section-boxed elementor-section-height-default elementor-section-height-default\" data-id=\"6273da63\" data-element_type=\"section\" data-e-type=\"section\">\n\t\t\t\t\t\t<div class=\"elementor-container elementor-column-gap-default\">\n\t\t\t\t\t<div class=\"elementor-column elementor-col-100 elementor-inner-column elementor-element elementor-element-7ca0efec\" data-id=\"7ca0efec\" data-element_type=\"column\" data-e-type=\"column\">\n\t\t\t<div class=\"elementor-widget-wrap elementor-element-populated\">\n\t\t\t\t\t\t<div class=\"elementor-element elementor-element-175270b7 elementor-align-start elementor-icon-list--layout-traditional elementor-list-item-link-full_width elementor-widget elementor-widget-icon-list\" data-id=\"175270b7\" data-element_type=\"widget\" data-e-type=\"widget\" data-widget_type=\"icon-list.default\">\n\t\t\t\t\t\t\t<ul class=\"elementor-icon-list-items\">\n\t\t\t\t\t\t\t<li class=\"elementor-icon-list-item\">\n\t\t\t\t\t\t\t\t\t\t\t<a href=\"https:\/\/www.canada.ca\/fr\/immigration-refugies-citoyennete\/nouvelles\/avis\/proposition-nouvelle-regles-visant-ameliorer-reglementation-activites-consultants-immigration-citoyennete.html\">\n\n\t\t\t\t\t\t\t\t\t\t\t\t<span class=\"elementor-icon-list-icon\">\n\t\t\t\t\t\t\t<svg aria-hidden=\"true\" class=\"e-font-icon-svg e-fas-external-link-alt\" viewBox=\"0 0 512 512\" xmlns=\"http:\/\/www.w3.org\/2000\/svg\"><path d=\"M432,320H400a16,16,0,0,0-16,16V448H64V128H208a16,16,0,0,0,16-16V80a16,16,0,0,0-16-16H48A48,48,0,0,0,0,112V464a48,48,0,0,0,48,48H400a48,48,0,0,0,48-48V336A16,16,0,0,0,432,320ZM488,0h-128c-21.37,0-32.05,25.91-17,41l35.73,35.73L135,320.37a24,24,0,0,0,0,34L157.67,377a24,24,0,0,0,34,0L435.28,133.32,471,169c15,15,41,4.5,41-17V24A24,24,0,0,0,488,0Z\"><\/path><\/svg>\t\t\t\t\t\t<\/span>\n\t\t\t\t\t\t\t\t\t\t<span class=\"elementor-icon-list-text\">Communiqu\u00e9 d'IRCC (proposition de nouvelles r\u00e8gles)<\/span>\n\t\t\t\t\t\t\t\t\t\t\t<\/a>\n\t\t\t\t\t\t\t\t\t<\/li>\n\t\t\t\t\t\t<\/ul>\n\t\t\t\t\t\t<\/div>\n\t\t\t\t<div class=\"elementor-element elementor-element-56b2419d elementor-align-start elementor-icon-list--layout-traditional elementor-list-item-link-full_width elementor-widget elementor-widget-icon-list\" data-id=\"56b2419d\" data-element_type=\"widget\" data-e-type=\"widget\" data-widget_type=\"icon-list.default\">\n\t\t\t\t\t\t\t<ul class=\"elementor-icon-list-items\">\n\t\t\t\t\t\t\t<li class=\"elementor-icon-list-item\">\n\t\t\t\t\t\t\t\t\t\t\t<a href=\"https:\/\/www.canada.ca\/fr\/immigration-refugies-citoyennete\/nouvelles\/avis\/proposition-nouvelles-sanctions-pour-representants-immigration-remuneres-enfreignent-la-loi.html\">\n\n\t\t\t\t\t\t\t\t\t\t\t\t<span class=\"elementor-icon-list-icon\">\n\t\t\t\t\t\t\t<svg aria-hidden=\"true\" class=\"e-font-icon-svg e-fas-external-link-alt\" viewBox=\"0 0 512 512\" xmlns=\"http:\/\/www.w3.org\/2000\/svg\"><path d=\"M432,320H400a16,16,0,0,0-16,16V448H64V128H208a16,16,0,0,0,16-16V80a16,16,0,0,0-16-16H48A48,48,0,0,0,0,112V464a48,48,0,0,0,48,48H400a48,48,0,0,0,48-48V336A16,16,0,0,0,432,320ZM488,0h-128c-21.37,0-32.05,25.91-17,41l35.73,35.73L135,320.37a24,24,0,0,0,0,34L157.67,377a24,24,0,0,0,34,0L435.28,133.32,471,169c15,15,41,4.5,41-17V24A24,24,0,0,0,488,0Z\"><\/path><\/svg>\t\t\t\t\t\t<\/span>\n\t\t\t\t\t\t\t\t\t\t<span class=\"elementor-icon-list-text\">Communiqu\u00e9 d'IRCC (proposition de nouvelles sanctions)<\/span>\n\t\t\t\t\t\t\t\t\t\t\t<\/a>\n\t\t\t\t\t\t\t\t\t<\/li>\n\t\t\t\t\t\t<\/ul>\n\t\t\t\t\t\t<\/div>\n\t\t\t\t\t<\/div>\n\t\t<\/div>\n\t\t\t\t\t<\/div>\n\t\t<\/section>\n\t\t\t\t<div class=\"elementor-element elementor-element-2d8f0ef elementor-widget-divider--view-line elementor-widget elementor-widget-divider\" data-id=\"2d8f0ef\" data-element_type=\"widget\" data-e-type=\"widget\" data-widget_type=\"divider.default\">\n\t\t\t\t\t\t\t<div class=\"elementor-divider\">\n\t\t\t<span class=\"elementor-divider-separator\">\n\t\t\t\t\t\t<\/span>\n\t\t<\/div>\n\t\t\t\t\t\t<\/div>\n\t\t\t\t<div class=\"elementor-element elementor-element-790277f1 elementor-position-inline-start elementor-view-stacked elementor-shape-circle elementor-mobile-position-block-start elementor-widget elementor-widget-icon-box\" data-id=\"790277f1\" data-element_type=\"widget\" data-e-type=\"widget\" id=\"bdi-titre-imm-7\" data-widget_type=\"icon-box.default\">\n\t\t\t\t\t\t\t<div class=\"elementor-icon-box-wrapper\">\n\n\t\t\t\t\t\t<div class=\"elementor-icon-box-icon\">\n\t\t\t\t<span  class=\"elementor-icon\">\n\t\t\t\t<svg aria-hidden=\"true\" class=\"e-font-icon-svg e-fas-angle-double-right\" viewBox=\"0 0 448 512\" xmlns=\"http:\/\/www.w3.org\/2000\/svg\"><path d=\"M224.3 273l-136 136c-9.4 9.4-24.6 9.4-33.9 0l-22.6-22.6c-9.4-9.4-9.4-24.6 0-33.9l96.4-96.4-96.4-96.4c-9.4-9.4-9.4-24.6 0-33.9L54.3 103c9.4-9.4 24.6-9.4 33.9 0l136 136c9.5 9.4 9.5 24.6.1 34zm192-34l-136-136c-9.4-9.4-24.6-9.4-33.9 0l-22.6 22.6c-9.4 9.4-9.4 24.6 0 33.9l96.4 96.4-96.4 96.4c-9.4 9.4-9.4 24.6 0 33.9l22.6 22.6c9.4 9.4 24.6 9.4 33.9 0l136-136c9.4-9.2 9.4-24.4 0-33.8z\"><\/path><\/svg>\t\t\t\t<\/span>\n\t\t\t<\/div>\n\t\t\t\n\t\t\t\t\t\t<div class=\"elementor-icon-box-content\">\n\n\t\t\t\t\t\t\t\t\t<h3 class=\"elementor-icon-box-title\">\n\t\t\t\t\t\t<span  >\n\t\t\t\t\t\t\tIRCC s\u2019appr\u00eate \u00e0 perdre 3\u2009300 emplois\t\t\t\t\t\t<\/span>\n\t\t\t\t\t<\/h3>\n\t\t\t\t\n\t\t\t\t\t\t\t\t\t<p class=\"elementor-icon-box-description\">\n\t\t\t\t\t\tEn janvier 2025, Immigration, R\u00e9fugi\u00e9s et Citoyennet\u00e9 Canada (IRCC) a annonc\u00e9 la suppression de 3\u2009300 postes sur trois ans.\t\t\t\t\t<\/p>\n\t\t\t\t\n\t\t\t<\/div>\n\t\t\t\n\t\t<\/div>\n\t\t\t\t\t\t<\/div>\n\t\t\t\t<section class=\"elementor-section elementor-inner-section elementor-element elementor-element-395a5396 elementor-section-boxed elementor-section-height-default elementor-section-height-default\" data-id=\"395a5396\" data-element_type=\"section\" data-e-type=\"section\">\n\t\t\t\t\t\t<div class=\"elementor-container elementor-column-gap-default\">\n\t\t\t\t\t<div class=\"elementor-column elementor-col-50 elementor-inner-column elementor-element elementor-element-280e8b27\" data-id=\"280e8b27\" data-element_type=\"column\" data-e-type=\"column\">\n\t\t\t<div class=\"elementor-widget-wrap elementor-element-populated\">\n\t\t\t\t\t\t<div class=\"elementor-element elementor-element-48b410f0 elementor-widget elementor-widget-image\" data-id=\"48b410f0\" data-element_type=\"widget\" data-e-type=\"widget\" data-widget_type=\"image.default\">\n\t\t\t\t\t\t\t\t\t\t\t\t\t\t\t<img loading=\"lazy\" decoding=\"async\" width=\"702\" height=\"468\" src=\"https:\/\/immigrantquebec.com\/fr\/wp-content\/uploads\/2025\/02\/18-olivie-strauss-EDMEVpvUzhg-unsplash-950.jpg\" class=\"attachment-large size-large wp-image-17297\" alt=\"\" srcset=\"https:\/\/immigrantquebec.com\/fr\/wp-content\/uploads\/2025\/02\/18-olivie-strauss-EDMEVpvUzhg-unsplash-950.jpg 950w, https:\/\/immigrantquebec.com\/fr\/wp-content\/uploads\/2025\/02\/18-olivie-strauss-EDMEVpvUzhg-unsplash-950-300x200.jpg 300w, https:\/\/immigrantquebec.com\/fr\/wp-content\/uploads\/2025\/02\/18-olivie-strauss-EDMEVpvUzhg-unsplash-950-768x512.jpg 768w\" sizes=\"(max-width: 702px) 100vw, 702px\" \/>\t\t\t\t\t\t\t\t\t\t\t\t\t\t\t<\/div>\n\t\t\t\t\t<\/div>\n\t\t<\/div>\n\t\t\t\t<div class=\"elementor-column elementor-col-50 elementor-inner-column elementor-element elementor-element-78d10106\" data-id=\"78d10106\" data-element_type=\"column\" data-e-type=\"column\">\n\t\t\t<div class=\"elementor-widget-wrap elementor-element-populated\">\n\t\t\t\t\t\t<div class=\"elementor-element elementor-element-26a8da2a elementor-widget__width-initial elementor-widget elementor-widget-text-editor\" data-id=\"26a8da2a\" data-element_type=\"widget\" data-e-type=\"widget\" data-widget_type=\"text-editor.default\">\n\t\t\t\t\t\t\t\t\t<p style=\"font-weight: 400;\"><span>Si l\u2019on attend plus de d\u00e9tails courant f\u00e9vrier 2025, <em>Le Devoir<\/em> a appris que 20\u00a0% seront des postes permanents.<\/span><\/p><p style=\"font-weight: 400;\"><span>En 2025-2026, le minist\u00e8re doit r\u00e9duire ses d\u00e9penses de 237\u00a0millions de dollars pour atteindre 336\u00a0millions de dollars d\u2019ici 2027-2028. <\/span><\/p><p style=\"font-weight: 400;\"><span style=\"font-weight: 400;\">Pour l\u2019Alliance de la fonction publique du Canada (AFPC), cela risque de compromettre \u00ab\u2009l\u2019acc\u00e8s \u00e0 des services essentiels, en plus d\u2019aggraver la crise de l\u2019immigration\u2009\u00bb.<\/span><\/p><p style=\"font-weight: 400;\"><span style=\"font-weight: 400;\">Les personnes les plus vuln\u00e9rables risquent d\u2019\u00eatre les plus touch\u00e9es et les d\u00e9lais de traitement risquent de s\u2019allonger.<\/span><\/p>\t\t\t\t\t\t\t\t<\/div>\n\t\t\t\t<div class=\"elementor-element elementor-element-4872ec18 elementor-align-end elementor-icon-list--layout-traditional elementor-list-item-link-full_width elementor-widget elementor-widget-icon-list\" data-id=\"4872ec18\" data-element_type=\"widget\" data-e-type=\"widget\" data-widget_type=\"icon-list.default\">\n\t\t\t\t\t\t\t<ul class=\"elementor-icon-list-items\">\n\t\t\t\t\t\t\t<li class=\"elementor-icon-list-item\">\n\t\t\t\t\t\t\t\t\t\t\t<a href=\"https:\/\/syndicatafpc.ca\/labolition-milliers-postes-menace-traitement\">\n\n\t\t\t\t\t\t\t\t\t\t\t\t<span class=\"elementor-icon-list-icon\">\n\t\t\t\t\t\t\t<svg aria-hidden=\"true\" class=\"e-font-icon-svg e-fas-external-link-alt\" viewBox=\"0 0 512 512\" xmlns=\"http:\/\/www.w3.org\/2000\/svg\"><path d=\"M432,320H400a16,16,0,0,0-16,16V448H64V128H208a16,16,0,0,0,16-16V80a16,16,0,0,0-16-16H48A48,48,0,0,0,0,112V464a48,48,0,0,0,48,48H400a48,48,0,0,0,48-48V336A16,16,0,0,0,432,320ZM488,0h-128c-21.37,0-32.05,25.91-17,41l35.73,35.73L135,320.37a24,24,0,0,0,0,34L157.67,377a24,24,0,0,0,34,0L435.28,133.32,471,169c15,15,41,4.5,41-17V24A24,24,0,0,0,488,0Z\"><\/path><\/svg>\t\t\t\t\t\t<\/span>\n\t\t\t\t\t\t\t\t\t\t<span class=\"elementor-icon-list-text\">Communiqu\u00e9 de l'Alliance de la Fonction publique du Canada<\/span>\n\t\t\t\t\t\t\t\t\t\t\t<\/a>\n\t\t\t\t\t\t\t\t\t<\/li>\n\t\t\t\t\t\t<\/ul>\n\t\t\t\t\t\t<\/div>\n\t\t\t\t<div class=\"elementor-element elementor-element-3c99239 elementor-align-end elementor-icon-list--layout-traditional elementor-list-item-link-full_width elementor-widget elementor-widget-icon-list\" data-id=\"3c99239\" data-element_type=\"widget\" data-e-type=\"widget\" data-widget_type=\"icon-list.default\">\n\t\t\t\t\t\t\t<ul class=\"elementor-icon-list-items\">\n\t\t\t\t\t\t\t<li class=\"elementor-icon-list-item\">\n\t\t\t\t\t\t\t\t\t\t\t<a href=\"https:\/\/www.ledevoir.com\/politique\/canada\/834658\/ministere-federal-immigration-appreterait-supprimer-3300-emplois\">\n\n\t\t\t\t\t\t\t\t\t\t\t\t<span class=\"elementor-icon-list-icon\">\n\t\t\t\t\t\t\t<svg aria-hidden=\"true\" class=\"e-font-icon-svg e-fas-external-link-alt\" viewBox=\"0 0 512 512\" xmlns=\"http:\/\/www.w3.org\/2000\/svg\"><path d=\"M432,320H400a16,16,0,0,0-16,16V448H64V128H208a16,16,0,0,0,16-16V80a16,16,0,0,0-16-16H48A48,48,0,0,0,0,112V464a48,48,0,0,0,48,48H400a48,48,0,0,0,48-48V336A16,16,0,0,0,432,320ZM488,0h-128c-21.37,0-32.05,25.91-17,41l35.73,35.73L135,320.37a24,24,0,0,0,0,34L157.67,377a24,24,0,0,0,34,0L435.28,133.32,471,169c15,15,41,4.5,41-17V24A24,24,0,0,0,488,0Z\"><\/path><\/svg>\t\t\t\t\t\t<\/span>\n\t\t\t\t\t\t\t\t\t\t<span class=\"elementor-icon-list-text\">Article du Devoir<\/span>\n\t\t\t\t\t\t\t\t\t\t\t<\/a>\n\t\t\t\t\t\t\t\t\t<\/li>\n\t\t\t\t\t\t<\/ul>\n\t\t\t\t\t\t<\/div>\n\t\t\t\t\t<\/div>\n\t\t<\/div>\n\t\t\t\t\t<\/div>\n\t\t<\/section>\n\t\t\t\t\t<\/div>\n\t\t<\/div>\n\t\t\t\t\t<\/div>\n\t\t<\/section>\n\t\t\t\t<section class=\"elementor-section elementor-top-section elementor-element elementor-element-4c48c872 elementor-section-boxed elementor-section-height-default elementor-section-height-default\" data-id=\"4c48c872\" data-element_type=\"section\" data-e-type=\"section\">\n\t\t\t\t\t\t<div class=\"elementor-container elementor-column-gap-default\">\n\t\t\t\t\t<div class=\"elementor-column elementor-col-100 elementor-top-column elementor-element elementor-element-20690449\" data-id=\"20690449\" data-element_type=\"column\" data-e-type=\"column\">\n\t\t\t<div class=\"elementor-widget-wrap elementor-element-populated\">\n\t\t\t\t\t\t<div class=\"elementor-element elementor-element-3684d63e elementor-widget elementor-widget-image\" data-id=\"3684d63e\" data-element_type=\"widget\" data-e-type=\"widget\" data-widget_type=\"image.default\">\n\t\t\t\t\t\t\t\t\t\t\t\t\t\t\t\t<a href=\"https:\/\/salonimmigration.com\">\n\t\t\t\t\t\t\t<img loading=\"lazy\" decoding=\"async\" width=\"702\" height=\"339\" src=\"https:\/\/immigrantquebec.com\/fr\/wp-content\/uploads\/2025\/02\/PromoSIIQP-2025-Bulletin-745x360-1.png\" class=\"attachment-large size-large wp-image-17298\" alt=\"\" srcset=\"https:\/\/immigrantquebec.com\/fr\/wp-content\/uploads\/2025\/02\/PromoSIIQP-2025-Bulletin-745x360-1.png 745w, https:\/\/immigrantquebec.com\/fr\/wp-content\/uploads\/2025\/02\/PromoSIIQP-2025-Bulletin-745x360-1-300x145.png 300w\" sizes=\"(max-width: 702px) 100vw, 702px\" \/>\t\t\t\t\t\t\t\t<\/a>\n\t\t\t\t\t\t\t\t\t\t\t\t\t\t\t<\/div>\n\t\t\t\t\t<\/div>\n\t\t<\/div>\n\t\t\t\t\t<\/div>\n\t\t<\/section>\n\t\t\t\t<section class=\"elementor-section elementor-top-section elementor-element elementor-element-5fe1ce0f elementor-section-boxed elementor-section-height-default elementor-section-height-default\" data-id=\"5fe1ce0f\" data-element_type=\"section\" data-e-type=\"section\" id=\"bdi-integration\" data-settings=\"{&quot;background_background&quot;:&quot;classic&quot;,&quot;shape_divider_top&quot;:&quot;wave-brush&quot;}\">\n\t\t\t\t\t<div class=\"elementor-shape elementor-shape-top\" aria-hidden=\"true\" data-negative=\"false\">\n\t\t\t<svg xmlns=\"http:\/\/www.w3.org\/2000\/svg\" viewBox=\"0 0 283.5 27.8\" preserveAspectRatio=\"none\">\n\t<path class=\"elementor-shape-fill\" d=\"M283.5,9.7c0,0-7.3,4.3-14,4.6c-6.8,0.3-12.6,0-20.9-1.5c-11.3-2-33.1-10.1-44.7-5.7\ts-12.1,4.6-18,7.4c-6.6,3.2-20,9.6-36.6,9.3C131.6,23.5,99.5,7.2,86.3,8c-1.4,0.1-6.6,0.8-10.5,2c-3.8,1.2-9.4,3.8-17,4.7\tc-3.2,0.4-8.3,1.1-14.2,0.9c-1.5-0.1-6.3-0.4-12-1.6c-5.7-1.2-11-3.1-15.8-3.7C6.5,9.2,0,10.8,0,10.8V0h283.5V9.7z M260.8,11.3\tc-0.7-1-2-0.4-4.3-0.4c-2.3,0-6.1-1.2-5.8-1.1c0.3,0.1,3.1,1.5,6,1.9C259.7,12.2,261.4,12.3,260.8,11.3z M242.4,8.6\tc0,0-2.4-0.2-5.6-0.9c-3.2-0.8-10.3-2.8-15.1-3.5c-8.2-1.1-15.8,0-15.1,0.1c0.8,0.1,9.6-0.6,17.6,1.1c3.3,0.7,9.3,2.2,12.4,2.7\tC239.9,8.7,242.4,8.6,242.4,8.6z M185.2,8.5c1.7-0.7-13.3,4.7-18.5,6.1c-2.1,0.6-6.2,1.6-10,2c-3.9,0.4-8.9,0.4-8.8,0.5\tc0,0.2,5.8,0.8,11.2,0c5.4-0.8,5.2-1.1,7.6-1.6C170.5,14.7,183.5,9.2,185.2,8.5z M199.1,6.9c0.2,0-0.8-0.4-4.8,1.1\tc-4,1.5-6.7,3.5-6.9,3.7c-0.2,0.1,3.5-1.8,6.6-3C197,7.5,199,6.9,199.1,6.9z M283,6c-0.1,0.1-1.9,1.1-4.8,2.5s-6.9,2.8-6.7,2.7\tc0.2,0,3.5-0.6,7.4-2.5C282.8,6.8,283.1,5.9,283,6z M31.3,11.6c0.1-0.2-1.9-0.2-4.5-1.2s-5.4-1.6-7.8-2C15,7.6,7.3,8.5,7.7,8.6\tC8,8.7,15.9,8.3,20.2,9.3c2.2,0.5,2.4,0.5,5.7,1.6S31.2,11.9,31.3,11.6z M73,9.2c0.4-0.1,3.5-1.6,8.4-2.6c4.9-1.1,8.9-0.5,8.9-0.8\tc0-0.3-1-0.9-6.2-0.3S72.6,9.3,73,9.2z M71.6,6.7C71.8,6.8,75,5.4,77.3,5c2.3-0.3,1.9-0.5,1.9-0.6c0-0.1-1.1-0.2-2.7,0.2\tC74.8,5.1,71.4,6.6,71.6,6.7z M93.6,4.4c0.1,0.2,3.5,0.8,5.6,1.8c2.1,1,1.8,0.6,1.9,0.5c0.1-0.1-0.8-0.8-2.4-1.3\tC97.1,4.8,93.5,4.2,93.6,4.4z M65.4,11.1c-0.1,0.3,0.3,0.5,1.9-0.2s2.6-1.3,2.2-1.2s-0.9,0.4-2.5,0.8C65.3,10.9,65.5,10.8,65.4,11.1\tz M34.5,12.4c-0.2,0,2.1,0.8,3.3,0.9c1.2,0.1,2,0.1,2-0.2c0-0.3-0.1-0.5-1.6-0.4C36.6,12.8,34.7,12.4,34.5,12.4z M152.2,21.1\tc-0.1,0.1-2.4-0.3-7.5-0.3c-5,0-13.6-2.4-17.2-3.5c-3.6-1.1,10,3.9,16.5,4.1C150.5,21.6,152.3,21,152.2,21.1z\"\/>\n\t<path class=\"elementor-shape-fill\" d=\"M269.6,18c-0.1-0.1-4.6,0.3-7.2,0c-7.3-0.7-17-3.2-16.6-2.9c0.4,0.3,13.7,3.1,17,3.3\tC267.7,18.8,269.7,18,269.6,18z\"\/>\n\t<path class=\"elementor-shape-fill\" d=\"M227.4,9.8c-0.2-0.1-4.5-1-9.5-1.2c-5-0.2-12.7,0.6-12.3,0.5c0.3-0.1,5.9-1.8,13.3-1.2\tS227.6,9.9,227.4,9.8z\"\/>\n\t<path class=\"elementor-shape-fill\" d=\"M204.5,13.4c-0.1-0.1,2-1,3.2-1.1c1.2-0.1,2,0,2,0.3c0,0.3-0.1,0.5-1.6,0.4\tC206.4,12.9,204.6,13.5,204.5,13.4z\"\/>\n\t<path class=\"elementor-shape-fill\" d=\"M201,10.6c0-0.1-4.4,1.2-6.3,2.2c-1.9,0.9-6.2,3.1-6.1,3.1c0.1,0.1,4.2-1.6,6.3-2.6\tS201,10.7,201,10.6z\"\/>\n\t<path class=\"elementor-shape-fill\" d=\"M154.5,26.7c-0.1-0.1-4.6,0.3-7.2,0c-7.3-0.7-17-3.2-16.6-2.9c0.4,0.3,13.7,3.1,17,3.3\tC152.6,27.5,154.6,26.8,154.5,26.7z\"\/>\n\t<path class=\"elementor-shape-fill\" d=\"M41.9,19.3c0,0,1.2-0.3,2.9-0.1c1.7,0.2,5.8,0.9,8.2,0.7c4.2-0.4,7.4-2.7,7-2.6\tc-0.4,0-4.3,2.2-8.6,1.9c-1.8-0.1-5.1-0.5-6.7-0.4S41.9,19.3,41.9,19.3z\"\/>\n\t<path class=\"elementor-shape-fill\" d=\"M75.5,12.6c0.2,0.1,2-0.8,4.3-1.1c2.3-0.2,2.1-0.3,2.1-0.5c0-0.1-1.8-0.4-3.4,0\tC76.9,11.5,75.3,12.5,75.5,12.6z\"\/>\n\t<path class=\"elementor-shape-fill\" d=\"M15.6,13.2c0-0.1,4.3,0,6.7,0.5c2.4,0.5,5,1.9,5,2c0,0.1-2.7-0.8-5.1-1.4\tC19.9,13.7,15.7,13.3,15.6,13.2z\"\/>\n<\/svg>\t\t<\/div>\n\t\t\t\t\t<div class=\"elementor-container elementor-column-gap-default\">\n\t\t\t\t\t<div class=\"elementor-column elementor-col-100 elementor-top-column elementor-element elementor-element-5c64d806\" data-id=\"5c64d806\" data-element_type=\"column\" data-e-type=\"column\">\n\t\t\t<div class=\"elementor-widget-wrap elementor-element-populated\">\n\t\t\t\t\t\t<section class=\"elementor-section elementor-inner-section elementor-element elementor-element-2fd95c86 elementor-section-full_width elementor-section-height-default elementor-section-height-default\" data-id=\"2fd95c86\" data-element_type=\"section\" data-e-type=\"section\">\n\t\t\t\t\t\t<div class=\"elementor-container elementor-column-gap-no\">\n\t\t\t\t\t<div class=\"elementor-column elementor-col-100 elementor-inner-column elementor-element elementor-element-7507c1c1\" data-id=\"7507c1c1\" data-element_type=\"column\" data-e-type=\"column\">\n\t\t\t<div class=\"elementor-widget-wrap elementor-element-populated\">\n\t\t\t\t\t\t<div class=\"elementor-element elementor-element-4a14a86b elementor-widget elementor-widget-heading\" data-id=\"4a14a86b\" data-element_type=\"widget\" data-e-type=\"widget\" data-widget_type=\"heading.default\">\n\t\t\t\t\t<h2 class=\"elementor-heading-title elementor-size-default\">Int\u00e9gration<\/h2>\t\t\t\t<\/div>\n\t\t\t\t<div class=\"elementor-element elementor-element-44d1877d elementor-position-inline-start elementor-view-stacked elementor-shape-circle elementor-mobile-position-block-start elementor-widget elementor-widget-icon-box\" data-id=\"44d1877d\" data-element_type=\"widget\" data-e-type=\"widget\" id=\"bdi-titre-int-1\" data-widget_type=\"icon-box.default\">\n\t\t\t\t\t\t\t<div class=\"elementor-icon-box-wrapper\">\n\n\t\t\t\t\t\t<div class=\"elementor-icon-box-icon\">\n\t\t\t\t<span  class=\"elementor-icon\">\n\t\t\t\t<svg aria-hidden=\"true\" class=\"e-font-icon-svg e-fas-angle-double-right\" viewBox=\"0 0 448 512\" xmlns=\"http:\/\/www.w3.org\/2000\/svg\"><path d=\"M224.3 273l-136 136c-9.4 9.4-24.6 9.4-33.9 0l-22.6-22.6c-9.4-9.4-9.4-24.6 0-33.9l96.4-96.4-96.4-96.4c-9.4-9.4-9.4-24.6 0-33.9L54.3 103c9.4-9.4 24.6-9.4 33.9 0l136 136c9.5 9.4 9.5 24.6.1 34zm192-34l-136-136c-9.4-9.4-24.6-9.4-33.9 0l-22.6 22.6c-9.4 9.4-9.4 24.6 0 33.9l96.4 96.4-96.4 96.4c-9.4 9.4-9.4 24.6 0 33.9l22.6 22.6c9.4 9.4 24.6 9.4 33.9 0l136-136c9.4-9.2 9.4-24.4 0-33.8z\"><\/path><\/svg>\t\t\t\t<\/span>\n\t\t\t<\/div>\n\t\t\t\n\t\t\t\t\t\t<div class=\"elementor-icon-box-content\">\n\n\t\t\t\t\t\t\t\t\t<h3 class=\"elementor-icon-box-title\">\n\t\t\t\t\t\t<span  >\n\t\t\t\t\t\t\tPlus de 960 classes de francisation ouvertes en janvier\t\t\t\t\t\t<\/span>\n\t\t\t\t\t<\/h3>\n\t\t\t\t\n\t\t\t\t\t\t\t\t\t<p class=\"elementor-icon-box-description\">\n\t\t\t\t\t\tAlors qu\u2019une nouvelle session commen\u00e7ait d\u00e9but janvier, Francisation Qu\u00e9bec a ouvert 964 groupes, capables d\u2019accueillir<br>18\u2009400 \u00e9l\u00e8ves suppl\u00e9mentaires.\t\t\t\t\t<\/p>\n\t\t\t\t\n\t\t\t<\/div>\n\t\t\t\n\t\t<\/div>\n\t\t\t\t\t\t<\/div>\n\t\t\t\t\t<\/div>\n\t\t<\/div>\n\t\t\t\t\t<\/div>\n\t\t<\/section>\n\t\t\t\t<section class=\"elementor-section elementor-inner-section elementor-element elementor-element-44a3b1f9 elementor-section-boxed elementor-section-height-default elementor-section-height-default\" data-id=\"44a3b1f9\" data-element_type=\"section\" data-e-type=\"section\">\n\t\t\t\t\t\t<div class=\"elementor-container elementor-column-gap-default\">\n\t\t\t\t\t<div class=\"elementor-column elementor-col-50 elementor-inner-column elementor-element elementor-element-2d400009\" data-id=\"2d400009\" data-element_type=\"column\" data-e-type=\"column\">\n\t\t\t<div class=\"elementor-widget-wrap elementor-element-populated\">\n\t\t\t\t\t\t<div class=\"elementor-element elementor-element-60234742 elementor-widget elementor-widget-text-editor\" data-id=\"60234742\" data-element_type=\"widget\" data-e-type=\"widget\" data-widget_type=\"text-editor.default\">\n\t\t\t\t\t\t\t\t\t<p style=\"font-weight: 400;\"><span>Ajout\u00e9s aux autres sessions de cours, 37\u2009600\u00a0\u00e9l\u00e8ves au total suivent des cours de fran\u00e7ais au d\u00e9but\u00a02025. 72\u00a0% suivent des cours \u00e0 temps partiel, et seulement 28\u00a0% \u00e0 temps complet. <\/span><\/p><p style=\"font-weight: 400;\"><span style=\"font-weight: 400;\">Le MIFI propose \u00e9galement une nouvelle version de sa Banque d\u2019exercices en fran\u00e7ais, rebaptis\u00e9e <em>Banque de ressources en ligne<\/em>. Cette plateforme se pr\u00e9sente comme une bo\u00eete \u00e0 outils \u00e0 360\u00ba d\u2019apprentissage et de perfectionnement en fran\u00e7ais, mais aussi de d\u00e9couverte du Qu\u00e9bec en fran\u00e7ais \u00e0 travers sa culture et ses m\u00e9dias.<\/span><\/p>\t\t\t\t\t\t\t\t<\/div>\n\t\t\t\t<div class=\"elementor-element elementor-element-2274791 elementor-align-start elementor-icon-list--layout-traditional elementor-list-item-link-full_width elementor-widget elementor-widget-icon-list\" data-id=\"2274791\" data-element_type=\"widget\" data-e-type=\"widget\" data-widget_type=\"icon-list.default\">\n\t\t\t\t\t\t\t<ul class=\"elementor-icon-list-items\">\n\t\t\t\t\t\t\t<li class=\"elementor-icon-list-item\">\n\t\t\t\t\t\t\t\t\t\t\t<a href=\"https:\/\/www.quebec.ca\/nouvelles\/actualites\/details\/francisation-quebec-plus-de-960-classes-de-francisation-ouvertes-en-janvier-60465\">\n\n\t\t\t\t\t\t\t\t\t\t\t\t<span class=\"elementor-icon-list-icon\">\n\t\t\t\t\t\t\t<svg aria-hidden=\"true\" class=\"e-font-icon-svg e-fas-external-link-alt\" viewBox=\"0 0 512 512\" xmlns=\"http:\/\/www.w3.org\/2000\/svg\"><path d=\"M432,320H400a16,16,0,0,0-16,16V448H64V128H208a16,16,0,0,0,16-16V80a16,16,0,0,0-16-16H48A48,48,0,0,0,0,112V464a48,48,0,0,0,48,48H400a48,48,0,0,0,48-48V336A16,16,0,0,0,432,320ZM488,0h-128c-21.37,0-32.05,25.91-17,41l35.73,35.73L135,320.37a24,24,0,0,0,0,34L157.67,377a24,24,0,0,0,34,0L435.28,133.32,471,169c15,15,41,4.5,41-17V24A24,24,0,0,0,488,0Z\"><\/path><\/svg>\t\t\t\t\t\t<\/span>\n\t\t\t\t\t\t\t\t\t\t<span class=\"elementor-icon-list-text\">Communiqu\u00e9 du minist\u00e8re de l'Immigration, de la Francisation et de l'Int\u00e9gration<\/span>\n\t\t\t\t\t\t\t\t\t\t\t<\/a>\n\t\t\t\t\t\t\t\t\t<\/li>\n\t\t\t\t\t\t<\/ul>\n\t\t\t\t\t\t<\/div>\n\t\t\t\t<div class=\"elementor-element elementor-element-6671e216 elementor-align-start elementor-icon-list--layout-traditional elementor-list-item-link-full_width elementor-widget elementor-widget-icon-list\" data-id=\"6671e216\" data-element_type=\"widget\" data-e-type=\"widget\" data-widget_type=\"icon-list.default\">\n\t\t\t\t\t\t\t<ul class=\"elementor-icon-list-items\">\n\t\t\t\t\t\t\t<li class=\"elementor-icon-list-item\">\n\t\t\t\t\t\t\t\t\t\t\t<a href=\"https:\/\/referencesfrancisation.immigration-quebec.gouv.qc.ca\/moodle_ref\/pluginfile.php\/1\/block_public_files\/files\/Brel\/story.html\">\n\n\t\t\t\t\t\t\t\t\t\t\t\t<span class=\"elementor-icon-list-icon\">\n\t\t\t\t\t\t\t<svg aria-hidden=\"true\" class=\"e-font-icon-svg e-fas-external-link-alt\" viewBox=\"0 0 512 512\" xmlns=\"http:\/\/www.w3.org\/2000\/svg\"><path d=\"M432,320H400a16,16,0,0,0-16,16V448H64V128H208a16,16,0,0,0,16-16V80a16,16,0,0,0-16-16H48A48,48,0,0,0,0,112V464a48,48,0,0,0,48,48H400a48,48,0,0,0,48-48V336A16,16,0,0,0,432,320ZM488,0h-128c-21.37,0-32.05,25.91-17,41l35.73,35.73L135,320.37a24,24,0,0,0,0,34L157.67,377a24,24,0,0,0,34,0L435.28,133.32,471,169c15,15,41,4.5,41-17V24A24,24,0,0,0,488,0Z\"><\/path><\/svg>\t\t\t\t\t\t<\/span>\n\t\t\t\t\t\t\t\t\t\t<span class=\"elementor-icon-list-text\">Nouvelle Banque de ressources en ligne<\/span>\n\t\t\t\t\t\t\t\t\t\t\t<\/a>\n\t\t\t\t\t\t\t\t\t<\/li>\n\t\t\t\t\t\t<\/ul>\n\t\t\t\t\t\t<\/div>\n\t\t\t\t\t<\/div>\n\t\t<\/div>\n\t\t\t\t<div class=\"elementor-column elementor-col-50 elementor-inner-column elementor-element elementor-element-7bd9aba1\" data-id=\"7bd9aba1\" data-element_type=\"column\" data-e-type=\"column\">\n\t\t\t<div class=\"elementor-widget-wrap elementor-element-populated\">\n\t\t\t\t\t\t<div class=\"elementor-element elementor-element-4a78edd elementor-widget elementor-widget-image\" data-id=\"4a78edd\" data-element_type=\"widget\" data-e-type=\"widget\" data-widget_type=\"image.default\">\n\t\t\t\t\t\t\t\t\t\t\t\t\t\t\t<img loading=\"lazy\" decoding=\"async\" width=\"632\" height=\"421\" src=\"https:\/\/immigrantquebec.com\/fr\/wp-content\/uploads\/2025\/02\/12-950-c.jpg\" class=\"attachment-large size-large wp-image-17299\" alt=\"\" srcset=\"https:\/\/immigrantquebec.com\/fr\/wp-content\/uploads\/2025\/02\/12-950-c.jpg 632w, https:\/\/immigrantquebec.com\/fr\/wp-content\/uploads\/2025\/02\/12-950-c-300x200.jpg 300w\" sizes=\"(max-width: 632px) 100vw, 632px\" \/>\t\t\t\t\t\t\t\t\t\t\t\t\t\t\t<\/div>\n\t\t\t\t\t<\/div>\n\t\t<\/div>\n\t\t\t\t\t<\/div>\n\t\t<\/section>\n\t\t\t\t<section class=\"elementor-section elementor-inner-section elementor-element elementor-element-501389f0 elementor-section-boxed elementor-section-height-default elementor-section-height-default\" data-id=\"501389f0\" data-element_type=\"section\" data-e-type=\"section\">\n\t\t\t\t\t\t<div class=\"elementor-container elementor-column-gap-default\">\n\t\t\t\t\t<div class=\"elementor-column elementor-col-100 elementor-inner-column elementor-element elementor-element-43de4c99\" data-id=\"43de4c99\" data-element_type=\"column\" data-e-type=\"column\">\n\t\t\t<div class=\"elementor-widget-wrap elementor-element-populated\">\n\t\t\t\t\t\t<div class=\"elementor-element elementor-element-560d0d91 elementor-widget-divider--view-line elementor-widget elementor-widget-divider\" data-id=\"560d0d91\" data-element_type=\"widget\" data-e-type=\"widget\" data-widget_type=\"divider.default\">\n\t\t\t\t\t\t\t<div class=\"elementor-divider\">\n\t\t\t<span class=\"elementor-divider-separator\">\n\t\t\t\t\t\t<\/span>\n\t\t<\/div>\n\t\t\t\t\t\t<\/div>\n\t\t\t\t<div class=\"elementor-element elementor-element-59d37a9a elementor-position-inline-start elementor-view-stacked elementor-shape-circle elementor-mobile-position-block-start elementor-widget elementor-widget-icon-box\" data-id=\"59d37a9a\" data-element_type=\"widget\" data-e-type=\"widget\" id=\"bdi-titre-int-2\" data-widget_type=\"icon-box.default\">\n\t\t\t\t\t\t\t<div class=\"elementor-icon-box-wrapper\">\n\n\t\t\t\t\t\t<div class=\"elementor-icon-box-icon\">\n\t\t\t\t<span  class=\"elementor-icon\">\n\t\t\t\t<svg aria-hidden=\"true\" class=\"e-font-icon-svg e-fas-angle-double-right\" viewBox=\"0 0 448 512\" xmlns=\"http:\/\/www.w3.org\/2000\/svg\"><path d=\"M224.3 273l-136 136c-9.4 9.4-24.6 9.4-33.9 0l-22.6-22.6c-9.4-9.4-9.4-24.6 0-33.9l96.4-96.4-96.4-96.4c-9.4-9.4-9.4-24.6 0-33.9L54.3 103c9.4-9.4 24.6-9.4 33.9 0l136 136c9.5 9.4 9.5 24.6.1 34zm192-34l-136-136c-9.4-9.4-24.6-9.4-33.9 0l-22.6 22.6c-9.4 9.4-9.4 24.6 0 33.9l96.4 96.4-96.4 96.4c-9.4 9.4-9.4 24.6 0 33.9l22.6 22.6c9.4 9.4 24.6 9.4 33.9 0l136-136c9.4-9.2 9.4-24.4 0-33.8z\"><\/path><\/svg>\t\t\t\t<\/span>\n\t\t\t<\/div>\n\t\t\t\n\t\t\t\t\t\t<div class=\"elementor-icon-box-content\">\n\n\t\t\t\t\t\t\t\t\t<h3 class=\"elementor-icon-box-title\">\n\t\t\t\t\t\t<span  >\n\t\t\t\t\t\t\tLe MIFI publie un guide d\u2019installation et d\u2019int\u00e9gration au Qu\u00e9bec\t\t\t\t\t\t<\/span>\n\t\t\t\t\t<\/h3>\n\t\t\t\t\n\t\t\t\t\t\t\t\t\t<p class=\"elementor-icon-box-description\">\n\t\t\t\t\t\tLe MIFI a mis en place un guide pour les personnes immigrantes passant en revue les informations utiles de base pour bien s\u2019installer et s\u2019int\u00e9grer au Qu\u00e9bec.\t\t\t\t\t<\/p>\n\t\t\t\t\n\t\t\t<\/div>\n\t\t\t\n\t\t<\/div>\n\t\t\t\t\t\t<\/div>\n\t\t\t\t\t<\/div>\n\t\t<\/div>\n\t\t\t\t\t<\/div>\n\t\t<\/section>\n\t\t\t\t<section class=\"elementor-section elementor-inner-section elementor-element elementor-element-5a1b4709 elementor-section-boxed elementor-section-height-default elementor-section-height-default\" data-id=\"5a1b4709\" data-element_type=\"section\" data-e-type=\"section\">\n\t\t\t\t\t\t<div class=\"elementor-container elementor-column-gap-default\">\n\t\t\t\t\t<div class=\"elementor-column elementor-col-50 elementor-inner-column elementor-element elementor-element-594f3ae6\" data-id=\"594f3ae6\" data-element_type=\"column\" data-e-type=\"column\">\n\t\t\t<div class=\"elementor-widget-wrap elementor-element-populated\">\n\t\t\t\t\t\t<div class=\"elementor-element elementor-element-69bf37fb elementor-widget elementor-widget-image\" data-id=\"69bf37fb\" data-element_type=\"widget\" data-e-type=\"widget\" data-widget_type=\"image.default\">\n\t\t\t\t\t\t\t\t\t\t\t\t\t\t\t<img loading=\"lazy\" decoding=\"async\" width=\"702\" height=\"467\" src=\"https:\/\/immigrantquebec.com\/fr\/wp-content\/uploads\/2025\/02\/8-ivana-cajina-e6f8IaRQY7M-unsplash-950-c.jpg\" class=\"attachment-large size-large wp-image-17300\" alt=\"\" srcset=\"https:\/\/immigrantquebec.com\/fr\/wp-content\/uploads\/2025\/02\/8-ivana-cajina-e6f8IaRQY7M-unsplash-950-c.jpg 724w, https:\/\/immigrantquebec.com\/fr\/wp-content\/uploads\/2025\/02\/8-ivana-cajina-e6f8IaRQY7M-unsplash-950-c-300x200.jpg 300w\" sizes=\"(max-width: 702px) 100vw, 702px\" \/>\t\t\t\t\t\t\t\t\t\t\t\t\t\t\t<\/div>\n\t\t\t\t\t<\/div>\n\t\t<\/div>\n\t\t\t\t<div class=\"elementor-column elementor-col-50 elementor-inner-column elementor-element elementor-element-3219d572\" data-id=\"3219d572\" data-element_type=\"column\" data-e-type=\"column\">\n\t\t\t<div class=\"elementor-widget-wrap elementor-element-populated\">\n\t\t\t\t\t\t<div class=\"elementor-element elementor-element-526e5cb3 elementor-widget elementor-widget-text-editor\" data-id=\"526e5cb3\" data-element_type=\"widget\" data-e-type=\"widget\" data-widget_type=\"text-editor.default\">\n\t\t\t\t\t\t\t\t\t<p style=\"font-weight: 400;\"><span>Il rappelle d\u2019embl\u00e9e les services d\u2019Accompagnement Qu\u00e9bec pour se faire accompagner d\u00e8s son arriv\u00e9e. Dans le guide, sont expliqu\u00e9s les d\u00e9marches administratives essentielles, les possibilit\u00e9s de formation et d\u00e9veloppement, les services d\u2019accompagnement disponibles, mais aussi la vie quotidienne au Qu\u00e9bec (l\u2019int\u00e9gration socioculturelle, le co\u00fbt de la vie, la vie en r\u00e9gion, etc.).<\/span><\/p><p><span style=\"font-weight: 400;\">Le respect des droits et les protections existantes sont aussi abord\u00e9s dans l\u2019onglet \u00ab\u2009justice\u2009\u00bb.<\/span><\/p>\t\t\t\t\t\t\t\t<\/div>\n\t\t\t\t<div class=\"elementor-element elementor-element-2f36c9ba elementor-align-start elementor-icon-list--layout-traditional elementor-list-item-link-full_width elementor-widget elementor-widget-icon-list\" data-id=\"2f36c9ba\" data-element_type=\"widget\" data-e-type=\"widget\" data-widget_type=\"icon-list.default\">\n\t\t\t\t\t\t\t<ul class=\"elementor-icon-list-items\">\n\t\t\t\t\t\t\t<li class=\"elementor-icon-list-item\">\n\t\t\t\t\t\t\t\t\t\t\t<a href=\"https:\/\/www.quebec.ca\/immigration\/installer-integrer\">\n\n\t\t\t\t\t\t\t\t\t\t\t\t<span class=\"elementor-icon-list-icon\">\n\t\t\t\t\t\t\t<svg aria-hidden=\"true\" class=\"e-font-icon-svg e-fas-external-link-alt\" viewBox=\"0 0 512 512\" xmlns=\"http:\/\/www.w3.org\/2000\/svg\"><path d=\"M432,320H400a16,16,0,0,0-16,16V448H64V128H208a16,16,0,0,0,16-16V80a16,16,0,0,0-16-16H48A48,48,0,0,0,0,112V464a48,48,0,0,0,48,48H400a48,48,0,0,0,48-48V336A16,16,0,0,0,432,320ZM488,0h-128c-21.37,0-32.05,25.91-17,41l35.73,35.73L135,320.37a24,24,0,0,0,0,34L157.67,377a24,24,0,0,0,34,0L435.28,133.32,471,169c15,15,41,4.5,41-17V24A24,24,0,0,0,488,0Z\"><\/path><\/svg>\t\t\t\t\t\t<\/span>\n\t\t\t\t\t\t\t\t\t\t<span class=\"elementor-icon-list-text\">Guide du MIFI<\/span>\n\t\t\t\t\t\t\t\t\t\t\t<\/a>\n\t\t\t\t\t\t\t\t\t<\/li>\n\t\t\t\t\t\t<\/ul>\n\t\t\t\t\t\t<\/div>\n\t\t\t\t\t<\/div>\n\t\t<\/div>\n\t\t\t\t\t<\/div>\n\t\t<\/section>\n\t\t\t\t<section class=\"elementor-section elementor-inner-section elementor-element elementor-element-2421a58a elementor-section-boxed elementor-section-height-default elementor-section-height-default\" data-id=\"2421a58a\" data-element_type=\"section\" data-e-type=\"section\">\n\t\t\t\t\t\t<div class=\"elementor-container elementor-column-gap-default\">\n\t\t\t\t\t<div class=\"elementor-column elementor-col-100 elementor-inner-column elementor-element elementor-element-75f224c9\" data-id=\"75f224c9\" data-element_type=\"column\" data-e-type=\"column\">\n\t\t\t<div class=\"elementor-widget-wrap elementor-element-populated\">\n\t\t\t\t\t\t<div class=\"elementor-element elementor-element-6b9f5708 elementor-widget-divider--view-line elementor-widget elementor-widget-divider\" data-id=\"6b9f5708\" data-element_type=\"widget\" data-e-type=\"widget\" data-widget_type=\"divider.default\">\n\t\t\t\t\t\t\t<div class=\"elementor-divider\">\n\t\t\t<span class=\"elementor-divider-separator\">\n\t\t\t\t\t\t<\/span>\n\t\t<\/div>\n\t\t\t\t\t\t<\/div>\n\t\t\t\t\t<\/div>\n\t\t<\/div>\n\t\t\t\t\t<\/div>\n\t\t<\/section>\n\t\t\t\t<div class=\"elementor-element elementor-element-12578cf6 elementor-position-inline-start elementor-view-stacked elementor-shape-circle elementor-mobile-position-block-start elementor-widget elementor-widget-icon-box\" data-id=\"12578cf6\" data-element_type=\"widget\" data-e-type=\"widget\" id=\"bdi-titre-int-3\" data-widget_type=\"icon-box.default\">\n\t\t\t\t\t\t\t<div class=\"elementor-icon-box-wrapper\">\n\n\t\t\t\t\t\t<div class=\"elementor-icon-box-icon\">\n\t\t\t\t<span  class=\"elementor-icon\">\n\t\t\t\t<svg aria-hidden=\"true\" class=\"e-font-icon-svg e-fas-angle-double-right\" viewBox=\"0 0 448 512\" xmlns=\"http:\/\/www.w3.org\/2000\/svg\"><path d=\"M224.3 273l-136 136c-9.4 9.4-24.6 9.4-33.9 0l-22.6-22.6c-9.4-9.4-9.4-24.6 0-33.9l96.4-96.4-96.4-96.4c-9.4-9.4-9.4-24.6 0-33.9L54.3 103c9.4-9.4 24.6-9.4 33.9 0l136 136c9.5 9.4 9.5 24.6.1 34zm192-34l-136-136c-9.4-9.4-24.6-9.4-33.9 0l-22.6 22.6c-9.4 9.4-9.4 24.6 0 33.9l96.4 96.4-96.4 96.4c-9.4 9.4-9.4 24.6 0 33.9l22.6 22.6c9.4 9.4 24.6 9.4 33.9 0l136-136c9.4-9.2 9.4-24.4 0-33.8z\"><\/path><\/svg>\t\t\t\t<\/span>\n\t\t\t<\/div>\n\t\t\t\n\t\t\t\t\t\t<div class=\"elementor-icon-box-content\">\n\n\t\t\t\t\t\t\t\t\t<h3 class=\"elementor-icon-box-title\">\n\t\t\t\t\t\t<span  >\n\t\t\t\t\t\t\tOuverture des candidatures pour le Prix Ulrick-Ch\u00e9rubin 2025\t\t\t\t\t\t<\/span>\n\t\t\t\t\t<\/h3>\n\t\t\t\t\n\t\t\t\t\t\t\t\t\t<p class=\"elementor-icon-box-description\">\n\t\t\t\t\t\tLa 4e \u00e9dition du Prix Ulrick-Ch\u00e9rubin est ouverte aux candidatures.\t\t\t\t\t<\/p>\n\t\t\t\t\n\t\t\t<\/div>\n\t\t\t\n\t\t<\/div>\n\t\t\t\t\t\t<\/div>\n\t\t\t\t<section class=\"elementor-section elementor-inner-section elementor-element elementor-element-56ce28fc elementor-section-boxed elementor-section-height-default elementor-section-height-default\" data-id=\"56ce28fc\" data-element_type=\"section\" data-e-type=\"section\">\n\t\t\t\t\t\t<div class=\"elementor-container elementor-column-gap-default\">\n\t\t\t\t\t<div class=\"elementor-column elementor-col-50 elementor-inner-column elementor-element elementor-element-6d953a8a\" data-id=\"6d953a8a\" data-element_type=\"column\" data-e-type=\"column\">\n\t\t\t<div class=\"elementor-widget-wrap elementor-element-populated\">\n\t\t\t\t\t\t<div class=\"elementor-element elementor-element-704af67a elementor-widget elementor-widget-text-editor\" data-id=\"704af67a\" data-element_type=\"widget\" data-e-type=\"widget\" data-widget_type=\"text-editor.default\">\n\t\t\t\t\t\t\t\t\t<p style=\"font-weight: 400;\"><span>Ce prix r\u00e9compense l\u2019apport de municipalit\u00e9s, MRC ou d\u2019organismes dans l\u2019instauration de pratiques d\u2019inclusion de personnes immigrantes.<\/span><\/p><p style=\"font-weight: 400;\"><span>Les int\u00e9ress\u00e9s ont jusqu\u2019au 14\u00a0mars 2025 pour d\u00e9poser leur candidature.<\/span><\/p><p style=\"font-weight: 400;\"><span>Seront s\u00e9lectionn\u00e9es les entit\u00e9s qui ont mis en place des programmes ou des m\u00e9canismes pour les immigr\u00e9s ou les minorit\u00e9s ethnoculturelles. <\/span><\/p>\t\t\t\t\t\t\t\t<\/div>\n\t\t\t\t<div class=\"elementor-element elementor-element-6cd11ff7 elementor-align-start elementor-icon-list--layout-traditional elementor-list-item-link-full_width elementor-widget elementor-widget-icon-list\" data-id=\"6cd11ff7\" data-element_type=\"widget\" data-e-type=\"widget\" data-widget_type=\"icon-list.default\">\n\t\t\t\t\t\t\t<ul class=\"elementor-icon-list-items\">\n\t\t\t\t\t\t\t<li class=\"elementor-icon-list-item\">\n\t\t\t\t\t\t\t\t\t\t\t<a href=\"https:\/\/fqm.ca\/medias\/communiques\/prix-ulrick-cherubin-2025-celebrer-lexcellence-en-matiere-dinclusion-au-quebec\/\">\n\n\t\t\t\t\t\t\t\t\t\t\t\t<span class=\"elementor-icon-list-icon\">\n\t\t\t\t\t\t\t<svg aria-hidden=\"true\" class=\"e-font-icon-svg e-fas-external-link-alt\" viewBox=\"0 0 512 512\" xmlns=\"http:\/\/www.w3.org\/2000\/svg\"><path d=\"M432,320H400a16,16,0,0,0-16,16V448H64V128H208a16,16,0,0,0,16-16V80a16,16,0,0,0-16-16H48A48,48,0,0,0,0,112V464a48,48,0,0,0,48,48H400a48,48,0,0,0,48-48V336A16,16,0,0,0,432,320ZM488,0h-128c-21.37,0-32.05,25.91-17,41l35.73,35.73L135,320.37a24,24,0,0,0,0,34L157.67,377a24,24,0,0,0,34,0L435.28,133.32,471,169c15,15,41,4.5,41-17V24A24,24,0,0,0,488,0Z\"><\/path><\/svg>\t\t\t\t\t\t<\/span>\n\t\t\t\t\t\t\t\t\t\t<span class=\"elementor-icon-list-text\">Page de la F\u00e9d\u00e9ration qu\u00e9b\u00e9coise des municipalit\u00e9s<\/span>\n\t\t\t\t\t\t\t\t\t\t\t<\/a>\n\t\t\t\t\t\t\t\t\t<\/li>\n\t\t\t\t\t\t<\/ul>\n\t\t\t\t\t\t<\/div>\n\t\t\t\t\t<\/div>\n\t\t<\/div>\n\t\t\t\t<div class=\"elementor-column elementor-col-50 elementor-inner-column elementor-element elementor-element-b0e501\" data-id=\"b0e501\" data-element_type=\"column\" data-e-type=\"column\">\n\t\t\t<div class=\"elementor-widget-wrap elementor-element-populated\">\n\t\t\t\t\t\t<div class=\"elementor-element elementor-element-2ad72e82 elementor-widget elementor-widget-image\" data-id=\"2ad72e82\" data-element_type=\"widget\" data-e-type=\"widget\" data-widget_type=\"image.default\">\n\t\t\t\t\t\t\t\t\t\t\t\t\t\t\t<img loading=\"lazy\" decoding=\"async\" width=\"702\" height=\"468\" src=\"https:\/\/immigrantquebec.com\/fr\/wp-content\/uploads\/2025\/02\/13-giorgio-trovato-_XTY6lD8jgM-unsplash-950.jpg\" class=\"attachment-large size-large wp-image-17301\" alt=\"\" srcset=\"https:\/\/immigrantquebec.com\/fr\/wp-content\/uploads\/2025\/02\/13-giorgio-trovato-_XTY6lD8jgM-unsplash-950.jpg 950w, https:\/\/immigrantquebec.com\/fr\/wp-content\/uploads\/2025\/02\/13-giorgio-trovato-_XTY6lD8jgM-unsplash-950-300x200.jpg 300w, https:\/\/immigrantquebec.com\/fr\/wp-content\/uploads\/2025\/02\/13-giorgio-trovato-_XTY6lD8jgM-unsplash-950-768x512.jpg 768w\" sizes=\"(max-width: 702px) 100vw, 702px\" \/>\t\t\t\t\t\t\t\t\t\t\t\t\t\t\t<\/div>\n\t\t\t\t\t<\/div>\n\t\t<\/div>\n\t\t\t\t\t<\/div>\n\t\t<\/section>\n\t\t\t\t<section class=\"elementor-section elementor-inner-section elementor-element elementor-element-1b79a68e elementor-section-boxed elementor-section-height-default elementor-section-height-default\" data-id=\"1b79a68e\" data-element_type=\"section\" data-e-type=\"section\">\n\t\t\t\t\t\t<div class=\"elementor-container elementor-column-gap-default\">\n\t\t\t\t\t<div class=\"elementor-column elementor-col-100 elementor-inner-column elementor-element elementor-element-6f80c14b\" data-id=\"6f80c14b\" data-element_type=\"column\" data-e-type=\"column\">\n\t\t\t<div class=\"elementor-widget-wrap elementor-element-populated\">\n\t\t\t\t\t\t<div class=\"elementor-element elementor-element-2ca0fa7 elementor-widget-divider--view-line elementor-widget elementor-widget-divider\" data-id=\"2ca0fa7\" data-element_type=\"widget\" data-e-type=\"widget\" data-widget_type=\"divider.default\">\n\t\t\t\t\t\t\t<div class=\"elementor-divider\">\n\t\t\t<span class=\"elementor-divider-separator\">\n\t\t\t\t\t\t<\/span>\n\t\t<\/div>\n\t\t\t\t\t\t<\/div>\n\t\t\t\t\t<\/div>\n\t\t<\/div>\n\t\t\t\t\t<\/div>\n\t\t<\/section>\n\t\t\t\t<div class=\"elementor-element elementor-element-8155927 elementor-position-inline-start elementor-view-stacked elementor-shape-circle elementor-mobile-position-block-start elementor-widget elementor-widget-icon-box\" data-id=\"8155927\" data-element_type=\"widget\" data-e-type=\"widget\" id=\"bdi-titre-int-4\" data-widget_type=\"icon-box.default\">\n\t\t\t\t\t\t\t<div class=\"elementor-icon-box-wrapper\">\n\n\t\t\t\t\t\t<div class=\"elementor-icon-box-icon\">\n\t\t\t\t<span  class=\"elementor-icon\">\n\t\t\t\t<svg aria-hidden=\"true\" class=\"e-font-icon-svg e-fas-angle-double-right\" viewBox=\"0 0 448 512\" xmlns=\"http:\/\/www.w3.org\/2000\/svg\"><path d=\"M224.3 273l-136 136c-9.4 9.4-24.6 9.4-33.9 0l-22.6-22.6c-9.4-9.4-9.4-24.6 0-33.9l96.4-96.4-96.4-96.4c-9.4-9.4-9.4-24.6 0-33.9L54.3 103c9.4-9.4 24.6-9.4 33.9 0l136 136c9.5 9.4 9.5 24.6.1 34zm192-34l-136-136c-9.4-9.4-24.6-9.4-33.9 0l-22.6 22.6c-9.4 9.4-9.4 24.6 0 33.9l96.4 96.4-96.4 96.4c-9.4 9.4-9.4 24.6 0 33.9l22.6 22.6c9.4 9.4 24.6 9.4 33.9 0l136-136c9.4-9.2 9.4-24.4 0-33.8z\"><\/path><\/svg>\t\t\t\t<\/span>\n\t\t\t<\/div>\n\t\t\t\n\t\t\t\t\t\t<div class=\"elementor-icon-box-content\">\n\n\t\t\t\t\t\t\t\t\t<h3 class=\"elementor-icon-box-title\">\n\t\t\t\t\t\t<span  >\n\t\t\t\t\t\t\tLe ministre Roberge veut repenser le mod\u00e8le d\u2019int\u00e9gration\t\t\t\t\t\t<\/span>\n\t\t\t\t\t<\/h3>\n\t\t\t\t\n\t\t\t\t\t\t\t\t\t<p class=\"elementor-icon-box-description\">\n\t\t\t\t\t\tLe ministre de l\u2019Immigration, de la Francisation et de l\u2019Int\u00e9gration a pr\u00e9sent\u00e9, le 30 janvier 2025 un projet de loi pour repenser le mod\u00e8le d\u2019int\u00e9gration des personnes immigr\u00e9es au Qu\u00e9bec.\t\t\t\t\t<\/p>\n\t\t\t\t\n\t\t\t<\/div>\n\t\t\t\n\t\t<\/div>\n\t\t\t\t\t\t<\/div>\n\t\t\t\t<section class=\"elementor-section elementor-inner-section elementor-element elementor-element-3017ebf6 elementor-section-boxed elementor-section-height-default elementor-section-height-default\" data-id=\"3017ebf6\" data-element_type=\"section\" data-e-type=\"section\">\n\t\t\t\t\t\t<div class=\"elementor-container elementor-column-gap-default\">\n\t\t\t\t\t<div class=\"elementor-column elementor-col-50 elementor-inner-column elementor-element elementor-element-3fd956e5\" data-id=\"3fd956e5\" data-element_type=\"column\" data-e-type=\"column\">\n\t\t\t<div class=\"elementor-widget-wrap elementor-element-populated\">\n\t\t\t\t\t\t<div class=\"elementor-element elementor-element-16b6d87 elementor-widget elementor-widget-image\" data-id=\"16b6d87\" data-element_type=\"widget\" data-e-type=\"widget\" data-widget_type=\"image.default\">\n\t\t\t\t\t\t\t\t\t\t\t\t\t\t\t<img loading=\"lazy\" decoding=\"async\" width=\"702\" height=\"468\" src=\"https:\/\/immigrantquebec.com\/fr\/wp-content\/uploads\/2025\/02\/23-angele-kamp-bDuh4oK_MCU-unsplash-950-1.jpg\" class=\"attachment-large size-large wp-image-17304\" alt=\"\" srcset=\"https:\/\/immigrantquebec.com\/fr\/wp-content\/uploads\/2025\/02\/23-angele-kamp-bDuh4oK_MCU-unsplash-950-1.jpg 950w, https:\/\/immigrantquebec.com\/fr\/wp-content\/uploads\/2025\/02\/23-angele-kamp-bDuh4oK_MCU-unsplash-950-1-300x200.jpg 300w, https:\/\/immigrantquebec.com\/fr\/wp-content\/uploads\/2025\/02\/23-angele-kamp-bDuh4oK_MCU-unsplash-950-1-768x512.jpg 768w\" sizes=\"(max-width: 702px) 100vw, 702px\" \/>\t\t\t\t\t\t\t\t\t\t\t\t\t\t\t<\/div>\n\t\t\t\t\t<\/div>\n\t\t<\/div>\n\t\t\t\t<div class=\"elementor-column elementor-col-50 elementor-inner-column elementor-element elementor-element-45b9f498\" data-id=\"45b9f498\" data-element_type=\"column\" data-e-type=\"column\">\n\t\t\t<div class=\"elementor-widget-wrap elementor-element-populated\">\n\t\t\t\t\t\t<div class=\"elementor-element elementor-element-305af008 elementor-widget elementor-widget-text-editor\" data-id=\"305af008\" data-element_type=\"widget\" data-e-type=\"widget\" data-widget_type=\"text-editor.default\">\n\t\t\t\t\t\t\t\t\t<p style=\"font-weight: 400;\"><span>Il entend conclure un nouveau \u00ab\u2009contrat social\u2009\u00bb qui r\u00e9pondra davantage encore de l\u2019interculturalisme, et portera un nouveau nom avec des caract\u00e9ristiques d\u00e9finies bas\u00e9es sur les \u00ab\u2009valeurs fondamentales du Qu\u00e9bec\u2009\u00bb.<\/span><\/p><p style=\"font-weight: 400;\"><span style=\"font-weight: 400;\">Selon le ministre, cette loi sera cadre et sera au \u00ab\u2009m\u00eame rang que la Charte de la langue fran\u00e7aise\u2009\u00bb.<\/span><\/p>\t\t\t\t\t\t\t\t<\/div>\n\t\t\t\t<div class=\"elementor-element elementor-element-6e5bfe17 elementor-align-end elementor-icon-list--layout-traditional elementor-list-item-link-full_width elementor-widget elementor-widget-icon-list\" data-id=\"6e5bfe17\" data-element_type=\"widget\" data-e-type=\"widget\" data-widget_type=\"icon-list.default\">\n\t\t\t\t\t\t\t<ul class=\"elementor-icon-list-items\">\n\t\t\t\t\t\t\t<li class=\"elementor-icon-list-item\">\n\t\t\t\t\t\t\t\t\t\t\t<a href=\"https:\/\/ici.radio-canada.ca\/nouvelle\/2135885\/loi-cadre-integration-immigrants-quebec\">\n\n\t\t\t\t\t\t\t\t\t\t\t\t<span class=\"elementor-icon-list-icon\">\n\t\t\t\t\t\t\t<svg aria-hidden=\"true\" class=\"e-font-icon-svg e-fas-external-link-alt\" viewBox=\"0 0 512 512\" xmlns=\"http:\/\/www.w3.org\/2000\/svg\"><path d=\"M432,320H400a16,16,0,0,0-16,16V448H64V128H208a16,16,0,0,0,16-16V80a16,16,0,0,0-16-16H48A48,48,0,0,0,0,112V464a48,48,0,0,0,48,48H400a48,48,0,0,0,48-48V336A16,16,0,0,0,432,320ZM488,0h-128c-21.37,0-32.05,25.91-17,41l35.73,35.73L135,320.37a24,24,0,0,0,0,34L157.67,377a24,24,0,0,0,34,0L435.28,133.32,471,169c15,15,41,4.5,41-17V24A24,24,0,0,0,488,0Z\"><\/path><\/svg>\t\t\t\t\t\t<\/span>\n\t\t\t\t\t\t\t\t\t\t<span class=\"elementor-icon-list-text\">Article de Radio-Canada<\/span>\n\t\t\t\t\t\t\t\t\t\t\t<\/a>\n\t\t\t\t\t\t\t\t\t<\/li>\n\t\t\t\t\t\t<\/ul>\n\t\t\t\t\t\t<\/div>\n\t\t\t\t<div class=\"elementor-element elementor-element-7458c19a elementor-align-end elementor-icon-list--layout-traditional elementor-list-item-link-full_width elementor-widget elementor-widget-icon-list\" data-id=\"7458c19a\" data-element_type=\"widget\" data-e-type=\"widget\" data-widget_type=\"icon-list.default\">\n\t\t\t\t\t\t\t<ul class=\"elementor-icon-list-items\">\n\t\t\t\t\t\t\t<li class=\"elementor-icon-list-item\">\n\t\t\t\t\t\t\t\t\t\t\t<a href=\"https:\/\/www.lapresse.ca\/actualites\/politique\/2025-01-27\/rentree-parlementaire\/la-question-identitaire-de-retour-sur-la-table.php\">\n\n\t\t\t\t\t\t\t\t\t\t\t\t<span class=\"elementor-icon-list-icon\">\n\t\t\t\t\t\t\t<svg aria-hidden=\"true\" class=\"e-font-icon-svg e-fas-external-link-alt\" viewBox=\"0 0 512 512\" xmlns=\"http:\/\/www.w3.org\/2000\/svg\"><path d=\"M432,320H400a16,16,0,0,0-16,16V448H64V128H208a16,16,0,0,0,16-16V80a16,16,0,0,0-16-16H48A48,48,0,0,0,0,112V464a48,48,0,0,0,48,48H400a48,48,0,0,0,48-48V336A16,16,0,0,0,432,320ZM488,0h-128c-21.37,0-32.05,25.91-17,41l35.73,35.73L135,320.37a24,24,0,0,0,0,34L157.67,377a24,24,0,0,0,34,0L435.28,133.32,471,169c15,15,41,4.5,41-17V24A24,24,0,0,0,488,0Z\"><\/path><\/svg>\t\t\t\t\t\t<\/span>\n\t\t\t\t\t\t\t\t\t\t<span class=\"elementor-icon-list-text\">Article de La Presse<\/span>\n\t\t\t\t\t\t\t\t\t\t\t<\/a>\n\t\t\t\t\t\t\t\t\t<\/li>\n\t\t\t\t\t\t<\/ul>\n\t\t\t\t\t\t<\/div>\n\t\t\t\t\t<\/div>\n\t\t<\/div>\n\t\t\t\t\t<\/div>\n\t\t<\/section>\n\t\t\t\t<section class=\"elementor-section elementor-inner-section elementor-element elementor-element-3a54f862 elementor-section-boxed elementor-section-height-default elementor-section-height-default\" data-id=\"3a54f862\" data-element_type=\"section\" data-e-type=\"section\">\n\t\t\t\t\t\t<div class=\"elementor-container elementor-column-gap-default\">\n\t\t\t\t\t<div class=\"elementor-column elementor-col-100 elementor-inner-column elementor-element elementor-element-196ba14a\" data-id=\"196ba14a\" data-element_type=\"column\" data-e-type=\"column\">\n\t\t\t<div class=\"elementor-widget-wrap elementor-element-populated\">\n\t\t\t\t\t\t<div class=\"elementor-element elementor-element-2adc9835 elementor-widget-divider--view-line elementor-widget elementor-widget-divider\" data-id=\"2adc9835\" data-element_type=\"widget\" data-e-type=\"widget\" data-widget_type=\"divider.default\">\n\t\t\t\t\t\t\t<div class=\"elementor-divider\">\n\t\t\t<span class=\"elementor-divider-separator\">\n\t\t\t\t\t\t<\/span>\n\t\t<\/div>\n\t\t\t\t\t\t<\/div>\n\t\t\t\t\t<\/div>\n\t\t<\/div>\n\t\t\t\t\t<\/div>\n\t\t<\/section>\n\t\t\t\t<div class=\"elementor-element elementor-element-227ea38c elementor-position-inline-start elementor-view-stacked elementor-shape-circle elementor-mobile-position-block-start elementor-widget elementor-widget-icon-box\" data-id=\"227ea38c\" data-element_type=\"widget\" data-e-type=\"widget\" id=\"bdi-titre-int-5\" data-widget_type=\"icon-box.default\">\n\t\t\t\t\t\t\t<div class=\"elementor-icon-box-wrapper\">\n\n\t\t\t\t\t\t<div class=\"elementor-icon-box-icon\">\n\t\t\t\t<span  class=\"elementor-icon\">\n\t\t\t\t<svg aria-hidden=\"true\" class=\"e-font-icon-svg e-fas-microphone-alt\" viewBox=\"0 0 352 512\" xmlns=\"http:\/\/www.w3.org\/2000\/svg\"><path d=\"M336 192h-16c-8.84 0-16 7.16-16 16v48c0 74.8-64.49 134.82-140.79 127.38C96.71 376.89 48 317.11 48 250.3V208c0-8.84-7.16-16-16-16H16c-8.84 0-16 7.16-16 16v40.16c0 89.64 63.97 169.55 152 181.69V464H96c-8.84 0-16 7.16-16 16v16c0 8.84 7.16 16 16 16h160c8.84 0 16-7.16 16-16v-16c0-8.84-7.16-16-16-16h-56v-33.77C285.71 418.47 352 344.9 352 256v-48c0-8.84-7.16-16-16-16zM176 352c53.02 0 96-42.98 96-96h-85.33c-5.89 0-10.67-3.58-10.67-8v-16c0-4.42 4.78-8 10.67-8H272v-32h-85.33c-5.89 0-10.67-3.58-10.67-8v-16c0-4.42 4.78-8 10.67-8H272v-32h-85.33c-5.89 0-10.67-3.58-10.67-8v-16c0-4.42 4.78-8 10.67-8H272c0-53.02-42.98-96-96-96S80 42.98 80 96v160c0 53.02 42.98 96 96 96z\"><\/path><\/svg>\t\t\t\t<\/span>\n\t\t\t<\/div>\n\t\t\t\n\t\t\t\t\t\t<div class=\"elementor-icon-box-content\">\n\n\t\t\t\t\t\t\t\t\t<h3 class=\"elementor-icon-box-title\">\n\t\t\t\t\t\t<span  >\n\t\t\t\t\t\t\tEntrevue avec Marie-Anne Alepin, pr\u00e9sidente de la Fondation pour la langue fran\u00e7aise\t\t\t\t\t\t<\/span>\n\t\t\t\t\t<\/h3>\n\t\t\t\t\n\t\t\t\t\n\t\t\t<\/div>\n\t\t\t\n\t\t<\/div>\n\t\t\t\t\t\t<\/div>\n\t\t\t\t<section class=\"elementor-section elementor-inner-section elementor-element elementor-element-69f2dea8 elementor-section-boxed elementor-section-height-default elementor-section-height-default\" data-id=\"69f2dea8\" data-element_type=\"section\" data-e-type=\"section\" data-settings=\"{&quot;background_background&quot;:&quot;classic&quot;}\">\n\t\t\t\t\t\t<div class=\"elementor-container elementor-column-gap-default\">\n\t\t\t\t\t<div class=\"elementor-column elementor-col-50 elementor-inner-column elementor-element elementor-element-3d64f880\" data-id=\"3d64f880\" data-element_type=\"column\" data-e-type=\"column\">\n\t\t\t<div class=\"elementor-widget-wrap elementor-element-populated\">\n\t\t\t\t\t\t<div class=\"elementor-element elementor-element-7b5345aa elementor-widget elementor-widget-image\" data-id=\"7b5345aa\" data-element_type=\"widget\" data-e-type=\"widget\" data-widget_type=\"image.default\">\n\t\t\t\t\t\t\t\t\t\t\t\t\t\t\t<img loading=\"lazy\" decoding=\"async\" width=\"300\" height=\"300\" src=\"https:\/\/immigrantquebec.com\/fr\/wp-content\/uploads\/2025\/02\/marie-anne-alepin-300.webp\" class=\"attachment-large size-large wp-image-17305\" alt=\"\" srcset=\"https:\/\/immigrantquebec.com\/fr\/wp-content\/uploads\/2025\/02\/marie-anne-alepin-300.webp 300w, https:\/\/immigrantquebec.com\/fr\/wp-content\/uploads\/2025\/02\/marie-anne-alepin-300-200x200.webp 200w, https:\/\/immigrantquebec.com\/fr\/wp-content\/uploads\/2025\/02\/marie-anne-alepin-300-120x120.webp 120w, https:\/\/immigrantquebec.com\/fr\/wp-content\/uploads\/2025\/02\/marie-anne-alepin-300-24x24.webp 24w, https:\/\/immigrantquebec.com\/fr\/wp-content\/uploads\/2025\/02\/marie-anne-alepin-300-48x48.webp 48w, https:\/\/immigrantquebec.com\/fr\/wp-content\/uploads\/2025\/02\/marie-anne-alepin-300-96x96.webp 96w, https:\/\/immigrantquebec.com\/fr\/wp-content\/uploads\/2025\/02\/marie-anne-alepin-300-150x150.webp 150w\" sizes=\"(max-width: 300px) 100vw, 300px\" \/>\t\t\t\t\t\t\t\t\t\t\t\t\t\t\t<\/div>\n\t\t\t\t\t<\/div>\n\t\t<\/div>\n\t\t\t\t<div class=\"elementor-column elementor-col-50 elementor-inner-column elementor-element elementor-element-20f9330\" data-id=\"20f9330\" data-element_type=\"column\" data-e-type=\"column\">\n\t\t\t<div class=\"elementor-widget-wrap elementor-element-populated\">\n\t\t\t\t\t\t<div class=\"elementor-element elementor-element-22d9cd26 elementor-widget elementor-widget-text-editor\" data-id=\"22d9cd26\" data-element_type=\"widget\" data-e-type=\"widget\" data-widget_type=\"text-editor.default\">\n\t\t\t\t\t\t\t\t\t<p>Marie-Eve Alepin, pr\u00e9sidente de la Fondation pour la langue fran\u00e7aise, nous pr\u00e9sente le programme de jumelage linguistique deux par deux.<\/p><p style=\"font-weight: 400;\">L&rsquo;initiative permet de<span>\u00a0<\/span>\u00ab\u00a0mettre en relation des apprenants et des b\u00e9n\u00e9voles qui, au gr\u00e9 de leurs conversations, ont comme objectif principal de partager l\u2019amour du fran\u00e7ais en s\u2019offrant une exp\u00e9rience immersive dans la culture qu\u00e9b\u00e9coise\u00a0\u00bb.<\/p><p style=\"text-align: left;\"><em>Propos recueillis par Basile Moratille<\/em><\/p>\t\t\t\t\t\t\t\t<\/div>\n\t\t\t\t\t<\/div>\n\t\t<\/div>\n\t\t\t\t\t<\/div>\n\t\t<\/section>\n\t\t\t\t<section class=\"elementor-section elementor-inner-section elementor-element elementor-element-37b7bfa6 elementor-section-boxed elementor-section-height-default elementor-section-height-default\" data-id=\"37b7bfa6\" data-element_type=\"section\" data-e-type=\"section\" data-settings=\"{&quot;background_background&quot;:&quot;classic&quot;}\">\n\t\t\t\t\t\t<div class=\"elementor-container elementor-column-gap-default\">\n\t\t\t\t\t<div class=\"elementor-column elementor-col-100 elementor-inner-column elementor-element elementor-element-7642c38f\" data-id=\"7642c38f\" data-element_type=\"column\" data-e-type=\"column\">\n\t\t\t<div class=\"elementor-widget-wrap elementor-element-populated\">\n\t\t\t\t\t\t<div class=\"elementor-element elementor-element-35dbc1d0 elementor-widget elementor-widget-text-editor\" data-id=\"35dbc1d0\" data-element_type=\"widget\" data-e-type=\"widget\" data-widget_type=\"text-editor.default\">\n\t\t\t\t\t\t\t\t\t<p style=\"font-weight: 400;\"><strong><span>Immigrant Qu\u00e9bec\u00a0: Parlez-nous un peu du programme deux par deux<\/span><\/strong><\/p><p style=\"font-weight: 400;\"><span>Marie-Anne Alepin\u00a0: Le programme deux par deux est un petit bijou qui est n\u00e9 en 2020. C\u2019est une bulle s\u00e9curitaire, gratuite et enti\u00e8rement volontaire qui permet la rencontre, en virtuel ou en personne, entre une personne en apprentissage du fran\u00e7ais et une personne d\u2019ici. La relation entre les deux personnes est totalement libre, sans engagement ni cadre particulier. La Fondation intervient comme facilitateur de la rencontre, mais ne s\u2019immisce pas ensuite dans la relation entre la personne apprenante et la personne b\u00e9n\u00e9vole. On ne mesure pas l\u2019assiduit\u00e9 des participants ni les \u00e9ventuels progr\u00e8s qui sont r\u00e9alis\u00e9s.<\/span><\/p><p style=\"font-weight: 400;\"><strong><span>IQ\u00a0: Le programme ne se substitue donc pas \u00e0 un cours de francisation en tant que tel<\/span><\/strong><\/p><p style=\"font-weight: 400;\"><span>MAA\u00a0: Non, en effet. Il ne s\u2019agit pas de cours de fran\u00e7ais, mais bien d\u2019espaces de conversation, afin de se pratiquer, consolider ses acquis, partager et, pourquoi pas, d\u00e9velopper de nouvelles amiti\u00e9s\u2009! Par cons\u00e9quent, le programme s\u2019adresse aux personnes immigrantes qui pr\u00e9sentent d\u00e9j\u00e0 un certain niveau de fran\u00e7ais, par exemple celles qui ont compl\u00e9t\u00e9 leurs cours de francisation. Les deux personnes doivent pouvoir se comprendre pour pouvoir communiquer et \u00e9changer dans un esprit de r\u00e9ciprocit\u00e9. Il faut le souligner, d\u2019ailleurs\u00a0: le programme deux par deux est aussi un formidable outil d\u2019int\u00e9gration pour les personnes immigrantes dans leur compr\u00e9hension de la soci\u00e9t\u00e9 qu\u00e9b\u00e9coise, avec des Qu\u00e9b\u00e9cois. Mais \u00e7a va dans les deux sens. Les Qu\u00e9b\u00e9cois gagnent, eux aussi, \u00e0 s\u2019ouvrir \u00e0 la diversit\u00e9 des cultures qui vivent et s\u2019enracinent ici, tout \u00e7a gr\u00e2ce au fran\u00e7ais\u2009!<\/span><\/p><p style=\"font-weight: 400;\"><strong><span>IQ\u00a0: Qui peut participer au programme et comment\u2009?<\/span><\/strong><\/p><p><span style=\"font-weight: 400;\">MAA\u00a0: Tout le monde peut se porter volontaire\u2009! D\u2019apr\u00e8s <\/span><span style=\"text-decoration: underline;\"><strong><a href=\"https:\/\/fondationlanguefrancaise.org\/la-fondation-pour-la-langue-francaise-lance-le-programme-deux-par-deux\/\" target=\"_blank\" rel=\"noopener\">un sondage L\u00e9ger<\/a><\/strong><\/span><span style=\"font-weight: 400;\"> que nous avons men\u00e9 en novembre 2024, 73\u00a0% des personnes interrog\u00e9es estiment que l\u2019implication citoyenne dans la promotion du fran\u00e7ais aupr\u00e8s des immigrants est importante. 36\u00a0% d\u2019entre eux se disent m\u00eame pr\u00eats \u00e0 s\u2019engager b\u00e9n\u00e9volement dans un programme d\u2019\u00e9change linguistique avec un allophone. Or, aujourd\u2019hui, le programme recense entre 3\u2009000 et 4\u2009000\u00a0participants, partout au Qu\u00e9bec. Les personnes immigrantes et les volontaires d\u2019ici manifestent leur int\u00e9r\u00eat sur le site de la Fondation. Un logiciel va ensuite nous sugg\u00e9rer des jumelages possibles en fonction des attentes ou des centres d\u2019int\u00e9r\u00eat exprim\u00e9s par les uns et les autres, que nous \u00e9valuons et validons ensuite en personne.<\/span><\/p>\t\t\t\t\t\t\t\t<\/div>\n\t\t\t\t<div class=\"elementor-element elementor-element-2908c6f6 elementor-widget elementor-widget-text-editor\" data-id=\"2908c6f6\" data-element_type=\"widget\" data-e-type=\"widget\" data-widget_type=\"text-editor.default\">\n\t\t\t\t\t\t\t\t\t<p><em>Pour plus d\u2019information, vous inscrire ou vous porter volontaire, rendez-vous sur le site de la <\/em><span style=\"text-decoration: underline;\"><a href=\"https:\/\/fondationlanguefrancaise.org\/\" target=\"_blank\" rel=\"noopener\"><em><b>Fondation pour la langue fran\u00e7aise<\/b><\/em><\/a><\/span><em style=\"font-weight: 400;\"><span> et sur <\/span><\/em><span style=\"text-decoration: underline;\"><strong><a href=\"https:\/\/deuxpardeux.quebec\/\" target=\"_blank\" rel=\"noopener\"><em>celui du programme de jumelage linguistique deux par deux<\/em><\/a><\/strong><\/span><em style=\"font-weight: 400;\"><span>, qui propose notamment une banque d\u2019outils pour les participants.<\/span><\/em><\/p>\t\t\t\t\t\t\t\t<\/div>\n\t\t\t\t\t<\/div>\n\t\t<\/div>\n\t\t\t\t\t<\/div>\n\t\t<\/section>\n\t\t\t\t\t<\/div>\n\t\t<\/div>\n\t\t\t\t\t<\/div>\n\t\t<\/section>\n\t\t\t\t<section class=\"elementor-section elementor-top-section elementor-element elementor-element-18a42597 elementor-section-boxed elementor-section-height-default elementor-section-height-default\" data-id=\"18a42597\" data-element_type=\"section\" data-e-type=\"section\" id=\"bdi-emploi\" data-settings=\"{&quot;background_background&quot;:&quot;classic&quot;,&quot;shape_divider_top&quot;:&quot;wave-brush&quot;}\">\n\t\t\t\t\t<div class=\"elementor-shape elementor-shape-top\" aria-hidden=\"true\" data-negative=\"false\">\n\t\t\t<svg xmlns=\"http:\/\/www.w3.org\/2000\/svg\" viewBox=\"0 0 283.5 27.8\" preserveAspectRatio=\"none\">\n\t<path class=\"elementor-shape-fill\" d=\"M283.5,9.7c0,0-7.3,4.3-14,4.6c-6.8,0.3-12.6,0-20.9-1.5c-11.3-2-33.1-10.1-44.7-5.7\ts-12.1,4.6-18,7.4c-6.6,3.2-20,9.6-36.6,9.3C131.6,23.5,99.5,7.2,86.3,8c-1.4,0.1-6.6,0.8-10.5,2c-3.8,1.2-9.4,3.8-17,4.7\tc-3.2,0.4-8.3,1.1-14.2,0.9c-1.5-0.1-6.3-0.4-12-1.6c-5.7-1.2-11-3.1-15.8-3.7C6.5,9.2,0,10.8,0,10.8V0h283.5V9.7z M260.8,11.3\tc-0.7-1-2-0.4-4.3-0.4c-2.3,0-6.1-1.2-5.8-1.1c0.3,0.1,3.1,1.5,6,1.9C259.7,12.2,261.4,12.3,260.8,11.3z M242.4,8.6\tc0,0-2.4-0.2-5.6-0.9c-3.2-0.8-10.3-2.8-15.1-3.5c-8.2-1.1-15.8,0-15.1,0.1c0.8,0.1,9.6-0.6,17.6,1.1c3.3,0.7,9.3,2.2,12.4,2.7\tC239.9,8.7,242.4,8.6,242.4,8.6z M185.2,8.5c1.7-0.7-13.3,4.7-18.5,6.1c-2.1,0.6-6.2,1.6-10,2c-3.9,0.4-8.9,0.4-8.8,0.5\tc0,0.2,5.8,0.8,11.2,0c5.4-0.8,5.2-1.1,7.6-1.6C170.5,14.7,183.5,9.2,185.2,8.5z M199.1,6.9c0.2,0-0.8-0.4-4.8,1.1\tc-4,1.5-6.7,3.5-6.9,3.7c-0.2,0.1,3.5-1.8,6.6-3C197,7.5,199,6.9,199.1,6.9z M283,6c-0.1,0.1-1.9,1.1-4.8,2.5s-6.9,2.8-6.7,2.7\tc0.2,0,3.5-0.6,7.4-2.5C282.8,6.8,283.1,5.9,283,6z M31.3,11.6c0.1-0.2-1.9-0.2-4.5-1.2s-5.4-1.6-7.8-2C15,7.6,7.3,8.5,7.7,8.6\tC8,8.7,15.9,8.3,20.2,9.3c2.2,0.5,2.4,0.5,5.7,1.6S31.2,11.9,31.3,11.6z M73,9.2c0.4-0.1,3.5-1.6,8.4-2.6c4.9-1.1,8.9-0.5,8.9-0.8\tc0-0.3-1-0.9-6.2-0.3S72.6,9.3,73,9.2z M71.6,6.7C71.8,6.8,75,5.4,77.3,5c2.3-0.3,1.9-0.5,1.9-0.6c0-0.1-1.1-0.2-2.7,0.2\tC74.8,5.1,71.4,6.6,71.6,6.7z M93.6,4.4c0.1,0.2,3.5,0.8,5.6,1.8c2.1,1,1.8,0.6,1.9,0.5c0.1-0.1-0.8-0.8-2.4-1.3\tC97.1,4.8,93.5,4.2,93.6,4.4z M65.4,11.1c-0.1,0.3,0.3,0.5,1.9-0.2s2.6-1.3,2.2-1.2s-0.9,0.4-2.5,0.8C65.3,10.9,65.5,10.8,65.4,11.1\tz M34.5,12.4c-0.2,0,2.1,0.8,3.3,0.9c1.2,0.1,2,0.1,2-0.2c0-0.3-0.1-0.5-1.6-0.4C36.6,12.8,34.7,12.4,34.5,12.4z M152.2,21.1\tc-0.1,0.1-2.4-0.3-7.5-0.3c-5,0-13.6-2.4-17.2-3.5c-3.6-1.1,10,3.9,16.5,4.1C150.5,21.6,152.3,21,152.2,21.1z\"\/>\n\t<path class=\"elementor-shape-fill\" d=\"M269.6,18c-0.1-0.1-4.6,0.3-7.2,0c-7.3-0.7-17-3.2-16.6-2.9c0.4,0.3,13.7,3.1,17,3.3\tC267.7,18.8,269.7,18,269.6,18z\"\/>\n\t<path class=\"elementor-shape-fill\" d=\"M227.4,9.8c-0.2-0.1-4.5-1-9.5-1.2c-5-0.2-12.7,0.6-12.3,0.5c0.3-0.1,5.9-1.8,13.3-1.2\tS227.6,9.9,227.4,9.8z\"\/>\n\t<path class=\"elementor-shape-fill\" d=\"M204.5,13.4c-0.1-0.1,2-1,3.2-1.1c1.2-0.1,2,0,2,0.3c0,0.3-0.1,0.5-1.6,0.4\tC206.4,12.9,204.6,13.5,204.5,13.4z\"\/>\n\t<path class=\"elementor-shape-fill\" d=\"M201,10.6c0-0.1-4.4,1.2-6.3,2.2c-1.9,0.9-6.2,3.1-6.1,3.1c0.1,0.1,4.2-1.6,6.3-2.6\tS201,10.7,201,10.6z\"\/>\n\t<path class=\"elementor-shape-fill\" d=\"M154.5,26.7c-0.1-0.1-4.6,0.3-7.2,0c-7.3-0.7-17-3.2-16.6-2.9c0.4,0.3,13.7,3.1,17,3.3\tC152.6,27.5,154.6,26.8,154.5,26.7z\"\/>\n\t<path class=\"elementor-shape-fill\" d=\"M41.9,19.3c0,0,1.2-0.3,2.9-0.1c1.7,0.2,5.8,0.9,8.2,0.7c4.2-0.4,7.4-2.7,7-2.6\tc-0.4,0-4.3,2.2-8.6,1.9c-1.8-0.1-5.1-0.5-6.7-0.4S41.9,19.3,41.9,19.3z\"\/>\n\t<path class=\"elementor-shape-fill\" d=\"M75.5,12.6c0.2,0.1,2-0.8,4.3-1.1c2.3-0.2,2.1-0.3,2.1-0.5c0-0.1-1.8-0.4-3.4,0\tC76.9,11.5,75.3,12.5,75.5,12.6z\"\/>\n\t<path class=\"elementor-shape-fill\" d=\"M15.6,13.2c0-0.1,4.3,0,6.7,0.5c2.4,0.5,5,1.9,5,2c0,0.1-2.7-0.8-5.1-1.4\tC19.9,13.7,15.7,13.3,15.6,13.2z\"\/>\n<\/svg>\t\t<\/div>\n\t\t\t\t\t<div class=\"elementor-container elementor-column-gap-default\">\n\t\t\t\t\t<div class=\"elementor-column elementor-col-100 elementor-top-column elementor-element elementor-element-3ca1018f\" data-id=\"3ca1018f\" data-element_type=\"column\" data-e-type=\"column\">\n\t\t\t<div class=\"elementor-widget-wrap elementor-element-populated\">\n\t\t\t\t\t\t<section class=\"elementor-section elementor-inner-section elementor-element elementor-element-30672495 elementor-section-full_width elementor-section-height-default elementor-section-height-default\" data-id=\"30672495\" data-element_type=\"section\" data-e-type=\"section\">\n\t\t\t\t\t\t<div class=\"elementor-container elementor-column-gap-no\">\n\t\t\t\t\t<div class=\"elementor-column elementor-col-100 elementor-inner-column elementor-element elementor-element-51d7b337\" data-id=\"51d7b337\" data-element_type=\"column\" data-e-type=\"column\">\n\t\t\t<div class=\"elementor-widget-wrap elementor-element-populated\">\n\t\t\t\t\t\t<div class=\"elementor-element elementor-element-69d3ccc6 elementor-widget elementor-widget-heading\" data-id=\"69d3ccc6\" data-element_type=\"widget\" data-e-type=\"widget\" data-widget_type=\"heading.default\">\n\t\t\t\t\t<h2 class=\"elementor-heading-title elementor-size-default\">Emploi<\/h2>\t\t\t\t<\/div>\n\t\t\t\t<div class=\"elementor-element elementor-element-68bca94f elementor-position-inline-start elementor-view-stacked elementor-shape-circle elementor-mobile-position-block-start elementor-widget elementor-widget-icon-box\" data-id=\"68bca94f\" data-element_type=\"widget\" data-e-type=\"widget\" id=\"bdi-titre-emp-1\" data-widget_type=\"icon-box.default\">\n\t\t\t\t\t\t\t<div class=\"elementor-icon-box-wrapper\">\n\n\t\t\t\t\t\t<div class=\"elementor-icon-box-icon\">\n\t\t\t\t<span  class=\"elementor-icon\">\n\t\t\t\t<svg aria-hidden=\"true\" class=\"e-font-icon-svg e-fas-angle-double-right\" viewBox=\"0 0 448 512\" xmlns=\"http:\/\/www.w3.org\/2000\/svg\"><path d=\"M224.3 273l-136 136c-9.4 9.4-24.6 9.4-33.9 0l-22.6-22.6c-9.4-9.4-9.4-24.6 0-33.9l96.4-96.4-96.4-96.4c-9.4-9.4-9.4-24.6 0-33.9L54.3 103c9.4-9.4 24.6-9.4 33.9 0l136 136c9.5 9.4 9.5 24.6.1 34zm192-34l-136-136c-9.4-9.4-24.6-9.4-33.9 0l-22.6 22.6c-9.4 9.4-9.4 24.6 0 33.9l96.4 96.4-96.4 96.4c-9.4 9.4-9.4 24.6 0 33.9l22.6 22.6c9.4 9.4 24.6 9.4 33.9 0l136-136c9.4-9.2 9.4-24.4 0-33.8z\"><\/path><\/svg>\t\t\t\t<\/span>\n\t\t\t<\/div>\n\t\t\t\n\t\t\t\t\t\t<div class=\"elementor-icon-box-content\">\n\n\t\t\t\t\t\t\t\t\t<h3 class=\"elementor-icon-box-title\">\n\t\t\t\t\t\t<span  >\n\t\t\t\t\t\t\tLes travailleurs temporaires ne sont plus admissibles aux services en employabilit\u00e9\t\t\t\t\t\t<\/span>\n\t\t\t\t\t<\/h3>\n\t\t\t\t\n\t\t\t\t\t\t\t\t\t<p class=\"elementor-icon-box-description\">\n\t\t\t\t\t\tDepuis le 1er f\u00e9vrier 2025, la plupart des travailleurs \u00e9trangers temporaires et leurs conjoints de fait ou \u00e9poux ne sont plus admissibles aux services d\u2019emploi, traditionnellement fournis par un r\u00e9seau d\u2019organismes en employabilit\u00e9, partout au Qu\u00e9bec.\t\t\t\t\t<\/p>\n\t\t\t\t\n\t\t\t<\/div>\n\t\t\t\n\t\t<\/div>\n\t\t\t\t\t\t<\/div>\n\t\t\t\t<div class=\"elementor-element elementor-element-10767e83 elementor-widget elementor-widget-image\" data-id=\"10767e83\" data-element_type=\"widget\" data-e-type=\"widget\" data-widget_type=\"image.default\">\n\t\t\t\t\t\t\t\t\t\t\t\t\t\t\t<img loading=\"lazy\" decoding=\"async\" width=\"950\" height=\"400\" src=\"https:\/\/immigrantquebec.com\/fr\/wp-content\/uploads\/2025\/02\/ferals-studio-E9gRaJa_0G8-unsplash-950.jpg\" class=\"attachment-full size-full wp-image-17306\" alt=\"\" srcset=\"https:\/\/immigrantquebec.com\/fr\/wp-content\/uploads\/2025\/02\/ferals-studio-E9gRaJa_0G8-unsplash-950.jpg 950w, https:\/\/immigrantquebec.com\/fr\/wp-content\/uploads\/2025\/02\/ferals-studio-E9gRaJa_0G8-unsplash-950-300x126.jpg 300w, https:\/\/immigrantquebec.com\/fr\/wp-content\/uploads\/2025\/02\/ferals-studio-E9gRaJa_0G8-unsplash-950-768x323.jpg 768w\" sizes=\"(max-width: 950px) 100vw, 950px\" \/>\t\t\t\t\t\t\t\t\t\t\t\t\t\t\t<\/div>\n\t\t\t\t\t<\/div>\n\t\t<\/div>\n\t\t\t\t\t<\/div>\n\t\t<\/section>\n\t\t\t\t<section class=\"elementor-section elementor-inner-section elementor-element elementor-element-5fd3dc16 elementor-section-boxed elementor-section-height-default elementor-section-height-default\" data-id=\"5fd3dc16\" data-element_type=\"section\" data-e-type=\"section\">\n\t\t\t\t\t\t<div class=\"elementor-container elementor-column-gap-default\">\n\t\t\t\t\t<div class=\"elementor-column elementor-col-50 elementor-inner-column elementor-element elementor-element-59273248\" data-id=\"59273248\" data-element_type=\"column\" data-e-type=\"column\">\n\t\t\t<div class=\"elementor-widget-wrap elementor-element-populated\">\n\t\t\t\t\t\t<div class=\"elementor-element elementor-element-1b41b386 elementor-widget elementor-widget-text-editor\" data-id=\"1b41b386\" data-element_type=\"widget\" data-e-type=\"widget\" data-widget_type=\"text-editor.default\">\n\t\t\t\t\t\t\t\t\t<p style=\"font-weight: 400;\"><span>Ainsi, tous les TET souhaitant se faire accompagner par ces organismes doivent s\u2019inscrire avant le 1<sup>er<\/sup>\u00a0f\u00e9vrier. Apr\u00e8s cette date, il ne sera pas possible de recevoir de l\u2019aide \u2014 du moins pas aupr\u00e8s de ces organismes, dans les conditions de gratuit\u00e9 jusqu\u2019alors en vigueur. Les personnes inscrites recevront de l\u2019aide jusqu\u2019\u00e0 la date pr\u00e9vue \u00e0 l\u2019inscription. <\/span><\/p><p><span style=\"font-weight: 400;\">Le minist\u00e8re de l\u2019Emploi et de la Solidarit\u00e9 sociale s\u2019\u00e9tant adress\u00e9e jusqu\u2019\u00e0 pr\u00e9sent directement aux organismes, \u00e0 travers le <span><a href=\"https:\/\/tcri.qc.ca\/projets\/rosini\/\" target=\"_blank\" rel=\"noopener\">R\u00e9seau des organismes sp\u00e9cialis\u00e9s dans l\u2019int\u00e9gration en emploi des nouveaux immigrants<\/a><\/span> (ROSINI), sans publiquement r\u00e9v\u00e9ler les d\u00e9tails de cette mesure, plusieurs zones grises demeurent, m\u00eame si on apprend qu\u2019elle ne s\u2019applique pas aux travailleurs des secteurs de l\u2019agriculture, des technologies de l\u2019information et du g\u00e9nie. De m\u00eame, les \u00e9tudiants \u00e9trangers titulaires d\u2019un permis de travail postdipl\u00f4me peuvent continuer \u00e0 recevoir des services.<\/span><\/p>\t\t\t\t\t\t\t\t<\/div>\n\t\t\t\t<div class=\"elementor-element elementor-element-6ee6c5d8 elementor-icon-list--layout-traditional elementor-list-item-link-full_width elementor-widget elementor-widget-icon-list\" data-id=\"6ee6c5d8\" data-element_type=\"widget\" data-e-type=\"widget\" data-widget_type=\"icon-list.default\">\n\t\t\t\t\t\t\t<ul class=\"elementor-icon-list-items\">\n\t\t\t\t\t\t\t<li class=\"elementor-icon-list-item\">\n\t\t\t\t\t\t\t\t\t\t\t<a href=\"https:\/\/immigrantquebec.com\/fr\/actualites\/les-travailleurs-temporaires-prives-dacces-aux-services-publics-en-employabilite\/\">\n\n\t\t\t\t\t\t\t\t\t\t\t\t<span class=\"elementor-icon-list-icon\">\n\t\t\t\t\t\t\t<svg aria-hidden=\"true\" class=\"e-font-icon-svg e-fas-external-link-alt\" viewBox=\"0 0 512 512\" xmlns=\"http:\/\/www.w3.org\/2000\/svg\"><path d=\"M432,320H400a16,16,0,0,0-16,16V448H64V128H208a16,16,0,0,0,16-16V80a16,16,0,0,0-16-16H48A48,48,0,0,0,0,112V464a48,48,0,0,0,48,48H400a48,48,0,0,0,48-48V336A16,16,0,0,0,432,320ZM488,0h-128c-21.37,0-32.05,25.91-17,41l35.73,35.73L135,320.37a24,24,0,0,0,0,34L157.67,377a24,24,0,0,0,34,0L435.28,133.32,471,169c15,15,41,4.5,41-17V24A24,24,0,0,0,488,0Z\"><\/path><\/svg>\t\t\t\t\t\t<\/span>\n\t\t\t\t\t\t\t\t\t\t<span class=\"elementor-icon-list-text\">Les travailleurs temporaires priv\u00e9s d'acc\u00e8s aux services publics en employabilit\u00e9 (IQ)<\/span>\n\t\t\t\t\t\t\t\t\t\t\t<\/a>\n\t\t\t\t\t\t\t\t\t<\/li>\n\t\t\t\t\t\t<\/ul>\n\t\t\t\t\t\t<\/div>\n\t\t\t\t\t<\/div>\n\t\t<\/div>\n\t\t\t\t<div class=\"elementor-column elementor-col-50 elementor-inner-column elementor-element elementor-element-4b0d8a29\" data-id=\"4b0d8a29\" data-element_type=\"column\" data-e-type=\"column\" data-settings=\"{&quot;background_background&quot;:&quot;classic&quot;}\">\n\t\t\t<div class=\"elementor-widget-wrap elementor-element-populated\">\n\t\t\t\t\t\t<div class=\"elementor-element elementor-element-7c9e7297 elementor-widget-divider--view-line elementor-widget elementor-widget-divider\" data-id=\"7c9e7297\" data-element_type=\"widget\" data-e-type=\"widget\" data-widget_type=\"divider.default\">\n\t\t\t\t\t\t\t<div class=\"elementor-divider\">\n\t\t\t<span class=\"elementor-divider-separator\">\n\t\t\t\t\t\t<\/span>\n\t\t<\/div>\n\t\t\t\t\t\t<\/div>\n\t\t\t\t<div class=\"elementor-element elementor-element-50641dab elementor-widget elementor-widget-text-editor\" data-id=\"50641dab\" data-element_type=\"widget\" data-e-type=\"widget\" data-widget_type=\"text-editor.default\">\n\t\t\t\t\t\t\t\t\t<p>Des zones grises demeurent. Citons le cas des r\u00e9sidents temporaires titulaires d\u2019un Certificat de s\u00e9lection du Qu\u00e9bec (CSQ) valide ou qui ont entam\u00e9 les d\u00e9marches au f\u00e9d\u00e9ral en vue d\u2019obtenir la r\u00e9sidence permanente,\u00a0dont on ignore s\u2019ils seront impact\u00e9s ou non.<\/p>\t\t\t\t\t\t\t\t<\/div>\n\t\t\t\t\t<\/div>\n\t\t<\/div>\n\t\t\t\t\t<\/div>\n\t\t<\/section>\n\t\t\t\t<section class=\"elementor-section elementor-inner-section elementor-element elementor-element-65e3b328 elementor-section-full_width elementor-section-height-default elementor-section-height-default\" data-id=\"65e3b328\" data-element_type=\"section\" data-e-type=\"section\">\n\t\t\t\t\t\t<div class=\"elementor-container elementor-column-gap-no\">\n\t\t\t\t\t<div class=\"elementor-column elementor-col-100 elementor-inner-column elementor-element elementor-element-6ecd21de\" data-id=\"6ecd21de\" data-element_type=\"column\" data-e-type=\"column\">\n\t\t\t<div class=\"elementor-widget-wrap elementor-element-populated\">\n\t\t\t\t\t\t<div class=\"elementor-element elementor-element-34315895 elementor-widget-divider--view-line elementor-widget elementor-widget-divider\" data-id=\"34315895\" data-element_type=\"widget\" data-e-type=\"widget\" data-widget_type=\"divider.default\">\n\t\t\t\t\t\t\t<div class=\"elementor-divider\">\n\t\t\t<span class=\"elementor-divider-separator\">\n\t\t\t\t\t\t<\/span>\n\t\t<\/div>\n\t\t\t\t\t\t<\/div>\n\t\t\t\t<div class=\"elementor-element elementor-element-6f2664cd elementor-position-inline-start elementor-view-stacked elementor-shape-circle elementor-mobile-position-block-start elementor-widget elementor-widget-icon-box\" data-id=\"6f2664cd\" data-element_type=\"widget\" data-e-type=\"widget\" id=\"bdi-titre-emp-2\" data-widget_type=\"icon-box.default\">\n\t\t\t\t\t\t\t<div class=\"elementor-icon-box-wrapper\">\n\n\t\t\t\t\t\t<div class=\"elementor-icon-box-icon\">\n\t\t\t\t<span  class=\"elementor-icon\">\n\t\t\t\t<svg aria-hidden=\"true\" class=\"e-font-icon-svg e-fas-angle-double-right\" viewBox=\"0 0 448 512\" xmlns=\"http:\/\/www.w3.org\/2000\/svg\"><path d=\"M224.3 273l-136 136c-9.4 9.4-24.6 9.4-33.9 0l-22.6-22.6c-9.4-9.4-9.4-24.6 0-33.9l96.4-96.4-96.4-96.4c-9.4-9.4-9.4-24.6 0-33.9L54.3 103c9.4-9.4 24.6-9.4 33.9 0l136 136c9.5 9.4 9.5 24.6.1 34zm192-34l-136-136c-9.4-9.4-24.6-9.4-33.9 0l-22.6 22.6c-9.4 9.4-9.4 24.6 0 33.9l96.4 96.4-96.4 96.4c-9.4 9.4-9.4 24.6 0 33.9l22.6 22.6c9.4 9.4 24.6 9.4 33.9 0l136-136c9.4-9.2 9.4-24.4 0-33.8z\"><\/path><\/svg>\t\t\t\t<\/span>\n\t\t\t<\/div>\n\t\t\t\n\t\t\t\t\t\t<div class=\"elementor-icon-box-content\">\n\n\t\t\t\t\t\t\t\t\t<h3 class=\"elementor-icon-box-title\">\n\t\t\t\t\t\t<span  >\n\t\t\t\t\t\t\tLes restrictions sur les TET inqui\u00e8tent les PME\t\t\t\t\t\t<\/span>\n\t\t\t\t\t<\/h3>\n\t\t\t\t\n\t\t\t\t\t\t\t\t\t<p class=\"elementor-icon-box-description\">\n\t\t\t\t\t\tLa F\u00e9d\u00e9ration canadienne de l\u2019entreprise ind\u00e9pendante (FCEI) et la F\u00e9d\u00e9ration qu\u00e9b\u00e9coise des municipalit\u00e9s (FQM) craignent que certaines restrictions menacent des milliers de PME au Qu\u00e9bec.\t\t\t\t\t<\/p>\n\t\t\t\t\n\t\t\t<\/div>\n\t\t\t\n\t\t<\/div>\n\t\t\t\t\t\t<\/div>\n\t\t\t\t<div class=\"elementor-element elementor-element-1cf47252 elementor-widget elementor-widget-image\" data-id=\"1cf47252\" data-element_type=\"widget\" data-e-type=\"widget\" data-widget_type=\"image.default\">\n\t\t\t\t\t\t\t\t\t\t\t\t\t\t\t<img loading=\"lazy\" decoding=\"async\" width=\"950\" height=\"400\" src=\"https:\/\/immigrantquebec.com\/fr\/wp-content\/uploads\/2025\/02\/2-1-sarah-kilian-xit3LjRvKvM-unsplash-950-400.jpg\" class=\"attachment-full size-full wp-image-17307\" alt=\"\" srcset=\"https:\/\/immigrantquebec.com\/fr\/wp-content\/uploads\/2025\/02\/2-1-sarah-kilian-xit3LjRvKvM-unsplash-950-400.jpg 950w, https:\/\/immigrantquebec.com\/fr\/wp-content\/uploads\/2025\/02\/2-1-sarah-kilian-xit3LjRvKvM-unsplash-950-400-300x126.jpg 300w, https:\/\/immigrantquebec.com\/fr\/wp-content\/uploads\/2025\/02\/2-1-sarah-kilian-xit3LjRvKvM-unsplash-950-400-768x323.jpg 768w\" sizes=\"(max-width: 950px) 100vw, 950px\" \/>\t\t\t\t\t\t\t\t\t\t\t\t\t\t\t<\/div>\n\t\t\t\t\t<\/div>\n\t\t<\/div>\n\t\t\t\t\t<\/div>\n\t\t<\/section>\n\t\t\t\t<section class=\"elementor-section elementor-inner-section elementor-element elementor-element-4c698a0f elementor-section-boxed elementor-section-height-default elementor-section-height-default\" data-id=\"4c698a0f\" data-element_type=\"section\" data-e-type=\"section\">\n\t\t\t\t\t\t<div class=\"elementor-container elementor-column-gap-default\">\n\t\t\t\t\t<div class=\"elementor-column elementor-col-100 elementor-inner-column elementor-element elementor-element-6424e75\" data-id=\"6424e75\" data-element_type=\"column\" data-e-type=\"column\">\n\t\t\t<div class=\"elementor-widget-wrap elementor-element-populated\">\n\t\t\t\t\t\t<div class=\"elementor-element elementor-element-5cc04d64 elementor-widget elementor-widget-text-editor\" data-id=\"5cc04d64\" data-element_type=\"widget\" data-e-type=\"widget\" data-widget_type=\"text-editor.default\">\n\t\t\t\t\t\t\t\t\t<p style=\"font-weight: 400;\"><span>90\u00a0% d\u2019entre elles craignent d\u2019\u00eatre oblig\u00e9 de renvoyer un travailleur \u00e9tranger temporaire (TET).<\/span><\/p><p style=\"font-weight: 400;\"><span>Selon la FCEI, 65\u00a0% des chefs de PME canadiennes pensent que leur productivit\u00e9 va baisser. 63\u00a0% \u00e9prouvent de la difficult\u00e9 \u00e0 renouveler ou prolonger un contrat d\u2019un TET et 57\u00a0% ont vu leurs plans de croissance baisser. <\/span><\/p><p style=\"font-weight: 400;\"><span>Elles soulignent aussi que les PME ont besoin de plus de stabilit\u00e9, notamment en r\u00e9gion, dans un contexte compliqu\u00e9 avec les \u00c9tats-Unis.<\/span><\/p><p><span style=\"font-weight: 400;\">De leur c\u00f4t\u00e9, certaines entreprises du secteur manufacturier se sont regroup\u00e9es sous la banni\u00e8re de l\u2019Alliance main-d\u2019\u0153uvre \u00e9trang\u00e8re, dans le but de montrer les impacts des modifications apport\u00e9es aux programmes de travailleurs \u00e9trangers temporaires.<\/span><\/p>\t\t\t\t\t\t\t\t<\/div>\n\t\t\t\t<div class=\"elementor-element elementor-element-5b041841 elementor-align-start elementor-icon-list--layout-traditional elementor-list-item-link-full_width elementor-widget elementor-widget-icon-list\" data-id=\"5b041841\" data-element_type=\"widget\" data-e-type=\"widget\" data-widget_type=\"icon-list.default\">\n\t\t\t\t\t\t\t<ul class=\"elementor-icon-list-items\">\n\t\t\t\t\t\t\t<li class=\"elementor-icon-list-item\">\n\t\t\t\t\t\t\t\t\t\t\t<a href=\"https:\/\/www.lesoleil.com\/affaires\/2025\/01\/10\/les-restrictions-sur-les-travailleurs-etrangers-inquietent-fortement-les-pme-OUWB3WIIA5EE5BOX3Z3FLG5KRQ\/\">\n\n\t\t\t\t\t\t\t\t\t\t\t\t<span class=\"elementor-icon-list-icon\">\n\t\t\t\t\t\t\t<svg aria-hidden=\"true\" class=\"e-font-icon-svg e-fas-external-link-alt\" viewBox=\"0 0 512 512\" xmlns=\"http:\/\/www.w3.org\/2000\/svg\"><path d=\"M432,320H400a16,16,0,0,0-16,16V448H64V128H208a16,16,0,0,0,16-16V80a16,16,0,0,0-16-16H48A48,48,0,0,0,0,112V464a48,48,0,0,0,48,48H400a48,48,0,0,0,48-48V336A16,16,0,0,0,432,320ZM488,0h-128c-21.37,0-32.05,25.91-17,41l35.73,35.73L135,320.37a24,24,0,0,0,0,34L157.67,377a24,24,0,0,0,34,0L435.28,133.32,471,169c15,15,41,4.5,41-17V24A24,24,0,0,0,488,0Z\"><\/path><\/svg>\t\t\t\t\t\t<\/span>\n\t\t\t\t\t\t\t\t\t\t<span class=\"elementor-icon-list-text\">Article du Soleil<\/span>\n\t\t\t\t\t\t\t\t\t\t\t<\/a>\n\t\t\t\t\t\t\t\t\t<\/li>\n\t\t\t\t\t\t<\/ul>\n\t\t\t\t\t\t<\/div>\n\t\t\t\t<div class=\"elementor-element elementor-element-3df22624 elementor-align-start elementor-icon-list--layout-traditional elementor-list-item-link-full_width elementor-widget elementor-widget-icon-list\" data-id=\"3df22624\" data-element_type=\"widget\" data-e-type=\"widget\" data-widget_type=\"icon-list.default\">\n\t\t\t\t\t\t\t<ul class=\"elementor-icon-list-items\">\n\t\t\t\t\t\t\t<li class=\"elementor-icon-list-item\">\n\t\t\t\t\t\t\t\t\t\t\t<a href=\"https:\/\/ici.radio-canada.ca\/nouvelle\/2131290\/travailleurs-temporaires-etrangers-entreprises-bromont\">\n\n\t\t\t\t\t\t\t\t\t\t\t\t<span class=\"elementor-icon-list-icon\">\n\t\t\t\t\t\t\t<svg aria-hidden=\"true\" class=\"e-font-icon-svg e-fas-external-link-alt\" viewBox=\"0 0 512 512\" xmlns=\"http:\/\/www.w3.org\/2000\/svg\"><path d=\"M432,320H400a16,16,0,0,0-16,16V448H64V128H208a16,16,0,0,0,16-16V80a16,16,0,0,0-16-16H48A48,48,0,0,0,0,112V464a48,48,0,0,0,48,48H400a48,48,0,0,0,48-48V336A16,16,0,0,0,432,320ZM488,0h-128c-21.37,0-32.05,25.91-17,41l35.73,35.73L135,320.37a24,24,0,0,0,0,34L157.67,377a24,24,0,0,0,34,0L435.28,133.32,471,169c15,15,41,4.5,41-17V24A24,24,0,0,0,488,0Z\"><\/path><\/svg>\t\t\t\t\t\t<\/span>\n\t\t\t\t\t\t\t\t\t\t<span class=\"elementor-icon-list-text\">Article de Radio-Canada<\/span>\n\t\t\t\t\t\t\t\t\t\t\t<\/a>\n\t\t\t\t\t\t\t\t\t<\/li>\n\t\t\t\t\t\t<\/ul>\n\t\t\t\t\t\t<\/div>\n\t\t\t\t\t<\/div>\n\t\t<\/div>\n\t\t\t\t\t<\/div>\n\t\t<\/section>\n\t\t\t\t<div class=\"elementor-element elementor-element-1433c996 elementor-widget-divider--view-line elementor-widget elementor-widget-divider\" data-id=\"1433c996\" data-element_type=\"widget\" data-e-type=\"widget\" data-widget_type=\"divider.default\">\n\t\t\t\t\t\t\t<div class=\"elementor-divider\">\n\t\t\t<span class=\"elementor-divider-separator\">\n\t\t\t\t\t\t<\/span>\n\t\t<\/div>\n\t\t\t\t\t\t<\/div>\n\t\t\t\t<section class=\"elementor-section elementor-inner-section elementor-element elementor-element-3d4b5d8d elementor-section-boxed elementor-section-height-default elementor-section-height-default\" data-id=\"3d4b5d8d\" data-element_type=\"section\" data-e-type=\"section\">\n\t\t\t\t\t\t<div class=\"elementor-container elementor-column-gap-default\">\n\t\t\t\t\t<div class=\"elementor-column elementor-col-100 elementor-inner-column elementor-element elementor-element-3313104c\" data-id=\"3313104c\" data-element_type=\"column\" data-e-type=\"column\">\n\t\t\t<div class=\"elementor-widget-wrap elementor-element-populated\">\n\t\t\t\t\t\t<div class=\"elementor-element elementor-element-52d7ee0a elementor-position-inline-start elementor-view-stacked elementor-shape-circle elementor-mobile-position-block-start elementor-widget elementor-widget-icon-box\" data-id=\"52d7ee0a\" data-element_type=\"widget\" data-e-type=\"widget\" id=\"bdi-titre-emp-3\" data-widget_type=\"icon-box.default\">\n\t\t\t\t\t\t\t<div class=\"elementor-icon-box-wrapper\">\n\n\t\t\t\t\t\t<div class=\"elementor-icon-box-icon\">\n\t\t\t\t<span  class=\"elementor-icon\">\n\t\t\t\t<svg aria-hidden=\"true\" class=\"e-font-icon-svg e-fas-angle-double-right\" viewBox=\"0 0 448 512\" xmlns=\"http:\/\/www.w3.org\/2000\/svg\"><path d=\"M224.3 273l-136 136c-9.4 9.4-24.6 9.4-33.9 0l-22.6-22.6c-9.4-9.4-9.4-24.6 0-33.9l96.4-96.4-96.4-96.4c-9.4-9.4-9.4-24.6 0-33.9L54.3 103c9.4-9.4 24.6-9.4 33.9 0l136 136c9.5 9.4 9.5 24.6.1 34zm192-34l-136-136c-9.4-9.4-24.6-9.4-33.9 0l-22.6 22.6c-9.4 9.4-9.4 24.6 0 33.9l96.4 96.4-96.4 96.4c-9.4 9.4-9.4 24.6 0 33.9l22.6 22.6c9.4 9.4 24.6 9.4 33.9 0l136-136c9.4-9.2 9.4-24.4 0-33.8z\"><\/path><\/svg>\t\t\t\t<\/span>\n\t\t\t<\/div>\n\t\t\t\n\t\t\t\t\t\t<div class=\"elementor-icon-box-content\">\n\n\t\t\t\t\t\t\t\t\t<h3 class=\"elementor-icon-box-title\">\n\t\t\t\t\t\t<span  >\n\t\t\t\t\t\t\tLe march\u00e9 du travail canadien face \u00e0 de nouveaux d\u00e9fis d\u00e9mographiques\t\t\t\t\t\t<\/span>\n\t\t\t\t\t<\/h3>\n\t\t\t\t\n\t\t\t\t\t\t\t\t\t<p class=\"elementor-icon-box-description\">\n\t\t\t\t\t\tLe 9 janvier 2025, la Banque de d\u00e9veloppement du Canada (BDC) a publi\u00e9 une analyse des d\u00e9fis des employeurs canadiens.\t\t\t\t\t<\/p>\n\t\t\t\t\n\t\t\t<\/div>\n\t\t\t\n\t\t<\/div>\n\t\t\t\t\t\t<\/div>\n\t\t\t\t\t<\/div>\n\t\t<\/div>\n\t\t\t\t\t<\/div>\n\t\t<\/section>\n\t\t\t\t<section class=\"elementor-section elementor-inner-section elementor-element elementor-element-6b980b53 elementor-section-boxed elementor-section-height-default elementor-section-height-default\" data-id=\"6b980b53\" data-element_type=\"section\" data-e-type=\"section\">\n\t\t\t\t\t\t<div class=\"elementor-container elementor-column-gap-default\">\n\t\t\t\t\t<div class=\"elementor-column elementor-col-50 elementor-inner-column elementor-element elementor-element-7e85cc02\" data-id=\"7e85cc02\" data-element_type=\"column\" data-e-type=\"column\">\n\t\t\t<div class=\"elementor-widget-wrap elementor-element-populated\">\n\t\t\t\t\t\t<div class=\"elementor-element elementor-element-351668dd elementor-widget elementor-widget-image\" data-id=\"351668dd\" data-element_type=\"widget\" data-e-type=\"widget\" data-widget_type=\"image.default\">\n\t\t\t\t\t\t\t\t\t\t\t\t\t\t\t<img loading=\"lazy\" decoding=\"async\" width=\"702\" height=\"468\" src=\"https:\/\/immigrantquebec.com\/fr\/wp-content\/uploads\/2025\/02\/3-yunus-tug-VRiKaQC6VUE-unsplash-950.jpg\" class=\"attachment-large size-large wp-image-17308\" alt=\"\" srcset=\"https:\/\/immigrantquebec.com\/fr\/wp-content\/uploads\/2025\/02\/3-yunus-tug-VRiKaQC6VUE-unsplash-950.jpg 950w, https:\/\/immigrantquebec.com\/fr\/wp-content\/uploads\/2025\/02\/3-yunus-tug-VRiKaQC6VUE-unsplash-950-300x200.jpg 300w, https:\/\/immigrantquebec.com\/fr\/wp-content\/uploads\/2025\/02\/3-yunus-tug-VRiKaQC6VUE-unsplash-950-768x512.jpg 768w\" sizes=\"(max-width: 702px) 100vw, 702px\" \/>\t\t\t\t\t\t\t\t\t\t\t\t\t\t\t<\/div>\n\t\t\t\t\t<\/div>\n\t\t<\/div>\n\t\t\t\t<div class=\"elementor-column elementor-col-50 elementor-inner-column elementor-element elementor-element-ad6a07b\" data-id=\"ad6a07b\" data-element_type=\"column\" data-e-type=\"column\">\n\t\t\t<div class=\"elementor-widget-wrap elementor-element-populated\">\n\t\t\t\t\t\t<div class=\"elementor-element elementor-element-65bca2b4 elementor-widget elementor-widget-text-editor\" data-id=\"65bca2b4\" data-element_type=\"widget\" data-e-type=\"widget\" data-widget_type=\"text-editor.default\">\n\t\t\t\t\t\t\t\t\t<p style=\"font-weight: 400;\"><span>D\u2019ici 2026, il y aura 450\u2009000\u00a0travailleurs de moins au Canada. Ce chiffre correspond aux personnes entre 15 et 64\u00a0ans en moins, et a pour cause le vieillissement de la population. <\/span><\/p><p style=\"font-weight: 400;\"><span>La BDC recommande ainsi d\u2019investir dans des technologies d\u2019automatisation pour remplacer le personnel sur certaines t\u00e2ches. Autre conseil, celui de recruter de mani\u00e8re plus flexible des personnes d\u2019autres secteurs qu\u2019il faudrait former.<\/span><\/p><p style=\"font-weight: 400;\"><span style=\"font-weight: 400;\">De m\u00eame, selon l\u2019institution, avoir un environnement accueillant ou encore offrir des salaires concurrentiels et \u00e9quitables et des avantages sociaux flexibles sont des \u00e9l\u00e9ments attractifs de talents.<\/span><\/p>\t\t\t\t\t\t\t\t<\/div>\n\t\t\t\t<div class=\"elementor-element elementor-element-667366e5 elementor-align-end elementor-icon-list--layout-traditional elementor-list-item-link-full_width elementor-widget elementor-widget-icon-list\" data-id=\"667366e5\" data-element_type=\"widget\" data-e-type=\"widget\" data-widget_type=\"icon-list.default\">\n\t\t\t\t\t\t\t<ul class=\"elementor-icon-list-items\">\n\t\t\t\t\t\t\t<li class=\"elementor-icon-list-item\">\n\t\t\t\t\t\t\t\t\t\t\t<a href=\"https:\/\/carrefourrh.org\/nouvelles\/2025\/01\/marche-du-travail-defis-demographiques\">\n\n\t\t\t\t\t\t\t\t\t\t\t\t<span class=\"elementor-icon-list-icon\">\n\t\t\t\t\t\t\t<svg aria-hidden=\"true\" class=\"e-font-icon-svg e-fas-external-link-alt\" viewBox=\"0 0 512 512\" xmlns=\"http:\/\/www.w3.org\/2000\/svg\"><path d=\"M432,320H400a16,16,0,0,0-16,16V448H64V128H208a16,16,0,0,0,16-16V80a16,16,0,0,0-16-16H48A48,48,0,0,0,0,112V464a48,48,0,0,0,48,48H400a48,48,0,0,0,48-48V336A16,16,0,0,0,432,320ZM488,0h-128c-21.37,0-32.05,25.91-17,41l35.73,35.73L135,320.37a24,24,0,0,0,0,34L157.67,377a24,24,0,0,0,34,0L435.28,133.32,471,169c15,15,41,4.5,41-17V24A24,24,0,0,0,488,0Z\"><\/path><\/svg>\t\t\t\t\t\t<\/span>\n\t\t\t\t\t\t\t\t\t\t<span class=\"elementor-icon-list-text\">Article de Carrefour RH<\/span>\n\t\t\t\t\t\t\t\t\t\t\t<\/a>\n\t\t\t\t\t\t\t\t\t<\/li>\n\t\t\t\t\t\t<\/ul>\n\t\t\t\t\t\t<\/div>\n\t\t\t\t<div class=\"elementor-element elementor-element-b033cb6 elementor-align-end elementor-icon-list--layout-traditional elementor-list-item-link-full_width elementor-widget elementor-widget-icon-list\" data-id=\"b033cb6\" data-element_type=\"widget\" data-e-type=\"widget\" data-widget_type=\"icon-list.default\">\n\t\t\t\t\t\t\t<ul class=\"elementor-icon-list-items\">\n\t\t\t\t\t\t\t<li class=\"elementor-icon-list-item\">\n\t\t\t\t\t\t\t\t\t\t\t<a href=\"https:\/\/www.bdc.ca\/fr\/articles-outils\/blogue\/quoi-doivent-attendre-proprietaires-entreprise-canada-pour-2025\">\n\n\t\t\t\t\t\t\t\t\t\t\t\t<span class=\"elementor-icon-list-icon\">\n\t\t\t\t\t\t\t<svg aria-hidden=\"true\" class=\"e-font-icon-svg e-fas-external-link-alt\" viewBox=\"0 0 512 512\" xmlns=\"http:\/\/www.w3.org\/2000\/svg\"><path d=\"M432,320H400a16,16,0,0,0-16,16V448H64V128H208a16,16,0,0,0,16-16V80a16,16,0,0,0-16-16H48A48,48,0,0,0,0,112V464a48,48,0,0,0,48,48H400a48,48,0,0,0,48-48V336A16,16,0,0,0,432,320ZM488,0h-128c-21.37,0-32.05,25.91-17,41l35.73,35.73L135,320.37a24,24,0,0,0,0,34L157.67,377a24,24,0,0,0,34,0L435.28,133.32,471,169c15,15,41,4.5,41-17V24A24,24,0,0,0,488,0Z\"><\/path><\/svg>\t\t\t\t\t\t<\/span>\n\t\t\t\t\t\t\t\t\t\t<span class=\"elementor-icon-list-text\">Article de la BDC<\/span>\n\t\t\t\t\t\t\t\t\t\t\t<\/a>\n\t\t\t\t\t\t\t\t\t<\/li>\n\t\t\t\t\t\t<\/ul>\n\t\t\t\t\t\t<\/div>\n\t\t\t\t\t<\/div>\n\t\t<\/div>\n\t\t\t\t\t<\/div>\n\t\t<\/section>\n\t\t\t\t<div class=\"elementor-element elementor-element-e46dac0 elementor-widget-divider--view-line elementor-widget elementor-widget-divider\" data-id=\"e46dac0\" data-element_type=\"widget\" data-e-type=\"widget\" data-widget_type=\"divider.default\">\n\t\t\t\t\t\t\t<div class=\"elementor-divider\">\n\t\t\t<span class=\"elementor-divider-separator\">\n\t\t\t\t\t\t<\/span>\n\t\t<\/div>\n\t\t\t\t\t\t<\/div>\n\t\t\t\t<div class=\"elementor-element elementor-element-72e5cf0c elementor-position-inline-start elementor-view-stacked elementor-shape-circle elementor-mobile-position-block-start elementor-widget elementor-widget-icon-box\" data-id=\"72e5cf0c\" data-element_type=\"widget\" data-e-type=\"widget\" id=\"bdi-titre-emp-4\" data-widget_type=\"icon-box.default\">\n\t\t\t\t\t\t\t<div class=\"elementor-icon-box-wrapper\">\n\n\t\t\t\t\t\t<div class=\"elementor-icon-box-icon\">\n\t\t\t\t<span  class=\"elementor-icon\">\n\t\t\t\t<svg aria-hidden=\"true\" class=\"e-font-icon-svg e-fas-angle-double-right\" viewBox=\"0 0 448 512\" xmlns=\"http:\/\/www.w3.org\/2000\/svg\"><path d=\"M224.3 273l-136 136c-9.4 9.4-24.6 9.4-33.9 0l-22.6-22.6c-9.4-9.4-9.4-24.6 0-33.9l96.4-96.4-96.4-96.4c-9.4-9.4-9.4-24.6 0-33.9L54.3 103c9.4-9.4 24.6-9.4 33.9 0l136 136c9.5 9.4 9.5 24.6.1 34zm192-34l-136-136c-9.4-9.4-24.6-9.4-33.9 0l-22.6 22.6c-9.4 9.4-9.4 24.6 0 33.9l96.4 96.4-96.4 96.4c-9.4 9.4-9.4 24.6 0 33.9l22.6 22.6c9.4 9.4 24.6 9.4 33.9 0l136-136c9.4-9.2 9.4-24.4 0-33.8z\"><\/path><\/svg>\t\t\t\t<\/span>\n\t\t\t<\/div>\n\t\t\t\n\t\t\t\t\t\t<div class=\"elementor-icon-box-content\">\n\n\t\t\t\t\t\t\t\t\t<h3 class=\"elementor-icon-box-title\">\n\t\t\t\t\t\t<span  >\n\t\t\t\t\t\t\tLes EIMT \u00e0 nouveau recevables dans les RMR de Gatineau et de Trois-Rivi\u00e8res\t\t\t\t\t\t<\/span>\n\t\t\t\t\t<\/h3>\n\t\t\t\t\n\t\t\t\t\t\t\t\t\t<p class=\"elementor-icon-box-description\">\n\t\t\t\t\t\tLe taux de ch\u00f4mage des R\u00e9gions m\u00e9tropolitaines de recensement (RMR) de Gatineau-Ottawa et de Trois-Rivi\u00e8res est pass\u00e9 sous la barre des 6 %, avec respectivement 5,7 % et 5,2 %.\t\t\t\t\t<\/p>\n\t\t\t\t\n\t\t\t<\/div>\n\t\t\t\n\t\t<\/div>\n\t\t\t\t\t\t<\/div>\n\t\t\t\t<section class=\"elementor-section elementor-inner-section elementor-element elementor-element-33cc8010 elementor-section-boxed elementor-section-height-default elementor-section-height-default\" data-id=\"33cc8010\" data-element_type=\"section\" data-e-type=\"section\">\n\t\t\t\t\t\t<div class=\"elementor-container elementor-column-gap-default\">\n\t\t\t\t\t<div class=\"elementor-column elementor-col-50 elementor-inner-column elementor-element elementor-element-80d5771\" data-id=\"80d5771\" data-element_type=\"column\" data-e-type=\"column\">\n\t\t\t<div class=\"elementor-widget-wrap elementor-element-populated\">\n\t\t\t\t\t\t<div class=\"elementor-element elementor-element-24c0949e elementor-widget elementor-widget-text-editor\" data-id=\"24c0949e\" data-element_type=\"widget\" data-e-type=\"widget\" data-widget_type=\"text-editor.default\">\n\t\t\t\t\t\t\t\t\t<p style=\"font-weight: 400;\"><span>Ainsi, <span style=\"text-decoration: underline;\"><a href=\"https:\/\/www.canada.ca\/fr\/emploi-developpement-social\/services\/travailleurs-etrangers\/refus.html\" target=\"_blank\" rel=\"noopener\">sur la base des donn\u00e9es de Statistique Canada<\/a><\/span>, Ottawa a annonc\u00e9 le 10\u00a0janvier 2025 que les demandes d\u2019\u00c9valuation de l\u2019impact sur le march\u00e9 du travail (EIMT) pour les postes \u00e0 bas salaire seraient de nouveau recevables dans le cadre du PTET.<\/span><\/p><p style=\"font-weight: 400;\"><span style=\"font-weight: 400;\">Cette d\u00e9cision d\u2019Emploi et D\u00e9veloppement social Canada (EDSC) restera en vigueur jusqu\u2019au 3\u00a0avril 2025 et la publication des nouveaux chiffres actualis\u00e9s. Elle rel\u00e8ve de la <span style=\"text-decoration: underline;\"><a href=\"https:\/\/immigrantquebec.com\/fr\/actualites\/quelles-sont-les-rmr-concernees-par-les-mesures-federales-de-resserrement-eimt-bas-salaire\/\" target=\"_blank\" rel=\"noopener\">politique f\u00e9d\u00e9rale entr\u00e9e en vigueur en septembre 2024<\/a><\/span> et qui suspend le traitement des demandes d\u2019EIMT pour les zones o\u00f9 le taux de ch\u00f4mage est sup\u00e9rieur \u00e0 6\u00a0%.<\/span><\/p>\t\t\t\t\t\t\t\t<\/div>\n\t\t\t\t<div class=\"elementor-element elementor-element-3887ef79 elementor-align-start elementor-icon-list--layout-traditional elementor-list-item-link-full_width elementor-widget elementor-widget-icon-list\" data-id=\"3887ef79\" data-element_type=\"widget\" data-e-type=\"widget\" data-widget_type=\"icon-list.default\">\n\t\t\t\t\t\t\t<ul class=\"elementor-icon-list-items\">\n\t\t\t\t\t\t\t<li class=\"elementor-icon-list-item\">\n\t\t\t\t\t\t\t\t\t\t\t<a href=\"https:\/\/carrefourrh.org\/nouvelles\/2025\/01\/marche-du-travail-defis-demographiques\">\n\n\t\t\t\t\t\t\t\t\t\t\t\t<span class=\"elementor-icon-list-icon\">\n\t\t\t\t\t\t\t<svg aria-hidden=\"true\" class=\"e-font-icon-svg e-fas-external-link-alt\" viewBox=\"0 0 512 512\" xmlns=\"http:\/\/www.w3.org\/2000\/svg\"><path d=\"M432,320H400a16,16,0,0,0-16,16V448H64V128H208a16,16,0,0,0,16-16V80a16,16,0,0,0-16-16H48A48,48,0,0,0,0,112V464a48,48,0,0,0,48,48H400a48,48,0,0,0,48-48V336A16,16,0,0,0,432,320ZM488,0h-128c-21.37,0-32.05,25.91-17,41l35.73,35.73L135,320.37a24,24,0,0,0,0,34L157.67,377a24,24,0,0,0,34,0L435.28,133.32,471,169c15,15,41,4.5,41-17V24A24,24,0,0,0,488,0Z\"><\/path><\/svg>\t\t\t\t\t\t<\/span>\n\t\t\t\t\t\t\t\t\t\t<span class=\"elementor-icon-list-text\">Page d'information sur le site d'EDSC<\/span>\n\t\t\t\t\t\t\t\t\t\t\t<\/a>\n\t\t\t\t\t\t\t\t\t<\/li>\n\t\t\t\t\t\t<\/ul>\n\t\t\t\t\t\t<\/div>\n\t\t\t\t<div class=\"elementor-element elementor-element-29e65730 elementor-align-start elementor-icon-list--layout-traditional elementor-list-item-link-full_width elementor-widget elementor-widget-icon-list\" data-id=\"29e65730\" data-element_type=\"widget\" data-e-type=\"widget\" data-widget_type=\"icon-list.default\">\n\t\t\t\t\t\t\t<ul class=\"elementor-icon-list-items\">\n\t\t\t\t\t\t\t<li class=\"elementor-icon-list-item\">\n\t\t\t\t\t\t\t\t\t\t\t<a href=\"https:\/\/immigrantquebec.com\/fr\/actualites\/les-eimt-a-nouveau-recevables-dans-deux-rmr-du-quebec\/\">\n\n\t\t\t\t\t\t\t\t\t\t\t\t<span class=\"elementor-icon-list-icon\">\n\t\t\t\t\t\t\t<svg aria-hidden=\"true\" class=\"e-font-icon-svg e-fas-external-link-alt\" viewBox=\"0 0 512 512\" xmlns=\"http:\/\/www.w3.org\/2000\/svg\"><path d=\"M432,320H400a16,16,0,0,0-16,16V448H64V128H208a16,16,0,0,0,16-16V80a16,16,0,0,0-16-16H48A48,48,0,0,0,0,112V464a48,48,0,0,0,48,48H400a48,48,0,0,0,48-48V336A16,16,0,0,0,432,320ZM488,0h-128c-21.37,0-32.05,25.91-17,41l35.73,35.73L135,320.37a24,24,0,0,0,0,34L157.67,377a24,24,0,0,0,34,0L435.28,133.32,471,169c15,15,41,4.5,41-17V24A24,24,0,0,0,488,0Z\"><\/path><\/svg>\t\t\t\t\t\t<\/span>\n\t\t\t\t\t\t\t\t\t\t<span class=\"elementor-icon-list-text\">Les EIMT \u00e0 nouveau recevables dans deux RMR du Qu\u00e9bec (IQ)<\/span>\n\t\t\t\t\t\t\t\t\t\t\t<\/a>\n\t\t\t\t\t\t\t\t\t<\/li>\n\t\t\t\t\t\t<\/ul>\n\t\t\t\t\t\t<\/div>\n\t\t\t\t\t<\/div>\n\t\t<\/div>\n\t\t\t\t<div class=\"elementor-column elementor-col-50 elementor-inner-column elementor-element elementor-element-5fc3c352\" data-id=\"5fc3c352\" data-element_type=\"column\" data-e-type=\"column\">\n\t\t\t<div class=\"elementor-widget-wrap elementor-element-populated\">\n\t\t\t\t\t\t<div class=\"elementor-element elementor-element-1ad72665 elementor-widget elementor-widget-image\" data-id=\"1ad72665\" data-element_type=\"widget\" data-e-type=\"widget\" data-widget_type=\"image.default\">\n\t\t\t\t\t\t\t\t\t\t\t\t\t\t\t<img loading=\"lazy\" decoding=\"async\" width=\"702\" height=\"527\" src=\"https:\/\/immigrantquebec.com\/fr\/wp-content\/uploads\/2025\/02\/4-yeik-cd-v4BScYmI7Pg-unsplash-950.jpg\" class=\"attachment-large size-large wp-image-17309\" alt=\"\" srcset=\"https:\/\/immigrantquebec.com\/fr\/wp-content\/uploads\/2025\/02\/4-yeik-cd-v4BScYmI7Pg-unsplash-950.jpg 950w, https:\/\/immigrantquebec.com\/fr\/wp-content\/uploads\/2025\/02\/4-yeik-cd-v4BScYmI7Pg-unsplash-950-266x200.jpg 266w, https:\/\/immigrantquebec.com\/fr\/wp-content\/uploads\/2025\/02\/4-yeik-cd-v4BScYmI7Pg-unsplash-950-768x576.jpg 768w\" sizes=\"(max-width: 702px) 100vw, 702px\" \/>\t\t\t\t\t\t\t\t\t\t\t\t\t\t\t<\/div>\n\t\t\t\t\t<\/div>\n\t\t<\/div>\n\t\t\t\t\t<\/div>\n\t\t<\/section>\n\t\t\t\t<div class=\"elementor-element elementor-element-41b50f62 elementor-widget-divider--view-line elementor-widget elementor-widget-divider\" data-id=\"41b50f62\" data-element_type=\"widget\" data-e-type=\"widget\" data-widget_type=\"divider.default\">\n\t\t\t\t\t\t\t<div class=\"elementor-divider\">\n\t\t\t<span class=\"elementor-divider-separator\">\n\t\t\t\t\t\t<\/span>\n\t\t<\/div>\n\t\t\t\t\t\t<\/div>\n\t\t\t\t<div class=\"elementor-element elementor-element-704ba1dd elementor-position-inline-start elementor-view-stacked elementor-shape-circle elementor-mobile-position-block-start elementor-widget elementor-widget-icon-box\" data-id=\"704ba1dd\" data-element_type=\"widget\" data-e-type=\"widget\" id=\"bdi-titre-emp-5\" data-widget_type=\"icon-box.default\">\n\t\t\t\t\t\t\t<div class=\"elementor-icon-box-wrapper\">\n\n\t\t\t\t\t\t<div class=\"elementor-icon-box-icon\">\n\t\t\t\t<span  class=\"elementor-icon\">\n\t\t\t\t<svg aria-hidden=\"true\" class=\"e-font-icon-svg e-fas-angle-double-right\" viewBox=\"0 0 448 512\" xmlns=\"http:\/\/www.w3.org\/2000\/svg\"><path d=\"M224.3 273l-136 136c-9.4 9.4-24.6 9.4-33.9 0l-22.6-22.6c-9.4-9.4-9.4-24.6 0-33.9l96.4-96.4-96.4-96.4c-9.4-9.4-9.4-24.6 0-33.9L54.3 103c9.4-9.4 24.6-9.4 33.9 0l136 136c9.5 9.4 9.5 24.6.1 34zm192-34l-136-136c-9.4-9.4-24.6-9.4-33.9 0l-22.6 22.6c-9.4 9.4-9.4 24.6 0 33.9l96.4 96.4-96.4 96.4c-9.4 9.4-9.4 24.6 0 33.9l22.6 22.6c9.4 9.4 24.6 9.4 33.9 0l136-136c9.4-9.2 9.4-24.4 0-33.8z\"><\/path><\/svg>\t\t\t\t<\/span>\n\t\t\t<\/div>\n\t\t\t\n\t\t\t\t\t\t<div class=\"elementor-icon-box-content\">\n\n\t\t\t\t\t\t\t\t\t<h3 class=\"elementor-icon-box-title\">\n\t\t\t\t\t\t<span  >\n\t\t\t\t\t\t\tUn rapport d\u2019Amnistie internationale accable \u00e0 son tour le permis de travail ferm\u00e9 au Canada\t\t\t\t\t\t<\/span>\n\t\t\t\t\t<\/h3>\n\t\t\t\t\n\t\t\t\t\t\t\t\t\t<p class=\"elementor-icon-box-description\">\n\t\t\t\t\t\tApr\u00e8s le rapporteur g\u00e9n\u00e9ral de l\u2019ONU sur les formes contemporaines d\u2019esclavage (Bulletin de l'immigration, Septembre 2024) et  Comit\u00e9 permanent de la citoyennet\u00e9 et de\nl\u2019immigration (Bulletin de l'immigration, Octobre 2024) de la Chambre des communes \u00e0 Ottawa, c\u2019est au tour d\u2019Amnistie internationale de s\u2019attaquer au permis de travail ferm\u00e9 au Canada.\t\t\t\t\t<\/p>\n\t\t\t\t\n\t\t\t<\/div>\n\t\t\t\n\t\t<\/div>\n\t\t\t\t\t\t<\/div>\n\t\t\t\t<section class=\"elementor-section elementor-inner-section elementor-element elementor-element-1cac9c3e elementor-section-boxed elementor-section-height-default elementor-section-height-default\" data-id=\"1cac9c3e\" data-element_type=\"section\" data-e-type=\"section\">\n\t\t\t\t\t\t<div class=\"elementor-container elementor-column-gap-default\">\n\t\t\t\t\t<div class=\"elementor-column elementor-col-50 elementor-inner-column elementor-element elementor-element-7e5a3a1\" data-id=\"7e5a3a1\" data-element_type=\"column\" data-e-type=\"column\">\n\t\t\t<div class=\"elementor-widget-wrap elementor-element-populated\">\n\t\t\t\t\t\t<div class=\"elementor-element elementor-element-5bc13d24 elementor-widget elementor-widget-image\" data-id=\"5bc13d24\" data-element_type=\"widget\" data-e-type=\"widget\" data-widget_type=\"image.default\">\n\t\t\t\t\t\t\t\t\t\t\t\t\t\t\t<img loading=\"lazy\" decoding=\"async\" width=\"702\" height=\"468\" src=\"https:\/\/immigrantquebec.com\/fr\/wp-content\/uploads\/2025\/02\/24-getty-images-DeONUmB4vIw-unsplash-950.jpg\" class=\"attachment-large size-large wp-image-17310\" alt=\"\" srcset=\"https:\/\/immigrantquebec.com\/fr\/wp-content\/uploads\/2025\/02\/24-getty-images-DeONUmB4vIw-unsplash-950.jpg 950w, https:\/\/immigrantquebec.com\/fr\/wp-content\/uploads\/2025\/02\/24-getty-images-DeONUmB4vIw-unsplash-950-300x200.jpg 300w, https:\/\/immigrantquebec.com\/fr\/wp-content\/uploads\/2025\/02\/24-getty-images-DeONUmB4vIw-unsplash-950-768x513.jpg 768w\" sizes=\"(max-width: 702px) 100vw, 702px\" \/>\t\t\t\t\t\t\t\t\t\t\t\t\t\t\t<\/div>\n\t\t\t\t\t<\/div>\n\t\t<\/div>\n\t\t\t\t<div class=\"elementor-column elementor-col-50 elementor-inner-column elementor-element elementor-element-1af98ada\" data-id=\"1af98ada\" data-element_type=\"column\" data-e-type=\"column\">\n\t\t\t<div class=\"elementor-widget-wrap elementor-element-populated\">\n\t\t\t\t\t\t<div class=\"elementor-element elementor-element-f38f18f elementor-widget elementor-widget-text-editor\" data-id=\"f38f18f\" data-element_type=\"widget\" data-e-type=\"widget\" data-widget_type=\"text-editor.default\">\n\t\t\t\t\t\t\t\t\t<p style=\"font-weight: 400;\">Sur la base de constats d\u2019exploitation au travail et de discrimination raciale d\u00e9taill\u00e9s au fil des 82 pages d&rsquo;un rapport intitul\u00e9<span>\u00a0<\/span>\u00ab\u2009Le Canada m\u2019a d\u00e9truite \u2014 Exploitation des travailleuses et travailleurs migrants au Canada\u2009\u00bb, l\u2019organisation que les autorit\u00e9s f\u00e9d\u00e9rales comme provinciales ont un r\u00f4le fondamental \u00e0 jouer dans le respect des droits et de la dignit\u00e9 humaine des travailleurs migrants au Canada.<\/p><p><span style=\"font-weight: 400;\">Le document,<\/span> <span style=\"font-weight: 400;\">pr\u00e9sent\u00e9 et publi\u00e9 le 30 janvier 2025, est consultable librement.<\/span><\/p>\t\t\t\t\t\t\t\t<\/div>\n\t\t\t\t<div class=\"elementor-element elementor-element-808f1d4 elementor-align-end elementor-icon-list--layout-traditional elementor-list-item-link-full_width elementor-widget elementor-widget-icon-list\" data-id=\"808f1d4\" data-element_type=\"widget\" data-e-type=\"widget\" data-widget_type=\"icon-list.default\">\n\t\t\t\t\t\t\t<ul class=\"elementor-icon-list-items\">\n\t\t\t\t\t\t\t<li class=\"elementor-icon-list-item\">\n\t\t\t\t\t\t\t\t\t\t\t<a href=\"https:\/\/amnistie.ca\/campagnes\/travailleurs-migrants\">\n\n\t\t\t\t\t\t\t\t\t\t\t\t<span class=\"elementor-icon-list-icon\">\n\t\t\t\t\t\t\t<svg aria-hidden=\"true\" class=\"e-font-icon-svg e-fas-external-link-alt\" viewBox=\"0 0 512 512\" xmlns=\"http:\/\/www.w3.org\/2000\/svg\"><path d=\"M432,320H400a16,16,0,0,0-16,16V448H64V128H208a16,16,0,0,0,16-16V80a16,16,0,0,0-16-16H48A48,48,0,0,0,0,112V464a48,48,0,0,0,48,48H400a48,48,0,0,0,48-48V336A16,16,0,0,0,432,320ZM488,0h-128c-21.37,0-32.05,25.91-17,41l35.73,35.73L135,320.37a24,24,0,0,0,0,34L157.67,377a24,24,0,0,0,34,0L435.28,133.32,471,169c15,15,41,4.5,41-17V24A24,24,0,0,0,488,0Z\"><\/path><\/svg>\t\t\t\t\t\t<\/span>\n\t\t\t\t\t\t\t\t\t\t<span class=\"elementor-icon-list-text\">Rapport d'Amnistie internationale<\/span>\n\t\t\t\t\t\t\t\t\t\t\t<\/a>\n\t\t\t\t\t\t\t\t\t<\/li>\n\t\t\t\t\t\t<\/ul>\n\t\t\t\t\t\t<\/div>\n\t\t\t\t\t<\/div>\n\t\t<\/div>\n\t\t\t\t\t<\/div>\n\t\t<\/section>\n\t\t\t\t\t<\/div>\n\t\t<\/div>\n\t\t\t\t\t<\/div>\n\t\t<\/section>\n\t\t\t\t<section class=\"elementor-section elementor-top-section elementor-element elementor-element-2bb28232 elementor-section-boxed elementor-section-height-default elementor-section-height-default\" data-id=\"2bb28232\" data-element_type=\"section\" data-e-type=\"section\">\n\t\t\t\t\t\t<div class=\"elementor-container elementor-column-gap-default\">\n\t\t\t\t\t<div class=\"elementor-column elementor-col-100 elementor-top-column elementor-element elementor-element-41d41253\" data-id=\"41d41253\" data-element_type=\"column\" data-e-type=\"column\">\n\t\t\t<div class=\"elementor-widget-wrap elementor-element-populated\">\n\t\t\t\t\t\t<div class=\"elementor-element elementor-element-411ebd83 elementor-widget elementor-widget-image\" data-id=\"411ebd83\" data-element_type=\"widget\" data-e-type=\"widget\" data-widget_type=\"image.default\">\n\t\t\t\t\t\t\t\t\t\t\t\t\t\t\t\t<a href=\"https:\/\/immigrantquebec.com\/fr\/\">\n\t\t\t\t\t\t\t<img loading=\"lazy\" decoding=\"async\" width=\"702\" height=\"339\" src=\"https:\/\/immigrantquebec.com\/fr\/wp-content\/uploads\/2025\/02\/PromoIQ-Bulletin-745x360-2.png\" class=\"attachment-large size-large wp-image-17311\" alt=\"\" srcset=\"https:\/\/immigrantquebec.com\/fr\/wp-content\/uploads\/2025\/02\/PromoIQ-Bulletin-745x360-2.png 745w, https:\/\/immigrantquebec.com\/fr\/wp-content\/uploads\/2025\/02\/PromoIQ-Bulletin-745x360-2-300x145.png 300w\" sizes=\"(max-width: 702px) 100vw, 702px\" \/>\t\t\t\t\t\t\t\t<\/a>\n\t\t\t\t\t\t\t\t\t\t\t\t\t\t\t<\/div>\n\t\t\t\t\t<\/div>\n\t\t<\/div>\n\t\t\t\t\t<\/div>\n\t\t<\/section>\n\t\t\t\t<section class=\"elementor-section elementor-top-section elementor-element elementor-element-5a96ddf9 elementor-section-boxed elementor-section-height-default elementor-section-height-default\" data-id=\"5a96ddf9\" data-element_type=\"section\" data-e-type=\"section\" id=\"bdi-etudes\" data-settings=\"{&quot;background_background&quot;:&quot;classic&quot;,&quot;shape_divider_top&quot;:&quot;wave-brush&quot;}\">\n\t\t\t\t\t<div class=\"elementor-shape elementor-shape-top\" aria-hidden=\"true\" data-negative=\"false\">\n\t\t\t<svg xmlns=\"http:\/\/www.w3.org\/2000\/svg\" viewBox=\"0 0 283.5 27.8\" preserveAspectRatio=\"none\">\n\t<path class=\"elementor-shape-fill\" d=\"M283.5,9.7c0,0-7.3,4.3-14,4.6c-6.8,0.3-12.6,0-20.9-1.5c-11.3-2-33.1-10.1-44.7-5.7\ts-12.1,4.6-18,7.4c-6.6,3.2-20,9.6-36.6,9.3C131.6,23.5,99.5,7.2,86.3,8c-1.4,0.1-6.6,0.8-10.5,2c-3.8,1.2-9.4,3.8-17,4.7\tc-3.2,0.4-8.3,1.1-14.2,0.9c-1.5-0.1-6.3-0.4-12-1.6c-5.7-1.2-11-3.1-15.8-3.7C6.5,9.2,0,10.8,0,10.8V0h283.5V9.7z M260.8,11.3\tc-0.7-1-2-0.4-4.3-0.4c-2.3,0-6.1-1.2-5.8-1.1c0.3,0.1,3.1,1.5,6,1.9C259.7,12.2,261.4,12.3,260.8,11.3z M242.4,8.6\tc0,0-2.4-0.2-5.6-0.9c-3.2-0.8-10.3-2.8-15.1-3.5c-8.2-1.1-15.8,0-15.1,0.1c0.8,0.1,9.6-0.6,17.6,1.1c3.3,0.7,9.3,2.2,12.4,2.7\tC239.9,8.7,242.4,8.6,242.4,8.6z M185.2,8.5c1.7-0.7-13.3,4.7-18.5,6.1c-2.1,0.6-6.2,1.6-10,2c-3.9,0.4-8.9,0.4-8.8,0.5\tc0,0.2,5.8,0.8,11.2,0c5.4-0.8,5.2-1.1,7.6-1.6C170.5,14.7,183.5,9.2,185.2,8.5z M199.1,6.9c0.2,0-0.8-0.4-4.8,1.1\tc-4,1.5-6.7,3.5-6.9,3.7c-0.2,0.1,3.5-1.8,6.6-3C197,7.5,199,6.9,199.1,6.9z M283,6c-0.1,0.1-1.9,1.1-4.8,2.5s-6.9,2.8-6.7,2.7\tc0.2,0,3.5-0.6,7.4-2.5C282.8,6.8,283.1,5.9,283,6z M31.3,11.6c0.1-0.2-1.9-0.2-4.5-1.2s-5.4-1.6-7.8-2C15,7.6,7.3,8.5,7.7,8.6\tC8,8.7,15.9,8.3,20.2,9.3c2.2,0.5,2.4,0.5,5.7,1.6S31.2,11.9,31.3,11.6z M73,9.2c0.4-0.1,3.5-1.6,8.4-2.6c4.9-1.1,8.9-0.5,8.9-0.8\tc0-0.3-1-0.9-6.2-0.3S72.6,9.3,73,9.2z M71.6,6.7C71.8,6.8,75,5.4,77.3,5c2.3-0.3,1.9-0.5,1.9-0.6c0-0.1-1.1-0.2-2.7,0.2\tC74.8,5.1,71.4,6.6,71.6,6.7z M93.6,4.4c0.1,0.2,3.5,0.8,5.6,1.8c2.1,1,1.8,0.6,1.9,0.5c0.1-0.1-0.8-0.8-2.4-1.3\tC97.1,4.8,93.5,4.2,93.6,4.4z M65.4,11.1c-0.1,0.3,0.3,0.5,1.9-0.2s2.6-1.3,2.2-1.2s-0.9,0.4-2.5,0.8C65.3,10.9,65.5,10.8,65.4,11.1\tz M34.5,12.4c-0.2,0,2.1,0.8,3.3,0.9c1.2,0.1,2,0.1,2-0.2c0-0.3-0.1-0.5-1.6-0.4C36.6,12.8,34.7,12.4,34.5,12.4z M152.2,21.1\tc-0.1,0.1-2.4-0.3-7.5-0.3c-5,0-13.6-2.4-17.2-3.5c-3.6-1.1,10,3.9,16.5,4.1C150.5,21.6,152.3,21,152.2,21.1z\"\/>\n\t<path class=\"elementor-shape-fill\" d=\"M269.6,18c-0.1-0.1-4.6,0.3-7.2,0c-7.3-0.7-17-3.2-16.6-2.9c0.4,0.3,13.7,3.1,17,3.3\tC267.7,18.8,269.7,18,269.6,18z\"\/>\n\t<path class=\"elementor-shape-fill\" d=\"M227.4,9.8c-0.2-0.1-4.5-1-9.5-1.2c-5-0.2-12.7,0.6-12.3,0.5c0.3-0.1,5.9-1.8,13.3-1.2\tS227.6,9.9,227.4,9.8z\"\/>\n\t<path class=\"elementor-shape-fill\" d=\"M204.5,13.4c-0.1-0.1,2-1,3.2-1.1c1.2-0.1,2,0,2,0.3c0,0.3-0.1,0.5-1.6,0.4\tC206.4,12.9,204.6,13.5,204.5,13.4z\"\/>\n\t<path class=\"elementor-shape-fill\" d=\"M201,10.6c0-0.1-4.4,1.2-6.3,2.2c-1.9,0.9-6.2,3.1-6.1,3.1c0.1,0.1,4.2-1.6,6.3-2.6\tS201,10.7,201,10.6z\"\/>\n\t<path class=\"elementor-shape-fill\" d=\"M154.5,26.7c-0.1-0.1-4.6,0.3-7.2,0c-7.3-0.7-17-3.2-16.6-2.9c0.4,0.3,13.7,3.1,17,3.3\tC152.6,27.5,154.6,26.8,154.5,26.7z\"\/>\n\t<path class=\"elementor-shape-fill\" d=\"M41.9,19.3c0,0,1.2-0.3,2.9-0.1c1.7,0.2,5.8,0.9,8.2,0.7c4.2-0.4,7.4-2.7,7-2.6\tc-0.4,0-4.3,2.2-8.6,1.9c-1.8-0.1-5.1-0.5-6.7-0.4S41.9,19.3,41.9,19.3z\"\/>\n\t<path class=\"elementor-shape-fill\" d=\"M75.5,12.6c0.2,0.1,2-0.8,4.3-1.1c2.3-0.2,2.1-0.3,2.1-0.5c0-0.1-1.8-0.4-3.4,0\tC76.9,11.5,75.3,12.5,75.5,12.6z\"\/>\n\t<path class=\"elementor-shape-fill\" d=\"M15.6,13.2c0-0.1,4.3,0,6.7,0.5c2.4,0.5,5,1.9,5,2c0,0.1-2.7-0.8-5.1-1.4\tC19.9,13.7,15.7,13.3,15.6,13.2z\"\/>\n<\/svg>\t\t<\/div>\n\t\t\t\t\t<div class=\"elementor-container elementor-column-gap-default\">\n\t\t\t\t\t<div class=\"elementor-column elementor-col-100 elementor-top-column elementor-element elementor-element-725bdab3\" data-id=\"725bdab3\" data-element_type=\"column\" data-e-type=\"column\">\n\t\t\t<div class=\"elementor-widget-wrap elementor-element-populated\">\n\t\t\t\t\t\t<section class=\"elementor-section elementor-inner-section elementor-element elementor-element-1cf7281e elementor-section-full_width elementor-section-height-default elementor-section-height-default\" data-id=\"1cf7281e\" data-element_type=\"section\" data-e-type=\"section\">\n\t\t\t\t\t\t<div class=\"elementor-container elementor-column-gap-no\">\n\t\t\t\t\t<div class=\"elementor-column elementor-col-100 elementor-inner-column elementor-element elementor-element-1702a514\" data-id=\"1702a514\" data-element_type=\"column\" data-e-type=\"column\">\n\t\t\t<div class=\"elementor-widget-wrap elementor-element-populated\">\n\t\t\t\t\t\t<div class=\"elementor-element elementor-element-387dba0e elementor-widget elementor-widget-heading\" data-id=\"387dba0e\" data-element_type=\"widget\" data-e-type=\"widget\" data-widget_type=\"heading.default\">\n\t\t\t\t\t<h2 class=\"elementor-heading-title elementor-size-default\">\u00c9TUDES<\/h2>\t\t\t\t<\/div>\n\t\t\t\t<div class=\"elementor-element elementor-element-2db906e1 elementor-position-inline-start elementor-view-stacked elementor-shape-circle elementor-mobile-position-block-start elementor-widget elementor-widget-icon-box\" data-id=\"2db906e1\" data-element_type=\"widget\" data-e-type=\"widget\" id=\"bdi-titre-etu-1\" data-widget_type=\"icon-box.default\">\n\t\t\t\t\t\t\t<div class=\"elementor-icon-box-wrapper\">\n\n\t\t\t\t\t\t<div class=\"elementor-icon-box-icon\">\n\t\t\t\t<span  class=\"elementor-icon\">\n\t\t\t\t<svg aria-hidden=\"true\" class=\"e-font-icon-svg e-fas-angle-double-right\" viewBox=\"0 0 448 512\" xmlns=\"http:\/\/www.w3.org\/2000\/svg\"><path d=\"M224.3 273l-136 136c-9.4 9.4-24.6 9.4-33.9 0l-22.6-22.6c-9.4-9.4-9.4-24.6 0-33.9l96.4-96.4-96.4-96.4c-9.4-9.4-9.4-24.6 0-33.9L54.3 103c9.4-9.4 24.6-9.4 33.9 0l136 136c9.5 9.4 9.5 24.6.1 34zm192-34l-136-136c-9.4-9.4-24.6-9.4-33.9 0l-22.6 22.6c-9.4 9.4-9.4 24.6 0 33.9l96.4 96.4-96.4 96.4c-9.4 9.4-9.4 24.6 0 33.9l22.6 22.6c9.4 9.4 24.6 9.4 33.9 0l136-136c9.4-9.2 9.4-24.4 0-33.8z\"><\/path><\/svg>\t\t\t\t<\/span>\n\t\t\t<\/div>\n\t\t\t\n\t\t\t\t\t\t<div class=\"elementor-icon-box-content\">\n\n\t\t\t\t\t\t\t\t\t<h3 class=\"elementor-icon-box-title\">\n\t\t\t\t\t\t<span  >\n\t\t\t\t\t\t\t\u00c9tudiants \u00e9trangers : la r\u00e9partition des plafonds publi\u00e9e pour 2025\t\t\t\t\t\t<\/span>\n\t\t\t\t\t<\/h3>\n\t\t\t\t\n\t\t\t\t\t\t\t\t\t<p class=\"elementor-icon-box-description\">\n\t\t\t\t\t\tOttawa a pr\u00e9sent\u00e9 ses objectifs 2025 de nombre de permis d\u2019\u00e9tudes \u00e9mis par les diff\u00e9rentes provinces et territoires du Canada.\t\t\t\t\t<\/p>\n\t\t\t\t\n\t\t\t<\/div>\n\t\t\t\n\t\t<\/div>\n\t\t\t\t\t\t<\/div>\n\t\t\t\t<div class=\"elementor-element elementor-element-31e2b9a0 elementor-widget elementor-widget-image\" data-id=\"31e2b9a0\" data-element_type=\"widget\" data-e-type=\"widget\" data-widget_type=\"image.default\">\n\t\t\t\t\t\t\t\t\t\t\t\t\t\t\t<img loading=\"lazy\" decoding=\"async\" width=\"950\" height=\"400\" src=\"https:\/\/immigrantquebec.com\/fr\/wp-content\/uploads\/2025\/02\/20-christopher-burns-I95_6sicXdo-unsplash-950.jpg\" class=\"attachment-full size-full wp-image-17312\" alt=\"\" srcset=\"https:\/\/immigrantquebec.com\/fr\/wp-content\/uploads\/2025\/02\/20-christopher-burns-I95_6sicXdo-unsplash-950.jpg 950w, https:\/\/immigrantquebec.com\/fr\/wp-content\/uploads\/2025\/02\/20-christopher-burns-I95_6sicXdo-unsplash-950-300x126.jpg 300w, https:\/\/immigrantquebec.com\/fr\/wp-content\/uploads\/2025\/02\/20-christopher-burns-I95_6sicXdo-unsplash-950-768x323.jpg 768w\" sizes=\"(max-width: 950px) 100vw, 950px\" \/>\t\t\t\t\t\t\t\t\t\t\t\t\t\t\t<\/div>\n\t\t\t\t\t<\/div>\n\t\t<\/div>\n\t\t\t\t\t<\/div>\n\t\t<\/section>\n\t\t\t\t<section class=\"elementor-section elementor-inner-section elementor-element elementor-element-55ab6b20 elementor-section-boxed elementor-section-height-default elementor-section-height-default\" data-id=\"55ab6b20\" data-element_type=\"section\" data-e-type=\"section\">\n\t\t\t\t\t\t<div class=\"elementor-container elementor-column-gap-default\">\n\t\t\t\t\t<div class=\"elementor-column elementor-col-50 elementor-inner-column elementor-element elementor-element-3d398f18\" data-id=\"3d398f18\" data-element_type=\"column\" data-e-type=\"column\">\n\t\t\t<div class=\"elementor-widget-wrap elementor-element-populated\">\n\t\t\t\t\t\t<div class=\"elementor-element elementor-element-4bddc89 elementor-widget elementor-widget-text-editor\" data-id=\"4bddc89\" data-element_type=\"widget\" data-e-type=\"widget\" data-widget_type=\"text-editor.default\">\n\t\t\t\t\t\t\t\t\t<p style=\"font-weight: 400;\">Une annonce qui rel\u00e8ve de la d\u00e9cision f\u00e9d\u00e9rale, en 2024, de mieux contr\u00f4ler le nombre et la r\u00e9partition des \u00e9tudiants \u00e9trangers sur le territoire.<\/p><p style=\"font-weight: 400;\"><\/p><p style=\"font-weight: 400;\">En 2025, 437\u2009000\u00a0permis d\u2019\u00e9tudes seront accept\u00e9s, soit une diminution de 10\u00a0% par rapport au plafond de 2024.<\/p><p style=\"font-weight: 400;\"><\/p><p style=\"font-weight: 400;\">Depuis avril 2024, les demandeurs de permis d\u2019\u00e9tudes du premier cycle universitaire devaient pr\u00e9senter une lettre d\u2019attestation territoriale ou provinciale (LAT\/LAP). D\u00e9sormais, les candidats \u00e0 la ma\u00eetrise et au doctorat devront aussi fournir ce document. Certains \u00e9tudiants restent dispens\u00e9s de cette obligation.<\/p>\t\t\t\t\t\t\t\t<\/div>\n\t\t\t\t\t<\/div>\n\t\t<\/div>\n\t\t\t\t<div class=\"elementor-column elementor-col-50 elementor-inner-column elementor-element elementor-element-211012d4\" data-id=\"211012d4\" data-element_type=\"column\" data-e-type=\"column\" data-settings=\"{&quot;background_background&quot;:&quot;classic&quot;}\">\n\t\t\t<div class=\"elementor-widget-wrap elementor-element-populated\">\n\t\t\t\t\t\t<div class=\"elementor-element elementor-element-43ac8d45 elementor-widget-divider--view-line elementor-widget elementor-widget-divider\" data-id=\"43ac8d45\" data-element_type=\"widget\" data-e-type=\"widget\" data-widget_type=\"divider.default\">\n\t\t\t\t\t\t\t<div class=\"elementor-divider\">\n\t\t\t<span class=\"elementor-divider-separator\">\n\t\t\t\t\t\t<\/span>\n\t\t<\/div>\n\t\t\t\t\t\t<\/div>\n\t\t\t\t<div class=\"elementor-element elementor-element-152227f3 elementor-widget elementor-widget-text-editor\" data-id=\"152227f3\" data-element_type=\"widget\" data-e-type=\"widget\" data-widget_type=\"text-editor.default\">\n\t\t\t\t\t\t\t\t\t<div><span>Au Qu\u00e9bec, 72\u2009977\u00a0permis seront d\u00e9livr\u00e9s aux \u00e9tudiants devant fournir cette lettre pour un maximum de 162\u2009742\u00a0demandes qui seront trait\u00e9es par IRCC.<\/span><\/div><div><\/div>\t\t\t\t\t\t\t\t<\/div>\n\t\t\t\t\t<\/div>\n\t\t<\/div>\n\t\t\t\t\t<\/div>\n\t\t<\/section>\n\t\t\t\t<section class=\"elementor-section elementor-inner-section elementor-element elementor-element-943ae62 elementor-section-boxed elementor-section-height-default elementor-section-height-default\" data-id=\"943ae62\" data-element_type=\"section\" data-e-type=\"section\">\n\t\t\t\t\t\t<div class=\"elementor-container elementor-column-gap-default\">\n\t\t\t\t\t<div class=\"elementor-column elementor-col-100 elementor-inner-column elementor-element elementor-element-74dd58a2\" data-id=\"74dd58a2\" data-element_type=\"column\" data-e-type=\"column\">\n\t\t\t<div class=\"elementor-widget-wrap elementor-element-populated\">\n\t\t\t\t\t\t<div class=\"elementor-element elementor-element-26a641f1 elementor-icon-list--layout-traditional elementor-list-item-link-full_width elementor-widget elementor-widget-icon-list\" data-id=\"26a641f1\" data-element_type=\"widget\" data-e-type=\"widget\" data-widget_type=\"icon-list.default\">\n\t\t\t\t\t\t\t<ul class=\"elementor-icon-list-items\">\n\t\t\t\t\t\t\t<li class=\"elementor-icon-list-item\">\n\t\t\t\t\t\t\t\t\t\t\t<a href=\"https:\/\/www.canada.ca\/fr\/immigration-refugies-citoyennete\/nouvelles\/avis\/attributions-provinciales-territoriales-2025-cadre-plafond-etudiants-etrangers.html\">\n\n\t\t\t\t\t\t\t\t\t\t\t\t<span class=\"elementor-icon-list-icon\">\n\t\t\t\t\t\t\t<svg aria-hidden=\"true\" class=\"e-font-icon-svg e-fas-external-link-alt\" viewBox=\"0 0 512 512\" xmlns=\"http:\/\/www.w3.org\/2000\/svg\"><path d=\"M432,320H400a16,16,0,0,0-16,16V448H64V128H208a16,16,0,0,0,16-16V80a16,16,0,0,0-16-16H48A48,48,0,0,0,0,112V464a48,48,0,0,0,48,48H400a48,48,0,0,0,48-48V336A16,16,0,0,0,432,320ZM488,0h-128c-21.37,0-32.05,25.91-17,41l35.73,35.73L135,320.37a24,24,0,0,0,0,34L157.67,377a24,24,0,0,0,34,0L435.28,133.32,471,169c15,15,41,4.5,41-17V24A24,24,0,0,0,488,0Z\"><\/path><\/svg>\t\t\t\t\t\t<\/span>\n\t\t\t\t\t\t\t\t\t\t<span class=\"elementor-icon-list-text\">Communiqu\u00e9 d'IRCC<\/span>\n\t\t\t\t\t\t\t\t\t\t\t<\/a>\n\t\t\t\t\t\t\t\t\t<\/li>\n\t\t\t\t\t\t<\/ul>\n\t\t\t\t\t\t<\/div>\n\t\t\t\t<div class=\"elementor-element elementor-element-50a76383 elementor-icon-list--layout-traditional elementor-list-item-link-full_width elementor-widget elementor-widget-icon-list\" data-id=\"50a76383\" data-element_type=\"widget\" data-e-type=\"widget\" data-widget_type=\"icon-list.default\">\n\t\t\t\t\t\t\t<ul class=\"elementor-icon-list-items\">\n\t\t\t\t\t\t\t<li class=\"elementor-icon-list-item\">\n\t\t\t\t\t\t\t\t\t\t\t<a href=\"https:\/\/immigrantquebec.com\/fr\/actualites\/etudiants-etrangers-la-repartition-des-permis-publiee-pour-2025\/\">\n\n\t\t\t\t\t\t\t\t\t\t\t\t<span class=\"elementor-icon-list-icon\">\n\t\t\t\t\t\t\t<svg aria-hidden=\"true\" class=\"e-font-icon-svg e-fas-external-link-alt\" viewBox=\"0 0 512 512\" xmlns=\"http:\/\/www.w3.org\/2000\/svg\"><path d=\"M432,320H400a16,16,0,0,0-16,16V448H64V128H208a16,16,0,0,0,16-16V80a16,16,0,0,0-16-16H48A48,48,0,0,0,0,112V464a48,48,0,0,0,48,48H400a48,48,0,0,0,48-48V336A16,16,0,0,0,432,320ZM488,0h-128c-21.37,0-32.05,25.91-17,41l35.73,35.73L135,320.37a24,24,0,0,0,0,34L157.67,377a24,24,0,0,0,34,0L435.28,133.32,471,169c15,15,41,4.5,41-17V24A24,24,0,0,0,488,0Z\"><\/path><\/svg>\t\t\t\t\t\t<\/span>\n\t\t\t\t\t\t\t\t\t\t<span class=\"elementor-icon-list-text\">\u00c9tudiants \u00e9trangers : La r\u00e9partition des permis publi\u00e9e pour 2025 (IQ)<\/span>\n\t\t\t\t\t\t\t\t\t\t\t<\/a>\n\t\t\t\t\t\t\t\t\t<\/li>\n\t\t\t\t\t\t<\/ul>\n\t\t\t\t\t\t<\/div>\n\t\t\t\t\t<\/div>\n\t\t<\/div>\n\t\t\t\t\t<\/div>\n\t\t<\/section>\n\t\t\t\t<div class=\"elementor-element elementor-element-1ffe7bac elementor-widget-divider--view-line elementor-widget elementor-widget-divider\" data-id=\"1ffe7bac\" data-element_type=\"widget\" data-e-type=\"widget\" data-widget_type=\"divider.default\">\n\t\t\t\t\t\t\t<div class=\"elementor-divider\">\n\t\t\t<span class=\"elementor-divider-separator\">\n\t\t\t\t\t\t<\/span>\n\t\t<\/div>\n\t\t\t\t\t\t<\/div>\n\t\t\t\t<div class=\"elementor-element elementor-element-78091753 elementor-position-inline-start elementor-view-stacked elementor-shape-circle elementor-mobile-position-block-start elementor-widget elementor-widget-icon-box\" data-id=\"78091753\" data-element_type=\"widget\" data-e-type=\"widget\" id=\"bdi-titre-etu-2\" data-widget_type=\"icon-box.default\">\n\t\t\t\t\t\t\t<div class=\"elementor-icon-box-wrapper\">\n\n\t\t\t\t\t\t<div class=\"elementor-icon-box-icon\">\n\t\t\t\t<span  class=\"elementor-icon\">\n\t\t\t\t<svg aria-hidden=\"true\" class=\"e-font-icon-svg e-fas-angle-double-right\" viewBox=\"0 0 448 512\" xmlns=\"http:\/\/www.w3.org\/2000\/svg\"><path d=\"M224.3 273l-136 136c-9.4 9.4-24.6 9.4-33.9 0l-22.6-22.6c-9.4-9.4-9.4-24.6 0-33.9l96.4-96.4-96.4-96.4c-9.4-9.4-9.4-24.6 0-33.9L54.3 103c9.4-9.4 24.6-9.4 33.9 0l136 136c9.5 9.4 9.5 24.6.1 34zm192-34l-136-136c-9.4-9.4-24.6-9.4-33.9 0l-22.6 22.6c-9.4 9.4-9.4 24.6 0 33.9l96.4 96.4-96.4 96.4c-9.4 9.4-9.4 24.6 0 33.9l22.6 22.6c9.4 9.4 24.6 9.4 33.9 0l136-136c9.4-9.2 9.4-24.4 0-33.8z\"><\/path><\/svg>\t\t\t\t<\/span>\n\t\t\t<\/div>\n\t\t\t\n\t\t\t\t\t\t<div class=\"elementor-icon-box-content\">\n\n\t\t\t\t\t\t\t\t\t<h3 class=\"elementor-icon-box-title\">\n\t\t\t\t\t\t<span  >\n\t\t\t\t\t\t\tPremi\u00e8re \u00e9dition du Colloque de Qu\u00e9bec M\u00e9tiers d\u2019avenir\t\t\t\t\t\t<\/span>\n\t\t\t\t\t<\/h3>\n\t\t\t\t\n\t\t\t\t\t\t\t\t\t<p class=\"elementor-icon-box-description\">\n\t\t\t\t\t\tLe 23 janvier 2025 s\u2019est tenue la premi\u00e8re \u00e9dition du Colloque de Qu\u00e9bec m\u00e9tiers d\u2019avenir (QMA), dans la ville de Qu\u00e9bec.\t\t\t\t\t<\/p>\n\t\t\t\t\n\t\t\t<\/div>\n\t\t\t\n\t\t<\/div>\n\t\t\t\t\t\t<\/div>\n\t\t\t\t<section class=\"elementor-section elementor-inner-section elementor-element elementor-element-320269f6 elementor-section-boxed elementor-section-height-default elementor-section-height-default\" data-id=\"320269f6\" data-element_type=\"section\" data-e-type=\"section\">\n\t\t\t\t\t\t<div class=\"elementor-container elementor-column-gap-default\">\n\t\t\t\t\t<div class=\"elementor-column elementor-col-50 elementor-inner-column elementor-element elementor-element-781119ea\" data-id=\"781119ea\" data-element_type=\"column\" data-e-type=\"column\">\n\t\t\t<div class=\"elementor-widget-wrap elementor-element-populated\">\n\t\t\t\t\t\t<div class=\"elementor-element elementor-element-61a8afa6 elementor-widget elementor-widget-image\" data-id=\"61a8afa6\" data-element_type=\"widget\" data-e-type=\"widget\" data-widget_type=\"image.default\">\n\t\t\t\t\t\t\t\t\t\t\t\t\t\t\t<img loading=\"lazy\" decoding=\"async\" width=\"702\" height=\"909\" src=\"https:\/\/immigrantquebec.com\/fr\/wp-content\/uploads\/2025\/02\/17-ColloqueQMA2025_Programme-950.jpg\" class=\"attachment-large size-large wp-image-17313\" alt=\"\" srcset=\"https:\/\/immigrantquebec.com\/fr\/wp-content\/uploads\/2025\/02\/17-ColloqueQMA2025_Programme-950.jpg 734w, https:\/\/immigrantquebec.com\/fr\/wp-content\/uploads\/2025\/02\/17-ColloqueQMA2025_Programme-950-155x200.jpg 155w\" sizes=\"(max-width: 702px) 100vw, 702px\" \/>\t\t\t\t\t\t\t\t\t\t\t\t\t\t\t<\/div>\n\t\t\t\t\t<\/div>\n\t\t<\/div>\n\t\t\t\t<div class=\"elementor-column elementor-col-50 elementor-inner-column elementor-element elementor-element-59bb1954\" data-id=\"59bb1954\" data-element_type=\"column\" data-e-type=\"column\">\n\t\t\t<div class=\"elementor-widget-wrap elementor-element-populated\">\n\t\t\t\t\t\t<div class=\"elementor-element elementor-element-469c3c34 elementor-widget elementor-widget-text-editor\" data-id=\"469c3c34\" data-element_type=\"widget\" data-e-type=\"widget\" data-widget_type=\"text-editor.default\">\n\t\t\t\t\t\t\t\t\t<p style=\"font-weight: 400;\">Qu\u00e9bec m\u00e9tiers d\u2019avenir \u00e9tant un service d\u2019\u00c9ducation internationale, mandat\u00e9 par les minist\u00e8res de l\u2019\u00c9ducation et de l\u2019Enseignement sup\u00e9rieur pour promouvoir la formation professionnelle au Qu\u00e9bec, l\u2019\u00e9v\u00e9nement s\u2019adressait au r\u00e9seau des centres de services scolaires et commissions scolaires du Qu\u00e9bec.<\/p><p style=\"font-weight: 400;\"><\/p><p style=\"font-weight: 400;\"><span style=\"font-weight: 400;\">Le colloque, duquel Immigrant Qu\u00e9bec \u00e9tait partenaire, a \u00e9t\u00e9 l\u2019occasion d\u2019aborder diff\u00e9rents th\u00e8mes en panels et en ateliers\u00a0sur\u00a0les d\u00e9fis de la formation professionnelle en lien avec l\u2019immigration, la nouvelle plateforme d\u2019\u00e9changes et de partage d\u2019information R\u00e9seau FP ou encore la formation interculturelle.<\/span><\/p>\t\t\t\t\t\t\t\t<\/div>\n\t\t\t\t<div class=\"elementor-element elementor-element-563d52eb elementor-icon-list--layout-traditional elementor-list-item-link-full_width elementor-widget elementor-widget-icon-list\" data-id=\"563d52eb\" data-element_type=\"widget\" data-e-type=\"widget\" data-widget_type=\"icon-list.default\">\n\t\t\t\t\t\t\t<ul class=\"elementor-icon-list-items\">\n\t\t\t\t\t\t\t<li class=\"elementor-icon-list-item\">\n\t\t\t\t\t\t\t\t\t\t\t<a href=\"https:\/\/www.education-internationale.com\/colloque-qma-2025\/\">\n\n\t\t\t\t\t\t\t\t\t\t\t\t<span class=\"elementor-icon-list-icon\">\n\t\t\t\t\t\t\t<svg aria-hidden=\"true\" class=\"e-font-icon-svg e-fas-external-link-alt\" viewBox=\"0 0 512 512\" xmlns=\"http:\/\/www.w3.org\/2000\/svg\"><path d=\"M432,320H400a16,16,0,0,0-16,16V448H64V128H208a16,16,0,0,0,16-16V80a16,16,0,0,0-16-16H48A48,48,0,0,0,0,112V464a48,48,0,0,0,48,48H400a48,48,0,0,0,48-48V336A16,16,0,0,0,432,320ZM488,0h-128c-21.37,0-32.05,25.91-17,41l35.73,35.73L135,320.37a24,24,0,0,0,0,34L157.67,377a24,24,0,0,0,34,0L435.28,133.32,471,169c15,15,41,4.5,41-17V24A24,24,0,0,0,488,0Z\"><\/path><\/svg>\t\t\t\t\t\t<\/span>\n\t\t\t\t\t\t\t\t\t\t<span class=\"elementor-icon-list-text\">Lien vers l'\u00e9v\u00e9nement<\/span>\n\t\t\t\t\t\t\t\t\t\t\t<\/a>\n\t\t\t\t\t\t\t\t\t<\/li>\n\t\t\t\t\t\t<\/ul>\n\t\t\t\t\t\t<\/div>\n\t\t\t\t\t<\/div>\n\t\t<\/div>\n\t\t\t\t\t<\/div>\n\t\t<\/section>\n\t\t\t\t<div class=\"elementor-element elementor-element-3c703ff9 elementor-widget-divider--view-line elementor-widget elementor-widget-divider\" data-id=\"3c703ff9\" data-element_type=\"widget\" data-e-type=\"widget\" data-widget_type=\"divider.default\">\n\t\t\t\t\t\t\t<div class=\"elementor-divider\">\n\t\t\t<span class=\"elementor-divider-separator\">\n\t\t\t\t\t\t<\/span>\n\t\t<\/div>\n\t\t\t\t\t\t<\/div>\n\t\t\t\t<div class=\"elementor-element elementor-element-23044e0c elementor-position-inline-start elementor-view-stacked elementor-shape-circle elementor-mobile-position-block-start elementor-widget elementor-widget-icon-box\" data-id=\"23044e0c\" data-element_type=\"widget\" data-e-type=\"widget\" id=\"bdi-titre-etu-3\" data-widget_type=\"icon-box.default\">\n\t\t\t\t\t\t\t<div class=\"elementor-icon-box-wrapper\">\n\n\t\t\t\t\t\t<div class=\"elementor-icon-box-icon\">\n\t\t\t\t<span  class=\"elementor-icon\">\n\t\t\t\t<svg aria-hidden=\"true\" class=\"e-font-icon-svg e-fas-angle-double-right\" viewBox=\"0 0 448 512\" xmlns=\"http:\/\/www.w3.org\/2000\/svg\"><path d=\"M224.3 273l-136 136c-9.4 9.4-24.6 9.4-33.9 0l-22.6-22.6c-9.4-9.4-9.4-24.6 0-33.9l96.4-96.4-96.4-96.4c-9.4-9.4-9.4-24.6 0-33.9L54.3 103c9.4-9.4 24.6-9.4 33.9 0l136 136c9.5 9.4 9.5 24.6.1 34zm192-34l-136-136c-9.4-9.4-24.6-9.4-33.9 0l-22.6 22.6c-9.4 9.4-9.4 24.6 0 33.9l96.4 96.4-96.4 96.4c-9.4 9.4-9.4 24.6 0 33.9l22.6 22.6c9.4 9.4 24.6 9.4 33.9 0l136-136c9.4-9.2 9.4-24.4 0-33.8z\"><\/path><\/svg>\t\t\t\t<\/span>\n\t\t\t<\/div>\n\t\t\t\n\t\t\t\t\t\t<div class=\"elementor-icon-box-content\">\n\n\t\t\t\t\t\t\t\t\t<h3 class=\"elementor-icon-box-title\">\n\t\t\t\t\t\t<span  >\n\t\t\t\t\t\t\tUn nouveau DESS en droit de la citoyennet\u00e9, de l\u2019immigration et des r\u00e9fugi\u00e9s\t\t\t\t\t\t<\/span>\n\t\t\t\t\t<\/h3>\n\t\t\t\t\n\t\t\t\t\t\t\t\t\t<p class=\"elementor-icon-box-description\">\n\t\t\t\t\t\tL\u2019Universit\u00e9 de Montr\u00e9al a inaugur\u00e9 un nouveau DESS en droit de la citoyennet\u00e9, de l\u2019immigration et des r\u00e9fugi\u00e9s.\t\t\t\t\t<\/p>\n\t\t\t\t\n\t\t\t<\/div>\n\t\t\t\n\t\t<\/div>\n\t\t\t\t\t\t<\/div>\n\t\t\t\t<section class=\"elementor-section elementor-inner-section elementor-element elementor-element-613ee6fa elementor-section-boxed elementor-section-height-default elementor-section-height-default\" data-id=\"613ee6fa\" data-element_type=\"section\" data-e-type=\"section\">\n\t\t\t\t\t\t<div class=\"elementor-container elementor-column-gap-default\">\n\t\t\t\t\t<div class=\"elementor-column elementor-col-50 elementor-inner-column elementor-element elementor-element-17af84ab\" data-id=\"17af84ab\" data-element_type=\"column\" data-e-type=\"column\">\n\t\t\t<div class=\"elementor-widget-wrap elementor-element-populated\">\n\t\t\t\t\t\t<div class=\"elementor-element elementor-element-6b83f1b0 elementor-widget elementor-widget-text-editor\" data-id=\"6b83f1b0\" data-element_type=\"widget\" data-e-type=\"widget\" data-widget_type=\"text-editor.default\">\n\t\t\t\t\t\t\t\t\t<p style=\"font-weight: 400;\">Le programme de 30\u00a0cr\u00e9dits offre de se sp\u00e9cialiser dans le droit de l\u2019immigration.<\/p><p style=\"font-weight: 400;\">Il se destine aux juristes et propose une formation pratique et th\u00e9orique. Il est possible de suivre ses cours \u00e0 temps plein ou partiel, mais aussi de soir comme de jour.<\/p><p style=\"font-weight: 400;\">Des cours portant sur la reconnaissance des qualifications professionnelles ou les statuts d\u2019immigration temporaire seront offerts.<\/p><p style=\"font-weight: 400;\"><span style=\"font-weight: 400;\">La premi\u00e8re session commencera en ao\u00fbt 2025.<\/span><\/p>\t\t\t\t\t\t\t\t<\/div>\n\t\t\t\t<div class=\"elementor-element elementor-element-76e4e175 elementor-icon-list--layout-traditional elementor-list-item-link-full_width elementor-widget elementor-widget-icon-list\" data-id=\"76e4e175\" data-element_type=\"widget\" data-e-type=\"widget\" data-widget_type=\"icon-list.default\">\n\t\t\t\t\t\t\t<ul class=\"elementor-icon-list-items\">\n\t\t\t\t\t\t\t<li class=\"elementor-icon-list-item\">\n\t\t\t\t\t\t\t\t\t\t\t<a href=\"https:\/\/admission.umontreal.ca\/programmes\/dess-en-droit-de-la-citoyennete-de-limmigration-et-des-refugies\/\">\n\n\t\t\t\t\t\t\t\t\t\t\t\t<span class=\"elementor-icon-list-icon\">\n\t\t\t\t\t\t\t<svg aria-hidden=\"true\" class=\"e-font-icon-svg e-fas-external-link-alt\" viewBox=\"0 0 512 512\" xmlns=\"http:\/\/www.w3.org\/2000\/svg\"><path d=\"M432,320H400a16,16,0,0,0-16,16V448H64V128H208a16,16,0,0,0,16-16V80a16,16,0,0,0-16-16H48A48,48,0,0,0,0,112V464a48,48,0,0,0,48,48H400a48,48,0,0,0,48-48V336A16,16,0,0,0,432,320ZM488,0h-128c-21.37,0-32.05,25.91-17,41l35.73,35.73L135,320.37a24,24,0,0,0,0,34L157.67,377a24,24,0,0,0,34,0L435.28,133.32,471,169c15,15,41,4.5,41-17V24A24,24,0,0,0,488,0Z\"><\/path><\/svg>\t\t\t\t\t\t<\/span>\n\t\t\t\t\t\t\t\t\t\t<span class=\"elementor-icon-list-text\">Site de l'Udem<\/span>\n\t\t\t\t\t\t\t\t\t\t\t<\/a>\n\t\t\t\t\t\t\t\t\t<\/li>\n\t\t\t\t\t\t<\/ul>\n\t\t\t\t\t\t<\/div>\n\t\t\t\t\t<\/div>\n\t\t<\/div>\n\t\t\t\t<div class=\"elementor-column elementor-col-50 elementor-inner-column elementor-element elementor-element-436d4c31\" data-id=\"436d4c31\" data-element_type=\"column\" data-e-type=\"column\">\n\t\t\t<div class=\"elementor-widget-wrap elementor-element-populated\">\n\t\t\t\t\t\t<div class=\"elementor-element elementor-element-7dd49f03 elementor-widget elementor-widget-image\" data-id=\"7dd49f03\" data-element_type=\"widget\" data-e-type=\"widget\" data-widget_type=\"image.default\">\n\t\t\t\t\t\t\t\t\t\t\t\t\t\t\t<img loading=\"lazy\" decoding=\"async\" width=\"702\" height=\"468\" src=\"https:\/\/immigrantquebec.com\/fr\/wp-content\/uploads\/2025\/02\/16-shutterstock_115915477-950.jpg\" class=\"attachment-large size-large wp-image-17314\" alt=\"\" srcset=\"https:\/\/immigrantquebec.com\/fr\/wp-content\/uploads\/2025\/02\/16-shutterstock_115915477-950.jpg 950w, https:\/\/immigrantquebec.com\/fr\/wp-content\/uploads\/2025\/02\/16-shutterstock_115915477-950-300x200.jpg 300w, https:\/\/immigrantquebec.com\/fr\/wp-content\/uploads\/2025\/02\/16-shutterstock_115915477-950-768x512.jpg 768w\" sizes=\"(max-width: 702px) 100vw, 702px\" \/>\t\t\t\t\t\t\t\t\t\t\t\t\t\t\t<\/div>\n\t\t\t\t\t<\/div>\n\t\t<\/div>\n\t\t\t\t\t<\/div>\n\t\t<\/section>\n\t\t\t\t\t<\/div>\n\t\t<\/div>\n\t\t\t\t\t<\/div>\n\t\t<\/section>\n\t\t\t\t<section class=\"elementor-section elementor-top-section elementor-element elementor-element-7553bace elementor-section-boxed elementor-section-height-default elementor-section-height-default\" data-id=\"7553bace\" data-element_type=\"section\" data-e-type=\"section\" id=\"bdi-federal\" data-settings=\"{&quot;background_background&quot;:&quot;classic&quot;,&quot;shape_divider_top&quot;:&quot;wave-brush&quot;}\">\n\t\t\t\t\t<div class=\"elementor-shape elementor-shape-top\" aria-hidden=\"true\" data-negative=\"false\">\n\t\t\t<svg xmlns=\"http:\/\/www.w3.org\/2000\/svg\" viewBox=\"0 0 283.5 27.8\" preserveAspectRatio=\"none\">\n\t<path class=\"elementor-shape-fill\" d=\"M283.5,9.7c0,0-7.3,4.3-14,4.6c-6.8,0.3-12.6,0-20.9-1.5c-11.3-2-33.1-10.1-44.7-5.7\ts-12.1,4.6-18,7.4c-6.6,3.2-20,9.6-36.6,9.3C131.6,23.5,99.5,7.2,86.3,8c-1.4,0.1-6.6,0.8-10.5,2c-3.8,1.2-9.4,3.8-17,4.7\tc-3.2,0.4-8.3,1.1-14.2,0.9c-1.5-0.1-6.3-0.4-12-1.6c-5.7-1.2-11-3.1-15.8-3.7C6.5,9.2,0,10.8,0,10.8V0h283.5V9.7z M260.8,11.3\tc-0.7-1-2-0.4-4.3-0.4c-2.3,0-6.1-1.2-5.8-1.1c0.3,0.1,3.1,1.5,6,1.9C259.7,12.2,261.4,12.3,260.8,11.3z M242.4,8.6\tc0,0-2.4-0.2-5.6-0.9c-3.2-0.8-10.3-2.8-15.1-3.5c-8.2-1.1-15.8,0-15.1,0.1c0.8,0.1,9.6-0.6,17.6,1.1c3.3,0.7,9.3,2.2,12.4,2.7\tC239.9,8.7,242.4,8.6,242.4,8.6z M185.2,8.5c1.7-0.7-13.3,4.7-18.5,6.1c-2.1,0.6-6.2,1.6-10,2c-3.9,0.4-8.9,0.4-8.8,0.5\tc0,0.2,5.8,0.8,11.2,0c5.4-0.8,5.2-1.1,7.6-1.6C170.5,14.7,183.5,9.2,185.2,8.5z M199.1,6.9c0.2,0-0.8-0.4-4.8,1.1\tc-4,1.5-6.7,3.5-6.9,3.7c-0.2,0.1,3.5-1.8,6.6-3C197,7.5,199,6.9,199.1,6.9z M283,6c-0.1,0.1-1.9,1.1-4.8,2.5s-6.9,2.8-6.7,2.7\tc0.2,0,3.5-0.6,7.4-2.5C282.8,6.8,283.1,5.9,283,6z M31.3,11.6c0.1-0.2-1.9-0.2-4.5-1.2s-5.4-1.6-7.8-2C15,7.6,7.3,8.5,7.7,8.6\tC8,8.7,15.9,8.3,20.2,9.3c2.2,0.5,2.4,0.5,5.7,1.6S31.2,11.9,31.3,11.6z M73,9.2c0.4-0.1,3.5-1.6,8.4-2.6c4.9-1.1,8.9-0.5,8.9-0.8\tc0-0.3-1-0.9-6.2-0.3S72.6,9.3,73,9.2z M71.6,6.7C71.8,6.8,75,5.4,77.3,5c2.3-0.3,1.9-0.5,1.9-0.6c0-0.1-1.1-0.2-2.7,0.2\tC74.8,5.1,71.4,6.6,71.6,6.7z M93.6,4.4c0.1,0.2,3.5,0.8,5.6,1.8c2.1,1,1.8,0.6,1.9,0.5c0.1-0.1-0.8-0.8-2.4-1.3\tC97.1,4.8,93.5,4.2,93.6,4.4z M65.4,11.1c-0.1,0.3,0.3,0.5,1.9-0.2s2.6-1.3,2.2-1.2s-0.9,0.4-2.5,0.8C65.3,10.9,65.5,10.8,65.4,11.1\tz M34.5,12.4c-0.2,0,2.1,0.8,3.3,0.9c1.2,0.1,2,0.1,2-0.2c0-0.3-0.1-0.5-1.6-0.4C36.6,12.8,34.7,12.4,34.5,12.4z M152.2,21.1\tc-0.1,0.1-2.4-0.3-7.5-0.3c-5,0-13.6-2.4-17.2-3.5c-3.6-1.1,10,3.9,16.5,4.1C150.5,21.6,152.3,21,152.2,21.1z\"\/>\n\t<path class=\"elementor-shape-fill\" d=\"M269.6,18c-0.1-0.1-4.6,0.3-7.2,0c-7.3-0.7-17-3.2-16.6-2.9c0.4,0.3,13.7,3.1,17,3.3\tC267.7,18.8,269.7,18,269.6,18z\"\/>\n\t<path class=\"elementor-shape-fill\" d=\"M227.4,9.8c-0.2-0.1-4.5-1-9.5-1.2c-5-0.2-12.7,0.6-12.3,0.5c0.3-0.1,5.9-1.8,13.3-1.2\tS227.6,9.9,227.4,9.8z\"\/>\n\t<path class=\"elementor-shape-fill\" d=\"M204.5,13.4c-0.1-0.1,2-1,3.2-1.1c1.2-0.1,2,0,2,0.3c0,0.3-0.1,0.5-1.6,0.4\tC206.4,12.9,204.6,13.5,204.5,13.4z\"\/>\n\t<path class=\"elementor-shape-fill\" d=\"M201,10.6c0-0.1-4.4,1.2-6.3,2.2c-1.9,0.9-6.2,3.1-6.1,3.1c0.1,0.1,4.2-1.6,6.3-2.6\tS201,10.7,201,10.6z\"\/>\n\t<path class=\"elementor-shape-fill\" d=\"M154.5,26.7c-0.1-0.1-4.6,0.3-7.2,0c-7.3-0.7-17-3.2-16.6-2.9c0.4,0.3,13.7,3.1,17,3.3\tC152.6,27.5,154.6,26.8,154.5,26.7z\"\/>\n\t<path class=\"elementor-shape-fill\" d=\"M41.9,19.3c0,0,1.2-0.3,2.9-0.1c1.7,0.2,5.8,0.9,8.2,0.7c4.2-0.4,7.4-2.7,7-2.6\tc-0.4,0-4.3,2.2-8.6,1.9c-1.8-0.1-5.1-0.5-6.7-0.4S41.9,19.3,41.9,19.3z\"\/>\n\t<path class=\"elementor-shape-fill\" d=\"M75.5,12.6c0.2,0.1,2-0.8,4.3-1.1c2.3-0.2,2.1-0.3,2.1-0.5c0-0.1-1.8-0.4-3.4,0\tC76.9,11.5,75.3,12.5,75.5,12.6z\"\/>\n\t<path class=\"elementor-shape-fill\" d=\"M15.6,13.2c0-0.1,4.3,0,6.7,0.5c2.4,0.5,5,1.9,5,2c0,0.1-2.7-0.8-5.1-1.4\tC19.9,13.7,15.7,13.3,15.6,13.2z\"\/>\n<\/svg>\t\t<\/div>\n\t\t\t\t\t<div class=\"elementor-container elementor-column-gap-default\">\n\t\t\t\t\t<div class=\"elementor-column elementor-col-100 elementor-top-column elementor-element elementor-element-49b7ffe0\" data-id=\"49b7ffe0\" data-element_type=\"column\" data-e-type=\"column\">\n\t\t\t<div class=\"elementor-widget-wrap elementor-element-populated\">\n\t\t\t\t\t\t<section class=\"elementor-section elementor-inner-section elementor-element elementor-element-4e5304fa elementor-section-full_width elementor-section-height-default elementor-section-height-default\" data-id=\"4e5304fa\" data-element_type=\"section\" data-e-type=\"section\">\n\t\t\t\t\t\t<div class=\"elementor-container elementor-column-gap-no\">\n\t\t\t\t\t<div class=\"elementor-column elementor-col-100 elementor-inner-column elementor-element elementor-element-563f94c7\" data-id=\"563f94c7\" data-element_type=\"column\" data-e-type=\"column\">\n\t\t\t<div class=\"elementor-widget-wrap elementor-element-populated\">\n\t\t\t\t\t\t<div class=\"elementor-element elementor-element-3dad6dbd elementor-widget elementor-widget-heading\" data-id=\"3dad6dbd\" data-element_type=\"widget\" data-e-type=\"widget\" data-widget_type=\"heading.default\">\n\t\t\t\t\t<h2 class=\"elementor-heading-title elementor-size-default\">F\u00c9D\u00c9RAL<\/h2>\t\t\t\t<\/div>\n\t\t\t\t<div class=\"elementor-element elementor-element-818a538 elementor-position-inline-start elementor-view-stacked elementor-shape-circle elementor-mobile-position-block-start elementor-widget elementor-widget-icon-box\" data-id=\"818a538\" data-element_type=\"widget\" data-e-type=\"widget\" id=\"bdi-titre-fed-1\" data-widget_type=\"icon-box.default\">\n\t\t\t\t\t\t\t<div class=\"elementor-icon-box-wrapper\">\n\n\t\t\t\t\t\t<div class=\"elementor-icon-box-icon\">\n\t\t\t\t<span  class=\"elementor-icon\">\n\t\t\t\t<svg aria-hidden=\"true\" class=\"e-font-icon-svg e-fas-angle-double-right\" viewBox=\"0 0 448 512\" xmlns=\"http:\/\/www.w3.org\/2000\/svg\"><path d=\"M224.3 273l-136 136c-9.4 9.4-24.6 9.4-33.9 0l-22.6-22.6c-9.4-9.4-9.4-24.6 0-33.9l96.4-96.4-96.4-96.4c-9.4-9.4-9.4-24.6 0-33.9L54.3 103c9.4-9.4 24.6-9.4 33.9 0l136 136c9.5 9.4 9.5 24.6.1 34zm192-34l-136-136c-9.4-9.4-24.6-9.4-33.9 0l-22.6 22.6c-9.4 9.4-9.4 24.6 0 33.9l96.4 96.4-96.4 96.4c-9.4 9.4-9.4 24.6 0 33.9l22.6 22.6c9.4 9.4 24.6 9.4 33.9 0l136-136c9.4-9.2 9.4-24.4 0-33.8z\"><\/path><\/svg>\t\t\t\t<\/span>\n\t\t\t<\/div>\n\t\t\t\n\t\t\t\t\t\t<div class=\"elementor-icon-box-content\">\n\n\t\t\t\t\t\t\t\t\t<h3 class=\"elementor-icon-box-title\">\n\t\t\t\t\t\t<span  >\n\t\t\t\t\t\t\tDes autorisations de voyage demand\u00e9es aux Canadiens pour voyager au Royaume-Uni et en Europe\t\t\t\t\t\t<\/span>\n\t\t\t\t\t<\/h3>\n\t\t\t\t\n\t\t\t\t\t\t\t\t\t<p class=\"elementor-icon-box-description\">\n\t\t\t\t\t\tDes changements sont \u00e0 pr\u00e9voir en 2025 pour voyager au Royaume-Uni et dans l'espace Schengen.\t\t\t\t\t<\/p>\n\t\t\t\t\n\t\t\t<\/div>\n\t\t\t\n\t\t<\/div>\n\t\t\t\t\t\t<\/div>\n\t\t\t\t<div class=\"elementor-element elementor-element-337280d0 elementor-widget elementor-widget-image\" data-id=\"337280d0\" data-element_type=\"widget\" data-e-type=\"widget\" data-widget_type=\"image.default\">\n\t\t\t\t\t\t\t\t\t\t\t\t\t\t\t<img loading=\"lazy\" decoding=\"async\" width=\"950\" height=\"400\" src=\"https:\/\/immigrantquebec.com\/fr\/wp-content\/uploads\/2025\/02\/15-nick-fewings-_dYoARMMtQw-unsplash-950-c.jpg\" class=\"attachment-full size-full wp-image-17315\" alt=\"\" srcset=\"https:\/\/immigrantquebec.com\/fr\/wp-content\/uploads\/2025\/02\/15-nick-fewings-_dYoARMMtQw-unsplash-950-c.jpg 950w, https:\/\/immigrantquebec.com\/fr\/wp-content\/uploads\/2025\/02\/15-nick-fewings-_dYoARMMtQw-unsplash-950-c-300x126.jpg 300w, https:\/\/immigrantquebec.com\/fr\/wp-content\/uploads\/2025\/02\/15-nick-fewings-_dYoARMMtQw-unsplash-950-c-768x323.jpg 768w\" sizes=\"(max-width: 950px) 100vw, 950px\" \/>\t\t\t\t\t\t\t\t\t\t\t\t\t\t\t<\/div>\n\t\t\t\t\t<\/div>\n\t\t<\/div>\n\t\t\t\t\t<\/div>\n\t\t<\/section>\n\t\t\t\t<section class=\"elementor-section elementor-inner-section elementor-element elementor-element-6a7598fe elementor-section-boxed elementor-section-height-default elementor-section-height-default\" data-id=\"6a7598fe\" data-element_type=\"section\" data-e-type=\"section\">\n\t\t\t\t\t\t<div class=\"elementor-container elementor-column-gap-default\">\n\t\t\t\t\t<div class=\"elementor-column elementor-col-50 elementor-inner-column elementor-element elementor-element-54ed468d\" data-id=\"54ed468d\" data-element_type=\"column\" data-e-type=\"column\">\n\t\t\t<div class=\"elementor-widget-wrap elementor-element-populated\">\n\t\t\t\t\t\t<div class=\"elementor-element elementor-element-2b4111cc elementor-widget elementor-widget-text-editor\" data-id=\"2b4111cc\" data-element_type=\"widget\" data-e-type=\"widget\" data-widget_type=\"text-editor.default\">\n\t\t\t\t\t\t\t\t\t<p style=\"font-weight: 400;\">Depuis le 8\u00a0janvier 2025, les citoyens canadiens doivent poss\u00e9der une autorisation de voyage \u00e9lectronique (ETA) pour entrer ou transiter au Royaume-Uni. Il faut pr\u00e9senter sa demande au moins trois jours avant le d\u00e9part, en ligne. L\u2019ETA est valable deux ans.<\/p><p style=\"font-weight: 400;\">L\u2019ETA sera obligatoire \u00e0 compter du 2 avril 2025.<\/p><p style=\"font-weight: 400;\">De plus, les Canadiens devront d\u00e9sormais obtenir l\u2019ETIAS pour entrer sans visa \u00e0 Chypre ou dans l\u2019espace Schengen. Cela concerne les visites de tourisme et d\u2019affaires et le transit. Les autres motifs obligent \u00e0 demander un visa, m\u00eame pour un court s\u00e9jour. Pour un s\u00e9jour de plus de trois mois, il faudra demander un visa. Sont soumises \u00e0 cette obligation les personnes qui n\u2019ont pas la nationalit\u00e9 d\u2019un \u00c9tat europ\u00e9enne.<\/p><p style=\"font-weight: 400;\"><span style=\"font-weight: 400;\">L\u2019ETIAS est un programme d\u2019exemption de visa cr\u00e9\u00e9 pour renforcer les fronti\u00e8res de l\u2019Europe, qui entrera en op\u00e9ration d\u00e8s le mois de mai 2025.<\/span><\/p>\t\t\t\t\t\t\t\t<\/div>\n\t\t\t\t\t<\/div>\n\t\t<\/div>\n\t\t\t\t<div class=\"elementor-column elementor-col-50 elementor-inner-column elementor-element elementor-element-383b606b\" data-id=\"383b606b\" data-element_type=\"column\" data-e-type=\"column\" data-settings=\"{&quot;background_background&quot;:&quot;classic&quot;}\">\n\t\t\t<div class=\"elementor-widget-wrap elementor-element-populated\">\n\t\t\t\t\t\t<div class=\"elementor-element elementor-element-5d6b7b1a elementor-widget-divider--view-line elementor-widget elementor-widget-divider\" data-id=\"5d6b7b1a\" data-element_type=\"widget\" data-e-type=\"widget\" data-widget_type=\"divider.default\">\n\t\t\t\t\t\t\t<div class=\"elementor-divider\">\n\t\t\t<span class=\"elementor-divider-separator\">\n\t\t\t\t\t\t<\/span>\n\t\t<\/div>\n\t\t\t\t\t\t<\/div>\n\t\t\t\t<div class=\"elementor-element elementor-element-73aeb57d elementor-widget elementor-widget-text-editor\" data-id=\"73aeb57d\" data-element_type=\"widget\" data-e-type=\"widget\" data-widget_type=\"text-editor.default\">\n\t\t\t\t\t\t\t\t\t<div><span>Les ressortissants de l\u2019Union europ\u00e9enne qui r\u00e9sident au Canada sans avoir la citoyennet\u00e9 canadienne peuvent pr\u00e9senter leur demande depuis le 5 janvier 2025 pour \u00eatre autoris\u00e9s \u00e0 voyager au Royaume-Uni.<\/span><\/div>\t\t\t\t\t\t\t\t<\/div>\n\t\t\t\t\t<\/div>\n\t\t<\/div>\n\t\t\t\t\t<\/div>\n\t\t<\/section>\n\t\t\t\t<section class=\"elementor-section elementor-inner-section elementor-element elementor-element-40ee3360 elementor-section-boxed elementor-section-height-default elementor-section-height-default\" data-id=\"40ee3360\" data-element_type=\"section\" data-e-type=\"section\">\n\t\t\t\t\t\t<div class=\"elementor-container elementor-column-gap-default\">\n\t\t\t\t\t<div class=\"elementor-column elementor-col-100 elementor-inner-column elementor-element elementor-element-4cde318\" data-id=\"4cde318\" data-element_type=\"column\" data-e-type=\"column\">\n\t\t\t<div class=\"elementor-widget-wrap elementor-element-populated\">\n\t\t\t\t\t\t<div class=\"elementor-element elementor-element-94ba3a6 elementor-icon-list--layout-traditional elementor-list-item-link-full_width elementor-widget elementor-widget-icon-list\" data-id=\"94ba3a6\" data-element_type=\"widget\" data-e-type=\"widget\" data-widget_type=\"icon-list.default\">\n\t\t\t\t\t\t\t<ul class=\"elementor-icon-list-items\">\n\t\t\t\t\t\t\t<li class=\"elementor-icon-list-item\">\n\t\t\t\t\t\t\t\t\t\t\t<a href=\"https:\/\/www.gov.uk\/guidance\/check-when-you-can-get-an-electronic-travel-authorisation-eta\">\n\n\t\t\t\t\t\t\t\t\t\t\t\t<span class=\"elementor-icon-list-icon\">\n\t\t\t\t\t\t\t<svg aria-hidden=\"true\" class=\"e-font-icon-svg e-fas-external-link-alt\" viewBox=\"0 0 512 512\" xmlns=\"http:\/\/www.w3.org\/2000\/svg\"><path d=\"M432,320H400a16,16,0,0,0-16,16V448H64V128H208a16,16,0,0,0,16-16V80a16,16,0,0,0-16-16H48A48,48,0,0,0,0,112V464a48,48,0,0,0,48,48H400a48,48,0,0,0,48-48V336A16,16,0,0,0,432,320ZM488,0h-128c-21.37,0-32.05,25.91-17,41l35.73,35.73L135,320.37a24,24,0,0,0,0,34L157.67,377a24,24,0,0,0,34,0L435.28,133.32,471,169c15,15,41,4.5,41-17V24A24,24,0,0,0,488,0Z\"><\/path><\/svg>\t\t\t\t\t\t<\/span>\n\t\t\t\t\t\t\t\t\t\t<span class=\"elementor-icon-list-text\">V\u00e9rifier quand vous pouvez pr\u00e9senter une demande d'ETA<\/span>\n\t\t\t\t\t\t\t\t\t\t\t<\/a>\n\t\t\t\t\t\t\t\t\t<\/li>\n\t\t\t\t\t\t<\/ul>\n\t\t\t\t\t\t<\/div>\n\t\t\t\t<div class=\"elementor-element elementor-element-2901ee99 elementor-icon-list--layout-traditional elementor-list-item-link-full_width elementor-widget elementor-widget-icon-list\" data-id=\"2901ee99\" data-element_type=\"widget\" data-e-type=\"widget\" data-widget_type=\"icon-list.default\">\n\t\t\t\t\t\t\t<ul class=\"elementor-icon-list-items\">\n\t\t\t\t\t\t\t<li class=\"elementor-icon-list-item\">\n\t\t\t\t\t\t\t\t\t\t\t<a href=\"https:\/\/www.gov.uk\/guidance\/apply-for-an-electronic-travel-authorisation-eta\">\n\n\t\t\t\t\t\t\t\t\t\t\t\t<span class=\"elementor-icon-list-icon\">\n\t\t\t\t\t\t\t<svg aria-hidden=\"true\" class=\"e-font-icon-svg e-fas-external-link-alt\" viewBox=\"0 0 512 512\" xmlns=\"http:\/\/www.w3.org\/2000\/svg\"><path d=\"M432,320H400a16,16,0,0,0-16,16V448H64V128H208a16,16,0,0,0,16-16V80a16,16,0,0,0-16-16H48A48,48,0,0,0,0,112V464a48,48,0,0,0,48,48H400a48,48,0,0,0,48-48V336A16,16,0,0,0,432,320ZM488,0h-128c-21.37,0-32.05,25.91-17,41l35.73,35.73L135,320.37a24,24,0,0,0,0,34L157.67,377a24,24,0,0,0,34,0L435.28,133.32,471,169c15,15,41,4.5,41-17V24A24,24,0,0,0,488,0Z\"><\/path><\/svg>\t\t\t\t\t\t<\/span>\n\t\t\t\t\t\t\t\t\t\t<span class=\"elementor-icon-list-text\">Obtenez une ETA<\/span>\n\t\t\t\t\t\t\t\t\t\t\t<\/a>\n\t\t\t\t\t\t\t\t\t<\/li>\n\t\t\t\t\t\t<\/ul>\n\t\t\t\t\t\t<\/div>\n\t\t\t\t<div class=\"elementor-element elementor-element-723e8832 elementor-icon-list--layout-traditional elementor-list-item-link-full_width elementor-widget elementor-widget-icon-list\" data-id=\"723e8832\" data-element_type=\"widget\" data-e-type=\"widget\" data-widget_type=\"icon-list.default\">\n\t\t\t\t\t\t\t<ul class=\"elementor-icon-list-items\">\n\t\t\t\t\t\t\t<li class=\"elementor-icon-list-item\">\n\t\t\t\t\t\t\t\t\t\t\t<a href=\"https:\/\/www.etias.ca\/fr\">\n\n\t\t\t\t\t\t\t\t\t\t\t\t<span class=\"elementor-icon-list-icon\">\n\t\t\t\t\t\t\t<svg aria-hidden=\"true\" class=\"e-font-icon-svg e-fas-external-link-alt\" viewBox=\"0 0 512 512\" xmlns=\"http:\/\/www.w3.org\/2000\/svg\"><path d=\"M432,320H400a16,16,0,0,0-16,16V448H64V128H208a16,16,0,0,0,16-16V80a16,16,0,0,0-16-16H48A48,48,0,0,0,0,112V464a48,48,0,0,0,48,48H400a48,48,0,0,0,48-48V336A16,16,0,0,0,432,320ZM488,0h-128c-21.37,0-32.05,25.91-17,41l35.73,35.73L135,320.37a24,24,0,0,0,0,34L157.67,377a24,24,0,0,0,34,0L435.28,133.32,471,169c15,15,41,4.5,41-17V24A24,24,0,0,0,488,0Z\"><\/path><\/svg>\t\t\t\t\t\t<\/span>\n\t\t\t\t\t\t\t\t\t\t<span class=\"elementor-icon-list-text\">Informations concernant l'ETIAS<\/span>\n\t\t\t\t\t\t\t\t\t\t\t<\/a>\n\t\t\t\t\t\t\t\t\t<\/li>\n\t\t\t\t\t\t<\/ul>\n\t\t\t\t\t\t<\/div>\n\t\t\t\t\t<\/div>\n\t\t<\/div>\n\t\t\t\t\t<\/div>\n\t\t<\/section>\n\t\t\t\t<section class=\"elementor-section elementor-inner-section elementor-element elementor-element-21b4ca21 elementor-section-full_width elementor-section-height-default elementor-section-height-default\" data-id=\"21b4ca21\" data-element_type=\"section\" data-e-type=\"section\">\n\t\t\t\t\t\t<div class=\"elementor-container elementor-column-gap-no\">\n\t\t\t\t\t<div class=\"elementor-column elementor-col-100 elementor-inner-column elementor-element elementor-element-33ce54b8\" data-id=\"33ce54b8\" data-element_type=\"column\" data-e-type=\"column\">\n\t\t\t<div class=\"elementor-widget-wrap elementor-element-populated\">\n\t\t\t\t\t\t<div class=\"elementor-element elementor-element-a40badb elementor-widget-divider--view-line elementor-widget elementor-widget-divider\" data-id=\"a40badb\" data-element_type=\"widget\" data-e-type=\"widget\" data-widget_type=\"divider.default\">\n\t\t\t\t\t\t\t<div class=\"elementor-divider\">\n\t\t\t<span class=\"elementor-divider-separator\">\n\t\t\t\t\t\t<\/span>\n\t\t<\/div>\n\t\t\t\t\t\t<\/div>\n\t\t\t\t<div class=\"elementor-element elementor-element-8ee748 elementor-position-inline-start elementor-view-stacked elementor-shape-circle elementor-mobile-position-block-start elementor-widget elementor-widget-icon-box\" data-id=\"8ee748\" data-element_type=\"widget\" data-e-type=\"widget\" id=\"bdi-titre-fed-2\" data-widget_type=\"icon-box.default\">\n\t\t\t\t\t\t\t<div class=\"elementor-icon-box-wrapper\">\n\n\t\t\t\t\t\t<div class=\"elementor-icon-box-icon\">\n\t\t\t\t<span  class=\"elementor-icon\">\n\t\t\t\t<svg aria-hidden=\"true\" class=\"e-font-icon-svg e-fas-angle-double-right\" viewBox=\"0 0 448 512\" xmlns=\"http:\/\/www.w3.org\/2000\/svg\"><path d=\"M224.3 273l-136 136c-9.4 9.4-24.6 9.4-33.9 0l-22.6-22.6c-9.4-9.4-9.4-24.6 0-33.9l96.4-96.4-96.4-96.4c-9.4-9.4-9.4-24.6 0-33.9L54.3 103c9.4-9.4 24.6-9.4 33.9 0l136 136c9.5 9.4 9.5 24.6.1 34zm192-34l-136-136c-9.4-9.4-24.6-9.4-33.9 0l-22.6 22.6c-9.4 9.4-9.4 24.6 0 33.9l96.4 96.4-96.4 96.4c-9.4 9.4-9.4 24.6 0 33.9l22.6 22.6c9.4 9.4 24.6 9.4 33.9 0l136-136c9.4-9.2 9.4-24.4 0-33.8z\"><\/path><\/svg>\t\t\t\t<\/span>\n\t\t\t<\/div>\n\t\t\t\n\t\t\t\t\t\t<div class=\"elementor-icon-box-content\">\n\n\t\t\t\t\t\t\t\t\t<h3 class=\"elementor-icon-box-title\">\n\t\t\t\t\t\t<span  >\n\t\t\t\t\t\t\tLe Programme pilote sur l\u2019agroalimentaire est plafonn\u00e9 en 2025\t\t\t\t\t\t<\/span>\n\t\t\t\t\t<\/h3>\n\t\t\t\t\n\t\t\t\t\t\t\t\t\t<p class=\"elementor-icon-box-description\">\n\t\t\t\t\t\tIRCC a d\u00e9cid\u00e9 d\u2019imposer un plafond au Programme pilote sur l\u2019agroalimentaire en raison de sa forte popularit\u00e9.\t\t\t\t\t<\/p>\n\t\t\t\t\n\t\t\t<\/div>\n\t\t\t\n\t\t<\/div>\n\t\t\t\t\t\t<\/div>\n\t\t\t\t<div class=\"elementor-element elementor-element-64c2b330 elementor-widget elementor-widget-image\" data-id=\"64c2b330\" data-element_type=\"widget\" data-e-type=\"widget\" data-widget_type=\"image.default\">\n\t\t\t\t\t\t\t\t\t\t\t\t\t\t\t<img loading=\"lazy\" decoding=\"async\" width=\"950\" height=\"400\" src=\"https:\/\/immigrantquebec.com\/fr\/wp-content\/uploads\/2025\/02\/6-getty-images-N6MVtmW8NaA-unsplash-950-c.jpg\" class=\"attachment-full size-full wp-image-17316\" alt=\"\" srcset=\"https:\/\/immigrantquebec.com\/fr\/wp-content\/uploads\/2025\/02\/6-getty-images-N6MVtmW8NaA-unsplash-950-c.jpg 950w, https:\/\/immigrantquebec.com\/fr\/wp-content\/uploads\/2025\/02\/6-getty-images-N6MVtmW8NaA-unsplash-950-c-300x126.jpg 300w, https:\/\/immigrantquebec.com\/fr\/wp-content\/uploads\/2025\/02\/6-getty-images-N6MVtmW8NaA-unsplash-950-c-768x323.jpg 768w\" sizes=\"(max-width: 950px) 100vw, 950px\" \/>\t\t\t\t\t\t\t\t\t\t\t\t\t\t\t<\/div>\n\t\t\t\t\t<\/div>\n\t\t<\/div>\n\t\t\t\t\t<\/div>\n\t\t<\/section>\n\t\t\t\t<section class=\"elementor-section elementor-inner-section elementor-element elementor-element-5fde8875 elementor-section-boxed elementor-section-height-default elementor-section-height-default\" data-id=\"5fde8875\" data-element_type=\"section\" data-e-type=\"section\">\n\t\t\t\t\t\t<div class=\"elementor-container elementor-column-gap-default\">\n\t\t\t\t\t<div class=\"elementor-column elementor-col-100 elementor-inner-column elementor-element elementor-element-7642884e\" data-id=\"7642884e\" data-element_type=\"column\" data-e-type=\"column\">\n\t\t\t<div class=\"elementor-widget-wrap elementor-element-populated\">\n\t\t\t\t\t\t<div class=\"elementor-element elementor-element-4715f231 elementor-widget elementor-widget-text-editor\" data-id=\"4715f231\" data-element_type=\"widget\" data-e-type=\"widget\" data-widget_type=\"text-editor.default\">\n\t\t\t\t\t\t\t\t\t<p style=\"font-weight: 400;\">Ainsi, le nombre de demandes de r\u00e9sidence permanente accept\u00e9es sera de 1\u2009010\u00a0places au maximum en 2025. Les demandes peuvent \u00eatre pr\u00e9sent\u00e9es jusqu\u2019au 14\u00a0mai 2025, mais si ce plafond est atteint avant, le programme sera ferm\u00e9 pour l\u2019ann\u00e9e.<\/p><p style=\"font-weight: 400;\"><\/p><p style=\"font-weight: 400;\">Derri\u00e8re cette d\u00e9cision, le fait que le nombre de demandes exc\u00e9dait le nombre de places pr\u00e9vues dans le Plan des niveaux d\u2019immigration\u00a02025-2027.<\/p><p style=\"font-weight: 400;\"><\/p><p style=\"font-weight: 400;\"><span style=\"font-weight: 400;\">Le programme a \u00e9t\u00e9 instaur\u00e9 en 2020 et devrait se terminer cette ann\u00e9e.<\/span><\/p>\t\t\t\t\t\t\t\t<\/div>\n\t\t\t\t<div class=\"elementor-element elementor-element-1570e4cc elementor-icon-list--layout-traditional elementor-list-item-link-full_width elementor-widget elementor-widget-icon-list\" data-id=\"1570e4cc\" data-element_type=\"widget\" data-e-type=\"widget\" data-widget_type=\"icon-list.default\">\n\t\t\t\t\t\t\t<ul class=\"elementor-icon-list-items\">\n\t\t\t\t\t\t\t<li class=\"elementor-icon-list-item\">\n\t\t\t\t\t\t\t\t\t\t\t<a href=\"https:\/\/www.canada.ca\/fr\/immigration-refugies-citoyennete\/nouvelles\/avis\/plafond-pour-demandes-programme-pilote-agroalimentaire-2025.html\">\n\n\t\t\t\t\t\t\t\t\t\t\t\t<span class=\"elementor-icon-list-icon\">\n\t\t\t\t\t\t\t<svg aria-hidden=\"true\" class=\"e-font-icon-svg e-fas-external-link-alt\" viewBox=\"0 0 512 512\" xmlns=\"http:\/\/www.w3.org\/2000\/svg\"><path d=\"M432,320H400a16,16,0,0,0-16,16V448H64V128H208a16,16,0,0,0,16-16V80a16,16,0,0,0-16-16H48A48,48,0,0,0,0,112V464a48,48,0,0,0,48,48H400a48,48,0,0,0,48-48V336A16,16,0,0,0,432,320ZM488,0h-128c-21.37,0-32.05,25.91-17,41l35.73,35.73L135,320.37a24,24,0,0,0,0,34L157.67,377a24,24,0,0,0,34,0L435.28,133.32,471,169c15,15,41,4.5,41-17V24A24,24,0,0,0,488,0Z\"><\/path><\/svg>\t\t\t\t\t\t<\/span>\n\t\t\t\t\t\t\t\t\t\t<span class=\"elementor-icon-list-text\">Avis d'IRCC<\/span>\n\t\t\t\t\t\t\t\t\t\t\t<\/a>\n\t\t\t\t\t\t\t\t\t<\/li>\n\t\t\t\t\t\t<\/ul>\n\t\t\t\t\t\t<\/div>\n\t\t\t\t\t<\/div>\n\t\t<\/div>\n\t\t\t\t\t<\/div>\n\t\t<\/section>\n\t\t\t\t<div class=\"elementor-element elementor-element-5380052b elementor-widget-divider--view-line elementor-widget elementor-widget-divider\" data-id=\"5380052b\" data-element_type=\"widget\" data-e-type=\"widget\" data-widget_type=\"divider.default\">\n\t\t\t\t\t\t\t<div class=\"elementor-divider\">\n\t\t\t<span class=\"elementor-divider-separator\">\n\t\t\t\t\t\t<\/span>\n\t\t<\/div>\n\t\t\t\t\t\t<\/div>\n\t\t\t\t<div class=\"elementor-element elementor-element-4bf214bc elementor-position-inline-start elementor-view-stacked elementor-shape-circle elementor-mobile-position-block-start elementor-widget elementor-widget-icon-box\" data-id=\"4bf214bc\" data-element_type=\"widget\" data-e-type=\"widget\" id=\"bdi-titre-fed-3\" data-widget_type=\"icon-box.default\">\n\t\t\t\t\t\t\t<div class=\"elementor-icon-box-wrapper\">\n\n\t\t\t\t\t\t<div class=\"elementor-icon-box-icon\">\n\t\t\t\t<span  class=\"elementor-icon\">\n\t\t\t\t<svg aria-hidden=\"true\" class=\"e-font-icon-svg e-fas-angle-double-right\" viewBox=\"0 0 448 512\" xmlns=\"http:\/\/www.w3.org\/2000\/svg\"><path d=\"M224.3 273l-136 136c-9.4 9.4-24.6 9.4-33.9 0l-22.6-22.6c-9.4-9.4-9.4-24.6 0-33.9l96.4-96.4-96.4-96.4c-9.4-9.4-9.4-24.6 0-33.9L54.3 103c9.4-9.4 24.6-9.4 33.9 0l136 136c9.5 9.4 9.5 24.6.1 34zm192-34l-136-136c-9.4-9.4-24.6-9.4-33.9 0l-22.6 22.6c-9.4 9.4-9.4 24.6 0 33.9l96.4 96.4-96.4 96.4c-9.4 9.4-9.4 24.6 0 33.9l22.6 22.6c9.4 9.4 24.6 9.4 33.9 0l136-136c9.4-9.2 9.4-24.4 0-33.8z\"><\/path><\/svg>\t\t\t\t<\/span>\n\t\t\t<\/div>\n\t\t\t\n\t\t\t\t\t\t<div class=\"elementor-icon-box-content\">\n\n\t\t\t\t\t\t\t\t\t<h3 class=\"elementor-icon-box-title\">\n\t\t\t\t\t\t<span  >\n\t\t\t\t\t\t\tLancement de deux programmes pilotes d\u2019immigration\t\t\t\t\t\t<\/span>\n\t\t\t\t\t<\/h3>\n\t\t\t\t\n\t\t\t\t\t\t\t\t\t<p class=\"elementor-icon-box-description\">\n\t\t\t\t\t\tLe 30 janvier 2025 ont \u00e9t\u00e9 annonc\u00e9s deux nouveaux programmes pilotes d\u2019immigration, destin\u00e9s \u00e0 soutenir les communaut\u00e9s rurales francophones en situation minoritaire.\t\t\t\t\t<\/p>\n\t\t\t\t\n\t\t\t<\/div>\n\t\t\t\n\t\t<\/div>\n\t\t\t\t\t\t<\/div>\n\t\t\t\t<section class=\"elementor-section elementor-inner-section elementor-element elementor-element-337e8643 elementor-section-boxed elementor-section-height-default elementor-section-height-default\" data-id=\"337e8643\" data-element_type=\"section\" data-e-type=\"section\">\n\t\t\t\t\t\t<div class=\"elementor-container elementor-column-gap-default\">\n\t\t\t\t\t<div class=\"elementor-column elementor-col-50 elementor-inner-column elementor-element elementor-element-6ebd630a\" data-id=\"6ebd630a\" data-element_type=\"column\" data-e-type=\"column\">\n\t\t\t<div class=\"elementor-widget-wrap elementor-element-populated\">\n\t\t\t\t\t\t<div class=\"elementor-element elementor-element-24fceb13 elementor-widget elementor-widget-image\" data-id=\"24fceb13\" data-element_type=\"widget\" data-e-type=\"widget\" data-widget_type=\"image.default\">\n\t\t\t\t\t\t\t\t\t\t\t\t\t\t\t<img loading=\"lazy\" decoding=\"async\" width=\"702\" height=\"527\" src=\"https:\/\/immigrantquebec.com\/fr\/wp-content\/uploads\/2025\/02\/john-reed-04wiGkb8Jc-unsplash-950.jpg\" class=\"attachment-large size-large wp-image-17331\" alt=\"\" srcset=\"https:\/\/immigrantquebec.com\/fr\/wp-content\/uploads\/2025\/02\/john-reed-04wiGkb8Jc-unsplash-950.jpg 950w, https:\/\/immigrantquebec.com\/fr\/wp-content\/uploads\/2025\/02\/john-reed-04wiGkb8Jc-unsplash-950-266x200.jpg 266w, https:\/\/immigrantquebec.com\/fr\/wp-content\/uploads\/2025\/02\/john-reed-04wiGkb8Jc-unsplash-950-768x576.jpg 768w\" sizes=\"(max-width: 702px) 100vw, 702px\" \/>\t\t\t\t\t\t\t\t\t\t\t\t\t\t\t<\/div>\n\t\t\t\t\t<\/div>\n\t\t<\/div>\n\t\t\t\t<div class=\"elementor-column elementor-col-50 elementor-inner-column elementor-element elementor-element-7f88a137\" data-id=\"7f88a137\" data-element_type=\"column\" data-e-type=\"column\">\n\t\t\t<div class=\"elementor-widget-wrap elementor-element-populated\">\n\t\t\t\t\t\t<div class=\"elementor-element elementor-element-121b4a48 elementor-widget elementor-widget-text-editor\" data-id=\"121b4a48\" data-element_type=\"widget\" data-e-type=\"widget\" data-widget_type=\"text-editor.default\">\n\t\t\t\t\t\t\t\t\t<p style=\"font-weight: 400;\">Le <span>Programme pilote d\u2019immigration dans les communaut\u00e9s rurales et le Programme pilote d\u2019immigration dans les communaut\u00e9s francophones<\/span>, respectivement, offriront ainsi une voie vers la r\u00e9sidence permanente au sein de 18 collectivit\u00e9s :<\/p><ul><li style=\"font-weight: 400;\">du Nouveau-Brunswick (1),<\/li><li style=\"font-weight: 400;\">de Nouvelle-\u00c9cosse (1),<\/li><li style=\"font-weight: 400;\">d\u2019Ontario (8),<\/li><li style=\"font-weight: 400;\">du Manitoba (3),<\/li><li style=\"font-weight: 400;\">de la Saskatchewan (1),<\/li><li style=\"font-weight: 400;\">d\u2019Alberta (1), et<\/li><li style=\"font-weight: 400;\">de Colombie-Britannique (4).<\/li><\/ul>\t\t\t\t\t\t\t\t<\/div>\n\t\t\t\t<div class=\"elementor-element elementor-element-17af342e elementor-icon-list--layout-traditional elementor-list-item-link-full_width elementor-widget elementor-widget-icon-list\" data-id=\"17af342e\" data-element_type=\"widget\" data-e-type=\"widget\" data-widget_type=\"icon-list.default\">\n\t\t\t\t\t\t\t<ul class=\"elementor-icon-list-items\">\n\t\t\t\t\t\t\t<li class=\"elementor-icon-list-item\">\n\t\t\t\t\t\t\t\t\t\t\t<a href=\"https:\/\/www.canada.ca\/fr\/immigration-refugies-citoyennete\/nouvelles\/2025\/01\/le-canada-lance-le-programme-pilote-dimmigration-dans-les-communautes-rurales-et-le-programme-pilote-dimmigration-dans-les-communautes-francophones.html\">\n\n\t\t\t\t\t\t\t\t\t\t\t\t<span class=\"elementor-icon-list-icon\">\n\t\t\t\t\t\t\t<svg aria-hidden=\"true\" class=\"e-font-icon-svg e-fas-external-link-alt\" viewBox=\"0 0 512 512\" xmlns=\"http:\/\/www.w3.org\/2000\/svg\"><path d=\"M432,320H400a16,16,0,0,0-16,16V448H64V128H208a16,16,0,0,0,16-16V80a16,16,0,0,0-16-16H48A48,48,0,0,0,0,112V464a48,48,0,0,0,48,48H400a48,48,0,0,0,48-48V336A16,16,0,0,0,432,320ZM488,0h-128c-21.37,0-32.05,25.91-17,41l35.73,35.73L135,320.37a24,24,0,0,0,0,34L157.67,377a24,24,0,0,0,34,0L435.28,133.32,471,169c15,15,41,4.5,41-17V24A24,24,0,0,0,488,0Z\"><\/path><\/svg>\t\t\t\t\t\t<\/span>\n\t\t\t\t\t\t\t\t\t\t<span class=\"elementor-icon-list-text\">Communiqu\u00e9 d'IRCC<\/span>\n\t\t\t\t\t\t\t\t\t\t\t<\/a>\n\t\t\t\t\t\t\t\t\t<\/li>\n\t\t\t\t\t\t<\/ul>\n\t\t\t\t\t\t<\/div>\n\t\t\t\t\t<\/div>\n\t\t<\/div>\n\t\t\t\t\t<\/div>\n\t\t<\/section>\n\t\t\t\t<div class=\"elementor-element elementor-element-6790decf elementor-widget-divider--view-line elementor-widget elementor-widget-divider\" data-id=\"6790decf\" data-element_type=\"widget\" data-e-type=\"widget\" data-widget_type=\"divider.default\">\n\t\t\t\t\t\t\t<div class=\"elementor-divider\">\n\t\t\t<span class=\"elementor-divider-separator\">\n\t\t\t\t\t\t<\/span>\n\t\t<\/div>\n\t\t\t\t\t\t<\/div>\n\t\t\t\t<section class=\"elementor-section elementor-inner-section elementor-element elementor-element-79a19c1a elementor-section-boxed elementor-section-height-default elementor-section-height-default\" data-id=\"79a19c1a\" data-element_type=\"section\" data-e-type=\"section\">\n\t\t\t\t\t\t<div class=\"elementor-container elementor-column-gap-default\">\n\t\t\t\t\t<div class=\"elementor-column elementor-col-100 elementor-inner-column elementor-element elementor-element-5bf8bdc4\" data-id=\"5bf8bdc4\" data-element_type=\"column\" data-e-type=\"column\">\n\t\t\t<div class=\"elementor-widget-wrap elementor-element-populated\">\n\t\t\t\t\t\t<div class=\"elementor-element elementor-element-7eefb362 elementor-position-inline-start elementor-view-stacked elementor-shape-circle elementor-mobile-position-block-start elementor-widget elementor-widget-icon-box\" data-id=\"7eefb362\" data-element_type=\"widget\" data-e-type=\"widget\" id=\"bdi-titre-fed-4\" data-widget_type=\"icon-box.default\">\n\t\t\t\t\t\t\t<div class=\"elementor-icon-box-wrapper\">\n\n\t\t\t\t\t\t<div class=\"elementor-icon-box-icon\">\n\t\t\t\t<span  class=\"elementor-icon\">\n\t\t\t\t<svg aria-hidden=\"true\" class=\"e-font-icon-svg e-fas-angle-double-right\" viewBox=\"0 0 448 512\" xmlns=\"http:\/\/www.w3.org\/2000\/svg\"><path d=\"M224.3 273l-136 136c-9.4 9.4-24.6 9.4-33.9 0l-22.6-22.6c-9.4-9.4-9.4-24.6 0-33.9l96.4-96.4-96.4-96.4c-9.4-9.4-9.4-24.6 0-33.9L54.3 103c9.4-9.4 24.6-9.4 33.9 0l136 136c9.5 9.4 9.5 24.6.1 34zm192-34l-136-136c-9.4-9.4-24.6-9.4-33.9 0l-22.6 22.6c-9.4 9.4-9.4 24.6 0 33.9l96.4 96.4-96.4 96.4c-9.4 9.4-9.4 24.6 0 33.9l22.6 22.6c9.4 9.4 24.6 9.4 33.9 0l136-136c9.4-9.2 9.4-24.4 0-33.8z\"><\/path><\/svg>\t\t\t\t<\/span>\n\t\t\t<\/div>\n\t\t\t\n\t\t\t\t\t\t<div class=\"elementor-icon-box-content\">\n\n\t\t\t\t\t\t\t\t\t<h3 class=\"elementor-icon-box-title\">\n\t\t\t\t\t\t<span  >\n\t\t\t\t\t\t\tUne aide financi\u00e8re pour les Gazaouis arrivant au Canada\t\t\t\t\t\t<\/span>\n\t\t\t\t\t<\/h3>\n\t\t\t\t\n\t\t\t\t\t\t\t\t\t<p class=\"elementor-icon-box-description\">\n\t\t\t\t\t\tLe 16 janvier 2025, IRCC a annonc\u00e9 que l\u2019aide financi\u00e8re pour les Gazaouis \u00e9tait disponible.\t\t\t\t\t<\/p>\n\t\t\t\t\n\t\t\t<\/div>\n\t\t\t\n\t\t<\/div>\n\t\t\t\t\t\t<\/div>\n\t\t\t\t<div class=\"elementor-element elementor-element-2b8ba189 elementor-widget elementor-widget-text-editor\" data-id=\"2b8ba189\" data-element_type=\"widget\" data-e-type=\"widget\" data-widget_type=\"text-editor.default\">\n\t\t\t\t\t\t\t\t\t<p style=\"font-weight: 400;\"><span>Cette aide transitoire est destin\u00e9e aux Palestiniens arriv\u00e9s au Canada pour leurs besoins essentiels. Ils recevront 3\u2009000\u00a0$ CAN par adulte et 1\u2009500\u00a0$ CAN par d\u00e9p\u00f4t direct sur un compte bancaire canadien.<\/span><\/p><p style=\"font-weight: 400;\"><span>Les frais de demande de visa et de biom\u00e9trie seront rembours\u00e9s pour les personnes ayant pr\u00e9sent\u00e9 une demande au titre des mesures sp\u00e9ciales pour les membres de la famille \u00e9largie \u00e0 Gaza.<\/span><\/p><p style=\"font-weight: 400;\"><span>4\u2009782 demandes ont \u00e9t\u00e9 accept\u00e9es dans ce cadre\u2009; 1\u2009014 sont en attente de traitement et 616 sont arriv\u00e9es au Canada via ce programme.<\/span><\/p>\t\t\t\t\t\t\t\t<\/div>\n\t\t\t\t<div class=\"elementor-element elementor-element-7df051c1 elementor-widget elementor-widget-image\" data-id=\"7df051c1\" data-element_type=\"widget\" data-e-type=\"widget\" data-widget_type=\"image.default\">\n\t\t\t\t\t\t\t\t\t\t\t\t\t\t\t<img decoding=\"async\" src=\"https:\/\/immigrantquebec.com\/fr\/wp-content\/uploads\/elementor\/thumbs\/10-chuttersnap-tzymjuiSqCE-unsplash-950-r10oilt3w2l00rgh83cjgp232ergprhtmbmdbm9fkw.jpg\" title=\"10-chuttersnap-tzymjuiSqCE-unsplash-950.jpg\" alt=\"10-chuttersnap-tzymjuiSqCE-unsplash-950.jpg\" loading=\"lazy\" \/>\t\t\t\t\t\t\t\t\t\t\t\t\t\t\t<\/div>\n\t\t\t\t<div class=\"elementor-element elementor-element-65ef33e9 elementor-widget elementor-widget-text-editor\" data-id=\"65ef33e9\" data-element_type=\"widget\" data-e-type=\"widget\" data-widget_type=\"text-editor.default\">\n\t\t\t\t\t\t\t\t\t<p style=\"font-weight: 400;\"><span>Les premiers concern\u00e9s seront les personnes arriv\u00e9es avant le 31\u00a0mars 2025. IRCC pr\u00e9cise que l\u2019aide financi\u00e8re d\u00e9pendra du soutien des parlementaires du gouvernement qui \u00e9mergera des \u00e9lections f\u00e9d\u00e9rales \u00e0 venir pour les personnes arriv\u00e9es apr\u00e8s le 31\u00a0mars 2025. Chacun peut pr\u00e9senter une <span style=\"text-decoration: underline;\"><a href=\"https:\/\/www.canada.ca\/fr\/immigration-refugies-citoyennete\/nouvelles\/2024\/10\/aide-financiere-a-lintention-des-gazaouis-arrivant-au-canada.html\" target=\"_blank\" rel=\"noopener\">demande en ligne<\/a><\/span>.<\/span><\/p><p style=\"font-weight: 400;\"><span style=\"font-weight: 400;\">Il prendra fin le 22\u00a0avril 2025 ou une fois que 5\u2009000\u00a0demandes auront \u00e9t\u00e9 accept\u00e9es.<\/span><\/p>\t\t\t\t\t\t\t\t<\/div>\n\t\t\t\t<div class=\"elementor-element elementor-element-5800c695 elementor-icon-list--layout-traditional elementor-list-item-link-full_width elementor-widget elementor-widget-icon-list\" data-id=\"5800c695\" data-element_type=\"widget\" data-e-type=\"widget\" data-widget_type=\"icon-list.default\">\n\t\t\t\t\t\t\t<ul class=\"elementor-icon-list-items\">\n\t\t\t\t\t\t\t<li class=\"elementor-icon-list-item\">\n\t\t\t\t\t\t\t\t\t\t\t<a href=\"https:\/\/www.canada.ca\/fr\/immigration-refugies-citoyennete\/nouvelles\/2025\/01\/aide-financiere-disponible-des-maintenant-pour-les-gazaouis-arrivant-au-canada.html\">\n\n\t\t\t\t\t\t\t\t\t\t\t\t<span class=\"elementor-icon-list-icon\">\n\t\t\t\t\t\t\t<svg aria-hidden=\"true\" class=\"e-font-icon-svg e-fas-external-link-alt\" viewBox=\"0 0 512 512\" xmlns=\"http:\/\/www.w3.org\/2000\/svg\"><path d=\"M432,320H400a16,16,0,0,0-16,16V448H64V128H208a16,16,0,0,0,16-16V80a16,16,0,0,0-16-16H48A48,48,0,0,0,0,112V464a48,48,0,0,0,48,48H400a48,48,0,0,0,48-48V336A16,16,0,0,0,432,320ZM488,0h-128c-21.37,0-32.05,25.91-17,41l35.73,35.73L135,320.37a24,24,0,0,0,0,34L157.67,377a24,24,0,0,0,34,0L435.28,133.32,471,169c15,15,41,4.5,41-17V24A24,24,0,0,0,488,0Z\"><\/path><\/svg>\t\t\t\t\t\t<\/span>\n\t\t\t\t\t\t\t\t\t\t<span class=\"elementor-icon-list-text\">Communiqu\u00e9 d'Immigration, R\u00e9fugi\u00e9s et Citoyennet\u00e9 Canada (IRCC)<\/span>\n\t\t\t\t\t\t\t\t\t\t\t<\/a>\n\t\t\t\t\t\t\t\t\t<\/li>\n\t\t\t\t\t\t<\/ul>\n\t\t\t\t\t\t<\/div>\n\t\t\t\t<div class=\"elementor-element elementor-element-72188409 elementor-widget-divider--view-line elementor-widget elementor-widget-divider\" data-id=\"72188409\" data-element_type=\"widget\" data-e-type=\"widget\" data-widget_type=\"divider.default\">\n\t\t\t\t\t\t\t<div class=\"elementor-divider\">\n\t\t\t<span class=\"elementor-divider-separator\">\n\t\t\t\t\t\t<\/span>\n\t\t<\/div>\n\t\t\t\t\t\t<\/div>\n\t\t\t\t\t<\/div>\n\t\t<\/div>\n\t\t\t\t\t<\/div>\n\t\t<\/section>\n\t\t\t\t<div class=\"elementor-element elementor-element-4159fea1 elementor-position-inline-start elementor-view-stacked elementor-shape-circle elementor-mobile-position-block-start elementor-widget elementor-widget-icon-box\" data-id=\"4159fea1\" data-element_type=\"widget\" data-e-type=\"widget\" id=\"bdi-titre-fed-5\" data-widget_type=\"icon-box.default\">\n\t\t\t\t\t\t\t<div class=\"elementor-icon-box-wrapper\">\n\n\t\t\t\t\t\t<div class=\"elementor-icon-box-icon\">\n\t\t\t\t<span  class=\"elementor-icon\">\n\t\t\t\t<svg aria-hidden=\"true\" class=\"e-font-icon-svg e-fas-angle-double-right\" viewBox=\"0 0 448 512\" xmlns=\"http:\/\/www.w3.org\/2000\/svg\"><path d=\"M224.3 273l-136 136c-9.4 9.4-24.6 9.4-33.9 0l-22.6-22.6c-9.4-9.4-9.4-24.6 0-33.9l96.4-96.4-96.4-96.4c-9.4-9.4-9.4-24.6 0-33.9L54.3 103c9.4-9.4 24.6-9.4 33.9 0l136 136c9.5 9.4 9.5 24.6.1 34zm192-34l-136-136c-9.4-9.4-24.6-9.4-33.9 0l-22.6 22.6c-9.4 9.4-9.4 24.6 0 33.9l96.4 96.4-96.4 96.4c-9.4 9.4-9.4 24.6 0 33.9l22.6 22.6c9.4 9.4 24.6 9.4 33.9 0l136-136c9.4-9.2 9.4-24.4 0-33.8z\"><\/path><\/svg>\t\t\t\t<\/span>\n\t\t\t<\/div>\n\t\t\t\n\t\t\t\t\t\t<div class=\"elementor-icon-box-content\">\n\n\t\t\t\t\t\t\t\t\t<h3 class=\"elementor-icon-box-title\">\n\t\t\t\t\t\t<span  >\n\t\t\t\t\t\t\t\u00c9change de donn\u00e9es : Entr\u00e9e en vigueur des modifications \u00e0 l\u2019accord entre le Canada et les \u00c9tats-Unis\t\t\t\t\t\t<\/span>\n\t\t\t\t\t<\/h3>\n\t\t\t\t\n\t\t\t\t\t\t\t\t\t<p class=\"elementor-icon-box-description\">\n\t\t\t\t\t\tLe partage renforc\u00e9 de donn\u00e9es doit permettre, notamment, de renforcer le contr\u00f4le des visiteurs.\t\t\t\t\t<\/p>\n\t\t\t\t\n\t\t\t<\/div>\n\t\t\t\n\t\t<\/div>\n\t\t\t\t\t\t<\/div>\n\t\t\t\t<section class=\"elementor-section elementor-inner-section elementor-element elementor-element-393f04d5 elementor-section-boxed elementor-section-height-default elementor-section-height-default\" data-id=\"393f04d5\" data-element_type=\"section\" data-e-type=\"section\">\n\t\t\t\t\t\t<div class=\"elementor-container elementor-column-gap-default\">\n\t\t\t\t\t<div class=\"elementor-column elementor-col-50 elementor-inner-column elementor-element elementor-element-6e4ae8f8\" data-id=\"6e4ae8f8\" data-element_type=\"column\" data-e-type=\"column\">\n\t\t\t<div class=\"elementor-widget-wrap elementor-element-populated\">\n\t\t\t\t\t\t<div class=\"elementor-element elementor-element-6524f951 elementor-widget elementor-widget-text-editor\" data-id=\"6524f951\" data-element_type=\"widget\" data-e-type=\"widget\" data-widget_type=\"text-editor.default\">\n\t\t\t\t\t\t\t\t\t<div><span>Dans un communiqu\u00e9 du 31\u00a0janvier 2025, IRCC a rappel\u00e9 l\u2019entr\u00e9e en vigueur, effective depuis le 17\u00a0janvier, de nouvelles dispositions \u00e0 l\u2019accord de 2012 entre le Canada et les \u00c9tats-Unis sur \u00ab\u2009l\u2019\u00e9change de renseignements sur les visas et l\u2019immigration\u2009\u00bb sur tous les ressortissants \u00e9trangers.<\/span><\/div>\t\t\t\t\t\t\t\t<\/div>\n\t\t\t\t<div class=\"elementor-element elementor-element-708d2bd2 elementor-icon-list--layout-traditional elementor-list-item-link-full_width elementor-widget elementor-widget-icon-list\" data-id=\"708d2bd2\" data-element_type=\"widget\" data-e-type=\"widget\" data-widget_type=\"icon-list.default\">\n\t\t\t\t\t\t\t<ul class=\"elementor-icon-list-items\">\n\t\t\t\t\t\t\t<li class=\"elementor-icon-list-item\">\n\t\t\t\t\t\t\t\t\t\t\t<a href=\"https:\/\/www.canada.ca\/fr\/immigration-refugies-citoyennete\/nouvelles\/avis\/modifications-reglementaires-accord-entre-canada-etats-unis-concernant-echange-renseignements.html\">\n\n\t\t\t\t\t\t\t\t\t\t\t\t<span class=\"elementor-icon-list-icon\">\n\t\t\t\t\t\t\t<svg aria-hidden=\"true\" class=\"e-font-icon-svg e-fas-external-link-alt\" viewBox=\"0 0 512 512\" xmlns=\"http:\/\/www.w3.org\/2000\/svg\"><path d=\"M432,320H400a16,16,0,0,0-16,16V448H64V128H208a16,16,0,0,0,16-16V80a16,16,0,0,0-16-16H48A48,48,0,0,0,0,112V464a48,48,0,0,0,48,48H400a48,48,0,0,0,48-48V336A16,16,0,0,0,432,320ZM488,0h-128c-21.37,0-32.05,25.91-17,41l35.73,35.73L135,320.37a24,24,0,0,0,0,34L157.67,377a24,24,0,0,0,34,0L435.28,133.32,471,169c15,15,41,4.5,41-17V24A24,24,0,0,0,488,0Z\"><\/path><\/svg>\t\t\t\t\t\t<\/span>\n\t\t\t\t\t\t\t\t\t\t<span class=\"elementor-icon-list-text\">Communiqu\u00e9 d'IRCC<\/span>\n\t\t\t\t\t\t\t\t\t\t\t<\/a>\n\t\t\t\t\t\t\t\t\t<\/li>\n\t\t\t\t\t\t<\/ul>\n\t\t\t\t\t\t<\/div>\n\t\t\t\t\t<\/div>\n\t\t<\/div>\n\t\t\t\t<div class=\"elementor-column elementor-col-50 elementor-inner-column elementor-element elementor-element-6ea8e8af\" data-id=\"6ea8e8af\" data-element_type=\"column\" data-e-type=\"column\">\n\t\t\t<div class=\"elementor-widget-wrap elementor-element-populated\">\n\t\t\t\t\t\t<div class=\"elementor-element elementor-element-19e30544 elementor-widget elementor-widget-image\" data-id=\"19e30544\" data-element_type=\"widget\" data-e-type=\"widget\" data-widget_type=\"image.default\">\n\t\t\t\t\t\t\t\t\t\t\t\t\t\t\t<img loading=\"lazy\" decoding=\"async\" width=\"702\" height=\"471\" src=\"https:\/\/immigrantquebec.com\/fr\/wp-content\/uploads\/2025\/02\/nick-thomas-xpYKcY1kGfs-unsplash-scaled-2-1024x687.jpg\" class=\"attachment-large size-large wp-image-17321\" alt=\"\" srcset=\"https:\/\/immigrantquebec.com\/fr\/wp-content\/uploads\/2025\/02\/nick-thomas-xpYKcY1kGfs-unsplash-scaled-2-1024x687.jpg 1024w, https:\/\/immigrantquebec.com\/fr\/wp-content\/uploads\/2025\/02\/nick-thomas-xpYKcY1kGfs-unsplash-scaled-2-298x200.jpg 298w, https:\/\/immigrantquebec.com\/fr\/wp-content\/uploads\/2025\/02\/nick-thomas-xpYKcY1kGfs-unsplash-scaled-2-300x200.jpg 300w, https:\/\/immigrantquebec.com\/fr\/wp-content\/uploads\/2025\/02\/nick-thomas-xpYKcY1kGfs-unsplash-scaled-2-768x515.jpg 768w, https:\/\/immigrantquebec.com\/fr\/wp-content\/uploads\/2025\/02\/nick-thomas-xpYKcY1kGfs-unsplash-scaled-2-1536x1030.jpg 1536w, https:\/\/immigrantquebec.com\/fr\/wp-content\/uploads\/2025\/02\/nick-thomas-xpYKcY1kGfs-unsplash-scaled-2-2048x1374.jpg 2048w\" sizes=\"(max-width: 702px) 100vw, 702px\" \/>\t\t\t\t\t\t\t\t\t\t\t\t\t\t\t<\/div>\n\t\t\t\t\t<\/div>\n\t\t<\/div>\n\t\t\t\t\t<\/div>\n\t\t<\/section>\n\t\t\t\t\t<\/div>\n\t\t<\/div>\n\t\t\t\t\t<\/div>\n\t\t<\/section>\n\t\t\t\t<section class=\"elementor-section elementor-top-section elementor-element elementor-element-2a70ff49 elementor-section-full_width elementor-section-height-default elementor-section-height-default\" data-id=\"2a70ff49\" data-element_type=\"section\" data-e-type=\"section\" id=\"bdi-a-voir-aussi\" data-settings=\"{&quot;shape_divider_top&quot;:&quot;clouds&quot;}\">\n\t\t\t\t\t<div class=\"elementor-shape elementor-shape-top\" aria-hidden=\"true\" data-negative=\"false\">\n\t\t\t<svg xmlns=\"http:\/\/www.w3.org\/2000\/svg\" viewBox=\"0 0 283.5 27.8\" preserveAspectRatio=\"xMidYMax slice\">\n  <path class=\"elementor-shape-fill\" d=\"M0 0v6.7c1.9-.8 4.7-1.4 8.5-1 9.5 1.1 11.1 6 11.1 6s2.1-.7 4.3-.2c2.1.5 2.8 2.6 2.8 2.6s.2-.5 1.4-.7c1.2-.2 1.7.2 1.7.2s0-2.1 1.9-2.8c1.9-.7 3.6.7 3.6.7s.7-2.9 3.1-4.1 4.7 0 4.7 0 1.2-.5 2.4 0 1.7 1.4 1.7 1.4h1.4c.7 0 1.2.7 1.2.7s.8-1.8 4-2.2c3.5-.4 5.3 2.4 6.2 4.4.4-.4 1-.7 1.8-.9 2.8-.7 4 .7 4 .7s1.7-5 11.1-6c9.5-1.1 12.3 3.9 12.3 3.9s1.2-4.8 5.7-5.7c4.5-.9 6.8 1.8 6.8 1.8s.6-.6 1.5-.9c.9-.2 1.9-.2 1.9-.2s5.2-6.4 12.6-3.3c7.3 3.1 4.7 9 4.7 9s1.9-.9 4 0 2.8 2.4 2.8 2.4 1.9-1.2 4.5-1.2 4.3 1.2 4.3 1.2.2-1 1.4-1.7 2.1-.7 2.1-.7-.5-3.1 2.1-5.5 5.7-1.4 5.7-1.4 1.5-2.3 4.2-1.1c2.7 1.2 1.7 5.2 1.7 5.2s.3-.1 1.3.5c.5.4.8.8.9 1.1.5-1.4 2.4-5.8 8.4-4 7.1 2.1 3.5 8.9 3.5 8.9s.8-.4 2 0 1.1 1.1 1.1 1.1 1.1-1.1 2.3-1.1 2.1.5 2.1.5 1.9-3.6 6.2-1.2 1.9 6.4 1.9 6.4 2.6-2.4 7.4 0c3.4 1.7 3.9 4.9 3.9 4.9s3.3-6.9 10.4-7.9 11.5 2.6 11.5 2.6.8 0 1.2.2c.4.2.9.9.9.9s4.4-3.1 8.3.2c1.9 1.7 1.5 5 1.5 5s.3-1.1 1.6-1.4c1.3-.3 2.3.2 2.3.2s-.1-1.2.5-1.9 1.9-.9 1.9-.9-4.7-9.3 4.4-13.4c5.6-2.5 9.2.9 9.2.9s5-6.2 15.9-6.2 16.1 8.1 16.1 8.1.7-.2 1.6-.4V0H0z\"\/>\n<\/svg>\n\t\t<\/div>\n\t\t\t\t\t<div class=\"elementor-container elementor-column-gap-default\">\n\t\t\t\t\t<div class=\"elementor-column elementor-col-100 elementor-top-column elementor-element elementor-element-398f8ed5\" data-id=\"398f8ed5\" data-element_type=\"column\" data-e-type=\"column\">\n\t\t\t<div class=\"elementor-widget-wrap elementor-element-populated\">\n\t\t\t\t\t\t<div class=\"elementor-element elementor-element-c1e127c elementor-widget elementor-widget-heading\" data-id=\"c1e127c\" data-element_type=\"widget\" data-e-type=\"widget\" data-widget_type=\"heading.default\">\n\t\t\t\t\t<h2 class=\"elementor-heading-title elementor-size-default\">A voir aussi<\/h2>\t\t\t\t<\/div>\n\t\t\t\t<div class=\"elementor-element elementor-element-79890235 elementor-widget-divider--view-line elementor-widget elementor-widget-divider\" data-id=\"79890235\" data-element_type=\"widget\" data-e-type=\"widget\" data-widget_type=\"divider.default\">\n\t\t\t\t\t\t\t<div class=\"elementor-divider\">\n\t\t\t<span class=\"elementor-divider-separator\">\n\t\t\t\t\t\t<\/span>\n\t\t<\/div>\n\t\t\t\t\t\t<\/div>\n\t\t\t\t<div class=\"elementor-element elementor-element-2d494f05 elementor-posts__hover-none elementor-grid-tablet-1 elementor-grid-4 elementor-grid-mobile-1 elementor-posts--thumbnail-top elementor-widget elementor-widget-posts\" data-id=\"2d494f05\" data-element_type=\"widget\" data-e-type=\"widget\" data-settings=\"{&quot;cards_row_gap&quot;:{&quot;unit&quot;:&quot;px&quot;,&quot;size&quot;:&quot;50&quot;,&quot;sizes&quot;:[]},&quot;cards_columns_tablet&quot;:&quot;1&quot;,&quot;cards_columns&quot;:&quot;4&quot;,&quot;cards_columns_mobile&quot;:&quot;1&quot;,&quot;cards_row_gap_tablet&quot;:{&quot;unit&quot;:&quot;px&quot;,&quot;size&quot;:&quot;&quot;,&quot;sizes&quot;:[]},&quot;cards_row_gap_mobile&quot;:{&quot;unit&quot;:&quot;px&quot;,&quot;size&quot;:&quot;&quot;,&quot;sizes&quot;:[]}}\" data-widget_type=\"posts.cards\">\n\t\t\t\t<div class=\"elementor-widget-container\">\n\t\t\t\t\t\t\t<div class=\"elementor-posts-container elementor-posts elementor-posts--skin-cards elementor-grid\" role=\"list\">\n\t\t\t\t<article class=\"elementor-post elementor-grid-item post-26270 post type-post status-publish format-standard has-post-thumbnail category-actualites category-bulletins-de-limmigration entry\" role=\"listitem\">\n\t\t\t<div class=\"elementor-post__card\">\n\t\t\t\t<a class=\"elementor-post__thumbnail__link\" href=\"https:\/\/immigrantquebec.com\/fr\/actualites\/bulletin-de-limmigration-avril-2026\/\" tabindex=\"-1\" ><div class=\"elementor-post__thumbnail\"><img loading=\"lazy\" decoding=\"async\" width=\"950\" height=\"400\" src=\"https:\/\/immigrantquebec.com\/fr\/wp-content\/uploads\/2026\/04\/C-jan-tinneberg-tVIv23vcuz4-unsplash-950.jpg\" class=\"attachment-full size-full wp-image-26271\" alt=\"\" srcset=\"https:\/\/immigrantquebec.com\/fr\/wp-content\/uploads\/2026\/04\/C-jan-tinneberg-tVIv23vcuz4-unsplash-950.jpg 950w, https:\/\/immigrantquebec.com\/fr\/wp-content\/uploads\/2026\/04\/C-jan-tinneberg-tVIv23vcuz4-unsplash-950-300x126.jpg 300w, https:\/\/immigrantquebec.com\/fr\/wp-content\/uploads\/2026\/04\/C-jan-tinneberg-tVIv23vcuz4-unsplash-950-768x323.jpg 768w\" sizes=\"(max-width: 950px) 100vw, 950px\" \/><\/div><\/a>\n\t\t\t\t<div class=\"elementor-post__text\">\n\t\t\t\t<h5 class=\"elementor-post__title\">\n\t\t\t<a href=\"https:\/\/immigrantquebec.com\/fr\/actualites\/bulletin-de-limmigration-avril-2026\/\" >\n\t\t\t\tBulletin de l\u2019immigration \u2014 Avril 2026\t\t\t<\/a>\n\t\t<\/h5>\n\t\t\t\t<\/div>\n\t\t\t\t<div class=\"elementor-post__meta-data\">\n\t\t\t\t\t<span class=\"elementor-post-date\">\n\t\t\t9 avril 2026\t\t<\/span>\n\t\t\t\t<\/div>\n\t\t\t\t\t<\/div>\n\t\t<\/article>\n\t\t\t\t<article class=\"elementor-post elementor-grid-item post-25731 post type-post status-publish format-standard has-post-thumbnail category-actualites category-bulletins-de-limmigration entry\" role=\"listitem\">\n\t\t\t<div class=\"elementor-post__card\">\n\t\t\t\t<a class=\"elementor-post__thumbnail__link\" href=\"https:\/\/immigrantquebec.com\/fr\/actualites\/bulletin-de-limmigration-mars-2026\/\" tabindex=\"-1\" ><div class=\"elementor-post__thumbnail\"><img loading=\"lazy\" decoding=\"async\" width=\"1500\" height=\"632\" src=\"https:\/\/immigrantquebec.com\/fr\/wp-content\/uploads\/2026\/02\/C-mick-haupt-xPwaA1MkvHc-unsplash-1500.jpg\" class=\"attachment-full size-full wp-image-25732\" alt=\"\" srcset=\"https:\/\/immigrantquebec.com\/fr\/wp-content\/uploads\/2026\/02\/C-mick-haupt-xPwaA1MkvHc-unsplash-1500.jpg 1500w, https:\/\/immigrantquebec.com\/fr\/wp-content\/uploads\/2026\/02\/C-mick-haupt-xPwaA1MkvHc-unsplash-1500-300x126.jpg 300w, https:\/\/immigrantquebec.com\/fr\/wp-content\/uploads\/2026\/02\/C-mick-haupt-xPwaA1MkvHc-unsplash-1500-1024x431.jpg 1024w, https:\/\/immigrantquebec.com\/fr\/wp-content\/uploads\/2026\/02\/C-mick-haupt-xPwaA1MkvHc-unsplash-1500-768x324.jpg 768w\" sizes=\"(max-width: 1500px) 100vw, 1500px\" \/><\/div><\/a>\n\t\t\t\t<div class=\"elementor-post__text\">\n\t\t\t\t<h5 class=\"elementor-post__title\">\n\t\t\t<a href=\"https:\/\/immigrantquebec.com\/fr\/actualites\/bulletin-de-limmigration-mars-2026\/\" >\n\t\t\t\tBulletin de l\u2019immigration \u2013 Mars 2026\t\t\t<\/a>\n\t\t<\/h5>\n\t\t\t\t<\/div>\n\t\t\t\t<div class=\"elementor-post__meta-data\">\n\t\t\t\t\t<span class=\"elementor-post-date\">\n\t\t\t27 f\u00e9vrier 2026\t\t<\/span>\n\t\t\t\t<\/div>\n\t\t\t\t\t<\/div>\n\t\t<\/article>\n\t\t\t\t<article class=\"elementor-post elementor-grid-item post-25202 post type-post status-publish format-standard has-post-thumbnail category-actualites category-bulletins-de-limmigration entry\" role=\"listitem\">\n\t\t\t<div class=\"elementor-post__card\">\n\t\t\t\t<a class=\"elementor-post__thumbnail__link\" href=\"https:\/\/immigrantquebec.com\/fr\/actualites\/bulletin-de-limmigration-fevrier-2026\/\" tabindex=\"-1\" ><div class=\"elementor-post__thumbnail\"><img loading=\"lazy\" decoding=\"async\" width=\"950\" height=\"400\" src=\"https:\/\/immigrantquebec.com\/fr\/wp-content\/uploads\/2026\/01\/C-getty-images-buXtw5vHbWo-unsplash-950.jpg\" class=\"attachment-full size-full wp-image-25312\" alt=\"\" srcset=\"https:\/\/immigrantquebec.com\/fr\/wp-content\/uploads\/2026\/01\/C-getty-images-buXtw5vHbWo-unsplash-950.jpg 950w, https:\/\/immigrantquebec.com\/fr\/wp-content\/uploads\/2026\/01\/C-getty-images-buXtw5vHbWo-unsplash-950-300x126.jpg 300w, https:\/\/immigrantquebec.com\/fr\/wp-content\/uploads\/2026\/01\/C-getty-images-buXtw5vHbWo-unsplash-950-768x323.jpg 768w\" sizes=\"(max-width: 950px) 100vw, 950px\" \/><\/div><\/a>\n\t\t\t\t<div class=\"elementor-post__text\">\n\t\t\t\t<h5 class=\"elementor-post__title\">\n\t\t\t<a href=\"https:\/\/immigrantquebec.com\/fr\/actualites\/bulletin-de-limmigration-fevrier-2026\/\" >\n\t\t\t\tBulletin de l\u2019immigration \u2013 F\u00e9vrier 2026\t\t\t<\/a>\n\t\t<\/h5>\n\t\t\t\t<\/div>\n\t\t\t\t<div class=\"elementor-post__meta-data\">\n\t\t\t\t\t<span class=\"elementor-post-date\">\n\t\t\t30 janvier 2026\t\t<\/span>\n\t\t\t\t<\/div>\n\t\t\t\t\t<\/div>\n\t\t<\/article>\n\t\t\t\t<article class=\"elementor-post elementor-grid-item post-24832 post type-post status-publish format-standard has-post-thumbnail category-actualites category-bulletins-de-limmigration entry\" role=\"listitem\">\n\t\t\t<div class=\"elementor-post__card\">\n\t\t\t\t<a class=\"elementor-post__thumbnail__link\" href=\"https:\/\/immigrantquebec.com\/fr\/actualites\/bulletin-de-limmigration-janvier-2026\/\" tabindex=\"-1\" ><div class=\"elementor-post__thumbnail\"><img loading=\"lazy\" decoding=\"async\" width=\"950\" height=\"400\" src=\"https:\/\/immigrantquebec.com\/fr\/wp-content\/uploads\/2026\/01\/C-benoit-deschasaux-mcOSuFAOO-M-unsplash-950-1.jpg\" class=\"attachment-full size-full wp-image-24833\" alt=\"\" srcset=\"https:\/\/immigrantquebec.com\/fr\/wp-content\/uploads\/2026\/01\/C-benoit-deschasaux-mcOSuFAOO-M-unsplash-950-1.jpg 950w, https:\/\/immigrantquebec.com\/fr\/wp-content\/uploads\/2026\/01\/C-benoit-deschasaux-mcOSuFAOO-M-unsplash-950-1-300x126.jpg 300w, https:\/\/immigrantquebec.com\/fr\/wp-content\/uploads\/2026\/01\/C-benoit-deschasaux-mcOSuFAOO-M-unsplash-950-1-768x323.jpg 768w\" sizes=\"(max-width: 950px) 100vw, 950px\" \/><\/div><\/a>\n\t\t\t\t<div class=\"elementor-post__text\">\n\t\t\t\t<h5 class=\"elementor-post__title\">\n\t\t\t<a href=\"https:\/\/immigrantquebec.com\/fr\/actualites\/bulletin-de-limmigration-janvier-2026\/\" >\n\t\t\t\tBulletin de l\u2019immigration \u2013 Janvier 2026\t\t\t<\/a>\n\t\t<\/h5>\n\t\t\t\t<\/div>\n\t\t\t\t<div class=\"elementor-post__meta-data\">\n\t\t\t\t\t<span class=\"elementor-post-date\">\n\t\t\t13 janvier 2026\t\t<\/span>\n\t\t\t\t<\/div>\n\t\t\t\t\t<\/div>\n\t\t<\/article>\n\t\t\t\t<\/div>\n\t\t\n\t\t\t\t\t\t<\/div>\n\t\t\t\t<\/div>\n\t\t\t\t<div class=\"elementor-element elementor-element-1adf7b2f elementor-align-center elementor-widget elementor-widget-button\" data-id=\"1adf7b2f\" data-element_type=\"widget\" data-e-type=\"widget\" data-widget_type=\"button.default\">\n\t\t\t\t\t\t\t\t\t\t<a class=\"elementor-button elementor-button-link elementor-size-sm\" href=\"https:\/\/immigrantquebec.com\/fr\/bulletins-de-limmigration\/\">\n\t\t\t\t\t\t<span class=\"elementor-button-content-wrapper\">\n\t\t\t\t\t\t\t\t\t<span class=\"elementor-button-text\">Tous les bulletins<\/span>\n\t\t\t\t\t<\/span>\n\t\t\t\t\t<\/a>\n\t\t\t\t\t\t\t\t<\/div>\n\t\t\t\t\t<\/div>\n\t\t<\/div>\n\t\t\t\t\t<\/div>\n\t\t<\/section>\n\t\t\t\t<section class=\"elementor-section elementor-top-section elementor-element elementor-element-e8c92e3 elementor-section-full_width elementor-section-height-min-height elementor-section-items-stretch elementor-section-stretched elementor-section-height-default\" data-id=\"e8c92e3\" data-element_type=\"section\" data-e-type=\"section\" id=\"bdi-footer\" data-settings=\"{&quot;stretch_section&quot;:&quot;section-stretched&quot;}\">\n\t\t\t\t\t\t<div class=\"elementor-container elementor-column-gap-default\">\n\t\t\t\t\t<div class=\"elementor-column elementor-col-66 elementor-top-column elementor-element elementor-element-40bb9b48\" data-id=\"40bb9b48\" data-element_type=\"column\" data-e-type=\"column\" data-settings=\"{&quot;background_background&quot;:&quot;classic&quot;}\">\n\t\t\t<div class=\"elementor-widget-wrap elementor-element-populated\">\n\t\t\t\t\t\t<section class=\"elementor-section elementor-inner-section elementor-element elementor-element-78b00dca elementor-section-boxed elementor-section-height-default elementor-section-height-default\" data-id=\"78b00dca\" data-element_type=\"section\" data-e-type=\"section\">\n\t\t\t\t\t\t<div class=\"elementor-container elementor-column-gap-default\">\n\t\t\t\t\t<div class=\"elementor-column elementor-col-50 elementor-inner-column elementor-element elementor-element-15c2e918\" data-id=\"15c2e918\" data-element_type=\"column\" data-e-type=\"column\">\n\t\t\t<div class=\"elementor-widget-wrap elementor-element-populated\">\n\t\t\t\t\t\t<div class=\"elementor-element elementor-element-710c26c elementor-nav-menu__align-center elementor-nav-menu__text-align-center elementor-nav-menu--dropdown-tablet elementor-nav-menu--toggle elementor-nav-menu--burger elementor-widget elementor-widget-nav-menu\" data-id=\"710c26c\" data-element_type=\"widget\" data-e-type=\"widget\" data-settings=\"{&quot;layout&quot;:&quot;vertical&quot;,&quot;submenu_icon&quot;:{&quot;value&quot;:&quot;&lt;svg aria-hidden=\\&quot;true\\&quot; class=\\&quot;e-font-icon-svg e-fas-caret-down\\&quot; viewBox=\\&quot;0 0 320 512\\&quot; xmlns=\\&quot;http:\\\/\\\/www.w3.org\\\/2000\\\/svg\\&quot;&gt;&lt;path d=\\&quot;M31.3 192h257.3c17.8 0 26.7 21.5 14.1 34.1L174.1 354.8c-7.8 7.8-20.5 7.8-28.3 0L17.2 226.1C4.6 213.5 13.5 192 31.3 192z\\&quot;&gt;&lt;\\\/path&gt;&lt;\\\/svg&gt;&quot;,&quot;library&quot;:&quot;fa-solid&quot;},&quot;toggle&quot;:&quot;burger&quot;}\" data-widget_type=\"nav-menu.default\">\n\t\t\t\t\t\t\t\t<nav aria-label=\"Menu\" class=\"elementor-nav-menu--main elementor-nav-menu__container elementor-nav-menu--layout-vertical e--pointer-underline e--animation-fade\">\n\t\t\t\t<ul id=\"menu-1-710c26c\" class=\"elementor-nav-menu sm-vertical\"><li class=\"menu-item menu-item-type-post_type menu-item-object-page menu-item-home menu-item-17206\"><a class=\"elementor-item\" href=\"https:\/\/immigrantquebec.com\/fr\/\">Accueil<\/a><\/li>\n<li class=\"menu-item menu-item-type-taxonomy menu-item-object-category menu-item-17203\"><a class=\"elementor-item\" href=\"https:\/\/immigrantquebec.com\/fr\/actualites\/\">Actualit\u00e9s<\/a><\/li>\n<li class=\"menu-item menu-item-type-taxonomy menu-item-object-category menu-item-17205\"><a class=\"elementor-item\" href=\"https:\/\/immigrantquebec.com\/fr\/bulletins-de-limmigration\/\">Bulletins de l&rsquo;immigration<\/a><\/li>\n<li class=\"menu-item menu-item-type-taxonomy menu-item-object-category menu-item-17204\"><a class=\"elementor-item\" href=\"https:\/\/immigrantquebec.com\/fr\/conseils-d-experts\/\">Conseils d&rsquo;experts<\/a><\/li>\n<li class=\"menu-item menu-item-type-post_type menu-item-object-page menu-item-17208\"><a class=\"elementor-item\" href=\"https:\/\/immigrantquebec.com\/fr\/guides\/\">Guides<\/a><\/li>\n<li class=\"menu-item menu-item-type-post_type menu-item-object-page menu-item-17207\"><a class=\"elementor-item\" href=\"https:\/\/immigrantquebec.com\/fr\/evenements\/\">\u00c9v\u00e9nements<\/a><\/li>\n<\/ul>\t\t\t<\/nav>\n\t\t\t\t\t<div class=\"elementor-menu-toggle\" role=\"button\" tabindex=\"0\" aria-label=\"Permuter le menu\" aria-expanded=\"false\">\n\t\t\t<svg aria-hidden=\"true\" role=\"presentation\" class=\"elementor-menu-toggle__icon--open e-font-icon-svg e-eicon-menu-bar\" viewBox=\"0 0 1000 1000\" xmlns=\"http:\/\/www.w3.org\/2000\/svg\"><path d=\"M104 333H896C929 333 958 304 958 271S929 208 896 208H104C71 208 42 237 42 271S71 333 104 333ZM104 583H896C929 583 958 554 958 521S929 458 896 458H104C71 458 42 487 42 521S71 583 104 583ZM104 833H896C929 833 958 804 958 771S929 708 896 708H104C71 708 42 737 42 771S71 833 104 833Z\"><\/path><\/svg><svg aria-hidden=\"true\" role=\"presentation\" class=\"elementor-menu-toggle__icon--close e-font-icon-svg e-eicon-close\" viewBox=\"0 0 1000 1000\" xmlns=\"http:\/\/www.w3.org\/2000\/svg\"><path d=\"M742 167L500 408 258 167C246 154 233 150 217 150 196 150 179 158 167 167 154 179 150 196 150 212 150 229 154 242 171 254L408 500 167 742C138 771 138 800 167 829 196 858 225 858 254 829L496 587 738 829C750 842 767 846 783 846 800 846 817 842 829 829 842 817 846 804 846 783 846 767 842 750 829 737L588 500 833 258C863 229 863 200 833 171 804 137 775 137 742 167Z\"><\/path><\/svg>\t\t<\/div>\n\t\t\t\t\t<nav class=\"elementor-nav-menu--dropdown elementor-nav-menu__container\" aria-hidden=\"true\">\n\t\t\t\t<ul id=\"menu-2-710c26c\" class=\"elementor-nav-menu sm-vertical\"><li class=\"menu-item menu-item-type-post_type menu-item-object-page menu-item-home menu-item-17206\"><a class=\"elementor-item\" href=\"https:\/\/immigrantquebec.com\/fr\/\" tabindex=\"-1\">Accueil<\/a><\/li>\n<li class=\"menu-item menu-item-type-taxonomy menu-item-object-category menu-item-17203\"><a class=\"elementor-item\" href=\"https:\/\/immigrantquebec.com\/fr\/actualites\/\" tabindex=\"-1\">Actualit\u00e9s<\/a><\/li>\n<li class=\"menu-item menu-item-type-taxonomy menu-item-object-category menu-item-17205\"><a class=\"elementor-item\" href=\"https:\/\/immigrantquebec.com\/fr\/bulletins-de-limmigration\/\" tabindex=\"-1\">Bulletins de l&rsquo;immigration<\/a><\/li>\n<li class=\"menu-item menu-item-type-taxonomy menu-item-object-category menu-item-17204\"><a class=\"elementor-item\" href=\"https:\/\/immigrantquebec.com\/fr\/conseils-d-experts\/\" tabindex=\"-1\">Conseils d&rsquo;experts<\/a><\/li>\n<li class=\"menu-item menu-item-type-post_type menu-item-object-page menu-item-17208\"><a class=\"elementor-item\" href=\"https:\/\/immigrantquebec.com\/fr\/guides\/\" tabindex=\"-1\">Guides<\/a><\/li>\n<li class=\"menu-item menu-item-type-post_type menu-item-object-page menu-item-17207\"><a class=\"elementor-item\" href=\"https:\/\/immigrantquebec.com\/fr\/evenements\/\" tabindex=\"-1\">\u00c9v\u00e9nements<\/a><\/li>\n<\/ul>\t\t\t<\/nav>\n\t\t\t\t\t\t<\/div>\n\t\t\t\t\t<\/div>\n\t\t<\/div>\n\t\t\t\t<div class=\"elementor-column elementor-col-50 elementor-inner-column elementor-element elementor-element-2cdca6c3\" data-id=\"2cdca6c3\" data-element_type=\"column\" data-e-type=\"column\">\n\t\t\t<div class=\"elementor-widget-wrap elementor-element-populated\">\n\t\t\t\t\t\t<div class=\"elementor-element elementor-element-12d9d83b elementor-widget elementor-widget-image\" data-id=\"12d9d83b\" data-element_type=\"widget\" data-e-type=\"widget\" data-widget_type=\"image.default\">\n\t\t\t\t\t\t\t\t\t\t\t\t\t\t\t<img fetchpriority=\"high\" decoding=\"async\" width=\"2500\" height=\"1137\" src=\"https:\/\/immigrantquebec.com\/fr\/wp-content\/uploads\/2025\/02\/LogoIQ-2024-BLANC.png\" class=\"attachment-full size-full wp-image-17289\" alt=\"\" srcset=\"https:\/\/immigrantquebec.com\/fr\/wp-content\/uploads\/2025\/02\/LogoIQ-2024-BLANC.png 2500w, https:\/\/immigrantquebec.com\/fr\/wp-content\/uploads\/2025\/02\/LogoIQ-2024-BLANC-300x136.png 300w, https:\/\/immigrantquebec.com\/fr\/wp-content\/uploads\/2025\/02\/LogoIQ-2024-BLANC-1024x466.png 1024w, https:\/\/immigrantquebec.com\/fr\/wp-content\/uploads\/2025\/02\/LogoIQ-2024-BLANC-768x349.png 768w, https:\/\/immigrantquebec.com\/fr\/wp-content\/uploads\/2025\/02\/LogoIQ-2024-BLANC-1536x699.png 1536w, https:\/\/immigrantquebec.com\/fr\/wp-content\/uploads\/2025\/02\/LogoIQ-2024-BLANC-2048x931.png 2048w\" sizes=\"(max-width: 2500px) 100vw, 2500px\" \/>\t\t\t\t\t\t\t\t\t\t\t\t\t\t\t<\/div>\n\t\t\t\t<div class=\"elementor-element elementor-element-1d080dec elementor-widget elementor-widget-text-editor\" data-id=\"1d080dec\" data-element_type=\"widget\" data-e-type=\"widget\" data-widget_type=\"text-editor.default\">\n\t\t\t\t\t\t\t\t\t<p><span>\u00a9 Immigrantquebec \u00a9\u00a02011\u20132025 &#8211; Tous droits r\u00e9serv\u00e9s<\/span><\/p>\t\t\t\t\t\t\t\t<\/div>\n\t\t\t\t\t<\/div>\n\t\t<\/div>\n\t\t\t\t\t<\/div>\n\t\t<\/section>\n\t\t\t\t\t<\/div>\n\t\t<\/div>\n\t\t\t\t<div class=\"elementor-column elementor-col-33 elementor-top-column elementor-element elementor-element-a61fa20\" data-id=\"a61fa20\" data-element_type=\"column\" data-e-type=\"column\" data-settings=\"{&quot;background_background&quot;:&quot;classic&quot;}\">\n\t\t\t<div class=\"elementor-widget-wrap elementor-element-populated\">\n\t\t\t\t\t\t<div class=\"elementor-element elementor-element-3aa83daf elementor-widget elementor-widget-heading\" data-id=\"3aa83daf\" data-element_type=\"widget\" data-e-type=\"widget\" data-widget_type=\"heading.default\">\n\t\t\t\t\t<h2 class=\"elementor-heading-title elementor-size-default\">Suivez-nous :<\/h2>\t\t\t\t<\/div>\n\t\t\t\t<div class=\"elementor-element elementor-element-6ee0bd98 elementor-icon-list--layout-inline elementor-align-start elementor-tablet-align-center elementor-list-item-link-full_width elementor-widget elementor-widget-icon-list\" data-id=\"6ee0bd98\" data-element_type=\"widget\" data-e-type=\"widget\" data-widget_type=\"icon-list.default\">\n\t\t\t\t\t\t\t<ul class=\"elementor-icon-list-items elementor-inline-items\">\n\t\t\t\t\t\t\t<li class=\"elementor-icon-list-item elementor-inline-item\">\n\t\t\t\t\t\t\t\t\t\t\t<a href=\"https:\/\/www.facebook.com\/immigrantquebec\">\n\n\t\t\t\t\t\t\t\t\t\t\t\t<span class=\"elementor-icon-list-icon\">\n\t\t\t\t\t\t\t<svg aria-hidden=\"true\" class=\"e-font-icon-svg e-fab-facebook-f\" viewBox=\"0 0 320 512\" xmlns=\"http:\/\/www.w3.org\/2000\/svg\"><path d=\"M279.14 288l14.22-92.66h-88.91v-60.13c0-25.35 12.42-50.06 52.24-50.06h40.42V6.26S260.43 0 225.36 0c-73.22 0-121.08 44.38-121.08 124.72v70.62H22.89V288h81.39v224h100.17V288z\"><\/path><\/svg>\t\t\t\t\t\t<\/span>\n\t\t\t\t\t\t\t\t\t\t<span class=\"elementor-icon-list-text\"><\/span>\n\t\t\t\t\t\t\t\t\t\t\t<\/a>\n\t\t\t\t\t\t\t\t\t<\/li>\n\t\t\t\t\t\t\t\t<li class=\"elementor-icon-list-item elementor-inline-item\">\n\t\t\t\t\t\t\t\t\t\t\t<a href=\"https:\/\/twitter.com\/ImmigrantQuebec\">\n\n\t\t\t\t\t\t\t\t\t\t\t\t<span class=\"elementor-icon-list-icon\">\n\t\t\t\t\t\t\t<svg aria-hidden=\"true\" class=\"e-font-icon-svg e-fab-x-twitter\" viewBox=\"0 0 512 512\" xmlns=\"http:\/\/www.w3.org\/2000\/svg\"><path d=\"M389.2 48h70.6L305.6 224.2 487 464H345L233.7 318.6 106.5 464H35.8L200.7 275.5 26.8 48H172.4L272.9 180.9 389.2 48zM364.4 421.8h39.1L151.1 88h-42L364.4 421.8z\"><\/path><\/svg>\t\t\t\t\t\t<\/span>\n\t\t\t\t\t\t\t\t\t\t<span class=\"elementor-icon-list-text\"><\/span>\n\t\t\t\t\t\t\t\t\t\t\t<\/a>\n\t\t\t\t\t\t\t\t\t<\/li>\n\t\t\t\t\t\t\t\t<li class=\"elementor-icon-list-item elementor-inline-item\">\n\t\t\t\t\t\t\t\t\t\t\t<a href=\"https:\/\/www.instagram.com\/immigrantquebec\">\n\n\t\t\t\t\t\t\t\t\t\t\t\t<span class=\"elementor-icon-list-icon\">\n\t\t\t\t\t\t\t<svg aria-hidden=\"true\" class=\"e-font-icon-svg e-fab-instagram\" viewBox=\"0 0 448 512\" xmlns=\"http:\/\/www.w3.org\/2000\/svg\"><path d=\"M224.1 141c-63.6 0-114.9 51.3-114.9 114.9s51.3 114.9 114.9 114.9S339 319.5 339 255.9 287.7 141 224.1 141zm0 189.6c-41.1 0-74.7-33.5-74.7-74.7s33.5-74.7 74.7-74.7 74.7 33.5 74.7 74.7-33.6 74.7-74.7 74.7zm146.4-194.3c0 14.9-12 26.8-26.8 26.8-14.9 0-26.8-12-26.8-26.8s12-26.8 26.8-26.8 26.8 12 26.8 26.8zm76.1 27.2c-1.7-35.9-9.9-67.7-36.2-93.9-26.2-26.2-58-34.4-93.9-36.2-37-2.1-147.9-2.1-184.9 0-35.8 1.7-67.6 9.9-93.9 36.1s-34.4 58-36.2 93.9c-2.1 37-2.1 147.9 0 184.9 1.7 35.9 9.9 67.7 36.2 93.9s58 34.4 93.9 36.2c37 2.1 147.9 2.1 184.9 0 35.9-1.7 67.7-9.9 93.9-36.2 26.2-26.2 34.4-58 36.2-93.9 2.1-37 2.1-147.8 0-184.8zM398.8 388c-7.8 19.6-22.9 34.7-42.6 42.6-29.5 11.7-99.5 9-132.1 9s-102.7 2.6-132.1-9c-19.6-7.8-34.7-22.9-42.6-42.6-11.7-29.5-9-99.5-9-132.1s-2.6-102.7 9-132.1c7.8-19.6 22.9-34.7 42.6-42.6 29.5-11.7 99.5-9 132.1-9s102.7-2.6 132.1 9c19.6 7.8 34.7 22.9 42.6 42.6 11.7 29.5 9 99.5 9 132.1s2.7 102.7-9 132.1z\"><\/path><\/svg>\t\t\t\t\t\t<\/span>\n\t\t\t\t\t\t\t\t\t\t<span class=\"elementor-icon-list-text\"><\/span>\n\t\t\t\t\t\t\t\t\t\t\t<\/a>\n\t\t\t\t\t\t\t\t\t<\/li>\n\t\t\t\t\t\t\t\t<li class=\"elementor-icon-list-item elementor-inline-item\">\n\t\t\t\t\t\t\t\t\t\t\t<a href=\"https:\/\/www.youtube.com\/user\/ImmigrantQc\">\n\n\t\t\t\t\t\t\t\t\t\t\t\t<span class=\"elementor-icon-list-icon\">\n\t\t\t\t\t\t\t<svg aria-hidden=\"true\" class=\"e-font-icon-svg e-fab-youtube\" viewBox=\"0 0 576 512\" xmlns=\"http:\/\/www.w3.org\/2000\/svg\"><path d=\"M549.655 124.083c-6.281-23.65-24.787-42.276-48.284-48.597C458.781 64 288 64 288 64S117.22 64 74.629 75.486c-23.497 6.322-42.003 24.947-48.284 48.597-11.412 42.867-11.412 132.305-11.412 132.305s0 89.438 11.412 132.305c6.281 23.65 24.787 41.5 48.284 47.821C117.22 448 288 448 288 448s170.78 0 213.371-11.486c23.497-6.321 42.003-24.171 48.284-47.821 11.412-42.867 11.412-132.305 11.412-132.305s0-89.438-11.412-132.305zm-317.51 213.508V175.185l142.739 81.205-142.739 81.201z\"><\/path><\/svg>\t\t\t\t\t\t<\/span>\n\t\t\t\t\t\t\t\t\t\t<span class=\"elementor-icon-list-text\"><\/span>\n\t\t\t\t\t\t\t\t\t\t\t<\/a>\n\t\t\t\t\t\t\t\t\t<\/li>\n\t\t\t\t\t\t\t\t<li class=\"elementor-icon-list-item elementor-inline-item\">\n\t\t\t\t\t\t\t\t\t\t\t<a href=\"https:\/\/immigrantquebec.com\/fr\/infolettre\/\">\n\n\t\t\t\t\t\t\t\t\t\t\t\t<span class=\"elementor-icon-list-icon\">\n\t\t\t\t\t\t\t<svg aria-hidden=\"true\" class=\"e-font-icon-svg e-fas-envelope\" viewBox=\"0 0 512 512\" xmlns=\"http:\/\/www.w3.org\/2000\/svg\"><path d=\"M502.3 190.8c3.9-3.1 9.7-.2 9.7 4.7V400c0 26.5-21.5 48-48 48H48c-26.5 0-48-21.5-48-48V195.6c0-5 5.7-7.8 9.7-4.7 22.4 17.4 52.1 39.5 154.1 113.6 21.1 15.4 56.7 47.8 92.2 47.6 35.7.3 72-32.8 92.3-47.6 102-74.1 131.6-96.3 154-113.7zM256 320c23.2.4 56.6-29.2 73.4-41.4 132.7-96.3 142.8-104.7 173.4-128.7 5.8-4.5 9.2-11.5 9.2-18.9v-19c0-26.5-21.5-48-48-48H48C21.5 64 0 85.5 0 112v19c0 7.4 3.4 14.3 9.2 18.9 30.6 23.9 40.7 32.4 173.4 128.7 16.8 12.2 50.2 41.8 73.4 41.4z\"><\/path><\/svg>\t\t\t\t\t\t<\/span>\n\t\t\t\t\t\t\t\t\t\t<span class=\"elementor-icon-list-text\"><\/span>\n\t\t\t\t\t\t\t\t\t\t\t<\/a>\n\t\t\t\t\t\t\t\t\t<\/li>\n\t\t\t\t\t\t\t\t<li class=\"elementor-icon-list-item elementor-inline-item\">\n\t\t\t\t\t\t\t\t\t\t\t<a href=\"https:\/\/immigrantquebec.com\/fr\/balado-podcast\/\">\n\n\t\t\t\t\t\t\t\t\t\t\t\t<span class=\"elementor-icon-list-icon\">\n\t\t\t\t\t\t\t<svg aria-hidden=\"true\" class=\"e-font-icon-svg e-fas-microphone\" viewBox=\"0 0 352 512\" xmlns=\"http:\/\/www.w3.org\/2000\/svg\"><path d=\"M176 352c53.02 0 96-42.98 96-96V96c0-53.02-42.98-96-96-96S80 42.98 80 96v160c0 53.02 42.98 96 96 96zm160-160h-16c-8.84 0-16 7.16-16 16v48c0 74.8-64.49 134.82-140.79 127.38C96.71 376.89 48 317.11 48 250.3V208c0-8.84-7.16-16-16-16H16c-8.84 0-16 7.16-16 16v40.16c0 89.64 63.97 169.55 152 181.69V464H96c-8.84 0-16 7.16-16 16v16c0 8.84 7.16 16 16 16h160c8.84 0 16-7.16 16-16v-16c0-8.84-7.16-16-16-16h-56v-33.77C285.71 418.47 352 344.9 352 256v-48c0-8.84-7.16-16-16-16z\"><\/path><\/svg>\t\t\t\t\t\t<\/span>\n\t\t\t\t\t\t\t\t\t\t<span class=\"elementor-icon-list-text\"><\/span>\n\t\t\t\t\t\t\t\t\t\t\t<\/a>\n\t\t\t\t\t\t\t\t\t<\/li>\n\t\t\t\t\t\t<\/ul>\n\t\t\t\t\t\t<\/div>\n\t\t\t\t\t<\/div>\n\t\t<\/div>\n\t\t\t\t\t<\/div>\n\t\t<\/section>\n\t\t\t\t<\/div>\n\t\t","protected":false},"excerpt":{"rendered":"<p>\u00c0 la une : Permis de travail ouvert \u00e0 la famille accompagnante, admissibilit\u00e9 aux services d&#8217;emploi et plafonds en baisse des permis d&rsquo;\u00e9tudes.<\/p>\n","protected":false},"author":3567,"featured_media":17354,"comment_status":"closed","ping_status":"closed","sticky":false,"template":"elementor_canvas","format":"standard","meta":{"_acf_changed":false,"_genesis_hide_title":false,"_genesis_hide_breadcrumbs":false,"_genesis_hide_singular_image":false,"_genesis_hide_footer_widgets":false,"_genesis_custom_body_class":"","_genesis_custom_post_class":"","_genesis_layout":"","footnotes":""},"categories":[1,264],"tags":[],"class_list":{"0":"post-17335","1":"post","2":"type-post","3":"status-publish","4":"format-standard","5":"has-post-thumbnail","7":"category-actualites","8":"category-bulletins-de-limmigration","9":"entry"},"acf":[],"yoast_head":"<!-- This site is optimized with the Yoast SEO plugin v27.5 - https:\/\/yoast.com\/product\/yoast-seo-wordpress\/ -->\n<title>Bulletin de l\u2019immigration \u2014 F\u00e9vrier 2025 - Immigrant Qu\u00e9bec<\/title>\n<meta name=\"description\" content=\"\u00c0 la une : Permis de travail ouvert \u00e0 la famille accompagnante, admissibilit\u00e9 aux services d&#039;emploi et plafonds en baisse des permis d&#039;\u00e9tudes.\" \/>\n<meta name=\"robots\" content=\"index, follow, max-snippet:-1, max-image-preview:large, max-video-preview:-1\" \/>\n<link rel=\"canonical\" href=\"https:\/\/immigrantquebec.com\/fr\/actualites\/bulletin-de-limmigration-fevrier-2025\/\" \/>\n<meta property=\"og:locale\" content=\"fr_FR\" \/>\n<meta property=\"og:type\" content=\"article\" \/>\n<meta property=\"og:title\" content=\"Bulletin de l\u2019immigration \u2014 F\u00e9vrier 2025 - Immigrant Qu\u00e9bec\" \/>\n<meta property=\"og:description\" content=\"\u00c0 la une : Permis de travail ouvert \u00e0 la famille accompagnante, admissibilit\u00e9 aux services d&#039;emploi et plafonds en baisse des permis d&#039;\u00e9tudes.\" \/>\n<meta property=\"og:url\" content=\"https:\/\/immigrantquebec.com\/fr\/actualites\/bulletin-de-limmigration-fevrier-2025\/\" \/>\n<meta property=\"og:site_name\" content=\"Immigrant Qu\u00e9bec\" \/>\n<meta property=\"article:publisher\" content=\"https:\/\/www.facebook.com\/immigrantquebec\" \/>\n<meta property=\"article:published_time\" content=\"2025-02-05T14:59:21+00:00\" \/>\n<meta property=\"article:modified_time\" content=\"2025-02-13T21:35:08+00:00\" \/>\n<meta property=\"og:image\" content=\"https:\/\/immigrantquebec.com\/fr\/wp-content\/uploads\/2025\/02\/BDI-fev-2025-MEAVANT.jpg\" \/>\n\t<meta property=\"og:image:width\" content=\"950\" \/>\n\t<meta property=\"og:image:height\" content=\"400\" \/>\n\t<meta property=\"og:image:type\" content=\"image\/jpeg\" \/>\n<meta name=\"author\" content=\"Soufian AJLANI\" \/>\n<meta name=\"twitter:label1\" content=\"\u00c9crit par\" \/>\n\t<meta name=\"twitter:data1\" content=\"Soufian AJLANI\" \/>\n\t<meta name=\"twitter:label2\" content=\"Dur\u00e9e de lecture estim\u00e9e\" \/>\n\t<meta name=\"twitter:data2\" content=\"28 minutes\" \/>\n<script type=\"application\/ld+json\" class=\"yoast-schema-graph\">{\"@context\":\"https:\\\/\\\/schema.org\",\"@graph\":[{\"@type\":\"Article\",\"@id\":\"https:\\\/\\\/immigrantquebec.com\\\/fr\\\/actualites\\\/bulletin-de-limmigration-fevrier-2025\\\/#article\",\"isPartOf\":{\"@id\":\"https:\\\/\\\/immigrantquebec.com\\\/fr\\\/actualites\\\/bulletin-de-limmigration-fevrier-2025\\\/\"},\"author\":{\"name\":\"Soufian AJLANI\",\"@id\":\"https:\\\/\\\/immigrantquebec.com\\\/fr\\\/#\\\/schema\\\/person\\\/63d6edf97acc1f44158f71cb74f7710a\"},\"headline\":\"Bulletin de l\u2019immigration \u2014 F\u00e9vrier 2025\",\"datePublished\":\"2025-02-05T14:59:21+00:00\",\"dateModified\":\"2025-02-13T21:35:08+00:00\",\"mainEntityOfPage\":{\"@id\":\"https:\\\/\\\/immigrantquebec.com\\\/fr\\\/actualites\\\/bulletin-de-limmigration-fevrier-2025\\\/\"},\"wordCount\":4708,\"publisher\":{\"@id\":\"https:\\\/\\\/immigrantquebec.com\\\/fr\\\/#organization\"},\"image\":{\"@id\":\"https:\\\/\\\/immigrantquebec.com\\\/fr\\\/actualites\\\/bulletin-de-limmigration-fevrier-2025\\\/#primaryimage\"},\"thumbnailUrl\":\"https:\\\/\\\/immigrantquebec.com\\\/fr\\\/wp-content\\\/uploads\\\/2025\\\/02\\\/BDI-fev-2025-MEAVANT.jpg\",\"articleSection\":[\"Actualit\u00e9s\",\"Bulletins de l'immigration\"],\"inLanguage\":\"fr-FR\"},{\"@type\":\"WebPage\",\"@id\":\"https:\\\/\\\/immigrantquebec.com\\\/fr\\\/actualites\\\/bulletin-de-limmigration-fevrier-2025\\\/\",\"url\":\"https:\\\/\\\/immigrantquebec.com\\\/fr\\\/actualites\\\/bulletin-de-limmigration-fevrier-2025\\\/\",\"name\":\"Bulletin de l\u2019immigration \u2014 F\u00e9vrier 2025 - Immigrant Qu\u00e9bec\",\"isPartOf\":{\"@id\":\"https:\\\/\\\/immigrantquebec.com\\\/fr\\\/#website\"},\"primaryImageOfPage\":{\"@id\":\"https:\\\/\\\/immigrantquebec.com\\\/fr\\\/actualites\\\/bulletin-de-limmigration-fevrier-2025\\\/#primaryimage\"},\"image\":{\"@id\":\"https:\\\/\\\/immigrantquebec.com\\\/fr\\\/actualites\\\/bulletin-de-limmigration-fevrier-2025\\\/#primaryimage\"},\"thumbnailUrl\":\"https:\\\/\\\/immigrantquebec.com\\\/fr\\\/wp-content\\\/uploads\\\/2025\\\/02\\\/BDI-fev-2025-MEAVANT.jpg\",\"datePublished\":\"2025-02-05T14:59:21+00:00\",\"dateModified\":\"2025-02-13T21:35:08+00:00\",\"description\":\"\u00c0 la une : Permis de travail ouvert \u00e0 la famille accompagnante, admissibilit\u00e9 aux services d'emploi et plafonds en baisse des permis d'\u00e9tudes.\",\"breadcrumb\":{\"@id\":\"https:\\\/\\\/immigrantquebec.com\\\/fr\\\/actualites\\\/bulletin-de-limmigration-fevrier-2025\\\/#breadcrumb\"},\"inLanguage\":\"fr-FR\",\"potentialAction\":[{\"@type\":\"ReadAction\",\"target\":[\"https:\\\/\\\/immigrantquebec.com\\\/fr\\\/actualites\\\/bulletin-de-limmigration-fevrier-2025\\\/\"]}]},{\"@type\":\"ImageObject\",\"inLanguage\":\"fr-FR\",\"@id\":\"https:\\\/\\\/immigrantquebec.com\\\/fr\\\/actualites\\\/bulletin-de-limmigration-fevrier-2025\\\/#primaryimage\",\"url\":\"https:\\\/\\\/immigrantquebec.com\\\/fr\\\/wp-content\\\/uploads\\\/2025\\\/02\\\/BDI-fev-2025-MEAVANT.jpg\",\"contentUrl\":\"https:\\\/\\\/immigrantquebec.com\\\/fr\\\/wp-content\\\/uploads\\\/2025\\\/02\\\/BDI-fev-2025-MEAVANT.jpg\",\"width\":950,\"height\":400},{\"@type\":\"BreadcrumbList\",\"@id\":\"https:\\\/\\\/immigrantquebec.com\\\/fr\\\/actualites\\\/bulletin-de-limmigration-fevrier-2025\\\/#breadcrumb\",\"itemListElement\":[{\"@type\":\"ListItem\",\"position\":1,\"name\":\"Accueil\",\"item\":\"https:\\\/\\\/immigrantquebec.com\\\/fr\\\/\"},{\"@type\":\"ListItem\",\"position\":2,\"name\":\"Actualit\u00e9s\",\"item\":\"https:\\\/\\\/immigrantquebec.com\\\/fr\\\/actualites\\\/\"},{\"@type\":\"ListItem\",\"position\":3,\"name\":\"Bulletin de l\u2019immigration \u2014 F\u00e9vrier 2025\"}]},{\"@type\":\"WebSite\",\"@id\":\"https:\\\/\\\/immigrantquebec.com\\\/fr\\\/#website\",\"url\":\"https:\\\/\\\/immigrantquebec.com\\\/fr\\\/\",\"name\":\"Immigrant Qu\u00e9bec\",\"description\":\"Immigrer, vivre, travailler et \u00e9tudier au Qu\u00e9bec, Canada\",\"publisher\":{\"@id\":\"https:\\\/\\\/immigrantquebec.com\\\/fr\\\/#organization\"},\"potentialAction\":[{\"@type\":\"SearchAction\",\"target\":{\"@type\":\"EntryPoint\",\"urlTemplate\":\"https:\\\/\\\/immigrantquebec.com\\\/fr\\\/?s={search_term_string}\"},\"query-input\":{\"@type\":\"PropertyValueSpecification\",\"valueRequired\":true,\"valueName\":\"search_term_string\"}}],\"inLanguage\":\"fr-FR\"},{\"@type\":\"Organization\",\"@id\":\"https:\\\/\\\/immigrantquebec.com\\\/fr\\\/#organization\",\"name\":\"Immigrant Qu\u00e9bec\",\"url\":\"https:\\\/\\\/immigrantquebec.com\\\/fr\\\/\",\"logo\":{\"@type\":\"ImageObject\",\"inLanguage\":\"fr-FR\",\"@id\":\"https:\\\/\\\/immigrantquebec.com\\\/fr\\\/#\\\/schema\\\/logo\\\/image\\\/\",\"url\":\"https:\\\/\\\/immigrantquebec.com\\\/fr\\\/wp-content\\\/uploads\\\/2024\\\/03\\\/LogoIQ-2024-RVB.png\",\"contentUrl\":\"https:\\\/\\\/immigrantquebec.com\\\/fr\\\/wp-content\\\/uploads\\\/2024\\\/03\\\/LogoIQ-2024-RVB.png\",\"width\":2500,\"height\":1137,\"caption\":\"Immigrant Qu\u00e9bec\"},\"image\":{\"@id\":\"https:\\\/\\\/immigrantquebec.com\\\/fr\\\/#\\\/schema\\\/logo\\\/image\\\/\"},\"sameAs\":[\"https:\\\/\\\/www.facebook.com\\\/immigrantquebec\",\"https:\\\/\\\/x.com\\\/ImmigrantQuebec\",\"https:\\\/\\\/www.instagram.com\\\/immigrantquebec\",\"https:\\\/\\\/www.youtube.com\\\/user\\\/ImmigrantQc\"]},{\"@type\":\"Person\",\"@id\":\"https:\\\/\\\/immigrantquebec.com\\\/fr\\\/#\\\/schema\\\/person\\\/63d6edf97acc1f44158f71cb74f7710a\",\"name\":\"Soufian AJLANI\",\"image\":{\"@type\":\"ImageObject\",\"inLanguage\":\"fr-FR\",\"@id\":\"https:\\\/\\\/secure.gravatar.com\\\/avatar\\\/718c60b28c96a06d8f84b06639bc4cc6d8602bed2dec125d3261d0e1ec69b9c7?s=96&d=mm&r=g\",\"url\":\"https:\\\/\\\/secure.gravatar.com\\\/avatar\\\/718c60b28c96a06d8f84b06639bc4cc6d8602bed2dec125d3261d0e1ec69b9c7?s=96&d=mm&r=g\",\"contentUrl\":\"https:\\\/\\\/secure.gravatar.com\\\/avatar\\\/718c60b28c96a06d8f84b06639bc4cc6d8602bed2dec125d3261d0e1ec69b9c7?s=96&d=mm&r=g\",\"caption\":\"Soufian AJLANI\"},\"url\":\"https:\\\/\\\/immigrantquebec.com\\\/fr\\\/author\\\/soufian_iq\\\/\"}]}<\/script>\n<!-- \/ Yoast SEO plugin. -->","yoast_head_json":{"title":"Bulletin de l\u2019immigration \u2014 F\u00e9vrier 2025 - Immigrant Qu\u00e9bec","description":"\u00c0 la une : Permis de travail ouvert \u00e0 la famille accompagnante, admissibilit\u00e9 aux services d'emploi et plafonds en baisse des permis d'\u00e9tudes.","robots":{"index":"index","follow":"follow","max-snippet":"max-snippet:-1","max-image-preview":"max-image-preview:large","max-video-preview":"max-video-preview:-1"},"canonical":"https:\/\/immigrantquebec.com\/fr\/actualites\/bulletin-de-limmigration-fevrier-2025\/","og_locale":"fr_FR","og_type":"article","og_title":"Bulletin de l\u2019immigration \u2014 F\u00e9vrier 2025 - Immigrant Qu\u00e9bec","og_description":"\u00c0 la une : Permis de travail ouvert \u00e0 la famille accompagnante, admissibilit\u00e9 aux services d'emploi et plafonds en baisse des permis d'\u00e9tudes.","og_url":"https:\/\/immigrantquebec.com\/fr\/actualites\/bulletin-de-limmigration-fevrier-2025\/","og_site_name":"Immigrant Qu\u00e9bec","article_publisher":"https:\/\/www.facebook.com\/immigrantquebec","article_published_time":"2025-02-05T14:59:21+00:00","article_modified_time":"2025-02-13T21:35:08+00:00","og_image":[{"width":950,"height":400,"url":"https:\/\/immigrantquebec.com\/fr\/wp-content\/uploads\/2025\/02\/BDI-fev-2025-MEAVANT.jpg","type":"image\/jpeg"}],"author":"Soufian AJLANI","twitter_misc":{"\u00c9crit par":"Soufian AJLANI","Dur\u00e9e de lecture estim\u00e9e":"28 minutes"},"schema":{"@context":"https:\/\/schema.org","@graph":[{"@type":"Article","@id":"https:\/\/immigrantquebec.com\/fr\/actualites\/bulletin-de-limmigration-fevrier-2025\/#article","isPartOf":{"@id":"https:\/\/immigrantquebec.com\/fr\/actualites\/bulletin-de-limmigration-fevrier-2025\/"},"author":{"name":"Soufian AJLANI","@id":"https:\/\/immigrantquebec.com\/fr\/#\/schema\/person\/63d6edf97acc1f44158f71cb74f7710a"},"headline":"Bulletin de l\u2019immigration \u2014 F\u00e9vrier 2025","datePublished":"2025-02-05T14:59:21+00:00","dateModified":"2025-02-13T21:35:08+00:00","mainEntityOfPage":{"@id":"https:\/\/immigrantquebec.com\/fr\/actualites\/bulletin-de-limmigration-fevrier-2025\/"},"wordCount":4708,"publisher":{"@id":"https:\/\/immigrantquebec.com\/fr\/#organization"},"image":{"@id":"https:\/\/immigrantquebec.com\/fr\/actualites\/bulletin-de-limmigration-fevrier-2025\/#primaryimage"},"thumbnailUrl":"https:\/\/immigrantquebec.com\/fr\/wp-content\/uploads\/2025\/02\/BDI-fev-2025-MEAVANT.jpg","articleSection":["Actualit\u00e9s","Bulletins de l'immigration"],"inLanguage":"fr-FR"},{"@type":"WebPage","@id":"https:\/\/immigrantquebec.com\/fr\/actualites\/bulletin-de-limmigration-fevrier-2025\/","url":"https:\/\/immigrantquebec.com\/fr\/actualites\/bulletin-de-limmigration-fevrier-2025\/","name":"Bulletin de l\u2019immigration \u2014 F\u00e9vrier 2025 - Immigrant Qu\u00e9bec","isPartOf":{"@id":"https:\/\/immigrantquebec.com\/fr\/#website"},"primaryImageOfPage":{"@id":"https:\/\/immigrantquebec.com\/fr\/actualites\/bulletin-de-limmigration-fevrier-2025\/#primaryimage"},"image":{"@id":"https:\/\/immigrantquebec.com\/fr\/actualites\/bulletin-de-limmigration-fevrier-2025\/#primaryimage"},"thumbnailUrl":"https:\/\/immigrantquebec.com\/fr\/wp-content\/uploads\/2025\/02\/BDI-fev-2025-MEAVANT.jpg","datePublished":"2025-02-05T14:59:21+00:00","dateModified":"2025-02-13T21:35:08+00:00","description":"\u00c0 la une : Permis de travail ouvert \u00e0 la famille accompagnante, admissibilit\u00e9 aux services d'emploi et plafonds en baisse des permis d'\u00e9tudes.","breadcrumb":{"@id":"https:\/\/immigrantquebec.com\/fr\/actualites\/bulletin-de-limmigration-fevrier-2025\/#breadcrumb"},"inLanguage":"fr-FR","potentialAction":[{"@type":"ReadAction","target":["https:\/\/immigrantquebec.com\/fr\/actualites\/bulletin-de-limmigration-fevrier-2025\/"]}]},{"@type":"ImageObject","inLanguage":"fr-FR","@id":"https:\/\/immigrantquebec.com\/fr\/actualites\/bulletin-de-limmigration-fevrier-2025\/#primaryimage","url":"https:\/\/immigrantquebec.com\/fr\/wp-content\/uploads\/2025\/02\/BDI-fev-2025-MEAVANT.jpg","contentUrl":"https:\/\/immigrantquebec.com\/fr\/wp-content\/uploads\/2025\/02\/BDI-fev-2025-MEAVANT.jpg","width":950,"height":400},{"@type":"BreadcrumbList","@id":"https:\/\/immigrantquebec.com\/fr\/actualites\/bulletin-de-limmigration-fevrier-2025\/#breadcrumb","itemListElement":[{"@type":"ListItem","position":1,"name":"Accueil","item":"https:\/\/immigrantquebec.com\/fr\/"},{"@type":"ListItem","position":2,"name":"Actualit\u00e9s","item":"https:\/\/immigrantquebec.com\/fr\/actualites\/"},{"@type":"ListItem","position":3,"name":"Bulletin de l\u2019immigration \u2014 F\u00e9vrier 2025"}]},{"@type":"WebSite","@id":"https:\/\/immigrantquebec.com\/fr\/#website","url":"https:\/\/immigrantquebec.com\/fr\/","name":"Immigrant Qu\u00e9bec","description":"Immigrer, vivre, travailler et \u00e9tudier au Qu\u00e9bec, Canada","publisher":{"@id":"https:\/\/immigrantquebec.com\/fr\/#organization"},"potentialAction":[{"@type":"SearchAction","target":{"@type":"EntryPoint","urlTemplate":"https:\/\/immigrantquebec.com\/fr\/?s={search_term_string}"},"query-input":{"@type":"PropertyValueSpecification","valueRequired":true,"valueName":"search_term_string"}}],"inLanguage":"fr-FR"},{"@type":"Organization","@id":"https:\/\/immigrantquebec.com\/fr\/#organization","name":"Immigrant Qu\u00e9bec","url":"https:\/\/immigrantquebec.com\/fr\/","logo":{"@type":"ImageObject","inLanguage":"fr-FR","@id":"https:\/\/immigrantquebec.com\/fr\/#\/schema\/logo\/image\/","url":"https:\/\/immigrantquebec.com\/fr\/wp-content\/uploads\/2024\/03\/LogoIQ-2024-RVB.png","contentUrl":"https:\/\/immigrantquebec.com\/fr\/wp-content\/uploads\/2024\/03\/LogoIQ-2024-RVB.png","width":2500,"height":1137,"caption":"Immigrant Qu\u00e9bec"},"image":{"@id":"https:\/\/immigrantquebec.com\/fr\/#\/schema\/logo\/image\/"},"sameAs":["https:\/\/www.facebook.com\/immigrantquebec","https:\/\/x.com\/ImmigrantQuebec","https:\/\/www.instagram.com\/immigrantquebec","https:\/\/www.youtube.com\/user\/ImmigrantQc"]},{"@type":"Person","@id":"https:\/\/immigrantquebec.com\/fr\/#\/schema\/person\/63d6edf97acc1f44158f71cb74f7710a","name":"Soufian AJLANI","image":{"@type":"ImageObject","inLanguage":"fr-FR","@id":"https:\/\/secure.gravatar.com\/avatar\/718c60b28c96a06d8f84b06639bc4cc6d8602bed2dec125d3261d0e1ec69b9c7?s=96&d=mm&r=g","url":"https:\/\/secure.gravatar.com\/avatar\/718c60b28c96a06d8f84b06639bc4cc6d8602bed2dec125d3261d0e1ec69b9c7?s=96&d=mm&r=g","contentUrl":"https:\/\/secure.gravatar.com\/avatar\/718c60b28c96a06d8f84b06639bc4cc6d8602bed2dec125d3261d0e1ec69b9c7?s=96&d=mm&r=g","caption":"Soufian AJLANI"},"url":"https:\/\/immigrantquebec.com\/fr\/author\/soufian_iq\/"}]}},"_links":{"self":[{"href":"https:\/\/immigrantquebec.com\/fr\/wp-json\/wp\/v2\/posts\/17335","targetHints":{"allow":["GET"]}}],"collection":[{"href":"https:\/\/immigrantquebec.com\/fr\/wp-json\/wp\/v2\/posts"}],"about":[{"href":"https:\/\/immigrantquebec.com\/fr\/wp-json\/wp\/v2\/types\/post"}],"author":[{"embeddable":true,"href":"https:\/\/immigrantquebec.com\/fr\/wp-json\/wp\/v2\/users\/3567"}],"replies":[{"embeddable":true,"href":"https:\/\/immigrantquebec.com\/fr\/wp-json\/wp\/v2\/comments?post=17335"}],"version-history":[{"count":0,"href":"https:\/\/immigrantquebec.com\/fr\/wp-json\/wp\/v2\/posts\/17335\/revisions"}],"wp:featuredmedia":[{"embeddable":true,"href":"https:\/\/immigrantquebec.com\/fr\/wp-json\/wp\/v2\/media\/17354"}],"wp:attachment":[{"href":"https:\/\/immigrantquebec.com\/fr\/wp-json\/wp\/v2\/media?parent=17335"}],"wp:term":[{"taxonomy":"category","embeddable":true,"href":"https:\/\/immigrantquebec.com\/fr\/wp-json\/wp\/v2\/categories?post=17335"},{"taxonomy":"post_tag","embeddable":true,"href":"https:\/\/immigrantquebec.com\/fr\/wp-json\/wp\/v2\/tags?post=17335"}],"curies":[{"name":"wp","href":"https:\/\/api.w.org\/{rel}","templated":true}]}}