{"id":17746,"date":"2025-03-28T14:03:14","date_gmt":"2025-03-28T18:03:14","guid":{"rendered":"https:\/\/immigrantquebec.com\/fr\/?p=17746"},"modified":"2025-03-28T14:07:32","modified_gmt":"2025-03-28T18:07:32","slug":"un-rendez-vous-dun-nouveau-genre-au-salon-de-limmigration","status":"publish","type":"post","link":"https:\/\/immigrantquebec.com\/fr\/actualites\/un-rendez-vous-dun-nouveau-genre-au-salon-de-limmigration\/","title":{"rendered":"Un rendez-vous d\u2019un nouveau genre au Salon de l\u2019immigration"},"content":{"rendered":"\t\t<div data-elementor-type=\"wp-post\" data-elementor-id=\"17746\" class=\"elementor elementor-17746\" data-elementor-post-type=\"post\">\n\t\t\t\t\t\t<section class=\"elementor-section elementor-top-section elementor-element elementor-element-19214dd elementor-section-boxed elementor-section-height-default elementor-section-height-default\" data-id=\"19214dd\" data-element_type=\"section\" data-e-type=\"section\">\n\t\t\t\t\t\t<div class=\"elementor-container elementor-column-gap-default\">\n\t\t\t\t\t<div class=\"elementor-column elementor-col-100 elementor-top-column elementor-element elementor-element-9842c79\" data-id=\"9842c79\" data-element_type=\"column\" data-e-type=\"column\">\n\t\t\t<div class=\"elementor-widget-wrap elementor-element-populated\">\n\t\t\t\t\t\t<div class=\"elementor-element elementor-element-fe67a41 elementor-widget elementor-widget-text-editor\" data-id=\"fe67a41\" data-element_type=\"widget\" data-e-type=\"widget\" data-widget_type=\"text-editor.default\">\n\t\t\t\t\t\t\t\t\t<p style=\"font-weight: 400;\"><span>Une nouvelle activit\u00e9 de recrutement fera son apparition au Salon de l\u2019immigration et de l\u2019int\u00e9gration au Qu\u00e9bec, les 14 et 15\u00a0mai 2025 \u00e0 Montr\u00e9al. L\u2019initiative d\u2019Investissement Qu\u00e9bec permettra aux candidats pr\u00e9s\u00e9lectionn\u00e9s de d\u00e9crocher un emploi dans plusieurs secteurs en r\u00e9gion\u2009!<\/span><\/p><p><span style=\"font-weight: 400;\">Vous r\u00e9sidez au Qu\u00e9bec avec un statut permanent ou temporaire, avec un permis de travail ouvert valide\u2009? Vous envisagez d\u2019aller vivre et travailler en r\u00e9gion\u2009? Cette activit\u00e9 est faite pour vous\u2009!<\/span><\/p>\t\t\t\t\t\t\t\t<\/div>\n\t\t\t\t\t<\/div>\n\t\t<\/div>\n\t\t\t\t\t<\/div>\n\t\t<\/section>\n\t\t\t\t<section class=\"elementor-section elementor-top-section elementor-element elementor-element-ffbe840 elementor-section-boxed elementor-section-height-default elementor-section-height-default\" data-id=\"ffbe840\" data-element_type=\"section\" data-e-type=\"section\">\n\t\t\t\t\t\t<div class=\"elementor-container elementor-column-gap-default\">\n\t\t\t\t\t<div class=\"elementor-column elementor-col-100 elementor-top-column elementor-element elementor-element-e96d5a7\" data-id=\"e96d5a7\" data-element_type=\"column\" data-e-type=\"column\">\n\t\t\t<div class=\"elementor-widget-wrap elementor-element-populated\">\n\t\t\t\t\t\t<div class=\"elementor-element elementor-element-ed64b88 elementor-widget elementor-widget-heading\" data-id=\"ed64b88\" data-element_type=\"widget\" data-e-type=\"widget\" data-widget_type=\"heading.default\">\n\t\t\t\t\t<h2 class=\"elementor-heading-title elementor-size-default\">240 emplois, 7 r\u00e9gions<\/h2>\t\t\t\t<\/div>\n\t\t\t\t\t<\/div>\n\t\t<\/div>\n\t\t\t\t\t<\/div>\n\t\t<\/section>\n\t\t\t\t<section class=\"elementor-section elementor-top-section elementor-element elementor-element-68a546d elementor-section-boxed elementor-section-height-default elementor-section-height-default\" data-id=\"68a546d\" data-element_type=\"section\" data-e-type=\"section\">\n\t\t\t\t\t\t<div class=\"elementor-container elementor-column-gap-default\">\n\t\t\t\t\t<div class=\"elementor-column elementor-col-100 elementor-top-column elementor-element elementor-element-b1dfdc6\" data-id=\"b1dfdc6\" data-element_type=\"column\" data-e-type=\"column\">\n\t\t\t<div class=\"elementor-widget-wrap elementor-element-populated\">\n\t\t\t\t\t\t<div class=\"elementor-element elementor-element-901810e elementor-widget elementor-widget-text-editor\" data-id=\"901810e\" data-element_type=\"widget\" data-e-type=\"widget\" data-widget_type=\"text-editor.default\">\n\t\t\t\t\t\t\t\t\t<p style=\"font-weight: 400;\"><strong><span>Plus de 240 emplois<\/span><\/strong><span> seront offerts \u00e0 l\u2019occasion de cette activit\u00e9 de recrutement, dans les secteurs\u00a0:<\/span><\/p><ul style=\"font-weight: 400;\"><li><span>de l\u2019\u00e9ducation,<\/span><\/li><li><span>manufacturier,<\/span><\/li><li><span>de l\u2019a\u00e9ronautique,<\/span><\/li><li><span>du g\u00e9nie et de la construction,<\/span><\/li><li><span>de la transformation alimentaire, ou encore<\/span><\/li><li><span>de la construction navale et du transport maritime.<\/span><\/li><\/ul><p style=\"font-weight: 400;\"><span>S\u2019agissant d\u2019une activit\u00e9 de recrutement sp\u00e9cialement d\u00e9di\u00e9e aux r\u00e9gions, vous aurez la chance de rencontrer des employeurs venus de <strong>Mont\u00e9r\u00e9gie, du Centre-du-Qu\u00e9bec, de la Capitale-Nationale, de Chaudi\u00e8re-Appalaches, du Bas-Saint-Laurent, de la Gasp\u00e9sie et du Nord-du-Qu\u00e9bec<\/strong>.<\/span><\/p>\t\t\t\t\t\t\t\t<\/div>\n\t\t\t\t\t<\/div>\n\t\t<\/div>\n\t\t\t\t\t<\/div>\n\t\t<\/section>\n\t\t\t\t<section class=\"elementor-section elementor-top-section elementor-element elementor-element-6f1ffa4 elementor-section-boxed elementor-section-height-default elementor-section-height-default\" data-id=\"6f1ffa4\" data-element_type=\"section\" data-e-type=\"section\">\n\t\t\t\t\t\t<div class=\"elementor-container elementor-column-gap-default\">\n\t\t\t\t\t<div class=\"elementor-column elementor-col-100 elementor-top-column elementor-element elementor-element-abb24a8\" data-id=\"abb24a8\" data-element_type=\"column\" data-e-type=\"column\">\n\t\t\t<div class=\"elementor-widget-wrap elementor-element-populated\">\n\t\t\t\t\t\t<div class=\"elementor-element elementor-element-af0def4 elementor-widget elementor-widget-heading\" data-id=\"af0def4\" data-element_type=\"widget\" data-e-type=\"widget\" data-widget_type=\"heading.default\">\n\t\t\t\t\t<h2 class=\"elementor-heading-title elementor-size-default\">Comment \u00e7a marche\u2009?<\/h2>\t\t\t\t<\/div>\n\t\t\t\t\t<\/div>\n\t\t<\/div>\n\t\t\t\t\t<\/div>\n\t\t<\/section>\n\t\t\t\t<section class=\"elementor-section elementor-top-section elementor-element elementor-element-3b840ef elementor-section-boxed elementor-section-height-default elementor-section-height-default\" data-id=\"3b840ef\" data-element_type=\"section\" data-e-type=\"section\">\n\t\t\t\t\t\t<div class=\"elementor-container elementor-column-gap-default\">\n\t\t\t\t\t<div class=\"elementor-column elementor-col-100 elementor-top-column elementor-element elementor-element-c798203\" data-id=\"c798203\" data-element_type=\"column\" data-e-type=\"column\">\n\t\t\t<div class=\"elementor-widget-wrap elementor-element-populated\">\n\t\t\t\t\t\t<div class=\"elementor-element elementor-element-c5630c4 elementor-widget elementor-widget-text-editor\" data-id=\"c5630c4\" data-element_type=\"widget\" data-e-type=\"widget\" data-widget_type=\"text-editor.default\">\n\t\t\t\t\t\t\t\t\t<div><span>Pour courir la chance d\u2019\u00eatre convi\u00e9 \u00e0 passer une entrevue, c\u2019est tr\u00e8s simple.<\/span><\/div>\t\t\t\t\t\t\t\t<\/div>\n\t\t\t\t\t<\/div>\n\t\t<\/div>\n\t\t\t\t\t<\/div>\n\t\t<\/section>\n\t\t\t\t<section class=\"elementor-section elementor-top-section elementor-element elementor-element-b64a068 elementor-section-boxed elementor-section-height-default elementor-section-height-default\" data-id=\"b64a068\" data-element_type=\"section\" data-e-type=\"section\">\n\t\t\t\t\t\t<div class=\"elementor-container elementor-column-gap-default\">\n\t\t\t\t\t<div class=\"elementor-column elementor-col-100 elementor-top-column elementor-element elementor-element-2cfe194\" data-id=\"2cfe194\" data-element_type=\"column\" data-e-type=\"column\">\n\t\t\t<div class=\"elementor-widget-wrap elementor-element-populated\">\n\t\t\t\t\t\t<div class=\"elementor-element elementor-element-91eece6 elementor-widget elementor-widget-text-editor\" data-id=\"91eece6\" data-element_type=\"widget\" data-e-type=\"widget\" data-widget_type=\"text-editor.default\">\n\t\t\t\t\t\t\t\t\t<h4>Premi\u00e8re \u00e9tape\u00a0: pr\u00e9senter votre candidature<\/h4><p style=\"font-weight: 400;\"><span>Renseignez-vous sur les emplois disponibles, inscrivez-vous en ligne et postulez. C\u2019est tout.<\/span><\/p><p><span style=\"font-weight: 400;\">Vous avez <strong>jusqu\u2019au 28\u00a0avril 2025<\/strong> pour d\u00e9poser vos candidatures <\/span><strong><a href=\"https:\/\/salonimmigration.com\/recrutement-en-region-2025\/\" target=\"_blank\" rel=\"noopener\">depuis cette page<\/a><\/strong><span style=\"font-weight: 400;\">.<\/span><\/p>\t\t\t\t\t\t\t\t<\/div>\n\t\t\t\t\t<\/div>\n\t\t<\/div>\n\t\t\t\t\t<\/div>\n\t\t<\/section>\n\t\t\t\t<section class=\"elementor-section elementor-top-section elementor-element elementor-element-78e2151 elementor-section-boxed elementor-section-height-default elementor-section-height-default\" data-id=\"78e2151\" data-element_type=\"section\" data-e-type=\"section\">\n\t\t\t\t\t\t<div class=\"elementor-container elementor-column-gap-default\">\n\t\t\t\t\t<div class=\"elementor-column elementor-col-100 elementor-top-column elementor-element elementor-element-dfafb81\" data-id=\"dfafb81\" data-element_type=\"column\" data-e-type=\"column\">\n\t\t\t<div class=\"elementor-widget-wrap elementor-element-populated\">\n\t\t\t\t\t\t<div class=\"elementor-element elementor-element-3dfa4bf elementor-widget elementor-widget-text-editor\" data-id=\"3dfa4bf\" data-element_type=\"widget\" data-e-type=\"widget\" data-widget_type=\"text-editor.default\">\n\t\t\t\t\t\t\t\t\t<h4>Seconde \u00e9tape\u00a0: confirmer votre pr\u00e9sence<\/h4><p style=\"font-weight: 400;\"><span>Si votre candidature retient l\u2019attention d\u2019un employeur, vous recevrez un courriel intitul\u00e9 \u00ab\u2009Convocation \u00e0 un entretien d\u2019embauche\u2009\u00bb, assorti d\u2019une date et d\u2019une heure.<\/span><\/p><p><span style=\"font-weight: 400;\">Vous aurez <strong>jusqu\u2019au 5\u00a0mai 2025<\/strong> pour confirmer votre pr\u00e9sence.<\/span><\/p>\t\t\t\t\t\t\t\t<\/div>\n\t\t\t\t\t<\/div>\n\t\t<\/div>\n\t\t\t\t\t<\/div>\n\t\t<\/section>\n\t\t\t\t<section class=\"elementor-section elementor-top-section elementor-element elementor-element-e97a215 elementor-section-boxed elementor-section-height-default elementor-section-height-default\" data-id=\"e97a215\" data-element_type=\"section\" data-e-type=\"section\">\n\t\t\t\t\t\t<div class=\"elementor-container elementor-column-gap-default\">\n\t\t\t\t\t<div class=\"elementor-column elementor-col-100 elementor-top-column elementor-element elementor-element-cf94765\" data-id=\"cf94765\" data-element_type=\"column\" data-e-type=\"column\">\n\t\t\t<div class=\"elementor-widget-wrap elementor-element-populated\">\n\t\t\t\t\t\t<div class=\"elementor-element elementor-element-3bae9fd elementor-widget elementor-widget-text-editor\" data-id=\"3bae9fd\" data-element_type=\"widget\" data-e-type=\"widget\" data-widget_type=\"text-editor.default\">\n\t\t\t\t\t\t\t\t\t<h4><span>Troisi\u00e8me \u00e9tape\u00a0: passez votre entretien\u2009!<\/span><\/h4><p style=\"font-weight: 400;\"><span>Tous les entretiens auront lieu les 14 et 15\u00a0mai 2025, en pr\u00e9sentiel, au Palais des congr\u00e8s de Montr\u00e9al, o\u00f9 se d\u00e9roulera le Salon de l\u2019immigration et de l\u2019int\u00e9gration au Qu\u00e9bec.<\/span><\/p><p><span style=\"font-weight: 400;\">Vous aurez simplement besoin d\u2019apporter une copie de votre convocation, ainsi qu\u2019une pi\u00e8ce d\u2019identit\u00e9.<\/span><\/p>\t\t\t\t\t\t\t\t<\/div>\n\t\t\t\t\t<\/div>\n\t\t<\/div>\n\t\t\t\t\t<\/div>\n\t\t<\/section>\n\t\t\t\t<section class=\"elementor-section elementor-top-section elementor-element elementor-element-c447e3b elementor-section-boxed elementor-section-height-default elementor-section-height-default\" data-id=\"c447e3b\" data-element_type=\"section\" data-e-type=\"section\">\n\t\t\t\t\t\t<div class=\"elementor-container elementor-column-gap-default\">\n\t\t\t\t\t<div class=\"elementor-column elementor-col-100 elementor-top-column elementor-element elementor-element-5a0fa54\" data-id=\"5a0fa54\" data-element_type=\"column\" data-e-type=\"column\">\n\t\t\t<div class=\"elementor-widget-wrap elementor-element-populated\">\n\t\t\t\t\t\t<div class=\"elementor-element elementor-element-07eb5cc elementor-widget elementor-widget-text-editor\" data-id=\"07eb5cc\" data-element_type=\"widget\" data-e-type=\"widget\" data-widget_type=\"text-editor.default\">\n\t\t\t\t\t\t\t\t\t<p><em>Pour plus d&rsquo;informations sur le Salon de l&rsquo;immigration et de l&rsquo;int\u00e9gration au Qu\u00e9bec &#8211; Printemps 2025, <a href=\"https:\/\/salonimmigration.com\" target=\"_blank\" rel=\"noopener\"><strong>rendez-vous sur la page de l&rsquo;\u00e9v\u00e9nement<\/strong><\/a>.<\/em><\/p>\t\t\t\t\t\t\t\t<\/div>\n\t\t\t\t\t<\/div>\n\t\t<\/div>\n\t\t\t\t\t<\/div>\n\t\t<\/section>\n\t\t\t\t<section class=\"elementor-section elementor-top-section elementor-element elementor-element-8423b1b elementor-section-boxed elementor-section-height-default elementor-section-height-default\" data-id=\"8423b1b\" data-element_type=\"section\" data-e-type=\"section\">\n\t\t\t\t\t\t<div class=\"elementor-container elementor-column-gap-default\">\n\t\t\t\t\t<div class=\"elementor-column elementor-col-100 elementor-top-column elementor-element elementor-element-09d36ad\" data-id=\"09d36ad\" data-element_type=\"column\" data-e-type=\"column\">\n\t\t\t<div class=\"elementor-widget-wrap elementor-element-populated\">\n\t\t\t\t\t\t<div class=\"elementor-element elementor-element-67dd743 elementor-widget elementor-widget-text-editor\" data-id=\"67dd743\" data-element_type=\"widget\" data-e-type=\"widget\" data-widget_type=\"text-editor.default\">\n\t\t\t\t\t\t\t\t\t<p><em>Photo : Immigrant Qu\u00e9bec<\/em><\/p>\t\t\t\t\t\t\t\t<\/div>\n\t\t\t\t\t<\/div>\n\t\t<\/div>\n\t\t\t\t\t<\/div>\n\t\t<\/section>\n\t\t\t\t<\/div>\n\t\t","protected":false},"excerpt":{"rendered":"<p>Une nouvelle activit\u00e9 de recrutement fera son apparition au Salon de l\u2019immigration, les 14 et 15 mai 2025 \u00e0 Montr\u00e9al.<\/p>\n","protected":false},"author":3459,"featured_media":17747,"comment_status":"closed","ping_status":"closed","sticky":false,"template":"","format":"standard","meta":{"_acf_changed":false,"_genesis_hide_title":false,"_genesis_hide_breadcrumbs":false,"_genesis_hide_singular_image":false,"_genesis_hide_footer_widgets":false,"_genesis_custom_body_class":"","_genesis_custom_post_class":"","_genesis_layout":"","footnotes":""},"categories":[1],"tags":[],"class_list":{"0":"post-17746","1":"post","2":"type-post","3":"status-publish","4":"format-standard","5":"has-post-thumbnail","7":"category-actualites","8":"entry"},"acf":[],"yoast_head":"<!-- This site is optimized with the Yoast SEO plugin v27.5 - https:\/\/yoast.com\/product\/yoast-seo-wordpress\/ -->\n<title>Un rendez-vous d\u2019un nouveau genre au Salon de l\u2019immigration - Immigrant Qu\u00e9bec<\/title>\n<meta name=\"description\" content=\"Une nouvelle activit\u00e9 de recrutement fera son apparition au Salon de l\u2019immigration, les 14 et 15 mai 2025 \u00e0 Montr\u00e9al.\" \/>\n<meta name=\"robots\" content=\"index, follow, max-snippet:-1, max-image-preview:large, max-video-preview:-1\" \/>\n<link rel=\"canonical\" href=\"https:\/\/immigrantquebec.com\/fr\/actualites\/un-rendez-vous-dun-nouveau-genre-au-salon-de-limmigration\/\" \/>\n<meta property=\"og:locale\" content=\"fr_FR\" \/>\n<meta property=\"og:type\" content=\"article\" \/>\n<meta property=\"og:title\" content=\"Un rendez-vous d\u2019un nouveau genre au Salon de l\u2019immigration - Immigrant Qu\u00e9bec\" \/>\n<meta property=\"og:description\" content=\"Une nouvelle activit\u00e9 de recrutement fera son apparition au Salon de l\u2019immigration, les 14 et 15 mai 2025 \u00e0 Montr\u00e9al.\" \/>\n<meta property=\"og:url\" content=\"https:\/\/immigrantquebec.com\/fr\/actualites\/un-rendez-vous-dun-nouveau-genre-au-salon-de-limmigration\/\" \/>\n<meta property=\"og:site_name\" content=\"Immigrant Qu\u00e9bec\" \/>\n<meta property=\"article:publisher\" content=\"https:\/\/www.facebook.com\/immigrantquebec\" \/>\n<meta property=\"article:published_time\" content=\"2025-03-28T18:03:14+00:00\" \/>\n<meta property=\"article:modified_time\" content=\"2025-03-28T18:07:32+00:00\" \/>\n<meta property=\"og:image\" content=\"https:\/\/immigrantquebec.com\/fr\/wp-content\/uploads\/2025\/03\/Photo-Activite-de-recrutement-en-region.png\" \/>\n\t<meta property=\"og:image:width\" content=\"950\" \/>\n\t<meta property=\"og:image:height\" content=\"400\" \/>\n\t<meta property=\"og:image:type\" content=\"image\/png\" \/>\n<meta name=\"author\" content=\"Basile Moratille\" \/>\n<meta name=\"twitter:label1\" content=\"\u00c9crit par\" \/>\n\t<meta name=\"twitter:data1\" content=\"Basile Moratille\" \/>\n\t<meta name=\"twitter:label2\" content=\"Dur\u00e9e de lecture estim\u00e9e\" \/>\n\t<meta name=\"twitter:data2\" content=\"2 minutes\" \/>\n<script type=\"application\/ld+json\" class=\"yoast-schema-graph\">{\"@context\":\"https:\\\/\\\/schema.org\",\"@graph\":[{\"@type\":\"Article\",\"@id\":\"https:\\\/\\\/immigrantquebec.com\\\/fr\\\/actualites\\\/un-rendez-vous-dun-nouveau-genre-au-salon-de-limmigration\\\/#article\",\"isPartOf\":{\"@id\":\"https:\\\/\\\/immigrantquebec.com\\\/fr\\\/actualites\\\/un-rendez-vous-dun-nouveau-genre-au-salon-de-limmigration\\\/\"},\"author\":{\"name\":\"Basile Moratille\",\"@id\":\"https:\\\/\\\/immigrantquebec.com\\\/fr\\\/#\\\/schema\\\/person\\\/eed5ca7ba2c1007e602ee9b9b87fb4b8\"},\"headline\":\"Un rendez-vous d\u2019un nouveau genre au Salon de l\u2019immigration\",\"datePublished\":\"2025-03-28T18:03:14+00:00\",\"dateModified\":\"2025-03-28T18:07:32+00:00\",\"mainEntityOfPage\":{\"@id\":\"https:\\\/\\\/immigrantquebec.com\\\/fr\\\/actualites\\\/un-rendez-vous-dun-nouveau-genre-au-salon-de-limmigration\\\/\"},\"wordCount\":376,\"publisher\":{\"@id\":\"https:\\\/\\\/immigrantquebec.com\\\/fr\\\/#organization\"},\"image\":{\"@id\":\"https:\\\/\\\/immigrantquebec.com\\\/fr\\\/actualites\\\/un-rendez-vous-dun-nouveau-genre-au-salon-de-limmigration\\\/#primaryimage\"},\"thumbnailUrl\":\"https:\\\/\\\/immigrantquebec.com\\\/fr\\\/wp-content\\\/uploads\\\/2025\\\/03\\\/Photo-Activite-de-recrutement-en-region.png\",\"articleSection\":[\"Actualit\u00e9s\"],\"inLanguage\":\"fr-FR\"},{\"@type\":\"WebPage\",\"@id\":\"https:\\\/\\\/immigrantquebec.com\\\/fr\\\/actualites\\\/un-rendez-vous-dun-nouveau-genre-au-salon-de-limmigration\\\/\",\"url\":\"https:\\\/\\\/immigrantquebec.com\\\/fr\\\/actualites\\\/un-rendez-vous-dun-nouveau-genre-au-salon-de-limmigration\\\/\",\"name\":\"Un rendez-vous d\u2019un nouveau genre au Salon de l\u2019immigration - Immigrant Qu\u00e9bec\",\"isPartOf\":{\"@id\":\"https:\\\/\\\/immigrantquebec.com\\\/fr\\\/#website\"},\"primaryImageOfPage\":{\"@id\":\"https:\\\/\\\/immigrantquebec.com\\\/fr\\\/actualites\\\/un-rendez-vous-dun-nouveau-genre-au-salon-de-limmigration\\\/#primaryimage\"},\"image\":{\"@id\":\"https:\\\/\\\/immigrantquebec.com\\\/fr\\\/actualites\\\/un-rendez-vous-dun-nouveau-genre-au-salon-de-limmigration\\\/#primaryimage\"},\"thumbnailUrl\":\"https:\\\/\\\/immigrantquebec.com\\\/fr\\\/wp-content\\\/uploads\\\/2025\\\/03\\\/Photo-Activite-de-recrutement-en-region.png\",\"datePublished\":\"2025-03-28T18:03:14+00:00\",\"dateModified\":\"2025-03-28T18:07:32+00:00\",\"description\":\"Une nouvelle activit\u00e9 de recrutement fera son apparition au Salon de l\u2019immigration, les 14 et 15 mai 2025 \u00e0 Montr\u00e9al.\",\"breadcrumb\":{\"@id\":\"https:\\\/\\\/immigrantquebec.com\\\/fr\\\/actualites\\\/un-rendez-vous-dun-nouveau-genre-au-salon-de-limmigration\\\/#breadcrumb\"},\"inLanguage\":\"fr-FR\",\"potentialAction\":[{\"@type\":\"ReadAction\",\"target\":[\"https:\\\/\\\/immigrantquebec.com\\\/fr\\\/actualites\\\/un-rendez-vous-dun-nouveau-genre-au-salon-de-limmigration\\\/\"]}]},{\"@type\":\"ImageObject\",\"inLanguage\":\"fr-FR\",\"@id\":\"https:\\\/\\\/immigrantquebec.com\\\/fr\\\/actualites\\\/un-rendez-vous-dun-nouveau-genre-au-salon-de-limmigration\\\/#primaryimage\",\"url\":\"https:\\\/\\\/immigrantquebec.com\\\/fr\\\/wp-content\\\/uploads\\\/2025\\\/03\\\/Photo-Activite-de-recrutement-en-region.png\",\"contentUrl\":\"https:\\\/\\\/immigrantquebec.com\\\/fr\\\/wp-content\\\/uploads\\\/2025\\\/03\\\/Photo-Activite-de-recrutement-en-region.png\",\"width\":950,\"height\":400},{\"@type\":\"BreadcrumbList\",\"@id\":\"https:\\\/\\\/immigrantquebec.com\\\/fr\\\/actualites\\\/un-rendez-vous-dun-nouveau-genre-au-salon-de-limmigration\\\/#breadcrumb\",\"itemListElement\":[{\"@type\":\"ListItem\",\"position\":1,\"name\":\"Accueil\",\"item\":\"https:\\\/\\\/immigrantquebec.com\\\/fr\\\/\"},{\"@type\":\"ListItem\",\"position\":2,\"name\":\"Actualit\u00e9s\",\"item\":\"https:\\\/\\\/immigrantquebec.com\\\/fr\\\/actualites\\\/\"},{\"@type\":\"ListItem\",\"position\":3,\"name\":\"Un rendez-vous d\u2019un nouveau genre au Salon de l\u2019immigration\"}]},{\"@type\":\"WebSite\",\"@id\":\"https:\\\/\\\/immigrantquebec.com\\\/fr\\\/#website\",\"url\":\"https:\\\/\\\/immigrantquebec.com\\\/fr\\\/\",\"name\":\"Immigrant Qu\u00e9bec\",\"description\":\"Immigrer, vivre, travailler et \u00e9tudier au Qu\u00e9bec, Canada\",\"publisher\":{\"@id\":\"https:\\\/\\\/immigrantquebec.com\\\/fr\\\/#organization\"},\"potentialAction\":[{\"@type\":\"SearchAction\",\"target\":{\"@type\":\"EntryPoint\",\"urlTemplate\":\"https:\\\/\\\/immigrantquebec.com\\\/fr\\\/?s={search_term_string}\"},\"query-input\":{\"@type\":\"PropertyValueSpecification\",\"valueRequired\":true,\"valueName\":\"search_term_string\"}}],\"inLanguage\":\"fr-FR\"},{\"@type\":\"Organization\",\"@id\":\"https:\\\/\\\/immigrantquebec.com\\\/fr\\\/#organization\",\"name\":\"Immigrant Qu\u00e9bec\",\"url\":\"https:\\\/\\\/immigrantquebec.com\\\/fr\\\/\",\"logo\":{\"@type\":\"ImageObject\",\"inLanguage\":\"fr-FR\",\"@id\":\"https:\\\/\\\/immigrantquebec.com\\\/fr\\\/#\\\/schema\\\/logo\\\/image\\\/\",\"url\":\"https:\\\/\\\/immigrantquebec.com\\\/fr\\\/wp-content\\\/uploads\\\/2024\\\/03\\\/LogoIQ-2024-RVB.png\",\"contentUrl\":\"https:\\\/\\\/immigrantquebec.com\\\/fr\\\/wp-content\\\/uploads\\\/2024\\\/03\\\/LogoIQ-2024-RVB.png\",\"width\":2500,\"height\":1137,\"caption\":\"Immigrant Qu\u00e9bec\"},\"image\":{\"@id\":\"https:\\\/\\\/immigrantquebec.com\\\/fr\\\/#\\\/schema\\\/logo\\\/image\\\/\"},\"sameAs\":[\"https:\\\/\\\/www.facebook.com\\\/immigrantquebec\",\"https:\\\/\\\/x.com\\\/ImmigrantQuebec\",\"https:\\\/\\\/www.instagram.com\\\/immigrantquebec\",\"https:\\\/\\\/www.youtube.com\\\/user\\\/ImmigrantQc\"]},{\"@type\":\"Person\",\"@id\":\"https:\\\/\\\/immigrantquebec.com\\\/fr\\\/#\\\/schema\\\/person\\\/eed5ca7ba2c1007e602ee9b9b87fb4b8\",\"name\":\"Basile Moratille\",\"image\":{\"@type\":\"ImageObject\",\"inLanguage\":\"fr-FR\",\"@id\":\"https:\\\/\\\/secure.gravatar.com\\\/avatar\\\/639aa731bb7134a1e944526697fe0549d67ab17e00987171296fb5362fc909e9?s=96&d=mm&r=g\",\"url\":\"https:\\\/\\\/secure.gravatar.com\\\/avatar\\\/639aa731bb7134a1e944526697fe0549d67ab17e00987171296fb5362fc909e9?s=96&d=mm&r=g\",\"contentUrl\":\"https:\\\/\\\/secure.gravatar.com\\\/avatar\\\/639aa731bb7134a1e944526697fe0549d67ab17e00987171296fb5362fc909e9?s=96&d=mm&r=g\",\"caption\":\"Basile Moratille\"},\"description\":\"Directeur des contenus et des publications, Immigrant Qu\u00e9bec.\",\"url\":\"https:\\\/\\\/immigrantquebec.com\\\/fr\\\/author\\\/basile-moratilleimmigrantquebec-com\\\/\"}]}<\/script>\n<!-- \/ Yoast SEO plugin. -->","yoast_head_json":{"title":"Un rendez-vous d\u2019un nouveau genre au Salon de l\u2019immigration - Immigrant Qu\u00e9bec","description":"Une nouvelle activit\u00e9 de recrutement fera son apparition au Salon de l\u2019immigration, les 14 et 15 mai 2025 \u00e0 Montr\u00e9al.","robots":{"index":"index","follow":"follow","max-snippet":"max-snippet:-1","max-image-preview":"max-image-preview:large","max-video-preview":"max-video-preview:-1"},"canonical":"https:\/\/immigrantquebec.com\/fr\/actualites\/un-rendez-vous-dun-nouveau-genre-au-salon-de-limmigration\/","og_locale":"fr_FR","og_type":"article","og_title":"Un rendez-vous d\u2019un nouveau genre au Salon de l\u2019immigration - Immigrant Qu\u00e9bec","og_description":"Une nouvelle activit\u00e9 de recrutement fera son apparition au Salon de l\u2019immigration, les 14 et 15 mai 2025 \u00e0 Montr\u00e9al.","og_url":"https:\/\/immigrantquebec.com\/fr\/actualites\/un-rendez-vous-dun-nouveau-genre-au-salon-de-limmigration\/","og_site_name":"Immigrant Qu\u00e9bec","article_publisher":"https:\/\/www.facebook.com\/immigrantquebec","article_published_time":"2025-03-28T18:03:14+00:00","article_modified_time":"2025-03-28T18:07:32+00:00","og_image":[{"width":950,"height":400,"url":"https:\/\/immigrantquebec.com\/fr\/wp-content\/uploads\/2025\/03\/Photo-Activite-de-recrutement-en-region.png","type":"image\/png"}],"author":"Basile Moratille","twitter_misc":{"\u00c9crit par":"Basile Moratille","Dur\u00e9e de lecture estim\u00e9e":"2 minutes"},"schema":{"@context":"https:\/\/schema.org","@graph":[{"@type":"Article","@id":"https:\/\/immigrantquebec.com\/fr\/actualites\/un-rendez-vous-dun-nouveau-genre-au-salon-de-limmigration\/#article","isPartOf":{"@id":"https:\/\/immigrantquebec.com\/fr\/actualites\/un-rendez-vous-dun-nouveau-genre-au-salon-de-limmigration\/"},"author":{"name":"Basile Moratille","@id":"https:\/\/immigrantquebec.com\/fr\/#\/schema\/person\/eed5ca7ba2c1007e602ee9b9b87fb4b8"},"headline":"Un rendez-vous d\u2019un nouveau genre au Salon de l\u2019immigration","datePublished":"2025-03-28T18:03:14+00:00","dateModified":"2025-03-28T18:07:32+00:00","mainEntityOfPage":{"@id":"https:\/\/immigrantquebec.com\/fr\/actualites\/un-rendez-vous-dun-nouveau-genre-au-salon-de-limmigration\/"},"wordCount":376,"publisher":{"@id":"https:\/\/immigrantquebec.com\/fr\/#organization"},"image":{"@id":"https:\/\/immigrantquebec.com\/fr\/actualites\/un-rendez-vous-dun-nouveau-genre-au-salon-de-limmigration\/#primaryimage"},"thumbnailUrl":"https:\/\/immigrantquebec.com\/fr\/wp-content\/uploads\/2025\/03\/Photo-Activite-de-recrutement-en-region.png","articleSection":["Actualit\u00e9s"],"inLanguage":"fr-FR"},{"@type":"WebPage","@id":"https:\/\/immigrantquebec.com\/fr\/actualites\/un-rendez-vous-dun-nouveau-genre-au-salon-de-limmigration\/","url":"https:\/\/immigrantquebec.com\/fr\/actualites\/un-rendez-vous-dun-nouveau-genre-au-salon-de-limmigration\/","name":"Un rendez-vous d\u2019un nouveau genre au Salon de l\u2019immigration - Immigrant Qu\u00e9bec","isPartOf":{"@id":"https:\/\/immigrantquebec.com\/fr\/#website"},"primaryImageOfPage":{"@id":"https:\/\/immigrantquebec.com\/fr\/actualites\/un-rendez-vous-dun-nouveau-genre-au-salon-de-limmigration\/#primaryimage"},"image":{"@id":"https:\/\/immigrantquebec.com\/fr\/actualites\/un-rendez-vous-dun-nouveau-genre-au-salon-de-limmigration\/#primaryimage"},"thumbnailUrl":"https:\/\/immigrantquebec.com\/fr\/wp-content\/uploads\/2025\/03\/Photo-Activite-de-recrutement-en-region.png","datePublished":"2025-03-28T18:03:14+00:00","dateModified":"2025-03-28T18:07:32+00:00","description":"Une nouvelle activit\u00e9 de recrutement fera son apparition au Salon de l\u2019immigration, les 14 et 15 mai 2025 \u00e0 Montr\u00e9al.","breadcrumb":{"@id":"https:\/\/immigrantquebec.com\/fr\/actualites\/un-rendez-vous-dun-nouveau-genre-au-salon-de-limmigration\/#breadcrumb"},"inLanguage":"fr-FR","potentialAction":[{"@type":"ReadAction","target":["https:\/\/immigrantquebec.com\/fr\/actualites\/un-rendez-vous-dun-nouveau-genre-au-salon-de-limmigration\/"]}]},{"@type":"ImageObject","inLanguage":"fr-FR","@id":"https:\/\/immigrantquebec.com\/fr\/actualites\/un-rendez-vous-dun-nouveau-genre-au-salon-de-limmigration\/#primaryimage","url":"https:\/\/immigrantquebec.com\/fr\/wp-content\/uploads\/2025\/03\/Photo-Activite-de-recrutement-en-region.png","contentUrl":"https:\/\/immigrantquebec.com\/fr\/wp-content\/uploads\/2025\/03\/Photo-Activite-de-recrutement-en-region.png","width":950,"height":400},{"@type":"BreadcrumbList","@id":"https:\/\/immigrantquebec.com\/fr\/actualites\/un-rendez-vous-dun-nouveau-genre-au-salon-de-limmigration\/#breadcrumb","itemListElement":[{"@type":"ListItem","position":1,"name":"Accueil","item":"https:\/\/immigrantquebec.com\/fr\/"},{"@type":"ListItem","position":2,"name":"Actualit\u00e9s","item":"https:\/\/immigrantquebec.com\/fr\/actualites\/"},{"@type":"ListItem","position":3,"name":"Un rendez-vous d\u2019un nouveau genre au Salon de l\u2019immigration"}]},{"@type":"WebSite","@id":"https:\/\/immigrantquebec.com\/fr\/#website","url":"https:\/\/immigrantquebec.com\/fr\/","name":"Immigrant Qu\u00e9bec","description":"Immigrer, vivre, travailler et \u00e9tudier au Qu\u00e9bec, Canada","publisher":{"@id":"https:\/\/immigrantquebec.com\/fr\/#organization"},"potentialAction":[{"@type":"SearchAction","target":{"@type":"EntryPoint","urlTemplate":"https:\/\/immigrantquebec.com\/fr\/?s={search_term_string}"},"query-input":{"@type":"PropertyValueSpecification","valueRequired":true,"valueName":"search_term_string"}}],"inLanguage":"fr-FR"},{"@type":"Organization","@id":"https:\/\/immigrantquebec.com\/fr\/#organization","name":"Immigrant Qu\u00e9bec","url":"https:\/\/immigrantquebec.com\/fr\/","logo":{"@type":"ImageObject","inLanguage":"fr-FR","@id":"https:\/\/immigrantquebec.com\/fr\/#\/schema\/logo\/image\/","url":"https:\/\/immigrantquebec.com\/fr\/wp-content\/uploads\/2024\/03\/LogoIQ-2024-RVB.png","contentUrl":"https:\/\/immigrantquebec.com\/fr\/wp-content\/uploads\/2024\/03\/LogoIQ-2024-RVB.png","width":2500,"height":1137,"caption":"Immigrant Qu\u00e9bec"},"image":{"@id":"https:\/\/immigrantquebec.com\/fr\/#\/schema\/logo\/image\/"},"sameAs":["https:\/\/www.facebook.com\/immigrantquebec","https:\/\/x.com\/ImmigrantQuebec","https:\/\/www.instagram.com\/immigrantquebec","https:\/\/www.youtube.com\/user\/ImmigrantQc"]},{"@type":"Person","@id":"https:\/\/immigrantquebec.com\/fr\/#\/schema\/person\/eed5ca7ba2c1007e602ee9b9b87fb4b8","name":"Basile Moratille","image":{"@type":"ImageObject","inLanguage":"fr-FR","@id":"https:\/\/secure.gravatar.com\/avatar\/639aa731bb7134a1e944526697fe0549d67ab17e00987171296fb5362fc909e9?s=96&d=mm&r=g","url":"https:\/\/secure.gravatar.com\/avatar\/639aa731bb7134a1e944526697fe0549d67ab17e00987171296fb5362fc909e9?s=96&d=mm&r=g","contentUrl":"https:\/\/secure.gravatar.com\/avatar\/639aa731bb7134a1e944526697fe0549d67ab17e00987171296fb5362fc909e9?s=96&d=mm&r=g","caption":"Basile Moratille"},"description":"Directeur des contenus et des publications, Immigrant Qu\u00e9bec.","url":"https:\/\/immigrantquebec.com\/fr\/author\/basile-moratilleimmigrantquebec-com\/"}]}},"_links":{"self":[{"href":"https:\/\/immigrantquebec.com\/fr\/wp-json\/wp\/v2\/posts\/17746","targetHints":{"allow":["GET"]}}],"collection":[{"href":"https:\/\/immigrantquebec.com\/fr\/wp-json\/wp\/v2\/posts"}],"about":[{"href":"https:\/\/immigrantquebec.com\/fr\/wp-json\/wp\/v2\/types\/post"}],"author":[{"embeddable":true,"href":"https:\/\/immigrantquebec.com\/fr\/wp-json\/wp\/v2\/users\/3459"}],"replies":[{"embeddable":true,"href":"https:\/\/immigrantquebec.com\/fr\/wp-json\/wp\/v2\/comments?post=17746"}],"version-history":[{"count":0,"href":"https:\/\/immigrantquebec.com\/fr\/wp-json\/wp\/v2\/posts\/17746\/revisions"}],"wp:featuredmedia":[{"embeddable":true,"href":"https:\/\/immigrantquebec.com\/fr\/wp-json\/wp\/v2\/media\/17747"}],"wp:attachment":[{"href":"https:\/\/immigrantquebec.com\/fr\/wp-json\/wp\/v2\/media?parent=17746"}],"wp:term":[{"taxonomy":"category","embeddable":true,"href":"https:\/\/immigrantquebec.com\/fr\/wp-json\/wp\/v2\/categories?post=17746"},{"taxonomy":"post_tag","embeddable":true,"href":"https:\/\/immigrantquebec.com\/fr\/wp-json\/wp\/v2\/tags?post=17746"}],"curies":[{"name":"wp","href":"https:\/\/api.w.org\/{rel}","templated":true}]}}