{"id":17950,"date":"2025-04-11T09:30:23","date_gmt":"2025-04-11T13:30:23","guid":{"rendered":"https:\/\/immigrantquebec.com\/fr\/?p=17950"},"modified":"2025-04-22T11:24:46","modified_gmt":"2025-04-22T15:24:46","slug":"salon-de-limmigration-printemps-2025-un-nouvel-espace-pour-les-demandeurs-dasile","status":"publish","type":"post","link":"https:\/\/immigrantquebec.com\/fr\/actualites\/salon-de-limmigration-printemps-2025-un-nouvel-espace-pour-les-demandeurs-dasile\/","title":{"rendered":"Salon de l\u2019immigration \u2014 Printemps 2025 : Un nouvel espace pour les demandeurs d\u2019asile"},"content":{"rendered":"\t\t<div data-elementor-type=\"wp-post\" data-elementor-id=\"17950\" class=\"elementor elementor-17950\" data-elementor-post-type=\"post\">\n\t\t\t\t\t\t<section class=\"elementor-section elementor-top-section elementor-element elementor-element-03c09cc elementor-section-boxed elementor-section-height-default elementor-section-height-default\" data-id=\"03c09cc\" data-element_type=\"section\" data-e-type=\"section\">\n\t\t\t\t\t\t<div class=\"elementor-container elementor-column-gap-default\">\n\t\t\t\t\t<div class=\"elementor-column elementor-col-100 elementor-top-column elementor-element elementor-element-16c31d9\" data-id=\"16c31d9\" data-element_type=\"column\" data-e-type=\"column\">\n\t\t\t<div class=\"elementor-widget-wrap elementor-element-populated\">\n\t\t\t\t\t\t<div class=\"elementor-element elementor-element-5f585d7 elementor-widget elementor-widget-text-editor\" data-id=\"5f585d7\" data-element_type=\"widget\" data-e-type=\"widget\" data-widget_type=\"text-editor.default\">\n\t\t\t\t\t\t\t\t\t<div><span>Les demandeurs d\u2019asile font face \u00e0 de nombreux d\u00e9fis, qui n\u00e9cessitent bien souvent une approche particuli\u00e8re. L\u2019id\u00e9e de proposer, au Salon de l\u2019immigration, un espace d\u00e9di\u00e9 \u00e0 l\u2019accueil de ces personnes appara\u00eet comme une \u00e9volution presque logique face aux enjeux actuellement pos\u00e9s par l\u2019immigration au Qu\u00e9bec.<\/span><\/div>\t\t\t\t\t\t\t\t<\/div>\n\t\t\t\t\t<\/div>\n\t\t<\/div>\n\t\t\t\t\t<\/div>\n\t\t<\/section>\n\t\t\t\t<section class=\"elementor-section elementor-top-section elementor-element elementor-element-81eea0f elementor-section-boxed elementor-section-height-default elementor-section-height-default\" data-id=\"81eea0f\" data-element_type=\"section\" data-e-type=\"section\">\n\t\t\t\t\t\t<div class=\"elementor-container elementor-column-gap-default\">\n\t\t\t\t\t<div class=\"elementor-column elementor-col-100 elementor-top-column elementor-element elementor-element-672941d\" data-id=\"672941d\" data-element_type=\"column\" data-e-type=\"column\">\n\t\t\t<div class=\"elementor-widget-wrap elementor-element-populated\">\n\t\t\t\t\t\t<div class=\"elementor-element elementor-element-bcf4551 elementor-widget elementor-widget-text-editor\" data-id=\"bcf4551\" data-element_type=\"widget\" data-e-type=\"widget\" data-widget_type=\"text-editor.default\">\n\t\t\t\t\t\t\t\t\t<div><span>Ce nouvel espace, offert par le <b>Centre d\u2019appui aux communaut\u00e9s immigrantes (CACI)<\/b>, a \u00e9t\u00e9 con\u00e7u pour offrir un point de rep\u00e8re chaleureux et informatif, o\u00f9 toutes et tous peuvent trouver des r\u00e9ponses \u00e0 leurs questions et des ressources concr\u00e8tes pour les aider dans leur projet.<\/span><\/div>\t\t\t\t\t\t\t\t<\/div>\n\t\t\t\t\t<\/div>\n\t\t<\/div>\n\t\t\t\t\t<\/div>\n\t\t<\/section>\n\t\t\t\t<section class=\"elementor-section elementor-top-section elementor-element elementor-element-e1c3682 elementor-section-boxed elementor-section-height-default elementor-section-height-default\" data-id=\"e1c3682\" data-element_type=\"section\" data-e-type=\"section\">\n\t\t\t\t\t\t<div class=\"elementor-container elementor-column-gap-default\">\n\t\t\t\t\t<div class=\"elementor-column elementor-col-100 elementor-top-column elementor-element elementor-element-1009422\" data-id=\"1009422\" data-element_type=\"column\" data-e-type=\"column\">\n\t\t\t<div class=\"elementor-widget-wrap elementor-element-populated\">\n\t\t\t\t\t\t<div class=\"elementor-element elementor-element-c248f55 elementor-widget elementor-widget-text-editor\" data-id=\"c248f55\" data-element_type=\"widget\" data-e-type=\"widget\" data-widget_type=\"text-editor.default\">\n\t\t\t\t\t\t\t\t\t<p style=\"font-weight: 400;\"><span>Plusieurs organismes sp\u00e9cialis\u00e9s seront ainsi pr\u00e9sents pour fournir\u00a0:<\/span><\/p><ul style=\"font-weight: 400;\"><li><span>Des renseignements sur les droits et d\u00e9marches li\u00e9es \u00e0 la demande d\u2019asile\u2009;<\/span><\/li><li><span>Des services personnalis\u00e9s d\u2019accompagnement\u2009;<\/span><\/li><li><span>Des ressources pour faciliter l\u2019int\u00e9gration, m\u00eame avant d\u2019obtenir le statut de r\u00e9fugi\u00e9.<\/span><\/li><\/ul><p style=\"font-weight: 400;\"><span>Avec cet espace, le Salon de l\u2019immigration confirme son engagement \u00e0 rendre l\u2019\u00e9v\u00e9nement plus accessible et inclusif pour toutes les personnes immigrantes, quels que soient leur statut et leurs besoins.<\/span><\/p>\t\t\t\t\t\t\t\t<\/div>\n\t\t\t\t\t<\/div>\n\t\t<\/div>\n\t\t\t\t\t<\/div>\n\t\t<\/section>\n\t\t\t\t<section class=\"elementor-section elementor-top-section elementor-element elementor-element-419ea2b elementor-section-boxed elementor-section-height-default elementor-section-height-default\" data-id=\"419ea2b\" data-element_type=\"section\" data-e-type=\"section\">\n\t\t\t\t\t\t<div class=\"elementor-container elementor-column-gap-default\">\n\t\t\t\t\t<div class=\"elementor-column elementor-col-100 elementor-top-column elementor-element elementor-element-b4c9c8b\" data-id=\"b4c9c8b\" data-element_type=\"column\" data-e-type=\"column\">\n\t\t\t<div class=\"elementor-widget-wrap elementor-element-populated\">\n\t\t\t\t\t\t<div class=\"elementor-element elementor-element-869c87e elementor-widget elementor-widget-text-editor\" data-id=\"869c87e\" data-element_type=\"widget\" data-e-type=\"widget\" data-widget_type=\"text-editor.default\">\n\t\t\t\t\t\t\t\t\t<p style=\"font-weight: 400;\"><span>C\u2019est aussi une mani\u00e8re de soutenir le travail des organismes communautaires qui aident les demandeurs d\u2019asile.<\/span><\/p>\t\t\t\t\t\t\t\t<\/div>\n\t\t\t\t\t<\/div>\n\t\t<\/div>\n\t\t\t\t\t<\/div>\n\t\t<\/section>\n\t\t\t\t<section class=\"elementor-section elementor-top-section elementor-element elementor-element-25654f6 elementor-section-boxed elementor-section-height-default elementor-section-height-default\" data-id=\"25654f6\" data-element_type=\"section\" data-e-type=\"section\">\n\t\t\t\t\t\t<div class=\"elementor-container elementor-column-gap-default\">\n\t\t\t\t\t<div class=\"elementor-column elementor-col-100 elementor-top-column elementor-element elementor-element-f765042\" data-id=\"f765042\" data-element_type=\"column\" data-e-type=\"column\">\n\t\t\t<div class=\"elementor-widget-wrap elementor-element-populated\">\n\t\t\t\t\t\t<div class=\"elementor-element elementor-element-87d68b6 elementor-widget elementor-widget-text-editor\" data-id=\"87d68b6\" data-element_type=\"widget\" data-e-type=\"widget\" data-widget_type=\"text-editor.default\">\n\t\t\t\t\t\t\t\t\t<p style=\"font-weight: 400;\"><span>Pour plus d\u2019informations, <\/span><strong><a href=\"https:\/\/salonimmigration.com\/espace-demandeurs-dasile\/\" target=\"_blank\" rel=\"noopener\">consultez la page de pr\u00e9sentation de cet espace in\u00e9dit<\/a><\/strong><span>, et venez en profiter les 14 et 15\u00a0mai 2025 au Salon de l\u2019immigration\u2009!<\/span><\/p>\t\t\t\t\t\t\t\t<\/div>\n\t\t\t\t\t<\/div>\n\t\t<\/div>\n\t\t\t\t\t<\/div>\n\t\t<\/section>\n\t\t\t\t<section class=\"elementor-section elementor-top-section elementor-element elementor-element-9f86bdf elementor-section-boxed elementor-section-height-default elementor-section-height-default\" data-id=\"9f86bdf\" data-element_type=\"section\" data-e-type=\"section\">\n\t\t\t\t\t\t<div class=\"elementor-container elementor-column-gap-default\">\n\t\t\t\t\t<div class=\"elementor-column elementor-col-100 elementor-top-column elementor-element elementor-element-8c4a168\" data-id=\"8c4a168\" data-element_type=\"column\" data-e-type=\"column\">\n\t\t\t<div class=\"elementor-widget-wrap elementor-element-populated\">\n\t\t\t\t\t\t<div class=\"elementor-element elementor-element-94a7e01 elementor-widget elementor-widget-text-editor\" data-id=\"94a7e01\" data-element_type=\"widget\" data-e-type=\"widget\" data-widget_type=\"text-editor.default\">\n\t\t\t\t\t\t\t\t\t<h2><strong>Informations pratiques<\/strong><\/h2><ul style=\"font-weight: 400;\"><li><strong><span>Quand\u00a0:<\/span><\/strong><span> 14\u00a0mai 2025 de 10\u00a0h \u00e0 18\u00a0h &#8211; 15\u00a0mai 2025 de 10\u00a0h \u00e0 17\u00a0h<\/span><\/li><li><strong><span>O\u00f9\u00a0:<\/span><\/strong><span> Palais des congr\u00e8s de Montr\u00e9al \u2014 M\u00e9tro Place-d\u2019Armes (ligne 2 &#8211; Orange)<\/span><\/li><li><strong><span>Inscription\u00a0:<\/span><\/strong><span> L\u2019entr\u00e9e est gratuite, mais l\u2019inscription est obligatoire. R\u00e9servez votre place d\u00e8s maintenant <strong><a href=\"https:\/\/salonimmigration.com\/billetterie\/\" target=\"_blank\" rel=\"noopener\">en vous inscrivant ici<\/a><\/strong> !<\/span><\/li><li><strong><span>Programme du salon\u00a0:<\/span><\/strong><span> Afin de pr\u00e9parer votre visite, rendez-vous <a href=\"https:\/\/www.salonimmigration.com\/\" target=\"_blank\" rel=\"noopener\">sur le site du Salon de l\u2019immigration<\/a>.<\/span><\/li><\/ul>\t\t\t\t\t\t\t\t<\/div>\n\t\t\t\t\t<\/div>\n\t\t<\/div>\n\t\t\t\t\t<\/div>\n\t\t<\/section>\n\t\t\t\t<section class=\"elementor-section elementor-top-section elementor-element elementor-element-eb5731c elementor-section-boxed elementor-section-height-default elementor-section-height-default\" data-id=\"eb5731c\" data-element_type=\"section\" data-e-type=\"section\">\n\t\t\t\t\t\t<div class=\"elementor-container elementor-column-gap-default\">\n\t\t\t\t\t<div class=\"elementor-column elementor-col-100 elementor-top-column elementor-element elementor-element-ef08621\" data-id=\"ef08621\" data-element_type=\"column\" data-e-type=\"column\">\n\t\t\t<div class=\"elementor-widget-wrap elementor-element-populated\">\n\t\t\t\t\t\t<div class=\"elementor-element elementor-element-106ee2d elementor-widget elementor-widget-text-editor\" data-id=\"106ee2d\" data-element_type=\"widget\" data-e-type=\"widget\" data-widget_type=\"text-editor.default\">\n\t\t\t\t\t\t\t\t\t<p style=\"font-weight: 400;\"><em><span>Photo : Getty Images\/Unsplash+<\/span><\/em><\/p>\t\t\t\t\t\t\t\t<\/div>\n\t\t\t\t\t<\/div>\n\t\t<\/div>\n\t\t\t\t\t<\/div>\n\t\t<\/section>\n\t\t\t\t<\/div>\n\t\t","protected":false},"excerpt":{"rendered":"<p>Ce nouvel espace, offert par le CACI, a \u00e9t\u00e9 con\u00e7u pour offrir un point de rep\u00e8re chaleureux et informatif pour les demandeurs d&rsquo;asile.<\/p>\n","protected":false},"author":3459,"featured_media":17958,"comment_status":"closed","ping_status":"closed","sticky":false,"template":"","format":"standard","meta":{"_acf_changed":false,"_genesis_hide_title":false,"_genesis_hide_breadcrumbs":false,"_genesis_hide_singular_image":false,"_genesis_hide_footer_widgets":false,"_genesis_custom_body_class":"","_genesis_custom_post_class":"","_genesis_layout":"","footnotes":""},"categories":[1],"tags":[],"class_list":{"0":"post-17950","1":"post","2":"type-post","3":"status-publish","4":"format-standard","5":"has-post-thumbnail","7":"category-actualites","8":"entry"},"acf":[],"yoast_head":"<!-- This site is optimized with the Yoast SEO plugin v27.5 - https:\/\/yoast.com\/product\/yoast-seo-wordpress\/ -->\n<title>Salon de l\u2019immigration \u2014 Printemps 2025 : Un nouvel espace pour les demandeurs d\u2019asile - Immigrant Qu\u00e9bec<\/title>\n<meta name=\"description\" content=\"Ce nouvel espace, offert par le CACI, a \u00e9t\u00e9 con\u00e7u pour offrir un point de rep\u00e8re chaleureux et informatif pour les demandeurs d&#039;asile.\" \/>\n<meta name=\"robots\" content=\"index, follow, max-snippet:-1, max-image-preview:large, max-video-preview:-1\" \/>\n<link rel=\"canonical\" href=\"https:\/\/immigrantquebec.com\/fr\/actualites\/salon-de-limmigration-printemps-2025-un-nouvel-espace-pour-les-demandeurs-dasile\/\" \/>\n<meta property=\"og:locale\" content=\"fr_FR\" \/>\n<meta property=\"og:type\" content=\"article\" \/>\n<meta property=\"og:title\" content=\"Salon de l\u2019immigration \u2014 Printemps 2025 : Un nouvel espace pour les demandeurs d\u2019asile - Immigrant Qu\u00e9bec\" \/>\n<meta property=\"og:description\" content=\"Ce nouvel espace, offert par le CACI, a \u00e9t\u00e9 con\u00e7u pour offrir un point de rep\u00e8re chaleureux et informatif pour les demandeurs d&#039;asile.\" \/>\n<meta property=\"og:url\" content=\"https:\/\/immigrantquebec.com\/fr\/actualites\/salon-de-limmigration-printemps-2025-un-nouvel-espace-pour-les-demandeurs-dasile\/\" \/>\n<meta property=\"og:site_name\" content=\"Immigrant Qu\u00e9bec\" \/>\n<meta property=\"article:publisher\" content=\"https:\/\/www.facebook.com\/immigrantquebec\" \/>\n<meta property=\"article:published_time\" content=\"2025-04-11T13:30:23+00:00\" \/>\n<meta property=\"article:modified_time\" content=\"2025-04-22T15:24:46+00:00\" \/>\n<meta property=\"og:image\" content=\"https:\/\/immigrantquebec.com\/fr\/wp-content\/uploads\/2025\/04\/getty-images-DWWygJnydTs-unsplash-950.jpg\" \/>\n\t<meta property=\"og:image:width\" content=\"950\" \/>\n\t<meta property=\"og:image:height\" content=\"400\" \/>\n\t<meta property=\"og:image:type\" content=\"image\/jpeg\" \/>\n<meta name=\"author\" content=\"Basile Moratille\" \/>\n<meta name=\"twitter:label1\" content=\"\u00c9crit par\" \/>\n\t<meta name=\"twitter:data1\" content=\"Basile Moratille\" \/>\n\t<meta name=\"twitter:label2\" content=\"Dur\u00e9e de lecture estim\u00e9e\" \/>\n\t<meta name=\"twitter:data2\" content=\"2 minutes\" \/>\n<script type=\"application\/ld+json\" class=\"yoast-schema-graph\">{\"@context\":\"https:\\\/\\\/schema.org\",\"@graph\":[{\"@type\":\"Article\",\"@id\":\"https:\\\/\\\/immigrantquebec.com\\\/fr\\\/actualites\\\/salon-de-limmigration-printemps-2025-un-nouvel-espace-pour-les-demandeurs-dasile\\\/#article\",\"isPartOf\":{\"@id\":\"https:\\\/\\\/immigrantquebec.com\\\/fr\\\/actualites\\\/salon-de-limmigration-printemps-2025-un-nouvel-espace-pour-les-demandeurs-dasile\\\/\"},\"author\":{\"name\":\"Basile Moratille\",\"@id\":\"https:\\\/\\\/immigrantquebec.com\\\/fr\\\/#\\\/schema\\\/person\\\/eed5ca7ba2c1007e602ee9b9b87fb4b8\"},\"headline\":\"Salon de l\u2019immigration \u2014 Printemps 2025 : Un nouvel espace pour les demandeurs d\u2019asile\",\"datePublished\":\"2025-04-11T13:30:23+00:00\",\"dateModified\":\"2025-04-22T15:24:46+00:00\",\"mainEntityOfPage\":{\"@id\":\"https:\\\/\\\/immigrantquebec.com\\\/fr\\\/actualites\\\/salon-de-limmigration-printemps-2025-un-nouvel-espace-pour-les-demandeurs-dasile\\\/\"},\"wordCount\":317,\"publisher\":{\"@id\":\"https:\\\/\\\/immigrantquebec.com\\\/fr\\\/#organization\"},\"image\":{\"@id\":\"https:\\\/\\\/immigrantquebec.com\\\/fr\\\/actualites\\\/salon-de-limmigration-printemps-2025-un-nouvel-espace-pour-les-demandeurs-dasile\\\/#primaryimage\"},\"thumbnailUrl\":\"https:\\\/\\\/immigrantquebec.com\\\/fr\\\/wp-content\\\/uploads\\\/2025\\\/04\\\/getty-images-DWWygJnydTs-unsplash-950.jpg\",\"articleSection\":[\"Actualit\u00e9s\"],\"inLanguage\":\"fr-FR\"},{\"@type\":\"WebPage\",\"@id\":\"https:\\\/\\\/immigrantquebec.com\\\/fr\\\/actualites\\\/salon-de-limmigration-printemps-2025-un-nouvel-espace-pour-les-demandeurs-dasile\\\/\",\"url\":\"https:\\\/\\\/immigrantquebec.com\\\/fr\\\/actualites\\\/salon-de-limmigration-printemps-2025-un-nouvel-espace-pour-les-demandeurs-dasile\\\/\",\"name\":\"Salon de l\u2019immigration \u2014 Printemps 2025 : Un nouvel espace pour les demandeurs d\u2019asile - Immigrant Qu\u00e9bec\",\"isPartOf\":{\"@id\":\"https:\\\/\\\/immigrantquebec.com\\\/fr\\\/#website\"},\"primaryImageOfPage\":{\"@id\":\"https:\\\/\\\/immigrantquebec.com\\\/fr\\\/actualites\\\/salon-de-limmigration-printemps-2025-un-nouvel-espace-pour-les-demandeurs-dasile\\\/#primaryimage\"},\"image\":{\"@id\":\"https:\\\/\\\/immigrantquebec.com\\\/fr\\\/actualites\\\/salon-de-limmigration-printemps-2025-un-nouvel-espace-pour-les-demandeurs-dasile\\\/#primaryimage\"},\"thumbnailUrl\":\"https:\\\/\\\/immigrantquebec.com\\\/fr\\\/wp-content\\\/uploads\\\/2025\\\/04\\\/getty-images-DWWygJnydTs-unsplash-950.jpg\",\"datePublished\":\"2025-04-11T13:30:23+00:00\",\"dateModified\":\"2025-04-22T15:24:46+00:00\",\"description\":\"Ce nouvel espace, offert par le CACI, a \u00e9t\u00e9 con\u00e7u pour offrir un point de rep\u00e8re chaleureux et informatif pour les demandeurs d'asile.\",\"breadcrumb\":{\"@id\":\"https:\\\/\\\/immigrantquebec.com\\\/fr\\\/actualites\\\/salon-de-limmigration-printemps-2025-un-nouvel-espace-pour-les-demandeurs-dasile\\\/#breadcrumb\"},\"inLanguage\":\"fr-FR\",\"potentialAction\":[{\"@type\":\"ReadAction\",\"target\":[\"https:\\\/\\\/immigrantquebec.com\\\/fr\\\/actualites\\\/salon-de-limmigration-printemps-2025-un-nouvel-espace-pour-les-demandeurs-dasile\\\/\"]}]},{\"@type\":\"ImageObject\",\"inLanguage\":\"fr-FR\",\"@id\":\"https:\\\/\\\/immigrantquebec.com\\\/fr\\\/actualites\\\/salon-de-limmigration-printemps-2025-un-nouvel-espace-pour-les-demandeurs-dasile\\\/#primaryimage\",\"url\":\"https:\\\/\\\/immigrantquebec.com\\\/fr\\\/wp-content\\\/uploads\\\/2025\\\/04\\\/getty-images-DWWygJnydTs-unsplash-950.jpg\",\"contentUrl\":\"https:\\\/\\\/immigrantquebec.com\\\/fr\\\/wp-content\\\/uploads\\\/2025\\\/04\\\/getty-images-DWWygJnydTs-unsplash-950.jpg\",\"width\":950,\"height\":400},{\"@type\":\"BreadcrumbList\",\"@id\":\"https:\\\/\\\/immigrantquebec.com\\\/fr\\\/actualites\\\/salon-de-limmigration-printemps-2025-un-nouvel-espace-pour-les-demandeurs-dasile\\\/#breadcrumb\",\"itemListElement\":[{\"@type\":\"ListItem\",\"position\":1,\"name\":\"Accueil\",\"item\":\"https:\\\/\\\/immigrantquebec.com\\\/fr\\\/\"},{\"@type\":\"ListItem\",\"position\":2,\"name\":\"Actualit\u00e9s\",\"item\":\"https:\\\/\\\/immigrantquebec.com\\\/fr\\\/actualites\\\/\"},{\"@type\":\"ListItem\",\"position\":3,\"name\":\"Salon de l\u2019immigration \u2014 Printemps 2025 : Un nouvel espace pour les demandeurs d\u2019asile\"}]},{\"@type\":\"WebSite\",\"@id\":\"https:\\\/\\\/immigrantquebec.com\\\/fr\\\/#website\",\"url\":\"https:\\\/\\\/immigrantquebec.com\\\/fr\\\/\",\"name\":\"Immigrant Qu\u00e9bec\",\"description\":\"Immigrer, vivre, travailler et \u00e9tudier au Qu\u00e9bec, Canada\",\"publisher\":{\"@id\":\"https:\\\/\\\/immigrantquebec.com\\\/fr\\\/#organization\"},\"potentialAction\":[{\"@type\":\"SearchAction\",\"target\":{\"@type\":\"EntryPoint\",\"urlTemplate\":\"https:\\\/\\\/immigrantquebec.com\\\/fr\\\/?s={search_term_string}\"},\"query-input\":{\"@type\":\"PropertyValueSpecification\",\"valueRequired\":true,\"valueName\":\"search_term_string\"}}],\"inLanguage\":\"fr-FR\"},{\"@type\":\"Organization\",\"@id\":\"https:\\\/\\\/immigrantquebec.com\\\/fr\\\/#organization\",\"name\":\"Immigrant Qu\u00e9bec\",\"url\":\"https:\\\/\\\/immigrantquebec.com\\\/fr\\\/\",\"logo\":{\"@type\":\"ImageObject\",\"inLanguage\":\"fr-FR\",\"@id\":\"https:\\\/\\\/immigrantquebec.com\\\/fr\\\/#\\\/schema\\\/logo\\\/image\\\/\",\"url\":\"https:\\\/\\\/immigrantquebec.com\\\/fr\\\/wp-content\\\/uploads\\\/2024\\\/03\\\/LogoIQ-2024-RVB.png\",\"contentUrl\":\"https:\\\/\\\/immigrantquebec.com\\\/fr\\\/wp-content\\\/uploads\\\/2024\\\/03\\\/LogoIQ-2024-RVB.png\",\"width\":2500,\"height\":1137,\"caption\":\"Immigrant Qu\u00e9bec\"},\"image\":{\"@id\":\"https:\\\/\\\/immigrantquebec.com\\\/fr\\\/#\\\/schema\\\/logo\\\/image\\\/\"},\"sameAs\":[\"https:\\\/\\\/www.facebook.com\\\/immigrantquebec\",\"https:\\\/\\\/x.com\\\/ImmigrantQuebec\",\"https:\\\/\\\/www.instagram.com\\\/immigrantquebec\",\"https:\\\/\\\/www.youtube.com\\\/user\\\/ImmigrantQc\"]},{\"@type\":\"Person\",\"@id\":\"https:\\\/\\\/immigrantquebec.com\\\/fr\\\/#\\\/schema\\\/person\\\/eed5ca7ba2c1007e602ee9b9b87fb4b8\",\"name\":\"Basile Moratille\",\"image\":{\"@type\":\"ImageObject\",\"inLanguage\":\"fr-FR\",\"@id\":\"https:\\\/\\\/secure.gravatar.com\\\/avatar\\\/639aa731bb7134a1e944526697fe0549d67ab17e00987171296fb5362fc909e9?s=96&d=mm&r=g\",\"url\":\"https:\\\/\\\/secure.gravatar.com\\\/avatar\\\/639aa731bb7134a1e944526697fe0549d67ab17e00987171296fb5362fc909e9?s=96&d=mm&r=g\",\"contentUrl\":\"https:\\\/\\\/secure.gravatar.com\\\/avatar\\\/639aa731bb7134a1e944526697fe0549d67ab17e00987171296fb5362fc909e9?s=96&d=mm&r=g\",\"caption\":\"Basile Moratille\"},\"description\":\"Directeur des contenus et des publications, Immigrant Qu\u00e9bec.\",\"url\":\"https:\\\/\\\/immigrantquebec.com\\\/fr\\\/author\\\/basile-moratilleimmigrantquebec-com\\\/\"}]}<\/script>\n<!-- \/ Yoast SEO plugin. -->","yoast_head_json":{"title":"Salon de l\u2019immigration \u2014 Printemps 2025 : Un nouvel espace pour les demandeurs d\u2019asile - Immigrant Qu\u00e9bec","description":"Ce nouvel espace, offert par le CACI, a \u00e9t\u00e9 con\u00e7u pour offrir un point de rep\u00e8re chaleureux et informatif pour les demandeurs d'asile.","robots":{"index":"index","follow":"follow","max-snippet":"max-snippet:-1","max-image-preview":"max-image-preview:large","max-video-preview":"max-video-preview:-1"},"canonical":"https:\/\/immigrantquebec.com\/fr\/actualites\/salon-de-limmigration-printemps-2025-un-nouvel-espace-pour-les-demandeurs-dasile\/","og_locale":"fr_FR","og_type":"article","og_title":"Salon de l\u2019immigration \u2014 Printemps 2025 : Un nouvel espace pour les demandeurs d\u2019asile - Immigrant Qu\u00e9bec","og_description":"Ce nouvel espace, offert par le CACI, a \u00e9t\u00e9 con\u00e7u pour offrir un point de rep\u00e8re chaleureux et informatif pour les demandeurs d'asile.","og_url":"https:\/\/immigrantquebec.com\/fr\/actualites\/salon-de-limmigration-printemps-2025-un-nouvel-espace-pour-les-demandeurs-dasile\/","og_site_name":"Immigrant Qu\u00e9bec","article_publisher":"https:\/\/www.facebook.com\/immigrantquebec","article_published_time":"2025-04-11T13:30:23+00:00","article_modified_time":"2025-04-22T15:24:46+00:00","og_image":[{"width":950,"height":400,"url":"https:\/\/immigrantquebec.com\/fr\/wp-content\/uploads\/2025\/04\/getty-images-DWWygJnydTs-unsplash-950.jpg","type":"image\/jpeg"}],"author":"Basile Moratille","twitter_misc":{"\u00c9crit par":"Basile Moratille","Dur\u00e9e de lecture estim\u00e9e":"2 minutes"},"schema":{"@context":"https:\/\/schema.org","@graph":[{"@type":"Article","@id":"https:\/\/immigrantquebec.com\/fr\/actualites\/salon-de-limmigration-printemps-2025-un-nouvel-espace-pour-les-demandeurs-dasile\/#article","isPartOf":{"@id":"https:\/\/immigrantquebec.com\/fr\/actualites\/salon-de-limmigration-printemps-2025-un-nouvel-espace-pour-les-demandeurs-dasile\/"},"author":{"name":"Basile Moratille","@id":"https:\/\/immigrantquebec.com\/fr\/#\/schema\/person\/eed5ca7ba2c1007e602ee9b9b87fb4b8"},"headline":"Salon de l\u2019immigration \u2014 Printemps 2025 : Un nouvel espace pour les demandeurs d\u2019asile","datePublished":"2025-04-11T13:30:23+00:00","dateModified":"2025-04-22T15:24:46+00:00","mainEntityOfPage":{"@id":"https:\/\/immigrantquebec.com\/fr\/actualites\/salon-de-limmigration-printemps-2025-un-nouvel-espace-pour-les-demandeurs-dasile\/"},"wordCount":317,"publisher":{"@id":"https:\/\/immigrantquebec.com\/fr\/#organization"},"image":{"@id":"https:\/\/immigrantquebec.com\/fr\/actualites\/salon-de-limmigration-printemps-2025-un-nouvel-espace-pour-les-demandeurs-dasile\/#primaryimage"},"thumbnailUrl":"https:\/\/immigrantquebec.com\/fr\/wp-content\/uploads\/2025\/04\/getty-images-DWWygJnydTs-unsplash-950.jpg","articleSection":["Actualit\u00e9s"],"inLanguage":"fr-FR"},{"@type":"WebPage","@id":"https:\/\/immigrantquebec.com\/fr\/actualites\/salon-de-limmigration-printemps-2025-un-nouvel-espace-pour-les-demandeurs-dasile\/","url":"https:\/\/immigrantquebec.com\/fr\/actualites\/salon-de-limmigration-printemps-2025-un-nouvel-espace-pour-les-demandeurs-dasile\/","name":"Salon de l\u2019immigration \u2014 Printemps 2025 : Un nouvel espace pour les demandeurs d\u2019asile - Immigrant Qu\u00e9bec","isPartOf":{"@id":"https:\/\/immigrantquebec.com\/fr\/#website"},"primaryImageOfPage":{"@id":"https:\/\/immigrantquebec.com\/fr\/actualites\/salon-de-limmigration-printemps-2025-un-nouvel-espace-pour-les-demandeurs-dasile\/#primaryimage"},"image":{"@id":"https:\/\/immigrantquebec.com\/fr\/actualites\/salon-de-limmigration-printemps-2025-un-nouvel-espace-pour-les-demandeurs-dasile\/#primaryimage"},"thumbnailUrl":"https:\/\/immigrantquebec.com\/fr\/wp-content\/uploads\/2025\/04\/getty-images-DWWygJnydTs-unsplash-950.jpg","datePublished":"2025-04-11T13:30:23+00:00","dateModified":"2025-04-22T15:24:46+00:00","description":"Ce nouvel espace, offert par le CACI, a \u00e9t\u00e9 con\u00e7u pour offrir un point de rep\u00e8re chaleureux et informatif pour les demandeurs d'asile.","breadcrumb":{"@id":"https:\/\/immigrantquebec.com\/fr\/actualites\/salon-de-limmigration-printemps-2025-un-nouvel-espace-pour-les-demandeurs-dasile\/#breadcrumb"},"inLanguage":"fr-FR","potentialAction":[{"@type":"ReadAction","target":["https:\/\/immigrantquebec.com\/fr\/actualites\/salon-de-limmigration-printemps-2025-un-nouvel-espace-pour-les-demandeurs-dasile\/"]}]},{"@type":"ImageObject","inLanguage":"fr-FR","@id":"https:\/\/immigrantquebec.com\/fr\/actualites\/salon-de-limmigration-printemps-2025-un-nouvel-espace-pour-les-demandeurs-dasile\/#primaryimage","url":"https:\/\/immigrantquebec.com\/fr\/wp-content\/uploads\/2025\/04\/getty-images-DWWygJnydTs-unsplash-950.jpg","contentUrl":"https:\/\/immigrantquebec.com\/fr\/wp-content\/uploads\/2025\/04\/getty-images-DWWygJnydTs-unsplash-950.jpg","width":950,"height":400},{"@type":"BreadcrumbList","@id":"https:\/\/immigrantquebec.com\/fr\/actualites\/salon-de-limmigration-printemps-2025-un-nouvel-espace-pour-les-demandeurs-dasile\/#breadcrumb","itemListElement":[{"@type":"ListItem","position":1,"name":"Accueil","item":"https:\/\/immigrantquebec.com\/fr\/"},{"@type":"ListItem","position":2,"name":"Actualit\u00e9s","item":"https:\/\/immigrantquebec.com\/fr\/actualites\/"},{"@type":"ListItem","position":3,"name":"Salon de l\u2019immigration \u2014 Printemps 2025 : Un nouvel espace pour les demandeurs d\u2019asile"}]},{"@type":"WebSite","@id":"https:\/\/immigrantquebec.com\/fr\/#website","url":"https:\/\/immigrantquebec.com\/fr\/","name":"Immigrant Qu\u00e9bec","description":"Immigrer, vivre, travailler et \u00e9tudier au Qu\u00e9bec, Canada","publisher":{"@id":"https:\/\/immigrantquebec.com\/fr\/#organization"},"potentialAction":[{"@type":"SearchAction","target":{"@type":"EntryPoint","urlTemplate":"https:\/\/immigrantquebec.com\/fr\/?s={search_term_string}"},"query-input":{"@type":"PropertyValueSpecification","valueRequired":true,"valueName":"search_term_string"}}],"inLanguage":"fr-FR"},{"@type":"Organization","@id":"https:\/\/immigrantquebec.com\/fr\/#organization","name":"Immigrant Qu\u00e9bec","url":"https:\/\/immigrantquebec.com\/fr\/","logo":{"@type":"ImageObject","inLanguage":"fr-FR","@id":"https:\/\/immigrantquebec.com\/fr\/#\/schema\/logo\/image\/","url":"https:\/\/immigrantquebec.com\/fr\/wp-content\/uploads\/2024\/03\/LogoIQ-2024-RVB.png","contentUrl":"https:\/\/immigrantquebec.com\/fr\/wp-content\/uploads\/2024\/03\/LogoIQ-2024-RVB.png","width":2500,"height":1137,"caption":"Immigrant Qu\u00e9bec"},"image":{"@id":"https:\/\/immigrantquebec.com\/fr\/#\/schema\/logo\/image\/"},"sameAs":["https:\/\/www.facebook.com\/immigrantquebec","https:\/\/x.com\/ImmigrantQuebec","https:\/\/www.instagram.com\/immigrantquebec","https:\/\/www.youtube.com\/user\/ImmigrantQc"]},{"@type":"Person","@id":"https:\/\/immigrantquebec.com\/fr\/#\/schema\/person\/eed5ca7ba2c1007e602ee9b9b87fb4b8","name":"Basile Moratille","image":{"@type":"ImageObject","inLanguage":"fr-FR","@id":"https:\/\/secure.gravatar.com\/avatar\/639aa731bb7134a1e944526697fe0549d67ab17e00987171296fb5362fc909e9?s=96&d=mm&r=g","url":"https:\/\/secure.gravatar.com\/avatar\/639aa731bb7134a1e944526697fe0549d67ab17e00987171296fb5362fc909e9?s=96&d=mm&r=g","contentUrl":"https:\/\/secure.gravatar.com\/avatar\/639aa731bb7134a1e944526697fe0549d67ab17e00987171296fb5362fc909e9?s=96&d=mm&r=g","caption":"Basile Moratille"},"description":"Directeur des contenus et des publications, Immigrant Qu\u00e9bec.","url":"https:\/\/immigrantquebec.com\/fr\/author\/basile-moratilleimmigrantquebec-com\/"}]}},"_links":{"self":[{"href":"https:\/\/immigrantquebec.com\/fr\/wp-json\/wp\/v2\/posts\/17950","targetHints":{"allow":["GET"]}}],"collection":[{"href":"https:\/\/immigrantquebec.com\/fr\/wp-json\/wp\/v2\/posts"}],"about":[{"href":"https:\/\/immigrantquebec.com\/fr\/wp-json\/wp\/v2\/types\/post"}],"author":[{"embeddable":true,"href":"https:\/\/immigrantquebec.com\/fr\/wp-json\/wp\/v2\/users\/3459"}],"replies":[{"embeddable":true,"href":"https:\/\/immigrantquebec.com\/fr\/wp-json\/wp\/v2\/comments?post=17950"}],"version-history":[{"count":0,"href":"https:\/\/immigrantquebec.com\/fr\/wp-json\/wp\/v2\/posts\/17950\/revisions"}],"wp:featuredmedia":[{"embeddable":true,"href":"https:\/\/immigrantquebec.com\/fr\/wp-json\/wp\/v2\/media\/17958"}],"wp:attachment":[{"href":"https:\/\/immigrantquebec.com\/fr\/wp-json\/wp\/v2\/media?parent=17950"}],"wp:term":[{"taxonomy":"category","embeddable":true,"href":"https:\/\/immigrantquebec.com\/fr\/wp-json\/wp\/v2\/categories?post=17950"},{"taxonomy":"post_tag","embeddable":true,"href":"https:\/\/immigrantquebec.com\/fr\/wp-json\/wp\/v2\/tags?post=17950"}],"curies":[{"name":"wp","href":"https:\/\/api.w.org\/{rel}","templated":true}]}}