{"id":18120,"date":"2025-05-02T12:05:11","date_gmt":"2025-05-02T16:05:11","guid":{"rendered":"https:\/\/immigrantquebec.com\/fr\/?p=18120"},"modified":"2025-05-02T15:44:38","modified_gmt":"2025-05-02T19:44:38","slug":"devenir-keb-une-nouvelle-serie-humanise-les-etapes-de-limmigration-de-lintegration-au-quebec","status":"publish","type":"post","link":"https:\/\/immigrantquebec.com\/fr\/actualites\/devenir-keb-une-nouvelle-serie-humanise-les-etapes-de-limmigration-de-lintegration-au-quebec\/","title":{"rendered":"Devenir Keb : Une nouvelle s\u00e9rie humanise les \u00e9tapes de l\u2019immigration de l\u2019int\u00e9gration au Qu\u00e9bec"},"content":{"rendered":"\t\t<div data-elementor-type=\"wp-post\" data-elementor-id=\"18120\" class=\"elementor elementor-18120\" data-elementor-post-type=\"post\">\n\t\t\t\t\t\t<section class=\"elementor-section elementor-top-section elementor-element elementor-element-a209fc0 elementor-section-boxed elementor-section-height-default elementor-section-height-default\" data-id=\"a209fc0\" data-element_type=\"section\" data-e-type=\"section\">\n\t\t\t\t\t\t<div class=\"elementor-container elementor-column-gap-default\">\n\t\t\t\t\t<div class=\"elementor-column elementor-col-100 elementor-top-column elementor-element elementor-element-7f1494d\" data-id=\"7f1494d\" data-element_type=\"column\" data-e-type=\"column\">\n\t\t\t<div class=\"elementor-widget-wrap elementor-element-populated\">\n\t\t\t\t\t\t<div class=\"elementor-element elementor-element-b58a697 elementor-widget elementor-widget-text-editor\" data-id=\"b58a697\" data-element_type=\"widget\" data-e-type=\"widget\" data-widget_type=\"text-editor.default\">\n\t\t\t\t\t\t\t\t\t<div><i><span>Il est aussi facile de parler d\u2019immigration qu\u2019il est difficile de parler des immigrants, la fa\u00e7on dont eux-m\u00eames vivent les \u00e9tapes de leur int\u00e9gration au Qu\u00e9bec et per\u00e7oivent leur nouvel environnement. C\u2019est un peu le postulat d\u2019une nouvelle s\u00e9rie, produite par Savoir m\u00e9dia, intitul\u00e9e Devenir Keb, qui interroge tour \u00e0 tour l\u2019humain et la science pour r\u00e9pondre \u00e0 une question simple\u00a0: comment \u00e7a se passe, pour eux\u2009?<\/span><\/i><\/div>\t\t\t\t\t\t\t\t<\/div>\n\t\t\t\t\t<\/div>\n\t\t<\/div>\n\t\t\t\t\t<\/div>\n\t\t<\/section>\n\t\t\t\t<section class=\"elementor-section elementor-top-section elementor-element elementor-element-e6d8eb7 elementor-section-boxed elementor-section-height-default elementor-section-height-default\" data-id=\"e6d8eb7\" data-element_type=\"section\" data-e-type=\"section\">\n\t\t\t\t\t\t<div class=\"elementor-container elementor-column-gap-default\">\n\t\t\t\t\t<div class=\"elementor-column elementor-col-100 elementor-top-column elementor-element elementor-element-a014736\" data-id=\"a014736\" data-element_type=\"column\" data-e-type=\"column\">\n\t\t\t<div class=\"elementor-widget-wrap elementor-element-populated\">\n\t\t\t\t\t\t<div class=\"elementor-element elementor-element-2896a38 elementor-widget elementor-widget-text-editor\" data-id=\"2896a38\" data-element_type=\"widget\" data-e-type=\"widget\" data-widget_type=\"text-editor.default\">\n\t\t\t\t\t\t\t\t\t<p style=\"font-weight: 400;\"><span>On r\u00e9sume souvent l\u2019immigration \u00e0 une liste \u00e0 puces, dont il s\u2019agit de cocher les entr\u00e9es pour arriver \u00e0 l\u2019\u00e9chelon sup\u00e9rieur. Franchir les diff\u00e9rents paliers de l\u2019immigration, trouver un emploi, <em>check<\/em>. R\u00e9aliser les premi\u00e8res d\u00e9marches, chercher un logement, <em>check<\/em>. Explorer et trouver ses marques dans son nouvel environnement, <em>check<\/em>. Comprendre les codes au travail, <em>check<\/em>. Apprendre le fran\u00e7ais, <em>check<\/em>. D\u00e9velopper ses premiers cercles sociaux, <em>check<\/em>.<\/span><\/p>\t\t\t\t\t\t\t\t<\/div>\n\t\t\t\t\t<\/div>\n\t\t<\/div>\n\t\t\t\t\t<\/div>\n\t\t<\/section>\n\t\t\t\t<section class=\"elementor-section elementor-top-section elementor-element elementor-element-c19da7e elementor-section-boxed elementor-section-height-default elementor-section-height-default\" data-id=\"c19da7e\" data-element_type=\"section\" data-e-type=\"section\">\n\t\t\t\t\t\t<div class=\"elementor-container elementor-column-gap-default\">\n\t\t\t\t\t<div class=\"elementor-column elementor-col-100 elementor-top-column elementor-element elementor-element-d96d73f\" data-id=\"d96d73f\" data-element_type=\"column\" data-e-type=\"column\">\n\t\t\t<div class=\"elementor-widget-wrap elementor-element-populated\">\n\t\t\t\t\t\t<div class=\"elementor-element elementor-element-b829ecd elementor-widget elementor-widget-heading\" data-id=\"b829ecd\" data-element_type=\"widget\" data-e-type=\"widget\" data-widget_type=\"heading.default\">\n\t\t\t\t\t<h2 class=\"elementor-heading-title elementor-size-default\"><b>L\u2019immigration est un projet<\/b><\/h2>\t\t\t\t<\/div>\n\t\t\t\t\t<\/div>\n\t\t<\/div>\n\t\t\t\t\t<\/div>\n\t\t<\/section>\n\t\t\t\t<section class=\"elementor-section elementor-top-section elementor-element elementor-element-ecb331e elementor-section-boxed elementor-section-height-default elementor-section-height-default\" data-id=\"ecb331e\" data-element_type=\"section\" data-e-type=\"section\">\n\t\t\t\t\t\t<div class=\"elementor-container elementor-column-gap-default\">\n\t\t\t\t\t<div class=\"elementor-column elementor-col-100 elementor-top-column elementor-element elementor-element-19d536f\" data-id=\"19d536f\" data-element_type=\"column\" data-e-type=\"column\">\n\t\t\t<div class=\"elementor-widget-wrap elementor-element-populated\">\n\t\t\t\t\t\t<div class=\"elementor-element elementor-element-a57d5a2 elementor-widget elementor-widget-text-editor\" data-id=\"a57d5a2\" data-element_type=\"widget\" data-e-type=\"widget\" data-widget_type=\"text-editor.default\">\n\t\t\t\t\t\t\t\t\t<div><span>Quelque part, c\u2019est aussi l\u2019approche de <i>Devenir Keb<\/i>, une nouvelle s\u00e9rie anim\u00e9e et r\u00e9alis\u00e9e par No\u00e9mi Mercier et Philippe Desrosiers, qui nous propose un voyage chronologique, presque scolaire, en six verbes \u00e0 l\u2019infinitif, comme un CV\u2009; six points de contr\u00f4le \u00e0 franchir par les gens d\u2019ailleurs qui souhaitent s\u2019installer et vivre ici.<\/span><\/div>\t\t\t\t\t\t\t\t<\/div>\n\t\t\t\t\t<\/div>\n\t\t<\/div>\n\t\t\t\t\t<\/div>\n\t\t<\/section>\n\t\t\t\t<section class=\"elementor-section elementor-top-section elementor-element elementor-element-0950b99 elementor-section-boxed elementor-section-height-default elementor-section-height-default\" data-id=\"0950b99\" data-element_type=\"section\" data-e-type=\"section\">\n\t\t\t\t\t\t<div class=\"elementor-container elementor-column-gap-default\">\n\t\t\t\t\t<div class=\"elementor-column elementor-col-100 elementor-top-column elementor-element elementor-element-5ef3040\" data-id=\"5ef3040\" data-element_type=\"column\" data-e-type=\"column\">\n\t\t\t<div class=\"elementor-widget-wrap elementor-element-populated\">\n\t\t\t\t\t\t<div class=\"elementor-element elementor-element-9d11805 elementor-blockquote--skin-boxed elementor-widget elementor-widget-blockquote\" data-id=\"9d11805\" data-element_type=\"widget\" data-e-type=\"widget\" data-widget_type=\"blockquote.default\">\n\t\t\t\t\t\t\t<blockquote class=\"elementor-blockquote\">\n\t\t\t<p class=\"elementor-blockquote__content\">\n\t\t\t\t<i>Arriver. Parler. Travailler. Gu\u00e9rir. Grandir. S\u2019enraciner.<\/i>\t\t\t<\/p>\n\t\t\t\t\t<\/blockquote>\n\t\t\t\t\t\t<\/div>\n\t\t\t\t\t<\/div>\n\t\t<\/div>\n\t\t\t\t\t<\/div>\n\t\t<\/section>\n\t\t\t\t<section class=\"elementor-section elementor-top-section elementor-element elementor-element-8b4a09d elementor-section-boxed elementor-section-height-default elementor-section-height-default\" data-id=\"8b4a09d\" data-element_type=\"section\" data-e-type=\"section\">\n\t\t\t\t\t\t<div class=\"elementor-container elementor-column-gap-default\">\n\t\t\t\t\t<div class=\"elementor-column elementor-col-100 elementor-top-column elementor-element elementor-element-2f65988\" data-id=\"2f65988\" data-element_type=\"column\" data-e-type=\"column\">\n\t\t\t<div class=\"elementor-widget-wrap elementor-element-populated\">\n\t\t\t\t\t\t<div class=\"elementor-element elementor-element-45b726b elementor-widget elementor-widget-text-editor\" data-id=\"45b726b\" data-element_type=\"widget\" data-e-type=\"widget\" data-widget_type=\"text-editor.default\">\n\t\t\t\t\t\t\t\t\t<div><span>Immigrer est certes un projet qui comporte de froides consid\u00e9rations techniques et de faisabilit\u00e9, avec la s\u00e9lection de son \u00ab\u2009offre de service\u2009\u00bb, un budget, un \u00e9ch\u00e9ancier, des rendus, des impr\u00e9vus\u2026 Mais la s\u00e9rie parvient \u00e0 trouver l\u2019\u00e9quilibre entre formalit\u00e9s, \u00e9clairages scientifiques, et exp\u00e9rience de l\u2019immigration telle qu\u2019elle est v\u00e9cue par les personnes int\u00e9ress\u00e9es. La fa\u00e7on tr\u00e8s personnelle dont ces personnes vivent \u00e0 la fois la rupture avec leurs origines, le maintien d\u2019une continuit\u00e9 culturelle et l\u2019adaptation aux codes du Qu\u00e9bec.<\/span><\/div>\t\t\t\t\t\t\t\t<\/div>\n\t\t\t\t\t<\/div>\n\t\t<\/div>\n\t\t\t\t\t<\/div>\n\t\t<\/section>\n\t\t\t\t<section class=\"elementor-section elementor-top-section elementor-element elementor-element-d716c2e elementor-section-boxed elementor-section-height-default elementor-section-height-default\" data-id=\"d716c2e\" data-element_type=\"section\" data-e-type=\"section\">\n\t\t\t\t\t\t<div class=\"elementor-container elementor-column-gap-default\">\n\t\t\t\t\t<div class=\"elementor-column elementor-col-100 elementor-top-column elementor-element elementor-element-20fe93a\" data-id=\"20fe93a\" data-element_type=\"column\" data-e-type=\"column\">\n\t\t\t<div class=\"elementor-widget-wrap elementor-element-populated\">\n\t\t\t\t\t\t<div class=\"elementor-element elementor-element-b1cc36f elementor-widget elementor-widget-heading\" data-id=\"b1cc36f\" data-element_type=\"widget\" data-e-type=\"widget\" data-widget_type=\"heading.default\">\n\t\t\t\t\t<h2 class=\"elementor-heading-title elementor-size-default\"><b>Bienveillance et r\u00e9alisme<\/b><\/h2>\t\t\t\t<\/div>\n\t\t\t\t\t<\/div>\n\t\t<\/div>\n\t\t\t\t\t<\/div>\n\t\t<\/section>\n\t\t\t\t<section class=\"elementor-section elementor-top-section elementor-element elementor-element-4577710 elementor-section-boxed elementor-section-height-default elementor-section-height-default\" data-id=\"4577710\" data-element_type=\"section\" data-e-type=\"section\">\n\t\t\t\t\t\t<div class=\"elementor-container elementor-column-gap-default\">\n\t\t\t\t\t<div class=\"elementor-column elementor-col-100 elementor-top-column elementor-element elementor-element-8340571\" data-id=\"8340571\" data-element_type=\"column\" data-e-type=\"column\">\n\t\t\t<div class=\"elementor-widget-wrap elementor-element-populated\">\n\t\t\t\t\t\t<div class=\"elementor-element elementor-element-e0154d8 elementor-widget elementor-widget-text-editor\" data-id=\"e0154d8\" data-element_type=\"widget\" data-e-type=\"widget\" data-widget_type=\"text-editor.default\">\n\t\t\t\t\t\t\t\t\t<p style=\"font-weight: 400;\"><span>La proximit\u00e9 \u00e9tablie entre les animateurs et les personnes qu\u2019elles suivent, le regard tr\u00e8s bienveillant que la s\u00e9rie porte sur ces femmes, ces hommes et ces jeunes, renvoient \u00e0 une image bien connue du Qu\u00e9bec, celle de la \u00ab\u2009terre d\u2019accueil\u2009\u00bb.<\/span><\/p><p style=\"font-weight: 400;\"><span>La s\u00e9rie explore ainsi certaines des ressources n\u00e9cessaires au bon accompagnement de ces personnes dans leurs premiers pas au Qu\u00e9bec. Elle \u00e9bauche la diversit\u00e9 des services d\u2019accueil et d\u2019aide \u00e0 l\u2019int\u00e9gration qui sont offerts aux personnes immigrantes, de la francisation, en centre ou en entreprise, jusqu\u2019au mentorat ou au jumelage interculturel, en passant bien s\u00fbr par les organismes d\u2019aide \u00e0 l\u2019int\u00e9gration socioprofessionnelle.<\/span><\/p><p><span style=\"font-weight: 400;\">Mais si la soci\u00e9t\u00e9 s\u2019organise pour ces personnes, et nombreux sont ceux qui s\u2019impliquent au quotidien aupr\u00e8s des nouveaux \u2014 et moins nouveaux \u2014 arrivants, on constate aussi les limites d\u2019un syst\u00e8me qui peine \u00e0 trouver l\u2019ad\u00e9quation entre les attentes que l\u2019on place sur les personnes immigrantes (francisation, reconnaissance des comp\u00e9tences, etc.) et la r\u00e9alit\u00e9 de ces personnes, qui ont la responsabilit\u00e9 de s\u2019acclimater pour subvenir \u00e0 leurs besoins et \u00e0 ceux de leur famille.<\/span><\/p>\t\t\t\t\t\t\t\t<\/div>\n\t\t\t\t\t<\/div>\n\t\t<\/div>\n\t\t\t\t\t<\/div>\n\t\t<\/section>\n\t\t\t\t<section class=\"elementor-section elementor-top-section elementor-element elementor-element-8a91346 elementor-section-boxed elementor-section-height-default elementor-section-height-default\" data-id=\"8a91346\" data-element_type=\"section\" data-e-type=\"section\">\n\t\t\t\t\t\t<div class=\"elementor-container elementor-column-gap-default\">\n\t\t\t\t\t<div class=\"elementor-column elementor-col-100 elementor-top-column elementor-element elementor-element-c084fd3\" data-id=\"c084fd3\" data-element_type=\"column\" data-e-type=\"column\">\n\t\t\t<div class=\"elementor-widget-wrap elementor-element-populated\">\n\t\t\t\t\t\t<div class=\"elementor-element elementor-element-89f19b7 elementor-widget elementor-widget-heading\" data-id=\"89f19b7\" data-element_type=\"widget\" data-e-type=\"widget\" data-widget_type=\"heading.default\">\n\t\t\t\t\t<h2 class=\"elementor-heading-title elementor-size-default\"><b>Le sc\u00e9nario id\u00e9al<\/b><\/h2>\t\t\t\t<\/div>\n\t\t\t\t\t<\/div>\n\t\t<\/div>\n\t\t\t\t\t<\/div>\n\t\t<\/section>\n\t\t\t\t<section class=\"elementor-section elementor-top-section elementor-element elementor-element-dbcea00 elementor-section-boxed elementor-section-height-default elementor-section-height-default\" data-id=\"dbcea00\" data-element_type=\"section\" data-e-type=\"section\">\n\t\t\t\t\t\t<div class=\"elementor-container elementor-column-gap-default\">\n\t\t\t\t\t<div class=\"elementor-column elementor-col-100 elementor-top-column elementor-element elementor-element-4c45804\" data-id=\"4c45804\" data-element_type=\"column\" data-e-type=\"column\">\n\t\t\t<div class=\"elementor-widget-wrap elementor-element-populated\">\n\t\t\t\t\t\t<div class=\"elementor-element elementor-element-be9e8a0 elementor-widget elementor-widget-text-editor\" data-id=\"be9e8a0\" data-element_type=\"widget\" data-e-type=\"widget\" data-widget_type=\"text-editor.default\">\n\t\t\t\t\t\t\t\t\t<p style=\"font-weight: 400;\"><span>De l\u2019arriv\u00e9e d\u2019une personne \u00e0 son enracinement, il n\u2019y a bien s\u00fbr pas qu\u2019un pas. Mais s\u2019il manque une marche \u00e0 l\u2019escalier social qui nous est offert par la s\u00e9rie, c\u2019est celui de l\u2019\u00e9chec. La rupture consomm\u00e9e.<\/span><\/p><p><span style=\"font-weight: 400;\">Plusieurs fois, on \u00e9voque ouvertement quelques sujets plus lourds \u2014 toujours \u00e0 travers les exp\u00e9riences v\u00e9cues par les personnes immigrantes\u00a0: isolement, racisme, difficult\u00e9 \u00e0 se sentir pleinement int\u00e9gr\u00e9, doute, incompr\u00e9hension, en particulier par les enfants accompagnants, qui peuvent ne pas prendre la mesure et les cons\u00e9quences d\u2019un projet qui n\u2019est pas le leur\u2026<\/span><\/p>\t\t\t\t\t\t\t\t<\/div>\n\t\t\t\t\t<\/div>\n\t\t<\/div>\n\t\t\t\t\t<\/div>\n\t\t<\/section>\n\t\t\t\t<section class=\"elementor-section elementor-top-section elementor-element elementor-element-dfa53d3 elementor-section-boxed elementor-section-height-default elementor-section-height-default\" data-id=\"dfa53d3\" data-element_type=\"section\" data-e-type=\"section\">\n\t\t\t\t\t\t<div class=\"elementor-container elementor-column-gap-default\">\n\t\t\t\t\t<div class=\"elementor-column elementor-col-100 elementor-top-column elementor-element elementor-element-9e45b0b\" data-id=\"9e45b0b\" data-element_type=\"column\" data-e-type=\"column\">\n\t\t\t<div class=\"elementor-widget-wrap elementor-element-populated\">\n\t\t\t\t\t\t<div class=\"elementor-element elementor-element-24ab720 elementor-widget elementor-widget-text-editor\" data-id=\"24ab720\" data-element_type=\"widget\" data-e-type=\"widget\" data-widget_type=\"text-editor.default\">\n\t\t\t\t\t\t\t\t\t<div><span>Mais il est une autre r\u00e9alit\u00e9 de l\u2019immigration dont on parle certes peu, en d\u00e9pit de sa grande actualit\u00e9\u00a0: celle du retour. \u00c0 travers les \u00e9pisodes <i>Gu\u00e9rir<\/i> et <i>Grandir<\/i>, on op\u00e8re une tr\u00e8s belle distinction entre l\u2019immigration \u00e9conomique et l\u2019immigration humanitaire. L\u2019immigration volontaire et celle que, dans d\u2019autres circonstances, on n\u2019aurait peut-\u00eatre m\u00eame pas envisag\u00e9e. Il en va de m\u00eame avec le retour. On peut le choisir. Ou bien on peut le subir. Dans tous les cas, l\u2019enracinement se transforme alors, parfois brutalement, en un nouveau d\u00e9racinement.<\/span><\/div>\t\t\t\t\t\t\t\t<\/div>\n\t\t\t\t\t<\/div>\n\t\t<\/div>\n\t\t\t\t\t<\/div>\n\t\t<\/section>\n\t\t\t\t<section class=\"elementor-section elementor-top-section elementor-element elementor-element-a549aec elementor-section-boxed elementor-section-height-default elementor-section-height-default\" data-id=\"a549aec\" data-element_type=\"section\" data-e-type=\"section\">\n\t\t\t\t\t\t<div class=\"elementor-container elementor-column-gap-default\">\n\t\t\t\t\t<div class=\"elementor-column elementor-col-100 elementor-top-column elementor-element elementor-element-a363cd4\" data-id=\"a363cd4\" data-element_type=\"column\" data-e-type=\"column\">\n\t\t\t<div class=\"elementor-widget-wrap elementor-element-populated\">\n\t\t\t\t\t\t<div class=\"elementor-element elementor-element-ee0ac33 elementor-widget elementor-widget-heading\" data-id=\"ee0ac33\" data-element_type=\"widget\" data-e-type=\"widget\" data-widget_type=\"heading.default\">\n\t\t\t\t\t<h2 class=\"elementor-heading-title elementor-size-default\"><b>Alors, qu\u2019est-ce que \u00e7a prend pour Devenir Keb\u2009?<\/b><\/h2>\t\t\t\t<\/div>\n\t\t\t\t\t<\/div>\n\t\t<\/div>\n\t\t\t\t\t<\/div>\n\t\t<\/section>\n\t\t\t\t<section class=\"elementor-section elementor-top-section elementor-element elementor-element-e5e1c9b elementor-section-boxed elementor-section-height-default elementor-section-height-default\" data-id=\"e5e1c9b\" data-element_type=\"section\" data-e-type=\"section\">\n\t\t\t\t\t\t<div class=\"elementor-container elementor-column-gap-default\">\n\t\t\t\t\t<div class=\"elementor-column elementor-col-100 elementor-top-column elementor-element elementor-element-fc44f63\" data-id=\"fc44f63\" data-element_type=\"column\" data-e-type=\"column\">\n\t\t\t<div class=\"elementor-widget-wrap elementor-element-populated\">\n\t\t\t\t\t\t<div class=\"elementor-element elementor-element-9442df6 elementor-widget elementor-widget-text-editor\" data-id=\"9442df6\" data-element_type=\"widget\" data-e-type=\"widget\" data-widget_type=\"text-editor.default\">\n\t\t\t\t\t\t\t\t\t<p style=\"font-weight: 400;\"><span>Ce que la s\u00e9rie nous r\u00e9v\u00e8le, c\u2019est que peu importe d\u2019o\u00f9 l\u2019on vient\u00a0: l\u2019immigration est une \u0153uvre inachev\u00e9e \u2014 tant vis-\u00e0-vis de soi que dans le regard des autres.<\/span><\/p><p><span style=\"font-weight: 400;\">Mais l\u2019autre enseignement, celui qui, invariablement, s\u2019impose comme le fil d\u2019Ariane entre chacune des personnes qui ont contribu\u00e9 \u00e0 la s\u00e9rie, c\u2019est qu\u2019il n\u2019y a pas besoin de <em>se sentir<\/em> Keb pour <em>devenir<\/em> Keb, c\u2019est-\u00e0-dire embrasser des valeurs communes, contribuer au bien-\u00eatre de sa soci\u00e9t\u00e9 d\u2019accueil, s\u2019\u00e9panouir et vivre pleinement sa vie ici\u2026<\/span><\/p>\t\t\t\t\t\t\t\t<\/div>\n\t\t\t\t\t<\/div>\n\t\t<\/div>\n\t\t\t\t\t<\/div>\n\t\t<\/section>\n\t\t\t\t<section class=\"elementor-section elementor-top-section elementor-element elementor-element-f322ee5 elementor-section-boxed elementor-section-height-default elementor-section-height-default\" data-id=\"f322ee5\" data-element_type=\"section\" data-e-type=\"section\">\n\t\t\t\t\t\t<div class=\"elementor-container elementor-column-gap-default\">\n\t\t\t\t\t<div class=\"elementor-column elementor-col-100 elementor-top-column elementor-element elementor-element-12e9ef9\" data-id=\"12e9ef9\" data-element_type=\"column\" data-e-type=\"column\">\n\t\t\t<div class=\"elementor-widget-wrap elementor-element-populated\">\n\t\t\t\t\t\t<div class=\"elementor-element elementor-element-bc9739b elementor-widget elementor-widget-text-editor\" data-id=\"bc9739b\" data-element_type=\"widget\" data-e-type=\"widget\" data-widget_type=\"text-editor.default\">\n\t\t\t\t\t\t\t\t\t<div><i><span>La s\u00e9rie Devenir Keb est accessible <strong><a href=\"https:\/\/savoir.media\/\" target=\"_blank\" rel=\"noopener\">sur le site de Savoir m\u00e9dia<\/a><\/strong> et sur <strong><a href=\"https:\/\/www.youtube.com\/savoirmedia\" target=\"_blank\" rel=\"noopener\">sa cha\u00eene YouTube<\/a><\/strong>, de m\u00eame que sur les principales plateformes de balado.<\/span><\/i><\/div>\t\t\t\t\t\t\t\t<\/div>\n\t\t\t\t\t<\/div>\n\t\t<\/div>\n\t\t\t\t\t<\/div>\n\t\t<\/section>\n\t\t\t\t<section class=\"elementor-section elementor-top-section elementor-element elementor-element-952c463 elementor-section-boxed elementor-section-height-default elementor-section-height-default\" data-id=\"952c463\" data-element_type=\"section\" data-e-type=\"section\">\n\t\t\t\t\t\t<div class=\"elementor-container elementor-column-gap-default\">\n\t\t\t\t\t<div class=\"elementor-column elementor-col-100 elementor-top-column elementor-element elementor-element-4532102\" data-id=\"4532102\" data-element_type=\"column\" data-e-type=\"column\">\n\t\t\t<div class=\"elementor-widget-wrap elementor-element-populated\">\n\t\t\t\t\t\t<div class=\"elementor-element elementor-element-bcc08fa elementor-widget elementor-widget-text-editor\" data-id=\"bcc08fa\" data-element_type=\"widget\" data-e-type=\"widget\" data-widget_type=\"text-editor.default\">\n\t\t\t\t\t\t\t\t\t<p style=\"font-weight: 400;\"><em><span>Photo : Savoir m\u00e9dia<\/span><\/em><\/p>\t\t\t\t\t\t\t\t<\/div>\n\t\t\t\t\t<\/div>\n\t\t<\/div>\n\t\t\t\t\t<\/div>\n\t\t<\/section>\n\t\t\t\t<\/div>\n\t\t","protected":false},"excerpt":{"rendered":"<p>La s\u00e9rie interroge tour \u00e0 tour l\u2019humain et la science pour r\u00e9pondre \u00e0 une question simple : comment \u00e7a se passe, pour les immigrants ?<\/p>\n","protected":false},"author":3459,"featured_media":18136,"comment_status":"closed","ping_status":"closed","sticky":false,"template":"","format":"standard","meta":{"_acf_changed":false,"_genesis_hide_title":false,"_genesis_hide_breadcrumbs":false,"_genesis_hide_singular_image":false,"_genesis_hide_footer_widgets":false,"_genesis_custom_body_class":"","_genesis_custom_post_class":"","_genesis_layout":"","footnotes":""},"categories":[1],"tags":[],"class_list":{"0":"post-18120","1":"post","2":"type-post","3":"status-publish","4":"format-standard","5":"has-post-thumbnail","7":"category-actualites","8":"entry"},"acf":[],"yoast_head":"<!-- This site is optimized with the Yoast SEO plugin v27.5 - https:\/\/yoast.com\/product\/yoast-seo-wordpress\/ -->\n<title>Devenir Keb : Une nouvelle s\u00e9rie humanise les \u00e9tapes de l\u2019immigration de l\u2019int\u00e9gration au Qu\u00e9bec - Immigrant Qu\u00e9bec<\/title>\n<meta name=\"description\" content=\"La s\u00e9rie interroge tour \u00e0 tour l\u2019humain et la science pour r\u00e9pondre \u00e0 une question simple : comment \u00e7a se passe, pour les immigrants ?\" \/>\n<meta name=\"robots\" content=\"index, follow, max-snippet:-1, max-image-preview:large, max-video-preview:-1\" \/>\n<link rel=\"canonical\" href=\"https:\/\/immigrantquebec.com\/fr\/actualites\/devenir-keb-une-nouvelle-serie-humanise-les-etapes-de-limmigration-de-lintegration-au-quebec\/\" \/>\n<meta property=\"og:locale\" content=\"fr_FR\" \/>\n<meta property=\"og:type\" content=\"article\" \/>\n<meta property=\"og:title\" content=\"Devenir Keb : Une nouvelle s\u00e9rie humanise les \u00e9tapes de l\u2019immigration de l\u2019int\u00e9gration au Qu\u00e9bec - Immigrant Qu\u00e9bec\" \/>\n<meta property=\"og:description\" content=\"La s\u00e9rie interroge tour \u00e0 tour l\u2019humain et la science pour r\u00e9pondre \u00e0 une question simple : comment \u00e7a se passe, pour les immigrants ?\" \/>\n<meta property=\"og:url\" content=\"https:\/\/immigrantquebec.com\/fr\/actualites\/devenir-keb-une-nouvelle-serie-humanise-les-etapes-de-limmigration-de-lintegration-au-quebec\/\" \/>\n<meta property=\"og:site_name\" content=\"Immigrant Qu\u00e9bec\" \/>\n<meta property=\"article:publisher\" content=\"https:\/\/www.facebook.com\/immigrantquebec\" \/>\n<meta property=\"article:published_time\" content=\"2025-05-02T16:05:11+00:00\" \/>\n<meta property=\"article:modified_time\" content=\"2025-05-02T19:44:38+00:00\" \/>\n<meta property=\"og:image\" content=\"https:\/\/immigrantquebec.com\/fr\/wp-content\/uploads\/2025\/05\/DEVENIR_KEB_Noemi_Philippe_Rosa__credit_Savoir_media-950.jpg\" \/>\n\t<meta property=\"og:image:width\" content=\"950\" \/>\n\t<meta property=\"og:image:height\" content=\"400\" \/>\n\t<meta property=\"og:image:type\" content=\"image\/jpeg\" \/>\n<meta name=\"author\" content=\"Basile Moratille\" \/>\n<meta name=\"twitter:label1\" content=\"\u00c9crit par\" \/>\n\t<meta name=\"twitter:data1\" content=\"Basile Moratille\" \/>\n\t<meta name=\"twitter:label2\" content=\"Dur\u00e9e de lecture estim\u00e9e\" \/>\n\t<meta name=\"twitter:data2\" content=\"4 minutes\" \/>\n<script type=\"application\/ld+json\" class=\"yoast-schema-graph\">{\"@context\":\"https:\\\/\\\/schema.org\",\"@graph\":[{\"@type\":\"Article\",\"@id\":\"https:\\\/\\\/immigrantquebec.com\\\/fr\\\/actualites\\\/devenir-keb-une-nouvelle-serie-humanise-les-etapes-de-limmigration-de-lintegration-au-quebec\\\/#article\",\"isPartOf\":{\"@id\":\"https:\\\/\\\/immigrantquebec.com\\\/fr\\\/actualites\\\/devenir-keb-une-nouvelle-serie-humanise-les-etapes-de-limmigration-de-lintegration-au-quebec\\\/\"},\"author\":{\"name\":\"Basile Moratille\",\"@id\":\"https:\\\/\\\/immigrantquebec.com\\\/fr\\\/#\\\/schema\\\/person\\\/eed5ca7ba2c1007e602ee9b9b87fb4b8\"},\"headline\":\"Devenir Keb : Une nouvelle s\u00e9rie humanise les \u00e9tapes de l\u2019immigration de l\u2019int\u00e9gration au Qu\u00e9bec\",\"datePublished\":\"2025-05-02T16:05:11+00:00\",\"dateModified\":\"2025-05-02T19:44:38+00:00\",\"mainEntityOfPage\":{\"@id\":\"https:\\\/\\\/immigrantquebec.com\\\/fr\\\/actualites\\\/devenir-keb-une-nouvelle-serie-humanise-les-etapes-de-limmigration-de-lintegration-au-quebec\\\/\"},\"wordCount\":902,\"publisher\":{\"@id\":\"https:\\\/\\\/immigrantquebec.com\\\/fr\\\/#organization\"},\"image\":{\"@id\":\"https:\\\/\\\/immigrantquebec.com\\\/fr\\\/actualites\\\/devenir-keb-une-nouvelle-serie-humanise-les-etapes-de-limmigration-de-lintegration-au-quebec\\\/#primaryimage\"},\"thumbnailUrl\":\"https:\\\/\\\/immigrantquebec.com\\\/fr\\\/wp-content\\\/uploads\\\/2025\\\/05\\\/DEVENIR_KEB_Noemi_Philippe_Rosa__credit_Savoir_media-950.jpg\",\"articleSection\":[\"Actualit\u00e9s\"],\"inLanguage\":\"fr-FR\"},{\"@type\":\"WebPage\",\"@id\":\"https:\\\/\\\/immigrantquebec.com\\\/fr\\\/actualites\\\/devenir-keb-une-nouvelle-serie-humanise-les-etapes-de-limmigration-de-lintegration-au-quebec\\\/\",\"url\":\"https:\\\/\\\/immigrantquebec.com\\\/fr\\\/actualites\\\/devenir-keb-une-nouvelle-serie-humanise-les-etapes-de-limmigration-de-lintegration-au-quebec\\\/\",\"name\":\"Devenir Keb : Une nouvelle s\u00e9rie humanise les \u00e9tapes de l\u2019immigration de l\u2019int\u00e9gration au Qu\u00e9bec - Immigrant Qu\u00e9bec\",\"isPartOf\":{\"@id\":\"https:\\\/\\\/immigrantquebec.com\\\/fr\\\/#website\"},\"primaryImageOfPage\":{\"@id\":\"https:\\\/\\\/immigrantquebec.com\\\/fr\\\/actualites\\\/devenir-keb-une-nouvelle-serie-humanise-les-etapes-de-limmigration-de-lintegration-au-quebec\\\/#primaryimage\"},\"image\":{\"@id\":\"https:\\\/\\\/immigrantquebec.com\\\/fr\\\/actualites\\\/devenir-keb-une-nouvelle-serie-humanise-les-etapes-de-limmigration-de-lintegration-au-quebec\\\/#primaryimage\"},\"thumbnailUrl\":\"https:\\\/\\\/immigrantquebec.com\\\/fr\\\/wp-content\\\/uploads\\\/2025\\\/05\\\/DEVENIR_KEB_Noemi_Philippe_Rosa__credit_Savoir_media-950.jpg\",\"datePublished\":\"2025-05-02T16:05:11+00:00\",\"dateModified\":\"2025-05-02T19:44:38+00:00\",\"description\":\"La s\u00e9rie interroge tour \u00e0 tour l\u2019humain et la science pour r\u00e9pondre \u00e0 une question simple : comment \u00e7a se passe, pour les immigrants ?\",\"breadcrumb\":{\"@id\":\"https:\\\/\\\/immigrantquebec.com\\\/fr\\\/actualites\\\/devenir-keb-une-nouvelle-serie-humanise-les-etapes-de-limmigration-de-lintegration-au-quebec\\\/#breadcrumb\"},\"inLanguage\":\"fr-FR\",\"potentialAction\":[{\"@type\":\"ReadAction\",\"target\":[\"https:\\\/\\\/immigrantquebec.com\\\/fr\\\/actualites\\\/devenir-keb-une-nouvelle-serie-humanise-les-etapes-de-limmigration-de-lintegration-au-quebec\\\/\"]}]},{\"@type\":\"ImageObject\",\"inLanguage\":\"fr-FR\",\"@id\":\"https:\\\/\\\/immigrantquebec.com\\\/fr\\\/actualites\\\/devenir-keb-une-nouvelle-serie-humanise-les-etapes-de-limmigration-de-lintegration-au-quebec\\\/#primaryimage\",\"url\":\"https:\\\/\\\/immigrantquebec.com\\\/fr\\\/wp-content\\\/uploads\\\/2025\\\/05\\\/DEVENIR_KEB_Noemi_Philippe_Rosa__credit_Savoir_media-950.jpg\",\"contentUrl\":\"https:\\\/\\\/immigrantquebec.com\\\/fr\\\/wp-content\\\/uploads\\\/2025\\\/05\\\/DEVENIR_KEB_Noemi_Philippe_Rosa__credit_Savoir_media-950.jpg\",\"width\":950,\"height\":400},{\"@type\":\"BreadcrumbList\",\"@id\":\"https:\\\/\\\/immigrantquebec.com\\\/fr\\\/actualites\\\/devenir-keb-une-nouvelle-serie-humanise-les-etapes-de-limmigration-de-lintegration-au-quebec\\\/#breadcrumb\",\"itemListElement\":[{\"@type\":\"ListItem\",\"position\":1,\"name\":\"Accueil\",\"item\":\"https:\\\/\\\/immigrantquebec.com\\\/fr\\\/\"},{\"@type\":\"ListItem\",\"position\":2,\"name\":\"Actualit\u00e9s\",\"item\":\"https:\\\/\\\/immigrantquebec.com\\\/fr\\\/actualites\\\/\"},{\"@type\":\"ListItem\",\"position\":3,\"name\":\"Devenir Keb : Une nouvelle s\u00e9rie humanise les \u00e9tapes de l\u2019immigration de l\u2019int\u00e9gration au Qu\u00e9bec\"}]},{\"@type\":\"WebSite\",\"@id\":\"https:\\\/\\\/immigrantquebec.com\\\/fr\\\/#website\",\"url\":\"https:\\\/\\\/immigrantquebec.com\\\/fr\\\/\",\"name\":\"Immigrant Qu\u00e9bec\",\"description\":\"Immigrer, vivre, travailler et \u00e9tudier au Qu\u00e9bec, Canada\",\"publisher\":{\"@id\":\"https:\\\/\\\/immigrantquebec.com\\\/fr\\\/#organization\"},\"potentialAction\":[{\"@type\":\"SearchAction\",\"target\":{\"@type\":\"EntryPoint\",\"urlTemplate\":\"https:\\\/\\\/immigrantquebec.com\\\/fr\\\/?s={search_term_string}\"},\"query-input\":{\"@type\":\"PropertyValueSpecification\",\"valueRequired\":true,\"valueName\":\"search_term_string\"}}],\"inLanguage\":\"fr-FR\"},{\"@type\":\"Organization\",\"@id\":\"https:\\\/\\\/immigrantquebec.com\\\/fr\\\/#organization\",\"name\":\"Immigrant Qu\u00e9bec\",\"url\":\"https:\\\/\\\/immigrantquebec.com\\\/fr\\\/\",\"logo\":{\"@type\":\"ImageObject\",\"inLanguage\":\"fr-FR\",\"@id\":\"https:\\\/\\\/immigrantquebec.com\\\/fr\\\/#\\\/schema\\\/logo\\\/image\\\/\",\"url\":\"https:\\\/\\\/immigrantquebec.com\\\/fr\\\/wp-content\\\/uploads\\\/2024\\\/03\\\/LogoIQ-2024-RVB.png\",\"contentUrl\":\"https:\\\/\\\/immigrantquebec.com\\\/fr\\\/wp-content\\\/uploads\\\/2024\\\/03\\\/LogoIQ-2024-RVB.png\",\"width\":2500,\"height\":1137,\"caption\":\"Immigrant Qu\u00e9bec\"},\"image\":{\"@id\":\"https:\\\/\\\/immigrantquebec.com\\\/fr\\\/#\\\/schema\\\/logo\\\/image\\\/\"},\"sameAs\":[\"https:\\\/\\\/www.facebook.com\\\/immigrantquebec\",\"https:\\\/\\\/x.com\\\/ImmigrantQuebec\",\"https:\\\/\\\/www.instagram.com\\\/immigrantquebec\",\"https:\\\/\\\/www.youtube.com\\\/user\\\/ImmigrantQc\"]},{\"@type\":\"Person\",\"@id\":\"https:\\\/\\\/immigrantquebec.com\\\/fr\\\/#\\\/schema\\\/person\\\/eed5ca7ba2c1007e602ee9b9b87fb4b8\",\"name\":\"Basile Moratille\",\"image\":{\"@type\":\"ImageObject\",\"inLanguage\":\"fr-FR\",\"@id\":\"https:\\\/\\\/secure.gravatar.com\\\/avatar\\\/639aa731bb7134a1e944526697fe0549d67ab17e00987171296fb5362fc909e9?s=96&d=mm&r=g\",\"url\":\"https:\\\/\\\/secure.gravatar.com\\\/avatar\\\/639aa731bb7134a1e944526697fe0549d67ab17e00987171296fb5362fc909e9?s=96&d=mm&r=g\",\"contentUrl\":\"https:\\\/\\\/secure.gravatar.com\\\/avatar\\\/639aa731bb7134a1e944526697fe0549d67ab17e00987171296fb5362fc909e9?s=96&d=mm&r=g\",\"caption\":\"Basile Moratille\"},\"description\":\"Directeur des contenus et des publications, Immigrant Qu\u00e9bec.\",\"url\":\"https:\\\/\\\/immigrantquebec.com\\\/fr\\\/author\\\/basile-moratilleimmigrantquebec-com\\\/\"}]}<\/script>\n<!-- \/ Yoast SEO plugin. -->","yoast_head_json":{"title":"Devenir Keb : Une nouvelle s\u00e9rie humanise les \u00e9tapes de l\u2019immigration de l\u2019int\u00e9gration au Qu\u00e9bec - Immigrant Qu\u00e9bec","description":"La s\u00e9rie interroge tour \u00e0 tour l\u2019humain et la science pour r\u00e9pondre \u00e0 une question simple : comment \u00e7a se passe, pour les immigrants ?","robots":{"index":"index","follow":"follow","max-snippet":"max-snippet:-1","max-image-preview":"max-image-preview:large","max-video-preview":"max-video-preview:-1"},"canonical":"https:\/\/immigrantquebec.com\/fr\/actualites\/devenir-keb-une-nouvelle-serie-humanise-les-etapes-de-limmigration-de-lintegration-au-quebec\/","og_locale":"fr_FR","og_type":"article","og_title":"Devenir Keb : Une nouvelle s\u00e9rie humanise les \u00e9tapes de l\u2019immigration de l\u2019int\u00e9gration au Qu\u00e9bec - Immigrant Qu\u00e9bec","og_description":"La s\u00e9rie interroge tour \u00e0 tour l\u2019humain et la science pour r\u00e9pondre \u00e0 une question simple : comment \u00e7a se passe, pour les immigrants ?","og_url":"https:\/\/immigrantquebec.com\/fr\/actualites\/devenir-keb-une-nouvelle-serie-humanise-les-etapes-de-limmigration-de-lintegration-au-quebec\/","og_site_name":"Immigrant Qu\u00e9bec","article_publisher":"https:\/\/www.facebook.com\/immigrantquebec","article_published_time":"2025-05-02T16:05:11+00:00","article_modified_time":"2025-05-02T19:44:38+00:00","og_image":[{"width":950,"height":400,"url":"https:\/\/immigrantquebec.com\/fr\/wp-content\/uploads\/2025\/05\/DEVENIR_KEB_Noemi_Philippe_Rosa__credit_Savoir_media-950.jpg","type":"image\/jpeg"}],"author":"Basile Moratille","twitter_misc":{"\u00c9crit par":"Basile Moratille","Dur\u00e9e de lecture estim\u00e9e":"4 minutes"},"schema":{"@context":"https:\/\/schema.org","@graph":[{"@type":"Article","@id":"https:\/\/immigrantquebec.com\/fr\/actualites\/devenir-keb-une-nouvelle-serie-humanise-les-etapes-de-limmigration-de-lintegration-au-quebec\/#article","isPartOf":{"@id":"https:\/\/immigrantquebec.com\/fr\/actualites\/devenir-keb-une-nouvelle-serie-humanise-les-etapes-de-limmigration-de-lintegration-au-quebec\/"},"author":{"name":"Basile Moratille","@id":"https:\/\/immigrantquebec.com\/fr\/#\/schema\/person\/eed5ca7ba2c1007e602ee9b9b87fb4b8"},"headline":"Devenir Keb : Une nouvelle s\u00e9rie humanise les \u00e9tapes de l\u2019immigration de l\u2019int\u00e9gration au Qu\u00e9bec","datePublished":"2025-05-02T16:05:11+00:00","dateModified":"2025-05-02T19:44:38+00:00","mainEntityOfPage":{"@id":"https:\/\/immigrantquebec.com\/fr\/actualites\/devenir-keb-une-nouvelle-serie-humanise-les-etapes-de-limmigration-de-lintegration-au-quebec\/"},"wordCount":902,"publisher":{"@id":"https:\/\/immigrantquebec.com\/fr\/#organization"},"image":{"@id":"https:\/\/immigrantquebec.com\/fr\/actualites\/devenir-keb-une-nouvelle-serie-humanise-les-etapes-de-limmigration-de-lintegration-au-quebec\/#primaryimage"},"thumbnailUrl":"https:\/\/immigrantquebec.com\/fr\/wp-content\/uploads\/2025\/05\/DEVENIR_KEB_Noemi_Philippe_Rosa__credit_Savoir_media-950.jpg","articleSection":["Actualit\u00e9s"],"inLanguage":"fr-FR"},{"@type":"WebPage","@id":"https:\/\/immigrantquebec.com\/fr\/actualites\/devenir-keb-une-nouvelle-serie-humanise-les-etapes-de-limmigration-de-lintegration-au-quebec\/","url":"https:\/\/immigrantquebec.com\/fr\/actualites\/devenir-keb-une-nouvelle-serie-humanise-les-etapes-de-limmigration-de-lintegration-au-quebec\/","name":"Devenir Keb : Une nouvelle s\u00e9rie humanise les \u00e9tapes de l\u2019immigration de l\u2019int\u00e9gration au Qu\u00e9bec - Immigrant Qu\u00e9bec","isPartOf":{"@id":"https:\/\/immigrantquebec.com\/fr\/#website"},"primaryImageOfPage":{"@id":"https:\/\/immigrantquebec.com\/fr\/actualites\/devenir-keb-une-nouvelle-serie-humanise-les-etapes-de-limmigration-de-lintegration-au-quebec\/#primaryimage"},"image":{"@id":"https:\/\/immigrantquebec.com\/fr\/actualites\/devenir-keb-une-nouvelle-serie-humanise-les-etapes-de-limmigration-de-lintegration-au-quebec\/#primaryimage"},"thumbnailUrl":"https:\/\/immigrantquebec.com\/fr\/wp-content\/uploads\/2025\/05\/DEVENIR_KEB_Noemi_Philippe_Rosa__credit_Savoir_media-950.jpg","datePublished":"2025-05-02T16:05:11+00:00","dateModified":"2025-05-02T19:44:38+00:00","description":"La s\u00e9rie interroge tour \u00e0 tour l\u2019humain et la science pour r\u00e9pondre \u00e0 une question simple : comment \u00e7a se passe, pour les immigrants ?","breadcrumb":{"@id":"https:\/\/immigrantquebec.com\/fr\/actualites\/devenir-keb-une-nouvelle-serie-humanise-les-etapes-de-limmigration-de-lintegration-au-quebec\/#breadcrumb"},"inLanguage":"fr-FR","potentialAction":[{"@type":"ReadAction","target":["https:\/\/immigrantquebec.com\/fr\/actualites\/devenir-keb-une-nouvelle-serie-humanise-les-etapes-de-limmigration-de-lintegration-au-quebec\/"]}]},{"@type":"ImageObject","inLanguage":"fr-FR","@id":"https:\/\/immigrantquebec.com\/fr\/actualites\/devenir-keb-une-nouvelle-serie-humanise-les-etapes-de-limmigration-de-lintegration-au-quebec\/#primaryimage","url":"https:\/\/immigrantquebec.com\/fr\/wp-content\/uploads\/2025\/05\/DEVENIR_KEB_Noemi_Philippe_Rosa__credit_Savoir_media-950.jpg","contentUrl":"https:\/\/immigrantquebec.com\/fr\/wp-content\/uploads\/2025\/05\/DEVENIR_KEB_Noemi_Philippe_Rosa__credit_Savoir_media-950.jpg","width":950,"height":400},{"@type":"BreadcrumbList","@id":"https:\/\/immigrantquebec.com\/fr\/actualites\/devenir-keb-une-nouvelle-serie-humanise-les-etapes-de-limmigration-de-lintegration-au-quebec\/#breadcrumb","itemListElement":[{"@type":"ListItem","position":1,"name":"Accueil","item":"https:\/\/immigrantquebec.com\/fr\/"},{"@type":"ListItem","position":2,"name":"Actualit\u00e9s","item":"https:\/\/immigrantquebec.com\/fr\/actualites\/"},{"@type":"ListItem","position":3,"name":"Devenir Keb : Une nouvelle s\u00e9rie humanise les \u00e9tapes de l\u2019immigration de l\u2019int\u00e9gration au Qu\u00e9bec"}]},{"@type":"WebSite","@id":"https:\/\/immigrantquebec.com\/fr\/#website","url":"https:\/\/immigrantquebec.com\/fr\/","name":"Immigrant Qu\u00e9bec","description":"Immigrer, vivre, travailler et \u00e9tudier au Qu\u00e9bec, Canada","publisher":{"@id":"https:\/\/immigrantquebec.com\/fr\/#organization"},"potentialAction":[{"@type":"SearchAction","target":{"@type":"EntryPoint","urlTemplate":"https:\/\/immigrantquebec.com\/fr\/?s={search_term_string}"},"query-input":{"@type":"PropertyValueSpecification","valueRequired":true,"valueName":"search_term_string"}}],"inLanguage":"fr-FR"},{"@type":"Organization","@id":"https:\/\/immigrantquebec.com\/fr\/#organization","name":"Immigrant Qu\u00e9bec","url":"https:\/\/immigrantquebec.com\/fr\/","logo":{"@type":"ImageObject","inLanguage":"fr-FR","@id":"https:\/\/immigrantquebec.com\/fr\/#\/schema\/logo\/image\/","url":"https:\/\/immigrantquebec.com\/fr\/wp-content\/uploads\/2024\/03\/LogoIQ-2024-RVB.png","contentUrl":"https:\/\/immigrantquebec.com\/fr\/wp-content\/uploads\/2024\/03\/LogoIQ-2024-RVB.png","width":2500,"height":1137,"caption":"Immigrant Qu\u00e9bec"},"image":{"@id":"https:\/\/immigrantquebec.com\/fr\/#\/schema\/logo\/image\/"},"sameAs":["https:\/\/www.facebook.com\/immigrantquebec","https:\/\/x.com\/ImmigrantQuebec","https:\/\/www.instagram.com\/immigrantquebec","https:\/\/www.youtube.com\/user\/ImmigrantQc"]},{"@type":"Person","@id":"https:\/\/immigrantquebec.com\/fr\/#\/schema\/person\/eed5ca7ba2c1007e602ee9b9b87fb4b8","name":"Basile Moratille","image":{"@type":"ImageObject","inLanguage":"fr-FR","@id":"https:\/\/secure.gravatar.com\/avatar\/639aa731bb7134a1e944526697fe0549d67ab17e00987171296fb5362fc909e9?s=96&d=mm&r=g","url":"https:\/\/secure.gravatar.com\/avatar\/639aa731bb7134a1e944526697fe0549d67ab17e00987171296fb5362fc909e9?s=96&d=mm&r=g","contentUrl":"https:\/\/secure.gravatar.com\/avatar\/639aa731bb7134a1e944526697fe0549d67ab17e00987171296fb5362fc909e9?s=96&d=mm&r=g","caption":"Basile Moratille"},"description":"Directeur des contenus et des publications, Immigrant Qu\u00e9bec.","url":"https:\/\/immigrantquebec.com\/fr\/author\/basile-moratilleimmigrantquebec-com\/"}]}},"_links":{"self":[{"href":"https:\/\/immigrantquebec.com\/fr\/wp-json\/wp\/v2\/posts\/18120","targetHints":{"allow":["GET"]}}],"collection":[{"href":"https:\/\/immigrantquebec.com\/fr\/wp-json\/wp\/v2\/posts"}],"about":[{"href":"https:\/\/immigrantquebec.com\/fr\/wp-json\/wp\/v2\/types\/post"}],"author":[{"embeddable":true,"href":"https:\/\/immigrantquebec.com\/fr\/wp-json\/wp\/v2\/users\/3459"}],"replies":[{"embeddable":true,"href":"https:\/\/immigrantquebec.com\/fr\/wp-json\/wp\/v2\/comments?post=18120"}],"version-history":[{"count":0,"href":"https:\/\/immigrantquebec.com\/fr\/wp-json\/wp\/v2\/posts\/18120\/revisions"}],"wp:featuredmedia":[{"embeddable":true,"href":"https:\/\/immigrantquebec.com\/fr\/wp-json\/wp\/v2\/media\/18136"}],"wp:attachment":[{"href":"https:\/\/immigrantquebec.com\/fr\/wp-json\/wp\/v2\/media?parent=18120"}],"wp:term":[{"taxonomy":"category","embeddable":true,"href":"https:\/\/immigrantquebec.com\/fr\/wp-json\/wp\/v2\/categories?post=18120"},{"taxonomy":"post_tag","embeddable":true,"href":"https:\/\/immigrantquebec.com\/fr\/wp-json\/wp\/v2\/tags?post=18120"}],"curies":[{"name":"wp","href":"https:\/\/api.w.org\/{rel}","templated":true}]}}