{"id":21270,"date":"2025-07-07T15:19:39","date_gmt":"2025-07-07T19:19:39","guid":{"rendered":"https:\/\/immigrantquebec.com\/fr\/?p=21270"},"modified":"2025-07-07T15:55:48","modified_gmt":"2025-07-07T19:55:48","slug":"le-quebec-libre-histoire-du-separatisme","status":"publish","type":"post","link":"https:\/\/immigrantquebec.com\/fr\/conseils-d-experts\/le-quebec-libre-histoire-du-separatisme\/","title":{"rendered":"Le \u00ab\u00a0Qu\u00e9bec libre\u00a0\u00bb : Petite histoire du s\u00e9paratisme"},"content":{"rendered":"\t\t<div data-elementor-type=\"wp-post\" data-elementor-id=\"21270\" class=\"elementor elementor-21270\" data-elementor-post-type=\"post\">\n\t\t\t\t\t\t<section class=\"elementor-section elementor-top-section elementor-element elementor-element-7a5c6a3 elementor-section-boxed elementor-section-height-default elementor-section-height-default\" data-id=\"7a5c6a3\" data-element_type=\"section\" data-e-type=\"section\">\n\t\t\t\t\t\t<div class=\"elementor-container elementor-column-gap-default\">\n\t\t\t\t\t<div class=\"elementor-column elementor-col-100 elementor-top-column elementor-element elementor-element-b57084e\" data-id=\"b57084e\" data-element_type=\"column\" data-e-type=\"column\">\n\t\t\t<div class=\"elementor-widget-wrap elementor-element-populated\">\n\t\t\t\t\t\t<div class=\"elementor-element elementor-element-c102b3d elementor-widget elementor-widget-text-editor\" data-id=\"c102b3d\" data-element_type=\"widget\" data-e-type=\"widget\" data-widget_type=\"text-editor.default\">\n\t\t\t\t\t\t\t\t\t<div><i><span lang=\"fr\">Le s\u00e9paratisme qu\u00e9b\u00e9cois, ou souverainisme, est un mouvement dont l\u2019aspiration premi\u00e8re et de voir le Qu\u00e9bec devenir un \u00c9tat ind\u00e9pendant, s\u00e9par\u00e9 du reste du Canada. Le d\u00e9sir d\u2019ind\u00e9pendance de certains Qu\u00e9b\u00e9cois ne date pas d\u2019hier\u00a0: il s\u2019est d\u00e9velopp\u00e9 au fil du temps autour des diff\u00e9rences culturelles, linguistiques et historiques entre les Qu\u00e9b\u00e9cois francophones et la majorit\u00e9 anglophone du Canada.<\/span><\/i><\/div>\t\t\t\t\t\t\t\t<\/div>\n\t\t\t\t\t<\/div>\n\t\t<\/div>\n\t\t\t\t\t<\/div>\n\t\t<\/section>\n\t\t\t\t<section class=\"elementor-section elementor-top-section elementor-element elementor-element-a6be408 elementor-section-boxed elementor-section-height-default elementor-section-height-default\" data-id=\"a6be408\" data-element_type=\"section\" data-e-type=\"section\">\n\t\t\t\t\t\t<div class=\"elementor-container elementor-column-gap-default\">\n\t\t\t\t\t<div class=\"elementor-column elementor-col-100 elementor-top-column elementor-element elementor-element-255e047\" data-id=\"255e047\" data-element_type=\"column\" data-e-type=\"column\">\n\t\t\t<div class=\"elementor-widget-wrap elementor-element-populated\">\n\t\t\t\t\t\t<div class=\"elementor-element elementor-element-3469469 elementor-widget elementor-widget-text-editor\" data-id=\"3469469\" data-element_type=\"widget\" data-e-type=\"widget\" data-widget_type=\"text-editor.default\">\n\t\t\t\t\t\t\t\t\t<p style=\"font-weight: 400;\"><span>Tout commence en 1760, quand les Britanniques prennent le contr\u00f4le de la Nouvelle-France. M\u00eame si le Qu\u00e9bec passe sous domination anglaise, les Canadiens fran\u00e7ais gardent leur langue, leur religion (catholicisme) et leurs traditions. Une certaine distance se cr\u00e9e alors entre eux et le reste du pays. Au 19<sup>e<\/sup>\u00a0si\u00e8cle, des tensions politiques m\u00e8nent \u00e0 des r\u00e9bellions, notamment celle des Patriotes (1837-1838), qui veulent plus d\u2019autonomie. Ces mouvements \u00e9chouent, mais ils marquent le d\u00e9but d\u2019une volont\u00e9 des Qu\u00e9b\u00e9cois de se faire entendre en tant que peuple distinct.<\/span><\/p><p><span style=\"font-weight: 400;\">Apr\u00e8s la Seconde Guerre mondiale, le Qu\u00e9bec conna\u00eet de grands changements sociaux et culturels, \u00e0 partir des ann\u00e9es\u00a01960\u00a0: c\u2019est la R\u00e9volution tranquille. Le gouvernement provincial prend en charge plusieurs domaines importants, comme l\u2019\u00e9ducation et la sant\u00e9, et les Qu\u00e9b\u00e9cois commencent \u00e0 parler plus ouvertement d\u2019ind\u00e9pendance. En 1968, Ren\u00e9 L\u00e9vesque fonde le Parti qu\u00e9b\u00e9cois (PQ), qui souhaite faire du Qu\u00e9bec un pays, mais de fa\u00e7on pacifique et d\u00e9mocratique. En 1976, le PQ remporte les \u00e9lections provinciales, une grande victoire pour les souverainistes<\/span><\/p>\t\t\t\t\t\t\t\t<\/div>\n\t\t\t\t\t<\/div>\n\t\t<\/div>\n\t\t\t\t\t<\/div>\n\t\t<\/section>\n\t\t\t\t<section class=\"elementor-section elementor-top-section elementor-element elementor-element-86cdc2f elementor-section-boxed elementor-section-height-default elementor-section-height-default\" data-id=\"86cdc2f\" data-element_type=\"section\" data-e-type=\"section\">\n\t\t\t\t\t\t<div class=\"elementor-container elementor-column-gap-default\">\n\t\t\t\t\t<div class=\"elementor-column elementor-col-100 elementor-top-column elementor-element elementor-element-31703f5\" data-id=\"31703f5\" data-element_type=\"column\" data-e-type=\"column\">\n\t\t\t<div class=\"elementor-widget-wrap elementor-element-populated\">\n\t\t\t\t\t\t<div class=\"elementor-element elementor-element-d9f1b20 elementor-widget elementor-widget-heading\" data-id=\"d9f1b20\" data-element_type=\"widget\" data-e-type=\"widget\" data-widget_type=\"heading.default\">\n\t\t\t\t\t<h2 class=\"elementor-heading-title elementor-size-default\"><b>Deux r\u00e9f\u00e9rendums, deux refus<\/b><\/h2>\t\t\t\t<\/div>\n\t\t\t\t\t<\/div>\n\t\t<\/div>\n\t\t\t\t\t<\/div>\n\t\t<\/section>\n\t\t\t\t<section class=\"elementor-section elementor-top-section elementor-element elementor-element-6f8110f elementor-section-boxed elementor-section-height-default elementor-section-height-default\" data-id=\"6f8110f\" data-element_type=\"section\" data-e-type=\"section\">\n\t\t\t\t\t\t<div class=\"elementor-container elementor-column-gap-default\">\n\t\t\t\t\t<div class=\"elementor-column elementor-col-100 elementor-top-column elementor-element elementor-element-d8cc85e\" data-id=\"d8cc85e\" data-element_type=\"column\" data-e-type=\"column\">\n\t\t\t<div class=\"elementor-widget-wrap elementor-element-populated\">\n\t\t\t\t\t\t<div class=\"elementor-element elementor-element-e6f969c elementor-widget elementor-widget-text-editor\" data-id=\"e6f969c\" data-element_type=\"widget\" data-e-type=\"widget\" data-widget_type=\"text-editor.default\">\n\t\t\t\t\t\t\t\t\t<p style=\"font-weight: 400;\"><span>En 1980, le Parti qu\u00e9b\u00e9cois organise un premier r\u00e9f\u00e9rendum pour demander aux Qu\u00e9b\u00e9cois s\u2019ils veulent que le Qu\u00e9bec devienne souverain, tout en gardant un lien avec le Canada\u00a0: environ 60\u00a0% des \u00e9lecteurs r\u00e9pondent \u00ab\u2009non\u2009\u00bb. En 1995, un deuxi\u00e8me r\u00e9f\u00e9rendum est organis\u00e9, cette fois sur une vraie s\u00e9paration du Canada. La campagne est tr\u00e8s serr\u00e9e et passionn\u00e9e. Le camp du \u00ab\u2009non\u2009\u00bb gagne encore, mais de justesse\u00a0: 50,6\u00a0% contre 49,4\u00a0%. C\u2019est un moment fort de l\u2019histoire du Qu\u00e9bec.<\/span><\/p><p><span style=\"font-weight: 400;\">Depuis ce deuxi\u00e8me r\u00e9f\u00e9rendum, l\u2019id\u00e9e d\u2019ind\u00e9pendance est moins pr\u00e9sente dans la politique qu\u00e9b\u00e9coise. D\u2019autres enjeux, comme l\u2019\u00e9conomie, l\u2019environnement et la question de l\u2019immigration, sont devenus plus importants. Le PQ a perdu de l\u2019influence, et de nouveaux partis ont pris de d\u00e9fendre les int\u00e9r\u00eats du Qu\u00e9bec, sans pour autant vouloir l\u2019ind\u00e9pendance.<\/span><\/p>\t\t\t\t\t\t\t\t<\/div>\n\t\t\t\t\t<\/div>\n\t\t<\/div>\n\t\t\t\t\t<\/div>\n\t\t<\/section>\n\t\t\t\t<section class=\"elementor-section elementor-top-section elementor-element elementor-element-0d1b93d elementor-section-boxed elementor-section-height-default elementor-section-height-default\" data-id=\"0d1b93d\" data-element_type=\"section\" data-e-type=\"section\">\n\t\t\t\t\t\t<div class=\"elementor-container elementor-column-gap-default\">\n\t\t\t\t\t<div class=\"elementor-column elementor-col-100 elementor-top-column elementor-element elementor-element-a698b03\" data-id=\"a698b03\" data-element_type=\"column\" data-e-type=\"column\">\n\t\t\t<div class=\"elementor-widget-wrap elementor-element-populated\">\n\t\t\t\t\t\t<div class=\"elementor-element elementor-element-329b506 elementor-widget elementor-widget-heading\" data-id=\"329b506\" data-element_type=\"widget\" data-e-type=\"widget\" data-widget_type=\"heading.default\">\n\t\t\t\t\t<h2 class=\"elementor-heading-title elementor-size-default\"><b>De l\u2019\u00e9cho dans le reste du pays<\/b><\/h2>\t\t\t\t<\/div>\n\t\t\t\t\t<\/div>\n\t\t<\/div>\n\t\t\t\t\t<\/div>\n\t\t<\/section>\n\t\t\t\t<section class=\"elementor-section elementor-top-section elementor-element elementor-element-b578420 elementor-section-boxed elementor-section-height-default elementor-section-height-default\" data-id=\"b578420\" data-element_type=\"section\" data-e-type=\"section\">\n\t\t\t\t\t\t<div class=\"elementor-container elementor-column-gap-default\">\n\t\t\t\t\t<div class=\"elementor-column elementor-col-100 elementor-top-column elementor-element elementor-element-59cb163\" data-id=\"59cb163\" data-element_type=\"column\" data-e-type=\"column\">\n\t\t\t<div class=\"elementor-widget-wrap elementor-element-populated\">\n\t\t\t\t\t\t<div class=\"elementor-element elementor-element-6c0dd93 elementor-widget elementor-widget-text-editor\" data-id=\"6c0dd93\" data-element_type=\"widget\" data-e-type=\"widget\" data-widget_type=\"text-editor.default\">\n\t\t\t\t\t\t\t\t\t<p style=\"font-weight: 400;\"><span>La volont\u00e9 d\u2019ind\u00e9pendance trouve aussi de l\u2019\u00e9cho dans d\u2019autres provinces du Canada. En Alberta, par exemple, des manifestations ont eu lieu cette ann\u00e9e en ce sens. Les Albertains, plut\u00f4t conservateurs, ont \u00e9t\u00e9 d\u00e9\u00e7us de l\u2019\u00e9lection du lib\u00e9ral Mark Carney \u00e0 la t\u00eate du pays, en avril 2025. Le parti lib\u00e9ral ne soutient pas assez \u00e0 leur sens les secteurs gaziers et p\u00e9troliers, moteurs de l\u2019\u00e9conomie albertaine. 36\u00a0% des habitants de la province seraient en effet favorables \u00e0 une sortie de l\u2019Alberta du Canada.<\/span><\/p><p style=\"font-weight: 400;\"><span>Au Qu\u00e9bec, si l\u2019id\u00e9e de faire de la province un pays est moins populaire aujourd\u2019hui qu\u2019elle ne l\u2019\u00e9tait dans les ann\u00e9es\u00a01980-1990, elle fait toujours partie de l\u2019identit\u00e9 des Qu\u00e9b\u00e9cois et continue d\u2019alimenter les discussions sur l\u2019avenir de la province. Aujourd\u2019hui, pr\u00e8s de la moiti\u00e9 des 18-34\u00a0ans appuieraient d\u2019ailleurs la souverainet\u00e9\u2026 Un d\u00e9bat qui n\u2019est donc pas encore clos.<\/span><\/p>\t\t\t\t\t\t\t\t<\/div>\n\t\t\t\t\t<\/div>\n\t\t<\/div>\n\t\t\t\t\t<\/div>\n\t\t<\/section>\n\t\t\t\t<section class=\"elementor-section elementor-top-section elementor-element elementor-element-d915c9c elementor-section-boxed elementor-section-height-default elementor-section-height-default\" data-id=\"d915c9c\" data-element_type=\"section\" data-e-type=\"section\">\n\t\t\t\t\t\t<div class=\"elementor-container elementor-column-gap-default\">\n\t\t\t\t\t<div class=\"elementor-column elementor-col-100 elementor-top-column elementor-element elementor-element-c588a13\" data-id=\"c588a13\" data-element_type=\"column\" data-e-type=\"column\">\n\t\t\t<div class=\"elementor-widget-wrap elementor-element-populated\">\n\t\t\t\t\t\t<div class=\"elementor-element elementor-element-121dcf7 elementor-widget elementor-widget-text-editor\" data-id=\"121dcf7\" data-element_type=\"widget\" data-e-type=\"widget\" data-widget_type=\"text-editor.default\">\n\t\t\t\t\t\t\t\t\t<p style=\"font-weight: 400;\"><em><span>Photo\u00a0: Brina Blum<\/span><\/em><\/p>\t\t\t\t\t\t\t\t<\/div>\n\t\t\t\t\t<\/div>\n\t\t<\/div>\n\t\t\t\t\t<\/div>\n\t\t<\/section>\n\t\t\t\t<\/div>\n\t\t","protected":false},"excerpt":{"rendered":"<p>Le d\u00e9sir d\u2019ind\u00e9pendance de certains Qu\u00e9b\u00e9cois s\u2019est d\u00e9velopp\u00e9 au fil du temps entre la minorit\u00e9 francophone et les anglophones du Canada.<\/p>\n","protected":false},"author":3469,"featured_media":21271,"comment_status":"closed","ping_status":"closed","sticky":false,"template":"","format":"standard","meta":{"_acf_changed":false,"_genesis_hide_title":false,"_genesis_hide_breadcrumbs":false,"_genesis_hide_singular_image":false,"_genesis_hide_footer_widgets":false,"_genesis_custom_body_class":"","_genesis_custom_post_class":"","_genesis_layout":"","footnotes":""},"categories":[103],"tags":[],"class_list":{"0":"post-21270","1":"post","2":"type-post","3":"status-publish","4":"format-standard","5":"has-post-thumbnail","7":"category-conseils-d-experts","8":"entry"},"acf":[],"yoast_head":"<!-- This site is optimized with the Yoast SEO plugin v27.5 - https:\/\/yoast.com\/product\/yoast-seo-wordpress\/ -->\n<title>Le \u00ab\u00a0Qu\u00e9bec libre\u00a0\u00bb : Petite histoire du s\u00e9paratisme - Immigrant Qu\u00e9bec<\/title>\n<meta name=\"description\" content=\"Le d\u00e9sir d\u2019ind\u00e9pendance de certains Qu\u00e9b\u00e9cois s\u2019est d\u00e9velopp\u00e9 au fil du temps entre la minorit\u00e9 francophone et les anglophones du Canada.\" \/>\n<meta name=\"robots\" content=\"index, follow, max-snippet:-1, max-image-preview:large, max-video-preview:-1\" \/>\n<link rel=\"canonical\" href=\"https:\/\/immigrantquebec.com\/fr\/conseils-d-experts\/le-quebec-libre-histoire-du-separatisme\/\" \/>\n<meta property=\"og:locale\" content=\"fr_FR\" \/>\n<meta property=\"og:type\" content=\"article\" \/>\n<meta property=\"og:title\" content=\"Le \u00ab\u00a0Qu\u00e9bec libre\u00a0\u00bb : Petite histoire du s\u00e9paratisme - Immigrant Qu\u00e9bec\" \/>\n<meta property=\"og:description\" content=\"Le d\u00e9sir d\u2019ind\u00e9pendance de certains Qu\u00e9b\u00e9cois s\u2019est d\u00e9velopp\u00e9 au fil du temps entre la minorit\u00e9 francophone et les anglophones du Canada.\" \/>\n<meta property=\"og:url\" content=\"https:\/\/immigrantquebec.com\/fr\/conseils-d-experts\/le-quebec-libre-histoire-du-separatisme\/\" \/>\n<meta property=\"og:site_name\" content=\"Immigrant Qu\u00e9bec\" \/>\n<meta property=\"article:publisher\" content=\"https:\/\/www.facebook.com\/immigrantquebec\" \/>\n<meta property=\"article:published_time\" content=\"2025-07-07T19:19:39+00:00\" \/>\n<meta property=\"article:modified_time\" content=\"2025-07-07T19:55:48+00:00\" \/>\n<meta property=\"og:image\" content=\"https:\/\/immigrantquebec.com\/fr\/wp-content\/uploads\/2025\/07\/brina-blum-nqttZgQZFyc-unsplash-950.jpg\" \/>\n\t<meta property=\"og:image:width\" content=\"950\" \/>\n\t<meta property=\"og:image:height\" content=\"400\" \/>\n\t<meta property=\"og:image:type\" content=\"image\/jpeg\" \/>\n<meta name=\"author\" content=\"Marie P\u00e2ris\" \/>\n<meta name=\"twitter:label1\" content=\"\u00c9crit par\" \/>\n\t<meta name=\"twitter:data1\" content=\"Marie P\u00e2ris\" \/>\n\t<meta name=\"twitter:label2\" content=\"Dur\u00e9e de lecture estim\u00e9e\" \/>\n\t<meta name=\"twitter:data2\" content=\"3 minutes\" \/>\n<script type=\"application\/ld+json\" class=\"yoast-schema-graph\">{\"@context\":\"https:\\\/\\\/schema.org\",\"@graph\":[{\"@type\":\"Article\",\"@id\":\"https:\\\/\\\/immigrantquebec.com\\\/fr\\\/conseils-d-experts\\\/le-quebec-libre-histoire-du-separatisme\\\/#article\",\"isPartOf\":{\"@id\":\"https:\\\/\\\/immigrantquebec.com\\\/fr\\\/conseils-d-experts\\\/le-quebec-libre-histoire-du-separatisme\\\/\"},\"author\":{\"name\":\"Marie P\u00e2ris\",\"@id\":\"https:\\\/\\\/immigrantquebec.com\\\/fr\\\/#\\\/schema\\\/person\\\/a2eb948f50df215529d59ad155d309ad\"},\"headline\":\"Le \u00ab\u00a0Qu\u00e9bec libre\u00a0\u00bb : Petite histoire du s\u00e9paratisme\",\"datePublished\":\"2025-07-07T19:19:39+00:00\",\"dateModified\":\"2025-07-07T19:55:48+00:00\",\"mainEntityOfPage\":{\"@id\":\"https:\\\/\\\/immigrantquebec.com\\\/fr\\\/conseils-d-experts\\\/le-quebec-libre-histoire-du-separatisme\\\/\"},\"wordCount\":625,\"publisher\":{\"@id\":\"https:\\\/\\\/immigrantquebec.com\\\/fr\\\/#organization\"},\"image\":{\"@id\":\"https:\\\/\\\/immigrantquebec.com\\\/fr\\\/conseils-d-experts\\\/le-quebec-libre-histoire-du-separatisme\\\/#primaryimage\"},\"thumbnailUrl\":\"https:\\\/\\\/immigrantquebec.com\\\/fr\\\/wp-content\\\/uploads\\\/2025\\\/07\\\/brina-blum-nqttZgQZFyc-unsplash-950.jpg\",\"articleSection\":[\"Conseils d'experts\"],\"inLanguage\":\"fr-FR\"},{\"@type\":\"WebPage\",\"@id\":\"https:\\\/\\\/immigrantquebec.com\\\/fr\\\/conseils-d-experts\\\/le-quebec-libre-histoire-du-separatisme\\\/\",\"url\":\"https:\\\/\\\/immigrantquebec.com\\\/fr\\\/conseils-d-experts\\\/le-quebec-libre-histoire-du-separatisme\\\/\",\"name\":\"Le \u00ab\u00a0Qu\u00e9bec libre\u00a0\u00bb : Petite histoire du s\u00e9paratisme - Immigrant Qu\u00e9bec\",\"isPartOf\":{\"@id\":\"https:\\\/\\\/immigrantquebec.com\\\/fr\\\/#website\"},\"primaryImageOfPage\":{\"@id\":\"https:\\\/\\\/immigrantquebec.com\\\/fr\\\/conseils-d-experts\\\/le-quebec-libre-histoire-du-separatisme\\\/#primaryimage\"},\"image\":{\"@id\":\"https:\\\/\\\/immigrantquebec.com\\\/fr\\\/conseils-d-experts\\\/le-quebec-libre-histoire-du-separatisme\\\/#primaryimage\"},\"thumbnailUrl\":\"https:\\\/\\\/immigrantquebec.com\\\/fr\\\/wp-content\\\/uploads\\\/2025\\\/07\\\/brina-blum-nqttZgQZFyc-unsplash-950.jpg\",\"datePublished\":\"2025-07-07T19:19:39+00:00\",\"dateModified\":\"2025-07-07T19:55:48+00:00\",\"description\":\"Le d\u00e9sir d\u2019ind\u00e9pendance de certains Qu\u00e9b\u00e9cois s\u2019est d\u00e9velopp\u00e9 au fil du temps entre la minorit\u00e9 francophone et les anglophones du Canada.\",\"breadcrumb\":{\"@id\":\"https:\\\/\\\/immigrantquebec.com\\\/fr\\\/conseils-d-experts\\\/le-quebec-libre-histoire-du-separatisme\\\/#breadcrumb\"},\"inLanguage\":\"fr-FR\",\"potentialAction\":[{\"@type\":\"ReadAction\",\"target\":[\"https:\\\/\\\/immigrantquebec.com\\\/fr\\\/conseils-d-experts\\\/le-quebec-libre-histoire-du-separatisme\\\/\"]}]},{\"@type\":\"ImageObject\",\"inLanguage\":\"fr-FR\",\"@id\":\"https:\\\/\\\/immigrantquebec.com\\\/fr\\\/conseils-d-experts\\\/le-quebec-libre-histoire-du-separatisme\\\/#primaryimage\",\"url\":\"https:\\\/\\\/immigrantquebec.com\\\/fr\\\/wp-content\\\/uploads\\\/2025\\\/07\\\/brina-blum-nqttZgQZFyc-unsplash-950.jpg\",\"contentUrl\":\"https:\\\/\\\/immigrantquebec.com\\\/fr\\\/wp-content\\\/uploads\\\/2025\\\/07\\\/brina-blum-nqttZgQZFyc-unsplash-950.jpg\",\"width\":950,\"height\":400},{\"@type\":\"BreadcrumbList\",\"@id\":\"https:\\\/\\\/immigrantquebec.com\\\/fr\\\/conseils-d-experts\\\/le-quebec-libre-histoire-du-separatisme\\\/#breadcrumb\",\"itemListElement\":[{\"@type\":\"ListItem\",\"position\":1,\"name\":\"Accueil\",\"item\":\"https:\\\/\\\/immigrantquebec.com\\\/fr\\\/\"},{\"@type\":\"ListItem\",\"position\":2,\"name\":\"Conseils d'experts\",\"item\":\"https:\\\/\\\/immigrantquebec.com\\\/fr\\\/conseils-d-experts\\\/\"},{\"@type\":\"ListItem\",\"position\":3,\"name\":\"Le \u00ab\u00a0Qu\u00e9bec libre\u00a0\u00bb : Petite histoire du s\u00e9paratisme\"}]},{\"@type\":\"WebSite\",\"@id\":\"https:\\\/\\\/immigrantquebec.com\\\/fr\\\/#website\",\"url\":\"https:\\\/\\\/immigrantquebec.com\\\/fr\\\/\",\"name\":\"Immigrant Qu\u00e9bec\",\"description\":\"Immigrer, vivre, travailler et \u00e9tudier au Qu\u00e9bec, Canada\",\"publisher\":{\"@id\":\"https:\\\/\\\/immigrantquebec.com\\\/fr\\\/#organization\"},\"potentialAction\":[{\"@type\":\"SearchAction\",\"target\":{\"@type\":\"EntryPoint\",\"urlTemplate\":\"https:\\\/\\\/immigrantquebec.com\\\/fr\\\/?s={search_term_string}\"},\"query-input\":{\"@type\":\"PropertyValueSpecification\",\"valueRequired\":true,\"valueName\":\"search_term_string\"}}],\"inLanguage\":\"fr-FR\"},{\"@type\":\"Organization\",\"@id\":\"https:\\\/\\\/immigrantquebec.com\\\/fr\\\/#organization\",\"name\":\"Immigrant Qu\u00e9bec\",\"url\":\"https:\\\/\\\/immigrantquebec.com\\\/fr\\\/\",\"logo\":{\"@type\":\"ImageObject\",\"inLanguage\":\"fr-FR\",\"@id\":\"https:\\\/\\\/immigrantquebec.com\\\/fr\\\/#\\\/schema\\\/logo\\\/image\\\/\",\"url\":\"https:\\\/\\\/immigrantquebec.com\\\/fr\\\/wp-content\\\/uploads\\\/2024\\\/03\\\/LogoIQ-2024-RVB.png\",\"contentUrl\":\"https:\\\/\\\/immigrantquebec.com\\\/fr\\\/wp-content\\\/uploads\\\/2024\\\/03\\\/LogoIQ-2024-RVB.png\",\"width\":2500,\"height\":1137,\"caption\":\"Immigrant Qu\u00e9bec\"},\"image\":{\"@id\":\"https:\\\/\\\/immigrantquebec.com\\\/fr\\\/#\\\/schema\\\/logo\\\/image\\\/\"},\"sameAs\":[\"https:\\\/\\\/www.facebook.com\\\/immigrantquebec\",\"https:\\\/\\\/x.com\\\/ImmigrantQuebec\",\"https:\\\/\\\/www.instagram.com\\\/immigrantquebec\",\"https:\\\/\\\/www.youtube.com\\\/user\\\/ImmigrantQc\"]},{\"@type\":\"Person\",\"@id\":\"https:\\\/\\\/immigrantquebec.com\\\/fr\\\/#\\\/schema\\\/person\\\/a2eb948f50df215529d59ad155d309ad\",\"name\":\"Marie P\u00e2ris\",\"image\":{\"@type\":\"ImageObject\",\"inLanguage\":\"fr-FR\",\"@id\":\"https:\\\/\\\/immigrantquebec.com\\\/fr\\\/wp-content\\\/uploads\\\/2022\\\/03\\\/SEBM-6878.jpg\",\"url\":\"https:\\\/\\\/immigrantquebec.com\\\/fr\\\/wp-content\\\/uploads\\\/2022\\\/03\\\/SEBM-6878.jpg\",\"contentUrl\":\"https:\\\/\\\/immigrantquebec.com\\\/fr\\\/wp-content\\\/uploads\\\/2022\\\/03\\\/SEBM-6878.jpg\",\"caption\":\"Marie P\u00e2ris\"},\"description\":\"Dipl\u00f4m\u00e9e de l\u2019\u00c9cole sup\u00e9rieure de journalisme de Lille (France) et form\u00e9e en journalisme international \u00e0 l'Universit\u00e9 Laval \u00e0 Qu\u00e9bec, Marie est install\u00e9e \u00e0 Montr\u00e9al depuis 2013. Elle\u00a0sp\u00e9cialise notamment dans la culture, la gastronomie et les questions de soci\u00e9t\u00e9.\u00a0En plus de travailler sur des sujets transatlantiques pour Immigrant Qu\u00e9bec, elle \u00e9crit pour plusieurs m\u00e9dias \u00e0 l'\u00e9tranger et au Qu\u00e9bec (Tastet, Le Devoir, Revue JEU...)\",\"url\":\"https:\\\/\\\/immigrantquebec.com\\\/fr\\\/author\\\/marie-p\\\/\"}]}<\/script>\n<!-- \/ Yoast SEO plugin. -->","yoast_head_json":{"title":"Le \u00ab\u00a0Qu\u00e9bec libre\u00a0\u00bb : Petite histoire du s\u00e9paratisme - Immigrant Qu\u00e9bec","description":"Le d\u00e9sir d\u2019ind\u00e9pendance de certains Qu\u00e9b\u00e9cois s\u2019est d\u00e9velopp\u00e9 au fil du temps entre la minorit\u00e9 francophone et les anglophones du Canada.","robots":{"index":"index","follow":"follow","max-snippet":"max-snippet:-1","max-image-preview":"max-image-preview:large","max-video-preview":"max-video-preview:-1"},"canonical":"https:\/\/immigrantquebec.com\/fr\/conseils-d-experts\/le-quebec-libre-histoire-du-separatisme\/","og_locale":"fr_FR","og_type":"article","og_title":"Le \u00ab\u00a0Qu\u00e9bec libre\u00a0\u00bb : Petite histoire du s\u00e9paratisme - Immigrant Qu\u00e9bec","og_description":"Le d\u00e9sir d\u2019ind\u00e9pendance de certains Qu\u00e9b\u00e9cois s\u2019est d\u00e9velopp\u00e9 au fil du temps entre la minorit\u00e9 francophone et les anglophones du Canada.","og_url":"https:\/\/immigrantquebec.com\/fr\/conseils-d-experts\/le-quebec-libre-histoire-du-separatisme\/","og_site_name":"Immigrant Qu\u00e9bec","article_publisher":"https:\/\/www.facebook.com\/immigrantquebec","article_published_time":"2025-07-07T19:19:39+00:00","article_modified_time":"2025-07-07T19:55:48+00:00","og_image":[{"width":950,"height":400,"url":"https:\/\/immigrantquebec.com\/fr\/wp-content\/uploads\/2025\/07\/brina-blum-nqttZgQZFyc-unsplash-950.jpg","type":"image\/jpeg"}],"author":"Marie P\u00e2ris","twitter_misc":{"\u00c9crit par":"Marie P\u00e2ris","Dur\u00e9e de lecture estim\u00e9e":"3 minutes"},"schema":{"@context":"https:\/\/schema.org","@graph":[{"@type":"Article","@id":"https:\/\/immigrantquebec.com\/fr\/conseils-d-experts\/le-quebec-libre-histoire-du-separatisme\/#article","isPartOf":{"@id":"https:\/\/immigrantquebec.com\/fr\/conseils-d-experts\/le-quebec-libre-histoire-du-separatisme\/"},"author":{"name":"Marie P\u00e2ris","@id":"https:\/\/immigrantquebec.com\/fr\/#\/schema\/person\/a2eb948f50df215529d59ad155d309ad"},"headline":"Le \u00ab\u00a0Qu\u00e9bec libre\u00a0\u00bb : Petite histoire du s\u00e9paratisme","datePublished":"2025-07-07T19:19:39+00:00","dateModified":"2025-07-07T19:55:48+00:00","mainEntityOfPage":{"@id":"https:\/\/immigrantquebec.com\/fr\/conseils-d-experts\/le-quebec-libre-histoire-du-separatisme\/"},"wordCount":625,"publisher":{"@id":"https:\/\/immigrantquebec.com\/fr\/#organization"},"image":{"@id":"https:\/\/immigrantquebec.com\/fr\/conseils-d-experts\/le-quebec-libre-histoire-du-separatisme\/#primaryimage"},"thumbnailUrl":"https:\/\/immigrantquebec.com\/fr\/wp-content\/uploads\/2025\/07\/brina-blum-nqttZgQZFyc-unsplash-950.jpg","articleSection":["Conseils d'experts"],"inLanguage":"fr-FR"},{"@type":"WebPage","@id":"https:\/\/immigrantquebec.com\/fr\/conseils-d-experts\/le-quebec-libre-histoire-du-separatisme\/","url":"https:\/\/immigrantquebec.com\/fr\/conseils-d-experts\/le-quebec-libre-histoire-du-separatisme\/","name":"Le \u00ab\u00a0Qu\u00e9bec libre\u00a0\u00bb : Petite histoire du s\u00e9paratisme - Immigrant Qu\u00e9bec","isPartOf":{"@id":"https:\/\/immigrantquebec.com\/fr\/#website"},"primaryImageOfPage":{"@id":"https:\/\/immigrantquebec.com\/fr\/conseils-d-experts\/le-quebec-libre-histoire-du-separatisme\/#primaryimage"},"image":{"@id":"https:\/\/immigrantquebec.com\/fr\/conseils-d-experts\/le-quebec-libre-histoire-du-separatisme\/#primaryimage"},"thumbnailUrl":"https:\/\/immigrantquebec.com\/fr\/wp-content\/uploads\/2025\/07\/brina-blum-nqttZgQZFyc-unsplash-950.jpg","datePublished":"2025-07-07T19:19:39+00:00","dateModified":"2025-07-07T19:55:48+00:00","description":"Le d\u00e9sir d\u2019ind\u00e9pendance de certains Qu\u00e9b\u00e9cois s\u2019est d\u00e9velopp\u00e9 au fil du temps entre la minorit\u00e9 francophone et les anglophones du Canada.","breadcrumb":{"@id":"https:\/\/immigrantquebec.com\/fr\/conseils-d-experts\/le-quebec-libre-histoire-du-separatisme\/#breadcrumb"},"inLanguage":"fr-FR","potentialAction":[{"@type":"ReadAction","target":["https:\/\/immigrantquebec.com\/fr\/conseils-d-experts\/le-quebec-libre-histoire-du-separatisme\/"]}]},{"@type":"ImageObject","inLanguage":"fr-FR","@id":"https:\/\/immigrantquebec.com\/fr\/conseils-d-experts\/le-quebec-libre-histoire-du-separatisme\/#primaryimage","url":"https:\/\/immigrantquebec.com\/fr\/wp-content\/uploads\/2025\/07\/brina-blum-nqttZgQZFyc-unsplash-950.jpg","contentUrl":"https:\/\/immigrantquebec.com\/fr\/wp-content\/uploads\/2025\/07\/brina-blum-nqttZgQZFyc-unsplash-950.jpg","width":950,"height":400},{"@type":"BreadcrumbList","@id":"https:\/\/immigrantquebec.com\/fr\/conseils-d-experts\/le-quebec-libre-histoire-du-separatisme\/#breadcrumb","itemListElement":[{"@type":"ListItem","position":1,"name":"Accueil","item":"https:\/\/immigrantquebec.com\/fr\/"},{"@type":"ListItem","position":2,"name":"Conseils d'experts","item":"https:\/\/immigrantquebec.com\/fr\/conseils-d-experts\/"},{"@type":"ListItem","position":3,"name":"Le \u00ab\u00a0Qu\u00e9bec libre\u00a0\u00bb : Petite histoire du s\u00e9paratisme"}]},{"@type":"WebSite","@id":"https:\/\/immigrantquebec.com\/fr\/#website","url":"https:\/\/immigrantquebec.com\/fr\/","name":"Immigrant Qu\u00e9bec","description":"Immigrer, vivre, travailler et \u00e9tudier au Qu\u00e9bec, Canada","publisher":{"@id":"https:\/\/immigrantquebec.com\/fr\/#organization"},"potentialAction":[{"@type":"SearchAction","target":{"@type":"EntryPoint","urlTemplate":"https:\/\/immigrantquebec.com\/fr\/?s={search_term_string}"},"query-input":{"@type":"PropertyValueSpecification","valueRequired":true,"valueName":"search_term_string"}}],"inLanguage":"fr-FR"},{"@type":"Organization","@id":"https:\/\/immigrantquebec.com\/fr\/#organization","name":"Immigrant Qu\u00e9bec","url":"https:\/\/immigrantquebec.com\/fr\/","logo":{"@type":"ImageObject","inLanguage":"fr-FR","@id":"https:\/\/immigrantquebec.com\/fr\/#\/schema\/logo\/image\/","url":"https:\/\/immigrantquebec.com\/fr\/wp-content\/uploads\/2024\/03\/LogoIQ-2024-RVB.png","contentUrl":"https:\/\/immigrantquebec.com\/fr\/wp-content\/uploads\/2024\/03\/LogoIQ-2024-RVB.png","width":2500,"height":1137,"caption":"Immigrant Qu\u00e9bec"},"image":{"@id":"https:\/\/immigrantquebec.com\/fr\/#\/schema\/logo\/image\/"},"sameAs":["https:\/\/www.facebook.com\/immigrantquebec","https:\/\/x.com\/ImmigrantQuebec","https:\/\/www.instagram.com\/immigrantquebec","https:\/\/www.youtube.com\/user\/ImmigrantQc"]},{"@type":"Person","@id":"https:\/\/immigrantquebec.com\/fr\/#\/schema\/person\/a2eb948f50df215529d59ad155d309ad","name":"Marie P\u00e2ris","image":{"@type":"ImageObject","inLanguage":"fr-FR","@id":"https:\/\/immigrantquebec.com\/fr\/wp-content\/uploads\/2022\/03\/SEBM-6878.jpg","url":"https:\/\/immigrantquebec.com\/fr\/wp-content\/uploads\/2022\/03\/SEBM-6878.jpg","contentUrl":"https:\/\/immigrantquebec.com\/fr\/wp-content\/uploads\/2022\/03\/SEBM-6878.jpg","caption":"Marie P\u00e2ris"},"description":"Dipl\u00f4m\u00e9e de l\u2019\u00c9cole sup\u00e9rieure de journalisme de Lille (France) et form\u00e9e en journalisme international \u00e0 l'Universit\u00e9 Laval \u00e0 Qu\u00e9bec, Marie est install\u00e9e \u00e0 Montr\u00e9al depuis 2013. Elle\u00a0sp\u00e9cialise notamment dans la culture, la gastronomie et les questions de soci\u00e9t\u00e9.\u00a0En plus de travailler sur des sujets transatlantiques pour Immigrant Qu\u00e9bec, elle \u00e9crit pour plusieurs m\u00e9dias \u00e0 l'\u00e9tranger et au Qu\u00e9bec (Tastet, Le Devoir, Revue JEU...)","url":"https:\/\/immigrantquebec.com\/fr\/author\/marie-p\/"}]}},"_links":{"self":[{"href":"https:\/\/immigrantquebec.com\/fr\/wp-json\/wp\/v2\/posts\/21270","targetHints":{"allow":["GET"]}}],"collection":[{"href":"https:\/\/immigrantquebec.com\/fr\/wp-json\/wp\/v2\/posts"}],"about":[{"href":"https:\/\/immigrantquebec.com\/fr\/wp-json\/wp\/v2\/types\/post"}],"author":[{"embeddable":true,"href":"https:\/\/immigrantquebec.com\/fr\/wp-json\/wp\/v2\/users\/3469"}],"replies":[{"embeddable":true,"href":"https:\/\/immigrantquebec.com\/fr\/wp-json\/wp\/v2\/comments?post=21270"}],"version-history":[{"count":0,"href":"https:\/\/immigrantquebec.com\/fr\/wp-json\/wp\/v2\/posts\/21270\/revisions"}],"wp:featuredmedia":[{"embeddable":true,"href":"https:\/\/immigrantquebec.com\/fr\/wp-json\/wp\/v2\/media\/21271"}],"wp:attachment":[{"href":"https:\/\/immigrantquebec.com\/fr\/wp-json\/wp\/v2\/media?parent=21270"}],"wp:term":[{"taxonomy":"category","embeddable":true,"href":"https:\/\/immigrantquebec.com\/fr\/wp-json\/wp\/v2\/categories?post=21270"},{"taxonomy":"post_tag","embeddable":true,"href":"https:\/\/immigrantquebec.com\/fr\/wp-json\/wp\/v2\/tags?post=21270"}],"curies":[{"name":"wp","href":"https:\/\/api.w.org\/{rel}","templated":true}]}}