{"id":21364,"date":"2025-07-24T11:37:58","date_gmt":"2025-07-24T15:37:58","guid":{"rendered":"https:\/\/immigrantquebec.com\/fr\/?p=21364"},"modified":"2025-07-31T16:23:49","modified_gmt":"2025-07-31T20:23:49","slug":"premiere-sortie-du-pstq-248-invitations-ont-ete-envoyees","status":"publish","type":"post","link":"https:\/\/immigrantquebec.com\/fr\/actualites\/premiere-sortie-du-pstq-248-invitations-ont-ete-envoyees\/","title":{"rendered":"Premi\u00e8re sortie du PSTQ : 248 invitations ont \u00e9t\u00e9 envoy\u00e9es"},"content":{"rendered":"\t\t<div data-elementor-type=\"wp-post\" data-elementor-id=\"21364\" class=\"elementor elementor-21364\" data-elementor-post-type=\"post\">\n\t\t\t\t\t\t<section class=\"elementor-section elementor-top-section elementor-element elementor-element-86de702 elementor-section-boxed elementor-section-height-default elementor-section-height-default\" data-id=\"86de702\" data-element_type=\"section\" data-e-type=\"section\">\n\t\t\t\t\t\t<div class=\"elementor-container elementor-column-gap-default\">\n\t\t\t\t\t<div class=\"elementor-column elementor-col-100 elementor-top-column elementor-element elementor-element-6cf077f\" data-id=\"6cf077f\" data-element_type=\"column\" data-e-type=\"column\">\n\t\t\t<div class=\"elementor-widget-wrap elementor-element-populated\">\n\t\t\t\t\t\t<div class=\"elementor-element elementor-element-df6a183 elementor-widget elementor-widget-text-editor\" data-id=\"df6a183\" data-element_type=\"widget\" data-e-type=\"widget\" data-widget_type=\"text-editor.default\">\n\t\t\t\t\t\t\t\t\t<div><i><span>Le 17\u00a0juillet 2025, le minist\u00e8re de l\u2019Immigration, de la Francisation et de l\u2019Int\u00e9gration (MIFI) a envoy\u00e9 ses tr\u00e8s attendues premi\u00e8res invitations <\/span><span lang=\"FR\">dans le nouveau Programme de s\u00e9lection des travailleurs qualifi\u00e9s (PSTQ). Une premi\u00e8re session aux allures de tour de chauffe.<\/span><\/i><\/div>\t\t\t\t\t\t\t\t<\/div>\n\t\t\t\t\t<\/div>\n\t\t<\/div>\n\t\t\t\t\t<\/div>\n\t\t<\/section>\n\t\t\t\t<section class=\"elementor-section elementor-top-section elementor-element elementor-element-b993b1d elementor-section-boxed elementor-section-height-default elementor-section-height-default\" data-id=\"b993b1d\" data-element_type=\"section\" data-e-type=\"section\">\n\t\t\t\t\t\t<div class=\"elementor-container elementor-column-gap-default\">\n\t\t\t\t\t<div class=\"elementor-column elementor-col-100 elementor-top-column elementor-element elementor-element-0fae3a5\" data-id=\"0fae3a5\" data-element_type=\"column\" data-e-type=\"column\">\n\t\t\t<div class=\"elementor-widget-wrap elementor-element-populated\">\n\t\t\t\t\t\t<div class=\"elementor-element elementor-element-7326408 elementor-widget elementor-widget-text-editor\" data-id=\"7326408\" data-element_type=\"widget\" data-e-type=\"widget\" data-widget_type=\"text-editor.default\">\n\t\t\t\t\t\t\t\t\t<p style=\"font-weight: 400;\"><span>Apr\u00e8s avoir annonc\u00e9 d\u00e9but juin <strong><a href=\"https:\/\/immigrantquebec.com\/fr\/actualites\/un-degel-du-pstq-aux-allures-de-nouvelle-ere-glaciaire-pour-les-candidats-a-limmigration-permanente-au-quebec\/\" target=\"_blank\" rel=\"noopener\">le d\u00e9gel du PSTQ<\/a><\/strong> puis, un mois plus tard, <strong><a href=\"https:\/\/immigrantquebec.com\/fr\/actualites\/le-pstq-prend-du-service-et-devoile-ses-criteres-de-selection\/\" target=\"_blank\" rel=\"noopener\">les crit\u00e8res d\u2019\u00e9valuation et leur pointage<\/a><\/strong>, on attendait la premi\u00e8re session d\u2019invitations du MIFI \u2014 particuli\u00e8rement les modalit\u00e9s de fonctionnement d\u2019un programme nouveau.<\/span><\/p><p><span style=\"font-weight: 400;\">Or, c\u2019est finalement le 17\u00a0juillet 2025 que le minist\u00e8re a invit\u00e9 \u00e0 pr\u00e9senter formellement leur demande de s\u00e9lection permanente <strong>quelque 238\u00a0personnes<\/strong> ayant d\u00e9clar\u00e9 leur int\u00e9r\u00eat dans Arrima. Des personnes relevant <strong>uniquement de deux des quatre volets<\/strong> que compte d\u00e9sormais le programme, et selon des crit\u00e8res conditionnels assez restrictifs.<\/span><\/p>\t\t\t\t\t\t\t\t<\/div>\n\t\t\t\t\t<\/div>\n\t\t<\/div>\n\t\t\t\t\t<\/div>\n\t\t<\/section>\n\t\t\t\t<section class=\"elementor-section elementor-top-section elementor-element elementor-element-e21e8d9 elementor-section-boxed elementor-section-height-default elementor-section-height-default\" data-id=\"e21e8d9\" data-element_type=\"section\" data-e-type=\"section\">\n\t\t\t\t\t\t<div class=\"elementor-container elementor-column-gap-default\">\n\t\t\t\t\t<div class=\"elementor-column elementor-col-100 elementor-top-column elementor-element elementor-element-39bd07a\" data-id=\"39bd07a\" data-element_type=\"column\" data-e-type=\"column\">\n\t\t\t<div class=\"elementor-widget-wrap elementor-element-populated\">\n\t\t\t\t\t\t<div class=\"elementor-element elementor-element-5f5b7e3 elementor-widget elementor-widget-heading\" data-id=\"5f5b7e3\" data-element_type=\"widget\" data-e-type=\"widget\" data-widget_type=\"heading.default\">\n\t\t\t\t\t<h2 class=\"elementor-heading-title elementor-size-default\"><b>238 invitations dans les Volet 1 et 4 du PSTQ<\/b><\/h2>\t\t\t\t<\/div>\n\t\t\t\t\t<\/div>\n\t\t<\/div>\n\t\t\t\t\t<\/div>\n\t\t<\/section>\n\t\t\t\t<section class=\"elementor-section elementor-top-section elementor-element elementor-element-c3ab017 elementor-section-boxed elementor-section-height-default elementor-section-height-default\" data-id=\"c3ab017\" data-element_type=\"section\" data-e-type=\"section\">\n\t\t\t\t\t\t<div class=\"elementor-container elementor-column-gap-default\">\n\t\t\t\t\t<div class=\"elementor-column elementor-col-100 elementor-top-column elementor-element elementor-element-c534e89\" data-id=\"c534e89\" data-element_type=\"column\" data-e-type=\"column\">\n\t\t\t<div class=\"elementor-widget-wrap elementor-element-populated\">\n\t\t\t\t\t\t<div class=\"elementor-element elementor-element-55caa46 elementor-widget elementor-widget-text-editor\" data-id=\"55caa46\" data-element_type=\"widget\" data-e-type=\"widget\" data-widget_type=\"text-editor.default\">\n\t\t\t\t\t\t\t\t\t<h4 style=\"font-weight: 400;\"><strong><span>216 invitations dans le Volet\u00a01 \u2014 Professions \u00e0 haute qualification et comp\u00e9tences sp\u00e9cialis\u00e9es<\/span><\/strong><\/h4><p><span style=\"font-weight: 400;\">Les invitations envoy\u00e9es dans le Volet\u00a01 ont cibl\u00e9 les personnes r\u00e9pondant \u00ab\u2009minimalement\u2009\u00bb \u00e0 une liste de crit\u00e8res pr\u00e9cis et connus, comme la cat\u00e9gorie FEER\u00a00, 1 ou 2, une exp\u00e9rience de travail dans la profession d\u2019au moins 12\u00a0mois ou encore de solides comp\u00e9tences en fran\u00e7ais.<\/span><\/p>\t\t\t\t\t\t\t\t<\/div>\n\t\t\t\t\t<\/div>\n\t\t<\/div>\n\t\t\t\t\t<\/div>\n\t\t<\/section>\n\t\t\t\t<section class=\"elementor-section elementor-top-section elementor-element elementor-element-6593f82 elementor-section-boxed elementor-section-height-default elementor-section-height-default\" data-id=\"6593f82\" data-element_type=\"section\" data-e-type=\"section\">\n\t\t\t\t\t\t<div class=\"elementor-container elementor-column-gap-default\">\n\t\t\t\t\t<div class=\"elementor-column elementor-col-100 elementor-top-column elementor-element elementor-element-0812773\" data-id=\"0812773\" data-element_type=\"column\" data-e-type=\"column\">\n\t\t\t<div class=\"elementor-widget-wrap elementor-element-populated\">\n\t\t\t\t\t\t<div class=\"elementor-element elementor-element-dc2dbfd elementor-widget elementor-widget-text-editor\" data-id=\"dc2dbfd\" data-element_type=\"widget\" data-e-type=\"widget\" data-widget_type=\"text-editor.default\">\n\t\t\t\t\t\t\t\t\t<p style=\"font-weight: 400;\"><span>Mais le v\u00e9ritable point d\u2019int\u00e9r\u00eat ici \u00e9tait l\u2019ajout de crit\u00e8res suppl\u00e9mentaires. Pour \u00eatre invit\u00e9es, les personnes devaient, au moment de l\u2019extraction de leur d\u00e9claration d\u2019int\u00e9r\u00eat, le 14\u00a0juillet 2025\u00a0:<\/span><\/p><ul><li><span>S\u00e9journer au Qu\u00e9bec\u2009;<\/span><\/li><li><span>\u00catre dipl\u00f4m\u00e9es du Qu\u00e9bec (niveau universitaire, coll\u00e9gial ou secondaire professionnel)\u2009;<\/span><\/li><li>Afficher un pointage d\u2019au moins 768\u00a0points.<\/li><\/ul>\t\t\t\t\t\t\t\t<\/div>\n\t\t\t\t\t<\/div>\n\t\t<\/div>\n\t\t\t\t\t<\/div>\n\t\t<\/section>\n\t\t\t\t<section class=\"elementor-section elementor-top-section elementor-element elementor-element-a3e3ed5 elementor-section-boxed elementor-section-height-default elementor-section-height-default\" data-id=\"a3e3ed5\" data-element_type=\"section\" data-e-type=\"section\">\n\t\t\t\t\t\t<div class=\"elementor-container elementor-column-gap-default\">\n\t\t\t\t\t<div class=\"elementor-column elementor-col-100 elementor-top-column elementor-element elementor-element-11ee447\" data-id=\"11ee447\" data-element_type=\"column\" data-e-type=\"column\">\n\t\t\t<div class=\"elementor-widget-wrap elementor-element-populated\">\n\t\t\t\t\t\t<div class=\"elementor-element elementor-element-3eb6dc1 elementor-widget elementor-widget-text-editor\" data-id=\"3eb6dc1\" data-element_type=\"widget\" data-e-type=\"widget\" data-widget_type=\"text-editor.default\">\n\t\t\t\t\t\t\t\t\t<h4 style=\"font-weight: 400;\"><strong><span>22 invitations dans le Volet\u00a04 \u2014 Talents d\u2019exception<\/span><\/strong><\/h4><p style=\"font-weight: 400;\"><span>Seules 22\u00a0personnes ont \u00e9t\u00e9 invit\u00e9es \u00e0 pr\u00e9senter une demande dans le Volet\u00a04.<\/span><\/p><p style=\"font-weight: 400;\"><span>Elles d\u00e9montraient toutes au moins 36\u00a0mois d\u2019exp\u00e9rience de travail dans leur profession principale au cours des cinq derni\u00e8res ann\u00e9es, et \u00e9taient en possession\u00a0:<\/span><\/p><ul><li><span>D\u2019un avis positif rendu dans un <strong><a href=\"https:\/\/www.quebec.ca\/immigration\/permanente\/travailleurs-qualifies\/programme-selection-travailleurs-qualifies\/exigences#c276588\" target=\"_blank\" rel=\"noopener\">domaine cibl\u00e9<\/a><\/strong>, ou, alternativement<\/span><\/li><li><span>D\u2019un document d\u00e9montrant un <strong><a href=\"https:\/\/cdn-contenu.quebec.ca\/cdn-contenu\/immigration\/formulaires\/fr\/PSTQ\/LIS_PSTQ_Accomplissements_exceptionnels.pdf\" target=\"_blank\" rel=\"noopener\">accomplissement exceptionnel<\/a><\/strong>.<\/span><\/li><\/ul>\t\t\t\t\t\t\t\t<\/div>\n\t\t\t\t\t<\/div>\n\t\t<\/div>\n\t\t\t\t\t<\/div>\n\t\t<\/section>\n\t\t\t\t<section class=\"elementor-section elementor-top-section elementor-element elementor-element-5e3b693 elementor-section-boxed elementor-section-height-default elementor-section-height-default\" data-id=\"5e3b693\" data-element_type=\"section\" data-e-type=\"section\">\n\t\t\t\t\t\t<div class=\"elementor-container elementor-column-gap-default\">\n\t\t\t\t\t<div class=\"elementor-column elementor-col-100 elementor-top-column elementor-element elementor-element-6b25092\" data-id=\"6b25092\" data-element_type=\"column\" data-e-type=\"column\">\n\t\t\t<div class=\"elementor-widget-wrap elementor-element-populated\">\n\t\t\t\t\t\t<div class=\"elementor-element elementor-element-d0856c2 elementor-widget elementor-widget-text-editor\" data-id=\"d0856c2\" data-element_type=\"widget\" data-e-type=\"widget\" data-widget_type=\"text-editor.default\">\n\t\t\t\t\t\t\t\t\t<div><span>En guise de crit\u00e8re suppl\u00e9mentaire, les personnes invit\u00e9es <b>devaient \u00eatre effectivement titulaires d\u2019un dipl\u00f4me universitaire de 3<sup>e<\/sup>\u00a0cycle (doctorat)<\/b>.<\/span><\/div>\t\t\t\t\t\t\t\t<\/div>\n\t\t\t\t\t<\/div>\n\t\t<\/div>\n\t\t\t\t\t<\/div>\n\t\t<\/section>\n\t\t\t\t<section class=\"elementor-section elementor-top-section elementor-element elementor-element-dac6399 elementor-section-boxed elementor-section-height-default elementor-section-height-default\" data-id=\"dac6399\" data-element_type=\"section\" data-e-type=\"section\">\n\t\t\t\t\t\t<div class=\"elementor-container elementor-column-gap-default\">\n\t\t\t\t\t<div class=\"elementor-column elementor-col-100 elementor-top-column elementor-element elementor-element-c1d89b2\" data-id=\"c1d89b2\" data-element_type=\"column\" data-e-type=\"column\">\n\t\t\t<div class=\"elementor-widget-wrap elementor-element-populated\">\n\t\t\t\t\t\t<div class=\"elementor-element elementor-element-20592de elementor-blockquote--skin-boxed elementor-widget elementor-widget-blockquote\" data-id=\"20592de\" data-element_type=\"widget\" data-e-type=\"widget\" data-widget_type=\"blockquote.default\">\n\t\t\t\t\t\t\t<blockquote class=\"elementor-blockquote\">\n\t\t\t<p class=\"elementor-blockquote__content\">\n\t\t\t\tSi on imagine que les crit\u00e8res additionnels observ\u00e9s dans l\u2019un et l\u2019autre volets sont propres \u00e0 cette premi\u00e8re session d\u2019invitations, on peut se demander dans quelle mesure l\u2019ajout ponctuel et arbitraire de telles inconnues affectera les prochaines sessions, de m\u00eame que l\u2019\u00e9valuation, en amont, du potentiel r\u00e9el d\u2019un candidat \u00e0 \u00eatre invit\u00e9 sur la seule base de son pointage.\t\t\t<\/p>\n\t\t\t\t\t<\/blockquote>\n\t\t\t\t\t\t<\/div>\n\t\t\t\t\t<\/div>\n\t\t<\/div>\n\t\t\t\t\t<\/div>\n\t\t<\/section>\n\t\t\t\t<section class=\"elementor-section elementor-top-section elementor-element elementor-element-9862bdb elementor-section-boxed elementor-section-height-default elementor-section-height-default\" data-id=\"9862bdb\" data-element_type=\"section\" data-e-type=\"section\">\n\t\t\t\t\t\t<div class=\"elementor-container elementor-column-gap-default\">\n\t\t\t\t\t<div class=\"elementor-column elementor-col-100 elementor-top-column elementor-element elementor-element-28816f0\" data-id=\"28816f0\" data-element_type=\"column\" data-e-type=\"column\">\n\t\t\t<div class=\"elementor-widget-wrap elementor-element-populated\">\n\t\t\t\t\t\t<div class=\"elementor-element elementor-element-5882cda elementor-widget elementor-widget-text-editor\" data-id=\"5882cda\" data-element_type=\"widget\" data-e-type=\"widget\" data-widget_type=\"text-editor.default\">\n\t\t\t\t\t\t\t\t\t<p>L\u2019outil d\u2019auto-\u00e9valuation n\u2019est d\u2019ailleurs pas encore disponible, et sera mis en ligne ult\u00e9rieurement pour permettre \u00e0 chacun d\u2019\u00e9valuer le pointage auquel il pourrait pr\u00e9tendre selon les crit\u00e8res du MIFI.<\/p>\t\t\t\t\t\t\t\t<\/div>\n\t\t\t\t\t<\/div>\n\t\t<\/div>\n\t\t\t\t\t<\/div>\n\t\t<\/section>\n\t\t\t\t<section class=\"elementor-section elementor-top-section elementor-element elementor-element-584143b elementor-section-boxed elementor-section-height-default elementor-section-height-default\" data-id=\"584143b\" data-element_type=\"section\" data-e-type=\"section\">\n\t\t\t\t\t\t<div class=\"elementor-container elementor-column-gap-default\">\n\t\t\t\t\t<div class=\"elementor-column elementor-col-100 elementor-top-column elementor-element elementor-element-7dd48ff\" data-id=\"7dd48ff\" data-element_type=\"column\" data-e-type=\"column\">\n\t\t\t<div class=\"elementor-widget-wrap elementor-element-populated\">\n\t\t\t\t\t\t<div class=\"elementor-element elementor-element-3877ac9 elementor-widget elementor-widget-heading\" data-id=\"3877ac9\" data-element_type=\"widget\" data-e-type=\"widget\" data-widget_type=\"heading.default\">\n\t\t\t\t\t<h2 class=\"elementor-heading-title elementor-size-default\"><b>10 personnes suppl\u00e9mentaires invit\u00e9es<\/b><\/h2>\t\t\t\t<\/div>\n\t\t\t\t\t<\/div>\n\t\t<\/div>\n\t\t\t\t\t<\/div>\n\t\t<\/section>\n\t\t\t\t<section class=\"elementor-section elementor-top-section elementor-element elementor-element-02c612f elementor-section-boxed elementor-section-height-default elementor-section-height-default\" data-id=\"02c612f\" data-element_type=\"section\" data-e-type=\"section\">\n\t\t\t\t\t\t<div class=\"elementor-container elementor-column-gap-default\">\n\t\t\t\t\t<div class=\"elementor-column elementor-col-100 elementor-top-column elementor-element elementor-element-3966755\" data-id=\"3966755\" data-element_type=\"column\" data-e-type=\"column\">\n\t\t\t<div class=\"elementor-widget-wrap elementor-element-populated\">\n\t\t\t\t\t\t<div class=\"elementor-element elementor-element-bc291c5 elementor-widget elementor-widget-text-editor\" data-id=\"bc291c5\" data-element_type=\"widget\" data-e-type=\"widget\" data-widget_type=\"text-editor.default\">\n\t\t\t\t\t\t\t\t\t<p style=\"font-weight: 400;\"><span>\u00c0 noter que 10\u00a0personnes suppl\u00e9mentaires ont \u00e9t\u00e9 invit\u00e9es \u00e0 pr\u00e9senter une demande, qui rel\u00e8vent des\u00a0:<\/span><\/p><ul><li><span>Ressortissants \u00e9trangers s\u00e9journant au Qu\u00e9bec \u00e0 titre<\/span> <strong><a href=\"https:\/\/www.legisquebec.gouv.qc.ca\/fr\/document\/rc\/I-0.2.1,%20r.%203#se:26\" target=\"_blank\" rel=\"noopener\">d\u2019agents diplomatiques, de fonctionnaires consulaires, de repr\u00e9sentants ou de fonctionnaires, d\u00fbment accr\u00e9dit\u00e9s<\/a><\/strong><span>. Des personnes qui ont d\u00e9pos\u00e9 une d\u00e9claration d\u2019int\u00e9r\u00eat dans Arrima, mais qui sont invit\u00e9es hors crit\u00e8res d\u2019invitation\u2009;<\/span><\/li><li><span><strong><a href=\"https:\/\/www.legisquebec.gouv.qc.ca\/fr\/document\/rc\/I-0.2.1,%20r.%203#se:47\" target=\"_blank\" rel=\"noopener\">Travailleurs autonomes<\/a><\/strong>.<\/span><\/li><\/ul>\t\t\t\t\t\t\t\t<\/div>\n\t\t\t\t\t<\/div>\n\t\t<\/div>\n\t\t\t\t\t<\/div>\n\t\t<\/section>\n\t\t\t\t<section class=\"elementor-section elementor-top-section elementor-element elementor-element-3175bed elementor-section-boxed elementor-section-height-default elementor-section-height-default\" data-id=\"3175bed\" data-element_type=\"section\" data-e-type=\"section\">\n\t\t\t\t\t\t<div class=\"elementor-container elementor-column-gap-default\">\n\t\t\t\t\t<div class=\"elementor-column elementor-col-100 elementor-top-column elementor-element elementor-element-520a11b\" data-id=\"520a11b\" data-element_type=\"column\" data-e-type=\"column\">\n\t\t\t<div class=\"elementor-widget-wrap elementor-element-populated\">\n\t\t\t\t\t\t<div class=\"elementor-element elementor-element-8a1b91b elementor-widget elementor-widget-heading\" data-id=\"8a1b91b\" data-element_type=\"widget\" data-e-type=\"widget\" data-widget_type=\"heading.default\">\n\t\t\t\t\t<h2 class=\"elementor-heading-title elementor-size-default\"><b>Quelles sont les prochaines \u00e9tapes pour les personnes invit\u00e9es\u2009?<\/b><\/h2>\t\t\t\t<\/div>\n\t\t\t\t\t<\/div>\n\t\t<\/div>\n\t\t\t\t\t<\/div>\n\t\t<\/section>\n\t\t\t\t<section class=\"elementor-section elementor-top-section elementor-element elementor-element-c3201c6 elementor-section-boxed elementor-section-height-default elementor-section-height-default\" data-id=\"c3201c6\" data-element_type=\"section\" data-e-type=\"section\">\n\t\t\t\t\t\t<div class=\"elementor-container elementor-column-gap-default\">\n\t\t\t\t\t<div class=\"elementor-column elementor-col-100 elementor-top-column elementor-element elementor-element-7732679\" data-id=\"7732679\" data-element_type=\"column\" data-e-type=\"column\">\n\t\t\t<div class=\"elementor-widget-wrap elementor-element-populated\">\n\t\t\t\t\t\t<div class=\"elementor-element elementor-element-d0949b1 elementor-widget elementor-widget-text-editor\" data-id=\"d0949b1\" data-element_type=\"widget\" data-e-type=\"widget\" data-widget_type=\"text-editor.default\">\n\t\t\t\t\t\t\t\t\t<p style=\"font-weight: 400;\"><span>Une personne invit\u00e9e \u00e0 pr\u00e9senter sa demande de s\u00e9lection permanente a franchi une \u00e9tape importante du processus vers l\u2019obtention future, au f\u00e9d\u00e9ral, de la r\u00e9sidence permanente.<\/span><\/p><p><span style=\"font-weight: 400;\">Mais le cheminement vers le Certificat de s\u00e9lection du Qu\u00e9bec (CSQ) n\u00e9cessite de poser plusieurs actions importantes dans des d\u00e9lais assez courts, qui ne doivent pas \u00eatre n\u00e9glig\u00e9es \u2014 et qui tombent, en l\u2019occurrence, en pleine p\u00e9riode estivale, durant laquelle certaines des personnes invit\u00e9es peuvent \u00eatre en voyage \u00e0 l\u2019ext\u00e9rieur du Qu\u00e9bec.<\/span><\/p>\t\t\t\t\t\t\t\t<\/div>\n\t\t\t\t\t<\/div>\n\t\t<\/div>\n\t\t\t\t\t<\/div>\n\t\t<\/section>\n\t\t\t\t<section class=\"elementor-section elementor-top-section elementor-element elementor-element-81c73f2 elementor-section-boxed elementor-section-height-default elementor-section-height-default\" data-id=\"81c73f2\" data-element_type=\"section\" data-e-type=\"section\">\n\t\t\t\t\t\t<div class=\"elementor-container elementor-column-gap-default\">\n\t\t\t\t\t<div class=\"elementor-column elementor-col-100 elementor-top-column elementor-element elementor-element-c328b3c\" data-id=\"c328b3c\" data-element_type=\"column\" data-e-type=\"column\">\n\t\t\t<div class=\"elementor-widget-wrap elementor-element-populated\">\n\t\t\t\t\t\t<div class=\"elementor-element elementor-element-3f1f886 elementor-widget elementor-widget-text-editor\" data-id=\"3f1f886\" data-element_type=\"widget\" data-e-type=\"widget\" data-widget_type=\"text-editor.default\">\n\t\t\t\t\t\t\t\t\t<h4 style=\"font-weight: 400;\"><strong><span>Dans les 30\u00a0jours suivant l\u2019invitation\u00a0: Accepter l\u2019invitation<\/span><\/strong><\/h4><p style=\"font-weight: 400;\">La premi\u00e8re action \u00e0 poser est d\u2019accepter l\u2019invitation<span> (ou de la refuser). La personne invit\u00e9e a un d\u00e9lai de 30 jours pour r\u00e9pondre. Toutes les communications du MIFI sont r\u00e9alis\u00e9es \u00e0 l\u2019int\u00e9rieur du portail Arrima, il est donc tr\u00e8s important de s\u2019y connecter r\u00e9guli\u00e8rement.<\/span><\/p><p style=\"font-weight: 400;\"><span>Si vous acceptez, vous recevrez un message du MIFI qui vous d\u00e9taillera les d\u00e9marches \u00e0 suivre.<\/span><\/p><p><span style=\"font-weight: 400;\">Si vous ne r\u00e9pondez pas dans les d\u00e9lais, l\u2019invitation vous sera tout simplement retir\u00e9e \u2014 de m\u00eame que votre d\u00e9claration d\u2019int\u00e9r\u00eat, qui sera supprim\u00e9e de la banque.<\/span><\/p>\t\t\t\t\t\t\t\t<\/div>\n\t\t\t\t\t<\/div>\n\t\t<\/div>\n\t\t\t\t\t<\/div>\n\t\t<\/section>\n\t\t\t\t<section class=\"elementor-section elementor-top-section elementor-element elementor-element-fa277af elementor-section-boxed elementor-section-height-default elementor-section-height-default\" data-id=\"fa277af\" data-element_type=\"section\" data-e-type=\"section\">\n\t\t\t\t\t\t<div class=\"elementor-container elementor-column-gap-default\">\n\t\t\t\t\t<div class=\"elementor-column elementor-col-100 elementor-top-column elementor-element elementor-element-36462a2\" data-id=\"36462a2\" data-element_type=\"column\" data-e-type=\"column\">\n\t\t\t<div class=\"elementor-widget-wrap elementor-element-populated\">\n\t\t\t\t\t\t<div class=\"elementor-element elementor-element-7875cb6 elementor-widget elementor-widget-text-editor\" data-id=\"7875cb6\" data-element_type=\"widget\" data-e-type=\"widget\" data-widget_type=\"text-editor.default\">\n\t\t\t\t\t\t\t\t\t<h4 style=\"font-weight: 400;\"><strong><span>Dans les 60\u00a0jours suivant l\u2019acceptation\u00a0: Constituer et envoyer sa demande<\/span><\/strong><\/h4><p style=\"font-weight: 400;\"><span>Vous disposez d\u2019un d\u00e9lai de 60\u00a0jours \u00e0 compter de l\u2019acceptation de l\u2019invitation pour pr\u00e9senter votre demande.<\/span><\/p><p style=\"font-weight: 400;\"><span>Vous devrez alors r\u00e9viser tous les renseignements fournis dans votre d\u00e9claration d\u2019int\u00e9r\u00eat, soumettre les documents requis et payer les frais demand\u00e9s, pour vous et les personnes que vous joignez \u00e0 votre demande (\u00e9poux, conjoint de fait, enfants \u00e0 charge).<\/span><\/p><p><span style=\"font-weight: 400;\">Si un document est manquant ou incomplet, vous aurez 60\u00a0jours \u00e0 compter de la transmission d\u2019une lettre du MIFI pour r\u00e9gulariser votre dossier, sans quoi votre demande pourrait \u00eatre rejet\u00e9e.<\/span><\/p>\t\t\t\t\t\t\t\t<\/div>\n\t\t\t\t\t<\/div>\n\t\t<\/div>\n\t\t\t\t\t<\/div>\n\t\t<\/section>\n\t\t\t\t<section class=\"elementor-section elementor-top-section elementor-element elementor-element-2d8b495 elementor-section-boxed elementor-section-height-default elementor-section-height-default\" data-id=\"2d8b495\" data-element_type=\"section\" data-e-type=\"section\">\n\t\t\t\t\t\t<div class=\"elementor-container elementor-column-gap-default\">\n\t\t\t\t\t<div class=\"elementor-column elementor-col-100 elementor-top-column elementor-element elementor-element-a423dc3\" data-id=\"a423dc3\" data-element_type=\"column\" data-e-type=\"column\">\n\t\t\t<div class=\"elementor-widget-wrap elementor-element-populated\">\n\t\t\t\t\t\t<div class=\"elementor-element elementor-element-dbd6c76 elementor-widget elementor-widget-text-editor\" data-id=\"dbd6c76\" data-element_type=\"widget\" data-e-type=\"widget\" data-widget_type=\"text-editor.default\">\n\t\t\t\t\t\t\t\t\t<div><span lang=\"FR\"><strong><a href=\"https:\/\/www.quebec.ca\/immigration\/permanente\/travailleurs-qualifies\/programme-selection-travailleurs-qualifies\/invitation\/2025\" target=\"_blank\" rel=\"noopener\"><span lang=\"FR-CA\">Acc\u00e9der \u00e0 la page d\u00e9taill\u00e9e<\/span><\/a><\/strong> relative \u00e0 cette premi\u00e8re session d\u2019invitations du PSTQ.<\/span><\/div>\t\t\t\t\t\t\t\t<\/div>\n\t\t\t\t\t<\/div>\n\t\t<\/div>\n\t\t\t\t\t<\/div>\n\t\t<\/section>\n\t\t\t\t<section class=\"elementor-section elementor-top-section elementor-element elementor-element-a308f43 elementor-section-boxed elementor-section-height-default elementor-section-height-default\" data-id=\"a308f43\" data-element_type=\"section\" data-e-type=\"section\">\n\t\t\t\t\t\t<div class=\"elementor-container elementor-column-gap-default\">\n\t\t\t\t\t<div class=\"elementor-column elementor-col-100 elementor-top-column elementor-element elementor-element-382ced1\" data-id=\"382ced1\" data-element_type=\"column\" data-e-type=\"column\">\n\t\t\t<div class=\"elementor-widget-wrap elementor-element-populated\">\n\t\t\t\t\t\t<div class=\"elementor-element elementor-element-4e9c003 elementor-widget elementor-widget-text-editor\" data-id=\"4e9c003\" data-element_type=\"widget\" data-e-type=\"widget\" data-widget_type=\"text-editor.default\">\n\t\t\t\t\t\t\t\t\t<p style=\"font-weight: 400;\"><em><span>Photo\u00a0: Stas Ostrikov<\/span><\/em><\/p>\t\t\t\t\t\t\t\t<\/div>\n\t\t\t\t\t<\/div>\n\t\t<\/div>\n\t\t\t\t\t<\/div>\n\t\t<\/section>\n\t\t\t\t<\/div>\n\t\t","protected":false},"excerpt":{"rendered":"<p>Quels sont les enseignements de la 1 \u00e8re session d&rsquo;invitations du MIFI dans le nouveau Programme de s\u00e9lection des travailleurs qualifi\u00e9s ?<\/p>\n","protected":false},"author":3463,"featured_media":21365,"comment_status":"closed","ping_status":"closed","sticky":false,"template":"","format":"standard","meta":{"_acf_changed":false,"_genesis_hide_title":false,"_genesis_hide_breadcrumbs":false,"_genesis_hide_singular_image":false,"_genesis_hide_footer_widgets":false,"_genesis_custom_body_class":"","_genesis_custom_post_class":"","_genesis_layout":"","footnotes":""},"categories":[1],"tags":[],"class_list":{"0":"post-21364","1":"post","2":"type-post","3":"status-publish","4":"format-standard","5":"has-post-thumbnail","7":"category-actualites","8":"entry"},"acf":[],"yoast_head":"<!-- This site is optimized with the Yoast SEO plugin v27.5 - https:\/\/yoast.com\/product\/yoast-seo-wordpress\/ -->\n<title>Premi\u00e8re sortie du PSTQ : 248 invitations ont \u00e9t\u00e9 envoy\u00e9es - Immigrant Qu\u00e9bec<\/title>\n<meta name=\"description\" content=\"Quels sont les enseignements de la 1 \u00e8re session d&#039;invitations du MIFI dans le nouveau Programme de s\u00e9lection des travailleurs qualifi\u00e9s ?\" \/>\n<meta name=\"robots\" content=\"index, follow, max-snippet:-1, max-image-preview:large, max-video-preview:-1\" \/>\n<link rel=\"canonical\" href=\"https:\/\/immigrantquebec.com\/fr\/actualites\/premiere-sortie-du-pstq-248-invitations-ont-ete-envoyees\/\" \/>\n<meta property=\"og:locale\" content=\"fr_FR\" \/>\n<meta property=\"og:type\" content=\"article\" \/>\n<meta property=\"og:title\" content=\"Premi\u00e8re sortie du PSTQ : 248 invitations ont \u00e9t\u00e9 envoy\u00e9es - Immigrant Qu\u00e9bec\" \/>\n<meta property=\"og:description\" content=\"Quels sont les enseignements de la 1 \u00e8re session d&#039;invitations du MIFI dans le nouveau Programme de s\u00e9lection des travailleurs qualifi\u00e9s ?\" \/>\n<meta property=\"og:url\" content=\"https:\/\/immigrantquebec.com\/fr\/actualites\/premiere-sortie-du-pstq-248-invitations-ont-ete-envoyees\/\" \/>\n<meta property=\"og:site_name\" content=\"Immigrant Qu\u00e9bec\" \/>\n<meta property=\"article:publisher\" content=\"https:\/\/www.facebook.com\/immigrantquebec\" \/>\n<meta property=\"article:published_time\" content=\"2025-07-24T15:37:58+00:00\" \/>\n<meta property=\"article:modified_time\" content=\"2025-07-31T20:23:49+00:00\" \/>\n<meta property=\"og:image\" content=\"https:\/\/immigrantquebec.com\/fr\/wp-content\/uploads\/2025\/07\/stas-ostrikov-9P_iFlYB3zw-unsplash-950.jpg\" \/>\n\t<meta property=\"og:image:width\" content=\"950\" \/>\n\t<meta property=\"og:image:height\" content=\"400\" \/>\n\t<meta property=\"og:image:type\" content=\"image\/jpeg\" \/>\n<meta name=\"author\" content=\"Marine Caleb\" \/>\n<meta name=\"twitter:label1\" content=\"\u00c9crit par\" \/>\n\t<meta name=\"twitter:data1\" content=\"Marine Caleb\" \/>\n\t<meta name=\"twitter:label2\" content=\"Dur\u00e9e de lecture estim\u00e9e\" \/>\n\t<meta name=\"twitter:data2\" content=\"4 minutes\" \/>\n<script type=\"application\/ld+json\" class=\"yoast-schema-graph\">{\"@context\":\"https:\\\/\\\/schema.org\",\"@graph\":[{\"@type\":\"Article\",\"@id\":\"https:\\\/\\\/immigrantquebec.com\\\/fr\\\/actualites\\\/premiere-sortie-du-pstq-248-invitations-ont-ete-envoyees\\\/#article\",\"isPartOf\":{\"@id\":\"https:\\\/\\\/immigrantquebec.com\\\/fr\\\/actualites\\\/premiere-sortie-du-pstq-248-invitations-ont-ete-envoyees\\\/\"},\"author\":{\"name\":\"Marine Caleb\",\"@id\":\"https:\\\/\\\/immigrantquebec.com\\\/fr\\\/#\\\/schema\\\/person\\\/5a0a7750c5af0c69575b9d0398abcc4f\"},\"headline\":\"Premi\u00e8re sortie du PSTQ : 248 invitations ont \u00e9t\u00e9 envoy\u00e9es\",\"datePublished\":\"2025-07-24T15:37:58+00:00\",\"dateModified\":\"2025-07-31T20:23:49+00:00\",\"mainEntityOfPage\":{\"@id\":\"https:\\\/\\\/immigrantquebec.com\\\/fr\\\/actualites\\\/premiere-sortie-du-pstq-248-invitations-ont-ete-envoyees\\\/\"},\"wordCount\":911,\"publisher\":{\"@id\":\"https:\\\/\\\/immigrantquebec.com\\\/fr\\\/#organization\"},\"image\":{\"@id\":\"https:\\\/\\\/immigrantquebec.com\\\/fr\\\/actualites\\\/premiere-sortie-du-pstq-248-invitations-ont-ete-envoyees\\\/#primaryimage\"},\"thumbnailUrl\":\"https:\\\/\\\/immigrantquebec.com\\\/fr\\\/wp-content\\\/uploads\\\/2025\\\/07\\\/stas-ostrikov-9P_iFlYB3zw-unsplash-950.jpg\",\"articleSection\":[\"Actualit\u00e9s\"],\"inLanguage\":\"fr-FR\"},{\"@type\":\"WebPage\",\"@id\":\"https:\\\/\\\/immigrantquebec.com\\\/fr\\\/actualites\\\/premiere-sortie-du-pstq-248-invitations-ont-ete-envoyees\\\/\",\"url\":\"https:\\\/\\\/immigrantquebec.com\\\/fr\\\/actualites\\\/premiere-sortie-du-pstq-248-invitations-ont-ete-envoyees\\\/\",\"name\":\"Premi\u00e8re sortie du PSTQ : 248 invitations ont \u00e9t\u00e9 envoy\u00e9es - Immigrant Qu\u00e9bec\",\"isPartOf\":{\"@id\":\"https:\\\/\\\/immigrantquebec.com\\\/fr\\\/#website\"},\"primaryImageOfPage\":{\"@id\":\"https:\\\/\\\/immigrantquebec.com\\\/fr\\\/actualites\\\/premiere-sortie-du-pstq-248-invitations-ont-ete-envoyees\\\/#primaryimage\"},\"image\":{\"@id\":\"https:\\\/\\\/immigrantquebec.com\\\/fr\\\/actualites\\\/premiere-sortie-du-pstq-248-invitations-ont-ete-envoyees\\\/#primaryimage\"},\"thumbnailUrl\":\"https:\\\/\\\/immigrantquebec.com\\\/fr\\\/wp-content\\\/uploads\\\/2025\\\/07\\\/stas-ostrikov-9P_iFlYB3zw-unsplash-950.jpg\",\"datePublished\":\"2025-07-24T15:37:58+00:00\",\"dateModified\":\"2025-07-31T20:23:49+00:00\",\"description\":\"Quels sont les enseignements de la 1 \u00e8re session d'invitations du MIFI dans le nouveau Programme de s\u00e9lection des travailleurs qualifi\u00e9s ?\",\"breadcrumb\":{\"@id\":\"https:\\\/\\\/immigrantquebec.com\\\/fr\\\/actualites\\\/premiere-sortie-du-pstq-248-invitations-ont-ete-envoyees\\\/#breadcrumb\"},\"inLanguage\":\"fr-FR\",\"potentialAction\":[{\"@type\":\"ReadAction\",\"target\":[\"https:\\\/\\\/immigrantquebec.com\\\/fr\\\/actualites\\\/premiere-sortie-du-pstq-248-invitations-ont-ete-envoyees\\\/\"]}]},{\"@type\":\"ImageObject\",\"inLanguage\":\"fr-FR\",\"@id\":\"https:\\\/\\\/immigrantquebec.com\\\/fr\\\/actualites\\\/premiere-sortie-du-pstq-248-invitations-ont-ete-envoyees\\\/#primaryimage\",\"url\":\"https:\\\/\\\/immigrantquebec.com\\\/fr\\\/wp-content\\\/uploads\\\/2025\\\/07\\\/stas-ostrikov-9P_iFlYB3zw-unsplash-950.jpg\",\"contentUrl\":\"https:\\\/\\\/immigrantquebec.com\\\/fr\\\/wp-content\\\/uploads\\\/2025\\\/07\\\/stas-ostrikov-9P_iFlYB3zw-unsplash-950.jpg\",\"width\":950,\"height\":400},{\"@type\":\"BreadcrumbList\",\"@id\":\"https:\\\/\\\/immigrantquebec.com\\\/fr\\\/actualites\\\/premiere-sortie-du-pstq-248-invitations-ont-ete-envoyees\\\/#breadcrumb\",\"itemListElement\":[{\"@type\":\"ListItem\",\"position\":1,\"name\":\"Accueil\",\"item\":\"https:\\\/\\\/immigrantquebec.com\\\/fr\\\/\"},{\"@type\":\"ListItem\",\"position\":2,\"name\":\"Actualit\u00e9s\",\"item\":\"https:\\\/\\\/immigrantquebec.com\\\/fr\\\/actualites\\\/\"},{\"@type\":\"ListItem\",\"position\":3,\"name\":\"Premi\u00e8re sortie du PSTQ : 248 invitations ont \u00e9t\u00e9 envoy\u00e9es\"}]},{\"@type\":\"WebSite\",\"@id\":\"https:\\\/\\\/immigrantquebec.com\\\/fr\\\/#website\",\"url\":\"https:\\\/\\\/immigrantquebec.com\\\/fr\\\/\",\"name\":\"Immigrant Qu\u00e9bec\",\"description\":\"Immigrer, vivre, travailler et \u00e9tudier au Qu\u00e9bec, Canada\",\"publisher\":{\"@id\":\"https:\\\/\\\/immigrantquebec.com\\\/fr\\\/#organization\"},\"potentialAction\":[{\"@type\":\"SearchAction\",\"target\":{\"@type\":\"EntryPoint\",\"urlTemplate\":\"https:\\\/\\\/immigrantquebec.com\\\/fr\\\/?s={search_term_string}\"},\"query-input\":{\"@type\":\"PropertyValueSpecification\",\"valueRequired\":true,\"valueName\":\"search_term_string\"}}],\"inLanguage\":\"fr-FR\"},{\"@type\":\"Organization\",\"@id\":\"https:\\\/\\\/immigrantquebec.com\\\/fr\\\/#organization\",\"name\":\"Immigrant Qu\u00e9bec\",\"url\":\"https:\\\/\\\/immigrantquebec.com\\\/fr\\\/\",\"logo\":{\"@type\":\"ImageObject\",\"inLanguage\":\"fr-FR\",\"@id\":\"https:\\\/\\\/immigrantquebec.com\\\/fr\\\/#\\\/schema\\\/logo\\\/image\\\/\",\"url\":\"https:\\\/\\\/immigrantquebec.com\\\/fr\\\/wp-content\\\/uploads\\\/2024\\\/03\\\/LogoIQ-2024-RVB.png\",\"contentUrl\":\"https:\\\/\\\/immigrantquebec.com\\\/fr\\\/wp-content\\\/uploads\\\/2024\\\/03\\\/LogoIQ-2024-RVB.png\",\"width\":2500,\"height\":1137,\"caption\":\"Immigrant Qu\u00e9bec\"},\"image\":{\"@id\":\"https:\\\/\\\/immigrantquebec.com\\\/fr\\\/#\\\/schema\\\/logo\\\/image\\\/\"},\"sameAs\":[\"https:\\\/\\\/www.facebook.com\\\/immigrantquebec\",\"https:\\\/\\\/x.com\\\/ImmigrantQuebec\",\"https:\\\/\\\/www.instagram.com\\\/immigrantquebec\",\"https:\\\/\\\/www.youtube.com\\\/user\\\/ImmigrantQc\"]},{\"@type\":\"Person\",\"@id\":\"https:\\\/\\\/immigrantquebec.com\\\/fr\\\/#\\\/schema\\\/person\\\/5a0a7750c5af0c69575b9d0398abcc4f\",\"name\":\"Marine Caleb\",\"image\":{\"@type\":\"ImageObject\",\"inLanguage\":\"fr-FR\",\"@id\":\"https:\\\/\\\/secure.gravatar.com\\\/avatar\\\/c7fbf7b4b0f62478765bdb817f4da11e6db63026d8595ad858b78f38425200cc?s=96&d=mm&r=g\",\"url\":\"https:\\\/\\\/secure.gravatar.com\\\/avatar\\\/c7fbf7b4b0f62478765bdb817f4da11e6db63026d8595ad858b78f38425200cc?s=96&d=mm&r=g\",\"contentUrl\":\"https:\\\/\\\/secure.gravatar.com\\\/avatar\\\/c7fbf7b4b0f62478765bdb817f4da11e6db63026d8595ad858b78f38425200cc?s=96&d=mm&r=g\",\"caption\":\"Marine Caleb\"},\"description\":\"Journaliste ind\u00e9pendante, Marine Caleb vit entre Marseille et Tripoli au Liban. Elle se sp\u00e9cialise dans la migration et les droits des femmes et \u00e9crit pour divers m\u00e9dias canadiens, fran\u00e7ais et du Swana.\u00a0Ayant v\u00e9cu de nombreuses ann\u00e9es au Qu\u00e9bec, elle dirige le magazine des journalistes du Qu\u00e9bec, Le Trente.\",\"url\":\"https:\\\/\\\/immigrantquebec.com\\\/fr\\\/author\\\/marine-c\\\/\"}]}<\/script>\n<!-- \/ Yoast SEO plugin. -->","yoast_head_json":{"title":"Premi\u00e8re sortie du PSTQ : 248 invitations ont \u00e9t\u00e9 envoy\u00e9es - Immigrant Qu\u00e9bec","description":"Quels sont les enseignements de la 1 \u00e8re session d'invitations du MIFI dans le nouveau Programme de s\u00e9lection des travailleurs qualifi\u00e9s ?","robots":{"index":"index","follow":"follow","max-snippet":"max-snippet:-1","max-image-preview":"max-image-preview:large","max-video-preview":"max-video-preview:-1"},"canonical":"https:\/\/immigrantquebec.com\/fr\/actualites\/premiere-sortie-du-pstq-248-invitations-ont-ete-envoyees\/","og_locale":"fr_FR","og_type":"article","og_title":"Premi\u00e8re sortie du PSTQ : 248 invitations ont \u00e9t\u00e9 envoy\u00e9es - Immigrant Qu\u00e9bec","og_description":"Quels sont les enseignements de la 1 \u00e8re session d'invitations du MIFI dans le nouveau Programme de s\u00e9lection des travailleurs qualifi\u00e9s ?","og_url":"https:\/\/immigrantquebec.com\/fr\/actualites\/premiere-sortie-du-pstq-248-invitations-ont-ete-envoyees\/","og_site_name":"Immigrant Qu\u00e9bec","article_publisher":"https:\/\/www.facebook.com\/immigrantquebec","article_published_time":"2025-07-24T15:37:58+00:00","article_modified_time":"2025-07-31T20:23:49+00:00","og_image":[{"width":950,"height":400,"url":"https:\/\/immigrantquebec.com\/fr\/wp-content\/uploads\/2025\/07\/stas-ostrikov-9P_iFlYB3zw-unsplash-950.jpg","type":"image\/jpeg"}],"author":"Marine Caleb","twitter_misc":{"\u00c9crit par":"Marine Caleb","Dur\u00e9e de lecture estim\u00e9e":"4 minutes"},"schema":{"@context":"https:\/\/schema.org","@graph":[{"@type":"Article","@id":"https:\/\/immigrantquebec.com\/fr\/actualites\/premiere-sortie-du-pstq-248-invitations-ont-ete-envoyees\/#article","isPartOf":{"@id":"https:\/\/immigrantquebec.com\/fr\/actualites\/premiere-sortie-du-pstq-248-invitations-ont-ete-envoyees\/"},"author":{"name":"Marine Caleb","@id":"https:\/\/immigrantquebec.com\/fr\/#\/schema\/person\/5a0a7750c5af0c69575b9d0398abcc4f"},"headline":"Premi\u00e8re sortie du PSTQ : 248 invitations ont \u00e9t\u00e9 envoy\u00e9es","datePublished":"2025-07-24T15:37:58+00:00","dateModified":"2025-07-31T20:23:49+00:00","mainEntityOfPage":{"@id":"https:\/\/immigrantquebec.com\/fr\/actualites\/premiere-sortie-du-pstq-248-invitations-ont-ete-envoyees\/"},"wordCount":911,"publisher":{"@id":"https:\/\/immigrantquebec.com\/fr\/#organization"},"image":{"@id":"https:\/\/immigrantquebec.com\/fr\/actualites\/premiere-sortie-du-pstq-248-invitations-ont-ete-envoyees\/#primaryimage"},"thumbnailUrl":"https:\/\/immigrantquebec.com\/fr\/wp-content\/uploads\/2025\/07\/stas-ostrikov-9P_iFlYB3zw-unsplash-950.jpg","articleSection":["Actualit\u00e9s"],"inLanguage":"fr-FR"},{"@type":"WebPage","@id":"https:\/\/immigrantquebec.com\/fr\/actualites\/premiere-sortie-du-pstq-248-invitations-ont-ete-envoyees\/","url":"https:\/\/immigrantquebec.com\/fr\/actualites\/premiere-sortie-du-pstq-248-invitations-ont-ete-envoyees\/","name":"Premi\u00e8re sortie du PSTQ : 248 invitations ont \u00e9t\u00e9 envoy\u00e9es - Immigrant Qu\u00e9bec","isPartOf":{"@id":"https:\/\/immigrantquebec.com\/fr\/#website"},"primaryImageOfPage":{"@id":"https:\/\/immigrantquebec.com\/fr\/actualites\/premiere-sortie-du-pstq-248-invitations-ont-ete-envoyees\/#primaryimage"},"image":{"@id":"https:\/\/immigrantquebec.com\/fr\/actualites\/premiere-sortie-du-pstq-248-invitations-ont-ete-envoyees\/#primaryimage"},"thumbnailUrl":"https:\/\/immigrantquebec.com\/fr\/wp-content\/uploads\/2025\/07\/stas-ostrikov-9P_iFlYB3zw-unsplash-950.jpg","datePublished":"2025-07-24T15:37:58+00:00","dateModified":"2025-07-31T20:23:49+00:00","description":"Quels sont les enseignements de la 1 \u00e8re session d'invitations du MIFI dans le nouveau Programme de s\u00e9lection des travailleurs qualifi\u00e9s ?","breadcrumb":{"@id":"https:\/\/immigrantquebec.com\/fr\/actualites\/premiere-sortie-du-pstq-248-invitations-ont-ete-envoyees\/#breadcrumb"},"inLanguage":"fr-FR","potentialAction":[{"@type":"ReadAction","target":["https:\/\/immigrantquebec.com\/fr\/actualites\/premiere-sortie-du-pstq-248-invitations-ont-ete-envoyees\/"]}]},{"@type":"ImageObject","inLanguage":"fr-FR","@id":"https:\/\/immigrantquebec.com\/fr\/actualites\/premiere-sortie-du-pstq-248-invitations-ont-ete-envoyees\/#primaryimage","url":"https:\/\/immigrantquebec.com\/fr\/wp-content\/uploads\/2025\/07\/stas-ostrikov-9P_iFlYB3zw-unsplash-950.jpg","contentUrl":"https:\/\/immigrantquebec.com\/fr\/wp-content\/uploads\/2025\/07\/stas-ostrikov-9P_iFlYB3zw-unsplash-950.jpg","width":950,"height":400},{"@type":"BreadcrumbList","@id":"https:\/\/immigrantquebec.com\/fr\/actualites\/premiere-sortie-du-pstq-248-invitations-ont-ete-envoyees\/#breadcrumb","itemListElement":[{"@type":"ListItem","position":1,"name":"Accueil","item":"https:\/\/immigrantquebec.com\/fr\/"},{"@type":"ListItem","position":2,"name":"Actualit\u00e9s","item":"https:\/\/immigrantquebec.com\/fr\/actualites\/"},{"@type":"ListItem","position":3,"name":"Premi\u00e8re sortie du PSTQ : 248 invitations ont \u00e9t\u00e9 envoy\u00e9es"}]},{"@type":"WebSite","@id":"https:\/\/immigrantquebec.com\/fr\/#website","url":"https:\/\/immigrantquebec.com\/fr\/","name":"Immigrant Qu\u00e9bec","description":"Immigrer, vivre, travailler et \u00e9tudier au Qu\u00e9bec, Canada","publisher":{"@id":"https:\/\/immigrantquebec.com\/fr\/#organization"},"potentialAction":[{"@type":"SearchAction","target":{"@type":"EntryPoint","urlTemplate":"https:\/\/immigrantquebec.com\/fr\/?s={search_term_string}"},"query-input":{"@type":"PropertyValueSpecification","valueRequired":true,"valueName":"search_term_string"}}],"inLanguage":"fr-FR"},{"@type":"Organization","@id":"https:\/\/immigrantquebec.com\/fr\/#organization","name":"Immigrant Qu\u00e9bec","url":"https:\/\/immigrantquebec.com\/fr\/","logo":{"@type":"ImageObject","inLanguage":"fr-FR","@id":"https:\/\/immigrantquebec.com\/fr\/#\/schema\/logo\/image\/","url":"https:\/\/immigrantquebec.com\/fr\/wp-content\/uploads\/2024\/03\/LogoIQ-2024-RVB.png","contentUrl":"https:\/\/immigrantquebec.com\/fr\/wp-content\/uploads\/2024\/03\/LogoIQ-2024-RVB.png","width":2500,"height":1137,"caption":"Immigrant Qu\u00e9bec"},"image":{"@id":"https:\/\/immigrantquebec.com\/fr\/#\/schema\/logo\/image\/"},"sameAs":["https:\/\/www.facebook.com\/immigrantquebec","https:\/\/x.com\/ImmigrantQuebec","https:\/\/www.instagram.com\/immigrantquebec","https:\/\/www.youtube.com\/user\/ImmigrantQc"]},{"@type":"Person","@id":"https:\/\/immigrantquebec.com\/fr\/#\/schema\/person\/5a0a7750c5af0c69575b9d0398abcc4f","name":"Marine Caleb","image":{"@type":"ImageObject","inLanguage":"fr-FR","@id":"https:\/\/secure.gravatar.com\/avatar\/c7fbf7b4b0f62478765bdb817f4da11e6db63026d8595ad858b78f38425200cc?s=96&d=mm&r=g","url":"https:\/\/secure.gravatar.com\/avatar\/c7fbf7b4b0f62478765bdb817f4da11e6db63026d8595ad858b78f38425200cc?s=96&d=mm&r=g","contentUrl":"https:\/\/secure.gravatar.com\/avatar\/c7fbf7b4b0f62478765bdb817f4da11e6db63026d8595ad858b78f38425200cc?s=96&d=mm&r=g","caption":"Marine Caleb"},"description":"Journaliste ind\u00e9pendante, Marine Caleb vit entre Marseille et Tripoli au Liban. Elle se sp\u00e9cialise dans la migration et les droits des femmes et \u00e9crit pour divers m\u00e9dias canadiens, fran\u00e7ais et du Swana.\u00a0Ayant v\u00e9cu de nombreuses ann\u00e9es au Qu\u00e9bec, elle dirige le magazine des journalistes du Qu\u00e9bec, Le Trente.","url":"https:\/\/immigrantquebec.com\/fr\/author\/marine-c\/"}]}},"_links":{"self":[{"href":"https:\/\/immigrantquebec.com\/fr\/wp-json\/wp\/v2\/posts\/21364","targetHints":{"allow":["GET"]}}],"collection":[{"href":"https:\/\/immigrantquebec.com\/fr\/wp-json\/wp\/v2\/posts"}],"about":[{"href":"https:\/\/immigrantquebec.com\/fr\/wp-json\/wp\/v2\/types\/post"}],"author":[{"embeddable":true,"href":"https:\/\/immigrantquebec.com\/fr\/wp-json\/wp\/v2\/users\/3463"}],"replies":[{"embeddable":true,"href":"https:\/\/immigrantquebec.com\/fr\/wp-json\/wp\/v2\/comments?post=21364"}],"version-history":[{"count":0,"href":"https:\/\/immigrantquebec.com\/fr\/wp-json\/wp\/v2\/posts\/21364\/revisions"}],"wp:featuredmedia":[{"embeddable":true,"href":"https:\/\/immigrantquebec.com\/fr\/wp-json\/wp\/v2\/media\/21365"}],"wp:attachment":[{"href":"https:\/\/immigrantquebec.com\/fr\/wp-json\/wp\/v2\/media?parent=21364"}],"wp:term":[{"taxonomy":"category","embeddable":true,"href":"https:\/\/immigrantquebec.com\/fr\/wp-json\/wp\/v2\/categories?post=21364"},{"taxonomy":"post_tag","embeddable":true,"href":"https:\/\/immigrantquebec.com\/fr\/wp-json\/wp\/v2\/tags?post=21364"}],"curies":[{"name":"wp","href":"https:\/\/api.w.org\/{rel}","templated":true}]}}