{"id":22007,"date":"2025-09-12T14:24:28","date_gmt":"2025-09-12T18:24:28","guid":{"rendered":"https:\/\/immigrantquebec.com\/fr\/?p=22007"},"modified":"2025-09-12T14:24:28","modified_gmt":"2025-09-12T18:24:28","slug":"automne-2025-votre-rendez-vous-pour-limmigration-et-lintegration","status":"publish","type":"post","link":"https:\/\/immigrantquebec.com\/fr\/actualites\/automne-2025-votre-rendez-vous-pour-limmigration-et-lintegration\/","title":{"rendered":"Automne 2025 : Votre rendez-vous pour l\u2019immigration et l\u2019int\u00e9gration"},"content":{"rendered":"\t\t<div data-elementor-type=\"wp-post\" data-elementor-id=\"22007\" class=\"elementor elementor-22007\" data-elementor-post-type=\"post\">\n\t\t\t\t<div class=\"elementor-element elementor-element-23533b8 e-flex e-con-boxed e-con e-parent\" data-id=\"23533b8\" data-element_type=\"container\" data-e-type=\"container\">\n\t\t\t\t\t<div class=\"e-con-inner\">\n\t\t\t\t<div class=\"elementor-element elementor-element-20cf466 elementor-widget elementor-widget-text-editor\" data-id=\"20cf466\" data-element_type=\"widget\" data-e-type=\"widget\" data-widget_type=\"text-editor.default\">\n\t\t\t\t\t\t\t\t\t<p style=\"font-weight: 400;\"><strong>Infos pratiques<\/strong><\/p><ul><li><strong>Quand\u00a0: 29\u00a0octobre de 11\u00a0h \u00e0 19\u00a0h &#8211; 30\u00a0octobre de 10\u00a0h \u00e0 17\u00a0h<\/strong><\/li><li><strong>O\u00f9\u00a0: Palais des congr\u00e8s de Montr\u00e9al <\/strong>\u2014 M\u00e9tro Place-d\u2019Armes (Ligne 2 \u2014 Orange)<\/li><li><strong>Inscription\u00a0: <\/strong>L\u2019entr\u00e9e est gratuite, mais l\u2019inscription est obligatoire. <strong>R\u00e9servez votre place d\u00e8s maintenant sur <a href=\"http:\/\/salonimmigration.com\/billetterie\" target=\"_blank\" rel=\"noopener\">salonimmigration.com\/billetterie<\/a><\/strong><\/li><\/ul>\t\t\t\t\t\t\t\t<\/div>\n\t\t\t\t\t<\/div>\n\t\t\t\t<\/div>\n\t\t<div class=\"elementor-element elementor-element-4b2a13b e-flex e-con-boxed e-con e-parent\" data-id=\"4b2a13b\" data-element_type=\"container\" data-e-type=\"container\">\n\t\t\t\t\t<div class=\"e-con-inner\">\n\t\t\t\t<div class=\"elementor-element elementor-element-cce2e22 elementor-widget elementor-widget-spacer\" data-id=\"cce2e22\" data-element_type=\"widget\" data-e-type=\"widget\" data-widget_type=\"spacer.default\">\n\t\t\t\t\t\t\t<div class=\"elementor-spacer\">\n\t\t\t<div class=\"elementor-spacer-inner\"><\/div>\n\t\t<\/div>\n\t\t\t\t\t\t<\/div>\n\t\t\t\t<div class=\"elementor-element elementor-element-820449c elementor-skin-carousel elementor-arrows-yes elementor-pagination-type-bullets elementor-pagination-position-outside elementor-widget elementor-widget-media-carousel\" data-id=\"820449c\" data-element_type=\"widget\" data-e-type=\"widget\" data-settings=\"{&quot;skin&quot;:&quot;carousel&quot;,&quot;effect&quot;:&quot;slide&quot;,&quot;show_arrows&quot;:&quot;yes&quot;,&quot;pagination&quot;:&quot;bullets&quot;,&quot;speed&quot;:500,&quot;autoplay&quot;:&quot;yes&quot;,&quot;autoplay_speed&quot;:5000,&quot;loop&quot;:&quot;yes&quot;,&quot;pause_on_hover&quot;:&quot;yes&quot;,&quot;pause_on_interaction&quot;:&quot;yes&quot;,&quot;space_between&quot;:{&quot;unit&quot;:&quot;px&quot;,&quot;size&quot;:10,&quot;sizes&quot;:[]},&quot;space_between_tablet&quot;:{&quot;unit&quot;:&quot;px&quot;,&quot;size&quot;:10,&quot;sizes&quot;:[]},&quot;space_between_mobile&quot;:{&quot;unit&quot;:&quot;px&quot;,&quot;size&quot;:10,&quot;sizes&quot;:[]}}\" data-widget_type=\"media-carousel.default\">\n\t\t\t\t\t\t\t\t\t\t<div class=\"elementor-main-swiper swiper\" role=\"region\" aria-roledescription=\"carousel\" aria-label=\"Diapositives\">\n\t\t\t\t<div class=\"swiper-wrapper\">\n\t\t\t\t\t\t\t\t\t\t\t<div class=\"swiper-slide\" role=\"group\" aria-roledescription=\"slide\">\n\t\t\t\t\t\t\t\t\t<div class=\"elementor-carousel-image\" role=\"img\" aria-label=\"SIIQ_P 2025 - 2-1500\" style=\"background-image: url(&#039;https:\/\/immigrantquebec.com\/fr\/wp-content\/uploads\/2025\/09\/SIIQ_P-2025-2-1500.jpg&#039;)\">\n\n\t\t\t\n\t\t\t\t\t<\/div>\n\t\t\t\t\t\t\t\t<\/div>\n\t\t\t\t\t\t\t\t\t\t\t<div class=\"swiper-slide\" role=\"group\" aria-roledescription=\"slide\">\n\t\t\t\t\t\t\t\t\t<div class=\"elementor-carousel-image\" role=\"img\" aria-label=\"SIIQ_P 2025 - 47-1500\" style=\"background-image: url(&#039;https:\/\/immigrantquebec.com\/fr\/wp-content\/uploads\/2025\/09\/SIIQ_P-2025-47-1500.jpg&#039;)\">\n\n\t\t\t\n\t\t\t\t\t<\/div>\n\t\t\t\t\t\t\t\t<\/div>\n\t\t\t\t\t\t\t\t\t\t\t<div class=\"swiper-slide\" role=\"group\" aria-roledescription=\"slide\">\n\t\t\t\t\t\t\t\t\t<div class=\"elementor-carousel-image\" role=\"img\" aria-label=\"SIIQ_P 2025 - 71-1500\" style=\"background-image: url(&#039;https:\/\/immigrantquebec.com\/fr\/wp-content\/uploads\/2025\/09\/SIIQ_P-2025-71-1500.jpg&#039;)\">\n\n\t\t\t\n\t\t\t\t\t<\/div>\n\t\t\t\t\t\t\t\t<\/div>\n\t\t\t\t\t\t\t\t\t\t\t<div class=\"swiper-slide\" role=\"group\" aria-roledescription=\"slide\">\n\t\t\t\t\t\t\t\t\t<div class=\"elementor-carousel-image\" role=\"img\" aria-label=\"SIIQ_P 2025 - 83-1500\" style=\"background-image: url(&#039;https:\/\/immigrantquebec.com\/fr\/wp-content\/uploads\/2025\/09\/SIIQ_P-2025-83-1500.jpg&#039;)\">\n\n\t\t\t\n\t\t\t\t\t<\/div>\n\t\t\t\t\t\t\t\t<\/div>\n\t\t\t\t\t\t\t\t\t\t\t<div class=\"swiper-slide\" role=\"group\" aria-roledescription=\"slide\">\n\t\t\t\t\t\t\t\t\t<div class=\"elementor-carousel-image\" role=\"img\" aria-label=\"SIIQ_P 2025 - 88-1500\" style=\"background-image: url(&#039;https:\/\/immigrantquebec.com\/fr\/wp-content\/uploads\/2025\/09\/SIIQ_P-2025-88-1500.jpg&#039;)\">\n\n\t\t\t\n\t\t\t\t\t<\/div>\n\t\t\t\t\t\t\t\t<\/div>\n\t\t\t\t\t\t\t\t\t\t\t<div class=\"swiper-slide\" role=\"group\" aria-roledescription=\"slide\">\n\t\t\t\t\t\t\t\t\t<div class=\"elementor-carousel-image\" role=\"img\" aria-label=\"SIIQ_P 2025 - 228-1500\" style=\"background-image: url(&#039;https:\/\/immigrantquebec.com\/fr\/wp-content\/uploads\/2025\/09\/SIIQ_P-2025-228-1500.jpg&#039;)\">\n\n\t\t\t\n\t\t\t\t\t<\/div>\n\t\t\t\t\t\t\t\t<\/div>\n\t\t\t\t\t\t\t\t\t<\/div>\n\t\t\t\t\t\t\t\t\t\t\t\t\t\t\t<div class=\"elementor-swiper-button elementor-swiper-button-prev\" role=\"button\" tabindex=\"0\" aria-label=\"Pr\u00e9c\u00e9dent\">\n\t\t\t\t\t\t\t<svg aria-hidden=\"true\" class=\"e-font-icon-svg e-eicon-chevron-left\" viewBox=\"0 0 1000 1000\" xmlns=\"http:\/\/www.w3.org\/2000\/svg\"><path d=\"M646 125C629 125 613 133 604 142L308 442C296 454 292 471 292 487 292 504 296 521 308 533L604 854C617 867 629 875 646 875 663 875 679 871 692 858 704 846 713 829 713 812 713 796 708 779 692 767L438 487 692 225C700 217 708 204 708 187 708 171 704 154 692 142 675 129 663 125 646 125Z\"><\/path><\/svg>\t\t\t\t\t\t<\/div>\n\t\t\t\t\t\t<div class=\"elementor-swiper-button elementor-swiper-button-next\" role=\"button\" tabindex=\"0\" aria-label=\"Suivant\">\n\t\t\t\t\t\t\t<svg aria-hidden=\"true\" class=\"e-font-icon-svg e-eicon-chevron-right\" viewBox=\"0 0 1000 1000\" xmlns=\"http:\/\/www.w3.org\/2000\/svg\"><path d=\"M696 533C708 521 713 504 713 487 713 471 708 454 696 446L400 146C388 133 375 125 354 125 338 125 325 129 313 142 300 154 292 171 292 187 292 204 296 221 308 233L563 492 304 771C292 783 288 800 288 817 288 833 296 850 308 863 321 871 338 875 354 875 371 875 388 867 400 854L696 533Z\"><\/path><\/svg>\t\t\t\t\t\t<\/div>\n\t\t\t\t\t\t\t\t\t\t\t\t\t\t\t\t<div class=\"swiper-pagination\"><\/div>\n\t\t\t\t\t\t\t\t\t\t\t\t<\/div>\n\t\t\t\t\t\t\t\t<\/div>\n\t\t\t\t\t<\/div>\n\t\t\t\t<\/div>\n\t\t<div class=\"elementor-element elementor-element-f26b503 e-flex e-con-boxed e-con e-parent\" data-id=\"f26b503\" data-element_type=\"container\" data-e-type=\"container\">\n\t\t\t\t\t<div class=\"e-con-inner\">\n\t\t\t\t<div class=\"elementor-element elementor-element-80ca973 elementor-widget elementor-widget-heading\" data-id=\"80ca973\" data-element_type=\"widget\" data-e-type=\"widget\" data-widget_type=\"heading.default\">\n\t\t\t\t\t<h2 class=\"elementor-heading-title elementor-size-default\"><b>D\u00e9couvrez la seconde \u00e9dition de l\u2019ann\u00e9e \u2014 encore plus riche et interactive\u2009!<\/b><\/h2>\t\t\t\t<\/div>\n\t\t\t\t\t<\/div>\n\t\t\t\t<\/div>\n\t\t<div class=\"elementor-element elementor-element-aad43c4 e-flex e-con-boxed e-con e-parent\" data-id=\"aad43c4\" data-element_type=\"container\" data-e-type=\"container\">\n\t\t\t\t\t<div class=\"e-con-inner\">\n\t\t\t\t<div class=\"elementor-element elementor-element-6222e45 elementor-widget elementor-widget-text-editor\" data-id=\"6222e45\" data-element_type=\"widget\" data-e-type=\"widget\" data-widget_type=\"text-editor.default\">\n\t\t\t\t\t\t\t\t\t<p style=\"font-weight: 400;\">Si vous avez particip\u00e9 au salon au printemps, pr\u00e9parez-vous \u00e0 retrouver vos espaces favoris et \u00e0 d\u00e9couvrir de toutes nouvelles ressources pour faciliter votre int\u00e9gration\u00a0:<\/p><ul><li><strong>Espace Demandeurs d\u2019asile (offert par le CACI)<\/strong>: conseils pour accompagner les demandeurs d\u2019asile.<\/li><li><strong>Tests de fran\u00e7ais sur place<\/strong>: un nouvel espace anim\u00e9 par l\u2019Alliance fran\u00e7aise et CIBC.<\/li><li><strong>Zone Travailleurs \u00e9trangers temporaires<\/strong>: enti\u00e8rement d\u00e9di\u00e9e aux travailleurs \u00e9trangers temporaires.<\/li><li><strong>Zone Ville de Montr\u00e9al<\/strong>: toutes les informations pour s\u2019installer et vivre dans la m\u00e9tropole.<\/li><\/ul>\t\t\t\t\t\t\t\t<\/div>\n\t\t\t\t\t<\/div>\n\t\t\t\t<\/div>\n\t\t<div class=\"elementor-element elementor-element-20b6f78 e-flex e-con-boxed e-con e-parent\" data-id=\"20b6f78\" data-element_type=\"container\" data-e-type=\"container\">\n\t\t\t\t\t<div class=\"e-con-inner\">\n\t\t\t\t<div class=\"elementor-element elementor-element-0a38732 elementor-widget elementor-widget-heading\" data-id=\"0a38732\" data-element_type=\"widget\" data-e-type=\"widget\" data-widget_type=\"heading.default\">\n\t\t\t\t\t<h2 class=\"elementor-heading-title elementor-size-default\"><b>200 kiosques et 8 zones th\u00e9matiques<\/b><\/h2>\t\t\t\t<\/div>\n\t\t\t\t\t<\/div>\n\t\t\t\t<\/div>\n\t\t<div class=\"elementor-element elementor-element-32adf7c e-flex e-con-boxed e-con e-parent\" data-id=\"32adf7c\" data-element_type=\"container\" data-e-type=\"container\">\n\t\t\t\t\t<div class=\"e-con-inner\">\n\t\t\t\t<div class=\"elementor-element elementor-element-3908d99 elementor-widget elementor-widget-text-editor\" data-id=\"3908d99\" data-element_type=\"widget\" data-e-type=\"widget\" data-widget_type=\"text-editor.default\">\n\t\t\t\t\t\t\t\t\t<p style=\"font-weight: 400;\">Accueil et aide \u00e0 l\u2019emploi, recrutement, \u00e9tudes et formation, services gouvernementaux, installation, opportunit\u00e9s en r\u00e9gions, information et soutien aux travailleurs \u00e9trangers temporaires, et Ville de Montr\u00e9al. Chaque zone regroupe des experts pr\u00eats \u00e0 r\u00e9pondre \u00e0 vos questions et vous guider dans vos d\u00e9marches.<\/p>\t\t\t\t\t\t\t\t<\/div>\n\t\t\t\t\t<\/div>\n\t\t\t\t<\/div>\n\t\t<div class=\"elementor-element elementor-element-431de64 e-flex e-con-boxed e-con e-parent\" data-id=\"431de64\" data-element_type=\"container\" data-e-type=\"container\">\n\t\t\t\t\t<div class=\"e-con-inner\">\n\t\t\t\t<div class=\"elementor-element elementor-element-5429a9d elementor-widget elementor-widget-heading\" data-id=\"5429a9d\" data-element_type=\"widget\" data-e-type=\"widget\" data-widget_type=\"heading.default\">\n\t\t\t\t\t<h2 class=\"elementor-heading-title elementor-size-default\"><b>Ressources gratuites pour booster votre parcours<\/b><\/h2>\t\t\t\t<\/div>\n\t\t\t\t\t<\/div>\n\t\t\t\t<\/div>\n\t\t<div class=\"elementor-element elementor-element-6dcb7a6 e-flex e-con-boxed e-con e-parent\" data-id=\"6dcb7a6\" data-element_type=\"container\" data-e-type=\"container\">\n\t\t\t\t\t<div class=\"e-con-inner\">\n\t\t\t\t<div class=\"elementor-element elementor-element-7253c36 elementor-widget elementor-widget-text-editor\" data-id=\"7253c36\" data-element_type=\"widget\" data-e-type=\"widget\" data-widget_type=\"text-editor.default\">\n\t\t\t\t\t\t\t\t\t<ul><li><strong>Des conf\u00e9rences et ateliers participatifs <\/strong>sur les th\u00e8mes de l\u2019immigration, de l\u2019emploi, de la formation, de l\u2019entrepreneuriat, de la vie quotidienne et des opportunit\u00e9s offertes \u00e0 vous en r\u00e9gion.<\/li><li><strong>Espace LinkedIn<\/strong>: conseils personnalis\u00e9s pour optimiser votre profil professionnel.<\/li><li><strong>Espace CV<\/strong>: r\u00e9digez un CV adapt\u00e9 au march\u00e9 du travail qu\u00e9b\u00e9cois.<\/li><li><strong>Photobooth<\/strong>: repartez avec un portrait professionnel pour vos r\u00e9seaux sociaux et vos candidatures.<\/li><\/ul>\t\t\t\t\t\t\t\t<\/div>\n\t\t\t\t\t<\/div>\n\t\t\t\t<\/div>\n\t\t<div class=\"elementor-element elementor-element-201bac4 e-flex e-con-boxed e-con e-parent\" data-id=\"201bac4\" data-element_type=\"container\" data-e-type=\"container\">\n\t\t\t\t\t<div class=\"e-con-inner\">\n\t\t\t\t<div class=\"elementor-element elementor-element-e4a7219 elementor-widget elementor-widget-heading\" data-id=\"e4a7219\" data-element_type=\"widget\" data-e-type=\"widget\" data-widget_type=\"heading.default\">\n\t\t\t\t\t<h2 class=\"elementor-heading-title elementor-size-default\"><b>Nos partenaires<\/b><\/h2>\t\t\t\t<\/div>\n\t\t\t\t\t<\/div>\n\t\t\t\t<\/div>\n\t\t<div class=\"elementor-element elementor-element-4127d61 e-flex e-con-boxed e-con e-parent\" data-id=\"4127d61\" data-element_type=\"container\" data-e-type=\"container\">\n\t\t\t\t\t<div class=\"e-con-inner\">\n\t\t\t\t<div class=\"elementor-element elementor-element-b9da832 elementor-widget elementor-widget-text-editor\" data-id=\"b9da832\" data-element_type=\"widget\" data-e-type=\"widget\" data-widget_type=\"text-editor.default\">\n\t\t\t\t\t\t\t\t\t<p style=\"font-weight: 400;\">Cette \u00e9dition est rendue possible gr\u00e2ce \u00e0 la contribution de nos partenaires\u00a0:<\/p><p style=\"font-weight: 400;\">Desjardins, le gouvernement du Qu\u00e9bec, Drummond \u00e9conomique, le centre d\u2019appui aux communaut\u00e9s immigrantes (CACI), la table de concertation des organismes au service des personnes r\u00e9fugi\u00e9es et immigrantes (TCRI), le regroupement des organismes en francisation du Qu\u00e9bec (ROFQ) et Fizz.<\/p>\t\t\t\t\t\t\t\t<\/div>\n\t\t\t\t\t<\/div>\n\t\t\t\t<\/div>\n\t\t<div class=\"elementor-element elementor-element-ec40268 e-flex e-con-boxed e-con e-parent\" data-id=\"ec40268\" data-element_type=\"container\" data-e-type=\"container\">\n\t\t\t\t\t<div class=\"e-con-inner\">\n\t\t\t\t<div class=\"elementor-element elementor-element-bfeee25 elementor-widget elementor-widget-text-editor\" data-id=\"bfeee25\" data-element_type=\"widget\" data-e-type=\"widget\" data-widget_type=\"text-editor.default\">\n\t\t\t\t\t\t\t\t\t<p style=\"font-weight: 400;\"><em>Photos\u00a0: Immigrant Qu\u00e9bec<\/em><\/p>\t\t\t\t\t\t\t\t<\/div>\n\t\t\t\t\t<\/div>\n\t\t\t\t<\/div>\n\t\t\t\t<\/div>\n\t\t","protected":false},"excerpt":{"rendered":"<p>L&rsquo;\u00e9dition d&rsquo;automne du Salon de l&rsquo;immigration et de l&rsquo;int\u00e9gration au Qu\u00e9bec commence \u00e0 d\u00e9voiler sa programmation.<\/p>\n","protected":false},"author":3563,"featured_media":22008,"comment_status":"closed","ping_status":"closed","sticky":false,"template":"","format":"standard","meta":{"_acf_changed":false,"_genesis_hide_title":false,"_genesis_hide_breadcrumbs":false,"_genesis_hide_singular_image":false,"_genesis_hide_footer_widgets":false,"_genesis_custom_body_class":"","_genesis_custom_post_class":"","_genesis_layout":"","footnotes":""},"categories":[1],"tags":[],"class_list":{"0":"post-22007","1":"post","2":"type-post","3":"status-publish","4":"format-standard","5":"has-post-thumbnail","7":"category-actualites","8":"entry"},"acf":[],"yoast_head":"<!-- This site is optimized with the Yoast SEO plugin v27.5 - https:\/\/yoast.com\/product\/yoast-seo-wordpress\/ -->\n<title>Automne 2025 : Votre rendez-vous pour l\u2019immigration et l\u2019int\u00e9gration - Immigrant Qu\u00e9bec<\/title>\n<meta name=\"description\" content=\"L&#039;\u00e9dition d&#039;automne du Salon de l&#039;immigration et de l&#039;int\u00e9gration au Qu\u00e9bec commence \u00e0 d\u00e9voiler sa programmation.\" \/>\n<meta name=\"robots\" content=\"index, follow, max-snippet:-1, max-image-preview:large, max-video-preview:-1\" \/>\n<link rel=\"canonical\" href=\"https:\/\/immigrantquebec.com\/fr\/actualites\/automne-2025-votre-rendez-vous-pour-limmigration-et-lintegration\/\" \/>\n<meta property=\"og:locale\" content=\"fr_FR\" \/>\n<meta property=\"og:type\" content=\"article\" \/>\n<meta property=\"og:title\" content=\"Automne 2025 : Votre rendez-vous pour l\u2019immigration et l\u2019int\u00e9gration - Immigrant Qu\u00e9bec\" \/>\n<meta property=\"og:description\" content=\"L&#039;\u00e9dition d&#039;automne du Salon de l&#039;immigration et de l&#039;int\u00e9gration au Qu\u00e9bec commence \u00e0 d\u00e9voiler sa programmation.\" \/>\n<meta property=\"og:url\" content=\"https:\/\/immigrantquebec.com\/fr\/actualites\/automne-2025-votre-rendez-vous-pour-limmigration-et-lintegration\/\" \/>\n<meta property=\"og:site_name\" content=\"Immigrant Qu\u00e9bec\" \/>\n<meta property=\"article:publisher\" content=\"https:\/\/www.facebook.com\/immigrantquebec\" \/>\n<meta property=\"article:published_time\" content=\"2025-09-12T18:24:28+00:00\" \/>\n<meta property=\"og:image\" content=\"https:\/\/immigrantquebec.com\/fr\/wp-content\/uploads\/2025\/09\/C-SIIQ_P-2025-171-950.jpg\" \/>\n\t<meta property=\"og:image:width\" content=\"938\" \/>\n\t<meta property=\"og:image:height\" content=\"394\" \/>\n\t<meta property=\"og:image:type\" content=\"image\/jpeg\" \/>\n<meta name=\"author\" content=\"Immigrant Qu\u00e9bec\" \/>\n<meta name=\"twitter:label1\" content=\"\u00c9crit par\" \/>\n\t<meta name=\"twitter:data1\" content=\"Immigrant Qu\u00e9bec\" \/>\n\t<meta name=\"twitter:label2\" content=\"Dur\u00e9e de lecture estim\u00e9e\" \/>\n\t<meta name=\"twitter:data2\" content=\"2 minutes\" \/>\n<script type=\"application\/ld+json\" class=\"yoast-schema-graph\">{\"@context\":\"https:\\\/\\\/schema.org\",\"@graph\":[{\"@type\":\"Article\",\"@id\":\"https:\\\/\\\/immigrantquebec.com\\\/fr\\\/actualites\\\/automne-2025-votre-rendez-vous-pour-limmigration-et-lintegration\\\/#article\",\"isPartOf\":{\"@id\":\"https:\\\/\\\/immigrantquebec.com\\\/fr\\\/actualites\\\/automne-2025-votre-rendez-vous-pour-limmigration-et-lintegration\\\/\"},\"author\":{\"name\":\"Immigrant Qu\u00e9bec\",\"@id\":\"https:\\\/\\\/immigrantquebec.com\\\/fr\\\/#\\\/schema\\\/person\\\/cfbd43e9446da3b57aa5d592a1a44ae3\"},\"headline\":\"Automne 2025 : Votre rendez-vous pour l\u2019immigration et l\u2019int\u00e9gration\",\"datePublished\":\"2025-09-12T18:24:28+00:00\",\"mainEntityOfPage\":{\"@id\":\"https:\\\/\\\/immigrantquebec.com\\\/fr\\\/actualites\\\/automne-2025-votre-rendez-vous-pour-limmigration-et-lintegration\\\/\"},\"wordCount\":354,\"publisher\":{\"@id\":\"https:\\\/\\\/immigrantquebec.com\\\/fr\\\/#organization\"},\"image\":{\"@id\":\"https:\\\/\\\/immigrantquebec.com\\\/fr\\\/actualites\\\/automne-2025-votre-rendez-vous-pour-limmigration-et-lintegration\\\/#primaryimage\"},\"thumbnailUrl\":\"https:\\\/\\\/immigrantquebec.com\\\/fr\\\/wp-content\\\/uploads\\\/2025\\\/09\\\/C-SIIQ_P-2025-171-950.jpg\",\"articleSection\":[\"Actualit\u00e9s\"],\"inLanguage\":\"fr-FR\"},{\"@type\":\"WebPage\",\"@id\":\"https:\\\/\\\/immigrantquebec.com\\\/fr\\\/actualites\\\/automne-2025-votre-rendez-vous-pour-limmigration-et-lintegration\\\/\",\"url\":\"https:\\\/\\\/immigrantquebec.com\\\/fr\\\/actualites\\\/automne-2025-votre-rendez-vous-pour-limmigration-et-lintegration\\\/\",\"name\":\"Automne 2025 : Votre rendez-vous pour l\u2019immigration et l\u2019int\u00e9gration - Immigrant Qu\u00e9bec\",\"isPartOf\":{\"@id\":\"https:\\\/\\\/immigrantquebec.com\\\/fr\\\/#website\"},\"primaryImageOfPage\":{\"@id\":\"https:\\\/\\\/immigrantquebec.com\\\/fr\\\/actualites\\\/automne-2025-votre-rendez-vous-pour-limmigration-et-lintegration\\\/#primaryimage\"},\"image\":{\"@id\":\"https:\\\/\\\/immigrantquebec.com\\\/fr\\\/actualites\\\/automne-2025-votre-rendez-vous-pour-limmigration-et-lintegration\\\/#primaryimage\"},\"thumbnailUrl\":\"https:\\\/\\\/immigrantquebec.com\\\/fr\\\/wp-content\\\/uploads\\\/2025\\\/09\\\/C-SIIQ_P-2025-171-950.jpg\",\"datePublished\":\"2025-09-12T18:24:28+00:00\",\"description\":\"L'\u00e9dition d'automne du Salon de l'immigration et de l'int\u00e9gration au Qu\u00e9bec commence \u00e0 d\u00e9voiler sa programmation.\",\"breadcrumb\":{\"@id\":\"https:\\\/\\\/immigrantquebec.com\\\/fr\\\/actualites\\\/automne-2025-votre-rendez-vous-pour-limmigration-et-lintegration\\\/#breadcrumb\"},\"inLanguage\":\"fr-FR\",\"potentialAction\":[{\"@type\":\"ReadAction\",\"target\":[\"https:\\\/\\\/immigrantquebec.com\\\/fr\\\/actualites\\\/automne-2025-votre-rendez-vous-pour-limmigration-et-lintegration\\\/\"]}]},{\"@type\":\"ImageObject\",\"inLanguage\":\"fr-FR\",\"@id\":\"https:\\\/\\\/immigrantquebec.com\\\/fr\\\/actualites\\\/automne-2025-votre-rendez-vous-pour-limmigration-et-lintegration\\\/#primaryimage\",\"url\":\"https:\\\/\\\/immigrantquebec.com\\\/fr\\\/wp-content\\\/uploads\\\/2025\\\/09\\\/C-SIIQ_P-2025-171-950.jpg\",\"contentUrl\":\"https:\\\/\\\/immigrantquebec.com\\\/fr\\\/wp-content\\\/uploads\\\/2025\\\/09\\\/C-SIIQ_P-2025-171-950.jpg\",\"width\":938,\"height\":394},{\"@type\":\"BreadcrumbList\",\"@id\":\"https:\\\/\\\/immigrantquebec.com\\\/fr\\\/actualites\\\/automne-2025-votre-rendez-vous-pour-limmigration-et-lintegration\\\/#breadcrumb\",\"itemListElement\":[{\"@type\":\"ListItem\",\"position\":1,\"name\":\"Accueil\",\"item\":\"https:\\\/\\\/immigrantquebec.com\\\/fr\\\/\"},{\"@type\":\"ListItem\",\"position\":2,\"name\":\"Actualit\u00e9s\",\"item\":\"https:\\\/\\\/immigrantquebec.com\\\/fr\\\/actualites\\\/\"},{\"@type\":\"ListItem\",\"position\":3,\"name\":\"Automne 2025 : Votre rendez-vous pour l\u2019immigration et l\u2019int\u00e9gration\"}]},{\"@type\":\"WebSite\",\"@id\":\"https:\\\/\\\/immigrantquebec.com\\\/fr\\\/#website\",\"url\":\"https:\\\/\\\/immigrantquebec.com\\\/fr\\\/\",\"name\":\"Immigrant Qu\u00e9bec\",\"description\":\"Immigrer, vivre, travailler et \u00e9tudier au Qu\u00e9bec, Canada\",\"publisher\":{\"@id\":\"https:\\\/\\\/immigrantquebec.com\\\/fr\\\/#organization\"},\"potentialAction\":[{\"@type\":\"SearchAction\",\"target\":{\"@type\":\"EntryPoint\",\"urlTemplate\":\"https:\\\/\\\/immigrantquebec.com\\\/fr\\\/?s={search_term_string}\"},\"query-input\":{\"@type\":\"PropertyValueSpecification\",\"valueRequired\":true,\"valueName\":\"search_term_string\"}}],\"inLanguage\":\"fr-FR\"},{\"@type\":\"Organization\",\"@id\":\"https:\\\/\\\/immigrantquebec.com\\\/fr\\\/#organization\",\"name\":\"Immigrant Qu\u00e9bec\",\"url\":\"https:\\\/\\\/immigrantquebec.com\\\/fr\\\/\",\"logo\":{\"@type\":\"ImageObject\",\"inLanguage\":\"fr-FR\",\"@id\":\"https:\\\/\\\/immigrantquebec.com\\\/fr\\\/#\\\/schema\\\/logo\\\/image\\\/\",\"url\":\"https:\\\/\\\/immigrantquebec.com\\\/fr\\\/wp-content\\\/uploads\\\/2024\\\/03\\\/LogoIQ-2024-RVB.png\",\"contentUrl\":\"https:\\\/\\\/immigrantquebec.com\\\/fr\\\/wp-content\\\/uploads\\\/2024\\\/03\\\/LogoIQ-2024-RVB.png\",\"width\":2500,\"height\":1137,\"caption\":\"Immigrant Qu\u00e9bec\"},\"image\":{\"@id\":\"https:\\\/\\\/immigrantquebec.com\\\/fr\\\/#\\\/schema\\\/logo\\\/image\\\/\"},\"sameAs\":[\"https:\\\/\\\/www.facebook.com\\\/immigrantquebec\",\"https:\\\/\\\/x.com\\\/ImmigrantQuebec\",\"https:\\\/\\\/www.instagram.com\\\/immigrantquebec\",\"https:\\\/\\\/www.youtube.com\\\/user\\\/ImmigrantQc\"]},{\"@type\":\"Person\",\"@id\":\"https:\\\/\\\/immigrantquebec.com\\\/fr\\\/#\\\/schema\\\/person\\\/cfbd43e9446da3b57aa5d592a1a44ae3\",\"name\":\"Immigrant Qu\u00e9bec\",\"image\":{\"@type\":\"ImageObject\",\"inLanguage\":\"fr-FR\",\"@id\":\"https:\\\/\\\/immigrantquebec.com\\\/fr\\\/wp-content\\\/uploads\\\/2022\\\/03\\\/LOGO-512X512-96x96.png\",\"url\":\"https:\\\/\\\/immigrantquebec.com\\\/fr\\\/wp-content\\\/uploads\\\/2022\\\/03\\\/LOGO-512X512-96x96.png\",\"contentUrl\":\"https:\\\/\\\/immigrantquebec.com\\\/fr\\\/wp-content\\\/uploads\\\/2022\\\/03\\\/LOGO-512X512-96x96.png\",\"caption\":\"Immigrant Qu\u00e9bec\"},\"description\":\"Nous d\u00e9veloppons des exp\u00e9riences et des outils innovants qui aident les personnes immigrantes \u00e0 faire des choix \u00e9clair\u00e9s dans leur projet d\u2019immigration et d\u2019int\u00e9gration au Qu\u00e9bec. \u00c0 l\u2019\u00e9chelle de la province, nous f\u00e9d\u00e9rons les communaut\u00e9s immigrantes et les acteurs publics et priv\u00e9s concern\u00e9s par l\u2019immigration dans une d\u00e9marche constructive de \u00ab travailler ensemble \u00bb pour un Qu\u00e9bec plus prosp\u00e8re et plus inclusif.\",\"url\":\"https:\\\/\\\/immigrantquebec.com\\\/fr\\\/author\\\/immigrant-quebec\\\/\"}]}<\/script>\n<!-- \/ Yoast SEO plugin. -->","yoast_head_json":{"title":"Automne 2025 : Votre rendez-vous pour l\u2019immigration et l\u2019int\u00e9gration - Immigrant Qu\u00e9bec","description":"L'\u00e9dition d'automne du Salon de l'immigration et de l'int\u00e9gration au Qu\u00e9bec commence \u00e0 d\u00e9voiler sa programmation.","robots":{"index":"index","follow":"follow","max-snippet":"max-snippet:-1","max-image-preview":"max-image-preview:large","max-video-preview":"max-video-preview:-1"},"canonical":"https:\/\/immigrantquebec.com\/fr\/actualites\/automne-2025-votre-rendez-vous-pour-limmigration-et-lintegration\/","og_locale":"fr_FR","og_type":"article","og_title":"Automne 2025 : Votre rendez-vous pour l\u2019immigration et l\u2019int\u00e9gration - Immigrant Qu\u00e9bec","og_description":"L'\u00e9dition d'automne du Salon de l'immigration et de l'int\u00e9gration au Qu\u00e9bec commence \u00e0 d\u00e9voiler sa programmation.","og_url":"https:\/\/immigrantquebec.com\/fr\/actualites\/automne-2025-votre-rendez-vous-pour-limmigration-et-lintegration\/","og_site_name":"Immigrant Qu\u00e9bec","article_publisher":"https:\/\/www.facebook.com\/immigrantquebec","article_published_time":"2025-09-12T18:24:28+00:00","og_image":[{"width":938,"height":394,"url":"https:\/\/immigrantquebec.com\/fr\/wp-content\/uploads\/2025\/09\/C-SIIQ_P-2025-171-950.jpg","type":"image\/jpeg"}],"author":"Immigrant Qu\u00e9bec","twitter_misc":{"\u00c9crit par":"Immigrant Qu\u00e9bec","Dur\u00e9e de lecture estim\u00e9e":"2 minutes"},"schema":{"@context":"https:\/\/schema.org","@graph":[{"@type":"Article","@id":"https:\/\/immigrantquebec.com\/fr\/actualites\/automne-2025-votre-rendez-vous-pour-limmigration-et-lintegration\/#article","isPartOf":{"@id":"https:\/\/immigrantquebec.com\/fr\/actualites\/automne-2025-votre-rendez-vous-pour-limmigration-et-lintegration\/"},"author":{"name":"Immigrant Qu\u00e9bec","@id":"https:\/\/immigrantquebec.com\/fr\/#\/schema\/person\/cfbd43e9446da3b57aa5d592a1a44ae3"},"headline":"Automne 2025 : Votre rendez-vous pour l\u2019immigration et l\u2019int\u00e9gration","datePublished":"2025-09-12T18:24:28+00:00","mainEntityOfPage":{"@id":"https:\/\/immigrantquebec.com\/fr\/actualites\/automne-2025-votre-rendez-vous-pour-limmigration-et-lintegration\/"},"wordCount":354,"publisher":{"@id":"https:\/\/immigrantquebec.com\/fr\/#organization"},"image":{"@id":"https:\/\/immigrantquebec.com\/fr\/actualites\/automne-2025-votre-rendez-vous-pour-limmigration-et-lintegration\/#primaryimage"},"thumbnailUrl":"https:\/\/immigrantquebec.com\/fr\/wp-content\/uploads\/2025\/09\/C-SIIQ_P-2025-171-950.jpg","articleSection":["Actualit\u00e9s"],"inLanguage":"fr-FR"},{"@type":"WebPage","@id":"https:\/\/immigrantquebec.com\/fr\/actualites\/automne-2025-votre-rendez-vous-pour-limmigration-et-lintegration\/","url":"https:\/\/immigrantquebec.com\/fr\/actualites\/automne-2025-votre-rendez-vous-pour-limmigration-et-lintegration\/","name":"Automne 2025 : Votre rendez-vous pour l\u2019immigration et l\u2019int\u00e9gration - Immigrant Qu\u00e9bec","isPartOf":{"@id":"https:\/\/immigrantquebec.com\/fr\/#website"},"primaryImageOfPage":{"@id":"https:\/\/immigrantquebec.com\/fr\/actualites\/automne-2025-votre-rendez-vous-pour-limmigration-et-lintegration\/#primaryimage"},"image":{"@id":"https:\/\/immigrantquebec.com\/fr\/actualites\/automne-2025-votre-rendez-vous-pour-limmigration-et-lintegration\/#primaryimage"},"thumbnailUrl":"https:\/\/immigrantquebec.com\/fr\/wp-content\/uploads\/2025\/09\/C-SIIQ_P-2025-171-950.jpg","datePublished":"2025-09-12T18:24:28+00:00","description":"L'\u00e9dition d'automne du Salon de l'immigration et de l'int\u00e9gration au Qu\u00e9bec commence \u00e0 d\u00e9voiler sa programmation.","breadcrumb":{"@id":"https:\/\/immigrantquebec.com\/fr\/actualites\/automne-2025-votre-rendez-vous-pour-limmigration-et-lintegration\/#breadcrumb"},"inLanguage":"fr-FR","potentialAction":[{"@type":"ReadAction","target":["https:\/\/immigrantquebec.com\/fr\/actualites\/automne-2025-votre-rendez-vous-pour-limmigration-et-lintegration\/"]}]},{"@type":"ImageObject","inLanguage":"fr-FR","@id":"https:\/\/immigrantquebec.com\/fr\/actualites\/automne-2025-votre-rendez-vous-pour-limmigration-et-lintegration\/#primaryimage","url":"https:\/\/immigrantquebec.com\/fr\/wp-content\/uploads\/2025\/09\/C-SIIQ_P-2025-171-950.jpg","contentUrl":"https:\/\/immigrantquebec.com\/fr\/wp-content\/uploads\/2025\/09\/C-SIIQ_P-2025-171-950.jpg","width":938,"height":394},{"@type":"BreadcrumbList","@id":"https:\/\/immigrantquebec.com\/fr\/actualites\/automne-2025-votre-rendez-vous-pour-limmigration-et-lintegration\/#breadcrumb","itemListElement":[{"@type":"ListItem","position":1,"name":"Accueil","item":"https:\/\/immigrantquebec.com\/fr\/"},{"@type":"ListItem","position":2,"name":"Actualit\u00e9s","item":"https:\/\/immigrantquebec.com\/fr\/actualites\/"},{"@type":"ListItem","position":3,"name":"Automne 2025 : Votre rendez-vous pour l\u2019immigration et l\u2019int\u00e9gration"}]},{"@type":"WebSite","@id":"https:\/\/immigrantquebec.com\/fr\/#website","url":"https:\/\/immigrantquebec.com\/fr\/","name":"Immigrant Qu\u00e9bec","description":"Immigrer, vivre, travailler et \u00e9tudier au Qu\u00e9bec, Canada","publisher":{"@id":"https:\/\/immigrantquebec.com\/fr\/#organization"},"potentialAction":[{"@type":"SearchAction","target":{"@type":"EntryPoint","urlTemplate":"https:\/\/immigrantquebec.com\/fr\/?s={search_term_string}"},"query-input":{"@type":"PropertyValueSpecification","valueRequired":true,"valueName":"search_term_string"}}],"inLanguage":"fr-FR"},{"@type":"Organization","@id":"https:\/\/immigrantquebec.com\/fr\/#organization","name":"Immigrant Qu\u00e9bec","url":"https:\/\/immigrantquebec.com\/fr\/","logo":{"@type":"ImageObject","inLanguage":"fr-FR","@id":"https:\/\/immigrantquebec.com\/fr\/#\/schema\/logo\/image\/","url":"https:\/\/immigrantquebec.com\/fr\/wp-content\/uploads\/2024\/03\/LogoIQ-2024-RVB.png","contentUrl":"https:\/\/immigrantquebec.com\/fr\/wp-content\/uploads\/2024\/03\/LogoIQ-2024-RVB.png","width":2500,"height":1137,"caption":"Immigrant Qu\u00e9bec"},"image":{"@id":"https:\/\/immigrantquebec.com\/fr\/#\/schema\/logo\/image\/"},"sameAs":["https:\/\/www.facebook.com\/immigrantquebec","https:\/\/x.com\/ImmigrantQuebec","https:\/\/www.instagram.com\/immigrantquebec","https:\/\/www.youtube.com\/user\/ImmigrantQc"]},{"@type":"Person","@id":"https:\/\/immigrantquebec.com\/fr\/#\/schema\/person\/cfbd43e9446da3b57aa5d592a1a44ae3","name":"Immigrant Qu\u00e9bec","image":{"@type":"ImageObject","inLanguage":"fr-FR","@id":"https:\/\/immigrantquebec.com\/fr\/wp-content\/uploads\/2022\/03\/LOGO-512X512-96x96.png","url":"https:\/\/immigrantquebec.com\/fr\/wp-content\/uploads\/2022\/03\/LOGO-512X512-96x96.png","contentUrl":"https:\/\/immigrantquebec.com\/fr\/wp-content\/uploads\/2022\/03\/LOGO-512X512-96x96.png","caption":"Immigrant Qu\u00e9bec"},"description":"Nous d\u00e9veloppons des exp\u00e9riences et des outils innovants qui aident les personnes immigrantes \u00e0 faire des choix \u00e9clair\u00e9s dans leur projet d\u2019immigration et d\u2019int\u00e9gration au Qu\u00e9bec. \u00c0 l\u2019\u00e9chelle de la province, nous f\u00e9d\u00e9rons les communaut\u00e9s immigrantes et les acteurs publics et priv\u00e9s concern\u00e9s par l\u2019immigration dans une d\u00e9marche constructive de \u00ab travailler ensemble \u00bb pour un Qu\u00e9bec plus prosp\u00e8re et plus inclusif.","url":"https:\/\/immigrantquebec.com\/fr\/author\/immigrant-quebec\/"}]}},"_links":{"self":[{"href":"https:\/\/immigrantquebec.com\/fr\/wp-json\/wp\/v2\/posts\/22007","targetHints":{"allow":["GET"]}}],"collection":[{"href":"https:\/\/immigrantquebec.com\/fr\/wp-json\/wp\/v2\/posts"}],"about":[{"href":"https:\/\/immigrantquebec.com\/fr\/wp-json\/wp\/v2\/types\/post"}],"author":[{"embeddable":true,"href":"https:\/\/immigrantquebec.com\/fr\/wp-json\/wp\/v2\/users\/3563"}],"replies":[{"embeddable":true,"href":"https:\/\/immigrantquebec.com\/fr\/wp-json\/wp\/v2\/comments?post=22007"}],"version-history":[{"count":0,"href":"https:\/\/immigrantquebec.com\/fr\/wp-json\/wp\/v2\/posts\/22007\/revisions"}],"wp:featuredmedia":[{"embeddable":true,"href":"https:\/\/immigrantquebec.com\/fr\/wp-json\/wp\/v2\/media\/22008"}],"wp:attachment":[{"href":"https:\/\/immigrantquebec.com\/fr\/wp-json\/wp\/v2\/media?parent=22007"}],"wp:term":[{"taxonomy":"category","embeddable":true,"href":"https:\/\/immigrantquebec.com\/fr\/wp-json\/wp\/v2\/categories?post=22007"},{"taxonomy":"post_tag","embeddable":true,"href":"https:\/\/immigrantquebec.com\/fr\/wp-json\/wp\/v2\/tags?post=22007"}],"curies":[{"name":"wp","href":"https:\/\/api.w.org\/{rel}","templated":true}]}}