{"id":22447,"date":"2025-11-19T16:03:30","date_gmt":"2025-11-19T21:03:30","guid":{"rendered":"https:\/\/immigrantquebec.com\/fr\/?p=22447"},"modified":"2025-11-19T16:03:30","modified_gmt":"2025-11-19T21:03:30","slug":"des-modifications-au-reglement-sur-limmigration-au-quebec-entreront-bientot-en-vigueur","status":"publish","type":"post","link":"https:\/\/immigrantquebec.com\/fr\/actualites\/des-modifications-au-reglement-sur-limmigration-au-quebec-entreront-bientot-en-vigueur\/","title":{"rendered":"Des modifications au R\u00e8glement sur l\u2019immigration au Qu\u00e9bec entreront bient\u00f4t en vigueur"},"content":{"rendered":"\t\t<div data-elementor-type=\"wp-post\" data-elementor-id=\"22447\" class=\"elementor elementor-22447\" data-elementor-post-type=\"post\">\n\t\t\t\t<div class=\"elementor-element elementor-element-94b4da2 e-flex e-con-boxed e-con e-parent\" data-id=\"94b4da2\" data-element_type=\"container\" data-e-type=\"container\">\n\t\t\t\t\t<div class=\"e-con-inner\">\n\t\t\t\t<div class=\"elementor-element elementor-element-4a211a4 elementor-widget elementor-widget-text-editor\" data-id=\"4a211a4\" data-element_type=\"widget\" data-e-type=\"widget\" data-widget_type=\"text-editor.default\">\n\t\t\t\t\t\t\t\t\t<p style=\"font-weight: 400;\"><strong><em><a href=\"https:\/\/immigrantquebec.com\/fr\/actualites\/des-mesures-prevues-pour-le-francais-des-tet-et-lencadrement-des-etudiants-etrangers\/\" target=\"_blank\" rel=\"noopener\">Conform\u00e9ment \u00e0 ce qui avait \u00e9t\u00e9 annonc\u00e9<\/a><\/em><\/strong><em><span> en marge de l\u2019ouverture des consultations en vue de la Planification de l\u2019immigration\u00a02026-2029, le 5\u00a0juin 2025, certaines modifications ont \u00e9t\u00e9 apport\u00e9es par le minist\u00e8re de l\u2019Immigration, de la Francisation et de l\u2019Int\u00e9gration (MIFI) au R\u00e8glement sur l\u2019immigration au Qu\u00e9bec.<\/span><\/em><\/p>\t\t\t\t\t\t\t\t<\/div>\n\t\t\t\t\t<\/div>\n\t\t\t\t<\/div>\n\t\t<div class=\"elementor-element elementor-element-d9656fa e-flex e-con-boxed e-con e-parent\" data-id=\"d9656fa\" data-element_type=\"container\" data-e-type=\"container\">\n\t\t\t\t\t<div class=\"e-con-inner\">\n\t\t\t\t<div class=\"elementor-element elementor-element-cc50344 elementor-widget elementor-widget-text-editor\" data-id=\"cc50344\" data-element_type=\"widget\" data-e-type=\"widget\" data-widget_type=\"text-editor.default\">\n\t\t\t\t\t\t\t\t\t<p style=\"font-weight: 400;\"><span>C\u2019est le 19\u00a0novembre 2025 que le MIFI a d\u00e9clar\u00e9 avoir publi\u00e9 \u00e0 la Gazette officielle ses modifications au R\u00e8glement sur l\u2019immigration au Qu\u00e9bec, des modifications qui concernent au premier chef le niveau de fran\u00e7ais demand\u00e9s \u00e0 certains travailleurs \u00e9trangers temporaires, ainsi que les exigences en mati\u00e8re de capacit\u00e9 financi\u00e8re qui p\u00e8seront bient\u00f4t sur les \u00e9tudiants \u00e9trangers.<\/span><\/p>\t\t\t\t\t\t\t\t<\/div>\n\t\t\t\t\t<\/div>\n\t\t\t\t<\/div>\n\t\t<div class=\"elementor-element elementor-element-29e7eec e-flex e-con-boxed e-con e-parent\" data-id=\"29e7eec\" data-element_type=\"container\" data-e-type=\"container\">\n\t\t\t\t\t<div class=\"e-con-inner\">\n\t\t\t\t<div class=\"elementor-element elementor-element-3ef1aa3 elementor-widget elementor-widget-heading\" data-id=\"3ef1aa3\" data-element_type=\"widget\" data-e-type=\"widget\" data-widget_type=\"heading.default\">\n\t\t\t\t\t<h2 class=\"elementor-heading-title elementor-size-default\"><b>Une nouvelle exigence des niveaux de fran\u00e7ais pour certains travailleurs \u00e9trangers temporaires<\/b><\/h2>\t\t\t\t<\/div>\n\t\t\t\t\t<\/div>\n\t\t\t\t<\/div>\n\t\t<div class=\"elementor-element elementor-element-650b12d e-flex e-con-boxed e-con e-parent\" data-id=\"650b12d\" data-element_type=\"container\" data-e-type=\"container\">\n\t\t\t\t\t<div class=\"e-con-inner\">\n\t\t\t\t<div class=\"elementor-element elementor-element-12bf98e elementor-widget elementor-widget-text-editor\" data-id=\"12bf98e\" data-element_type=\"widget\" data-e-type=\"widget\" data-widget_type=\"text-editor.default\">\n\t\t\t\t\t\t\t\t\t<p style=\"font-weight: 400;\"><span>C\u2019est sans doute la mesure-phare de cette mise \u00e0 jour. Le MIFI va bient\u00f4t exiger de certains travailleurs \u00e9trangers temporaires qu\u2019ils d\u00e9montrent une connaissance du fran\u00e7ais \u00e0 l\u2019oral de niveau\u00a04 sur l\u2019\u00c9chelle qu\u00e9b\u00e9coise des niveaux de comp\u00e9tence en fran\u00e7ais.<\/span><\/p><p style=\"font-weight: 400;\"><span>Sont concern\u00e9es les personnes qui<\/span><\/p><ul><li><span>rel\u00e8vent du Programme des travailleurs \u00e9trangers temporaires (PTET), et qui<\/span><\/li><li><span>travaillent au Qu\u00e9bec depuis au moins trois ans au Qu\u00e9bec au moment de pr\u00e9senter leur demande de Certificat d\u2019acceptation du Qu\u00e9bec.<\/span><\/li><\/ul><p style=\"font-weight: 400;\"><span>Certains travailleurs ne sont pas concern\u00e9s par cette mesure, \u00e0 commencer par les travailleurs agricoles.<\/span><\/p><p><span style=\"font-weight: 400;\">Cette mesure entrera en vigueur le 17\u00a0d\u00e9cembre 2025.<\/span><\/p>\t\t\t\t\t\t\t\t<\/div>\n\t\t\t\t\t<\/div>\n\t\t\t\t<\/div>\n\t\t<div class=\"elementor-element elementor-element-198684e e-flex e-con-boxed e-con e-parent\" data-id=\"198684e\" data-element_type=\"container\" data-e-type=\"container\">\n\t\t\t\t\t<div class=\"e-con-inner\">\n\t\t\t\t<div class=\"elementor-element elementor-element-e4169d1 elementor-widget elementor-widget-heading\" data-id=\"e4169d1\" data-element_type=\"widget\" data-e-type=\"widget\" data-widget_type=\"heading.default\">\n\t\t\t\t\t<h2 class=\"elementor-heading-title elementor-size-default\"><b>Des mesures pour accompagner une meilleure francisation des travailleurs<\/b><\/h2>\t\t\t\t<\/div>\n\t\t\t\t\t<\/div>\n\t\t\t\t<\/div>\n\t\t<div class=\"elementor-element elementor-element-d28f287 e-flex e-con-boxed e-con e-parent\" data-id=\"d28f287\" data-element_type=\"container\" data-e-type=\"container\">\n\t\t\t\t\t<div class=\"e-con-inner\">\n\t\t\t\t<div class=\"elementor-element elementor-element-1133970 elementor-widget elementor-widget-text-editor\" data-id=\"1133970\" data-element_type=\"widget\" data-e-type=\"widget\" data-widget_type=\"text-editor.default\">\n\t\t\t\t\t\t\t\t\t<p style=\"font-weight: 400;\"><span>Deux mesures doivent permettre d\u2019accompagner les travailleurs \u00e9trangers temporaires \u00e0 remplir cette nouvelle exigence\u00a0:<\/span><span>\u00a0<\/span><\/p><p style=\"font-weight: 400;\"><span>Pour commencer, une <strong>mesure transitoire<\/strong> va permettre aux travailleurs qui s\u00e9journent actuellement au Qu\u00e9bec d\u2019\u00eatre aid\u00e9s pour atteindre le niveau de fran\u00e7ais requis d\u2019ici au 17\u00a0d\u00e9cembre 2028.<\/span><\/p><p><span style=\"font-weight: 400;\">Ensuite, un <strong>engagement formel sera exig\u00e9 de la part des employeurs<\/strong> dans l\u2019apprentissage du fran\u00e7ais par leurs salari\u00e9s \u00e9trangers, d\u00e8s la demande d\u2019\u00c9valuation de l\u2019impact sur le march\u00e9 du travail (EIMT), \u00e0 informer leurs employ\u00e9s sur les services de francisation \u00e0 leur disposition et \u00e0 se conformer aux exigences de francisation qui p\u00e8sent sur elles en vertu de la Charte de la langue fran\u00e7aise \u2014 sous peine de sanctions.<\/span><\/p>\t\t\t\t\t\t\t\t<\/div>\n\t\t\t\t\t<\/div>\n\t\t\t\t<\/div>\n\t\t<div class=\"elementor-element elementor-element-9a8ffcf e-flex e-con-boxed e-con e-parent\" data-id=\"9a8ffcf\" data-element_type=\"container\" data-e-type=\"container\">\n\t\t\t\t\t<div class=\"e-con-inner\">\n\t\t\t\t<div class=\"elementor-element elementor-element-464a6d7 elementor-widget elementor-widget-heading\" data-id=\"464a6d7\" data-element_type=\"widget\" data-e-type=\"widget\" data-widget_type=\"heading.default\">\n\t\t\t\t\t<h2 class=\"elementor-heading-title elementor-size-default\"><b>Capacit\u00e9 financi\u00e8re : les \u00e9tudiants \u00e9trangers enfin fix\u00e9s<\/b><\/h2>\t\t\t\t<\/div>\n\t\t\t\t\t<\/div>\n\t\t\t\t<\/div>\n\t\t<div class=\"elementor-element elementor-element-bbfc314 e-flex e-con-boxed e-con e-parent\" data-id=\"bbfc314\" data-element_type=\"container\" data-e-type=\"container\">\n\t\t\t\t\t<div class=\"e-con-inner\">\n\t\t\t\t<div class=\"elementor-element elementor-element-4407dc4 elementor-widget elementor-widget-text-editor\" data-id=\"4407dc4\" data-element_type=\"widget\" data-e-type=\"widget\" data-widget_type=\"text-editor.default\">\n\t\t\t\t\t\t\t\t\t<p style=\"font-weight: 400;\"><span>On savait que le gouvernement comptait augmenter les montants disponibles exig\u00e9s des candidats \u00e9trangers aux \u00e9tudes au Qu\u00e9bec, <\/span><strong><a href=\"https:\/\/immigrantquebec.com\/fr\/actualites\/importantes-mises-a-jour-pour-les-etudiants-etrangers-au-canada\/\" target=\"_blank\" rel=\"noopener\">dans la droite ligne de la tendance d\u00e9j\u00e0 observ\u00e9e au f\u00e9d\u00e9ral<\/a><\/strong><span>. On est d\u00e9sormais fix\u00e9 sur les d\u00e9tails.<\/span><\/p><p style=\"font-weight: 400;\"><span>On rappelle que la preuve de capacit\u00e9 financi\u00e8re est un \u00e9l\u00e9ment important d\u2019une demande de permis d\u2019\u00e9tudes \u2014 ou, au Qu\u00e9bec, d\u2019une demande de s\u00e9lection en vue d\u2019obtenir un Certificat d\u2019acceptation du Qu\u00e9bec pour \u00e9tudes. Elle vise \u00e0 d\u00e9montrer que l\u2019\u00e9tudiant sera en capacit\u00e9 de subvenir \u00e0 ses besoins de base au Qu\u00e9bec. La plupart des \u00e9tudiants \u00e9trangers ont la possibilit\u00e9 de travailler jusqu\u2019\u00e0 24\u00a0heures par semaine durant les p\u00e9riodes de cours. Mais ils n\u2019en ont pas l\u2019obligation, et certains peuvent pr\u00e9f\u00e9rer ne pas travailler du tout.<\/span><span>\u00a0<\/span><\/p><p><span style=\"font-weight: 400;\">Or, les montants qui seront exig\u00e9s de la part des \u00e9tudiants \u00e0 compter du 1er\u00a0janvier 2026 connaissent une tr\u00e8s nette augmentation par rapport \u00e0 celles observ\u00e9es jusqu\u2019alors chaque ann\u00e9e.<\/span><\/p>\t\t\t\t\t\t\t\t<\/div>\n\t\t\t\t\t<\/div>\n\t\t\t\t<\/div>\n\t\t<div class=\"elementor-element elementor-element-37a5404 e-flex e-con-boxed e-con e-parent\" data-id=\"37a5404\" data-element_type=\"container\" data-e-type=\"container\">\n\t\t\t\t\t<div class=\"e-con-inner\">\n\t\t\t\t<div class=\"elementor-element elementor-element-19d2833 elementor-widget elementor-widget-image\" data-id=\"19d2833\" data-element_type=\"widget\" data-e-type=\"widget\" data-widget_type=\"image.default\">\n\t\t\t\t\t\t\t\t\t\t\t\t\t\t\t<img fetchpriority=\"high\" decoding=\"async\" width=\"702\" height=\"527\" src=\"https:\/\/immigrantquebec.com\/fr\/wp-content\/uploads\/2025\/11\/Capacite-financiere-etudes-Quebec-2026.001.png\" class=\"attachment-large size-large wp-image-22453\" alt=\"\" srcset=\"https:\/\/immigrantquebec.com\/fr\/wp-content\/uploads\/2025\/11\/Capacite-financiere-etudes-Quebec-2026.001.png 1024w, https:\/\/immigrantquebec.com\/fr\/wp-content\/uploads\/2025\/11\/Capacite-financiere-etudes-Quebec-2026.001-267x200.png 267w, https:\/\/immigrantquebec.com\/fr\/wp-content\/uploads\/2025\/11\/Capacite-financiere-etudes-Quebec-2026.001-768x576.png 768w\" sizes=\"(max-width: 702px) 100vw, 702px\" \/>\t\t\t\t\t\t\t\t\t\t\t\t\t\t\t<\/div>\n\t\t\t\t\t<\/div>\n\t\t\t\t<\/div>\n\t\t<div class=\"elementor-element elementor-element-4234d24 e-flex e-con-boxed e-con e-parent\" data-id=\"4234d24\" data-element_type=\"container\" data-e-type=\"container\">\n\t\t\t\t\t<div class=\"e-con-inner\">\n\t\t\t\t<div class=\"elementor-element elementor-element-582999f elementor-widget elementor-widget-text-editor\" data-id=\"582999f\" data-element_type=\"widget\" data-e-type=\"widget\" data-widget_type=\"text-editor.default\">\n\t\t\t\t\t\t\t\t\t<div><span>On constate ainsi que les exigences du Qu\u00e9bec, qui priment sur les exigences f\u00e9d\u00e9rales pour les \u00e9tudiants du Qu\u00e9bec, d\u00e9passent d\u00e9sormais les montants demand\u00e9s dans le reste du Canada.<\/span><\/div>\t\t\t\t\t\t\t\t<\/div>\n\t\t\t\t\t<\/div>\n\t\t\t\t<\/div>\n\t\t<div class=\"elementor-element elementor-element-69bdf58 e-flex e-con-boxed e-con e-parent\" data-id=\"69bdf58\" data-element_type=\"container\" data-e-type=\"container\">\n\t\t\t\t\t<div class=\"e-con-inner\">\n\t\t\t\t<div class=\"elementor-element elementor-element-a7b10c2 elementor-widget elementor-widget-text-editor\" data-id=\"a7b10c2\" data-element_type=\"widget\" data-e-type=\"widget\" data-widget_type=\"text-editor.default\">\n\t\t\t\t\t\t\t\t\t<p style=\"font-weight: 400;\"><span>\u00a0<\/span><span><a href=\"https:\/\/www.quebec.ca\/nouvelles\/actualites\/details\/modifications-reglementaires-reglement-immigration-67118\" target=\"_blank\" rel=\"noopener\"><strong>Pour toutes les informations, acc\u00e9dez au communiqu\u00e9 du MIFI<\/strong><\/a><\/span><strong><span>.<\/span><\/strong><\/p>\t\t\t\t\t\t\t\t<\/div>\n\t\t\t\t\t<\/div>\n\t\t\t\t<\/div>\n\t\t<div class=\"elementor-element elementor-element-ecd707c e-flex e-con-boxed e-con e-parent\" data-id=\"ecd707c\" data-element_type=\"container\" data-e-type=\"container\">\n\t\t\t\t\t<div class=\"e-con-inner\">\n\t\t\t\t<div class=\"elementor-element elementor-element-fc2ed04 elementor-widget elementor-widget-text-editor\" data-id=\"fc2ed04\" data-element_type=\"widget\" data-e-type=\"widget\" data-widget_type=\"text-editor.default\">\n\t\t\t\t\t\t\t\t\t<div><i><span lang=\"EN-US\">Photo\u00a0: Mathias Reding<\/span><\/i><\/div>\t\t\t\t\t\t\t\t<\/div>\n\t\t\t\t\t<\/div>\n\t\t\t\t<\/div>\n\t\t\t\t<\/div>\n\t\t","protected":false},"excerpt":{"rendered":"<p>Elles concernent certains travailleurs \u00e9trangers temporaires, ainsi que les exigences financi\u00e8res pour les \u00e9tudiants \u00e9trangers.<\/p>\n","protected":false},"author":3459,"featured_media":22448,"comment_status":"closed","ping_status":"closed","sticky":false,"template":"","format":"standard","meta":{"_acf_changed":false,"_genesis_hide_title":false,"_genesis_hide_breadcrumbs":false,"_genesis_hide_singular_image":false,"_genesis_hide_footer_widgets":false,"_genesis_custom_body_class":"","_genesis_custom_post_class":"","_genesis_layout":"","footnotes":""},"categories":[1],"tags":[],"class_list":{"0":"post-22447","1":"post","2":"type-post","3":"status-publish","4":"format-standard","5":"has-post-thumbnail","7":"category-actualites","8":"entry"},"acf":[],"yoast_head":"<!-- This site is optimized with the Yoast SEO plugin v27.5 - https:\/\/yoast.com\/product\/yoast-seo-wordpress\/ -->\n<title>Des modifications au R\u00e8glement sur l\u2019immigration au Qu\u00e9bec entreront bient\u00f4t en vigueur - Immigrant Qu\u00e9bec<\/title>\n<meta name=\"description\" content=\"Elles concernent certains travailleurs \u00e9trangers temporaires, ainsi que les exigences financi\u00e8res pour les \u00e9tudiants \u00e9trangers.\" \/>\n<meta name=\"robots\" content=\"index, follow, max-snippet:-1, max-image-preview:large, max-video-preview:-1\" \/>\n<link rel=\"canonical\" href=\"https:\/\/immigrantquebec.com\/fr\/actualites\/des-modifications-au-reglement-sur-limmigration-au-quebec-entreront-bientot-en-vigueur\/\" \/>\n<meta property=\"og:locale\" content=\"fr_FR\" \/>\n<meta property=\"og:type\" content=\"article\" \/>\n<meta property=\"og:title\" content=\"Des modifications au R\u00e8glement sur l\u2019immigration au Qu\u00e9bec entreront bient\u00f4t en vigueur - Immigrant Qu\u00e9bec\" \/>\n<meta property=\"og:description\" content=\"Elles concernent certains travailleurs \u00e9trangers temporaires, ainsi que les exigences financi\u00e8res pour les \u00e9tudiants \u00e9trangers.\" \/>\n<meta property=\"og:url\" content=\"https:\/\/immigrantquebec.com\/fr\/actualites\/des-modifications-au-reglement-sur-limmigration-au-quebec-entreront-bientot-en-vigueur\/\" \/>\n<meta property=\"og:site_name\" content=\"Immigrant Qu\u00e9bec\" \/>\n<meta property=\"article:publisher\" content=\"https:\/\/www.facebook.com\/immigrantquebec\" \/>\n<meta property=\"article:published_time\" content=\"2025-11-19T21:03:30+00:00\" \/>\n<meta property=\"og:image\" content=\"https:\/\/immigrantquebec.com\/fr\/wp-content\/uploads\/2025\/11\/mathias-reding-zZl1jsn-AfY-unsplash-950.jpg\" \/>\n\t<meta property=\"og:image:width\" content=\"950\" \/>\n\t<meta property=\"og:image:height\" content=\"400\" \/>\n\t<meta property=\"og:image:type\" content=\"image\/jpeg\" \/>\n<meta name=\"author\" content=\"Basile Moratille\" \/>\n<meta name=\"twitter:label1\" content=\"\u00c9crit par\" \/>\n\t<meta name=\"twitter:data1\" content=\"Basile Moratille\" \/>\n\t<meta name=\"twitter:label2\" content=\"Dur\u00e9e de lecture estim\u00e9e\" \/>\n\t<meta name=\"twitter:data2\" content=\"3 minutes\" \/>\n<script type=\"application\/ld+json\" class=\"yoast-schema-graph\">{\"@context\":\"https:\\\/\\\/schema.org\",\"@graph\":[{\"@type\":\"Article\",\"@id\":\"https:\\\/\\\/immigrantquebec.com\\\/fr\\\/actualites\\\/des-modifications-au-reglement-sur-limmigration-au-quebec-entreront-bientot-en-vigueur\\\/#article\",\"isPartOf\":{\"@id\":\"https:\\\/\\\/immigrantquebec.com\\\/fr\\\/actualites\\\/des-modifications-au-reglement-sur-limmigration-au-quebec-entreront-bientot-en-vigueur\\\/\"},\"author\":{\"name\":\"Basile Moratille\",\"@id\":\"https:\\\/\\\/immigrantquebec.com\\\/fr\\\/#\\\/schema\\\/person\\\/eed5ca7ba2c1007e602ee9b9b87fb4b8\"},\"headline\":\"Des modifications au R\u00e8glement sur l\u2019immigration au Qu\u00e9bec entreront bient\u00f4t en vigueur\",\"datePublished\":\"2025-11-19T21:03:30+00:00\",\"mainEntityOfPage\":{\"@id\":\"https:\\\/\\\/immigrantquebec.com\\\/fr\\\/actualites\\\/des-modifications-au-reglement-sur-limmigration-au-quebec-entreront-bientot-en-vigueur\\\/\"},\"wordCount\":629,\"publisher\":{\"@id\":\"https:\\\/\\\/immigrantquebec.com\\\/fr\\\/#organization\"},\"image\":{\"@id\":\"https:\\\/\\\/immigrantquebec.com\\\/fr\\\/actualites\\\/des-modifications-au-reglement-sur-limmigration-au-quebec-entreront-bientot-en-vigueur\\\/#primaryimage\"},\"thumbnailUrl\":\"https:\\\/\\\/immigrantquebec.com\\\/fr\\\/wp-content\\\/uploads\\\/2025\\\/11\\\/mathias-reding-zZl1jsn-AfY-unsplash-950.jpg\",\"articleSection\":[\"Actualit\u00e9s\"],\"inLanguage\":\"fr-FR\"},{\"@type\":\"WebPage\",\"@id\":\"https:\\\/\\\/immigrantquebec.com\\\/fr\\\/actualites\\\/des-modifications-au-reglement-sur-limmigration-au-quebec-entreront-bientot-en-vigueur\\\/\",\"url\":\"https:\\\/\\\/immigrantquebec.com\\\/fr\\\/actualites\\\/des-modifications-au-reglement-sur-limmigration-au-quebec-entreront-bientot-en-vigueur\\\/\",\"name\":\"Des modifications au R\u00e8glement sur l\u2019immigration au Qu\u00e9bec entreront bient\u00f4t en vigueur - Immigrant Qu\u00e9bec\",\"isPartOf\":{\"@id\":\"https:\\\/\\\/immigrantquebec.com\\\/fr\\\/#website\"},\"primaryImageOfPage\":{\"@id\":\"https:\\\/\\\/immigrantquebec.com\\\/fr\\\/actualites\\\/des-modifications-au-reglement-sur-limmigration-au-quebec-entreront-bientot-en-vigueur\\\/#primaryimage\"},\"image\":{\"@id\":\"https:\\\/\\\/immigrantquebec.com\\\/fr\\\/actualites\\\/des-modifications-au-reglement-sur-limmigration-au-quebec-entreront-bientot-en-vigueur\\\/#primaryimage\"},\"thumbnailUrl\":\"https:\\\/\\\/immigrantquebec.com\\\/fr\\\/wp-content\\\/uploads\\\/2025\\\/11\\\/mathias-reding-zZl1jsn-AfY-unsplash-950.jpg\",\"datePublished\":\"2025-11-19T21:03:30+00:00\",\"description\":\"Elles concernent certains travailleurs \u00e9trangers temporaires, ainsi que les exigences financi\u00e8res pour les \u00e9tudiants \u00e9trangers.\",\"breadcrumb\":{\"@id\":\"https:\\\/\\\/immigrantquebec.com\\\/fr\\\/actualites\\\/des-modifications-au-reglement-sur-limmigration-au-quebec-entreront-bientot-en-vigueur\\\/#breadcrumb\"},\"inLanguage\":\"fr-FR\",\"potentialAction\":[{\"@type\":\"ReadAction\",\"target\":[\"https:\\\/\\\/immigrantquebec.com\\\/fr\\\/actualites\\\/des-modifications-au-reglement-sur-limmigration-au-quebec-entreront-bientot-en-vigueur\\\/\"]}]},{\"@type\":\"ImageObject\",\"inLanguage\":\"fr-FR\",\"@id\":\"https:\\\/\\\/immigrantquebec.com\\\/fr\\\/actualites\\\/des-modifications-au-reglement-sur-limmigration-au-quebec-entreront-bientot-en-vigueur\\\/#primaryimage\",\"url\":\"https:\\\/\\\/immigrantquebec.com\\\/fr\\\/wp-content\\\/uploads\\\/2025\\\/11\\\/mathias-reding-zZl1jsn-AfY-unsplash-950.jpg\",\"contentUrl\":\"https:\\\/\\\/immigrantquebec.com\\\/fr\\\/wp-content\\\/uploads\\\/2025\\\/11\\\/mathias-reding-zZl1jsn-AfY-unsplash-950.jpg\",\"width\":950,\"height\":400},{\"@type\":\"BreadcrumbList\",\"@id\":\"https:\\\/\\\/immigrantquebec.com\\\/fr\\\/actualites\\\/des-modifications-au-reglement-sur-limmigration-au-quebec-entreront-bientot-en-vigueur\\\/#breadcrumb\",\"itemListElement\":[{\"@type\":\"ListItem\",\"position\":1,\"name\":\"Accueil\",\"item\":\"https:\\\/\\\/immigrantquebec.com\\\/fr\\\/\"},{\"@type\":\"ListItem\",\"position\":2,\"name\":\"Actualit\u00e9s\",\"item\":\"https:\\\/\\\/immigrantquebec.com\\\/fr\\\/actualites\\\/\"},{\"@type\":\"ListItem\",\"position\":3,\"name\":\"Des modifications au R\u00e8glement sur l\u2019immigration au Qu\u00e9bec entreront bient\u00f4t en vigueur\"}]},{\"@type\":\"WebSite\",\"@id\":\"https:\\\/\\\/immigrantquebec.com\\\/fr\\\/#website\",\"url\":\"https:\\\/\\\/immigrantquebec.com\\\/fr\\\/\",\"name\":\"Immigrant Qu\u00e9bec\",\"description\":\"Immigrer, vivre, travailler et \u00e9tudier au Qu\u00e9bec, Canada\",\"publisher\":{\"@id\":\"https:\\\/\\\/immigrantquebec.com\\\/fr\\\/#organization\"},\"potentialAction\":[{\"@type\":\"SearchAction\",\"target\":{\"@type\":\"EntryPoint\",\"urlTemplate\":\"https:\\\/\\\/immigrantquebec.com\\\/fr\\\/?s={search_term_string}\"},\"query-input\":{\"@type\":\"PropertyValueSpecification\",\"valueRequired\":true,\"valueName\":\"search_term_string\"}}],\"inLanguage\":\"fr-FR\"},{\"@type\":\"Organization\",\"@id\":\"https:\\\/\\\/immigrantquebec.com\\\/fr\\\/#organization\",\"name\":\"Immigrant Qu\u00e9bec\",\"url\":\"https:\\\/\\\/immigrantquebec.com\\\/fr\\\/\",\"logo\":{\"@type\":\"ImageObject\",\"inLanguage\":\"fr-FR\",\"@id\":\"https:\\\/\\\/immigrantquebec.com\\\/fr\\\/#\\\/schema\\\/logo\\\/image\\\/\",\"url\":\"https:\\\/\\\/immigrantquebec.com\\\/fr\\\/wp-content\\\/uploads\\\/2024\\\/03\\\/LogoIQ-2024-RVB.png\",\"contentUrl\":\"https:\\\/\\\/immigrantquebec.com\\\/fr\\\/wp-content\\\/uploads\\\/2024\\\/03\\\/LogoIQ-2024-RVB.png\",\"width\":2500,\"height\":1137,\"caption\":\"Immigrant Qu\u00e9bec\"},\"image\":{\"@id\":\"https:\\\/\\\/immigrantquebec.com\\\/fr\\\/#\\\/schema\\\/logo\\\/image\\\/\"},\"sameAs\":[\"https:\\\/\\\/www.facebook.com\\\/immigrantquebec\",\"https:\\\/\\\/x.com\\\/ImmigrantQuebec\",\"https:\\\/\\\/www.instagram.com\\\/immigrantquebec\",\"https:\\\/\\\/www.youtube.com\\\/user\\\/ImmigrantQc\"]},{\"@type\":\"Person\",\"@id\":\"https:\\\/\\\/immigrantquebec.com\\\/fr\\\/#\\\/schema\\\/person\\\/eed5ca7ba2c1007e602ee9b9b87fb4b8\",\"name\":\"Basile Moratille\",\"image\":{\"@type\":\"ImageObject\",\"inLanguage\":\"fr-FR\",\"@id\":\"https:\\\/\\\/secure.gravatar.com\\\/avatar\\\/639aa731bb7134a1e944526697fe0549d67ab17e00987171296fb5362fc909e9?s=96&d=mm&r=g\",\"url\":\"https:\\\/\\\/secure.gravatar.com\\\/avatar\\\/639aa731bb7134a1e944526697fe0549d67ab17e00987171296fb5362fc909e9?s=96&d=mm&r=g\",\"contentUrl\":\"https:\\\/\\\/secure.gravatar.com\\\/avatar\\\/639aa731bb7134a1e944526697fe0549d67ab17e00987171296fb5362fc909e9?s=96&d=mm&r=g\",\"caption\":\"Basile Moratille\"},\"description\":\"Directeur des contenus et des publications, Immigrant Qu\u00e9bec.\",\"url\":\"https:\\\/\\\/immigrantquebec.com\\\/fr\\\/author\\\/basile-moratilleimmigrantquebec-com\\\/\"}]}<\/script>\n<!-- \/ Yoast SEO plugin. -->","yoast_head_json":{"title":"Des modifications au R\u00e8glement sur l\u2019immigration au Qu\u00e9bec entreront bient\u00f4t en vigueur - Immigrant Qu\u00e9bec","description":"Elles concernent certains travailleurs \u00e9trangers temporaires, ainsi que les exigences financi\u00e8res pour les \u00e9tudiants \u00e9trangers.","robots":{"index":"index","follow":"follow","max-snippet":"max-snippet:-1","max-image-preview":"max-image-preview:large","max-video-preview":"max-video-preview:-1"},"canonical":"https:\/\/immigrantquebec.com\/fr\/actualites\/des-modifications-au-reglement-sur-limmigration-au-quebec-entreront-bientot-en-vigueur\/","og_locale":"fr_FR","og_type":"article","og_title":"Des modifications au R\u00e8glement sur l\u2019immigration au Qu\u00e9bec entreront bient\u00f4t en vigueur - Immigrant Qu\u00e9bec","og_description":"Elles concernent certains travailleurs \u00e9trangers temporaires, ainsi que les exigences financi\u00e8res pour les \u00e9tudiants \u00e9trangers.","og_url":"https:\/\/immigrantquebec.com\/fr\/actualites\/des-modifications-au-reglement-sur-limmigration-au-quebec-entreront-bientot-en-vigueur\/","og_site_name":"Immigrant Qu\u00e9bec","article_publisher":"https:\/\/www.facebook.com\/immigrantquebec","article_published_time":"2025-11-19T21:03:30+00:00","og_image":[{"width":950,"height":400,"url":"https:\/\/immigrantquebec.com\/fr\/wp-content\/uploads\/2025\/11\/mathias-reding-zZl1jsn-AfY-unsplash-950.jpg","type":"image\/jpeg"}],"author":"Basile Moratille","twitter_misc":{"\u00c9crit par":"Basile Moratille","Dur\u00e9e de lecture estim\u00e9e":"3 minutes"},"schema":{"@context":"https:\/\/schema.org","@graph":[{"@type":"Article","@id":"https:\/\/immigrantquebec.com\/fr\/actualites\/des-modifications-au-reglement-sur-limmigration-au-quebec-entreront-bientot-en-vigueur\/#article","isPartOf":{"@id":"https:\/\/immigrantquebec.com\/fr\/actualites\/des-modifications-au-reglement-sur-limmigration-au-quebec-entreront-bientot-en-vigueur\/"},"author":{"name":"Basile Moratille","@id":"https:\/\/immigrantquebec.com\/fr\/#\/schema\/person\/eed5ca7ba2c1007e602ee9b9b87fb4b8"},"headline":"Des modifications au R\u00e8glement sur l\u2019immigration au Qu\u00e9bec entreront bient\u00f4t en vigueur","datePublished":"2025-11-19T21:03:30+00:00","mainEntityOfPage":{"@id":"https:\/\/immigrantquebec.com\/fr\/actualites\/des-modifications-au-reglement-sur-limmigration-au-quebec-entreront-bientot-en-vigueur\/"},"wordCount":629,"publisher":{"@id":"https:\/\/immigrantquebec.com\/fr\/#organization"},"image":{"@id":"https:\/\/immigrantquebec.com\/fr\/actualites\/des-modifications-au-reglement-sur-limmigration-au-quebec-entreront-bientot-en-vigueur\/#primaryimage"},"thumbnailUrl":"https:\/\/immigrantquebec.com\/fr\/wp-content\/uploads\/2025\/11\/mathias-reding-zZl1jsn-AfY-unsplash-950.jpg","articleSection":["Actualit\u00e9s"],"inLanguage":"fr-FR"},{"@type":"WebPage","@id":"https:\/\/immigrantquebec.com\/fr\/actualites\/des-modifications-au-reglement-sur-limmigration-au-quebec-entreront-bientot-en-vigueur\/","url":"https:\/\/immigrantquebec.com\/fr\/actualites\/des-modifications-au-reglement-sur-limmigration-au-quebec-entreront-bientot-en-vigueur\/","name":"Des modifications au R\u00e8glement sur l\u2019immigration au Qu\u00e9bec entreront bient\u00f4t en vigueur - Immigrant Qu\u00e9bec","isPartOf":{"@id":"https:\/\/immigrantquebec.com\/fr\/#website"},"primaryImageOfPage":{"@id":"https:\/\/immigrantquebec.com\/fr\/actualites\/des-modifications-au-reglement-sur-limmigration-au-quebec-entreront-bientot-en-vigueur\/#primaryimage"},"image":{"@id":"https:\/\/immigrantquebec.com\/fr\/actualites\/des-modifications-au-reglement-sur-limmigration-au-quebec-entreront-bientot-en-vigueur\/#primaryimage"},"thumbnailUrl":"https:\/\/immigrantquebec.com\/fr\/wp-content\/uploads\/2025\/11\/mathias-reding-zZl1jsn-AfY-unsplash-950.jpg","datePublished":"2025-11-19T21:03:30+00:00","description":"Elles concernent certains travailleurs \u00e9trangers temporaires, ainsi que les exigences financi\u00e8res pour les \u00e9tudiants \u00e9trangers.","breadcrumb":{"@id":"https:\/\/immigrantquebec.com\/fr\/actualites\/des-modifications-au-reglement-sur-limmigration-au-quebec-entreront-bientot-en-vigueur\/#breadcrumb"},"inLanguage":"fr-FR","potentialAction":[{"@type":"ReadAction","target":["https:\/\/immigrantquebec.com\/fr\/actualites\/des-modifications-au-reglement-sur-limmigration-au-quebec-entreront-bientot-en-vigueur\/"]}]},{"@type":"ImageObject","inLanguage":"fr-FR","@id":"https:\/\/immigrantquebec.com\/fr\/actualites\/des-modifications-au-reglement-sur-limmigration-au-quebec-entreront-bientot-en-vigueur\/#primaryimage","url":"https:\/\/immigrantquebec.com\/fr\/wp-content\/uploads\/2025\/11\/mathias-reding-zZl1jsn-AfY-unsplash-950.jpg","contentUrl":"https:\/\/immigrantquebec.com\/fr\/wp-content\/uploads\/2025\/11\/mathias-reding-zZl1jsn-AfY-unsplash-950.jpg","width":950,"height":400},{"@type":"BreadcrumbList","@id":"https:\/\/immigrantquebec.com\/fr\/actualites\/des-modifications-au-reglement-sur-limmigration-au-quebec-entreront-bientot-en-vigueur\/#breadcrumb","itemListElement":[{"@type":"ListItem","position":1,"name":"Accueil","item":"https:\/\/immigrantquebec.com\/fr\/"},{"@type":"ListItem","position":2,"name":"Actualit\u00e9s","item":"https:\/\/immigrantquebec.com\/fr\/actualites\/"},{"@type":"ListItem","position":3,"name":"Des modifications au R\u00e8glement sur l\u2019immigration au Qu\u00e9bec entreront bient\u00f4t en vigueur"}]},{"@type":"WebSite","@id":"https:\/\/immigrantquebec.com\/fr\/#website","url":"https:\/\/immigrantquebec.com\/fr\/","name":"Immigrant Qu\u00e9bec","description":"Immigrer, vivre, travailler et \u00e9tudier au Qu\u00e9bec, Canada","publisher":{"@id":"https:\/\/immigrantquebec.com\/fr\/#organization"},"potentialAction":[{"@type":"SearchAction","target":{"@type":"EntryPoint","urlTemplate":"https:\/\/immigrantquebec.com\/fr\/?s={search_term_string}"},"query-input":{"@type":"PropertyValueSpecification","valueRequired":true,"valueName":"search_term_string"}}],"inLanguage":"fr-FR"},{"@type":"Organization","@id":"https:\/\/immigrantquebec.com\/fr\/#organization","name":"Immigrant Qu\u00e9bec","url":"https:\/\/immigrantquebec.com\/fr\/","logo":{"@type":"ImageObject","inLanguage":"fr-FR","@id":"https:\/\/immigrantquebec.com\/fr\/#\/schema\/logo\/image\/","url":"https:\/\/immigrantquebec.com\/fr\/wp-content\/uploads\/2024\/03\/LogoIQ-2024-RVB.png","contentUrl":"https:\/\/immigrantquebec.com\/fr\/wp-content\/uploads\/2024\/03\/LogoIQ-2024-RVB.png","width":2500,"height":1137,"caption":"Immigrant Qu\u00e9bec"},"image":{"@id":"https:\/\/immigrantquebec.com\/fr\/#\/schema\/logo\/image\/"},"sameAs":["https:\/\/www.facebook.com\/immigrantquebec","https:\/\/x.com\/ImmigrantQuebec","https:\/\/www.instagram.com\/immigrantquebec","https:\/\/www.youtube.com\/user\/ImmigrantQc"]},{"@type":"Person","@id":"https:\/\/immigrantquebec.com\/fr\/#\/schema\/person\/eed5ca7ba2c1007e602ee9b9b87fb4b8","name":"Basile Moratille","image":{"@type":"ImageObject","inLanguage":"fr-FR","@id":"https:\/\/secure.gravatar.com\/avatar\/639aa731bb7134a1e944526697fe0549d67ab17e00987171296fb5362fc909e9?s=96&d=mm&r=g","url":"https:\/\/secure.gravatar.com\/avatar\/639aa731bb7134a1e944526697fe0549d67ab17e00987171296fb5362fc909e9?s=96&d=mm&r=g","contentUrl":"https:\/\/secure.gravatar.com\/avatar\/639aa731bb7134a1e944526697fe0549d67ab17e00987171296fb5362fc909e9?s=96&d=mm&r=g","caption":"Basile Moratille"},"description":"Directeur des contenus et des publications, Immigrant Qu\u00e9bec.","url":"https:\/\/immigrantquebec.com\/fr\/author\/basile-moratilleimmigrantquebec-com\/"}]}},"_links":{"self":[{"href":"https:\/\/immigrantquebec.com\/fr\/wp-json\/wp\/v2\/posts\/22447","targetHints":{"allow":["GET"]}}],"collection":[{"href":"https:\/\/immigrantquebec.com\/fr\/wp-json\/wp\/v2\/posts"}],"about":[{"href":"https:\/\/immigrantquebec.com\/fr\/wp-json\/wp\/v2\/types\/post"}],"author":[{"embeddable":true,"href":"https:\/\/immigrantquebec.com\/fr\/wp-json\/wp\/v2\/users\/3459"}],"replies":[{"embeddable":true,"href":"https:\/\/immigrantquebec.com\/fr\/wp-json\/wp\/v2\/comments?post=22447"}],"version-history":[{"count":0,"href":"https:\/\/immigrantquebec.com\/fr\/wp-json\/wp\/v2\/posts\/22447\/revisions"}],"wp:featuredmedia":[{"embeddable":true,"href":"https:\/\/immigrantquebec.com\/fr\/wp-json\/wp\/v2\/media\/22448"}],"wp:attachment":[{"href":"https:\/\/immigrantquebec.com\/fr\/wp-json\/wp\/v2\/media?parent=22447"}],"wp:term":[{"taxonomy":"category","embeddable":true,"href":"https:\/\/immigrantquebec.com\/fr\/wp-json\/wp\/v2\/categories?post=22447"},{"taxonomy":"post_tag","embeddable":true,"href":"https:\/\/immigrantquebec.com\/fr\/wp-json\/wp\/v2\/tags?post=22447"}],"curies":[{"name":"wp","href":"https:\/\/api.w.org\/{rel}","templated":true}]}}