{"id":25999,"date":"2026-03-06T13:46:25","date_gmt":"2026-03-06T18:46:25","guid":{"rendered":"https:\/\/immigrantquebec.com\/fr\/?p=25999"},"modified":"2026-03-06T13:53:10","modified_gmt":"2026-03-06T18:53:10","slug":"la-cour-supreme-a-tranche-les-demandeurs-dasile-admissibles-aux-garderies-subventionnees-au-quebec","status":"publish","type":"post","link":"https:\/\/immigrantquebec.com\/fr\/actualites\/la-cour-supreme-a-tranche-les-demandeurs-dasile-admissibles-aux-garderies-subventionnees-au-quebec\/","title":{"rendered":"La Cour supr\u00eame a tranch\u00e9 : les demandeurs d\u2019asile admissibles aux garderies subventionn\u00e9es au Qu\u00e9bec"},"content":{"rendered":"\t\t<div data-elementor-type=\"wp-post\" data-elementor-id=\"25999\" class=\"elementor elementor-25999\" data-elementor-post-type=\"post\">\n\t\t\t\t<div class=\"elementor-element elementor-element-8ce7af2 e-flex e-con-boxed e-con e-parent\" data-id=\"8ce7af2\" data-element_type=\"container\" data-e-type=\"container\">\n\t\t\t\t\t<div class=\"e-con-inner\">\n\t\t\t\t<div class=\"elementor-element elementor-element-62af2d3 elementor-widget elementor-widget-text-editor\" data-id=\"62af2d3\" data-element_type=\"widget\" data-e-type=\"widget\" data-widget_type=\"text-editor.default\">\n\t\t\t\t\t\t\t\t\t<div><i><span>La Cour supr\u00eame du Canada invalide l\u2019exclusion des demandeurs d\u2019asile du r\u00e9gime qu\u00e9b\u00e9cois de garderies subventionn\u00e9es. Elle retient une discrimination fond\u00e9e sur le sexe, non justifi\u00e9e, et \u00e9largit l\u2019acc\u00e8s au-del\u00e0 des seuls titulaires d\u2019un permis de travail.<\/span><\/i><\/div>\t\t\t\t\t\t\t\t<\/div>\n\t\t\t\t\t<\/div>\n\t\t\t\t<\/div>\n\t\t<div class=\"elementor-element elementor-element-4e8ebbb e-flex e-con-boxed e-con e-parent\" data-id=\"4e8ebbb\" data-element_type=\"container\" data-e-type=\"container\">\n\t\t\t\t\t<div class=\"e-con-inner\">\n\t\t\t\t<div class=\"elementor-element elementor-element-c6e6a94 elementor-widget elementor-widget-spacer\" data-id=\"c6e6a94\" data-element_type=\"widget\" data-e-type=\"widget\" data-widget_type=\"spacer.default\">\n\t\t\t\t\t\t\t<div class=\"elementor-spacer\">\n\t\t\t<div class=\"elementor-spacer-inner\"><\/div>\n\t\t<\/div>\n\t\t\t\t\t\t<\/div>\n\t\t\t\t<div class=\"elementor-element elementor-element-e9d57b7 elementor-widget elementor-widget-text-editor\" data-id=\"e9d57b7\" data-element_type=\"widget\" data-e-type=\"widget\" data-widget_type=\"text-editor.default\">\n\t\t\t\t\t\t\t\t\t<p style=\"font-weight: 400;\">Dans sa d\u00e9cision\u00a0<strong>Qu\u00e9bec (Procureur g\u00e9n\u00e9ral) c. Kanyinda (2026 CSC 7) <\/strong>du 6\u00a0mars 2026, la juridiction supr\u00eame, conclut que\u00a0<strong>Qu\u00e9bec ne peut exclure les demandeurs d\u2019asile des services de garde subventionn\u00e9s<\/strong>\u00a0: la r\u00e8gle, m\u00eame si elle s\u2019applique de la m\u00eame fa\u00e7on \u00e0 tous les demandeurs d\u2019asile, a des effets d\u00e9favorables plus marqu\u00e9s sur les femmes. Celles-ci sont en effet davantage susceptibles d\u2019assumer la garde des enfants, ce qui nuit \u00e0 leur capacit\u00e9 de travailler.<\/p><p><span style=\"font-weight: 400;\">La Cour accueille ainsi l\u2019appel en partie, et confirme l\u2019acc\u00e8s au r\u00e9gime pour les demandeurs d\u2019asile qui r\u00e9sident au Qu\u00e9bec. Ces<\/span><span style=\"font-weight: 400;\"> deniers sont donc d\u00e9sormais admissibles aux services de garde subventionn\u00e9s.\u00a0<\/span><\/p>\t\t\t\t\t\t\t\t<\/div>\n\t\t\t\t\t<\/div>\n\t\t\t\t<\/div>\n\t\t<div class=\"elementor-element elementor-element-547cd8e e-flex e-con-boxed e-con e-parent\" data-id=\"547cd8e\" data-element_type=\"container\" data-e-type=\"container\">\n\t\t\t\t\t<div class=\"e-con-inner\">\n\t\t\t\t<div class=\"elementor-element elementor-element-d2c4363 elementor-widget elementor-widget-spacer\" data-id=\"d2c4363\" data-element_type=\"widget\" data-e-type=\"widget\" data-widget_type=\"spacer.default\">\n\t\t\t\t\t\t\t<div class=\"elementor-spacer\">\n\t\t\t<div class=\"elementor-spacer-inner\"><\/div>\n\t\t<\/div>\n\t\t\t\t\t\t<\/div>\n\t\t\t\t<div class=\"elementor-element elementor-element-4645635 elementor-widget elementor-widget-heading\" data-id=\"4645635\" data-element_type=\"widget\" data-e-type=\"widget\" data-widget_type=\"heading.default\">\n\t\t\t\t\t<h2 class=\"elementor-heading-title elementor-size-default\"><b>Une exclusion jug\u00e9e discriminatoire envers les femmes<\/b><\/h2>\t\t\t\t<\/div>\n\t\t\t\t\t<\/div>\n\t\t\t\t<\/div>\n\t\t<div class=\"elementor-element elementor-element-141fd86 e-grid e-con-boxed e-con e-parent\" data-id=\"141fd86\" data-element_type=\"container\" data-e-type=\"container\">\n\t\t\t\t\t<div class=\"e-con-inner\">\n\t\t\t\t<div class=\"elementor-element elementor-element-14dd34e elementor-widget elementor-widget-text-editor\" data-id=\"14dd34e\" data-element_type=\"widget\" data-e-type=\"widget\" data-widget_type=\"text-editor.default\">\n\t\t\t\t\t\t\t\t\t<div><span>La majorit\u00e9, sous la plume de la juge Karakatsanis<\/span><span>, retient une<\/span><span>\u00a0discrimination \u00ab\u2009par ses effets\u2009\u00bb<b> <\/b>fond\u00e9e sur le sexe, non justifi\u00e9e au regard de l\u2019article premier de la Charte canadienne des droits et libert\u00e9s. L\u2019objectif invoqu\u00e9 \u2014 r\u00e9server la contribution r\u00e9duite aux personnes qui ont un lien suffisant avec la province \u2014 est certes jug\u00e9 important\u2009; mais la Cour estime qu\u2019il n\u2019existe pas de lien r\u00e9el entre cet objectif et l\u2019exclusion des demandeurs d\u2019asile.<\/span><\/div>\t\t\t\t\t\t\t\t<\/div>\n\t\t\t\t<div class=\"elementor-element elementor-element-80d43d6 elementor-blockquote--skin-quotation elementor-widget elementor-widget-blockquote\" data-id=\"80d43d6\" data-element_type=\"widget\" data-e-type=\"widget\" data-widget_type=\"blockquote.default\">\n\t\t\t\t\t\t\t<blockquote class=\"elementor-blockquote\">\n\t\t\t<p class=\"elementor-blockquote__content\">\n\t\t\t\t<i>\u00ab\u2009La Cour d\u2019appel avait limit\u00e9 l\u2019acc\u00e8s \u00e0 ces services aux demandeurs d\u2019asile ayant un permis de travail, mais la juge Karakatsanis a conclu qu\u2019une telle exigence n\u2019\u00e9tait pas n\u00e9cessaire.\u2009\u00bb<\/i>\t\t\t<\/p>\n\t\t\t\t\t\t\t<div class=\"e-q-footer\">\n\t\t\t\t\t\t\t\t\t\t\t<cite class=\"elementor-blockquote__author\">Cour supr\u00eame du Canada<\/cite>\n\t\t\t\t\t\t\t\t\t\t\t\t\t\t<\/div>\n\t\t\t\t\t<\/blockquote>\n\t\t\t\t\t\t<\/div>\n\t\t\t\t\t<\/div>\n\t\t\t\t<\/div>\n\t\t<div class=\"elementor-element elementor-element-8ee249f e-flex e-con-boxed e-con e-parent\" data-id=\"8ee249f\" data-element_type=\"container\" data-e-type=\"container\">\n\t\t\t\t\t<div class=\"e-con-inner\">\n\t\t\t\t<div class=\"elementor-element elementor-element-0269aca elementor-widget elementor-widget-text-editor\" data-id=\"0269aca\" data-element_type=\"widget\" data-e-type=\"widget\" data-widget_type=\"text-editor.default\">\n\t\t\t\t\t\t\t\t\t<div><p><span>Dernier point, et non des moindres, la Cour a rejet\u00e9 l\u2019id\u00e9e de conditionner l\u2019admissibilit\u00e9 des parents demandeurs d\u2019asile \u00e0 une exigence de permis de travail.<o:p><\/o:p><\/span><\/p><\/div>\t\t\t\t\t\t\t\t<\/div>\n\t\t\t\t\t<\/div>\n\t\t\t\t<\/div>\n\t\t<div class=\"elementor-element elementor-element-f92a678 e-flex e-con-boxed e-con e-parent\" data-id=\"f92a678\" data-element_type=\"container\" data-e-type=\"container\">\n\t\t\t\t\t<div class=\"e-con-inner\">\n\t\t\t\t<div class=\"elementor-element elementor-element-e42b8c8 elementor-widget elementor-widget-text-editor\" data-id=\"e42b8c8\" data-element_type=\"widget\" data-e-type=\"widget\" data-widget_type=\"text-editor.default\">\n\t\t\t\t\t\t\t\t\t<p><strong>Acc\u00e9der \u00e0 la d\u00e9cision <a href=\"https:\/\/www.scc-csc.ca\/fr\/judgments-jugements\/cb\/2026\/41210\/\" target=\"_blank\" rel=\"noopener\">Qu\u00e9bec (Procureur g\u00e9n\u00e9ral) c. Kanyinda<\/a>\u00a0du 6 mars 2026.<\/strong><\/p>\t\t\t\t\t\t\t\t<\/div>\n\t\t\t\t\t<\/div>\n\t\t\t\t<\/div>\n\t\t<div class=\"elementor-element elementor-element-22b9f42 e-flex e-con-boxed e-con e-parent\" data-id=\"22b9f42\" data-element_type=\"container\" data-e-type=\"container\">\n\t\t\t\t\t<div class=\"e-con-inner\">\n\t\t\t\t<div class=\"elementor-element elementor-element-3d2fa20 elementor-widget elementor-widget-text-editor\" data-id=\"3d2fa20\" data-element_type=\"widget\" data-e-type=\"widget\" data-widget_type=\"text-editor.default\">\n\t\t\t\t\t\t\t\t\t<p style=\"font-weight: 400;\"><em>Photo\u00a0: Frank McKenna<\/em><\/p>\t\t\t\t\t\t\t\t<\/div>\n\t\t\t\t\t<\/div>\n\t\t\t\t<\/div>\n\t\t\t\t<\/div>\n\t\t","protected":false},"excerpt":{"rendered":"<p>Cour supr\u00eame : Qu\u00e9bec ne peut exclure les demandeurs d\u2019asile des garderies subventionn\u00e9es, une mesure jug\u00e9e discriminatoire.<\/p>\n","protected":false},"author":3459,"featured_media":26000,"comment_status":"closed","ping_status":"closed","sticky":false,"template":"","format":"standard","meta":{"_acf_changed":false,"_genesis_hide_title":false,"_genesis_hide_breadcrumbs":false,"_genesis_hide_singular_image":false,"_genesis_hide_footer_widgets":false,"_genesis_custom_body_class":"","_genesis_custom_post_class":"","_genesis_layout":"","footnotes":""},"categories":[1],"tags":[],"class_list":{"0":"post-25999","1":"post","2":"type-post","3":"status-publish","4":"format-standard","5":"has-post-thumbnail","7":"category-actualites","8":"entry"},"acf":[],"yoast_head":"<!-- This site is optimized with the Yoast SEO plugin v27.5 - https:\/\/yoast.com\/product\/yoast-seo-wordpress\/ -->\n<title>La Cour supr\u00eame a tranch\u00e9 : les demandeurs d\u2019asile admissibles aux garderies subventionn\u00e9es au Qu\u00e9bec - Immigrant Qu\u00e9bec<\/title>\n<meta name=\"description\" content=\"Cour supr\u00eame : Qu\u00e9bec ne peut exclure les demandeurs d\u2019asile des garderies subventionn\u00e9es, une mesure jug\u00e9e discriminatoire.\" \/>\n<meta name=\"robots\" content=\"index, follow, max-snippet:-1, max-image-preview:large, max-video-preview:-1\" \/>\n<link rel=\"canonical\" href=\"https:\/\/immigrantquebec.com\/fr\/actualites\/la-cour-supreme-a-tranche-les-demandeurs-dasile-admissibles-aux-garderies-subventionnees-au-quebec\/\" \/>\n<meta property=\"og:locale\" content=\"fr_FR\" \/>\n<meta property=\"og:type\" content=\"article\" \/>\n<meta property=\"og:title\" content=\"La Cour supr\u00eame a tranch\u00e9 : les demandeurs d\u2019asile admissibles aux garderies subventionn\u00e9es au Qu\u00e9bec - Immigrant Qu\u00e9bec\" \/>\n<meta property=\"og:description\" content=\"Cour supr\u00eame : Qu\u00e9bec ne peut exclure les demandeurs d\u2019asile des garderies subventionn\u00e9es, une mesure jug\u00e9e discriminatoire.\" \/>\n<meta property=\"og:url\" content=\"https:\/\/immigrantquebec.com\/fr\/actualites\/la-cour-supreme-a-tranche-les-demandeurs-dasile-admissibles-aux-garderies-subventionnees-au-quebec\/\" \/>\n<meta property=\"og:site_name\" content=\"Immigrant Qu\u00e9bec\" \/>\n<meta property=\"article:publisher\" content=\"https:\/\/www.facebook.com\/immigrantquebec\" \/>\n<meta property=\"article:published_time\" content=\"2026-03-06T18:46:25+00:00\" \/>\n<meta property=\"article:modified_time\" content=\"2026-03-06T18:53:10+00:00\" \/>\n<meta property=\"og:image\" content=\"https:\/\/immigrantquebec.com\/fr\/wp-content\/uploads\/2026\/03\/frank-mckenna-slPwCK-2G04-unsplash-950.jpg\" \/>\n\t<meta property=\"og:image:width\" content=\"950\" \/>\n\t<meta property=\"og:image:height\" content=\"400\" \/>\n\t<meta property=\"og:image:type\" content=\"image\/jpeg\" \/>\n<meta name=\"author\" content=\"Basile Moratille\" \/>\n<meta name=\"twitter:label1\" content=\"\u00c9crit par\" \/>\n\t<meta name=\"twitter:data1\" content=\"Basile Moratille\" \/>\n\t<meta name=\"twitter:label2\" content=\"Dur\u00e9e de lecture estim\u00e9e\" \/>\n\t<meta name=\"twitter:data2\" content=\"2 minutes\" \/>\n<script type=\"application\/ld+json\" class=\"yoast-schema-graph\">{\"@context\":\"https:\\\/\\\/schema.org\",\"@graph\":[{\"@type\":\"Article\",\"@id\":\"https:\\\/\\\/immigrantquebec.com\\\/fr\\\/actualites\\\/la-cour-supreme-a-tranche-les-demandeurs-dasile-admissibles-aux-garderies-subventionnees-au-quebec\\\/#article\",\"isPartOf\":{\"@id\":\"https:\\\/\\\/immigrantquebec.com\\\/fr\\\/actualites\\\/la-cour-supreme-a-tranche-les-demandeurs-dasile-admissibles-aux-garderies-subventionnees-au-quebec\\\/\"},\"author\":{\"name\":\"Basile Moratille\",\"@id\":\"https:\\\/\\\/immigrantquebec.com\\\/fr\\\/#\\\/schema\\\/person\\\/eed5ca7ba2c1007e602ee9b9b87fb4b8\"},\"headline\":\"La Cour supr\u00eame a tranch\u00e9 : les demandeurs d\u2019asile admissibles aux garderies subventionn\u00e9es au Qu\u00e9bec\",\"datePublished\":\"2026-03-06T18:46:25+00:00\",\"dateModified\":\"2026-03-06T18:53:10+00:00\",\"mainEntityOfPage\":{\"@id\":\"https:\\\/\\\/immigrantquebec.com\\\/fr\\\/actualites\\\/la-cour-supreme-a-tranche-les-demandeurs-dasile-admissibles-aux-garderies-subventionnees-au-quebec\\\/\"},\"wordCount\":371,\"publisher\":{\"@id\":\"https:\\\/\\\/immigrantquebec.com\\\/fr\\\/#organization\"},\"image\":{\"@id\":\"https:\\\/\\\/immigrantquebec.com\\\/fr\\\/actualites\\\/la-cour-supreme-a-tranche-les-demandeurs-dasile-admissibles-aux-garderies-subventionnees-au-quebec\\\/#primaryimage\"},\"thumbnailUrl\":\"https:\\\/\\\/immigrantquebec.com\\\/fr\\\/wp-content\\\/uploads\\\/2026\\\/03\\\/frank-mckenna-slPwCK-2G04-unsplash-950.jpg\",\"articleSection\":[\"Actualit\u00e9s\"],\"inLanguage\":\"fr-FR\"},{\"@type\":\"WebPage\",\"@id\":\"https:\\\/\\\/immigrantquebec.com\\\/fr\\\/actualites\\\/la-cour-supreme-a-tranche-les-demandeurs-dasile-admissibles-aux-garderies-subventionnees-au-quebec\\\/\",\"url\":\"https:\\\/\\\/immigrantquebec.com\\\/fr\\\/actualites\\\/la-cour-supreme-a-tranche-les-demandeurs-dasile-admissibles-aux-garderies-subventionnees-au-quebec\\\/\",\"name\":\"La Cour supr\u00eame a tranch\u00e9 : les demandeurs d\u2019asile admissibles aux garderies subventionn\u00e9es au Qu\u00e9bec - Immigrant Qu\u00e9bec\",\"isPartOf\":{\"@id\":\"https:\\\/\\\/immigrantquebec.com\\\/fr\\\/#website\"},\"primaryImageOfPage\":{\"@id\":\"https:\\\/\\\/immigrantquebec.com\\\/fr\\\/actualites\\\/la-cour-supreme-a-tranche-les-demandeurs-dasile-admissibles-aux-garderies-subventionnees-au-quebec\\\/#primaryimage\"},\"image\":{\"@id\":\"https:\\\/\\\/immigrantquebec.com\\\/fr\\\/actualites\\\/la-cour-supreme-a-tranche-les-demandeurs-dasile-admissibles-aux-garderies-subventionnees-au-quebec\\\/#primaryimage\"},\"thumbnailUrl\":\"https:\\\/\\\/immigrantquebec.com\\\/fr\\\/wp-content\\\/uploads\\\/2026\\\/03\\\/frank-mckenna-slPwCK-2G04-unsplash-950.jpg\",\"datePublished\":\"2026-03-06T18:46:25+00:00\",\"dateModified\":\"2026-03-06T18:53:10+00:00\",\"description\":\"Cour supr\u00eame : Qu\u00e9bec ne peut exclure les demandeurs d\u2019asile des garderies subventionn\u00e9es, une mesure jug\u00e9e discriminatoire.\",\"breadcrumb\":{\"@id\":\"https:\\\/\\\/immigrantquebec.com\\\/fr\\\/actualites\\\/la-cour-supreme-a-tranche-les-demandeurs-dasile-admissibles-aux-garderies-subventionnees-au-quebec\\\/#breadcrumb\"},\"inLanguage\":\"fr-FR\",\"potentialAction\":[{\"@type\":\"ReadAction\",\"target\":[\"https:\\\/\\\/immigrantquebec.com\\\/fr\\\/actualites\\\/la-cour-supreme-a-tranche-les-demandeurs-dasile-admissibles-aux-garderies-subventionnees-au-quebec\\\/\"]}]},{\"@type\":\"ImageObject\",\"inLanguage\":\"fr-FR\",\"@id\":\"https:\\\/\\\/immigrantquebec.com\\\/fr\\\/actualites\\\/la-cour-supreme-a-tranche-les-demandeurs-dasile-admissibles-aux-garderies-subventionnees-au-quebec\\\/#primaryimage\",\"url\":\"https:\\\/\\\/immigrantquebec.com\\\/fr\\\/wp-content\\\/uploads\\\/2026\\\/03\\\/frank-mckenna-slPwCK-2G04-unsplash-950.jpg\",\"contentUrl\":\"https:\\\/\\\/immigrantquebec.com\\\/fr\\\/wp-content\\\/uploads\\\/2026\\\/03\\\/frank-mckenna-slPwCK-2G04-unsplash-950.jpg\",\"width\":950,\"height\":400},{\"@type\":\"BreadcrumbList\",\"@id\":\"https:\\\/\\\/immigrantquebec.com\\\/fr\\\/actualites\\\/la-cour-supreme-a-tranche-les-demandeurs-dasile-admissibles-aux-garderies-subventionnees-au-quebec\\\/#breadcrumb\",\"itemListElement\":[{\"@type\":\"ListItem\",\"position\":1,\"name\":\"Accueil\",\"item\":\"https:\\\/\\\/immigrantquebec.com\\\/fr\\\/\"},{\"@type\":\"ListItem\",\"position\":2,\"name\":\"Actualit\u00e9s\",\"item\":\"https:\\\/\\\/immigrantquebec.com\\\/fr\\\/actualites\\\/\"},{\"@type\":\"ListItem\",\"position\":3,\"name\":\"La Cour supr\u00eame a tranch\u00e9 : les demandeurs d\u2019asile admissibles aux garderies subventionn\u00e9es au Qu\u00e9bec\"}]},{\"@type\":\"WebSite\",\"@id\":\"https:\\\/\\\/immigrantquebec.com\\\/fr\\\/#website\",\"url\":\"https:\\\/\\\/immigrantquebec.com\\\/fr\\\/\",\"name\":\"Immigrant Qu\u00e9bec\",\"description\":\"Immigrer, vivre, travailler et \u00e9tudier au Qu\u00e9bec, Canada\",\"publisher\":{\"@id\":\"https:\\\/\\\/immigrantquebec.com\\\/fr\\\/#organization\"},\"potentialAction\":[{\"@type\":\"SearchAction\",\"target\":{\"@type\":\"EntryPoint\",\"urlTemplate\":\"https:\\\/\\\/immigrantquebec.com\\\/fr\\\/?s={search_term_string}\"},\"query-input\":{\"@type\":\"PropertyValueSpecification\",\"valueRequired\":true,\"valueName\":\"search_term_string\"}}],\"inLanguage\":\"fr-FR\"},{\"@type\":\"Organization\",\"@id\":\"https:\\\/\\\/immigrantquebec.com\\\/fr\\\/#organization\",\"name\":\"Immigrant Qu\u00e9bec\",\"url\":\"https:\\\/\\\/immigrantquebec.com\\\/fr\\\/\",\"logo\":{\"@type\":\"ImageObject\",\"inLanguage\":\"fr-FR\",\"@id\":\"https:\\\/\\\/immigrantquebec.com\\\/fr\\\/#\\\/schema\\\/logo\\\/image\\\/\",\"url\":\"https:\\\/\\\/immigrantquebec.com\\\/fr\\\/wp-content\\\/uploads\\\/2024\\\/03\\\/LogoIQ-2024-RVB.png\",\"contentUrl\":\"https:\\\/\\\/immigrantquebec.com\\\/fr\\\/wp-content\\\/uploads\\\/2024\\\/03\\\/LogoIQ-2024-RVB.png\",\"width\":2500,\"height\":1137,\"caption\":\"Immigrant Qu\u00e9bec\"},\"image\":{\"@id\":\"https:\\\/\\\/immigrantquebec.com\\\/fr\\\/#\\\/schema\\\/logo\\\/image\\\/\"},\"sameAs\":[\"https:\\\/\\\/www.facebook.com\\\/immigrantquebec\",\"https:\\\/\\\/x.com\\\/ImmigrantQuebec\",\"https:\\\/\\\/www.instagram.com\\\/immigrantquebec\",\"https:\\\/\\\/www.youtube.com\\\/user\\\/ImmigrantQc\"]},{\"@type\":\"Person\",\"@id\":\"https:\\\/\\\/immigrantquebec.com\\\/fr\\\/#\\\/schema\\\/person\\\/eed5ca7ba2c1007e602ee9b9b87fb4b8\",\"name\":\"Basile Moratille\",\"image\":{\"@type\":\"ImageObject\",\"inLanguage\":\"fr-FR\",\"@id\":\"https:\\\/\\\/secure.gravatar.com\\\/avatar\\\/639aa731bb7134a1e944526697fe0549d67ab17e00987171296fb5362fc909e9?s=96&d=mm&r=g\",\"url\":\"https:\\\/\\\/secure.gravatar.com\\\/avatar\\\/639aa731bb7134a1e944526697fe0549d67ab17e00987171296fb5362fc909e9?s=96&d=mm&r=g\",\"contentUrl\":\"https:\\\/\\\/secure.gravatar.com\\\/avatar\\\/639aa731bb7134a1e944526697fe0549d67ab17e00987171296fb5362fc909e9?s=96&d=mm&r=g\",\"caption\":\"Basile Moratille\"},\"description\":\"Directeur des contenus et des publications, Immigrant Qu\u00e9bec.\",\"url\":\"https:\\\/\\\/immigrantquebec.com\\\/fr\\\/author\\\/basile-moratilleimmigrantquebec-com\\\/\"}]}<\/script>\n<!-- \/ Yoast SEO plugin. -->","yoast_head_json":{"title":"La Cour supr\u00eame a tranch\u00e9 : les demandeurs d\u2019asile admissibles aux garderies subventionn\u00e9es au Qu\u00e9bec - Immigrant Qu\u00e9bec","description":"Cour supr\u00eame : Qu\u00e9bec ne peut exclure les demandeurs d\u2019asile des garderies subventionn\u00e9es, une mesure jug\u00e9e discriminatoire.","robots":{"index":"index","follow":"follow","max-snippet":"max-snippet:-1","max-image-preview":"max-image-preview:large","max-video-preview":"max-video-preview:-1"},"canonical":"https:\/\/immigrantquebec.com\/fr\/actualites\/la-cour-supreme-a-tranche-les-demandeurs-dasile-admissibles-aux-garderies-subventionnees-au-quebec\/","og_locale":"fr_FR","og_type":"article","og_title":"La Cour supr\u00eame a tranch\u00e9 : les demandeurs d\u2019asile admissibles aux garderies subventionn\u00e9es au Qu\u00e9bec - Immigrant Qu\u00e9bec","og_description":"Cour supr\u00eame : Qu\u00e9bec ne peut exclure les demandeurs d\u2019asile des garderies subventionn\u00e9es, une mesure jug\u00e9e discriminatoire.","og_url":"https:\/\/immigrantquebec.com\/fr\/actualites\/la-cour-supreme-a-tranche-les-demandeurs-dasile-admissibles-aux-garderies-subventionnees-au-quebec\/","og_site_name":"Immigrant Qu\u00e9bec","article_publisher":"https:\/\/www.facebook.com\/immigrantquebec","article_published_time":"2026-03-06T18:46:25+00:00","article_modified_time":"2026-03-06T18:53:10+00:00","og_image":[{"width":950,"height":400,"url":"https:\/\/immigrantquebec.com\/fr\/wp-content\/uploads\/2026\/03\/frank-mckenna-slPwCK-2G04-unsplash-950.jpg","type":"image\/jpeg"}],"author":"Basile Moratille","twitter_misc":{"\u00c9crit par":"Basile Moratille","Dur\u00e9e de lecture estim\u00e9e":"2 minutes"},"schema":{"@context":"https:\/\/schema.org","@graph":[{"@type":"Article","@id":"https:\/\/immigrantquebec.com\/fr\/actualites\/la-cour-supreme-a-tranche-les-demandeurs-dasile-admissibles-aux-garderies-subventionnees-au-quebec\/#article","isPartOf":{"@id":"https:\/\/immigrantquebec.com\/fr\/actualites\/la-cour-supreme-a-tranche-les-demandeurs-dasile-admissibles-aux-garderies-subventionnees-au-quebec\/"},"author":{"name":"Basile Moratille","@id":"https:\/\/immigrantquebec.com\/fr\/#\/schema\/person\/eed5ca7ba2c1007e602ee9b9b87fb4b8"},"headline":"La Cour supr\u00eame a tranch\u00e9 : les demandeurs d\u2019asile admissibles aux garderies subventionn\u00e9es au Qu\u00e9bec","datePublished":"2026-03-06T18:46:25+00:00","dateModified":"2026-03-06T18:53:10+00:00","mainEntityOfPage":{"@id":"https:\/\/immigrantquebec.com\/fr\/actualites\/la-cour-supreme-a-tranche-les-demandeurs-dasile-admissibles-aux-garderies-subventionnees-au-quebec\/"},"wordCount":371,"publisher":{"@id":"https:\/\/immigrantquebec.com\/fr\/#organization"},"image":{"@id":"https:\/\/immigrantquebec.com\/fr\/actualites\/la-cour-supreme-a-tranche-les-demandeurs-dasile-admissibles-aux-garderies-subventionnees-au-quebec\/#primaryimage"},"thumbnailUrl":"https:\/\/immigrantquebec.com\/fr\/wp-content\/uploads\/2026\/03\/frank-mckenna-slPwCK-2G04-unsplash-950.jpg","articleSection":["Actualit\u00e9s"],"inLanguage":"fr-FR"},{"@type":"WebPage","@id":"https:\/\/immigrantquebec.com\/fr\/actualites\/la-cour-supreme-a-tranche-les-demandeurs-dasile-admissibles-aux-garderies-subventionnees-au-quebec\/","url":"https:\/\/immigrantquebec.com\/fr\/actualites\/la-cour-supreme-a-tranche-les-demandeurs-dasile-admissibles-aux-garderies-subventionnees-au-quebec\/","name":"La Cour supr\u00eame a tranch\u00e9 : les demandeurs d\u2019asile admissibles aux garderies subventionn\u00e9es au Qu\u00e9bec - Immigrant Qu\u00e9bec","isPartOf":{"@id":"https:\/\/immigrantquebec.com\/fr\/#website"},"primaryImageOfPage":{"@id":"https:\/\/immigrantquebec.com\/fr\/actualites\/la-cour-supreme-a-tranche-les-demandeurs-dasile-admissibles-aux-garderies-subventionnees-au-quebec\/#primaryimage"},"image":{"@id":"https:\/\/immigrantquebec.com\/fr\/actualites\/la-cour-supreme-a-tranche-les-demandeurs-dasile-admissibles-aux-garderies-subventionnees-au-quebec\/#primaryimage"},"thumbnailUrl":"https:\/\/immigrantquebec.com\/fr\/wp-content\/uploads\/2026\/03\/frank-mckenna-slPwCK-2G04-unsplash-950.jpg","datePublished":"2026-03-06T18:46:25+00:00","dateModified":"2026-03-06T18:53:10+00:00","description":"Cour supr\u00eame : Qu\u00e9bec ne peut exclure les demandeurs d\u2019asile des garderies subventionn\u00e9es, une mesure jug\u00e9e discriminatoire.","breadcrumb":{"@id":"https:\/\/immigrantquebec.com\/fr\/actualites\/la-cour-supreme-a-tranche-les-demandeurs-dasile-admissibles-aux-garderies-subventionnees-au-quebec\/#breadcrumb"},"inLanguage":"fr-FR","potentialAction":[{"@type":"ReadAction","target":["https:\/\/immigrantquebec.com\/fr\/actualites\/la-cour-supreme-a-tranche-les-demandeurs-dasile-admissibles-aux-garderies-subventionnees-au-quebec\/"]}]},{"@type":"ImageObject","inLanguage":"fr-FR","@id":"https:\/\/immigrantquebec.com\/fr\/actualites\/la-cour-supreme-a-tranche-les-demandeurs-dasile-admissibles-aux-garderies-subventionnees-au-quebec\/#primaryimage","url":"https:\/\/immigrantquebec.com\/fr\/wp-content\/uploads\/2026\/03\/frank-mckenna-slPwCK-2G04-unsplash-950.jpg","contentUrl":"https:\/\/immigrantquebec.com\/fr\/wp-content\/uploads\/2026\/03\/frank-mckenna-slPwCK-2G04-unsplash-950.jpg","width":950,"height":400},{"@type":"BreadcrumbList","@id":"https:\/\/immigrantquebec.com\/fr\/actualites\/la-cour-supreme-a-tranche-les-demandeurs-dasile-admissibles-aux-garderies-subventionnees-au-quebec\/#breadcrumb","itemListElement":[{"@type":"ListItem","position":1,"name":"Accueil","item":"https:\/\/immigrantquebec.com\/fr\/"},{"@type":"ListItem","position":2,"name":"Actualit\u00e9s","item":"https:\/\/immigrantquebec.com\/fr\/actualites\/"},{"@type":"ListItem","position":3,"name":"La Cour supr\u00eame a tranch\u00e9 : les demandeurs d\u2019asile admissibles aux garderies subventionn\u00e9es au Qu\u00e9bec"}]},{"@type":"WebSite","@id":"https:\/\/immigrantquebec.com\/fr\/#website","url":"https:\/\/immigrantquebec.com\/fr\/","name":"Immigrant Qu\u00e9bec","description":"Immigrer, vivre, travailler et \u00e9tudier au Qu\u00e9bec, Canada","publisher":{"@id":"https:\/\/immigrantquebec.com\/fr\/#organization"},"potentialAction":[{"@type":"SearchAction","target":{"@type":"EntryPoint","urlTemplate":"https:\/\/immigrantquebec.com\/fr\/?s={search_term_string}"},"query-input":{"@type":"PropertyValueSpecification","valueRequired":true,"valueName":"search_term_string"}}],"inLanguage":"fr-FR"},{"@type":"Organization","@id":"https:\/\/immigrantquebec.com\/fr\/#organization","name":"Immigrant Qu\u00e9bec","url":"https:\/\/immigrantquebec.com\/fr\/","logo":{"@type":"ImageObject","inLanguage":"fr-FR","@id":"https:\/\/immigrantquebec.com\/fr\/#\/schema\/logo\/image\/","url":"https:\/\/immigrantquebec.com\/fr\/wp-content\/uploads\/2024\/03\/LogoIQ-2024-RVB.png","contentUrl":"https:\/\/immigrantquebec.com\/fr\/wp-content\/uploads\/2024\/03\/LogoIQ-2024-RVB.png","width":2500,"height":1137,"caption":"Immigrant Qu\u00e9bec"},"image":{"@id":"https:\/\/immigrantquebec.com\/fr\/#\/schema\/logo\/image\/"},"sameAs":["https:\/\/www.facebook.com\/immigrantquebec","https:\/\/x.com\/ImmigrantQuebec","https:\/\/www.instagram.com\/immigrantquebec","https:\/\/www.youtube.com\/user\/ImmigrantQc"]},{"@type":"Person","@id":"https:\/\/immigrantquebec.com\/fr\/#\/schema\/person\/eed5ca7ba2c1007e602ee9b9b87fb4b8","name":"Basile Moratille","image":{"@type":"ImageObject","inLanguage":"fr-FR","@id":"https:\/\/secure.gravatar.com\/avatar\/639aa731bb7134a1e944526697fe0549d67ab17e00987171296fb5362fc909e9?s=96&d=mm&r=g","url":"https:\/\/secure.gravatar.com\/avatar\/639aa731bb7134a1e944526697fe0549d67ab17e00987171296fb5362fc909e9?s=96&d=mm&r=g","contentUrl":"https:\/\/secure.gravatar.com\/avatar\/639aa731bb7134a1e944526697fe0549d67ab17e00987171296fb5362fc909e9?s=96&d=mm&r=g","caption":"Basile Moratille"},"description":"Directeur des contenus et des publications, Immigrant Qu\u00e9bec.","url":"https:\/\/immigrantquebec.com\/fr\/author\/basile-moratilleimmigrantquebec-com\/"}]}},"_links":{"self":[{"href":"https:\/\/immigrantquebec.com\/fr\/wp-json\/wp\/v2\/posts\/25999","targetHints":{"allow":["GET"]}}],"collection":[{"href":"https:\/\/immigrantquebec.com\/fr\/wp-json\/wp\/v2\/posts"}],"about":[{"href":"https:\/\/immigrantquebec.com\/fr\/wp-json\/wp\/v2\/types\/post"}],"author":[{"embeddable":true,"href":"https:\/\/immigrantquebec.com\/fr\/wp-json\/wp\/v2\/users\/3459"}],"replies":[{"embeddable":true,"href":"https:\/\/immigrantquebec.com\/fr\/wp-json\/wp\/v2\/comments?post=25999"}],"version-history":[{"count":10,"href":"https:\/\/immigrantquebec.com\/fr\/wp-json\/wp\/v2\/posts\/25999\/revisions"}],"predecessor-version":[{"id":26012,"href":"https:\/\/immigrantquebec.com\/fr\/wp-json\/wp\/v2\/posts\/25999\/revisions\/26012"}],"wp:featuredmedia":[{"embeddable":true,"href":"https:\/\/immigrantquebec.com\/fr\/wp-json\/wp\/v2\/media\/26000"}],"wp:attachment":[{"href":"https:\/\/immigrantquebec.com\/fr\/wp-json\/wp\/v2\/media?parent=25999"}],"wp:term":[{"taxonomy":"category","embeddable":true,"href":"https:\/\/immigrantquebec.com\/fr\/wp-json\/wp\/v2\/categories?post=25999"},{"taxonomy":"post_tag","embeddable":true,"href":"https:\/\/immigrantquebec.com\/fr\/wp-json\/wp\/v2\/tags?post=25999"}],"curies":[{"name":"wp","href":"https:\/\/api.w.org\/{rel}","templated":true}]}}