{"id":26072,"date":"2026-03-13T14:55:37","date_gmt":"2026-03-13T18:55:37","guid":{"rendered":"https:\/\/immigrantquebec.com\/fr\/?p=26072"},"modified":"2026-03-25T13:47:42","modified_gmt":"2026-03-25T17:47:42","slug":"ottawa-prolonge-jusqua-12-mois-le-permis-de-travail-de-certains-travailleurs-temporaires-au-quebec","status":"publish","type":"post","link":"https:\/\/immigrantquebec.com\/fr\/actualites\/ottawa-prolonge-jusqua-12-mois-le-permis-de-travail-de-certains-travailleurs-temporaires-au-quebec\/","title":{"rendered":"Ottawa prolonge jusqu\u2019\u00e0 12 mois le permis de travail de certains travailleurs temporaires au Qu\u00e9bec"},"content":{"rendered":"\t\t<div data-elementor-type=\"wp-post\" data-elementor-id=\"26072\" class=\"elementor elementor-26072\" data-elementor-post-type=\"post\">\n\t\t\t\t<div class=\"elementor-element elementor-element-d02c5d1 e-flex e-con-boxed e-con e-parent\" data-id=\"d02c5d1\" data-element_type=\"container\" data-e-type=\"container\">\n\t\t\t\t\t<div class=\"e-con-inner\">\n\t\t\t\t<div class=\"elementor-element elementor-element-fe3c910 elementor-widget elementor-widget-spacer\" data-id=\"fe3c910\" data-element_type=\"widget\" data-e-type=\"widget\" data-widget_type=\"spacer.default\">\n\t\t\t\t\t\t\t<div class=\"elementor-spacer\">\n\t\t\t<div class=\"elementor-spacer-inner\"><\/div>\n\t\t<\/div>\n\t\t\t\t\t\t<\/div>\n\t\t\t\t<div class=\"elementor-element elementor-element-d5a9a56 elementor-widget elementor-widget-text-editor\" data-id=\"d5a9a56\" data-element_type=\"widget\" data-e-type=\"widget\" data-widget_type=\"text-editor.default\">\n\t\t\t\t\t\t\t\t\t<div><i><span>Dans un communiqu\u00e9 du 13\u00a0mars 2026, Immigration, R\u00e9fugi\u00e9s et Citoyennet\u00e9 Canada (IRCC), par la voix du ministre de la Transformation du gouvernement, des Travaux publics et de l\u2019Approvisionnement, a annonc\u00e9 une mesure temporaire pour aider le Qu\u00e9bec \u00e0 retenir certains travailleurs \u00e9trangers temporaires \u2014 et ainsi \u00ab\u2009veiller \u00e0 ce que les efforts en mati\u00e8re d\u2019immigration soient concentr\u00e9s l\u00e0\u00a0o\u00f9 ils sont le plus efficaces\u2009\u00bb.<\/span><\/i><\/div>\t\t\t\t\t\t\t\t<\/div>\n\t\t\t\t\t<\/div>\n\t\t\t\t<\/div>\n\t\t<div class=\"elementor-element elementor-element-dd540d4 e-flex e-con-boxed e-con e-parent\" data-id=\"dd540d4\" data-element_type=\"container\" data-e-type=\"container\">\n\t\t\t\t\t<div class=\"e-con-inner\">\n\t\t\t\t<div class=\"elementor-element elementor-element-bfd0618 elementor-widget elementor-widget-text-editor\" data-id=\"bfd0618\" data-element_type=\"widget\" data-e-type=\"widget\" data-widget_type=\"text-editor.default\">\n\t\t\t\t\t\t\t\t\t<p style=\"font-weight: 400;\"><span>Les travailleurs \u00e9trangers temporaires admissibles au Qu\u00e9bec pourront ainsi prolonger leur emploi aupr\u00e8s du m\u00eame employeur pour une dur\u00e9e maximale de 12\u00a0mois, gr\u00e2ce \u00e0 un permis de travail ferm\u00e9 d\u00e9livr\u00e9 dans le Programme de mobilit\u00e9 internationale (PMI).<\/span><span>\u00a0<\/span><\/p><p><span style=\"font-weight: 400;\">L\u2019objectif d\u2019IRCC est de \u00ab\u2009maximiser le taux de transition \u00e0 la r\u00e9sidence permanente des travailleurs qualifi\u00e9s qui vivent au Canada depuis longtemps\u2009\u00bb, en \u00e9vitant des ruptures d\u2019emploi pendant que le Qu\u00e9bec examine l\u2019admissibilit\u00e9 au Certificat de s\u00e9lection du Qu\u00e9bec (CSQ).<\/span><\/p>\t\t\t\t\t\t\t\t<\/div>\n\t\t\t\t\t<\/div>\n\t\t\t\t<\/div>\n\t\t<div class=\"elementor-element elementor-element-b06824b e-flex e-con-boxed e-con e-parent\" data-id=\"b06824b\" data-element_type=\"container\" data-e-type=\"container\">\n\t\t\t\t\t<div class=\"e-con-inner\">\n\t\t\t\t<div class=\"elementor-element elementor-element-a8b6c79 elementor-blockquote--skin-boxed elementor-widget elementor-widget-blockquote\" data-id=\"a8b6c79\" data-element_type=\"widget\" data-e-type=\"widget\" data-widget_type=\"blockquote.default\">\n\t\t\t\t\t\t\t<blockquote class=\"elementor-blockquote\">\n\t\t\t<p class=\"elementor-blockquote__content\">\n\t\t\t\t<i>Les demandes pourront \u00eatre soumises jusqu\u2019au 31 d\u00e9cembre 2026, avec traitement acc\u00e9l\u00e9r\u00e9. Ce nouveau permis temporaire relevant du PMI, il sera possible d\u2019en faire la demande directement \u00e0 IRCC, sans passer par le gouvernement du Qu\u00e9bec.<\/i>\t\t\t<\/p>\n\t\t\t\t\t<\/blockquote>\n\t\t\t\t\t\t<\/div>\n\t\t\t\t\t<\/div>\n\t\t\t\t<\/div>\n\t\t<div class=\"elementor-element elementor-element-89cf262 e-flex e-con-boxed e-con e-parent\" data-id=\"89cf262\" data-element_type=\"container\" data-e-type=\"container\">\n\t\t\t\t\t<div class=\"e-con-inner\">\n\t\t\t\t<div class=\"elementor-element elementor-element-7541569 elementor-widget elementor-widget-text-editor\" data-id=\"7541569\" data-element_type=\"widget\" data-e-type=\"widget\" data-widget_type=\"text-editor.default\">\n\t\t\t\t\t\t\t\t\t<p style=\"font-weight: 400;\">Pour \u00eatre vis\u00e9s, les travailleurs doivent :<\/p><ul><li>Avoir re\u00e7u une invitation \u00e0 pr\u00e9senter une demande de s\u00e9lection permanente du Qu\u00e9bec dans le Programme de s\u00e9lection des travailleurs qualifi\u00e9s (PSTQ), et<\/li><li>Avoir pr\u00e9sent\u00e9 une demande de s\u00e9lection permanente dans le PSTQ.<\/li><\/ul>\t\t\t\t\t\t\t\t<\/div>\n\t\t\t\t\t<\/div>\n\t\t\t\t<\/div>\n\t\t<div class=\"elementor-element elementor-element-9ab1a2f e-flex e-con-boxed e-con e-parent\" data-id=\"9ab1a2f\" data-element_type=\"container\" data-e-type=\"container\">\n\t\t\t\t\t<div class=\"e-con-inner\">\n\t\t\t\t<div class=\"elementor-element elementor-element-e8803b3 elementor-widget elementor-widget-text-editor\" data-id=\"e8803b3\" data-element_type=\"widget\" data-e-type=\"widget\" data-widget_type=\"text-editor.default\">\n\t\t\t\t\t\t\t\t\t<p style=\"font-weight: 400;\"><span>D\u2019autre part, ils doivent d\u00e9tenir un permis de travail li\u00e9 \u00e0 un employeur (sous PTET ou PMI invariablement), dont la date d\u2019expiration est comprise entre le 13\u00a0mars 2026 et le 31\u00a0d\u00e9cembre 2026.<\/span><\/p>\t\t\t\t\t\t\t\t<\/div>\n\t\t\t\t\t<\/div>\n\t\t\t\t<\/div>\n\t\t<div class=\"elementor-element elementor-element-997736d e-flex e-con-boxed e-con e-parent\" data-id=\"997736d\" data-element_type=\"container\" data-e-type=\"container\">\n\t\t\t\t\t<div class=\"e-con-inner\">\n\t\t\t\t<div class=\"elementor-element elementor-element-fd7356d elementor-widget elementor-widget-text-editor\" data-id=\"fd7356d\" data-element_type=\"widget\" data-e-type=\"widget\" data-widget_type=\"text-editor.default\">\n\t\t\t\t\t\t\t\t\t<p style=\"font-weight: 400;\"><strong><span>Attention\u00a0:<\/span><\/strong><span> Les personnes devront pr\u00e9senter leur demande de prolongation de permis de travail avant l\u2019expiration de leur permis actuel.<\/span><\/p>\t\t\t\t\t\t\t\t<\/div>\n\t\t\t\t\t<\/div>\n\t\t\t\t<\/div>\n\t\t<div class=\"elementor-element elementor-element-2fc40e8 e-flex e-con-boxed e-con e-parent\" data-id=\"2fc40e8\" data-element_type=\"container\" data-e-type=\"container\">\n\t\t\t\t\t<div class=\"e-con-inner\">\n\t\t\t\t<div class=\"elementor-element elementor-element-c71f2ac elementor-widget elementor-widget-text-editor\" data-id=\"c71f2ac\" data-element_type=\"widget\" data-e-type=\"widget\" data-widget_type=\"text-editor.default\">\n\t\t\t\t\t\t\t\t\t<p style=\"font-weight: 400;\"><span><strong><a href=\"https:\/\/www.canada.ca\/fr\/immigration-refugies-citoyennete\/nouvelles\/2026\/03\/nouvelle-mesure-dimmigration-pour-appuyer-les-travailleurs-et-les-employeurs-du-quebec.html\" target=\"_blank\" rel=\"noopener\">Acc\u00e9der au communiqu\u00e9 d\u2019IRCC du 13\u00a0mars 2026<\/a><\/strong><\/span><strong><span>.<\/span><\/strong><\/p>\t\t\t\t\t\t\t\t<\/div>\n\t\t\t\t\t<\/div>\n\t\t\t\t<\/div>\n\t\t<div class=\"elementor-element elementor-element-ba3a0ff e-flex e-con-boxed e-con e-parent\" data-id=\"ba3a0ff\" data-element_type=\"container\" data-e-type=\"container\">\n\t\t\t\t\t<div class=\"e-con-inner\">\n\t\t\t\t<div class=\"elementor-element elementor-element-220373b elementor-widget elementor-widget-text-editor\" data-id=\"220373b\" data-element_type=\"widget\" data-e-type=\"widget\" data-widget_type=\"text-editor.default\">\n\t\t\t\t\t\t\t\t\t<p style=\"font-weight: 400;\"><em><span>Photo : Vince Fleming<\/span><\/em><\/p>\t\t\t\t\t\t\t\t<\/div>\n\t\t\t\t\t<\/div>\n\t\t\t\t<\/div>\n\t\t\t\t<\/div>\n\t\t","protected":false},"excerpt":{"rendered":"<p>Nouvelle mesure temporaire au Qu\u00e9bec et prolongation de 12 mois de leur permis de travail pour certains travailleurs temporaires.<\/p>\n","protected":false},"author":3459,"featured_media":26073,"comment_status":"closed","ping_status":"closed","sticky":false,"template":"","format":"standard","meta":{"_acf_changed":false,"_genesis_hide_title":false,"_genesis_hide_breadcrumbs":false,"_genesis_hide_singular_image":false,"_genesis_hide_footer_widgets":false,"_genesis_custom_body_class":"","_genesis_custom_post_class":"","_genesis_layout":"","footnotes":""},"categories":[1],"tags":[],"class_list":{"0":"post-26072","1":"post","2":"type-post","3":"status-publish","4":"format-standard","5":"has-post-thumbnail","7":"category-actualites","8":"entry"},"acf":[],"yoast_head":"<!-- This site is optimized with the Yoast SEO plugin v27.5 - https:\/\/yoast.com\/product\/yoast-seo-wordpress\/ -->\n<title>Ottawa prolonge jusqu\u2019\u00e0 12 mois le permis de travail de certains travailleurs temporaires au Qu\u00e9bec - Immigrant Qu\u00e9bec<\/title>\n<meta name=\"description\" content=\"Nouvelle mesure temporaire au Qu\u00e9bec et prolongation de 12 mois de leur permis de travail pour certains travailleurs temporaires.\" \/>\n<meta name=\"robots\" content=\"index, follow, max-snippet:-1, max-image-preview:large, max-video-preview:-1\" \/>\n<link rel=\"canonical\" href=\"https:\/\/immigrantquebec.com\/fr\/actualites\/ottawa-prolonge-jusqua-12-mois-le-permis-de-travail-de-certains-travailleurs-temporaires-au-quebec\/\" \/>\n<meta property=\"og:locale\" content=\"fr_FR\" \/>\n<meta property=\"og:type\" content=\"article\" \/>\n<meta property=\"og:title\" content=\"Ottawa prolonge jusqu\u2019\u00e0 12 mois le permis de travail de certains travailleurs temporaires au Qu\u00e9bec - Immigrant Qu\u00e9bec\" \/>\n<meta property=\"og:description\" content=\"Nouvelle mesure temporaire au Qu\u00e9bec et prolongation de 12 mois de leur permis de travail pour certains travailleurs temporaires.\" \/>\n<meta property=\"og:url\" content=\"https:\/\/immigrantquebec.com\/fr\/actualites\/ottawa-prolonge-jusqua-12-mois-le-permis-de-travail-de-certains-travailleurs-temporaires-au-quebec\/\" \/>\n<meta property=\"og:site_name\" content=\"Immigrant Qu\u00e9bec\" \/>\n<meta property=\"article:publisher\" content=\"https:\/\/www.facebook.com\/immigrantquebec\" \/>\n<meta property=\"article:published_time\" content=\"2026-03-13T18:55:37+00:00\" \/>\n<meta property=\"article:modified_time\" content=\"2026-03-25T17:47:42+00:00\" \/>\n<meta property=\"og:image\" content=\"https:\/\/immigrantquebec.com\/fr\/wp-content\/uploads\/2026\/03\/vince-fleming-2sOOyfWKkpo-unsplash-950.jpg\" \/>\n\t<meta property=\"og:image:width\" content=\"950\" \/>\n\t<meta property=\"og:image:height\" content=\"400\" \/>\n\t<meta property=\"og:image:type\" content=\"image\/jpeg\" \/>\n<meta name=\"author\" content=\"Basile Moratille\" \/>\n<meta name=\"twitter:label1\" content=\"\u00c9crit par\" \/>\n\t<meta name=\"twitter:data1\" content=\"Basile Moratille\" \/>\n\t<meta name=\"twitter:label2\" content=\"Dur\u00e9e de lecture estim\u00e9e\" \/>\n\t<meta name=\"twitter:data2\" content=\"2 minutes\" \/>\n<script type=\"application\/ld+json\" class=\"yoast-schema-graph\">{\"@context\":\"https:\\\/\\\/schema.org\",\"@graph\":[{\"@type\":\"Article\",\"@id\":\"https:\\\/\\\/immigrantquebec.com\\\/fr\\\/actualites\\\/ottawa-prolonge-jusqua-12-mois-le-permis-de-travail-de-certains-travailleurs-temporaires-au-quebec\\\/#article\",\"isPartOf\":{\"@id\":\"https:\\\/\\\/immigrantquebec.com\\\/fr\\\/actualites\\\/ottawa-prolonge-jusqua-12-mois-le-permis-de-travail-de-certains-travailleurs-temporaires-au-quebec\\\/\"},\"author\":{\"name\":\"Basile Moratille\",\"@id\":\"https:\\\/\\\/immigrantquebec.com\\\/fr\\\/#\\\/schema\\\/person\\\/eed5ca7ba2c1007e602ee9b9b87fb4b8\"},\"headline\":\"Ottawa prolonge jusqu\u2019\u00e0 12 mois le permis de travail de certains travailleurs temporaires au Qu\u00e9bec\",\"datePublished\":\"2026-03-13T18:55:37+00:00\",\"dateModified\":\"2026-03-25T17:47:42+00:00\",\"mainEntityOfPage\":{\"@id\":\"https:\\\/\\\/immigrantquebec.com\\\/fr\\\/actualites\\\/ottawa-prolonge-jusqua-12-mois-le-permis-de-travail-de-certains-travailleurs-temporaires-au-quebec\\\/\"},\"wordCount\":323,\"publisher\":{\"@id\":\"https:\\\/\\\/immigrantquebec.com\\\/fr\\\/#organization\"},\"image\":{\"@id\":\"https:\\\/\\\/immigrantquebec.com\\\/fr\\\/actualites\\\/ottawa-prolonge-jusqua-12-mois-le-permis-de-travail-de-certains-travailleurs-temporaires-au-quebec\\\/#primaryimage\"},\"thumbnailUrl\":\"https:\\\/\\\/immigrantquebec.com\\\/fr\\\/wp-content\\\/uploads\\\/2026\\\/03\\\/vince-fleming-2sOOyfWKkpo-unsplash-950.jpg\",\"articleSection\":[\"Actualit\u00e9s\"],\"inLanguage\":\"fr-FR\"},{\"@type\":\"WebPage\",\"@id\":\"https:\\\/\\\/immigrantquebec.com\\\/fr\\\/actualites\\\/ottawa-prolonge-jusqua-12-mois-le-permis-de-travail-de-certains-travailleurs-temporaires-au-quebec\\\/\",\"url\":\"https:\\\/\\\/immigrantquebec.com\\\/fr\\\/actualites\\\/ottawa-prolonge-jusqua-12-mois-le-permis-de-travail-de-certains-travailleurs-temporaires-au-quebec\\\/\",\"name\":\"Ottawa prolonge jusqu\u2019\u00e0 12 mois le permis de travail de certains travailleurs temporaires au Qu\u00e9bec - Immigrant Qu\u00e9bec\",\"isPartOf\":{\"@id\":\"https:\\\/\\\/immigrantquebec.com\\\/fr\\\/#website\"},\"primaryImageOfPage\":{\"@id\":\"https:\\\/\\\/immigrantquebec.com\\\/fr\\\/actualites\\\/ottawa-prolonge-jusqua-12-mois-le-permis-de-travail-de-certains-travailleurs-temporaires-au-quebec\\\/#primaryimage\"},\"image\":{\"@id\":\"https:\\\/\\\/immigrantquebec.com\\\/fr\\\/actualites\\\/ottawa-prolonge-jusqua-12-mois-le-permis-de-travail-de-certains-travailleurs-temporaires-au-quebec\\\/#primaryimage\"},\"thumbnailUrl\":\"https:\\\/\\\/immigrantquebec.com\\\/fr\\\/wp-content\\\/uploads\\\/2026\\\/03\\\/vince-fleming-2sOOyfWKkpo-unsplash-950.jpg\",\"datePublished\":\"2026-03-13T18:55:37+00:00\",\"dateModified\":\"2026-03-25T17:47:42+00:00\",\"description\":\"Nouvelle mesure temporaire au Qu\u00e9bec et prolongation de 12 mois de leur permis de travail pour certains travailleurs temporaires.\",\"breadcrumb\":{\"@id\":\"https:\\\/\\\/immigrantquebec.com\\\/fr\\\/actualites\\\/ottawa-prolonge-jusqua-12-mois-le-permis-de-travail-de-certains-travailleurs-temporaires-au-quebec\\\/#breadcrumb\"},\"inLanguage\":\"fr-FR\",\"potentialAction\":[{\"@type\":\"ReadAction\",\"target\":[\"https:\\\/\\\/immigrantquebec.com\\\/fr\\\/actualites\\\/ottawa-prolonge-jusqua-12-mois-le-permis-de-travail-de-certains-travailleurs-temporaires-au-quebec\\\/\"]}]},{\"@type\":\"ImageObject\",\"inLanguage\":\"fr-FR\",\"@id\":\"https:\\\/\\\/immigrantquebec.com\\\/fr\\\/actualites\\\/ottawa-prolonge-jusqua-12-mois-le-permis-de-travail-de-certains-travailleurs-temporaires-au-quebec\\\/#primaryimage\",\"url\":\"https:\\\/\\\/immigrantquebec.com\\\/fr\\\/wp-content\\\/uploads\\\/2026\\\/03\\\/vince-fleming-2sOOyfWKkpo-unsplash-950.jpg\",\"contentUrl\":\"https:\\\/\\\/immigrantquebec.com\\\/fr\\\/wp-content\\\/uploads\\\/2026\\\/03\\\/vince-fleming-2sOOyfWKkpo-unsplash-950.jpg\",\"width\":950,\"height\":400},{\"@type\":\"BreadcrumbList\",\"@id\":\"https:\\\/\\\/immigrantquebec.com\\\/fr\\\/actualites\\\/ottawa-prolonge-jusqua-12-mois-le-permis-de-travail-de-certains-travailleurs-temporaires-au-quebec\\\/#breadcrumb\",\"itemListElement\":[{\"@type\":\"ListItem\",\"position\":1,\"name\":\"Accueil\",\"item\":\"https:\\\/\\\/immigrantquebec.com\\\/fr\\\/\"},{\"@type\":\"ListItem\",\"position\":2,\"name\":\"Actualit\u00e9s\",\"item\":\"https:\\\/\\\/immigrantquebec.com\\\/fr\\\/actualites\\\/\"},{\"@type\":\"ListItem\",\"position\":3,\"name\":\"Ottawa prolonge jusqu\u2019\u00e0 12 mois le permis de travail de certains travailleurs temporaires au Qu\u00e9bec\"}]},{\"@type\":\"WebSite\",\"@id\":\"https:\\\/\\\/immigrantquebec.com\\\/fr\\\/#website\",\"url\":\"https:\\\/\\\/immigrantquebec.com\\\/fr\\\/\",\"name\":\"Immigrant Qu\u00e9bec\",\"description\":\"Immigrer, vivre, travailler et \u00e9tudier au Qu\u00e9bec, Canada\",\"publisher\":{\"@id\":\"https:\\\/\\\/immigrantquebec.com\\\/fr\\\/#organization\"},\"potentialAction\":[{\"@type\":\"SearchAction\",\"target\":{\"@type\":\"EntryPoint\",\"urlTemplate\":\"https:\\\/\\\/immigrantquebec.com\\\/fr\\\/?s={search_term_string}\"},\"query-input\":{\"@type\":\"PropertyValueSpecification\",\"valueRequired\":true,\"valueName\":\"search_term_string\"}}],\"inLanguage\":\"fr-FR\"},{\"@type\":\"Organization\",\"@id\":\"https:\\\/\\\/immigrantquebec.com\\\/fr\\\/#organization\",\"name\":\"Immigrant Qu\u00e9bec\",\"url\":\"https:\\\/\\\/immigrantquebec.com\\\/fr\\\/\",\"logo\":{\"@type\":\"ImageObject\",\"inLanguage\":\"fr-FR\",\"@id\":\"https:\\\/\\\/immigrantquebec.com\\\/fr\\\/#\\\/schema\\\/logo\\\/image\\\/\",\"url\":\"https:\\\/\\\/immigrantquebec.com\\\/fr\\\/wp-content\\\/uploads\\\/2024\\\/03\\\/LogoIQ-2024-RVB.png\",\"contentUrl\":\"https:\\\/\\\/immigrantquebec.com\\\/fr\\\/wp-content\\\/uploads\\\/2024\\\/03\\\/LogoIQ-2024-RVB.png\",\"width\":2500,\"height\":1137,\"caption\":\"Immigrant Qu\u00e9bec\"},\"image\":{\"@id\":\"https:\\\/\\\/immigrantquebec.com\\\/fr\\\/#\\\/schema\\\/logo\\\/image\\\/\"},\"sameAs\":[\"https:\\\/\\\/www.facebook.com\\\/immigrantquebec\",\"https:\\\/\\\/x.com\\\/ImmigrantQuebec\",\"https:\\\/\\\/www.instagram.com\\\/immigrantquebec\",\"https:\\\/\\\/www.youtube.com\\\/user\\\/ImmigrantQc\"]},{\"@type\":\"Person\",\"@id\":\"https:\\\/\\\/immigrantquebec.com\\\/fr\\\/#\\\/schema\\\/person\\\/eed5ca7ba2c1007e602ee9b9b87fb4b8\",\"name\":\"Basile Moratille\",\"image\":{\"@type\":\"ImageObject\",\"inLanguage\":\"fr-FR\",\"@id\":\"https:\\\/\\\/secure.gravatar.com\\\/avatar\\\/639aa731bb7134a1e944526697fe0549d67ab17e00987171296fb5362fc909e9?s=96&d=mm&r=g\",\"url\":\"https:\\\/\\\/secure.gravatar.com\\\/avatar\\\/639aa731bb7134a1e944526697fe0549d67ab17e00987171296fb5362fc909e9?s=96&d=mm&r=g\",\"contentUrl\":\"https:\\\/\\\/secure.gravatar.com\\\/avatar\\\/639aa731bb7134a1e944526697fe0549d67ab17e00987171296fb5362fc909e9?s=96&d=mm&r=g\",\"caption\":\"Basile Moratille\"},\"description\":\"Directeur des contenus et des publications, Immigrant Qu\u00e9bec.\",\"url\":\"https:\\\/\\\/immigrantquebec.com\\\/fr\\\/author\\\/basile-moratilleimmigrantquebec-com\\\/\"}]}<\/script>\n<!-- \/ Yoast SEO plugin. -->","yoast_head_json":{"title":"Ottawa prolonge jusqu\u2019\u00e0 12 mois le permis de travail de certains travailleurs temporaires au Qu\u00e9bec - Immigrant Qu\u00e9bec","description":"Nouvelle mesure temporaire au Qu\u00e9bec et prolongation de 12 mois de leur permis de travail pour certains travailleurs temporaires.","robots":{"index":"index","follow":"follow","max-snippet":"max-snippet:-1","max-image-preview":"max-image-preview:large","max-video-preview":"max-video-preview:-1"},"canonical":"https:\/\/immigrantquebec.com\/fr\/actualites\/ottawa-prolonge-jusqua-12-mois-le-permis-de-travail-de-certains-travailleurs-temporaires-au-quebec\/","og_locale":"fr_FR","og_type":"article","og_title":"Ottawa prolonge jusqu\u2019\u00e0 12 mois le permis de travail de certains travailleurs temporaires au Qu\u00e9bec - Immigrant Qu\u00e9bec","og_description":"Nouvelle mesure temporaire au Qu\u00e9bec et prolongation de 12 mois de leur permis de travail pour certains travailleurs temporaires.","og_url":"https:\/\/immigrantquebec.com\/fr\/actualites\/ottawa-prolonge-jusqua-12-mois-le-permis-de-travail-de-certains-travailleurs-temporaires-au-quebec\/","og_site_name":"Immigrant Qu\u00e9bec","article_publisher":"https:\/\/www.facebook.com\/immigrantquebec","article_published_time":"2026-03-13T18:55:37+00:00","article_modified_time":"2026-03-25T17:47:42+00:00","og_image":[{"width":950,"height":400,"url":"https:\/\/immigrantquebec.com\/fr\/wp-content\/uploads\/2026\/03\/vince-fleming-2sOOyfWKkpo-unsplash-950.jpg","type":"image\/jpeg"}],"author":"Basile Moratille","twitter_misc":{"\u00c9crit par":"Basile Moratille","Dur\u00e9e de lecture estim\u00e9e":"2 minutes"},"schema":{"@context":"https:\/\/schema.org","@graph":[{"@type":"Article","@id":"https:\/\/immigrantquebec.com\/fr\/actualites\/ottawa-prolonge-jusqua-12-mois-le-permis-de-travail-de-certains-travailleurs-temporaires-au-quebec\/#article","isPartOf":{"@id":"https:\/\/immigrantquebec.com\/fr\/actualites\/ottawa-prolonge-jusqua-12-mois-le-permis-de-travail-de-certains-travailleurs-temporaires-au-quebec\/"},"author":{"name":"Basile Moratille","@id":"https:\/\/immigrantquebec.com\/fr\/#\/schema\/person\/eed5ca7ba2c1007e602ee9b9b87fb4b8"},"headline":"Ottawa prolonge jusqu\u2019\u00e0 12 mois le permis de travail de certains travailleurs temporaires au Qu\u00e9bec","datePublished":"2026-03-13T18:55:37+00:00","dateModified":"2026-03-25T17:47:42+00:00","mainEntityOfPage":{"@id":"https:\/\/immigrantquebec.com\/fr\/actualites\/ottawa-prolonge-jusqua-12-mois-le-permis-de-travail-de-certains-travailleurs-temporaires-au-quebec\/"},"wordCount":323,"publisher":{"@id":"https:\/\/immigrantquebec.com\/fr\/#organization"},"image":{"@id":"https:\/\/immigrantquebec.com\/fr\/actualites\/ottawa-prolonge-jusqua-12-mois-le-permis-de-travail-de-certains-travailleurs-temporaires-au-quebec\/#primaryimage"},"thumbnailUrl":"https:\/\/immigrantquebec.com\/fr\/wp-content\/uploads\/2026\/03\/vince-fleming-2sOOyfWKkpo-unsplash-950.jpg","articleSection":["Actualit\u00e9s"],"inLanguage":"fr-FR"},{"@type":"WebPage","@id":"https:\/\/immigrantquebec.com\/fr\/actualites\/ottawa-prolonge-jusqua-12-mois-le-permis-de-travail-de-certains-travailleurs-temporaires-au-quebec\/","url":"https:\/\/immigrantquebec.com\/fr\/actualites\/ottawa-prolonge-jusqua-12-mois-le-permis-de-travail-de-certains-travailleurs-temporaires-au-quebec\/","name":"Ottawa prolonge jusqu\u2019\u00e0 12 mois le permis de travail de certains travailleurs temporaires au Qu\u00e9bec - Immigrant Qu\u00e9bec","isPartOf":{"@id":"https:\/\/immigrantquebec.com\/fr\/#website"},"primaryImageOfPage":{"@id":"https:\/\/immigrantquebec.com\/fr\/actualites\/ottawa-prolonge-jusqua-12-mois-le-permis-de-travail-de-certains-travailleurs-temporaires-au-quebec\/#primaryimage"},"image":{"@id":"https:\/\/immigrantquebec.com\/fr\/actualites\/ottawa-prolonge-jusqua-12-mois-le-permis-de-travail-de-certains-travailleurs-temporaires-au-quebec\/#primaryimage"},"thumbnailUrl":"https:\/\/immigrantquebec.com\/fr\/wp-content\/uploads\/2026\/03\/vince-fleming-2sOOyfWKkpo-unsplash-950.jpg","datePublished":"2026-03-13T18:55:37+00:00","dateModified":"2026-03-25T17:47:42+00:00","description":"Nouvelle mesure temporaire au Qu\u00e9bec et prolongation de 12 mois de leur permis de travail pour certains travailleurs temporaires.","breadcrumb":{"@id":"https:\/\/immigrantquebec.com\/fr\/actualites\/ottawa-prolonge-jusqua-12-mois-le-permis-de-travail-de-certains-travailleurs-temporaires-au-quebec\/#breadcrumb"},"inLanguage":"fr-FR","potentialAction":[{"@type":"ReadAction","target":["https:\/\/immigrantquebec.com\/fr\/actualites\/ottawa-prolonge-jusqua-12-mois-le-permis-de-travail-de-certains-travailleurs-temporaires-au-quebec\/"]}]},{"@type":"ImageObject","inLanguage":"fr-FR","@id":"https:\/\/immigrantquebec.com\/fr\/actualites\/ottawa-prolonge-jusqua-12-mois-le-permis-de-travail-de-certains-travailleurs-temporaires-au-quebec\/#primaryimage","url":"https:\/\/immigrantquebec.com\/fr\/wp-content\/uploads\/2026\/03\/vince-fleming-2sOOyfWKkpo-unsplash-950.jpg","contentUrl":"https:\/\/immigrantquebec.com\/fr\/wp-content\/uploads\/2026\/03\/vince-fleming-2sOOyfWKkpo-unsplash-950.jpg","width":950,"height":400},{"@type":"BreadcrumbList","@id":"https:\/\/immigrantquebec.com\/fr\/actualites\/ottawa-prolonge-jusqua-12-mois-le-permis-de-travail-de-certains-travailleurs-temporaires-au-quebec\/#breadcrumb","itemListElement":[{"@type":"ListItem","position":1,"name":"Accueil","item":"https:\/\/immigrantquebec.com\/fr\/"},{"@type":"ListItem","position":2,"name":"Actualit\u00e9s","item":"https:\/\/immigrantquebec.com\/fr\/actualites\/"},{"@type":"ListItem","position":3,"name":"Ottawa prolonge jusqu\u2019\u00e0 12 mois le permis de travail de certains travailleurs temporaires au Qu\u00e9bec"}]},{"@type":"WebSite","@id":"https:\/\/immigrantquebec.com\/fr\/#website","url":"https:\/\/immigrantquebec.com\/fr\/","name":"Immigrant Qu\u00e9bec","description":"Immigrer, vivre, travailler et \u00e9tudier au Qu\u00e9bec, Canada","publisher":{"@id":"https:\/\/immigrantquebec.com\/fr\/#organization"},"potentialAction":[{"@type":"SearchAction","target":{"@type":"EntryPoint","urlTemplate":"https:\/\/immigrantquebec.com\/fr\/?s={search_term_string}"},"query-input":{"@type":"PropertyValueSpecification","valueRequired":true,"valueName":"search_term_string"}}],"inLanguage":"fr-FR"},{"@type":"Organization","@id":"https:\/\/immigrantquebec.com\/fr\/#organization","name":"Immigrant Qu\u00e9bec","url":"https:\/\/immigrantquebec.com\/fr\/","logo":{"@type":"ImageObject","inLanguage":"fr-FR","@id":"https:\/\/immigrantquebec.com\/fr\/#\/schema\/logo\/image\/","url":"https:\/\/immigrantquebec.com\/fr\/wp-content\/uploads\/2024\/03\/LogoIQ-2024-RVB.png","contentUrl":"https:\/\/immigrantquebec.com\/fr\/wp-content\/uploads\/2024\/03\/LogoIQ-2024-RVB.png","width":2500,"height":1137,"caption":"Immigrant Qu\u00e9bec"},"image":{"@id":"https:\/\/immigrantquebec.com\/fr\/#\/schema\/logo\/image\/"},"sameAs":["https:\/\/www.facebook.com\/immigrantquebec","https:\/\/x.com\/ImmigrantQuebec","https:\/\/www.instagram.com\/immigrantquebec","https:\/\/www.youtube.com\/user\/ImmigrantQc"]},{"@type":"Person","@id":"https:\/\/immigrantquebec.com\/fr\/#\/schema\/person\/eed5ca7ba2c1007e602ee9b9b87fb4b8","name":"Basile Moratille","image":{"@type":"ImageObject","inLanguage":"fr-FR","@id":"https:\/\/secure.gravatar.com\/avatar\/639aa731bb7134a1e944526697fe0549d67ab17e00987171296fb5362fc909e9?s=96&d=mm&r=g","url":"https:\/\/secure.gravatar.com\/avatar\/639aa731bb7134a1e944526697fe0549d67ab17e00987171296fb5362fc909e9?s=96&d=mm&r=g","contentUrl":"https:\/\/secure.gravatar.com\/avatar\/639aa731bb7134a1e944526697fe0549d67ab17e00987171296fb5362fc909e9?s=96&d=mm&r=g","caption":"Basile Moratille"},"description":"Directeur des contenus et des publications, Immigrant Qu\u00e9bec.","url":"https:\/\/immigrantquebec.com\/fr\/author\/basile-moratilleimmigrantquebec-com\/"}]}},"_links":{"self":[{"href":"https:\/\/immigrantquebec.com\/fr\/wp-json\/wp\/v2\/posts\/26072","targetHints":{"allow":["GET"]}}],"collection":[{"href":"https:\/\/immigrantquebec.com\/fr\/wp-json\/wp\/v2\/posts"}],"about":[{"href":"https:\/\/immigrantquebec.com\/fr\/wp-json\/wp\/v2\/types\/post"}],"author":[{"embeddable":true,"href":"https:\/\/immigrantquebec.com\/fr\/wp-json\/wp\/v2\/users\/3459"}],"replies":[{"embeddable":true,"href":"https:\/\/immigrantquebec.com\/fr\/wp-json\/wp\/v2\/comments?post=26072"}],"version-history":[{"count":7,"href":"https:\/\/immigrantquebec.com\/fr\/wp-json\/wp\/v2\/posts\/26072\/revisions"}],"predecessor-version":[{"id":26192,"href":"https:\/\/immigrantquebec.com\/fr\/wp-json\/wp\/v2\/posts\/26072\/revisions\/26192"}],"wp:featuredmedia":[{"embeddable":true,"href":"https:\/\/immigrantquebec.com\/fr\/wp-json\/wp\/v2\/media\/26073"}],"wp:attachment":[{"href":"https:\/\/immigrantquebec.com\/fr\/wp-json\/wp\/v2\/media?parent=26072"}],"wp:term":[{"taxonomy":"category","embeddable":true,"href":"https:\/\/immigrantquebec.com\/fr\/wp-json\/wp\/v2\/categories?post=26072"},{"taxonomy":"post_tag","embeddable":true,"href":"https:\/\/immigrantquebec.com\/fr\/wp-json\/wp\/v2\/tags?post=26072"}],"curies":[{"name":"wp","href":"https:\/\/api.w.org\/{rel}","templated":true}]}}