{"id":26119,"date":"2026-03-19T15:33:03","date_gmt":"2026-03-19T19:33:03","guid":{"rendered":"https:\/\/immigrantquebec.com\/fr\/?p=26119"},"modified":"2026-03-19T22:20:11","modified_gmt":"2026-03-20T02:20:11","slug":"residents-temporaires-le-quebec-et-le-canada-enregistrent-une-forte-baisse-des-residents-non-permanents-en-2025","status":"publish","type":"post","link":"https:\/\/immigrantquebec.com\/fr\/actualites\/residents-temporaires-le-quebec-et-le-canada-enregistrent-une-forte-baisse-des-residents-non-permanents-en-2025\/","title":{"rendered":"R\u00e9sidents temporaires : le Qu\u00e9bec et le Canada enregistrent une forte baisse des r\u00e9sidents non permanents en 2025"},"content":{"rendered":"\t\t<div data-elementor-type=\"wp-post\" data-elementor-id=\"26119\" class=\"elementor elementor-26119\" data-elementor-post-type=\"post\">\n\t\t\t\t<div class=\"elementor-element elementor-element-c0c045b e-flex e-con-boxed e-con e-parent\" data-id=\"c0c045b\" data-element_type=\"container\" data-e-type=\"container\">\n\t\t\t\t\t<div class=\"e-con-inner\">\n\t\t\t\t<div class=\"elementor-element elementor-element-91d1d7a elementor-widget elementor-widget-spacer\" data-id=\"91d1d7a\" data-element_type=\"widget\" data-e-type=\"widget\" data-widget_type=\"spacer.default\">\n\t\t\t\t\t\t\t<div class=\"elementor-spacer\">\n\t\t\t<div class=\"elementor-spacer-inner\"><\/div>\n\t\t<\/div>\n\t\t\t\t\t\t<\/div>\n\t\t\t\t<div class=\"elementor-element elementor-element-14881b5 elementor-widget elementor-widget-text-editor\" data-id=\"14881b5\" data-element_type=\"widget\" data-e-type=\"widget\" data-widget_type=\"text-editor.default\">\n\t\t\t\t\t\t\t\t\t<p><em>Les derni\u00e8res estimations d\u00e9mographiques montrent un net repli des r\u00e9sidents non permanents en 2025. Au Qu\u00e9bec, l\u2019effectif diminue sensiblement apr\u00e8s un sommet atteint d\u00e9but 2025. \u00c0 l\u2019\u00e9chelle canadienne, Statistique Canada observe aussi une baisse substantielle, surtout en fin d\u2019ann\u00e9e.<\/em><\/p>\t\t\t\t\t\t\t\t<\/div>\n\t\t\t\t\t<\/div>\n\t\t\t\t<\/div>\n\t\t<div class=\"elementor-element elementor-element-77a5112 e-flex e-con-boxed e-con e-parent\" data-id=\"77a5112\" data-element_type=\"container\" data-e-type=\"container\">\n\t\t\t\t\t<div class=\"e-con-inner\">\n\t\t\t\t<div class=\"elementor-element elementor-element-d1bffdb elementor-widget elementor-widget-text-editor\" data-id=\"d1bffdb\" data-element_type=\"widget\" data-e-type=\"widget\" data-widget_type=\"text-editor.default\">\n\t\t\t\t\t\t\t\t\t<p>Le Qu\u00e9bec enregistre en 2025 un recul marqu\u00e9 des r\u00e9sidents non permanents (travailleurs \u00e9trangers temporaires, \u00e9tudiants \u00e9trangers et demandeurs d\u2019asile). Apr\u00e8s avoir atteint 565 453 personnes au 1er janvier 2025, l\u2019effectif estim\u00e9 de r\u00e9sidents temporaires est retomb\u00e9 \u00e0 514\u2009039 au 1er janvier 2026.<\/p>\t\t\t\t\t\t\t\t<\/div>\n\t\t\t\t\t<\/div>\n\t\t\t\t<\/div>\n\t\t<div class=\"elementor-element elementor-element-de15f80 e-flex e-con-boxed e-con e-parent\" data-id=\"de15f80\" data-element_type=\"container\" data-e-type=\"container\">\n\t\t\t\t\t<div class=\"e-con-inner\">\n\t\t\t\t<div class=\"elementor-element elementor-element-5e61d96 elementor-blockquote--skin-boxed elementor-widget elementor-widget-blockquote\" data-id=\"5e61d96\" data-element_type=\"widget\" data-e-type=\"widget\" data-widget_type=\"blockquote.default\">\n\t\t\t\t\t\t\t<blockquote class=\"elementor-blockquote\">\n\t\t\t<p class=\"elementor-blockquote__content\">\n\t\t\t\tSelon l\u2019ISQ, le solde migratoire du Qu\u00e9bec en 2025 se trouve donc marqu\u00e9 par le d\u00e9part massif des r\u00e9sidents non permanents (-51\u2009413), des d\u00e9parts qui sont tout juste compens\u00e9s par le nombre de nouvelles personnes admises avec un statut permanent (+51\u2009879).\t\t\t<\/p>\n\t\t\t\t\t<\/blockquote>\n\t\t\t\t\t\t<\/div>\n\t\t\t\t\t<\/div>\n\t\t\t\t<\/div>\n\t\t<div class=\"elementor-element elementor-element-fb12680 e-flex e-con-boxed e-con e-parent\" data-id=\"fb12680\" data-element_type=\"container\" data-e-type=\"container\">\n\t\t\t\t\t<div class=\"e-con-inner\">\n\t\t\t\t<div class=\"elementor-element elementor-element-e75bf24 elementor-widget elementor-widget-spacer\" data-id=\"e75bf24\" data-element_type=\"widget\" data-e-type=\"widget\" data-widget_type=\"spacer.default\">\n\t\t\t\t\t\t\t<div class=\"elementor-spacer\">\n\t\t\t<div class=\"elementor-spacer-inner\"><\/div>\n\t\t<\/div>\n\t\t\t\t\t\t<\/div>\n\t\t\t\t<div class=\"elementor-element elementor-element-8702580 elementor-widget elementor-widget-heading\" data-id=\"8702580\" data-element_type=\"widget\" data-e-type=\"widget\" data-widget_type=\"heading.default\">\n\t\t\t\t\t<h2 class=\"elementor-heading-title elementor-size-default\">Baisse des r\u00e9sidents non permanents : un mouvement visible au Qu\u00e9bec comme au Canada<\/h2>\t\t\t\t<\/div>\n\t\t\t\t\t<\/div>\n\t\t\t\t<\/div>\n\t\t<div class=\"elementor-element elementor-element-c56f672 e-flex e-con-boxed e-con e-parent\" data-id=\"c56f672\" data-element_type=\"container\" data-e-type=\"container\">\n\t\t\t\t\t<div class=\"e-con-inner\">\n\t\t\t\t<div class=\"elementor-element elementor-element-ff5ad91 elementor-widget elementor-widget-text-editor\" data-id=\"ff5ad91\" data-element_type=\"widget\" data-e-type=\"widget\" data-widget_type=\"text-editor.default\">\n\t\t\t\t\t\t\t\t\t<p>La contraction est particuli\u00e8rement nette en fin d\u2019ann\u00e9e. <strong><a href=\"https:\/\/www150.statcan.gc.ca\/t1\/tbl1\/fr\/tv.action?pid=1710012101&amp;pickMembers%5B0%5D=1.6&amp;cubeTimeFrame.startMonth=01&amp;cubeTimeFrame.startYear=2025&amp;cubeTimeFrame.endMonth=01&amp;cubeTimeFrame.endYear=2026&amp;referencePeriods=20250101%2C20260101\" target=\"_blank\" rel=\"noopener\">Au\u00a0quatri\u00e8me trimestre de 2025<\/a><\/strong>\u00a0(p\u00e9riode du 1er\u00a0octobre 2025 au 1er\u00a0janvier 2026), Statistique Canada estime que le nombre de r\u00e9sidents non permanents a baiss\u00e9 de\u00a032\u2009200\u00a0personnes \u2013 sur le seul trimestre.<\/p><p><strong><a href=\"https:\/\/www150.statcan.gc.ca\/n1\/daily-quotidien\/260318\/dq260318b-fra.htm?HPA=1&amp;indid=4098-1&amp;indgeo=0\" target=\"_blank\" rel=\"noopener\">Au niveau f\u00e9d\u00e9ral, la tendance est similaire<\/a><\/strong>\u00a0: entre le\u00a01er\u00a0octobre 2025\u00a0et le\u00a01er\u00a0janvier 2026, le Canada a perdu\u00a0171\u2009296\u00a0r\u00e9sidents non permanents. Statistique Canada attribue principalement cette baisse au recul des personnes titulaires d\u2019un permis d\u2019\u00e9tudes, d\u2019un permis de travail, ou encore des deux.<\/p><p>Le nombre de demandeurs d\u2019asile se maintient en effet, en particulier au Qu\u00e9bec, qui en compte la plus forte proportion au Canada (environ 37 % selon l&rsquo;ISQ).<\/p>\t\t\t\t\t\t\t\t<\/div>\n\t\t\t\t\t<\/div>\n\t\t\t\t<\/div>\n\t\t<div class=\"elementor-element elementor-element-dd0c229 e-flex e-con-boxed e-con e-parent\" data-id=\"dd0c229\" data-element_type=\"container\" data-e-type=\"container\">\n\t\t\t\t\t<div class=\"e-con-inner\">\n\t\t\t\t<div class=\"elementor-element elementor-element-a286b61 elementor-widget elementor-widget-text-editor\" data-id=\"a286b61\" data-element_type=\"widget\" data-e-type=\"widget\" data-widget_type=\"text-editor.default\">\n\t\t\t\t\t\t\t\t\t<p><strong><a href=\"https:\/\/statistique.quebec.ca\/fr\/document\/migrations-internationales-interprovinciales-quebec\" target=\"_blank\" rel=\"noopener\">Acc\u00e9der aux donn\u00e9es de l\u2019Institut de la statistique du Qu\u00e9bec<\/a><\/strong>.<\/p>\t\t\t\t\t\t\t\t<\/div>\n\t\t\t\t\t<\/div>\n\t\t\t\t<\/div>\n\t\t<div class=\"elementor-element elementor-element-c38c545 e-flex e-con-boxed e-con e-parent\" data-id=\"c38c545\" data-element_type=\"container\" data-e-type=\"container\">\n\t\t\t\t\t<div class=\"e-con-inner\">\n\t\t\t\t<div class=\"elementor-element elementor-element-b78bc48 elementor-widget elementor-widget-text-editor\" data-id=\"b78bc48\" data-element_type=\"widget\" data-e-type=\"widget\" data-widget_type=\"text-editor.default\">\n\t\t\t\t\t\t\t\t\t<p><em>Photo\u00a0: Curated Lifestyle<\/em><\/p>\t\t\t\t\t\t\t\t<\/div>\n\t\t\t\t\t<\/div>\n\t\t\t\t<\/div>\n\t\t\t\t<\/div>\n\t\t","protected":false},"excerpt":{"rendered":"<p>En 2025, le Qu\u00e9bec et le Canada enregistrent un recul historique du nombre de r\u00e9sidents temporaires, selon l\u2019ISQ et Statistique Canada.<\/p>\n","protected":false},"author":3459,"featured_media":26120,"comment_status":"closed","ping_status":"closed","sticky":false,"template":"","format":"standard","meta":{"_acf_changed":false,"_genesis_hide_title":false,"_genesis_hide_breadcrumbs":false,"_genesis_hide_singular_image":false,"_genesis_hide_footer_widgets":false,"_genesis_custom_body_class":"","_genesis_custom_post_class":"","_genesis_layout":"","footnotes":""},"categories":[1],"tags":[],"class_list":{"0":"post-26119","1":"post","2":"type-post","3":"status-publish","4":"format-standard","5":"has-post-thumbnail","7":"category-actualites","8":"entry"},"acf":[],"yoast_head":"<!-- This site is optimized with the Yoast SEO plugin v27.5 - https:\/\/yoast.com\/product\/yoast-seo-wordpress\/ -->\n<title>R\u00e9sidents temporaires : le Qu\u00e9bec et le Canada enregistrent une forte baisse des r\u00e9sidents non permanents en 2025 - Immigrant Qu\u00e9bec<\/title>\n<meta name=\"description\" content=\"En 2025, le Qu\u00e9bec et le Canada enregistrent un recul historique du nombre de r\u00e9sidents temporaires, selon l\u2019ISQ et Statistique Canada.\" \/>\n<meta name=\"robots\" content=\"index, follow, max-snippet:-1, max-image-preview:large, max-video-preview:-1\" \/>\n<link rel=\"canonical\" href=\"https:\/\/immigrantquebec.com\/fr\/actualites\/residents-temporaires-le-quebec-et-le-canada-enregistrent-une-forte-baisse-des-residents-non-permanents-en-2025\/\" \/>\n<meta property=\"og:locale\" content=\"fr_FR\" \/>\n<meta property=\"og:type\" content=\"article\" \/>\n<meta property=\"og:title\" content=\"R\u00e9sidents temporaires : le Qu\u00e9bec et le Canada enregistrent une forte baisse des r\u00e9sidents non permanents en 2025 - Immigrant Qu\u00e9bec\" \/>\n<meta property=\"og:description\" content=\"En 2025, le Qu\u00e9bec et le Canada enregistrent un recul historique du nombre de r\u00e9sidents temporaires, selon l\u2019ISQ et Statistique Canada.\" \/>\n<meta property=\"og:url\" content=\"https:\/\/immigrantquebec.com\/fr\/actualites\/residents-temporaires-le-quebec-et-le-canada-enregistrent-une-forte-baisse-des-residents-non-permanents-en-2025\/\" \/>\n<meta property=\"og:site_name\" content=\"Immigrant Qu\u00e9bec\" \/>\n<meta property=\"article:publisher\" content=\"https:\/\/www.facebook.com\/immigrantquebec\" \/>\n<meta property=\"article:published_time\" content=\"2026-03-19T19:33:03+00:00\" \/>\n<meta property=\"article:modified_time\" content=\"2026-03-20T02:20:11+00:00\" \/>\n<meta property=\"og:image\" content=\"https:\/\/immigrantquebec.com\/fr\/wp-content\/uploads\/2026\/03\/curated-lifestyle-EtEu1SSrYNQ-unsplash-950.jpg\" \/>\n\t<meta property=\"og:image:width\" content=\"950\" \/>\n\t<meta property=\"og:image:height\" content=\"400\" \/>\n\t<meta property=\"og:image:type\" content=\"image\/jpeg\" \/>\n<meta name=\"author\" content=\"Basile Moratille\" \/>\n<meta name=\"twitter:label1\" content=\"\u00c9crit par\" \/>\n\t<meta name=\"twitter:data1\" content=\"Basile Moratille\" \/>\n\t<meta name=\"twitter:label2\" content=\"Dur\u00e9e de lecture estim\u00e9e\" \/>\n\t<meta name=\"twitter:data2\" content=\"2 minutes\" \/>\n<script type=\"application\/ld+json\" class=\"yoast-schema-graph\">{\"@context\":\"https:\\\/\\\/schema.org\",\"@graph\":[{\"@type\":\"Article\",\"@id\":\"https:\\\/\\\/immigrantquebec.com\\\/fr\\\/actualites\\\/residents-temporaires-le-quebec-et-le-canada-enregistrent-une-forte-baisse-des-residents-non-permanents-en-2025\\\/#article\",\"isPartOf\":{\"@id\":\"https:\\\/\\\/immigrantquebec.com\\\/fr\\\/actualites\\\/residents-temporaires-le-quebec-et-le-canada-enregistrent-une-forte-baisse-des-residents-non-permanents-en-2025\\\/\"},\"author\":{\"name\":\"Basile Moratille\",\"@id\":\"https:\\\/\\\/immigrantquebec.com\\\/fr\\\/#\\\/schema\\\/person\\\/eed5ca7ba2c1007e602ee9b9b87fb4b8\"},\"headline\":\"R\u00e9sidents temporaires : le Qu\u00e9bec et le Canada enregistrent une forte baisse des r\u00e9sidents non permanents en 2025\",\"datePublished\":\"2026-03-19T19:33:03+00:00\",\"dateModified\":\"2026-03-20T02:20:11+00:00\",\"mainEntityOfPage\":{\"@id\":\"https:\\\/\\\/immigrantquebec.com\\\/fr\\\/actualites\\\/residents-temporaires-le-quebec-et-le-canada-enregistrent-une-forte-baisse-des-residents-non-permanents-en-2025\\\/\"},\"wordCount\":305,\"publisher\":{\"@id\":\"https:\\\/\\\/immigrantquebec.com\\\/fr\\\/#organization\"},\"image\":{\"@id\":\"https:\\\/\\\/immigrantquebec.com\\\/fr\\\/actualites\\\/residents-temporaires-le-quebec-et-le-canada-enregistrent-une-forte-baisse-des-residents-non-permanents-en-2025\\\/#primaryimage\"},\"thumbnailUrl\":\"https:\\\/\\\/immigrantquebec.com\\\/fr\\\/wp-content\\\/uploads\\\/2026\\\/03\\\/curated-lifestyle-EtEu1SSrYNQ-unsplash-950.jpg\",\"articleSection\":[\"Actualit\u00e9s\"],\"inLanguage\":\"fr-FR\"},{\"@type\":\"WebPage\",\"@id\":\"https:\\\/\\\/immigrantquebec.com\\\/fr\\\/actualites\\\/residents-temporaires-le-quebec-et-le-canada-enregistrent-une-forte-baisse-des-residents-non-permanents-en-2025\\\/\",\"url\":\"https:\\\/\\\/immigrantquebec.com\\\/fr\\\/actualites\\\/residents-temporaires-le-quebec-et-le-canada-enregistrent-une-forte-baisse-des-residents-non-permanents-en-2025\\\/\",\"name\":\"R\u00e9sidents temporaires : le Qu\u00e9bec et le Canada enregistrent une forte baisse des r\u00e9sidents non permanents en 2025 - Immigrant Qu\u00e9bec\",\"isPartOf\":{\"@id\":\"https:\\\/\\\/immigrantquebec.com\\\/fr\\\/#website\"},\"primaryImageOfPage\":{\"@id\":\"https:\\\/\\\/immigrantquebec.com\\\/fr\\\/actualites\\\/residents-temporaires-le-quebec-et-le-canada-enregistrent-une-forte-baisse-des-residents-non-permanents-en-2025\\\/#primaryimage\"},\"image\":{\"@id\":\"https:\\\/\\\/immigrantquebec.com\\\/fr\\\/actualites\\\/residents-temporaires-le-quebec-et-le-canada-enregistrent-une-forte-baisse-des-residents-non-permanents-en-2025\\\/#primaryimage\"},\"thumbnailUrl\":\"https:\\\/\\\/immigrantquebec.com\\\/fr\\\/wp-content\\\/uploads\\\/2026\\\/03\\\/curated-lifestyle-EtEu1SSrYNQ-unsplash-950.jpg\",\"datePublished\":\"2026-03-19T19:33:03+00:00\",\"dateModified\":\"2026-03-20T02:20:11+00:00\",\"description\":\"En 2025, le Qu\u00e9bec et le Canada enregistrent un recul historique du nombre de r\u00e9sidents temporaires, selon l\u2019ISQ et Statistique Canada.\",\"breadcrumb\":{\"@id\":\"https:\\\/\\\/immigrantquebec.com\\\/fr\\\/actualites\\\/residents-temporaires-le-quebec-et-le-canada-enregistrent-une-forte-baisse-des-residents-non-permanents-en-2025\\\/#breadcrumb\"},\"inLanguage\":\"fr-FR\",\"potentialAction\":[{\"@type\":\"ReadAction\",\"target\":[\"https:\\\/\\\/immigrantquebec.com\\\/fr\\\/actualites\\\/residents-temporaires-le-quebec-et-le-canada-enregistrent-une-forte-baisse-des-residents-non-permanents-en-2025\\\/\"]}]},{\"@type\":\"ImageObject\",\"inLanguage\":\"fr-FR\",\"@id\":\"https:\\\/\\\/immigrantquebec.com\\\/fr\\\/actualites\\\/residents-temporaires-le-quebec-et-le-canada-enregistrent-une-forte-baisse-des-residents-non-permanents-en-2025\\\/#primaryimage\",\"url\":\"https:\\\/\\\/immigrantquebec.com\\\/fr\\\/wp-content\\\/uploads\\\/2026\\\/03\\\/curated-lifestyle-EtEu1SSrYNQ-unsplash-950.jpg\",\"contentUrl\":\"https:\\\/\\\/immigrantquebec.com\\\/fr\\\/wp-content\\\/uploads\\\/2026\\\/03\\\/curated-lifestyle-EtEu1SSrYNQ-unsplash-950.jpg\",\"width\":950,\"height\":400},{\"@type\":\"BreadcrumbList\",\"@id\":\"https:\\\/\\\/immigrantquebec.com\\\/fr\\\/actualites\\\/residents-temporaires-le-quebec-et-le-canada-enregistrent-une-forte-baisse-des-residents-non-permanents-en-2025\\\/#breadcrumb\",\"itemListElement\":[{\"@type\":\"ListItem\",\"position\":1,\"name\":\"Accueil\",\"item\":\"https:\\\/\\\/immigrantquebec.com\\\/fr\\\/\"},{\"@type\":\"ListItem\",\"position\":2,\"name\":\"Actualit\u00e9s\",\"item\":\"https:\\\/\\\/immigrantquebec.com\\\/fr\\\/actualites\\\/\"},{\"@type\":\"ListItem\",\"position\":3,\"name\":\"R\u00e9sidents temporaires : le Qu\u00e9bec et le Canada enregistrent une forte baisse des r\u00e9sidents non permanents en 2025\"}]},{\"@type\":\"WebSite\",\"@id\":\"https:\\\/\\\/immigrantquebec.com\\\/fr\\\/#website\",\"url\":\"https:\\\/\\\/immigrantquebec.com\\\/fr\\\/\",\"name\":\"Immigrant Qu\u00e9bec\",\"description\":\"Immigrer, vivre, travailler et \u00e9tudier au Qu\u00e9bec, Canada\",\"publisher\":{\"@id\":\"https:\\\/\\\/immigrantquebec.com\\\/fr\\\/#organization\"},\"potentialAction\":[{\"@type\":\"SearchAction\",\"target\":{\"@type\":\"EntryPoint\",\"urlTemplate\":\"https:\\\/\\\/immigrantquebec.com\\\/fr\\\/?s={search_term_string}\"},\"query-input\":{\"@type\":\"PropertyValueSpecification\",\"valueRequired\":true,\"valueName\":\"search_term_string\"}}],\"inLanguage\":\"fr-FR\"},{\"@type\":\"Organization\",\"@id\":\"https:\\\/\\\/immigrantquebec.com\\\/fr\\\/#organization\",\"name\":\"Immigrant Qu\u00e9bec\",\"url\":\"https:\\\/\\\/immigrantquebec.com\\\/fr\\\/\",\"logo\":{\"@type\":\"ImageObject\",\"inLanguage\":\"fr-FR\",\"@id\":\"https:\\\/\\\/immigrantquebec.com\\\/fr\\\/#\\\/schema\\\/logo\\\/image\\\/\",\"url\":\"https:\\\/\\\/immigrantquebec.com\\\/fr\\\/wp-content\\\/uploads\\\/2024\\\/03\\\/LogoIQ-2024-RVB.png\",\"contentUrl\":\"https:\\\/\\\/immigrantquebec.com\\\/fr\\\/wp-content\\\/uploads\\\/2024\\\/03\\\/LogoIQ-2024-RVB.png\",\"width\":2500,\"height\":1137,\"caption\":\"Immigrant Qu\u00e9bec\"},\"image\":{\"@id\":\"https:\\\/\\\/immigrantquebec.com\\\/fr\\\/#\\\/schema\\\/logo\\\/image\\\/\"},\"sameAs\":[\"https:\\\/\\\/www.facebook.com\\\/immigrantquebec\",\"https:\\\/\\\/x.com\\\/ImmigrantQuebec\",\"https:\\\/\\\/www.instagram.com\\\/immigrantquebec\",\"https:\\\/\\\/www.youtube.com\\\/user\\\/ImmigrantQc\"]},{\"@type\":\"Person\",\"@id\":\"https:\\\/\\\/immigrantquebec.com\\\/fr\\\/#\\\/schema\\\/person\\\/eed5ca7ba2c1007e602ee9b9b87fb4b8\",\"name\":\"Basile Moratille\",\"image\":{\"@type\":\"ImageObject\",\"inLanguage\":\"fr-FR\",\"@id\":\"https:\\\/\\\/secure.gravatar.com\\\/avatar\\\/639aa731bb7134a1e944526697fe0549d67ab17e00987171296fb5362fc909e9?s=96&d=mm&r=g\",\"url\":\"https:\\\/\\\/secure.gravatar.com\\\/avatar\\\/639aa731bb7134a1e944526697fe0549d67ab17e00987171296fb5362fc909e9?s=96&d=mm&r=g\",\"contentUrl\":\"https:\\\/\\\/secure.gravatar.com\\\/avatar\\\/639aa731bb7134a1e944526697fe0549d67ab17e00987171296fb5362fc909e9?s=96&d=mm&r=g\",\"caption\":\"Basile Moratille\"},\"description\":\"Directeur des contenus et des publications, Immigrant Qu\u00e9bec.\",\"url\":\"https:\\\/\\\/immigrantquebec.com\\\/fr\\\/author\\\/basile-moratilleimmigrantquebec-com\\\/\"}]}<\/script>\n<!-- \/ Yoast SEO plugin. -->","yoast_head_json":{"title":"R\u00e9sidents temporaires : le Qu\u00e9bec et le Canada enregistrent une forte baisse des r\u00e9sidents non permanents en 2025 - Immigrant Qu\u00e9bec","description":"En 2025, le Qu\u00e9bec et le Canada enregistrent un recul historique du nombre de r\u00e9sidents temporaires, selon l\u2019ISQ et Statistique Canada.","robots":{"index":"index","follow":"follow","max-snippet":"max-snippet:-1","max-image-preview":"max-image-preview:large","max-video-preview":"max-video-preview:-1"},"canonical":"https:\/\/immigrantquebec.com\/fr\/actualites\/residents-temporaires-le-quebec-et-le-canada-enregistrent-une-forte-baisse-des-residents-non-permanents-en-2025\/","og_locale":"fr_FR","og_type":"article","og_title":"R\u00e9sidents temporaires : le Qu\u00e9bec et le Canada enregistrent une forte baisse des r\u00e9sidents non permanents en 2025 - Immigrant Qu\u00e9bec","og_description":"En 2025, le Qu\u00e9bec et le Canada enregistrent un recul historique du nombre de r\u00e9sidents temporaires, selon l\u2019ISQ et Statistique Canada.","og_url":"https:\/\/immigrantquebec.com\/fr\/actualites\/residents-temporaires-le-quebec-et-le-canada-enregistrent-une-forte-baisse-des-residents-non-permanents-en-2025\/","og_site_name":"Immigrant Qu\u00e9bec","article_publisher":"https:\/\/www.facebook.com\/immigrantquebec","article_published_time":"2026-03-19T19:33:03+00:00","article_modified_time":"2026-03-20T02:20:11+00:00","og_image":[{"width":950,"height":400,"url":"https:\/\/immigrantquebec.com\/fr\/wp-content\/uploads\/2026\/03\/curated-lifestyle-EtEu1SSrYNQ-unsplash-950.jpg","type":"image\/jpeg"}],"author":"Basile Moratille","twitter_misc":{"\u00c9crit par":"Basile Moratille","Dur\u00e9e de lecture estim\u00e9e":"2 minutes"},"schema":{"@context":"https:\/\/schema.org","@graph":[{"@type":"Article","@id":"https:\/\/immigrantquebec.com\/fr\/actualites\/residents-temporaires-le-quebec-et-le-canada-enregistrent-une-forte-baisse-des-residents-non-permanents-en-2025\/#article","isPartOf":{"@id":"https:\/\/immigrantquebec.com\/fr\/actualites\/residents-temporaires-le-quebec-et-le-canada-enregistrent-une-forte-baisse-des-residents-non-permanents-en-2025\/"},"author":{"name":"Basile Moratille","@id":"https:\/\/immigrantquebec.com\/fr\/#\/schema\/person\/eed5ca7ba2c1007e602ee9b9b87fb4b8"},"headline":"R\u00e9sidents temporaires : le Qu\u00e9bec et le Canada enregistrent une forte baisse des r\u00e9sidents non permanents en 2025","datePublished":"2026-03-19T19:33:03+00:00","dateModified":"2026-03-20T02:20:11+00:00","mainEntityOfPage":{"@id":"https:\/\/immigrantquebec.com\/fr\/actualites\/residents-temporaires-le-quebec-et-le-canada-enregistrent-une-forte-baisse-des-residents-non-permanents-en-2025\/"},"wordCount":305,"publisher":{"@id":"https:\/\/immigrantquebec.com\/fr\/#organization"},"image":{"@id":"https:\/\/immigrantquebec.com\/fr\/actualites\/residents-temporaires-le-quebec-et-le-canada-enregistrent-une-forte-baisse-des-residents-non-permanents-en-2025\/#primaryimage"},"thumbnailUrl":"https:\/\/immigrantquebec.com\/fr\/wp-content\/uploads\/2026\/03\/curated-lifestyle-EtEu1SSrYNQ-unsplash-950.jpg","articleSection":["Actualit\u00e9s"],"inLanguage":"fr-FR"},{"@type":"WebPage","@id":"https:\/\/immigrantquebec.com\/fr\/actualites\/residents-temporaires-le-quebec-et-le-canada-enregistrent-une-forte-baisse-des-residents-non-permanents-en-2025\/","url":"https:\/\/immigrantquebec.com\/fr\/actualites\/residents-temporaires-le-quebec-et-le-canada-enregistrent-une-forte-baisse-des-residents-non-permanents-en-2025\/","name":"R\u00e9sidents temporaires : le Qu\u00e9bec et le Canada enregistrent une forte baisse des r\u00e9sidents non permanents en 2025 - Immigrant Qu\u00e9bec","isPartOf":{"@id":"https:\/\/immigrantquebec.com\/fr\/#website"},"primaryImageOfPage":{"@id":"https:\/\/immigrantquebec.com\/fr\/actualites\/residents-temporaires-le-quebec-et-le-canada-enregistrent-une-forte-baisse-des-residents-non-permanents-en-2025\/#primaryimage"},"image":{"@id":"https:\/\/immigrantquebec.com\/fr\/actualites\/residents-temporaires-le-quebec-et-le-canada-enregistrent-une-forte-baisse-des-residents-non-permanents-en-2025\/#primaryimage"},"thumbnailUrl":"https:\/\/immigrantquebec.com\/fr\/wp-content\/uploads\/2026\/03\/curated-lifestyle-EtEu1SSrYNQ-unsplash-950.jpg","datePublished":"2026-03-19T19:33:03+00:00","dateModified":"2026-03-20T02:20:11+00:00","description":"En 2025, le Qu\u00e9bec et le Canada enregistrent un recul historique du nombre de r\u00e9sidents temporaires, selon l\u2019ISQ et Statistique Canada.","breadcrumb":{"@id":"https:\/\/immigrantquebec.com\/fr\/actualites\/residents-temporaires-le-quebec-et-le-canada-enregistrent-une-forte-baisse-des-residents-non-permanents-en-2025\/#breadcrumb"},"inLanguage":"fr-FR","potentialAction":[{"@type":"ReadAction","target":["https:\/\/immigrantquebec.com\/fr\/actualites\/residents-temporaires-le-quebec-et-le-canada-enregistrent-une-forte-baisse-des-residents-non-permanents-en-2025\/"]}]},{"@type":"ImageObject","inLanguage":"fr-FR","@id":"https:\/\/immigrantquebec.com\/fr\/actualites\/residents-temporaires-le-quebec-et-le-canada-enregistrent-une-forte-baisse-des-residents-non-permanents-en-2025\/#primaryimage","url":"https:\/\/immigrantquebec.com\/fr\/wp-content\/uploads\/2026\/03\/curated-lifestyle-EtEu1SSrYNQ-unsplash-950.jpg","contentUrl":"https:\/\/immigrantquebec.com\/fr\/wp-content\/uploads\/2026\/03\/curated-lifestyle-EtEu1SSrYNQ-unsplash-950.jpg","width":950,"height":400},{"@type":"BreadcrumbList","@id":"https:\/\/immigrantquebec.com\/fr\/actualites\/residents-temporaires-le-quebec-et-le-canada-enregistrent-une-forte-baisse-des-residents-non-permanents-en-2025\/#breadcrumb","itemListElement":[{"@type":"ListItem","position":1,"name":"Accueil","item":"https:\/\/immigrantquebec.com\/fr\/"},{"@type":"ListItem","position":2,"name":"Actualit\u00e9s","item":"https:\/\/immigrantquebec.com\/fr\/actualites\/"},{"@type":"ListItem","position":3,"name":"R\u00e9sidents temporaires : le Qu\u00e9bec et le Canada enregistrent une forte baisse des r\u00e9sidents non permanents en 2025"}]},{"@type":"WebSite","@id":"https:\/\/immigrantquebec.com\/fr\/#website","url":"https:\/\/immigrantquebec.com\/fr\/","name":"Immigrant Qu\u00e9bec","description":"Immigrer, vivre, travailler et \u00e9tudier au Qu\u00e9bec, Canada","publisher":{"@id":"https:\/\/immigrantquebec.com\/fr\/#organization"},"potentialAction":[{"@type":"SearchAction","target":{"@type":"EntryPoint","urlTemplate":"https:\/\/immigrantquebec.com\/fr\/?s={search_term_string}"},"query-input":{"@type":"PropertyValueSpecification","valueRequired":true,"valueName":"search_term_string"}}],"inLanguage":"fr-FR"},{"@type":"Organization","@id":"https:\/\/immigrantquebec.com\/fr\/#organization","name":"Immigrant Qu\u00e9bec","url":"https:\/\/immigrantquebec.com\/fr\/","logo":{"@type":"ImageObject","inLanguage":"fr-FR","@id":"https:\/\/immigrantquebec.com\/fr\/#\/schema\/logo\/image\/","url":"https:\/\/immigrantquebec.com\/fr\/wp-content\/uploads\/2024\/03\/LogoIQ-2024-RVB.png","contentUrl":"https:\/\/immigrantquebec.com\/fr\/wp-content\/uploads\/2024\/03\/LogoIQ-2024-RVB.png","width":2500,"height":1137,"caption":"Immigrant Qu\u00e9bec"},"image":{"@id":"https:\/\/immigrantquebec.com\/fr\/#\/schema\/logo\/image\/"},"sameAs":["https:\/\/www.facebook.com\/immigrantquebec","https:\/\/x.com\/ImmigrantQuebec","https:\/\/www.instagram.com\/immigrantquebec","https:\/\/www.youtube.com\/user\/ImmigrantQc"]},{"@type":"Person","@id":"https:\/\/immigrantquebec.com\/fr\/#\/schema\/person\/eed5ca7ba2c1007e602ee9b9b87fb4b8","name":"Basile Moratille","image":{"@type":"ImageObject","inLanguage":"fr-FR","@id":"https:\/\/secure.gravatar.com\/avatar\/639aa731bb7134a1e944526697fe0549d67ab17e00987171296fb5362fc909e9?s=96&d=mm&r=g","url":"https:\/\/secure.gravatar.com\/avatar\/639aa731bb7134a1e944526697fe0549d67ab17e00987171296fb5362fc909e9?s=96&d=mm&r=g","contentUrl":"https:\/\/secure.gravatar.com\/avatar\/639aa731bb7134a1e944526697fe0549d67ab17e00987171296fb5362fc909e9?s=96&d=mm&r=g","caption":"Basile Moratille"},"description":"Directeur des contenus et des publications, Immigrant Qu\u00e9bec.","url":"https:\/\/immigrantquebec.com\/fr\/author\/basile-moratilleimmigrantquebec-com\/"}]}},"_links":{"self":[{"href":"https:\/\/immigrantquebec.com\/fr\/wp-json\/wp\/v2\/posts\/26119","targetHints":{"allow":["GET"]}}],"collection":[{"href":"https:\/\/immigrantquebec.com\/fr\/wp-json\/wp\/v2\/posts"}],"about":[{"href":"https:\/\/immigrantquebec.com\/fr\/wp-json\/wp\/v2\/types\/post"}],"author":[{"embeddable":true,"href":"https:\/\/immigrantquebec.com\/fr\/wp-json\/wp\/v2\/users\/3459"}],"replies":[{"embeddable":true,"href":"https:\/\/immigrantquebec.com\/fr\/wp-json\/wp\/v2\/comments?post=26119"}],"version-history":[{"count":13,"href":"https:\/\/immigrantquebec.com\/fr\/wp-json\/wp\/v2\/posts\/26119\/revisions"}],"predecessor-version":[{"id":26136,"href":"https:\/\/immigrantquebec.com\/fr\/wp-json\/wp\/v2\/posts\/26119\/revisions\/26136"}],"wp:featuredmedia":[{"embeddable":true,"href":"https:\/\/immigrantquebec.com\/fr\/wp-json\/wp\/v2\/media\/26120"}],"wp:attachment":[{"href":"https:\/\/immigrantquebec.com\/fr\/wp-json\/wp\/v2\/media?parent=26119"}],"wp:term":[{"taxonomy":"category","embeddable":true,"href":"https:\/\/immigrantquebec.com\/fr\/wp-json\/wp\/v2\/categories?post=26119"},{"taxonomy":"post_tag","embeddable":true,"href":"https:\/\/immigrantquebec.com\/fr\/wp-json\/wp\/v2\/tags?post=26119"}],"curies":[{"name":"wp","href":"https:\/\/api.w.org\/{rel}","templated":true}]}}