{"id":26157,"date":"2026-03-24T14:51:38","date_gmt":"2026-03-24T18:51:38","guid":{"rendered":"https:\/\/immigrantquebec.com\/fr\/?p=26157"},"modified":"2026-03-27T13:56:50","modified_gmt":"2026-03-27T17:56:50","slug":"sherbrooke-destination-de-choix-pour-les-talents-internationaux-en-technologies-de-pointe","status":"publish","type":"post","link":"https:\/\/immigrantquebec.com\/fr\/conseils-d-experts\/sherbrooke-destination-de-choix-pour-les-talents-internationaux-en-technologies-de-pointe\/","title":{"rendered":"Sherbrooke, destination de choix pour les talents internationaux en technologies de pointe"},"content":{"rendered":"\t\t<div data-elementor-type=\"wp-post\" data-elementor-id=\"26157\" class=\"elementor elementor-26157\" data-elementor-post-type=\"post\">\n\t\t\t\t<div class=\"elementor-element elementor-element-426ed1b e-flex e-con-boxed e-con e-parent\" data-id=\"426ed1b\" data-element_type=\"container\" data-e-type=\"container\">\n\t\t\t\t\t<div class=\"e-con-inner\">\n\t\t\t\t<div class=\"elementor-element elementor-element-e7a8aef elementor-widget elementor-widget-spacer\" data-id=\"e7a8aef\" data-element_type=\"widget\" data-e-type=\"widget\" data-widget_type=\"spacer.default\">\n\t\t\t\t\t\t\t<div class=\"elementor-spacer\">\n\t\t\t<div class=\"elementor-spacer-inner\"><\/div>\n\t\t<\/div>\n\t\t\t\t\t\t<\/div>\n\t\t\t\t<div class=\"elementor-element elementor-element-dc44b28 elementor-widget elementor-widget-text-editor\" data-id=\"dc44b28\" data-element_type=\"widget\" data-e-type=\"widget\" data-widget_type=\"text-editor.default\">\n\t\t\t\t\t\t\t\t\t<div><i><span lang=\"FR\">Voil\u00e0 plusieurs ann\u00e9es que Sherbrooke occupe une place de leader dans les technologies de pointe, et que la ville attire de plus en plus les regards des talents \u00e9trangers. Pour parler de ce qui fait la force de la grande ville d\u2019Estrie, nous avons rencontr\u00e9 Myriam Gagnon-Couture, coordonnatrice, attraction et r\u00e9tention des talents au Service du d\u00e9veloppement \u00e9conomique de la Ville de Sherbrooke, ainsi que Matthew Hamer et Elizabeth Girard, respectivement Head of nanofabrication et directrice des ressources humaines chez Nord Quantique.<\/span><\/i><\/div>\t\t\t\t\t\t\t\t<\/div>\n\t\t\t\t\t<\/div>\n\t\t\t\t<\/div>\n\t\t<div class=\"elementor-element elementor-element-abf9eaf e-flex e-con-boxed e-con e-parent\" data-id=\"abf9eaf\" data-element_type=\"container\" data-e-type=\"container\">\n\t\t\t\t\t<div class=\"e-con-inner\">\n\t\t\t\t<div class=\"elementor-element elementor-element-a11b27d elementor-widget elementor-widget-spacer\" data-id=\"a11b27d\" data-element_type=\"widget\" data-e-type=\"widget\" data-widget_type=\"spacer.default\">\n\t\t\t\t\t\t\t<div class=\"elementor-spacer\">\n\t\t\t<div class=\"elementor-spacer-inner\"><\/div>\n\t\t<\/div>\n\t\t\t\t\t\t<\/div>\n\t\t\t\t<div class=\"elementor-element elementor-element-d7d96fc elementor-widget elementor-widget-text-editor\" data-id=\"d7d96fc\" data-element_type=\"widget\" data-e-type=\"widget\" data-widget_type=\"text-editor.default\">\n\t\t\t\t\t\t\t\t\t<h3><em><strong>Immigrant Qu\u00e9bec (IQ) :<\/strong> <span lang=\"FR\">Quand on parle de technologies de pointe, comment d\u00e9construisez-vous l\u2019id\u00e9e que tout se joue en m\u00e9tropole, au d\u00e9triment des r\u00e9gions\u2009?<\/span><\/em><\/h3>\t\t\t\t\t\t\t\t<\/div>\n\t\t\t\t\t<\/div>\n\t\t\t\t<\/div>\n\t\t<div class=\"elementor-element elementor-element-55b2813 e-flex e-con-boxed e-con e-parent\" data-id=\"55b2813\" data-element_type=\"container\" data-e-type=\"container\">\n\t\t\t\t\t<div class=\"e-con-inner\">\n\t\t\t\t<div class=\"elementor-element elementor-element-ac5d099 elementor-widget elementor-widget-text-editor\" data-id=\"ac5d099\" data-element_type=\"widget\" data-e-type=\"widget\" data-widget_type=\"text-editor.default\">\n\t\t\t\t\t\t\t\t\t<div><b><span lang=\"FR\">Myriam Gagnon-C\u00f4t\u00e9 (MGC) : <\/span><\/b>J\u2019aimerais vous dire qu\u2019il y a une foule de belles opportunit\u00e9s ici avec une particularit\u00e9. Beaucoup d\u2019entreprises sont n\u00e9es de <i>spin-off<\/i> de l\u2019Universit\u00e9 de Sherbrooke. Nous avons donc beaucoup de petites et moyennes entreprises, qui ont connu une tr\u00e8s belle croissance, notamment dans les domaines technologiques, de la sant\u00e9 et de l\u2019ing\u00e9nierie. Elles ne sont pas forc\u00e9ment tr\u00e8s connues du grand public, mais elles offrent la particularit\u00e9 d\u2019une progression professionnelle rapide et personnalis\u00e9e aux comp\u00e9tences que les professionnels y apportent.<\/div>\t\t\t\t\t\t\t\t<\/div>\n\t\t\t\t\t<\/div>\n\t\t\t\t<\/div>\n\t\t<div class=\"elementor-element elementor-element-15518a0 e-flex e-con-boxed e-con e-parent\" data-id=\"15518a0\" data-element_type=\"container\" data-e-type=\"container\">\n\t\t\t\t\t<div class=\"e-con-inner\">\n\t\t\t\t<div class=\"elementor-element elementor-element-0ff76ae elementor-widget elementor-widget-spacer\" data-id=\"0ff76ae\" data-element_type=\"widget\" data-e-type=\"widget\" data-widget_type=\"spacer.default\">\n\t\t\t\t\t\t\t<div class=\"elementor-spacer\">\n\t\t\t<div class=\"elementor-spacer-inner\"><\/div>\n\t\t<\/div>\n\t\t\t\t\t\t<\/div>\n\t\t\t\t<div class=\"elementor-element elementor-element-2b58a87 elementor-widget elementor-widget-text-editor\" data-id=\"2b58a87\" data-element_type=\"widget\" data-e-type=\"widget\" data-widget_type=\"text-editor.default\">\n\t\t\t\t\t\t\t\t\t<h3><em><span lang=\"FR\"><strong>IQ :<\/strong> Qu\u2019est-ce qui distingue concr\u00e8tement l\u2019\u00e9cosyst\u00e8me sherbrookois en mati\u00e8re d\u2019attraction et de r\u00e9tention des talents industriels en technologie\u2009?<\/span><\/em><\/h3>\t\t\t\t\t\t\t\t<\/div>\n\t\t\t\t\t<\/div>\n\t\t\t\t<\/div>\n\t\t<div class=\"elementor-element elementor-element-155ab7e e-flex e-con-boxed e-con e-parent\" data-id=\"155ab7e\" data-element_type=\"container\" data-e-type=\"container\">\n\t\t\t\t\t<div class=\"e-con-inner\">\n\t\t\t\t<div class=\"elementor-element elementor-element-43c0f83 elementor-widget elementor-widget-text-editor\" data-id=\"43c0f83\" data-element_type=\"widget\" data-e-type=\"widget\" data-widget_type=\"text-editor.default\">\n\t\t\t\t\t\t\t\t\t<p style=\"font-weight: 400;\"><strong>MGC\u00a0:<\/strong> Nous avons de grands employeurs bien connus dans le secteur de la sant\u00e9 et dans l\u2019institutionnel, avec l\u2019Universit\u00e9 de Sherbrooke et le CIUSSS de l\u2019Estrie. Toutefois, de nombreux emplois se retrouvent dans les secteurs industriels et technologiques.<\/p><p style=\"font-weight: 400;\">En mati\u00e8re de d\u00e9veloppement, <strong>cinq secteurs forts<\/strong> propulsent vraiment l\u2019\u00e9conomie de Sherbrooke\u00a0:<\/p><ul><li>le manufacturier innovant,<\/li><li>les technologies de l\u2019information et l\u2019information quantique,<\/li><li>les technologies propres,<\/li><li>les micronanotechnologies,<\/li><li>les sciences de la vie.<\/li><\/ul><p><span style=\"font-weight: 400;\">Nous avons \u00e9galement une zone d\u2019innovation assez unique dans le <strong>secteur de la quantique <\/strong><\/span><span style=\"font-weight: 400;\">qui attire des talents de partout dans le monde. Notre \u00e9cosyst\u00e8me n\u2019a rien \u00e0 envier aux plus grands hubs technologiques. \u00c0 Sherbrooke, les travailleurs et les chercheurs ont acc\u00e8s \u00e0 des laboratoires sophistiqu\u00e9s et \u00e0 des experts de calibres mondiaux, le tout situ\u00e9 \u00e0 quelques minutes de la colline universitaire.<\/span><\/p>\t\t\t\t\t\t\t\t<\/div>\n\t\t\t\t\t<\/div>\n\t\t\t\t<\/div>\n\t\t<div class=\"elementor-element elementor-element-d2e70fb e-flex e-con-boxed e-con e-parent\" data-id=\"d2e70fb\" data-element_type=\"container\" data-e-type=\"container\">\n\t\t\t\t\t<div class=\"e-con-inner\">\n\t\t\t\t<div class=\"elementor-element elementor-element-7ab530a elementor-widget elementor-widget-spacer\" data-id=\"7ab530a\" data-element_type=\"widget\" data-e-type=\"widget\" data-widget_type=\"spacer.default\">\n\t\t\t\t\t\t\t<div class=\"elementor-spacer\">\n\t\t\t<div class=\"elementor-spacer-inner\"><\/div>\n\t\t<\/div>\n\t\t\t\t\t\t<\/div>\n\t\t\t\t<div class=\"elementor-element elementor-element-0230dc3 elementor-widget elementor-widget-text-editor\" data-id=\"0230dc3\" data-element_type=\"widget\" data-e-type=\"widget\" data-widget_type=\"text-editor.default\">\n\t\t\t\t\t\t\t\t\t<h3><em><strong>IQ : <\/strong><span lang=\"FR\">Chez les personnes qui choisissent de s\u2019installer \u00e0 Sherbrooke, quels profils ou projets de vie voyez-vous le plus souvent\u2009?<\/span><\/em><\/h3>\t\t\t\t\t\t\t\t<\/div>\n\t\t\t\t\t<\/div>\n\t\t\t\t<\/div>\n\t\t<div class=\"elementor-element elementor-element-e277b6e e-flex e-con-boxed e-con e-parent\" data-id=\"e277b6e\" data-element_type=\"container\" data-e-type=\"container\">\n\t\t\t\t\t<div class=\"e-con-inner\">\n\t\t\t\t<div class=\"elementor-element elementor-element-a67162e elementor-widget elementor-widget-text-editor\" data-id=\"a67162e\" data-element_type=\"widget\" data-e-type=\"widget\" data-widget_type=\"text-editor.default\">\n\t\t\t\t\t\t\t\t\t<div><p><b><span lang=\"FR\">MGC<\/span><\/b><span lang=\"FR\"> : C\u2019est vari\u00e9. On voit des projets d\u2019installation familiale, des gens qui fondent une famille et veulent vivre dans un milieu proche de la communaut\u00e9, dans un environnement s\u00e9curitaire avec des services de proximit\u00e9. Mais nous avons aussi des personnes en r\u00e9orientation, qui font un retour aux \u00e9tudes, puis viennent travailler dans la r\u00e9gion.<\/span><\/p><\/div><div><p><span lang=\"FR\">Beaucoup de jeunes dipl\u00f4m\u00e9s \u00e9galement qui restent ici parce qu\u2019ils ont fait d\u2019excellents stages en entreprise et ont d\u00e9couvert des opportunit\u00e9s de carri\u00e8re locales.<\/span>\u00a0<\/p><\/div><div><span lang=\"FR\">Sherbrooke est une terre d\u2019accueil depuis tr\u00e8s longtemps avec plus de 130\u00a0communaut\u00e9s culturelles diff\u00e9rentes et un ratio de diversit\u00e9 culturelle parmi les plus \u00e9lev\u00e9s au Qu\u00e9bec, ce qui est tr\u00e8s facilitant pour les nouveaux arrivants. <\/span><\/div>\t\t\t\t\t\t\t\t<\/div>\n\t\t\t\t\t<\/div>\n\t\t\t\t<\/div>\n\t\t<div class=\"elementor-element elementor-element-bc1179b e-flex e-con-boxed e-con e-parent\" data-id=\"bc1179b\" data-element_type=\"container\" data-e-type=\"container\">\n\t\t\t\t\t<div class=\"e-con-inner\">\n\t\t\t\t<div class=\"elementor-element elementor-element-02ccff2 elementor-widget elementor-widget-spacer\" data-id=\"02ccff2\" data-element_type=\"widget\" data-e-type=\"widget\" data-widget_type=\"spacer.default\">\n\t\t\t\t\t\t\t<div class=\"elementor-spacer\">\n\t\t\t<div class=\"elementor-spacer-inner\"><\/div>\n\t\t<\/div>\n\t\t\t\t\t\t<\/div>\n\t\t\t\t<div class=\"elementor-element elementor-element-d9025a3 elementor-widget elementor-widget-text-editor\" data-id=\"d9025a3\" data-element_type=\"widget\" data-e-type=\"widget\" data-widget_type=\"text-editor.default\">\n\t\t\t\t\t\t\t\t\t<h3><em><strong>IQ : <\/strong><span lang=\"FR\">Matthew, vous \u00eates un de ces talents internationaux, parlez-nous de votre installation \u00e0 Sherbrooke.<\/span><\/em><\/h3>\t\t\t\t\t\t\t\t<\/div>\n\t\t\t\t\t<\/div>\n\t\t\t\t<\/div>\n\t\t<div class=\"elementor-element elementor-element-e1be521 e-flex e-con-boxed e-con e-parent\" data-id=\"e1be521\" data-element_type=\"container\" data-e-type=\"container\">\n\t\t\t\t\t<div class=\"e-con-inner\">\n\t\t\t\t<div class=\"elementor-element elementor-element-2d8410b elementor-widget elementor-widget-text-editor\" data-id=\"2d8410b\" data-element_type=\"widget\" data-e-type=\"widget\" data-widget_type=\"text-editor.default\">\n\t\t\t\t\t\t\t\t\t<div><b><span lang=\"FR\">Matthew Hamer (MH) : <\/span><\/b>Je suis originaire d\u2019Angleterre, j\u2019ai termin\u00e9 mon doctorat en physique \u00e0 l\u2019Universit\u00e9 de Manchester en 2018. Ma premi\u00e8re fois au Canada a \u00e9t\u00e9 lorsque je suis arriv\u00e9 pour commencer mon emploi chez Nord Quantique. Sherbrooke est l\u2019un des meilleurs endroits au monde pour l\u2019informatique quantique. Au d\u00e9part, mes principales h\u00e9sitations concernaient la barri\u00e8re de la langue, la facilit\u00e9 avec laquelle je pourrais m\u2019int\u00e9grer, ainsi que le froid, auquel il faut se pr\u00e9parer quand on vient du Royaume-Uni\u2009! Le Canada a une image tr\u00e8s positive dans mon pays, mais je ne comprenais pas vraiment les diff\u00e9rences entre les provinces. Ce qui m\u2019a le plus surpris, c\u2019est \u00e0 quel point les gens \u00e9taient chaleureux et accueillants. Cela a rendu mon installation beaucoup plus facile que je ne l\u2019avais imagin\u00e9.<\/div>\t\t\t\t\t\t\t\t<\/div>\n\t\t\t\t\t<\/div>\n\t\t\t\t<\/div>\n\t\t<div class=\"elementor-element elementor-element-327c024 e-flex e-con-boxed e-con e-parent\" data-id=\"327c024\" data-element_type=\"container\" data-e-type=\"container\">\n\t\t\t\t\t<div class=\"e-con-inner\">\n\t\t\t\t<div class=\"elementor-element elementor-element-3197297 elementor-widget elementor-widget-spacer\" data-id=\"3197297\" data-element_type=\"widget\" data-e-type=\"widget\" data-widget_type=\"spacer.default\">\n\t\t\t\t\t\t\t<div class=\"elementor-spacer\">\n\t\t\t<div class=\"elementor-spacer-inner\"><\/div>\n\t\t<\/div>\n\t\t\t\t\t\t<\/div>\n\t\t\t\t<div class=\"elementor-element elementor-element-2a8c9c9 elementor-widget elementor-widget-text-editor\" data-id=\"2a8c9c9\" data-element_type=\"widget\" data-e-type=\"widget\" data-widget_type=\"text-editor.default\">\n\t\t\t\t\t\t\t\t\t<h3><em><b><span lang=\"FR\">IQ : <\/span><\/b><span lang=\"FR\">Comment Matthew a-t-il \u00e9t\u00e9 accompagn\u00e9 dans son processus d\u2019int\u00e9gration\u2009?<\/span><\/em><\/h3>\t\t\t\t\t\t\t\t<\/div>\n\t\t\t\t\t<\/div>\n\t\t\t\t<\/div>\n\t\t<div class=\"elementor-element elementor-element-8fc56ff e-flex e-con-boxed e-con e-parent\" data-id=\"8fc56ff\" data-element_type=\"container\" data-e-type=\"container\">\n\t\t\t\t\t<div class=\"e-con-inner\">\n\t\t\t\t<div class=\"elementor-element elementor-element-1c87876 elementor-widget elementor-widget-text-editor\" data-id=\"1c87876\" data-element_type=\"widget\" data-e-type=\"widget\" data-widget_type=\"text-editor.default\">\n\t\t\t\t\t\t\t\t\t<div><p><b><span lang=\"FR\">Elizabeth Girard (EG)\u00a0: <\/span><\/b><span lang=\"FR\">Nous avons profit\u00e9 des services offerts par la Ville pour faciliter la transition. Matthew a \u00e9t\u00e9 guid\u00e9 tout au long du processus de location d\u2019un appartement, d\u2019achat d\u2019une voiture et d\u2019ouverture d\u2019un compte bancaire.<\/span><\/p><\/div><div><p><span lang=\"FR\">Nous avons \u00e9galement aid\u00e9 Matthew \u00e0 s\u2019int\u00e9grer \u00e0 la culture qu\u00e9b\u00e9coise en lui faisant d\u00e9couvrir les environs, selon ses int\u00e9r\u00eats, notamment le mont Orford et ses sentiers, ou encore la visite d\u2019une cabane \u00e0 sucre. Le soutien offert par la communaut\u00e9 de Sherbrooke et les intervenants locaux l\u2019ont aid\u00e9 \u00e0 s\u2019int\u00e9grer rapidement, tant sur le plan professionnel que personnel.<\/span><\/p><\/div><div><p><b><span lang=\"FR\">MH\u00a0: <\/span><\/b><span lang=\"FR\">Gr\u00e2ce \u00e0 des activit\u00e9s sportives et r\u00e9cr\u00e9atives, je me suis li\u00e9 d\u2019amiti\u00e9 avec des locaux, et j\u2019ai eu de nombreuses occasions de pratiquer le fran\u00e7ais dans des situations quotidiennes. Participer \u00e0 des \u00e9v\u00e9nements et \u00e0 des festivals locaux m\u2019a \u00e9galement permis de me connecter \u00e0 la culture et de ressentir un fort sentiment d\u2019appartenance \u00e0 la r\u00e9gion. <\/span><\/p><\/div><div><p><span lang=\"FR\"><br \/><b>MGC\u00a0:<\/b> En effet \u00e0 Sherbrooke, l\u2019organisme sans but lucratif <i>Pr\u00e9f\u00e9rences Estrie<\/i>, accompagne les travailleurs et leurs familles pour un enracinement durable dans la communaut\u00e9.<\/span><\/p><\/div><div><span lang=\"FR\">Quand une personne d\u00e9croche un emploi, nous l<\/span>\u2019aidons, non seulement elle, mais \u00e9galement son conjoint ou sa conjointe, ainsi que leurs enfants<span lang=\"FR\">\u00a0: accompagnement dans sa recherche d\u2019emploi, formations, d\u00e9marches administratives, etc. ainsi que l\u2019int\u00e9gration des enfants\u00a0: inscription \u00e0 l\u2019\u00e9cole, garderie, activit\u00e9s.<\/span><\/div>\t\t\t\t\t\t\t\t<\/div>\n\t\t\t\t\t<\/div>\n\t\t\t\t<\/div>\n\t\t<div class=\"elementor-element elementor-element-0e0f689 e-flex e-con-boxed e-con e-parent\" data-id=\"0e0f689\" data-element_type=\"container\" data-e-type=\"container\">\n\t\t\t\t\t<div class=\"e-con-inner\">\n\t\t\t\t<div class=\"elementor-element elementor-element-31616e2 elementor-widget elementor-widget-spacer\" data-id=\"31616e2\" data-element_type=\"widget\" data-e-type=\"widget\" data-widget_type=\"spacer.default\">\n\t\t\t\t\t\t\t<div class=\"elementor-spacer\">\n\t\t\t<div class=\"elementor-spacer-inner\"><\/div>\n\t\t<\/div>\n\t\t\t\t\t\t<\/div>\n\t\t\t\t<div class=\"elementor-element elementor-element-ef07e97 elementor-widget elementor-widget-text-editor\" data-id=\"ef07e97\" data-element_type=\"widget\" data-e-type=\"widget\" data-widget_type=\"text-editor.default\">\n\t\t\t\t\t\t\t\t\t<h3><em><b><span lang=\"FR\">IQ : <\/span><\/b><span lang=\"FR\">Qu\u2019est-ce qui fait aujourd\u2019hui de Sherbrooke un endroit qui permet aux talents immigrants d\u2019y prendre racine durablement\u2009?<\/span><\/em><\/h3>\t\t\t\t\t\t\t\t<\/div>\n\t\t\t\t\t<\/div>\n\t\t\t\t<\/div>\n\t\t<div class=\"elementor-element elementor-element-26b9d9e e-flex e-con-boxed e-con e-parent\" data-id=\"26b9d9e\" data-element_type=\"container\" data-e-type=\"container\">\n\t\t\t\t\t<div class=\"e-con-inner\">\n\t\t\t\t<div class=\"elementor-element elementor-element-16d915a elementor-widget elementor-widget-text-editor\" data-id=\"16d915a\" data-element_type=\"widget\" data-e-type=\"widget\" data-widget_type=\"text-editor.default\">\n\t\t\t\t\t\t\t\t\t<div><p><b><span lang=\"FR\">MGC\u00a0:<\/span><\/b><span lang=\"FR\"> Je dirais que c\u2019est un lieu o\u00f9 l\u2019on se sent bien, o\u00f9 l\u2019on retrouve sa communaut\u00e9, o\u00f9 les liens sont faciles \u00e0 tisser. C\u2019est aussi un centre pour les secteurs d\u2019avenir.<\/span><\/p><\/div><div><p><span lang=\"FR\">On peut travailler la journ\u00e9e dans la quantique\u2026 et aller faire du ski en montagne le soir.<\/span><\/p><\/div><div><p><span lang=\"FR\">Il y a un v\u00e9ritable \u00e9quilibre : \u00eatre propuls\u00e9 vers l\u2019avenir en vivant dans un environnement plus doux, dans une ville \u00e0 taille humaine. Nous gardons des valeurs s\u00fbres tout en allant vers l\u2019avenir. Nous sommes au c\u0153ur de l\u2019action, sans l\u2019inconv\u00e9nient du trafic et sans les gratte-ciels.<\/span><\/p><\/div><div><p><b><span lang=\"FR\">EG\u00a0:<\/span><\/b><span lang=\"FR\"> Il est important pour Nord Quantique d\u2019offrir un accueil personnalis\u00e9 aux personnes immigrantes. Toutes n\u2019ont pas les m\u00eames besoins ni les m\u00eames int\u00e9r\u00eats\u2009; il est donc primordial d\u2019\u00eatre \u00e0 l\u2019\u00e9coute et de conserver une communication ouverte tout au long des d\u00e9marches de relocalisation.<\/span><\/p><\/div><div><span lang=\"FR\">Les attraits, les groupes de socialisation, toutes bonnes adresses \u00e0 d\u00e9couvrir dans la r\u00e9gion, que ce soit \u00e0 des fins touristiques, mais avant tout pour des besoins du quotidien, l\u00e0 est la cl\u00e9 d\u2019un accueil durable.<\/span><\/div>\t\t\t\t\t\t\t\t<\/div>\n\t\t\t\t\t<\/div>\n\t\t\t\t<\/div>\n\t\t<div class=\"elementor-element elementor-element-5c269da e-flex e-con-boxed e-con e-parent\" data-id=\"5c269da\" data-element_type=\"container\" data-e-type=\"container\">\n\t\t\t\t\t<div class=\"e-con-inner\">\n\t\t\t\t<div class=\"elementor-element elementor-element-1d4b326 elementor-widget elementor-widget-spacer\" data-id=\"1d4b326\" data-element_type=\"widget\" data-e-type=\"widget\" data-widget_type=\"spacer.default\">\n\t\t\t\t\t\t\t<div class=\"elementor-spacer\">\n\t\t\t<div class=\"elementor-spacer-inner\"><\/div>\n\t\t<\/div>\n\t\t\t\t\t\t<\/div>\n\t\t\t\t<div class=\"elementor-element elementor-element-9bab0ee elementor-widget elementor-widget-text-editor\" data-id=\"9bab0ee\" data-element_type=\"widget\" data-e-type=\"widget\" data-widget_type=\"text-editor.default\">\n\t\t\t\t\t\t\t\t\t<h3><em><strong><span lang=\"FR\">IQ : <\/span><\/strong><span lang=\"FR\">Justement Matthew, en quoi votre arriv\u00e9e chez Nord Quantique et l\u2019\u00e9cosyst\u00e8me technologique de Sherbrooke ont-ils contribu\u00e9 \u00e0 votre d\u00e9veloppement professionnel\u2009?<\/span><\/em><\/h3>\t\t\t\t\t\t\t\t<\/div>\n\t\t\t\t\t<\/div>\n\t\t\t\t<\/div>\n\t\t<div class=\"elementor-element elementor-element-f1a4099 e-flex e-con-boxed e-con e-parent\" data-id=\"f1a4099\" data-element_type=\"container\" data-e-type=\"container\">\n\t\t\t\t\t<div class=\"e-con-inner\">\n\t\t\t\t<div class=\"elementor-element elementor-element-eafa03c elementor-widget elementor-widget-text-editor\" data-id=\"eafa03c\" data-element_type=\"widget\" data-e-type=\"widget\" data-widget_type=\"text-editor.default\">\n\t\t\t\t\t\t\t\t\t<div><p><b><span lang=\"FR\">MH\u00a0:<\/span><\/b><span lang=\"FR\"> J\u2019ai \u00e9t\u00e9 la premi\u00e8re embauche internationale de l\u2019entreprise, et j\u2019ai rejoint Nord Quantique alors que l\u2019\u00e9quipe \u00e9tait encore tr\u00e8s petite : j\u2019\u00e9tais le septi\u00e8me employ\u00e9. Depuis, j\u2019ai pos\u00e9 les bases d\u2019une \u00e9quipe de nanofabrication qui nous a permis d\u2019utiliser les installations de l\u2019Universit\u00e9 de Sherbrooke pour fabriquer nos propres dispositifs quantiques, plut\u00f4t que de d\u00e9pendre de fonderies externes.<\/span><\/p><\/div><div><p><span lang=\"FR\">Pendant cette p\u00e9riode, j\u2019ai \u00e9norm\u00e9ment appris, surtout comme leader. J\u2019ai eu l\u2019occasion, et la confiance, de contribuer \u00e0 orienter la direction de l\u2019entreprise tout en d\u00e9veloppant l\u2019\u00e9quipe, qui compte maintenant six personnes.<\/span>\u00a0<\/p><\/div><div><span lang=\"FR\">Et ma vie personnelle a beaucoup chang\u00e9 aussi\u2009! Depuis que je vis au Qu\u00e9bec, j\u2019ai rencontr\u00e9 ma femme, qui est originaire d\u2019ici. Nous avons achet\u00e9 une maison \u00e0 Ascot Corner et nous attendons notre premier enfant. Sherbrooke aura toujours une place sp\u00e9ciale dans mon c\u0153ur.<\/span><\/div>\t\t\t\t\t\t\t\t<\/div>\n\t\t\t\t\t<\/div>\n\t\t\t\t<\/div>\n\t\t<div class=\"elementor-element elementor-element-974b7e8 e-flex e-con-boxed e-con e-parent\" data-id=\"974b7e8\" data-element_type=\"container\" data-e-type=\"container\">\n\t\t\t\t\t<div class=\"e-con-inner\">\n\t\t\t\t<div class=\"elementor-element elementor-element-6abbeaa elementor-widget elementor-widget-text-editor\" data-id=\"6abbeaa\" data-element_type=\"widget\" data-e-type=\"widget\" data-widget_type=\"text-editor.default\">\n\t\t\t\t\t\t\t\t\t<p><em>Photo : Sherbrooke Innovante<\/em><\/p>\t\t\t\t\t\t\t\t<\/div>\n\t\t\t\t\t<\/div>\n\t\t\t\t<\/div>\n\t\t\t\t<\/div>\n\t\t","protected":false},"excerpt":{"rendered":"<p>Regards crois\u00e9s sur les atouts qui font de l&rsquo;Estrie une destination de choix en mati\u00e8re de relocalisation des talents \u00e9trangers.<\/p>\n","protected":false},"author":3587,"featured_media":26158,"comment_status":"closed","ping_status":"closed","sticky":false,"template":"","format":"standard","meta":{"_acf_changed":false,"_genesis_hide_title":false,"_genesis_hide_breadcrumbs":false,"_genesis_hide_singular_image":false,"_genesis_hide_footer_widgets":false,"_genesis_custom_body_class":"","_genesis_custom_post_class":"","_genesis_layout":"","footnotes":""},"categories":[103],"tags":[],"class_list":{"0":"post-26157","1":"post","2":"type-post","3":"status-publish","4":"format-standard","5":"has-post-thumbnail","7":"category-conseils-d-experts","8":"entry"},"acf":[],"yoast_head":"<!-- This site is optimized with the Yoast SEO plugin v27.5 - https:\/\/yoast.com\/product\/yoast-seo-wordpress\/ -->\n<title>Sherbrooke, destination de choix pour les talents internationaux en technologies de pointe - Immigrant Qu\u00e9bec<\/title>\n<meta name=\"description\" content=\"Regards crois\u00e9s sur les atouts qui font de l&#039;Estrie une destination de choix en mati\u00e8re de relocalisation des talents \u00e9trangers.\" \/>\n<meta name=\"robots\" content=\"index, follow, max-snippet:-1, max-image-preview:large, max-video-preview:-1\" \/>\n<link rel=\"canonical\" href=\"https:\/\/immigrantquebec.com\/fr\/conseils-d-experts\/sherbrooke-destination-de-choix-pour-les-talents-internationaux-en-technologies-de-pointe\/\" \/>\n<meta property=\"og:locale\" content=\"fr_FR\" \/>\n<meta property=\"og:type\" content=\"article\" \/>\n<meta property=\"og:title\" content=\"Sherbrooke, destination de choix pour les talents internationaux en technologies de pointe - Immigrant Qu\u00e9bec\" \/>\n<meta property=\"og:description\" content=\"Regards crois\u00e9s sur les atouts qui font de l&#039;Estrie une destination de choix en mati\u00e8re de relocalisation des talents \u00e9trangers.\" \/>\n<meta property=\"og:url\" content=\"https:\/\/immigrantquebec.com\/fr\/conseils-d-experts\/sherbrooke-destination-de-choix-pour-les-talents-internationaux-en-technologies-de-pointe\/\" \/>\n<meta property=\"og:site_name\" content=\"Immigrant Qu\u00e9bec\" \/>\n<meta property=\"article:publisher\" content=\"https:\/\/www.facebook.com\/immigrantquebec\" \/>\n<meta property=\"article:published_time\" content=\"2026-03-24T18:51:38+00:00\" \/>\n<meta property=\"article:modified_time\" content=\"2026-03-27T17:56:50+00:00\" \/>\n<meta property=\"og:image\" content=\"https:\/\/immigrantquebec.com\/fr\/wp-content\/uploads\/2026\/03\/3.png\" \/>\n\t<meta property=\"og:image:width\" content=\"950\" \/>\n\t<meta property=\"og:image:height\" content=\"400\" \/>\n\t<meta property=\"og:image:type\" content=\"image\/png\" \/>\n<meta name=\"author\" content=\"Sherbrooke Vibrante\" \/>\n<meta name=\"twitter:label1\" content=\"\u00c9crit par\" \/>\n\t<meta name=\"twitter:data1\" content=\"Sherbrooke Vibrante\" \/>\n\t<meta name=\"twitter:label2\" content=\"Dur\u00e9e de lecture estim\u00e9e\" \/>\n\t<meta name=\"twitter:data2\" content=\"7 minutes\" \/>\n<script type=\"application\/ld+json\" class=\"yoast-schema-graph\">{\"@context\":\"https:\\\/\\\/schema.org\",\"@graph\":[{\"@type\":\"Article\",\"@id\":\"https:\\\/\\\/immigrantquebec.com\\\/fr\\\/conseils-d-experts\\\/sherbrooke-destination-de-choix-pour-les-talents-internationaux-en-technologies-de-pointe\\\/#article\",\"isPartOf\":{\"@id\":\"https:\\\/\\\/immigrantquebec.com\\\/fr\\\/conseils-d-experts\\\/sherbrooke-destination-de-choix-pour-les-talents-internationaux-en-technologies-de-pointe\\\/\"},\"author\":{\"name\":\"Sherbrooke Vibrante\",\"@id\":\"https:\\\/\\\/immigrantquebec.com\\\/fr\\\/#\\\/schema\\\/person\\\/8c91e205d361d9210f59a60336c3e3e9\"},\"headline\":\"Sherbrooke, destination de choix pour les talents internationaux en technologies de pointe\",\"datePublished\":\"2026-03-24T18:51:38+00:00\",\"dateModified\":\"2026-03-27T17:56:50+00:00\",\"mainEntityOfPage\":{\"@id\":\"https:\\\/\\\/immigrantquebec.com\\\/fr\\\/conseils-d-experts\\\/sherbrooke-destination-de-choix-pour-les-talents-internationaux-en-technologies-de-pointe\\\/\"},\"wordCount\":1366,\"publisher\":{\"@id\":\"https:\\\/\\\/immigrantquebec.com\\\/fr\\\/#organization\"},\"image\":{\"@id\":\"https:\\\/\\\/immigrantquebec.com\\\/fr\\\/conseils-d-experts\\\/sherbrooke-destination-de-choix-pour-les-talents-internationaux-en-technologies-de-pointe\\\/#primaryimage\"},\"thumbnailUrl\":\"https:\\\/\\\/immigrantquebec.com\\\/fr\\\/wp-content\\\/uploads\\\/2026\\\/03\\\/3.png\",\"articleSection\":[\"Conseils d'experts\"],\"inLanguage\":\"fr-FR\"},{\"@type\":\"WebPage\",\"@id\":\"https:\\\/\\\/immigrantquebec.com\\\/fr\\\/conseils-d-experts\\\/sherbrooke-destination-de-choix-pour-les-talents-internationaux-en-technologies-de-pointe\\\/\",\"url\":\"https:\\\/\\\/immigrantquebec.com\\\/fr\\\/conseils-d-experts\\\/sherbrooke-destination-de-choix-pour-les-talents-internationaux-en-technologies-de-pointe\\\/\",\"name\":\"Sherbrooke, destination de choix pour les talents internationaux en technologies de pointe - Immigrant Qu\u00e9bec\",\"isPartOf\":{\"@id\":\"https:\\\/\\\/immigrantquebec.com\\\/fr\\\/#website\"},\"primaryImageOfPage\":{\"@id\":\"https:\\\/\\\/immigrantquebec.com\\\/fr\\\/conseils-d-experts\\\/sherbrooke-destination-de-choix-pour-les-talents-internationaux-en-technologies-de-pointe\\\/#primaryimage\"},\"image\":{\"@id\":\"https:\\\/\\\/immigrantquebec.com\\\/fr\\\/conseils-d-experts\\\/sherbrooke-destination-de-choix-pour-les-talents-internationaux-en-technologies-de-pointe\\\/#primaryimage\"},\"thumbnailUrl\":\"https:\\\/\\\/immigrantquebec.com\\\/fr\\\/wp-content\\\/uploads\\\/2026\\\/03\\\/3.png\",\"datePublished\":\"2026-03-24T18:51:38+00:00\",\"dateModified\":\"2026-03-27T17:56:50+00:00\",\"description\":\"Regards crois\u00e9s sur les atouts qui font de l'Estrie une destination de choix en mati\u00e8re de relocalisation des talents \u00e9trangers.\",\"breadcrumb\":{\"@id\":\"https:\\\/\\\/immigrantquebec.com\\\/fr\\\/conseils-d-experts\\\/sherbrooke-destination-de-choix-pour-les-talents-internationaux-en-technologies-de-pointe\\\/#breadcrumb\"},\"inLanguage\":\"fr-FR\",\"potentialAction\":[{\"@type\":\"ReadAction\",\"target\":[\"https:\\\/\\\/immigrantquebec.com\\\/fr\\\/conseils-d-experts\\\/sherbrooke-destination-de-choix-pour-les-talents-internationaux-en-technologies-de-pointe\\\/\"]}]},{\"@type\":\"ImageObject\",\"inLanguage\":\"fr-FR\",\"@id\":\"https:\\\/\\\/immigrantquebec.com\\\/fr\\\/conseils-d-experts\\\/sherbrooke-destination-de-choix-pour-les-talents-internationaux-en-technologies-de-pointe\\\/#primaryimage\",\"url\":\"https:\\\/\\\/immigrantquebec.com\\\/fr\\\/wp-content\\\/uploads\\\/2026\\\/03\\\/3.png\",\"contentUrl\":\"https:\\\/\\\/immigrantquebec.com\\\/fr\\\/wp-content\\\/uploads\\\/2026\\\/03\\\/3.png\",\"width\":950,\"height\":400},{\"@type\":\"BreadcrumbList\",\"@id\":\"https:\\\/\\\/immigrantquebec.com\\\/fr\\\/conseils-d-experts\\\/sherbrooke-destination-de-choix-pour-les-talents-internationaux-en-technologies-de-pointe\\\/#breadcrumb\",\"itemListElement\":[{\"@type\":\"ListItem\",\"position\":1,\"name\":\"Accueil\",\"item\":\"https:\\\/\\\/immigrantquebec.com\\\/fr\\\/\"},{\"@type\":\"ListItem\",\"position\":2,\"name\":\"Conseils d'experts\",\"item\":\"https:\\\/\\\/immigrantquebec.com\\\/fr\\\/conseils-d-experts\\\/\"},{\"@type\":\"ListItem\",\"position\":3,\"name\":\"Sherbrooke, destination de choix pour les talents internationaux en technologies de pointe\"}]},{\"@type\":\"WebSite\",\"@id\":\"https:\\\/\\\/immigrantquebec.com\\\/fr\\\/#website\",\"url\":\"https:\\\/\\\/immigrantquebec.com\\\/fr\\\/\",\"name\":\"Immigrant Qu\u00e9bec\",\"description\":\"Immigrer, vivre, travailler et \u00e9tudier au Qu\u00e9bec, Canada\",\"publisher\":{\"@id\":\"https:\\\/\\\/immigrantquebec.com\\\/fr\\\/#organization\"},\"potentialAction\":[{\"@type\":\"SearchAction\",\"target\":{\"@type\":\"EntryPoint\",\"urlTemplate\":\"https:\\\/\\\/immigrantquebec.com\\\/fr\\\/?s={search_term_string}\"},\"query-input\":{\"@type\":\"PropertyValueSpecification\",\"valueRequired\":true,\"valueName\":\"search_term_string\"}}],\"inLanguage\":\"fr-FR\"},{\"@type\":\"Organization\",\"@id\":\"https:\\\/\\\/immigrantquebec.com\\\/fr\\\/#organization\",\"name\":\"Immigrant Qu\u00e9bec\",\"url\":\"https:\\\/\\\/immigrantquebec.com\\\/fr\\\/\",\"logo\":{\"@type\":\"ImageObject\",\"inLanguage\":\"fr-FR\",\"@id\":\"https:\\\/\\\/immigrantquebec.com\\\/fr\\\/#\\\/schema\\\/logo\\\/image\\\/\",\"url\":\"https:\\\/\\\/immigrantquebec.com\\\/fr\\\/wp-content\\\/uploads\\\/2024\\\/03\\\/LogoIQ-2024-RVB.png\",\"contentUrl\":\"https:\\\/\\\/immigrantquebec.com\\\/fr\\\/wp-content\\\/uploads\\\/2024\\\/03\\\/LogoIQ-2024-RVB.png\",\"width\":2500,\"height\":1137,\"caption\":\"Immigrant Qu\u00e9bec\"},\"image\":{\"@id\":\"https:\\\/\\\/immigrantquebec.com\\\/fr\\\/#\\\/schema\\\/logo\\\/image\\\/\"},\"sameAs\":[\"https:\\\/\\\/www.facebook.com\\\/immigrantquebec\",\"https:\\\/\\\/x.com\\\/ImmigrantQuebec\",\"https:\\\/\\\/www.instagram.com\\\/immigrantquebec\",\"https:\\\/\\\/www.youtube.com\\\/user\\\/ImmigrantQc\"]},{\"@type\":\"Person\",\"@id\":\"https:\\\/\\\/immigrantquebec.com\\\/fr\\\/#\\\/schema\\\/person\\\/8c91e205d361d9210f59a60336c3e3e9\",\"name\":\"Sherbrooke Vibrante\",\"image\":{\"@type\":\"ImageObject\",\"inLanguage\":\"fr-FR\",\"@id\":\"https:\\\/\\\/immigrantquebec.com\\\/fr\\\/wp-content\\\/uploads\\\/2026\\\/03\\\/logo_S_Vibrante-500-96x96.png\",\"url\":\"https:\\\/\\\/immigrantquebec.com\\\/fr\\\/wp-content\\\/uploads\\\/2026\\\/03\\\/logo_S_Vibrante-500-96x96.png\",\"contentUrl\":\"https:\\\/\\\/immigrantquebec.com\\\/fr\\\/wp-content\\\/uploads\\\/2026\\\/03\\\/logo_S_Vibrante-500-96x96.png\",\"caption\":\"Sherbrooke Vibrante\"},\"description\":\"Vivre \u00e0 Sherbrooke, c\u2019est choisir l\u2019\u00e9quilibre : celui d\u2019une grande ville \u00e0 taille humaine o\u00f9 tout est \u00e0 port\u00e9e de main. Class\u00e9e parmi les villes canadiennes les plus abordables, Sherbrooke s\u00e9duit par son authenticit\u00e9 et son accueil naturel !\",\"url\":\"https:\\\/\\\/immigrantquebec.com\\\/fr\\\/author\\\/sherbrooke-vibrante\\\/\"}]}<\/script>\n<!-- \/ Yoast SEO plugin. -->","yoast_head_json":{"title":"Sherbrooke, destination de choix pour les talents internationaux en technologies de pointe - Immigrant Qu\u00e9bec","description":"Regards crois\u00e9s sur les atouts qui font de l'Estrie une destination de choix en mati\u00e8re de relocalisation des talents \u00e9trangers.","robots":{"index":"index","follow":"follow","max-snippet":"max-snippet:-1","max-image-preview":"max-image-preview:large","max-video-preview":"max-video-preview:-1"},"canonical":"https:\/\/immigrantquebec.com\/fr\/conseils-d-experts\/sherbrooke-destination-de-choix-pour-les-talents-internationaux-en-technologies-de-pointe\/","og_locale":"fr_FR","og_type":"article","og_title":"Sherbrooke, destination de choix pour les talents internationaux en technologies de pointe - Immigrant Qu\u00e9bec","og_description":"Regards crois\u00e9s sur les atouts qui font de l'Estrie une destination de choix en mati\u00e8re de relocalisation des talents \u00e9trangers.","og_url":"https:\/\/immigrantquebec.com\/fr\/conseils-d-experts\/sherbrooke-destination-de-choix-pour-les-talents-internationaux-en-technologies-de-pointe\/","og_site_name":"Immigrant Qu\u00e9bec","article_publisher":"https:\/\/www.facebook.com\/immigrantquebec","article_published_time":"2026-03-24T18:51:38+00:00","article_modified_time":"2026-03-27T17:56:50+00:00","og_image":[{"width":950,"height":400,"url":"https:\/\/immigrantquebec.com\/fr\/wp-content\/uploads\/2026\/03\/3.png","type":"image\/png"}],"author":"Sherbrooke Vibrante","twitter_misc":{"\u00c9crit par":"Sherbrooke Vibrante","Dur\u00e9e de lecture estim\u00e9e":"7 minutes"},"schema":{"@context":"https:\/\/schema.org","@graph":[{"@type":"Article","@id":"https:\/\/immigrantquebec.com\/fr\/conseils-d-experts\/sherbrooke-destination-de-choix-pour-les-talents-internationaux-en-technologies-de-pointe\/#article","isPartOf":{"@id":"https:\/\/immigrantquebec.com\/fr\/conseils-d-experts\/sherbrooke-destination-de-choix-pour-les-talents-internationaux-en-technologies-de-pointe\/"},"author":{"name":"Sherbrooke Vibrante","@id":"https:\/\/immigrantquebec.com\/fr\/#\/schema\/person\/8c91e205d361d9210f59a60336c3e3e9"},"headline":"Sherbrooke, destination de choix pour les talents internationaux en technologies de pointe","datePublished":"2026-03-24T18:51:38+00:00","dateModified":"2026-03-27T17:56:50+00:00","mainEntityOfPage":{"@id":"https:\/\/immigrantquebec.com\/fr\/conseils-d-experts\/sherbrooke-destination-de-choix-pour-les-talents-internationaux-en-technologies-de-pointe\/"},"wordCount":1366,"publisher":{"@id":"https:\/\/immigrantquebec.com\/fr\/#organization"},"image":{"@id":"https:\/\/immigrantquebec.com\/fr\/conseils-d-experts\/sherbrooke-destination-de-choix-pour-les-talents-internationaux-en-technologies-de-pointe\/#primaryimage"},"thumbnailUrl":"https:\/\/immigrantquebec.com\/fr\/wp-content\/uploads\/2026\/03\/3.png","articleSection":["Conseils d'experts"],"inLanguage":"fr-FR"},{"@type":"WebPage","@id":"https:\/\/immigrantquebec.com\/fr\/conseils-d-experts\/sherbrooke-destination-de-choix-pour-les-talents-internationaux-en-technologies-de-pointe\/","url":"https:\/\/immigrantquebec.com\/fr\/conseils-d-experts\/sherbrooke-destination-de-choix-pour-les-talents-internationaux-en-technologies-de-pointe\/","name":"Sherbrooke, destination de choix pour les talents internationaux en technologies de pointe - Immigrant Qu\u00e9bec","isPartOf":{"@id":"https:\/\/immigrantquebec.com\/fr\/#website"},"primaryImageOfPage":{"@id":"https:\/\/immigrantquebec.com\/fr\/conseils-d-experts\/sherbrooke-destination-de-choix-pour-les-talents-internationaux-en-technologies-de-pointe\/#primaryimage"},"image":{"@id":"https:\/\/immigrantquebec.com\/fr\/conseils-d-experts\/sherbrooke-destination-de-choix-pour-les-talents-internationaux-en-technologies-de-pointe\/#primaryimage"},"thumbnailUrl":"https:\/\/immigrantquebec.com\/fr\/wp-content\/uploads\/2026\/03\/3.png","datePublished":"2026-03-24T18:51:38+00:00","dateModified":"2026-03-27T17:56:50+00:00","description":"Regards crois\u00e9s sur les atouts qui font de l'Estrie une destination de choix en mati\u00e8re de relocalisation des talents \u00e9trangers.","breadcrumb":{"@id":"https:\/\/immigrantquebec.com\/fr\/conseils-d-experts\/sherbrooke-destination-de-choix-pour-les-talents-internationaux-en-technologies-de-pointe\/#breadcrumb"},"inLanguage":"fr-FR","potentialAction":[{"@type":"ReadAction","target":["https:\/\/immigrantquebec.com\/fr\/conseils-d-experts\/sherbrooke-destination-de-choix-pour-les-talents-internationaux-en-technologies-de-pointe\/"]}]},{"@type":"ImageObject","inLanguage":"fr-FR","@id":"https:\/\/immigrantquebec.com\/fr\/conseils-d-experts\/sherbrooke-destination-de-choix-pour-les-talents-internationaux-en-technologies-de-pointe\/#primaryimage","url":"https:\/\/immigrantquebec.com\/fr\/wp-content\/uploads\/2026\/03\/3.png","contentUrl":"https:\/\/immigrantquebec.com\/fr\/wp-content\/uploads\/2026\/03\/3.png","width":950,"height":400},{"@type":"BreadcrumbList","@id":"https:\/\/immigrantquebec.com\/fr\/conseils-d-experts\/sherbrooke-destination-de-choix-pour-les-talents-internationaux-en-technologies-de-pointe\/#breadcrumb","itemListElement":[{"@type":"ListItem","position":1,"name":"Accueil","item":"https:\/\/immigrantquebec.com\/fr\/"},{"@type":"ListItem","position":2,"name":"Conseils d'experts","item":"https:\/\/immigrantquebec.com\/fr\/conseils-d-experts\/"},{"@type":"ListItem","position":3,"name":"Sherbrooke, destination de choix pour les talents internationaux en technologies de pointe"}]},{"@type":"WebSite","@id":"https:\/\/immigrantquebec.com\/fr\/#website","url":"https:\/\/immigrantquebec.com\/fr\/","name":"Immigrant Qu\u00e9bec","description":"Immigrer, vivre, travailler et \u00e9tudier au Qu\u00e9bec, Canada","publisher":{"@id":"https:\/\/immigrantquebec.com\/fr\/#organization"},"potentialAction":[{"@type":"SearchAction","target":{"@type":"EntryPoint","urlTemplate":"https:\/\/immigrantquebec.com\/fr\/?s={search_term_string}"},"query-input":{"@type":"PropertyValueSpecification","valueRequired":true,"valueName":"search_term_string"}}],"inLanguage":"fr-FR"},{"@type":"Organization","@id":"https:\/\/immigrantquebec.com\/fr\/#organization","name":"Immigrant Qu\u00e9bec","url":"https:\/\/immigrantquebec.com\/fr\/","logo":{"@type":"ImageObject","inLanguage":"fr-FR","@id":"https:\/\/immigrantquebec.com\/fr\/#\/schema\/logo\/image\/","url":"https:\/\/immigrantquebec.com\/fr\/wp-content\/uploads\/2024\/03\/LogoIQ-2024-RVB.png","contentUrl":"https:\/\/immigrantquebec.com\/fr\/wp-content\/uploads\/2024\/03\/LogoIQ-2024-RVB.png","width":2500,"height":1137,"caption":"Immigrant Qu\u00e9bec"},"image":{"@id":"https:\/\/immigrantquebec.com\/fr\/#\/schema\/logo\/image\/"},"sameAs":["https:\/\/www.facebook.com\/immigrantquebec","https:\/\/x.com\/ImmigrantQuebec","https:\/\/www.instagram.com\/immigrantquebec","https:\/\/www.youtube.com\/user\/ImmigrantQc"]},{"@type":"Person","@id":"https:\/\/immigrantquebec.com\/fr\/#\/schema\/person\/8c91e205d361d9210f59a60336c3e3e9","name":"Sherbrooke Vibrante","image":{"@type":"ImageObject","inLanguage":"fr-FR","@id":"https:\/\/immigrantquebec.com\/fr\/wp-content\/uploads\/2026\/03\/logo_S_Vibrante-500-96x96.png","url":"https:\/\/immigrantquebec.com\/fr\/wp-content\/uploads\/2026\/03\/logo_S_Vibrante-500-96x96.png","contentUrl":"https:\/\/immigrantquebec.com\/fr\/wp-content\/uploads\/2026\/03\/logo_S_Vibrante-500-96x96.png","caption":"Sherbrooke Vibrante"},"description":"Vivre \u00e0 Sherbrooke, c\u2019est choisir l\u2019\u00e9quilibre : celui d\u2019une grande ville \u00e0 taille humaine o\u00f9 tout est \u00e0 port\u00e9e de main. Class\u00e9e parmi les villes canadiennes les plus abordables, Sherbrooke s\u00e9duit par son authenticit\u00e9 et son accueil naturel !","url":"https:\/\/immigrantquebec.com\/fr\/author\/sherbrooke-vibrante\/"}]}},"_links":{"self":[{"href":"https:\/\/immigrantquebec.com\/fr\/wp-json\/wp\/v2\/posts\/26157","targetHints":{"allow":["GET"]}}],"collection":[{"href":"https:\/\/immigrantquebec.com\/fr\/wp-json\/wp\/v2\/posts"}],"about":[{"href":"https:\/\/immigrantquebec.com\/fr\/wp-json\/wp\/v2\/types\/post"}],"author":[{"embeddable":true,"href":"https:\/\/immigrantquebec.com\/fr\/wp-json\/wp\/v2\/users\/3587"}],"replies":[{"embeddable":true,"href":"https:\/\/immigrantquebec.com\/fr\/wp-json\/wp\/v2\/comments?post=26157"}],"version-history":[{"count":23,"href":"https:\/\/immigrantquebec.com\/fr\/wp-json\/wp\/v2\/posts\/26157\/revisions"}],"predecessor-version":[{"id":26218,"href":"https:\/\/immigrantquebec.com\/fr\/wp-json\/wp\/v2\/posts\/26157\/revisions\/26218"}],"wp:featuredmedia":[{"embeddable":true,"href":"https:\/\/immigrantquebec.com\/fr\/wp-json\/wp\/v2\/media\/26158"}],"wp:attachment":[{"href":"https:\/\/immigrantquebec.com\/fr\/wp-json\/wp\/v2\/media?parent=26157"}],"wp:term":[{"taxonomy":"category","embeddable":true,"href":"https:\/\/immigrantquebec.com\/fr\/wp-json\/wp\/v2\/categories?post=26157"},{"taxonomy":"post_tag","embeddable":true,"href":"https:\/\/immigrantquebec.com\/fr\/wp-json\/wp\/v2\/tags?post=26157"}],"curies":[{"name":"wp","href":"https:\/\/api.w.org\/{rel}","templated":true}]}}