{"id":26185,"date":"2026-03-27T10:49:52","date_gmt":"2026-03-27T14:49:52","guid":{"rendered":"https:\/\/immigrantquebec.com\/fr\/?p=26185"},"modified":"2026-03-27T11:40:33","modified_gmt":"2026-03-27T15:40:33","slug":"une-formation-professionnelle-exemptee-de-droits-de-scolarite-pour-les-conjoints-de-travailleurs-temporaires-au-quebec","status":"publish","type":"post","link":"https:\/\/immigrantquebec.com\/fr\/conseils-d-experts\/une-formation-professionnelle-exemptee-de-droits-de-scolarite-pour-les-conjoints-de-travailleurs-temporaires-au-quebec\/","title":{"rendered":"Une formation professionnelle exempt\u00e9e de droits de scolarit\u00e9 pour les conjoints de travailleurs temporaires au Qu\u00e9bec"},"content":{"rendered":"\t\t<div data-elementor-type=\"wp-post\" data-elementor-id=\"26185\" class=\"elementor elementor-26185\" data-elementor-post-type=\"post\">\n\t\t\t\t<div class=\"elementor-element elementor-element-6d4e152 e-flex e-con-boxed e-con e-parent\" data-id=\"6d4e152\" data-element_type=\"container\" data-e-type=\"container\">\n\t\t\t\t\t<div class=\"e-con-inner\">\n\t\t\t\t<div class=\"elementor-element elementor-element-484aa24 elementor-widget elementor-widget-text-editor\" data-id=\"484aa24\" data-element_type=\"widget\" data-e-type=\"widget\" data-widget_type=\"text-editor.default\">\n\t\t\t\t\t\t\t\t\t<div><i>Le Programme d\u2019accompagnement des conjoints de travailleurs temporaires (PACTT) facilite l\u2019acc\u00e8s \u00e0 une formation professionnelle au Qu\u00e9bec pour les membres de la famille qui accompagnent le travailleur \u00e9tranger temporaire. La d\u00e9marche vise \u00e0 soutenir l\u2019autonomie des familles et l\u2019int\u00e9gration en r\u00e9gion.<\/i><\/div>\t\t\t\t\t\t\t\t<\/div>\n\t\t\t\t\t<\/div>\n\t\t\t\t<\/div>\n\t\t<div class=\"elementor-element elementor-element-073b733 e-flex e-con-boxed e-con e-parent\" data-id=\"073b733\" data-element_type=\"container\" data-e-type=\"container\">\n\t\t\t\t\t<div class=\"e-con-inner\">\n\t\t\t\t<div class=\"elementor-element elementor-element-55f8f56 elementor-widget elementor-widget-spacer\" data-id=\"55f8f56\" data-element_type=\"widget\" data-e-type=\"widget\" data-widget_type=\"spacer.default\">\n\t\t\t\t\t\t\t<div class=\"elementor-spacer\">\n\t\t\t<div class=\"elementor-spacer-inner\"><\/div>\n\t\t<\/div>\n\t\t\t\t\t\t<\/div>\n\t\t\t\t<div class=\"elementor-element elementor-element-87dad28 elementor-widget elementor-widget-text-editor\" data-id=\"87dad28\" data-element_type=\"widget\" data-e-type=\"widget\" data-widget_type=\"text-editor.default\">\n\t\t\t\t\t\t\t\t\t<p style=\"font-weight: 400;\">On le sait, il est devenu plus difficile pour un r\u00e9sident temporaire d\u2019ouvrir le droit, pour les membres de sa famille accompagnante, \u00e0 un permis de travail ouvert.<\/p><p style=\"font-weight: 400;\">Pour l\u2019\u00e9tudiant \u00e9tranger, cela est actuellement<\/p><ul><li>Impossible pour l\u2019\u00e9tudiant inscrit en formation professionnelle.<\/li><li>Limit\u00e9 s\u2019il \u00e9tudie dans un cycle sup\u00e9rieur.<\/li><\/ul><p style=\"font-weight: 400;\">Quant au conjoint et aux enfants \u00e0 charge du travailleur \u00e9tranger temporaire (TET), ils doivent soit se contenter d\u2019un permis de visiteur, soit obtenir leur propre permis de travail (\u00e0 l\u2019appui d\u2019une offre d\u2019emploi valide), <a href=\"https:\/\/immigrantquebec.com\/fr\/preparer\/immigrer-s-expatrier-permis-et-visas\/la-famille-accompagnante-du-travailleur-etranger-temporaire\/\" target=\"_blank\" rel=\"noopener\"><strong>d\u00e8s lors qu\u2019il n\u2019entre pas dans un cas d\u2019admissibilit\u00e9<\/strong><\/a>.<\/p><p style=\"font-weight: 400;\">Pourtant, il existe une voie int\u00e9ressante pour les conjoints et enfants \u00e0 charge qui accompagnent le TET de faire d\u2019une pierre, deux coups\u00a0: suivre une formation courte qui les pr\u00e9parent, eux aussi, au march\u00e9 du travail \u2014 avec, \u00e0 la cl\u00e9, des incitatifs financiers importants.<\/p>\t\t\t\t\t\t\t\t<\/div>\n\t\t\t\t\t<\/div>\n\t\t\t\t<\/div>\n\t\t<div class=\"elementor-element elementor-element-1de4681 e-flex e-con-boxed e-con e-parent\" data-id=\"1de4681\" data-element_type=\"container\" data-e-type=\"container\">\n\t\t\t\t\t<div class=\"e-con-inner\">\n\t\t\t\t<div class=\"elementor-element elementor-element-90c3aa9 elementor-widget elementor-widget-spacer\" data-id=\"90c3aa9\" data-element_type=\"widget\" data-e-type=\"widget\" data-widget_type=\"spacer.default\">\n\t\t\t\t\t\t\t<div class=\"elementor-spacer\">\n\t\t\t<div class=\"elementor-spacer-inner\"><\/div>\n\t\t<\/div>\n\t\t\t\t\t\t<\/div>\n\t\t\t\t<div class=\"elementor-element elementor-element-30bc382 elementor-widget elementor-widget-heading\" data-id=\"30bc382\" data-element_type=\"widget\" data-e-type=\"widget\" data-widget_type=\"heading.default\">\n\t\t\t\t\t<h2 class=\"elementor-heading-title elementor-size-default\">Une occasion pour les conjoints et enfants \u00e0 charge accompagnants<\/h2>\t\t\t\t<\/div>\n\t\t\t\t\t<\/div>\n\t\t\t\t<\/div>\n\t\t<div class=\"elementor-element elementor-element-5b4778e e-flex e-con-boxed e-con e-parent\" data-id=\"5b4778e\" data-element_type=\"container\" data-e-type=\"container\">\n\t\t\t\t\t<div class=\"e-con-inner\">\n\t\t\t\t<div class=\"elementor-element elementor-element-0ed53a5 elementor-widget elementor-widget-text-editor\" data-id=\"0ed53a5\" data-element_type=\"widget\" data-e-type=\"widget\" data-widget_type=\"text-editor.default\">\n\t\t\t\t\t\t\t\t\t<p style=\"font-weight: 400;\">Une immigration a beau \u00eatre temporaire, elle n\u2019en est pas moins une \u00e9preuve significative pour les familles, qui peuvent se trouver s\u00e9par\u00e9es pour une p\u00e9riode comprise entre une ann\u00e9e et trois ans. Permettre aux TET qui ont une famille de rester ensemble et de partager un projet d\u2019immigration au Qu\u00e9bec, c\u2019est l\u00e0 un des premiers objectifs du Programme d\u2019accompagnement des conjoints de travailleurs temporaires (PACTT).<\/p><p style=\"font-weight: 400;\">Le second objectif, c\u2019est d\u2019offrir \u00e0 ces derniers une fa\u00e7on utile et constructive de participer au projet d\u2019immigration, en leur donnant la possibilit\u00e9 de se former \u00e0 un m\u00e9tier en demande.<\/p><p><span style=\"font-weight: 400;\">Port\u00e9 par <strong><a href=\"https:\/\/www.quebecmetiersdavenir.com\/conjoint-es-de-travailleurs-temporaires\/\" target=\"_blank\" rel=\"noopener\">Qu\u00e9bec m\u00e9tiers d\u2019avenir<\/a><\/strong>, le PACTT <\/span><span style=\"font-weight: 400;\">aide en effet les conjoints \u2014 et les enfants \u00e0 charge \u2014 de travailleurs temporaires \u00e0 acc\u00e9der \u00e0 une formation professionnelle reconnue, avec un parcours guid\u00e9 (choix de la formation selon la r\u00e9gion, validation du dossier, admission, suivi) \u2014 et en \u00e9tant exempt\u00e9 de payer les droits de scolarit\u00e9.<\/span><\/p>\t\t\t\t\t\t\t\t<\/div>\n\t\t\t\t\t<\/div>\n\t\t\t\t<\/div>\n\t\t<div class=\"elementor-element elementor-element-dea5d0f e-flex e-con-boxed e-con e-parent\" data-id=\"dea5d0f\" data-element_type=\"container\" data-e-type=\"container\">\n\t\t\t\t\t<div class=\"e-con-inner\">\n\t\t\t\t<div class=\"elementor-element elementor-element-a67cfcd elementor-blockquote--skin-boxed elementor-widget elementor-widget-blockquote\" data-id=\"a67cfcd\" data-element_type=\"widget\" data-e-type=\"widget\" data-widget_type=\"blockquote.default\">\n\t\t\t\t\t\t\t<blockquote class=\"elementor-blockquote\">\n\t\t\t<p class=\"elementor-blockquote__content\">\n\t\t\t\t<b>Formation professionnelle : quoi, pour quels d\u00e9bouch\u00e9s\u2009?<br><\/b>\nLa formation professionnelle m\u00e8ne \u00e0 un dipl\u00f4me du minist\u00e8re de l\u2019\u00c9ducation du Qu\u00e9bec, via des programmes courts et pratiques (ateliers et stages). Plus de 100 programmes existent dans toutes les r\u00e9gions, orient\u00e9s vers des m\u00e9tiers en demande. Exemples de secteurs : sant\u00e9, construction, m\u00e9canique, technologies, restauration, fabrication et transformation alimentaire.\t\t\t<\/p>\n\t\t\t\t\t<\/blockquote>\n\t\t\t\t\t\t<\/div>\n\t\t\t\t\t<\/div>\n\t\t\t\t<\/div>\n\t\t<div class=\"elementor-element elementor-element-ec121a9 e-flex e-con-boxed e-con e-parent\" data-id=\"ec121a9\" data-element_type=\"container\" data-e-type=\"container\">\n\t\t\t\t\t<div class=\"e-con-inner\">\n\t\t\t\t<div class=\"elementor-element elementor-element-c36bdb9 elementor-widget elementor-widget-spacer\" data-id=\"c36bdb9\" data-element_type=\"widget\" data-e-type=\"widget\" data-widget_type=\"spacer.default\">\n\t\t\t\t\t\t\t<div class=\"elementor-spacer\">\n\t\t\t<div class=\"elementor-spacer-inner\"><\/div>\n\t\t<\/div>\n\t\t\t\t\t\t<\/div>\n\t\t\t\t<div class=\"elementor-element elementor-element-349ac6a elementor-widget elementor-widget-heading\" data-id=\"349ac6a\" data-element_type=\"widget\" data-e-type=\"widget\" data-widget_type=\"heading.default\">\n\t\t\t\t\t<h2 class=\"elementor-heading-title elementor-size-default\"><b>\u00c0 qui s\u2019adresse le PACTT et quelles en sont les conditions d\u2019admissibilit\u00e9\u2009?<\/b><\/h2>\t\t\t\t<\/div>\n\t\t\t\t\t<\/div>\n\t\t\t\t<\/div>\n\t\t<div class=\"elementor-element elementor-element-a01069b e-flex e-con-boxed e-con e-parent\" data-id=\"a01069b\" data-element_type=\"container\" data-e-type=\"container\">\n\t\t\t\t\t<div class=\"e-con-inner\">\n\t\t\t\t<div class=\"elementor-element elementor-element-f7dbeab elementor-widget elementor-widget-text-editor\" data-id=\"f7dbeab\" data-element_type=\"widget\" data-e-type=\"widget\" data-widget_type=\"text-editor.default\">\n\t\t\t\t\t\t\t\t\t<p style=\"font-weight: 400;\">Le dispositif s\u2019adresse aux personnes qui accompagnent un travailleur temporaire au Qu\u00e9bec. Pour \u00eatre admissible, il faut notamment\u00a0:<\/p><ul><li>Avoir 16\u00a0ans ou plus\u2009;<\/li><li>\u00catre conjoint(e) ou enfant \u00e0 charge d\u2019un travailleur temporaire\u2009;<\/li><li>Avoir compl\u00e9t\u00e9 10 ou 11\u00a0ann\u00e9es d\u2019\u00e9tudes selon le programme (\u00e9quivalent au secondaire au Qu\u00e9bec)\u2009;<\/li><li>Avoir un niveau de fran\u00e7ais interm\u00e9diaire ou avanc\u00e9\u2009;<\/li><li>D\u00e9montrer que le proche peut subvenir aux besoins pendant la formation.<\/li><\/ul>\t\t\t\t\t\t\t\t<\/div>\n\t\t\t\t\t<\/div>\n\t\t\t\t<\/div>\n\t\t<div class=\"elementor-element elementor-element-b8981a2 e-flex e-con-boxed e-con e-parent\" data-id=\"b8981a2\" data-element_type=\"container\" data-e-type=\"container\">\n\t\t\t\t\t<div class=\"e-con-inner\">\n\t\t\t\t<div class=\"elementor-element elementor-element-bdec8c6 elementor-widget elementor-widget-spacer\" data-id=\"bdec8c6\" data-element_type=\"widget\" data-e-type=\"widget\" data-widget_type=\"spacer.default\">\n\t\t\t\t\t\t\t<div class=\"elementor-spacer\">\n\t\t\t<div class=\"elementor-spacer-inner\"><\/div>\n\t\t<\/div>\n\t\t\t\t\t\t<\/div>\n\t\t\t\t<div class=\"elementor-element elementor-element-c06b3b9 elementor-widget elementor-widget-heading\" data-id=\"c06b3b9\" data-element_type=\"widget\" data-e-type=\"widget\" data-widget_type=\"heading.default\">\n\t\t\t\t\t<h2 class=\"elementor-heading-title elementor-size-default\"><b>Pour en savoir plus sur le PACTT\u2026<\/b><\/h2>\t\t\t\t<\/div>\n\t\t\t\t\t<\/div>\n\t\t\t\t<\/div>\n\t\t<div class=\"elementor-element elementor-element-57f6cb2 e-flex e-con-boxed e-con e-parent\" data-id=\"57f6cb2\" data-element_type=\"container\" data-e-type=\"container\">\n\t\t\t\t\t<div class=\"e-con-inner\">\n\t\t\t\t<div class=\"elementor-element elementor-element-74583b4 elementor-widget elementor-widget-text-editor\" data-id=\"74583b4\" data-element_type=\"widget\" data-e-type=\"widget\" data-widget_type=\"text-editor.default\">\n\t\t\t\t\t\t\t\t\t<p style=\"font-weight: 400;\">Immigrant Qu\u00e9bec et Qu\u00e9bec m\u00e9tiers d\u2019avenir vous proposent de d\u00e9couvrir tous les avantages du programme et de nous poser toutes vos questions au cours d\u2019un webinaire, qui aura lieu le <strong>16\u00a0avril 2026 \u00e0 12\u00a0h<\/strong> (heure de Montr\u00e9al).<\/p><p style=\"font-weight: 400;\"><strong><a href=\"https:\/\/events.teams.microsoft.com\/event\/bab16687-3ed6-415a-97c3-74e051080a04@4bece0d1-2dae-4f1d-b29d-48ac10d6f601\" target=\"_blank\" rel=\"noopener\">Inscrivez-vous gratuitement ici<\/a><\/strong>\u2009!<\/p>\t\t\t\t\t\t\t\t<\/div>\n\t\t\t\t\t<\/div>\n\t\t\t\t<\/div>\n\t\t<div class=\"elementor-element elementor-element-2413301 e-flex e-con-boxed e-con e-parent\" data-id=\"2413301\" data-element_type=\"container\" data-e-type=\"container\">\n\t\t\t\t\t<div class=\"e-con-inner\">\n\t\t\t\t<div class=\"elementor-element elementor-element-bc9aefd elementor-widget elementor-widget-text-editor\" data-id=\"bc9aefd\" data-element_type=\"widget\" data-e-type=\"widget\" data-widget_type=\"text-editor.default\">\n\t\t\t\t\t\t\t\t\t<p><em>Photo : Scott Broome<\/em><\/p>\t\t\t\t\t\t\t\t<\/div>\n\t\t\t\t\t<\/div>\n\t\t\t\t<\/div>\n\t\t\t\t<\/div>\n\t\t","protected":false},"excerpt":{"rendered":"<p>Le PACTT ouvre la voie vers une formation professionnelle gratuite et un accompagnement pour les conjoints de TET au Qu\u00e9bec.<\/p>\n","protected":false},"author":3459,"featured_media":26196,"comment_status":"closed","ping_status":"closed","sticky":false,"template":"","format":"standard","meta":{"_acf_changed":false,"_genesis_hide_title":false,"_genesis_hide_breadcrumbs":false,"_genesis_hide_singular_image":false,"_genesis_hide_footer_widgets":false,"_genesis_custom_body_class":"","_genesis_custom_post_class":"","_genesis_layout":"","footnotes":""},"categories":[103],"tags":[],"class_list":{"0":"post-26185","1":"post","2":"type-post","3":"status-publish","4":"format-standard","5":"has-post-thumbnail","7":"category-conseils-d-experts","8":"entry"},"acf":[],"yoast_head":"<!-- This site is optimized with the Yoast SEO plugin v27.5 - https:\/\/yoast.com\/product\/yoast-seo-wordpress\/ -->\n<title>Une formation professionnelle exempt\u00e9e de droits de scolarit\u00e9 pour les conjoints de travailleurs temporaires au Qu\u00e9bec - Immigrant Qu\u00e9bec<\/title>\n<meta name=\"description\" content=\"Le PACTT ouvre la voie vers une formation professionnelle gratuite et un accompagnement pour les conjoints de TET au Qu\u00e9bec.\" \/>\n<meta name=\"robots\" content=\"index, follow, max-snippet:-1, max-image-preview:large, max-video-preview:-1\" \/>\n<link rel=\"canonical\" href=\"https:\/\/immigrantquebec.com\/fr\/conseils-d-experts\/une-formation-professionnelle-exemptee-de-droits-de-scolarite-pour-les-conjoints-de-travailleurs-temporaires-au-quebec\/\" \/>\n<meta property=\"og:locale\" content=\"fr_FR\" \/>\n<meta property=\"og:type\" content=\"article\" \/>\n<meta property=\"og:title\" content=\"Une formation professionnelle exempt\u00e9e de droits de scolarit\u00e9 pour les conjoints de travailleurs temporaires au Qu\u00e9bec - Immigrant Qu\u00e9bec\" \/>\n<meta property=\"og:description\" content=\"Le PACTT ouvre la voie vers une formation professionnelle gratuite et un accompagnement pour les conjoints de TET au Qu\u00e9bec.\" \/>\n<meta property=\"og:url\" content=\"https:\/\/immigrantquebec.com\/fr\/conseils-d-experts\/une-formation-professionnelle-exemptee-de-droits-de-scolarite-pour-les-conjoints-de-travailleurs-temporaires-au-quebec\/\" \/>\n<meta property=\"og:site_name\" content=\"Immigrant Qu\u00e9bec\" \/>\n<meta property=\"article:publisher\" content=\"https:\/\/www.facebook.com\/immigrantquebec\" \/>\n<meta property=\"article:published_time\" content=\"2026-03-27T14:49:52+00:00\" \/>\n<meta property=\"article:modified_time\" content=\"2026-03-27T15:40:33+00:00\" \/>\n<meta property=\"og:image\" content=\"https:\/\/immigrantquebec.com\/fr\/wp-content\/uploads\/2026\/03\/scott-broome-9n1wmYe5sUQ-unsplash-950.jpg\" \/>\n\t<meta property=\"og:image:width\" content=\"950\" \/>\n\t<meta property=\"og:image:height\" content=\"400\" \/>\n\t<meta property=\"og:image:type\" content=\"image\/jpeg\" \/>\n<meta name=\"author\" content=\"Basile Moratille\" \/>\n<meta name=\"twitter:label1\" content=\"\u00c9crit par\" \/>\n\t<meta name=\"twitter:data1\" content=\"Basile Moratille\" \/>\n\t<meta name=\"twitter:label2\" content=\"Dur\u00e9e de lecture estim\u00e9e\" \/>\n\t<meta name=\"twitter:data2\" content=\"3 minutes\" \/>\n<script type=\"application\/ld+json\" class=\"yoast-schema-graph\">{\"@context\":\"https:\\\/\\\/schema.org\",\"@graph\":[{\"@type\":\"Article\",\"@id\":\"https:\\\/\\\/immigrantquebec.com\\\/fr\\\/conseils-d-experts\\\/une-formation-professionnelle-exemptee-de-droits-de-scolarite-pour-les-conjoints-de-travailleurs-temporaires-au-quebec\\\/#article\",\"isPartOf\":{\"@id\":\"https:\\\/\\\/immigrantquebec.com\\\/fr\\\/conseils-d-experts\\\/une-formation-professionnelle-exemptee-de-droits-de-scolarite-pour-les-conjoints-de-travailleurs-temporaires-au-quebec\\\/\"},\"author\":{\"name\":\"Basile Moratille\",\"@id\":\"https:\\\/\\\/immigrantquebec.com\\\/fr\\\/#\\\/schema\\\/person\\\/eed5ca7ba2c1007e602ee9b9b87fb4b8\"},\"headline\":\"Une formation professionnelle exempt\u00e9e de droits de scolarit\u00e9 pour les conjoints de travailleurs temporaires au Qu\u00e9bec\",\"datePublished\":\"2026-03-27T14:49:52+00:00\",\"dateModified\":\"2026-03-27T15:40:33+00:00\",\"mainEntityOfPage\":{\"@id\":\"https:\\\/\\\/immigrantquebec.com\\\/fr\\\/conseils-d-experts\\\/une-formation-professionnelle-exemptee-de-droits-de-scolarite-pour-les-conjoints-de-travailleurs-temporaires-au-quebec\\\/\"},\"wordCount\":591,\"publisher\":{\"@id\":\"https:\\\/\\\/immigrantquebec.com\\\/fr\\\/#organization\"},\"image\":{\"@id\":\"https:\\\/\\\/immigrantquebec.com\\\/fr\\\/conseils-d-experts\\\/une-formation-professionnelle-exemptee-de-droits-de-scolarite-pour-les-conjoints-de-travailleurs-temporaires-au-quebec\\\/#primaryimage\"},\"thumbnailUrl\":\"https:\\\/\\\/immigrantquebec.com\\\/fr\\\/wp-content\\\/uploads\\\/2026\\\/03\\\/scott-broome-9n1wmYe5sUQ-unsplash-950.jpg\",\"articleSection\":[\"Conseils d'experts\"],\"inLanguage\":\"fr-FR\"},{\"@type\":\"WebPage\",\"@id\":\"https:\\\/\\\/immigrantquebec.com\\\/fr\\\/conseils-d-experts\\\/une-formation-professionnelle-exemptee-de-droits-de-scolarite-pour-les-conjoints-de-travailleurs-temporaires-au-quebec\\\/\",\"url\":\"https:\\\/\\\/immigrantquebec.com\\\/fr\\\/conseils-d-experts\\\/une-formation-professionnelle-exemptee-de-droits-de-scolarite-pour-les-conjoints-de-travailleurs-temporaires-au-quebec\\\/\",\"name\":\"Une formation professionnelle exempt\u00e9e de droits de scolarit\u00e9 pour les conjoints de travailleurs temporaires au Qu\u00e9bec - Immigrant Qu\u00e9bec\",\"isPartOf\":{\"@id\":\"https:\\\/\\\/immigrantquebec.com\\\/fr\\\/#website\"},\"primaryImageOfPage\":{\"@id\":\"https:\\\/\\\/immigrantquebec.com\\\/fr\\\/conseils-d-experts\\\/une-formation-professionnelle-exemptee-de-droits-de-scolarite-pour-les-conjoints-de-travailleurs-temporaires-au-quebec\\\/#primaryimage\"},\"image\":{\"@id\":\"https:\\\/\\\/immigrantquebec.com\\\/fr\\\/conseils-d-experts\\\/une-formation-professionnelle-exemptee-de-droits-de-scolarite-pour-les-conjoints-de-travailleurs-temporaires-au-quebec\\\/#primaryimage\"},\"thumbnailUrl\":\"https:\\\/\\\/immigrantquebec.com\\\/fr\\\/wp-content\\\/uploads\\\/2026\\\/03\\\/scott-broome-9n1wmYe5sUQ-unsplash-950.jpg\",\"datePublished\":\"2026-03-27T14:49:52+00:00\",\"dateModified\":\"2026-03-27T15:40:33+00:00\",\"description\":\"Le PACTT ouvre la voie vers une formation professionnelle gratuite et un accompagnement pour les conjoints de TET au Qu\u00e9bec.\",\"breadcrumb\":{\"@id\":\"https:\\\/\\\/immigrantquebec.com\\\/fr\\\/conseils-d-experts\\\/une-formation-professionnelle-exemptee-de-droits-de-scolarite-pour-les-conjoints-de-travailleurs-temporaires-au-quebec\\\/#breadcrumb\"},\"inLanguage\":\"fr-FR\",\"potentialAction\":[{\"@type\":\"ReadAction\",\"target\":[\"https:\\\/\\\/immigrantquebec.com\\\/fr\\\/conseils-d-experts\\\/une-formation-professionnelle-exemptee-de-droits-de-scolarite-pour-les-conjoints-de-travailleurs-temporaires-au-quebec\\\/\"]}]},{\"@type\":\"ImageObject\",\"inLanguage\":\"fr-FR\",\"@id\":\"https:\\\/\\\/immigrantquebec.com\\\/fr\\\/conseils-d-experts\\\/une-formation-professionnelle-exemptee-de-droits-de-scolarite-pour-les-conjoints-de-travailleurs-temporaires-au-quebec\\\/#primaryimage\",\"url\":\"https:\\\/\\\/immigrantquebec.com\\\/fr\\\/wp-content\\\/uploads\\\/2026\\\/03\\\/scott-broome-9n1wmYe5sUQ-unsplash-950.jpg\",\"contentUrl\":\"https:\\\/\\\/immigrantquebec.com\\\/fr\\\/wp-content\\\/uploads\\\/2026\\\/03\\\/scott-broome-9n1wmYe5sUQ-unsplash-950.jpg\",\"width\":950,\"height\":400},{\"@type\":\"BreadcrumbList\",\"@id\":\"https:\\\/\\\/immigrantquebec.com\\\/fr\\\/conseils-d-experts\\\/une-formation-professionnelle-exemptee-de-droits-de-scolarite-pour-les-conjoints-de-travailleurs-temporaires-au-quebec\\\/#breadcrumb\",\"itemListElement\":[{\"@type\":\"ListItem\",\"position\":1,\"name\":\"Accueil\",\"item\":\"https:\\\/\\\/immigrantquebec.com\\\/fr\\\/\"},{\"@type\":\"ListItem\",\"position\":2,\"name\":\"Conseils d'experts\",\"item\":\"https:\\\/\\\/immigrantquebec.com\\\/fr\\\/conseils-d-experts\\\/\"},{\"@type\":\"ListItem\",\"position\":3,\"name\":\"Une formation professionnelle exempt\u00e9e de droits de scolarit\u00e9 pour les conjoints de travailleurs temporaires au Qu\u00e9bec\"}]},{\"@type\":\"WebSite\",\"@id\":\"https:\\\/\\\/immigrantquebec.com\\\/fr\\\/#website\",\"url\":\"https:\\\/\\\/immigrantquebec.com\\\/fr\\\/\",\"name\":\"Immigrant Qu\u00e9bec\",\"description\":\"Immigrer, vivre, travailler et \u00e9tudier au Qu\u00e9bec, Canada\",\"publisher\":{\"@id\":\"https:\\\/\\\/immigrantquebec.com\\\/fr\\\/#organization\"},\"potentialAction\":[{\"@type\":\"SearchAction\",\"target\":{\"@type\":\"EntryPoint\",\"urlTemplate\":\"https:\\\/\\\/immigrantquebec.com\\\/fr\\\/?s={search_term_string}\"},\"query-input\":{\"@type\":\"PropertyValueSpecification\",\"valueRequired\":true,\"valueName\":\"search_term_string\"}}],\"inLanguage\":\"fr-FR\"},{\"@type\":\"Organization\",\"@id\":\"https:\\\/\\\/immigrantquebec.com\\\/fr\\\/#organization\",\"name\":\"Immigrant Qu\u00e9bec\",\"url\":\"https:\\\/\\\/immigrantquebec.com\\\/fr\\\/\",\"logo\":{\"@type\":\"ImageObject\",\"inLanguage\":\"fr-FR\",\"@id\":\"https:\\\/\\\/immigrantquebec.com\\\/fr\\\/#\\\/schema\\\/logo\\\/image\\\/\",\"url\":\"https:\\\/\\\/immigrantquebec.com\\\/fr\\\/wp-content\\\/uploads\\\/2024\\\/03\\\/LogoIQ-2024-RVB.png\",\"contentUrl\":\"https:\\\/\\\/immigrantquebec.com\\\/fr\\\/wp-content\\\/uploads\\\/2024\\\/03\\\/LogoIQ-2024-RVB.png\",\"width\":2500,\"height\":1137,\"caption\":\"Immigrant Qu\u00e9bec\"},\"image\":{\"@id\":\"https:\\\/\\\/immigrantquebec.com\\\/fr\\\/#\\\/schema\\\/logo\\\/image\\\/\"},\"sameAs\":[\"https:\\\/\\\/www.facebook.com\\\/immigrantquebec\",\"https:\\\/\\\/x.com\\\/ImmigrantQuebec\",\"https:\\\/\\\/www.instagram.com\\\/immigrantquebec\",\"https:\\\/\\\/www.youtube.com\\\/user\\\/ImmigrantQc\"]},{\"@type\":\"Person\",\"@id\":\"https:\\\/\\\/immigrantquebec.com\\\/fr\\\/#\\\/schema\\\/person\\\/eed5ca7ba2c1007e602ee9b9b87fb4b8\",\"name\":\"Basile Moratille\",\"image\":{\"@type\":\"ImageObject\",\"inLanguage\":\"fr-FR\",\"@id\":\"https:\\\/\\\/secure.gravatar.com\\\/avatar\\\/639aa731bb7134a1e944526697fe0549d67ab17e00987171296fb5362fc909e9?s=96&d=mm&r=g\",\"url\":\"https:\\\/\\\/secure.gravatar.com\\\/avatar\\\/639aa731bb7134a1e944526697fe0549d67ab17e00987171296fb5362fc909e9?s=96&d=mm&r=g\",\"contentUrl\":\"https:\\\/\\\/secure.gravatar.com\\\/avatar\\\/639aa731bb7134a1e944526697fe0549d67ab17e00987171296fb5362fc909e9?s=96&d=mm&r=g\",\"caption\":\"Basile Moratille\"},\"description\":\"Directeur des contenus et des publications, Immigrant Qu\u00e9bec.\",\"url\":\"https:\\\/\\\/immigrantquebec.com\\\/fr\\\/author\\\/basile-moratilleimmigrantquebec-com\\\/\"}]}<\/script>\n<!-- \/ Yoast SEO plugin. -->","yoast_head_json":{"title":"Une formation professionnelle exempt\u00e9e de droits de scolarit\u00e9 pour les conjoints de travailleurs temporaires au Qu\u00e9bec - Immigrant Qu\u00e9bec","description":"Le PACTT ouvre la voie vers une formation professionnelle gratuite et un accompagnement pour les conjoints de TET au Qu\u00e9bec.","robots":{"index":"index","follow":"follow","max-snippet":"max-snippet:-1","max-image-preview":"max-image-preview:large","max-video-preview":"max-video-preview:-1"},"canonical":"https:\/\/immigrantquebec.com\/fr\/conseils-d-experts\/une-formation-professionnelle-exemptee-de-droits-de-scolarite-pour-les-conjoints-de-travailleurs-temporaires-au-quebec\/","og_locale":"fr_FR","og_type":"article","og_title":"Une formation professionnelle exempt\u00e9e de droits de scolarit\u00e9 pour les conjoints de travailleurs temporaires au Qu\u00e9bec - Immigrant Qu\u00e9bec","og_description":"Le PACTT ouvre la voie vers une formation professionnelle gratuite et un accompagnement pour les conjoints de TET au Qu\u00e9bec.","og_url":"https:\/\/immigrantquebec.com\/fr\/conseils-d-experts\/une-formation-professionnelle-exemptee-de-droits-de-scolarite-pour-les-conjoints-de-travailleurs-temporaires-au-quebec\/","og_site_name":"Immigrant Qu\u00e9bec","article_publisher":"https:\/\/www.facebook.com\/immigrantquebec","article_published_time":"2026-03-27T14:49:52+00:00","article_modified_time":"2026-03-27T15:40:33+00:00","og_image":[{"width":950,"height":400,"url":"https:\/\/immigrantquebec.com\/fr\/wp-content\/uploads\/2026\/03\/scott-broome-9n1wmYe5sUQ-unsplash-950.jpg","type":"image\/jpeg"}],"author":"Basile Moratille","twitter_misc":{"\u00c9crit par":"Basile Moratille","Dur\u00e9e de lecture estim\u00e9e":"3 minutes"},"schema":{"@context":"https:\/\/schema.org","@graph":[{"@type":"Article","@id":"https:\/\/immigrantquebec.com\/fr\/conseils-d-experts\/une-formation-professionnelle-exemptee-de-droits-de-scolarite-pour-les-conjoints-de-travailleurs-temporaires-au-quebec\/#article","isPartOf":{"@id":"https:\/\/immigrantquebec.com\/fr\/conseils-d-experts\/une-formation-professionnelle-exemptee-de-droits-de-scolarite-pour-les-conjoints-de-travailleurs-temporaires-au-quebec\/"},"author":{"name":"Basile Moratille","@id":"https:\/\/immigrantquebec.com\/fr\/#\/schema\/person\/eed5ca7ba2c1007e602ee9b9b87fb4b8"},"headline":"Une formation professionnelle exempt\u00e9e de droits de scolarit\u00e9 pour les conjoints de travailleurs temporaires au Qu\u00e9bec","datePublished":"2026-03-27T14:49:52+00:00","dateModified":"2026-03-27T15:40:33+00:00","mainEntityOfPage":{"@id":"https:\/\/immigrantquebec.com\/fr\/conseils-d-experts\/une-formation-professionnelle-exemptee-de-droits-de-scolarite-pour-les-conjoints-de-travailleurs-temporaires-au-quebec\/"},"wordCount":591,"publisher":{"@id":"https:\/\/immigrantquebec.com\/fr\/#organization"},"image":{"@id":"https:\/\/immigrantquebec.com\/fr\/conseils-d-experts\/une-formation-professionnelle-exemptee-de-droits-de-scolarite-pour-les-conjoints-de-travailleurs-temporaires-au-quebec\/#primaryimage"},"thumbnailUrl":"https:\/\/immigrantquebec.com\/fr\/wp-content\/uploads\/2026\/03\/scott-broome-9n1wmYe5sUQ-unsplash-950.jpg","articleSection":["Conseils d'experts"],"inLanguage":"fr-FR"},{"@type":"WebPage","@id":"https:\/\/immigrantquebec.com\/fr\/conseils-d-experts\/une-formation-professionnelle-exemptee-de-droits-de-scolarite-pour-les-conjoints-de-travailleurs-temporaires-au-quebec\/","url":"https:\/\/immigrantquebec.com\/fr\/conseils-d-experts\/une-formation-professionnelle-exemptee-de-droits-de-scolarite-pour-les-conjoints-de-travailleurs-temporaires-au-quebec\/","name":"Une formation professionnelle exempt\u00e9e de droits de scolarit\u00e9 pour les conjoints de travailleurs temporaires au Qu\u00e9bec - Immigrant Qu\u00e9bec","isPartOf":{"@id":"https:\/\/immigrantquebec.com\/fr\/#website"},"primaryImageOfPage":{"@id":"https:\/\/immigrantquebec.com\/fr\/conseils-d-experts\/une-formation-professionnelle-exemptee-de-droits-de-scolarite-pour-les-conjoints-de-travailleurs-temporaires-au-quebec\/#primaryimage"},"image":{"@id":"https:\/\/immigrantquebec.com\/fr\/conseils-d-experts\/une-formation-professionnelle-exemptee-de-droits-de-scolarite-pour-les-conjoints-de-travailleurs-temporaires-au-quebec\/#primaryimage"},"thumbnailUrl":"https:\/\/immigrantquebec.com\/fr\/wp-content\/uploads\/2026\/03\/scott-broome-9n1wmYe5sUQ-unsplash-950.jpg","datePublished":"2026-03-27T14:49:52+00:00","dateModified":"2026-03-27T15:40:33+00:00","description":"Le PACTT ouvre la voie vers une formation professionnelle gratuite et un accompagnement pour les conjoints de TET au Qu\u00e9bec.","breadcrumb":{"@id":"https:\/\/immigrantquebec.com\/fr\/conseils-d-experts\/une-formation-professionnelle-exemptee-de-droits-de-scolarite-pour-les-conjoints-de-travailleurs-temporaires-au-quebec\/#breadcrumb"},"inLanguage":"fr-FR","potentialAction":[{"@type":"ReadAction","target":["https:\/\/immigrantquebec.com\/fr\/conseils-d-experts\/une-formation-professionnelle-exemptee-de-droits-de-scolarite-pour-les-conjoints-de-travailleurs-temporaires-au-quebec\/"]}]},{"@type":"ImageObject","inLanguage":"fr-FR","@id":"https:\/\/immigrantquebec.com\/fr\/conseils-d-experts\/une-formation-professionnelle-exemptee-de-droits-de-scolarite-pour-les-conjoints-de-travailleurs-temporaires-au-quebec\/#primaryimage","url":"https:\/\/immigrantquebec.com\/fr\/wp-content\/uploads\/2026\/03\/scott-broome-9n1wmYe5sUQ-unsplash-950.jpg","contentUrl":"https:\/\/immigrantquebec.com\/fr\/wp-content\/uploads\/2026\/03\/scott-broome-9n1wmYe5sUQ-unsplash-950.jpg","width":950,"height":400},{"@type":"BreadcrumbList","@id":"https:\/\/immigrantquebec.com\/fr\/conseils-d-experts\/une-formation-professionnelle-exemptee-de-droits-de-scolarite-pour-les-conjoints-de-travailleurs-temporaires-au-quebec\/#breadcrumb","itemListElement":[{"@type":"ListItem","position":1,"name":"Accueil","item":"https:\/\/immigrantquebec.com\/fr\/"},{"@type":"ListItem","position":2,"name":"Conseils d'experts","item":"https:\/\/immigrantquebec.com\/fr\/conseils-d-experts\/"},{"@type":"ListItem","position":3,"name":"Une formation professionnelle exempt\u00e9e de droits de scolarit\u00e9 pour les conjoints de travailleurs temporaires au Qu\u00e9bec"}]},{"@type":"WebSite","@id":"https:\/\/immigrantquebec.com\/fr\/#website","url":"https:\/\/immigrantquebec.com\/fr\/","name":"Immigrant Qu\u00e9bec","description":"Immigrer, vivre, travailler et \u00e9tudier au Qu\u00e9bec, Canada","publisher":{"@id":"https:\/\/immigrantquebec.com\/fr\/#organization"},"potentialAction":[{"@type":"SearchAction","target":{"@type":"EntryPoint","urlTemplate":"https:\/\/immigrantquebec.com\/fr\/?s={search_term_string}"},"query-input":{"@type":"PropertyValueSpecification","valueRequired":true,"valueName":"search_term_string"}}],"inLanguage":"fr-FR"},{"@type":"Organization","@id":"https:\/\/immigrantquebec.com\/fr\/#organization","name":"Immigrant Qu\u00e9bec","url":"https:\/\/immigrantquebec.com\/fr\/","logo":{"@type":"ImageObject","inLanguage":"fr-FR","@id":"https:\/\/immigrantquebec.com\/fr\/#\/schema\/logo\/image\/","url":"https:\/\/immigrantquebec.com\/fr\/wp-content\/uploads\/2024\/03\/LogoIQ-2024-RVB.png","contentUrl":"https:\/\/immigrantquebec.com\/fr\/wp-content\/uploads\/2024\/03\/LogoIQ-2024-RVB.png","width":2500,"height":1137,"caption":"Immigrant Qu\u00e9bec"},"image":{"@id":"https:\/\/immigrantquebec.com\/fr\/#\/schema\/logo\/image\/"},"sameAs":["https:\/\/www.facebook.com\/immigrantquebec","https:\/\/x.com\/ImmigrantQuebec","https:\/\/www.instagram.com\/immigrantquebec","https:\/\/www.youtube.com\/user\/ImmigrantQc"]},{"@type":"Person","@id":"https:\/\/immigrantquebec.com\/fr\/#\/schema\/person\/eed5ca7ba2c1007e602ee9b9b87fb4b8","name":"Basile Moratille","image":{"@type":"ImageObject","inLanguage":"fr-FR","@id":"https:\/\/secure.gravatar.com\/avatar\/639aa731bb7134a1e944526697fe0549d67ab17e00987171296fb5362fc909e9?s=96&d=mm&r=g","url":"https:\/\/secure.gravatar.com\/avatar\/639aa731bb7134a1e944526697fe0549d67ab17e00987171296fb5362fc909e9?s=96&d=mm&r=g","contentUrl":"https:\/\/secure.gravatar.com\/avatar\/639aa731bb7134a1e944526697fe0549d67ab17e00987171296fb5362fc909e9?s=96&d=mm&r=g","caption":"Basile Moratille"},"description":"Directeur des contenus et des publications, Immigrant Qu\u00e9bec.","url":"https:\/\/immigrantquebec.com\/fr\/author\/basile-moratilleimmigrantquebec-com\/"}]}},"_links":{"self":[{"href":"https:\/\/immigrantquebec.com\/fr\/wp-json\/wp\/v2\/posts\/26185","targetHints":{"allow":["GET"]}}],"collection":[{"href":"https:\/\/immigrantquebec.com\/fr\/wp-json\/wp\/v2\/posts"}],"about":[{"href":"https:\/\/immigrantquebec.com\/fr\/wp-json\/wp\/v2\/types\/post"}],"author":[{"embeddable":true,"href":"https:\/\/immigrantquebec.com\/fr\/wp-json\/wp\/v2\/users\/3459"}],"replies":[{"embeddable":true,"href":"https:\/\/immigrantquebec.com\/fr\/wp-json\/wp\/v2\/comments?post=26185"}],"version-history":[{"count":8,"href":"https:\/\/immigrantquebec.com\/fr\/wp-json\/wp\/v2\/posts\/26185\/revisions"}],"predecessor-version":[{"id":26198,"href":"https:\/\/immigrantquebec.com\/fr\/wp-json\/wp\/v2\/posts\/26185\/revisions\/26198"}],"wp:featuredmedia":[{"embeddable":true,"href":"https:\/\/immigrantquebec.com\/fr\/wp-json\/wp\/v2\/media\/26196"}],"wp:attachment":[{"href":"https:\/\/immigrantquebec.com\/fr\/wp-json\/wp\/v2\/media?parent=26185"}],"wp:term":[{"taxonomy":"category","embeddable":true,"href":"https:\/\/immigrantquebec.com\/fr\/wp-json\/wp\/v2\/categories?post=26185"},{"taxonomy":"post_tag","embeddable":true,"href":"https:\/\/immigrantquebec.com\/fr\/wp-json\/wp\/v2\/tags?post=26185"}],"curies":[{"name":"wp","href":"https:\/\/api.w.org\/{rel}","templated":true}]}}