{"id":26204,"date":"2026-03-27T11:34:01","date_gmt":"2026-03-27T15:34:01","guid":{"rendered":"https:\/\/immigrantquebec.com\/fr\/?p=26204"},"modified":"2026-03-27T11:34:30","modified_gmt":"2026-03-27T15:34:30","slug":"programme-des-etudiants-etrangers-la-verificatrice-generale-pointe-des-lacunes","status":"publish","type":"post","link":"https:\/\/immigrantquebec.com\/fr\/actualites\/programme-des-etudiants-etrangers-la-verificatrice-generale-pointe-des-lacunes\/","title":{"rendered":"Programme des \u00e9tudiants \u00e9trangers : la v\u00e9rificatrice g\u00e9n\u00e9rale pointe des lacunes"},"content":{"rendered":"\t\t<div data-elementor-type=\"wp-post\" data-elementor-id=\"26204\" class=\"elementor elementor-26204\" data-elementor-post-type=\"post\">\n\t\t\t\t<div class=\"elementor-element elementor-element-fafa2bf e-flex e-con-boxed e-con e-parent\" data-id=\"fafa2bf\" data-element_type=\"container\" data-e-type=\"container\">\n\t\t\t\t\t<div class=\"e-con-inner\">\n\t\t\t\t<div class=\"elementor-element elementor-element-cf57832 elementor-widget elementor-widget-spacer\" data-id=\"cf57832\" data-element_type=\"widget\" data-e-type=\"widget\" data-widget_type=\"spacer.default\">\n\t\t\t\t\t\t\t<div class=\"elementor-spacer\">\n\t\t\t<div class=\"elementor-spacer-inner\"><\/div>\n\t\t<\/div>\n\t\t\t\t\t\t<\/div>\n\t\t\t\t<div class=\"elementor-element elementor-element-b564e8d elementor-widget elementor-widget-text-editor\" data-id=\"b564e8d\" data-element_type=\"widget\" data-e-type=\"widget\" data-widget_type=\"text-editor.default\">\n\t\t\t\t\t\t\t\t\t<div><i>Dans un rapport publi\u00e9 le 23\u00a0mars 2026, la v\u00e9rificatrice g\u00e9n\u00e9rale du Canada juge que les r\u00e9formes du Programme des \u00e9tudiants \u00e9trangers (P\u00c9\u00c9) ont bien eu pour effet de freiner la croissance du nombre d\u2019\u00e9tudiants \u00e9trangers au pays, sans corriger suffisamment certaines questions d\u2019int\u00e9grit\u00e9.<\/i><\/div>\t\t\t\t\t\t\t\t<\/div>\n\t\t\t\t\t<\/div>\n\t\t\t\t<\/div>\n\t\t<div class=\"elementor-element elementor-element-2fb5275 e-flex e-con-boxed e-con e-parent\" data-id=\"2fb5275\" data-element_type=\"container\" data-e-type=\"container\">\n\t\t\t\t\t<div class=\"e-con-inner\">\n\t\t\t\t<div class=\"elementor-element elementor-element-c8025dc elementor-widget elementor-widget-spacer\" data-id=\"c8025dc\" data-element_type=\"widget\" data-e-type=\"widget\" data-widget_type=\"spacer.default\">\n\t\t\t\t\t\t\t<div class=\"elementor-spacer\">\n\t\t\t<div class=\"elementor-spacer-inner\"><\/div>\n\t\t<\/div>\n\t\t\t\t\t\t<\/div>\n\t\t\t\t<div class=\"elementor-element elementor-element-bbdbe94 elementor-widget elementor-widget-text-editor\" data-id=\"bbdbe94\" data-element_type=\"widget\" data-e-type=\"widget\" data-widget_type=\"text-editor.default\">\n\t\t\t\t\t\t\t\t\t<p style=\"font-weight: 400;\">Les r\u00e9formes du Programme des \u00e9tudiants \u00e9trangers, tout particuli\u00e8rement les plafonds annuels du nombre de permis d\u2019\u00e9tudes d\u00e9livr\u00e9s dans les provinces et territoires, ont effectivement permis de r\u00e9duire le nombre de nouveaux permis d\u2019\u00e9tudes, conform\u00e9ment aux intentions du gouvernement.<\/p><p style=\"font-weight: 400;\">Mais l\u2019audit de la v\u00e9rificatrice g\u00e9n\u00e9rale conclut que des lacunes persistent pour d\u00e9tecter et traiter la non-conformit\u00e9 des demandes, de m\u00eame que la fraude. \u00c0 l\u2019appui, le rapport cite notamment des capacit\u00e9s d\u2019enqu\u00eate limit\u00e9es et des baisses d\u2019approbations plus fortes que pr\u00e9vu.<\/p><p><span style=\"font-weight: 400;\">Apr\u00e8s l\u2019introduction de ses plafonds en 2024, IRCC a approuv\u00e9 moins de la moiti\u00e9 des nouveaux permis pr\u00e9vus au cours de l\u2019ann\u00e9e et, en septembre 2025, un peu plus de 50\u2009000\u00a0permis avaient \u00e9t\u00e9 approuv\u00e9s sur les\u00a0255\u2009360\u00a0planifi\u00e9s, sans qu\u2019une explication claire de tels taux d\u2019approbation ait \u00e9t\u00e9 fournie.\u00a0<\/span><\/p>\t\t\t\t\t\t\t\t<\/div>\n\t\t\t\t\t<\/div>\n\t\t\t\t<\/div>\n\t\t<div class=\"elementor-element elementor-element-5dce01c e-flex e-con-boxed e-con e-parent\" data-id=\"5dce01c\" data-element_type=\"container\" data-e-type=\"container\">\n\t\t\t\t\t<div class=\"e-con-inner\">\n\t\t\t\t<div class=\"elementor-element elementor-element-50043ed elementor-widget elementor-widget-spacer\" data-id=\"50043ed\" data-element_type=\"widget\" data-e-type=\"widget\" data-widget_type=\"spacer.default\">\n\t\t\t\t\t\t\t<div class=\"elementor-spacer\">\n\t\t\t<div class=\"elementor-spacer-inner\"><\/div>\n\t\t<\/div>\n\t\t\t\t\t\t<\/div>\n\t\t\t\t<div class=\"elementor-element elementor-element-a20e6c5 elementor-widget elementor-widget-heading\" data-id=\"a20e6c5\" data-element_type=\"widget\" data-e-type=\"widget\" data-widget_type=\"heading.default\">\n\t\t\t\t\t<h2 class=\"elementor-heading-title elementor-size-default\"><b>Des enjeux sur les contr\u00f4les d\u2019int\u00e9grit\u00e9 du P\u00c9\u00c9<\/b><\/h2>\t\t\t\t<\/div>\n\t\t\t\t\t<\/div>\n\t\t\t\t<\/div>\n\t\t<div class=\"elementor-element elementor-element-9c0a325 e-flex e-con-boxed e-con e-parent\" data-id=\"9c0a325\" data-element_type=\"container\" data-e-type=\"container\">\n\t\t\t\t\t<div class=\"e-con-inner\">\n\t\t\t\t<div class=\"elementor-element elementor-element-2cacd5a elementor-widget elementor-widget-text-editor\" data-id=\"2cacd5a\" data-element_type=\"widget\" data-e-type=\"widget\" data-widget_type=\"text-editor.default\">\n\t\t\t\t\t\t\t\t\t<p style=\"font-weight: 400;\">Le rapport rel\u00e8ve aussi un impact disproportionn\u00e9 des plafonds sur les petites provinces (baisse de 59\u00a0% ou plus des approbations en 2024 par rapport \u00e0 2023 dans plusieurs d\u2019entre elles).<\/p><p style=\"font-weight: 400;\">Il note aussi que le syst\u00e8me de v\u00e9rification des lettres d\u2019acceptation a valid\u00e9 97\u00a0% de plus de 841\u2009000\u00a0lettres entre d\u00e9cembre 2023 et septembre 2025, alors qu\u2019IRCC a recens\u00e9 plus de 153\u2009000\u00a0\u00e9tudiants potentiellement non conformes entre 2023 et 2024 (en ne disposant d\u2019un financement pour enqu\u00eater que sur 2\u2009000\u00a0cas par an).<\/p><p style=\"font-weight: 400;\"><strong><a href=\"https:\/\/www.canada.ca\/fr\/immigration-refugies-citoyennete\/nouvelles\/2026\/03\/declaration-de-la-ministre-metlege-diab-sur-le-rapport-de-la-verificatrice-generale-du-canada-sur-les-reformes-concernant-les-etudiants-etrangers.html\" target=\"_blank\" rel=\"noopener\">R\u00e9agissant le m\u00eame jour par communiqu\u00e9<\/a><\/strong>, la ministre Lena Metlege Diab a dit accepter les recommandations sur le suivi des fraudes et de la non-conformit\u00e9 des demandes qui lui sont pr\u00e9sent\u00e9es, tout en soulignant que l\u2019audit ne couvre que les 18\u00a0premiers mois d\u2019une r\u00e9forme pr\u00e9vue jusqu\u2019en 2027.<\/p><p><span style=\"font-weight: 400;\">Elle rappelle l\u2019objectif de ramener les r\u00e9sidents temporaires sous la barre des 5\u00a0% de la population canadienne d\u2019ici fin\u00a02027 et cite une baisse de 171\u2009296\u00a0r\u00e9sidents non permanents \u00e0 la fin\u00a02025.<\/span><\/p>\t\t\t\t\t\t\t\t<\/div>\n\t\t\t\t\t<\/div>\n\t\t\t\t<\/div>\n\t\t<div class=\"elementor-element elementor-element-89e70a3 e-flex e-con-boxed e-con e-parent\" data-id=\"89e70a3\" data-element_type=\"container\" data-e-type=\"container\">\n\t\t\t\t\t<div class=\"e-con-inner\">\n\t\t\t\t<div class=\"elementor-element elementor-element-b5a29fd elementor-widget elementor-widget-text-editor\" data-id=\"b5a29fd\" data-element_type=\"widget\" data-e-type=\"widget\" data-widget_type=\"text-editor.default\">\n\t\t\t\t\t\t\t\t\t<p style=\"font-weight: 400;\"><strong><a href=\"https:\/\/www.canada.ca\/fr\/verificateur-general\/notre-travail\/rapports-daudit\/rapport-verificatrice-generale-2026-reformes-programme-etudiants-etrangers.html\" target=\"_blank\" rel=\"noopener\">Acc\u00e9der au rapport de la v\u00e9rificatrice g\u00e9n\u00e9rale du Canada sur les r\u00e9formes concernant les \u00e9tudiants \u00e9trangers<\/a><\/strong>.<\/p>\t\t\t\t\t\t\t\t<\/div>\n\t\t\t\t\t<\/div>\n\t\t\t\t<\/div>\n\t\t<div class=\"elementor-element elementor-element-69986f9 e-flex e-con-boxed e-con e-parent\" data-id=\"69986f9\" data-element_type=\"container\" data-e-type=\"container\">\n\t\t\t\t\t<div class=\"e-con-inner\">\n\t\t\t\t<div class=\"elementor-element elementor-element-8920988 elementor-widget elementor-widget-text-editor\" data-id=\"8920988\" data-element_type=\"widget\" data-e-type=\"widget\" data-widget_type=\"text-editor.default\">\n\t\t\t\t\t\t\t\t\t<p style=\"font-weight: 400;\"><em>Photo\u00a0: Patrick Otim<\/em><\/p>\t\t\t\t\t\t\t\t<\/div>\n\t\t\t\t\t<\/div>\n\t\t\t\t<\/div>\n\t\t\t\t<\/div>\n\t\t","protected":false},"excerpt":{"rendered":"<p>Les r\u00e9formes du P\u00c9\u00c9 font bien baisser le nombre d\u2019\u00e9tudiants \u00e9trangers, mais n\u2019en corrigent pas certaines failles.<\/p>\n","protected":false},"author":3459,"featured_media":26205,"comment_status":"closed","ping_status":"closed","sticky":false,"template":"","format":"standard","meta":{"_acf_changed":false,"_genesis_hide_title":false,"_genesis_hide_breadcrumbs":false,"_genesis_hide_singular_image":false,"_genesis_hide_footer_widgets":false,"_genesis_custom_body_class":"","_genesis_custom_post_class":"","_genesis_layout":"","footnotes":""},"categories":[1],"tags":[],"class_list":{"0":"post-26204","1":"post","2":"type-post","3":"status-publish","4":"format-standard","5":"has-post-thumbnail","7":"category-actualites","8":"entry"},"acf":[],"yoast_head":"<!-- This site is optimized with the Yoast SEO plugin v27.5 - https:\/\/yoast.com\/product\/yoast-seo-wordpress\/ -->\n<title>Programme des \u00e9tudiants \u00e9trangers : la v\u00e9rificatrice g\u00e9n\u00e9rale pointe des lacunes - Immigrant Qu\u00e9bec<\/title>\n<meta name=\"description\" content=\"Les r\u00e9formes du P\u00c9\u00c9 font bien baisser le nombre d\u2019\u00e9tudiants \u00e9trangers, mais n\u2019en corrigent pas certaines failles.\" \/>\n<meta name=\"robots\" content=\"index, follow, max-snippet:-1, max-image-preview:large, max-video-preview:-1\" \/>\n<link rel=\"canonical\" href=\"https:\/\/immigrantquebec.com\/fr\/actualites\/programme-des-etudiants-etrangers-la-verificatrice-generale-pointe-des-lacunes\/\" \/>\n<meta property=\"og:locale\" content=\"fr_FR\" \/>\n<meta property=\"og:type\" content=\"article\" \/>\n<meta property=\"og:title\" content=\"Programme des \u00e9tudiants \u00e9trangers : la v\u00e9rificatrice g\u00e9n\u00e9rale pointe des lacunes - Immigrant Qu\u00e9bec\" \/>\n<meta property=\"og:description\" content=\"Les r\u00e9formes du P\u00c9\u00c9 font bien baisser le nombre d\u2019\u00e9tudiants \u00e9trangers, mais n\u2019en corrigent pas certaines failles.\" \/>\n<meta property=\"og:url\" content=\"https:\/\/immigrantquebec.com\/fr\/actualites\/programme-des-etudiants-etrangers-la-verificatrice-generale-pointe-des-lacunes\/\" \/>\n<meta property=\"og:site_name\" content=\"Immigrant Qu\u00e9bec\" \/>\n<meta property=\"article:publisher\" content=\"https:\/\/www.facebook.com\/immigrantquebec\" \/>\n<meta property=\"article:published_time\" content=\"2026-03-27T15:34:01+00:00\" \/>\n<meta property=\"article:modified_time\" content=\"2026-03-27T15:34:30+00:00\" \/>\n<meta property=\"og:image\" content=\"https:\/\/immigrantquebec.com\/fr\/wp-content\/uploads\/2026\/03\/patrick-otim-0dcfWHA2uKk-unsplash-950.jpg\" \/>\n\t<meta property=\"og:image:width\" content=\"950\" \/>\n\t<meta property=\"og:image:height\" content=\"400\" \/>\n\t<meta property=\"og:image:type\" content=\"image\/jpeg\" \/>\n<meta name=\"author\" content=\"Basile Moratille\" \/>\n<meta name=\"twitter:label1\" content=\"\u00c9crit par\" \/>\n\t<meta name=\"twitter:data1\" content=\"Basile Moratille\" \/>\n\t<meta name=\"twitter:label2\" content=\"Dur\u00e9e de lecture estim\u00e9e\" \/>\n\t<meta name=\"twitter:data2\" content=\"2 minutes\" \/>\n<script type=\"application\/ld+json\" class=\"yoast-schema-graph\">{\"@context\":\"https:\\\/\\\/schema.org\",\"@graph\":[{\"@type\":\"Article\",\"@id\":\"https:\\\/\\\/immigrantquebec.com\\\/fr\\\/actualites\\\/programme-des-etudiants-etrangers-la-verificatrice-generale-pointe-des-lacunes\\\/#article\",\"isPartOf\":{\"@id\":\"https:\\\/\\\/immigrantquebec.com\\\/fr\\\/actualites\\\/programme-des-etudiants-etrangers-la-verificatrice-generale-pointe-des-lacunes\\\/\"},\"author\":{\"name\":\"Basile Moratille\",\"@id\":\"https:\\\/\\\/immigrantquebec.com\\\/fr\\\/#\\\/schema\\\/person\\\/eed5ca7ba2c1007e602ee9b9b87fb4b8\"},\"headline\":\"Programme des \u00e9tudiants \u00e9trangers : la v\u00e9rificatrice g\u00e9n\u00e9rale pointe des lacunes\",\"datePublished\":\"2026-03-27T15:34:01+00:00\",\"dateModified\":\"2026-03-27T15:34:30+00:00\",\"mainEntityOfPage\":{\"@id\":\"https:\\\/\\\/immigrantquebec.com\\\/fr\\\/actualites\\\/programme-des-etudiants-etrangers-la-verificatrice-generale-pointe-des-lacunes\\\/\"},\"wordCount\":420,\"publisher\":{\"@id\":\"https:\\\/\\\/immigrantquebec.com\\\/fr\\\/#organization\"},\"image\":{\"@id\":\"https:\\\/\\\/immigrantquebec.com\\\/fr\\\/actualites\\\/programme-des-etudiants-etrangers-la-verificatrice-generale-pointe-des-lacunes\\\/#primaryimage\"},\"thumbnailUrl\":\"https:\\\/\\\/immigrantquebec.com\\\/fr\\\/wp-content\\\/uploads\\\/2026\\\/03\\\/patrick-otim-0dcfWHA2uKk-unsplash-950.jpg\",\"articleSection\":[\"Actualit\u00e9s\"],\"inLanguage\":\"fr-FR\"},{\"@type\":\"WebPage\",\"@id\":\"https:\\\/\\\/immigrantquebec.com\\\/fr\\\/actualites\\\/programme-des-etudiants-etrangers-la-verificatrice-generale-pointe-des-lacunes\\\/\",\"url\":\"https:\\\/\\\/immigrantquebec.com\\\/fr\\\/actualites\\\/programme-des-etudiants-etrangers-la-verificatrice-generale-pointe-des-lacunes\\\/\",\"name\":\"Programme des \u00e9tudiants \u00e9trangers : la v\u00e9rificatrice g\u00e9n\u00e9rale pointe des lacunes - Immigrant Qu\u00e9bec\",\"isPartOf\":{\"@id\":\"https:\\\/\\\/immigrantquebec.com\\\/fr\\\/#website\"},\"primaryImageOfPage\":{\"@id\":\"https:\\\/\\\/immigrantquebec.com\\\/fr\\\/actualites\\\/programme-des-etudiants-etrangers-la-verificatrice-generale-pointe-des-lacunes\\\/#primaryimage\"},\"image\":{\"@id\":\"https:\\\/\\\/immigrantquebec.com\\\/fr\\\/actualites\\\/programme-des-etudiants-etrangers-la-verificatrice-generale-pointe-des-lacunes\\\/#primaryimage\"},\"thumbnailUrl\":\"https:\\\/\\\/immigrantquebec.com\\\/fr\\\/wp-content\\\/uploads\\\/2026\\\/03\\\/patrick-otim-0dcfWHA2uKk-unsplash-950.jpg\",\"datePublished\":\"2026-03-27T15:34:01+00:00\",\"dateModified\":\"2026-03-27T15:34:30+00:00\",\"description\":\"Les r\u00e9formes du P\u00c9\u00c9 font bien baisser le nombre d\u2019\u00e9tudiants \u00e9trangers, mais n\u2019en corrigent pas certaines failles.\",\"breadcrumb\":{\"@id\":\"https:\\\/\\\/immigrantquebec.com\\\/fr\\\/actualites\\\/programme-des-etudiants-etrangers-la-verificatrice-generale-pointe-des-lacunes\\\/#breadcrumb\"},\"inLanguage\":\"fr-FR\",\"potentialAction\":[{\"@type\":\"ReadAction\",\"target\":[\"https:\\\/\\\/immigrantquebec.com\\\/fr\\\/actualites\\\/programme-des-etudiants-etrangers-la-verificatrice-generale-pointe-des-lacunes\\\/\"]}]},{\"@type\":\"ImageObject\",\"inLanguage\":\"fr-FR\",\"@id\":\"https:\\\/\\\/immigrantquebec.com\\\/fr\\\/actualites\\\/programme-des-etudiants-etrangers-la-verificatrice-generale-pointe-des-lacunes\\\/#primaryimage\",\"url\":\"https:\\\/\\\/immigrantquebec.com\\\/fr\\\/wp-content\\\/uploads\\\/2026\\\/03\\\/patrick-otim-0dcfWHA2uKk-unsplash-950.jpg\",\"contentUrl\":\"https:\\\/\\\/immigrantquebec.com\\\/fr\\\/wp-content\\\/uploads\\\/2026\\\/03\\\/patrick-otim-0dcfWHA2uKk-unsplash-950.jpg\",\"width\":950,\"height\":400},{\"@type\":\"BreadcrumbList\",\"@id\":\"https:\\\/\\\/immigrantquebec.com\\\/fr\\\/actualites\\\/programme-des-etudiants-etrangers-la-verificatrice-generale-pointe-des-lacunes\\\/#breadcrumb\",\"itemListElement\":[{\"@type\":\"ListItem\",\"position\":1,\"name\":\"Accueil\",\"item\":\"https:\\\/\\\/immigrantquebec.com\\\/fr\\\/\"},{\"@type\":\"ListItem\",\"position\":2,\"name\":\"Actualit\u00e9s\",\"item\":\"https:\\\/\\\/immigrantquebec.com\\\/fr\\\/actualites\\\/\"},{\"@type\":\"ListItem\",\"position\":3,\"name\":\"Programme des \u00e9tudiants \u00e9trangers : la v\u00e9rificatrice g\u00e9n\u00e9rale pointe des lacunes\"}]},{\"@type\":\"WebSite\",\"@id\":\"https:\\\/\\\/immigrantquebec.com\\\/fr\\\/#website\",\"url\":\"https:\\\/\\\/immigrantquebec.com\\\/fr\\\/\",\"name\":\"Immigrant Qu\u00e9bec\",\"description\":\"Immigrer, vivre, travailler et \u00e9tudier au Qu\u00e9bec, Canada\",\"publisher\":{\"@id\":\"https:\\\/\\\/immigrantquebec.com\\\/fr\\\/#organization\"},\"potentialAction\":[{\"@type\":\"SearchAction\",\"target\":{\"@type\":\"EntryPoint\",\"urlTemplate\":\"https:\\\/\\\/immigrantquebec.com\\\/fr\\\/?s={search_term_string}\"},\"query-input\":{\"@type\":\"PropertyValueSpecification\",\"valueRequired\":true,\"valueName\":\"search_term_string\"}}],\"inLanguage\":\"fr-FR\"},{\"@type\":\"Organization\",\"@id\":\"https:\\\/\\\/immigrantquebec.com\\\/fr\\\/#organization\",\"name\":\"Immigrant Qu\u00e9bec\",\"url\":\"https:\\\/\\\/immigrantquebec.com\\\/fr\\\/\",\"logo\":{\"@type\":\"ImageObject\",\"inLanguage\":\"fr-FR\",\"@id\":\"https:\\\/\\\/immigrantquebec.com\\\/fr\\\/#\\\/schema\\\/logo\\\/image\\\/\",\"url\":\"https:\\\/\\\/immigrantquebec.com\\\/fr\\\/wp-content\\\/uploads\\\/2024\\\/03\\\/LogoIQ-2024-RVB.png\",\"contentUrl\":\"https:\\\/\\\/immigrantquebec.com\\\/fr\\\/wp-content\\\/uploads\\\/2024\\\/03\\\/LogoIQ-2024-RVB.png\",\"width\":2500,\"height\":1137,\"caption\":\"Immigrant Qu\u00e9bec\"},\"image\":{\"@id\":\"https:\\\/\\\/immigrantquebec.com\\\/fr\\\/#\\\/schema\\\/logo\\\/image\\\/\"},\"sameAs\":[\"https:\\\/\\\/www.facebook.com\\\/immigrantquebec\",\"https:\\\/\\\/x.com\\\/ImmigrantQuebec\",\"https:\\\/\\\/www.instagram.com\\\/immigrantquebec\",\"https:\\\/\\\/www.youtube.com\\\/user\\\/ImmigrantQc\"]},{\"@type\":\"Person\",\"@id\":\"https:\\\/\\\/immigrantquebec.com\\\/fr\\\/#\\\/schema\\\/person\\\/eed5ca7ba2c1007e602ee9b9b87fb4b8\",\"name\":\"Basile Moratille\",\"image\":{\"@type\":\"ImageObject\",\"inLanguage\":\"fr-FR\",\"@id\":\"https:\\\/\\\/secure.gravatar.com\\\/avatar\\\/639aa731bb7134a1e944526697fe0549d67ab17e00987171296fb5362fc909e9?s=96&d=mm&r=g\",\"url\":\"https:\\\/\\\/secure.gravatar.com\\\/avatar\\\/639aa731bb7134a1e944526697fe0549d67ab17e00987171296fb5362fc909e9?s=96&d=mm&r=g\",\"contentUrl\":\"https:\\\/\\\/secure.gravatar.com\\\/avatar\\\/639aa731bb7134a1e944526697fe0549d67ab17e00987171296fb5362fc909e9?s=96&d=mm&r=g\",\"caption\":\"Basile Moratille\"},\"description\":\"Directeur des contenus et des publications, Immigrant Qu\u00e9bec.\",\"url\":\"https:\\\/\\\/immigrantquebec.com\\\/fr\\\/author\\\/basile-moratilleimmigrantquebec-com\\\/\"}]}<\/script>\n<!-- \/ Yoast SEO plugin. -->","yoast_head_json":{"title":"Programme des \u00e9tudiants \u00e9trangers : la v\u00e9rificatrice g\u00e9n\u00e9rale pointe des lacunes - Immigrant Qu\u00e9bec","description":"Les r\u00e9formes du P\u00c9\u00c9 font bien baisser le nombre d\u2019\u00e9tudiants \u00e9trangers, mais n\u2019en corrigent pas certaines failles.","robots":{"index":"index","follow":"follow","max-snippet":"max-snippet:-1","max-image-preview":"max-image-preview:large","max-video-preview":"max-video-preview:-1"},"canonical":"https:\/\/immigrantquebec.com\/fr\/actualites\/programme-des-etudiants-etrangers-la-verificatrice-generale-pointe-des-lacunes\/","og_locale":"fr_FR","og_type":"article","og_title":"Programme des \u00e9tudiants \u00e9trangers : la v\u00e9rificatrice g\u00e9n\u00e9rale pointe des lacunes - Immigrant Qu\u00e9bec","og_description":"Les r\u00e9formes du P\u00c9\u00c9 font bien baisser le nombre d\u2019\u00e9tudiants \u00e9trangers, mais n\u2019en corrigent pas certaines failles.","og_url":"https:\/\/immigrantquebec.com\/fr\/actualites\/programme-des-etudiants-etrangers-la-verificatrice-generale-pointe-des-lacunes\/","og_site_name":"Immigrant Qu\u00e9bec","article_publisher":"https:\/\/www.facebook.com\/immigrantquebec","article_published_time":"2026-03-27T15:34:01+00:00","article_modified_time":"2026-03-27T15:34:30+00:00","og_image":[{"width":950,"height":400,"url":"https:\/\/immigrantquebec.com\/fr\/wp-content\/uploads\/2026\/03\/patrick-otim-0dcfWHA2uKk-unsplash-950.jpg","type":"image\/jpeg"}],"author":"Basile Moratille","twitter_misc":{"\u00c9crit par":"Basile Moratille","Dur\u00e9e de lecture estim\u00e9e":"2 minutes"},"schema":{"@context":"https:\/\/schema.org","@graph":[{"@type":"Article","@id":"https:\/\/immigrantquebec.com\/fr\/actualites\/programme-des-etudiants-etrangers-la-verificatrice-generale-pointe-des-lacunes\/#article","isPartOf":{"@id":"https:\/\/immigrantquebec.com\/fr\/actualites\/programme-des-etudiants-etrangers-la-verificatrice-generale-pointe-des-lacunes\/"},"author":{"name":"Basile Moratille","@id":"https:\/\/immigrantquebec.com\/fr\/#\/schema\/person\/eed5ca7ba2c1007e602ee9b9b87fb4b8"},"headline":"Programme des \u00e9tudiants \u00e9trangers : la v\u00e9rificatrice g\u00e9n\u00e9rale pointe des lacunes","datePublished":"2026-03-27T15:34:01+00:00","dateModified":"2026-03-27T15:34:30+00:00","mainEntityOfPage":{"@id":"https:\/\/immigrantquebec.com\/fr\/actualites\/programme-des-etudiants-etrangers-la-verificatrice-generale-pointe-des-lacunes\/"},"wordCount":420,"publisher":{"@id":"https:\/\/immigrantquebec.com\/fr\/#organization"},"image":{"@id":"https:\/\/immigrantquebec.com\/fr\/actualites\/programme-des-etudiants-etrangers-la-verificatrice-generale-pointe-des-lacunes\/#primaryimage"},"thumbnailUrl":"https:\/\/immigrantquebec.com\/fr\/wp-content\/uploads\/2026\/03\/patrick-otim-0dcfWHA2uKk-unsplash-950.jpg","articleSection":["Actualit\u00e9s"],"inLanguage":"fr-FR"},{"@type":"WebPage","@id":"https:\/\/immigrantquebec.com\/fr\/actualites\/programme-des-etudiants-etrangers-la-verificatrice-generale-pointe-des-lacunes\/","url":"https:\/\/immigrantquebec.com\/fr\/actualites\/programme-des-etudiants-etrangers-la-verificatrice-generale-pointe-des-lacunes\/","name":"Programme des \u00e9tudiants \u00e9trangers : la v\u00e9rificatrice g\u00e9n\u00e9rale pointe des lacunes - Immigrant Qu\u00e9bec","isPartOf":{"@id":"https:\/\/immigrantquebec.com\/fr\/#website"},"primaryImageOfPage":{"@id":"https:\/\/immigrantquebec.com\/fr\/actualites\/programme-des-etudiants-etrangers-la-verificatrice-generale-pointe-des-lacunes\/#primaryimage"},"image":{"@id":"https:\/\/immigrantquebec.com\/fr\/actualites\/programme-des-etudiants-etrangers-la-verificatrice-generale-pointe-des-lacunes\/#primaryimage"},"thumbnailUrl":"https:\/\/immigrantquebec.com\/fr\/wp-content\/uploads\/2026\/03\/patrick-otim-0dcfWHA2uKk-unsplash-950.jpg","datePublished":"2026-03-27T15:34:01+00:00","dateModified":"2026-03-27T15:34:30+00:00","description":"Les r\u00e9formes du P\u00c9\u00c9 font bien baisser le nombre d\u2019\u00e9tudiants \u00e9trangers, mais n\u2019en corrigent pas certaines failles.","breadcrumb":{"@id":"https:\/\/immigrantquebec.com\/fr\/actualites\/programme-des-etudiants-etrangers-la-verificatrice-generale-pointe-des-lacunes\/#breadcrumb"},"inLanguage":"fr-FR","potentialAction":[{"@type":"ReadAction","target":["https:\/\/immigrantquebec.com\/fr\/actualites\/programme-des-etudiants-etrangers-la-verificatrice-generale-pointe-des-lacunes\/"]}]},{"@type":"ImageObject","inLanguage":"fr-FR","@id":"https:\/\/immigrantquebec.com\/fr\/actualites\/programme-des-etudiants-etrangers-la-verificatrice-generale-pointe-des-lacunes\/#primaryimage","url":"https:\/\/immigrantquebec.com\/fr\/wp-content\/uploads\/2026\/03\/patrick-otim-0dcfWHA2uKk-unsplash-950.jpg","contentUrl":"https:\/\/immigrantquebec.com\/fr\/wp-content\/uploads\/2026\/03\/patrick-otim-0dcfWHA2uKk-unsplash-950.jpg","width":950,"height":400},{"@type":"BreadcrumbList","@id":"https:\/\/immigrantquebec.com\/fr\/actualites\/programme-des-etudiants-etrangers-la-verificatrice-generale-pointe-des-lacunes\/#breadcrumb","itemListElement":[{"@type":"ListItem","position":1,"name":"Accueil","item":"https:\/\/immigrantquebec.com\/fr\/"},{"@type":"ListItem","position":2,"name":"Actualit\u00e9s","item":"https:\/\/immigrantquebec.com\/fr\/actualites\/"},{"@type":"ListItem","position":3,"name":"Programme des \u00e9tudiants \u00e9trangers : la v\u00e9rificatrice g\u00e9n\u00e9rale pointe des lacunes"}]},{"@type":"WebSite","@id":"https:\/\/immigrantquebec.com\/fr\/#website","url":"https:\/\/immigrantquebec.com\/fr\/","name":"Immigrant Qu\u00e9bec","description":"Immigrer, vivre, travailler et \u00e9tudier au Qu\u00e9bec, Canada","publisher":{"@id":"https:\/\/immigrantquebec.com\/fr\/#organization"},"potentialAction":[{"@type":"SearchAction","target":{"@type":"EntryPoint","urlTemplate":"https:\/\/immigrantquebec.com\/fr\/?s={search_term_string}"},"query-input":{"@type":"PropertyValueSpecification","valueRequired":true,"valueName":"search_term_string"}}],"inLanguage":"fr-FR"},{"@type":"Organization","@id":"https:\/\/immigrantquebec.com\/fr\/#organization","name":"Immigrant Qu\u00e9bec","url":"https:\/\/immigrantquebec.com\/fr\/","logo":{"@type":"ImageObject","inLanguage":"fr-FR","@id":"https:\/\/immigrantquebec.com\/fr\/#\/schema\/logo\/image\/","url":"https:\/\/immigrantquebec.com\/fr\/wp-content\/uploads\/2024\/03\/LogoIQ-2024-RVB.png","contentUrl":"https:\/\/immigrantquebec.com\/fr\/wp-content\/uploads\/2024\/03\/LogoIQ-2024-RVB.png","width":2500,"height":1137,"caption":"Immigrant Qu\u00e9bec"},"image":{"@id":"https:\/\/immigrantquebec.com\/fr\/#\/schema\/logo\/image\/"},"sameAs":["https:\/\/www.facebook.com\/immigrantquebec","https:\/\/x.com\/ImmigrantQuebec","https:\/\/www.instagram.com\/immigrantquebec","https:\/\/www.youtube.com\/user\/ImmigrantQc"]},{"@type":"Person","@id":"https:\/\/immigrantquebec.com\/fr\/#\/schema\/person\/eed5ca7ba2c1007e602ee9b9b87fb4b8","name":"Basile Moratille","image":{"@type":"ImageObject","inLanguage":"fr-FR","@id":"https:\/\/secure.gravatar.com\/avatar\/639aa731bb7134a1e944526697fe0549d67ab17e00987171296fb5362fc909e9?s=96&d=mm&r=g","url":"https:\/\/secure.gravatar.com\/avatar\/639aa731bb7134a1e944526697fe0549d67ab17e00987171296fb5362fc909e9?s=96&d=mm&r=g","contentUrl":"https:\/\/secure.gravatar.com\/avatar\/639aa731bb7134a1e944526697fe0549d67ab17e00987171296fb5362fc909e9?s=96&d=mm&r=g","caption":"Basile Moratille"},"description":"Directeur des contenus et des publications, Immigrant Qu\u00e9bec.","url":"https:\/\/immigrantquebec.com\/fr\/author\/basile-moratilleimmigrantquebec-com\/"}]}},"_links":{"self":[{"href":"https:\/\/immigrantquebec.com\/fr\/wp-json\/wp\/v2\/posts\/26204","targetHints":{"allow":["GET"]}}],"collection":[{"href":"https:\/\/immigrantquebec.com\/fr\/wp-json\/wp\/v2\/posts"}],"about":[{"href":"https:\/\/immigrantquebec.com\/fr\/wp-json\/wp\/v2\/types\/post"}],"author":[{"embeddable":true,"href":"https:\/\/immigrantquebec.com\/fr\/wp-json\/wp\/v2\/users\/3459"}],"replies":[{"embeddable":true,"href":"https:\/\/immigrantquebec.com\/fr\/wp-json\/wp\/v2\/comments?post=26204"}],"version-history":[{"count":7,"href":"https:\/\/immigrantquebec.com\/fr\/wp-json\/wp\/v2\/posts\/26204\/revisions"}],"predecessor-version":[{"id":26213,"href":"https:\/\/immigrantquebec.com\/fr\/wp-json\/wp\/v2\/posts\/26204\/revisions\/26213"}],"wp:featuredmedia":[{"embeddable":true,"href":"https:\/\/immigrantquebec.com\/fr\/wp-json\/wp\/v2\/media\/26205"}],"wp:attachment":[{"href":"https:\/\/immigrantquebec.com\/fr\/wp-json\/wp\/v2\/media?parent=26204"}],"wp:term":[{"taxonomy":"category","embeddable":true,"href":"https:\/\/immigrantquebec.com\/fr\/wp-json\/wp\/v2\/categories?post=26204"},{"taxonomy":"post_tag","embeddable":true,"href":"https:\/\/immigrantquebec.com\/fr\/wp-json\/wp\/v2\/tags?post=26204"}],"curies":[{"name":"wp","href":"https:\/\/api.w.org\/{rel}","templated":true}]}}