{"id":26219,"date":"2026-03-30T16:25:44","date_gmt":"2026-03-30T20:25:44","guid":{"rendered":"https:\/\/immigrantquebec.com\/fr\/?p=26219"},"modified":"2026-04-07T13:58:59","modified_gmt":"2026-04-07T17:58:59","slug":"hausse-de-certains-frais-federaux-dimmigration","status":"publish","type":"post","link":"https:\/\/immigrantquebec.com\/fr\/actualites\/hausse-de-certains-frais-federaux-dimmigration\/","title":{"rendered":"Hausse de certains frais f\u00e9d\u00e9raux d\u2019immigration"},"content":{"rendered":"\t\t<div data-elementor-type=\"wp-post\" data-elementor-id=\"26219\" class=\"elementor elementor-26219\" data-elementor-post-type=\"post\">\n\t\t\t\t<div class=\"elementor-element elementor-element-c837920 e-flex e-con-boxed e-con e-parent\" data-id=\"c837920\" data-element_type=\"container\" data-e-type=\"container\">\n\t\t\t\t\t<div class=\"e-con-inner\">\n\t\t\t\t<div class=\"elementor-element elementor-element-3bef682 elementor-widget elementor-widget-text-editor\" data-id=\"3bef682\" data-element_type=\"widget\" data-e-type=\"widget\" data-widget_type=\"text-editor.default\">\n\t\t\t\t\t\t\t\t\t<div><i>Comme c\u2019est le cas tous les deux ans, les frais li\u00e9s aux demandes de r\u00e9sidence permanente vont conna\u00eetre une hausse, qui entrera en vigueur le 30\u00a0avril 2026.<\/i><\/div>\t\t\t\t\t\t\t\t<\/div>\n\t\t\t\t\t<\/div>\n\t\t\t\t<\/div>\n\t\t<div class=\"elementor-element elementor-element-3162ab9 e-flex e-con-boxed e-con e-parent\" data-id=\"3162ab9\" data-element_type=\"container\" data-e-type=\"container\">\n\t\t\t\t\t<div class=\"e-con-inner\">\n\t\t\t\t<div class=\"elementor-element elementor-element-e796346 elementor-widget elementor-widget-text-editor\" data-id=\"e796346\" data-element_type=\"widget\" data-e-type=\"widget\" data-widget_type=\"text-editor.default\">\n\t\t\t\t\t\t\t\t\t<p>La traditionnelle hausse de la grille tarifaire, d\u00e9voil\u00e9e par Immigration, R\u00e9fugi\u00e9s et Citoyennet\u00e9 Canada (IRCC) le 30 mars 2026, est moins s\u00e9v\u00e8re que celle \u00e0 laquelle on avait assist\u00e9 lors du dernier exercice, en 2024.<\/p><p>Parmi les principales hausses enregistr\u00e9es cette ann\u00e9e, notons, par exemple :<\/p>\t\t\t\t\t\t\t\t<\/div>\n\t\t\t\t\t<\/div>\n\t\t\t\t<\/div>\n\t\t<div class=\"elementor-element elementor-element-85b9d48 e-flex e-con-boxed e-con e-parent\" data-id=\"85b9d48\" data-element_type=\"container\" data-e-type=\"container\">\n\t\t\t\t\t<div class=\"e-con-inner\">\n\t\t\t\t<div class=\"elementor-element elementor-element-7b5faba elementor-widget elementor-widget-image\" data-id=\"7b5faba\" data-element_type=\"widget\" data-e-type=\"widget\" data-widget_type=\"image.default\">\n\t\t\t\t\t\t\t\t\t\t\t\t\t\t\t<img fetchpriority=\"high\" decoding=\"async\" width=\"702\" height=\"527\" src=\"https:\/\/immigrantquebec.com\/fr\/wp-content\/uploads\/2026\/03\/IRCC-Tarifs-2026.001.png\" class=\"attachment-large size-large wp-image-26226\" alt=\"\" srcset=\"https:\/\/immigrantquebec.com\/fr\/wp-content\/uploads\/2026\/03\/IRCC-Tarifs-2026.001.png 1024w, https:\/\/immigrantquebec.com\/fr\/wp-content\/uploads\/2026\/03\/IRCC-Tarifs-2026.001-267x200.png 267w, https:\/\/immigrantquebec.com\/fr\/wp-content\/uploads\/2026\/03\/IRCC-Tarifs-2026.001-768x576.png 768w\" sizes=\"(max-width: 702px) 100vw, 702px\" \/>\t\t\t\t\t\t\t\t\t\t\t\t\t\t\t<\/div>\n\t\t\t\t\t<\/div>\n\t\t\t\t<\/div>\n\t\t<div class=\"elementor-element elementor-element-5376037 e-flex e-con-boxed e-con e-parent\" data-id=\"5376037\" data-element_type=\"container\" data-e-type=\"container\">\n\t\t\t\t\t<div class=\"e-con-inner\">\n\t\t\t\t<div class=\"elementor-element elementor-element-cd34542 elementor-widget elementor-widget-text-editor\" data-id=\"cd34542\" data-element_type=\"widget\" data-e-type=\"widget\" data-widget_type=\"text-editor.default\">\n\t\t\t\t\t\t\t\t\t<p style=\"font-weight: 400;\">Ainsi, dans la cat\u00e9gorie de l\u2019immigration \u00e9conomique, un demandeur principal accompagn\u00e9 d\u2019\u00e9poux et d\u2019un enfant \u00e0 charge devra d\u00e9bourser 3\u2009450\u00a0$ CAN, hors visite m\u00e9dicale, extraits de casiers judiciaires et \u00e9ventuels frais de biom\u00e9trie.<\/p><p><span style=\"font-weight: 400;\">Les frais de biom\u00e9trie, quant \u00e0 eux, restent identiques \u00e0 85\u00a0$ CAN par personne (empreintes digitales et photographie), ou 170\u00a0$ CAN pour les familles de deux personnes ou plus.<\/span><\/p>\t\t\t\t\t\t\t\t<\/div>\n\t\t\t\t\t<\/div>\n\t\t\t\t<\/div>\n\t\t<div class=\"elementor-element elementor-element-8acddee e-flex e-con-boxed e-con e-parent\" data-id=\"8acddee\" data-element_type=\"container\" data-e-type=\"container\">\n\t\t\t\t\t<div class=\"e-con-inner\">\n\t\t\t\t<div class=\"elementor-element elementor-element-0e2e8aa elementor-blockquote--skin-boxed elementor-widget elementor-widget-blockquote\" data-id=\"0e2e8aa\" data-element_type=\"widget\" data-e-type=\"widget\" data-widget_type=\"blockquote.default\">\n\t\t\t\t\t\t\t<blockquote class=\"elementor-blockquote\">\n\t\t\t<p class=\"elementor-blockquote__content\">\n\t\t\t\t<i>Ne sont concern\u00e9s ici que les frais \u00e0 payer au f\u00e9d\u00e9ral. Les frais li\u00e9s \u00e0 la s\u00e9lection permanente pr\u00e9alable par le Qu\u00e9bec ont \u00e9t\u00e9 revaloris\u00e9s, comme chaque ann\u00e9e, depuis le 1er janvier.<\/i>\t\t\t<\/p>\n\t\t\t\t\t<\/blockquote>\n\t\t\t\t\t\t<\/div>\n\t\t\t\t\t<\/div>\n\t\t\t\t<\/div>\n\t\t<div class=\"elementor-element elementor-element-166e480 e-flex e-con-boxed e-con e-parent\" data-id=\"166e480\" data-element_type=\"container\" data-e-type=\"container\">\n\t\t\t\t\t<div class=\"e-con-inner\">\n\t\t\t\t<div class=\"elementor-element elementor-element-94a93ec elementor-widget elementor-widget-text-editor\" data-id=\"94a93ec\" data-element_type=\"widget\" data-e-type=\"widget\" data-widget_type=\"text-editor.default\">\n\t\t\t\t\t\t\t\t\t<p style=\"font-weight: 400;\">\u00c9galement l\u00e9g\u00e8rement revaloris\u00e9s cette ann\u00e9e, \u00e0 compter du 31\u00a0mars 2026\u00a0: <a href=\"https:\/\/www.canada.ca\/fr\/immigration-refugies-citoyennete\/nouvelles\/avis\/augmentation-prochaine-frais-droit-citoyennete.html\" target=\"_blank\" rel=\"noopener\"><strong>les frais relatifs au droit de citoyennet\u00e9<\/strong><\/a>, qui passent de 119,75 $ CAN \u00e0 123 $ CAN. Les frais de traitement de la demande restent inchang\u00e9s \u00e0 530 $ CAN.<\/p>\t\t\t\t\t\t\t\t<\/div>\n\t\t\t\t\t<\/div>\n\t\t\t\t<\/div>\n\t\t<div class=\"elementor-element elementor-element-df8f0d8 e-flex e-con-boxed e-con e-parent\" data-id=\"df8f0d8\" data-element_type=\"container\" data-e-type=\"container\">\n\t\t\t\t\t<div class=\"e-con-inner\">\n\t\t\t\t<div class=\"elementor-element elementor-element-b026efb elementor-widget elementor-widget-text-editor\" data-id=\"b026efb\" data-element_type=\"widget\" data-e-type=\"widget\" data-widget_type=\"text-editor.default\">\n\t\t\t\t\t\t\t\t\t<p>La grille tarifaire d&rsquo;IRCC pour la r\u00e9sidence permanente est valable pour une dur\u00e9e de deux ans, et sera donc mise \u00e0 jour le 30 avril 2028.<\/p><p>Comme son nom l&rsquo;indique, elle ne comprend pas les frais demand\u00e9s \u00e0 l&rsquo;appui d&rsquo;une demande de permis de travail ou d&rsquo;\u00e9tudes, par exemple, qui restent inchang\u00e9s.<\/p>\t\t\t\t\t\t\t\t<\/div>\n\t\t\t\t\t<\/div>\n\t\t\t\t<\/div>\n\t\t<div class=\"elementor-element elementor-element-d4ddead e-flex e-con-boxed e-con e-parent\" data-id=\"d4ddead\" data-element_type=\"container\" data-e-type=\"container\">\n\t\t\t\t\t<div class=\"e-con-inner\">\n\t\t\t\t<div class=\"elementor-element elementor-element-6fb4372 elementor-widget elementor-widget-text-editor\" data-id=\"6fb4372\" data-element_type=\"widget\" data-e-type=\"widget\" data-widget_type=\"text-editor.default\">\n\t\t\t\t\t\t\t\t\t<div><span lang=\"EN-US\"><b><span lang=\"FR-CA\"><a href=\"https:\/\/www.canada.ca\/fr\/immigration-refugies-citoyennete\/nouvelles\/avis\/augmentation-frais-lies-residence-permanente.html\" target=\"_blank\" rel=\"noopener\">Acc\u00e9der \u00e0 l\u2019avis d\u2019IRCC du 30 mars 2026<\/a> <\/span><\/b><\/span><b>et \u00e0 l\u2019ensemble de la grille mise \u00e0 jour.<\/b><\/div>\t\t\t\t\t\t\t\t<\/div>\n\t\t\t\t\t<\/div>\n\t\t\t\t<\/div>\n\t\t<div class=\"elementor-element elementor-element-1c7f5d5 e-flex e-con-boxed e-con e-parent\" data-id=\"1c7f5d5\" data-element_type=\"container\" data-e-type=\"container\">\n\t\t\t\t\t<div class=\"e-con-inner\">\n\t\t\t\t<div class=\"elementor-element elementor-element-e33871d elementor-widget elementor-widget-text-editor\" data-id=\"e33871d\" data-element_type=\"widget\" data-e-type=\"widget\" data-widget_type=\"text-editor.default\">\n\t\t\t\t\t\t\t\t\t<p style=\"font-weight: 400;\"><em>Photo\u00a0: Kateryna Hliznitsova<\/em><\/p>\t\t\t\t\t\t\t\t<\/div>\n\t\t\t\t\t<\/div>\n\t\t\t\t<\/div>\n\t\t\t\t<\/div>\n\t\t","protected":false},"excerpt":{"rendered":"<p>La traditionnelle hausse de la grille tarifaire pour la r\u00e9sidence permanente entrera en vigueur le 30 avril 2026.<\/p>\n","protected":false},"author":3459,"featured_media":26220,"comment_status":"closed","ping_status":"closed","sticky":false,"template":"","format":"standard","meta":{"_acf_changed":false,"_genesis_hide_title":false,"_genesis_hide_breadcrumbs":false,"_genesis_hide_singular_image":false,"_genesis_hide_footer_widgets":false,"_genesis_custom_body_class":"","_genesis_custom_post_class":"","_genesis_layout":"","footnotes":""},"categories":[1],"tags":[],"class_list":{"0":"post-26219","1":"post","2":"type-post","3":"status-publish","4":"format-standard","5":"has-post-thumbnail","7":"category-actualites","8":"entry"},"acf":[],"yoast_head":"<!-- This site is optimized with the Yoast SEO plugin v27.5 - https:\/\/yoast.com\/product\/yoast-seo-wordpress\/ -->\n<title>Hausse de certains frais f\u00e9d\u00e9raux d\u2019immigration - Immigrant Qu\u00e9bec<\/title>\n<meta name=\"description\" content=\"La traditionnelle hausse de la grille tarifaire pour la r\u00e9sidence permanente entrera en vigueur le 30 avril 2026.\" \/>\n<meta name=\"robots\" content=\"index, follow, max-snippet:-1, max-image-preview:large, max-video-preview:-1\" \/>\n<link rel=\"canonical\" href=\"https:\/\/immigrantquebec.com\/fr\/actualites\/hausse-de-certains-frais-federaux-dimmigration\/\" \/>\n<meta property=\"og:locale\" content=\"fr_FR\" \/>\n<meta property=\"og:type\" content=\"article\" \/>\n<meta property=\"og:title\" content=\"Hausse de certains frais f\u00e9d\u00e9raux d\u2019immigration - Immigrant Qu\u00e9bec\" \/>\n<meta property=\"og:description\" content=\"La traditionnelle hausse de la grille tarifaire pour la r\u00e9sidence permanente entrera en vigueur le 30 avril 2026.\" \/>\n<meta property=\"og:url\" content=\"https:\/\/immigrantquebec.com\/fr\/actualites\/hausse-de-certains-frais-federaux-dimmigration\/\" \/>\n<meta property=\"og:site_name\" content=\"Immigrant Qu\u00e9bec\" \/>\n<meta property=\"article:publisher\" content=\"https:\/\/www.facebook.com\/immigrantquebec\" \/>\n<meta property=\"article:published_time\" content=\"2026-03-30T20:25:44+00:00\" \/>\n<meta property=\"article:modified_time\" content=\"2026-04-07T17:58:59+00:00\" \/>\n<meta property=\"og:image\" content=\"https:\/\/immigrantquebec.com\/fr\/wp-content\/uploads\/2026\/03\/kateryna-hliznitsova-KchLVB1NTEw-unsplash-950.jpg\" \/>\n\t<meta property=\"og:image:width\" content=\"950\" \/>\n\t<meta property=\"og:image:height\" content=\"400\" \/>\n\t<meta property=\"og:image:type\" content=\"image\/jpeg\" \/>\n<meta name=\"author\" content=\"Basile Moratille\" \/>\n<meta name=\"twitter:label1\" content=\"\u00c9crit par\" \/>\n\t<meta name=\"twitter:data1\" content=\"Basile Moratille\" \/>\n\t<meta name=\"twitter:label2\" content=\"Dur\u00e9e de lecture estim\u00e9e\" \/>\n\t<meta name=\"twitter:data2\" content=\"2 minutes\" \/>\n<script type=\"application\/ld+json\" class=\"yoast-schema-graph\">{\"@context\":\"https:\\\/\\\/schema.org\",\"@graph\":[{\"@type\":\"Article\",\"@id\":\"https:\\\/\\\/immigrantquebec.com\\\/fr\\\/actualites\\\/hausse-de-certains-frais-federaux-dimmigration\\\/#article\",\"isPartOf\":{\"@id\":\"https:\\\/\\\/immigrantquebec.com\\\/fr\\\/actualites\\\/hausse-de-certains-frais-federaux-dimmigration\\\/\"},\"author\":{\"name\":\"Basile Moratille\",\"@id\":\"https:\\\/\\\/immigrantquebec.com\\\/fr\\\/#\\\/schema\\\/person\\\/eed5ca7ba2c1007e602ee9b9b87fb4b8\"},\"headline\":\"Hausse de certains frais f\u00e9d\u00e9raux d\u2019immigration\",\"datePublished\":\"2026-03-30T20:25:44+00:00\",\"dateModified\":\"2026-04-07T17:58:59+00:00\",\"mainEntityOfPage\":{\"@id\":\"https:\\\/\\\/immigrantquebec.com\\\/fr\\\/actualites\\\/hausse-de-certains-frais-federaux-dimmigration\\\/\"},\"wordCount\":302,\"publisher\":{\"@id\":\"https:\\\/\\\/immigrantquebec.com\\\/fr\\\/#organization\"},\"image\":{\"@id\":\"https:\\\/\\\/immigrantquebec.com\\\/fr\\\/actualites\\\/hausse-de-certains-frais-federaux-dimmigration\\\/#primaryimage\"},\"thumbnailUrl\":\"https:\\\/\\\/immigrantquebec.com\\\/fr\\\/wp-content\\\/uploads\\\/2026\\\/03\\\/kateryna-hliznitsova-KchLVB1NTEw-unsplash-950.jpg\",\"articleSection\":[\"Actualit\u00e9s\"],\"inLanguage\":\"fr-FR\"},{\"@type\":\"WebPage\",\"@id\":\"https:\\\/\\\/immigrantquebec.com\\\/fr\\\/actualites\\\/hausse-de-certains-frais-federaux-dimmigration\\\/\",\"url\":\"https:\\\/\\\/immigrantquebec.com\\\/fr\\\/actualites\\\/hausse-de-certains-frais-federaux-dimmigration\\\/\",\"name\":\"Hausse de certains frais f\u00e9d\u00e9raux d\u2019immigration - Immigrant Qu\u00e9bec\",\"isPartOf\":{\"@id\":\"https:\\\/\\\/immigrantquebec.com\\\/fr\\\/#website\"},\"primaryImageOfPage\":{\"@id\":\"https:\\\/\\\/immigrantquebec.com\\\/fr\\\/actualites\\\/hausse-de-certains-frais-federaux-dimmigration\\\/#primaryimage\"},\"image\":{\"@id\":\"https:\\\/\\\/immigrantquebec.com\\\/fr\\\/actualites\\\/hausse-de-certains-frais-federaux-dimmigration\\\/#primaryimage\"},\"thumbnailUrl\":\"https:\\\/\\\/immigrantquebec.com\\\/fr\\\/wp-content\\\/uploads\\\/2026\\\/03\\\/kateryna-hliznitsova-KchLVB1NTEw-unsplash-950.jpg\",\"datePublished\":\"2026-03-30T20:25:44+00:00\",\"dateModified\":\"2026-04-07T17:58:59+00:00\",\"description\":\"La traditionnelle hausse de la grille tarifaire pour la r\u00e9sidence permanente entrera en vigueur le 30 avril 2026.\",\"breadcrumb\":{\"@id\":\"https:\\\/\\\/immigrantquebec.com\\\/fr\\\/actualites\\\/hausse-de-certains-frais-federaux-dimmigration\\\/#breadcrumb\"},\"inLanguage\":\"fr-FR\",\"potentialAction\":[{\"@type\":\"ReadAction\",\"target\":[\"https:\\\/\\\/immigrantquebec.com\\\/fr\\\/actualites\\\/hausse-de-certains-frais-federaux-dimmigration\\\/\"]}]},{\"@type\":\"ImageObject\",\"inLanguage\":\"fr-FR\",\"@id\":\"https:\\\/\\\/immigrantquebec.com\\\/fr\\\/actualites\\\/hausse-de-certains-frais-federaux-dimmigration\\\/#primaryimage\",\"url\":\"https:\\\/\\\/immigrantquebec.com\\\/fr\\\/wp-content\\\/uploads\\\/2026\\\/03\\\/kateryna-hliznitsova-KchLVB1NTEw-unsplash-950.jpg\",\"contentUrl\":\"https:\\\/\\\/immigrantquebec.com\\\/fr\\\/wp-content\\\/uploads\\\/2026\\\/03\\\/kateryna-hliznitsova-KchLVB1NTEw-unsplash-950.jpg\",\"width\":950,\"height\":400},{\"@type\":\"BreadcrumbList\",\"@id\":\"https:\\\/\\\/immigrantquebec.com\\\/fr\\\/actualites\\\/hausse-de-certains-frais-federaux-dimmigration\\\/#breadcrumb\",\"itemListElement\":[{\"@type\":\"ListItem\",\"position\":1,\"name\":\"Accueil\",\"item\":\"https:\\\/\\\/immigrantquebec.com\\\/fr\\\/\"},{\"@type\":\"ListItem\",\"position\":2,\"name\":\"Actualit\u00e9s\",\"item\":\"https:\\\/\\\/immigrantquebec.com\\\/fr\\\/actualites\\\/\"},{\"@type\":\"ListItem\",\"position\":3,\"name\":\"Hausse de certains frais f\u00e9d\u00e9raux d\u2019immigration\"}]},{\"@type\":\"WebSite\",\"@id\":\"https:\\\/\\\/immigrantquebec.com\\\/fr\\\/#website\",\"url\":\"https:\\\/\\\/immigrantquebec.com\\\/fr\\\/\",\"name\":\"Immigrant Qu\u00e9bec\",\"description\":\"Immigrer, vivre, travailler et \u00e9tudier au Qu\u00e9bec, Canada\",\"publisher\":{\"@id\":\"https:\\\/\\\/immigrantquebec.com\\\/fr\\\/#organization\"},\"potentialAction\":[{\"@type\":\"SearchAction\",\"target\":{\"@type\":\"EntryPoint\",\"urlTemplate\":\"https:\\\/\\\/immigrantquebec.com\\\/fr\\\/?s={search_term_string}\"},\"query-input\":{\"@type\":\"PropertyValueSpecification\",\"valueRequired\":true,\"valueName\":\"search_term_string\"}}],\"inLanguage\":\"fr-FR\"},{\"@type\":\"Organization\",\"@id\":\"https:\\\/\\\/immigrantquebec.com\\\/fr\\\/#organization\",\"name\":\"Immigrant Qu\u00e9bec\",\"url\":\"https:\\\/\\\/immigrantquebec.com\\\/fr\\\/\",\"logo\":{\"@type\":\"ImageObject\",\"inLanguage\":\"fr-FR\",\"@id\":\"https:\\\/\\\/immigrantquebec.com\\\/fr\\\/#\\\/schema\\\/logo\\\/image\\\/\",\"url\":\"https:\\\/\\\/immigrantquebec.com\\\/fr\\\/wp-content\\\/uploads\\\/2024\\\/03\\\/LogoIQ-2024-RVB.png\",\"contentUrl\":\"https:\\\/\\\/immigrantquebec.com\\\/fr\\\/wp-content\\\/uploads\\\/2024\\\/03\\\/LogoIQ-2024-RVB.png\",\"width\":2500,\"height\":1137,\"caption\":\"Immigrant Qu\u00e9bec\"},\"image\":{\"@id\":\"https:\\\/\\\/immigrantquebec.com\\\/fr\\\/#\\\/schema\\\/logo\\\/image\\\/\"},\"sameAs\":[\"https:\\\/\\\/www.facebook.com\\\/immigrantquebec\",\"https:\\\/\\\/x.com\\\/ImmigrantQuebec\",\"https:\\\/\\\/www.instagram.com\\\/immigrantquebec\",\"https:\\\/\\\/www.youtube.com\\\/user\\\/ImmigrantQc\"]},{\"@type\":\"Person\",\"@id\":\"https:\\\/\\\/immigrantquebec.com\\\/fr\\\/#\\\/schema\\\/person\\\/eed5ca7ba2c1007e602ee9b9b87fb4b8\",\"name\":\"Basile Moratille\",\"image\":{\"@type\":\"ImageObject\",\"inLanguage\":\"fr-FR\",\"@id\":\"https:\\\/\\\/secure.gravatar.com\\\/avatar\\\/639aa731bb7134a1e944526697fe0549d67ab17e00987171296fb5362fc909e9?s=96&d=mm&r=g\",\"url\":\"https:\\\/\\\/secure.gravatar.com\\\/avatar\\\/639aa731bb7134a1e944526697fe0549d67ab17e00987171296fb5362fc909e9?s=96&d=mm&r=g\",\"contentUrl\":\"https:\\\/\\\/secure.gravatar.com\\\/avatar\\\/639aa731bb7134a1e944526697fe0549d67ab17e00987171296fb5362fc909e9?s=96&d=mm&r=g\",\"caption\":\"Basile Moratille\"},\"description\":\"Directeur des contenus et des publications, Immigrant Qu\u00e9bec.\",\"url\":\"https:\\\/\\\/immigrantquebec.com\\\/fr\\\/author\\\/basile-moratilleimmigrantquebec-com\\\/\"}]}<\/script>\n<!-- \/ Yoast SEO plugin. -->","yoast_head_json":{"title":"Hausse de certains frais f\u00e9d\u00e9raux d\u2019immigration - Immigrant Qu\u00e9bec","description":"La traditionnelle hausse de la grille tarifaire pour la r\u00e9sidence permanente entrera en vigueur le 30 avril 2026.","robots":{"index":"index","follow":"follow","max-snippet":"max-snippet:-1","max-image-preview":"max-image-preview:large","max-video-preview":"max-video-preview:-1"},"canonical":"https:\/\/immigrantquebec.com\/fr\/actualites\/hausse-de-certains-frais-federaux-dimmigration\/","og_locale":"fr_FR","og_type":"article","og_title":"Hausse de certains frais f\u00e9d\u00e9raux d\u2019immigration - Immigrant Qu\u00e9bec","og_description":"La traditionnelle hausse de la grille tarifaire pour la r\u00e9sidence permanente entrera en vigueur le 30 avril 2026.","og_url":"https:\/\/immigrantquebec.com\/fr\/actualites\/hausse-de-certains-frais-federaux-dimmigration\/","og_site_name":"Immigrant Qu\u00e9bec","article_publisher":"https:\/\/www.facebook.com\/immigrantquebec","article_published_time":"2026-03-30T20:25:44+00:00","article_modified_time":"2026-04-07T17:58:59+00:00","og_image":[{"width":950,"height":400,"url":"https:\/\/immigrantquebec.com\/fr\/wp-content\/uploads\/2026\/03\/kateryna-hliznitsova-KchLVB1NTEw-unsplash-950.jpg","type":"image\/jpeg"}],"author":"Basile Moratille","twitter_misc":{"\u00c9crit par":"Basile Moratille","Dur\u00e9e de lecture estim\u00e9e":"2 minutes"},"schema":{"@context":"https:\/\/schema.org","@graph":[{"@type":"Article","@id":"https:\/\/immigrantquebec.com\/fr\/actualites\/hausse-de-certains-frais-federaux-dimmigration\/#article","isPartOf":{"@id":"https:\/\/immigrantquebec.com\/fr\/actualites\/hausse-de-certains-frais-federaux-dimmigration\/"},"author":{"name":"Basile Moratille","@id":"https:\/\/immigrantquebec.com\/fr\/#\/schema\/person\/eed5ca7ba2c1007e602ee9b9b87fb4b8"},"headline":"Hausse de certains frais f\u00e9d\u00e9raux d\u2019immigration","datePublished":"2026-03-30T20:25:44+00:00","dateModified":"2026-04-07T17:58:59+00:00","mainEntityOfPage":{"@id":"https:\/\/immigrantquebec.com\/fr\/actualites\/hausse-de-certains-frais-federaux-dimmigration\/"},"wordCount":302,"publisher":{"@id":"https:\/\/immigrantquebec.com\/fr\/#organization"},"image":{"@id":"https:\/\/immigrantquebec.com\/fr\/actualites\/hausse-de-certains-frais-federaux-dimmigration\/#primaryimage"},"thumbnailUrl":"https:\/\/immigrantquebec.com\/fr\/wp-content\/uploads\/2026\/03\/kateryna-hliznitsova-KchLVB1NTEw-unsplash-950.jpg","articleSection":["Actualit\u00e9s"],"inLanguage":"fr-FR"},{"@type":"WebPage","@id":"https:\/\/immigrantquebec.com\/fr\/actualites\/hausse-de-certains-frais-federaux-dimmigration\/","url":"https:\/\/immigrantquebec.com\/fr\/actualites\/hausse-de-certains-frais-federaux-dimmigration\/","name":"Hausse de certains frais f\u00e9d\u00e9raux d\u2019immigration - Immigrant Qu\u00e9bec","isPartOf":{"@id":"https:\/\/immigrantquebec.com\/fr\/#website"},"primaryImageOfPage":{"@id":"https:\/\/immigrantquebec.com\/fr\/actualites\/hausse-de-certains-frais-federaux-dimmigration\/#primaryimage"},"image":{"@id":"https:\/\/immigrantquebec.com\/fr\/actualites\/hausse-de-certains-frais-federaux-dimmigration\/#primaryimage"},"thumbnailUrl":"https:\/\/immigrantquebec.com\/fr\/wp-content\/uploads\/2026\/03\/kateryna-hliznitsova-KchLVB1NTEw-unsplash-950.jpg","datePublished":"2026-03-30T20:25:44+00:00","dateModified":"2026-04-07T17:58:59+00:00","description":"La traditionnelle hausse de la grille tarifaire pour la r\u00e9sidence permanente entrera en vigueur le 30 avril 2026.","breadcrumb":{"@id":"https:\/\/immigrantquebec.com\/fr\/actualites\/hausse-de-certains-frais-federaux-dimmigration\/#breadcrumb"},"inLanguage":"fr-FR","potentialAction":[{"@type":"ReadAction","target":["https:\/\/immigrantquebec.com\/fr\/actualites\/hausse-de-certains-frais-federaux-dimmigration\/"]}]},{"@type":"ImageObject","inLanguage":"fr-FR","@id":"https:\/\/immigrantquebec.com\/fr\/actualites\/hausse-de-certains-frais-federaux-dimmigration\/#primaryimage","url":"https:\/\/immigrantquebec.com\/fr\/wp-content\/uploads\/2026\/03\/kateryna-hliznitsova-KchLVB1NTEw-unsplash-950.jpg","contentUrl":"https:\/\/immigrantquebec.com\/fr\/wp-content\/uploads\/2026\/03\/kateryna-hliznitsova-KchLVB1NTEw-unsplash-950.jpg","width":950,"height":400},{"@type":"BreadcrumbList","@id":"https:\/\/immigrantquebec.com\/fr\/actualites\/hausse-de-certains-frais-federaux-dimmigration\/#breadcrumb","itemListElement":[{"@type":"ListItem","position":1,"name":"Accueil","item":"https:\/\/immigrantquebec.com\/fr\/"},{"@type":"ListItem","position":2,"name":"Actualit\u00e9s","item":"https:\/\/immigrantquebec.com\/fr\/actualites\/"},{"@type":"ListItem","position":3,"name":"Hausse de certains frais f\u00e9d\u00e9raux d\u2019immigration"}]},{"@type":"WebSite","@id":"https:\/\/immigrantquebec.com\/fr\/#website","url":"https:\/\/immigrantquebec.com\/fr\/","name":"Immigrant Qu\u00e9bec","description":"Immigrer, vivre, travailler et \u00e9tudier au Qu\u00e9bec, Canada","publisher":{"@id":"https:\/\/immigrantquebec.com\/fr\/#organization"},"potentialAction":[{"@type":"SearchAction","target":{"@type":"EntryPoint","urlTemplate":"https:\/\/immigrantquebec.com\/fr\/?s={search_term_string}"},"query-input":{"@type":"PropertyValueSpecification","valueRequired":true,"valueName":"search_term_string"}}],"inLanguage":"fr-FR"},{"@type":"Organization","@id":"https:\/\/immigrantquebec.com\/fr\/#organization","name":"Immigrant Qu\u00e9bec","url":"https:\/\/immigrantquebec.com\/fr\/","logo":{"@type":"ImageObject","inLanguage":"fr-FR","@id":"https:\/\/immigrantquebec.com\/fr\/#\/schema\/logo\/image\/","url":"https:\/\/immigrantquebec.com\/fr\/wp-content\/uploads\/2024\/03\/LogoIQ-2024-RVB.png","contentUrl":"https:\/\/immigrantquebec.com\/fr\/wp-content\/uploads\/2024\/03\/LogoIQ-2024-RVB.png","width":2500,"height":1137,"caption":"Immigrant Qu\u00e9bec"},"image":{"@id":"https:\/\/immigrantquebec.com\/fr\/#\/schema\/logo\/image\/"},"sameAs":["https:\/\/www.facebook.com\/immigrantquebec","https:\/\/x.com\/ImmigrantQuebec","https:\/\/www.instagram.com\/immigrantquebec","https:\/\/www.youtube.com\/user\/ImmigrantQc"]},{"@type":"Person","@id":"https:\/\/immigrantquebec.com\/fr\/#\/schema\/person\/eed5ca7ba2c1007e602ee9b9b87fb4b8","name":"Basile Moratille","image":{"@type":"ImageObject","inLanguage":"fr-FR","@id":"https:\/\/secure.gravatar.com\/avatar\/639aa731bb7134a1e944526697fe0549d67ab17e00987171296fb5362fc909e9?s=96&d=mm&r=g","url":"https:\/\/secure.gravatar.com\/avatar\/639aa731bb7134a1e944526697fe0549d67ab17e00987171296fb5362fc909e9?s=96&d=mm&r=g","contentUrl":"https:\/\/secure.gravatar.com\/avatar\/639aa731bb7134a1e944526697fe0549d67ab17e00987171296fb5362fc909e9?s=96&d=mm&r=g","caption":"Basile Moratille"},"description":"Directeur des contenus et des publications, Immigrant Qu\u00e9bec.","url":"https:\/\/immigrantquebec.com\/fr\/author\/basile-moratilleimmigrantquebec-com\/"}]}},"_links":{"self":[{"href":"https:\/\/immigrantquebec.com\/fr\/wp-json\/wp\/v2\/posts\/26219","targetHints":{"allow":["GET"]}}],"collection":[{"href":"https:\/\/immigrantquebec.com\/fr\/wp-json\/wp\/v2\/posts"}],"about":[{"href":"https:\/\/immigrantquebec.com\/fr\/wp-json\/wp\/v2\/types\/post"}],"author":[{"embeddable":true,"href":"https:\/\/immigrantquebec.com\/fr\/wp-json\/wp\/v2\/users\/3459"}],"replies":[{"embeddable":true,"href":"https:\/\/immigrantquebec.com\/fr\/wp-json\/wp\/v2\/comments?post=26219"}],"version-history":[{"count":17,"href":"https:\/\/immigrantquebec.com\/fr\/wp-json\/wp\/v2\/posts\/26219\/revisions"}],"predecessor-version":[{"id":26269,"href":"https:\/\/immigrantquebec.com\/fr\/wp-json\/wp\/v2\/posts\/26219\/revisions\/26269"}],"wp:featuredmedia":[{"embeddable":true,"href":"https:\/\/immigrantquebec.com\/fr\/wp-json\/wp\/v2\/media\/26220"}],"wp:attachment":[{"href":"https:\/\/immigrantquebec.com\/fr\/wp-json\/wp\/v2\/media?parent=26219"}],"wp:term":[{"taxonomy":"category","embeddable":true,"href":"https:\/\/immigrantquebec.com\/fr\/wp-json\/wp\/v2\/categories?post=26219"},{"taxonomy":"post_tag","embeddable":true,"href":"https:\/\/immigrantquebec.com\/fr\/wp-json\/wp\/v2\/tags?post=26219"}],"curies":[{"name":"wp","href":"https:\/\/api.w.org\/{rel}","templated":true}]}}