{"id":26238,"date":"2026-04-03T11:15:36","date_gmt":"2026-04-03T15:15:36","guid":{"rendered":"https:\/\/immigrantquebec.com\/fr\/?p=26238"},"modified":"2026-04-02T15:52:56","modified_gmt":"2026-04-02T19:52:56","slug":"changements-acces-asile-canada","status":"publish","type":"post","link":"https:\/\/immigrantquebec.com\/fr\/actualites\/changements-acces-asile-canada\/","title":{"rendered":"Des changements importants en mati\u00e8re d&rsquo;acc\u00e8s \u00e0 l&rsquo;asile au Canada"},"content":{"rendered":"\t\t<div data-elementor-type=\"wp-post\" data-elementor-id=\"26238\" class=\"elementor elementor-26238\" data-elementor-post-type=\"post\">\n\t\t\t\t<div class=\"elementor-element elementor-element-688303d e-flex e-con-boxed e-con e-parent\" data-id=\"688303d\" data-element_type=\"container\" data-e-type=\"container\">\n\t\t\t\t\t<div class=\"e-con-inner\">\n\t\t\t\t<div class=\"elementor-element elementor-element-55b6745 elementor-widget elementor-widget-spacer\" data-id=\"55b6745\" data-element_type=\"widget\" data-e-type=\"widget\" data-widget_type=\"spacer.default\">\n\t\t\t\t\t\t\t<div class=\"elementor-spacer\">\n\t\t\t<div class=\"elementor-spacer-inner\"><\/div>\n\t\t<\/div>\n\t\t\t\t\t\t<\/div>\n\t\t\t\t<div class=\"elementor-element elementor-element-6e834c7 elementor-widget elementor-widget-text-editor\" data-id=\"6e834c7\" data-element_type=\"widget\" data-e-type=\"widget\" data-widget_type=\"text-editor.default\">\n\t\t\t\t\t\t\t\t\t<div><i>Le projet de Loi\u00a0C-12, qui a re\u00e7u la sanction royale le 26\u00a0mars 2026, est entr\u00e9 en vigueur et modifie plusieurs volets du syst\u00e8me canadien d\u2019immigration, en particulier en mati\u00e8re d\u2019acc\u00e8s \u00e0 l\u2019asile.<\/i><\/div>\t\t\t\t\t\t\t\t<\/div>\n\t\t\t\t\t<\/div>\n\t\t\t\t<\/div>\n\t\t<div class=\"elementor-element elementor-element-4906d33 e-flex e-con-boxed e-con e-parent\" data-id=\"4906d33\" data-element_type=\"container\" data-e-type=\"container\">\n\t\t\t\t\t<div class=\"e-con-inner\">\n\t\t\t\t<div class=\"elementor-element elementor-element-891a20f elementor-widget elementor-widget-text-editor\" data-id=\"891a20f\" data-element_type=\"widget\" data-e-type=\"widget\" data-widget_type=\"text-editor.default\">\n\t\t\t\t\t\t\t\t\t<div><p>La Loi visant \u00e0 renforcer le syst\u00e8me d\u2019immigration et la fronti\u00e8re du Canada apporte des changements substantiels dans la r\u00e9ception et le traitement des demandes d\u2019asile. Le gouvernement a ainsi introduit de nouvelles exigences de recevabilit\u00e9 des demandes, dont l\u2019application est r\u00e9troactive.<\/p><\/div>\t\t\t\t\t\t\t\t<\/div>\n\t\t\t\t\t<\/div>\n\t\t\t\t<\/div>\n\t\t<div class=\"elementor-element elementor-element-0a905c6 e-flex e-con-boxed e-con e-parent\" data-id=\"0a905c6\" data-element_type=\"container\" data-e-type=\"container\">\n\t\t\t\t\t<div class=\"e-con-inner\">\n\t\t\t\t<div class=\"elementor-element elementor-element-13f0513 elementor-widget elementor-widget-spacer\" data-id=\"13f0513\" data-element_type=\"widget\" data-e-type=\"widget\" data-widget_type=\"spacer.default\">\n\t\t\t\t\t\t\t<div class=\"elementor-spacer\">\n\t\t\t<div class=\"elementor-spacer-inner\"><\/div>\n\t\t<\/div>\n\t\t\t\t\t\t<\/div>\n\t\t\t\t<div class=\"elementor-element elementor-element-69cd8d0 elementor-widget elementor-widget-heading\" data-id=\"69cd8d0\" data-element_type=\"widget\" data-e-type=\"widget\" data-widget_type=\"heading.default\">\n\t\t\t\t\t<h2 class=\"elementor-heading-title elementor-size-default\"><b>Nouvelles r\u00e8gles de recevabilit\u00e9 des demandes d\u2019asile<\/b><\/h2>\t\t\t\t<\/div>\n\t\t\t\t\t<\/div>\n\t\t\t\t<\/div>\n\t\t<div class=\"elementor-element elementor-element-3524096 e-flex e-con-boxed e-con e-parent\" data-id=\"3524096\" data-element_type=\"container\" data-e-type=\"container\">\n\t\t\t\t\t<div class=\"e-con-inner\">\n\t\t\t\t<div class=\"elementor-element elementor-element-14bac49 elementor-widget elementor-widget-text-editor\" data-id=\"14bac49\" data-element_type=\"widget\" data-e-type=\"widget\" data-widget_type=\"text-editor.default\">\n\t\t\t\t\t\t\t\t\t<p style=\"font-weight: 400;\">Deux nouvelles exigences s\u2019appliquent aux demandes d\u2019asile\u00a0pr\u00e9sent\u00e9es depuis le 3\u00a0juin 2025\u00a0:<\/p><ul><li>Celles d\u00e9pos\u00e9es plus d\u2019un an apr\u00e8s l\u2019entr\u00e9e initiale au Canada (apr\u00e8s le 24\u00a0juin 2020) ne sont pas d\u00e9f\u00e9r\u00e9es \u00e0 la CISR\u2009;<\/li><li>Quant aux demandes pr\u00e9sent\u00e9es au point d\u2019entr\u00e9e 14\u00a0jours apr\u00e8s le franchissement de la fronti\u00e8re terrestre Canada\u2013\u00c9tats-Unis, elles ne sont pas transmises \u00e0 la CISR.<\/li><\/ul>\t\t\t\t\t\t\t\t<\/div>\n\t\t\t\t\t<\/div>\n\t\t\t\t<\/div>\n\t\t<div class=\"elementor-element elementor-element-8029380 e-flex e-con-boxed e-con e-parent\" data-id=\"8029380\" data-element_type=\"container\" data-e-type=\"container\">\n\t\t\t\t\t<div class=\"e-con-inner\">\n\t\t\t\t<div class=\"elementor-element elementor-element-fe9f174 elementor-widget elementor-widget-spacer\" data-id=\"fe9f174\" data-element_type=\"widget\" data-e-type=\"widget\" data-widget_type=\"spacer.default\">\n\t\t\t\t\t\t\t<div class=\"elementor-spacer\">\n\t\t\t<div class=\"elementor-spacer-inner\"><\/div>\n\t\t<\/div>\n\t\t\t\t\t\t<\/div>\n\t\t\t\t<div class=\"elementor-element elementor-element-79b1364 elementor-blockquote--skin-border elementor-widget elementor-widget-blockquote\" data-id=\"79b1364\" data-element_type=\"widget\" data-e-type=\"widget\" data-widget_type=\"blockquote.default\">\n\t\t\t\t\t\t\t<blockquote class=\"elementor-blockquote\">\n\t\t\t<p class=\"elementor-blockquote__content\">\n\t\t\t\t<i>Des mesures particuli\u00e8res sont pr\u00e9vues pour les mineurs non accompagn\u00e9s, et les personnes vis\u00e9es conservent, dans tous les cas, l\u2019acc\u00e8s \u00e0 l\u2019Examen des risques avant renvoi (ERAR).<\/i>\t\t\t<\/p>\n\t\t\t\t\t<\/blockquote>\n\t\t\t\t\t\t<\/div>\n\t\t\t\t<div class=\"elementor-element elementor-element-973a7d4 elementor-widget elementor-widget-spacer\" data-id=\"973a7d4\" data-element_type=\"widget\" data-e-type=\"widget\" data-widget_type=\"spacer.default\">\n\t\t\t\t\t\t\t<div class=\"elementor-spacer\">\n\t\t\t<div class=\"elementor-spacer-inner\"><\/div>\n\t\t<\/div>\n\t\t\t\t\t\t<\/div>\n\t\t\t\t\t<\/div>\n\t\t\t\t<\/div>\n\t\t<div class=\"elementor-element elementor-element-3adf05a e-flex e-con-boxed e-con e-parent\" data-id=\"3adf05a\" data-element_type=\"container\" data-e-type=\"container\">\n\t\t\t\t\t<div class=\"e-con-inner\">\n\t\t\t\t<div class=\"elementor-element elementor-element-2e7c06f elementor-widget elementor-widget-text-editor\" data-id=\"2e7c06f\" data-element_type=\"widget\" data-e-type=\"widget\" data-widget_type=\"text-editor.default\">\n\t\t\t\t\t\t\t\t\t<p style=\"font-weight: 400;\">Parmi les mesures \u00e0 venir destin\u00e9es \u00e0 \u00ab\u2009moderniser le syst\u00e8me d\u2019immigration et d\u2019asile\u2009\u00bb, Ottawa \u00e9voque notamment\u00a0:<\/p><ul><li>La simplification de la demande en ligne\u2009;<\/li><li>Le renvoi \u00e0 la CISR de dossiers complets uniquement\u2009;<\/li><li>L\u2019obligation pour le demandeur d\u2019asile d\u2019\u00eatre pr\u00e9sent au Canada pour qu\u2019une d\u00e9cision de la CISR soit rendue\u2009;<\/li><li>Le retrait de dossiers inactifs\u2009;<\/li><li>L\u2019ordonnance d\u2019expulsion effective le jour m\u00eame d\u2019un retrait de demande.\u00a0<\/li><\/ul>\t\t\t\t\t\t\t\t<\/div>\n\t\t\t\t\t<\/div>\n\t\t\t\t<\/div>\n\t\t<div class=\"elementor-element elementor-element-0453e6c e-flex e-con-boxed e-con e-parent\" data-id=\"0453e6c\" data-element_type=\"container\" data-e-type=\"container\">\n\t\t\t\t\t<div class=\"e-con-inner\">\n\t\t\t\t<div class=\"elementor-element elementor-element-45964f0 elementor-widget elementor-widget-spacer\" data-id=\"45964f0\" data-element_type=\"widget\" data-e-type=\"widget\" data-widget_type=\"spacer.default\">\n\t\t\t\t\t\t\t<div class=\"elementor-spacer\">\n\t\t\t<div class=\"elementor-spacer-inner\"><\/div>\n\t\t<\/div>\n\t\t\t\t\t\t<\/div>\n\t\t\t\t<div class=\"elementor-element elementor-element-c3971c2 elementor-widget elementor-widget-heading\" data-id=\"c3971c2\" data-element_type=\"widget\" data-e-type=\"widget\" data-widget_type=\"heading.default\">\n\t\t\t\t\t<h2 class=\"elementor-heading-title elementor-size-default\"><b>Pouvoirs \u00e9largis d\u2019IRCC sur les documents et les demandes d\u2019immigration<\/b><\/h2>\t\t\t\t<\/div>\n\t\t\t\t\t<\/div>\n\t\t\t\t<\/div>\n\t\t<div class=\"elementor-element elementor-element-2542940 e-flex e-con-boxed e-con e-parent\" data-id=\"2542940\" data-element_type=\"container\" data-e-type=\"container\">\n\t\t\t\t\t<div class=\"e-con-inner\">\n\t\t\t\t<div class=\"elementor-element elementor-element-983417b elementor-widget elementor-widget-text-editor\" data-id=\"983417b\" data-element_type=\"widget\" data-e-type=\"widget\" data-widget_type=\"text-editor.default\">\n\t\t\t\t\t\t\t\t\t<p style=\"font-weight: 400;\">La loi\u00a0C-12 clarifie \u00e9galement le partage de certains renseignements personnels entre programmes et partenaires f\u00e9d\u00e9raux, provinciaux et territoriaux (sous conditions et avec garde-fous).<\/p><p style=\"font-weight: 400;\">Surtout, IRCC peut, pour des motifs d\u2019int\u00e9r\u00eat public,\u00a0annuler, suspendre ou modifier\u00a0la plupart des documents d\u2019immigration (visas, AVE, permis de travail ou d\u2019\u00e9tudes), ainsi qu\u2019interrompre ou suspendre\u00a0la r\u00e9ception ou le traitement de demandes \u2014 par d\u00e9cret, sur approbation du gouverneur en conseil.<\/p><p><span style=\"font-weight: 400;\">Ces pouvoirs\u00a0n\u2019affectent pas\u00a0les demandes d\u2019asile et ne permettent pas aux autorit\u00e9s de modifier et de r\u00e9voquer un statut (r\u00e9sident temporaire ou permanent).<\/span><\/p>\t\t\t\t\t\t\t\t<\/div>\n\t\t\t\t\t<\/div>\n\t\t\t\t<\/div>\n\t\t<div class=\"elementor-element elementor-element-91624a4 e-flex e-con-boxed e-con e-parent\" data-id=\"91624a4\" data-element_type=\"container\" data-e-type=\"container\">\n\t\t\t\t\t<div class=\"e-con-inner\">\n\t\t\t\t<div class=\"elementor-element elementor-element-ee0c7ca elementor-widget elementor-widget-text-editor\" data-id=\"ee0c7ca\" data-element_type=\"widget\" data-e-type=\"widget\" data-widget_type=\"text-editor.default\">\n\t\t\t\t\t\t\t\t\t<p style=\"font-weight: 400;\"><a href=\"https:\/\/www.canada.ca\/fr\/immigration-refugies-citoyennete\/nouvelles\/2026\/03\/de-nouvelles-mesures-en-matiere-dimmigration-et-dasile-du-projet-de-loi-c-12--loi-visant-a-renforcer-le-systeme-dimmigration-et-la-frontiere-du-can.html\" target=\"_blank\" rel=\"noopener\"><strong>Acc\u00e9der au communiqu\u00e9 d\u2019Immigration, R\u00e9fugi\u00e9s et Citoyennet\u00e9 Canada du 26 mars 2026<\/strong><\/a><strong>.<\/strong><\/p>\t\t\t\t\t\t\t\t<\/div>\n\t\t\t\t\t<\/div>\n\t\t\t\t<\/div>\n\t\t<div class=\"elementor-element elementor-element-d7e8e84 e-flex e-con-boxed e-con e-parent\" data-id=\"d7e8e84\" data-element_type=\"container\" data-e-type=\"container\">\n\t\t\t\t\t<div class=\"e-con-inner\">\n\t\t\t\t<div class=\"elementor-element elementor-element-d8d0827 elementor-widget elementor-widget-text-editor\" data-id=\"d8d0827\" data-element_type=\"widget\" data-e-type=\"widget\" data-widget_type=\"text-editor.default\">\n\t\t\t\t\t\t\t\t\t<p><strong><a href=\"https:\/\/www.canada.ca\/fr\/services\/defense\/securiserfrontiere\/renforcer-securite-frontaliere\/comprendre-loi-visant-renforcer-systeme-immigration-frontiere-canada.html#a2\" target=\"_blank\" rel=\"noopener\">Toutes les informations utiles sur la Loi visant \u00e0 renforcer le syst\u00e8me d\u2019immigration et la fronti\u00e8re du Canada<\/a><\/strong><\/p>\t\t\t\t\t\t\t\t<\/div>\n\t\t\t\t\t<\/div>\n\t\t\t\t<\/div>\n\t\t<div class=\"elementor-element elementor-element-01326da e-flex e-con-boxed e-con e-parent\" data-id=\"01326da\" data-element_type=\"container\" data-e-type=\"container\">\n\t\t\t\t\t<div class=\"e-con-inner\">\n\t\t\t\t<div class=\"elementor-element elementor-element-c8f6b49 elementor-widget elementor-widget-text-editor\" data-id=\"c8f6b49\" data-element_type=\"widget\" data-e-type=\"widget\" data-widget_type=\"text-editor.default\">\n\t\t\t\t\t\t\t\t\t<p style=\"font-weight: 400;\"><em>Photo\u00a0: Getty Images\/Unsplash+<\/em><\/p>\t\t\t\t\t\t\t\t<\/div>\n\t\t\t\t\t<\/div>\n\t\t\t\t<\/div>\n\t\t\t\t<\/div>\n\t\t","protected":false},"excerpt":{"rendered":"<p>Ottawa encadre davantage les conditions d&rsquo;acc\u00e8s \u00e0 l\u2019asile et \u00e9largit ses pouvoirs sur les documents et demandes d\u2019immigration.<\/p>\n","protected":false},"author":3459,"featured_media":26239,"comment_status":"closed","ping_status":"closed","sticky":false,"template":"","format":"standard","meta":{"_acf_changed":false,"_genesis_hide_title":false,"_genesis_hide_breadcrumbs":false,"_genesis_hide_singular_image":false,"_genesis_hide_footer_widgets":false,"_genesis_custom_body_class":"","_genesis_custom_post_class":"","_genesis_layout":"","footnotes":""},"categories":[1],"tags":[],"class_list":{"0":"post-26238","1":"post","2":"type-post","3":"status-publish","4":"format-standard","5":"has-post-thumbnail","7":"category-actualites","8":"entry"},"acf":[],"yoast_head":"<!-- This site is optimized with the Yoast SEO plugin v27.5 - https:\/\/yoast.com\/product\/yoast-seo-wordpress\/ -->\n<title>Des changements importants en mati\u00e8re d&#039;acc\u00e8s \u00e0 l&#039;asile au Canada - Immigrant Qu\u00e9bec<\/title>\n<meta name=\"description\" content=\"Ottawa encadre davantage les conditions d&#039;acc\u00e8s \u00e0 l\u2019asile et \u00e9largit ses pouvoirs sur les documents et demandes d\u2019immigration.\" \/>\n<meta name=\"robots\" content=\"index, follow, max-snippet:-1, max-image-preview:large, max-video-preview:-1\" \/>\n<link rel=\"canonical\" href=\"https:\/\/immigrantquebec.com\/fr\/actualites\/changements-acces-asile-canada\/\" \/>\n<meta property=\"og:locale\" content=\"fr_FR\" \/>\n<meta property=\"og:type\" content=\"article\" \/>\n<meta property=\"og:title\" content=\"Des changements importants en mati\u00e8re d&#039;acc\u00e8s \u00e0 l&#039;asile au Canada - Immigrant Qu\u00e9bec\" \/>\n<meta property=\"og:description\" content=\"Ottawa encadre davantage les conditions d&#039;acc\u00e8s \u00e0 l\u2019asile et \u00e9largit ses pouvoirs sur les documents et demandes d\u2019immigration.\" \/>\n<meta property=\"og:url\" content=\"https:\/\/immigrantquebec.com\/fr\/actualites\/changements-acces-asile-canada\/\" \/>\n<meta property=\"og:site_name\" content=\"Immigrant Qu\u00e9bec\" \/>\n<meta property=\"article:publisher\" content=\"https:\/\/www.facebook.com\/immigrantquebec\" \/>\n<meta property=\"article:published_time\" content=\"2026-04-03T15:15:36+00:00\" \/>\n<meta property=\"og:image\" content=\"https:\/\/immigrantquebec.com\/fr\/wp-content\/uploads\/2026\/04\/getty-images-vaW5NhnYtqw-unsplash-950.jpg\" \/>\n\t<meta property=\"og:image:width\" content=\"950\" \/>\n\t<meta property=\"og:image:height\" content=\"400\" \/>\n\t<meta property=\"og:image:type\" content=\"image\/jpeg\" \/>\n<meta name=\"author\" content=\"Basile Moratille\" \/>\n<meta name=\"twitter:label1\" content=\"\u00c9crit par\" \/>\n\t<meta name=\"twitter:data1\" content=\"Basile Moratille\" \/>\n\t<meta name=\"twitter:label2\" content=\"Dur\u00e9e de lecture estim\u00e9e\" \/>\n\t<meta name=\"twitter:data2\" content=\"2 minutes\" \/>\n<script type=\"application\/ld+json\" class=\"yoast-schema-graph\">{\"@context\":\"https:\\\/\\\/schema.org\",\"@graph\":[{\"@type\":\"Article\",\"@id\":\"https:\\\/\\\/immigrantquebec.com\\\/fr\\\/actualites\\\/changements-acces-asile-canada\\\/#article\",\"isPartOf\":{\"@id\":\"https:\\\/\\\/immigrantquebec.com\\\/fr\\\/actualites\\\/changements-acces-asile-canada\\\/\"},\"author\":{\"name\":\"Basile Moratille\",\"@id\":\"https:\\\/\\\/immigrantquebec.com\\\/fr\\\/#\\\/schema\\\/person\\\/eed5ca7ba2c1007e602ee9b9b87fb4b8\"},\"headline\":\"Des changements importants en mati\u00e8re d&rsquo;acc\u00e8s \u00e0 l&rsquo;asile au Canada\",\"datePublished\":\"2026-04-03T15:15:36+00:00\",\"mainEntityOfPage\":{\"@id\":\"https:\\\/\\\/immigrantquebec.com\\\/fr\\\/actualites\\\/changements-acces-asile-canada\\\/\"},\"wordCount\":446,\"publisher\":{\"@id\":\"https:\\\/\\\/immigrantquebec.com\\\/fr\\\/#organization\"},\"image\":{\"@id\":\"https:\\\/\\\/immigrantquebec.com\\\/fr\\\/actualites\\\/changements-acces-asile-canada\\\/#primaryimage\"},\"thumbnailUrl\":\"https:\\\/\\\/immigrantquebec.com\\\/fr\\\/wp-content\\\/uploads\\\/2026\\\/04\\\/getty-images-vaW5NhnYtqw-unsplash-950.jpg\",\"articleSection\":[\"Actualit\u00e9s\"],\"inLanguage\":\"fr-FR\"},{\"@type\":\"WebPage\",\"@id\":\"https:\\\/\\\/immigrantquebec.com\\\/fr\\\/actualites\\\/changements-acces-asile-canada\\\/\",\"url\":\"https:\\\/\\\/immigrantquebec.com\\\/fr\\\/actualites\\\/changements-acces-asile-canada\\\/\",\"name\":\"Des changements importants en mati\u00e8re d'acc\u00e8s \u00e0 l'asile au Canada - Immigrant Qu\u00e9bec\",\"isPartOf\":{\"@id\":\"https:\\\/\\\/immigrantquebec.com\\\/fr\\\/#website\"},\"primaryImageOfPage\":{\"@id\":\"https:\\\/\\\/immigrantquebec.com\\\/fr\\\/actualites\\\/changements-acces-asile-canada\\\/#primaryimage\"},\"image\":{\"@id\":\"https:\\\/\\\/immigrantquebec.com\\\/fr\\\/actualites\\\/changements-acces-asile-canada\\\/#primaryimage\"},\"thumbnailUrl\":\"https:\\\/\\\/immigrantquebec.com\\\/fr\\\/wp-content\\\/uploads\\\/2026\\\/04\\\/getty-images-vaW5NhnYtqw-unsplash-950.jpg\",\"datePublished\":\"2026-04-03T15:15:36+00:00\",\"description\":\"Ottawa encadre davantage les conditions d'acc\u00e8s \u00e0 l\u2019asile et \u00e9largit ses pouvoirs sur les documents et demandes d\u2019immigration.\",\"breadcrumb\":{\"@id\":\"https:\\\/\\\/immigrantquebec.com\\\/fr\\\/actualites\\\/changements-acces-asile-canada\\\/#breadcrumb\"},\"inLanguage\":\"fr-FR\",\"potentialAction\":[{\"@type\":\"ReadAction\",\"target\":[\"https:\\\/\\\/immigrantquebec.com\\\/fr\\\/actualites\\\/changements-acces-asile-canada\\\/\"]}]},{\"@type\":\"ImageObject\",\"inLanguage\":\"fr-FR\",\"@id\":\"https:\\\/\\\/immigrantquebec.com\\\/fr\\\/actualites\\\/changements-acces-asile-canada\\\/#primaryimage\",\"url\":\"https:\\\/\\\/immigrantquebec.com\\\/fr\\\/wp-content\\\/uploads\\\/2026\\\/04\\\/getty-images-vaW5NhnYtqw-unsplash-950.jpg\",\"contentUrl\":\"https:\\\/\\\/immigrantquebec.com\\\/fr\\\/wp-content\\\/uploads\\\/2026\\\/04\\\/getty-images-vaW5NhnYtqw-unsplash-950.jpg\",\"width\":950,\"height\":400},{\"@type\":\"BreadcrumbList\",\"@id\":\"https:\\\/\\\/immigrantquebec.com\\\/fr\\\/actualites\\\/changements-acces-asile-canada\\\/#breadcrumb\",\"itemListElement\":[{\"@type\":\"ListItem\",\"position\":1,\"name\":\"Accueil\",\"item\":\"https:\\\/\\\/immigrantquebec.com\\\/fr\\\/\"},{\"@type\":\"ListItem\",\"position\":2,\"name\":\"Actualit\u00e9s\",\"item\":\"https:\\\/\\\/immigrantquebec.com\\\/fr\\\/actualites\\\/\"},{\"@type\":\"ListItem\",\"position\":3,\"name\":\"Des changements importants en mati\u00e8re d&rsquo;acc\u00e8s \u00e0 l&rsquo;asile au Canada\"}]},{\"@type\":\"WebSite\",\"@id\":\"https:\\\/\\\/immigrantquebec.com\\\/fr\\\/#website\",\"url\":\"https:\\\/\\\/immigrantquebec.com\\\/fr\\\/\",\"name\":\"Immigrant Qu\u00e9bec\",\"description\":\"Immigrer, vivre, travailler et \u00e9tudier au Qu\u00e9bec, Canada\",\"publisher\":{\"@id\":\"https:\\\/\\\/immigrantquebec.com\\\/fr\\\/#organization\"},\"potentialAction\":[{\"@type\":\"SearchAction\",\"target\":{\"@type\":\"EntryPoint\",\"urlTemplate\":\"https:\\\/\\\/immigrantquebec.com\\\/fr\\\/?s={search_term_string}\"},\"query-input\":{\"@type\":\"PropertyValueSpecification\",\"valueRequired\":true,\"valueName\":\"search_term_string\"}}],\"inLanguage\":\"fr-FR\"},{\"@type\":\"Organization\",\"@id\":\"https:\\\/\\\/immigrantquebec.com\\\/fr\\\/#organization\",\"name\":\"Immigrant Qu\u00e9bec\",\"url\":\"https:\\\/\\\/immigrantquebec.com\\\/fr\\\/\",\"logo\":{\"@type\":\"ImageObject\",\"inLanguage\":\"fr-FR\",\"@id\":\"https:\\\/\\\/immigrantquebec.com\\\/fr\\\/#\\\/schema\\\/logo\\\/image\\\/\",\"url\":\"https:\\\/\\\/immigrantquebec.com\\\/fr\\\/wp-content\\\/uploads\\\/2024\\\/03\\\/LogoIQ-2024-RVB.png\",\"contentUrl\":\"https:\\\/\\\/immigrantquebec.com\\\/fr\\\/wp-content\\\/uploads\\\/2024\\\/03\\\/LogoIQ-2024-RVB.png\",\"width\":2500,\"height\":1137,\"caption\":\"Immigrant Qu\u00e9bec\"},\"image\":{\"@id\":\"https:\\\/\\\/immigrantquebec.com\\\/fr\\\/#\\\/schema\\\/logo\\\/image\\\/\"},\"sameAs\":[\"https:\\\/\\\/www.facebook.com\\\/immigrantquebec\",\"https:\\\/\\\/x.com\\\/ImmigrantQuebec\",\"https:\\\/\\\/www.instagram.com\\\/immigrantquebec\",\"https:\\\/\\\/www.youtube.com\\\/user\\\/ImmigrantQc\"]},{\"@type\":\"Person\",\"@id\":\"https:\\\/\\\/immigrantquebec.com\\\/fr\\\/#\\\/schema\\\/person\\\/eed5ca7ba2c1007e602ee9b9b87fb4b8\",\"name\":\"Basile Moratille\",\"image\":{\"@type\":\"ImageObject\",\"inLanguage\":\"fr-FR\",\"@id\":\"https:\\\/\\\/secure.gravatar.com\\\/avatar\\\/639aa731bb7134a1e944526697fe0549d67ab17e00987171296fb5362fc909e9?s=96&d=mm&r=g\",\"url\":\"https:\\\/\\\/secure.gravatar.com\\\/avatar\\\/639aa731bb7134a1e944526697fe0549d67ab17e00987171296fb5362fc909e9?s=96&d=mm&r=g\",\"contentUrl\":\"https:\\\/\\\/secure.gravatar.com\\\/avatar\\\/639aa731bb7134a1e944526697fe0549d67ab17e00987171296fb5362fc909e9?s=96&d=mm&r=g\",\"caption\":\"Basile Moratille\"},\"description\":\"Directeur des contenus et des publications, Immigrant Qu\u00e9bec.\",\"url\":\"https:\\\/\\\/immigrantquebec.com\\\/fr\\\/author\\\/basile-moratilleimmigrantquebec-com\\\/\"}]}<\/script>\n<!-- \/ Yoast SEO plugin. -->","yoast_head_json":{"title":"Des changements importants en mati\u00e8re d'acc\u00e8s \u00e0 l'asile au Canada - Immigrant Qu\u00e9bec","description":"Ottawa encadre davantage les conditions d'acc\u00e8s \u00e0 l\u2019asile et \u00e9largit ses pouvoirs sur les documents et demandes d\u2019immigration.","robots":{"index":"index","follow":"follow","max-snippet":"max-snippet:-1","max-image-preview":"max-image-preview:large","max-video-preview":"max-video-preview:-1"},"canonical":"https:\/\/immigrantquebec.com\/fr\/actualites\/changements-acces-asile-canada\/","og_locale":"fr_FR","og_type":"article","og_title":"Des changements importants en mati\u00e8re d'acc\u00e8s \u00e0 l'asile au Canada - Immigrant Qu\u00e9bec","og_description":"Ottawa encadre davantage les conditions d'acc\u00e8s \u00e0 l\u2019asile et \u00e9largit ses pouvoirs sur les documents et demandes d\u2019immigration.","og_url":"https:\/\/immigrantquebec.com\/fr\/actualites\/changements-acces-asile-canada\/","og_site_name":"Immigrant Qu\u00e9bec","article_publisher":"https:\/\/www.facebook.com\/immigrantquebec","article_published_time":"2026-04-03T15:15:36+00:00","og_image":[{"width":950,"height":400,"url":"https:\/\/immigrantquebec.com\/fr\/wp-content\/uploads\/2026\/04\/getty-images-vaW5NhnYtqw-unsplash-950.jpg","type":"image\/jpeg"}],"author":"Basile Moratille","twitter_misc":{"\u00c9crit par":"Basile Moratille","Dur\u00e9e de lecture estim\u00e9e":"2 minutes"},"schema":{"@context":"https:\/\/schema.org","@graph":[{"@type":"Article","@id":"https:\/\/immigrantquebec.com\/fr\/actualites\/changements-acces-asile-canada\/#article","isPartOf":{"@id":"https:\/\/immigrantquebec.com\/fr\/actualites\/changements-acces-asile-canada\/"},"author":{"name":"Basile Moratille","@id":"https:\/\/immigrantquebec.com\/fr\/#\/schema\/person\/eed5ca7ba2c1007e602ee9b9b87fb4b8"},"headline":"Des changements importants en mati\u00e8re d&rsquo;acc\u00e8s \u00e0 l&rsquo;asile au Canada","datePublished":"2026-04-03T15:15:36+00:00","mainEntityOfPage":{"@id":"https:\/\/immigrantquebec.com\/fr\/actualites\/changements-acces-asile-canada\/"},"wordCount":446,"publisher":{"@id":"https:\/\/immigrantquebec.com\/fr\/#organization"},"image":{"@id":"https:\/\/immigrantquebec.com\/fr\/actualites\/changements-acces-asile-canada\/#primaryimage"},"thumbnailUrl":"https:\/\/immigrantquebec.com\/fr\/wp-content\/uploads\/2026\/04\/getty-images-vaW5NhnYtqw-unsplash-950.jpg","articleSection":["Actualit\u00e9s"],"inLanguage":"fr-FR"},{"@type":"WebPage","@id":"https:\/\/immigrantquebec.com\/fr\/actualites\/changements-acces-asile-canada\/","url":"https:\/\/immigrantquebec.com\/fr\/actualites\/changements-acces-asile-canada\/","name":"Des changements importants en mati\u00e8re d'acc\u00e8s \u00e0 l'asile au Canada - Immigrant Qu\u00e9bec","isPartOf":{"@id":"https:\/\/immigrantquebec.com\/fr\/#website"},"primaryImageOfPage":{"@id":"https:\/\/immigrantquebec.com\/fr\/actualites\/changements-acces-asile-canada\/#primaryimage"},"image":{"@id":"https:\/\/immigrantquebec.com\/fr\/actualites\/changements-acces-asile-canada\/#primaryimage"},"thumbnailUrl":"https:\/\/immigrantquebec.com\/fr\/wp-content\/uploads\/2026\/04\/getty-images-vaW5NhnYtqw-unsplash-950.jpg","datePublished":"2026-04-03T15:15:36+00:00","description":"Ottawa encadre davantage les conditions d'acc\u00e8s \u00e0 l\u2019asile et \u00e9largit ses pouvoirs sur les documents et demandes d\u2019immigration.","breadcrumb":{"@id":"https:\/\/immigrantquebec.com\/fr\/actualites\/changements-acces-asile-canada\/#breadcrumb"},"inLanguage":"fr-FR","potentialAction":[{"@type":"ReadAction","target":["https:\/\/immigrantquebec.com\/fr\/actualites\/changements-acces-asile-canada\/"]}]},{"@type":"ImageObject","inLanguage":"fr-FR","@id":"https:\/\/immigrantquebec.com\/fr\/actualites\/changements-acces-asile-canada\/#primaryimage","url":"https:\/\/immigrantquebec.com\/fr\/wp-content\/uploads\/2026\/04\/getty-images-vaW5NhnYtqw-unsplash-950.jpg","contentUrl":"https:\/\/immigrantquebec.com\/fr\/wp-content\/uploads\/2026\/04\/getty-images-vaW5NhnYtqw-unsplash-950.jpg","width":950,"height":400},{"@type":"BreadcrumbList","@id":"https:\/\/immigrantquebec.com\/fr\/actualites\/changements-acces-asile-canada\/#breadcrumb","itemListElement":[{"@type":"ListItem","position":1,"name":"Accueil","item":"https:\/\/immigrantquebec.com\/fr\/"},{"@type":"ListItem","position":2,"name":"Actualit\u00e9s","item":"https:\/\/immigrantquebec.com\/fr\/actualites\/"},{"@type":"ListItem","position":3,"name":"Des changements importants en mati\u00e8re d&rsquo;acc\u00e8s \u00e0 l&rsquo;asile au Canada"}]},{"@type":"WebSite","@id":"https:\/\/immigrantquebec.com\/fr\/#website","url":"https:\/\/immigrantquebec.com\/fr\/","name":"Immigrant Qu\u00e9bec","description":"Immigrer, vivre, travailler et \u00e9tudier au Qu\u00e9bec, Canada","publisher":{"@id":"https:\/\/immigrantquebec.com\/fr\/#organization"},"potentialAction":[{"@type":"SearchAction","target":{"@type":"EntryPoint","urlTemplate":"https:\/\/immigrantquebec.com\/fr\/?s={search_term_string}"},"query-input":{"@type":"PropertyValueSpecification","valueRequired":true,"valueName":"search_term_string"}}],"inLanguage":"fr-FR"},{"@type":"Organization","@id":"https:\/\/immigrantquebec.com\/fr\/#organization","name":"Immigrant Qu\u00e9bec","url":"https:\/\/immigrantquebec.com\/fr\/","logo":{"@type":"ImageObject","inLanguage":"fr-FR","@id":"https:\/\/immigrantquebec.com\/fr\/#\/schema\/logo\/image\/","url":"https:\/\/immigrantquebec.com\/fr\/wp-content\/uploads\/2024\/03\/LogoIQ-2024-RVB.png","contentUrl":"https:\/\/immigrantquebec.com\/fr\/wp-content\/uploads\/2024\/03\/LogoIQ-2024-RVB.png","width":2500,"height":1137,"caption":"Immigrant Qu\u00e9bec"},"image":{"@id":"https:\/\/immigrantquebec.com\/fr\/#\/schema\/logo\/image\/"},"sameAs":["https:\/\/www.facebook.com\/immigrantquebec","https:\/\/x.com\/ImmigrantQuebec","https:\/\/www.instagram.com\/immigrantquebec","https:\/\/www.youtube.com\/user\/ImmigrantQc"]},{"@type":"Person","@id":"https:\/\/immigrantquebec.com\/fr\/#\/schema\/person\/eed5ca7ba2c1007e602ee9b9b87fb4b8","name":"Basile Moratille","image":{"@type":"ImageObject","inLanguage":"fr-FR","@id":"https:\/\/secure.gravatar.com\/avatar\/639aa731bb7134a1e944526697fe0549d67ab17e00987171296fb5362fc909e9?s=96&d=mm&r=g","url":"https:\/\/secure.gravatar.com\/avatar\/639aa731bb7134a1e944526697fe0549d67ab17e00987171296fb5362fc909e9?s=96&d=mm&r=g","contentUrl":"https:\/\/secure.gravatar.com\/avatar\/639aa731bb7134a1e944526697fe0549d67ab17e00987171296fb5362fc909e9?s=96&d=mm&r=g","caption":"Basile Moratille"},"description":"Directeur des contenus et des publications, Immigrant Qu\u00e9bec.","url":"https:\/\/immigrantquebec.com\/fr\/author\/basile-moratilleimmigrantquebec-com\/"}]}},"_links":{"self":[{"href":"https:\/\/immigrantquebec.com\/fr\/wp-json\/wp\/v2\/posts\/26238","targetHints":{"allow":["GET"]}}],"collection":[{"href":"https:\/\/immigrantquebec.com\/fr\/wp-json\/wp\/v2\/posts"}],"about":[{"href":"https:\/\/immigrantquebec.com\/fr\/wp-json\/wp\/v2\/types\/post"}],"author":[{"embeddable":true,"href":"https:\/\/immigrantquebec.com\/fr\/wp-json\/wp\/v2\/users\/3459"}],"replies":[{"embeddable":true,"href":"https:\/\/immigrantquebec.com\/fr\/wp-json\/wp\/v2\/comments?post=26238"}],"version-history":[{"count":8,"href":"https:\/\/immigrantquebec.com\/fr\/wp-json\/wp\/v2\/posts\/26238\/revisions"}],"predecessor-version":[{"id":26248,"href":"https:\/\/immigrantquebec.com\/fr\/wp-json\/wp\/v2\/posts\/26238\/revisions\/26248"}],"wp:featuredmedia":[{"embeddable":true,"href":"https:\/\/immigrantquebec.com\/fr\/wp-json\/wp\/v2\/media\/26239"}],"wp:attachment":[{"href":"https:\/\/immigrantquebec.com\/fr\/wp-json\/wp\/v2\/media?parent=26238"}],"wp:term":[{"taxonomy":"category","embeddable":true,"href":"https:\/\/immigrantquebec.com\/fr\/wp-json\/wp\/v2\/categories?post=26238"},{"taxonomy":"post_tag","embeddable":true,"href":"https:\/\/immigrantquebec.com\/fr\/wp-json\/wp\/v2\/tags?post=26238"}],"curies":[{"name":"wp","href":"https:\/\/api.w.org\/{rel}","templated":true}]}}