{"id":4445,"date":"2021-11-10T18:18:47","date_gmt":"2021-11-10T22:18:47","guid":{"rendered":"https:\/\/immigrantquebec.com\/?p=4445"},"modified":"2022-02-03T15:22:09","modified_gmt":"2022-02-03T19:22:09","slug":"deces","status":"publish","type":"post","link":"https:\/\/immigrantquebec.com\/fr\/reussir-votre-installation\/famille\/deces\/","title":{"rendered":"Le d\u00e9c\u00e8s au Qu\u00e9bec"},"content":{"rendered":"<p>En cas de d\u00e9c\u00e8s de l\u2019un des membres de votre famille, il est obligatoire de proc\u00e9der \u00e0 l\u2019inscription du d\u00e9c\u00e8s au Registre de l\u2019\u00e9tat civil du Qu\u00e9bec. Le m\u00e9decin dresse un constat de d\u00e9c\u00e8s dont il remet deux copies au directeur des fun\u00e9railles. Ce dernier transmet alors le constat et la D\u00e9claration de d\u00e9c\u00e8s au Directeur de l\u2019\u00e9tat civil. La carte d\u2019assurance maladie sera transmise \u00e0 la R\u00e9gie de l\u2019assurance maladie du Qu\u00e9bec par le <a href=\"http:\/\/etatcivil.gouv.qc.ca\/fr\/deces.html\" target=\"_blank\" rel=\"noopener noreferrer\">Directeur de l\u2019\u00e9tat civil<\/a>.<\/p>\n","protected":false},"excerpt":{"rendered":"<p>En cas de d\u00e9c\u00e8s de l\u2019un des membres de votre famille, il est obligatoire de proc\u00e9der \u00e0 l\u2019inscription du d\u00e9c\u00e8s au Registre de l\u2019\u00e9tat civil du Qu\u00e9bec. Le m\u00e9decin dresse un constat de d\u00e9c\u00e8s dont il remet deux copies au directeur des fun\u00e9railles. Ce dernier transmet alors le constat et la D\u00e9claration de d\u00e9c\u00e8s au [&hellip;]<\/p>\n","protected":false},"author":3460,"featured_media":9405,"comment_status":"closed","ping_status":"closed","sticky":false,"template":"","format":"standard","meta":{"_acf_changed":false,"_genesis_hide_title":false,"_genesis_hide_breadcrumbs":false,"_genesis_hide_singular_image":false,"_genesis_hide_footer_widgets":false,"_genesis_custom_body_class":"","_genesis_custom_post_class":"","_genesis_layout":"","footnotes":""},"categories":[164],"tags":[],"class_list":{"0":"post-4445","1":"post","2":"type-post","3":"status-publish","4":"format-standard","5":"has-post-thumbnail","7":"category-famille","8":"entry"},"acf":[],"yoast_head":"<!-- This site is optimized with the Yoast SEO plugin v27.5 - https:\/\/yoast.com\/product\/yoast-seo-wordpress\/ -->\n<title>Le d\u00e9c\u00e8s au Qu\u00e9bec - Immigrant Qu\u00e9bec<\/title>\n<meta name=\"robots\" content=\"index, follow, max-snippet:-1, max-image-preview:large, max-video-preview:-1\" \/>\n<link rel=\"canonical\" href=\"https:\/\/immigrantquebec.com\/fr\/reussir-votre-installation\/famille\/deces\/\" \/>\n<meta property=\"og:locale\" content=\"fr_FR\" \/>\n<meta property=\"og:type\" content=\"article\" \/>\n<meta property=\"og:title\" content=\"Le d\u00e9c\u00e8s au Qu\u00e9bec - Immigrant Qu\u00e9bec\" \/>\n<meta property=\"og:description\" content=\"En cas de d\u00e9c\u00e8s de l\u2019un des membres de votre famille, il est obligatoire de proc\u00e9der \u00e0 l\u2019inscription du d\u00e9c\u00e8s au Registre de l\u2019\u00e9tat civil du Qu\u00e9bec. Le m\u00e9decin dresse un constat de d\u00e9c\u00e8s dont il remet deux copies au directeur des fun\u00e9railles. Ce dernier transmet alors le constat et la D\u00e9claration de d\u00e9c\u00e8s au [&hellip;]\" \/>\n<meta property=\"og:url\" content=\"https:\/\/immigrantquebec.com\/fr\/reussir-votre-installation\/famille\/deces\/\" \/>\n<meta property=\"og:site_name\" content=\"Immigrant Qu\u00e9bec\" \/>\n<meta property=\"article:publisher\" content=\"https:\/\/www.facebook.com\/immigrantquebec\" \/>\n<meta property=\"article:published_time\" content=\"2021-11-10T22:18:47+00:00\" \/>\n<meta property=\"article:modified_time\" content=\"2022-02-03T19:22:09+00:00\" \/>\n<meta property=\"og:image\" content=\"https:\/\/immigrantquebec.com\/fr\/wp-content\/uploads\/2021\/11\/0e8d2c90-1230-4ce1-907b-cc72dfda649e.jpeg\" \/>\n\t<meta property=\"og:image:width\" content=\"950\" \/>\n\t<meta property=\"og:image:height\" content=\"400\" \/>\n\t<meta property=\"og:image:type\" content=\"image\/jpeg\" \/>\n<meta name=\"author\" content=\"calonnearthur29@gmail.com\" \/>\n<meta name=\"twitter:label1\" content=\"\u00c9crit par\" \/>\n\t<meta name=\"twitter:data1\" content=\"calonnearthur29@gmail.com\" \/>\n<script type=\"application\/ld+json\" class=\"yoast-schema-graph\">{\"@context\":\"https:\\\/\\\/schema.org\",\"@graph\":[{\"@type\":\"Article\",\"@id\":\"https:\\\/\\\/immigrantquebec.com\\\/fr\\\/reussir-votre-installation\\\/famille\\\/deces\\\/#article\",\"isPartOf\":{\"@id\":\"https:\\\/\\\/immigrantquebec.com\\\/fr\\\/reussir-votre-installation\\\/famille\\\/deces\\\/\"},\"author\":{\"name\":\"calonnearthur29@gmail.com\",\"@id\":\"https:\\\/\\\/immigrantquebec.com\\\/fr\\\/#\\\/schema\\\/person\\\/be32e1c19b6377979137d839f2552a2e\"},\"headline\":\"Le d\u00e9c\u00e8s au Qu\u00e9bec\",\"datePublished\":\"2021-11-10T22:18:47+00:00\",\"dateModified\":\"2022-02-03T19:22:09+00:00\",\"mainEntityOfPage\":{\"@id\":\"https:\\\/\\\/immigrantquebec.com\\\/fr\\\/reussir-votre-installation\\\/famille\\\/deces\\\/\"},\"wordCount\":106,\"publisher\":{\"@id\":\"https:\\\/\\\/immigrantquebec.com\\\/fr\\\/#organization\"},\"image\":{\"@id\":\"https:\\\/\\\/immigrantquebec.com\\\/fr\\\/reussir-votre-installation\\\/famille\\\/deces\\\/#primaryimage\"},\"thumbnailUrl\":\"https:\\\/\\\/immigrantquebec.com\\\/fr\\\/wp-content\\\/uploads\\\/2021\\\/11\\\/0e8d2c90-1230-4ce1-907b-cc72dfda649e.jpeg\",\"articleSection\":[\"Famille\"],\"inLanguage\":\"fr-FR\"},{\"@type\":\"WebPage\",\"@id\":\"https:\\\/\\\/immigrantquebec.com\\\/fr\\\/reussir-votre-installation\\\/famille\\\/deces\\\/\",\"url\":\"https:\\\/\\\/immigrantquebec.com\\\/fr\\\/reussir-votre-installation\\\/famille\\\/deces\\\/\",\"name\":\"Le d\u00e9c\u00e8s au Qu\u00e9bec - Immigrant Qu\u00e9bec\",\"isPartOf\":{\"@id\":\"https:\\\/\\\/immigrantquebec.com\\\/fr\\\/#website\"},\"primaryImageOfPage\":{\"@id\":\"https:\\\/\\\/immigrantquebec.com\\\/fr\\\/reussir-votre-installation\\\/famille\\\/deces\\\/#primaryimage\"},\"image\":{\"@id\":\"https:\\\/\\\/immigrantquebec.com\\\/fr\\\/reussir-votre-installation\\\/famille\\\/deces\\\/#primaryimage\"},\"thumbnailUrl\":\"https:\\\/\\\/immigrantquebec.com\\\/fr\\\/wp-content\\\/uploads\\\/2021\\\/11\\\/0e8d2c90-1230-4ce1-907b-cc72dfda649e.jpeg\",\"datePublished\":\"2021-11-10T22:18:47+00:00\",\"dateModified\":\"2022-02-03T19:22:09+00:00\",\"breadcrumb\":{\"@id\":\"https:\\\/\\\/immigrantquebec.com\\\/fr\\\/reussir-votre-installation\\\/famille\\\/deces\\\/#breadcrumb\"},\"inLanguage\":\"fr-FR\",\"potentialAction\":[{\"@type\":\"ReadAction\",\"target\":[\"https:\\\/\\\/immigrantquebec.com\\\/fr\\\/reussir-votre-installation\\\/famille\\\/deces\\\/\"]}]},{\"@type\":\"ImageObject\",\"inLanguage\":\"fr-FR\",\"@id\":\"https:\\\/\\\/immigrantquebec.com\\\/fr\\\/reussir-votre-installation\\\/famille\\\/deces\\\/#primaryimage\",\"url\":\"https:\\\/\\\/immigrantquebec.com\\\/fr\\\/wp-content\\\/uploads\\\/2021\\\/11\\\/0e8d2c90-1230-4ce1-907b-cc72dfda649e.jpeg\",\"contentUrl\":\"https:\\\/\\\/immigrantquebec.com\\\/fr\\\/wp-content\\\/uploads\\\/2021\\\/11\\\/0e8d2c90-1230-4ce1-907b-cc72dfda649e.jpeg\",\"width\":950,\"height\":400},{\"@type\":\"BreadcrumbList\",\"@id\":\"https:\\\/\\\/immigrantquebec.com\\\/fr\\\/reussir-votre-installation\\\/famille\\\/deces\\\/#breadcrumb\",\"itemListElement\":[{\"@type\":\"ListItem\",\"position\":1,\"name\":\"Accueil\",\"item\":\"https:\\\/\\\/immigrantquebec.com\\\/fr\\\/\"},{\"@type\":\"ListItem\",\"position\":2,\"name\":\"R\u00e9ussir votre installation\",\"item\":\"https:\\\/\\\/immigrantquebec.com\\\/fr\\\/reussir-votre-installation\\\/\"},{\"@type\":\"ListItem\",\"position\":3,\"name\":\"Famille\",\"item\":\"https:\\\/\\\/immigrantquebec.com\\\/fr\\\/reussir-votre-installation\\\/famille\\\/\"},{\"@type\":\"ListItem\",\"position\":4,\"name\":\"Le d\u00e9c\u00e8s au Qu\u00e9bec\"}]},{\"@type\":\"WebSite\",\"@id\":\"https:\\\/\\\/immigrantquebec.com\\\/fr\\\/#website\",\"url\":\"https:\\\/\\\/immigrantquebec.com\\\/fr\\\/\",\"name\":\"Immigrant Qu\u00e9bec\",\"description\":\"Immigrer, vivre, travailler et \u00e9tudier au Qu\u00e9bec, Canada\",\"publisher\":{\"@id\":\"https:\\\/\\\/immigrantquebec.com\\\/fr\\\/#organization\"},\"potentialAction\":[{\"@type\":\"SearchAction\",\"target\":{\"@type\":\"EntryPoint\",\"urlTemplate\":\"https:\\\/\\\/immigrantquebec.com\\\/fr\\\/?s={search_term_string}\"},\"query-input\":{\"@type\":\"PropertyValueSpecification\",\"valueRequired\":true,\"valueName\":\"search_term_string\"}}],\"inLanguage\":\"fr-FR\"},{\"@type\":\"Organization\",\"@id\":\"https:\\\/\\\/immigrantquebec.com\\\/fr\\\/#organization\",\"name\":\"Immigrant Qu\u00e9bec\",\"url\":\"https:\\\/\\\/immigrantquebec.com\\\/fr\\\/\",\"logo\":{\"@type\":\"ImageObject\",\"inLanguage\":\"fr-FR\",\"@id\":\"https:\\\/\\\/immigrantquebec.com\\\/fr\\\/#\\\/schema\\\/logo\\\/image\\\/\",\"url\":\"https:\\\/\\\/immigrantquebec.com\\\/fr\\\/wp-content\\\/uploads\\\/2024\\\/03\\\/LogoIQ-2024-RVB.png\",\"contentUrl\":\"https:\\\/\\\/immigrantquebec.com\\\/fr\\\/wp-content\\\/uploads\\\/2024\\\/03\\\/LogoIQ-2024-RVB.png\",\"width\":2500,\"height\":1137,\"caption\":\"Immigrant Qu\u00e9bec\"},\"image\":{\"@id\":\"https:\\\/\\\/immigrantquebec.com\\\/fr\\\/#\\\/schema\\\/logo\\\/image\\\/\"},\"sameAs\":[\"https:\\\/\\\/www.facebook.com\\\/immigrantquebec\",\"https:\\\/\\\/x.com\\\/ImmigrantQuebec\",\"https:\\\/\\\/www.instagram.com\\\/immigrantquebec\",\"https:\\\/\\\/www.youtube.com\\\/user\\\/ImmigrantQc\"]},{\"@type\":\"Person\",\"@id\":\"https:\\\/\\\/immigrantquebec.com\\\/fr\\\/#\\\/schema\\\/person\\\/be32e1c19b6377979137d839f2552a2e\",\"name\":\"calonnearthur29@gmail.com\",\"image\":{\"@type\":\"ImageObject\",\"inLanguage\":\"fr-FR\",\"@id\":\"https:\\\/\\\/secure.gravatar.com\\\/avatar\\\/d3ff0dbe7824ef00ba25e44495e5281c6464c493dadfb2ad490a40a78248aa4f?s=96&d=mm&r=g\",\"url\":\"https:\\\/\\\/secure.gravatar.com\\\/avatar\\\/d3ff0dbe7824ef00ba25e44495e5281c6464c493dadfb2ad490a40a78248aa4f?s=96&d=mm&r=g\",\"contentUrl\":\"https:\\\/\\\/secure.gravatar.com\\\/avatar\\\/d3ff0dbe7824ef00ba25e44495e5281c6464c493dadfb2ad490a40a78248aa4f?s=96&d=mm&r=g\",\"caption\":\"calonnearthur29@gmail.com\"},\"url\":\"https:\\\/\\\/immigrantquebec.com\\\/fr\\\/author\\\/calonnearthur29gmail-com\\\/\"}]}<\/script>\n<!-- \/ Yoast SEO plugin. -->","yoast_head_json":{"title":"Le d\u00e9c\u00e8s au Qu\u00e9bec - Immigrant Qu\u00e9bec","robots":{"index":"index","follow":"follow","max-snippet":"max-snippet:-1","max-image-preview":"max-image-preview:large","max-video-preview":"max-video-preview:-1"},"canonical":"https:\/\/immigrantquebec.com\/fr\/reussir-votre-installation\/famille\/deces\/","og_locale":"fr_FR","og_type":"article","og_title":"Le d\u00e9c\u00e8s au Qu\u00e9bec - Immigrant Qu\u00e9bec","og_description":"En cas de d\u00e9c\u00e8s de l\u2019un des membres de votre famille, il est obligatoire de proc\u00e9der \u00e0 l\u2019inscription du d\u00e9c\u00e8s au Registre de l\u2019\u00e9tat civil du Qu\u00e9bec. Le m\u00e9decin dresse un constat de d\u00e9c\u00e8s dont il remet deux copies au directeur des fun\u00e9railles. Ce dernier transmet alors le constat et la D\u00e9claration de d\u00e9c\u00e8s au [&hellip;]","og_url":"https:\/\/immigrantquebec.com\/fr\/reussir-votre-installation\/famille\/deces\/","og_site_name":"Immigrant Qu\u00e9bec","article_publisher":"https:\/\/www.facebook.com\/immigrantquebec","article_published_time":"2021-11-10T22:18:47+00:00","article_modified_time":"2022-02-03T19:22:09+00:00","og_image":[{"width":950,"height":400,"url":"https:\/\/immigrantquebec.com\/fr\/wp-content\/uploads\/2021\/11\/0e8d2c90-1230-4ce1-907b-cc72dfda649e.jpeg","type":"image\/jpeg"}],"author":"calonnearthur29@gmail.com","twitter_misc":{"\u00c9crit par":"calonnearthur29@gmail.com"},"schema":{"@context":"https:\/\/schema.org","@graph":[{"@type":"Article","@id":"https:\/\/immigrantquebec.com\/fr\/reussir-votre-installation\/famille\/deces\/#article","isPartOf":{"@id":"https:\/\/immigrantquebec.com\/fr\/reussir-votre-installation\/famille\/deces\/"},"author":{"name":"calonnearthur29@gmail.com","@id":"https:\/\/immigrantquebec.com\/fr\/#\/schema\/person\/be32e1c19b6377979137d839f2552a2e"},"headline":"Le d\u00e9c\u00e8s au Qu\u00e9bec","datePublished":"2021-11-10T22:18:47+00:00","dateModified":"2022-02-03T19:22:09+00:00","mainEntityOfPage":{"@id":"https:\/\/immigrantquebec.com\/fr\/reussir-votre-installation\/famille\/deces\/"},"wordCount":106,"publisher":{"@id":"https:\/\/immigrantquebec.com\/fr\/#organization"},"image":{"@id":"https:\/\/immigrantquebec.com\/fr\/reussir-votre-installation\/famille\/deces\/#primaryimage"},"thumbnailUrl":"https:\/\/immigrantquebec.com\/fr\/wp-content\/uploads\/2021\/11\/0e8d2c90-1230-4ce1-907b-cc72dfda649e.jpeg","articleSection":["Famille"],"inLanguage":"fr-FR"},{"@type":"WebPage","@id":"https:\/\/immigrantquebec.com\/fr\/reussir-votre-installation\/famille\/deces\/","url":"https:\/\/immigrantquebec.com\/fr\/reussir-votre-installation\/famille\/deces\/","name":"Le d\u00e9c\u00e8s au Qu\u00e9bec - Immigrant Qu\u00e9bec","isPartOf":{"@id":"https:\/\/immigrantquebec.com\/fr\/#website"},"primaryImageOfPage":{"@id":"https:\/\/immigrantquebec.com\/fr\/reussir-votre-installation\/famille\/deces\/#primaryimage"},"image":{"@id":"https:\/\/immigrantquebec.com\/fr\/reussir-votre-installation\/famille\/deces\/#primaryimage"},"thumbnailUrl":"https:\/\/immigrantquebec.com\/fr\/wp-content\/uploads\/2021\/11\/0e8d2c90-1230-4ce1-907b-cc72dfda649e.jpeg","datePublished":"2021-11-10T22:18:47+00:00","dateModified":"2022-02-03T19:22:09+00:00","breadcrumb":{"@id":"https:\/\/immigrantquebec.com\/fr\/reussir-votre-installation\/famille\/deces\/#breadcrumb"},"inLanguage":"fr-FR","potentialAction":[{"@type":"ReadAction","target":["https:\/\/immigrantquebec.com\/fr\/reussir-votre-installation\/famille\/deces\/"]}]},{"@type":"ImageObject","inLanguage":"fr-FR","@id":"https:\/\/immigrantquebec.com\/fr\/reussir-votre-installation\/famille\/deces\/#primaryimage","url":"https:\/\/immigrantquebec.com\/fr\/wp-content\/uploads\/2021\/11\/0e8d2c90-1230-4ce1-907b-cc72dfda649e.jpeg","contentUrl":"https:\/\/immigrantquebec.com\/fr\/wp-content\/uploads\/2021\/11\/0e8d2c90-1230-4ce1-907b-cc72dfda649e.jpeg","width":950,"height":400},{"@type":"BreadcrumbList","@id":"https:\/\/immigrantquebec.com\/fr\/reussir-votre-installation\/famille\/deces\/#breadcrumb","itemListElement":[{"@type":"ListItem","position":1,"name":"Accueil","item":"https:\/\/immigrantquebec.com\/fr\/"},{"@type":"ListItem","position":2,"name":"R\u00e9ussir votre installation","item":"https:\/\/immigrantquebec.com\/fr\/reussir-votre-installation\/"},{"@type":"ListItem","position":3,"name":"Famille","item":"https:\/\/immigrantquebec.com\/fr\/reussir-votre-installation\/famille\/"},{"@type":"ListItem","position":4,"name":"Le d\u00e9c\u00e8s au Qu\u00e9bec"}]},{"@type":"WebSite","@id":"https:\/\/immigrantquebec.com\/fr\/#website","url":"https:\/\/immigrantquebec.com\/fr\/","name":"Immigrant Qu\u00e9bec","description":"Immigrer, vivre, travailler et \u00e9tudier au Qu\u00e9bec, Canada","publisher":{"@id":"https:\/\/immigrantquebec.com\/fr\/#organization"},"potentialAction":[{"@type":"SearchAction","target":{"@type":"EntryPoint","urlTemplate":"https:\/\/immigrantquebec.com\/fr\/?s={search_term_string}"},"query-input":{"@type":"PropertyValueSpecification","valueRequired":true,"valueName":"search_term_string"}}],"inLanguage":"fr-FR"},{"@type":"Organization","@id":"https:\/\/immigrantquebec.com\/fr\/#organization","name":"Immigrant Qu\u00e9bec","url":"https:\/\/immigrantquebec.com\/fr\/","logo":{"@type":"ImageObject","inLanguage":"fr-FR","@id":"https:\/\/immigrantquebec.com\/fr\/#\/schema\/logo\/image\/","url":"https:\/\/immigrantquebec.com\/fr\/wp-content\/uploads\/2024\/03\/LogoIQ-2024-RVB.png","contentUrl":"https:\/\/immigrantquebec.com\/fr\/wp-content\/uploads\/2024\/03\/LogoIQ-2024-RVB.png","width":2500,"height":1137,"caption":"Immigrant Qu\u00e9bec"},"image":{"@id":"https:\/\/immigrantquebec.com\/fr\/#\/schema\/logo\/image\/"},"sameAs":["https:\/\/www.facebook.com\/immigrantquebec","https:\/\/x.com\/ImmigrantQuebec","https:\/\/www.instagram.com\/immigrantquebec","https:\/\/www.youtube.com\/user\/ImmigrantQc"]},{"@type":"Person","@id":"https:\/\/immigrantquebec.com\/fr\/#\/schema\/person\/be32e1c19b6377979137d839f2552a2e","name":"calonnearthur29@gmail.com","image":{"@type":"ImageObject","inLanguage":"fr-FR","@id":"https:\/\/secure.gravatar.com\/avatar\/d3ff0dbe7824ef00ba25e44495e5281c6464c493dadfb2ad490a40a78248aa4f?s=96&d=mm&r=g","url":"https:\/\/secure.gravatar.com\/avatar\/d3ff0dbe7824ef00ba25e44495e5281c6464c493dadfb2ad490a40a78248aa4f?s=96&d=mm&r=g","contentUrl":"https:\/\/secure.gravatar.com\/avatar\/d3ff0dbe7824ef00ba25e44495e5281c6464c493dadfb2ad490a40a78248aa4f?s=96&d=mm&r=g","caption":"calonnearthur29@gmail.com"},"url":"https:\/\/immigrantquebec.com\/fr\/author\/calonnearthur29gmail-com\/"}]}},"_links":{"self":[{"href":"https:\/\/immigrantquebec.com\/fr\/wp-json\/wp\/v2\/posts\/4445","targetHints":{"allow":["GET"]}}],"collection":[{"href":"https:\/\/immigrantquebec.com\/fr\/wp-json\/wp\/v2\/posts"}],"about":[{"href":"https:\/\/immigrantquebec.com\/fr\/wp-json\/wp\/v2\/types\/post"}],"author":[{"embeddable":true,"href":"https:\/\/immigrantquebec.com\/fr\/wp-json\/wp\/v2\/users\/3460"}],"replies":[{"embeddable":true,"href":"https:\/\/immigrantquebec.com\/fr\/wp-json\/wp\/v2\/comments?post=4445"}],"version-history":[{"count":0,"href":"https:\/\/immigrantquebec.com\/fr\/wp-json\/wp\/v2\/posts\/4445\/revisions"}],"wp:featuredmedia":[{"embeddable":true,"href":"https:\/\/immigrantquebec.com\/fr\/wp-json\/wp\/v2\/media\/9405"}],"wp:attachment":[{"href":"https:\/\/immigrantquebec.com\/fr\/wp-json\/wp\/v2\/media?parent=4445"}],"wp:term":[{"taxonomy":"category","embeddable":true,"href":"https:\/\/immigrantquebec.com\/fr\/wp-json\/wp\/v2\/categories?post=4445"},{"taxonomy":"post_tag","embeddable":true,"href":"https:\/\/immigrantquebec.com\/fr\/wp-json\/wp\/v2\/tags?post=4445"}],"curies":[{"name":"wp","href":"https:\/\/api.w.org\/{rel}","templated":true}]}}