{"id":4455,"date":"2021-11-10T18:25:06","date_gmt":"2021-11-10T22:25:06","guid":{"rendered":"https:\/\/immigrantquebec.com\/?p=4455"},"modified":"2025-06-27T11:52:34","modified_gmt":"2025-06-27T15:52:34","slug":"conges-naissance","status":"publish","type":"post","link":"https:\/\/immigrantquebec.com\/fr\/reussir-votre-installation\/famille\/conges-naissance\/","title":{"rendered":"Les cong\u00e9s li\u00e9s \u00e0 la naissance au Qu\u00e9bec"},"content":{"rendered":"<p>Pour toute information sur les cong\u00e9s li\u00e9s \u00e8 la naissance de votre enfant, vous pouvez vous adresser au<strong>\u00a0<\/strong><a href=\"http:\/\/rqap.gouv.qc.ca\" target=\"_blank\" rel=\"noopener noreferrer\">R\u00e9gime qu\u00e9b\u00e9cois d\u2019assurance parentale (RQAP)<\/a><strong>.<\/strong><\/p>\n<p><strong>Le cong\u00e9 de maternit\u00e9<\/strong> est accord\u00e9 \u00e0 une femme enceinte qui travaille pour une dur\u00e9e de 18 semaines. \u00c0 la fin de son cong\u00e9, elle pourra retrouver son emploi sans avoir perdu d\u2019avantage. Ce cong\u00e9 peut d\u00e9buter au plus t\u00f4t la 16e semaine avant la date pr\u00e9vue de l\u2019accouchement, mais peut \u00eatre r\u00e9parti au gr\u00e9 de la salari\u00e9e avant ou apr\u00e8s<br \/>\nl\u2019accouchement.<\/p>\n<p><strong>Le cong\u00e9 de paternit\u00e9<\/strong> peut s\u2019appliquer au p\u00e8re biologique salari\u00e9. Il a droit \u00e0 un cong\u00e9 sans salaire de 5 semaines continues qui peut \u00eatre pris entre la semaine de la naissance de l\u2019enfant se terminer au plus tard 85 semaines apr\u00e8s l\u2019accouchement. Des prestations peuvent \u00eatre vers\u00e9es sous certaines conditions.<\/p>\n<p>Les cong\u00e9s de maternit\u00e9 et de paternit\u00e9 sont sans solde, mais des prestations peuvent \u00eatre vers\u00e9es sous certaines conditions.<\/p>\n<p><strong>Le cong\u00e9 parental<\/strong> peut s\u2019ajouter au cong\u00e9 de maternit\u00e9\/de paternit\u00e9. Il peut \u00eatre pris par la m\u00e8re ou le p\u00e8re ou m\u00eame partag\u00e9 entre les deux et prend effet la semaine suivant la naissance de l\u2019enfant. Sa dur\u00e9e maximale est de 65 semaines continues. Le cong\u00e9 n\u2019est pas r\u00e9mun\u00e9r\u00e9, mais des prestations parentales peuvent vous \u00eatre attribu\u00e9es. Le salari\u00e9, comme le travailleur autonome, peuvent en b\u00e9n\u00e9ficier sous certaines conditions.<\/p>\n<p>Votre employeur, votre syndicat, les centres locaux d\u2019emploi du Qu\u00e9bec et les centres des ressources humaines du Canada pourront vous donner les informations n\u00e9cessaires.<\/p>\n","protected":false},"excerpt":{"rendered":"<p>Pour toute information sur les cong\u00e9s li\u00e9s \u00e8 la naissance de votre enfant, vous pouvez vous adresser au\u00a0R\u00e9gime qu\u00e9b\u00e9cois d\u2019assurance parentale (RQAP). Le cong\u00e9 de maternit\u00e9 est accord\u00e9 \u00e0 une femme enceinte qui travaille pour une dur\u00e9e de 18 semaines. \u00c0 la fin de son cong\u00e9, elle pourra retrouver son emploi sans avoir perdu d\u2019avantage. [&hellip;]<\/p>\n","protected":false},"author":3460,"featured_media":0,"comment_status":"closed","ping_status":"closed","sticky":false,"template":"","format":"standard","meta":{"_acf_changed":false,"_genesis_hide_title":false,"_genesis_hide_breadcrumbs":false,"_genesis_hide_singular_image":false,"_genesis_hide_footer_widgets":false,"_genesis_custom_body_class":"","_genesis_custom_post_class":"","_genesis_layout":"","footnotes":""},"categories":[164],"tags":[],"class_list":{"0":"post-4455","1":"post","2":"type-post","3":"status-publish","4":"format-standard","6":"category-famille","7":"entry","8":"has-post-thumbnail"},"acf":[],"yoast_head":"<!-- This site is optimized with the Yoast SEO plugin v27.5 - https:\/\/yoast.com\/product\/yoast-seo-wordpress\/ -->\n<title>Les cong\u00e9s li\u00e9s \u00e0 la naissance au Qu\u00e9bec - Immigrant Qu\u00e9bec<\/title>\n<meta name=\"robots\" content=\"index, follow, max-snippet:-1, max-image-preview:large, max-video-preview:-1\" \/>\n<link rel=\"canonical\" href=\"https:\/\/immigrantquebec.com\/fr\/reussir-votre-installation\/famille\/conges-naissance\/\" \/>\n<meta property=\"og:locale\" content=\"fr_FR\" \/>\n<meta property=\"og:type\" content=\"article\" \/>\n<meta property=\"og:title\" content=\"Les cong\u00e9s li\u00e9s \u00e0 la naissance au Qu\u00e9bec - Immigrant Qu\u00e9bec\" \/>\n<meta property=\"og:description\" content=\"Pour toute information sur les cong\u00e9s li\u00e9s \u00e8 la naissance de votre enfant, vous pouvez vous adresser au\u00a0R\u00e9gime qu\u00e9b\u00e9cois d\u2019assurance parentale (RQAP). Le cong\u00e9 de maternit\u00e9 est accord\u00e9 \u00e0 une femme enceinte qui travaille pour une dur\u00e9e de 18 semaines. \u00c0 la fin de son cong\u00e9, elle pourra retrouver son emploi sans avoir perdu d\u2019avantage. [&hellip;]\" \/>\n<meta property=\"og:url\" content=\"https:\/\/immigrantquebec.com\/fr\/reussir-votre-installation\/famille\/conges-naissance\/\" \/>\n<meta property=\"og:site_name\" content=\"Immigrant Qu\u00e9bec\" \/>\n<meta property=\"article:publisher\" content=\"https:\/\/www.facebook.com\/immigrantquebec\" \/>\n<meta property=\"article:published_time\" content=\"2021-11-10T22:25:06+00:00\" \/>\n<meta property=\"article:modified_time\" content=\"2025-06-27T15:52:34+00:00\" \/>\n<meta name=\"author\" content=\"calonnearthur29@gmail.com\" \/>\n<meta name=\"twitter:label1\" content=\"\u00c9crit par\" \/>\n\t<meta name=\"twitter:data1\" content=\"calonnearthur29@gmail.com\" \/>\n\t<meta name=\"twitter:label2\" content=\"Dur\u00e9e de lecture estim\u00e9e\" \/>\n\t<meta name=\"twitter:data2\" content=\"2 minutes\" \/>\n<script type=\"application\/ld+json\" class=\"yoast-schema-graph\">{\"@context\":\"https:\\\/\\\/schema.org\",\"@graph\":[{\"@type\":\"Article\",\"@id\":\"https:\\\/\\\/immigrantquebec.com\\\/fr\\\/reussir-votre-installation\\\/famille\\\/conges-naissance\\\/#article\",\"isPartOf\":{\"@id\":\"https:\\\/\\\/immigrantquebec.com\\\/fr\\\/reussir-votre-installation\\\/famille\\\/conges-naissance\\\/\"},\"author\":{\"name\":\"calonnearthur29@gmail.com\",\"@id\":\"https:\\\/\\\/immigrantquebec.com\\\/fr\\\/#\\\/schema\\\/person\\\/be32e1c19b6377979137d839f2552a2e\"},\"headline\":\"Les cong\u00e9s li\u00e9s \u00e0 la naissance au Qu\u00e9bec\",\"datePublished\":\"2021-11-10T22:25:06+00:00\",\"dateModified\":\"2025-06-27T15:52:34+00:00\",\"mainEntityOfPage\":{\"@id\":\"https:\\\/\\\/immigrantquebec.com\\\/fr\\\/reussir-votre-installation\\\/famille\\\/conges-naissance\\\/\"},\"wordCount\":290,\"publisher\":{\"@id\":\"https:\\\/\\\/immigrantquebec.com\\\/fr\\\/#organization\"},\"articleSection\":[\"Famille\"],\"inLanguage\":\"fr-FR\"},{\"@type\":\"WebPage\",\"@id\":\"https:\\\/\\\/immigrantquebec.com\\\/fr\\\/reussir-votre-installation\\\/famille\\\/conges-naissance\\\/\",\"url\":\"https:\\\/\\\/immigrantquebec.com\\\/fr\\\/reussir-votre-installation\\\/famille\\\/conges-naissance\\\/\",\"name\":\"Les cong\u00e9s li\u00e9s \u00e0 la naissance au Qu\u00e9bec - Immigrant Qu\u00e9bec\",\"isPartOf\":{\"@id\":\"https:\\\/\\\/immigrantquebec.com\\\/fr\\\/#website\"},\"datePublished\":\"2021-11-10T22:25:06+00:00\",\"dateModified\":\"2025-06-27T15:52:34+00:00\",\"breadcrumb\":{\"@id\":\"https:\\\/\\\/immigrantquebec.com\\\/fr\\\/reussir-votre-installation\\\/famille\\\/conges-naissance\\\/#breadcrumb\"},\"inLanguage\":\"fr-FR\",\"potentialAction\":[{\"@type\":\"ReadAction\",\"target\":[\"https:\\\/\\\/immigrantquebec.com\\\/fr\\\/reussir-votre-installation\\\/famille\\\/conges-naissance\\\/\"]}]},{\"@type\":\"BreadcrumbList\",\"@id\":\"https:\\\/\\\/immigrantquebec.com\\\/fr\\\/reussir-votre-installation\\\/famille\\\/conges-naissance\\\/#breadcrumb\",\"itemListElement\":[{\"@type\":\"ListItem\",\"position\":1,\"name\":\"Accueil\",\"item\":\"https:\\\/\\\/immigrantquebec.com\\\/fr\\\/\"},{\"@type\":\"ListItem\",\"position\":2,\"name\":\"R\u00e9ussir votre installation\",\"item\":\"https:\\\/\\\/immigrantquebec.com\\\/fr\\\/reussir-votre-installation\\\/\"},{\"@type\":\"ListItem\",\"position\":3,\"name\":\"Famille\",\"item\":\"https:\\\/\\\/immigrantquebec.com\\\/fr\\\/reussir-votre-installation\\\/famille\\\/\"},{\"@type\":\"ListItem\",\"position\":4,\"name\":\"Les cong\u00e9s li\u00e9s \u00e0 la naissance au Qu\u00e9bec\"}]},{\"@type\":\"WebSite\",\"@id\":\"https:\\\/\\\/immigrantquebec.com\\\/fr\\\/#website\",\"url\":\"https:\\\/\\\/immigrantquebec.com\\\/fr\\\/\",\"name\":\"Immigrant Qu\u00e9bec\",\"description\":\"Immigrer, vivre, travailler et \u00e9tudier au Qu\u00e9bec, Canada\",\"publisher\":{\"@id\":\"https:\\\/\\\/immigrantquebec.com\\\/fr\\\/#organization\"},\"potentialAction\":[{\"@type\":\"SearchAction\",\"target\":{\"@type\":\"EntryPoint\",\"urlTemplate\":\"https:\\\/\\\/immigrantquebec.com\\\/fr\\\/?s={search_term_string}\"},\"query-input\":{\"@type\":\"PropertyValueSpecification\",\"valueRequired\":true,\"valueName\":\"search_term_string\"}}],\"inLanguage\":\"fr-FR\"},{\"@type\":\"Organization\",\"@id\":\"https:\\\/\\\/immigrantquebec.com\\\/fr\\\/#organization\",\"name\":\"Immigrant Qu\u00e9bec\",\"url\":\"https:\\\/\\\/immigrantquebec.com\\\/fr\\\/\",\"logo\":{\"@type\":\"ImageObject\",\"inLanguage\":\"fr-FR\",\"@id\":\"https:\\\/\\\/immigrantquebec.com\\\/fr\\\/#\\\/schema\\\/logo\\\/image\\\/\",\"url\":\"https:\\\/\\\/immigrantquebec.com\\\/fr\\\/wp-content\\\/uploads\\\/2024\\\/03\\\/LogoIQ-2024-RVB.png\",\"contentUrl\":\"https:\\\/\\\/immigrantquebec.com\\\/fr\\\/wp-content\\\/uploads\\\/2024\\\/03\\\/LogoIQ-2024-RVB.png\",\"width\":2500,\"height\":1137,\"caption\":\"Immigrant Qu\u00e9bec\"},\"image\":{\"@id\":\"https:\\\/\\\/immigrantquebec.com\\\/fr\\\/#\\\/schema\\\/logo\\\/image\\\/\"},\"sameAs\":[\"https:\\\/\\\/www.facebook.com\\\/immigrantquebec\",\"https:\\\/\\\/x.com\\\/ImmigrantQuebec\",\"https:\\\/\\\/www.instagram.com\\\/immigrantquebec\",\"https:\\\/\\\/www.youtube.com\\\/user\\\/ImmigrantQc\"]},{\"@type\":\"Person\",\"@id\":\"https:\\\/\\\/immigrantquebec.com\\\/fr\\\/#\\\/schema\\\/person\\\/be32e1c19b6377979137d839f2552a2e\",\"name\":\"calonnearthur29@gmail.com\",\"image\":{\"@type\":\"ImageObject\",\"inLanguage\":\"fr-FR\",\"@id\":\"https:\\\/\\\/secure.gravatar.com\\\/avatar\\\/d3ff0dbe7824ef00ba25e44495e5281c6464c493dadfb2ad490a40a78248aa4f?s=96&d=mm&r=g\",\"url\":\"https:\\\/\\\/secure.gravatar.com\\\/avatar\\\/d3ff0dbe7824ef00ba25e44495e5281c6464c493dadfb2ad490a40a78248aa4f?s=96&d=mm&r=g\",\"contentUrl\":\"https:\\\/\\\/secure.gravatar.com\\\/avatar\\\/d3ff0dbe7824ef00ba25e44495e5281c6464c493dadfb2ad490a40a78248aa4f?s=96&d=mm&r=g\",\"caption\":\"calonnearthur29@gmail.com\"},\"url\":\"https:\\\/\\\/immigrantquebec.com\\\/fr\\\/author\\\/calonnearthur29gmail-com\\\/\"}]}<\/script>\n<!-- \/ Yoast SEO plugin. -->","yoast_head_json":{"title":"Les cong\u00e9s li\u00e9s \u00e0 la naissance au Qu\u00e9bec - Immigrant Qu\u00e9bec","robots":{"index":"index","follow":"follow","max-snippet":"max-snippet:-1","max-image-preview":"max-image-preview:large","max-video-preview":"max-video-preview:-1"},"canonical":"https:\/\/immigrantquebec.com\/fr\/reussir-votre-installation\/famille\/conges-naissance\/","og_locale":"fr_FR","og_type":"article","og_title":"Les cong\u00e9s li\u00e9s \u00e0 la naissance au Qu\u00e9bec - Immigrant Qu\u00e9bec","og_description":"Pour toute information sur les cong\u00e9s li\u00e9s \u00e8 la naissance de votre enfant, vous pouvez vous adresser au\u00a0R\u00e9gime qu\u00e9b\u00e9cois d\u2019assurance parentale (RQAP). Le cong\u00e9 de maternit\u00e9 est accord\u00e9 \u00e0 une femme enceinte qui travaille pour une dur\u00e9e de 18 semaines. \u00c0 la fin de son cong\u00e9, elle pourra retrouver son emploi sans avoir perdu d\u2019avantage. [&hellip;]","og_url":"https:\/\/immigrantquebec.com\/fr\/reussir-votre-installation\/famille\/conges-naissance\/","og_site_name":"Immigrant Qu\u00e9bec","article_publisher":"https:\/\/www.facebook.com\/immigrantquebec","article_published_time":"2021-11-10T22:25:06+00:00","article_modified_time":"2025-06-27T15:52:34+00:00","author":"calonnearthur29@gmail.com","twitter_misc":{"\u00c9crit par":"calonnearthur29@gmail.com","Dur\u00e9e de lecture estim\u00e9e":"2 minutes"},"schema":{"@context":"https:\/\/schema.org","@graph":[{"@type":"Article","@id":"https:\/\/immigrantquebec.com\/fr\/reussir-votre-installation\/famille\/conges-naissance\/#article","isPartOf":{"@id":"https:\/\/immigrantquebec.com\/fr\/reussir-votre-installation\/famille\/conges-naissance\/"},"author":{"name":"calonnearthur29@gmail.com","@id":"https:\/\/immigrantquebec.com\/fr\/#\/schema\/person\/be32e1c19b6377979137d839f2552a2e"},"headline":"Les cong\u00e9s li\u00e9s \u00e0 la naissance au Qu\u00e9bec","datePublished":"2021-11-10T22:25:06+00:00","dateModified":"2025-06-27T15:52:34+00:00","mainEntityOfPage":{"@id":"https:\/\/immigrantquebec.com\/fr\/reussir-votre-installation\/famille\/conges-naissance\/"},"wordCount":290,"publisher":{"@id":"https:\/\/immigrantquebec.com\/fr\/#organization"},"articleSection":["Famille"],"inLanguage":"fr-FR"},{"@type":"WebPage","@id":"https:\/\/immigrantquebec.com\/fr\/reussir-votre-installation\/famille\/conges-naissance\/","url":"https:\/\/immigrantquebec.com\/fr\/reussir-votre-installation\/famille\/conges-naissance\/","name":"Les cong\u00e9s li\u00e9s \u00e0 la naissance au Qu\u00e9bec - Immigrant Qu\u00e9bec","isPartOf":{"@id":"https:\/\/immigrantquebec.com\/fr\/#website"},"datePublished":"2021-11-10T22:25:06+00:00","dateModified":"2025-06-27T15:52:34+00:00","breadcrumb":{"@id":"https:\/\/immigrantquebec.com\/fr\/reussir-votre-installation\/famille\/conges-naissance\/#breadcrumb"},"inLanguage":"fr-FR","potentialAction":[{"@type":"ReadAction","target":["https:\/\/immigrantquebec.com\/fr\/reussir-votre-installation\/famille\/conges-naissance\/"]}]},{"@type":"BreadcrumbList","@id":"https:\/\/immigrantquebec.com\/fr\/reussir-votre-installation\/famille\/conges-naissance\/#breadcrumb","itemListElement":[{"@type":"ListItem","position":1,"name":"Accueil","item":"https:\/\/immigrantquebec.com\/fr\/"},{"@type":"ListItem","position":2,"name":"R\u00e9ussir votre installation","item":"https:\/\/immigrantquebec.com\/fr\/reussir-votre-installation\/"},{"@type":"ListItem","position":3,"name":"Famille","item":"https:\/\/immigrantquebec.com\/fr\/reussir-votre-installation\/famille\/"},{"@type":"ListItem","position":4,"name":"Les cong\u00e9s li\u00e9s \u00e0 la naissance au Qu\u00e9bec"}]},{"@type":"WebSite","@id":"https:\/\/immigrantquebec.com\/fr\/#website","url":"https:\/\/immigrantquebec.com\/fr\/","name":"Immigrant Qu\u00e9bec","description":"Immigrer, vivre, travailler et \u00e9tudier au Qu\u00e9bec, Canada","publisher":{"@id":"https:\/\/immigrantquebec.com\/fr\/#organization"},"potentialAction":[{"@type":"SearchAction","target":{"@type":"EntryPoint","urlTemplate":"https:\/\/immigrantquebec.com\/fr\/?s={search_term_string}"},"query-input":{"@type":"PropertyValueSpecification","valueRequired":true,"valueName":"search_term_string"}}],"inLanguage":"fr-FR"},{"@type":"Organization","@id":"https:\/\/immigrantquebec.com\/fr\/#organization","name":"Immigrant Qu\u00e9bec","url":"https:\/\/immigrantquebec.com\/fr\/","logo":{"@type":"ImageObject","inLanguage":"fr-FR","@id":"https:\/\/immigrantquebec.com\/fr\/#\/schema\/logo\/image\/","url":"https:\/\/immigrantquebec.com\/fr\/wp-content\/uploads\/2024\/03\/LogoIQ-2024-RVB.png","contentUrl":"https:\/\/immigrantquebec.com\/fr\/wp-content\/uploads\/2024\/03\/LogoIQ-2024-RVB.png","width":2500,"height":1137,"caption":"Immigrant Qu\u00e9bec"},"image":{"@id":"https:\/\/immigrantquebec.com\/fr\/#\/schema\/logo\/image\/"},"sameAs":["https:\/\/www.facebook.com\/immigrantquebec","https:\/\/x.com\/ImmigrantQuebec","https:\/\/www.instagram.com\/immigrantquebec","https:\/\/www.youtube.com\/user\/ImmigrantQc"]},{"@type":"Person","@id":"https:\/\/immigrantquebec.com\/fr\/#\/schema\/person\/be32e1c19b6377979137d839f2552a2e","name":"calonnearthur29@gmail.com","image":{"@type":"ImageObject","inLanguage":"fr-FR","@id":"https:\/\/secure.gravatar.com\/avatar\/d3ff0dbe7824ef00ba25e44495e5281c6464c493dadfb2ad490a40a78248aa4f?s=96&d=mm&r=g","url":"https:\/\/secure.gravatar.com\/avatar\/d3ff0dbe7824ef00ba25e44495e5281c6464c493dadfb2ad490a40a78248aa4f?s=96&d=mm&r=g","contentUrl":"https:\/\/secure.gravatar.com\/avatar\/d3ff0dbe7824ef00ba25e44495e5281c6464c493dadfb2ad490a40a78248aa4f?s=96&d=mm&r=g","caption":"calonnearthur29@gmail.com"},"url":"https:\/\/immigrantquebec.com\/fr\/author\/calonnearthur29gmail-com\/"}]}},"_links":{"self":[{"href":"https:\/\/immigrantquebec.com\/fr\/wp-json\/wp\/v2\/posts\/4455","targetHints":{"allow":["GET"]}}],"collection":[{"href":"https:\/\/immigrantquebec.com\/fr\/wp-json\/wp\/v2\/posts"}],"about":[{"href":"https:\/\/immigrantquebec.com\/fr\/wp-json\/wp\/v2\/types\/post"}],"author":[{"embeddable":true,"href":"https:\/\/immigrantquebec.com\/fr\/wp-json\/wp\/v2\/users\/3460"}],"replies":[{"embeddable":true,"href":"https:\/\/immigrantquebec.com\/fr\/wp-json\/wp\/v2\/comments?post=4455"}],"version-history":[{"count":0,"href":"https:\/\/immigrantquebec.com\/fr\/wp-json\/wp\/v2\/posts\/4455\/revisions"}],"wp:attachment":[{"href":"https:\/\/immigrantquebec.com\/fr\/wp-json\/wp\/v2\/media?parent=4455"}],"wp:term":[{"taxonomy":"category","embeddable":true,"href":"https:\/\/immigrantquebec.com\/fr\/wp-json\/wp\/v2\/categories?post=4455"},{"taxonomy":"post_tag","embeddable":true,"href":"https:\/\/immigrantquebec.com\/fr\/wp-json\/wp\/v2\/tags?post=4455"}],"curies":[{"name":"wp","href":"https:\/\/api.w.org\/{rel}","templated":true}]}}