{"id":4492,"date":"2021-11-10T18:50:19","date_gmt":"2021-11-10T22:50:19","guid":{"rendered":"https:\/\/immigrantquebec.com\/?p=4492"},"modified":"2022-03-03T14:18:43","modified_gmt":"2022-03-03T18:18:43","slug":"la-retraite-au-quebec","status":"publish","type":"post","link":"https:\/\/immigrantquebec.com\/fr\/reussir-votre-installation\/emploi\/la-retraite-au-quebec\/la-retraite-au-quebec\/","title":{"rendered":"La retraite au Qu\u00e9bec"},"content":{"rendered":"<p>&nbsp;<\/p>\n<p>La retraite au Qu\u00e9bec peut \u00eatre prise \u00e0 l\u2019\u00e2ge de 65 ans pour b\u00e9n\u00e9ficier de l\u2019int\u00e9gralit\u00e9 des prestations financi\u00e8res li\u00e9es \u00e0 la cessation d\u2019activit\u00e9s. Vous pouvez vous mettre \u00e0 la retraite \u00e0 60 ans, mais dans ce cas, vous ne percevrez qu\u2019une partie des rentes. Avant 60 ans, vous ne percevrez rien jusqu\u2019\u00e0 l\u2019atteinte de cet \u00e2ge.<\/p>\n<p>En vous mettant \u00e0 la retraite, vous b\u00e9n\u00e9ficierez d\u2019une rente des r\u00e9gimes publics\u00a0: la S\u00e9curit\u00e9 de la vieillesse et le R\u00e9gime de pension du Canada (f\u00e9d\u00e9ral) et le R\u00e9gime de rentes du Qu\u00e9bec (provincial). G\u00e9n\u00e9ralement, le montant de chacune de ces rentes est peu \u00e9lev\u00e9. C\u2019est pourquoi la retraite au Qu\u00e9bec doit se planifier tout au long de la vie. Les Qu\u00e9b\u00e9cois cotisent \u00e0 des r\u00e9gimes de retraite priv\u00e9s\u00a0: r\u00e9gime compl\u00e9mentaire de retraite (dits fonds de pension), compte de retraite immobilis\u00e9 (CRI) ou fonds de revenu viager (FRV). Certains employeurs permettent \u00e0 leurs salari\u00e9s de cotiser \u00e0 des r\u00e9gimes de retraites priv\u00e9s, g\u00e9n\u00e9ralement int\u00e9ressants.<\/p>\n<h2 id=\"summary-anchor-0\">B\u00e9n\u00e9ficier de la retraite au Qu\u00e9bec<\/h2>\n<p>Pour b\u00e9n\u00e9ficier des versements de la <a href=\"http:\/\/servicecanada.gc.ca\/fra\/services\/pensions\/sv\/index.shtml\" target=\"_blank\" rel=\"noopener noreferrer\">S\u00e9curit\u00e9 de la vieillesse et r\u00e9gime de pension du Canada<\/a>, vous devez avoir v\u00e9cu au moins 10 ans au Canada apr\u00e8s l\u2019\u00e2ge de 18 ans. En fonction du nombre d\u2019ann\u00e9es que vous aurez v\u00e9cu au Canada au moment de votre retraite, vous toucherez une pension pleine ou une pension partielle.<\/p>\n<p>Le montant de la rente vers\u00e9e par le <a href=\"http:\/\/rrq.gouv.qc.ca\" target=\"_blank\" rel=\"noopener noreferrer\">R\u00e9gime de rentes du Qu\u00e9bec<\/a> \u00e9quivaut \u00e0 25 % de la moyenne mensuelle des revenus sur lesquels vous avez cotis\u00e9. Le montant est plafonn\u00e9 \u00e0 960 $ en 2011. Vous pourrez toucher \u00e9galement une rente de conjoint survivant si votre \u00e9poux\/conjoint est d\u00e9c\u00e9d\u00e9.<\/p>\n<p>Pour percevoir ces rentes, vous devez obligatoirement en faire la demande.<\/p>\n<h2 id=\"summary-anchor-1\">Ententes de s\u00e9curit\u00e9 sociale entre le Qu\u00e9bec et des pays \u00e9trangers<\/h2>\n<p>N\u2019oubliez pas de v\u00e9rifier si le Qu\u00e9bec a sign\u00e9 une entende de s\u00e9curit\u00e9 sociale avec le ou les pays dans lesquels vous avez cotis\u00e9 \u00e0 un r\u00e9gime de retraite.<\/p>\n<p>Les 32 pays signataires d\u2019une entente avec le Qu\u00e9bec sont les suivants : Allemagne, Autriche, Barbade, Belgique, Chili, Chypre, Croatie, Danemark, Dominique, \u00c9tats-Unis, Finlande, France, Gr\u00e8ce, Hongrie, Irlande, Italie, Jama\u00efque, Luxembourg, Malte, Maroc, Norv\u00e8ge, Pays-Bas, Philippines, Portugal, R\u00e9publique tch\u00e8que, Sainte-Lucie, Slovaquie, Slov\u00e9nie, Su\u00e8de, Suisse, Turquie, Uruguay.<\/p>\n<p>Adressez-vous au Bureau des ententes de s\u00e9curit\u00e9 sociale (BESS) de la R\u00e9gie des rentes du Qu\u00e9bec pour accomplir les d\u00e9marches qui vous permettront de toucher la pension d\u2019un pays \u00e9tranger ou d\u2019obtenir un certificat d\u2019assujettissement.<\/p>\n<h2 id=\"summary-anchor-2\">R\u00e9gime enregistr\u00e9 d\u2019\u00e9pargne-retraite (REER)<\/h2>\n<p>Au Qu\u00e9bec, vous entendrez souvent parler du REER qui est un r\u00e9gime dans lequel il est possible de placer de l\u2019argent en vue d\u2019\u00e9conomiser pour sa retraite. L\u2019argent plac\u00e9 et ses revenus ne sont pas imposables tant qu\u2019ils restent dans le REER. Vous pouvez contribuer \u00e0 votre REER jusqu\u2019\u00e0 l\u2019\u00e2ge de 71 ans. \u00c0 ce moment, vous devrez transf\u00e9rer votre argent vers un autre fonds ou rente. Si vous retirez les placements de votre REER, ils deviennent imposables.<\/p>\n<p>Adressez-vous \u00e0 votre institution financi\u00e8re pour en savoir plus sur les REER et autres possibilit\u00e9s de placement pour la retraite.<\/p>\n","protected":false},"excerpt":{"rendered":"<p>&nbsp; La retraite au Qu\u00e9bec peut \u00eatre prise \u00e0 l\u2019\u00e2ge de 65 ans pour b\u00e9n\u00e9ficier de l\u2019int\u00e9gralit\u00e9 des prestations financi\u00e8res li\u00e9es \u00e0 la cessation d\u2019activit\u00e9s. Vous pouvez vous mettre \u00e0 la retraite \u00e0 60 ans, mais dans ce cas, vous ne percevrez qu\u2019une partie des rentes. Avant 60 ans, vous ne percevrez rien jusqu\u2019\u00e0 l\u2019atteinte [&hellip;]<\/p>\n","protected":false},"author":3460,"featured_media":9433,"comment_status":"closed","ping_status":"closed","sticky":false,"template":"","format":"standard","meta":{"_acf_changed":false,"_genesis_hide_title":false,"_genesis_hide_breadcrumbs":false,"_genesis_hide_singular_image":false,"_genesis_hide_footer_widgets":false,"_genesis_custom_body_class":"","_genesis_custom_post_class":"","_genesis_layout":"","footnotes":""},"categories":[249],"tags":[],"class_list":{"0":"post-4492","1":"post","2":"type-post","3":"status-publish","4":"format-standard","5":"has-post-thumbnail","7":"category-la-retraite-au-quebec","8":"entry"},"acf":[],"yoast_head":"<!-- This site is optimized with the Yoast SEO plugin v27.5 - https:\/\/yoast.com\/product\/yoast-seo-wordpress\/ -->\n<title>La retraite au Qu\u00e9bec - Immigrant Qu\u00e9bec<\/title>\n<meta name=\"robots\" content=\"index, follow, max-snippet:-1, max-image-preview:large, max-video-preview:-1\" \/>\n<link rel=\"canonical\" href=\"https:\/\/immigrantquebec.com\/fr\/reussir-votre-installation\/emploi\/la-retraite-au-quebec\/la-retraite-au-quebec\/\" \/>\n<meta property=\"og:locale\" content=\"fr_FR\" \/>\n<meta property=\"og:type\" content=\"article\" \/>\n<meta property=\"og:title\" content=\"La retraite au Qu\u00e9bec - Immigrant Qu\u00e9bec\" \/>\n<meta property=\"og:description\" content=\"&nbsp; La retraite au Qu\u00e9bec peut \u00eatre prise \u00e0 l\u2019\u00e2ge de 65 ans pour b\u00e9n\u00e9ficier de l\u2019int\u00e9gralit\u00e9 des prestations financi\u00e8res li\u00e9es \u00e0 la cessation d\u2019activit\u00e9s. Vous pouvez vous mettre \u00e0 la retraite \u00e0 60 ans, mais dans ce cas, vous ne percevrez qu\u2019une partie des rentes. Avant 60 ans, vous ne percevrez rien jusqu\u2019\u00e0 l\u2019atteinte [&hellip;]\" \/>\n<meta property=\"og:url\" content=\"https:\/\/immigrantquebec.com\/fr\/reussir-votre-installation\/emploi\/la-retraite-au-quebec\/la-retraite-au-quebec\/\" \/>\n<meta property=\"og:site_name\" content=\"Immigrant Qu\u00e9bec\" \/>\n<meta property=\"article:publisher\" content=\"https:\/\/www.facebook.com\/immigrantquebec\" \/>\n<meta property=\"article:published_time\" content=\"2021-11-10T22:50:19+00:00\" \/>\n<meta property=\"article:modified_time\" content=\"2022-03-03T18:18:43+00:00\" \/>\n<meta property=\"og:image\" content=\"https:\/\/immigrantquebec.com\/fr\/wp-content\/uploads\/2021\/11\/7af4190b-efdf-41a9-aeba-e61878decbaa.jpeg\" \/>\n\t<meta property=\"og:image:width\" content=\"950\" \/>\n\t<meta property=\"og:image:height\" content=\"400\" \/>\n\t<meta property=\"og:image:type\" content=\"image\/jpeg\" \/>\n<meta name=\"author\" content=\"calonnearthur29@gmail.com\" \/>\n<meta name=\"twitter:label1\" content=\"\u00c9crit par\" \/>\n\t<meta name=\"twitter:data1\" content=\"calonnearthur29@gmail.com\" \/>\n\t<meta name=\"twitter:label2\" content=\"Dur\u00e9e de lecture estim\u00e9e\" \/>\n\t<meta name=\"twitter:data2\" content=\"3 minutes\" \/>\n<script type=\"application\/ld+json\" class=\"yoast-schema-graph\">{\"@context\":\"https:\\\/\\\/schema.org\",\"@graph\":[{\"@type\":\"Article\",\"@id\":\"https:\\\/\\\/immigrantquebec.com\\\/fr\\\/reussir-votre-installation\\\/emploi\\\/la-retraite-au-quebec\\\/la-retraite-au-quebec\\\/#article\",\"isPartOf\":{\"@id\":\"https:\\\/\\\/immigrantquebec.com\\\/fr\\\/reussir-votre-installation\\\/emploi\\\/la-retraite-au-quebec\\\/la-retraite-au-quebec\\\/\"},\"author\":{\"name\":\"calonnearthur29@gmail.com\",\"@id\":\"https:\\\/\\\/immigrantquebec.com\\\/fr\\\/#\\\/schema\\\/person\\\/be32e1c19b6377979137d839f2552a2e\"},\"headline\":\"La retraite au Qu\u00e9bec\",\"datePublished\":\"2021-11-10T22:50:19+00:00\",\"dateModified\":\"2022-03-03T18:18:43+00:00\",\"mainEntityOfPage\":{\"@id\":\"https:\\\/\\\/immigrantquebec.com\\\/fr\\\/reussir-votre-installation\\\/emploi\\\/la-retraite-au-quebec\\\/la-retraite-au-quebec\\\/\"},\"wordCount\":579,\"publisher\":{\"@id\":\"https:\\\/\\\/immigrantquebec.com\\\/fr\\\/#organization\"},\"image\":{\"@id\":\"https:\\\/\\\/immigrantquebec.com\\\/fr\\\/reussir-votre-installation\\\/emploi\\\/la-retraite-au-quebec\\\/la-retraite-au-quebec\\\/#primaryimage\"},\"thumbnailUrl\":\"https:\\\/\\\/immigrantquebec.com\\\/fr\\\/wp-content\\\/uploads\\\/2021\\\/11\\\/7af4190b-efdf-41a9-aeba-e61878decbaa.jpeg\",\"articleSection\":[\"La retraite au Qu\u00e9bec\"],\"inLanguage\":\"fr-FR\"},{\"@type\":\"WebPage\",\"@id\":\"https:\\\/\\\/immigrantquebec.com\\\/fr\\\/reussir-votre-installation\\\/emploi\\\/la-retraite-au-quebec\\\/la-retraite-au-quebec\\\/\",\"url\":\"https:\\\/\\\/immigrantquebec.com\\\/fr\\\/reussir-votre-installation\\\/emploi\\\/la-retraite-au-quebec\\\/la-retraite-au-quebec\\\/\",\"name\":\"La retraite au Qu\u00e9bec - Immigrant Qu\u00e9bec\",\"isPartOf\":{\"@id\":\"https:\\\/\\\/immigrantquebec.com\\\/fr\\\/#website\"},\"primaryImageOfPage\":{\"@id\":\"https:\\\/\\\/immigrantquebec.com\\\/fr\\\/reussir-votre-installation\\\/emploi\\\/la-retraite-au-quebec\\\/la-retraite-au-quebec\\\/#primaryimage\"},\"image\":{\"@id\":\"https:\\\/\\\/immigrantquebec.com\\\/fr\\\/reussir-votre-installation\\\/emploi\\\/la-retraite-au-quebec\\\/la-retraite-au-quebec\\\/#primaryimage\"},\"thumbnailUrl\":\"https:\\\/\\\/immigrantquebec.com\\\/fr\\\/wp-content\\\/uploads\\\/2021\\\/11\\\/7af4190b-efdf-41a9-aeba-e61878decbaa.jpeg\",\"datePublished\":\"2021-11-10T22:50:19+00:00\",\"dateModified\":\"2022-03-03T18:18:43+00:00\",\"breadcrumb\":{\"@id\":\"https:\\\/\\\/immigrantquebec.com\\\/fr\\\/reussir-votre-installation\\\/emploi\\\/la-retraite-au-quebec\\\/la-retraite-au-quebec\\\/#breadcrumb\"},\"inLanguage\":\"fr-FR\",\"potentialAction\":[{\"@type\":\"ReadAction\",\"target\":[\"https:\\\/\\\/immigrantquebec.com\\\/fr\\\/reussir-votre-installation\\\/emploi\\\/la-retraite-au-quebec\\\/la-retraite-au-quebec\\\/\"]}]},{\"@type\":\"ImageObject\",\"inLanguage\":\"fr-FR\",\"@id\":\"https:\\\/\\\/immigrantquebec.com\\\/fr\\\/reussir-votre-installation\\\/emploi\\\/la-retraite-au-quebec\\\/la-retraite-au-quebec\\\/#primaryimage\",\"url\":\"https:\\\/\\\/immigrantquebec.com\\\/fr\\\/wp-content\\\/uploads\\\/2021\\\/11\\\/7af4190b-efdf-41a9-aeba-e61878decbaa.jpeg\",\"contentUrl\":\"https:\\\/\\\/immigrantquebec.com\\\/fr\\\/wp-content\\\/uploads\\\/2021\\\/11\\\/7af4190b-efdf-41a9-aeba-e61878decbaa.jpeg\",\"width\":950,\"height\":400},{\"@type\":\"BreadcrumbList\",\"@id\":\"https:\\\/\\\/immigrantquebec.com\\\/fr\\\/reussir-votre-installation\\\/emploi\\\/la-retraite-au-quebec\\\/la-retraite-au-quebec\\\/#breadcrumb\",\"itemListElement\":[{\"@type\":\"ListItem\",\"position\":1,\"name\":\"Accueil\",\"item\":\"https:\\\/\\\/immigrantquebec.com\\\/fr\\\/\"},{\"@type\":\"ListItem\",\"position\":2,\"name\":\"R\u00e9ussir votre installation\",\"item\":\"https:\\\/\\\/immigrantquebec.com\\\/fr\\\/reussir-votre-installation\\\/\"},{\"@type\":\"ListItem\",\"position\":3,\"name\":\"Emploi\",\"item\":\"https:\\\/\\\/immigrantquebec.com\\\/fr\\\/reussir-votre-installation\\\/emploi\\\/\"},{\"@type\":\"ListItem\",\"position\":4,\"name\":\"La retraite au Qu\u00e9bec\",\"item\":\"https:\\\/\\\/immigrantquebec.com\\\/fr\\\/reussir-votre-installation\\\/emploi\\\/la-retraite-au-quebec\\\/\"},{\"@type\":\"ListItem\",\"position\":5,\"name\":\"La retraite au Qu\u00e9bec\"}]},{\"@type\":\"WebSite\",\"@id\":\"https:\\\/\\\/immigrantquebec.com\\\/fr\\\/#website\",\"url\":\"https:\\\/\\\/immigrantquebec.com\\\/fr\\\/\",\"name\":\"Immigrant Qu\u00e9bec\",\"description\":\"Immigrer, vivre, travailler et \u00e9tudier au Qu\u00e9bec, Canada\",\"publisher\":{\"@id\":\"https:\\\/\\\/immigrantquebec.com\\\/fr\\\/#organization\"},\"potentialAction\":[{\"@type\":\"SearchAction\",\"target\":{\"@type\":\"EntryPoint\",\"urlTemplate\":\"https:\\\/\\\/immigrantquebec.com\\\/fr\\\/?s={search_term_string}\"},\"query-input\":{\"@type\":\"PropertyValueSpecification\",\"valueRequired\":true,\"valueName\":\"search_term_string\"}}],\"inLanguage\":\"fr-FR\"},{\"@type\":\"Organization\",\"@id\":\"https:\\\/\\\/immigrantquebec.com\\\/fr\\\/#organization\",\"name\":\"Immigrant Qu\u00e9bec\",\"url\":\"https:\\\/\\\/immigrantquebec.com\\\/fr\\\/\",\"logo\":{\"@type\":\"ImageObject\",\"inLanguage\":\"fr-FR\",\"@id\":\"https:\\\/\\\/immigrantquebec.com\\\/fr\\\/#\\\/schema\\\/logo\\\/image\\\/\",\"url\":\"https:\\\/\\\/immigrantquebec.com\\\/fr\\\/wp-content\\\/uploads\\\/2024\\\/03\\\/LogoIQ-2024-RVB.png\",\"contentUrl\":\"https:\\\/\\\/immigrantquebec.com\\\/fr\\\/wp-content\\\/uploads\\\/2024\\\/03\\\/LogoIQ-2024-RVB.png\",\"width\":2500,\"height\":1137,\"caption\":\"Immigrant Qu\u00e9bec\"},\"image\":{\"@id\":\"https:\\\/\\\/immigrantquebec.com\\\/fr\\\/#\\\/schema\\\/logo\\\/image\\\/\"},\"sameAs\":[\"https:\\\/\\\/www.facebook.com\\\/immigrantquebec\",\"https:\\\/\\\/x.com\\\/ImmigrantQuebec\",\"https:\\\/\\\/www.instagram.com\\\/immigrantquebec\",\"https:\\\/\\\/www.youtube.com\\\/user\\\/ImmigrantQc\"]},{\"@type\":\"Person\",\"@id\":\"https:\\\/\\\/immigrantquebec.com\\\/fr\\\/#\\\/schema\\\/person\\\/be32e1c19b6377979137d839f2552a2e\",\"name\":\"calonnearthur29@gmail.com\",\"image\":{\"@type\":\"ImageObject\",\"inLanguage\":\"fr-FR\",\"@id\":\"https:\\\/\\\/secure.gravatar.com\\\/avatar\\\/d3ff0dbe7824ef00ba25e44495e5281c6464c493dadfb2ad490a40a78248aa4f?s=96&d=mm&r=g\",\"url\":\"https:\\\/\\\/secure.gravatar.com\\\/avatar\\\/d3ff0dbe7824ef00ba25e44495e5281c6464c493dadfb2ad490a40a78248aa4f?s=96&d=mm&r=g\",\"contentUrl\":\"https:\\\/\\\/secure.gravatar.com\\\/avatar\\\/d3ff0dbe7824ef00ba25e44495e5281c6464c493dadfb2ad490a40a78248aa4f?s=96&d=mm&r=g\",\"caption\":\"calonnearthur29@gmail.com\"},\"url\":\"https:\\\/\\\/immigrantquebec.com\\\/fr\\\/author\\\/calonnearthur29gmail-com\\\/\"}]}<\/script>\n<!-- \/ Yoast SEO plugin. -->","yoast_head_json":{"title":"La retraite au Qu\u00e9bec - Immigrant Qu\u00e9bec","robots":{"index":"index","follow":"follow","max-snippet":"max-snippet:-1","max-image-preview":"max-image-preview:large","max-video-preview":"max-video-preview:-1"},"canonical":"https:\/\/immigrantquebec.com\/fr\/reussir-votre-installation\/emploi\/la-retraite-au-quebec\/la-retraite-au-quebec\/","og_locale":"fr_FR","og_type":"article","og_title":"La retraite au Qu\u00e9bec - Immigrant Qu\u00e9bec","og_description":"&nbsp; La retraite au Qu\u00e9bec peut \u00eatre prise \u00e0 l\u2019\u00e2ge de 65 ans pour b\u00e9n\u00e9ficier de l\u2019int\u00e9gralit\u00e9 des prestations financi\u00e8res li\u00e9es \u00e0 la cessation d\u2019activit\u00e9s. Vous pouvez vous mettre \u00e0 la retraite \u00e0 60 ans, mais dans ce cas, vous ne percevrez qu\u2019une partie des rentes. Avant 60 ans, vous ne percevrez rien jusqu\u2019\u00e0 l\u2019atteinte [&hellip;]","og_url":"https:\/\/immigrantquebec.com\/fr\/reussir-votre-installation\/emploi\/la-retraite-au-quebec\/la-retraite-au-quebec\/","og_site_name":"Immigrant Qu\u00e9bec","article_publisher":"https:\/\/www.facebook.com\/immigrantquebec","article_published_time":"2021-11-10T22:50:19+00:00","article_modified_time":"2022-03-03T18:18:43+00:00","og_image":[{"width":950,"height":400,"url":"https:\/\/immigrantquebec.com\/fr\/wp-content\/uploads\/2021\/11\/7af4190b-efdf-41a9-aeba-e61878decbaa.jpeg","type":"image\/jpeg"}],"author":"calonnearthur29@gmail.com","twitter_misc":{"\u00c9crit par":"calonnearthur29@gmail.com","Dur\u00e9e de lecture estim\u00e9e":"3 minutes"},"schema":{"@context":"https:\/\/schema.org","@graph":[{"@type":"Article","@id":"https:\/\/immigrantquebec.com\/fr\/reussir-votre-installation\/emploi\/la-retraite-au-quebec\/la-retraite-au-quebec\/#article","isPartOf":{"@id":"https:\/\/immigrantquebec.com\/fr\/reussir-votre-installation\/emploi\/la-retraite-au-quebec\/la-retraite-au-quebec\/"},"author":{"name":"calonnearthur29@gmail.com","@id":"https:\/\/immigrantquebec.com\/fr\/#\/schema\/person\/be32e1c19b6377979137d839f2552a2e"},"headline":"La retraite au Qu\u00e9bec","datePublished":"2021-11-10T22:50:19+00:00","dateModified":"2022-03-03T18:18:43+00:00","mainEntityOfPage":{"@id":"https:\/\/immigrantquebec.com\/fr\/reussir-votre-installation\/emploi\/la-retraite-au-quebec\/la-retraite-au-quebec\/"},"wordCount":579,"publisher":{"@id":"https:\/\/immigrantquebec.com\/fr\/#organization"},"image":{"@id":"https:\/\/immigrantquebec.com\/fr\/reussir-votre-installation\/emploi\/la-retraite-au-quebec\/la-retraite-au-quebec\/#primaryimage"},"thumbnailUrl":"https:\/\/immigrantquebec.com\/fr\/wp-content\/uploads\/2021\/11\/7af4190b-efdf-41a9-aeba-e61878decbaa.jpeg","articleSection":["La retraite au Qu\u00e9bec"],"inLanguage":"fr-FR"},{"@type":"WebPage","@id":"https:\/\/immigrantquebec.com\/fr\/reussir-votre-installation\/emploi\/la-retraite-au-quebec\/la-retraite-au-quebec\/","url":"https:\/\/immigrantquebec.com\/fr\/reussir-votre-installation\/emploi\/la-retraite-au-quebec\/la-retraite-au-quebec\/","name":"La retraite au Qu\u00e9bec - Immigrant Qu\u00e9bec","isPartOf":{"@id":"https:\/\/immigrantquebec.com\/fr\/#website"},"primaryImageOfPage":{"@id":"https:\/\/immigrantquebec.com\/fr\/reussir-votre-installation\/emploi\/la-retraite-au-quebec\/la-retraite-au-quebec\/#primaryimage"},"image":{"@id":"https:\/\/immigrantquebec.com\/fr\/reussir-votre-installation\/emploi\/la-retraite-au-quebec\/la-retraite-au-quebec\/#primaryimage"},"thumbnailUrl":"https:\/\/immigrantquebec.com\/fr\/wp-content\/uploads\/2021\/11\/7af4190b-efdf-41a9-aeba-e61878decbaa.jpeg","datePublished":"2021-11-10T22:50:19+00:00","dateModified":"2022-03-03T18:18:43+00:00","breadcrumb":{"@id":"https:\/\/immigrantquebec.com\/fr\/reussir-votre-installation\/emploi\/la-retraite-au-quebec\/la-retraite-au-quebec\/#breadcrumb"},"inLanguage":"fr-FR","potentialAction":[{"@type":"ReadAction","target":["https:\/\/immigrantquebec.com\/fr\/reussir-votre-installation\/emploi\/la-retraite-au-quebec\/la-retraite-au-quebec\/"]}]},{"@type":"ImageObject","inLanguage":"fr-FR","@id":"https:\/\/immigrantquebec.com\/fr\/reussir-votre-installation\/emploi\/la-retraite-au-quebec\/la-retraite-au-quebec\/#primaryimage","url":"https:\/\/immigrantquebec.com\/fr\/wp-content\/uploads\/2021\/11\/7af4190b-efdf-41a9-aeba-e61878decbaa.jpeg","contentUrl":"https:\/\/immigrantquebec.com\/fr\/wp-content\/uploads\/2021\/11\/7af4190b-efdf-41a9-aeba-e61878decbaa.jpeg","width":950,"height":400},{"@type":"BreadcrumbList","@id":"https:\/\/immigrantquebec.com\/fr\/reussir-votre-installation\/emploi\/la-retraite-au-quebec\/la-retraite-au-quebec\/#breadcrumb","itemListElement":[{"@type":"ListItem","position":1,"name":"Accueil","item":"https:\/\/immigrantquebec.com\/fr\/"},{"@type":"ListItem","position":2,"name":"R\u00e9ussir votre installation","item":"https:\/\/immigrantquebec.com\/fr\/reussir-votre-installation\/"},{"@type":"ListItem","position":3,"name":"Emploi","item":"https:\/\/immigrantquebec.com\/fr\/reussir-votre-installation\/emploi\/"},{"@type":"ListItem","position":4,"name":"La retraite au Qu\u00e9bec","item":"https:\/\/immigrantquebec.com\/fr\/reussir-votre-installation\/emploi\/la-retraite-au-quebec\/"},{"@type":"ListItem","position":5,"name":"La retraite au Qu\u00e9bec"}]},{"@type":"WebSite","@id":"https:\/\/immigrantquebec.com\/fr\/#website","url":"https:\/\/immigrantquebec.com\/fr\/","name":"Immigrant Qu\u00e9bec","description":"Immigrer, vivre, travailler et \u00e9tudier au Qu\u00e9bec, Canada","publisher":{"@id":"https:\/\/immigrantquebec.com\/fr\/#organization"},"potentialAction":[{"@type":"SearchAction","target":{"@type":"EntryPoint","urlTemplate":"https:\/\/immigrantquebec.com\/fr\/?s={search_term_string}"},"query-input":{"@type":"PropertyValueSpecification","valueRequired":true,"valueName":"search_term_string"}}],"inLanguage":"fr-FR"},{"@type":"Organization","@id":"https:\/\/immigrantquebec.com\/fr\/#organization","name":"Immigrant Qu\u00e9bec","url":"https:\/\/immigrantquebec.com\/fr\/","logo":{"@type":"ImageObject","inLanguage":"fr-FR","@id":"https:\/\/immigrantquebec.com\/fr\/#\/schema\/logo\/image\/","url":"https:\/\/immigrantquebec.com\/fr\/wp-content\/uploads\/2024\/03\/LogoIQ-2024-RVB.png","contentUrl":"https:\/\/immigrantquebec.com\/fr\/wp-content\/uploads\/2024\/03\/LogoIQ-2024-RVB.png","width":2500,"height":1137,"caption":"Immigrant Qu\u00e9bec"},"image":{"@id":"https:\/\/immigrantquebec.com\/fr\/#\/schema\/logo\/image\/"},"sameAs":["https:\/\/www.facebook.com\/immigrantquebec","https:\/\/x.com\/ImmigrantQuebec","https:\/\/www.instagram.com\/immigrantquebec","https:\/\/www.youtube.com\/user\/ImmigrantQc"]},{"@type":"Person","@id":"https:\/\/immigrantquebec.com\/fr\/#\/schema\/person\/be32e1c19b6377979137d839f2552a2e","name":"calonnearthur29@gmail.com","image":{"@type":"ImageObject","inLanguage":"fr-FR","@id":"https:\/\/secure.gravatar.com\/avatar\/d3ff0dbe7824ef00ba25e44495e5281c6464c493dadfb2ad490a40a78248aa4f?s=96&d=mm&r=g","url":"https:\/\/secure.gravatar.com\/avatar\/d3ff0dbe7824ef00ba25e44495e5281c6464c493dadfb2ad490a40a78248aa4f?s=96&d=mm&r=g","contentUrl":"https:\/\/secure.gravatar.com\/avatar\/d3ff0dbe7824ef00ba25e44495e5281c6464c493dadfb2ad490a40a78248aa4f?s=96&d=mm&r=g","caption":"calonnearthur29@gmail.com"},"url":"https:\/\/immigrantquebec.com\/fr\/author\/calonnearthur29gmail-com\/"}]}},"_links":{"self":[{"href":"https:\/\/immigrantquebec.com\/fr\/wp-json\/wp\/v2\/posts\/4492","targetHints":{"allow":["GET"]}}],"collection":[{"href":"https:\/\/immigrantquebec.com\/fr\/wp-json\/wp\/v2\/posts"}],"about":[{"href":"https:\/\/immigrantquebec.com\/fr\/wp-json\/wp\/v2\/types\/post"}],"author":[{"embeddable":true,"href":"https:\/\/immigrantquebec.com\/fr\/wp-json\/wp\/v2\/users\/3460"}],"replies":[{"embeddable":true,"href":"https:\/\/immigrantquebec.com\/fr\/wp-json\/wp\/v2\/comments?post=4492"}],"version-history":[{"count":0,"href":"https:\/\/immigrantquebec.com\/fr\/wp-json\/wp\/v2\/posts\/4492\/revisions"}],"wp:featuredmedia":[{"embeddable":true,"href":"https:\/\/immigrantquebec.com\/fr\/wp-json\/wp\/v2\/media\/9433"}],"wp:attachment":[{"href":"https:\/\/immigrantquebec.com\/fr\/wp-json\/wp\/v2\/media?parent=4492"}],"wp:term":[{"taxonomy":"category","embeddable":true,"href":"https:\/\/immigrantquebec.com\/fr\/wp-json\/wp\/v2\/categories?post=4492"},{"taxonomy":"post_tag","embeddable":true,"href":"https:\/\/immigrantquebec.com\/fr\/wp-json\/wp\/v2\/tags?post=4492"}],"curies":[{"name":"wp","href":"https:\/\/api.w.org\/{rel}","templated":true}]}}