{"id":4591,"date":"2021-11-14T21:32:33","date_gmt":"2021-11-15T01:32:33","guid":{"rendered":"https:\/\/immigrantquebec.com\/?p=4591"},"modified":"2026-03-13T15:04:27","modified_gmt":"2026-03-13T19:04:27","slug":"accompagnement-demarrage-entreprise","status":"publish","type":"post","link":"https:\/\/immigrantquebec.com\/fr\/reussir-votre-installation\/entrepreneuriat\/accompagnement-demarrage-entreprise\/","title":{"rendered":"L&rsquo;accompagnement au d\u00e9marrage d&rsquo;entreprise"},"content":{"rendered":"\t\t<div data-elementor-type=\"wp-post\" data-elementor-id=\"4591\" class=\"elementor elementor-4591\" data-elementor-post-type=\"post\">\n\t\t\t\t<div class=\"elementor-element elementor-element-c04d6d1 e-flex e-con-boxed e-con e-parent\" data-id=\"c04d6d1\" data-element_type=\"container\" data-e-type=\"container\">\n\t\t\t\t\t<div class=\"e-con-inner\">\n\t\t\t\t<div class=\"elementor-element elementor-element-3c10b44 elementor-widget elementor-widget-spacer\" data-id=\"3c10b44\" data-element_type=\"widget\" data-e-type=\"widget\" data-widget_type=\"spacer.default\">\n\t\t\t\t\t\t\t<div class=\"elementor-spacer\">\n\t\t\t<div class=\"elementor-spacer-inner\"><\/div>\n\t\t<\/div>\n\t\t\t\t\t\t<\/div>\n\t\t\t\t<div class=\"elementor-element elementor-element-4392008 elementor-widget elementor-widget-heading\" data-id=\"4392008\" data-element_type=\"widget\" data-e-type=\"widget\" data-widget_type=\"heading.default\">\n\t\t\t\t\t<h2 class=\"elementor-heading-title elementor-size-default\"><b>Mentorat et accompagnement au d\u00e9marrage d\u2019entreprise<\/b><\/h2>\t\t\t\t<\/div>\n\t\t\t\t\t<\/div>\n\t\t\t\t<\/div>\n\t\t<div class=\"elementor-element elementor-element-ac66a37 e-flex e-con-boxed e-con e-parent\" data-id=\"ac66a37\" data-element_type=\"container\" data-e-type=\"container\">\n\t\t\t\t\t<div class=\"e-con-inner\">\n\t\t\t\t<div class=\"elementor-element elementor-element-970bc24 elementor-widget elementor-widget-text-editor\" data-id=\"970bc24\" data-element_type=\"widget\" data-e-type=\"widget\" data-widget_type=\"text-editor.default\">\n\t\t\t\t\t\t\t\t\t<p>Tous les paliers du gouvernement mettent \u00e0 la disposition des entrepreneurs des ressources importantes pour soutenir la cr\u00e9ation de nouvelles entreprises et assurer leur d\u00e9veloppement. \u00c0 celles-ci, il faut ajouter un nombre impressionnant de firmes de consultants sp\u00e9cialis\u00e9es. Certains organismes \u00e0 but non lucratif, les chambres de commerce et d\u2019autres pourront aussi apporter leur soutien dans certains cas. Ainsi, la principale difficult\u00e9 de l\u2019entrepreneur n\u2019est pas de trouver de l\u2019aide, mais d\u2019identifier l\u2019interlocuteur qui saura r\u00e9pondre \u00e0 ses besoins actuels ou \u00eatre en position de le renvoyer vers l\u2019organisme pertinent.<\/p>\t\t\t\t\t\t\t\t<\/div>\n\t\t\t\t\t<\/div>\n\t\t\t\t<\/div>\n\t\t<div class=\"elementor-element elementor-element-21cf2a3 e-flex e-con-boxed e-con e-parent\" data-id=\"21cf2a3\" data-element_type=\"container\" data-e-type=\"container\">\n\t\t\t\t\t<div class=\"e-con-inner\">\n\t\t\t\t<div class=\"elementor-element elementor-element-fdbdae8 elementor-widget elementor-widget-text-editor\" data-id=\"fdbdae8\" data-element_type=\"widget\" data-e-type=\"widget\" data-widget_type=\"text-editor.default\">\n\t\t\t\t\t\t\t\t\t<p><strong><a href=\"https:\/\/entreprendreici.org\" target=\"_blank\" rel=\"noopener\">Entreprendre ICI<\/a> :<\/strong> La richesse culturelle du Qu\u00e9bec est l\u2019une de nos plus grandes fiert\u00e9s et nous croyons qu\u2019elle d\u00e9pend largement de la diversit\u00e9 ethnoculturelle de nos entreprises. Forts de notre r\u00e9seau de plus de 600 organisations, nous guidons les entrepreneurs de la diversit\u00e9 ethnoculturelle dans leurs parcours d\u2019affaires vers les bonnes ressources pour que leur projet connaisse le succ\u00e8s. Surmontez les barri\u00e8res syst\u00e9miques, trouvez les ressources sp\u00e9cialis\u00e9es ad\u00e9quates et profitez d\u2019un accompagnement sur mesure \u00e0 toutes les \u00e9tapes de votre parcours entrepreneurial.<\/p>\t\t\t\t\t\t\t\t<\/div>\n\t\t\t\t\t<\/div>\n\t\t\t\t<\/div>\n\t\t<div class=\"elementor-element elementor-element-b54046a e-flex e-con-boxed e-con e-parent\" data-id=\"b54046a\" data-element_type=\"container\" data-e-type=\"container\">\n\t\t\t\t\t<div class=\"e-con-inner\">\n\t\t\t\t<div class=\"elementor-element elementor-element-744aa26 elementor-widget elementor-widget-text-editor\" data-id=\"744aa26\" data-element_type=\"widget\" data-e-type=\"widget\" data-widget_type=\"text-editor.default\">\n\t\t\t\t\t\t\t\t\t<p><strong>Le r\u00e9seau <a href=\"https:\/\/pmemtl.com\" target=\"_blank\" rel=\"noopener\">PME MTL<\/a> :<\/strong> compos\u00e9 de 6 p\u00f4les de service, offre un ensemble de services professionnels accessibles aux entrepreneurs priv\u00e9s et d\u2019\u00e9conomie sociale se situant sur l\u2019\u00eele de Montr\u00e9al. Op\u00e9rationnel depuis 2015, il est issu de la r\u00e9organisation du r\u00e9seau de soutien des entreprises, dont la mission \u00e9tait anciennement confi\u00e9e aux CLD et CDEC de Montr\u00e9al.<\/p>\t\t\t\t\t\t\t\t<\/div>\n\t\t\t\t\t<\/div>\n\t\t\t\t<\/div>\n\t\t<div class=\"elementor-element elementor-element-cb6940b e-flex e-con-boxed e-con e-parent\" data-id=\"cb6940b\" data-element_type=\"container\" data-e-type=\"container\">\n\t\t\t\t\t<div class=\"e-con-inner\">\n\t\t\t\t<div class=\"elementor-element elementor-element-5060394 elementor-widget elementor-widget-text-editor\" data-id=\"5060394\" data-element_type=\"widget\" data-e-type=\"widget\" data-widget_type=\"text-editor.default\">\n\t\t\t\t\t\t\t\t\t<p><strong>Le <a href=\"https:\/\/rcjeq.org\" target=\"_blank\" rel=\"noopener\">R\u00e9seau des Carrefours jeunesse-emploi du Qu\u00e9bec<\/a> (RCJEQ) :<\/strong> ont pour mandat d\u2019accompagner et de guider les jeunes adultes de 16 \u00e0 35 ans dans leurs d\u00e9marches d\u2019insertion sociale et professionnelle. Les agents de sensibilisation \u00e0 l\u2019entrepreneuriat jeunesse des CJE animent des ateliers, fournissent des outils, accompagnent la mise sur pied de projets et organisent des activit\u00e9s \u00e0 teneur entrepreneuriale. Ils peuvent aussi vous aider \u00e0 trouver les bonnes ressources.<\/p>\t\t\t\t\t\t\t\t<\/div>\n\t\t\t\t\t<\/div>\n\t\t\t\t<\/div>\n\t\t<div class=\"elementor-element elementor-element-34abdeb e-flex e-con-boxed e-con e-parent\" data-id=\"34abdeb\" data-element_type=\"container\" data-e-type=\"container\">\n\t\t\t\t\t<div class=\"e-con-inner\">\n\t\t\t\t<div class=\"elementor-element elementor-element-f31e364 elementor-widget elementor-widget-text-editor\" data-id=\"f31e364\" data-element_type=\"widget\" data-e-type=\"widget\" data-widget_type=\"text-editor.default\">\n\t\t\t\t\t\t\t\t\t<p><span><a href=\"https:\/\/sagementorat.com\" target=\"_blank\" rel=\"noopener\"><strong>SAGE Mentorat d\u2019affaires<\/strong><\/a> : r\u00e9f\u00e9rence en mentorat d\u2019affaires de la Capitale-Nationale.<\/span><\/p>\t\t\t\t\t\t\t\t<\/div>\n\t\t\t\t\t<\/div>\n\t\t\t\t<\/div>\n\t\t<div class=\"elementor-element elementor-element-6734c00 e-flex e-con-boxed e-con e-parent\" data-id=\"6734c00\" data-element_type=\"container\" data-e-type=\"container\">\n\t\t\t\t\t<div class=\"e-con-inner\">\n\t\t\t\t<div class=\"elementor-element elementor-element-d5af9d1 elementor-widget elementor-widget-text-editor\" data-id=\"d5af9d1\" data-element_type=\"widget\" data-e-type=\"widget\" data-widget_type=\"text-editor.default\">\n\t\t\t\t\t\t\t\t\t<p><strong>Les <a href=\"https:\/\/www.sadc-cae.ca\/fr\/\" target=\"_blank\" rel=\"noopener\">Soci\u00e9t\u00e9s d\u2019aide au d\u00e9veloppement des collectivit\u00e9s (SADC) et Centres d\u2019aide aux entreprises<\/a> (CAE) :<\/strong> sont des organismes accompagnant le d\u00e9veloppement \u00e9conomique local et la sensibilisation \u00e0 l\u2019entrepreneuriat notamment aupr\u00e8s des jeunes. Le R\u00e9seau compte 57 SADC et 10 CAE au Qu\u00e9bec.<\/p>\t\t\t\t\t\t\t\t<\/div>\n\t\t\t\t\t<\/div>\n\t\t\t\t<\/div>\n\t\t<div class=\"elementor-element elementor-element-7703b71 e-flex e-con-boxed e-con e-parent\" data-id=\"7703b71\" data-element_type=\"container\" data-e-type=\"container\">\n\t\t\t\t\t<div class=\"e-con-inner\">\n\t\t\t\t<div class=\"elementor-element elementor-element-cd9d2ba elementor-widget elementor-widget-text-editor\" data-id=\"cd9d2ba\" data-element_type=\"widget\" data-e-type=\"widget\" data-widget_type=\"text-editor.default\">\n\t\t\t\t\t\t\t\t\t<p><strong>Les <a href=\"https:\/\/cdrq.coop\" target=\"_blank\" rel=\"noopener\">Coop\u00e9ratives de d\u00e9veloppement r\u00e9gional du Qu\u00e9bec<\/a> (CDR) :<\/strong> propose des formations pour s\u2019initier, se lancer et d\u00e9velopper sa coop\u00e9rative dans tout le Qu\u00e9bec.<\/p>\t\t\t\t\t\t\t\t<\/div>\n\t\t\t\t\t<\/div>\n\t\t\t\t<\/div>\n\t\t<div class=\"elementor-element elementor-element-da62da4 e-flex e-con-boxed e-con e-parent\" data-id=\"da62da4\" data-element_type=\"container\" data-e-type=\"container\">\n\t\t\t\t\t<div class=\"e-con-inner\">\n\t\t\t\t<div class=\"elementor-element elementor-element-889914b elementor-widget elementor-widget-text-editor\" data-id=\"889914b\" data-element_type=\"widget\" data-e-type=\"widget\" data-widget_type=\"text-editor.default\">\n\t\t\t\t\t\t\t\t\t<p><strong>Le <a href=\"https:\/\/reseau.coop\" target=\"_blank\" rel=\"noopener\">R\u00e9seau COOP<\/a> :<\/strong> La F\u00e9d\u00e9ration des coop\u00e9ratives g\u00e9r\u00e9es par les travailleurs offre un service d\u2019accompagnement pour les promoteurs de coop\u00e9ratives de travail.<\/p>\t\t\t\t\t\t\t\t<\/div>\n\t\t\t\t\t<\/div>\n\t\t\t\t<\/div>\n\t\t<div class=\"elementor-element elementor-element-8258a03 e-flex e-con-boxed e-con e-parent\" data-id=\"8258a03\" data-element_type=\"container\" data-e-type=\"container\">\n\t\t\t\t\t<div class=\"e-con-inner\">\n\t\t\t\t<div class=\"elementor-element elementor-element-73c8355 elementor-widget elementor-widget-text-editor\" data-id=\"73c8355\" data-element_type=\"widget\" data-e-type=\"widget\" data-widget_type=\"text-editor.default\">\n\t\t\t\t\t\t\t\t\t<p><a href=\"https:\/\/futurpreneur.ca\/fr\/\" target=\"_blank\" rel=\"noopener\"><strong>Futurpreneur Canada<\/strong><\/a> : <span>seul OBNL \u00e0 offrir aux entrepreneur.e.s en herbe le pr\u00eat, le mentorat et les ressources n\u00e9cessaires pour d\u00e9marrer ou acheter une entreprise prosp\u00e8re.<\/span><\/p>\t\t\t\t\t\t\t\t<\/div>\n\t\t\t\t\t<\/div>\n\t\t\t\t<\/div>\n\t\t<div class=\"elementor-element elementor-element-4193e3d e-flex e-con-boxed e-con e-parent\" data-id=\"4193e3d\" data-element_type=\"container\" data-e-type=\"container\">\n\t\t\t\t\t<div class=\"e-con-inner\">\n\t\t\t\t<div class=\"elementor-element elementor-element-1a3b4e1 elementor-widget elementor-widget-text-editor\" data-id=\"1a3b4e1\" data-element_type=\"widget\" data-e-type=\"widget\" data-widget_type=\"text-editor.default\">\n\t\t\t\t\t\t\t\t\t<p><strong><a href=\"https:\/\/exopreneurs.com\" target=\"_blank\" rel=\"noopener\">Exopreneurs<\/a> :<\/strong> <span>accompagne les porteurs de projets entrepreneuriaux au Canada \u00e0 chaque \u00e9tape pour <\/span>structurer leur id\u00e9e, b\u00e2tir un r\u00e9seau solide et r\u00e9ussir leur implantation.<\/p>\t\t\t\t\t\t\t\t<\/div>\n\t\t\t\t\t<\/div>\n\t\t\t\t<\/div>\n\t\t<div class=\"elementor-element elementor-element-b8a127d e-flex e-con-boxed e-con e-parent\" data-id=\"b8a127d\" data-element_type=\"container\" data-e-type=\"container\">\n\t\t\t\t\t<div class=\"e-con-inner\">\n\t\t\t\t<div class=\"elementor-element elementor-element-3da9fd9 elementor-widget elementor-widget-spacer\" data-id=\"3da9fd9\" data-element_type=\"widget\" data-e-type=\"widget\" data-widget_type=\"spacer.default\">\n\t\t\t\t\t\t\t<div class=\"elementor-spacer\">\n\t\t\t<div class=\"elementor-spacer-inner\"><\/div>\n\t\t<\/div>\n\t\t\t\t\t\t<\/div>\n\t\t\t\t<div class=\"elementor-element elementor-element-6049f0a elementor-widget elementor-widget-heading\" data-id=\"6049f0a\" data-element_type=\"widget\" data-e-type=\"widget\" data-widget_type=\"heading.default\">\n\t\t\t\t\t<h2 class=\"elementor-heading-title elementor-size-default\"><b>Des ressources en ligne<\/b><\/h2>\t\t\t\t<\/div>\n\t\t\t\t\t<\/div>\n\t\t\t\t<\/div>\n\t\t<div class=\"elementor-element elementor-element-3fbd5ee e-flex e-con-boxed e-con e-parent\" data-id=\"3fbd5ee\" data-element_type=\"container\" data-e-type=\"container\">\n\t\t\t\t\t<div class=\"e-con-inner\">\n\t\t\t\t<div class=\"elementor-element elementor-element-4e84a84 elementor-widget elementor-widget-text-editor\" data-id=\"4e84a84\" data-element_type=\"widget\" data-e-type=\"widget\" data-widget_type=\"text-editor.default\">\n\t\t\t\t\t\t\t\t\t<p><b>\u2192 <\/b><a href=\"https:\/\/www.canada.ca\/fr\/services\/entreprises.html\" target=\"_blank\" rel=\"noopener\"><b>Gouvernement du Canada<\/b><\/a><b> :<\/b> offre de l\u2019information sur les ressources li\u00e9es \u00e0 l\u2019entrepreneuriat r\u00e9parties sur l\u2019ensemble du territoire canadien.<\/p><p><b>\u2192 <\/b><a href=\"https:\/\/www.quebec.ca\/entreprises-et-travailleurs-autonomes\"><b>Entreprises Qu\u00e9bec<\/b><\/a><b> :<\/b> permet aux entrepreneurs de rep\u00e9rer facilement l\u2019information gouvernementale qui les concerne. Il regroupe tous les renseignements relatifs aux droits, aux obligations, aux programmes et aux services offerts aux entrepreneurs par les minist\u00e8res et organismes.<\/p><p><span>\u2192 <strong><a href=\"https:\/\/www.quebec.ca\/gouvernement\/ministeres-organismes\/economie\" target=\"_blank\" rel=\"noopener\">Minist\u00e8re de l\u2019\u00c9conomie, de l\u2019Innovation et de l\u2019\u00c9nergie<\/a><\/strong><\/span><\/p><p><b>\u2192 <\/b><a href=\"https:\/\/www.investquebec.com\/fr\"><b>Investissement Qu\u00e9bec<\/b><\/a><b> :<\/b> services aux PME et aux grandes entreprises qui souhaitent investir au Qu\u00e9bec (financement de projets, conseils, expertise, etc.).<\/p><p><b>\u2192 <\/b><a href=\"https:\/\/www.infoentrepreneurs.org\"><b>Info Entrepreneurs<\/b><\/a><b> :<\/b> service du gouvernement du Canada d\u00e9livr\u00e9 par la Chambre de commerce du Montr\u00e9al m\u00e9tropolitain, qui a pour mandat de fournir aux entreprises des renseignements exacts d\u2019ordre commercial sur les programmes, services et r\u00e8glements des gouvernements provincial et f\u00e9d\u00e9ral.<\/p><p><b>\u2192 <\/b><a href=\"https:\/\/www.ressourcesentreprises.org\"><b>Ressources entreprises<\/b><\/a><b> :<\/b> services d\u2019information d\u2019affaires et de r\u00e9f\u00e9rence vers des ressources sp\u00e9cialis\u00e9es, n\u00e9cessaires au d\u00e9veloppement des entreprises et des organismes de l\u2019est du Qu\u00e9bec.<\/p><p><b>\u2192 <\/b><a href=\"https:\/\/www.cfib-fcei.ca\/fr\/\"><b>F\u00e9d\u00e9ration canadienne de l\u2019entreprise ind\u00e9pendante<\/b><\/a><b> (FCEI) :<\/b> association qui se consacre \u00e0 la d\u00e9fense des petites et moyennes entreprises (PME).<\/p><p><span>\u2192 <a href=\"https:\/\/repreneuriat.quebec\" target=\"_blank\" rel=\"noopener\"><strong>Repreneuriat Qu\u00e9bec<\/strong><\/a> : <\/span>Accompagnement et mise en relation pour vendre ou acheter une entreprise.<\/p><p><span>\u2192 <a href=\"https:\/\/cqf.ca\" target=\"_blank\" rel=\"noopener\"><strong>Conseil qu\u00e9b\u00e9cois de la Franchise<\/strong><\/a> : <\/span>porte-parole de la franchise au Qu\u00e9bec et centre de ralliement de tous les franchiseurs et franchis\u00e9s, ainsi que de leurs partenaires d\u2019affaires \u00e9trangers.<\/p>\t\t\t\t\t\t\t\t<\/div>\n\t\t\t\t\t<\/div>\n\t\t\t\t<\/div>\n\t\t<div class=\"elementor-element elementor-element-42f5899 e-flex e-con-boxed e-con e-parent\" data-id=\"42f5899\" data-element_type=\"container\" data-e-type=\"container\">\n\t\t\t\t\t<div class=\"e-con-inner\">\n\t\t\t\t<div class=\"elementor-element elementor-element-dd4dcc4 elementor-widget elementor-widget-text-editor\" data-id=\"dd4dcc4\" data-element_type=\"widget\" data-e-type=\"widget\" data-widget_type=\"text-editor.default\">\n\t\t\t\t\t\t\t\t\t<p><em><b>La bo\u00eete \u00e0 outils en ligne de la BDC<\/b><b><\/b><\/em><\/p><p><em>Ceux qui souhaitent pouvoir b\u00e9n\u00e9ficier d\u2019outils \u00e0 la carte pourront notamment se r\u00e9f\u00e9rer la <a href=\"https:\/\/www.bdc.ca\/fr\/articles-outils\/boite-outils-entrepreneur\" target=\"_blank\" rel=\"noopener\"><b>bo\u00eete \u00e0 outils propos\u00e9e par la Banque de d\u00e9veloppement du Canada<\/b><\/a> (BDC), qui tentent d\u2019adresser les grandes questions pos\u00e9es aux diff\u00e9rentes \u00e9tapes d\u2019un projet entrepreneurial.<\/em><\/p><p><em>Celle-ci comprend des \u00e9valuations de l\u2019entreprise, des gabarits, guides et publications et m\u00eame un centre d\u2019apprentissage pour entrepreneurs, accessibles gratuitement ou pour un faible co\u00fbt. \u00c9galement accessible, des comparateurs de logiciels de gestion de projet, de comptabilit\u00e9 et autres outils financiers.<\/em><\/p>\t\t\t\t\t\t\t\t<\/div>\n\t\t\t\t\t<\/div>\n\t\t\t\t<\/div>\n\t\t<div class=\"elementor-element elementor-element-3446e34 e-flex e-con-boxed e-con e-parent\" data-id=\"3446e34\" data-element_type=\"container\" data-e-type=\"container\">\n\t\t\t\t\t<div class=\"e-con-inner\">\n\t\t\t\t<div class=\"elementor-element elementor-element-fad4f2e elementor-widget elementor-widget-spacer\" data-id=\"fad4f2e\" data-element_type=\"widget\" data-e-type=\"widget\" data-widget_type=\"spacer.default\">\n\t\t\t\t\t\t\t<div class=\"elementor-spacer\">\n\t\t\t<div class=\"elementor-spacer-inner\"><\/div>\n\t\t<\/div>\n\t\t\t\t\t\t<\/div>\n\t\t\t\t<div class=\"elementor-element elementor-element-8420b51 elementor-widget elementor-widget-heading\" data-id=\"8420b51\" data-element_type=\"widget\" data-e-type=\"widget\" data-widget_type=\"heading.default\">\n\t\t\t\t\t<h2 class=\"elementor-heading-title elementor-size-default\"><b>Des chambres de commerce canadiennes ou \u00e9trang\u00e8res<\/b><\/h2>\t\t\t\t<\/div>\n\t\t\t\t\t<\/div>\n\t\t\t\t<\/div>\n\t\t<div class=\"elementor-element elementor-element-999d822 e-flex e-con-boxed e-con e-parent\" data-id=\"999d822\" data-element_type=\"container\" data-e-type=\"container\">\n\t\t\t\t\t<div class=\"e-con-inner\">\n\t\t\t\t<div class=\"elementor-element elementor-element-7cd1be5 elementor-widget elementor-widget-text-editor\" data-id=\"7cd1be5\" data-element_type=\"widget\" data-e-type=\"widget\" data-widget_type=\"text-editor.default\">\n\t\t\t\t\t\t\t\t\t<p><span>Pr\u00e9sentes dans tous les secteurs cl\u00e9s du d\u00e9veloppement \u00e9conomique au Qu\u00e9bec, elles repr\u00e9sentent la communaut\u00e9 des gens d\u2019affaires, organisent des formations et des activit\u00e9s de r\u00e9seautage et de conseils aux entrepreneurs (r\u00e9alisation d\u2019un plan d\u2019affaires, d\u00e9bouch\u00e9s par secteurs d\u2019activit\u00e9s, etc.).<\/span><\/p><p><span><strong>\u2192<\/strong> <a href=\"https:\/\/www.fccq.ca\" target=\"_blank\" rel=\"noopener\">F\u00e9d\u00e9ration des chambres de commerce du Qu\u00e9bec<\/a><\/span><\/p><p><span><strong>\u2192<\/strong> <a href=\"https:\/\/rjccq.com\" target=\"_blank\" rel=\"noopener\">Regroupement des jeunes chambres de commerce du Qu\u00e9bec<\/a><\/span><\/p><p><span><strong>\u2192<\/strong> <a href=\"https:\/\/www.jccm.org\" target=\"_blank\" rel=\"noopener\">Jeune chambre de commerce de Montr\u00e9al<\/a><\/span><\/p>\t\t\t\t\t\t\t\t<\/div>\n\t\t\t\t\t<\/div>\n\t\t\t\t<\/div>\n\t\t<div class=\"elementor-element elementor-element-aee5df6 e-flex e-con-boxed e-con e-parent\" data-id=\"aee5df6\" data-element_type=\"container\" data-e-type=\"container\">\n\t\t\t\t\t<div class=\"e-con-inner\">\n\t\t\t\t<div class=\"elementor-element elementor-element-657a31d elementor-widget elementor-widget-text-editor\" data-id=\"657a31d\" data-element_type=\"widget\" data-e-type=\"widget\" data-widget_type=\"text-editor.default\">\n\t\t\t\t\t\t\t\t\t<p><span><b>Quelques<\/b> <b>chambres<\/b> <b>de<\/b> <b>commerce<\/b> <b>\u00e9trang\u00e8res<\/b> <b>au<\/b> <b>Canada<\/b><b><\/b><\/span><\/p><p><span><strong>\u2192<\/strong> <a href=\"https:\/\/www.ccifcmtl.ca\" target=\"_blank\" rel=\"noopener\">Chambre de Commerce et d\u2019Industrie Fran\u00e7aise au Canada<\/a><\/span><\/p><p><span><strong>\u2192<\/strong> <a href=\"https:\/\/www.quetal.cc\/fr\/\" target=\"_blank\" rel=\"noopener\">Chambre de commerce Qu\u00e9bec et Am\u00e9rique latine<\/a><\/span><\/p><p><span><strong>\u2192<\/strong> <a href=\"https:\/\/italchamber.qc.ca\" target=\"_blank\" rel=\"noopener\">Chambre de commerce italienne au Canada<\/a><\/span><\/p><p><span><strong>\u2192<\/strong> <a href=\"https:\/\/canswiss.ch\/fr\/\" target=\"_blank\" rel=\"noopener\">Chambre de commerce canado-suisse (Qu\u00e9bec) Inc.\u00a0<\/a><\/span><\/p><p><span><strong>\u2192<\/strong> <a href=\"https:\/\/www.icccmtl.com\/fr\/\" target=\"_blank\" rel=\"noopener\">Chambre de commerce Irlande-Canada<\/a><\/span><\/p><p><span><strong>\u2192<\/strong> <a href=\"https:\/\/jcch.ca\" target=\"_blank\" rel=\"noopener\">Jeune Chambre de commerce ha\u00eftienne<\/a><\/span><\/p>\t\t\t\t\t\t\t\t<\/div>\n\t\t\t\t\t<\/div>\n\t\t\t\t<\/div>\n\t\t\t\t<\/div>\n\t\t","protected":false},"excerpt":{"rendered":"<p>De nombreusses ressources existent pour les personnes immigrantes qui veulent se lancer en affaires au Qu\u00e9bec.<\/p>\n","protected":false},"author":3460,"featured_media":9494,"comment_status":"closed","ping_status":"closed","sticky":false,"template":"","format":"standard","meta":{"_acf_changed":false,"_genesis_hide_title":false,"_genesis_hide_breadcrumbs":false,"_genesis_hide_singular_image":false,"_genesis_hide_footer_widgets":false,"_genesis_custom_body_class":"","_genesis_custom_post_class":"","_genesis_layout":"","footnotes":""},"categories":[167],"tags":[],"class_list":{"0":"post-4591","1":"post","2":"type-post","3":"status-publish","4":"format-standard","5":"has-post-thumbnail","7":"category-entrepreneuriat","8":"entry"},"acf":[],"yoast_head":"<!-- This site is optimized with the Yoast SEO plugin v27.5 - https:\/\/yoast.com\/product\/yoast-seo-wordpress\/ -->\n<title>L&#039;accompagnement au d\u00e9marrage d&#039;entreprise - Immigrant Qu\u00e9bec<\/title>\n<meta name=\"description\" content=\"De nombreusses ressources existent pour les personnes immigrantes qui veulent se lancer en affaires au Qu\u00e9bec.\" \/>\n<meta name=\"robots\" content=\"index, follow, max-snippet:-1, max-image-preview:large, max-video-preview:-1\" \/>\n<link rel=\"canonical\" href=\"https:\/\/immigrantquebec.com\/fr\/reussir-votre-installation\/entrepreneuriat\/accompagnement-demarrage-entreprise\/\" \/>\n<meta property=\"og:locale\" content=\"fr_FR\" \/>\n<meta property=\"og:type\" content=\"article\" \/>\n<meta property=\"og:title\" content=\"L&#039;accompagnement au d\u00e9marrage d&#039;entreprise - Immigrant Qu\u00e9bec\" \/>\n<meta property=\"og:description\" content=\"De nombreusses ressources existent pour les personnes immigrantes qui veulent se lancer en affaires au Qu\u00e9bec.\" \/>\n<meta property=\"og:url\" content=\"https:\/\/immigrantquebec.com\/fr\/reussir-votre-installation\/entrepreneuriat\/accompagnement-demarrage-entreprise\/\" \/>\n<meta property=\"og:site_name\" content=\"Immigrant Qu\u00e9bec\" \/>\n<meta property=\"article:publisher\" content=\"https:\/\/www.facebook.com\/immigrantquebec\" \/>\n<meta property=\"article:published_time\" content=\"2021-11-15T01:32:33+00:00\" \/>\n<meta property=\"article:modified_time\" content=\"2026-03-13T19:04:27+00:00\" \/>\n<meta property=\"og:image\" content=\"https:\/\/immigrantquebec.com\/fr\/wp-content\/uploads\/2021\/11\/0f844c3f-c353-47ee-887c-621bc0a2ff73.jpeg\" \/>\n\t<meta property=\"og:image:width\" content=\"950\" \/>\n\t<meta property=\"og:image:height\" content=\"400\" \/>\n\t<meta property=\"og:image:type\" content=\"image\/jpeg\" \/>\n<meta name=\"author\" content=\"calonnearthur29@gmail.com\" \/>\n<meta name=\"twitter:label1\" content=\"\u00c9crit par\" \/>\n\t<meta name=\"twitter:data1\" content=\"calonnearthur29@gmail.com\" \/>\n\t<meta name=\"twitter:label2\" content=\"Dur\u00e9e de lecture estim\u00e9e\" \/>\n\t<meta name=\"twitter:data2\" content=\"5 minutes\" \/>\n<script type=\"application\/ld+json\" class=\"yoast-schema-graph\">{\"@context\":\"https:\\\/\\\/schema.org\",\"@graph\":[{\"@type\":\"Article\",\"@id\":\"https:\\\/\\\/immigrantquebec.com\\\/fr\\\/reussir-votre-installation\\\/entrepreneuriat\\\/accompagnement-demarrage-entreprise\\\/#article\",\"isPartOf\":{\"@id\":\"https:\\\/\\\/immigrantquebec.com\\\/fr\\\/reussir-votre-installation\\\/entrepreneuriat\\\/accompagnement-demarrage-entreprise\\\/\"},\"author\":{\"name\":\"calonnearthur29@gmail.com\",\"@id\":\"https:\\\/\\\/immigrantquebec.com\\\/fr\\\/#\\\/schema\\\/person\\\/be32e1c19b6377979137d839f2552a2e\"},\"headline\":\"L&rsquo;accompagnement au d\u00e9marrage d&rsquo;entreprise\",\"datePublished\":\"2021-11-15T01:32:33+00:00\",\"dateModified\":\"2026-03-13T19:04:27+00:00\",\"mainEntityOfPage\":{\"@id\":\"https:\\\/\\\/immigrantquebec.com\\\/fr\\\/reussir-votre-installation\\\/entrepreneuriat\\\/accompagnement-demarrage-entreprise\\\/\"},\"wordCount\":1016,\"publisher\":{\"@id\":\"https:\\\/\\\/immigrantquebec.com\\\/fr\\\/#organization\"},\"image\":{\"@id\":\"https:\\\/\\\/immigrantquebec.com\\\/fr\\\/reussir-votre-installation\\\/entrepreneuriat\\\/accompagnement-demarrage-entreprise\\\/#primaryimage\"},\"thumbnailUrl\":\"https:\\\/\\\/immigrantquebec.com\\\/fr\\\/wp-content\\\/uploads\\\/2021\\\/11\\\/0f844c3f-c353-47ee-887c-621bc0a2ff73.jpeg\",\"articleSection\":[\"Entrepreneuriat\"],\"inLanguage\":\"fr-FR\"},{\"@type\":\"WebPage\",\"@id\":\"https:\\\/\\\/immigrantquebec.com\\\/fr\\\/reussir-votre-installation\\\/entrepreneuriat\\\/accompagnement-demarrage-entreprise\\\/\",\"url\":\"https:\\\/\\\/immigrantquebec.com\\\/fr\\\/reussir-votre-installation\\\/entrepreneuriat\\\/accompagnement-demarrage-entreprise\\\/\",\"name\":\"L'accompagnement au d\u00e9marrage d'entreprise - Immigrant Qu\u00e9bec\",\"isPartOf\":{\"@id\":\"https:\\\/\\\/immigrantquebec.com\\\/fr\\\/#website\"},\"primaryImageOfPage\":{\"@id\":\"https:\\\/\\\/immigrantquebec.com\\\/fr\\\/reussir-votre-installation\\\/entrepreneuriat\\\/accompagnement-demarrage-entreprise\\\/#primaryimage\"},\"image\":{\"@id\":\"https:\\\/\\\/immigrantquebec.com\\\/fr\\\/reussir-votre-installation\\\/entrepreneuriat\\\/accompagnement-demarrage-entreprise\\\/#primaryimage\"},\"thumbnailUrl\":\"https:\\\/\\\/immigrantquebec.com\\\/fr\\\/wp-content\\\/uploads\\\/2021\\\/11\\\/0f844c3f-c353-47ee-887c-621bc0a2ff73.jpeg\",\"datePublished\":\"2021-11-15T01:32:33+00:00\",\"dateModified\":\"2026-03-13T19:04:27+00:00\",\"description\":\"De nombreusses ressources existent pour les personnes immigrantes qui veulent se lancer en affaires au Qu\u00e9bec.\",\"breadcrumb\":{\"@id\":\"https:\\\/\\\/immigrantquebec.com\\\/fr\\\/reussir-votre-installation\\\/entrepreneuriat\\\/accompagnement-demarrage-entreprise\\\/#breadcrumb\"},\"inLanguage\":\"fr-FR\",\"potentialAction\":[{\"@type\":\"ReadAction\",\"target\":[\"https:\\\/\\\/immigrantquebec.com\\\/fr\\\/reussir-votre-installation\\\/entrepreneuriat\\\/accompagnement-demarrage-entreprise\\\/\"]}]},{\"@type\":\"ImageObject\",\"inLanguage\":\"fr-FR\",\"@id\":\"https:\\\/\\\/immigrantquebec.com\\\/fr\\\/reussir-votre-installation\\\/entrepreneuriat\\\/accompagnement-demarrage-entreprise\\\/#primaryimage\",\"url\":\"https:\\\/\\\/immigrantquebec.com\\\/fr\\\/wp-content\\\/uploads\\\/2021\\\/11\\\/0f844c3f-c353-47ee-887c-621bc0a2ff73.jpeg\",\"contentUrl\":\"https:\\\/\\\/immigrantquebec.com\\\/fr\\\/wp-content\\\/uploads\\\/2021\\\/11\\\/0f844c3f-c353-47ee-887c-621bc0a2ff73.jpeg\",\"width\":950,\"height\":400},{\"@type\":\"BreadcrumbList\",\"@id\":\"https:\\\/\\\/immigrantquebec.com\\\/fr\\\/reussir-votre-installation\\\/entrepreneuriat\\\/accompagnement-demarrage-entreprise\\\/#breadcrumb\",\"itemListElement\":[{\"@type\":\"ListItem\",\"position\":1,\"name\":\"Accueil\",\"item\":\"https:\\\/\\\/immigrantquebec.com\\\/fr\\\/\"},{\"@type\":\"ListItem\",\"position\":2,\"name\":\"R\u00e9ussir votre installation\",\"item\":\"https:\\\/\\\/immigrantquebec.com\\\/fr\\\/reussir-votre-installation\\\/\"},{\"@type\":\"ListItem\",\"position\":3,\"name\":\"Entrepreneuriat\",\"item\":\"https:\\\/\\\/immigrantquebec.com\\\/fr\\\/reussir-votre-installation\\\/entrepreneuriat\\\/\"},{\"@type\":\"ListItem\",\"position\":4,\"name\":\"L&rsquo;accompagnement au d\u00e9marrage d&rsquo;entreprise\"}]},{\"@type\":\"WebSite\",\"@id\":\"https:\\\/\\\/immigrantquebec.com\\\/fr\\\/#website\",\"url\":\"https:\\\/\\\/immigrantquebec.com\\\/fr\\\/\",\"name\":\"Immigrant Qu\u00e9bec\",\"description\":\"Immigrer, vivre, travailler et \u00e9tudier au Qu\u00e9bec, Canada\",\"publisher\":{\"@id\":\"https:\\\/\\\/immigrantquebec.com\\\/fr\\\/#organization\"},\"potentialAction\":[{\"@type\":\"SearchAction\",\"target\":{\"@type\":\"EntryPoint\",\"urlTemplate\":\"https:\\\/\\\/immigrantquebec.com\\\/fr\\\/?s={search_term_string}\"},\"query-input\":{\"@type\":\"PropertyValueSpecification\",\"valueRequired\":true,\"valueName\":\"search_term_string\"}}],\"inLanguage\":\"fr-FR\"},{\"@type\":\"Organization\",\"@id\":\"https:\\\/\\\/immigrantquebec.com\\\/fr\\\/#organization\",\"name\":\"Immigrant Qu\u00e9bec\",\"url\":\"https:\\\/\\\/immigrantquebec.com\\\/fr\\\/\",\"logo\":{\"@type\":\"ImageObject\",\"inLanguage\":\"fr-FR\",\"@id\":\"https:\\\/\\\/immigrantquebec.com\\\/fr\\\/#\\\/schema\\\/logo\\\/image\\\/\",\"url\":\"https:\\\/\\\/immigrantquebec.com\\\/fr\\\/wp-content\\\/uploads\\\/2024\\\/03\\\/LogoIQ-2024-RVB.png\",\"contentUrl\":\"https:\\\/\\\/immigrantquebec.com\\\/fr\\\/wp-content\\\/uploads\\\/2024\\\/03\\\/LogoIQ-2024-RVB.png\",\"width\":2500,\"height\":1137,\"caption\":\"Immigrant Qu\u00e9bec\"},\"image\":{\"@id\":\"https:\\\/\\\/immigrantquebec.com\\\/fr\\\/#\\\/schema\\\/logo\\\/image\\\/\"},\"sameAs\":[\"https:\\\/\\\/www.facebook.com\\\/immigrantquebec\",\"https:\\\/\\\/x.com\\\/ImmigrantQuebec\",\"https:\\\/\\\/www.instagram.com\\\/immigrantquebec\",\"https:\\\/\\\/www.youtube.com\\\/user\\\/ImmigrantQc\"]},{\"@type\":\"Person\",\"@id\":\"https:\\\/\\\/immigrantquebec.com\\\/fr\\\/#\\\/schema\\\/person\\\/be32e1c19b6377979137d839f2552a2e\",\"name\":\"calonnearthur29@gmail.com\",\"image\":{\"@type\":\"ImageObject\",\"inLanguage\":\"fr-FR\",\"@id\":\"https:\\\/\\\/secure.gravatar.com\\\/avatar\\\/d3ff0dbe7824ef00ba25e44495e5281c6464c493dadfb2ad490a40a78248aa4f?s=96&d=mm&r=g\",\"url\":\"https:\\\/\\\/secure.gravatar.com\\\/avatar\\\/d3ff0dbe7824ef00ba25e44495e5281c6464c493dadfb2ad490a40a78248aa4f?s=96&d=mm&r=g\",\"contentUrl\":\"https:\\\/\\\/secure.gravatar.com\\\/avatar\\\/d3ff0dbe7824ef00ba25e44495e5281c6464c493dadfb2ad490a40a78248aa4f?s=96&d=mm&r=g\",\"caption\":\"calonnearthur29@gmail.com\"},\"url\":\"https:\\\/\\\/immigrantquebec.com\\\/fr\\\/author\\\/calonnearthur29gmail-com\\\/\"}]}<\/script>\n<!-- \/ Yoast SEO plugin. -->","yoast_head_json":{"title":"L'accompagnement au d\u00e9marrage d'entreprise - Immigrant Qu\u00e9bec","description":"De nombreusses ressources existent pour les personnes immigrantes qui veulent se lancer en affaires au Qu\u00e9bec.","robots":{"index":"index","follow":"follow","max-snippet":"max-snippet:-1","max-image-preview":"max-image-preview:large","max-video-preview":"max-video-preview:-1"},"canonical":"https:\/\/immigrantquebec.com\/fr\/reussir-votre-installation\/entrepreneuriat\/accompagnement-demarrage-entreprise\/","og_locale":"fr_FR","og_type":"article","og_title":"L'accompagnement au d\u00e9marrage d'entreprise - Immigrant Qu\u00e9bec","og_description":"De nombreusses ressources existent pour les personnes immigrantes qui veulent se lancer en affaires au Qu\u00e9bec.","og_url":"https:\/\/immigrantquebec.com\/fr\/reussir-votre-installation\/entrepreneuriat\/accompagnement-demarrage-entreprise\/","og_site_name":"Immigrant Qu\u00e9bec","article_publisher":"https:\/\/www.facebook.com\/immigrantquebec","article_published_time":"2021-11-15T01:32:33+00:00","article_modified_time":"2026-03-13T19:04:27+00:00","og_image":[{"width":950,"height":400,"url":"https:\/\/immigrantquebec.com\/fr\/wp-content\/uploads\/2021\/11\/0f844c3f-c353-47ee-887c-621bc0a2ff73.jpeg","type":"image\/jpeg"}],"author":"calonnearthur29@gmail.com","twitter_misc":{"\u00c9crit par":"calonnearthur29@gmail.com","Dur\u00e9e de lecture estim\u00e9e":"5 minutes"},"schema":{"@context":"https:\/\/schema.org","@graph":[{"@type":"Article","@id":"https:\/\/immigrantquebec.com\/fr\/reussir-votre-installation\/entrepreneuriat\/accompagnement-demarrage-entreprise\/#article","isPartOf":{"@id":"https:\/\/immigrantquebec.com\/fr\/reussir-votre-installation\/entrepreneuriat\/accompagnement-demarrage-entreprise\/"},"author":{"name":"calonnearthur29@gmail.com","@id":"https:\/\/immigrantquebec.com\/fr\/#\/schema\/person\/be32e1c19b6377979137d839f2552a2e"},"headline":"L&rsquo;accompagnement au d\u00e9marrage d&rsquo;entreprise","datePublished":"2021-11-15T01:32:33+00:00","dateModified":"2026-03-13T19:04:27+00:00","mainEntityOfPage":{"@id":"https:\/\/immigrantquebec.com\/fr\/reussir-votre-installation\/entrepreneuriat\/accompagnement-demarrage-entreprise\/"},"wordCount":1016,"publisher":{"@id":"https:\/\/immigrantquebec.com\/fr\/#organization"},"image":{"@id":"https:\/\/immigrantquebec.com\/fr\/reussir-votre-installation\/entrepreneuriat\/accompagnement-demarrage-entreprise\/#primaryimage"},"thumbnailUrl":"https:\/\/immigrantquebec.com\/fr\/wp-content\/uploads\/2021\/11\/0f844c3f-c353-47ee-887c-621bc0a2ff73.jpeg","articleSection":["Entrepreneuriat"],"inLanguage":"fr-FR"},{"@type":"WebPage","@id":"https:\/\/immigrantquebec.com\/fr\/reussir-votre-installation\/entrepreneuriat\/accompagnement-demarrage-entreprise\/","url":"https:\/\/immigrantquebec.com\/fr\/reussir-votre-installation\/entrepreneuriat\/accompagnement-demarrage-entreprise\/","name":"L'accompagnement au d\u00e9marrage d'entreprise - Immigrant Qu\u00e9bec","isPartOf":{"@id":"https:\/\/immigrantquebec.com\/fr\/#website"},"primaryImageOfPage":{"@id":"https:\/\/immigrantquebec.com\/fr\/reussir-votre-installation\/entrepreneuriat\/accompagnement-demarrage-entreprise\/#primaryimage"},"image":{"@id":"https:\/\/immigrantquebec.com\/fr\/reussir-votre-installation\/entrepreneuriat\/accompagnement-demarrage-entreprise\/#primaryimage"},"thumbnailUrl":"https:\/\/immigrantquebec.com\/fr\/wp-content\/uploads\/2021\/11\/0f844c3f-c353-47ee-887c-621bc0a2ff73.jpeg","datePublished":"2021-11-15T01:32:33+00:00","dateModified":"2026-03-13T19:04:27+00:00","description":"De nombreusses ressources existent pour les personnes immigrantes qui veulent se lancer en affaires au Qu\u00e9bec.","breadcrumb":{"@id":"https:\/\/immigrantquebec.com\/fr\/reussir-votre-installation\/entrepreneuriat\/accompagnement-demarrage-entreprise\/#breadcrumb"},"inLanguage":"fr-FR","potentialAction":[{"@type":"ReadAction","target":["https:\/\/immigrantquebec.com\/fr\/reussir-votre-installation\/entrepreneuriat\/accompagnement-demarrage-entreprise\/"]}]},{"@type":"ImageObject","inLanguage":"fr-FR","@id":"https:\/\/immigrantquebec.com\/fr\/reussir-votre-installation\/entrepreneuriat\/accompagnement-demarrage-entreprise\/#primaryimage","url":"https:\/\/immigrantquebec.com\/fr\/wp-content\/uploads\/2021\/11\/0f844c3f-c353-47ee-887c-621bc0a2ff73.jpeg","contentUrl":"https:\/\/immigrantquebec.com\/fr\/wp-content\/uploads\/2021\/11\/0f844c3f-c353-47ee-887c-621bc0a2ff73.jpeg","width":950,"height":400},{"@type":"BreadcrumbList","@id":"https:\/\/immigrantquebec.com\/fr\/reussir-votre-installation\/entrepreneuriat\/accompagnement-demarrage-entreprise\/#breadcrumb","itemListElement":[{"@type":"ListItem","position":1,"name":"Accueil","item":"https:\/\/immigrantquebec.com\/fr\/"},{"@type":"ListItem","position":2,"name":"R\u00e9ussir votre installation","item":"https:\/\/immigrantquebec.com\/fr\/reussir-votre-installation\/"},{"@type":"ListItem","position":3,"name":"Entrepreneuriat","item":"https:\/\/immigrantquebec.com\/fr\/reussir-votre-installation\/entrepreneuriat\/"},{"@type":"ListItem","position":4,"name":"L&rsquo;accompagnement au d\u00e9marrage d&rsquo;entreprise"}]},{"@type":"WebSite","@id":"https:\/\/immigrantquebec.com\/fr\/#website","url":"https:\/\/immigrantquebec.com\/fr\/","name":"Immigrant Qu\u00e9bec","description":"Immigrer, vivre, travailler et \u00e9tudier au Qu\u00e9bec, Canada","publisher":{"@id":"https:\/\/immigrantquebec.com\/fr\/#organization"},"potentialAction":[{"@type":"SearchAction","target":{"@type":"EntryPoint","urlTemplate":"https:\/\/immigrantquebec.com\/fr\/?s={search_term_string}"},"query-input":{"@type":"PropertyValueSpecification","valueRequired":true,"valueName":"search_term_string"}}],"inLanguage":"fr-FR"},{"@type":"Organization","@id":"https:\/\/immigrantquebec.com\/fr\/#organization","name":"Immigrant Qu\u00e9bec","url":"https:\/\/immigrantquebec.com\/fr\/","logo":{"@type":"ImageObject","inLanguage":"fr-FR","@id":"https:\/\/immigrantquebec.com\/fr\/#\/schema\/logo\/image\/","url":"https:\/\/immigrantquebec.com\/fr\/wp-content\/uploads\/2024\/03\/LogoIQ-2024-RVB.png","contentUrl":"https:\/\/immigrantquebec.com\/fr\/wp-content\/uploads\/2024\/03\/LogoIQ-2024-RVB.png","width":2500,"height":1137,"caption":"Immigrant Qu\u00e9bec"},"image":{"@id":"https:\/\/immigrantquebec.com\/fr\/#\/schema\/logo\/image\/"},"sameAs":["https:\/\/www.facebook.com\/immigrantquebec","https:\/\/x.com\/ImmigrantQuebec","https:\/\/www.instagram.com\/immigrantquebec","https:\/\/www.youtube.com\/user\/ImmigrantQc"]},{"@type":"Person","@id":"https:\/\/immigrantquebec.com\/fr\/#\/schema\/person\/be32e1c19b6377979137d839f2552a2e","name":"calonnearthur29@gmail.com","image":{"@type":"ImageObject","inLanguage":"fr-FR","@id":"https:\/\/secure.gravatar.com\/avatar\/d3ff0dbe7824ef00ba25e44495e5281c6464c493dadfb2ad490a40a78248aa4f?s=96&d=mm&r=g","url":"https:\/\/secure.gravatar.com\/avatar\/d3ff0dbe7824ef00ba25e44495e5281c6464c493dadfb2ad490a40a78248aa4f?s=96&d=mm&r=g","contentUrl":"https:\/\/secure.gravatar.com\/avatar\/d3ff0dbe7824ef00ba25e44495e5281c6464c493dadfb2ad490a40a78248aa4f?s=96&d=mm&r=g","caption":"calonnearthur29@gmail.com"},"url":"https:\/\/immigrantquebec.com\/fr\/author\/calonnearthur29gmail-com\/"}]}},"_links":{"self":[{"href":"https:\/\/immigrantquebec.com\/fr\/wp-json\/wp\/v2\/posts\/4591","targetHints":{"allow":["GET"]}}],"collection":[{"href":"https:\/\/immigrantquebec.com\/fr\/wp-json\/wp\/v2\/posts"}],"about":[{"href":"https:\/\/immigrantquebec.com\/fr\/wp-json\/wp\/v2\/types\/post"}],"author":[{"embeddable":true,"href":"https:\/\/immigrantquebec.com\/fr\/wp-json\/wp\/v2\/users\/3460"}],"replies":[{"embeddable":true,"href":"https:\/\/immigrantquebec.com\/fr\/wp-json\/wp\/v2\/comments?post=4591"}],"version-history":[{"count":22,"href":"https:\/\/immigrantquebec.com\/fr\/wp-json\/wp\/v2\/posts\/4591\/revisions"}],"predecessor-version":[{"id":26070,"href":"https:\/\/immigrantquebec.com\/fr\/wp-json\/wp\/v2\/posts\/4591\/revisions\/26070"}],"wp:featuredmedia":[{"embeddable":true,"href":"https:\/\/immigrantquebec.com\/fr\/wp-json\/wp\/v2\/media\/9494"}],"wp:attachment":[{"href":"https:\/\/immigrantquebec.com\/fr\/wp-json\/wp\/v2\/media?parent=4591"}],"wp:term":[{"taxonomy":"category","embeddable":true,"href":"https:\/\/immigrantquebec.com\/fr\/wp-json\/wp\/v2\/categories?post=4591"},{"taxonomy":"post_tag","embeddable":true,"href":"https:\/\/immigrantquebec.com\/fr\/wp-json\/wp\/v2\/tags?post=4591"}],"curies":[{"name":"wp","href":"https:\/\/api.w.org\/{rel}","templated":true}]}}