{"id":4605,"date":"2021-11-14T21:38:14","date_gmt":"2021-11-15T01:38:14","guid":{"rendered":"https:\/\/immigrantquebec.com\/?p=4605"},"modified":"2024-09-17T11:30:03","modified_gmt":"2024-09-17T15:30:03","slug":"apprendre-ou-se-perfectionner-en-francais","status":"publish","type":"post","link":"https:\/\/immigrantquebec.com\/fr\/reussir-votre-installation\/etudes-et-formation-pour-adultes\/apprendre-ou-se-perfectionner-en-francais\/","title":{"rendered":"Apprendre ou se perfectionner en fran\u00e7ais"},"content":{"rendered":"\t\t<div data-elementor-type=\"wp-post\" data-elementor-id=\"4605\" class=\"elementor elementor-4605\" data-elementor-post-type=\"post\">\n\t\t\t\t\t\t<section class=\"elementor-section elementor-top-section elementor-element elementor-element-8a3affc elementor-section-boxed elementor-section-height-default elementor-section-height-default\" data-id=\"8a3affc\" data-element_type=\"section\" data-e-type=\"section\">\n\t\t\t\t\t\t<div class=\"elementor-container elementor-column-gap-default\">\n\t\t\t\t\t<div class=\"elementor-column elementor-col-100 elementor-top-column elementor-element elementor-element-88cad8b\" data-id=\"88cad8b\" data-element_type=\"column\" data-e-type=\"column\">\n\t\t\t<div class=\"elementor-widget-wrap elementor-element-populated\">\n\t\t\t\t\t\t<div class=\"elementor-element elementor-element-236183c elementor-widget elementor-widget-text-editor\" data-id=\"236183c\" data-element_type=\"widget\" data-e-type=\"widget\" data-widget_type=\"text-editor.default\">\n\t\t\t\t\t\t\t\t\t<p style=\"font-weight: 400;\">La Charte de la langue fran\u00e7aise fait du fran\u00e7ais la langue officielle du Qu\u00e9bec. Le fran\u00e7ais est la langue des institutions publiques et la langue normale et habituelle du travail, de l\u2019enseignement, des communications, du commerce et des affaires. Il repr\u00e9sente un symbole commun d\u2019appartenance \u00e0 la soci\u00e9t\u00e9.<\/p><p style=\"font-weight: 400;\">L\u2019offre gouvernementale de services de francisation, r\u00e9unie sous la banni\u00e8re de <a href=\"https:\/\/www.quebec.ca\/gouvernement\/ministere\/immigration\/francisation-quebec\" target=\"_blank\" rel=\"noopener\">Francisation Qu\u00e9bec<\/a>, est bas\u00e9e sur trois grands principes :<\/p><ul style=\"font-weight: 400;\"><li>Franciser plus t\u00f4t, en amont du processus d\u2019immigration,<\/li><li>Franciser plus, en joignant une plus grande client\u00e8le, et<\/li><li>Franciser mieux, en arrimant le contenu des cours aux besoins de la pratique de certaines professions, afin que les personnes immigrantes puissent acqu\u00e9rir les comp\u00e9tences en fran\u00e7ais qui permettent d\u2019occuper un emploi correspondant \u00e0 leurs comp\u00e9tences ou de poursuivre des \u00e9tudes en fran\u00e7ais.<\/li><\/ul><p><span style=\"font-weight: 400;\">L\u2019offre priv\u00e9e de cours de fran\u00e7ais langue seconde est \u00e9galement tr\u00e8s vaste.<\/span><\/p>\t\t\t\t\t\t\t\t<\/div>\n\t\t\t\t<div class=\"elementor-element elementor-element-ee8ab79 elementor-widget elementor-widget-text-editor\" data-id=\"ee8ab79\" data-element_type=\"widget\" data-e-type=\"widget\" data-widget_type=\"text-editor.default\">\n\t\t\t\t\t\t\t\t\t<h2><strong>Suivre des cours de fran\u00e7ais avant votre d\u00e9part<\/strong><\/h2><p>Si vous ne ma\u00eetrisez pas le fran\u00e7ais, il est fortement recommand\u00e9 de suivre des cours de fran\u00e7ais avant votre d\u00e9part. Si vous avez d\u00e9j\u00e0 une base en fran\u00e7ais, vous pourriez utiliser le service de francisation en ligne du MIFI. Sinon, le MIFI a sign\u00e9 des ententes de service en francisation, principalement avec des Alliances fran\u00e7aises, pour permettre aux personnes qui remplissent certaines conditions d\u2019apprendre ou de perfectionner leur fran\u00e7ais. Ce service pr\u00e9voit que les personnes de 16 ans et plus qui poss\u00e8dent un Certificat de s\u00e9lection du Qu\u00e9bec (CSQ) ou un premier Certificat d\u2019acceptation du Qu\u00e9bec (CAQ) peuvent b\u00e9n\u00e9ficier du soutien financier du gouvernement du Qu\u00e9bec afin de suivre, avant leur d\u00e9part, des cours de fran\u00e7ais dans les \u00e9coles de langues partenaires du MIFI. Ces modalit\u00e9 s\u2019appliquent \u00e9galement \u00e0 leur conjointe ou leur conjoint ainsi qu\u2019\u00e0 leurs enfants \u00e0 charge de 16 ans et plus.<\/p><p>Pour plus d&rsquo;informations,\u00a0<a href=\"https:\/\/www.quebec.ca\/education\/apprendre-le-francais\/ecole-partenaire\" target=\"_blank\" rel=\"noopener\">rendez-vous sur le site du gouvernement du Qu\u00e9bec<\/a>.<\/p>\t\t\t\t\t\t\t\t<\/div>\n\t\t\t\t<div class=\"elementor-element elementor-element-66e1650 elementor-widget elementor-widget-text-editor\" data-id=\"66e1650\" data-element_type=\"widget\" data-e-type=\"widget\" data-widget_type=\"text-editor.default\">\n\t\t\t\t\t\t\t\t\t<h2><strong>Des outils en ligne<\/strong><\/h2><p>Il existe aussi une s\u00e9rie d\u2019outils en ligne pour apprendre le fran\u00e7ais :<\/p><ul><li><a href=\"https:\/\/referencesfrancisation.immigration-quebec.gouv.qc.ca\/moodle_ref\/\" target=\"_blank\" rel=\"noopener\"><strong>R\u00e9f\u00e9rences francisation<\/strong><\/a> : Contenus pratiques et outils en libre acc\u00e8s d\u00e9velopp\u00e9s par le gouvernement du Qu\u00e9bec, destin\u00e9s \u00e0 faciliter l\u2019apprentissage du fran\u00e7ais dans divers domaines d\u2019emploi.<\/li><li><strong><a href=\"https:\/\/www.quebec.ca\/education\/apprendre-le-francais\" target=\"_blank\" rel=\"noopener\">Francisation en ligne<\/a><\/strong>\u00a0: Cours offerts avec tutorat ou en autoformation couvrant les stades interm\u00e9diaires et avanc\u00e9. Trois modules d\u2019autoapprentissage du fran\u00e7ais (sans tutorat) sont aussi offerts dans les domaines sp\u00e9cialis\u00e9s suivants : la sant\u00e9 et les soins infirmiers, le g\u00e9nie et les sciences appliqu\u00e9es, l\u2019administration, le droit et les affaires, le tourisme et le commerce. Il est \u00e0 noter que des conditions diff\u00e9rentes s\u2019appliquent selon que vous soyez \u00e0 l\u2019\u00e9tranger ou que vous r\u00e9sidiez d\u00e9j\u00e0 au Qu\u00e9bec.<\/li><li><a href=\"https:\/\/www.fel.gouv.qc.ca\/bnqex\/\" target=\"_blank\" rel=\"noopener\"><strong>Banque d\u2019exercices en fran\u00e7ais<\/strong><\/a> : Banque d\u2019exercices propos\u00e9e par le MIFI qui s\u2019adresse aux \u00e9tudiants de fran\u00e7ais langue seconde de stades d\u00e9butant, interm\u00e9diaire et avanc\u00e9.<\/li><li><a href=\"https:\/\/cdn-contenu.quebec.ca\/cdn-contenu\/francisation\/MIFI\/Apprendre_le_francais\/Webographie_Media_20221219.pdf\" target=\"_blank\" rel=\"noopener\"><strong>Webographie de produits culturels qu\u00e9b\u00e9cois de langue fran\u00e7aise<\/strong><\/a> : Collection de ressources mises \u00e0 disposition par des m\u00e9dias publics qu\u00e9b\u00e9cois, mat\u00e9riel p\u00e9dagogique et autres outils de r\u00e9f\u00e9rence pour l\u2019enseignement-apprentissage du fran\u00e7ais avec des m\u00e9dias.<\/li><li><a href=\"https:\/\/vitrinelinguistique.oqlf.gouv.qc.ca\" target=\"_blank\" rel=\"noopener\"><strong>Vitrine linguistique<\/strong><\/a> : Plateforme rapide et unique offerte par l\u2019Office qu\u00e9b\u00e9cois de la langue fran\u00e7aise (OQLF), articul\u00e9e autour d\u2019une banque de d\u00e9pannage linguistique.<\/li><\/ul>\t\t\t\t\t\t\t\t<\/div>\n\t\t\t\t\t<\/div>\n\t\t<\/div>\n\t\t\t\t\t<\/div>\n\t\t<\/section>\n\t\t\t\t<section class=\"elementor-section elementor-top-section elementor-element elementor-element-d3bdfc0 elementor-section-boxed elementor-section-height-default elementor-section-height-default\" data-id=\"d3bdfc0\" data-element_type=\"section\" data-e-type=\"section\">\n\t\t\t\t\t\t<div class=\"elementor-container elementor-column-gap-default\">\n\t\t\t\t\t<div class=\"elementor-column elementor-col-100 elementor-top-column elementor-element elementor-element-a00224c\" data-id=\"a00224c\" data-element_type=\"column\" data-e-type=\"column\">\n\t\t\t<div class=\"elementor-widget-wrap elementor-element-populated\">\n\t\t\t\t\t\t<div class=\"elementor-element elementor-element-6c6a60e elementor-widget elementor-widget-text-editor\" data-id=\"6c6a60e\" data-element_type=\"widget\" data-e-type=\"widget\" data-widget_type=\"text-editor.default\">\n\t\t\t\t\t\t\t\t\t<h2 style=\"font-weight: 400;\"><strong>Poursuivre vos efforts une fois au Qu\u00e9bec<\/strong><\/h2><p style=\"font-weight: 400;\">Une fois au Qu\u00e9bec, vous aurez peut-\u00eatre besoin de vous perfectionner en fran\u00e7ais. Le MIFI offre des cours gratuits \u00e0 temps complet et \u00e0 temps partiel, en classe ou \u00e0 distance, dans des \u00e9tablissements d\u2019enseignement et des organismes communautaires dans toutes les r\u00e9gions du Qu\u00e9bec. Vous pourriez avoir droit \u00e0 de l\u2019aide financi\u00e8re (allocations de participation, de frais de garde et de transport).<\/p><p><span style=\"font-weight: 400;\">Pour conna\u00eetre les programmes, lieux et horaires de cours,\u00a0<a href=\"https:\/\/www.quebec.ca\/education\/apprendre-le-francais\" target=\"_blank\" rel=\"noopener\">rendez-vous sur le site du gouvernement du Qu\u00e9bec<\/a>.<\/span><\/p>\t\t\t\t\t\t\t\t<\/div>\n\t\t\t\t\t<\/div>\n\t\t<\/div>\n\t\t\t\t\t<\/div>\n\t\t<\/section>\n\t\t\t\t<section class=\"elementor-section elementor-top-section elementor-element elementor-element-420ef63 elementor-section-boxed elementor-section-height-default elementor-section-height-default\" data-id=\"420ef63\" data-element_type=\"section\" data-e-type=\"section\">\n\t\t\t\t\t\t<div class=\"elementor-container elementor-column-gap-default\">\n\t\t\t\t\t<div class=\"elementor-column elementor-col-100 elementor-top-column elementor-element elementor-element-6d347e6\" data-id=\"6d347e6\" data-element_type=\"column\" data-e-type=\"column\">\n\t\t\t<div class=\"elementor-widget-wrap elementor-element-populated\">\n\t\t\t\t\t\t<div class=\"elementor-element elementor-element-63ee309 elementor-blockquote--skin-boxed elementor-widget elementor-widget-blockquote\" data-id=\"63ee309\" data-element_type=\"widget\" data-e-type=\"widget\" data-widget_type=\"blockquote.default\">\n\t\t\t\t\t\t\t<blockquote class=\"elementor-blockquote\">\n\t\t\t<p class=\"elementor-blockquote__content\">\n\t\t\t\t<b>Les allocations de participation aux cours de francisation<br><\/b><br>Pour encourager les personnes \u00e0 suivre et \u00e0 terminer les cours de francisation, le MIFI va au-del\u00e0 de la simple gratuit\u00e9. Une aide financi\u00e8re varie, selon que la personne est inscrite \u00e0 temps complet (25 h \u00e0 30 h par semaine) ou \u00e0 temps partiel (4 h, 6 h, 9 h, ou 12 h par semaine).\n<br><br><b>\u00c0 temps complet<\/b>, cette allocation est de 230 $ CAN par semaine. Elle s\u2019accompagne d\u2019une allocation de frais de garde, de l\u2019ordre de 25 $ CAN maximum par jour et par enfant (ou personne handicap\u00e9e \u00e0 charge), ainsi que de la prise en charge des transports en commun, \u00e0 hauteur de 25 $ CAN par semaine.\n<br><br><b>\u00c0 temps partiel<\/b>, l'allocations de participation a \u00e9t\u00e9 supprim\u00e9es le 23 septembre 2024. Seule demeure, pour les personnes admissibles, l'allocation de frais de garde, qui s'\u00e9l\u00e8ve \u00e0 9 $ CAN maximum par jour et par enfant.\t\t\t<\/p>\n\t\t\t\t\t<\/blockquote>\n\t\t\t\t\t\t<\/div>\n\t\t\t\t\t<\/div>\n\t\t<\/div>\n\t\t\t\t\t<\/div>\n\t\t<\/section>\n\t\t\t\t<section class=\"elementor-section elementor-top-section elementor-element elementor-element-83053fd elementor-section-boxed elementor-section-height-default elementor-section-height-default\" data-id=\"83053fd\" data-element_type=\"section\" data-e-type=\"section\">\n\t\t\t\t\t\t<div class=\"elementor-container elementor-column-gap-default\">\n\t\t\t\t\t<div class=\"elementor-column elementor-col-100 elementor-top-column elementor-element elementor-element-d2ea4b3\" data-id=\"d2ea4b3\" data-element_type=\"column\" data-e-type=\"column\">\n\t\t\t<div class=\"elementor-widget-wrap elementor-element-populated\">\n\t\t\t\t\t\t<div class=\"elementor-element elementor-element-117ac2d elementor-widget elementor-widget-text-editor\" data-id=\"117ac2d\" data-element_type=\"widget\" data-e-type=\"widget\" data-widget_type=\"text-editor.default\">\n\t\t\t\t\t\t\t\t\t<p style=\"font-weight: 400;\">Plusieurs options s&rsquo;offrent \u00e0 vous, outre les formules en ligne :<\/p><p style=\"font-weight: 400;\"><strong>Francisation en classe :<\/strong>\u00a0Vous pouvez suivre des cours \u00e0 temps\u00a0complet ou \u00e0 temps partiel, r\u00e9guliers ou sp\u00e9cialis\u00e9s par domaines professionnels. Quels que soient le niveau de fran\u00e7ais que vous poss\u00e9dez et le temps que vous avez \u00e0 y consacrer, il y a une formule pour vous. Les cours de fran\u00e7ais offerts par le minist\u00e8re de l\u2019Immigration, de la Francisation et de l\u2019Int\u00e9gration sont gratuits. Les cours du MIFI sont donn\u00e9s dans des universit\u00e9s, c\u00e9geps et organismes communautaires partout au Qu\u00e9bec. Les centres d\u2019\u00e9ducation des adultes des centres de services scolaires offrent \u00e9galement diff\u00e9rentes formules de cours de fran\u00e7ais langue seconde et d\u2019alphab\u00e9tisation, adapt\u00e9s au niveau de chacun.<\/p><p style=\"font-weight: 400;\"><strong>Des \u00e9coles de langues, des \u00e9tablissements d\u2019enseignement et des organismes sans but lucratif<\/strong>\u00a0offrent \u00e9galement des cours de fran\u00e7ais.\u00a0Renseignez-vous directement aupr\u00e8s des \u00e9tablissements concern\u00e9s.<\/p><p style=\"font-weight: 400;\">Les cours de fran\u00e7ais peuvent avoir lieu aussi bien :<\/p><ul style=\"font-weight: 400;\"><li>En ligne ou en pr\u00e9sence d\u2019un formateur,<\/li><li>\u00c0 temps partiel ou complet, ou encore<\/li><li>\u00catre sp\u00e9cialis\u00e9 \u00e0 un domaine d\u2019emploi.<\/li><\/ul><p style=\"font-weight: 400;\"><a href=\"https:\/\/www.quebec.ca\/education\/apprendre-le-francais\/cours-en-ligne\/immigrant\/en-ligne\">Plus d&rsquo;informations sur les cours en ligne<\/a>.<\/p><p style=\"font-weight: 400;\">Pour acc\u00e9der \u00e0\u00a0<a href=\"https:\/\/www.quebec.ca\/education\/apprendre-le-francais\/outils-ressources\">l&rsquo;ensemble des outils et ressources<\/a>\u00a0mis \u00e0 votre disposition par le gouvernement.<\/p><p><strong><a href=\"https:\/\/www.quebec.ca\/gouvernement\/ministere\/immigration\/francisation-quebec\">Francisation<\/a><\/strong><strong><a href=\"https:\/\/www.quebec.ca\/gouvernement\/ministere\/immigration\/francisation-quebec\"> Qu\u00e9bec<\/a><\/strong> est la plateforme unique en mati\u00e8re de francisation. \u00c0 ce titre, elle a le mandat de coordonner et offrir des services d\u2019apprentissage du fran\u00e7ais aux adultes en classe, en milieu de travail et en ligne.<\/p>\t\t\t\t\t\t\t\t<\/div>\n\t\t\t\t\t<\/div>\n\t\t<\/div>\n\t\t\t\t\t<\/div>\n\t\t<\/section>\n\t\t\t\t<section class=\"elementor-section elementor-top-section elementor-element elementor-element-9540871 elementor-section-boxed elementor-section-height-default elementor-section-height-default\" data-id=\"9540871\" data-element_type=\"section\" data-e-type=\"section\">\n\t\t\t\t\t\t<div class=\"elementor-container elementor-column-gap-default\">\n\t\t\t\t\t<div class=\"elementor-column elementor-col-100 elementor-top-column elementor-element elementor-element-b3480d9\" data-id=\"b3480d9\" data-element_type=\"column\" data-e-type=\"column\">\n\t\t\t<div class=\"elementor-widget-wrap elementor-element-populated\">\n\t\t\t\t\t\t<div class=\"elementor-element elementor-element-d7a153a elementor-widget elementor-widget-text-editor\" data-id=\"d7a153a\" data-element_type=\"widget\" data-e-type=\"widget\" data-widget_type=\"text-editor.default\">\n\t\t\t\t\t\t\t\t\t<h2 style=\"font-weight: 400;\"><strong>Francisation en milieu de travail<\/strong><\/h2><p style=\"font-weight: 400;\">Votre employeur peut obtenir un soutien pour mettre en place des classes de fran\u00e7ais dans son entreprise. De plus, diverses formules de cours sont offertes aux entreprises pour franciser leurs employ\u00e9s issus de l\u2019immigration qui ne parlent pas ou qui parlent peu fran\u00e7ais. \u00c0 certaines conditions, les cours sont gratuits pour les entreprises. Services Qu\u00e9bec et le MIFI assument les co\u00fbts de ces cours, selon la formule choisie, et en assurent l\u2019organisation pour les entreprises qui en font la demande.<\/p><p style=\"font-weight: 400;\">Comme \u00e9voqu\u00e9 plus haut, la francisation des travailleurs au sein des entreprises rel\u00e8ve de <strong>Francisation Qu\u00e9bec<\/strong>.<\/p><p><span style=\"font-weight: 400;\">Pour les cours de fran\u00e7ais en milieu de travail, r\u00e9f\u00e9rez-vous \u00e0 une conseill\u00e8re ou un conseiller aux entreprises de votre bureau de Services Qu\u00e9bec gr\u00e2ce au <a href=\"https:\/\/www.localisateur.servicesquebec.gouv.qc.ca\/\" target=\"_blank\" rel=\"noopener\">localisateur de centre local d\u2019emploi<\/a>.<\/span><\/p>\t\t\t\t\t\t\t\t<\/div>\n\t\t\t\t\t<\/div>\n\t\t<\/div>\n\t\t\t\t\t<\/div>\n\t\t<\/section>\n\t\t\t\t<\/div>\n\t\t","protected":false},"excerpt":{"rendered":"<p>La Charte de la langue fran\u00e7aise fait du fran\u00e7ais la langue officielle du Qu\u00e9bec. Le fran\u00e7ais est la langue des institutions publiques et la langue normale et habituelle du travail, de l\u2019enseignement, des communications, du commerce et des affaires. Il repr\u00e9sente un symbole commun d\u2019appartenance \u00e0 la soci\u00e9t\u00e9. L\u2019offre gouvernementale de services de francisation, r\u00e9unie [&hellip;]<\/p>\n","protected":false},"author":3460,"featured_media":9502,"comment_status":"closed","ping_status":"closed","sticky":false,"template":"","format":"standard","meta":{"_acf_changed":false,"_genesis_hide_title":false,"_genesis_hide_breadcrumbs":false,"_genesis_hide_singular_image":false,"_genesis_hide_footer_widgets":false,"_genesis_custom_body_class":"","_genesis_custom_post_class":"","_genesis_layout":"","footnotes":""},"categories":[168],"tags":[],"class_list":{"0":"post-4605","1":"post","2":"type-post","3":"status-publish","4":"format-standard","5":"has-post-thumbnail","7":"category-etudes-et-formation-pour-adultes","8":"entry"},"acf":[],"yoast_head":"<!-- This site is optimized with the Yoast SEO plugin v27.5 - https:\/\/yoast.com\/product\/yoast-seo-wordpress\/ -->\n<title>Apprendre ou se perfectionner en fran\u00e7ais - Immigrant Qu\u00e9bec<\/title>\n<meta name=\"robots\" content=\"index, follow, max-snippet:-1, max-image-preview:large, max-video-preview:-1\" \/>\n<link rel=\"canonical\" href=\"https:\/\/immigrantquebec.com\/fr\/reussir-votre-installation\/etudes-et-formation-pour-adultes\/apprendre-ou-se-perfectionner-en-francais\/\" \/>\n<meta property=\"og:locale\" content=\"fr_FR\" \/>\n<meta property=\"og:type\" content=\"article\" \/>\n<meta property=\"og:title\" content=\"Apprendre ou se perfectionner en fran\u00e7ais - Immigrant Qu\u00e9bec\" \/>\n<meta property=\"og:description\" content=\"La Charte de la langue fran\u00e7aise fait du fran\u00e7ais la langue officielle du Qu\u00e9bec. Le fran\u00e7ais est la langue des institutions publiques et la langue normale et habituelle du travail, de l\u2019enseignement, des communications, du commerce et des affaires. Il repr\u00e9sente un symbole commun d\u2019appartenance \u00e0 la soci\u00e9t\u00e9. L\u2019offre gouvernementale de services de francisation, r\u00e9unie [&hellip;]\" \/>\n<meta property=\"og:url\" content=\"https:\/\/immigrantquebec.com\/fr\/reussir-votre-installation\/etudes-et-formation-pour-adultes\/apprendre-ou-se-perfectionner-en-francais\/\" \/>\n<meta property=\"og:site_name\" content=\"Immigrant Qu\u00e9bec\" \/>\n<meta property=\"article:publisher\" content=\"https:\/\/www.facebook.com\/immigrantquebec\" \/>\n<meta property=\"article:published_time\" content=\"2021-11-15T01:38:14+00:00\" \/>\n<meta property=\"article:modified_time\" content=\"2024-09-17T15:30:03+00:00\" \/>\n<meta property=\"og:image\" content=\"https:\/\/immigrantquebec.com\/fr\/wp-content\/uploads\/2021\/11\/1393c6c4-2feb-40f8-b7c7-1de5dffa70e4.jpeg\" \/>\n\t<meta property=\"og:image:width\" content=\"950\" \/>\n\t<meta property=\"og:image:height\" content=\"400\" \/>\n\t<meta property=\"og:image:type\" content=\"image\/jpeg\" \/>\n<meta name=\"author\" content=\"calonnearthur29@gmail.com\" \/>\n<meta name=\"twitter:label1\" content=\"\u00c9crit par\" \/>\n\t<meta name=\"twitter:data1\" content=\"calonnearthur29@gmail.com\" \/>\n\t<meta name=\"twitter:label2\" content=\"Dur\u00e9e de lecture estim\u00e9e\" \/>\n\t<meta name=\"twitter:data2\" content=\"5 minutes\" \/>\n<script type=\"application\/ld+json\" class=\"yoast-schema-graph\">{\"@context\":\"https:\\\/\\\/schema.org\",\"@graph\":[{\"@type\":\"Article\",\"@id\":\"https:\\\/\\\/immigrantquebec.com\\\/fr\\\/reussir-votre-installation\\\/etudes-et-formation-pour-adultes\\\/apprendre-ou-se-perfectionner-en-francais\\\/#article\",\"isPartOf\":{\"@id\":\"https:\\\/\\\/immigrantquebec.com\\\/fr\\\/reussir-votre-installation\\\/etudes-et-formation-pour-adultes\\\/apprendre-ou-se-perfectionner-en-francais\\\/\"},\"author\":{\"name\":\"calonnearthur29@gmail.com\",\"@id\":\"https:\\\/\\\/immigrantquebec.com\\\/fr\\\/#\\\/schema\\\/person\\\/be32e1c19b6377979137d839f2552a2e\"},\"headline\":\"Apprendre ou se perfectionner en fran\u00e7ais\",\"datePublished\":\"2021-11-15T01:38:14+00:00\",\"dateModified\":\"2024-09-17T15:30:03+00:00\",\"mainEntityOfPage\":{\"@id\":\"https:\\\/\\\/immigrantquebec.com\\\/fr\\\/reussir-votre-installation\\\/etudes-et-formation-pour-adultes\\\/apprendre-ou-se-perfectionner-en-francais\\\/\"},\"wordCount\":1241,\"publisher\":{\"@id\":\"https:\\\/\\\/immigrantquebec.com\\\/fr\\\/#organization\"},\"image\":{\"@id\":\"https:\\\/\\\/immigrantquebec.com\\\/fr\\\/reussir-votre-installation\\\/etudes-et-formation-pour-adultes\\\/apprendre-ou-se-perfectionner-en-francais\\\/#primaryimage\"},\"thumbnailUrl\":\"https:\\\/\\\/immigrantquebec.com\\\/fr\\\/wp-content\\\/uploads\\\/2021\\\/11\\\/1393c6c4-2feb-40f8-b7c7-1de5dffa70e4.jpeg\",\"articleSection\":[\"\u00c9tudes et formation pour adultes\"],\"inLanguage\":\"fr-FR\"},{\"@type\":\"WebPage\",\"@id\":\"https:\\\/\\\/immigrantquebec.com\\\/fr\\\/reussir-votre-installation\\\/etudes-et-formation-pour-adultes\\\/apprendre-ou-se-perfectionner-en-francais\\\/\",\"url\":\"https:\\\/\\\/immigrantquebec.com\\\/fr\\\/reussir-votre-installation\\\/etudes-et-formation-pour-adultes\\\/apprendre-ou-se-perfectionner-en-francais\\\/\",\"name\":\"Apprendre ou se perfectionner en fran\u00e7ais - Immigrant Qu\u00e9bec\",\"isPartOf\":{\"@id\":\"https:\\\/\\\/immigrantquebec.com\\\/fr\\\/#website\"},\"primaryImageOfPage\":{\"@id\":\"https:\\\/\\\/immigrantquebec.com\\\/fr\\\/reussir-votre-installation\\\/etudes-et-formation-pour-adultes\\\/apprendre-ou-se-perfectionner-en-francais\\\/#primaryimage\"},\"image\":{\"@id\":\"https:\\\/\\\/immigrantquebec.com\\\/fr\\\/reussir-votre-installation\\\/etudes-et-formation-pour-adultes\\\/apprendre-ou-se-perfectionner-en-francais\\\/#primaryimage\"},\"thumbnailUrl\":\"https:\\\/\\\/immigrantquebec.com\\\/fr\\\/wp-content\\\/uploads\\\/2021\\\/11\\\/1393c6c4-2feb-40f8-b7c7-1de5dffa70e4.jpeg\",\"datePublished\":\"2021-11-15T01:38:14+00:00\",\"dateModified\":\"2024-09-17T15:30:03+00:00\",\"breadcrumb\":{\"@id\":\"https:\\\/\\\/immigrantquebec.com\\\/fr\\\/reussir-votre-installation\\\/etudes-et-formation-pour-adultes\\\/apprendre-ou-se-perfectionner-en-francais\\\/#breadcrumb\"},\"inLanguage\":\"fr-FR\",\"potentialAction\":[{\"@type\":\"ReadAction\",\"target\":[\"https:\\\/\\\/immigrantquebec.com\\\/fr\\\/reussir-votre-installation\\\/etudes-et-formation-pour-adultes\\\/apprendre-ou-se-perfectionner-en-francais\\\/\"]}]},{\"@type\":\"ImageObject\",\"inLanguage\":\"fr-FR\",\"@id\":\"https:\\\/\\\/immigrantquebec.com\\\/fr\\\/reussir-votre-installation\\\/etudes-et-formation-pour-adultes\\\/apprendre-ou-se-perfectionner-en-francais\\\/#primaryimage\",\"url\":\"https:\\\/\\\/immigrantquebec.com\\\/fr\\\/wp-content\\\/uploads\\\/2021\\\/11\\\/1393c6c4-2feb-40f8-b7c7-1de5dffa70e4.jpeg\",\"contentUrl\":\"https:\\\/\\\/immigrantquebec.com\\\/fr\\\/wp-content\\\/uploads\\\/2021\\\/11\\\/1393c6c4-2feb-40f8-b7c7-1de5dffa70e4.jpeg\",\"width\":950,\"height\":400},{\"@type\":\"BreadcrumbList\",\"@id\":\"https:\\\/\\\/immigrantquebec.com\\\/fr\\\/reussir-votre-installation\\\/etudes-et-formation-pour-adultes\\\/apprendre-ou-se-perfectionner-en-francais\\\/#breadcrumb\",\"itemListElement\":[{\"@type\":\"ListItem\",\"position\":1,\"name\":\"Accueil\",\"item\":\"https:\\\/\\\/immigrantquebec.com\\\/fr\\\/\"},{\"@type\":\"ListItem\",\"position\":2,\"name\":\"R\u00e9ussir votre installation\",\"item\":\"https:\\\/\\\/immigrantquebec.com\\\/fr\\\/reussir-votre-installation\\\/\"},{\"@type\":\"ListItem\",\"position\":3,\"name\":\"\u00c9tudes et formation pour adultes\",\"item\":\"https:\\\/\\\/immigrantquebec.com\\\/fr\\\/reussir-votre-installation\\\/etudes-et-formation-pour-adultes\\\/\"},{\"@type\":\"ListItem\",\"position\":4,\"name\":\"Apprendre ou se perfectionner en fran\u00e7ais\"}]},{\"@type\":\"WebSite\",\"@id\":\"https:\\\/\\\/immigrantquebec.com\\\/fr\\\/#website\",\"url\":\"https:\\\/\\\/immigrantquebec.com\\\/fr\\\/\",\"name\":\"Immigrant Qu\u00e9bec\",\"description\":\"Immigrer, vivre, travailler et \u00e9tudier au Qu\u00e9bec, Canada\",\"publisher\":{\"@id\":\"https:\\\/\\\/immigrantquebec.com\\\/fr\\\/#organization\"},\"potentialAction\":[{\"@type\":\"SearchAction\",\"target\":{\"@type\":\"EntryPoint\",\"urlTemplate\":\"https:\\\/\\\/immigrantquebec.com\\\/fr\\\/?s={search_term_string}\"},\"query-input\":{\"@type\":\"PropertyValueSpecification\",\"valueRequired\":true,\"valueName\":\"search_term_string\"}}],\"inLanguage\":\"fr-FR\"},{\"@type\":\"Organization\",\"@id\":\"https:\\\/\\\/immigrantquebec.com\\\/fr\\\/#organization\",\"name\":\"Immigrant Qu\u00e9bec\",\"url\":\"https:\\\/\\\/immigrantquebec.com\\\/fr\\\/\",\"logo\":{\"@type\":\"ImageObject\",\"inLanguage\":\"fr-FR\",\"@id\":\"https:\\\/\\\/immigrantquebec.com\\\/fr\\\/#\\\/schema\\\/logo\\\/image\\\/\",\"url\":\"https:\\\/\\\/immigrantquebec.com\\\/fr\\\/wp-content\\\/uploads\\\/2024\\\/03\\\/LogoIQ-2024-RVB.png\",\"contentUrl\":\"https:\\\/\\\/immigrantquebec.com\\\/fr\\\/wp-content\\\/uploads\\\/2024\\\/03\\\/LogoIQ-2024-RVB.png\",\"width\":2500,\"height\":1137,\"caption\":\"Immigrant Qu\u00e9bec\"},\"image\":{\"@id\":\"https:\\\/\\\/immigrantquebec.com\\\/fr\\\/#\\\/schema\\\/logo\\\/image\\\/\"},\"sameAs\":[\"https:\\\/\\\/www.facebook.com\\\/immigrantquebec\",\"https:\\\/\\\/x.com\\\/ImmigrantQuebec\",\"https:\\\/\\\/www.instagram.com\\\/immigrantquebec\",\"https:\\\/\\\/www.youtube.com\\\/user\\\/ImmigrantQc\"]},{\"@type\":\"Person\",\"@id\":\"https:\\\/\\\/immigrantquebec.com\\\/fr\\\/#\\\/schema\\\/person\\\/be32e1c19b6377979137d839f2552a2e\",\"name\":\"calonnearthur29@gmail.com\",\"image\":{\"@type\":\"ImageObject\",\"inLanguage\":\"fr-FR\",\"@id\":\"https:\\\/\\\/secure.gravatar.com\\\/avatar\\\/d3ff0dbe7824ef00ba25e44495e5281c6464c493dadfb2ad490a40a78248aa4f?s=96&d=mm&r=g\",\"url\":\"https:\\\/\\\/secure.gravatar.com\\\/avatar\\\/d3ff0dbe7824ef00ba25e44495e5281c6464c493dadfb2ad490a40a78248aa4f?s=96&d=mm&r=g\",\"contentUrl\":\"https:\\\/\\\/secure.gravatar.com\\\/avatar\\\/d3ff0dbe7824ef00ba25e44495e5281c6464c493dadfb2ad490a40a78248aa4f?s=96&d=mm&r=g\",\"caption\":\"calonnearthur29@gmail.com\"},\"url\":\"https:\\\/\\\/immigrantquebec.com\\\/fr\\\/author\\\/calonnearthur29gmail-com\\\/\"}]}<\/script>\n<!-- \/ Yoast SEO plugin. -->","yoast_head_json":{"title":"Apprendre ou se perfectionner en fran\u00e7ais - Immigrant Qu\u00e9bec","robots":{"index":"index","follow":"follow","max-snippet":"max-snippet:-1","max-image-preview":"max-image-preview:large","max-video-preview":"max-video-preview:-1"},"canonical":"https:\/\/immigrantquebec.com\/fr\/reussir-votre-installation\/etudes-et-formation-pour-adultes\/apprendre-ou-se-perfectionner-en-francais\/","og_locale":"fr_FR","og_type":"article","og_title":"Apprendre ou se perfectionner en fran\u00e7ais - Immigrant Qu\u00e9bec","og_description":"La Charte de la langue fran\u00e7aise fait du fran\u00e7ais la langue officielle du Qu\u00e9bec. Le fran\u00e7ais est la langue des institutions publiques et la langue normale et habituelle du travail, de l\u2019enseignement, des communications, du commerce et des affaires. Il repr\u00e9sente un symbole commun d\u2019appartenance \u00e0 la soci\u00e9t\u00e9. L\u2019offre gouvernementale de services de francisation, r\u00e9unie [&hellip;]","og_url":"https:\/\/immigrantquebec.com\/fr\/reussir-votre-installation\/etudes-et-formation-pour-adultes\/apprendre-ou-se-perfectionner-en-francais\/","og_site_name":"Immigrant Qu\u00e9bec","article_publisher":"https:\/\/www.facebook.com\/immigrantquebec","article_published_time":"2021-11-15T01:38:14+00:00","article_modified_time":"2024-09-17T15:30:03+00:00","og_image":[{"width":950,"height":400,"url":"https:\/\/immigrantquebec.com\/fr\/wp-content\/uploads\/2021\/11\/1393c6c4-2feb-40f8-b7c7-1de5dffa70e4.jpeg","type":"image\/jpeg"}],"author":"calonnearthur29@gmail.com","twitter_misc":{"\u00c9crit par":"calonnearthur29@gmail.com","Dur\u00e9e de lecture estim\u00e9e":"5 minutes"},"schema":{"@context":"https:\/\/schema.org","@graph":[{"@type":"Article","@id":"https:\/\/immigrantquebec.com\/fr\/reussir-votre-installation\/etudes-et-formation-pour-adultes\/apprendre-ou-se-perfectionner-en-francais\/#article","isPartOf":{"@id":"https:\/\/immigrantquebec.com\/fr\/reussir-votre-installation\/etudes-et-formation-pour-adultes\/apprendre-ou-se-perfectionner-en-francais\/"},"author":{"name":"calonnearthur29@gmail.com","@id":"https:\/\/immigrantquebec.com\/fr\/#\/schema\/person\/be32e1c19b6377979137d839f2552a2e"},"headline":"Apprendre ou se perfectionner en fran\u00e7ais","datePublished":"2021-11-15T01:38:14+00:00","dateModified":"2024-09-17T15:30:03+00:00","mainEntityOfPage":{"@id":"https:\/\/immigrantquebec.com\/fr\/reussir-votre-installation\/etudes-et-formation-pour-adultes\/apprendre-ou-se-perfectionner-en-francais\/"},"wordCount":1241,"publisher":{"@id":"https:\/\/immigrantquebec.com\/fr\/#organization"},"image":{"@id":"https:\/\/immigrantquebec.com\/fr\/reussir-votre-installation\/etudes-et-formation-pour-adultes\/apprendre-ou-se-perfectionner-en-francais\/#primaryimage"},"thumbnailUrl":"https:\/\/immigrantquebec.com\/fr\/wp-content\/uploads\/2021\/11\/1393c6c4-2feb-40f8-b7c7-1de5dffa70e4.jpeg","articleSection":["\u00c9tudes et formation pour adultes"],"inLanguage":"fr-FR"},{"@type":"WebPage","@id":"https:\/\/immigrantquebec.com\/fr\/reussir-votre-installation\/etudes-et-formation-pour-adultes\/apprendre-ou-se-perfectionner-en-francais\/","url":"https:\/\/immigrantquebec.com\/fr\/reussir-votre-installation\/etudes-et-formation-pour-adultes\/apprendre-ou-se-perfectionner-en-francais\/","name":"Apprendre ou se perfectionner en fran\u00e7ais - Immigrant Qu\u00e9bec","isPartOf":{"@id":"https:\/\/immigrantquebec.com\/fr\/#website"},"primaryImageOfPage":{"@id":"https:\/\/immigrantquebec.com\/fr\/reussir-votre-installation\/etudes-et-formation-pour-adultes\/apprendre-ou-se-perfectionner-en-francais\/#primaryimage"},"image":{"@id":"https:\/\/immigrantquebec.com\/fr\/reussir-votre-installation\/etudes-et-formation-pour-adultes\/apprendre-ou-se-perfectionner-en-francais\/#primaryimage"},"thumbnailUrl":"https:\/\/immigrantquebec.com\/fr\/wp-content\/uploads\/2021\/11\/1393c6c4-2feb-40f8-b7c7-1de5dffa70e4.jpeg","datePublished":"2021-11-15T01:38:14+00:00","dateModified":"2024-09-17T15:30:03+00:00","breadcrumb":{"@id":"https:\/\/immigrantquebec.com\/fr\/reussir-votre-installation\/etudes-et-formation-pour-adultes\/apprendre-ou-se-perfectionner-en-francais\/#breadcrumb"},"inLanguage":"fr-FR","potentialAction":[{"@type":"ReadAction","target":["https:\/\/immigrantquebec.com\/fr\/reussir-votre-installation\/etudes-et-formation-pour-adultes\/apprendre-ou-se-perfectionner-en-francais\/"]}]},{"@type":"ImageObject","inLanguage":"fr-FR","@id":"https:\/\/immigrantquebec.com\/fr\/reussir-votre-installation\/etudes-et-formation-pour-adultes\/apprendre-ou-se-perfectionner-en-francais\/#primaryimage","url":"https:\/\/immigrantquebec.com\/fr\/wp-content\/uploads\/2021\/11\/1393c6c4-2feb-40f8-b7c7-1de5dffa70e4.jpeg","contentUrl":"https:\/\/immigrantquebec.com\/fr\/wp-content\/uploads\/2021\/11\/1393c6c4-2feb-40f8-b7c7-1de5dffa70e4.jpeg","width":950,"height":400},{"@type":"BreadcrumbList","@id":"https:\/\/immigrantquebec.com\/fr\/reussir-votre-installation\/etudes-et-formation-pour-adultes\/apprendre-ou-se-perfectionner-en-francais\/#breadcrumb","itemListElement":[{"@type":"ListItem","position":1,"name":"Accueil","item":"https:\/\/immigrantquebec.com\/fr\/"},{"@type":"ListItem","position":2,"name":"R\u00e9ussir votre installation","item":"https:\/\/immigrantquebec.com\/fr\/reussir-votre-installation\/"},{"@type":"ListItem","position":3,"name":"\u00c9tudes et formation pour adultes","item":"https:\/\/immigrantquebec.com\/fr\/reussir-votre-installation\/etudes-et-formation-pour-adultes\/"},{"@type":"ListItem","position":4,"name":"Apprendre ou se perfectionner en fran\u00e7ais"}]},{"@type":"WebSite","@id":"https:\/\/immigrantquebec.com\/fr\/#website","url":"https:\/\/immigrantquebec.com\/fr\/","name":"Immigrant Qu\u00e9bec","description":"Immigrer, vivre, travailler et \u00e9tudier au Qu\u00e9bec, Canada","publisher":{"@id":"https:\/\/immigrantquebec.com\/fr\/#organization"},"potentialAction":[{"@type":"SearchAction","target":{"@type":"EntryPoint","urlTemplate":"https:\/\/immigrantquebec.com\/fr\/?s={search_term_string}"},"query-input":{"@type":"PropertyValueSpecification","valueRequired":true,"valueName":"search_term_string"}}],"inLanguage":"fr-FR"},{"@type":"Organization","@id":"https:\/\/immigrantquebec.com\/fr\/#organization","name":"Immigrant Qu\u00e9bec","url":"https:\/\/immigrantquebec.com\/fr\/","logo":{"@type":"ImageObject","inLanguage":"fr-FR","@id":"https:\/\/immigrantquebec.com\/fr\/#\/schema\/logo\/image\/","url":"https:\/\/immigrantquebec.com\/fr\/wp-content\/uploads\/2024\/03\/LogoIQ-2024-RVB.png","contentUrl":"https:\/\/immigrantquebec.com\/fr\/wp-content\/uploads\/2024\/03\/LogoIQ-2024-RVB.png","width":2500,"height":1137,"caption":"Immigrant Qu\u00e9bec"},"image":{"@id":"https:\/\/immigrantquebec.com\/fr\/#\/schema\/logo\/image\/"},"sameAs":["https:\/\/www.facebook.com\/immigrantquebec","https:\/\/x.com\/ImmigrantQuebec","https:\/\/www.instagram.com\/immigrantquebec","https:\/\/www.youtube.com\/user\/ImmigrantQc"]},{"@type":"Person","@id":"https:\/\/immigrantquebec.com\/fr\/#\/schema\/person\/be32e1c19b6377979137d839f2552a2e","name":"calonnearthur29@gmail.com","image":{"@type":"ImageObject","inLanguage":"fr-FR","@id":"https:\/\/secure.gravatar.com\/avatar\/d3ff0dbe7824ef00ba25e44495e5281c6464c493dadfb2ad490a40a78248aa4f?s=96&d=mm&r=g","url":"https:\/\/secure.gravatar.com\/avatar\/d3ff0dbe7824ef00ba25e44495e5281c6464c493dadfb2ad490a40a78248aa4f?s=96&d=mm&r=g","contentUrl":"https:\/\/secure.gravatar.com\/avatar\/d3ff0dbe7824ef00ba25e44495e5281c6464c493dadfb2ad490a40a78248aa4f?s=96&d=mm&r=g","caption":"calonnearthur29@gmail.com"},"url":"https:\/\/immigrantquebec.com\/fr\/author\/calonnearthur29gmail-com\/"}]}},"_links":{"self":[{"href":"https:\/\/immigrantquebec.com\/fr\/wp-json\/wp\/v2\/posts\/4605","targetHints":{"allow":["GET"]}}],"collection":[{"href":"https:\/\/immigrantquebec.com\/fr\/wp-json\/wp\/v2\/posts"}],"about":[{"href":"https:\/\/immigrantquebec.com\/fr\/wp-json\/wp\/v2\/types\/post"}],"author":[{"embeddable":true,"href":"https:\/\/immigrantquebec.com\/fr\/wp-json\/wp\/v2\/users\/3460"}],"replies":[{"embeddable":true,"href":"https:\/\/immigrantquebec.com\/fr\/wp-json\/wp\/v2\/comments?post=4605"}],"version-history":[{"count":0,"href":"https:\/\/immigrantquebec.com\/fr\/wp-json\/wp\/v2\/posts\/4605\/revisions"}],"wp:featuredmedia":[{"embeddable":true,"href":"https:\/\/immigrantquebec.com\/fr\/wp-json\/wp\/v2\/media\/9502"}],"wp:attachment":[{"href":"https:\/\/immigrantquebec.com\/fr\/wp-json\/wp\/v2\/media?parent=4605"}],"wp:term":[{"taxonomy":"category","embeddable":true,"href":"https:\/\/immigrantquebec.com\/fr\/wp-json\/wp\/v2\/categories?post=4605"},{"taxonomy":"post_tag","embeddable":true,"href":"https:\/\/immigrantquebec.com\/fr\/wp-json\/wp\/v2\/tags?post=4605"}],"curies":[{"name":"wp","href":"https:\/\/api.w.org\/{rel}","templated":true}]}}