{"id":4629,"date":"2021-11-14T21:50:50","date_gmt":"2021-11-15T01:50:50","guid":{"rendered":"https:\/\/immigrantquebec.com\/?p=4629"},"modified":"2022-03-10T16:49:44","modified_gmt":"2022-03-10T20:49:44","slug":"demarche-ancree-vie-professionnelle","status":"publish","type":"post","link":"https:\/\/immigrantquebec.com\/fr\/reussir-votre-installation\/etudes-et-formation-pour-adultes\/demarche-ancree-vie-professionnelle\/","title":{"rendered":"Une d\u00e9marche ancr\u00e9e dans la vie professionnelle"},"content":{"rendered":"<p>Au Qu\u00e9bec, il est d\u2019usage de permettre aux adultes de continuer \u00e0 se former tout au long de leur vie professionnelle. Les Qu\u00e9b\u00e9cois jugent l\u2019apprentissage n\u00e9cessaire pour \u00e9voluer avec les transformations de la soci\u00e9t\u00e9 : d\u00e9veloppement des connaissances techniques, \u00e9volution des technologies, apparition de nouvelles professions, etc.<\/p>\n<p>Un retour aux \u00e9tudes permet aux travailleurs de s\u2019adapter aux r\u00e9alit\u00e9s du march\u00e9 de l\u2019emploi et des besoins des entreprises. D\u00e8s lors, la formation continue fait partie de l\u2019univers du travail.\u00a0Au Qu\u00e9bec, sont donc valoris\u00e9s l\u2019apprentissage de nouvelles habilit\u00e9s acquises lors d\u2019une reprise d\u2019\u00e9tudes ou au cours d\u2019une formation, et le d\u00e9veloppement des comp\u00e9tences et des connaissances acquises gr\u00e2ce \u00e0 l\u2019exp\u00e9rience professionnelle. Les employeurs sont nombreux \u00e0 l\u2019encourager, conscients des bienfaits qu\u2019ils en retireront avec une \u00e9quipe plus performante, et \u00e0 accepter de prendre en charge financi\u00e8rement certaines formations et\/ou d\u2019adapter les horaires de travail pour faciliter l\u2019acquisition de comp\u00e9tences manquantes ou nouvelles.<\/p>\n<p><strong>Bon \u00e0 savoir\u00a0: <\/strong>Les entreprises dont la masse salariale annuelle repr\u00e9sente plus d\u2019un million de dollars doivent investir, au cours de l\u2019ann\u00e9e, au moins 1 % de cette masse dans des activit\u00e9s de formation pour le personnel. En parall\u00e8le, de plus en plus, d\u2019autres entreprises non assujetties \u00e0 cette loi favorisent la formation de leurs employ\u00e9s.<\/p>\n<p>\u00c0 moins que votre employeur ne prenne en charge les frais de formation, il vous faudra d\u00e9bourser une somme d\u2019argent, qui varie selon le type de formation et le niveau d\u2019enseignement, pour retourner aux \u00e9tudes \u00e0 temps plein ou \u00e0 temps partiel. Renseignez-vous aupr\u00e8s d\u2019Emploi-Qu\u00e9bec, du minist\u00e8re auquel l\u2019\u00e9tablissement est rattach\u00e9 ou de l\u2019\u00e9tablissement d\u2019enseignement directement, si vous pouvez \u00eatre admissible \u00e0 une aide financi\u00e8re ou une bourse d\u2019\u00e9tudes.<\/p>\n<h2 id=\"summary-anchor-1\">Les raisons du retour aux \u00e9tudes<\/h2>\n<p>Le retour aux \u00e9tudes peut prendre diff\u00e9rents noms, surtout en fonction du niveau d\u2019enseignement. Au niveau secondaire, on parle g\u00e9n\u00e9ralement d\u2019\u00e9ducation des adultes. Au niveau coll\u00e9gial, le terme le plus souvent utilis\u00e9 est celui de formation continue, tout comme au niveau universitaire. Enfin, le terme d\u2019\u00e9ducation permanente est pr\u00e9sent au niveau universitaire, mais de fa\u00e7on plus limit\u00e9e. Qu\u2019importe son nom, le retour aux \u00e9tudes \u00e0 l\u2019\u00e2ge adulte s\u2019adresse aux personnes de 16 ans et plus.<\/p>\n<p>Pour s\u2019inscrire \u00e0 un programme ou une formation dans le cadre d\u2019un retour aux \u00e9tudes, il faut g\u00e9n\u00e9ralement soit obtenir le statut d&rsquo;\u00e9tudiant \u00e9tranger, soit avoir celui de r\u00e9sident permanent.<\/p>\n<p>Plusieurs raisons peuvent amener les adultes \u00e0 retourner aux \u00e9tudes, au-del\u00e0 de leur propre d\u00e9cision de le faire. En tant que nouvel arrivant, il sera peut-\u00eatre n\u00e9cessaire de mettre \u00e0 niveau vos connaissances au regard du contexte qu\u00e9b\u00e9cois. D\u2019un pays \u00e0 un autre, les m\u00e9thodes de travail, les techniques et technologies utilis\u00e9es ne sont pas forc\u00e9ment les m\u00eames. Une telle d\u00e9marche peut \u00eatre vraiment utile pour vous permettre ensuite de d\u00e9marrer plus vite sur le march\u00e9 de l\u2019emploi.<\/p>\n<p><a href=\"https:\/\/immigrantquebec.com\/fr\/reussir-votre-installation\/etudes-et-formation-pour-adultes\/reconnaissance-acquis-competences-rac\/\" target=\"_blank\" rel=\"noopener\">Si vous exercez une profession ou un m\u00e9tier r\u00e9glement\u00e9<\/a>, un programme d&rsquo;\u00e9tudes, une formation d&rsquo;appoint ou un stage sera certainement obligatoire . Par la suite, pour continuer \u00e0 \u00e9voluer professionnellement, vous perfectionner ou en cas de r\u00e9orientation de carri\u00e8re, la formation tout au long de votre vie professionnelle devra faire partie de vos habitudes.<\/p>\n<h2 id=\"summary-anchor-2\">Secondaire, coll\u00e8ges, universit\u00e9s : o\u00f9 reprendre ses \u00e9tudes ?<\/h2>\n<p>Le retour aux \u00e9tudes peut s\u2019effectuer dans diff\u00e9rents \u00e9tablissements en fonction du programme que vous souhaitez poursuivre et surtout des objectifs que vous vous \u00eates fix\u00e9s.<\/p>\n<p>Les \u00e9tablissements du secteur secondaire, les centres d\u2019\u00e9ducation des adultes, les centres de formation professionnelle, les c\u00e9geps, les coll\u00e8ges priv\u00e9s, les universit\u00e9s et autres institutions scolaires offrent tous des programmes permettant aux adultes d\u2019acqu\u00e9rir de nouvelles connaissances, par le biais de sessions \u00e0 temps complet ou \u00e0 temps partiel, avec des horaires flexibles, des cours en soir\u00e9e et des sessions courtes. Consultez la section de leur site d\u00e9di\u00e9e \u00e0 la formation continue : elle vous donnera toutes les informations utiles sur les programmes propos\u00e9s aux adultes. La formation \u00e0 distance est \u00e9galement d\u00e9velopp\u00e9e.<\/p>\n<p>Il est important de s\u2019ouvrir \u00e0 l\u2019ensemble des formations propos\u00e9es par tous les \u00e9tablissements d\u2019enseignement. \u00c0 titre d\u2019exemple, si vous \u00eates titulaire d\u2019un dipl\u00f4me universitaire de votre pays d\u2019origine et que vous ne trouvez votre domaine, votre retour aux \u00e9tudes ne s\u2019effectuera peut-\u00eatre pas \u00e0 l\u2019universit\u00e9, mais plut\u00f4t au c\u00e9gep pour obtenir une formation technique dans une profession en forte demande de main-d\u2019\u0153uvre.<\/p>\n<h2>O\u00f9 s&rsquo;informer sur l&rsquo;apprentissage \u00e0 l&rsquo;\u00e2ge adulte ?<\/h2>\n<h3 id=\"summary-anchor-3\"><strong>La ligne Info Apprendre : pour vous guider dans votre choix<\/strong><\/h3>\n<p><a href=\"https:\/\/infoapprendre.org\" target=\"_blank\" rel=\"noopener\">La ligne Info Apprendre<\/a> est un service gratuit, confidentiel et bilingue d\u2019aide et de r\u00e9f\u00e9rence, pour toute personne souhaitant compl\u00e9ter une formation, allant de la formation de base \u00e0 l\u2019obtention d\u2019un dipl\u00f4me d\u2019\u00e9tudes sup\u00e9rieures. Le num\u00e9ro \u00e0 appeler : +1 888 488-3888.<\/p>\n<h3><strong>Les services d&rsquo;accueil, de r\u00e9f\u00e9rence, de conseil et d&rsquo;accompagnement (SARCA)<\/strong><\/h3>\n<p>Les SARCA sont des services disponibles dans les centres de services scolaires qui s\u2019adressent aux adultes souhaitant retourner aux \u00e9tudes au niveau secondaire. En les contactant, vous obtiendrez de l\u2019information sur la formation g\u00e9n\u00e9rale pour adultes et sur la formation professionnelle. Les conseillers pourront vous informer sur les programmes, la reconnaissance des acquis et des comp\u00e9tences et analyser avec vous votre situation pour effectuer un retour aux \u00e9tudes optimal. Consultez les sites internet des centres de services scolaires.<\/p>\n<h3><strong>Les sites internet<\/strong><\/h3>\n<p>Vous pouvez d\u00e9marrer vos recherches sur :<\/p>\n<ul>\n<li><a href=\"http:\/\/www.education.gouv.qc.ca\/accueil\/\" target=\"_blank\" rel=\"noopener\">le site du minist\u00e8re de l&rsquo;\u00c9ducation et de l&rsquo;Enseignement sup\u00e9rieur<\/a>, et<\/li>\n<li><a href=\"https:\/\/www.quebec.ca\/education\/\" target=\"_blank\" rel=\"noopener\">les pages \u00c9ducation du portail gouvernemental quebec.ca<\/a>.<\/li>\n<\/ul>\n<p><strong>Pour la formation professionnelle :<\/strong><\/p>\n<ul>\n<li><a href=\"https:\/\/www.inforoutefpt.org\" target=\"_blank\" rel=\"noopener\">Inforoute de la formation professionnelle et technique<\/a> (FPT)<\/li>\n<li><a href=\"https:\/\/www.admissionfp.com\" target=\"_blank\" rel=\"noopener\">Service r\u00e9gional d\u2019admission en formation\u00a0professionnelle<\/a> (SRAFP)<\/li>\n<li><a href=\"https:\/\/www.quebecmetiersdavenir.com\" target=\"_blank\" rel=\"noopener\">Qu\u00e9bec m\u00e9tiers d\u2019avenir<\/a><\/li>\n<li><a href=\"https:\/\/accesetudesquebec.ca\" target=\"_blank\" rel=\"noopener\">Acc\u00e8s \u00c9tudes Qu\u00e9bec<\/a><\/li>\n<\/ul>\n<p><strong>Pour la formation technique :<\/strong><\/p>\n<ul>\n<li><a href=\"http:\/\/www.monretouraucegep.com\" target=\"_blank\" rel=\"noopener\">Mon retour au c\u00e9gep<\/a><\/li>\n<\/ul>\n<p><strong>Pour la formation \u00e0 distance :<\/strong><\/p>\n<ul>\n<li><a href=\"https:\/\/www.cegepadistance.ca\" target=\"_blank\" rel=\"noopener\">C\u00e9gep \u00e0 distance<\/a><\/li>\n<li><a href=\"https:\/\/www8.csspi.ca\/distance\/\" target=\"_blank\" rel=\"noopener\">Centre r\u00e9gional de formation \u00e0 distance du Grand Montr\u00e9al<\/a><\/li>\n<li><a href=\"https:\/\/leformateur.com\" target=\"_blank\" rel=\"noopener\">Le Formateur<\/a> (portail des formations en ligne offertes par des c\u00e9geps du Qu\u00e9bec)<\/li>\n<li><a href=\"https:\/\/sofad.qc.ca\" target=\"_blank\" rel=\"noopener\">Soci\u00e9t\u00e9 de formation \u00e0 distance des centres de services scolaires du Qu\u00e9bec<\/a> (SOFAD)<\/li>\n<li><a href=\"https:\/\/www.teluq.ca\" target=\"_blank\" rel=\"noopener\">T\u00c9LUQ<\/a> (Universit\u00e9 \u00e0 distance de l\u2019Universit\u00e9 du Qu\u00e9bec)<\/li>\n<\/ul>\n","protected":false},"excerpt":{"rendered":"<p>Au Qu\u00e9bec, il est d\u2019usage de permettre aux adultes de continuer \u00e0 se former tout au long de leur vie professionnelle. Les Qu\u00e9b\u00e9cois jugent l\u2019apprentissage n\u00e9cessaire pour \u00e9voluer avec les transformations de la soci\u00e9t\u00e9 : d\u00e9veloppement des connaissances techniques, \u00e9volution des technologies, apparition de nouvelles professions, etc. Un retour aux \u00e9tudes permet aux travailleurs de [&hellip;]<\/p>\n","protected":false},"author":3460,"featured_media":9518,"comment_status":"closed","ping_status":"closed","sticky":false,"template":"","format":"standard","meta":{"_acf_changed":false,"_genesis_hide_title":false,"_genesis_hide_breadcrumbs":false,"_genesis_hide_singular_image":false,"_genesis_hide_footer_widgets":false,"_genesis_custom_body_class":"","_genesis_custom_post_class":"","_genesis_layout":"","footnotes":""},"categories":[168],"tags":[],"class_list":{"0":"post-4629","1":"post","2":"type-post","3":"status-publish","4":"format-standard","5":"has-post-thumbnail","7":"category-etudes-et-formation-pour-adultes","8":"entry"},"acf":[],"yoast_head":"<!-- This site is optimized with the Yoast SEO plugin v27.5 - https:\/\/yoast.com\/product\/yoast-seo-wordpress\/ -->\n<title>Une d\u00e9marche ancr\u00e9e dans la vie professionnelle - Immigrant Qu\u00e9bec<\/title>\n<meta name=\"robots\" content=\"index, follow, max-snippet:-1, max-image-preview:large, max-video-preview:-1\" \/>\n<link rel=\"canonical\" href=\"https:\/\/immigrantquebec.com\/fr\/reussir-votre-installation\/etudes-et-formation-pour-adultes\/demarche-ancree-vie-professionnelle\/\" \/>\n<meta property=\"og:locale\" content=\"fr_FR\" \/>\n<meta property=\"og:type\" content=\"article\" \/>\n<meta property=\"og:title\" content=\"Une d\u00e9marche ancr\u00e9e dans la vie professionnelle - Immigrant Qu\u00e9bec\" \/>\n<meta property=\"og:description\" content=\"Au Qu\u00e9bec, il est d\u2019usage de permettre aux adultes de continuer \u00e0 se former tout au long de leur vie professionnelle. Les Qu\u00e9b\u00e9cois jugent l\u2019apprentissage n\u00e9cessaire pour \u00e9voluer avec les transformations de la soci\u00e9t\u00e9 : d\u00e9veloppement des connaissances techniques, \u00e9volution des technologies, apparition de nouvelles professions, etc. Un retour aux \u00e9tudes permet aux travailleurs de [&hellip;]\" \/>\n<meta property=\"og:url\" content=\"https:\/\/immigrantquebec.com\/fr\/reussir-votre-installation\/etudes-et-formation-pour-adultes\/demarche-ancree-vie-professionnelle\/\" \/>\n<meta property=\"og:site_name\" content=\"Immigrant Qu\u00e9bec\" \/>\n<meta property=\"article:publisher\" content=\"https:\/\/www.facebook.com\/immigrantquebec\" \/>\n<meta property=\"article:published_time\" content=\"2021-11-15T01:50:50+00:00\" \/>\n<meta property=\"article:modified_time\" content=\"2022-03-10T20:49:44+00:00\" \/>\n<meta property=\"og:image\" content=\"https:\/\/immigrantquebec.com\/fr\/wp-content\/uploads\/2021\/11\/312f66d0-976b-4e8f-ae44-0b92afc597e1.jpeg\" \/>\n\t<meta property=\"og:image:width\" content=\"950\" \/>\n\t<meta property=\"og:image:height\" content=\"400\" \/>\n\t<meta property=\"og:image:type\" content=\"image\/jpeg\" \/>\n<meta name=\"author\" content=\"calonnearthur29@gmail.com\" \/>\n<meta name=\"twitter:label1\" content=\"\u00c9crit par\" \/>\n\t<meta name=\"twitter:data1\" content=\"calonnearthur29@gmail.com\" \/>\n\t<meta name=\"twitter:label2\" content=\"Dur\u00e9e de lecture estim\u00e9e\" \/>\n\t<meta name=\"twitter:data2\" content=\"5 minutes\" \/>\n<script type=\"application\/ld+json\" class=\"yoast-schema-graph\">{\"@context\":\"https:\\\/\\\/schema.org\",\"@graph\":[{\"@type\":\"Article\",\"@id\":\"https:\\\/\\\/immigrantquebec.com\\\/fr\\\/reussir-votre-installation\\\/etudes-et-formation-pour-adultes\\\/demarche-ancree-vie-professionnelle\\\/#article\",\"isPartOf\":{\"@id\":\"https:\\\/\\\/immigrantquebec.com\\\/fr\\\/reussir-votre-installation\\\/etudes-et-formation-pour-adultes\\\/demarche-ancree-vie-professionnelle\\\/\"},\"author\":{\"name\":\"calonnearthur29@gmail.com\",\"@id\":\"https:\\\/\\\/immigrantquebec.com\\\/fr\\\/#\\\/schema\\\/person\\\/be32e1c19b6377979137d839f2552a2e\"},\"headline\":\"Une d\u00e9marche ancr\u00e9e dans la vie professionnelle\",\"datePublished\":\"2021-11-15T01:50:50+00:00\",\"dateModified\":\"2022-03-10T20:49:44+00:00\",\"mainEntityOfPage\":{\"@id\":\"https:\\\/\\\/immigrantquebec.com\\\/fr\\\/reussir-votre-installation\\\/etudes-et-formation-pour-adultes\\\/demarche-ancree-vie-professionnelle\\\/\"},\"wordCount\":1104,\"publisher\":{\"@id\":\"https:\\\/\\\/immigrantquebec.com\\\/fr\\\/#organization\"},\"image\":{\"@id\":\"https:\\\/\\\/immigrantquebec.com\\\/fr\\\/reussir-votre-installation\\\/etudes-et-formation-pour-adultes\\\/demarche-ancree-vie-professionnelle\\\/#primaryimage\"},\"thumbnailUrl\":\"https:\\\/\\\/immigrantquebec.com\\\/fr\\\/wp-content\\\/uploads\\\/2021\\\/11\\\/312f66d0-976b-4e8f-ae44-0b92afc597e1.jpeg\",\"articleSection\":[\"\u00c9tudes et formation pour adultes\"],\"inLanguage\":\"fr-FR\"},{\"@type\":\"WebPage\",\"@id\":\"https:\\\/\\\/immigrantquebec.com\\\/fr\\\/reussir-votre-installation\\\/etudes-et-formation-pour-adultes\\\/demarche-ancree-vie-professionnelle\\\/\",\"url\":\"https:\\\/\\\/immigrantquebec.com\\\/fr\\\/reussir-votre-installation\\\/etudes-et-formation-pour-adultes\\\/demarche-ancree-vie-professionnelle\\\/\",\"name\":\"Une d\u00e9marche ancr\u00e9e dans la vie professionnelle - Immigrant Qu\u00e9bec\",\"isPartOf\":{\"@id\":\"https:\\\/\\\/immigrantquebec.com\\\/fr\\\/#website\"},\"primaryImageOfPage\":{\"@id\":\"https:\\\/\\\/immigrantquebec.com\\\/fr\\\/reussir-votre-installation\\\/etudes-et-formation-pour-adultes\\\/demarche-ancree-vie-professionnelle\\\/#primaryimage\"},\"image\":{\"@id\":\"https:\\\/\\\/immigrantquebec.com\\\/fr\\\/reussir-votre-installation\\\/etudes-et-formation-pour-adultes\\\/demarche-ancree-vie-professionnelle\\\/#primaryimage\"},\"thumbnailUrl\":\"https:\\\/\\\/immigrantquebec.com\\\/fr\\\/wp-content\\\/uploads\\\/2021\\\/11\\\/312f66d0-976b-4e8f-ae44-0b92afc597e1.jpeg\",\"datePublished\":\"2021-11-15T01:50:50+00:00\",\"dateModified\":\"2022-03-10T20:49:44+00:00\",\"breadcrumb\":{\"@id\":\"https:\\\/\\\/immigrantquebec.com\\\/fr\\\/reussir-votre-installation\\\/etudes-et-formation-pour-adultes\\\/demarche-ancree-vie-professionnelle\\\/#breadcrumb\"},\"inLanguage\":\"fr-FR\",\"potentialAction\":[{\"@type\":\"ReadAction\",\"target\":[\"https:\\\/\\\/immigrantquebec.com\\\/fr\\\/reussir-votre-installation\\\/etudes-et-formation-pour-adultes\\\/demarche-ancree-vie-professionnelle\\\/\"]}]},{\"@type\":\"ImageObject\",\"inLanguage\":\"fr-FR\",\"@id\":\"https:\\\/\\\/immigrantquebec.com\\\/fr\\\/reussir-votre-installation\\\/etudes-et-formation-pour-adultes\\\/demarche-ancree-vie-professionnelle\\\/#primaryimage\",\"url\":\"https:\\\/\\\/immigrantquebec.com\\\/fr\\\/wp-content\\\/uploads\\\/2021\\\/11\\\/312f66d0-976b-4e8f-ae44-0b92afc597e1.jpeg\",\"contentUrl\":\"https:\\\/\\\/immigrantquebec.com\\\/fr\\\/wp-content\\\/uploads\\\/2021\\\/11\\\/312f66d0-976b-4e8f-ae44-0b92afc597e1.jpeg\",\"width\":950,\"height\":400},{\"@type\":\"BreadcrumbList\",\"@id\":\"https:\\\/\\\/immigrantquebec.com\\\/fr\\\/reussir-votre-installation\\\/etudes-et-formation-pour-adultes\\\/demarche-ancree-vie-professionnelle\\\/#breadcrumb\",\"itemListElement\":[{\"@type\":\"ListItem\",\"position\":1,\"name\":\"Accueil\",\"item\":\"https:\\\/\\\/immigrantquebec.com\\\/fr\\\/\"},{\"@type\":\"ListItem\",\"position\":2,\"name\":\"R\u00e9ussir votre installation\",\"item\":\"https:\\\/\\\/immigrantquebec.com\\\/fr\\\/reussir-votre-installation\\\/\"},{\"@type\":\"ListItem\",\"position\":3,\"name\":\"\u00c9tudes et formation pour adultes\",\"item\":\"https:\\\/\\\/immigrantquebec.com\\\/fr\\\/reussir-votre-installation\\\/etudes-et-formation-pour-adultes\\\/\"},{\"@type\":\"ListItem\",\"position\":4,\"name\":\"Une d\u00e9marche ancr\u00e9e dans la vie professionnelle\"}]},{\"@type\":\"WebSite\",\"@id\":\"https:\\\/\\\/immigrantquebec.com\\\/fr\\\/#website\",\"url\":\"https:\\\/\\\/immigrantquebec.com\\\/fr\\\/\",\"name\":\"Immigrant Qu\u00e9bec\",\"description\":\"Immigrer, vivre, travailler et \u00e9tudier au Qu\u00e9bec, Canada\",\"publisher\":{\"@id\":\"https:\\\/\\\/immigrantquebec.com\\\/fr\\\/#organization\"},\"potentialAction\":[{\"@type\":\"SearchAction\",\"target\":{\"@type\":\"EntryPoint\",\"urlTemplate\":\"https:\\\/\\\/immigrantquebec.com\\\/fr\\\/?s={search_term_string}\"},\"query-input\":{\"@type\":\"PropertyValueSpecification\",\"valueRequired\":true,\"valueName\":\"search_term_string\"}}],\"inLanguage\":\"fr-FR\"},{\"@type\":\"Organization\",\"@id\":\"https:\\\/\\\/immigrantquebec.com\\\/fr\\\/#organization\",\"name\":\"Immigrant Qu\u00e9bec\",\"url\":\"https:\\\/\\\/immigrantquebec.com\\\/fr\\\/\",\"logo\":{\"@type\":\"ImageObject\",\"inLanguage\":\"fr-FR\",\"@id\":\"https:\\\/\\\/immigrantquebec.com\\\/fr\\\/#\\\/schema\\\/logo\\\/image\\\/\",\"url\":\"https:\\\/\\\/immigrantquebec.com\\\/fr\\\/wp-content\\\/uploads\\\/2024\\\/03\\\/LogoIQ-2024-RVB.png\",\"contentUrl\":\"https:\\\/\\\/immigrantquebec.com\\\/fr\\\/wp-content\\\/uploads\\\/2024\\\/03\\\/LogoIQ-2024-RVB.png\",\"width\":2500,\"height\":1137,\"caption\":\"Immigrant Qu\u00e9bec\"},\"image\":{\"@id\":\"https:\\\/\\\/immigrantquebec.com\\\/fr\\\/#\\\/schema\\\/logo\\\/image\\\/\"},\"sameAs\":[\"https:\\\/\\\/www.facebook.com\\\/immigrantquebec\",\"https:\\\/\\\/x.com\\\/ImmigrantQuebec\",\"https:\\\/\\\/www.instagram.com\\\/immigrantquebec\",\"https:\\\/\\\/www.youtube.com\\\/user\\\/ImmigrantQc\"]},{\"@type\":\"Person\",\"@id\":\"https:\\\/\\\/immigrantquebec.com\\\/fr\\\/#\\\/schema\\\/person\\\/be32e1c19b6377979137d839f2552a2e\",\"name\":\"calonnearthur29@gmail.com\",\"image\":{\"@type\":\"ImageObject\",\"inLanguage\":\"fr-FR\",\"@id\":\"https:\\\/\\\/secure.gravatar.com\\\/avatar\\\/d3ff0dbe7824ef00ba25e44495e5281c6464c493dadfb2ad490a40a78248aa4f?s=96&d=mm&r=g\",\"url\":\"https:\\\/\\\/secure.gravatar.com\\\/avatar\\\/d3ff0dbe7824ef00ba25e44495e5281c6464c493dadfb2ad490a40a78248aa4f?s=96&d=mm&r=g\",\"contentUrl\":\"https:\\\/\\\/secure.gravatar.com\\\/avatar\\\/d3ff0dbe7824ef00ba25e44495e5281c6464c493dadfb2ad490a40a78248aa4f?s=96&d=mm&r=g\",\"caption\":\"calonnearthur29@gmail.com\"},\"url\":\"https:\\\/\\\/immigrantquebec.com\\\/fr\\\/author\\\/calonnearthur29gmail-com\\\/\"}]}<\/script>\n<!-- \/ Yoast SEO plugin. -->","yoast_head_json":{"title":"Une d\u00e9marche ancr\u00e9e dans la vie professionnelle - Immigrant Qu\u00e9bec","robots":{"index":"index","follow":"follow","max-snippet":"max-snippet:-1","max-image-preview":"max-image-preview:large","max-video-preview":"max-video-preview:-1"},"canonical":"https:\/\/immigrantquebec.com\/fr\/reussir-votre-installation\/etudes-et-formation-pour-adultes\/demarche-ancree-vie-professionnelle\/","og_locale":"fr_FR","og_type":"article","og_title":"Une d\u00e9marche ancr\u00e9e dans la vie professionnelle - Immigrant Qu\u00e9bec","og_description":"Au Qu\u00e9bec, il est d\u2019usage de permettre aux adultes de continuer \u00e0 se former tout au long de leur vie professionnelle. Les Qu\u00e9b\u00e9cois jugent l\u2019apprentissage n\u00e9cessaire pour \u00e9voluer avec les transformations de la soci\u00e9t\u00e9 : d\u00e9veloppement des connaissances techniques, \u00e9volution des technologies, apparition de nouvelles professions, etc. Un retour aux \u00e9tudes permet aux travailleurs de [&hellip;]","og_url":"https:\/\/immigrantquebec.com\/fr\/reussir-votre-installation\/etudes-et-formation-pour-adultes\/demarche-ancree-vie-professionnelle\/","og_site_name":"Immigrant Qu\u00e9bec","article_publisher":"https:\/\/www.facebook.com\/immigrantquebec","article_published_time":"2021-11-15T01:50:50+00:00","article_modified_time":"2022-03-10T20:49:44+00:00","og_image":[{"width":950,"height":400,"url":"https:\/\/immigrantquebec.com\/fr\/wp-content\/uploads\/2021\/11\/312f66d0-976b-4e8f-ae44-0b92afc597e1.jpeg","type":"image\/jpeg"}],"author":"calonnearthur29@gmail.com","twitter_misc":{"\u00c9crit par":"calonnearthur29@gmail.com","Dur\u00e9e de lecture estim\u00e9e":"5 minutes"},"schema":{"@context":"https:\/\/schema.org","@graph":[{"@type":"Article","@id":"https:\/\/immigrantquebec.com\/fr\/reussir-votre-installation\/etudes-et-formation-pour-adultes\/demarche-ancree-vie-professionnelle\/#article","isPartOf":{"@id":"https:\/\/immigrantquebec.com\/fr\/reussir-votre-installation\/etudes-et-formation-pour-adultes\/demarche-ancree-vie-professionnelle\/"},"author":{"name":"calonnearthur29@gmail.com","@id":"https:\/\/immigrantquebec.com\/fr\/#\/schema\/person\/be32e1c19b6377979137d839f2552a2e"},"headline":"Une d\u00e9marche ancr\u00e9e dans la vie professionnelle","datePublished":"2021-11-15T01:50:50+00:00","dateModified":"2022-03-10T20:49:44+00:00","mainEntityOfPage":{"@id":"https:\/\/immigrantquebec.com\/fr\/reussir-votre-installation\/etudes-et-formation-pour-adultes\/demarche-ancree-vie-professionnelle\/"},"wordCount":1104,"publisher":{"@id":"https:\/\/immigrantquebec.com\/fr\/#organization"},"image":{"@id":"https:\/\/immigrantquebec.com\/fr\/reussir-votre-installation\/etudes-et-formation-pour-adultes\/demarche-ancree-vie-professionnelle\/#primaryimage"},"thumbnailUrl":"https:\/\/immigrantquebec.com\/fr\/wp-content\/uploads\/2021\/11\/312f66d0-976b-4e8f-ae44-0b92afc597e1.jpeg","articleSection":["\u00c9tudes et formation pour adultes"],"inLanguage":"fr-FR"},{"@type":"WebPage","@id":"https:\/\/immigrantquebec.com\/fr\/reussir-votre-installation\/etudes-et-formation-pour-adultes\/demarche-ancree-vie-professionnelle\/","url":"https:\/\/immigrantquebec.com\/fr\/reussir-votre-installation\/etudes-et-formation-pour-adultes\/demarche-ancree-vie-professionnelle\/","name":"Une d\u00e9marche ancr\u00e9e dans la vie professionnelle - Immigrant Qu\u00e9bec","isPartOf":{"@id":"https:\/\/immigrantquebec.com\/fr\/#website"},"primaryImageOfPage":{"@id":"https:\/\/immigrantquebec.com\/fr\/reussir-votre-installation\/etudes-et-formation-pour-adultes\/demarche-ancree-vie-professionnelle\/#primaryimage"},"image":{"@id":"https:\/\/immigrantquebec.com\/fr\/reussir-votre-installation\/etudes-et-formation-pour-adultes\/demarche-ancree-vie-professionnelle\/#primaryimage"},"thumbnailUrl":"https:\/\/immigrantquebec.com\/fr\/wp-content\/uploads\/2021\/11\/312f66d0-976b-4e8f-ae44-0b92afc597e1.jpeg","datePublished":"2021-11-15T01:50:50+00:00","dateModified":"2022-03-10T20:49:44+00:00","breadcrumb":{"@id":"https:\/\/immigrantquebec.com\/fr\/reussir-votre-installation\/etudes-et-formation-pour-adultes\/demarche-ancree-vie-professionnelle\/#breadcrumb"},"inLanguage":"fr-FR","potentialAction":[{"@type":"ReadAction","target":["https:\/\/immigrantquebec.com\/fr\/reussir-votre-installation\/etudes-et-formation-pour-adultes\/demarche-ancree-vie-professionnelle\/"]}]},{"@type":"ImageObject","inLanguage":"fr-FR","@id":"https:\/\/immigrantquebec.com\/fr\/reussir-votre-installation\/etudes-et-formation-pour-adultes\/demarche-ancree-vie-professionnelle\/#primaryimage","url":"https:\/\/immigrantquebec.com\/fr\/wp-content\/uploads\/2021\/11\/312f66d0-976b-4e8f-ae44-0b92afc597e1.jpeg","contentUrl":"https:\/\/immigrantquebec.com\/fr\/wp-content\/uploads\/2021\/11\/312f66d0-976b-4e8f-ae44-0b92afc597e1.jpeg","width":950,"height":400},{"@type":"BreadcrumbList","@id":"https:\/\/immigrantquebec.com\/fr\/reussir-votre-installation\/etudes-et-formation-pour-adultes\/demarche-ancree-vie-professionnelle\/#breadcrumb","itemListElement":[{"@type":"ListItem","position":1,"name":"Accueil","item":"https:\/\/immigrantquebec.com\/fr\/"},{"@type":"ListItem","position":2,"name":"R\u00e9ussir votre installation","item":"https:\/\/immigrantquebec.com\/fr\/reussir-votre-installation\/"},{"@type":"ListItem","position":3,"name":"\u00c9tudes et formation pour adultes","item":"https:\/\/immigrantquebec.com\/fr\/reussir-votre-installation\/etudes-et-formation-pour-adultes\/"},{"@type":"ListItem","position":4,"name":"Une d\u00e9marche ancr\u00e9e dans la vie professionnelle"}]},{"@type":"WebSite","@id":"https:\/\/immigrantquebec.com\/fr\/#website","url":"https:\/\/immigrantquebec.com\/fr\/","name":"Immigrant Qu\u00e9bec","description":"Immigrer, vivre, travailler et \u00e9tudier au Qu\u00e9bec, Canada","publisher":{"@id":"https:\/\/immigrantquebec.com\/fr\/#organization"},"potentialAction":[{"@type":"SearchAction","target":{"@type":"EntryPoint","urlTemplate":"https:\/\/immigrantquebec.com\/fr\/?s={search_term_string}"},"query-input":{"@type":"PropertyValueSpecification","valueRequired":true,"valueName":"search_term_string"}}],"inLanguage":"fr-FR"},{"@type":"Organization","@id":"https:\/\/immigrantquebec.com\/fr\/#organization","name":"Immigrant Qu\u00e9bec","url":"https:\/\/immigrantquebec.com\/fr\/","logo":{"@type":"ImageObject","inLanguage":"fr-FR","@id":"https:\/\/immigrantquebec.com\/fr\/#\/schema\/logo\/image\/","url":"https:\/\/immigrantquebec.com\/fr\/wp-content\/uploads\/2024\/03\/LogoIQ-2024-RVB.png","contentUrl":"https:\/\/immigrantquebec.com\/fr\/wp-content\/uploads\/2024\/03\/LogoIQ-2024-RVB.png","width":2500,"height":1137,"caption":"Immigrant Qu\u00e9bec"},"image":{"@id":"https:\/\/immigrantquebec.com\/fr\/#\/schema\/logo\/image\/"},"sameAs":["https:\/\/www.facebook.com\/immigrantquebec","https:\/\/x.com\/ImmigrantQuebec","https:\/\/www.instagram.com\/immigrantquebec","https:\/\/www.youtube.com\/user\/ImmigrantQc"]},{"@type":"Person","@id":"https:\/\/immigrantquebec.com\/fr\/#\/schema\/person\/be32e1c19b6377979137d839f2552a2e","name":"calonnearthur29@gmail.com","image":{"@type":"ImageObject","inLanguage":"fr-FR","@id":"https:\/\/secure.gravatar.com\/avatar\/d3ff0dbe7824ef00ba25e44495e5281c6464c493dadfb2ad490a40a78248aa4f?s=96&d=mm&r=g","url":"https:\/\/secure.gravatar.com\/avatar\/d3ff0dbe7824ef00ba25e44495e5281c6464c493dadfb2ad490a40a78248aa4f?s=96&d=mm&r=g","contentUrl":"https:\/\/secure.gravatar.com\/avatar\/d3ff0dbe7824ef00ba25e44495e5281c6464c493dadfb2ad490a40a78248aa4f?s=96&d=mm&r=g","caption":"calonnearthur29@gmail.com"},"url":"https:\/\/immigrantquebec.com\/fr\/author\/calonnearthur29gmail-com\/"}]}},"_links":{"self":[{"href":"https:\/\/immigrantquebec.com\/fr\/wp-json\/wp\/v2\/posts\/4629","targetHints":{"allow":["GET"]}}],"collection":[{"href":"https:\/\/immigrantquebec.com\/fr\/wp-json\/wp\/v2\/posts"}],"about":[{"href":"https:\/\/immigrantquebec.com\/fr\/wp-json\/wp\/v2\/types\/post"}],"author":[{"embeddable":true,"href":"https:\/\/immigrantquebec.com\/fr\/wp-json\/wp\/v2\/users\/3460"}],"replies":[{"embeddable":true,"href":"https:\/\/immigrantquebec.com\/fr\/wp-json\/wp\/v2\/comments?post=4629"}],"version-history":[{"count":0,"href":"https:\/\/immigrantquebec.com\/fr\/wp-json\/wp\/v2\/posts\/4629\/revisions"}],"wp:featuredmedia":[{"embeddable":true,"href":"https:\/\/immigrantquebec.com\/fr\/wp-json\/wp\/v2\/media\/9518"}],"wp:attachment":[{"href":"https:\/\/immigrantquebec.com\/fr\/wp-json\/wp\/v2\/media?parent=4629"}],"wp:term":[{"taxonomy":"category","embeddable":true,"href":"https:\/\/immigrantquebec.com\/fr\/wp-json\/wp\/v2\/categories?post=4629"},{"taxonomy":"post_tag","embeddable":true,"href":"https:\/\/immigrantquebec.com\/fr\/wp-json\/wp\/v2\/tags?post=4629"}],"curies":[{"name":"wp","href":"https:\/\/api.w.org\/{rel}","templated":true}]}}