{"id":4680,"date":"2021-10-13T12:10:08","date_gmt":"2021-10-13T16:10:08","guid":{"rendered":"https:\/\/immigrantquebec.com\/?p=4680"},"modified":"2022-03-03T15:59:43","modified_gmt":"2022-03-03T19:59:43","slug":"les-enfants-de-parents-immigrants-au-statut-precaire-desormais-couverts-par-la-ramq","status":"publish","type":"post","link":"https:\/\/immigrantquebec.com\/fr\/actualites\/les-enfants-de-parents-immigrants-au-statut-precaire-desormais-couverts-par-la-ramq\/","title":{"rendered":"Les enfants de parents immigrants au statut pr\u00e9caire d\u00e9sormais couverts par la RAMQ"},"content":{"rendered":"<p><em>Le 23\u00a0juillet 2020, le gouvernement du Qu\u00e9bec avait exprim\u00e9 son intention de garantir l\u2019acc\u00e8s au r\u00e9gime universel de sant\u00e9 \u00e0 tous les enfants n\u00e9s au Qu\u00e9bec. Un an et trois mois plus tard, conform\u00e9ment \u00e0 ce qui avait \u00e9t\u00e9 annonc\u00e9, c&rsquo;est une mesure particuli\u00e8rement inclusive qui est entr\u00e9e en vigueur.<\/em><\/p>\n<p>Depuis le 22\u00a0septembre 2021, certains enfants de parents immigrants au statut pr\u00e9caire peuvent b\u00e9n\u00e9ficier de la couverture des services de sant\u00e9 et des services sociaux au Qu\u00e9bec, avec l\u2019entr\u00e9e en vigueur de la <em>Loi concernant principalement l\u2019admissibilit\u00e9 au r\u00e9gime d\u2019assurance maladie et au r\u00e9gime g\u00e9n\u00e9ral d\u2019assurance m\u00e9dicaments de certains enfants dont les parents ont un statut migratoire pr\u00e9caire et modifiant la Loi concernant les soins de fin de vie<\/em>. Cette \u00e9volution majeure du syst\u00e8me de sant\u00e9 va concerner au moins 14\u2009500\u00a0enfants par an.<\/p>\n<h2>Des conditions d\u2019admissibilit\u00e9 li\u00e9es \u00e0 la pr\u00e9sence au Qu\u00e9bec<\/h2>\n<p>Conform\u00e9ment au projet de loi initial, sont d\u00e9sormais couverts les enfants \u00ab\u2009n\u00e9s de parents au statut migratoire pr\u00e9caire et \u00e9tant habituellement pr\u00e9sents sur le territoire qu\u00e9b\u00e9cois\u2009\u00bb. Ainsi, nul besoin pour ces enfants d\u2019\u00eatre n\u00e9s au Qu\u00e9bec. Pour \u00eatre admissible au r\u00e9gime de l\u2019assurance maladie du Qu\u00e9bec (RAMQ) et au r\u00e9gime g\u00e9n\u00e9ral de l\u2019assurance m\u00e9dicaments, la seule condition exig\u00e9e est celle de la pr\u00e9sence de ces enfants au Qu\u00e9bec au moins 6\u00a0mois par an.<\/p>\n<p>Sont ainsi couverts\u00a0:<\/p>\n<ul>\n<li>les enfants de parents en s\u00e9jour temporaire au Qu\u00e9bec, comme les travailleurs et les \u00e9tudiants \u00e9trangers, mais aussi<\/li>\n<li>ceux qui n\u2019ont pas de statut l\u00e9gal au Canada.<\/li>\n<\/ul>\n<p>Notons enfin que les enfants sont \u00e9ligibles \u00e0 cette couverture d\u00e8s leur arriv\u00e9e au Qu\u00e9bec et sans d\u00e9lai de carence, qui s\u2019applique g\u00e9n\u00e9ralement durant les trois premiers mois de l\u2019\u00e9tablissement dans la province.<\/p>\n<h2>Une premi\u00e8re r\u00e9ponse en faveur de l\u2019acc\u00e8s aux soins par les plus jeunes<\/h2>\n<p>18 mois de pand\u00e9mie nous ont enseign\u00e9 l\u2019importance vitale de l\u2019acc\u00e8s aux soins de sant\u00e9, pour les personnes les plus vuln\u00e9rables, et notamment les plus jeunes. Cette nouvelle mesure est assur\u00e9ment une r\u00e9ponse positive en faveur des enfants mineurs, parfois n\u00e9s ici, qui r\u00e9sident au Qu\u00e9bec avec leurs parents, ind\u00e9pendamment du statut d\u2019immigration de ces derniers. Une r\u00e9ponse qui \u00e9tait appel\u00e9e par plusieurs repr\u00e9sentants de la soci\u00e9t\u00e9 civile \u2014 \u00e0 commencer par le Protecteur du citoyen, qui recommandait \u00e0 la RAMQ d\u2019ouvrir ses services \u00e0 tous les enfants n\u00e9s au Qu\u00e9bec, <em>a minima<\/em>.<\/p>\n<p>Mais si une \u00e9tape fondamentale a bien \u00e9t\u00e9 franchie vers une meilleure protection des plus jeunes, il s\u2019agit pour certains d\u2019un premier pas vers une prise en compte plus globale de l\u2019enfant. Une <a href=\"https:\/\/tout-petits.org\/img\/dossiers\/migrant\/Dossier-Acces-soins-migrants-complet.pdf\" target=\"_blank\" rel=\"noopener\">\u00e9tude publi\u00e9e en 2019 par l\u2019Observatoire des tout-petits<\/a> relevait ainsi l\u2019importance des 1\u2009000\u00a0premiers jours de vie dans le d\u00e9veloppement humain, soit une p\u00e9riode incluant la grossesse et les deux premi\u00e8res ann\u00e9es de l\u2019enfant. La prochaine grande \u00e9tape qui se dessine semble donc de consid\u00e9rer la prise en charge de l\u2019enfant de parents immigrants, et donc de la m\u00e8re, d\u00e8s la conception.<\/p>\n<p><em><u><a href=\"https:\/\/www.ramq.gouv.qc.ca\/fr\/actualites\/2021-09-20\/changements-a-couverture-soins-sante-certains-enfants\" target=\"_blank\" rel=\"noopener\">Source<\/a>.<\/u><\/em><\/p>\n","protected":false},"excerpt":{"rendered":"<p>Le 23\u00a0juillet 2020, le gouvernement du Qu\u00e9bec avait exprim\u00e9 son intention de garantir l\u2019acc\u00e8s au r\u00e9gime universel de sant\u00e9 \u00e0 tous les enfants n\u00e9s au Qu\u00e9bec. Un an et trois mois plus tard, conform\u00e9ment \u00e0 ce qui avait \u00e9t\u00e9 annonc\u00e9, c&rsquo;est une mesure particuli\u00e8rement inclusive qui est entr\u00e9e en vigueur. Depuis le 22\u00a0septembre 2021, certains [&hellip;]<\/p>\n","protected":false},"author":3459,"featured_media":4681,"comment_status":"closed","ping_status":"closed","sticky":false,"template":"","format":"standard","meta":{"_acf_changed":false,"_genesis_hide_title":false,"_genesis_hide_breadcrumbs":false,"_genesis_hide_singular_image":false,"_genesis_hide_footer_widgets":false,"_genesis_custom_body_class":"","_genesis_custom_post_class":"","_genesis_layout":"","footnotes":""},"categories":[1],"tags":[],"class_list":{"0":"post-4680","1":"post","2":"type-post","3":"status-publish","4":"format-standard","5":"has-post-thumbnail","7":"category-actualites","8":"entry"},"acf":[],"yoast_head":"<!-- This site is optimized with the Yoast SEO plugin v27.5 - https:\/\/yoast.com\/product\/yoast-seo-wordpress\/ -->\n<title>Les enfants de parents immigrants au statut pr\u00e9caire d\u00e9sormais couverts par la RAMQ - Immigrant Qu\u00e9bec<\/title>\n<meta name=\"robots\" content=\"index, follow, max-snippet:-1, max-image-preview:large, max-video-preview:-1\" \/>\n<link rel=\"canonical\" href=\"https:\/\/immigrantquebec.com\/fr\/actualites\/les-enfants-de-parents-immigrants-au-statut-precaire-desormais-couverts-par-la-ramq\/\" \/>\n<meta property=\"og:locale\" content=\"fr_FR\" \/>\n<meta property=\"og:type\" content=\"article\" \/>\n<meta property=\"og:title\" content=\"Les enfants de parents immigrants au statut pr\u00e9caire d\u00e9sormais couverts par la RAMQ - Immigrant Qu\u00e9bec\" \/>\n<meta property=\"og:description\" content=\"Le 23\u00a0juillet 2020, le gouvernement du Qu\u00e9bec avait exprim\u00e9 son intention de garantir l\u2019acc\u00e8s au r\u00e9gime universel de sant\u00e9 \u00e0 tous les enfants n\u00e9s au Qu\u00e9bec. Un an et trois mois plus tard, conform\u00e9ment \u00e0 ce qui avait \u00e9t\u00e9 annonc\u00e9, c&rsquo;est une mesure particuli\u00e8rement inclusive qui est entr\u00e9e en vigueur. Depuis le 22\u00a0septembre 2021, certains [&hellip;]\" \/>\n<meta property=\"og:url\" content=\"https:\/\/immigrantquebec.com\/fr\/actualites\/les-enfants-de-parents-immigrants-au-statut-precaire-desormais-couverts-par-la-ramq\/\" \/>\n<meta property=\"og:site_name\" content=\"Immigrant Qu\u00e9bec\" \/>\n<meta property=\"article:publisher\" content=\"https:\/\/www.facebook.com\/immigrantquebec\" \/>\n<meta property=\"article:published_time\" content=\"2021-10-13T16:10:08+00:00\" \/>\n<meta property=\"article:modified_time\" content=\"2022-03-03T19:59:43+00:00\" \/>\n<meta property=\"og:image\" content=\"https:\/\/immigrantquebec.com\/fr\/wp-content\/uploads\/2021\/12\/RAMQ.jpeg\" \/>\n\t<meta property=\"og:image:width\" content=\"950\" \/>\n\t<meta property=\"og:image:height\" content=\"400\" \/>\n\t<meta property=\"og:image:type\" content=\"image\/jpeg\" \/>\n<meta name=\"author\" content=\"Basile Moratille\" \/>\n<meta name=\"twitter:label1\" content=\"\u00c9crit par\" \/>\n\t<meta name=\"twitter:data1\" content=\"Basile Moratille\" \/>\n\t<meta name=\"twitter:label2\" content=\"Dur\u00e9e de lecture estim\u00e9e\" \/>\n\t<meta name=\"twitter:data2\" content=\"3 minutes\" \/>\n<script type=\"application\/ld+json\" class=\"yoast-schema-graph\">{\"@context\":\"https:\\\/\\\/schema.org\",\"@graph\":[{\"@type\":\"Article\",\"@id\":\"https:\\\/\\\/immigrantquebec.com\\\/fr\\\/actualites\\\/les-enfants-de-parents-immigrants-au-statut-precaire-desormais-couverts-par-la-ramq\\\/#article\",\"isPartOf\":{\"@id\":\"https:\\\/\\\/immigrantquebec.com\\\/fr\\\/actualites\\\/les-enfants-de-parents-immigrants-au-statut-precaire-desormais-couverts-par-la-ramq\\\/\"},\"author\":{\"name\":\"Basile Moratille\",\"@id\":\"https:\\\/\\\/immigrantquebec.com\\\/fr\\\/#\\\/schema\\\/person\\\/eed5ca7ba2c1007e602ee9b9b87fb4b8\"},\"headline\":\"Les enfants de parents immigrants au statut pr\u00e9caire d\u00e9sormais couverts par la RAMQ\",\"datePublished\":\"2021-10-13T16:10:08+00:00\",\"dateModified\":\"2022-03-03T19:59:43+00:00\",\"mainEntityOfPage\":{\"@id\":\"https:\\\/\\\/immigrantquebec.com\\\/fr\\\/actualites\\\/les-enfants-de-parents-immigrants-au-statut-precaire-desormais-couverts-par-la-ramq\\\/\"},\"wordCount\":583,\"publisher\":{\"@id\":\"https:\\\/\\\/immigrantquebec.com\\\/fr\\\/#organization\"},\"image\":{\"@id\":\"https:\\\/\\\/immigrantquebec.com\\\/fr\\\/actualites\\\/les-enfants-de-parents-immigrants-au-statut-precaire-desormais-couverts-par-la-ramq\\\/#primaryimage\"},\"thumbnailUrl\":\"https:\\\/\\\/immigrantquebec.com\\\/fr\\\/wp-content\\\/uploads\\\/2021\\\/12\\\/RAMQ.jpeg\",\"articleSection\":[\"Actualit\u00e9s\"],\"inLanguage\":\"fr-FR\"},{\"@type\":\"WebPage\",\"@id\":\"https:\\\/\\\/immigrantquebec.com\\\/fr\\\/actualites\\\/les-enfants-de-parents-immigrants-au-statut-precaire-desormais-couverts-par-la-ramq\\\/\",\"url\":\"https:\\\/\\\/immigrantquebec.com\\\/fr\\\/actualites\\\/les-enfants-de-parents-immigrants-au-statut-precaire-desormais-couverts-par-la-ramq\\\/\",\"name\":\"Les enfants de parents immigrants au statut pr\u00e9caire d\u00e9sormais couverts par la RAMQ - Immigrant Qu\u00e9bec\",\"isPartOf\":{\"@id\":\"https:\\\/\\\/immigrantquebec.com\\\/fr\\\/#website\"},\"primaryImageOfPage\":{\"@id\":\"https:\\\/\\\/immigrantquebec.com\\\/fr\\\/actualites\\\/les-enfants-de-parents-immigrants-au-statut-precaire-desormais-couverts-par-la-ramq\\\/#primaryimage\"},\"image\":{\"@id\":\"https:\\\/\\\/immigrantquebec.com\\\/fr\\\/actualites\\\/les-enfants-de-parents-immigrants-au-statut-precaire-desormais-couverts-par-la-ramq\\\/#primaryimage\"},\"thumbnailUrl\":\"https:\\\/\\\/immigrantquebec.com\\\/fr\\\/wp-content\\\/uploads\\\/2021\\\/12\\\/RAMQ.jpeg\",\"datePublished\":\"2021-10-13T16:10:08+00:00\",\"dateModified\":\"2022-03-03T19:59:43+00:00\",\"breadcrumb\":{\"@id\":\"https:\\\/\\\/immigrantquebec.com\\\/fr\\\/actualites\\\/les-enfants-de-parents-immigrants-au-statut-precaire-desormais-couverts-par-la-ramq\\\/#breadcrumb\"},\"inLanguage\":\"fr-FR\",\"potentialAction\":[{\"@type\":\"ReadAction\",\"target\":[\"https:\\\/\\\/immigrantquebec.com\\\/fr\\\/actualites\\\/les-enfants-de-parents-immigrants-au-statut-precaire-desormais-couverts-par-la-ramq\\\/\"]}]},{\"@type\":\"ImageObject\",\"inLanguage\":\"fr-FR\",\"@id\":\"https:\\\/\\\/immigrantquebec.com\\\/fr\\\/actualites\\\/les-enfants-de-parents-immigrants-au-statut-precaire-desormais-couverts-par-la-ramq\\\/#primaryimage\",\"url\":\"https:\\\/\\\/immigrantquebec.com\\\/fr\\\/wp-content\\\/uploads\\\/2021\\\/12\\\/RAMQ.jpeg\",\"contentUrl\":\"https:\\\/\\\/immigrantquebec.com\\\/fr\\\/wp-content\\\/uploads\\\/2021\\\/12\\\/RAMQ.jpeg\",\"width\":950,\"height\":400},{\"@type\":\"BreadcrumbList\",\"@id\":\"https:\\\/\\\/immigrantquebec.com\\\/fr\\\/actualites\\\/les-enfants-de-parents-immigrants-au-statut-precaire-desormais-couverts-par-la-ramq\\\/#breadcrumb\",\"itemListElement\":[{\"@type\":\"ListItem\",\"position\":1,\"name\":\"Accueil\",\"item\":\"https:\\\/\\\/immigrantquebec.com\\\/fr\\\/\"},{\"@type\":\"ListItem\",\"position\":2,\"name\":\"Actualit\u00e9s\",\"item\":\"https:\\\/\\\/immigrantquebec.com\\\/fr\\\/actualites\\\/\"},{\"@type\":\"ListItem\",\"position\":3,\"name\":\"Les enfants de parents immigrants au statut pr\u00e9caire d\u00e9sormais couverts par la RAMQ\"}]},{\"@type\":\"WebSite\",\"@id\":\"https:\\\/\\\/immigrantquebec.com\\\/fr\\\/#website\",\"url\":\"https:\\\/\\\/immigrantquebec.com\\\/fr\\\/\",\"name\":\"Immigrant Qu\u00e9bec\",\"description\":\"Immigrer, vivre, travailler et \u00e9tudier au Qu\u00e9bec, Canada\",\"publisher\":{\"@id\":\"https:\\\/\\\/immigrantquebec.com\\\/fr\\\/#organization\"},\"potentialAction\":[{\"@type\":\"SearchAction\",\"target\":{\"@type\":\"EntryPoint\",\"urlTemplate\":\"https:\\\/\\\/immigrantquebec.com\\\/fr\\\/?s={search_term_string}\"},\"query-input\":{\"@type\":\"PropertyValueSpecification\",\"valueRequired\":true,\"valueName\":\"search_term_string\"}}],\"inLanguage\":\"fr-FR\"},{\"@type\":\"Organization\",\"@id\":\"https:\\\/\\\/immigrantquebec.com\\\/fr\\\/#organization\",\"name\":\"Immigrant Qu\u00e9bec\",\"url\":\"https:\\\/\\\/immigrantquebec.com\\\/fr\\\/\",\"logo\":{\"@type\":\"ImageObject\",\"inLanguage\":\"fr-FR\",\"@id\":\"https:\\\/\\\/immigrantquebec.com\\\/fr\\\/#\\\/schema\\\/logo\\\/image\\\/\",\"url\":\"https:\\\/\\\/immigrantquebec.com\\\/fr\\\/wp-content\\\/uploads\\\/2024\\\/03\\\/LogoIQ-2024-RVB.png\",\"contentUrl\":\"https:\\\/\\\/immigrantquebec.com\\\/fr\\\/wp-content\\\/uploads\\\/2024\\\/03\\\/LogoIQ-2024-RVB.png\",\"width\":2500,\"height\":1137,\"caption\":\"Immigrant Qu\u00e9bec\"},\"image\":{\"@id\":\"https:\\\/\\\/immigrantquebec.com\\\/fr\\\/#\\\/schema\\\/logo\\\/image\\\/\"},\"sameAs\":[\"https:\\\/\\\/www.facebook.com\\\/immigrantquebec\",\"https:\\\/\\\/x.com\\\/ImmigrantQuebec\",\"https:\\\/\\\/www.instagram.com\\\/immigrantquebec\",\"https:\\\/\\\/www.youtube.com\\\/user\\\/ImmigrantQc\"]},{\"@type\":\"Person\",\"@id\":\"https:\\\/\\\/immigrantquebec.com\\\/fr\\\/#\\\/schema\\\/person\\\/eed5ca7ba2c1007e602ee9b9b87fb4b8\",\"name\":\"Basile Moratille\",\"image\":{\"@type\":\"ImageObject\",\"inLanguage\":\"fr-FR\",\"@id\":\"https:\\\/\\\/secure.gravatar.com\\\/avatar\\\/639aa731bb7134a1e944526697fe0549d67ab17e00987171296fb5362fc909e9?s=96&d=mm&r=g\",\"url\":\"https:\\\/\\\/secure.gravatar.com\\\/avatar\\\/639aa731bb7134a1e944526697fe0549d67ab17e00987171296fb5362fc909e9?s=96&d=mm&r=g\",\"contentUrl\":\"https:\\\/\\\/secure.gravatar.com\\\/avatar\\\/639aa731bb7134a1e944526697fe0549d67ab17e00987171296fb5362fc909e9?s=96&d=mm&r=g\",\"caption\":\"Basile Moratille\"},\"description\":\"Directeur des contenus et des publications, Immigrant Qu\u00e9bec.\",\"url\":\"https:\\\/\\\/immigrantquebec.com\\\/fr\\\/author\\\/basile-moratilleimmigrantquebec-com\\\/\"}]}<\/script>\n<!-- \/ Yoast SEO plugin. -->","yoast_head_json":{"title":"Les enfants de parents immigrants au statut pr\u00e9caire d\u00e9sormais couverts par la RAMQ - Immigrant Qu\u00e9bec","robots":{"index":"index","follow":"follow","max-snippet":"max-snippet:-1","max-image-preview":"max-image-preview:large","max-video-preview":"max-video-preview:-1"},"canonical":"https:\/\/immigrantquebec.com\/fr\/actualites\/les-enfants-de-parents-immigrants-au-statut-precaire-desormais-couverts-par-la-ramq\/","og_locale":"fr_FR","og_type":"article","og_title":"Les enfants de parents immigrants au statut pr\u00e9caire d\u00e9sormais couverts par la RAMQ - Immigrant Qu\u00e9bec","og_description":"Le 23\u00a0juillet 2020, le gouvernement du Qu\u00e9bec avait exprim\u00e9 son intention de garantir l\u2019acc\u00e8s au r\u00e9gime universel de sant\u00e9 \u00e0 tous les enfants n\u00e9s au Qu\u00e9bec. Un an et trois mois plus tard, conform\u00e9ment \u00e0 ce qui avait \u00e9t\u00e9 annonc\u00e9, c&rsquo;est une mesure particuli\u00e8rement inclusive qui est entr\u00e9e en vigueur. Depuis le 22\u00a0septembre 2021, certains [&hellip;]","og_url":"https:\/\/immigrantquebec.com\/fr\/actualites\/les-enfants-de-parents-immigrants-au-statut-precaire-desormais-couverts-par-la-ramq\/","og_site_name":"Immigrant Qu\u00e9bec","article_publisher":"https:\/\/www.facebook.com\/immigrantquebec","article_published_time":"2021-10-13T16:10:08+00:00","article_modified_time":"2022-03-03T19:59:43+00:00","og_image":[{"width":950,"height":400,"url":"https:\/\/immigrantquebec.com\/fr\/wp-content\/uploads\/2021\/12\/RAMQ.jpeg","type":"image\/jpeg"}],"author":"Basile Moratille","twitter_misc":{"\u00c9crit par":"Basile Moratille","Dur\u00e9e de lecture estim\u00e9e":"3 minutes"},"schema":{"@context":"https:\/\/schema.org","@graph":[{"@type":"Article","@id":"https:\/\/immigrantquebec.com\/fr\/actualites\/les-enfants-de-parents-immigrants-au-statut-precaire-desormais-couverts-par-la-ramq\/#article","isPartOf":{"@id":"https:\/\/immigrantquebec.com\/fr\/actualites\/les-enfants-de-parents-immigrants-au-statut-precaire-desormais-couverts-par-la-ramq\/"},"author":{"name":"Basile Moratille","@id":"https:\/\/immigrantquebec.com\/fr\/#\/schema\/person\/eed5ca7ba2c1007e602ee9b9b87fb4b8"},"headline":"Les enfants de parents immigrants au statut pr\u00e9caire d\u00e9sormais couverts par la RAMQ","datePublished":"2021-10-13T16:10:08+00:00","dateModified":"2022-03-03T19:59:43+00:00","mainEntityOfPage":{"@id":"https:\/\/immigrantquebec.com\/fr\/actualites\/les-enfants-de-parents-immigrants-au-statut-precaire-desormais-couverts-par-la-ramq\/"},"wordCount":583,"publisher":{"@id":"https:\/\/immigrantquebec.com\/fr\/#organization"},"image":{"@id":"https:\/\/immigrantquebec.com\/fr\/actualites\/les-enfants-de-parents-immigrants-au-statut-precaire-desormais-couverts-par-la-ramq\/#primaryimage"},"thumbnailUrl":"https:\/\/immigrantquebec.com\/fr\/wp-content\/uploads\/2021\/12\/RAMQ.jpeg","articleSection":["Actualit\u00e9s"],"inLanguage":"fr-FR"},{"@type":"WebPage","@id":"https:\/\/immigrantquebec.com\/fr\/actualites\/les-enfants-de-parents-immigrants-au-statut-precaire-desormais-couverts-par-la-ramq\/","url":"https:\/\/immigrantquebec.com\/fr\/actualites\/les-enfants-de-parents-immigrants-au-statut-precaire-desormais-couverts-par-la-ramq\/","name":"Les enfants de parents immigrants au statut pr\u00e9caire d\u00e9sormais couverts par la RAMQ - Immigrant Qu\u00e9bec","isPartOf":{"@id":"https:\/\/immigrantquebec.com\/fr\/#website"},"primaryImageOfPage":{"@id":"https:\/\/immigrantquebec.com\/fr\/actualites\/les-enfants-de-parents-immigrants-au-statut-precaire-desormais-couverts-par-la-ramq\/#primaryimage"},"image":{"@id":"https:\/\/immigrantquebec.com\/fr\/actualites\/les-enfants-de-parents-immigrants-au-statut-precaire-desormais-couverts-par-la-ramq\/#primaryimage"},"thumbnailUrl":"https:\/\/immigrantquebec.com\/fr\/wp-content\/uploads\/2021\/12\/RAMQ.jpeg","datePublished":"2021-10-13T16:10:08+00:00","dateModified":"2022-03-03T19:59:43+00:00","breadcrumb":{"@id":"https:\/\/immigrantquebec.com\/fr\/actualites\/les-enfants-de-parents-immigrants-au-statut-precaire-desormais-couverts-par-la-ramq\/#breadcrumb"},"inLanguage":"fr-FR","potentialAction":[{"@type":"ReadAction","target":["https:\/\/immigrantquebec.com\/fr\/actualites\/les-enfants-de-parents-immigrants-au-statut-precaire-desormais-couverts-par-la-ramq\/"]}]},{"@type":"ImageObject","inLanguage":"fr-FR","@id":"https:\/\/immigrantquebec.com\/fr\/actualites\/les-enfants-de-parents-immigrants-au-statut-precaire-desormais-couverts-par-la-ramq\/#primaryimage","url":"https:\/\/immigrantquebec.com\/fr\/wp-content\/uploads\/2021\/12\/RAMQ.jpeg","contentUrl":"https:\/\/immigrantquebec.com\/fr\/wp-content\/uploads\/2021\/12\/RAMQ.jpeg","width":950,"height":400},{"@type":"BreadcrumbList","@id":"https:\/\/immigrantquebec.com\/fr\/actualites\/les-enfants-de-parents-immigrants-au-statut-precaire-desormais-couverts-par-la-ramq\/#breadcrumb","itemListElement":[{"@type":"ListItem","position":1,"name":"Accueil","item":"https:\/\/immigrantquebec.com\/fr\/"},{"@type":"ListItem","position":2,"name":"Actualit\u00e9s","item":"https:\/\/immigrantquebec.com\/fr\/actualites\/"},{"@type":"ListItem","position":3,"name":"Les enfants de parents immigrants au statut pr\u00e9caire d\u00e9sormais couverts par la RAMQ"}]},{"@type":"WebSite","@id":"https:\/\/immigrantquebec.com\/fr\/#website","url":"https:\/\/immigrantquebec.com\/fr\/","name":"Immigrant Qu\u00e9bec","description":"Immigrer, vivre, travailler et \u00e9tudier au Qu\u00e9bec, Canada","publisher":{"@id":"https:\/\/immigrantquebec.com\/fr\/#organization"},"potentialAction":[{"@type":"SearchAction","target":{"@type":"EntryPoint","urlTemplate":"https:\/\/immigrantquebec.com\/fr\/?s={search_term_string}"},"query-input":{"@type":"PropertyValueSpecification","valueRequired":true,"valueName":"search_term_string"}}],"inLanguage":"fr-FR"},{"@type":"Organization","@id":"https:\/\/immigrantquebec.com\/fr\/#organization","name":"Immigrant Qu\u00e9bec","url":"https:\/\/immigrantquebec.com\/fr\/","logo":{"@type":"ImageObject","inLanguage":"fr-FR","@id":"https:\/\/immigrantquebec.com\/fr\/#\/schema\/logo\/image\/","url":"https:\/\/immigrantquebec.com\/fr\/wp-content\/uploads\/2024\/03\/LogoIQ-2024-RVB.png","contentUrl":"https:\/\/immigrantquebec.com\/fr\/wp-content\/uploads\/2024\/03\/LogoIQ-2024-RVB.png","width":2500,"height":1137,"caption":"Immigrant Qu\u00e9bec"},"image":{"@id":"https:\/\/immigrantquebec.com\/fr\/#\/schema\/logo\/image\/"},"sameAs":["https:\/\/www.facebook.com\/immigrantquebec","https:\/\/x.com\/ImmigrantQuebec","https:\/\/www.instagram.com\/immigrantquebec","https:\/\/www.youtube.com\/user\/ImmigrantQc"]},{"@type":"Person","@id":"https:\/\/immigrantquebec.com\/fr\/#\/schema\/person\/eed5ca7ba2c1007e602ee9b9b87fb4b8","name":"Basile Moratille","image":{"@type":"ImageObject","inLanguage":"fr-FR","@id":"https:\/\/secure.gravatar.com\/avatar\/639aa731bb7134a1e944526697fe0549d67ab17e00987171296fb5362fc909e9?s=96&d=mm&r=g","url":"https:\/\/secure.gravatar.com\/avatar\/639aa731bb7134a1e944526697fe0549d67ab17e00987171296fb5362fc909e9?s=96&d=mm&r=g","contentUrl":"https:\/\/secure.gravatar.com\/avatar\/639aa731bb7134a1e944526697fe0549d67ab17e00987171296fb5362fc909e9?s=96&d=mm&r=g","caption":"Basile Moratille"},"description":"Directeur des contenus et des publications, Immigrant Qu\u00e9bec.","url":"https:\/\/immigrantquebec.com\/fr\/author\/basile-moratilleimmigrantquebec-com\/"}]}},"_links":{"self":[{"href":"https:\/\/immigrantquebec.com\/fr\/wp-json\/wp\/v2\/posts\/4680","targetHints":{"allow":["GET"]}}],"collection":[{"href":"https:\/\/immigrantquebec.com\/fr\/wp-json\/wp\/v2\/posts"}],"about":[{"href":"https:\/\/immigrantquebec.com\/fr\/wp-json\/wp\/v2\/types\/post"}],"author":[{"embeddable":true,"href":"https:\/\/immigrantquebec.com\/fr\/wp-json\/wp\/v2\/users\/3459"}],"replies":[{"embeddable":true,"href":"https:\/\/immigrantquebec.com\/fr\/wp-json\/wp\/v2\/comments?post=4680"}],"version-history":[{"count":0,"href":"https:\/\/immigrantquebec.com\/fr\/wp-json\/wp\/v2\/posts\/4680\/revisions"}],"wp:featuredmedia":[{"embeddable":true,"href":"https:\/\/immigrantquebec.com\/fr\/wp-json\/wp\/v2\/media\/4681"}],"wp:attachment":[{"href":"https:\/\/immigrantquebec.com\/fr\/wp-json\/wp\/v2\/media?parent=4680"}],"wp:term":[{"taxonomy":"category","embeddable":true,"href":"https:\/\/immigrantquebec.com\/fr\/wp-json\/wp\/v2\/categories?post=4680"},{"taxonomy":"post_tag","embeddable":true,"href":"https:\/\/immigrantquebec.com\/fr\/wp-json\/wp\/v2\/tags?post=4680"}],"curies":[{"name":"wp","href":"https:\/\/api.w.org\/{rel}","templated":true}]}}