{"id":4701,"date":"2021-08-31T12:40:45","date_gmt":"2021-08-31T16:40:45","guid":{"rendered":"https:\/\/immigrantquebec.com\/?p=4701"},"modified":"2022-03-03T16:00:24","modified_gmt":"2022-03-03T20:00:24","slug":"une-nouvelle-grille-de-classification-des-declarations-d-interet-dans-le-cadre-du-prtq","status":"publish","type":"post","link":"https:\/\/immigrantquebec.com\/fr\/actualites\/une-nouvelle-grille-de-classification-des-declarations-d-interet-dans-le-cadre-du-prtq\/","title":{"rendered":"Une nouvelle grille de classification des d\u00e9clarations d\u2019int\u00e9r\u00eat dans le cadre du PRTQ"},"content":{"rendered":"<p><em>Le syst\u00e8me de s\u00e9lection permanente dans le cadre du Programme r\u00e9gulier des travailleurs qualifi\u00e9s du Qu\u00e9bec change. En modifiant le pointage qui permet de classer les d\u00e9clarations d\u2019int\u00e9r\u00eat d\u00e9pos\u00e9es sur la plateforme Arrima, le gouvernement se dote d\u2019un outil de qualification des candidats \u00e0 l\u2019immigration \u2014 mais prend le risque d\u2019alourdir une proc\u00e9dure d\u00e9j\u00e0 complexe.<\/em><\/p>\n<p>Le 14\u00a0juillet, un arr\u00eat\u00e9 minist\u00e9riel annon\u00e7ait discr\u00e8tement une \u00e9volution dans le pointage sur le portail Arrima. D\u00e9sormais, les d\u00e9clarations d\u2019int\u00e9r\u00eat (DI) pr\u00e9sent\u00e9es dans le cadre du Programme r\u00e9gulier des travailleurs qualifi\u00e9s (PRTQ) seront class\u00e9es selon l\u2019exp\u00e9rience, les comp\u00e9tences ou la langue. En cela, le minist\u00e8re de l\u2019Immigration, de la Francisation et de l\u2019Int\u00e9gration (MIFI) entend classer les candidats en fonction de leur <a href=\"http:\/\/www.immigration-quebec.gouv.qc.ca\/fr\/informations\/arrima\/individus\/programme-regulier-travailleurs-qualifies\/index.html\" target=\"_blank\" rel=\"noopener\">potentiel d\u2019int\u00e9gration, et l&rsquo;ad\u00e9quation de leur profil avec les besoins du Qu\u00e9bec<\/a>.<\/p>\n<p>Mais attention\u00a0: le MIFI nous a express\u00e9ment indiqu\u00e9 que cette nouvelle mesure ne constitue pas une pr\u00e9s\u00e9lection des candidats \u00e0 la s\u00e9lection permanente. Aucun document ou preuve additionnel ne leurs sont d\u2019ailleurs r\u00e9clam\u00e9s \u00e0 ce stade. Une personne dont la d\u00e9claration d\u2019int\u00e9r\u00eat atteint le maximum de points pourrait tout de m\u00eame voir sa demande de s\u00e9lection refus\u00e9e par la suite.<\/p>\n<p>Pour rappel, ce n\u2019est qu\u2019apr\u00e8s avoir soumis leur d\u00e9claration d\u2019int\u00e9r\u00eat que les candidats peuvent \u00eatre (ou non) invit\u00e9s par le MIFI \u00e0 pr\u00e9senter leur demande compl\u00e8te de s\u00e9lection permanente et \u00e0 payer les frais.<\/p>\n<h2><strong>Qu\u2019est-ce qui change\u2009?<\/strong><\/h2>\n<p>Auparavant, seules les demandes formelles \u00e9taient soumises \u00e0 une <a href=\"https:\/\/cdn-contenu.quebec.ca\/cdn-contenu\/immigration\/publications\/GR_Selection_Travailleurs_Qualifies.pdf?1616677921\" target=\"_blank\" rel=\"noopener\">grille de s\u00e9lection<\/a>. On n\u2019observe pas de changement \u00e0 ce niveau. Pour le classement des demandes de s\u00e9lection permanente, les crit\u00e8res restent donc les m\u00eames. Il faut avoir 50\u00a0points minimum pour recevoir son certificat de s\u00e9lection du Qu\u00e9bec (CSQ).<\/p>\n<p>Le changement concerne donc exclusivement la phase initiale de s\u00e9lection permanente, celle de la d\u00e9claration d\u2019int\u00e9r\u00eat. D\u00e9sormais, les d\u00e9clarations d\u2019int\u00e9r\u00eat sont elles aussi soumises \u00e0 une grille de classification. Ce syst\u00e8me doit permettre au MIFI d\u2019\u00e9valuer les d\u00e9clarations d\u2019int\u00e9r\u00eat qu\u2019il re\u00e7oit en fonction de crit\u00e8res communs \u2014 et \u00e9mettre les invitations \u00e0 pr\u00e9senter une demande selon les profils dont le Qu\u00e9bec a besoin.<\/p>\n<p>Selon la nouvelle grille, chaque d\u00e9claration d\u2019int\u00e9r\u00eat peut obtenir jusqu\u2019\u00e0 1\u2009320\u00a0points. Le pointage priorise largement les personnes int\u00e9ress\u00e9es \u00e0 travailler en dehors de Montr\u00e9al. Ce total est divis\u00e9 en deux groupes de crit\u00e8res\u00a0:<\/p>\n<ul>\n<li>le capital humain compte pour 580\u00a0points, et<\/li>\n<li>les besoins du march\u00e9 du travail permettent d\u2019en accumuler 740.<\/li>\n<\/ul>\n<p>L\u2019arrimage avec les besoins des entreprises est davantage valoris\u00e9. On peut noter par exemple que les dipl\u00f4mes postsecondaires techniques sont plus valoris\u00e9s et rapportent 63 ou 81\u00a0points.<\/p>\n<p>Un <a href=\"https:\/\/arrima.immigration-quebec.gouv.qc.ca\/monespacepublic\/calculette\/accueil\" target=\"_blank\" rel=\"noopener\">outil d\u2019auto\u00e9valuation<\/a> a \u00e9galement \u00e9t\u00e9 mis en place par le minist\u00e8re pour aider les candidats \u00e0 mesurer leurs chances d\u2019\u00eatre invit\u00e9s \u00e0 pr\u00e9senter une demande de CSQ.<\/p>\n<p>Des documents justificatifs sont demand\u00e9s au moment de la DI pour prouver les renseignements d\u00e9clar\u00e9s.<\/p>\n<p>Il n\u2019est pas pr\u00e9cis\u00e9 de minimum pour \u00eatre admissible \u00e0 d\u00e9poser une DI.<\/p>\n<p>Si deux candidats obtiennent le m\u00eame nombre de points, ce sera celui qui a d\u00e9pos\u00e9 sa demande en premier qui sera prioris\u00e9.<\/p>\n<h2><strong>Faits saillants du nouveau pointage<\/strong><\/h2>\n<p>Parmi la cat\u00e9gorie sur le capital humain, on compte les crit\u00e8res suivants\u00a0:<\/p>\n<ul>\n<li>La connaissance du fran\u00e7ais peut rapporter jusqu\u2019\u00e0 180\u00a0points pour le demandeur et 40\u00a0points pour le conjoint ou l\u2019\u00e9poux de celui-ci. Le MIFI renvoie les candidats \u00e0 se r\u00e9f\u00e9rer \u00e0 l\u2019\u00c9chelle qu\u00e9b\u00e9coise des niveaux de comp\u00e9tences en fran\u00e7ais des personnes immigrantes adultes.<\/li>\n<li>La connaissance du fran\u00e7ais et de l\u2019anglais peut valoir jusqu\u2019\u00e0 80\u00a0points au demandeur. Pour savoir son niveau d\u2019anglais, il faut se r\u00e9f\u00e9rer aux Niveaux de comp\u00e9tence linguistique canadiens.<\/li>\n<li>L\u2019\u00e2ge peut permettre d\u2019acqu\u00e9rir 130\u00a0points au candidat et 110 \u00e0 l\u2019\u00e9poux ou conjoint. Les 18-30\u00a0ans sont prioris\u00e9s.<\/li>\n<li>L\u2019exp\u00e9rience acquise 5\u00a0ans avant la demande peut rapporter 100\u00a0points. Cela comprend les stages pay\u00e9s ou non.<\/li>\n<li>Le niveau de scolarit\u00e9 vaut quant \u00e0 lui maximum 90\u00a0points pour le demandeur et 70\u00a0points pour le conjoint. Les dipl\u00f4mes doivent \u00eatre obtenus avant la demande. C\u2019est le dipl\u00f4me qui rapporte le plus qui doit \u00eatre consid\u00e9r\u00e9 dans la demande d\u2019int\u00e9r\u00eat.<\/li>\n<\/ul>\n<p>Quant \u00e0 la cat\u00e9gorie concernant les besoins des entreprises\u00a0:<\/p>\n<ul>\n<li>Un maximum de 100\u00a0points peut \u00eatre accord\u00e9 selon l\u2019exp\u00e9rience professionnelle (acquise 5\u00a0ans avant) et la profession occup\u00e9e \u00e0 temps plein. Ce pointage est accord\u00e9 selon une <a href=\"https:\/\/cdn-contenu.quebec.ca\/cdn-contenu\/adm\/min\/travail-emploi-solidarite-sociale\/publications-adm\/rapport\/RA-Diagnostics_professions_synthese.pdf?1624388830\" target=\"_blank\" rel=\"noopener\">liste des diagnostics de moyen terme (2023) pour les 500\u00a0professions de la classification nationale des professions<\/a>. Les professions les plus en demande sont celles qui rapportent le plus aux candidats.<\/li>\n<li>Le domaine de formation peut faire obtenir jusqu\u2019\u00e0 60\u00a0points. Ils sont class\u00e9s de A \u00e0 E, selon une <a href=\"https:\/\/cdn-contenu.quebec.ca\/cdn-contenu\/immigration\/publications\/LI_DomainesFormation.pdf?1616677660\" target=\"_blank\" rel=\"noopener\">liste<\/a> \u00e9tablie par le gouvernement. S\u2019il y a lieu, les dipl\u00f4mes doivent \u00eatre reconnus par un ordre ou un autre organisme.<\/li>\n<li>Ensuite, les dipl\u00f4mes obtenus au Qu\u00e9bec acquis apr\u00e8s un minimum de 900\u00a0heures d\u2019\u00e9tudes peuvent rapporter jusqu\u2019\u00e0 50\u00a0points. Les dipl\u00f4mes universitaires de 3<sup>e<\/sup>cycle sont les plus r\u00e9compens\u00e9s.<\/li>\n<li>La dur\u00e9e de l\u2019exp\u00e9rience de travail qu\u00e9b\u00e9coise peut faire gagner 100\u00a0points. Le maximum est atteint d\u00e8s l\u2019acquisition de plus 4\u00a0ans d\u2019exp\u00e9rience.<\/li>\n<li>L\u2019exp\u00e9rience canadienne, hors Qu\u00e9bec, est elle aussi comptabilis\u00e9e. Avec 4\u00a0ans et plus de travail au Canada, on peut obtenir un maximum de 30\u00a0points.<\/li>\n<li>Enfin, c\u2019est le fait d\u2019avoir une offre d\u2019emploi valid\u00e9e qui rapporte de loin le plus\u00a0: 380 points pour un poste situ\u00e9 \u00e0 l\u2019ext\u00e9rieur de la Communaut\u00e9 m\u00e9tropolitaine de Montr\u00e9al (CMM) et 180 pour un poste au sein de cette derni\u00e8re.<\/li>\n<\/ul>\n<p>Si le candidat \u00e0 l\u2019immigration inclut son conjoint\u00a0:<\/p>\n<ul>\n<li>Les \u00e9tudes du conjoint doivent avoir \u00e9t\u00e9 r\u00e9alis\u00e9es \u00e0 temps plein. Un maximum de 10\u00a0points peut \u00eatre obtenu si le conjoint poss\u00e8de au moins un dipl\u00f4me universitaire de 1<sup>er<\/sup> De m\u00eame pour un dipl\u00f4me re\u00e7u au Qu\u00e9bec, ce sont les dipl\u00f4mes universitaires qui rapportent le plus.<\/li>\n<li>La connaissance du fran\u00e7ais peut rapporter jusqu\u2019\u00e0 40\u00a0points.<\/li>\n<li>Attention\u00a0: Certains pointages changent si le candidat poss\u00e8de un conjoint. C\u2019est le cas de l\u2019\u00e2ge et du niveau de scolarit\u00e9.<\/li>\n<\/ul>\n<p><a href=\"http:\/\/www.immigration-quebec.gouv.qc.ca\/fr\/informations\/arrima\/individus\/programme-regulier-travailleurs-qualifies\/invitations\/pointage.html\" target=\"_blank\" rel=\"noopener\">Pour acc\u00e9der \u00e0 la page d\u2019Arrima<\/a><\/p>\n<p><a href=\"http:\/\/www2.publicationsduquebec.gouv.qc.ca\/dynamicSearch\/telecharge.php?type=1&amp;file=75229.pdf\" target=\"_blank\" rel=\"noopener\">Pour acc\u00e9der \u00e0 l\u2019arr\u00eat\u00e9<\/a><\/p>\n<p><a href=\"http:\/\/www.immigration-quebec.gouv.qc.ca\/publications\/fr\/arrima\/criteres-pointage.pdf\" target=\"_blank\" rel=\"noopener\">Pour acc\u00e9der \u00e0 la liste pr\u00e9cise de crit\u00e8res<\/a><\/p>\n","protected":false},"excerpt":{"rendered":"<p>Le syst\u00e8me de s\u00e9lection permanente dans le cadre du Programme r\u00e9gulier des travailleurs qualifi\u00e9s du Qu\u00e9bec change. En modifiant le pointage qui permet de classer les d\u00e9clarations d\u2019int\u00e9r\u00eat d\u00e9pos\u00e9es sur la plateforme Arrima, le gouvernement se dote d\u2019un outil de qualification des candidats \u00e0 l\u2019immigration \u2014 mais prend le risque d\u2019alourdir une proc\u00e9dure d\u00e9j\u00e0 complexe. [&hellip;]<\/p>\n","protected":false},"author":3463,"featured_media":4702,"comment_status":"closed","ping_status":"closed","sticky":false,"template":"","format":"standard","meta":{"_acf_changed":false,"_genesis_hide_title":false,"_genesis_hide_breadcrumbs":false,"_genesis_hide_singular_image":false,"_genesis_hide_footer_widgets":false,"_genesis_custom_body_class":"","_genesis_custom_post_class":"","_genesis_layout":"","footnotes":""},"categories":[1],"tags":[],"class_list":{"0":"post-4701","1":"post","2":"type-post","3":"status-publish","4":"format-standard","5":"has-post-thumbnail","7":"category-actualites","8":"entry"},"acf":[],"yoast_head":"<!-- This site is optimized with the Yoast SEO plugin v27.5 - https:\/\/yoast.com\/product\/yoast-seo-wordpress\/ -->\n<title>Une nouvelle grille de classification des d\u00e9clarations d\u2019int\u00e9r\u00eat dans le cadre du PRTQ - Immigrant Qu\u00e9bec<\/title>\n<meta name=\"robots\" content=\"index, follow, max-snippet:-1, max-image-preview:large, max-video-preview:-1\" \/>\n<link rel=\"canonical\" href=\"https:\/\/immigrantquebec.com\/fr\/actualites\/une-nouvelle-grille-de-classification-des-declarations-d-interet-dans-le-cadre-du-prtq\/\" \/>\n<meta property=\"og:locale\" content=\"fr_FR\" \/>\n<meta property=\"og:type\" content=\"article\" \/>\n<meta property=\"og:title\" content=\"Une nouvelle grille de classification des d\u00e9clarations d\u2019int\u00e9r\u00eat dans le cadre du PRTQ - Immigrant Qu\u00e9bec\" \/>\n<meta property=\"og:description\" content=\"Le syst\u00e8me de s\u00e9lection permanente dans le cadre du Programme r\u00e9gulier des travailleurs qualifi\u00e9s du Qu\u00e9bec change. En modifiant le pointage qui permet de classer les d\u00e9clarations d\u2019int\u00e9r\u00eat d\u00e9pos\u00e9es sur la plateforme Arrima, le gouvernement se dote d\u2019un outil de qualification des candidats \u00e0 l\u2019immigration \u2014 mais prend le risque d\u2019alourdir une proc\u00e9dure d\u00e9j\u00e0 complexe. [&hellip;]\" \/>\n<meta property=\"og:url\" content=\"https:\/\/immigrantquebec.com\/fr\/actualites\/une-nouvelle-grille-de-classification-des-declarations-d-interet-dans-le-cadre-du-prtq\/\" \/>\n<meta property=\"og:site_name\" content=\"Immigrant Qu\u00e9bec\" \/>\n<meta property=\"article:publisher\" content=\"https:\/\/www.facebook.com\/immigrantquebec\" \/>\n<meta property=\"article:published_time\" content=\"2021-08-31T16:40:45+00:00\" \/>\n<meta property=\"article:modified_time\" content=\"2022-03-03T20:00:24+00:00\" \/>\n<meta property=\"og:image\" content=\"https:\/\/immigrantquebec.com\/fr\/wp-content\/uploads\/2021\/12\/c0bb708e-0270-4c24-9d9e-2eae87b585ed.jpeg\" \/>\n\t<meta property=\"og:image:width\" content=\"950\" \/>\n\t<meta property=\"og:image:height\" content=\"400\" \/>\n\t<meta property=\"og:image:type\" content=\"image\/jpeg\" \/>\n<meta name=\"author\" content=\"Marine Caleb\" \/>\n<meta name=\"twitter:label1\" content=\"\u00c9crit par\" \/>\n\t<meta name=\"twitter:data1\" content=\"Marine Caleb\" \/>\n\t<meta name=\"twitter:label2\" content=\"Dur\u00e9e de lecture estim\u00e9e\" \/>\n\t<meta name=\"twitter:data2\" content=\"6 minutes\" \/>\n<script type=\"application\/ld+json\" class=\"yoast-schema-graph\">{\"@context\":\"https:\\\/\\\/schema.org\",\"@graph\":[{\"@type\":\"Article\",\"@id\":\"https:\\\/\\\/immigrantquebec.com\\\/fr\\\/actualites\\\/une-nouvelle-grille-de-classification-des-declarations-d-interet-dans-le-cadre-du-prtq\\\/#article\",\"isPartOf\":{\"@id\":\"https:\\\/\\\/immigrantquebec.com\\\/fr\\\/actualites\\\/une-nouvelle-grille-de-classification-des-declarations-d-interet-dans-le-cadre-du-prtq\\\/\"},\"author\":{\"name\":\"Marine Caleb\",\"@id\":\"https:\\\/\\\/immigrantquebec.com\\\/fr\\\/#\\\/schema\\\/person\\\/5a0a7750c5af0c69575b9d0398abcc4f\"},\"headline\":\"Une nouvelle grille de classification des d\u00e9clarations d\u2019int\u00e9r\u00eat dans le cadre du PRTQ\",\"datePublished\":\"2021-08-31T16:40:45+00:00\",\"dateModified\":\"2022-03-03T20:00:24+00:00\",\"mainEntityOfPage\":{\"@id\":\"https:\\\/\\\/immigrantquebec.com\\\/fr\\\/actualites\\\/une-nouvelle-grille-de-classification-des-declarations-d-interet-dans-le-cadre-du-prtq\\\/\"},\"wordCount\":1162,\"publisher\":{\"@id\":\"https:\\\/\\\/immigrantquebec.com\\\/fr\\\/#organization\"},\"image\":{\"@id\":\"https:\\\/\\\/immigrantquebec.com\\\/fr\\\/actualites\\\/une-nouvelle-grille-de-classification-des-declarations-d-interet-dans-le-cadre-du-prtq\\\/#primaryimage\"},\"thumbnailUrl\":\"https:\\\/\\\/immigrantquebec.com\\\/fr\\\/wp-content\\\/uploads\\\/2021\\\/12\\\/c0bb708e-0270-4c24-9d9e-2eae87b585ed.jpeg\",\"articleSection\":[\"Actualit\u00e9s\"],\"inLanguage\":\"fr-FR\"},{\"@type\":\"WebPage\",\"@id\":\"https:\\\/\\\/immigrantquebec.com\\\/fr\\\/actualites\\\/une-nouvelle-grille-de-classification-des-declarations-d-interet-dans-le-cadre-du-prtq\\\/\",\"url\":\"https:\\\/\\\/immigrantquebec.com\\\/fr\\\/actualites\\\/une-nouvelle-grille-de-classification-des-declarations-d-interet-dans-le-cadre-du-prtq\\\/\",\"name\":\"Une nouvelle grille de classification des d\u00e9clarations d\u2019int\u00e9r\u00eat dans le cadre du PRTQ - Immigrant Qu\u00e9bec\",\"isPartOf\":{\"@id\":\"https:\\\/\\\/immigrantquebec.com\\\/fr\\\/#website\"},\"primaryImageOfPage\":{\"@id\":\"https:\\\/\\\/immigrantquebec.com\\\/fr\\\/actualites\\\/une-nouvelle-grille-de-classification-des-declarations-d-interet-dans-le-cadre-du-prtq\\\/#primaryimage\"},\"image\":{\"@id\":\"https:\\\/\\\/immigrantquebec.com\\\/fr\\\/actualites\\\/une-nouvelle-grille-de-classification-des-declarations-d-interet-dans-le-cadre-du-prtq\\\/#primaryimage\"},\"thumbnailUrl\":\"https:\\\/\\\/immigrantquebec.com\\\/fr\\\/wp-content\\\/uploads\\\/2021\\\/12\\\/c0bb708e-0270-4c24-9d9e-2eae87b585ed.jpeg\",\"datePublished\":\"2021-08-31T16:40:45+00:00\",\"dateModified\":\"2022-03-03T20:00:24+00:00\",\"breadcrumb\":{\"@id\":\"https:\\\/\\\/immigrantquebec.com\\\/fr\\\/actualites\\\/une-nouvelle-grille-de-classification-des-declarations-d-interet-dans-le-cadre-du-prtq\\\/#breadcrumb\"},\"inLanguage\":\"fr-FR\",\"potentialAction\":[{\"@type\":\"ReadAction\",\"target\":[\"https:\\\/\\\/immigrantquebec.com\\\/fr\\\/actualites\\\/une-nouvelle-grille-de-classification-des-declarations-d-interet-dans-le-cadre-du-prtq\\\/\"]}]},{\"@type\":\"ImageObject\",\"inLanguage\":\"fr-FR\",\"@id\":\"https:\\\/\\\/immigrantquebec.com\\\/fr\\\/actualites\\\/une-nouvelle-grille-de-classification-des-declarations-d-interet-dans-le-cadre-du-prtq\\\/#primaryimage\",\"url\":\"https:\\\/\\\/immigrantquebec.com\\\/fr\\\/wp-content\\\/uploads\\\/2021\\\/12\\\/c0bb708e-0270-4c24-9d9e-2eae87b585ed.jpeg\",\"contentUrl\":\"https:\\\/\\\/immigrantquebec.com\\\/fr\\\/wp-content\\\/uploads\\\/2021\\\/12\\\/c0bb708e-0270-4c24-9d9e-2eae87b585ed.jpeg\",\"width\":950,\"height\":400},{\"@type\":\"BreadcrumbList\",\"@id\":\"https:\\\/\\\/immigrantquebec.com\\\/fr\\\/actualites\\\/une-nouvelle-grille-de-classification-des-declarations-d-interet-dans-le-cadre-du-prtq\\\/#breadcrumb\",\"itemListElement\":[{\"@type\":\"ListItem\",\"position\":1,\"name\":\"Accueil\",\"item\":\"https:\\\/\\\/immigrantquebec.com\\\/fr\\\/\"},{\"@type\":\"ListItem\",\"position\":2,\"name\":\"Actualit\u00e9s\",\"item\":\"https:\\\/\\\/immigrantquebec.com\\\/fr\\\/actualites\\\/\"},{\"@type\":\"ListItem\",\"position\":3,\"name\":\"Une nouvelle grille de classification des d\u00e9clarations d\u2019int\u00e9r\u00eat dans le cadre du PRTQ\"}]},{\"@type\":\"WebSite\",\"@id\":\"https:\\\/\\\/immigrantquebec.com\\\/fr\\\/#website\",\"url\":\"https:\\\/\\\/immigrantquebec.com\\\/fr\\\/\",\"name\":\"Immigrant Qu\u00e9bec\",\"description\":\"Immigrer, vivre, travailler et \u00e9tudier au Qu\u00e9bec, Canada\",\"publisher\":{\"@id\":\"https:\\\/\\\/immigrantquebec.com\\\/fr\\\/#organization\"},\"potentialAction\":[{\"@type\":\"SearchAction\",\"target\":{\"@type\":\"EntryPoint\",\"urlTemplate\":\"https:\\\/\\\/immigrantquebec.com\\\/fr\\\/?s={search_term_string}\"},\"query-input\":{\"@type\":\"PropertyValueSpecification\",\"valueRequired\":true,\"valueName\":\"search_term_string\"}}],\"inLanguage\":\"fr-FR\"},{\"@type\":\"Organization\",\"@id\":\"https:\\\/\\\/immigrantquebec.com\\\/fr\\\/#organization\",\"name\":\"Immigrant Qu\u00e9bec\",\"url\":\"https:\\\/\\\/immigrantquebec.com\\\/fr\\\/\",\"logo\":{\"@type\":\"ImageObject\",\"inLanguage\":\"fr-FR\",\"@id\":\"https:\\\/\\\/immigrantquebec.com\\\/fr\\\/#\\\/schema\\\/logo\\\/image\\\/\",\"url\":\"https:\\\/\\\/immigrantquebec.com\\\/fr\\\/wp-content\\\/uploads\\\/2024\\\/03\\\/LogoIQ-2024-RVB.png\",\"contentUrl\":\"https:\\\/\\\/immigrantquebec.com\\\/fr\\\/wp-content\\\/uploads\\\/2024\\\/03\\\/LogoIQ-2024-RVB.png\",\"width\":2500,\"height\":1137,\"caption\":\"Immigrant Qu\u00e9bec\"},\"image\":{\"@id\":\"https:\\\/\\\/immigrantquebec.com\\\/fr\\\/#\\\/schema\\\/logo\\\/image\\\/\"},\"sameAs\":[\"https:\\\/\\\/www.facebook.com\\\/immigrantquebec\",\"https:\\\/\\\/x.com\\\/ImmigrantQuebec\",\"https:\\\/\\\/www.instagram.com\\\/immigrantquebec\",\"https:\\\/\\\/www.youtube.com\\\/user\\\/ImmigrantQc\"]},{\"@type\":\"Person\",\"@id\":\"https:\\\/\\\/immigrantquebec.com\\\/fr\\\/#\\\/schema\\\/person\\\/5a0a7750c5af0c69575b9d0398abcc4f\",\"name\":\"Marine Caleb\",\"image\":{\"@type\":\"ImageObject\",\"inLanguage\":\"fr-FR\",\"@id\":\"https:\\\/\\\/secure.gravatar.com\\\/avatar\\\/c7fbf7b4b0f62478765bdb817f4da11e6db63026d8595ad858b78f38425200cc?s=96&d=mm&r=g\",\"url\":\"https:\\\/\\\/secure.gravatar.com\\\/avatar\\\/c7fbf7b4b0f62478765bdb817f4da11e6db63026d8595ad858b78f38425200cc?s=96&d=mm&r=g\",\"contentUrl\":\"https:\\\/\\\/secure.gravatar.com\\\/avatar\\\/c7fbf7b4b0f62478765bdb817f4da11e6db63026d8595ad858b78f38425200cc?s=96&d=mm&r=g\",\"caption\":\"Marine Caleb\"},\"description\":\"Journaliste ind\u00e9pendante, Marine Caleb vit entre Marseille et Tripoli au Liban. Elle se sp\u00e9cialise dans la migration et les droits des femmes et \u00e9crit pour divers m\u00e9dias canadiens, fran\u00e7ais et du Swana.\u00a0Ayant v\u00e9cu de nombreuses ann\u00e9es au Qu\u00e9bec, elle dirige le magazine des journalistes du Qu\u00e9bec, Le Trente.\",\"url\":\"https:\\\/\\\/immigrantquebec.com\\\/fr\\\/author\\\/marine-c\\\/\"}]}<\/script>\n<!-- \/ Yoast SEO plugin. -->","yoast_head_json":{"title":"Une nouvelle grille de classification des d\u00e9clarations d\u2019int\u00e9r\u00eat dans le cadre du PRTQ - Immigrant Qu\u00e9bec","robots":{"index":"index","follow":"follow","max-snippet":"max-snippet:-1","max-image-preview":"max-image-preview:large","max-video-preview":"max-video-preview:-1"},"canonical":"https:\/\/immigrantquebec.com\/fr\/actualites\/une-nouvelle-grille-de-classification-des-declarations-d-interet-dans-le-cadre-du-prtq\/","og_locale":"fr_FR","og_type":"article","og_title":"Une nouvelle grille de classification des d\u00e9clarations d\u2019int\u00e9r\u00eat dans le cadre du PRTQ - Immigrant Qu\u00e9bec","og_description":"Le syst\u00e8me de s\u00e9lection permanente dans le cadre du Programme r\u00e9gulier des travailleurs qualifi\u00e9s du Qu\u00e9bec change. En modifiant le pointage qui permet de classer les d\u00e9clarations d\u2019int\u00e9r\u00eat d\u00e9pos\u00e9es sur la plateforme Arrima, le gouvernement se dote d\u2019un outil de qualification des candidats \u00e0 l\u2019immigration \u2014 mais prend le risque d\u2019alourdir une proc\u00e9dure d\u00e9j\u00e0 complexe. [&hellip;]","og_url":"https:\/\/immigrantquebec.com\/fr\/actualites\/une-nouvelle-grille-de-classification-des-declarations-d-interet-dans-le-cadre-du-prtq\/","og_site_name":"Immigrant Qu\u00e9bec","article_publisher":"https:\/\/www.facebook.com\/immigrantquebec","article_published_time":"2021-08-31T16:40:45+00:00","article_modified_time":"2022-03-03T20:00:24+00:00","og_image":[{"width":950,"height":400,"url":"https:\/\/immigrantquebec.com\/fr\/wp-content\/uploads\/2021\/12\/c0bb708e-0270-4c24-9d9e-2eae87b585ed.jpeg","type":"image\/jpeg"}],"author":"Marine Caleb","twitter_misc":{"\u00c9crit par":"Marine Caleb","Dur\u00e9e de lecture estim\u00e9e":"6 minutes"},"schema":{"@context":"https:\/\/schema.org","@graph":[{"@type":"Article","@id":"https:\/\/immigrantquebec.com\/fr\/actualites\/une-nouvelle-grille-de-classification-des-declarations-d-interet-dans-le-cadre-du-prtq\/#article","isPartOf":{"@id":"https:\/\/immigrantquebec.com\/fr\/actualites\/une-nouvelle-grille-de-classification-des-declarations-d-interet-dans-le-cadre-du-prtq\/"},"author":{"name":"Marine Caleb","@id":"https:\/\/immigrantquebec.com\/fr\/#\/schema\/person\/5a0a7750c5af0c69575b9d0398abcc4f"},"headline":"Une nouvelle grille de classification des d\u00e9clarations d\u2019int\u00e9r\u00eat dans le cadre du PRTQ","datePublished":"2021-08-31T16:40:45+00:00","dateModified":"2022-03-03T20:00:24+00:00","mainEntityOfPage":{"@id":"https:\/\/immigrantquebec.com\/fr\/actualites\/une-nouvelle-grille-de-classification-des-declarations-d-interet-dans-le-cadre-du-prtq\/"},"wordCount":1162,"publisher":{"@id":"https:\/\/immigrantquebec.com\/fr\/#organization"},"image":{"@id":"https:\/\/immigrantquebec.com\/fr\/actualites\/une-nouvelle-grille-de-classification-des-declarations-d-interet-dans-le-cadre-du-prtq\/#primaryimage"},"thumbnailUrl":"https:\/\/immigrantquebec.com\/fr\/wp-content\/uploads\/2021\/12\/c0bb708e-0270-4c24-9d9e-2eae87b585ed.jpeg","articleSection":["Actualit\u00e9s"],"inLanguage":"fr-FR"},{"@type":"WebPage","@id":"https:\/\/immigrantquebec.com\/fr\/actualites\/une-nouvelle-grille-de-classification-des-declarations-d-interet-dans-le-cadre-du-prtq\/","url":"https:\/\/immigrantquebec.com\/fr\/actualites\/une-nouvelle-grille-de-classification-des-declarations-d-interet-dans-le-cadre-du-prtq\/","name":"Une nouvelle grille de classification des d\u00e9clarations d\u2019int\u00e9r\u00eat dans le cadre du PRTQ - Immigrant Qu\u00e9bec","isPartOf":{"@id":"https:\/\/immigrantquebec.com\/fr\/#website"},"primaryImageOfPage":{"@id":"https:\/\/immigrantquebec.com\/fr\/actualites\/une-nouvelle-grille-de-classification-des-declarations-d-interet-dans-le-cadre-du-prtq\/#primaryimage"},"image":{"@id":"https:\/\/immigrantquebec.com\/fr\/actualites\/une-nouvelle-grille-de-classification-des-declarations-d-interet-dans-le-cadre-du-prtq\/#primaryimage"},"thumbnailUrl":"https:\/\/immigrantquebec.com\/fr\/wp-content\/uploads\/2021\/12\/c0bb708e-0270-4c24-9d9e-2eae87b585ed.jpeg","datePublished":"2021-08-31T16:40:45+00:00","dateModified":"2022-03-03T20:00:24+00:00","breadcrumb":{"@id":"https:\/\/immigrantquebec.com\/fr\/actualites\/une-nouvelle-grille-de-classification-des-declarations-d-interet-dans-le-cadre-du-prtq\/#breadcrumb"},"inLanguage":"fr-FR","potentialAction":[{"@type":"ReadAction","target":["https:\/\/immigrantquebec.com\/fr\/actualites\/une-nouvelle-grille-de-classification-des-declarations-d-interet-dans-le-cadre-du-prtq\/"]}]},{"@type":"ImageObject","inLanguage":"fr-FR","@id":"https:\/\/immigrantquebec.com\/fr\/actualites\/une-nouvelle-grille-de-classification-des-declarations-d-interet-dans-le-cadre-du-prtq\/#primaryimage","url":"https:\/\/immigrantquebec.com\/fr\/wp-content\/uploads\/2021\/12\/c0bb708e-0270-4c24-9d9e-2eae87b585ed.jpeg","contentUrl":"https:\/\/immigrantquebec.com\/fr\/wp-content\/uploads\/2021\/12\/c0bb708e-0270-4c24-9d9e-2eae87b585ed.jpeg","width":950,"height":400},{"@type":"BreadcrumbList","@id":"https:\/\/immigrantquebec.com\/fr\/actualites\/une-nouvelle-grille-de-classification-des-declarations-d-interet-dans-le-cadre-du-prtq\/#breadcrumb","itemListElement":[{"@type":"ListItem","position":1,"name":"Accueil","item":"https:\/\/immigrantquebec.com\/fr\/"},{"@type":"ListItem","position":2,"name":"Actualit\u00e9s","item":"https:\/\/immigrantquebec.com\/fr\/actualites\/"},{"@type":"ListItem","position":3,"name":"Une nouvelle grille de classification des d\u00e9clarations d\u2019int\u00e9r\u00eat dans le cadre du PRTQ"}]},{"@type":"WebSite","@id":"https:\/\/immigrantquebec.com\/fr\/#website","url":"https:\/\/immigrantquebec.com\/fr\/","name":"Immigrant Qu\u00e9bec","description":"Immigrer, vivre, travailler et \u00e9tudier au Qu\u00e9bec, Canada","publisher":{"@id":"https:\/\/immigrantquebec.com\/fr\/#organization"},"potentialAction":[{"@type":"SearchAction","target":{"@type":"EntryPoint","urlTemplate":"https:\/\/immigrantquebec.com\/fr\/?s={search_term_string}"},"query-input":{"@type":"PropertyValueSpecification","valueRequired":true,"valueName":"search_term_string"}}],"inLanguage":"fr-FR"},{"@type":"Organization","@id":"https:\/\/immigrantquebec.com\/fr\/#organization","name":"Immigrant Qu\u00e9bec","url":"https:\/\/immigrantquebec.com\/fr\/","logo":{"@type":"ImageObject","inLanguage":"fr-FR","@id":"https:\/\/immigrantquebec.com\/fr\/#\/schema\/logo\/image\/","url":"https:\/\/immigrantquebec.com\/fr\/wp-content\/uploads\/2024\/03\/LogoIQ-2024-RVB.png","contentUrl":"https:\/\/immigrantquebec.com\/fr\/wp-content\/uploads\/2024\/03\/LogoIQ-2024-RVB.png","width":2500,"height":1137,"caption":"Immigrant Qu\u00e9bec"},"image":{"@id":"https:\/\/immigrantquebec.com\/fr\/#\/schema\/logo\/image\/"},"sameAs":["https:\/\/www.facebook.com\/immigrantquebec","https:\/\/x.com\/ImmigrantQuebec","https:\/\/www.instagram.com\/immigrantquebec","https:\/\/www.youtube.com\/user\/ImmigrantQc"]},{"@type":"Person","@id":"https:\/\/immigrantquebec.com\/fr\/#\/schema\/person\/5a0a7750c5af0c69575b9d0398abcc4f","name":"Marine Caleb","image":{"@type":"ImageObject","inLanguage":"fr-FR","@id":"https:\/\/secure.gravatar.com\/avatar\/c7fbf7b4b0f62478765bdb817f4da11e6db63026d8595ad858b78f38425200cc?s=96&d=mm&r=g","url":"https:\/\/secure.gravatar.com\/avatar\/c7fbf7b4b0f62478765bdb817f4da11e6db63026d8595ad858b78f38425200cc?s=96&d=mm&r=g","contentUrl":"https:\/\/secure.gravatar.com\/avatar\/c7fbf7b4b0f62478765bdb817f4da11e6db63026d8595ad858b78f38425200cc?s=96&d=mm&r=g","caption":"Marine Caleb"},"description":"Journaliste ind\u00e9pendante, Marine Caleb vit entre Marseille et Tripoli au Liban. Elle se sp\u00e9cialise dans la migration et les droits des femmes et \u00e9crit pour divers m\u00e9dias canadiens, fran\u00e7ais et du Swana.\u00a0Ayant v\u00e9cu de nombreuses ann\u00e9es au Qu\u00e9bec, elle dirige le magazine des journalistes du Qu\u00e9bec, Le Trente.","url":"https:\/\/immigrantquebec.com\/fr\/author\/marine-c\/"}]}},"_links":{"self":[{"href":"https:\/\/immigrantquebec.com\/fr\/wp-json\/wp\/v2\/posts\/4701","targetHints":{"allow":["GET"]}}],"collection":[{"href":"https:\/\/immigrantquebec.com\/fr\/wp-json\/wp\/v2\/posts"}],"about":[{"href":"https:\/\/immigrantquebec.com\/fr\/wp-json\/wp\/v2\/types\/post"}],"author":[{"embeddable":true,"href":"https:\/\/immigrantquebec.com\/fr\/wp-json\/wp\/v2\/users\/3463"}],"replies":[{"embeddable":true,"href":"https:\/\/immigrantquebec.com\/fr\/wp-json\/wp\/v2\/comments?post=4701"}],"version-history":[{"count":0,"href":"https:\/\/immigrantquebec.com\/fr\/wp-json\/wp\/v2\/posts\/4701\/revisions"}],"wp:featuredmedia":[{"embeddable":true,"href":"https:\/\/immigrantquebec.com\/fr\/wp-json\/wp\/v2\/media\/4702"}],"wp:attachment":[{"href":"https:\/\/immigrantquebec.com\/fr\/wp-json\/wp\/v2\/media?parent=4701"}],"wp:term":[{"taxonomy":"category","embeddable":true,"href":"https:\/\/immigrantquebec.com\/fr\/wp-json\/wp\/v2\/categories?post=4701"},{"taxonomy":"post_tag","embeddable":true,"href":"https:\/\/immigrantquebec.com\/fr\/wp-json\/wp\/v2\/tags?post=4701"}],"curies":[{"name":"wp","href":"https:\/\/api.w.org\/{rel}","templated":true}]}}