{"id":4808,"date":"2020-12-23T15:12:17","date_gmt":"2020-12-23T19:12:17","guid":{"rendered":"https:\/\/immigrantquebec.com\/?p=4808"},"modified":"2022-03-03T16:27:20","modified_gmt":"2022-03-03T20:27:20","slug":"portail-employeurs-arrima-une-bonne-nouvelle-pour-les-immigrants","status":"publish","type":"post","link":"https:\/\/immigrantquebec.com\/fr\/actualites\/portail-employeurs-arrima-une-bonne-nouvelle-pour-les-immigrants\/","title":{"rendered":"Portail employeurs dans Arrima : une bonne nouvelle pour les immigrants\u2009?"},"content":{"rendered":"<p><em>Le gouvernement a r\u00e9cemment annonc\u00e9 l\u2019ouverture du tr\u00e8s attendu Portail employeurs. Pi\u00e8ce manquante d\u2019Arrima, le programme r\u00e9gulier de l\u2019immigration permanente au Qu\u00e9bec, ce portail promet de favoriser les rencontres entre les employeurs et les personnes ayant d\u00e9clar\u00e9 leur int\u00e9r\u00eat \u00e0 venir s\u2019installer dans la province. Mais \u00e0 quoi ces personnes peuvent-elles s\u2019attendre, exactement\u2009?<\/em><\/p>\n<p>Avec Arrima, le gouvernement souhaitait red\u00e9finir les termes de l\u2019immigration permanente au Qu\u00e9bec, pour passer d\u2019un syst\u00e8me de type \u00ab\u2009premier arriv\u00e9, premier servi\u2009\u00bb, \u00e0 une solution qui valorise les profils\u00a0en fonction des besoins des entreprises et de l\u2019\u00e9conomie de la province. Mais, depuis le lancement d\u2019Arrima, il y a un an et demi, il manquait une pi\u00e8ce essentielle au dispositif\u00a0: le fameux Portail employeurs.<\/p>\n<h2><strong>Le Portail employeurs, de quoi s\u2019agit-il\u2009?<\/strong><\/h2>\n<p>Avant l\u2019entr\u00e9e en service du Portail employeurs, les entreprises qui souhaitaient savoir si un ou plusieurs profils pr\u00e9sents dans le bassin d\u2019Arrima r\u00e9pondaient \u00e0 leurs crit\u00e8res de recherche, elles devaient suivre une proc\u00e9dure complexe. Elles devaient d\u2019abord contacter le minist\u00e8re de l\u2019Immigration, de la Francisation et de l\u2019Int\u00e9gration (MIFI) \u00e0 l\u2019aide d\u2019un formulaire en ligne. L\u2019\u00e9quipe de mod\u00e9ration d\u2019Arrima s\u2019occupait ensuite d\u2019analyser les besoins exprim\u00e9s et de d\u00e9terminer les candidats les plus int\u00e9ressants pour les postes recherch\u00e9s, avant de cr\u00e9er le lien entre l\u2019employeur et les candidats.<\/p>\n<p>D\u00e9sormais, les entreprises peuvent compter sur le\u00a0<a href=\"https:\/\/www.immigration-quebec.gouv.qc.ca\/fr\/informations\/arrima\/employeurs\/index.html\" target=\"_blank\" rel=\"noopener noreferrer\">Portail employeurs<\/a>\u00a0\u2014 des mots du MIFI, \u00ab\u2009un outil de recherche permettant [aux entreprises] de consulter, de mani\u00e8re autonome, la base de donn\u00e9es du syst\u00e8me de d\u00e9claration d\u2019int\u00e9r\u00eat sur Arrima\u2009\u00bb.<\/p>\n<p>Concr\u00e8tement, les entreprises qui ont cr\u00e9\u00e9 un compte sur Arrima gagnent (sous conditions) un acc\u00e8s direct aux profils des personnes qui ont d\u00e9clar\u00e9 leur int\u00e9r\u00eat pour immigrer de fa\u00e7on permanente au Qu\u00e9bec, qu\u2019elles se trouvent d\u00e9j\u00e0 dans la province ou \u00e0 l\u2019\u00e9tranger. Elles peuvent ainsi identifier elles-m\u00eames les comp\u00e9tences qui les int\u00e9ressent, avec un regard RH \u00ab\u2009intelligent\u2009\u00bb, entrer en contact avec les candidats directement, et leur offrir un emploi \u00e0 l\u2019appui de leurs d\u00e9marches d\u2019immigration.<\/p>\n<p>Ce processus in\u00e9dit sera, bien s\u00fbr, r\u00e9alis\u00e9 avec le concours\u00a0<a href=\"https:\/\/www.immigration-quebec.gouv.qc.ca\/fr\/employeurs\/index.html\" target=\"_blank\" rel=\"noopener noreferrer\">d\u2019un conseiller en immigration et en recrutement du MIFI<\/a>, qui recevra les demandes de prise de contact avec les candidats, donnera acc\u00e8s \u00e0 leurs coordonn\u00e9es et accompagnera les entreprises vers les programmes d\u2019immigration idoines.<\/p>\n<p>En clair, le Portail employeurs doit cr\u00e9er des opportunit\u00e9s d\u2019immigration qui r\u00e9pondent aux besoins des entreprises du Qu\u00e9bec. Une mesure bienvenue dans le contexte migratoire actuel.<\/p>\n<h2><strong>Quels b\u00e9n\u00e9fices pour les candidats \u00e0 l\u2019immigration\u2009?<\/strong><\/h2>\n<p>Depuis son lancement, \u00e0 l\u2019\u00e9t\u00e9\u00a02019, on pourrait r\u00e9sumer Arrima en ces termes\u00a0: beaucoup de candidats et peu d\u2019\u00e9lus. Selon les chiffres obtenus par le quotidien\u00a0<a href=\"https:\/\/www.ledevoir.com\/politique\/quebec\/588865\/immigration-peu-de-travailleurs-etrangers-retenus-via-le-portail-arrima?utm_source=feedburner&amp;utm_medium=feed&amp;utm_campaign=Feed%3A+fluxdudevoir+%28Le+fil+de+presse+du+Devoir%29\" target=\"_blank\" rel=\"noopener noreferrer\">Le Devoir<\/a>, sur les 158\u2009000\u00a0d\u00e9clarations d\u2019int\u00e9r\u00eat ont \u00e9t\u00e9 re\u00e7ues entre le 2\u00a0ao\u00fbt et le 31\u00a0d\u00e9cembre 2019, seules 2\u2009400 d\u2019entre elles, soit 1,5\u00a0%, ont \u00e9t\u00e9 invit\u00e9es \u00e0 pr\u00e9senter une demande officielle de s\u00e9lection permanente. Depuis, la pand\u00e9mie de Covid-19 a mis le syst\u00e8me sur pause, jusqu\u2019\u00e0 une nouvelle ronde d\u2019invitations, fin septembre 2020, qui a concern\u00e9 365\u00a0personnes.<\/p>\n<p>Avec le lancement du Portail employeurs, les personnes qui stagnent aujourd\u2019hui dans le bassin des d\u00e9clarations d\u2019int\u00e9r\u00eat peuvent esp\u00e9rer se faire rep\u00e9rer plus facilement par un employeur au Qu\u00e9bec. Cela pourrait acc\u00e9l\u00e9rer le processus d\u2019invitation \u00e0 pr\u00e9senter une demande de s\u00e9lection permanente.<\/p>\n<p>Mais attention, employeurs comme candidats doivent garder \u00e0 l\u2019esprit que\u00a0:<\/p>\n<ul>\n<li>le laps de temps entre le d\u00e9p\u00f4t d\u2019une d\u00e9claration d\u2019int\u00e9r\u00eat et la pr\u00e9sentation d\u2019une offre d\u2019emploi par l\u2019employeur, de m\u00eame qu\u2019entre l\u2019offre et l\u2019invitation du candidat par le MIFI \u00e0 d\u00e9poser sa demande de s\u00e9lection permanente, est toujours incertain\u2009;<\/li>\n<li>les services li\u00e9s au Portail employeurs interviennent en amont des proc\u00e9dures de recrutement et d\u2019immigration, en tant que telles\u00a0: ils ne changent rien au d\u00e9lai de traitement de la s\u00e9lection permanente (6 mois, sans compter le temps pour le candidat de constituer son dossier)\u2009;<\/li>\n<li>la proc\u00e9dure de s\u00e9lection permanente aboutit \u00e0 l\u2019obtention d\u2019un Certificat de s\u00e9lection du Qu\u00e9bec (CSQ). Celui-ci ne vaut pas statut, et doit s\u2019accompagner de d\u00e9marches aupr\u00e8s d\u2019Immigration, R\u00e9fugi\u00e9s et Citoyennet\u00e9 Canada (IRCC), \u00e0 la fois pour valider un permis de travail et entamer les d\u00e9marches vers la r\u00e9sidence permanente au Canada.<\/li>\n<\/ul>\n<p>Pour les candidats \u00e0 l\u2019immigration au Qu\u00e9bec, le Portail employeurs pourrait avoir un impact positif. \u00ab\u2009Arrima \u00e9tait une belle initiative, mais incompl\u00e8te. On peut attendre pendant des ann\u00e9es avec ce syst\u00e8me\u2009\u00bb, note Selin Deravedisyan-Adam, consultante en immigration agr\u00e9\u00e9e et directrice des op\u00e9rations en Immigration de l\u2019agence Phoenix GMI. Mais, dans tous les cas, la sp\u00e9cialiste recommande aux personnes ayant d\u00e9clar\u00e9 leur int\u00e9r\u00eat dans Arrima de continuer leurs recherches en parall\u00e8le\u00a0: \u00ab\u2009Continuez \u00e0 contacter directement les employeurs, participez aux activit\u00e9s de recrutement\u2009!\u2009\u00bb<em>.<\/em><\/p>\n<h2><strong>Des questions qui demeurent<\/strong><\/h2>\n<p>Le Portail employeurs arrive \u00e0 point nomm\u00e9, quelques jours apr\u00e8s la pr\u00e9sentation par le MIFI de son plan d\u2019immigration pour l\u2019ann\u00e9e\u00a02021, qui affiche une forte hausse des seuils pour endiguer les d\u00e9ficits de nouveaux immigrants permanents en 2020. Peut-\u00eatre \u00e9tait-ce l\u00e0 ce qui manquait \u00e0 Arrima pour \u00eatre pleinement op\u00e9rationnel et fonctionnel. L\u2019avenir le dira. En attendant, d\u2019autres questions de fond se posent quant \u00e0 l\u2019officialisation de ce syst\u00e8me.<\/p>\n<p>La question essentielle, d\u00e9j\u00e0 \u00e9voqu\u00e9e par certains au moment du lancement d\u2019Arrima et de l\u2019annonce concomitante du Portail employeurs est la suivante\u00a0: ce syst\u00e8me ne revient-il pas,\u00a0<em>in fine<\/em>, \u00e0 op\u00e9rer un transfert de responsabilit\u00e9, qui reviendrait \u00e0 placer l\u2019immigration au Qu\u00e9bec entre les mains des entreprises\u2009? La question est l\u00e9gitime. En effet, Arrima sans Portail n\u2019a pas sembl\u00e9 donner les r\u00e9sultats escompt\u00e9s. On imagine donc sans peine l\u2019importance de ce nouveau dispositif dans le syst\u00e8me de l\u2019immigration au Qu\u00e9bec. Les entreprises se retrouvent ceintes d\u2019un r\u00f4le majeur dans la d\u00e9finition des principes directeurs de l\u2019immigration.<\/p>\n<p>Posons la question diff\u00e9remment\u00a0: sera-t-il tout simplement possible, \u00e0 l\u2019avenir, d\u2019\u00eatre invit\u00e9 dans Arrima \u00e0 pr\u00e9senter sa demande de s\u00e9lection permanente sans avoir, au pr\u00e9alable, re\u00e7u le \u00ab\u2009visa\u2009\u00bb d\u2019une entreprise pr\u00eate \u00e0 embaucher la personne\u2009?<\/p>\n<p>On peut, en tout cas, s\u2019interroger sur le r\u00f4le pr\u00e9dominant des entreprises, d\u00e9j\u00e0 fortement impliqu\u00e9es dans les d\u00e9marches d\u2019obtention du permis de travail des travailleurs \u00e9trangers \u2014 et d\u00e9sormais sollicit\u00e9es en amont, \u00e0 la s\u00e9lection de candidats travailleurs, certes, mais avant tout de personnes immigrantes venues s\u2019installer durablement au Qu\u00e9bec.<\/p>\n<p>Second point d\u2019importance\u00a0: il est parfaitement possible qu\u2019Arrima et le Portail employeurs am\u00e8nent entreprise et candidat \u00e0 recourir \u00e0 un permis de travail temporaire, sans attendre l\u2019invitation du MIFI \u00e0 d\u00e9poser la demande de s\u00e9lection permanente. Ainsi, le risque existe qu\u2019Arrima soit d\u00e9tourn\u00e9 de sa vocation premi\u00e8re (la voie r\u00e9guli\u00e8re de s\u00e9lection des immigrants permanents), pour ne devenir qu\u2019une application de mise en relation \u00e0 court terme entre les entreprises et la main-d\u2019\u0153uvre \u00e9trang\u00e8re, sans que les pouvoirs publics puissent r\u00e9ellement s\u2019y opposer.<\/p>\n<p><span style=\"color: #000000;\">Affaire \u00e0 suivre.<\/span><\/p>\n","protected":false},"excerpt":{"rendered":"<p>Le gouvernement a r\u00e9cemment annonc\u00e9 l\u2019ouverture du tr\u00e8s attendu Portail employeurs. Pi\u00e8ce manquante d\u2019Arrima, le programme r\u00e9gulier de l\u2019immigration permanente au Qu\u00e9bec, ce portail promet de favoriser les rencontres entre les employeurs et les personnes ayant d\u00e9clar\u00e9 leur int\u00e9r\u00eat \u00e0 venir s\u2019installer dans la province. Mais \u00e0 quoi ces personnes peuvent-elles s\u2019attendre, exactement\u2009? Avec Arrima, [&hellip;]<\/p>\n","protected":false},"author":3459,"featured_media":4809,"comment_status":"closed","ping_status":"closed","sticky":false,"template":"","format":"standard","meta":{"_acf_changed":false,"_genesis_hide_title":false,"_genesis_hide_breadcrumbs":false,"_genesis_hide_singular_image":false,"_genesis_hide_footer_widgets":false,"_genesis_custom_body_class":"","_genesis_custom_post_class":"","_genesis_layout":"","footnotes":""},"categories":[1],"tags":[],"class_list":{"0":"post-4808","1":"post","2":"type-post","3":"status-publish","4":"format-standard","5":"has-post-thumbnail","7":"category-actualites","8":"entry"},"acf":[],"yoast_head":"<!-- This site is optimized with the Yoast SEO plugin v27.5 - https:\/\/yoast.com\/product\/yoast-seo-wordpress\/ -->\n<title>Portail employeurs dans Arrima : une bonne nouvelle pour les immigrants\u2009? - Immigrant Qu\u00e9bec<\/title>\n<meta name=\"robots\" content=\"index, follow, max-snippet:-1, max-image-preview:large, max-video-preview:-1\" \/>\n<link rel=\"canonical\" href=\"https:\/\/immigrantquebec.com\/fr\/actualites\/portail-employeurs-arrima-une-bonne-nouvelle-pour-les-immigrants\/\" \/>\n<meta property=\"og:locale\" content=\"fr_FR\" \/>\n<meta property=\"og:type\" content=\"article\" \/>\n<meta property=\"og:title\" content=\"Portail employeurs dans Arrima : une bonne nouvelle pour les immigrants\u2009? - Immigrant Qu\u00e9bec\" \/>\n<meta property=\"og:description\" content=\"Le gouvernement a r\u00e9cemment annonc\u00e9 l\u2019ouverture du tr\u00e8s attendu Portail employeurs. Pi\u00e8ce manquante d\u2019Arrima, le programme r\u00e9gulier de l\u2019immigration permanente au Qu\u00e9bec, ce portail promet de favoriser les rencontres entre les employeurs et les personnes ayant d\u00e9clar\u00e9 leur int\u00e9r\u00eat \u00e0 venir s\u2019installer dans la province. Mais \u00e0 quoi ces personnes peuvent-elles s\u2019attendre, exactement\u2009? Avec Arrima, [&hellip;]\" \/>\n<meta property=\"og:url\" content=\"https:\/\/immigrantquebec.com\/fr\/actualites\/portail-employeurs-arrima-une-bonne-nouvelle-pour-les-immigrants\/\" \/>\n<meta property=\"og:site_name\" content=\"Immigrant Qu\u00e9bec\" \/>\n<meta property=\"article:publisher\" content=\"https:\/\/www.facebook.com\/immigrantquebec\" \/>\n<meta property=\"article:published_time\" content=\"2020-12-23T19:12:17+00:00\" \/>\n<meta property=\"article:modified_time\" content=\"2022-03-03T20:27:20+00:00\" \/>\n<meta property=\"og:image\" content=\"https:\/\/immigrantquebec.com\/fr\/wp-content\/uploads\/2021\/12\/c4ffcf97-3445-4392-8d58-4f42ade4db8a.jpeg\" \/>\n\t<meta property=\"og:image:width\" content=\"950\" \/>\n\t<meta property=\"og:image:height\" content=\"400\" \/>\n\t<meta property=\"og:image:type\" content=\"image\/jpeg\" \/>\n<meta name=\"author\" content=\"Basile Moratille\" \/>\n<meta name=\"twitter:label1\" content=\"\u00c9crit par\" \/>\n\t<meta name=\"twitter:data1\" content=\"Basile Moratille\" \/>\n\t<meta name=\"twitter:label2\" content=\"Dur\u00e9e de lecture estim\u00e9e\" \/>\n\t<meta name=\"twitter:data2\" content=\"6 minutes\" \/>\n<script type=\"application\/ld+json\" class=\"yoast-schema-graph\">{\"@context\":\"https:\\\/\\\/schema.org\",\"@graph\":[{\"@type\":\"Article\",\"@id\":\"https:\\\/\\\/immigrantquebec.com\\\/fr\\\/actualites\\\/portail-employeurs-arrima-une-bonne-nouvelle-pour-les-immigrants\\\/#article\",\"isPartOf\":{\"@id\":\"https:\\\/\\\/immigrantquebec.com\\\/fr\\\/actualites\\\/portail-employeurs-arrima-une-bonne-nouvelle-pour-les-immigrants\\\/\"},\"author\":{\"name\":\"Basile Moratille\",\"@id\":\"https:\\\/\\\/immigrantquebec.com\\\/fr\\\/#\\\/schema\\\/person\\\/eed5ca7ba2c1007e602ee9b9b87fb4b8\"},\"headline\":\"Portail employeurs dans Arrima : une bonne nouvelle pour les immigrants\u2009?\",\"datePublished\":\"2020-12-23T19:12:17+00:00\",\"dateModified\":\"2022-03-03T20:27:20+00:00\",\"mainEntityOfPage\":{\"@id\":\"https:\\\/\\\/immigrantquebec.com\\\/fr\\\/actualites\\\/portail-employeurs-arrima-une-bonne-nouvelle-pour-les-immigrants\\\/\"},\"wordCount\":1295,\"publisher\":{\"@id\":\"https:\\\/\\\/immigrantquebec.com\\\/fr\\\/#organization\"},\"image\":{\"@id\":\"https:\\\/\\\/immigrantquebec.com\\\/fr\\\/actualites\\\/portail-employeurs-arrima-une-bonne-nouvelle-pour-les-immigrants\\\/#primaryimage\"},\"thumbnailUrl\":\"https:\\\/\\\/immigrantquebec.com\\\/fr\\\/wp-content\\\/uploads\\\/2021\\\/12\\\/c4ffcf97-3445-4392-8d58-4f42ade4db8a.jpeg\",\"articleSection\":[\"Actualit\u00e9s\"],\"inLanguage\":\"fr-FR\"},{\"@type\":\"WebPage\",\"@id\":\"https:\\\/\\\/immigrantquebec.com\\\/fr\\\/actualites\\\/portail-employeurs-arrima-une-bonne-nouvelle-pour-les-immigrants\\\/\",\"url\":\"https:\\\/\\\/immigrantquebec.com\\\/fr\\\/actualites\\\/portail-employeurs-arrima-une-bonne-nouvelle-pour-les-immigrants\\\/\",\"name\":\"Portail employeurs dans Arrima : une bonne nouvelle pour les immigrants\u2009? - Immigrant Qu\u00e9bec\",\"isPartOf\":{\"@id\":\"https:\\\/\\\/immigrantquebec.com\\\/fr\\\/#website\"},\"primaryImageOfPage\":{\"@id\":\"https:\\\/\\\/immigrantquebec.com\\\/fr\\\/actualites\\\/portail-employeurs-arrima-une-bonne-nouvelle-pour-les-immigrants\\\/#primaryimage\"},\"image\":{\"@id\":\"https:\\\/\\\/immigrantquebec.com\\\/fr\\\/actualites\\\/portail-employeurs-arrima-une-bonne-nouvelle-pour-les-immigrants\\\/#primaryimage\"},\"thumbnailUrl\":\"https:\\\/\\\/immigrantquebec.com\\\/fr\\\/wp-content\\\/uploads\\\/2021\\\/12\\\/c4ffcf97-3445-4392-8d58-4f42ade4db8a.jpeg\",\"datePublished\":\"2020-12-23T19:12:17+00:00\",\"dateModified\":\"2022-03-03T20:27:20+00:00\",\"breadcrumb\":{\"@id\":\"https:\\\/\\\/immigrantquebec.com\\\/fr\\\/actualites\\\/portail-employeurs-arrima-une-bonne-nouvelle-pour-les-immigrants\\\/#breadcrumb\"},\"inLanguage\":\"fr-FR\",\"potentialAction\":[{\"@type\":\"ReadAction\",\"target\":[\"https:\\\/\\\/immigrantquebec.com\\\/fr\\\/actualites\\\/portail-employeurs-arrima-une-bonne-nouvelle-pour-les-immigrants\\\/\"]}]},{\"@type\":\"ImageObject\",\"inLanguage\":\"fr-FR\",\"@id\":\"https:\\\/\\\/immigrantquebec.com\\\/fr\\\/actualites\\\/portail-employeurs-arrima-une-bonne-nouvelle-pour-les-immigrants\\\/#primaryimage\",\"url\":\"https:\\\/\\\/immigrantquebec.com\\\/fr\\\/wp-content\\\/uploads\\\/2021\\\/12\\\/c4ffcf97-3445-4392-8d58-4f42ade4db8a.jpeg\",\"contentUrl\":\"https:\\\/\\\/immigrantquebec.com\\\/fr\\\/wp-content\\\/uploads\\\/2021\\\/12\\\/c4ffcf97-3445-4392-8d58-4f42ade4db8a.jpeg\",\"width\":950,\"height\":400},{\"@type\":\"BreadcrumbList\",\"@id\":\"https:\\\/\\\/immigrantquebec.com\\\/fr\\\/actualites\\\/portail-employeurs-arrima-une-bonne-nouvelle-pour-les-immigrants\\\/#breadcrumb\",\"itemListElement\":[{\"@type\":\"ListItem\",\"position\":1,\"name\":\"Accueil\",\"item\":\"https:\\\/\\\/immigrantquebec.com\\\/fr\\\/\"},{\"@type\":\"ListItem\",\"position\":2,\"name\":\"Actualit\u00e9s\",\"item\":\"https:\\\/\\\/immigrantquebec.com\\\/fr\\\/actualites\\\/\"},{\"@type\":\"ListItem\",\"position\":3,\"name\":\"Portail employeurs dans Arrima : une bonne nouvelle pour les immigrants\u2009?\"}]},{\"@type\":\"WebSite\",\"@id\":\"https:\\\/\\\/immigrantquebec.com\\\/fr\\\/#website\",\"url\":\"https:\\\/\\\/immigrantquebec.com\\\/fr\\\/\",\"name\":\"Immigrant Qu\u00e9bec\",\"description\":\"Immigrer, vivre, travailler et \u00e9tudier au Qu\u00e9bec, Canada\",\"publisher\":{\"@id\":\"https:\\\/\\\/immigrantquebec.com\\\/fr\\\/#organization\"},\"potentialAction\":[{\"@type\":\"SearchAction\",\"target\":{\"@type\":\"EntryPoint\",\"urlTemplate\":\"https:\\\/\\\/immigrantquebec.com\\\/fr\\\/?s={search_term_string}\"},\"query-input\":{\"@type\":\"PropertyValueSpecification\",\"valueRequired\":true,\"valueName\":\"search_term_string\"}}],\"inLanguage\":\"fr-FR\"},{\"@type\":\"Organization\",\"@id\":\"https:\\\/\\\/immigrantquebec.com\\\/fr\\\/#organization\",\"name\":\"Immigrant Qu\u00e9bec\",\"url\":\"https:\\\/\\\/immigrantquebec.com\\\/fr\\\/\",\"logo\":{\"@type\":\"ImageObject\",\"inLanguage\":\"fr-FR\",\"@id\":\"https:\\\/\\\/immigrantquebec.com\\\/fr\\\/#\\\/schema\\\/logo\\\/image\\\/\",\"url\":\"https:\\\/\\\/immigrantquebec.com\\\/fr\\\/wp-content\\\/uploads\\\/2024\\\/03\\\/LogoIQ-2024-RVB.png\",\"contentUrl\":\"https:\\\/\\\/immigrantquebec.com\\\/fr\\\/wp-content\\\/uploads\\\/2024\\\/03\\\/LogoIQ-2024-RVB.png\",\"width\":2500,\"height\":1137,\"caption\":\"Immigrant Qu\u00e9bec\"},\"image\":{\"@id\":\"https:\\\/\\\/immigrantquebec.com\\\/fr\\\/#\\\/schema\\\/logo\\\/image\\\/\"},\"sameAs\":[\"https:\\\/\\\/www.facebook.com\\\/immigrantquebec\",\"https:\\\/\\\/x.com\\\/ImmigrantQuebec\",\"https:\\\/\\\/www.instagram.com\\\/immigrantquebec\",\"https:\\\/\\\/www.youtube.com\\\/user\\\/ImmigrantQc\"]},{\"@type\":\"Person\",\"@id\":\"https:\\\/\\\/immigrantquebec.com\\\/fr\\\/#\\\/schema\\\/person\\\/eed5ca7ba2c1007e602ee9b9b87fb4b8\",\"name\":\"Basile Moratille\",\"image\":{\"@type\":\"ImageObject\",\"inLanguage\":\"fr-FR\",\"@id\":\"https:\\\/\\\/secure.gravatar.com\\\/avatar\\\/639aa731bb7134a1e944526697fe0549d67ab17e00987171296fb5362fc909e9?s=96&d=mm&r=g\",\"url\":\"https:\\\/\\\/secure.gravatar.com\\\/avatar\\\/639aa731bb7134a1e944526697fe0549d67ab17e00987171296fb5362fc909e9?s=96&d=mm&r=g\",\"contentUrl\":\"https:\\\/\\\/secure.gravatar.com\\\/avatar\\\/639aa731bb7134a1e944526697fe0549d67ab17e00987171296fb5362fc909e9?s=96&d=mm&r=g\",\"caption\":\"Basile Moratille\"},\"description\":\"Directeur des contenus et des publications, Immigrant Qu\u00e9bec.\",\"url\":\"https:\\\/\\\/immigrantquebec.com\\\/fr\\\/author\\\/basile-moratilleimmigrantquebec-com\\\/\"}]}<\/script>\n<!-- \/ Yoast SEO plugin. -->","yoast_head_json":{"title":"Portail employeurs dans Arrima : une bonne nouvelle pour les immigrants\u2009? - Immigrant Qu\u00e9bec","robots":{"index":"index","follow":"follow","max-snippet":"max-snippet:-1","max-image-preview":"max-image-preview:large","max-video-preview":"max-video-preview:-1"},"canonical":"https:\/\/immigrantquebec.com\/fr\/actualites\/portail-employeurs-arrima-une-bonne-nouvelle-pour-les-immigrants\/","og_locale":"fr_FR","og_type":"article","og_title":"Portail employeurs dans Arrima : une bonne nouvelle pour les immigrants\u2009? - Immigrant Qu\u00e9bec","og_description":"Le gouvernement a r\u00e9cemment annonc\u00e9 l\u2019ouverture du tr\u00e8s attendu Portail employeurs. Pi\u00e8ce manquante d\u2019Arrima, le programme r\u00e9gulier de l\u2019immigration permanente au Qu\u00e9bec, ce portail promet de favoriser les rencontres entre les employeurs et les personnes ayant d\u00e9clar\u00e9 leur int\u00e9r\u00eat \u00e0 venir s\u2019installer dans la province. Mais \u00e0 quoi ces personnes peuvent-elles s\u2019attendre, exactement\u2009? Avec Arrima, [&hellip;]","og_url":"https:\/\/immigrantquebec.com\/fr\/actualites\/portail-employeurs-arrima-une-bonne-nouvelle-pour-les-immigrants\/","og_site_name":"Immigrant Qu\u00e9bec","article_publisher":"https:\/\/www.facebook.com\/immigrantquebec","article_published_time":"2020-12-23T19:12:17+00:00","article_modified_time":"2022-03-03T20:27:20+00:00","og_image":[{"width":950,"height":400,"url":"https:\/\/immigrantquebec.com\/fr\/wp-content\/uploads\/2021\/12\/c4ffcf97-3445-4392-8d58-4f42ade4db8a.jpeg","type":"image\/jpeg"}],"author":"Basile Moratille","twitter_misc":{"\u00c9crit par":"Basile Moratille","Dur\u00e9e de lecture estim\u00e9e":"6 minutes"},"schema":{"@context":"https:\/\/schema.org","@graph":[{"@type":"Article","@id":"https:\/\/immigrantquebec.com\/fr\/actualites\/portail-employeurs-arrima-une-bonne-nouvelle-pour-les-immigrants\/#article","isPartOf":{"@id":"https:\/\/immigrantquebec.com\/fr\/actualites\/portail-employeurs-arrima-une-bonne-nouvelle-pour-les-immigrants\/"},"author":{"name":"Basile Moratille","@id":"https:\/\/immigrantquebec.com\/fr\/#\/schema\/person\/eed5ca7ba2c1007e602ee9b9b87fb4b8"},"headline":"Portail employeurs dans Arrima : une bonne nouvelle pour les immigrants\u2009?","datePublished":"2020-12-23T19:12:17+00:00","dateModified":"2022-03-03T20:27:20+00:00","mainEntityOfPage":{"@id":"https:\/\/immigrantquebec.com\/fr\/actualites\/portail-employeurs-arrima-une-bonne-nouvelle-pour-les-immigrants\/"},"wordCount":1295,"publisher":{"@id":"https:\/\/immigrantquebec.com\/fr\/#organization"},"image":{"@id":"https:\/\/immigrantquebec.com\/fr\/actualites\/portail-employeurs-arrima-une-bonne-nouvelle-pour-les-immigrants\/#primaryimage"},"thumbnailUrl":"https:\/\/immigrantquebec.com\/fr\/wp-content\/uploads\/2021\/12\/c4ffcf97-3445-4392-8d58-4f42ade4db8a.jpeg","articleSection":["Actualit\u00e9s"],"inLanguage":"fr-FR"},{"@type":"WebPage","@id":"https:\/\/immigrantquebec.com\/fr\/actualites\/portail-employeurs-arrima-une-bonne-nouvelle-pour-les-immigrants\/","url":"https:\/\/immigrantquebec.com\/fr\/actualites\/portail-employeurs-arrima-une-bonne-nouvelle-pour-les-immigrants\/","name":"Portail employeurs dans Arrima : une bonne nouvelle pour les immigrants\u2009? - Immigrant Qu\u00e9bec","isPartOf":{"@id":"https:\/\/immigrantquebec.com\/fr\/#website"},"primaryImageOfPage":{"@id":"https:\/\/immigrantquebec.com\/fr\/actualites\/portail-employeurs-arrima-une-bonne-nouvelle-pour-les-immigrants\/#primaryimage"},"image":{"@id":"https:\/\/immigrantquebec.com\/fr\/actualites\/portail-employeurs-arrima-une-bonne-nouvelle-pour-les-immigrants\/#primaryimage"},"thumbnailUrl":"https:\/\/immigrantquebec.com\/fr\/wp-content\/uploads\/2021\/12\/c4ffcf97-3445-4392-8d58-4f42ade4db8a.jpeg","datePublished":"2020-12-23T19:12:17+00:00","dateModified":"2022-03-03T20:27:20+00:00","breadcrumb":{"@id":"https:\/\/immigrantquebec.com\/fr\/actualites\/portail-employeurs-arrima-une-bonne-nouvelle-pour-les-immigrants\/#breadcrumb"},"inLanguage":"fr-FR","potentialAction":[{"@type":"ReadAction","target":["https:\/\/immigrantquebec.com\/fr\/actualites\/portail-employeurs-arrima-une-bonne-nouvelle-pour-les-immigrants\/"]}]},{"@type":"ImageObject","inLanguage":"fr-FR","@id":"https:\/\/immigrantquebec.com\/fr\/actualites\/portail-employeurs-arrima-une-bonne-nouvelle-pour-les-immigrants\/#primaryimage","url":"https:\/\/immigrantquebec.com\/fr\/wp-content\/uploads\/2021\/12\/c4ffcf97-3445-4392-8d58-4f42ade4db8a.jpeg","contentUrl":"https:\/\/immigrantquebec.com\/fr\/wp-content\/uploads\/2021\/12\/c4ffcf97-3445-4392-8d58-4f42ade4db8a.jpeg","width":950,"height":400},{"@type":"BreadcrumbList","@id":"https:\/\/immigrantquebec.com\/fr\/actualites\/portail-employeurs-arrima-une-bonne-nouvelle-pour-les-immigrants\/#breadcrumb","itemListElement":[{"@type":"ListItem","position":1,"name":"Accueil","item":"https:\/\/immigrantquebec.com\/fr\/"},{"@type":"ListItem","position":2,"name":"Actualit\u00e9s","item":"https:\/\/immigrantquebec.com\/fr\/actualites\/"},{"@type":"ListItem","position":3,"name":"Portail employeurs dans Arrima : une bonne nouvelle pour les immigrants\u2009?"}]},{"@type":"WebSite","@id":"https:\/\/immigrantquebec.com\/fr\/#website","url":"https:\/\/immigrantquebec.com\/fr\/","name":"Immigrant Qu\u00e9bec","description":"Immigrer, vivre, travailler et \u00e9tudier au Qu\u00e9bec, Canada","publisher":{"@id":"https:\/\/immigrantquebec.com\/fr\/#organization"},"potentialAction":[{"@type":"SearchAction","target":{"@type":"EntryPoint","urlTemplate":"https:\/\/immigrantquebec.com\/fr\/?s={search_term_string}"},"query-input":{"@type":"PropertyValueSpecification","valueRequired":true,"valueName":"search_term_string"}}],"inLanguage":"fr-FR"},{"@type":"Organization","@id":"https:\/\/immigrantquebec.com\/fr\/#organization","name":"Immigrant Qu\u00e9bec","url":"https:\/\/immigrantquebec.com\/fr\/","logo":{"@type":"ImageObject","inLanguage":"fr-FR","@id":"https:\/\/immigrantquebec.com\/fr\/#\/schema\/logo\/image\/","url":"https:\/\/immigrantquebec.com\/fr\/wp-content\/uploads\/2024\/03\/LogoIQ-2024-RVB.png","contentUrl":"https:\/\/immigrantquebec.com\/fr\/wp-content\/uploads\/2024\/03\/LogoIQ-2024-RVB.png","width":2500,"height":1137,"caption":"Immigrant Qu\u00e9bec"},"image":{"@id":"https:\/\/immigrantquebec.com\/fr\/#\/schema\/logo\/image\/"},"sameAs":["https:\/\/www.facebook.com\/immigrantquebec","https:\/\/x.com\/ImmigrantQuebec","https:\/\/www.instagram.com\/immigrantquebec","https:\/\/www.youtube.com\/user\/ImmigrantQc"]},{"@type":"Person","@id":"https:\/\/immigrantquebec.com\/fr\/#\/schema\/person\/eed5ca7ba2c1007e602ee9b9b87fb4b8","name":"Basile Moratille","image":{"@type":"ImageObject","inLanguage":"fr-FR","@id":"https:\/\/secure.gravatar.com\/avatar\/639aa731bb7134a1e944526697fe0549d67ab17e00987171296fb5362fc909e9?s=96&d=mm&r=g","url":"https:\/\/secure.gravatar.com\/avatar\/639aa731bb7134a1e944526697fe0549d67ab17e00987171296fb5362fc909e9?s=96&d=mm&r=g","contentUrl":"https:\/\/secure.gravatar.com\/avatar\/639aa731bb7134a1e944526697fe0549d67ab17e00987171296fb5362fc909e9?s=96&d=mm&r=g","caption":"Basile Moratille"},"description":"Directeur des contenus et des publications, Immigrant Qu\u00e9bec.","url":"https:\/\/immigrantquebec.com\/fr\/author\/basile-moratilleimmigrantquebec-com\/"}]}},"_links":{"self":[{"href":"https:\/\/immigrantquebec.com\/fr\/wp-json\/wp\/v2\/posts\/4808","targetHints":{"allow":["GET"]}}],"collection":[{"href":"https:\/\/immigrantquebec.com\/fr\/wp-json\/wp\/v2\/posts"}],"about":[{"href":"https:\/\/immigrantquebec.com\/fr\/wp-json\/wp\/v2\/types\/post"}],"author":[{"embeddable":true,"href":"https:\/\/immigrantquebec.com\/fr\/wp-json\/wp\/v2\/users\/3459"}],"replies":[{"embeddable":true,"href":"https:\/\/immigrantquebec.com\/fr\/wp-json\/wp\/v2\/comments?post=4808"}],"version-history":[{"count":0,"href":"https:\/\/immigrantquebec.com\/fr\/wp-json\/wp\/v2\/posts\/4808\/revisions"}],"wp:featuredmedia":[{"embeddable":true,"href":"https:\/\/immigrantquebec.com\/fr\/wp-json\/wp\/v2\/media\/4809"}],"wp:attachment":[{"href":"https:\/\/immigrantquebec.com\/fr\/wp-json\/wp\/v2\/media?parent=4808"}],"wp:term":[{"taxonomy":"category","embeddable":true,"href":"https:\/\/immigrantquebec.com\/fr\/wp-json\/wp\/v2\/categories?post=4808"},{"taxonomy":"post_tag","embeddable":true,"href":"https:\/\/immigrantquebec.com\/fr\/wp-json\/wp\/v2\/tags?post=4808"}],"curies":[{"name":"wp","href":"https:\/\/api.w.org\/{rel}","templated":true}]}}