{"id":4884,"date":"2020-04-24T16:55:36","date_gmt":"2020-04-24T20:55:36","guid":{"rendered":"https:\/\/immigrantquebec.com\/?p=4884"},"modified":"2022-03-03T16:32:53","modified_gmt":"2022-03-03T20:32:53","slug":"culture-et-confinement","status":"publish","type":"post","link":"https:\/\/immigrantquebec.com\/fr\/actualites\/culture-et-confinement\/","title":{"rendered":"Se cultiver depuis chez soi"},"content":{"rendered":"<p><em>La pand\u00e9mie de Covid-19 se poursuit et le temps pass\u00e9 \u00e0 la maison peut sembler long, aux petits comme aux grands. Mais, la fermeture des lieux de socialisation, de culture et de divertissement ne signe pas n\u00e9cessairement la mort de la culture. Alors, pourquoi ne pas en profiter pour m\u00ealer l\u2019utile \u00e0 l\u2019agr\u00e9able\u2009? Floril\u00e8ge des pistes \u00e0 explorer cette fin de semaine et au-del\u00e0\u2009!<\/em><\/p>\n<h2><strong>Occuper les tout petits<\/strong><\/h2>\n<p>Pour les parents, occuper ses jeunes enfants demande, ces temps-ci, un bon effort de cr\u00e9ativit\u00e9. Ils seront sans doute reconnaissants envers le <a href=\"https:\/\/naitreetgrandir.com\/fr\/nouvelles\/2020\/03\/19\/activites-ligne-occuper-enfants-coronavirus\/\" target=\"_blank\" rel=\"noopener noreferrer\">magazine Na\u00eetre et Grandir<\/a>, qui a r\u00e9f\u00e9renc\u00e9 des dizaines de sites internet proposant : des activit\u00e9s physiques \u00e0 faire avec les plus jeunes (jeux d\u2019ext\u00e9rieur, yoga, danse, etc.), des balados et contes en ligne, des dessins et bricolages, des jeux et activit\u00e9s \u00e9ducatives, des cours pour tous les \u00e2ges, des contenus scientifiques, ou encore des films et dessins anim\u00e9s.<\/p>\n<h2><strong>L\u2019offre culturelle depuis votre salon<\/strong><\/h2>\n<p>\u00c0 d\u00e9faut de pouvoir vous d\u00e9placer, vous pourrez aussi constater que certains \u00e9tablissements comme le <a href=\"https:\/\/pacmusee.qc.ca\/fr\/expositions\/\" target=\"_blank\" rel=\"noopener noreferrer\">Mus\u00e9e Pointe-\u00e0-Calli\u00e8re<\/a>, le <a href=\"https:\/\/www.mnbaq.org\/\" target=\"_blank\" rel=\"noopener noreferrer\">Mus\u00e9e national des beaux-arts du Qu\u00e9bec<\/a> ou <a href=\"https:\/\/www.metmuseum.org\/\" target=\"_blank\" rel=\"noopener noreferrer\">le Metropolitan Museum of Art<\/a> ont mis \u00e0 disposition des collections num\u00e9riques ou proposent des exp\u00e9riences immersives. Notre coup de c\u0153ur\u2009? La plateforme <a href=\"https:\/\/educart.ca\/fr\/\" target=\"_blank\" rel=\"noopener noreferrer\">Educart<\/a> du Mus\u00e9e des Beaux-Arts de Montr\u00e9al, qui permet la d\u00e9couverte de 350 \u0153uvres.<\/p>\n<p>Le monde de la musique aussi s\u2019adapte. Le Centre National des Arts et Facebook se sont coordonn\u00e9s pour soutenir financi\u00e8rement les artistes qui proposent des Lives Facebook. L\u2019agenda des performances soutenues est <a href=\"https:\/\/nac-cna.ca\/fr\/canadaperforms\" target=\"_blank\" rel=\"noopener noreferrer\">\u00e0 d\u00e9couvrir ici<\/a>. Certaines structures rediffusent aussi gratuitement leurs concerts, comme <a href=\"https:\/\/www.osm.ca\/fr\/ecouter-et-visionner\/\" target=\"_blank\" rel=\"noopener noreferrer\">l\u2019Orchestre symphonique de Montr\u00e9al<\/a>, par exemple, dont les rediffusions se d\u00e9roulent tous les lundis, mercredis et vendredis<u>.\u00a0<\/u>De son c\u00f4t\u00e9, <a href=\"https:\/\/www.metopera.org\/\" target=\"_blank\" rel=\"noopener noreferrer\">The Metropolitan Opera<\/a> a lanc\u00e9 les <em>Nightly Met Opera Streams<\/em> et diffuse chaque soir des op\u00e9ras gratuits. En France, l\u2019Op\u00e9ra de Paris s\u2019y met aussi, proposant des contenus innovants, comme un ballet, une chorale, ou m\u00eame un concert de l\u2019orchestre symphonique en vision-conf\u00e9rence. Chaque lundi, \u00e0 19 h 30 (heure fran\u00e7aise), l\u2019op\u00e9ra met aussi en ligne <a href=\"https:\/\/www.facebook.com\/operadeparis\/\" target=\"_blank\" rel=\"noopener noreferrer\">l\u2019une de ses repr\u00e9sentations<\/a>. L\u2019occasion de d\u00e9couvrir ou de red\u00e9couvrir gratuitement les ballets et op\u00e9ras les plus mythiques.<\/p>\n<p>Envie d\u2019une exp\u00e9rience plus contemporaine\u2009? Tournez-vous vers la Soci\u00e9t\u00e9 des Arts technologiques qui propose des \u00e9v\u00e8nements virtuels comme Transmission, le <a href=\"https:\/\/www.facebook.com\/events\/531735520860277\/?acontext=%7B%22source%22%3A5%2C%22action_history%22%3A%5b%7B%22surface%22%3A%22page%22%2C%22mechanism%22%3A%22main_list%22%2C%22extra_data%22%3A%22%5C%22%5b%5d%5C%22%22%7D%5d%2C%22has_source%22%3Atrue%7D\" target=\"_blank\" rel=\"noopener noreferrer\">samedi 18 avril prochain<\/a>, durant lesquels des DJs joueront en live depuis leur salon, via la plateforme Switch.<\/p>\n<p>C\u00f4t\u00e9 th\u00e9\u00e2tre, tenez-vous \u00e0 l\u2019affut de la programmation d\u2019Ici Premi\u00e8re, qui a l\u2019air d\u00e9cid\u00e9 \u00e0 vous faire aimer le radioth\u00e9\u00e2tre. Plusieurs th\u00e9\u00e2tres, comme <a href=\"https:\/\/bordee.qc.ca\/nouvelle\/rouge-en-radio-theatre\/\" target=\"_blank\" rel=\"noopener noreferrer\">la Bord\u00e9e<\/a>, essayent \u00e9galement de mettre en place de type de service.<\/p>\n<h2><strong>Cin\u00e9ma<\/strong><\/h2>\n<p>Pour ceux qui auraient \u00ab\u2009termin\u00e9 Netflix\u2009\u00bb, sachez que plus de 4\u2009000 titres sont accessibles gratuitement sur le site <a href=\"https:\/\/www.onf.ca\/\" target=\"_blank\" rel=\"noopener noreferrer\">l\u2019Office national du film du Canada<\/a>, dont des nouveaut\u00e9s. ICI Tou.tv a \u00e9galement mis en place un volet gratuit sur sa plateforme, offrant notamment des s\u00e9ries habituellement payantes.<\/p>\n<p>Les festivals de cin\u00e9ma ont aussi d\u00fb revoir leur offre, et beaucoup, comme <a href=\"https:\/\/vuesdafrique.org\/\" target=\"_blank\" rel=\"noopener noreferrer\">Vues d\u2019Afrique<\/a>, ont pris le parti de mettre les films pr\u00e9sent\u00e9s en ligne pendant toute la dur\u00e9e de l\u2019\u00e9v\u00e8nement.<\/p>\n<h2><strong>Se (re)mettre \u00e0 la lecture<\/strong><\/h2>\n<p>La distanciation sociale semble aussi \u00eatre le moment id\u00e9al pour se remettre \u00e0 la lecture. \u00c7a tombe bien, si les biblioth\u00e8ques sont ferm\u00e9es, mais il est toujours possible d\u2019acc\u00e9der \u00e0 leurs collections num\u00e9riques et aux 850\u2009000 livres en ligne de <a href=\"http:\/\/www.pretnumerique.ca\/\" target=\"_blank\" rel=\"noopener noreferrer\">Pr\u00eat num\u00e9rique<\/a>. Ces services sont r\u00e9serv\u00e9s aux abonn\u00e9s des biblioth\u00e8ques. Exceptionnellement, certaines biblioth\u00e8ques du Qu\u00e9bec, comme la BAnQ, proposent un <a href=\"https:\/\/docs.google.com\/forms\/d\/e\/1FAIpQLSeo2oKlPE5cWMeEjqtDB0Q_na7mO1DAooApMrAbjswOdkH0Gg\/viewform\" target=\"_blank\" rel=\"noopener noreferrer\">formulaire<\/a> pour s\u2019abonner temporairement en ligne, jusqu\u2019\u00e0 r\u00e9ouverture. Les usagers dont l\u2019abonnement arrive \u00e0 expiration verront aussi leur abonnement prolong\u00e9.<\/p>\n<p>Pas inspir\u00e9s par un livre en particulier\u2009? Pas de probl\u00e8me. Le magazine Urbania s\u2019est associ\u00e9 avec la cha\u00eene Arte et la cha\u00eene YouTube Le Mock pour lancer un club de lecture : le <a href=\"https:\/\/www.youtube.com\/watch?v=iEgh2JzRsn0\" target=\"_blank\" rel=\"noopener noreferrer\">Arte book club<\/a>. Au programme, lecture d\u2019extraits, analyse et discussions autour de l\u2019ouvrage. \u00c7a se passe sur la cha\u00eene YouTube d\u2019Arte.<\/p>\n<h2><strong>Pas d\u2019\u00e2ge pour apprendre<\/strong><\/h2>\n<p>Envie de profiter de cette p\u00e9riode pour r\u00e9veiller encore davantage vos neurones\u2009? Comptez sur les universit\u00e9s de la Ivy League (Brown, Harvard, Cornell, Princeton, Dartmouth, Yale, Columbia et l\u2019universit\u00e9 de Pennsylvanie), qui ont rendu accessibles plus de <a href=\"https:\/\/www.freecodecamp.org\/news\/ivy-league-free-online-courses-a0d7ae675869\/\" target=\"_blank\" rel=\"noopener noreferrer\">450 cours en ligne<\/a>, et ce dans tous les domaines, ou presque.<\/p>\n<p>Plus localement, ce peut \u00eatre l\u2019occasion de d\u00e9couvrir ou red\u00e9couvrir le travail consid\u00e9rable de l\u2019Upop, <a href=\"https:\/\/www.facebook.com\/UPopMontreal\" target=\"_blank\" rel=\"noopener noreferrer\">l\u2019Universit\u00e9 populaire de Montr\u00e9al<\/a> qui d\u2019habitude, organise des cycles de cours gratuits, donn\u00e9s directement dans les bars. Puisque ceux-ci sont ferm\u00e9s, l\u2019Upop a d\u00e9cid\u00e9 de proposer les 3 s\u00e9ances restantes du cours \u00ab\u2009Notre cerveau \u00e0 tous les niveaux\u2009\u00bb directement en ligne, via la plateforme Zoom, les mercredis 22 avril, 20 mai et 17 juin. La <a href=\"https:\/\/www.facebook.com\/events\/234946277875834\/\" target=\"_blank\" rel=\"noopener noreferrer\">prochaine s\u00e9ance<\/a> s\u2019intitule \u00ab\u2009Cerveau et corps ne font qu\u2019un : origine et fonction des \u00e9motions\u2009\u00bb.<\/p>\n<p>De mani\u00e8re g\u00e9n\u00e9rale, continuer \u00e0 suivre l\u2019actualit\u00e9 de vos \u00e9coles, salles de sport et centres culturels locaux, qui se d\u00e9m\u00e8nent pour continuer \u00e0 vous proposer des activit\u00e9s en tout genre.<\/p>\n","protected":false},"excerpt":{"rendered":"<p>La pand\u00e9mie de Covid-19 se poursuit et le temps pass\u00e9 \u00e0 la maison peut sembler long, aux petits comme aux grands. Mais, la fermeture des lieux de socialisation, de culture et de divertissement ne signe pas n\u00e9cessairement la mort de la culture. Alors, pourquoi ne pas en profiter pour m\u00ealer l\u2019utile \u00e0 l\u2019agr\u00e9able\u2009? Floril\u00e8ge des [&hellip;]<\/p>\n","protected":false},"author":3468,"featured_media":4885,"comment_status":"closed","ping_status":"closed","sticky":false,"template":"","format":"standard","meta":{"_acf_changed":false,"_genesis_hide_title":false,"_genesis_hide_breadcrumbs":false,"_genesis_hide_singular_image":false,"_genesis_hide_footer_widgets":false,"_genesis_custom_body_class":"","_genesis_custom_post_class":"","_genesis_layout":"","footnotes":""},"categories":[1],"tags":[],"class_list":{"0":"post-4884","1":"post","2":"type-post","3":"status-publish","4":"format-standard","5":"has-post-thumbnail","7":"category-actualites","8":"entry"},"acf":[],"yoast_head":"<!-- This site is optimized with the Yoast SEO plugin v27.5 - https:\/\/yoast.com\/product\/yoast-seo-wordpress\/ -->\n<title>Se cultiver depuis chez soi - Immigrant Qu\u00e9bec<\/title>\n<meta name=\"robots\" content=\"index, follow, max-snippet:-1, max-image-preview:large, max-video-preview:-1\" \/>\n<link rel=\"canonical\" href=\"https:\/\/immigrantquebec.com\/fr\/actualites\/culture-et-confinement\/\" \/>\n<meta property=\"og:locale\" content=\"fr_FR\" \/>\n<meta property=\"og:type\" content=\"article\" \/>\n<meta property=\"og:title\" content=\"Se cultiver depuis chez soi - Immigrant Qu\u00e9bec\" \/>\n<meta property=\"og:description\" content=\"La pand\u00e9mie de Covid-19 se poursuit et le temps pass\u00e9 \u00e0 la maison peut sembler long, aux petits comme aux grands. Mais, la fermeture des lieux de socialisation, de culture et de divertissement ne signe pas n\u00e9cessairement la mort de la culture. Alors, pourquoi ne pas en profiter pour m\u00ealer l\u2019utile \u00e0 l\u2019agr\u00e9able\u2009? Floril\u00e8ge des [&hellip;]\" \/>\n<meta property=\"og:url\" content=\"https:\/\/immigrantquebec.com\/fr\/actualites\/culture-et-confinement\/\" \/>\n<meta property=\"og:site_name\" content=\"Immigrant Qu\u00e9bec\" \/>\n<meta property=\"article:publisher\" content=\"https:\/\/www.facebook.com\/immigrantquebec\" \/>\n<meta property=\"article:published_time\" content=\"2020-04-24T20:55:36+00:00\" \/>\n<meta property=\"article:modified_time\" content=\"2022-03-03T20:32:53+00:00\" \/>\n<meta property=\"og:image\" content=\"https:\/\/immigrantquebec.com\/fr\/wp-content\/uploads\/2021\/12\/a6a2eedd-a3b1-4130-9f39-584bc1d6464a.jpeg\" \/>\n\t<meta property=\"og:image:width\" content=\"950\" \/>\n\t<meta property=\"og:image:height\" content=\"400\" \/>\n\t<meta property=\"og:image:type\" content=\"image\/jpeg\" \/>\n<meta name=\"author\" content=\"Camille Teste\" \/>\n<meta name=\"twitter:label1\" content=\"\u00c9crit par\" \/>\n\t<meta name=\"twitter:data1\" content=\"Camille Teste\" \/>\n\t<meta name=\"twitter:label2\" content=\"Dur\u00e9e de lecture estim\u00e9e\" \/>\n\t<meta name=\"twitter:data2\" content=\"5 minutes\" \/>\n<script type=\"application\/ld+json\" class=\"yoast-schema-graph\">{\"@context\":\"https:\\\/\\\/schema.org\",\"@graph\":[{\"@type\":\"Article\",\"@id\":\"https:\\\/\\\/immigrantquebec.com\\\/fr\\\/actualites\\\/culture-et-confinement\\\/#article\",\"isPartOf\":{\"@id\":\"https:\\\/\\\/immigrantquebec.com\\\/fr\\\/actualites\\\/culture-et-confinement\\\/\"},\"author\":{\"name\":\"Camille Teste\",\"@id\":\"https:\\\/\\\/immigrantquebec.com\\\/fr\\\/#\\\/schema\\\/person\\\/c370adb8e51f43af0961c4e2fffca023\"},\"headline\":\"Se cultiver depuis chez soi\",\"datePublished\":\"2020-04-24T20:55:36+00:00\",\"dateModified\":\"2022-03-03T20:32:53+00:00\",\"mainEntityOfPage\":{\"@id\":\"https:\\\/\\\/immigrantquebec.com\\\/fr\\\/actualites\\\/culture-et-confinement\\\/\"},\"wordCount\":922,\"publisher\":{\"@id\":\"https:\\\/\\\/immigrantquebec.com\\\/fr\\\/#organization\"},\"image\":{\"@id\":\"https:\\\/\\\/immigrantquebec.com\\\/fr\\\/actualites\\\/culture-et-confinement\\\/#primaryimage\"},\"thumbnailUrl\":\"https:\\\/\\\/immigrantquebec.com\\\/fr\\\/wp-content\\\/uploads\\\/2021\\\/12\\\/a6a2eedd-a3b1-4130-9f39-584bc1d6464a.jpeg\",\"articleSection\":[\"Actualit\u00e9s\"],\"inLanguage\":\"fr-FR\"},{\"@type\":\"WebPage\",\"@id\":\"https:\\\/\\\/immigrantquebec.com\\\/fr\\\/actualites\\\/culture-et-confinement\\\/\",\"url\":\"https:\\\/\\\/immigrantquebec.com\\\/fr\\\/actualites\\\/culture-et-confinement\\\/\",\"name\":\"Se cultiver depuis chez soi - Immigrant Qu\u00e9bec\",\"isPartOf\":{\"@id\":\"https:\\\/\\\/immigrantquebec.com\\\/fr\\\/#website\"},\"primaryImageOfPage\":{\"@id\":\"https:\\\/\\\/immigrantquebec.com\\\/fr\\\/actualites\\\/culture-et-confinement\\\/#primaryimage\"},\"image\":{\"@id\":\"https:\\\/\\\/immigrantquebec.com\\\/fr\\\/actualites\\\/culture-et-confinement\\\/#primaryimage\"},\"thumbnailUrl\":\"https:\\\/\\\/immigrantquebec.com\\\/fr\\\/wp-content\\\/uploads\\\/2021\\\/12\\\/a6a2eedd-a3b1-4130-9f39-584bc1d6464a.jpeg\",\"datePublished\":\"2020-04-24T20:55:36+00:00\",\"dateModified\":\"2022-03-03T20:32:53+00:00\",\"breadcrumb\":{\"@id\":\"https:\\\/\\\/immigrantquebec.com\\\/fr\\\/actualites\\\/culture-et-confinement\\\/#breadcrumb\"},\"inLanguage\":\"fr-FR\",\"potentialAction\":[{\"@type\":\"ReadAction\",\"target\":[\"https:\\\/\\\/immigrantquebec.com\\\/fr\\\/actualites\\\/culture-et-confinement\\\/\"]}]},{\"@type\":\"ImageObject\",\"inLanguage\":\"fr-FR\",\"@id\":\"https:\\\/\\\/immigrantquebec.com\\\/fr\\\/actualites\\\/culture-et-confinement\\\/#primaryimage\",\"url\":\"https:\\\/\\\/immigrantquebec.com\\\/fr\\\/wp-content\\\/uploads\\\/2021\\\/12\\\/a6a2eedd-a3b1-4130-9f39-584bc1d6464a.jpeg\",\"contentUrl\":\"https:\\\/\\\/immigrantquebec.com\\\/fr\\\/wp-content\\\/uploads\\\/2021\\\/12\\\/a6a2eedd-a3b1-4130-9f39-584bc1d6464a.jpeg\",\"width\":950,\"height\":400},{\"@type\":\"BreadcrumbList\",\"@id\":\"https:\\\/\\\/immigrantquebec.com\\\/fr\\\/actualites\\\/culture-et-confinement\\\/#breadcrumb\",\"itemListElement\":[{\"@type\":\"ListItem\",\"position\":1,\"name\":\"Accueil\",\"item\":\"https:\\\/\\\/immigrantquebec.com\\\/fr\\\/\"},{\"@type\":\"ListItem\",\"position\":2,\"name\":\"Actualit\u00e9s\",\"item\":\"https:\\\/\\\/immigrantquebec.com\\\/fr\\\/actualites\\\/\"},{\"@type\":\"ListItem\",\"position\":3,\"name\":\"Se cultiver depuis chez soi\"}]},{\"@type\":\"WebSite\",\"@id\":\"https:\\\/\\\/immigrantquebec.com\\\/fr\\\/#website\",\"url\":\"https:\\\/\\\/immigrantquebec.com\\\/fr\\\/\",\"name\":\"Immigrant Qu\u00e9bec\",\"description\":\"Immigrer, vivre, travailler et \u00e9tudier au Qu\u00e9bec, Canada\",\"publisher\":{\"@id\":\"https:\\\/\\\/immigrantquebec.com\\\/fr\\\/#organization\"},\"potentialAction\":[{\"@type\":\"SearchAction\",\"target\":{\"@type\":\"EntryPoint\",\"urlTemplate\":\"https:\\\/\\\/immigrantquebec.com\\\/fr\\\/?s={search_term_string}\"},\"query-input\":{\"@type\":\"PropertyValueSpecification\",\"valueRequired\":true,\"valueName\":\"search_term_string\"}}],\"inLanguage\":\"fr-FR\"},{\"@type\":\"Organization\",\"@id\":\"https:\\\/\\\/immigrantquebec.com\\\/fr\\\/#organization\",\"name\":\"Immigrant Qu\u00e9bec\",\"url\":\"https:\\\/\\\/immigrantquebec.com\\\/fr\\\/\",\"logo\":{\"@type\":\"ImageObject\",\"inLanguage\":\"fr-FR\",\"@id\":\"https:\\\/\\\/immigrantquebec.com\\\/fr\\\/#\\\/schema\\\/logo\\\/image\\\/\",\"url\":\"https:\\\/\\\/immigrantquebec.com\\\/fr\\\/wp-content\\\/uploads\\\/2024\\\/03\\\/LogoIQ-2024-RVB.png\",\"contentUrl\":\"https:\\\/\\\/immigrantquebec.com\\\/fr\\\/wp-content\\\/uploads\\\/2024\\\/03\\\/LogoIQ-2024-RVB.png\",\"width\":2500,\"height\":1137,\"caption\":\"Immigrant Qu\u00e9bec\"},\"image\":{\"@id\":\"https:\\\/\\\/immigrantquebec.com\\\/fr\\\/#\\\/schema\\\/logo\\\/image\\\/\"},\"sameAs\":[\"https:\\\/\\\/www.facebook.com\\\/immigrantquebec\",\"https:\\\/\\\/x.com\\\/ImmigrantQuebec\",\"https:\\\/\\\/www.instagram.com\\\/immigrantquebec\",\"https:\\\/\\\/www.youtube.com\\\/user\\\/ImmigrantQc\"]},{\"@type\":\"Person\",\"@id\":\"https:\\\/\\\/immigrantquebec.com\\\/fr\\\/#\\\/schema\\\/person\\\/c370adb8e51f43af0961c4e2fffca023\",\"name\":\"Camille Teste\",\"image\":{\"@type\":\"ImageObject\",\"inLanguage\":\"fr-FR\",\"@id\":\"https:\\\/\\\/immigrantquebec.com\\\/fr\\\/wp-content\\\/uploads\\\/2022\\\/03\\\/camille-teste-96x96.jpeg\",\"url\":\"https:\\\/\\\/immigrantquebec.com\\\/fr\\\/wp-content\\\/uploads\\\/2022\\\/03\\\/camille-teste-96x96.jpeg\",\"contentUrl\":\"https:\\\/\\\/immigrantquebec.com\\\/fr\\\/wp-content\\\/uploads\\\/2022\\\/03\\\/camille-teste-96x96.jpeg\",\"caption\":\"Camille Teste\"},\"description\":\"Dipl\u00f4m\u00e9e de Sciences Po Paris, Camille travaille comme journaliste depuis quatre ans, en presse \u00e9crite et \u00e0 la t\u00e9l\u00e9vision. Passionn\u00e9e par les voyages et par l'actualit\u00e9 internationale, Camille a travaill\u00e9 au Liban, au Royaume Uni, en France et au Maroc avant de s'installer \u00e0 Montr\u00e9al.\",\"url\":\"https:\\\/\\\/immigrantquebec.com\\\/fr\\\/author\\\/camille-t\\\/\"}]}<\/script>\n<!-- \/ Yoast SEO plugin. -->","yoast_head_json":{"title":"Se cultiver depuis chez soi - Immigrant Qu\u00e9bec","robots":{"index":"index","follow":"follow","max-snippet":"max-snippet:-1","max-image-preview":"max-image-preview:large","max-video-preview":"max-video-preview:-1"},"canonical":"https:\/\/immigrantquebec.com\/fr\/actualites\/culture-et-confinement\/","og_locale":"fr_FR","og_type":"article","og_title":"Se cultiver depuis chez soi - Immigrant Qu\u00e9bec","og_description":"La pand\u00e9mie de Covid-19 se poursuit et le temps pass\u00e9 \u00e0 la maison peut sembler long, aux petits comme aux grands. Mais, la fermeture des lieux de socialisation, de culture et de divertissement ne signe pas n\u00e9cessairement la mort de la culture. Alors, pourquoi ne pas en profiter pour m\u00ealer l\u2019utile \u00e0 l\u2019agr\u00e9able\u2009? Floril\u00e8ge des [&hellip;]","og_url":"https:\/\/immigrantquebec.com\/fr\/actualites\/culture-et-confinement\/","og_site_name":"Immigrant Qu\u00e9bec","article_publisher":"https:\/\/www.facebook.com\/immigrantquebec","article_published_time":"2020-04-24T20:55:36+00:00","article_modified_time":"2022-03-03T20:32:53+00:00","og_image":[{"width":950,"height":400,"url":"https:\/\/immigrantquebec.com\/fr\/wp-content\/uploads\/2021\/12\/a6a2eedd-a3b1-4130-9f39-584bc1d6464a.jpeg","type":"image\/jpeg"}],"author":"Camille Teste","twitter_misc":{"\u00c9crit par":"Camille Teste","Dur\u00e9e de lecture estim\u00e9e":"5 minutes"},"schema":{"@context":"https:\/\/schema.org","@graph":[{"@type":"Article","@id":"https:\/\/immigrantquebec.com\/fr\/actualites\/culture-et-confinement\/#article","isPartOf":{"@id":"https:\/\/immigrantquebec.com\/fr\/actualites\/culture-et-confinement\/"},"author":{"name":"Camille Teste","@id":"https:\/\/immigrantquebec.com\/fr\/#\/schema\/person\/c370adb8e51f43af0961c4e2fffca023"},"headline":"Se cultiver depuis chez soi","datePublished":"2020-04-24T20:55:36+00:00","dateModified":"2022-03-03T20:32:53+00:00","mainEntityOfPage":{"@id":"https:\/\/immigrantquebec.com\/fr\/actualites\/culture-et-confinement\/"},"wordCount":922,"publisher":{"@id":"https:\/\/immigrantquebec.com\/fr\/#organization"},"image":{"@id":"https:\/\/immigrantquebec.com\/fr\/actualites\/culture-et-confinement\/#primaryimage"},"thumbnailUrl":"https:\/\/immigrantquebec.com\/fr\/wp-content\/uploads\/2021\/12\/a6a2eedd-a3b1-4130-9f39-584bc1d6464a.jpeg","articleSection":["Actualit\u00e9s"],"inLanguage":"fr-FR"},{"@type":"WebPage","@id":"https:\/\/immigrantquebec.com\/fr\/actualites\/culture-et-confinement\/","url":"https:\/\/immigrantquebec.com\/fr\/actualites\/culture-et-confinement\/","name":"Se cultiver depuis chez soi - Immigrant Qu\u00e9bec","isPartOf":{"@id":"https:\/\/immigrantquebec.com\/fr\/#website"},"primaryImageOfPage":{"@id":"https:\/\/immigrantquebec.com\/fr\/actualites\/culture-et-confinement\/#primaryimage"},"image":{"@id":"https:\/\/immigrantquebec.com\/fr\/actualites\/culture-et-confinement\/#primaryimage"},"thumbnailUrl":"https:\/\/immigrantquebec.com\/fr\/wp-content\/uploads\/2021\/12\/a6a2eedd-a3b1-4130-9f39-584bc1d6464a.jpeg","datePublished":"2020-04-24T20:55:36+00:00","dateModified":"2022-03-03T20:32:53+00:00","breadcrumb":{"@id":"https:\/\/immigrantquebec.com\/fr\/actualites\/culture-et-confinement\/#breadcrumb"},"inLanguage":"fr-FR","potentialAction":[{"@type":"ReadAction","target":["https:\/\/immigrantquebec.com\/fr\/actualites\/culture-et-confinement\/"]}]},{"@type":"ImageObject","inLanguage":"fr-FR","@id":"https:\/\/immigrantquebec.com\/fr\/actualites\/culture-et-confinement\/#primaryimage","url":"https:\/\/immigrantquebec.com\/fr\/wp-content\/uploads\/2021\/12\/a6a2eedd-a3b1-4130-9f39-584bc1d6464a.jpeg","contentUrl":"https:\/\/immigrantquebec.com\/fr\/wp-content\/uploads\/2021\/12\/a6a2eedd-a3b1-4130-9f39-584bc1d6464a.jpeg","width":950,"height":400},{"@type":"BreadcrumbList","@id":"https:\/\/immigrantquebec.com\/fr\/actualites\/culture-et-confinement\/#breadcrumb","itemListElement":[{"@type":"ListItem","position":1,"name":"Accueil","item":"https:\/\/immigrantquebec.com\/fr\/"},{"@type":"ListItem","position":2,"name":"Actualit\u00e9s","item":"https:\/\/immigrantquebec.com\/fr\/actualites\/"},{"@type":"ListItem","position":3,"name":"Se cultiver depuis chez soi"}]},{"@type":"WebSite","@id":"https:\/\/immigrantquebec.com\/fr\/#website","url":"https:\/\/immigrantquebec.com\/fr\/","name":"Immigrant Qu\u00e9bec","description":"Immigrer, vivre, travailler et \u00e9tudier au Qu\u00e9bec, Canada","publisher":{"@id":"https:\/\/immigrantquebec.com\/fr\/#organization"},"potentialAction":[{"@type":"SearchAction","target":{"@type":"EntryPoint","urlTemplate":"https:\/\/immigrantquebec.com\/fr\/?s={search_term_string}"},"query-input":{"@type":"PropertyValueSpecification","valueRequired":true,"valueName":"search_term_string"}}],"inLanguage":"fr-FR"},{"@type":"Organization","@id":"https:\/\/immigrantquebec.com\/fr\/#organization","name":"Immigrant Qu\u00e9bec","url":"https:\/\/immigrantquebec.com\/fr\/","logo":{"@type":"ImageObject","inLanguage":"fr-FR","@id":"https:\/\/immigrantquebec.com\/fr\/#\/schema\/logo\/image\/","url":"https:\/\/immigrantquebec.com\/fr\/wp-content\/uploads\/2024\/03\/LogoIQ-2024-RVB.png","contentUrl":"https:\/\/immigrantquebec.com\/fr\/wp-content\/uploads\/2024\/03\/LogoIQ-2024-RVB.png","width":2500,"height":1137,"caption":"Immigrant Qu\u00e9bec"},"image":{"@id":"https:\/\/immigrantquebec.com\/fr\/#\/schema\/logo\/image\/"},"sameAs":["https:\/\/www.facebook.com\/immigrantquebec","https:\/\/x.com\/ImmigrantQuebec","https:\/\/www.instagram.com\/immigrantquebec","https:\/\/www.youtube.com\/user\/ImmigrantQc"]},{"@type":"Person","@id":"https:\/\/immigrantquebec.com\/fr\/#\/schema\/person\/c370adb8e51f43af0961c4e2fffca023","name":"Camille Teste","image":{"@type":"ImageObject","inLanguage":"fr-FR","@id":"https:\/\/immigrantquebec.com\/fr\/wp-content\/uploads\/2022\/03\/camille-teste-96x96.jpeg","url":"https:\/\/immigrantquebec.com\/fr\/wp-content\/uploads\/2022\/03\/camille-teste-96x96.jpeg","contentUrl":"https:\/\/immigrantquebec.com\/fr\/wp-content\/uploads\/2022\/03\/camille-teste-96x96.jpeg","caption":"Camille Teste"},"description":"Dipl\u00f4m\u00e9e de Sciences Po Paris, Camille travaille comme journaliste depuis quatre ans, en presse \u00e9crite et \u00e0 la t\u00e9l\u00e9vision. Passionn\u00e9e par les voyages et par l'actualit\u00e9 internationale, Camille a travaill\u00e9 au Liban, au Royaume Uni, en France et au Maroc avant de s'installer \u00e0 Montr\u00e9al.","url":"https:\/\/immigrantquebec.com\/fr\/author\/camille-t\/"}]}},"_links":{"self":[{"href":"https:\/\/immigrantquebec.com\/fr\/wp-json\/wp\/v2\/posts\/4884","targetHints":{"allow":["GET"]}}],"collection":[{"href":"https:\/\/immigrantquebec.com\/fr\/wp-json\/wp\/v2\/posts"}],"about":[{"href":"https:\/\/immigrantquebec.com\/fr\/wp-json\/wp\/v2\/types\/post"}],"author":[{"embeddable":true,"href":"https:\/\/immigrantquebec.com\/fr\/wp-json\/wp\/v2\/users\/3468"}],"replies":[{"embeddable":true,"href":"https:\/\/immigrantquebec.com\/fr\/wp-json\/wp\/v2\/comments?post=4884"}],"version-history":[{"count":0,"href":"https:\/\/immigrantquebec.com\/fr\/wp-json\/wp\/v2\/posts\/4884\/revisions"}],"wp:featuredmedia":[{"embeddable":true,"href":"https:\/\/immigrantquebec.com\/fr\/wp-json\/wp\/v2\/media\/4885"}],"wp:attachment":[{"href":"https:\/\/immigrantquebec.com\/fr\/wp-json\/wp\/v2\/media?parent=4884"}],"wp:term":[{"taxonomy":"category","embeddable":true,"href":"https:\/\/immigrantquebec.com\/fr\/wp-json\/wp\/v2\/categories?post=4884"},{"taxonomy":"post_tag","embeddable":true,"href":"https:\/\/immigrantquebec.com\/fr\/wp-json\/wp\/v2\/tags?post=4884"}],"curies":[{"name":"wp","href":"https:\/\/api.w.org\/{rel}","templated":true}]}}