{"id":5366,"date":"2017-06-21T14:47:30","date_gmt":"2017-06-21T18:47:30","guid":{"rendered":"https:\/\/immigrantquebec.com\/?p=5366"},"modified":"2021-12-28T14:47:46","modified_gmt":"2021-12-28T18:47:46","slug":"quoi-faire-quebec-24-25-juin","status":"publish","type":"post","link":"https:\/\/immigrantquebec.com\/fr\/actualites\/quoi-faire-quebec-24-25-juin\/","title":{"rendered":"Quoi faire au Qu\u00e9bec &#8211; 24 et 25 juin"},"content":{"rendered":"<h3><a href=\"http:\/\/www.fetenationale.quebec\/fr\/programmation\" target=\"_blank\" rel=\"noopener noreferrer\">F\u00eate nationale du Qu\u00e9bec<\/a><\/h3>\n<p>Ce samedi 24 juin le Qu\u00e9bec c\u00e9l\u00e8bre sa F\u00eate nationale ou f\u00eate de la Saint-Jean. Pour les Qu\u00e9b\u00e9cois, il s\u2019agit d\u2019un jour f\u00e9ri\u00e9 et ch\u00f4m\u00e9. Cette ann\u00e9e, la F\u00eate nationale sera c\u00e9l\u00e9br\u00e9e sous le th\u00e8me \u00ab Qu\u00e9bec, embl\u00e8me de notre fiert\u00e9 \u00bb.<\/p>\n<h3>F\u00eate nationale \u00e0 Qu\u00e9bec<\/h3>\n<p>\u00c0 Qu\u00e9bec, les c\u00e9l\u00e9brations de la F\u00eate nationale commencent d\u00e8s le 23 juin avec de nombreux concerts organis\u00e9s \u00e0 partir de 21h sur les plaines d\u2019Abraham. La soir\u00e9e accueillera de grands noms de la sc\u00e8ne qu\u00e9b\u00e9coise comme Alexe Gaudreault ou encore \u00c9rice Lapointe. \u00c0 l&rsquo;occasion de la F\u00eate nationale, vous aurez l&rsquo;occasion de d\u00e9couvrir plusieurs parcours historiques et de parcourir la ville de Qu\u00e9bec d&rsquo;une autre mani\u00e8re. Toute la programmation sur\u00a0: <a href=\"http:\/\/www.fetenationale.quebec\/fr\/programmation\" target=\"_blank\" rel=\"noopener noreferrer\">fetenationale.quebec\/fr\/programmation<\/a><\/p>\n<h3>F\u00eate nationale \u00e0 Montr\u00e9al<\/h3>\n<p>D\u00e8s le 23 juin ne manquez au c\u0153ur du Quartier des spectacles le Grand spectacle avec Alaclair Ensemble, Robert Charlebois, La Bronze &#8230; \u00c0 13h le 24 juin, rendez-vous pour le grand d\u00e9fil\u00e9 rue Saint-Denis. Musiciens, chorales, danseurs, figurants seront pr\u00e9sents pour le plaisir des yeux et des oreilles. Le 24 juin est \u00e9galement un \u00e9v\u00e8nement qui se f\u00eate dans les quartiers. Renseignez-vous pr\u00e8s de chez vous pour f\u00eater ce grand rassemblement avec vos voisins et amis dans une ambiance chaleureuse et conviviale. Toute la programmation sur\u00a0: <a href=\"http:\/\/www.fetenationale-montreal.qc.ca\" target=\"_blank\" rel=\"noopener noreferrer\">www.fetenationale-montreal.qc.ca<\/a><\/p>\n<h3>La f\u00eate nationale en r\u00e9gion<\/h3>\n<p>Les r\u00e9gions ne sont pas en reste pour c\u00e9l\u00e9brer en beaut\u00e9 la F\u00eate nationale avec pr\u00e8s de 700 f\u00eates sur tout le territoire. Toute la programmation en r\u00e9gion\u00a0:<a href=\"http:\/\/www.fetenationale.quebec\/fr\/programmation\" target=\"_blank\" rel=\"noopener noreferrer\"> http:\/\/www.fetenationale.quebec\/fr\/programmation<\/a><\/p>\n","protected":false},"excerpt":{"rendered":"<p>F\u00eate nationale du Qu\u00e9bec Ce samedi 24 juin le Qu\u00e9bec c\u00e9l\u00e8bre sa F\u00eate nationale ou f\u00eate de la Saint-Jean. Pour les Qu\u00e9b\u00e9cois, il s\u2019agit d\u2019un jour f\u00e9ri\u00e9 et ch\u00f4m\u00e9. Cette ann\u00e9e, la F\u00eate nationale sera c\u00e9l\u00e9br\u00e9e sous le th\u00e8me \u00ab Qu\u00e9bec, embl\u00e8me de notre fiert\u00e9 \u00bb. F\u00eate nationale \u00e0 Qu\u00e9bec \u00c0 Qu\u00e9bec, les c\u00e9l\u00e9brations de [&hellip;]<\/p>\n","protected":false},"author":3459,"featured_media":5367,"comment_status":"closed","ping_status":"closed","sticky":false,"template":"","format":"standard","meta":{"_acf_changed":false,"_genesis_hide_title":false,"_genesis_hide_breadcrumbs":false,"_genesis_hide_singular_image":false,"_genesis_hide_footer_widgets":false,"_genesis_custom_body_class":"","_genesis_custom_post_class":"","_genesis_layout":"","footnotes":""},"categories":[1],"tags":[],"class_list":{"0":"post-5366","1":"post","2":"type-post","3":"status-publish","4":"format-standard","5":"has-post-thumbnail","7":"category-actualites","8":"entry"},"acf":[],"yoast_head":"<!-- This site is optimized with the Yoast SEO plugin v27.5 - https:\/\/yoast.com\/product\/yoast-seo-wordpress\/ -->\n<title>Quoi faire au Qu\u00e9bec - 24 et 25 juin - Immigrant Qu\u00e9bec<\/title>\n<meta name=\"robots\" content=\"index, follow, max-snippet:-1, max-image-preview:large, max-video-preview:-1\" \/>\n<link rel=\"canonical\" href=\"https:\/\/immigrantquebec.com\/fr\/actualites\/quoi-faire-quebec-24-25-juin\/\" \/>\n<meta property=\"og:locale\" content=\"fr_FR\" \/>\n<meta property=\"og:type\" content=\"article\" \/>\n<meta property=\"og:title\" content=\"Quoi faire au Qu\u00e9bec - 24 et 25 juin - Immigrant Qu\u00e9bec\" \/>\n<meta property=\"og:description\" content=\"F\u00eate nationale du Qu\u00e9bec Ce samedi 24 juin le Qu\u00e9bec c\u00e9l\u00e8bre sa F\u00eate nationale ou f\u00eate de la Saint-Jean. Pour les Qu\u00e9b\u00e9cois, il s\u2019agit d\u2019un jour f\u00e9ri\u00e9 et ch\u00f4m\u00e9. Cette ann\u00e9e, la F\u00eate nationale sera c\u00e9l\u00e9br\u00e9e sous le th\u00e8me \u00ab Qu\u00e9bec, embl\u00e8me de notre fiert\u00e9 \u00bb. F\u00eate nationale \u00e0 Qu\u00e9bec \u00c0 Qu\u00e9bec, les c\u00e9l\u00e9brations de [&hellip;]\" \/>\n<meta property=\"og:url\" content=\"https:\/\/immigrantquebec.com\/fr\/actualites\/quoi-faire-quebec-24-25-juin\/\" \/>\n<meta property=\"og:site_name\" content=\"Immigrant Qu\u00e9bec\" \/>\n<meta property=\"article:publisher\" content=\"https:\/\/www.facebook.com\/immigrantquebec\" \/>\n<meta property=\"article:published_time\" content=\"2017-06-21T18:47:30+00:00\" \/>\n<meta property=\"article:modified_time\" content=\"2021-12-28T18:47:46+00:00\" \/>\n<meta property=\"og:image\" content=\"https:\/\/immigrantquebec.com\/fr\/wp-content\/uploads\/2021\/12\/27dfc706-2d5a-4aee-8574-61f185a7abc9.jpg\" \/>\n\t<meta property=\"og:image:width\" content=\"950\" \/>\n\t<meta property=\"og:image:height\" content=\"400\" \/>\n\t<meta property=\"og:image:type\" content=\"image\/jpeg\" \/>\n<meta name=\"author\" content=\"Basile Moratille\" \/>\n<meta name=\"twitter:label1\" content=\"\u00c9crit par\" \/>\n\t<meta name=\"twitter:data1\" content=\"Basile Moratille\" \/>\n\t<meta name=\"twitter:label2\" content=\"Dur\u00e9e de lecture estim\u00e9e\" \/>\n\t<meta name=\"twitter:data2\" content=\"2 minutes\" \/>\n<script type=\"application\/ld+json\" class=\"yoast-schema-graph\">{\"@context\":\"https:\\\/\\\/schema.org\",\"@graph\":[{\"@type\":\"Article\",\"@id\":\"https:\\\/\\\/immigrantquebec.com\\\/fr\\\/actualites\\\/quoi-faire-quebec-24-25-juin\\\/#article\",\"isPartOf\":{\"@id\":\"https:\\\/\\\/immigrantquebec.com\\\/fr\\\/actualites\\\/quoi-faire-quebec-24-25-juin\\\/\"},\"author\":{\"name\":\"Basile Moratille\",\"@id\":\"https:\\\/\\\/immigrantquebec.com\\\/fr\\\/#\\\/schema\\\/person\\\/eed5ca7ba2c1007e602ee9b9b87fb4b8\"},\"headline\":\"Quoi faire au Qu\u00e9bec &#8211; 24 et 25 juin\",\"datePublished\":\"2017-06-21T18:47:30+00:00\",\"dateModified\":\"2021-12-28T18:47:46+00:00\",\"mainEntityOfPage\":{\"@id\":\"https:\\\/\\\/immigrantquebec.com\\\/fr\\\/actualites\\\/quoi-faire-quebec-24-25-juin\\\/\"},\"wordCount\":312,\"publisher\":{\"@id\":\"https:\\\/\\\/immigrantquebec.com\\\/fr\\\/#organization\"},\"image\":{\"@id\":\"https:\\\/\\\/immigrantquebec.com\\\/fr\\\/actualites\\\/quoi-faire-quebec-24-25-juin\\\/#primaryimage\"},\"thumbnailUrl\":\"https:\\\/\\\/immigrantquebec.com\\\/fr\\\/wp-content\\\/uploads\\\/2021\\\/12\\\/27dfc706-2d5a-4aee-8574-61f185a7abc9.jpg\",\"articleSection\":[\"Actualit\u00e9s\"],\"inLanguage\":\"fr-FR\"},{\"@type\":\"WebPage\",\"@id\":\"https:\\\/\\\/immigrantquebec.com\\\/fr\\\/actualites\\\/quoi-faire-quebec-24-25-juin\\\/\",\"url\":\"https:\\\/\\\/immigrantquebec.com\\\/fr\\\/actualites\\\/quoi-faire-quebec-24-25-juin\\\/\",\"name\":\"Quoi faire au Qu\u00e9bec - 24 et 25 juin - Immigrant Qu\u00e9bec\",\"isPartOf\":{\"@id\":\"https:\\\/\\\/immigrantquebec.com\\\/fr\\\/#website\"},\"primaryImageOfPage\":{\"@id\":\"https:\\\/\\\/immigrantquebec.com\\\/fr\\\/actualites\\\/quoi-faire-quebec-24-25-juin\\\/#primaryimage\"},\"image\":{\"@id\":\"https:\\\/\\\/immigrantquebec.com\\\/fr\\\/actualites\\\/quoi-faire-quebec-24-25-juin\\\/#primaryimage\"},\"thumbnailUrl\":\"https:\\\/\\\/immigrantquebec.com\\\/fr\\\/wp-content\\\/uploads\\\/2021\\\/12\\\/27dfc706-2d5a-4aee-8574-61f185a7abc9.jpg\",\"datePublished\":\"2017-06-21T18:47:30+00:00\",\"dateModified\":\"2021-12-28T18:47:46+00:00\",\"breadcrumb\":{\"@id\":\"https:\\\/\\\/immigrantquebec.com\\\/fr\\\/actualites\\\/quoi-faire-quebec-24-25-juin\\\/#breadcrumb\"},\"inLanguage\":\"fr-FR\",\"potentialAction\":[{\"@type\":\"ReadAction\",\"target\":[\"https:\\\/\\\/immigrantquebec.com\\\/fr\\\/actualites\\\/quoi-faire-quebec-24-25-juin\\\/\"]}]},{\"@type\":\"ImageObject\",\"inLanguage\":\"fr-FR\",\"@id\":\"https:\\\/\\\/immigrantquebec.com\\\/fr\\\/actualites\\\/quoi-faire-quebec-24-25-juin\\\/#primaryimage\",\"url\":\"https:\\\/\\\/immigrantquebec.com\\\/fr\\\/wp-content\\\/uploads\\\/2021\\\/12\\\/27dfc706-2d5a-4aee-8574-61f185a7abc9.jpg\",\"contentUrl\":\"https:\\\/\\\/immigrantquebec.com\\\/fr\\\/wp-content\\\/uploads\\\/2021\\\/12\\\/27dfc706-2d5a-4aee-8574-61f185a7abc9.jpg\",\"width\":950,\"height\":400},{\"@type\":\"BreadcrumbList\",\"@id\":\"https:\\\/\\\/immigrantquebec.com\\\/fr\\\/actualites\\\/quoi-faire-quebec-24-25-juin\\\/#breadcrumb\",\"itemListElement\":[{\"@type\":\"ListItem\",\"position\":1,\"name\":\"Accueil\",\"item\":\"https:\\\/\\\/immigrantquebec.com\\\/fr\\\/\"},{\"@type\":\"ListItem\",\"position\":2,\"name\":\"Actualit\u00e9s\",\"item\":\"https:\\\/\\\/immigrantquebec.com\\\/fr\\\/actualites\\\/\"},{\"@type\":\"ListItem\",\"position\":3,\"name\":\"Quoi faire au Qu\u00e9bec &#8211; 24 et 25 juin\"}]},{\"@type\":\"WebSite\",\"@id\":\"https:\\\/\\\/immigrantquebec.com\\\/fr\\\/#website\",\"url\":\"https:\\\/\\\/immigrantquebec.com\\\/fr\\\/\",\"name\":\"Immigrant Qu\u00e9bec\",\"description\":\"Immigrer, vivre, travailler et \u00e9tudier au Qu\u00e9bec, Canada\",\"publisher\":{\"@id\":\"https:\\\/\\\/immigrantquebec.com\\\/fr\\\/#organization\"},\"potentialAction\":[{\"@type\":\"SearchAction\",\"target\":{\"@type\":\"EntryPoint\",\"urlTemplate\":\"https:\\\/\\\/immigrantquebec.com\\\/fr\\\/?s={search_term_string}\"},\"query-input\":{\"@type\":\"PropertyValueSpecification\",\"valueRequired\":true,\"valueName\":\"search_term_string\"}}],\"inLanguage\":\"fr-FR\"},{\"@type\":\"Organization\",\"@id\":\"https:\\\/\\\/immigrantquebec.com\\\/fr\\\/#organization\",\"name\":\"Immigrant Qu\u00e9bec\",\"url\":\"https:\\\/\\\/immigrantquebec.com\\\/fr\\\/\",\"logo\":{\"@type\":\"ImageObject\",\"inLanguage\":\"fr-FR\",\"@id\":\"https:\\\/\\\/immigrantquebec.com\\\/fr\\\/#\\\/schema\\\/logo\\\/image\\\/\",\"url\":\"https:\\\/\\\/immigrantquebec.com\\\/fr\\\/wp-content\\\/uploads\\\/2024\\\/03\\\/LogoIQ-2024-RVB.png\",\"contentUrl\":\"https:\\\/\\\/immigrantquebec.com\\\/fr\\\/wp-content\\\/uploads\\\/2024\\\/03\\\/LogoIQ-2024-RVB.png\",\"width\":2500,\"height\":1137,\"caption\":\"Immigrant Qu\u00e9bec\"},\"image\":{\"@id\":\"https:\\\/\\\/immigrantquebec.com\\\/fr\\\/#\\\/schema\\\/logo\\\/image\\\/\"},\"sameAs\":[\"https:\\\/\\\/www.facebook.com\\\/immigrantquebec\",\"https:\\\/\\\/x.com\\\/ImmigrantQuebec\",\"https:\\\/\\\/www.instagram.com\\\/immigrantquebec\",\"https:\\\/\\\/www.youtube.com\\\/user\\\/ImmigrantQc\"]},{\"@type\":\"Person\",\"@id\":\"https:\\\/\\\/immigrantquebec.com\\\/fr\\\/#\\\/schema\\\/person\\\/eed5ca7ba2c1007e602ee9b9b87fb4b8\",\"name\":\"Basile Moratille\",\"image\":{\"@type\":\"ImageObject\",\"inLanguage\":\"fr-FR\",\"@id\":\"https:\\\/\\\/secure.gravatar.com\\\/avatar\\\/639aa731bb7134a1e944526697fe0549d67ab17e00987171296fb5362fc909e9?s=96&d=mm&r=g\",\"url\":\"https:\\\/\\\/secure.gravatar.com\\\/avatar\\\/639aa731bb7134a1e944526697fe0549d67ab17e00987171296fb5362fc909e9?s=96&d=mm&r=g\",\"contentUrl\":\"https:\\\/\\\/secure.gravatar.com\\\/avatar\\\/639aa731bb7134a1e944526697fe0549d67ab17e00987171296fb5362fc909e9?s=96&d=mm&r=g\",\"caption\":\"Basile Moratille\"},\"description\":\"Directeur des contenus et des publications, Immigrant Qu\u00e9bec.\",\"url\":\"https:\\\/\\\/immigrantquebec.com\\\/fr\\\/author\\\/basile-moratilleimmigrantquebec-com\\\/\"}]}<\/script>\n<!-- \/ Yoast SEO plugin. -->","yoast_head_json":{"title":"Quoi faire au Qu\u00e9bec - 24 et 25 juin - Immigrant Qu\u00e9bec","robots":{"index":"index","follow":"follow","max-snippet":"max-snippet:-1","max-image-preview":"max-image-preview:large","max-video-preview":"max-video-preview:-1"},"canonical":"https:\/\/immigrantquebec.com\/fr\/actualites\/quoi-faire-quebec-24-25-juin\/","og_locale":"fr_FR","og_type":"article","og_title":"Quoi faire au Qu\u00e9bec - 24 et 25 juin - Immigrant Qu\u00e9bec","og_description":"F\u00eate nationale du Qu\u00e9bec Ce samedi 24 juin le Qu\u00e9bec c\u00e9l\u00e8bre sa F\u00eate nationale ou f\u00eate de la Saint-Jean. Pour les Qu\u00e9b\u00e9cois, il s\u2019agit d\u2019un jour f\u00e9ri\u00e9 et ch\u00f4m\u00e9. Cette ann\u00e9e, la F\u00eate nationale sera c\u00e9l\u00e9br\u00e9e sous le th\u00e8me \u00ab Qu\u00e9bec, embl\u00e8me de notre fiert\u00e9 \u00bb. F\u00eate nationale \u00e0 Qu\u00e9bec \u00c0 Qu\u00e9bec, les c\u00e9l\u00e9brations de [&hellip;]","og_url":"https:\/\/immigrantquebec.com\/fr\/actualites\/quoi-faire-quebec-24-25-juin\/","og_site_name":"Immigrant Qu\u00e9bec","article_publisher":"https:\/\/www.facebook.com\/immigrantquebec","article_published_time":"2017-06-21T18:47:30+00:00","article_modified_time":"2021-12-28T18:47:46+00:00","og_image":[{"width":950,"height":400,"url":"https:\/\/immigrantquebec.com\/fr\/wp-content\/uploads\/2021\/12\/27dfc706-2d5a-4aee-8574-61f185a7abc9.jpg","type":"image\/jpeg"}],"author":"Basile Moratille","twitter_misc":{"\u00c9crit par":"Basile Moratille","Dur\u00e9e de lecture estim\u00e9e":"2 minutes"},"schema":{"@context":"https:\/\/schema.org","@graph":[{"@type":"Article","@id":"https:\/\/immigrantquebec.com\/fr\/actualites\/quoi-faire-quebec-24-25-juin\/#article","isPartOf":{"@id":"https:\/\/immigrantquebec.com\/fr\/actualites\/quoi-faire-quebec-24-25-juin\/"},"author":{"name":"Basile Moratille","@id":"https:\/\/immigrantquebec.com\/fr\/#\/schema\/person\/eed5ca7ba2c1007e602ee9b9b87fb4b8"},"headline":"Quoi faire au Qu\u00e9bec &#8211; 24 et 25 juin","datePublished":"2017-06-21T18:47:30+00:00","dateModified":"2021-12-28T18:47:46+00:00","mainEntityOfPage":{"@id":"https:\/\/immigrantquebec.com\/fr\/actualites\/quoi-faire-quebec-24-25-juin\/"},"wordCount":312,"publisher":{"@id":"https:\/\/immigrantquebec.com\/fr\/#organization"},"image":{"@id":"https:\/\/immigrantquebec.com\/fr\/actualites\/quoi-faire-quebec-24-25-juin\/#primaryimage"},"thumbnailUrl":"https:\/\/immigrantquebec.com\/fr\/wp-content\/uploads\/2021\/12\/27dfc706-2d5a-4aee-8574-61f185a7abc9.jpg","articleSection":["Actualit\u00e9s"],"inLanguage":"fr-FR"},{"@type":"WebPage","@id":"https:\/\/immigrantquebec.com\/fr\/actualites\/quoi-faire-quebec-24-25-juin\/","url":"https:\/\/immigrantquebec.com\/fr\/actualites\/quoi-faire-quebec-24-25-juin\/","name":"Quoi faire au Qu\u00e9bec - 24 et 25 juin - Immigrant Qu\u00e9bec","isPartOf":{"@id":"https:\/\/immigrantquebec.com\/fr\/#website"},"primaryImageOfPage":{"@id":"https:\/\/immigrantquebec.com\/fr\/actualites\/quoi-faire-quebec-24-25-juin\/#primaryimage"},"image":{"@id":"https:\/\/immigrantquebec.com\/fr\/actualites\/quoi-faire-quebec-24-25-juin\/#primaryimage"},"thumbnailUrl":"https:\/\/immigrantquebec.com\/fr\/wp-content\/uploads\/2021\/12\/27dfc706-2d5a-4aee-8574-61f185a7abc9.jpg","datePublished":"2017-06-21T18:47:30+00:00","dateModified":"2021-12-28T18:47:46+00:00","breadcrumb":{"@id":"https:\/\/immigrantquebec.com\/fr\/actualites\/quoi-faire-quebec-24-25-juin\/#breadcrumb"},"inLanguage":"fr-FR","potentialAction":[{"@type":"ReadAction","target":["https:\/\/immigrantquebec.com\/fr\/actualites\/quoi-faire-quebec-24-25-juin\/"]}]},{"@type":"ImageObject","inLanguage":"fr-FR","@id":"https:\/\/immigrantquebec.com\/fr\/actualites\/quoi-faire-quebec-24-25-juin\/#primaryimage","url":"https:\/\/immigrantquebec.com\/fr\/wp-content\/uploads\/2021\/12\/27dfc706-2d5a-4aee-8574-61f185a7abc9.jpg","contentUrl":"https:\/\/immigrantquebec.com\/fr\/wp-content\/uploads\/2021\/12\/27dfc706-2d5a-4aee-8574-61f185a7abc9.jpg","width":950,"height":400},{"@type":"BreadcrumbList","@id":"https:\/\/immigrantquebec.com\/fr\/actualites\/quoi-faire-quebec-24-25-juin\/#breadcrumb","itemListElement":[{"@type":"ListItem","position":1,"name":"Accueil","item":"https:\/\/immigrantquebec.com\/fr\/"},{"@type":"ListItem","position":2,"name":"Actualit\u00e9s","item":"https:\/\/immigrantquebec.com\/fr\/actualites\/"},{"@type":"ListItem","position":3,"name":"Quoi faire au Qu\u00e9bec &#8211; 24 et 25 juin"}]},{"@type":"WebSite","@id":"https:\/\/immigrantquebec.com\/fr\/#website","url":"https:\/\/immigrantquebec.com\/fr\/","name":"Immigrant Qu\u00e9bec","description":"Immigrer, vivre, travailler et \u00e9tudier au Qu\u00e9bec, Canada","publisher":{"@id":"https:\/\/immigrantquebec.com\/fr\/#organization"},"potentialAction":[{"@type":"SearchAction","target":{"@type":"EntryPoint","urlTemplate":"https:\/\/immigrantquebec.com\/fr\/?s={search_term_string}"},"query-input":{"@type":"PropertyValueSpecification","valueRequired":true,"valueName":"search_term_string"}}],"inLanguage":"fr-FR"},{"@type":"Organization","@id":"https:\/\/immigrantquebec.com\/fr\/#organization","name":"Immigrant Qu\u00e9bec","url":"https:\/\/immigrantquebec.com\/fr\/","logo":{"@type":"ImageObject","inLanguage":"fr-FR","@id":"https:\/\/immigrantquebec.com\/fr\/#\/schema\/logo\/image\/","url":"https:\/\/immigrantquebec.com\/fr\/wp-content\/uploads\/2024\/03\/LogoIQ-2024-RVB.png","contentUrl":"https:\/\/immigrantquebec.com\/fr\/wp-content\/uploads\/2024\/03\/LogoIQ-2024-RVB.png","width":2500,"height":1137,"caption":"Immigrant Qu\u00e9bec"},"image":{"@id":"https:\/\/immigrantquebec.com\/fr\/#\/schema\/logo\/image\/"},"sameAs":["https:\/\/www.facebook.com\/immigrantquebec","https:\/\/x.com\/ImmigrantQuebec","https:\/\/www.instagram.com\/immigrantquebec","https:\/\/www.youtube.com\/user\/ImmigrantQc"]},{"@type":"Person","@id":"https:\/\/immigrantquebec.com\/fr\/#\/schema\/person\/eed5ca7ba2c1007e602ee9b9b87fb4b8","name":"Basile Moratille","image":{"@type":"ImageObject","inLanguage":"fr-FR","@id":"https:\/\/secure.gravatar.com\/avatar\/639aa731bb7134a1e944526697fe0549d67ab17e00987171296fb5362fc909e9?s=96&d=mm&r=g","url":"https:\/\/secure.gravatar.com\/avatar\/639aa731bb7134a1e944526697fe0549d67ab17e00987171296fb5362fc909e9?s=96&d=mm&r=g","contentUrl":"https:\/\/secure.gravatar.com\/avatar\/639aa731bb7134a1e944526697fe0549d67ab17e00987171296fb5362fc909e9?s=96&d=mm&r=g","caption":"Basile Moratille"},"description":"Directeur des contenus et des publications, Immigrant Qu\u00e9bec.","url":"https:\/\/immigrantquebec.com\/fr\/author\/basile-moratilleimmigrantquebec-com\/"}]}},"_links":{"self":[{"href":"https:\/\/immigrantquebec.com\/fr\/wp-json\/wp\/v2\/posts\/5366","targetHints":{"allow":["GET"]}}],"collection":[{"href":"https:\/\/immigrantquebec.com\/fr\/wp-json\/wp\/v2\/posts"}],"about":[{"href":"https:\/\/immigrantquebec.com\/fr\/wp-json\/wp\/v2\/types\/post"}],"author":[{"embeddable":true,"href":"https:\/\/immigrantquebec.com\/fr\/wp-json\/wp\/v2\/users\/3459"}],"replies":[{"embeddable":true,"href":"https:\/\/immigrantquebec.com\/fr\/wp-json\/wp\/v2\/comments?post=5366"}],"version-history":[{"count":0,"href":"https:\/\/immigrantquebec.com\/fr\/wp-json\/wp\/v2\/posts\/5366\/revisions"}],"wp:featuredmedia":[{"embeddable":true,"href":"https:\/\/immigrantquebec.com\/fr\/wp-json\/wp\/v2\/media\/5367"}],"wp:attachment":[{"href":"https:\/\/immigrantquebec.com\/fr\/wp-json\/wp\/v2\/media?parent=5366"}],"wp:term":[{"taxonomy":"category","embeddable":true,"href":"https:\/\/immigrantquebec.com\/fr\/wp-json\/wp\/v2\/categories?post=5366"},{"taxonomy":"post_tag","embeddable":true,"href":"https:\/\/immigrantquebec.com\/fr\/wp-json\/wp\/v2\/tags?post=5366"}],"curies":[{"name":"wp","href":"https:\/\/api.w.org\/{rel}","templated":true}]}}