{"id":6895,"date":"2020-04-28T12:59:02","date_gmt":"2020-04-28T16:59:02","guid":{"rendered":"https:\/\/immigrantquebec.com\/?p=6895"},"modified":"2022-03-17T11:08:11","modified_gmt":"2022-03-17T15:08:11","slug":"clinique-juridique-en-temps-de-pandemie","status":"publish","type":"post","link":"https:\/\/immigrantquebec.com\/fr\/conseils-d-experts\/clinique-juridique-en-temps-de-pandemie\/","title":{"rendered":"Une clinique juridique pour r\u00e9pondre \u00e0 vos questions pendant la pand\u00e9mie"},"content":{"rendered":"<p><em><span lang=\"FR\">Pr\u00e9occup\u00e9e par le manque d\u2019informations en temps de pand\u00e9mie, l\u2019avocate\u00a0<\/span><\/em><em><span lang=\"FR\">Sibel Atao\u011ful\u00a0<\/span><\/em><em><span lang=\"FR\">a lanc\u00e9, avec plusieurs coll\u00e8gues avocats, juristes et professeurs de droit, une clinique juridique virtuelle pour venir en aide aux personnes touch\u00e9es par les effets de la crise sanitaire, sociale et \u00e9conomique que nous subissons aujourd\u2019hui. Elle nous guide \u00e0 travers un service gratuit et bienvenu.<\/span><\/em><\/p>\n<h2><span lang=\"FR\"><strong>En deux mots, \u00e0 quoi sert ce service virtuel\u2009?<\/strong>\u00a0<\/span><\/h2>\n<p><span lang=\"FR\">Il s\u2019agit \u00e0 la fois d\u2019un\u00a0<\/span><span lang=\"FR\"><a href=\"https:\/\/www.facebook.com\/vosdroitscovid19\" target=\"_blank\" rel=\"noopener noreferrer\">groupe Facebook<\/a><\/span><span lang=\"FR\">\u00a0et d\u2019une\u00a0<\/span><span lang=\"FR\"><a href=\"https:\/\/docs.google.com\/document\/d\/1EB0nTKNJJXesh8txqPJTt0s2clYySTAZfR8l3PWzYvI\/edit?fbclid=IwAR05igro1ftxLL5lMqZwBu0E-epE4HMiToKIhgkdvk47eVtuR6t9A6AYbic\" target=\"_blank\" rel=\"noopener noreferrer\">foire aux questions<\/a><\/span><span lang=\"FR\">. Cette derni\u00e8re est r\u00e9guli\u00e8rement mise \u00e0 jour de fa\u00e7on aussi exhaustive que possible.<\/span><\/p>\n<p><span lang=\"FR\">Dans le contexte de pand\u00e9mie actuelle, de nombreuses personnes se retrouvent dans des situations de vuln\u00e9rabilit\u00e9. Ainsi, nous destinons notre service principalement aux travailleurs autonomes, aux employ\u00e9s, aux locataires, aux \u00e9tudiants, etc.\u00a0<\/span><\/p>\n<p><span lang=\"FR\">Notre objectif est de les informer autant que possible sur les programmes d\u2019aide mis en place, mais aussi, de fa\u00e7on plus g\u00e9n\u00e9rale, sur leurs droits en tant que travailleurs, sur le droit au logement, sur des questions de sant\u00e9, de s\u00e9curit\u00e9 et de libert\u00e9 civile.<\/span><\/p>\n<p><span lang=\"FR\">Par ailleurs, depuis le d\u00e9part, nous avons aussi constat\u00e9 que de nombreuses situations n\u2019avaient pas \u00e9t\u00e9 prises en compte dans les mesures gouvernementales. Comme certains d\u2019entre nous disposent de contact au parlement, nous avons aussi pu faire remonter ce type de probl\u00e8mes et ainsi contribuer \u00e0 faire avancer la situation.<\/span><\/p>\n<h2><span lang=\"FR\"><strong>Comment fonctionne le service\u2009?<\/strong>\u00a0<\/span><\/h2>\n<p><span lang=\"FR\">Aujourd\u2019hui, nous sommes une dizaine \u00e0 nous relayer b\u00e9n\u00e9volement sur Facebook, du lundi au vendredi, de 9 heures \u00e0 17 heures, afin de r\u00e9pondre aux tr\u00e8s nombreuses questions des usagers et de mettre \u00e0 jour la FAQ en fonction des demandes et des nouvelles mesures prises par nos dirigeants.\u00a0<\/span><\/p>\n<p><span lang=\"FR\">Les personnes volontaires sont des juristes, notamment sp\u00e9cialis\u00e9s en droit du travail et en droit du logement\u00a0: nous sommes capables d\u2019apporter des r\u00e9ponses efficaces dans la plupart des cas.<\/span><\/p>\n<p><span lang=\"FR\">En revanche, nous ne donnons pas de conseils juridiques. On ne va pas jusqu\u2019au litige. Les personnes qui ont un litige ou autre peuvent s\u2019adresser au Barreau du Qu\u00e9bec qui offre un service de\u00a0<\/span><span lang=\"FR\"><a href=\"https:\/\/www.barreau.qc.ca\/fr\/\" target=\"_blank\" rel=\"noopener noreferrer\">clinique d\u2019assistance juridique<\/a><\/span><span lang=\"FR\">. Par ailleurs, notre FAQ offre une section avec toutes les ressources n\u00e9cessaires pour les gens qui en auraient besoin.<\/span><\/p>\n<h2><span lang=\"FR\"><strong>Vous avez mis en place ce service seulement quelques jours apr\u00e8s le d\u00e9but de la crise de Covid-19. Comment en \u00eates-vous arriv\u00e9s l\u00e0\u2009?<\/strong><\/span><\/h2>\n<p><span lang=\"FR\">D\u00e8s le d\u00e9but de la pand\u00e9mie, nous avons constat\u00e9 une r\u00e9elle demande d\u2019informations juridiques de la part du grand public, \u00e0 commencer par les \u00e9tudiants ou les travailleurs temporaires, qui avaient de la difficult\u00e9 \u00e0 acc\u00e9der \u00e0 des informations claires sur leurs situations.\u00a0<\/span><\/p>\n<p><span lang=\"FR\">Moi je suis avocate sp\u00e9cialis\u00e9e, entre autres, en droit et du travail. J\u2019ai travaill\u00e9 pendant pr\u00e8s de 15 ans dans le milieu syndical. Je connais bien les enjeux qui touchent les travailleurs.\u00a0<\/span><\/p>\n<p><span lang=\"FR\">Au d\u00e9part, comme plusieurs coll\u00e8gues, j\u2019ai pris le parti de r\u00e9pondre quand je le pouvais aux gens qui posaient des questions sur les groupes Facebook de solidarit\u00e9.<\/span><\/p>\n<p><span lang=\"FR\">Mais assez vite, nous avons jug\u00e9 qu\u2019il serait plus efficace de mettre en place un groupe d\u00e9di\u00e9 et organis\u00e9, tant la demande \u00e9tait grande. Cette p\u00e9riode n\u2019est pas facile, il y a beaucoup de stress, d\u2019isolation et d\u2019inqui\u00e9tudes en tout genre.<\/span><\/p>\n<p><span lang=\"FR\">Aujourd\u2019hui, nous sommes une dizaine \u00e0 nous impliquer dans le projet, dont 9\u00a0femmes.<\/span><\/p>\n<p><em><span lang=\"FR\">Sibel Atao\u011ful est la fondatrice de\u00a0<\/span><\/em><span lang=\"FR\"><a href=\"https:\/\/www.facebook.com\/Associationdesjuristesprogressistes\/?ref=page_internal\" target=\"_blank\" rel=\"noopener noreferrer\"><em>l\u2019Association des juristes progressistes du Qu\u00e9bec<\/em><\/a><\/span><span lang=\"FR\">.<\/span><\/p>\n","protected":false},"excerpt":{"rendered":"<p>Pr\u00e9occup\u00e9e par le manque d\u2019informations en temps de pand\u00e9mie, l\u2019avocate\u00a0Sibel Atao\u011ful\u00a0a lanc\u00e9, avec plusieurs coll\u00e8gues avocats, juristes et professeurs de droit, une clinique juridique virtuelle pour venir en aide aux personnes touch\u00e9es par les effets de la crise sanitaire, sociale et \u00e9conomique que nous subissons aujourd\u2019hui. Elle nous guide \u00e0 travers un service gratuit et [&hellip;]<\/p>\n","protected":false},"author":3468,"featured_media":6896,"comment_status":"closed","ping_status":"closed","sticky":false,"template":"","format":"standard","meta":{"_acf_changed":false,"_genesis_hide_title":false,"_genesis_hide_breadcrumbs":false,"_genesis_hide_singular_image":false,"_genesis_hide_footer_widgets":false,"_genesis_custom_body_class":"","_genesis_custom_post_class":"","_genesis_layout":"","footnotes":""},"categories":[103],"tags":[],"class_list":{"0":"post-6895","1":"post","2":"type-post","3":"status-publish","4":"format-standard","5":"has-post-thumbnail","7":"category-conseils-d-experts","8":"entry"},"acf":[],"yoast_head":"<!-- This site is optimized with the Yoast SEO plugin v27.5 - https:\/\/yoast.com\/product\/yoast-seo-wordpress\/ -->\n<title>Une clinique juridique pour r\u00e9pondre \u00e0 vos questions pendant la pand\u00e9mie - Immigrant Qu\u00e9bec<\/title>\n<meta name=\"robots\" content=\"index, follow, max-snippet:-1, max-image-preview:large, max-video-preview:-1\" \/>\n<link rel=\"canonical\" href=\"https:\/\/immigrantquebec.com\/fr\/conseils-d-experts\/clinique-juridique-en-temps-de-pandemie\/\" \/>\n<meta property=\"og:locale\" content=\"fr_FR\" \/>\n<meta property=\"og:type\" content=\"article\" \/>\n<meta property=\"og:title\" content=\"Une clinique juridique pour r\u00e9pondre \u00e0 vos questions pendant la pand\u00e9mie - Immigrant Qu\u00e9bec\" \/>\n<meta property=\"og:description\" content=\"Pr\u00e9occup\u00e9e par le manque d\u2019informations en temps de pand\u00e9mie, l\u2019avocate\u00a0Sibel Atao\u011ful\u00a0a lanc\u00e9, avec plusieurs coll\u00e8gues avocats, juristes et professeurs de droit, une clinique juridique virtuelle pour venir en aide aux personnes touch\u00e9es par les effets de la crise sanitaire, sociale et \u00e9conomique que nous subissons aujourd\u2019hui. Elle nous guide \u00e0 travers un service gratuit et [&hellip;]\" \/>\n<meta property=\"og:url\" content=\"https:\/\/immigrantquebec.com\/fr\/conseils-d-experts\/clinique-juridique-en-temps-de-pandemie\/\" \/>\n<meta property=\"og:site_name\" content=\"Immigrant Qu\u00e9bec\" \/>\n<meta property=\"article:publisher\" content=\"https:\/\/www.facebook.com\/immigrantquebec\" \/>\n<meta property=\"article:published_time\" content=\"2020-04-28T16:59:02+00:00\" \/>\n<meta property=\"article:modified_time\" content=\"2022-03-17T15:08:11+00:00\" \/>\n<meta property=\"og:image\" content=\"https:\/\/immigrantquebec.com\/fr\/wp-content\/uploads\/2022\/01\/123835b5-d26e-4140-8917-7faaf34302b1.jpg\" \/>\n\t<meta property=\"og:image:width\" content=\"950\" \/>\n\t<meta property=\"og:image:height\" content=\"400\" \/>\n\t<meta property=\"og:image:type\" content=\"image\/jpeg\" \/>\n<meta name=\"author\" content=\"Camille Teste\" \/>\n<meta name=\"twitter:label1\" content=\"\u00c9crit par\" \/>\n\t<meta name=\"twitter:data1\" content=\"Camille Teste\" \/>\n\t<meta name=\"twitter:label2\" content=\"Dur\u00e9e de lecture estim\u00e9e\" \/>\n\t<meta name=\"twitter:data2\" content=\"3 minutes\" \/>\n<script type=\"application\/ld+json\" class=\"yoast-schema-graph\">{\"@context\":\"https:\\\/\\\/schema.org\",\"@graph\":[{\"@type\":\"Article\",\"@id\":\"https:\\\/\\\/immigrantquebec.com\\\/fr\\\/conseils-d-experts\\\/clinique-juridique-en-temps-de-pandemie\\\/#article\",\"isPartOf\":{\"@id\":\"https:\\\/\\\/immigrantquebec.com\\\/fr\\\/conseils-d-experts\\\/clinique-juridique-en-temps-de-pandemie\\\/\"},\"author\":{\"name\":\"Camille Teste\",\"@id\":\"https:\\\/\\\/immigrantquebec.com\\\/fr\\\/#\\\/schema\\\/person\\\/c370adb8e51f43af0961c4e2fffca023\"},\"headline\":\"Une clinique juridique pour r\u00e9pondre \u00e0 vos questions pendant la pand\u00e9mie\",\"datePublished\":\"2020-04-28T16:59:02+00:00\",\"dateModified\":\"2022-03-17T15:08:11+00:00\",\"mainEntityOfPage\":{\"@id\":\"https:\\\/\\\/immigrantquebec.com\\\/fr\\\/conseils-d-experts\\\/clinique-juridique-en-temps-de-pandemie\\\/\"},\"wordCount\":616,\"publisher\":{\"@id\":\"https:\\\/\\\/immigrantquebec.com\\\/fr\\\/#organization\"},\"image\":{\"@id\":\"https:\\\/\\\/immigrantquebec.com\\\/fr\\\/conseils-d-experts\\\/clinique-juridique-en-temps-de-pandemie\\\/#primaryimage\"},\"thumbnailUrl\":\"https:\\\/\\\/immigrantquebec.com\\\/fr\\\/wp-content\\\/uploads\\\/2022\\\/01\\\/123835b5-d26e-4140-8917-7faaf34302b1.jpg\",\"articleSection\":[\"Conseils d'experts\"],\"inLanguage\":\"fr-FR\"},{\"@type\":\"WebPage\",\"@id\":\"https:\\\/\\\/immigrantquebec.com\\\/fr\\\/conseils-d-experts\\\/clinique-juridique-en-temps-de-pandemie\\\/\",\"url\":\"https:\\\/\\\/immigrantquebec.com\\\/fr\\\/conseils-d-experts\\\/clinique-juridique-en-temps-de-pandemie\\\/\",\"name\":\"Une clinique juridique pour r\u00e9pondre \u00e0 vos questions pendant la pand\u00e9mie - Immigrant Qu\u00e9bec\",\"isPartOf\":{\"@id\":\"https:\\\/\\\/immigrantquebec.com\\\/fr\\\/#website\"},\"primaryImageOfPage\":{\"@id\":\"https:\\\/\\\/immigrantquebec.com\\\/fr\\\/conseils-d-experts\\\/clinique-juridique-en-temps-de-pandemie\\\/#primaryimage\"},\"image\":{\"@id\":\"https:\\\/\\\/immigrantquebec.com\\\/fr\\\/conseils-d-experts\\\/clinique-juridique-en-temps-de-pandemie\\\/#primaryimage\"},\"thumbnailUrl\":\"https:\\\/\\\/immigrantquebec.com\\\/fr\\\/wp-content\\\/uploads\\\/2022\\\/01\\\/123835b5-d26e-4140-8917-7faaf34302b1.jpg\",\"datePublished\":\"2020-04-28T16:59:02+00:00\",\"dateModified\":\"2022-03-17T15:08:11+00:00\",\"breadcrumb\":{\"@id\":\"https:\\\/\\\/immigrantquebec.com\\\/fr\\\/conseils-d-experts\\\/clinique-juridique-en-temps-de-pandemie\\\/#breadcrumb\"},\"inLanguage\":\"fr-FR\",\"potentialAction\":[{\"@type\":\"ReadAction\",\"target\":[\"https:\\\/\\\/immigrantquebec.com\\\/fr\\\/conseils-d-experts\\\/clinique-juridique-en-temps-de-pandemie\\\/\"]}]},{\"@type\":\"ImageObject\",\"inLanguage\":\"fr-FR\",\"@id\":\"https:\\\/\\\/immigrantquebec.com\\\/fr\\\/conseils-d-experts\\\/clinique-juridique-en-temps-de-pandemie\\\/#primaryimage\",\"url\":\"https:\\\/\\\/immigrantquebec.com\\\/fr\\\/wp-content\\\/uploads\\\/2022\\\/01\\\/123835b5-d26e-4140-8917-7faaf34302b1.jpg\",\"contentUrl\":\"https:\\\/\\\/immigrantquebec.com\\\/fr\\\/wp-content\\\/uploads\\\/2022\\\/01\\\/123835b5-d26e-4140-8917-7faaf34302b1.jpg\",\"width\":950,\"height\":400},{\"@type\":\"BreadcrumbList\",\"@id\":\"https:\\\/\\\/immigrantquebec.com\\\/fr\\\/conseils-d-experts\\\/clinique-juridique-en-temps-de-pandemie\\\/#breadcrumb\",\"itemListElement\":[{\"@type\":\"ListItem\",\"position\":1,\"name\":\"Accueil\",\"item\":\"https:\\\/\\\/immigrantquebec.com\\\/fr\\\/\"},{\"@type\":\"ListItem\",\"position\":2,\"name\":\"Conseils d'experts\",\"item\":\"https:\\\/\\\/immigrantquebec.com\\\/fr\\\/conseils-d-experts\\\/\"},{\"@type\":\"ListItem\",\"position\":3,\"name\":\"Une clinique juridique pour r\u00e9pondre \u00e0 vos questions pendant la pand\u00e9mie\"}]},{\"@type\":\"WebSite\",\"@id\":\"https:\\\/\\\/immigrantquebec.com\\\/fr\\\/#website\",\"url\":\"https:\\\/\\\/immigrantquebec.com\\\/fr\\\/\",\"name\":\"Immigrant Qu\u00e9bec\",\"description\":\"Immigrer, vivre, travailler et \u00e9tudier au Qu\u00e9bec, Canada\",\"publisher\":{\"@id\":\"https:\\\/\\\/immigrantquebec.com\\\/fr\\\/#organization\"},\"potentialAction\":[{\"@type\":\"SearchAction\",\"target\":{\"@type\":\"EntryPoint\",\"urlTemplate\":\"https:\\\/\\\/immigrantquebec.com\\\/fr\\\/?s={search_term_string}\"},\"query-input\":{\"@type\":\"PropertyValueSpecification\",\"valueRequired\":true,\"valueName\":\"search_term_string\"}}],\"inLanguage\":\"fr-FR\"},{\"@type\":\"Organization\",\"@id\":\"https:\\\/\\\/immigrantquebec.com\\\/fr\\\/#organization\",\"name\":\"Immigrant Qu\u00e9bec\",\"url\":\"https:\\\/\\\/immigrantquebec.com\\\/fr\\\/\",\"logo\":{\"@type\":\"ImageObject\",\"inLanguage\":\"fr-FR\",\"@id\":\"https:\\\/\\\/immigrantquebec.com\\\/fr\\\/#\\\/schema\\\/logo\\\/image\\\/\",\"url\":\"https:\\\/\\\/immigrantquebec.com\\\/fr\\\/wp-content\\\/uploads\\\/2024\\\/03\\\/LogoIQ-2024-RVB.png\",\"contentUrl\":\"https:\\\/\\\/immigrantquebec.com\\\/fr\\\/wp-content\\\/uploads\\\/2024\\\/03\\\/LogoIQ-2024-RVB.png\",\"width\":2500,\"height\":1137,\"caption\":\"Immigrant Qu\u00e9bec\"},\"image\":{\"@id\":\"https:\\\/\\\/immigrantquebec.com\\\/fr\\\/#\\\/schema\\\/logo\\\/image\\\/\"},\"sameAs\":[\"https:\\\/\\\/www.facebook.com\\\/immigrantquebec\",\"https:\\\/\\\/x.com\\\/ImmigrantQuebec\",\"https:\\\/\\\/www.instagram.com\\\/immigrantquebec\",\"https:\\\/\\\/www.youtube.com\\\/user\\\/ImmigrantQc\"]},{\"@type\":\"Person\",\"@id\":\"https:\\\/\\\/immigrantquebec.com\\\/fr\\\/#\\\/schema\\\/person\\\/c370adb8e51f43af0961c4e2fffca023\",\"name\":\"Camille Teste\",\"image\":{\"@type\":\"ImageObject\",\"inLanguage\":\"fr-FR\",\"@id\":\"https:\\\/\\\/immigrantquebec.com\\\/fr\\\/wp-content\\\/uploads\\\/2022\\\/03\\\/camille-teste-96x96.jpeg\",\"url\":\"https:\\\/\\\/immigrantquebec.com\\\/fr\\\/wp-content\\\/uploads\\\/2022\\\/03\\\/camille-teste-96x96.jpeg\",\"contentUrl\":\"https:\\\/\\\/immigrantquebec.com\\\/fr\\\/wp-content\\\/uploads\\\/2022\\\/03\\\/camille-teste-96x96.jpeg\",\"caption\":\"Camille Teste\"},\"description\":\"Dipl\u00f4m\u00e9e de Sciences Po Paris, Camille travaille comme journaliste depuis quatre ans, en presse \u00e9crite et \u00e0 la t\u00e9l\u00e9vision. Passionn\u00e9e par les voyages et par l'actualit\u00e9 internationale, Camille a travaill\u00e9 au Liban, au Royaume Uni, en France et au Maroc avant de s'installer \u00e0 Montr\u00e9al.\",\"url\":\"https:\\\/\\\/immigrantquebec.com\\\/fr\\\/author\\\/camille-t\\\/\"}]}<\/script>\n<!-- \/ Yoast SEO plugin. -->","yoast_head_json":{"title":"Une clinique juridique pour r\u00e9pondre \u00e0 vos questions pendant la pand\u00e9mie - Immigrant Qu\u00e9bec","robots":{"index":"index","follow":"follow","max-snippet":"max-snippet:-1","max-image-preview":"max-image-preview:large","max-video-preview":"max-video-preview:-1"},"canonical":"https:\/\/immigrantquebec.com\/fr\/conseils-d-experts\/clinique-juridique-en-temps-de-pandemie\/","og_locale":"fr_FR","og_type":"article","og_title":"Une clinique juridique pour r\u00e9pondre \u00e0 vos questions pendant la pand\u00e9mie - Immigrant Qu\u00e9bec","og_description":"Pr\u00e9occup\u00e9e par le manque d\u2019informations en temps de pand\u00e9mie, l\u2019avocate\u00a0Sibel Atao\u011ful\u00a0a lanc\u00e9, avec plusieurs coll\u00e8gues avocats, juristes et professeurs de droit, une clinique juridique virtuelle pour venir en aide aux personnes touch\u00e9es par les effets de la crise sanitaire, sociale et \u00e9conomique que nous subissons aujourd\u2019hui. Elle nous guide \u00e0 travers un service gratuit et [&hellip;]","og_url":"https:\/\/immigrantquebec.com\/fr\/conseils-d-experts\/clinique-juridique-en-temps-de-pandemie\/","og_site_name":"Immigrant Qu\u00e9bec","article_publisher":"https:\/\/www.facebook.com\/immigrantquebec","article_published_time":"2020-04-28T16:59:02+00:00","article_modified_time":"2022-03-17T15:08:11+00:00","og_image":[{"width":950,"height":400,"url":"https:\/\/immigrantquebec.com\/fr\/wp-content\/uploads\/2022\/01\/123835b5-d26e-4140-8917-7faaf34302b1.jpg","type":"image\/jpeg"}],"author":"Camille Teste","twitter_misc":{"\u00c9crit par":"Camille Teste","Dur\u00e9e de lecture estim\u00e9e":"3 minutes"},"schema":{"@context":"https:\/\/schema.org","@graph":[{"@type":"Article","@id":"https:\/\/immigrantquebec.com\/fr\/conseils-d-experts\/clinique-juridique-en-temps-de-pandemie\/#article","isPartOf":{"@id":"https:\/\/immigrantquebec.com\/fr\/conseils-d-experts\/clinique-juridique-en-temps-de-pandemie\/"},"author":{"name":"Camille Teste","@id":"https:\/\/immigrantquebec.com\/fr\/#\/schema\/person\/c370adb8e51f43af0961c4e2fffca023"},"headline":"Une clinique juridique pour r\u00e9pondre \u00e0 vos questions pendant la pand\u00e9mie","datePublished":"2020-04-28T16:59:02+00:00","dateModified":"2022-03-17T15:08:11+00:00","mainEntityOfPage":{"@id":"https:\/\/immigrantquebec.com\/fr\/conseils-d-experts\/clinique-juridique-en-temps-de-pandemie\/"},"wordCount":616,"publisher":{"@id":"https:\/\/immigrantquebec.com\/fr\/#organization"},"image":{"@id":"https:\/\/immigrantquebec.com\/fr\/conseils-d-experts\/clinique-juridique-en-temps-de-pandemie\/#primaryimage"},"thumbnailUrl":"https:\/\/immigrantquebec.com\/fr\/wp-content\/uploads\/2022\/01\/123835b5-d26e-4140-8917-7faaf34302b1.jpg","articleSection":["Conseils d'experts"],"inLanguage":"fr-FR"},{"@type":"WebPage","@id":"https:\/\/immigrantquebec.com\/fr\/conseils-d-experts\/clinique-juridique-en-temps-de-pandemie\/","url":"https:\/\/immigrantquebec.com\/fr\/conseils-d-experts\/clinique-juridique-en-temps-de-pandemie\/","name":"Une clinique juridique pour r\u00e9pondre \u00e0 vos questions pendant la pand\u00e9mie - Immigrant Qu\u00e9bec","isPartOf":{"@id":"https:\/\/immigrantquebec.com\/fr\/#website"},"primaryImageOfPage":{"@id":"https:\/\/immigrantquebec.com\/fr\/conseils-d-experts\/clinique-juridique-en-temps-de-pandemie\/#primaryimage"},"image":{"@id":"https:\/\/immigrantquebec.com\/fr\/conseils-d-experts\/clinique-juridique-en-temps-de-pandemie\/#primaryimage"},"thumbnailUrl":"https:\/\/immigrantquebec.com\/fr\/wp-content\/uploads\/2022\/01\/123835b5-d26e-4140-8917-7faaf34302b1.jpg","datePublished":"2020-04-28T16:59:02+00:00","dateModified":"2022-03-17T15:08:11+00:00","breadcrumb":{"@id":"https:\/\/immigrantquebec.com\/fr\/conseils-d-experts\/clinique-juridique-en-temps-de-pandemie\/#breadcrumb"},"inLanguage":"fr-FR","potentialAction":[{"@type":"ReadAction","target":["https:\/\/immigrantquebec.com\/fr\/conseils-d-experts\/clinique-juridique-en-temps-de-pandemie\/"]}]},{"@type":"ImageObject","inLanguage":"fr-FR","@id":"https:\/\/immigrantquebec.com\/fr\/conseils-d-experts\/clinique-juridique-en-temps-de-pandemie\/#primaryimage","url":"https:\/\/immigrantquebec.com\/fr\/wp-content\/uploads\/2022\/01\/123835b5-d26e-4140-8917-7faaf34302b1.jpg","contentUrl":"https:\/\/immigrantquebec.com\/fr\/wp-content\/uploads\/2022\/01\/123835b5-d26e-4140-8917-7faaf34302b1.jpg","width":950,"height":400},{"@type":"BreadcrumbList","@id":"https:\/\/immigrantquebec.com\/fr\/conseils-d-experts\/clinique-juridique-en-temps-de-pandemie\/#breadcrumb","itemListElement":[{"@type":"ListItem","position":1,"name":"Accueil","item":"https:\/\/immigrantquebec.com\/fr\/"},{"@type":"ListItem","position":2,"name":"Conseils d'experts","item":"https:\/\/immigrantquebec.com\/fr\/conseils-d-experts\/"},{"@type":"ListItem","position":3,"name":"Une clinique juridique pour r\u00e9pondre \u00e0 vos questions pendant la pand\u00e9mie"}]},{"@type":"WebSite","@id":"https:\/\/immigrantquebec.com\/fr\/#website","url":"https:\/\/immigrantquebec.com\/fr\/","name":"Immigrant Qu\u00e9bec","description":"Immigrer, vivre, travailler et \u00e9tudier au Qu\u00e9bec, Canada","publisher":{"@id":"https:\/\/immigrantquebec.com\/fr\/#organization"},"potentialAction":[{"@type":"SearchAction","target":{"@type":"EntryPoint","urlTemplate":"https:\/\/immigrantquebec.com\/fr\/?s={search_term_string}"},"query-input":{"@type":"PropertyValueSpecification","valueRequired":true,"valueName":"search_term_string"}}],"inLanguage":"fr-FR"},{"@type":"Organization","@id":"https:\/\/immigrantquebec.com\/fr\/#organization","name":"Immigrant Qu\u00e9bec","url":"https:\/\/immigrantquebec.com\/fr\/","logo":{"@type":"ImageObject","inLanguage":"fr-FR","@id":"https:\/\/immigrantquebec.com\/fr\/#\/schema\/logo\/image\/","url":"https:\/\/immigrantquebec.com\/fr\/wp-content\/uploads\/2024\/03\/LogoIQ-2024-RVB.png","contentUrl":"https:\/\/immigrantquebec.com\/fr\/wp-content\/uploads\/2024\/03\/LogoIQ-2024-RVB.png","width":2500,"height":1137,"caption":"Immigrant Qu\u00e9bec"},"image":{"@id":"https:\/\/immigrantquebec.com\/fr\/#\/schema\/logo\/image\/"},"sameAs":["https:\/\/www.facebook.com\/immigrantquebec","https:\/\/x.com\/ImmigrantQuebec","https:\/\/www.instagram.com\/immigrantquebec","https:\/\/www.youtube.com\/user\/ImmigrantQc"]},{"@type":"Person","@id":"https:\/\/immigrantquebec.com\/fr\/#\/schema\/person\/c370adb8e51f43af0961c4e2fffca023","name":"Camille Teste","image":{"@type":"ImageObject","inLanguage":"fr-FR","@id":"https:\/\/immigrantquebec.com\/fr\/wp-content\/uploads\/2022\/03\/camille-teste-96x96.jpeg","url":"https:\/\/immigrantquebec.com\/fr\/wp-content\/uploads\/2022\/03\/camille-teste-96x96.jpeg","contentUrl":"https:\/\/immigrantquebec.com\/fr\/wp-content\/uploads\/2022\/03\/camille-teste-96x96.jpeg","caption":"Camille Teste"},"description":"Dipl\u00f4m\u00e9e de Sciences Po Paris, Camille travaille comme journaliste depuis quatre ans, en presse \u00e9crite et \u00e0 la t\u00e9l\u00e9vision. Passionn\u00e9e par les voyages et par l'actualit\u00e9 internationale, Camille a travaill\u00e9 au Liban, au Royaume Uni, en France et au Maroc avant de s'installer \u00e0 Montr\u00e9al.","url":"https:\/\/immigrantquebec.com\/fr\/author\/camille-t\/"}]}},"_links":{"self":[{"href":"https:\/\/immigrantquebec.com\/fr\/wp-json\/wp\/v2\/posts\/6895","targetHints":{"allow":["GET"]}}],"collection":[{"href":"https:\/\/immigrantquebec.com\/fr\/wp-json\/wp\/v2\/posts"}],"about":[{"href":"https:\/\/immigrantquebec.com\/fr\/wp-json\/wp\/v2\/types\/post"}],"author":[{"embeddable":true,"href":"https:\/\/immigrantquebec.com\/fr\/wp-json\/wp\/v2\/users\/3468"}],"replies":[{"embeddable":true,"href":"https:\/\/immigrantquebec.com\/fr\/wp-json\/wp\/v2\/comments?post=6895"}],"version-history":[{"count":0,"href":"https:\/\/immigrantquebec.com\/fr\/wp-json\/wp\/v2\/posts\/6895\/revisions"}],"wp:featuredmedia":[{"embeddable":true,"href":"https:\/\/immigrantquebec.com\/fr\/wp-json\/wp\/v2\/media\/6896"}],"wp:attachment":[{"href":"https:\/\/immigrantquebec.com\/fr\/wp-json\/wp\/v2\/media?parent=6895"}],"wp:term":[{"taxonomy":"category","embeddable":true,"href":"https:\/\/immigrantquebec.com\/fr\/wp-json\/wp\/v2\/categories?post=6895"},{"taxonomy":"post_tag","embeddable":true,"href":"https:\/\/immigrantquebec.com\/fr\/wp-json\/wp\/v2\/tags?post=6895"}],"curies":[{"name":"wp","href":"https:\/\/api.w.org\/{rel}","templated":true}]}}