{"id":7568,"date":"2017-02-08T11:10:50","date_gmt":"2017-02-08T15:10:50","guid":{"rendered":"https:\/\/immigrantquebec.com\/?p=7568"},"modified":"2022-03-07T09:12:17","modified_gmt":"2022-03-07T13:12:17","slug":"la-reconnaissance-des-acquis-et-des-competences-rac","status":"publish","type":"post","link":"https:\/\/immigrantquebec.com\/fr\/conseils-d-experts\/la-reconnaissance-des-acquis-et-des-competences-rac\/","title":{"rendered":"La Reconnaissance des acquis et des comp\u00e9tences (RAC)"},"content":{"rendered":"<p>La Reconnaissance des acquis et des comp\u00e9tences est une d\u00e9marche individualis\u00e9e qui permet \u00e0 une personne ayant acquis des comp\u00e9tences dans un cadre scolaire, professionnel ou m\u00eame personnel, au Qu\u00e9bec ou ailleurs, d\u2019obtenir un dipl\u00f4me.<\/p>\n<h2><strong>T\u00e9moignage de Pedro Perez-Encina, titulaire d\u2019une AEC en <em>Comptabilit\u00e9 financi\u00e8re informatis\u00e9e <\/em>acquise dans une d\u00e9marche RAC<\/strong><\/h2>\n<p>\u00ab J&rsquo;\u00e9tais \u00e0 la recherche d&#8217;emploi. Apr\u00e8s plusieurs entrevues infructueuses, je me suis rendu compte qu&rsquo;il me manquait certaines comp\u00e9tences tr\u00e8s demand\u00e9es par les employeurs. Je me suis donc inscrit dans une d\u00e9marche RAC afin de compl\u00e9ter une Attestation d\u2019\u00e9tudes coll\u00e9giales (AEC) en <em>Comptabilit\u00e9 financi\u00e8re informatis\u00e9e<\/em>. Cela m&rsquo;a donn\u00e9 tous les outils n\u00e9cessaires pour compl\u00e9ter ma formation. Apr\u00e8s deux semaines de recherche de stage, j\u2019ai trouv\u00e9 5 cabinets pr\u00eats \u00e0 m\u2019accueillir. J\u2019ai choisi un cabinet d\u2019auditeurs et j\u2019ai \u00e9t\u00e9 embauch\u00e9 par la suite (ma premi\u00e8re exp\u00e9rience canadienne ! ).<\/p>\n<p>J\u2019ai \u00e9t\u00e9 agr\u00e9ablement surpris de la qualit\u00e9 de l\u2019enseignement, de l\u2019accompagnement personnalis\u00e9, de mon exp\u00e9rience en g\u00e9n\u00e9ral au C\u00e9gep. La formation en d\u00e9marche RAC est adapt\u00e9e aux r\u00e9alit\u00e9s de l\u2019emploi. Les enseignants r\u00e9p\u00e9taient : \u00ab Lorsque vous commencerez \u00e0 travailler, vous travaillerez de cette mani\u00e8re et votre patron sera content \u00bb. Ils avaient raison. Je recommande fortement la d\u00e9marche de Reconnaissance des acquis (RAC) au <a href=\"http:\/\/www.claurendeau.qc.ca\/rac\" target=\"_blank\" rel=\"noopener\">C\u00e9gep Andr\u00e9-Laurendeau<\/a>, un \u00e9tablissement reconnu pour la qualit\u00e9 de son enseignement. \u00bb<\/p>\n<h2><strong>Les avantages de la RAC<\/strong><\/h2>\n<p>La RAC comporte plusieurs avantages :<\/p>\n<p>\u00b7 Obtenir un dipl\u00f4me officiel dans son champ d\u2019expertise, soit une <em>attestation d\u2019\u00e9tudes coll\u00e9giales<\/em> (AEC) ou un <em>dipl\u00f4me d\u2019\u00e9tudes coll\u00e9giales<\/em> (DEC)<\/p>\n<p>\u00b7 Valoriser ses comp\u00e9tences acquises au Qu\u00e9bec ou \u00e0 l\u2019\u00e9tranger<\/p>\n<p>\u00b7 Faciliter son int\u00e9gration sur le march\u00e9 du travail<\/p>\n<p>\u00b7 Am\u00e9liorer ses conditions de travail<\/p>\n<p>\u00b7 Acc\u00e9der \u00e0 des postes sup\u00e9rieurs, pour les candidats en emploi<\/p>\n<p>\u00b7 Se conformer aux exigences des postes et \u00e0 la nomenclature reconnue<\/p>\n<p>\u00b7 Pouvoir poursuivre son travail tout en \u00e9tudiant avec un horaire adapt\u00e9<\/p>\n<p>N\u2019h\u00e9sitez pas \u00e0 contacter au (514) 364-3320 poste 6300 ou \u00e9crivez \u00e0 : <a href=\"mailto:secretaire.rac@claurendeau.qc.ca\">secretaire.rac@claurendeau.qc.ca<\/a><\/p>\n","protected":false},"excerpt":{"rendered":"<p>La Reconnaissance des acquis et des comp\u00e9tences est une d\u00e9marche individualis\u00e9e qui permet \u00e0 une personne ayant acquis des comp\u00e9tences dans un cadre scolaire, professionnel ou m\u00eame personnel, au Qu\u00e9bec ou ailleurs, d\u2019obtenir un dipl\u00f4me. T\u00e9moignage de Pedro Perez-Encina, titulaire d\u2019une AEC en Comptabilit\u00e9 financi\u00e8re informatis\u00e9e acquise dans une d\u00e9marche RAC \u00ab J&rsquo;\u00e9tais \u00e0 la [&hellip;]<\/p>\n","protected":false},"author":3483,"featured_media":7569,"comment_status":"closed","ping_status":"closed","sticky":false,"template":"","format":"standard","meta":{"_acf_changed":false,"_genesis_hide_title":false,"_genesis_hide_breadcrumbs":false,"_genesis_hide_singular_image":false,"_genesis_hide_footer_widgets":false,"_genesis_custom_body_class":"","_genesis_custom_post_class":"","_genesis_layout":"","footnotes":""},"categories":[103],"tags":[],"class_list":{"0":"post-7568","1":"post","2":"type-post","3":"status-publish","4":"format-standard","5":"has-post-thumbnail","7":"category-conseils-d-experts","8":"entry"},"acf":[],"yoast_head":"<!-- This site is optimized with the Yoast SEO plugin v27.5 - https:\/\/yoast.com\/product\/yoast-seo-wordpress\/ -->\n<title>La Reconnaissance des acquis et des comp\u00e9tences (RAC) - Immigrant Qu\u00e9bec<\/title>\n<meta name=\"robots\" content=\"index, follow, max-snippet:-1, max-image-preview:large, max-video-preview:-1\" \/>\n<link rel=\"canonical\" href=\"https:\/\/immigrantquebec.com\/fr\/conseils-d-experts\/la-reconnaissance-des-acquis-et-des-competences-rac\/\" \/>\n<meta property=\"og:locale\" content=\"fr_FR\" \/>\n<meta property=\"og:type\" content=\"article\" \/>\n<meta property=\"og:title\" content=\"La Reconnaissance des acquis et des comp\u00e9tences (RAC) - Immigrant Qu\u00e9bec\" \/>\n<meta property=\"og:description\" content=\"La Reconnaissance des acquis et des comp\u00e9tences est une d\u00e9marche individualis\u00e9e qui permet \u00e0 une personne ayant acquis des comp\u00e9tences dans un cadre scolaire, professionnel ou m\u00eame personnel, au Qu\u00e9bec ou ailleurs, d\u2019obtenir un dipl\u00f4me. T\u00e9moignage de Pedro Perez-Encina, titulaire d\u2019une AEC en Comptabilit\u00e9 financi\u00e8re informatis\u00e9e acquise dans une d\u00e9marche RAC \u00ab J&rsquo;\u00e9tais \u00e0 la [&hellip;]\" \/>\n<meta property=\"og:url\" content=\"https:\/\/immigrantquebec.com\/fr\/conseils-d-experts\/la-reconnaissance-des-acquis-et-des-competences-rac\/\" \/>\n<meta property=\"og:site_name\" content=\"Immigrant Qu\u00e9bec\" \/>\n<meta property=\"article:publisher\" content=\"https:\/\/www.facebook.com\/immigrantquebec\" \/>\n<meta property=\"article:published_time\" content=\"2017-02-08T15:10:50+00:00\" \/>\n<meta property=\"article:modified_time\" content=\"2022-03-07T13:12:17+00:00\" \/>\n<meta property=\"og:image\" content=\"https:\/\/immigrantquebec.com\/fr\/wp-content\/uploads\/2022\/01\/30587bb7-f979-4156-9c0f-f835e3c050b0.png\" \/>\n\t<meta property=\"og:image:width\" content=\"950\" \/>\n\t<meta property=\"og:image:height\" content=\"400\" \/>\n\t<meta property=\"og:image:type\" content=\"image\/png\" \/>\n<meta name=\"author\" content=\"Cegep Andr\u00e9 Laurendeau\" \/>\n<meta name=\"twitter:label1\" content=\"\u00c9crit par\" \/>\n\t<meta name=\"twitter:data1\" content=\"Cegep Andr\u00e9 Laurendeau\" \/>\n\t<meta name=\"twitter:label2\" content=\"Dur\u00e9e de lecture estim\u00e9e\" \/>\n\t<meta name=\"twitter:data2\" content=\"2 minutes\" \/>\n<script type=\"application\/ld+json\" class=\"yoast-schema-graph\">{\"@context\":\"https:\\\/\\\/schema.org\",\"@graph\":[{\"@type\":\"Article\",\"@id\":\"https:\\\/\\\/immigrantquebec.com\\\/fr\\\/conseils-d-experts\\\/la-reconnaissance-des-acquis-et-des-competences-rac\\\/#article\",\"isPartOf\":{\"@id\":\"https:\\\/\\\/immigrantquebec.com\\\/fr\\\/conseils-d-experts\\\/la-reconnaissance-des-acquis-et-des-competences-rac\\\/\"},\"author\":{\"name\":\"Cegep Andr\u00e9 Laurendeau\",\"@id\":\"https:\\\/\\\/immigrantquebec.com\\\/fr\\\/#\\\/schema\\\/person\\\/0343fb8e4d652ee94e19fb88f6e7ef0d\"},\"headline\":\"La Reconnaissance des acquis et des comp\u00e9tences (RAC)\",\"datePublished\":\"2017-02-08T15:10:50+00:00\",\"dateModified\":\"2022-03-07T13:12:17+00:00\",\"mainEntityOfPage\":{\"@id\":\"https:\\\/\\\/immigrantquebec.com\\\/fr\\\/conseils-d-experts\\\/la-reconnaissance-des-acquis-et-des-competences-rac\\\/\"},\"wordCount\":381,\"publisher\":{\"@id\":\"https:\\\/\\\/immigrantquebec.com\\\/fr\\\/#organization\"},\"image\":{\"@id\":\"https:\\\/\\\/immigrantquebec.com\\\/fr\\\/conseils-d-experts\\\/la-reconnaissance-des-acquis-et-des-competences-rac\\\/#primaryimage\"},\"thumbnailUrl\":\"https:\\\/\\\/immigrantquebec.com\\\/fr\\\/wp-content\\\/uploads\\\/2022\\\/01\\\/30587bb7-f979-4156-9c0f-f835e3c050b0.png\",\"articleSection\":[\"Conseils d'experts\"],\"inLanguage\":\"fr-FR\"},{\"@type\":\"WebPage\",\"@id\":\"https:\\\/\\\/immigrantquebec.com\\\/fr\\\/conseils-d-experts\\\/la-reconnaissance-des-acquis-et-des-competences-rac\\\/\",\"url\":\"https:\\\/\\\/immigrantquebec.com\\\/fr\\\/conseils-d-experts\\\/la-reconnaissance-des-acquis-et-des-competences-rac\\\/\",\"name\":\"La Reconnaissance des acquis et des comp\u00e9tences (RAC) - Immigrant Qu\u00e9bec\",\"isPartOf\":{\"@id\":\"https:\\\/\\\/immigrantquebec.com\\\/fr\\\/#website\"},\"primaryImageOfPage\":{\"@id\":\"https:\\\/\\\/immigrantquebec.com\\\/fr\\\/conseils-d-experts\\\/la-reconnaissance-des-acquis-et-des-competences-rac\\\/#primaryimage\"},\"image\":{\"@id\":\"https:\\\/\\\/immigrantquebec.com\\\/fr\\\/conseils-d-experts\\\/la-reconnaissance-des-acquis-et-des-competences-rac\\\/#primaryimage\"},\"thumbnailUrl\":\"https:\\\/\\\/immigrantquebec.com\\\/fr\\\/wp-content\\\/uploads\\\/2022\\\/01\\\/30587bb7-f979-4156-9c0f-f835e3c050b0.png\",\"datePublished\":\"2017-02-08T15:10:50+00:00\",\"dateModified\":\"2022-03-07T13:12:17+00:00\",\"breadcrumb\":{\"@id\":\"https:\\\/\\\/immigrantquebec.com\\\/fr\\\/conseils-d-experts\\\/la-reconnaissance-des-acquis-et-des-competences-rac\\\/#breadcrumb\"},\"inLanguage\":\"fr-FR\",\"potentialAction\":[{\"@type\":\"ReadAction\",\"target\":[\"https:\\\/\\\/immigrantquebec.com\\\/fr\\\/conseils-d-experts\\\/la-reconnaissance-des-acquis-et-des-competences-rac\\\/\"]}]},{\"@type\":\"ImageObject\",\"inLanguage\":\"fr-FR\",\"@id\":\"https:\\\/\\\/immigrantquebec.com\\\/fr\\\/conseils-d-experts\\\/la-reconnaissance-des-acquis-et-des-competences-rac\\\/#primaryimage\",\"url\":\"https:\\\/\\\/immigrantquebec.com\\\/fr\\\/wp-content\\\/uploads\\\/2022\\\/01\\\/30587bb7-f979-4156-9c0f-f835e3c050b0.png\",\"contentUrl\":\"https:\\\/\\\/immigrantquebec.com\\\/fr\\\/wp-content\\\/uploads\\\/2022\\\/01\\\/30587bb7-f979-4156-9c0f-f835e3c050b0.png\",\"width\":950,\"height\":400},{\"@type\":\"BreadcrumbList\",\"@id\":\"https:\\\/\\\/immigrantquebec.com\\\/fr\\\/conseils-d-experts\\\/la-reconnaissance-des-acquis-et-des-competences-rac\\\/#breadcrumb\",\"itemListElement\":[{\"@type\":\"ListItem\",\"position\":1,\"name\":\"Accueil\",\"item\":\"https:\\\/\\\/immigrantquebec.com\\\/fr\\\/\"},{\"@type\":\"ListItem\",\"position\":2,\"name\":\"Conseils d'experts\",\"item\":\"https:\\\/\\\/immigrantquebec.com\\\/fr\\\/conseils-d-experts\\\/\"},{\"@type\":\"ListItem\",\"position\":3,\"name\":\"La Reconnaissance des acquis et des comp\u00e9tences (RAC)\"}]},{\"@type\":\"WebSite\",\"@id\":\"https:\\\/\\\/immigrantquebec.com\\\/fr\\\/#website\",\"url\":\"https:\\\/\\\/immigrantquebec.com\\\/fr\\\/\",\"name\":\"Immigrant Qu\u00e9bec\",\"description\":\"Immigrer, vivre, travailler et \u00e9tudier au Qu\u00e9bec, Canada\",\"publisher\":{\"@id\":\"https:\\\/\\\/immigrantquebec.com\\\/fr\\\/#organization\"},\"potentialAction\":[{\"@type\":\"SearchAction\",\"target\":{\"@type\":\"EntryPoint\",\"urlTemplate\":\"https:\\\/\\\/immigrantquebec.com\\\/fr\\\/?s={search_term_string}\"},\"query-input\":{\"@type\":\"PropertyValueSpecification\",\"valueRequired\":true,\"valueName\":\"search_term_string\"}}],\"inLanguage\":\"fr-FR\"},{\"@type\":\"Organization\",\"@id\":\"https:\\\/\\\/immigrantquebec.com\\\/fr\\\/#organization\",\"name\":\"Immigrant Qu\u00e9bec\",\"url\":\"https:\\\/\\\/immigrantquebec.com\\\/fr\\\/\",\"logo\":{\"@type\":\"ImageObject\",\"inLanguage\":\"fr-FR\",\"@id\":\"https:\\\/\\\/immigrantquebec.com\\\/fr\\\/#\\\/schema\\\/logo\\\/image\\\/\",\"url\":\"https:\\\/\\\/immigrantquebec.com\\\/fr\\\/wp-content\\\/uploads\\\/2024\\\/03\\\/LogoIQ-2024-RVB.png\",\"contentUrl\":\"https:\\\/\\\/immigrantquebec.com\\\/fr\\\/wp-content\\\/uploads\\\/2024\\\/03\\\/LogoIQ-2024-RVB.png\",\"width\":2500,\"height\":1137,\"caption\":\"Immigrant Qu\u00e9bec\"},\"image\":{\"@id\":\"https:\\\/\\\/immigrantquebec.com\\\/fr\\\/#\\\/schema\\\/logo\\\/image\\\/\"},\"sameAs\":[\"https:\\\/\\\/www.facebook.com\\\/immigrantquebec\",\"https:\\\/\\\/x.com\\\/ImmigrantQuebec\",\"https:\\\/\\\/www.instagram.com\\\/immigrantquebec\",\"https:\\\/\\\/www.youtube.com\\\/user\\\/ImmigrantQc\"]},{\"@type\":\"Person\",\"@id\":\"https:\\\/\\\/immigrantquebec.com\\\/fr\\\/#\\\/schema\\\/person\\\/0343fb8e4d652ee94e19fb88f6e7ef0d\",\"name\":\"Cegep Andr\u00e9 Laurendeau\",\"image\":{\"@type\":\"ImageObject\",\"inLanguage\":\"fr-FR\",\"@id\":\"https:\\\/\\\/immigrantquebec.com\\\/fr\\\/wp-content\\\/uploads\\\/2022\\\/03\\\/587be2b7-6ba3-4012-bcc4-b5191e13bc3d-96x96.jpeg\",\"url\":\"https:\\\/\\\/immigrantquebec.com\\\/fr\\\/wp-content\\\/uploads\\\/2022\\\/03\\\/587be2b7-6ba3-4012-bcc4-b5191e13bc3d-96x96.jpeg\",\"contentUrl\":\"https:\\\/\\\/immigrantquebec.com\\\/fr\\\/wp-content\\\/uploads\\\/2022\\\/03\\\/587be2b7-6ba3-4012-bcc4-b5191e13bc3d-96x96.jpeg\",\"caption\":\"Cegep Andr\u00e9 Laurendeau\"},\"description\":\"Fond\u00e9 en 1968, le C\u00e9gep Andr\u00e9-Laurendeau est un \u00e9tablissement d\u2019enseignement sup\u00e9rieur francophone situ\u00e9 \u00e0 LaSalle, dans le sud-ouest de Montr\u00e9al. Il offre des cours pour adultes.\",\"sameAs\":[\"https:\\\/\\\/www.claurendeau.qc.ca\\\/formations-continue\\\/secteurs-dactivite\\\/\"],\"url\":\"https:\\\/\\\/immigrantquebec.com\\\/fr\\\/author\\\/cegep-andre-laurendeau\\\/\"}]}<\/script>\n<!-- \/ Yoast SEO plugin. -->","yoast_head_json":{"title":"La Reconnaissance des acquis et des comp\u00e9tences (RAC) - Immigrant Qu\u00e9bec","robots":{"index":"index","follow":"follow","max-snippet":"max-snippet:-1","max-image-preview":"max-image-preview:large","max-video-preview":"max-video-preview:-1"},"canonical":"https:\/\/immigrantquebec.com\/fr\/conseils-d-experts\/la-reconnaissance-des-acquis-et-des-competences-rac\/","og_locale":"fr_FR","og_type":"article","og_title":"La Reconnaissance des acquis et des comp\u00e9tences (RAC) - Immigrant Qu\u00e9bec","og_description":"La Reconnaissance des acquis et des comp\u00e9tences est une d\u00e9marche individualis\u00e9e qui permet \u00e0 une personne ayant acquis des comp\u00e9tences dans un cadre scolaire, professionnel ou m\u00eame personnel, au Qu\u00e9bec ou ailleurs, d\u2019obtenir un dipl\u00f4me. T\u00e9moignage de Pedro Perez-Encina, titulaire d\u2019une AEC en Comptabilit\u00e9 financi\u00e8re informatis\u00e9e acquise dans une d\u00e9marche RAC \u00ab J&rsquo;\u00e9tais \u00e0 la [&hellip;]","og_url":"https:\/\/immigrantquebec.com\/fr\/conseils-d-experts\/la-reconnaissance-des-acquis-et-des-competences-rac\/","og_site_name":"Immigrant Qu\u00e9bec","article_publisher":"https:\/\/www.facebook.com\/immigrantquebec","article_published_time":"2017-02-08T15:10:50+00:00","article_modified_time":"2022-03-07T13:12:17+00:00","og_image":[{"width":950,"height":400,"url":"https:\/\/immigrantquebec.com\/fr\/wp-content\/uploads\/2022\/01\/30587bb7-f979-4156-9c0f-f835e3c050b0.png","type":"image\/png"}],"author":"Cegep Andr\u00e9 Laurendeau","twitter_misc":{"\u00c9crit par":"Cegep Andr\u00e9 Laurendeau","Dur\u00e9e de lecture estim\u00e9e":"2 minutes"},"schema":{"@context":"https:\/\/schema.org","@graph":[{"@type":"Article","@id":"https:\/\/immigrantquebec.com\/fr\/conseils-d-experts\/la-reconnaissance-des-acquis-et-des-competences-rac\/#article","isPartOf":{"@id":"https:\/\/immigrantquebec.com\/fr\/conseils-d-experts\/la-reconnaissance-des-acquis-et-des-competences-rac\/"},"author":{"name":"Cegep Andr\u00e9 Laurendeau","@id":"https:\/\/immigrantquebec.com\/fr\/#\/schema\/person\/0343fb8e4d652ee94e19fb88f6e7ef0d"},"headline":"La Reconnaissance des acquis et des comp\u00e9tences (RAC)","datePublished":"2017-02-08T15:10:50+00:00","dateModified":"2022-03-07T13:12:17+00:00","mainEntityOfPage":{"@id":"https:\/\/immigrantquebec.com\/fr\/conseils-d-experts\/la-reconnaissance-des-acquis-et-des-competences-rac\/"},"wordCount":381,"publisher":{"@id":"https:\/\/immigrantquebec.com\/fr\/#organization"},"image":{"@id":"https:\/\/immigrantquebec.com\/fr\/conseils-d-experts\/la-reconnaissance-des-acquis-et-des-competences-rac\/#primaryimage"},"thumbnailUrl":"https:\/\/immigrantquebec.com\/fr\/wp-content\/uploads\/2022\/01\/30587bb7-f979-4156-9c0f-f835e3c050b0.png","articleSection":["Conseils d'experts"],"inLanguage":"fr-FR"},{"@type":"WebPage","@id":"https:\/\/immigrantquebec.com\/fr\/conseils-d-experts\/la-reconnaissance-des-acquis-et-des-competences-rac\/","url":"https:\/\/immigrantquebec.com\/fr\/conseils-d-experts\/la-reconnaissance-des-acquis-et-des-competences-rac\/","name":"La Reconnaissance des acquis et des comp\u00e9tences (RAC) - Immigrant Qu\u00e9bec","isPartOf":{"@id":"https:\/\/immigrantquebec.com\/fr\/#website"},"primaryImageOfPage":{"@id":"https:\/\/immigrantquebec.com\/fr\/conseils-d-experts\/la-reconnaissance-des-acquis-et-des-competences-rac\/#primaryimage"},"image":{"@id":"https:\/\/immigrantquebec.com\/fr\/conseils-d-experts\/la-reconnaissance-des-acquis-et-des-competences-rac\/#primaryimage"},"thumbnailUrl":"https:\/\/immigrantquebec.com\/fr\/wp-content\/uploads\/2022\/01\/30587bb7-f979-4156-9c0f-f835e3c050b0.png","datePublished":"2017-02-08T15:10:50+00:00","dateModified":"2022-03-07T13:12:17+00:00","breadcrumb":{"@id":"https:\/\/immigrantquebec.com\/fr\/conseils-d-experts\/la-reconnaissance-des-acquis-et-des-competences-rac\/#breadcrumb"},"inLanguage":"fr-FR","potentialAction":[{"@type":"ReadAction","target":["https:\/\/immigrantquebec.com\/fr\/conseils-d-experts\/la-reconnaissance-des-acquis-et-des-competences-rac\/"]}]},{"@type":"ImageObject","inLanguage":"fr-FR","@id":"https:\/\/immigrantquebec.com\/fr\/conseils-d-experts\/la-reconnaissance-des-acquis-et-des-competences-rac\/#primaryimage","url":"https:\/\/immigrantquebec.com\/fr\/wp-content\/uploads\/2022\/01\/30587bb7-f979-4156-9c0f-f835e3c050b0.png","contentUrl":"https:\/\/immigrantquebec.com\/fr\/wp-content\/uploads\/2022\/01\/30587bb7-f979-4156-9c0f-f835e3c050b0.png","width":950,"height":400},{"@type":"BreadcrumbList","@id":"https:\/\/immigrantquebec.com\/fr\/conseils-d-experts\/la-reconnaissance-des-acquis-et-des-competences-rac\/#breadcrumb","itemListElement":[{"@type":"ListItem","position":1,"name":"Accueil","item":"https:\/\/immigrantquebec.com\/fr\/"},{"@type":"ListItem","position":2,"name":"Conseils d'experts","item":"https:\/\/immigrantquebec.com\/fr\/conseils-d-experts\/"},{"@type":"ListItem","position":3,"name":"La Reconnaissance des acquis et des comp\u00e9tences (RAC)"}]},{"@type":"WebSite","@id":"https:\/\/immigrantquebec.com\/fr\/#website","url":"https:\/\/immigrantquebec.com\/fr\/","name":"Immigrant Qu\u00e9bec","description":"Immigrer, vivre, travailler et \u00e9tudier au Qu\u00e9bec, Canada","publisher":{"@id":"https:\/\/immigrantquebec.com\/fr\/#organization"},"potentialAction":[{"@type":"SearchAction","target":{"@type":"EntryPoint","urlTemplate":"https:\/\/immigrantquebec.com\/fr\/?s={search_term_string}"},"query-input":{"@type":"PropertyValueSpecification","valueRequired":true,"valueName":"search_term_string"}}],"inLanguage":"fr-FR"},{"@type":"Organization","@id":"https:\/\/immigrantquebec.com\/fr\/#organization","name":"Immigrant Qu\u00e9bec","url":"https:\/\/immigrantquebec.com\/fr\/","logo":{"@type":"ImageObject","inLanguage":"fr-FR","@id":"https:\/\/immigrantquebec.com\/fr\/#\/schema\/logo\/image\/","url":"https:\/\/immigrantquebec.com\/fr\/wp-content\/uploads\/2024\/03\/LogoIQ-2024-RVB.png","contentUrl":"https:\/\/immigrantquebec.com\/fr\/wp-content\/uploads\/2024\/03\/LogoIQ-2024-RVB.png","width":2500,"height":1137,"caption":"Immigrant Qu\u00e9bec"},"image":{"@id":"https:\/\/immigrantquebec.com\/fr\/#\/schema\/logo\/image\/"},"sameAs":["https:\/\/www.facebook.com\/immigrantquebec","https:\/\/x.com\/ImmigrantQuebec","https:\/\/www.instagram.com\/immigrantquebec","https:\/\/www.youtube.com\/user\/ImmigrantQc"]},{"@type":"Person","@id":"https:\/\/immigrantquebec.com\/fr\/#\/schema\/person\/0343fb8e4d652ee94e19fb88f6e7ef0d","name":"Cegep Andr\u00e9 Laurendeau","image":{"@type":"ImageObject","inLanguage":"fr-FR","@id":"https:\/\/immigrantquebec.com\/fr\/wp-content\/uploads\/2022\/03\/587be2b7-6ba3-4012-bcc4-b5191e13bc3d-96x96.jpeg","url":"https:\/\/immigrantquebec.com\/fr\/wp-content\/uploads\/2022\/03\/587be2b7-6ba3-4012-bcc4-b5191e13bc3d-96x96.jpeg","contentUrl":"https:\/\/immigrantquebec.com\/fr\/wp-content\/uploads\/2022\/03\/587be2b7-6ba3-4012-bcc4-b5191e13bc3d-96x96.jpeg","caption":"Cegep Andr\u00e9 Laurendeau"},"description":"Fond\u00e9 en 1968, le C\u00e9gep Andr\u00e9-Laurendeau est un \u00e9tablissement d\u2019enseignement sup\u00e9rieur francophone situ\u00e9 \u00e0 LaSalle, dans le sud-ouest de Montr\u00e9al. Il offre des cours pour adultes.","sameAs":["https:\/\/www.claurendeau.qc.ca\/formations-continue\/secteurs-dactivite\/"],"url":"https:\/\/immigrantquebec.com\/fr\/author\/cegep-andre-laurendeau\/"}]}},"_links":{"self":[{"href":"https:\/\/immigrantquebec.com\/fr\/wp-json\/wp\/v2\/posts\/7568","targetHints":{"allow":["GET"]}}],"collection":[{"href":"https:\/\/immigrantquebec.com\/fr\/wp-json\/wp\/v2\/posts"}],"about":[{"href":"https:\/\/immigrantquebec.com\/fr\/wp-json\/wp\/v2\/types\/post"}],"author":[{"embeddable":true,"href":"https:\/\/immigrantquebec.com\/fr\/wp-json\/wp\/v2\/users\/3483"}],"replies":[{"embeddable":true,"href":"https:\/\/immigrantquebec.com\/fr\/wp-json\/wp\/v2\/comments?post=7568"}],"version-history":[{"count":0,"href":"https:\/\/immigrantquebec.com\/fr\/wp-json\/wp\/v2\/posts\/7568\/revisions"}],"wp:featuredmedia":[{"embeddable":true,"href":"https:\/\/immigrantquebec.com\/fr\/wp-json\/wp\/v2\/media\/7569"}],"wp:attachment":[{"href":"https:\/\/immigrantquebec.com\/fr\/wp-json\/wp\/v2\/media?parent=7568"}],"wp:term":[{"taxonomy":"category","embeddable":true,"href":"https:\/\/immigrantquebec.com\/fr\/wp-json\/wp\/v2\/categories?post=7568"},{"taxonomy":"post_tag","embeddable":true,"href":"https:\/\/immigrantquebec.com\/fr\/wp-json\/wp\/v2\/tags?post=7568"}],"curies":[{"name":"wp","href":"https:\/\/api.w.org\/{rel}","templated":true}]}}